{"id":1028,"date":"2025-05-29T16:08:51","date_gmt":"2025-05-29T14:08:51","guid":{"rendered":"https:\/\/egercoach.hu\/blog\/?p=1028"},"modified":"2025-10-12T07:40:56","modified_gmt":"2025-10-12T05:40:56","slug":"miert-karos-a-mikromenedzsment","status":"publish","type":"post","link":"https:\/\/egercoach.hu\/blog\/miert-karos-a-mikromenedzsment\/","title":{"rendered":"Mi\u00e9rt k\u00e1ros a mikromenedzsment?"},"content":{"rendered":"<p>Ha a napt\u00e1rad tele van 15 perces \u201echeck-in\u201d megbesz\u00e9l\u00e9sekkel, a csapat pedig l\u00e1that\u00f3an v\u00e1rja a j\u00f3v\u00e1hagy\u00e1sod m\u00e9g apr\u00f3 d\u00f6nt\u00e9sekben is, akkor nem hat\u00e9kony vagy \u2014 hanem t\u00falterhelt. A mikromenedzsment nem csup\u00e1n rossz szok\u00e1s, hanem olyan m\u0171k\u00f6d\u00e9sm\u00f3d, amely lass\u00edtja a szervezetet, gyeng\u00edti a motiv\u00e1ci\u00f3t \u00e9s elapr\u00f3zza a vezet\u0151i f\u00f3kuszt. A felsz\u00ednen gyakran \u201emin\u0151s\u00e9gbiztos\u00edt\u00e1snak\u201d t\u0171nik, a val\u00f3s\u00e1gban viszont t\u00fal s\u0171r\u0171 ellen\u0151rz\u00e9si pontok, alacsony felhatalmaz\u00e1s \u00e9s t\u00falbiztos\u00edtott folyamatok elegye. E cikk c\u00e9lja, hogy tiszt\u00e1n, pszichol\u00f3giai \u00e9s menedzsment-szempontb\u00f3l, gyakorlatias nyelven mutassa meg: mi\u00e9rt \u00e9rdemes abbahagyni a mikromenedzsel\u00e9st, \u00e9s mivel \u00e9rdemes helyettes\u00edteni. Nem misztifik\u00e1lunk. A vezet\u00e9s tanulhat\u00f3 k\u00e9szs\u00e9gek sorozata: c\u00e9lkit\u0171z\u00e9s, deleg\u00e1l\u00e1s, visszajelz\u00e9s, d\u00f6nt\u00e9shozatal, kapacit\u00e1smenedzsment. A mikromenedzsment mindegyiket torz\u00edtja, ez\u00e9rt nem \u201ekis probl\u00e9ma\u201d, hanem a teljes\u00edtm\u00e9ny szisztematikus kock\u00e1zata. Olvas\u00f3k\u00e9nt sz\u00e1m\u00edthatsz m\u0171k\u00f6d\u0151 elvekre, konkr\u00e9t eszk\u00f6z\u00f6kre \u00e9s egy bevezethet\u0151 deleg\u00e1l\u00e1si keretrendszerre. A v\u00e9g\u00e9n \u00f6ssze\u00e1ll egy olyan minim\u00e1lis megold\u00e1sk\u00e9szlet, amely b\u00e1rmely ipar\u00e1gban haszn\u00e1lhat\u00f3 \u2014 \u00e9s amelyet a saj\u00e1t csapatodra szabva m\u00e9g ma elkezdhetsz alkalmazni.<\/p>\n<h2>Mi a mikromenedzsment?<\/h2>\n<p>A mikromenedzsment az a vezet\u0151i gyakorlat, amikor a folyamatok \u00e9s feladatok operat\u00edv elemeibe tart\u00f3san \u00e9s sz\u00fcks\u00e9gtelen m\u00e9lys\u00e9gben avatkozol be. Tipikus jelek: gyakori ad-hoc st\u00e1tuszlek\u00e9r\u00e9sek, apr\u00f3l\u00e9kos formai kifog\u00e1sok \u00e9rdemi tartalmi k\u00e9rd\u00e9sek helyett, el\u0151rehalad\u00e1st f\u00e9kez\u0151 \u201eenged\u00e9lyk\u00f6r\u00f6k\u201d, d\u00f6nt\u00e9si jogk\u00f6r\u00f6k tiszt\u00e1zatlans\u00e1ga, illetve az a helyzet, amikor a csapat tagjai m\u00e1r reflexb\u0151l k\u00e9rnek j\u00f3v\u00e1hagy\u00e1st olyan \u00fcgyekben is, amelyekhez megvan a kompetenci\u00e1juk \u00e9s inform\u00e1ci\u00f3juk. Fontos k\u00fcl\u00f6nbs\u00e9get tenni a min\u0151s\u00e9gir\u00e1ny\u00edt\u00e1s \u00e9s a mikromenedzsment k\u00f6z\u00f6tt: el\u0151bbi a kimenetekre f\u00f3kusz\u00e1l (defin\u00edci\u00f3k, m\u00e9r\u0151sz\u00e1mok, ellen\u0151rz\u00e9si ritmus), ut\u00f3bbi a m\u00f3dszerekre (hogyan l\u00e9pjen a munkat\u00e1rs, milyen eszk\u00f6zzel, milyen sorrendben). A mikromenedzsment r\u00f6vid t\u00e1von biztons\u00e1g\u00e9rzetet kelthet a vezet\u0151ben (\u201emindenr\u0151l tudok\u201d), de k\u00f6zben erod\u00e1lja az auton\u00f3mi\u00e1t, ez\u00e9rt romlik az \u00f6nhat\u00e9konys\u00e1g \u00e9s a bels\u0151 motiv\u00e1ci\u00f3. Hosszabb t\u00e1von ebb\u0151l passzivit\u00e1s, halogat\u00e1s \u00e9s rejtett ellen\u00e1ll\u00e1s lesz. A rendszer ered\u0151je: lassabb d\u00f6nt\u00e9sek, t\u00f6bb \u00fajrakezd\u00e9s, gyeng\u00fcl\u0151 felel\u0151ss\u00e9gv\u00e1llal\u00e1s. A mikromenedzsment nem \u201eszigor\u00fas\u00e1g\u201d, hanem struktur\u00e1lis f\u00e9lre\u00e1ll\u00edt\u00e1s: a vezet\u0151 az ir\u00e1ny helyett a kivitelez\u00e9sben reked meg, \u00edgy senki nem a saj\u00e1t legnagyobb hozz\u00e1adott \u00e9rt\u00e9k\u00e9n dolgozik.<\/p>\n<h2>A mikromenedzsment l\u00e9lektana<\/h2>\n<p>A mikromenedzsel\u0151 magatart\u00e1s m\u00f6g\u00f6tt ritk\u00e1n rosszindulat, gyakrabban szorong\u00e1s, t\u00falzott kock\u00e1zatker\u00fcl\u00e9s \u00e9s kontrollig\u00e9ny \u00e1ll. Ha el\u00e9gszer \u00e9lt\u00e9l \u00e1t v\u00e1ratlan min\u0151s\u00e9gi hib\u00e1t vagy \u00fcgyf\u00e9lpanaszt, k\u00f6nnyen kialakul a \u201ecsak akkor lesz j\u00f3, ha \u00e9n csin\u00e1lom \/ ha rajtam megy \u00e1t\u201d hiedelem. Ez a minta m\u0171k\u00f6dhet \u00e1tmeneti kr\u00edzisben, de norm\u00e1l \u00fczemben tart\u00f3s k\u00e1rokat okoz: kif\u00e1rasztja a vezet\u0151t, a csapattagokat pedig f\u00fcgg\u0151 poz\u00edci\u00f3ba tolja. Pszichol\u00f3giai szinten k\u00e9t jelens\u00e9g fut egyszerre: egyr\u00e9szt az \u00f6nhat\u00e9konys\u00e1g (k\u00e9pes vagyok r\u00e1) cs\u00f6kken\u00e9se a munkat\u00e1rsn\u00e1l, m\u00e1sr\u00e9szt a vezet\u0151 \u201ehelyettes kontroll\u201d strat\u00e9gi\u00e1ja, amelyben a bizonytalans\u00e1g \u00e9rz\u00e9s\u00e9t r\u00e9szletekbe mer\u00fcl\u00e9ssel pr\u00f3b\u00e1lja csillap\u00edtani. Az eredm\u00e9ny paradox: t\u00f6bb inform\u00e1ci\u00f3val rendelkezik, m\u00e9gis kev\u00e9sb\u00e9 k\u00e9pes d\u00f6nteni, mert az apr\u00f3 r\u00e9szletek elnyomj\u00e1k a l\u00e9nyeges jeleket. A mikromenedzsment m\u00e1sik hajt\u00f3ereje lehet a t\u00falzott perfekcionizmus: a kiv\u00e1l\u00f3 min\u0151s\u00e9g \u00e9rt\u00e9k, de ha a \u201ehib\u00e1tlan\u201d v\u00e1lik alapelvv\u00e9, a csapat nem tanul\u00e1si, hanem elker\u00fcl\u00e9si m\u00f3dban m\u0171k\u00f6dik. Amikor nincs megengedve a k\u00eds\u00e9rletez\u00e9s \u00e9s a jav\u00edt\u00e1s, kreativit\u00e1s helyett megfelel\u00e9s sz\u00fcletik \u2014 \u00e9s ezzel egy\u00fctt elv\u00e9sz az innov\u00e1ci\u00f3.<\/p>\n<h2>K\u00f6vetkezm\u00e9nyek a teljes\u00edtm\u00e9nyre \u00e9s a kult\u00far\u00e1ra<\/h2>\n<p>A mikromenedzsment k\u00f6lts\u00e9ge els\u0151sorban rejtett: id\u0151, figyelem \u00e9s mor\u00e1l form\u00e1j\u00e1ban jelenik meg. A vezet\u0151 kapacit\u00e1sa elapr\u00f3z\u00f3dik, kevesebb strat\u00e9giai energi\u00e1ja marad piacra l\u00e9p\u00e9sre, term\u00e9kfejleszt\u00e9sre vagy tehets\u00e9gmenedzsmentre. A csapat oldal\u00e1n a t\u00falzott kontroll el\u0151sz\u00f6r motiv\u00e1ci\u00f3cs\u00f6kken\u00e9sk\u00e9nt, k\u00e9s\u0151bb fluktu\u00e1ci\u00f3k\u00e9nt jelentkezik. A legjobb koll\u00e9g\u00e1k azok, akik k\u00e9pesek \u00f6n\u00e1ll\u00f3an \u00e9rt\u00e9ket teremteni; ha ezt a rendszer k\u00f6vetkezetesen visszav\u00e1gja, \u00faj j\u00e1tsz\u00f3teret keresnek. Kultur\u00e1lisan megjelenik az \u201eengedd \u00e1t a vezet\u0151nek\u201d reflex: a kock\u00e1zatosnak \u00e9rzett d\u00f6nt\u00e9seket a dolgoz\u00f3k felfel\u00e9 tolj\u00e1k, ezzel tov\u00e1bb terhelve a vezet\u0151t. A teljes\u00edtm\u00e9ny roml\u00e1sa ilyenkor k\u00e9zzelfoghat\u00f3: elmarad\u00f3 hat\u00e1rid\u0151k, \u201evisszapattan\u00f3\u201d feladatok, sorozatos \u00fajratervez\u00e9s. Reput\u00e1ci\u00f3s kock\u00e1zat is keletkezik: a szervezetr\u0151l az a k\u00e9p alakul ki, hogy lass\u00fa \u00e9s neh\u00e9zkes, \u00edgy a partnerek \u00e9s a jel\u00f6ltek kev\u00e9sb\u00e9 vonz\u00f3dnak hozz\u00e1. A beavatkoz\u00e1s c\u00e9lja \u00e1ltal\u00e1ban a min\u0151s\u00e9gemel\u00e9s, a v\u00e9geredm\u00e9ny m\u00e9gis min\u0151s\u00e9groml\u00e1s: mert a stabil, ism\u00e9telhet\u0151 sz\u00ednvonalat nem a s\u0171r\u0171 kontroll, hanem a vil\u00e1gos c\u00e9lok, a j\u00f3l defini\u00e1lt m\u00e9rc\u00e9k \u00e9s a tanul\u00e1si mechanizmusok adj\u00e1k.<\/p>\n<h2>Mi\u00e9rt neh\u00e9z abbahagyni?<\/h2>\n<p>H\u00e1rom ok miatt ragad be a mikromenedzsment. El\u0151sz\u00f6r: pozit\u00edv visszacsatol\u00e1s. Ha egy-egy beavatkoz\u00e1s ut\u00e1n t\u00e9nyleg javul valami, k\u00f6nny\u0171 azt hinni, hogy a \u201et\u00f6bb kontroll = jobb eredm\u00e9ny\u201d k\u00e9plet \u00e1ltal\u00e1nosan igaz. Ez azonban legt\u00f6bbsz\u00f6r t\u00fcneti javul\u00e1s. M\u00e1sodszor: identit\u00e1s. Sok vezet\u0151 a \u201ebeavatkoz\u00f3 probl\u00e9mamegold\u00f3\u201d szerepben szerzi az elismer\u00e9st; ennek elenged\u00e9se \u00e9rzelmileg neh\u00e9z. Harmadszor: rendszerszint\u0171 hi\u00e1nyok. Ha a c\u00e9lok hom\u00e1lyosak, a d\u00f6nt\u00e9si jogk\u00f6r\u00f6k nincsenek tiszt\u00e1zva, a m\u00e9r\u0151sz\u00e1mok pedig nem m\u00e9rik azt, amit kell, a vezet\u0151nek t\u00e9nyleg kev\u00e9s eszk\u00f6ze marad \u2014 \u00e9s reflexb\u0151l a kontrollhoz ny\u00fal. Ezek a t\u00e9nyez\u0151k \u00f6sszead\u00f3dnak, \u00e9s kialakul egy \u00f6nfenntart\u00f3 k\u00f6r: a kontroll gyeng\u00edti a felel\u0151ss\u00e9gv\u00e1llal\u00e1st, a gyenge felel\u0151ss\u00e9gv\u00e1llal\u00e1s t\u00f6bb kontrollt \u201eig\u00e9nyel\u201d. A kil\u00e9p\u00e9shez ez\u00e9rt nem el\u00e9g \u201ekevesebbet belesz\u00f3lni\u201d: \u00faj vezet\u0151i m\u0171k\u00f6d\u00e9st \u00e9s \u00faj csapatnorm\u00e1kat kell \u00e9p\u00edteni. E cikk tov\u00e1bbi r\u00e9sze ehhez ad keretrendszert \u00e9s eszk\u00f6z\u00f6ket.<\/p>\n<h2>V\u00e1lt\u00e1si alapelvek \u00e9s els\u0151 l\u00e9p\u00e9sek<\/h2>\n<p>Az \u00e1t\u00e1ll\u00e1s nem egyik napr\u00f3l a m\u00e1sikra t\u00f6rt\u00e9nik. A fenntarthat\u00f3 v\u00e1lt\u00e1s h\u00e1rom pill\u00e9re: vil\u00e1gos c\u00e9lok \u00e9s m\u00e9rc\u00e9k, tiszta d\u00f6nt\u00e9si jogk\u00f6r\u00f6k, ritmikus visszajelz\u00e9s. Ezeket c\u00e9lszer\u0171 kieg\u00e9sz\u00edteni a vezet\u0151i \u00f6nreflexi\u00f3val \u00e9s a csapat norm\u00e1inak finomhangol\u00e1s\u00e1val. Az al\u00e1bbi ellen\u0151rz\u0151 lista kiindul\u00f3pontk\u00e9nt szolg\u00e1l: ha ezeken sorban v\u00e9gigm\u00e9sz, a mikromenedzsment tere besz\u0171k\u00fcl, a csapat \u00f6n\u00e1ll\u00f3s\u00e1ga pedig n\u0151.<\/p>\n<ul>\n<li><b>1. Kimeneti m\u00e9rce:<\/b> minden fut\u00f3 feladathoz legyen egy mondatban le\u00edrva a \u201emi sz\u00e1m\u00edt k\u00e9sznek\u201d defin\u00edci\u00f3.<\/li>\n<li><b>2. D\u00f6nt\u00e9si m\u00e1trix:<\/b> r\u00f6gz\u00edtsd, ki d\u00f6nt, kivel egyeztet, kit t\u00e1j\u00e9koztat (pl. RACI).<\/li>\n<li><b>3. Ellen\u0151rz\u00e9si ritmus:<\/b> ad-hoc k\u00e9rdezget\u00e9s helyett fix, ritk\u00e1bb st\u00e1tuszpontok.<\/li>\n<li><b>4. Emelt bizalom:<\/b> 30 napra pr\u00f3b\u00e1ld ki az \u201ealap\u00e9rtelmezett igen\u201d elvet a deleg\u00e1lt d\u00f6nt\u00e9sekn\u00e9l.<\/li>\n<li><b>5. Visszajelz\u00e9s-\u00fcgyn\u00f6ks\u00e9g:<\/b> a hib\u00e1kat tanul\u00e1si inputk\u00e9nt kezeld, ne b\u0171nbakkeres\u00e9sk\u00e9nt.<\/li>\n<li><b>6. Kapacit\u00e1sm\u00e9r\u00e9s:<\/b> re\u00e1lis terhel\u00e9smutat\u00f3k n\u00e9lk\u00fcl nem v\u00e1rhatsz \u00f6n\u00e1ll\u00f3s\u00e1got.<\/li>\n<li><b>7. Le\u00e1ll\u00edt\u00e1si jog:<\/b> adj explicit felhatalmaz\u00e1st, hogy kock\u00e1zat eset\u00e9n a csapat meg\u00e1ll\u00edthasson egy munk\u00e1t.<\/li>\n<li><b>8. Napirend-fegyelem:<\/b> strat\u00e9giai blokkok, zavar\u00e1smentes id\u0151ablakok a vezet\u0151nek.<\/li>\n<li><b>9. Tanul\u00e1si log:<\/b> r\u00f6gz\u00edtsd a k\u00eds\u00e9rletek tanuls\u00e1gait; a szervezet \u00edgy lesz \u201emem\u00f3ri\u00e1ja\u201d.<\/li>\n<\/ul>\n<blockquote><p>\u201eHa megosztod a felel\u0151ss\u00e9get, felszabad\u00edtod az emberek energi\u00e1j\u00e1t \u2014 \u00e9s a saj\u00e1todat is. A mikromenedzsment nem a min\u0151s\u00e9g bar\u00e1tja, hanem az id\u0151 tolvaja.\u201d \u2014 Dajka G\u00e1bor<\/p><\/blockquote>\n<h2>Eszk\u00f6z\u00f6k a mindennapi m\u0171k\u00f6d\u00e9shez<\/h2>\n<p>A szeml\u00e9letv\u00e1lt\u00e1st konkr\u00e9t eszk\u00f6z\u00f6k teszik tart\u00f3ss\u00e1. H\u00e1rom kateg\u00f3ri\u00e1ban gondolkodj: inform\u00e1ci\u00f3s \u00e1tl\u00e1that\u00f3s\u00e1g, d\u00f6nt\u00e9si \u00f6n\u00e1ll\u00f3s\u00e1g, fejleszt\u0151 visszajelz\u00e9s. Az inform\u00e1ci\u00f3s \u00e1tl\u00e1that\u00f3s\u00e1ghoz hasznos egy k\u00f6z\u00f6s feladatpanel (projektmenedzsment-rendszer), ahol a \u201ek\u00e9sz\u201d defin\u00edci\u00f3, a hat\u00e1rid\u0151 \u00e9s a felel\u0151s l\u00e1tszik. \u00cdgy a vezet\u0151nek nincs sz\u00fcks\u00e9ge k\u00f6zbe\u00e9kel\u0151d\u0151 kontrollk\u00f6r\u00f6kre, mert \u201epull\u201d alapon, b\u00e1rmikor megn\u00e9zheti az el\u0151rehalad\u00e1st. A d\u00f6nt\u00e9si \u00f6n\u00e1ll\u00f3s\u00e1g kerete a deleg\u00e1l\u00e1si szerz\u0151d\u00e9s: mit d\u00f6nt \u00f6n\u00e1ll\u00f3an a munkat\u00e1rs, mikor k\u00e9r egyeztet\u00e9st, mikor k\u00e9r j\u00f3v\u00e1hagy\u00e1st. Ezt c\u00e9lszer\u0171 szerepekhez (nem szem\u00e9lyekhez) k\u00f6tni. A fejleszt\u0151 visszajelz\u00e9s ritmusa legyen kisz\u00e1m\u00edthat\u00f3 (pl. k\u00e9theti, 30 perces one-on-one), \u00e9s f\u00f3kusz\u00e1ljon kimenetre, nem st\u00edlusra. Ha a vezet\u0151 m\u00e9gis belesz\u00f3l a \u201ehogyanba\u201d, tegye k\u00e9rd\u00e9s form\u00e1ban (\u201eMilyen opci\u00f3kat m\u00e9rlegelt\u00e9l?\u201d), ne utas\u00edt\u00e1sk\u00e9nt. V\u00e9g\u00fcl: alak\u00edts ki hibakezel\u00e9si protokollt. Nem az\u00e9rt, mert hib\u00e1k n\u00e9lk\u00fcl akarsz futni (nem fog menni), hanem hogy a hiba a lehet\u0151 legkevesebb k\u00e1rt okozza, \u00e9s maximum tanul\u00e1st hozzon.<\/p>\n<h2>Deleg\u00e1l\u00e1si keretrendszer \u2013 minta<\/h2>\n<p>Az al\u00e1bbi t\u00e1bl\u00e1zat egy gyorsteszt, amelyet projektszinten \u00e9rdemes kit\u00f6lteni. C\u00e9lja, hogy k\u00f6z\u00f6s k\u00e9pet adjon felel\u0151ss\u00e9gr\u0151l, d\u00f6nt\u00e9sr\u0151l, ellen\u0151rz\u00e9sr\u0151l \u00e9s kock\u00e1zatr\u00f3l. Egyszer\u0171, m\u00e9gis meglep\u0151en sok mikromenedzsment-helyzetet old fel azzal, hogy tiszt\u00e1zza a hat\u00e1rokat.<\/p>\n<table border=\"1\">\n<thead>\n<tr>\n<th>Tev\u00e9kenys\u00e9g<\/th>\n<th>D\u00f6nt\u00e9si jog<\/th>\n<th>\u201eK\u00e9sz\u201d defin\u00edci\u00f3<\/th>\n<th>Ellen\u0151rz\u00e9s ritmusa<\/th>\n<th>Kock\u00e1zati szint<\/th>\n<th>Visszajelz\u00e9s form\u00e1ja<\/th>\n<\/tr>\n<\/thead>\n<tbody>\n<tr>\n<td>Kamp\u00e1nyterv elk\u00e9sz\u00edt\u00e9se<\/td>\n<td>Marketing lead (\u00f6n\u00e1ll\u00f3)<\/td>\n<td>1 oldalas brief + \u00fctemterv<\/td>\n<td>K\u00e9theti st\u00e1tusz<\/td>\n<td>K\u00f6zepes<\/td>\n<td>30\u2019 one-on-one<\/td>\n<\/tr>\n<tr>\n<td>\u00c1rk\u00e9pz\u00e9si v\u00e1ltoztat\u00e1s<\/td>\n<td>Sales vezet\u0151 (egyeztet\u00e9s CFO-val)<\/td>\n<td>\u00c1rlista + hat\u00e1sbecsl\u00e9s<\/td>\n<td>Heti st\u00e1tusz<\/td>\n<td>Magas<\/td>\n<td>\u00cdr\u00e1sos d\u00f6nt\u00e9si jegyzet<\/td>\n<\/tr>\n<tr>\n<td>\u00dcgyf\u00e9lszolg\u00e1lati sablonok<\/td>\n<td>CS vezet\u0151 (j\u00f3v\u00e1hagy\u00e1s n\u00e9lk\u00fcl)<\/td>\n<td>QA-ellen\u0151rz\u00f6tt sz\u00f6vegek<\/td>\n<td>Havi fel\u00fclvizsg\u00e1lat<\/td>\n<td>Alacsony<\/td>\n<td>K\u00f6z\u00f6s dokumentum-megtekint\u00e9s<\/td>\n<\/tr>\n<\/tbody>\n<\/table>\n<h2>\u00d6nszervez\u0151d\u0151 csapatok \u00e9s a vezet\u0151 \u00faj szerepe<\/h2>\n<p>Az \u00f6nszervez\u0151d\u00e9s nem romantikus jelsz\u00f3, hanem gazdas\u00e1gi realit\u00e1s: a gyorsan v\u00e1ltoz\u00f3 k\u00f6rnyezetben a d\u00f6nt\u00e9seket a probl\u00e9m\u00e1hoz legk\u00f6zelebb \u00e1ll\u00f3 szem\u00e9lyek hozz\u00e1k a legjobban. Ez nem vezet\u0151 n\u00e9lk\u00fclis\u00e9get jelent, hanem szerepv\u00e1lt\u00e1st: a vezet\u0151 feladata a keretek, priorit\u00e1sok \u00e9s er\u0151forr\u00e1sok kijel\u00f6l\u00e9se, a csapat\u00e9 a megold\u00e1sok \u00e9s a v\u00e9grehajt\u00e1s. A mikromenedzsment itt egyszer\u0171en nem m\u0171k\u00f6dik, mert sz\u00e9tveri a csapat ritmus\u00e1t \u00e9s tulajdonosi \u00e9rz\u00e9s\u00e9t. Helyette h\u00e1rom kompetenci\u00e1t kell fejleszteni: priorit\u00e1sfegyelmet (mi fontos most \u00e9s mi\u00e9rt), konfliktuskezel\u00e9st (n\u00e9zetelt\u00e9r\u00e9s = inform\u00e1ci\u00f3), \u00e9s retrospekt\u00edv kult\u00far\u00e1t (mi tanulhat\u00f3 a m\u00falt h\u00e9tr\u0151l). A vezet\u0151i \u00f6nfegyelem kritikus pont: ha a csapat szeretne k\u00eds\u00e9rletezni, a vezet\u0151nek b\u00edrnia kell a \u201er\u00f6vid t\u00e1v\u00fa rendezetlens\u00e9get\u201d a magasabb hossz\u00fa t\u00e1v\u00fa \u00e9rt\u00e9k \u00e9rdek\u00e9ben. Ez tanul\u00e1si \u00edv, de meg\u00e9ri: n\u0151 a sebess\u00e9g, a min\u0151s\u00e9g \u00e9s a tulajdonosi szeml\u00e9let, cs\u00f6kken a fels\u0151 szint t\u00falterhel\u00e9se.<\/p>\n<h2>Digit\u00e1lis munkak\u00f6rnyezet \u00e9s hat\u00e1rok<\/h2>\n<p>A modern eszk\u00f6z\u00f6k k\u00e9t\u00e9l\u0171ek: egyszerre n\u00f6velik az \u00e1tl\u00e1that\u00f3s\u00e1got \u00e9s cs\u00e1b\u00edtanak a folyamatos beleny\u00fal\u00e1sra. Ha minden feladatpanel, chat \u00e9s dokumentum val\u00f3s id\u0151ben l\u00e1that\u00f3, a vezet\u0151 k\u00f6nnyen \u201er\u00e1\u00fcl\u201d a folyamatokra. Itt a szab\u00e1ly az, hogy az \u00e1tl\u00e1that\u00f3s\u00e1g ne legyen egyenl\u0151 \u00e1lland\u00f3 monitoroz\u00e1ssal. \u00c1ll\u00edts be \u00e9rtes\u00edt\u00e9si szab\u00e1lyokat (csak m\u00e9rf\u00f6ldk\u00f6vekn\u00e9l, nem minden v\u00e1ltoz\u00e1sn\u00e1l), \u00e9s r\u00f6gz\u00edtsd a kommunik\u00e1ci\u00f3s csatorn\u00e1k c\u00e9lj\u00e1t: mi megy a feladatpanelre (t\u00e9nyek), mi megy chatre (gyors egyeztet\u00e9s), mi megy meetingre (d\u00f6nt\u00e9s, konfliktusfelold\u00e1s, tanul\u00e1s). Ha a digit\u00e1lis rendszer nem t\u00e1mogatja a ritmust, te leszel a ritmus: bej\u00f6nnek az ad-hoc lek\u00e9rdez\u00e9sek, \u00e9s \u00fajra mikromenedzselsz. A megold\u00e1s az, hogy a rendszerek \u00e9s a norm\u00e1k egy\u00fctt m\u0171k\u00f6djenek. A ritmushoz illeszked\u0151 dashboardok, egy\u00e9rtelm\u0171 felel\u0151ss\u00e9gek \u00e9s ritk\u00edtott st\u00e1tuszpontok lev\u00e1lasztj\u00e1k a vezet\u0151t az operat\u00edv ingerekr\u0151l, \u00e9s visszaadj\u00e1k a f\u00f3kusz\u00e1t a l\u00e9nyegi vezet\u0151i munk\u00e1ra.<\/p>\n<h2>Dajka G\u00e1bor business coach szerint<\/h2>\n<p>Vezet\u0151k\u00e9nt akkor l\u00e9psz szintet, amikor a kontrollt felv\u00e1ltja a bizalomra \u00e9p\u00fcl\u0151 felel\u0151ss\u00e9g. A mikromenedzsment nem \u201eszigor\u00fas\u00e1g\u201d, hanem k\u00f6lts\u00e9ges figyelemveszt\u00e9s: a szervezet legdr\u00e1g\u00e1bb er\u0151forr\u00e1s\u00e1t, a vezet\u0151i f\u00f3kuszt sz\u00f3rja sz\u00e9t. A v\u00e1lt\u00e1s kulcsa sosem csak magatart\u00e1si: strukt\u00fara is kell m\u00f6g\u00e9. Vil\u00e1gos c\u00e9lok, d\u00f6nt\u00e9si jogk\u00f6r\u00f6k, ritmikus visszajelz\u00e9s, hibakezel\u00e9si protokoll, \u00e9s egy egyszer\u0171 deleg\u00e1l\u00e1si szerz\u0151d\u00e9s, amelyet a csapat t\u00e9nyleg haszn\u00e1l. Ezen fel\u00fcl a vezet\u0151 bels\u0151 munk\u00e1ja elker\u00fclhetetlen: el kell b\u00edrnia, hogy a csapat n\u00e9ha m\u00e1s utat v\u00e1laszt, mint amit \u0151 tenne \u2014 \u00e9s m\u00e9gis j\u00f3 eredm\u00e9ny sz\u00fcletik. A j\u00f3 vezet\u00e9s nem az, hogy mindenr\u0151l tudsz, hanem az, hogy a fontos dolgokr\u00f3l id\u0151ben, j\u00f3 min\u0151s\u00e9g\u0171 inform\u00e1ci\u00f3t kapsz. Ha ezt a m\u0171k\u00f6d\u00e9st fel\u00e9p\u00edted, a mikromenedzsment mag\u00e1t\u00f3l v\u00e1lik feleslegess\u00e9, a csapatod pedig \u00e9szrev\u00e9tlen\u00fcl gyorsabb, b\u00e1trabb \u00e9s kreat\u00edvabb lesz.<\/p>\n<h2>Szak\u00e9rt\u0151 v\u00e1laszol \u2013 FAQ<\/h2>\n<h3>Honnan tudom, hogy t\u00e9nyleg mikromenedzselek, \u00e9s nem csak \u201etartom a szintet\u201d?<\/h3>\n<p>Figyeld a jeleket: gyakori ad-hoc st\u00e1tuszk\u00e9r\u00e9sek, formai megjegyz\u00e9sek tartalmi ir\u00e1ny helyett, a csapat reflexb\u0151l j\u00f3v\u00e1hagy\u00e1st k\u00e9r apr\u00f3s\u00e1gokra, n\u0151 a d\u00f6nt\u00e9si v\u00e1rakoz\u00e1si id\u0151. Ha ezek rendszeresek, nem szintet tartasz, hanem a v\u00e9grehajt\u00e1sba gabalyodsz. Ilyenkor kimeneti m\u00e9rc\u00e9t, d\u00f6nt\u00e9si jogk\u00f6rt \u00e9s ellen\u0151rz\u00e9si ritmust kell tiszt\u00e1zni.<\/p>\n<h3>Mi a minim\u00e1lis kontroll, amit\u0151l m\u00e9g nem d\u0151l \u00f6ssze a min\u0151s\u00e9g?<\/h3>\n<p>H\u00e1rom elem: 1) r\u00f6vid, egy\u00e9rtelm\u0171 \u201ek\u00e9sz\u201d defin\u00edci\u00f3 minden feladathoz; 2) el\u0151re egyeztetett st\u00e1tuszritmus (pl. heti 1\u00d7 30 perc); 3) m\u00e9rf\u00f6ldk\u0151n\u00e9l \u201estop and check\u201d \u2014 nem naponta, nem folyamatosan. Ha ez megvan, a min\u0151s\u00e9g n\u0151ni fog, mert a csapat a l\u00e9nyegre figyel, nem a folyamatos megfelel\u00e9sre.<\/p>\n<h3>Mi\u00e9rt t\u0171nik \u00fagy, hogy a magyar piacon \u201ecsak \u00edgy\u201d m\u0171k\u00f6dik: szoros kontroll n\u00e9lk\u00fcl sz\u00e9tesik a munka?<\/h3>\n<p>Ez gyakori percepci\u00f3, f\u0151leg olyan \u00e1gazatokban, ahol a hib\u00e1k k\u00f6lts\u00e9gesek. A tapasztalat azonban az, hogy a sz\u00e9tes\u00e9s oka t\u00f6bbnyire nem a kontroll hi\u00e1nya, hanem a c\u00e9lok, szerepek \u00e9s m\u00e9rc\u00e9k hom\u00e1lyoss\u00e1ga. Ha ezeket tiszt\u00edtod, \u00e9s mell\u00e9 fel\u00e9p\u00edted a ritmust, a szoros kontroll ir\u00e1nti ig\u00e9ny term\u00e9szetes m\u00f3don cs\u00f6kken \u2014 \u00e9s az eredm\u00e9nyek javulnak.<\/p>\n<h3>Mit tegyek, ha a csapat egy r\u00e9sze nem \u00e9l a felhatalmaz\u00e1ssal?<\/h3>\n<p>Kezdj c\u00e9lzott fejleszt\u00e9ssel: egy\u00e9rtelm\u0171 elv\u00e1r\u00e1sok, r\u00f6vid t\u00e1v\u00fa, kis kock\u00e1zat\u00fa d\u00f6nt\u00e9si feladatok, gyors visszajelz\u00e9s. Ha valaki tart\u00f3san nem l\u00e9p, ellen\u0151rizd a kapacit\u00e1s\u00e1t \u00e9s a kompetenciaig\u00e9nyt. A felhatalmaz\u00e1s nem azt jelenti, hogy mindenki mindenben d\u00f6nt; szerepes\u00edteni kell, \u00e9s a d\u00f6nt\u00e9st a probl\u00e9m\u00e1hoz legk\u00f6zelebbi kompetenci\u00e1hoz k\u00f6tni.<\/p>\n<h2>Forr\u00e1sok<\/h2>\n<p>How to Stop Micromanaging and Start Empowering \u2014 Harvard Business Review<\/p>\n<p><a href=\"https:\/\/selfdeterminationtheory.org\/SDT\/documents\/2000_RyanDeci_SDT.pdf\" target=\"_blank\" rel=\"noopener\">Ryan, R. M., &amp; Deci, E. L. (2000). Self-Determination Theory and the facilitation of intrinsic motivation, social development, and well-being.<\/a><\/p>\n<p><a href=\"https:\/\/news.harvard.edu\/gazette\/story\/2024\/08\/you-want-to-be-boss-you-probably-wont-be-good-at-it\/\" target=\"_blank\" rel=\"noopener\">Harvard Gazette \u2013 You want to be boss. You probably won\u2019t be good at it.<\/a><\/p>\n","protected":false},"excerpt":{"rendered":"<p>Ha a napt\u00e1rad tele van 15 perces \u201echeck-in\u201d megbesz\u00e9l\u00e9sekkel, a csapat pedig l\u00e1that\u00f3an v\u00e1rja a j\u00f3v\u00e1hagy\u00e1sod m\u00e9g apr\u00f3 d\u00f6nt\u00e9sekben is, akkor nem hat\u00e9kony vagy \u2014 hanem t\u00falterhelt. A mikromenedzsment nem csup\u00e1n rossz szok\u00e1s, hanem olyan m\u0171k\u00f6d\u00e9sm\u00f3d, amely lass\u00edtja a szervezetet, gyeng\u00edti a motiv\u00e1ci\u00f3t \u00e9s elapr\u00f3zza a vezet\u0151i f\u00f3kuszt. A felsz\u00ednen gyakran \u201emin\u0151s\u00e9gbiztos\u00edt\u00e1snak\u201d t\u0171nik, a val\u00f3s\u00e1gban&#8230;<\/p>\n","protected":false},"author":1,"featured_media":1027,"comment_status":"closed","ping_status":"open","sticky":false,"template":"","format":"standard","meta":{"footnotes":""},"categories":[34],"tags":[35],"class_list":["post-1028","post","type-post","status-publish","format-standard","has-post-thumbnail","hentry","category-business-coaching-egerben","tag-mikromenedzsment"],"yoast_head":"<!-- This site is optimized with the Yoast SEO plugin v27.5 - https:\/\/yoast.com\/product\/yoast-seo-wordpress\/ -->\n<title>Mi\u00e9rt k\u00e1ros a mikromenedzsment?<\/title>\n<meta name=\"robots\" content=\"index, follow, max-snippet:-1, max-image-preview:large, max-video-preview:-1\" \/>\n<link rel=\"canonical\" href=\"https:\/\/egercoach.hu\/blog\/miert-karos-a-mikromenedzsment\/\" \/>\n<meta property=\"og:locale\" content=\"hu_HU\" \/>\n<meta property=\"og:type\" content=\"article\" \/>\n<meta property=\"og:title\" content=\"Mi\u00e9rt k\u00e1ros a mikromenedzsment?\" \/>\n<meta property=\"og:description\" content=\"Ha a napt\u00e1rad tele van 15 perces \u201echeck-in\u201d megbesz\u00e9l\u00e9sekkel, a csapat pedig l\u00e1that\u00f3an v\u00e1rja a j\u00f3v\u00e1hagy\u00e1sod m\u00e9g apr\u00f3 d\u00f6nt\u00e9sekben is, akkor nem hat\u00e9kony vagy \u2014 hanem t\u00falterhelt. A mikromenedzsment nem csup\u00e1n rossz szok\u00e1s, hanem olyan m\u0171k\u00f6d\u00e9sm\u00f3d, amely lass\u00edtja a szervezetet, gyeng\u00edti a motiv\u00e1ci\u00f3t \u00e9s elapr\u00f3zza a vezet\u0151i f\u00f3kuszt. A felsz\u00ednen gyakran \u201emin\u0151s\u00e9gbiztos\u00edt\u00e1snak\u201d t\u0171nik, a val\u00f3s\u00e1gban...\" \/>\n<meta property=\"og:url\" content=\"https:\/\/egercoach.hu\/blog\/miert-karos-a-mikromenedzsment\/\" \/>\n<meta property=\"og:site_name\" content=\"Az Egri Coach Blogja\" \/>\n<meta property=\"article:publisher\" content=\"https:\/\/www.facebook.com\/eger.coach\" \/>\n<meta property=\"article:published_time\" content=\"2025-05-29T14:08:51+00:00\" \/>\n<meta property=\"article:modified_time\" content=\"2025-10-12T05:40:56+00:00\" \/>\n<meta property=\"og:image\" content=\"https:\/\/egercoach.hu\/blog\/wp-content\/uploads\/2025\/05\/leader-authority-boss-coach-director-manager-concept.jpg\" \/>\n\t<meta property=\"og:image:width\" content=\"1500\" \/>\n\t<meta property=\"og:image:height\" content=\"1218\" \/>\n\t<meta property=\"og:image:type\" content=\"image\/jpeg\" \/>\n<meta name=\"author\" content=\"Dajka G\u00e1bor\" \/>\n<meta name=\"twitter:card\" content=\"summary_large_image\" \/>\n<meta name=\"twitter:label1\" content=\"Szerz\u0151:\" \/>\n\t<meta name=\"twitter:data1\" content=\"Dajka G\u00e1bor\" \/>\n\t<meta name=\"twitter:label2\" content=\"Becs\u00fclt olvas\u00e1si id\u0151\" \/>\n\t<meta name=\"twitter:data2\" content=\"10 perc\" \/>\n<script type=\"application\/ld+json\" class=\"yoast-schema-graph\">{\"@context\":\"https:\\\/\\\/schema.org\",\"@graph\":[{\"@type\":\"Article\",\"@id\":\"https:\\\/\\\/egercoach.hu\\\/blog\\\/miert-karos-a-mikromenedzsment\\\/#article\",\"isPartOf\":{\"@id\":\"https:\\\/\\\/egercoach.hu\\\/blog\\\/miert-karos-a-mikromenedzsment\\\/\"},\"author\":{\"name\":\"Dajka G\u00e1bor\",\"@id\":\"https:\\\/\\\/egercoach.hu\\\/blog\\\/#\\\/schema\\\/person\\\/afc73367aa314ca33a9c8d3b88dce6e7\"},\"headline\":\"Mi\u00e9rt k\u00e1ros a mikromenedzsment?\",\"datePublished\":\"2025-05-29T14:08:51+00:00\",\"dateModified\":\"2025-10-12T05:40:56+00:00\",\"mainEntityOfPage\":{\"@id\":\"https:\\\/\\\/egercoach.hu\\\/blog\\\/miert-karos-a-mikromenedzsment\\\/\"},\"wordCount\":2845,\"publisher\":{\"@id\":\"https:\\\/\\\/egercoach.hu\\\/blog\\\/#organization\"},\"image\":{\"@id\":\"https:\\\/\\\/egercoach.hu\\\/blog\\\/miert-karos-a-mikromenedzsment\\\/#primaryimage\"},\"thumbnailUrl\":\"https:\\\/\\\/egercoach.hu\\\/blog\\\/wp-content\\\/uploads\\\/2025\\\/05\\\/leader-authority-boss-coach-director-manager-concept.jpg\",\"keywords\":[\"mikromenedzsment\"],\"articleSection\":[\"Business coaching Egerben\"],\"inLanguage\":\"hu\"},{\"@type\":\"WebPage\",\"@id\":\"https:\\\/\\\/egercoach.hu\\\/blog\\\/miert-karos-a-mikromenedzsment\\\/\",\"url\":\"https:\\\/\\\/egercoach.hu\\\/blog\\\/miert-karos-a-mikromenedzsment\\\/\",\"name\":\"Mi\u00e9rt k\u00e1ros a mikromenedzsment?\",\"isPartOf\":{\"@id\":\"https:\\\/\\\/egercoach.hu\\\/blog\\\/#website\"},\"primaryImageOfPage\":{\"@id\":\"https:\\\/\\\/egercoach.hu\\\/blog\\\/miert-karos-a-mikromenedzsment\\\/#primaryimage\"},\"image\":{\"@id\":\"https:\\\/\\\/egercoach.hu\\\/blog\\\/miert-karos-a-mikromenedzsment\\\/#primaryimage\"},\"thumbnailUrl\":\"https:\\\/\\\/egercoach.hu\\\/blog\\\/wp-content\\\/uploads\\\/2025\\\/05\\\/leader-authority-boss-coach-director-manager-concept.jpg\",\"datePublished\":\"2025-05-29T14:08:51+00:00\",\"dateModified\":\"2025-10-12T05:40:56+00:00\",\"breadcrumb\":{\"@id\":\"https:\\\/\\\/egercoach.hu\\\/blog\\\/miert-karos-a-mikromenedzsment\\\/#breadcrumb\"},\"inLanguage\":\"hu\",\"potentialAction\":[{\"@type\":\"ReadAction\",\"target\":[\"https:\\\/\\\/egercoach.hu\\\/blog\\\/miert-karos-a-mikromenedzsment\\\/\"]}]},{\"@type\":\"ImageObject\",\"inLanguage\":\"hu\",\"@id\":\"https:\\\/\\\/egercoach.hu\\\/blog\\\/miert-karos-a-mikromenedzsment\\\/#primaryimage\",\"url\":\"https:\\\/\\\/egercoach.hu\\\/blog\\\/wp-content\\\/uploads\\\/2025\\\/05\\\/leader-authority-boss-coach-director-manager-concept.jpg\",\"contentUrl\":\"https:\\\/\\\/egercoach.hu\\\/blog\\\/wp-content\\\/uploads\\\/2025\\\/05\\\/leader-authority-boss-coach-director-manager-concept.jpg\",\"width\":1500,\"height\":1218,\"caption\":\"Leader Authority Boss Coach Director Manager Concept\"},{\"@type\":\"BreadcrumbList\",\"@id\":\"https:\\\/\\\/egercoach.hu\\\/blog\\\/miert-karos-a-mikromenedzsment\\\/#breadcrumb\",\"itemListElement\":[{\"@type\":\"ListItem\",\"position\":1,\"name\":\"Kezd\u0151lap\",\"item\":\"https:\\\/\\\/egercoach.hu\\\/blog\\\/\"},{\"@type\":\"ListItem\",\"position\":2,\"name\":\"Mi\u00e9rt k\u00e1ros a mikromenedzsment?\"}]},{\"@type\":\"WebSite\",\"@id\":\"https:\\\/\\\/egercoach.hu\\\/blog\\\/#website\",\"url\":\"https:\\\/\\\/egercoach.hu\\\/blog\\\/\",\"name\":\"Eger Coach Blog\",\"description\":\"\",\"publisher\":{\"@id\":\"https:\\\/\\\/egercoach.hu\\\/blog\\\/#organization\"},\"potentialAction\":[{\"@type\":\"SearchAction\",\"target\":{\"@type\":\"EntryPoint\",\"urlTemplate\":\"https:\\\/\\\/egercoach.hu\\\/blog\\\/?s={search_term_string}\"},\"query-input\":{\"@type\":\"PropertyValueSpecification\",\"valueRequired\":true,\"valueName\":\"search_term_string\"}}],\"inLanguage\":\"hu\"},{\"@type\":\"Organization\",\"@id\":\"https:\\\/\\\/egercoach.hu\\\/blog\\\/#organization\",\"name\":\"Eger Coach Blog\",\"url\":\"https:\\\/\\\/egercoach.hu\\\/blog\\\/\",\"logo\":{\"@type\":\"ImageObject\",\"inLanguage\":\"hu\",\"@id\":\"https:\\\/\\\/egercoach.hu\\\/blog\\\/#\\\/schema\\\/logo\\\/image\\\/\",\"url\":\"https:\\\/\\\/egercoach.hu\\\/blog\\\/wp-content\\\/uploads\\\/2025\\\/05\\\/cropped-Eger.png\",\"contentUrl\":\"https:\\\/\\\/egercoach.hu\\\/blog\\\/wp-content\\\/uploads\\\/2025\\\/05\\\/cropped-Eger.png\",\"width\":500,\"height\":169,\"caption\":\"Eger Coach Blog\"},\"image\":{\"@id\":\"https:\\\/\\\/egercoach.hu\\\/blog\\\/#\\\/schema\\\/logo\\\/image\\\/\"},\"sameAs\":[\"https:\\\/\\\/www.facebook.com\\\/eger.coach\"]},{\"@type\":\"Person\",\"@id\":\"https:\\\/\\\/egercoach.hu\\\/blog\\\/#\\\/schema\\\/person\\\/afc73367aa314ca33a9c8d3b88dce6e7\",\"name\":\"Dajka G\u00e1bor\",\"image\":{\"@type\":\"ImageObject\",\"inLanguage\":\"hu\",\"@id\":\"https:\\\/\\\/secure.gravatar.com\\\/avatar\\\/81566ea1e2b3466baa03e9bdcdaa835f58564d8be90057a45f3e61711dc8a063?s=96&d=mm&r=g\",\"url\":\"https:\\\/\\\/secure.gravatar.com\\\/avatar\\\/81566ea1e2b3466baa03e9bdcdaa835f58564d8be90057a45f3e61711dc8a063?s=96&d=mm&r=g\",\"contentUrl\":\"https:\\\/\\\/secure.gravatar.com\\\/avatar\\\/81566ea1e2b3466baa03e9bdcdaa835f58564d8be90057a45f3e61711dc8a063?s=96&d=mm&r=g\",\"caption\":\"Dajka G\u00e1bor\"},\"sameAs\":[\"https:\\\/\\\/egercoach.hu\\\/blog\"],\"url\":\"https:\\\/\\\/egercoach.hu\\\/blog\\\/author\\\/adminka\\\/\"}]}<\/script>\n<!-- \/ Yoast SEO plugin. -->","yoast_head_json":{"title":"Mi\u00e9rt k\u00e1ros a mikromenedzsment?","robots":{"index":"index","follow":"follow","max-snippet":"max-snippet:-1","max-image-preview":"max-image-preview:large","max-video-preview":"max-video-preview:-1"},"canonical":"https:\/\/egercoach.hu\/blog\/miert-karos-a-mikromenedzsment\/","og_locale":"hu_HU","og_type":"article","og_title":"Mi\u00e9rt k\u00e1ros a mikromenedzsment?","og_description":"Ha a napt\u00e1rad tele van 15 perces \u201echeck-in\u201d megbesz\u00e9l\u00e9sekkel, a csapat pedig l\u00e1that\u00f3an v\u00e1rja a j\u00f3v\u00e1hagy\u00e1sod m\u00e9g apr\u00f3 d\u00f6nt\u00e9sekben is, akkor nem hat\u00e9kony vagy \u2014 hanem t\u00falterhelt. A mikromenedzsment nem csup\u00e1n rossz szok\u00e1s, hanem olyan m\u0171k\u00f6d\u00e9sm\u00f3d, amely lass\u00edtja a szervezetet, gyeng\u00edti a motiv\u00e1ci\u00f3t \u00e9s elapr\u00f3zza a vezet\u0151i f\u00f3kuszt. A felsz\u00ednen gyakran \u201emin\u0151s\u00e9gbiztos\u00edt\u00e1snak\u201d t\u0171nik, a val\u00f3s\u00e1gban...","og_url":"https:\/\/egercoach.hu\/blog\/miert-karos-a-mikromenedzsment\/","og_site_name":"Az Egri Coach Blogja","article_publisher":"https:\/\/www.facebook.com\/eger.coach","article_published_time":"2025-05-29T14:08:51+00:00","article_modified_time":"2025-10-12T05:40:56+00:00","og_image":[{"width":1500,"height":1218,"url":"https:\/\/egercoach.hu\/blog\/wp-content\/uploads\/2025\/05\/leader-authority-boss-coach-director-manager-concept.jpg","type":"image\/jpeg"}],"author":"Dajka G\u00e1bor","twitter_card":"summary_large_image","twitter_misc":{"Szerz\u0151:":"Dajka G\u00e1bor","Becs\u00fclt olvas\u00e1si id\u0151":"10 perc"},"schema":{"@context":"https:\/\/schema.org","@graph":[{"@type":"Article","@id":"https:\/\/egercoach.hu\/blog\/miert-karos-a-mikromenedzsment\/#article","isPartOf":{"@id":"https:\/\/egercoach.hu\/blog\/miert-karos-a-mikromenedzsment\/"},"author":{"name":"Dajka G\u00e1bor","@id":"https:\/\/egercoach.hu\/blog\/#\/schema\/person\/afc73367aa314ca33a9c8d3b88dce6e7"},"headline":"Mi\u00e9rt k\u00e1ros a mikromenedzsment?","datePublished":"2025-05-29T14:08:51+00:00","dateModified":"2025-10-12T05:40:56+00:00","mainEntityOfPage":{"@id":"https:\/\/egercoach.hu\/blog\/miert-karos-a-mikromenedzsment\/"},"wordCount":2845,"publisher":{"@id":"https:\/\/egercoach.hu\/blog\/#organization"},"image":{"@id":"https:\/\/egercoach.hu\/blog\/miert-karos-a-mikromenedzsment\/#primaryimage"},"thumbnailUrl":"https:\/\/egercoach.hu\/blog\/wp-content\/uploads\/2025\/05\/leader-authority-boss-coach-director-manager-concept.jpg","keywords":["mikromenedzsment"],"articleSection":["Business coaching Egerben"],"inLanguage":"hu"},{"@type":"WebPage","@id":"https:\/\/egercoach.hu\/blog\/miert-karos-a-mikromenedzsment\/","url":"https:\/\/egercoach.hu\/blog\/miert-karos-a-mikromenedzsment\/","name":"Mi\u00e9rt k\u00e1ros a mikromenedzsment?","isPartOf":{"@id":"https:\/\/egercoach.hu\/blog\/#website"},"primaryImageOfPage":{"@id":"https:\/\/egercoach.hu\/blog\/miert-karos-a-mikromenedzsment\/#primaryimage"},"image":{"@id":"https:\/\/egercoach.hu\/blog\/miert-karos-a-mikromenedzsment\/#primaryimage"},"thumbnailUrl":"https:\/\/egercoach.hu\/blog\/wp-content\/uploads\/2025\/05\/leader-authority-boss-coach-director-manager-concept.jpg","datePublished":"2025-05-29T14:08:51+00:00","dateModified":"2025-10-12T05:40:56+00:00","breadcrumb":{"@id":"https:\/\/egercoach.hu\/blog\/miert-karos-a-mikromenedzsment\/#breadcrumb"},"inLanguage":"hu","potentialAction":[{"@type":"ReadAction","target":["https:\/\/egercoach.hu\/blog\/miert-karos-a-mikromenedzsment\/"]}]},{"@type":"ImageObject","inLanguage":"hu","@id":"https:\/\/egercoach.hu\/blog\/miert-karos-a-mikromenedzsment\/#primaryimage","url":"https:\/\/egercoach.hu\/blog\/wp-content\/uploads\/2025\/05\/leader-authority-boss-coach-director-manager-concept.jpg","contentUrl":"https:\/\/egercoach.hu\/blog\/wp-content\/uploads\/2025\/05\/leader-authority-boss-coach-director-manager-concept.jpg","width":1500,"height":1218,"caption":"Leader Authority Boss Coach Director Manager Concept"},{"@type":"BreadcrumbList","@id":"https:\/\/egercoach.hu\/blog\/miert-karos-a-mikromenedzsment\/#breadcrumb","itemListElement":[{"@type":"ListItem","position":1,"name":"Kezd\u0151lap","item":"https:\/\/egercoach.hu\/blog\/"},{"@type":"ListItem","position":2,"name":"Mi\u00e9rt k\u00e1ros a mikromenedzsment?"}]},{"@type":"WebSite","@id":"https:\/\/egercoach.hu\/blog\/#website","url":"https:\/\/egercoach.hu\/blog\/","name":"Eger Coach Blog","description":"","publisher":{"@id":"https:\/\/egercoach.hu\/blog\/#organization"},"potentialAction":[{"@type":"SearchAction","target":{"@type":"EntryPoint","urlTemplate":"https:\/\/egercoach.hu\/blog\/?s={search_term_string}"},"query-input":{"@type":"PropertyValueSpecification","valueRequired":true,"valueName":"search_term_string"}}],"inLanguage":"hu"},{"@type":"Organization","@id":"https:\/\/egercoach.hu\/blog\/#organization","name":"Eger Coach Blog","url":"https:\/\/egercoach.hu\/blog\/","logo":{"@type":"ImageObject","inLanguage":"hu","@id":"https:\/\/egercoach.hu\/blog\/#\/schema\/logo\/image\/","url":"https:\/\/egercoach.hu\/blog\/wp-content\/uploads\/2025\/05\/cropped-Eger.png","contentUrl":"https:\/\/egercoach.hu\/blog\/wp-content\/uploads\/2025\/05\/cropped-Eger.png","width":500,"height":169,"caption":"Eger Coach Blog"},"image":{"@id":"https:\/\/egercoach.hu\/blog\/#\/schema\/logo\/image\/"},"sameAs":["https:\/\/www.facebook.com\/eger.coach"]},{"@type":"Person","@id":"https:\/\/egercoach.hu\/blog\/#\/schema\/person\/afc73367aa314ca33a9c8d3b88dce6e7","name":"Dajka G\u00e1bor","image":{"@type":"ImageObject","inLanguage":"hu","@id":"https:\/\/secure.gravatar.com\/avatar\/81566ea1e2b3466baa03e9bdcdaa835f58564d8be90057a45f3e61711dc8a063?s=96&d=mm&r=g","url":"https:\/\/secure.gravatar.com\/avatar\/81566ea1e2b3466baa03e9bdcdaa835f58564d8be90057a45f3e61711dc8a063?s=96&d=mm&r=g","contentUrl":"https:\/\/secure.gravatar.com\/avatar\/81566ea1e2b3466baa03e9bdcdaa835f58564d8be90057a45f3e61711dc8a063?s=96&d=mm&r=g","caption":"Dajka G\u00e1bor"},"sameAs":["https:\/\/egercoach.hu\/blog"],"url":"https:\/\/egercoach.hu\/blog\/author\/adminka\/"}]}},"_links":{"self":[{"href":"https:\/\/egercoach.hu\/blog\/wp-json\/wp\/v2\/posts\/1028","targetHints":{"allow":["GET"]}}],"collection":[{"href":"https:\/\/egercoach.hu\/blog\/wp-json\/wp\/v2\/posts"}],"about":[{"href":"https:\/\/egercoach.hu\/blog\/wp-json\/wp\/v2\/types\/post"}],"author":[{"embeddable":true,"href":"https:\/\/egercoach.hu\/blog\/wp-json\/wp\/v2\/users\/1"}],"replies":[{"embeddable":true,"href":"https:\/\/egercoach.hu\/blog\/wp-json\/wp\/v2\/comments?post=1028"}],"version-history":[{"count":0,"href":"https:\/\/egercoach.hu\/blog\/wp-json\/wp\/v2\/posts\/1028\/revisions"}],"wp:featuredmedia":[{"embeddable":true,"href":"https:\/\/egercoach.hu\/blog\/wp-json\/wp\/v2\/media\/1027"}],"wp:attachment":[{"href":"https:\/\/egercoach.hu\/blog\/wp-json\/wp\/v2\/media?parent=1028"}],"wp:term":[{"taxonomy":"category","embeddable":true,"href":"https:\/\/egercoach.hu\/blog\/wp-json\/wp\/v2\/categories?post=1028"},{"taxonomy":"post_tag","embeddable":true,"href":"https:\/\/egercoach.hu\/blog\/wp-json\/wp\/v2\/tags?post=1028"}],"curies":[{"name":"wp","href":"https:\/\/api.w.org\/{rel}","templated":true}]}}