{"id":1033,"date":"2025-05-29T22:04:23","date_gmt":"2025-05-29T20:04:23","guid":{"rendered":"https:\/\/egercoach.hu\/blog\/?p=1033"},"modified":"2025-05-29T22:04:23","modified_gmt":"2025-05-29T20:04:23","slug":"erzelmi-intelligencia-a-felsovezetesben-emotional-luxury","status":"publish","type":"post","link":"https:\/\/egercoach.hu\/blog\/erzelmi-intelligencia-a-felsovezetesben-emotional-luxury\/","title":{"rendered":"\u00c9rzelmi intelligencia a fels\u0151vezet\u00e9sben \u2013 Emotional Luxury"},"content":{"rendered":"<p>A fels\u0151vezet\u0151k vil\u00e1g\u00e1ban sok\u00e1ig a racionalit\u00e1s, az \u00fczleti ismeretek \u00e9s az anyagi sikerek voltak a f\u0151 preszt\u00edzst\u00e9nyez\u0151k. Egy kiv\u00e1l\u00f3 menedzserr\u0151l az a k\u00e9p alakult ki, hogy magabiztosan t\u00e1rgyal, t\u00f6k\u00e9letesen ismeri a piacot, \u00e9s h\u0171v\u00f6s profi, aki nem hagyja, hogy az \u00e9rzelmei befoly\u00e1solj\u00e1k a d\u00f6nt\u00e9seit. M\u00e1ra azonban a tendencia megv\u00e1ltozott. Egyre t\u00f6bb c\u00e9g \u00e9s befoly\u00e1sos vezet\u0151 vallja, hogy a fels\u0151vezet\u0151i poz\u00edci\u00f3 nem csup\u00e1n a k\u0151kem\u00e9ny elemz\u00e9sek, a strat\u00e9giai gondolkod\u00e1s \u00e9s a \u201erideg hat\u00e1rozotts\u00e1g\u201d terepe, hanem egyre nagyobb szerepet kap a szem\u00e9lyes \u00e9rzelmek felismer\u00e9se, kezel\u00e9se \u00e9s a m\u00e1sok fel\u00e9 megnyilv\u00e1nul\u00f3 emp\u00e1tia. Ezt nevezz\u00fck \u00e9rzelmi intelligenci\u00e1nak (EI), amely \u2013 meglep\u0151 m\u00f3don \u2013 imm\u00e1r a luxusiparhoz \u00e9s a fels\u0151vezet\u0151i exkluzivit\u00e1shoz hasonl\u00f3an <i>preszt\u00edzst\u00e9nyez\u0151v\u00e9<\/i> v\u00e1lt. Az al\u00e1bbiakban bemutatom, mik\u00e9nt v\u00e1ltoztatta meg az \u00e9rzelmi intelligencia a fels\u0151vezet\u0151i strat\u00e9gi\u00e1kat, hogyan form\u00e1lja \u00e1t a kr\u00edzishelyzetek megold\u00e1s\u00e1nak m\u00f3dj\u00e1t, \u00e9s mi\u00e9rt emlegethetj\u00fck \u201e<b>Emotional Luxury<\/b>\u201d n\u00e9ven a magas szint\u0171 \u00e9rzelmi rezilienci\u00e1t.<\/p>\n<h2>Az \u00e9rzelmi intelligencia fel\u00e9rt\u00e9kel\u0151d\u00e9s\u00e9nek okai a fels\u0151vezet\u00e9sben<\/h2>\n<p>Az elm\u00falt \u00e9vtizedekben felgyorsult gazdas\u00e1gi, technol\u00f3giai \u00e9s t\u00e1rsadalmi v\u00e1ltoz\u00e1sok miatt a v\u00e1llalatok m\u0171k\u00f6d\u00e9se mindink\u00e1bb komplex rendszerr\u00e9 v\u00e1lt. A vezet\u0151knek ma m\u00e1r nem el\u00e9g csup\u00e1n a hagyom\u00e1nyos \u00fczleti ismeretekre, a piaci trendek elemz\u00e9s\u00e9re \u00e9s a k\u00f6nyvel\u00e9si mutat\u00f3kra t\u00e1maszkodniuk. A glob\u00e1lis versenyben a leg\u00fajabb strat\u00e9giai m\u00f3dszerek \u00e9s a magas szint\u0171 technol\u00f3giai tud\u00e1s \u00f6nmagukban nem biztos\u00edtanak tart\u00f3s el\u0151nyt. A \u201epuha t\u00e9nyez\u0151k\u201d \u2013 mint a kommunik\u00e1ci\u00f3, az egy\u00fcttm\u0171k\u00f6d\u00e9s, a beosztottak motiv\u00e1l\u00e1sa \u00e9s a <b>kr\u00edzisek emberi oldala<\/b> \u2013 kulcsfontoss\u00e1g\u00fav\u00e1 v\u00e1ltak. Ebben a mili\u0151ben a fels\u0151vezet\u0151 nem csup\u00e1n <i>f\u0151n\u00f6k<\/i>, hanem a v\u00e1llalati kult\u00fara meghat\u00e1roz\u00f3 alak\u00edt\u00f3ja, aki \u00e9rzelmi mint\u00e1kat is k\u00f6zvet\u00edt a szervezet fel\u00e9.<\/p>\n<p>A fels\u0151 vezet\u0151i k\u00f6r\u00f6kben m\u00e1r j\u00f3 ideje besz\u00e9lnek az \u201e<b>emberk\u00f6zpont\u00fa vezet\u00e9s<\/b>\u201d fontoss\u00e1g\u00e1r\u00f3l, de az EI, azaz az \u00e9rzelmi intelligencia bevezet\u00e9se enn\u00e9l is tov\u00e1bb megy. Nem csup\u00e1n arr\u00f3l sz\u00f3l, hogy a vezet\u0151 empatikus legyen, meghallgassa a munkat\u00e1rsait, vagy \u00e9pp a c\u00e9g \u00e9rdekeit szem el\u0151tt tartva \u201el\u00e1gyabb\u201d st\u00edlust alkalmazzon. Sokkal ink\u00e1bb azt jelenti, hogy a vezet\u0151 tiszt\u00e1ban van a <b>saj\u00e1t \u00e9rzelmeivel<\/b>, tudja, hogyan kezelje a bels\u0151 indulatait, f\u00e9lelmeit, szorong\u00e1sait, \u00e9s mik\u00e9nt \u00e9p\u00edtse be a pozit\u00edv lelki\u00e1llapotokat a munkahelyi k\u00f6rnyezetbe. Ez a k\u00e9pess\u00e9g seg\u00edt abban is, hogy jobban meg\u00e9rts\u00fck a munkat\u00e1rsak, a partnerek \u00e9s az \u00fcgyfelek ind\u00edt\u00e9kait, valamint fel tudjuk ismerni a <b>rejtett fesz\u00fclts\u00e9geket<\/b> vagy a csendes tehets\u00e9geket.<\/p>\n<p>Manaps\u00e1g a fels\u0151vezet\u0151 m\u00e1r nem csak azoknak impon\u00e1l, akik a teljes\u00edtm\u00e9ny\u00e9t \u00e9rt\u00e9kelik, hanem <i>preszt\u00edzs<\/i> nyerhet\u0151 azzal is, ha valaki magas szinten k\u00e9pes mozgatni, kezelni \u00e9s form\u00e1lni a koll\u00e9g\u00e1k \u00e9s partnerek \u00e9rzelmi \u00e1llapot\u00e1t. Egy olyan \u00e9ra fel\u00e9 tartunk, amelyben a tiszta, \u0151szinte vezet\u0151i jelenl\u00e9t val\u00f3ban versenyel\u0151nyt jelent. Egy modern fels\u0151vezet\u0151, aki a c\u00e9gfejleszt\u00e9s mellett gondot ford\u00edt a munkav\u00e1llal\u00f3k lelki j\u00f3ll\u00e9t\u00e9re \u00e9s a v\u00e1llalati kult\u00fara tudatos \u00e9p\u00edt\u00e9s\u00e9re, \u201e<b>\u00e9rzelmi luxus<\/b>\u201d-t teremt maga k\u00f6r\u00fcl, amely egyben jelent\u0151s im\u00e1zser\u0151s\u00edt\u0151 t\u00e9nyez\u0151v\u00e9 is v\u00e1lik.<\/p>\n<h2>\u00c9rzelmi intelligencia mint preszt\u00edzst\u00e9nyez\u0151<\/h2>\n<p>N\u00e9h\u00e1ny \u00e9vtizede a fels\u0151vezet\u0151i preszt\u00edzs alapj\u00e1t t\u00f6bbnyire a l\u00e1tv\u00e1nyos anyagi javak jelentett\u00e9k: dr\u00e1ga aut\u00f3, exkluz\u00edv irodah\u00e1z, luxus\u00f3r\u00e1k, elit rendezv\u00e9nyek. Ma azonban mindezekkel szemben (vagy ink\u00e1bb mindezek mellett) a piac \u00e9s a k\u00f6zv\u00e9lem\u00e9ny egyre \u00e9rz\u00e9kenyebb a vezet\u0151 emberi oldal\u00e1ra, valamint a t\u00e1rsadalmi \u00e9s szervezeti hat\u00e1sokra. A kifinomult \u00fczleti vil\u00e1gban nem csup\u00e1n az sz\u00e1m\u00edt, milyen cip\u0151t hordasz, hanem az is, <i>milyen l\u00e9gk\u00f6rt<\/i> hozol l\u00e9tre magad k\u00f6r\u00fcl. Ez a l\u00e9gk\u00f6r pedig els\u0151sorban a vezet\u0151 \u00e9rzelmi intelligenci\u00e1j\u00e1b\u00f3l \u00e9s rezilienci\u00e1j\u00e1b\u00f3l fakad.<\/p>\n<p>Egy <b>magasan funkcion\u00e1l\u00f3 EI-vel<\/b> rendelkez\u0151 vezet\u0151t nem puszt\u00e1n az\u00e9rt tisztelnek, mert l\u00e1tv\u00e1nyos projektk\u00f6nyveket, PR-esem\u00e9nyeket \u00e9s szerz\u0151d\u00e9seket produk\u00e1l, hanem mert l\u00e9ny\u00e9vel, kisug\u00e1rz\u00e1s\u00e1val \u00e9s hozz\u00e1\u00e1ll\u00e1s\u00e1val \u00faj <i>min\u0151s\u00e9get<\/i> teremt a munkahelyen. A fels\u0151vezet\u0151 ilyenkor m\u00e1r t\u00falmutat a hagyom\u00e1nyos CEO-szerepen, \u00e9s <b>p\u00e9ldak\u00e9p<\/b> lesz abban, hogyan lehet emberk\u00f6zpont\u00faan, m\u00e9gis c\u00e9ltudatosan ir\u00e1ny\u00edtani. Ez a fajta preszt\u00edzs \u2013 amelyet h\u00edvhatunk \u201e<b>\u00e9rzelmi luxusnak<\/b>\u201d \u2013 a legig\u00e9nyesebb \u00fcgyfeleket, partnereket \u00e9s tehets\u00e9geket is k\u00e9pes vonzani. A brand, amelyet egy ilyen vezet\u0151 \u00e9p\u00edt, hossz\u00fa t\u00e1von stabilabb, \u00e9s sokkal nehezebben roppan \u00f6ssze kr\u00edzishelyzetekben, mert a szervezet er\u0151s \u00e9rzelmi k\u00f6t\u0151d\u00e9ssel \u00e9s \u00e9rt\u00e9krenddel b\u00edr.<\/p>\n<h2>A \u201eLuxus \u00e9rzelmi reziliencia\u201d fogalma<\/h2>\n<p><i>\u201eLuxus \u00e9rzelmi reziliencia\u201d<\/i> alatt azt a magas szint\u0171 lelki rugalmass\u00e1got \u00e9s tudatoss\u00e1got \u00e9rtem, amely a fels\u0151vezet\u0151k k\u00f6r\u00e9ben egyre ink\u00e1bb elv\u00e1rt min\u0151s\u00e9gk\u00e9nt jelenik meg. A reziliencia azt jelenti, hogy k\u00e9pesek vagyunk eredm\u00e9nyesen megbirk\u00f3zni a stresszel, a v\u00e1ltoz\u00e1sokkal \u00e9s a kr\u00edzisekkel, majd meger\u0151s\u00f6dve kiker\u00fclni bel\u0151l\u00fck. A \u201e<b>luxus<\/b>\u201d jelz\u0151 itt nem a felesleges pomp\u00e1ra vagy a t\u00falz\u00f3 anyagi r\u00e1ford\u00edt\u00e1sra utal, hanem arra a k\u00fcl\u00f6nleges min\u0151s\u00e9gre, amelyet a vezet\u0151 ezen a ter\u00fcleten k\u00e9pvisel. Ez a vezet\u0151 <b>nem csup\u00e1n t\u00fal\u00e9l<\/b>, hanem \u2013 mint egy designer kollekci\u00f3 \u2013 eszt\u00e9tikusan \u00e9s st\u00edlusosan rendez \u00e1t minden v\u00e1ls\u00e1gos helyzetet, mik\u00f6zben meg\u0151rzi az integrit\u00e1s\u00e1t \u00e9s a szervezet stabilit\u00e1s\u00e1t.<\/p>\n<p>A \u201eluxus \u00e9rzelmi reziliencia\u201d \u00f6t alappill\u00e9re a k\u00f6vetkez\u0151:<\/p>\n<ul>\n<li><b>Tudatoss\u00e1g:<\/b> A vezet\u0151 tiszt\u00e1ban van saj\u00e1t \u00e9rzelmi \u00e1llapot\u00e1val, k\u00e9pes azonos\u00edtani az okokat \u00e9s a lehets\u00e9ges k\u00f6vetkezm\u00e9nyeket. Nem sodr\u00f3dik vakon a fesz\u00fclts\u00e9geivel, hanem kor\u00e1n felismeri a bels\u0151 \u00e9s k\u00fcls\u0151 konfliktusok jeleit.<\/li>\n<li><b>\u00d6nszab\u00e1lyoz\u00e1s:<\/b> A fels\u0151vezet\u0151 k\u00e9pes kiegyens\u00falyozni a bels\u0151 indulatokat, gondolatokat \u00e9s reakci\u00f3kat. Nem tagadja vagy fojtja el az \u00e9rzelmeit, de nem is engedi, hogy azok \u00e1tvegy\u00e9k az ir\u00e1ny\u00edt\u00e1st a racion\u00e1lis d\u00f6nt\u00e9shozatal felett.<\/li>\n<li><b>Emp\u00e1tia \u00e9s t\u00e1rsas t\u00e1mogat\u00e1s:<\/b> A luxus \u00e9rzelmi rezilencia r\u00e9sze, hogy a vezet\u0151 empatikusan fordul a k\u00f6rnyezet\u00e9hez, t\u00e1mogat\u00e1st ny\u00fajt \u00e9s <i>fogadni<\/i> is k\u00e9pes, ha sz\u00fcks\u00e9ges. Egy bizalmi l\u00e9gk\u00f6rt teremt, ahol nem sz\u00e9gyen a neh\u00e9zs\u00e9gekr\u0151l besz\u00e9lni.<\/li>\n<li><b>Rugalmas gondolkod\u00e1s:<\/b> A v\u00e1ls\u00e1ghelyzetek gyakran \u00faj \u00fczleti modelleket, technol\u00f3gi\u00e1kat vagy csapatdinamik\u00e1kat ig\u00e9nyelnek. A vezet\u0151 rugalmasan \u00e1ll hozz\u00e1 a v\u00e1ltoz\u00e1shoz, \u00e9s k\u00e9pes kreat\u00edv megold\u00e1sokkal reag\u00e1lni a kih\u00edv\u00e1sokra.<\/li>\n<li><b>\u00c9rt\u00e9kalap\u00fa d\u00f6nt\u00e9shozatal:<\/b> A fels\u0151vezet\u0151 \u00e9rzelmi stabilit\u00e1sa \u00e9s rezilienci\u00e1ja nem \u00f6nmag\u00e1\u00e9rt val\u00f3. Az igazi luxus abban rejlik, hogy a d\u00f6nt\u00e9sek m\u00f6g\u00f6tt <b>komoly etikai \u00e9s kultur\u00e1lis alap\u00e1ll\u00e1s<\/b> van, ami meger\u0151s\u00edti a szervezet bels\u0151 strukt\u00far\u00e1it \u00e9s a m\u00e1rka hiteless\u00e9g\u00e9t is.<\/li>\n<\/ul>\n<h2>Kr\u00edzishelyzetek magas szint\u0171 kezel\u00e9se: a \u201eluxus\u201d megk\u00f6zel\u00edt\u00e9s<\/h2>\n<p>Egy fels\u0151vezet\u0151i poz\u00edci\u00f3ban gyakran el\u0151fordul, hogy gyorsan \u00e9s hat\u00e9konyan kell reag\u00e1lni kisz\u00e1m\u00edthatatlan probl\u00e9m\u00e1kra: piaci \u00f6sszeoml\u00e1s, bels\u0151 botr\u00e1nyok, term\u00e9szeti katasztr\u00f3f\u00e1k vagy \u00e9ppen glob\u00e1lis j\u00e1rv\u00e1nyok \u00fctnek be, \u00e9s az eg\u00e9sz v\u00e1llalatot fenyegetik. Ilyenkor a vezet\u0151 min\u0151s\u00e9ge abban m\u00e9r\u0151dik le, hogyan <b>tudja kezelni<\/b> a helyzetet. A magas szint\u0171 \u00e9rzelmi intelligenci\u00e1val rendelkez\u0151 fels\u0151vezet\u0151 k\u00e9pes megfelel\u0151en kommunik\u00e1lni a csapattal, enyh\u00edteni a p\u00e1nikot, konstrukt\u00edv mederben tartani a megbesz\u00e9l\u00e9seket, \u00e9s emberi oldalon is <i>bizalmat teremteni<\/i>. Ez a fajta fell\u00e9p\u00e9s val\u00f3ban a \u201e<b>luxus<\/b>\u201d kateg\u00f3ri\u00e1t jelenti, hiszen kevesen k\u00e9pesek r\u00e1 igaz\u00e1n magas szinten.<\/p>\n<p>A kr\u00edzishelyzetek kezel\u00e9s\u00e9n\u00e9l a \u201eluxus \u00e9rzelmi reziliencia\u201d f\u0151k\u00e9nt az al\u00e1bbi form\u00e1kban nyilv\u00e1nul meg:<\/p>\n<ul>\n<li><b>Nyugodt \u00e9s c\u00e9ltudatos kommunik\u00e1ci\u00f3:<\/b> A vezet\u0151 nem vesz\u00edti el a fej\u00e9t, nem mutat k\u00e9ts\u00e9gbees\u00e9st, de nem is bagatelliz\u00e1lja a probl\u00e9m\u00e1t. Ehelyett egyens\u00falyt teremt a realit\u00e1s \u00e9s a biztat\u00e1s k\u00f6z\u00f6tt.<\/li>\n<li><b>Gyors helyzet\u00e9rt\u00e9kel\u00e9s \u00e9s rugalmas reag\u00e1l\u00e1s:<\/b> A luxus reziliencia azt felt\u00e9telezi, hogy a vezet\u0151 nem ragaszkodik mereven a kor\u00e1bbi forgat\u00f3k\u00f6nyvekhez, hanem szinte \u201em\u0171v\u00e9szien\u201d kompon\u00e1lja \u00fajra a szervezet m\u0171k\u00f6d\u00e9s\u00e9t az aktu\u00e1lis sz\u00fcks\u00e9gletek szerint.<\/li>\n<li><b>Empatikus d\u00f6nt\u00e9sek:<\/b> A kr\u00edzis nem csak \u00fczleti vagy technikai k\u00e9rd\u00e9s, hanem emberi is. A vezet\u0151 figyel azokra, akik kiszolg\u00e1ltatott helyzetben vannak, \u00e9s a <b>kollekt\u00edv j\u00f3l\u00e9t<\/b> \u00e9rdek\u00e9ben is hoz d\u00f6nt\u00e9seket. Ez sokszor hossz\u00fa t\u00e1von kifizet\u0151d\u0151bb, mint a r\u00f6vid t\u00e1v\u00fa haszonra \u00e9p\u00fcl\u0151 strat\u00e9gi\u00e1k.<\/li>\n<li><b>M\u00e9rt\u00e9kletes \u00f6nv\u00e9delem \u00e9s felel\u0151ss\u00e9gv\u00e1llal\u00e1s:<\/b> Egy luxusreziliens fels\u0151vezet\u0151 nem pr\u00f3b\u00e1lja m\u00e1sra kenni a kudarcokat vagy a probl\u00e9m\u00e1k eredet\u00e9t. Ny\u00edltan v\u00e1llalja, ha hib\u00e1zott, \u00e9s k\u00e9sz orvosolni a helyzetet. Ugyanakkor \u00fcgyel arra, hogy ne sz\u00edvja mag\u00e1ra az eg\u00e9sz kr\u00edzis ment\u00e1lis terh\u00e9t, hanem megosztja azt a csapattal \u2013 ezzel is er\u0151s\u00edtve a bizalmat.<\/li>\n<\/ul>\n<p>Ez a hozz\u00e1\u00e1ll\u00e1s hossz\u00fa t\u00e1von jelent\u0151s versenyel\u0151nyt gener\u00e1l, hiszen az \u00e9rzelmileg rugalmas \u00e9s emberk\u00f6zpont\u00fa vezet\u00e9s <i>megnyugtatja<\/i> a r\u00e9szv\u00e9nyeseket, \u00e9s fenntartja a munkat\u00e1rsak elk\u00f6telezetts\u00e9g\u00e9t. Emellett a k\u00fclvil\u00e1g fel\u00e9 olyan k\u00e9pet sug\u00e1roz, hogy a fels\u0151vezet\u0151 <b>komplex szem\u00e9lyis\u00e9g<\/b>, aki a neh\u00e9z helyzetekben is tud \u00fajat mutatni, \u00e9s emberileg is helyt\u00e1ll.<\/p>\n<h2>T\u00e1bl\u00e1zatos \u00e1ttekint\u00e9s: a norm\u00e1l \u00e9s a \u201eluxus\u201d \u00e9rzelmi reziliencia \u00f6sszehasonl\u00edt\u00e1sa<\/h2>\n<table border=\"1\">\n<thead>\n<tr>\n<th>Jellemz\u0151<\/th>\n<th>Norm\u00e1l \u00e9rzelmi reziliencia<\/th>\n<th>\u201eLuxus\u201d \u00e9rzelmi reziliencia<\/th>\n<\/tr>\n<\/thead>\n<tbody>\n<tr>\n<td>Stresszhez val\u00f3 hozz\u00e1\u00e1ll\u00e1s<\/td>\n<td>Alkalmi stresszkezel\u0151 technik\u00e1k, id\u0151szakos bels\u0151 egyens\u00falyra t\u00f6rekv\u00e9s<\/td>\n<td>Tudatos, folyamatos <a href=\"https:\/\/egercoach.hu\/blog\/hogyan-irjunk-hatekony-onreflexiot-utmutato-az-onismeret-fejlesztesehez\/\">\u00f6nreflexi\u00f3<\/a> \u00e9s prevent\u00edv stresszkezel\u00e9s, which mag\u00e1ban foglalja a ment\u00e1lis \u00e9s fizikai j\u00f3ll\u00e9tet is<\/td>\n<\/tr>\n<tr>\n<td>Kommunik\u00e1ci\u00f3s st\u00edlus<\/td>\n<td>R\u00e9szinform\u00e1ci\u00f3k \u00e9s cs\u00f6kken\u0151 bizalom kr\u00edzisben<\/td>\n<td>\u00c1tl\u00e1that\u00f3s\u00e1g, b\u00e1tran v\u00e1llalt neh\u00e9z t\u00e9m\u00e1k, bizalomn\u00f6vel\u0151 emp\u00e1tia \u00e9s ny\u00edlts\u00e1g<\/td>\n<\/tr>\n<tr>\n<td>Vezet\u0151i d\u00f6nt\u00e9sek<\/td>\n<td>Kompromisszumok \u00e9s t\u00fal\u00e9l\u00e9sre ir\u00e1nyul\u00f3 strat\u00e9gi\u00e1k<\/td>\n<td>Etikus, kreat\u00edv, \u00e9rt\u00e9kalap\u00fa d\u00f6nt\u00e9sek, melyek hossz\u00fa t\u00e1von is fenntarthat\u00f3k \u00e9s \u00e9p\u00edt\u0151ek<\/td>\n<\/tr>\n<tr>\n<td>\u00d6nszab\u00e1lyoz\u00e1s \u00e9s \u00f6nkontroll<\/td>\n<td>V\u00e1ltoz\u00f3 sz\u00ednvonal, a hirtelen \u00e9rzelmi kit\u00f6r\u00e9sek sem ritk\u00e1k<\/td>\n<td>Megfontolt, stabil viselked\u00e9s; az \u00e9rzelmek felismer\u00e9se, de az \u00f6nkontroll szil\u00e1rdan megmarad<\/td>\n<\/tr>\n<tr>\n<td>Visszacsatol\u00e1s a csapatt\u00f3l<\/td>\n<td>Korrekci\u00f3k csak nagy hib\u00e1k ut\u00e1n, f\u00e9lnek a negat\u00edv v\u00e9lem\u00e9nyeket jelezni<\/td>\n<td>Folyamatos, \u0151szinte visszajelz\u00e9sek kult\u00far\u00e1ja, pozit\u00edv \u00e9s negat\u00edv helyzetekben egyar\u00e1nt \u00f6szt\u00f6nzi a ny\u00edlt p\u00e1rbesz\u00e9det<\/td>\n<\/tr>\n<\/tbody>\n<\/table>\n<h2>Az \u201eemotional luxury\u201d megk\u00f6zel\u00edt\u00e9s mint brand\u00e9p\u00edt\u0151 eszk\u00f6z<\/h2>\n<p>A fels\u0151vezet\u0151i \u00f6nazonoss\u00e1g \u00e9s a c\u00e9ges brand k\u00f6z\u00f6tt szoros \u00f6sszef\u00fcgg\u00e9s \u00e1ll fenn. Egy vezet\u0151 \u00e9rzelmi intelligenci\u00e1ja k\u00f6zvetlen\u00fcl \u00e1titatja a v\u00e1llalat kult\u00far\u00e1j\u00e1t, k\u00fcls\u0151 meg\u00edt\u00e9l\u00e9s\u00e9t \u00e9s \u00fczleti sikereit. A \u201e<b>luxus \u00e9rzelmi reziliencia<\/b>\u201d nem csup\u00e1n bels\u0151 munkahelyi er\u0151forr\u00e1s, hanem egyben komoly <i>im\u00e1zst\u00e9nyez\u0151<\/i> is, amelyet egyre t\u00f6bb v\u00e1llalat haszn\u00e1l tudatosan. Amikor egy v\u00e1llalat olyan fels\u0151vezet\u0151r\u0151l h\u00edres, aki kiv\u00e9teles \u00e9rzelmi intelligenci\u00e1val reag\u00e1l a kih\u00edv\u00e1sokra, az \u00fcgyfelek, partnerek \u00e9s befektet\u0151k szem\u00e9ben is <b>n\u00f6veli a c\u00e9g \u00e9rt\u00e9k\u00e9t<\/b>.<\/p>\n<p>Az \u201eemotional luxury\u201d koncepci\u00f3ja ebben a keretben a fels\u0151vezet\u0151 <b>egyedi<\/b> \u00e9s <b>megk\u00fcl\u00f6nb\u00f6ztet\u0151<\/b> k\u00e9pess\u00e9g\u00e9t jelenti arra, hogy a legstresszesebb, leg\u00f6sszetettebb helyzetben is emberarc\u00fa \u00e9s el\u0151remutat\u00f3 d\u00f6nt\u00e9seket hozzon. Ez a luxus a <b>st\u00edlus<\/b> \u00e9s a <b>tartalom<\/b> k\u00fcl\u00f6nleges \u00f6tv\u00f6zet\u00e9b\u0151l fakad: a fels\u0151vezet\u0151 \u201ejelenl\u00e9t\u201d form\u00e1j\u00e1ban is \u00e9rz\u00e9keltetni tudja, hogy t\u00falmutat a megszokott sablonokon. Ez a fajta tudatoss\u00e1g \u00e9s \u00e9rzelmi dimenzi\u00f3 a modern munkaer\u0151piacon kiemelked\u0151 h\u00edv\u00f3sz\u00f3, hiszen a tehets\u00e9ges munkat\u00e1rsak nem puszt\u00e1n egy j\u00f3 fizet\u00e9st, hanem <b>\u00e9rt\u00e9kes, inspir\u00e1l\u00f3 munkak\u00f6rnyezetet<\/b> keresnek.<\/p>\n<p>Az \u201eemotional luxury\u201d be\u00e9p\u00edt\u00e9se a brandbe t\u00f6bb m\u00f3dszerrel is v\u00e9grehajthat\u00f3: a bels\u0151 kommunik\u00e1ci\u00f3 st\u00edlusa, a fels\u0151vezet\u0151i nyilatkozatok, a rendezv\u00e9nyeken val\u00f3 megjelen\u00e9s, a c\u00e9ges CSR-tev\u00e9kenys\u00e9gek \u00e9s a munkak\u00f6rnyezet kialak\u00edt\u00e1sa mind olyan ter\u00fcletek, ahol az \u00e9rzelmi intelligencia \u00e9s a magas szint\u0171 reziliencia konkr\u00e9t, k\u00e9zzelfoghat\u00f3 form\u00e1t \u00f6lthet. Ily m\u00f3don a v\u00e1llalat el\u0151nyt szerez a versenyt\u00e1rsakkal szemben, \u00e9s hossz\u00fa t\u00e1v\u00fa m\u00e1rkah\u0171s\u00e9get is kialak\u00edthat a k\u00fcls\u0151 partnerek k\u00f6r\u00e9ben.<\/p>\n<h2>Az \u00e9rzelmi intelligencia fejleszt\u00e9s\u00e9nek \u00fatja: a tudatos fels\u0151vezet\u0151i \u00f6nk\u00e9p<\/h2>\n<p>Sokan \u00fagy gondolj\u00e1k, hogy az \u00e9rzelmi intelligencia vel\u00fcnk sz\u00fcletett adotts\u00e1g, \u00e9s azon nem igaz\u00e1n lehet v\u00e1ltoztatni. Val\u00f3j\u00e1ban azonban az EI olyan <b>fejleszthet\u0151<\/b> k\u00e9pess\u00e9g, amelyen a legmagasabb vezet\u0151i szinten is lehet \u00e9s kell dolgozni. Ehhez persze <a href=\"https:\/\/egercoach.hu\/blog\/az-onismeret-utjan-kulcs-a-szemelyes-fejlodeshez-es-sikeres-eletvezeteshez\/\">\u00f6nismeret<\/a>, k\u00fcls\u0151 visszajelz\u00e9sek befogad\u00e1sa, \u00e9s egy sor <b>gyakorlati<\/b> m\u00f3dszer alkalmaz\u00e1sa sz\u00fcks\u00e9ges. A k\u00f6vetkez\u0151kben n\u00e9h\u00e1ny olyan ter\u00fcletet emelek ki, ahol a fels\u0151vezet\u0151k <i>tudatosan<\/i> fejleszthetik az \u00e9rzelmi intelligenci\u00e1jukat, \u00e9s ez\u00e1ltal a \u201eluxus reziliencia\u201d szintj\u00e9t:<\/p>\n<ul>\n<li><b>\u00d6nismereti folyamatok:<\/b> Coching, vezet\u0151i tr\u00e9ningek, mindfulness-gyakorlatok vagy ak\u00e1r pszichoter\u00e1pi\u00e1s \u00f6nreflexi\u00f3 seg\u00edthet abban, hogy a vezet\u0151 tiszt\u00e1bban l\u00e1ssa \u00e9rzelmi reakci\u00f3it. Min\u00e9l alaposabb az \u00f6nismeret, ann\u00e1l eredm\u00e9nyesebb az \u00f6nszab\u00e1lyoz\u00e1s.<\/li>\n<li><b>Empatikus kommunik\u00e1ci\u00f3s tr\u00e9ningek:<\/b> A hum\u00e1n er\u0151forr\u00e1sok ter\u00fclet\u00e9n sz\u00e1mos m\u00f3dszer l\u00e9tezik arra, hogyan lehet fejleszteni a verb\u00e1lis \u00e9s nonverb\u00e1lis kommunik\u00e1ci\u00f3t. A vezet\u0151 megtanulhatja jobban olvasni a testbesz\u00e9det, a hangsz\u00ednt, a mimik\u00e1t, \u00e9s tudatosabban reag\u00e1lni r\u00e1juk.<\/li>\n<li><b>Konfliktuskezel\u00e9s \u00e9s medi\u00e1ci\u00f3:<\/b> Egy fels\u0151vezet\u0151nek nem csup\u00e1n saj\u00e1t, hanem a munkat\u00e1rsak k\u00f6z\u00f6tti konfliktusokat is kezelnie kell. A min\u0151s\u00e9gi medi\u00e1ci\u00f3 sor\u00e1n <b>\u00e9rt\u0151 figyelemmel<\/b> \u00e9s emp\u00e1ti\u00e1val k\u00e9pes olyan megold\u00e1sokat tal\u00e1lni, amelyek minden f\u00e9l sz\u00e1m\u00e1ra elfogadhat\u00f3k.<\/li>\n<li><b>Strat\u00e9giai intu\u00edci\u00f3:<\/b> A logikus \u00e9s adatalap\u00fa d\u00f6nt\u00e9shozatal mellett a magas szint\u0171 EI-vel rendelkez\u0151 vezet\u0151k gyakran r\u00e1\u00e9reznek a helyzetek <i>emberi<\/i> dimenzi\u00f3j\u00e1ra is. A \u201emeg\u00e9rz\u00e9seket\u201d azonban nem hasra \u00fct\u00e9sre \u00e9rdemes haszn\u00e1lni, hanem <b>tudatos\u00edtva<\/b>, hogy milyen \u00e9rzelmi \u00e9s kapcsolati inform\u00e1ci\u00f3k teszik \u0151ket megalapozott\u00e1.<\/li>\n<li><b>Feedback-kult\u00fara t\u00e1mogat\u00e1sa:<\/b> Ha a szervezetben bizalmi \u00e9s ny\u00edlt l\u00e9gk\u00f6r van, a fels\u0151vezet\u0151 sokkal t\u00f6bb \u0151szinte visszajelz\u00e9st kap arr\u00f3l, milyen a hat\u00e1sa m\u00e1sokra. Ez a legjobb t\u00fck\u00f6r az EI fejl\u0151d\u00e9s\u00e9ben.<\/li>\n<\/ul>\n<h2>Az \u00e9rzelmi intelligencia kult\u00faraform\u00e1l\u00f3 ereje<\/h2>\n<p>Amikor egy fels\u0151vezet\u0151 m\u00e1r nemcsak <b>hirdeti<\/b>, hanem konkr\u00e9t viselked\u00e9s\u00e9n kereszt\u00fcl <b>meg is \u00e9li<\/b> az \u00e9rzelmi intelligenci\u00e1t, az eg\u00e9sz szervezet kult\u00far\u00e1j\u00e1t \u00e1talak\u00edthatja. Ennek egyik legfontosabb eleme, hogy a beosztottakban \u00e9s a koll\u00e9g\u00e1kban is megn\u0151 a <i>biztons\u00e1g\u00e9rzet<\/i>, ami seg\u00edti a kreat\u00edv \u00e9s innovat\u00edv gondolkod\u00e1st, valamint a csapatkoh\u00e9zi\u00f3t. Ha a vezet\u0151 mutatja az utat a <b>reziliens magatart\u00e1s<\/b> fel\u00e9, \u00e9s a kritikus helyzetekben sem borul ki, akkor a koll\u00e9g\u00e1k is nagyobb es\u00e9llyel k\u00f6vetik a p\u00e9ld\u00e1t, \u00e9s kisebb lesz a szervezeti szint\u0171 \u201ep\u00e1nikreakci\u00f3\u201d.<\/p>\n<p>A luxus \u00e9rzelmi reziliencia kult\u00faraform\u00e1l\u00f3 erej\u00e9nek m\u00e1sik aspektusa az <b>etikus \u00fczleti gondolkod\u00e1s<\/b>. Az \u00e9rzelmi intelligencia fejl\u0151d\u00e9s\u00e9vel a vezet\u0151 \u00e9szreveheti, milyen k\u00f6vetkezm\u00e9nyekkel j\u00e1rnak d\u00f6nt\u00e9sei az emberekre, a k\u00f6rnyezetre \u00e9s a k\u00f6z\u00f6ss\u00e9gre n\u00e9zve. Az ilyesfajta tudatoss\u00e1g meger\u0151s\u00edtheti a hossz\u00fa t\u00e1v\u00fa felel\u0151ss\u00e9gv\u00e1llal\u00e1st, \u00e9s elmozd\u00edthatja a c\u00e9get egy olyan fenntarthat\u00f3bb ir\u00e1nyba, amelyre a modern piacon mind nagyobb ig\u00e9ny mutatkozik. Ez a folyamat tov\u00e1bb n\u00f6veli a v\u00e1llalat reput\u00e1ci\u00f3j\u00e1t a partnerek \u00e9s az \u00fcgyfelek szem\u00e9ben, hiszen az etikus, embers\u00e9ges \u00e9s m\u00e9gis hat\u00e9kony vezet\u00e9s val\u00f3di <b>pr\u00e9mium \u00e9rt\u00e9k<\/b> a mai vil\u00e1gban.<\/p>\n<h2>\u00c9rzelmi intelligencia \u00e9s a fels\u0151vezet\u0151i \u00f6nmarketing: hogyan kommunik\u00e1ld a \u201eluxus\u201d EI-t?<\/h2>\n<p>A vezet\u0151i brand \u00e9p\u00edt\u00e9s\u00e9n\u00e9l kulcsfontoss\u00e1g\u00fa, hogy a fels\u0151vezet\u0151 mik\u00e9ppen <b>jelen\u00edti meg<\/b> az \u00e9rzelmi intelligenci\u00e1j\u00e1t a k\u00fclvil\u00e1g fel\u00e9. Ha valaki mesterk\u00e9lt, hat\u00e1svad\u00e1sz m\u00f3don pr\u00f3b\u00e1lja \u201eelj\u00e1tszani\u201d az empatikus vezet\u0151t, az k\u00f6nnyen visszafel\u00e9 s\u00fclhet el, mert egyre kifinomultabban l\u00e1tunk \u00e1t a felsz\u00ednes PR-fog\u00e1sokon. A \u201e<b>luxus<\/b>\u201d EI \u00e9ppen abban k\u00fcl\u00f6nb\u00f6zik, hogy <i>val\u00f3s<\/i> \u00e9s <b>m\u00e9ly<\/b> alapokon nyugszik, ami azonban nem z\u00e1rja ki a tudatos kommunik\u00e1ci\u00f3t:<\/p>\n<ul>\n<li><b>Arculati egys\u00e9g:<\/b> A fels\u0151vezet\u0151 digit\u00e1lis \u00e9s offline megjelen\u00e9se t\u00fckr\u00f6zze az emberk\u00f6zpont\u00fas\u00e1got \u00e9s a rugalmass\u00e1got. Ide tartozik a weboldal, a k\u00f6z\u00f6ss\u00e9gi m\u00e9dia fel\u00fcletek, a sajt\u00f3nyilatkozatok hangneme, k\u00e9pi vil\u00e1ga. Egy \u00e9rzelmileg intelligens vezet\u0151 nyitottan nyilatkozik a <b>tanul\u00e1si folyamatair\u00f3l<\/b>, k\u00fczdelmeir\u0151l, tapasztalatair\u00f3l.<\/li>\n<li><b>Nyilv\u00e1nos megsz\u00f3lal\u00e1sok:<\/b> A fels\u0151vezet\u0151i konferenci\u00e1kon, interj\u00fakban, workshopokon \u00e9rdemes olyan t\u00e9m\u00e1kat is beemelni a szakmai diskurzusok k\u00f6z\u00e9, mint a <b>munkahelyi ment\u00e1lis eg\u00e9szs\u00e9g<\/b>, a <b>stabil csapat\u00e9p\u00edt\u00e9s<\/b> vagy a fenntarthat\u00f3 \u00fczleti kult\u00fara. Ha \u0151szint\u00e9n megosztjuk gondolatainkat \u00e9s tapasztalatainkat, arra a piac pozit\u00edvan reag\u00e1l.<\/li>\n<li><b>Egyedi t\u00f6rt\u00e9netek \u00e9s narrat\u00edva:<\/b> Az \u00e9rzelmi intelligencia megmutat\u00e1sa gyakran <b>sztorikon<\/b> kereszt\u00fcl a leghat\u00e1sosabb. Ha a fels\u0151vezet\u0151 k\u00e9pes felid\u00e9zni olyan pillanatokat, amikor komplex emberi szitu\u00e1ci\u00f3kat oldott meg sikerrel, vagy \u00e9pp hib\u00e1zott, de tanult bel\u0151le, az er\u0151s\u00edti a hiteless\u00e9get.<\/li>\n<li><b>V\u00e1llalati bels\u0151 kommunik\u00e1ci\u00f3:<\/b> Az EI-t kifel\u00e9 is hitelesebben lehet k\u00f6zvet\u00edteni, ha bels\u0151leg <b>t\u00e9nyleg m\u0171k\u00f6dik<\/b>. P\u00e9ld\u00e1ul a munkat\u00e1rsak vagy a HR-oszt\u00e1ly \u00e1ltal vezetett blogposztok, bels\u0151 h\u00edrlevelek, esem\u00e9nyek j\u00f3l mutatj\u00e1k, hogy a vezet\u0151 t\u00e9nyleg <i>meghallgatja<\/i> a csapatot \u00e9s szem el\u0151tt tartja az embers\u00e9get.<\/li>\n<\/ul>\n<p>Mindebb\u0151l l\u00e1that\u00f3, hogy a fels\u0151vezet\u0151i \u00e9rzelmi intelligencia <b>nem csak egy szem\u00e9lyes \u00fcgy<\/b>, hanem a c\u00e9gr\u0151l \u00e9s annak <i>hiteless\u00e9g\u00e9r\u0151l<\/i> is sz\u00f3l, ez\u00e9rt a tudatos kommunik\u00e1ci\u00f3 rendk\u00edv\u00fcl fontos. A \u201e<b>luxus<\/b>\u201d jelleg pedig \u00e9ppen a kifinomults\u00e1g \u00e9s a m\u00e9lys\u00e9g \u00f6sszj\u00e1t\u00e9k\u00e1t takarja \u2013 olyasmit, ami a mai, gyakran fel\u00fcletess\u00e9ggel \u00e1thatott \u00fczleti vil\u00e1gban val\u00f3ban kit\u0171nni k\u00e9pes.<\/p>\n<h2>A j\u00f6v\u0151: \u00e9rzelmi intelligencia mint versenyel\u0151ny a fels\u0151vezet\u00e9sben<\/h2>\n<p>Az \u00fczleti vil\u00e1g gyors \u00fctemben v\u00e1ltozik, \u00e9s a k\u00f6vetkez\u0151 \u00e9vekben tov\u00e1bb er\u0151s\u00f6dik az a trend, hogy a tiszt\u00e1n racion\u00e1lis, kem\u00e9nykez\u0171 vezet\u0151k elvesz\u00edtik vonzerej\u00fcket a cs\u00facspoz\u00edci\u00f3kban. Ezzel p\u00e1rhuzamosan fel\u00e9rt\u00e9kel\u0151dik a <b>hum\u00e1nus<\/b>, <b>empatikus<\/b>, egyben <b>cselekv\u0151k\u00e9pes<\/b> vezet\u0151, akinek egyik <i>leger\u0151sebb fegyvere<\/i> az \u00e9rzelmi intelligenci\u00e1ja. A piaci versenyben ez az\u00e9rt is meghat\u00e1roz\u00f3, mert a tehets\u00e9ges munkaer\u0151, illetve a strat\u00e9giai partnerek egyar\u00e1nt hosszabb t\u00e1von gondolkodnak, \u00e9s olyan szervezetekhez akarnak csatlakozni, amelyek a <b>emberi t\u00e9nyez\u0151t<\/b> is kiemelt fontoss\u00e1ggal kezelik.<\/p>\n<p>Az EI csak akkor v\u00e1lik igazi versenyel\u0151nny\u00e9, ha a fels\u0151vezet\u0151 nem egyszeri fell\u00e1ngol\u00e1sk\u00e9nt kezeli, hanem tudatos strat\u00e9gia r\u00e9szek\u00e9nt, <b>szerves fejleszt\u00e9sk\u00e9nt<\/b> \u00e9p\u00edti be a szervezet \u00e9let\u00e9be. Ez a folyamat mag\u00e1ban foglalja a kiv\u00e1l\u00f3 szakmai csapat kialak\u00edt\u00e1s\u00e1t, a bels\u0151 kommunik\u00e1ci\u00f3s \u00e9s HR-rendszerek reformj\u00e1t, valamint a j\u00f6v\u0151orient\u00e1lt, \u00e9rt\u00e9kalap\u00fa gondolkod\u00e1st. Ha mindezt a vezet\u0151 <i>szem\u00e9lyes luxusrezilienci\u00e1ja<\/i> t\u00e1pl\u00e1lja, akkor a szervezet \u00e9s a piac egyar\u00e1nt \u00e9rezni fogja ennek a j\u00f3t\u00e9kony hat\u00e1sait.<\/p>\n<h2>Szem\u00e9lyes fejl\u0151d\u00e9s \u00e9s luxus\u00e9rzet: az \u00f6nazonos fels\u0151vezet\u0151 l\u00e9lektana<\/h2>\n<p>Az \u00e9rzelmi intelligencia n\u00f6veli a fels\u0151vezet\u0151 <i>\u00f6nazonoss\u00e1g\u00e1t<\/i> is. Hiszen aki m\u00e9lyebben ismeri \u00e9s kezeli saj\u00e1t \u00e9rz\u00e9seit, az nagyobb magabiztoss\u00e1ggal \u00e1ll ki a nyilv\u00e1noss\u00e1g el\u00e9, \u00e9s <b>kevesebb bels\u0151 konfliktussal<\/b> k\u00fcszk\u00f6dik. Ez a fajta bels\u0151 stabilit\u00e1s adja meg azt a <i>luxus\u00e9rz\u00e9st<\/i>, ami egy sikeres vezet\u0151 \u00e9let\u00e9ben megjelenhet: amikor nem csak anyagi javakban, preszt\u00edzsben \u00e9s l\u00e1tv\u00e1nyos eredm\u00e9nyekben m\u00e9ri \u00f6nmag\u00e1t, hanem az \u00e1ltal a <b>szem\u00e9lyes kiteljesed\u00e9s<\/b> \u00e1ltal is, amit a kiegyens\u00falyozott \u00e9rzelmi \u00e9let ny\u00fajt. Ebben rejlik az \u00fan. <b>Emotional Luxury<\/b> legigazibb arca: nem egyszer\u0171en csillog\u00e1sr\u00f3l, dr\u00e1ga rendezv\u00e9nyekr\u0151l \u00e9s elitklubokr\u00f3l sz\u00f3l, hanem olyan <b>\u00e9rt\u00e9krendszerr\u0151l<\/b> \u00e9s \u00e9letm\u00f3dr\u00f3l, amely a val\u00f3di emberi boldogs\u00e1got \u00e9s produktivit\u00e1st helyezi el\u0151t\u00e9rbe.<\/p>\n<p>Egy \u00f6nazonos fels\u0151vezet\u0151 pedig <i>p\u00e9ld\u00e1t mutat<\/i> a munkav\u00e1llal\u00f3knak is. Megtan\u00edtja nekik, hogy a munka vil\u00e1ga nem a l\u00e9lekrombol\u00f3 stresszr\u0151l, a folyamatos verseng\u00e9sr\u0151l \u00e9s a hideg racionalit\u00e1sr\u00f3l kell sz\u00f3ljon, hanem lehet egy olyan k\u00f6zeg is, ahol egy\u00fctt fejl\u0151d\u00fcnk, egym\u00e1sra figyel\u00fcnk, \u00e9s a kr\u00edzisekben \u00f6sszekapaszkodunk. Ilyen k\u00f6rnyezetb\u0151l sz\u00fclethetnek a legnagyobb innov\u00e1ci\u00f3k, a leger\u0151sebb v\u00e1llalati kult\u00far\u00e1k, \u00e9s a munkaer\u0151piacon is h\u00edre megy annak, ha valahol a \u201e<b>nyugodt er\u0151<\/b>\u201d elve \u00e9rv\u00e9nyes\u00fcl.<\/p>\n<h2>Az \u00faj gener\u00e1ci\u00f3 \u00e9s a \u201eluxus\u201d \u00e9rzelmi intelligencia<\/h2>\n<p>A munkaer\u0151piacon megjelen\u0151 \u00fajabb gener\u00e1ci\u00f3k \u2013 gyakran Y, Z, \u00e9s most m\u00e1r Alfa gener\u00e1ci\u00f3nak nevezik \u0151ket \u2013 sokkal \u00e9rz\u00e9kenyebbek a v\u00e1llalati kult\u00fara <b>emberi \u00e9s etikai<\/b> oldal\u00e1ra. Nem el\u00e9g sz\u00e1mukra a magas fizet\u00e9s vagy egy men\u0151 irodah\u00e1z: <i>embers\u00e9get, rugalmass\u00e1got<\/i> \u00e9s <i>val\u00f3di kapcsolatot<\/i> keresnek. Ha egy fels\u0151vezet\u0151 k\u00e9pes ezt a k\u00f6vetkez\u0151 szintre emelni azzal, hogy magas fok\u00fa \u00e9rzelmi intelligenci\u00e1t \u00e9s rezilienci\u00e1t mutat, akkor megnyeri mag\u00e1nak a <b>fiatal tehets\u00e9geket<\/b>, akik lelkesen csatlakoznak egy ilyen v\u00edzi\u00f3hoz.<\/p>\n<p>Az \u00faj gener\u00e1ci\u00f3knak m\u00e1r term\u00e9szetes, hogy a munkahelyi well-being, a ment\u00e1lis eg\u00e9szs\u00e9g t\u00e1mogat\u00e1sa \u00e9s a vezet\u0151 emberi hiteless\u00e9ge <b>nem extr\u00e1k<\/b>, hanem alapvet\u0151 elv\u00e1r\u00e1sok. Ez\u00e9rt a \u201e<b>luxus<\/b>\u201d \u00e9rzelmi reziliencia a fiatalabb koll\u00e9g\u00e1k szem\u00e9ben nem aff\u00e9le extravag\u00e1ns k\u00fcl\u00f6ncs\u00e9g, hanem a <b>j\u00f6v\u0151 vezet\u0151i standardja<\/b>. Akik ezt felismerik \u00e9s be\u00e9p\u00edtik a strat\u00e9gi\u00e1jukba, el\u0151nnyel indulnak a tehets\u00e9gek megszerz\u00e9s\u00e9\u00e9rt folytatott harcban.<\/p>\n<h2>\u00d6sszegz\u00e9s: \u00c9rzelmi intelligencia mint a vezet\u0151i luxus \u00faj defin\u00edci\u00f3ja<\/h2>\n<p>A 21. sz\u00e1zad fels\u0151vezet\u00e9s\u00e9ben a klasszikus \u00e9rtelemben vett luxus \u2013 a dr\u00e1ga aut\u00f3k, a f\u00e9ny\u0171z\u0151 iroda vagy a VIP-rendezv\u00e9nyek \u2013 lassan <i>szimb\u00f3lumm\u00e1<\/i> v\u00e1lnak, de \u00f6nmagukban m\u00e1r nem elegend\u0151k a val\u00f3di preszt\u00edzs kifejez\u00e9s\u00e9re. Az igazi elit ma m\u00e1r nem csak a k\u00fcls\u0151s\u00e9gekre figyel, hanem arra is, hogy a vezet\u0151 milyen bels\u0151 k\u00e9pess\u00e9gekkel b\u00edr, hogyan kommunik\u00e1l a v\u00e1ls\u00e1gos helyzetekben, milyen <b>emberi \u00e9rt\u00e9keket<\/b> k\u00f6zvet\u00edt, \u00e9s hogyan k\u00e9pes a szervezetet lelkileg is <i>megtart\u00f3<\/i> m\u00f3don ir\u00e1ny\u00edtani.<\/p>\n<p>Ebb\u0151l a szemsz\u00f6gb\u0151l n\u00e9zve az \u00e9rzelmi intelligencia val\u00f3di, <b>\u00faj defin\u00edci\u00f3ja<\/b> a vezet\u0151i luxusnak. Nem a felsz\u00ednes csillog\u00e1sr\u00f3l van sz\u00f3, hanem az \u00f6nismeret, a reziliencia, a m\u00e1sok ir\u00e1nti \u00e9rz\u00e9kenys\u00e9g \u00e9s a konstrukt\u00edv konfliktuskezel\u00e9s olyan <b>kifinomult<\/b> egy\u00fcttes\u00e9r\u0151l, amely <i>m\u0171v\u00e9szi \u00e9rt\u00e9ket<\/i> hordoz. A \u201e<b>luxus \u00e9rzelmi reziliencia<\/b>\u201d \u00edgy lesz preszt\u00edzst\u00e9nyez\u0151 a fels\u0151vezet\u0151k k\u00f6r\u00e9ben: egy olyan min\u0151s\u00e9g, amely kit\u0171nik a t\u00f6megb\u0151l, \u00e9s bels\u0151 \u00e9rt\u00e9keket \u00e1ll\u00edt reflektorf\u00e9nybe.<\/p>\n<p>A j\u00f6v\u0151 legink\u00e1bb a holisztikus szeml\u00e9let\u0171, integrat\u00edv gondolkod\u00e1ssal rendelkez\u0151 fels\u0151vezet\u0151k\u00e9, akik egyszerre uralj\u00e1k a <b>szakmai<\/b> \u00e9s az <b>\u00e9rzelmi<\/b> dimenzi\u00f3kat, \u00e9s akik er\u0151s embers\u00e9get, hat\u00e1rozott c\u00e9lokat, valamint etikus attit\u0171d\u00f6t k\u00e9pviselnek. Ezek a vezet\u0151k a saj\u00e1t bels\u0151 harm\u00f3ni\u00e1jukat adj\u00e1k tov\u00e1bb a szervezetnek, \u00e9s \u201e<b>Emotional Luxury<\/b>\u201d keretrendszerben \u00e9p\u00edtenek olyan munkahelyeket, ahol a min\u0151s\u00e9g \u00e9s a produktivit\u00e1s <b>k\u00e9z a k\u00e9zben j\u00e1r<\/b> a lelki j\u00f3ll\u00e9ttel. Itt v\u00e1lik l\u00e1that\u00f3v\u00e1, hogy az \u00e9rzelmi intelligencia nem csak \u201esoft skill\u201d, hanem a <i>legkem\u00e9nyebb strat\u00e9giai \u00e9s \u00fczleti kih\u00edv\u00e1sok<\/i> kezel\u00e9s\u00e9nek <b>legmodernebb eszk\u00f6ze<\/b>.<\/p>\n<p>Aki belekezd ebbe az \u00fajszer\u0171, emberibb \u00e9s m\u00e9gis rendk\u00edv\u00fcl professzion\u00e1lis vezet\u0151i \u00faton, egyfel\u0151l saj\u00e1t mag\u00e1t fejleszti \u00e9s stabiliz\u00e1lja \u2013 hiszen a kr\u00edzisek, v\u00e1ltoz\u00e1sok k\u00f6zepette is meg\u0151rzi a bels\u0151 nyugalm\u00e1t \u00e9s f\u00f3kusz\u00e1t \u2013, m\u00e1sfel\u0151l hatalmas aj\u00e1nd\u00e9kot ad a munkat\u00e1rsaknak \u00e9s a c\u00e9gnek. Ez a vezet\u0151 nem csup\u00e1n kit\u0171n\u0151 m\u00e9rlegadatokat \u00e9s kimagasl\u00f3 p\u00e9nz\u00fcgyi mutat\u00f3kat tud felmutatni, hanem <b>olyan l\u00e9gk\u00f6rt teremt<\/b>, amely a tehets\u00e9gek \u00e9s az \u00fcgyfelek szem\u00e9ben val\u00f3di luxus\u00e9lm\u00e9nyt jelent. Azaz el\u00e9rte azt az \u00e1llapotot, amit nyugodtan nevezhet\u00fcnk az <b>\u00e9rzelmi intelligencia aranykor\u00e1nak<\/b> a fels\u0151vezet\u00e9sben \u2013 a <b>luxus\u00e9rzet<\/b> \u00e9s a <b>val\u00f3di emberi \u00e9rt\u00e9kek<\/b> minden el\u0151ny\u00e9vel egy\u00fctt.<\/p>\n","protected":false},"excerpt":{"rendered":"<p>A fels\u0151vezet\u0151k vil\u00e1g\u00e1ban sok\u00e1ig a racionalit\u00e1s, az \u00fczleti ismeretek \u00e9s az anyagi sikerek voltak a f\u0151 preszt\u00edzst\u00e9nyez\u0151k. Egy kiv\u00e1l\u00f3 menedzserr\u0151l az a k\u00e9p alakult ki, hogy magabiztosan t\u00e1rgyal, t\u00f6k\u00e9letesen ismeri a piacot, \u00e9s h\u0171v\u00f6s profi, aki nem hagyja, hogy az \u00e9rzelmei befoly\u00e1solj\u00e1k a d\u00f6nt\u00e9seit. M\u00e1ra azonban a tendencia megv\u00e1ltozott. Egyre t\u00f6bb c\u00e9g \u00e9s befoly\u00e1sos vezet\u0151&#8230;<\/p>\n","protected":false},"author":1,"featured_media":1034,"comment_status":"closed","ping_status":"open","sticky":false,"template":"","format":"standard","meta":{"footnotes":""},"categories":[34],"tags":[],"class_list":["post-1033","post","type-post","status-publish","format-standard","has-post-thumbnail","hentry","category-business-coaching-egerben"],"yoast_head":"<!-- This site is optimized with the Yoast SEO plugin v27.5 - https:\/\/yoast.com\/product\/yoast-seo-wordpress\/ -->\n<title>\u00c9rzelmi intelligencia a fels\u0151vezet\u00e9sben \u2013 Emotional Luxury<\/title>\n<meta name=\"robots\" content=\"index, follow, max-snippet:-1, max-image-preview:large, max-video-preview:-1\" \/>\n<link rel=\"canonical\" href=\"https:\/\/egercoach.hu\/blog\/erzelmi-intelligencia-a-felsovezetesben-emotional-luxury\/\" \/>\n<meta property=\"og:locale\" content=\"hu_HU\" \/>\n<meta property=\"og:type\" content=\"article\" \/>\n<meta property=\"og:title\" content=\"\u00c9rzelmi intelligencia a fels\u0151vezet\u00e9sben \u2013 Emotional Luxury\" \/>\n<meta property=\"og:description\" content=\"A fels\u0151vezet\u0151k vil\u00e1g\u00e1ban sok\u00e1ig a racionalit\u00e1s, az \u00fczleti ismeretek \u00e9s az anyagi sikerek voltak a f\u0151 preszt\u00edzst\u00e9nyez\u0151k. Egy kiv\u00e1l\u00f3 menedzserr\u0151l az a k\u00e9p alakult ki, hogy magabiztosan t\u00e1rgyal, t\u00f6k\u00e9letesen ismeri a piacot, \u00e9s h\u0171v\u00f6s profi, aki nem hagyja, hogy az \u00e9rzelmei befoly\u00e1solj\u00e1k a d\u00f6nt\u00e9seit. M\u00e1ra azonban a tendencia megv\u00e1ltozott. Egyre t\u00f6bb c\u00e9g \u00e9s befoly\u00e1sos vezet\u0151...\" \/>\n<meta property=\"og:url\" content=\"https:\/\/egercoach.hu\/blog\/erzelmi-intelligencia-a-felsovezetesben-emotional-luxury\/\" \/>\n<meta property=\"og:site_name\" content=\"Az Egri Coach Blogja\" \/>\n<meta property=\"article:publisher\" content=\"https:\/\/www.facebook.com\/eger.coach\" \/>\n<meta property=\"article:published_time\" content=\"2025-05-29T20:04:23+00:00\" \/>\n<meta property=\"og:image\" content=\"https:\/\/egercoach.hu\/blog\/wp-content\/uploads\/2025\/05\/successful-team-leader-manager-ceo-market-leader-and-another-business-leading-concepts-standing.jpg\" \/>\n\t<meta property=\"og:image:width\" content=\"1500\" \/>\n\t<meta property=\"og:image:height\" content=\"1000\" \/>\n\t<meta property=\"og:image:type\" content=\"image\/jpeg\" \/>\n<meta name=\"author\" content=\"Dajka G\u00e1bor\" \/>\n<meta name=\"twitter:card\" content=\"summary_large_image\" \/>\n<meta name=\"twitter:label1\" content=\"Szerz\u0151:\" \/>\n\t<meta name=\"twitter:data1\" content=\"Dajka G\u00e1bor\" \/>\n\t<meta name=\"twitter:label2\" content=\"Becs\u00fclt olvas\u00e1si id\u0151\" \/>\n\t<meta name=\"twitter:data2\" content=\"17 perc\" \/>\n<script type=\"application\/ld+json\" class=\"yoast-schema-graph\">{\"@context\":\"https:\\\/\\\/schema.org\",\"@graph\":[{\"@type\":\"Article\",\"@id\":\"https:\\\/\\\/egercoach.hu\\\/blog\\\/erzelmi-intelligencia-a-felsovezetesben-emotional-luxury\\\/#article\",\"isPartOf\":{\"@id\":\"https:\\\/\\\/egercoach.hu\\\/blog\\\/erzelmi-intelligencia-a-felsovezetesben-emotional-luxury\\\/\"},\"author\":{\"name\":\"Dajka G\u00e1bor\",\"@id\":\"https:\\\/\\\/egercoach.hu\\\/blog\\\/#\\\/schema\\\/person\\\/afc73367aa314ca33a9c8d3b88dce6e7\"},\"headline\":\"\u00c9rzelmi intelligencia a fels\u0151vezet\u00e9sben \u2013 Emotional Luxury\",\"datePublished\":\"2025-05-29T20:04:23+00:00\",\"mainEntityOfPage\":{\"@id\":\"https:\\\/\\\/egercoach.hu\\\/blog\\\/erzelmi-intelligencia-a-felsovezetesben-emotional-luxury\\\/\"},\"wordCount\":4474,\"publisher\":{\"@id\":\"https:\\\/\\\/egercoach.hu\\\/blog\\\/#organization\"},\"image\":{\"@id\":\"https:\\\/\\\/egercoach.hu\\\/blog\\\/erzelmi-intelligencia-a-felsovezetesben-emotional-luxury\\\/#primaryimage\"},\"thumbnailUrl\":\"https:\\\/\\\/egercoach.hu\\\/blog\\\/wp-content\\\/uploads\\\/2025\\\/05\\\/successful-team-leader-manager-ceo-market-leader-and-another-business-leading-concepts-standing.jpg\",\"articleSection\":[\"Business coaching Egerben\"],\"inLanguage\":\"hu\"},{\"@type\":\"WebPage\",\"@id\":\"https:\\\/\\\/egercoach.hu\\\/blog\\\/erzelmi-intelligencia-a-felsovezetesben-emotional-luxury\\\/\",\"url\":\"https:\\\/\\\/egercoach.hu\\\/blog\\\/erzelmi-intelligencia-a-felsovezetesben-emotional-luxury\\\/\",\"name\":\"\u00c9rzelmi intelligencia a fels\u0151vezet\u00e9sben \u2013 Emotional Luxury\",\"isPartOf\":{\"@id\":\"https:\\\/\\\/egercoach.hu\\\/blog\\\/#website\"},\"primaryImageOfPage\":{\"@id\":\"https:\\\/\\\/egercoach.hu\\\/blog\\\/erzelmi-intelligencia-a-felsovezetesben-emotional-luxury\\\/#primaryimage\"},\"image\":{\"@id\":\"https:\\\/\\\/egercoach.hu\\\/blog\\\/erzelmi-intelligencia-a-felsovezetesben-emotional-luxury\\\/#primaryimage\"},\"thumbnailUrl\":\"https:\\\/\\\/egercoach.hu\\\/blog\\\/wp-content\\\/uploads\\\/2025\\\/05\\\/successful-team-leader-manager-ceo-market-leader-and-another-business-leading-concepts-standing.jpg\",\"datePublished\":\"2025-05-29T20:04:23+00:00\",\"breadcrumb\":{\"@id\":\"https:\\\/\\\/egercoach.hu\\\/blog\\\/erzelmi-intelligencia-a-felsovezetesben-emotional-luxury\\\/#breadcrumb\"},\"inLanguage\":\"hu\",\"potentialAction\":[{\"@type\":\"ReadAction\",\"target\":[\"https:\\\/\\\/egercoach.hu\\\/blog\\\/erzelmi-intelligencia-a-felsovezetesben-emotional-luxury\\\/\"]}]},{\"@type\":\"ImageObject\",\"inLanguage\":\"hu\",\"@id\":\"https:\\\/\\\/egercoach.hu\\\/blog\\\/erzelmi-intelligencia-a-felsovezetesben-emotional-luxury\\\/#primaryimage\",\"url\":\"https:\\\/\\\/egercoach.hu\\\/blog\\\/wp-content\\\/uploads\\\/2025\\\/05\\\/successful-team-leader-manager-ceo-market-leader-and-another-business-leading-concepts-standing.jpg\",\"contentUrl\":\"https:\\\/\\\/egercoach.hu\\\/blog\\\/wp-content\\\/uploads\\\/2025\\\/05\\\/successful-team-leader-manager-ceo-market-leader-and-another-business-leading-concepts-standing.jpg\",\"width\":1500,\"height\":1000,\"caption\":\"Successful team leader manager, CEO, market leader and another business leading concepts. Standing\"},{\"@type\":\"BreadcrumbList\",\"@id\":\"https:\\\/\\\/egercoach.hu\\\/blog\\\/erzelmi-intelligencia-a-felsovezetesben-emotional-luxury\\\/#breadcrumb\",\"itemListElement\":[{\"@type\":\"ListItem\",\"position\":1,\"name\":\"Kezd\u0151lap\",\"item\":\"https:\\\/\\\/egercoach.hu\\\/blog\\\/\"},{\"@type\":\"ListItem\",\"position\":2,\"name\":\"\u00c9rzelmi intelligencia a fels\u0151vezet\u00e9sben \u2013 Emotional Luxury\"}]},{\"@type\":\"WebSite\",\"@id\":\"https:\\\/\\\/egercoach.hu\\\/blog\\\/#website\",\"url\":\"https:\\\/\\\/egercoach.hu\\\/blog\\\/\",\"name\":\"Eger Coach Blog\",\"description\":\"\",\"publisher\":{\"@id\":\"https:\\\/\\\/egercoach.hu\\\/blog\\\/#organization\"},\"potentialAction\":[{\"@type\":\"SearchAction\",\"target\":{\"@type\":\"EntryPoint\",\"urlTemplate\":\"https:\\\/\\\/egercoach.hu\\\/blog\\\/?s={search_term_string}\"},\"query-input\":{\"@type\":\"PropertyValueSpecification\",\"valueRequired\":true,\"valueName\":\"search_term_string\"}}],\"inLanguage\":\"hu\"},{\"@type\":\"Organization\",\"@id\":\"https:\\\/\\\/egercoach.hu\\\/blog\\\/#organization\",\"name\":\"Eger Coach Blog\",\"url\":\"https:\\\/\\\/egercoach.hu\\\/blog\\\/\",\"logo\":{\"@type\":\"ImageObject\",\"inLanguage\":\"hu\",\"@id\":\"https:\\\/\\\/egercoach.hu\\\/blog\\\/#\\\/schema\\\/logo\\\/image\\\/\",\"url\":\"https:\\\/\\\/egercoach.hu\\\/blog\\\/wp-content\\\/uploads\\\/2025\\\/05\\\/cropped-Eger.png\",\"contentUrl\":\"https:\\\/\\\/egercoach.hu\\\/blog\\\/wp-content\\\/uploads\\\/2025\\\/05\\\/cropped-Eger.png\",\"width\":500,\"height\":169,\"caption\":\"Eger Coach Blog\"},\"image\":{\"@id\":\"https:\\\/\\\/egercoach.hu\\\/blog\\\/#\\\/schema\\\/logo\\\/image\\\/\"},\"sameAs\":[\"https:\\\/\\\/www.facebook.com\\\/eger.coach\"]},{\"@type\":\"Person\",\"@id\":\"https:\\\/\\\/egercoach.hu\\\/blog\\\/#\\\/schema\\\/person\\\/afc73367aa314ca33a9c8d3b88dce6e7\",\"name\":\"Dajka G\u00e1bor\",\"image\":{\"@type\":\"ImageObject\",\"inLanguage\":\"hu\",\"@id\":\"https:\\\/\\\/secure.gravatar.com\\\/avatar\\\/81566ea1e2b3466baa03e9bdcdaa835f58564d8be90057a45f3e61711dc8a063?s=96&d=mm&r=g\",\"url\":\"https:\\\/\\\/secure.gravatar.com\\\/avatar\\\/81566ea1e2b3466baa03e9bdcdaa835f58564d8be90057a45f3e61711dc8a063?s=96&d=mm&r=g\",\"contentUrl\":\"https:\\\/\\\/secure.gravatar.com\\\/avatar\\\/81566ea1e2b3466baa03e9bdcdaa835f58564d8be90057a45f3e61711dc8a063?s=96&d=mm&r=g\",\"caption\":\"Dajka G\u00e1bor\"},\"sameAs\":[\"https:\\\/\\\/egercoach.hu\\\/blog\"],\"url\":\"https:\\\/\\\/egercoach.hu\\\/blog\\\/author\\\/adminka\\\/\"}]}<\/script>\n<!-- \/ Yoast SEO plugin. -->","yoast_head_json":{"title":"\u00c9rzelmi intelligencia a fels\u0151vezet\u00e9sben \u2013 Emotional Luxury","robots":{"index":"index","follow":"follow","max-snippet":"max-snippet:-1","max-image-preview":"max-image-preview:large","max-video-preview":"max-video-preview:-1"},"canonical":"https:\/\/egercoach.hu\/blog\/erzelmi-intelligencia-a-felsovezetesben-emotional-luxury\/","og_locale":"hu_HU","og_type":"article","og_title":"\u00c9rzelmi intelligencia a fels\u0151vezet\u00e9sben \u2013 Emotional Luxury","og_description":"A fels\u0151vezet\u0151k vil\u00e1g\u00e1ban sok\u00e1ig a racionalit\u00e1s, az \u00fczleti ismeretek \u00e9s az anyagi sikerek voltak a f\u0151 preszt\u00edzst\u00e9nyez\u0151k. Egy kiv\u00e1l\u00f3 menedzserr\u0151l az a k\u00e9p alakult ki, hogy magabiztosan t\u00e1rgyal, t\u00f6k\u00e9letesen ismeri a piacot, \u00e9s h\u0171v\u00f6s profi, aki nem hagyja, hogy az \u00e9rzelmei befoly\u00e1solj\u00e1k a d\u00f6nt\u00e9seit. M\u00e1ra azonban a tendencia megv\u00e1ltozott. Egyre t\u00f6bb c\u00e9g \u00e9s befoly\u00e1sos vezet\u0151...","og_url":"https:\/\/egercoach.hu\/blog\/erzelmi-intelligencia-a-felsovezetesben-emotional-luxury\/","og_site_name":"Az Egri Coach Blogja","article_publisher":"https:\/\/www.facebook.com\/eger.coach","article_published_time":"2025-05-29T20:04:23+00:00","og_image":[{"width":1500,"height":1000,"url":"https:\/\/egercoach.hu\/blog\/wp-content\/uploads\/2025\/05\/successful-team-leader-manager-ceo-market-leader-and-another-business-leading-concepts-standing.jpg","type":"image\/jpeg"}],"author":"Dajka G\u00e1bor","twitter_card":"summary_large_image","twitter_misc":{"Szerz\u0151:":"Dajka G\u00e1bor","Becs\u00fclt olvas\u00e1si id\u0151":"17 perc"},"schema":{"@context":"https:\/\/schema.org","@graph":[{"@type":"Article","@id":"https:\/\/egercoach.hu\/blog\/erzelmi-intelligencia-a-felsovezetesben-emotional-luxury\/#article","isPartOf":{"@id":"https:\/\/egercoach.hu\/blog\/erzelmi-intelligencia-a-felsovezetesben-emotional-luxury\/"},"author":{"name":"Dajka G\u00e1bor","@id":"https:\/\/egercoach.hu\/blog\/#\/schema\/person\/afc73367aa314ca33a9c8d3b88dce6e7"},"headline":"\u00c9rzelmi intelligencia a fels\u0151vezet\u00e9sben \u2013 Emotional Luxury","datePublished":"2025-05-29T20:04:23+00:00","mainEntityOfPage":{"@id":"https:\/\/egercoach.hu\/blog\/erzelmi-intelligencia-a-felsovezetesben-emotional-luxury\/"},"wordCount":4474,"publisher":{"@id":"https:\/\/egercoach.hu\/blog\/#organization"},"image":{"@id":"https:\/\/egercoach.hu\/blog\/erzelmi-intelligencia-a-felsovezetesben-emotional-luxury\/#primaryimage"},"thumbnailUrl":"https:\/\/egercoach.hu\/blog\/wp-content\/uploads\/2025\/05\/successful-team-leader-manager-ceo-market-leader-and-another-business-leading-concepts-standing.jpg","articleSection":["Business coaching Egerben"],"inLanguage":"hu"},{"@type":"WebPage","@id":"https:\/\/egercoach.hu\/blog\/erzelmi-intelligencia-a-felsovezetesben-emotional-luxury\/","url":"https:\/\/egercoach.hu\/blog\/erzelmi-intelligencia-a-felsovezetesben-emotional-luxury\/","name":"\u00c9rzelmi intelligencia a fels\u0151vezet\u00e9sben \u2013 Emotional Luxury","isPartOf":{"@id":"https:\/\/egercoach.hu\/blog\/#website"},"primaryImageOfPage":{"@id":"https:\/\/egercoach.hu\/blog\/erzelmi-intelligencia-a-felsovezetesben-emotional-luxury\/#primaryimage"},"image":{"@id":"https:\/\/egercoach.hu\/blog\/erzelmi-intelligencia-a-felsovezetesben-emotional-luxury\/#primaryimage"},"thumbnailUrl":"https:\/\/egercoach.hu\/blog\/wp-content\/uploads\/2025\/05\/successful-team-leader-manager-ceo-market-leader-and-another-business-leading-concepts-standing.jpg","datePublished":"2025-05-29T20:04:23+00:00","breadcrumb":{"@id":"https:\/\/egercoach.hu\/blog\/erzelmi-intelligencia-a-felsovezetesben-emotional-luxury\/#breadcrumb"},"inLanguage":"hu","potentialAction":[{"@type":"ReadAction","target":["https:\/\/egercoach.hu\/blog\/erzelmi-intelligencia-a-felsovezetesben-emotional-luxury\/"]}]},{"@type":"ImageObject","inLanguage":"hu","@id":"https:\/\/egercoach.hu\/blog\/erzelmi-intelligencia-a-felsovezetesben-emotional-luxury\/#primaryimage","url":"https:\/\/egercoach.hu\/blog\/wp-content\/uploads\/2025\/05\/successful-team-leader-manager-ceo-market-leader-and-another-business-leading-concepts-standing.jpg","contentUrl":"https:\/\/egercoach.hu\/blog\/wp-content\/uploads\/2025\/05\/successful-team-leader-manager-ceo-market-leader-and-another-business-leading-concepts-standing.jpg","width":1500,"height":1000,"caption":"Successful team leader manager, CEO, market leader and another business leading concepts. Standing"},{"@type":"BreadcrumbList","@id":"https:\/\/egercoach.hu\/blog\/erzelmi-intelligencia-a-felsovezetesben-emotional-luxury\/#breadcrumb","itemListElement":[{"@type":"ListItem","position":1,"name":"Kezd\u0151lap","item":"https:\/\/egercoach.hu\/blog\/"},{"@type":"ListItem","position":2,"name":"\u00c9rzelmi intelligencia a fels\u0151vezet\u00e9sben \u2013 Emotional Luxury"}]},{"@type":"WebSite","@id":"https:\/\/egercoach.hu\/blog\/#website","url":"https:\/\/egercoach.hu\/blog\/","name":"Eger Coach Blog","description":"","publisher":{"@id":"https:\/\/egercoach.hu\/blog\/#organization"},"potentialAction":[{"@type":"SearchAction","target":{"@type":"EntryPoint","urlTemplate":"https:\/\/egercoach.hu\/blog\/?s={search_term_string}"},"query-input":{"@type":"PropertyValueSpecification","valueRequired":true,"valueName":"search_term_string"}}],"inLanguage":"hu"},{"@type":"Organization","@id":"https:\/\/egercoach.hu\/blog\/#organization","name":"Eger Coach Blog","url":"https:\/\/egercoach.hu\/blog\/","logo":{"@type":"ImageObject","inLanguage":"hu","@id":"https:\/\/egercoach.hu\/blog\/#\/schema\/logo\/image\/","url":"https:\/\/egercoach.hu\/blog\/wp-content\/uploads\/2025\/05\/cropped-Eger.png","contentUrl":"https:\/\/egercoach.hu\/blog\/wp-content\/uploads\/2025\/05\/cropped-Eger.png","width":500,"height":169,"caption":"Eger Coach Blog"},"image":{"@id":"https:\/\/egercoach.hu\/blog\/#\/schema\/logo\/image\/"},"sameAs":["https:\/\/www.facebook.com\/eger.coach"]},{"@type":"Person","@id":"https:\/\/egercoach.hu\/blog\/#\/schema\/person\/afc73367aa314ca33a9c8d3b88dce6e7","name":"Dajka G\u00e1bor","image":{"@type":"ImageObject","inLanguage":"hu","@id":"https:\/\/secure.gravatar.com\/avatar\/81566ea1e2b3466baa03e9bdcdaa835f58564d8be90057a45f3e61711dc8a063?s=96&d=mm&r=g","url":"https:\/\/secure.gravatar.com\/avatar\/81566ea1e2b3466baa03e9bdcdaa835f58564d8be90057a45f3e61711dc8a063?s=96&d=mm&r=g","contentUrl":"https:\/\/secure.gravatar.com\/avatar\/81566ea1e2b3466baa03e9bdcdaa835f58564d8be90057a45f3e61711dc8a063?s=96&d=mm&r=g","caption":"Dajka G\u00e1bor"},"sameAs":["https:\/\/egercoach.hu\/blog"],"url":"https:\/\/egercoach.hu\/blog\/author\/adminka\/"}]}},"_links":{"self":[{"href":"https:\/\/egercoach.hu\/blog\/wp-json\/wp\/v2\/posts\/1033","targetHints":{"allow":["GET"]}}],"collection":[{"href":"https:\/\/egercoach.hu\/blog\/wp-json\/wp\/v2\/posts"}],"about":[{"href":"https:\/\/egercoach.hu\/blog\/wp-json\/wp\/v2\/types\/post"}],"author":[{"embeddable":true,"href":"https:\/\/egercoach.hu\/blog\/wp-json\/wp\/v2\/users\/1"}],"replies":[{"embeddable":true,"href":"https:\/\/egercoach.hu\/blog\/wp-json\/wp\/v2\/comments?post=1033"}],"version-history":[{"count":0,"href":"https:\/\/egercoach.hu\/blog\/wp-json\/wp\/v2\/posts\/1033\/revisions"}],"wp:featuredmedia":[{"embeddable":true,"href":"https:\/\/egercoach.hu\/blog\/wp-json\/wp\/v2\/media\/1034"}],"wp:attachment":[{"href":"https:\/\/egercoach.hu\/blog\/wp-json\/wp\/v2\/media?parent=1033"}],"wp:term":[{"taxonomy":"category","embeddable":true,"href":"https:\/\/egercoach.hu\/blog\/wp-json\/wp\/v2\/categories?post=1033"},{"taxonomy":"post_tag","embeddable":true,"href":"https:\/\/egercoach.hu\/blog\/wp-json\/wp\/v2\/tags?post=1033"}],"curies":[{"name":"wp","href":"https:\/\/api.w.org\/{rel}","templated":true}]}}