{"id":1063,"date":"2025-05-30T21:14:27","date_gmt":"2025-05-30T19:14:27","guid":{"rendered":"https:\/\/egercoach.hu\/blog\/?p=1063"},"modified":"2025-05-30T21:14:27","modified_gmt":"2025-05-30T19:14:27","slug":"meddig-normalis-szenvedni-egy-szakitas-utan-mi-a-kulonbseg-az-egeszseges-gyasz-es-a-patologias-gyasz-kozott","status":"publish","type":"post","link":"https:\/\/egercoach.hu\/blog\/meddig-normalis-szenvedni-egy-szakitas-utan-mi-a-kulonbseg-az-egeszseges-gyasz-es-a-patologias-gyasz-kozott\/","title":{"rendered":"Meddig norm\u00e1lis szenvedni egy szak\u00edt\u00e1s ut\u00e1n? \u2013 Mi a k\u00fcl\u00f6nbs\u00e9g az eg\u00e9szs\u00e9ges gy\u00e1sz \u00e9s a patol\u00f3gi\u00e1s gy\u00e1sz k\u00f6z\u00f6tt?"},"content":{"rendered":"<p>A szak\u00edt\u00e1s ut\u00e1ni id\u0151szakot nagyon sokan \u00e9lik meg a sz\u00f3 szoros \u00e9rtelm\u00e9ben vett gy\u00e1szk\u00e9nt: \u00fcress\u00e9g, bizonytalans\u00e1g, \u00e9s egy bels\u0151 lelki folyamat, ami id\u0151nk\u00e9nt teljesen fel\u0151rli az embert. Ugyanakkor mindig felmer\u00fcl a k\u00e9rd\u00e9s: meddig sz\u00e1m\u00edt \u201enorm\u00e1lisnak\u201d szenvedni? Mikor nevezhetj\u00fck ezt term\u00e9szetes reakci\u00f3nak, \u00e9s mikort\u00f3l besz\u00e9l\u00fcnk m\u00e1r patol\u00f3gi\u00e1s, azaz k\u00f3ross\u00e1 v\u00e1l\u00f3 gy\u00e1szr\u00f3l? \u00c9rdemes tiszt\u00e1zni, hogy ezek a hat\u00e1rok nem mindig \u00e9lesek, viszont l\u00e9teznek \u00e1rulkod\u00f3 jelek, amelyek seg\u00edtenek felismerni, ha m\u00e1r nem egy szok\u00e1sos vesztes\u00e9gfeldolgoz\u00e1si folyamatr\u00f3l van sz\u00f3. Ebben a cikkben arr\u00f3l \u00edrok, hogy mik\u00e9nt alakulnak az eg\u00e9szs\u00e9ges \u00e9s a patol\u00f3gi\u00e1s gy\u00e1sz jellemz\u0151i, mi\u00e9rt olyan er\u0151s ez a f\u00e1jdalom neurol\u00f3giai \u00e9s pszichol\u00f3giai szempontb\u00f3l, \u00e9s hogyan tudjuk id\u0151ben felismerni, ha k\u00fcls\u0151 seg\u00edts\u00e9gre van sz\u00fcks\u00e9g\u00fcnk.<\/p>\n<h2>Mi\u00e9rt olyan s\u00falyos \u00e9rzelmi teher a szak\u00edt\u00e1s?<\/h2>\n<p>A szak\u00edt\u00e1st sokan al\u00e1becs\u00fclik, pedig egy komoly \u00e9rzelmi trauma is lehet, ami hasonl\u00edt a hal\u00e1leset ut\u00e1ni gy\u00e1szra. Az agy ilyenkor olyan ter\u00fcleteket aktiv\u00e1l, amelyek a f\u00e1jdalom\u00e9rzet\u00e9rt, a vesztes\u00e9g \u00e9s a f\u00e9lelem\u00e9rzet meg\u00e9l\u00e9s\u00e9\u00e9rt felelnek. R\u00e1ad\u00e1sul a kapcsolatban fel\u00e9p\u00edtett <i>biol\u00f3giai \u00e9s hormon\u00e1lis h\u00e1l\u00f3<\/i> (oxitocin, dopamin, szerotonin) hirtelen megbomlik, ami sz\u00f3 szerint olyan, mintha \u201eelvon\u00e1si t\u00fcneteket\u201d \u00e9ln\u00e9l \u00e1t. Nem v\u00e9letlen, hogy sokan ilyenkor kimer\u00fcltek, demotiv\u00e1ltak, \u00e9s nehezen tudnak koncentr\u00e1lni a mindennapi teend\u0151kre. Egy 2023-ban k\u00e9sz\u00fclt \u00e1tfog\u00f3 felm\u00e9r\u00e9s szerint a szak\u00edt\u00e1si stressz k\u00f6zel 70%-ban hoz mag\u00e1val valamilyen szint\u0171 fiziol\u00f3giai t\u00fcnetet is (p\u00e9ld\u00e1ul alv\u00e1szavart, gyomorpanaszokat vagy fejf\u00e1j\u00e1st). Ez r\u00e1mutat, hogy a szak\u00edt\u00e1st igenis komolyan kell venn\u00fcnk, \u00e9s nem elegend\u0151 annyi, hogy \u201etedd t\u00fal magad rajta\u201d vagy \u201ekeress valaki m\u00e1st\u201d.<\/p>\n<p>Az evol\u00faci\u00f3s <a href=\"https:\/\/egercoach.hu\/blog\/mi-a-pszichologia-a-lelek-es-elme-tudomanyanak-atfogo-bemutatasa\/\">pszichol\u00f3gia<\/a> is magyar\u00e1zatot ad a jelens\u00e9gre. \u0150seink sz\u00e1m\u00e1ra a p\u00e1rkapcsolat \u00e9s a csal\u00e1d jelentette a t\u00fal\u00e9l\u00e9st: a gyermekeink biztons\u00e1g\u00e1t, a k\u00f6z\u00f6ss\u00e9gben bet\u00f6lt\u00f6tt st\u00e1tuszt, a fizikai v\u00e9delmet \u00e9s az er\u0151forr\u00e1sokat. Ha v\u00e9ge szakadt egy kapcsolatnak, annak komoly t\u00e9tje volt. Noha ma m\u00e1sk\u00e9pp \u00e9l\u00fcnk, az agyunk \u0151si r\u00e9tegei m\u00e9gis \u00fagy reag\u00e1lnak a szak\u00edt\u00e1sra, mintha vesz\u00e9lybe ker\u00fclne a fennmarad\u00e1sunk. Innen ered a m\u00e9ly, \u00f6szt\u00f6n\u00f6s f\u00e1jdalom \u00e9s a szorong\u00e1s.<\/p>\n<h2>Az eg\u00e9szs\u00e9ges gy\u00e1sz folyamata: mi f\u00e9r bele?<\/h2>\n<p>Sokszor halljuk, hogy a f\u00e1jdalomnak is \u201emegvan a maga ideje\u201d. \u00c1ltal\u00e1nosan elfogadott, hogy a szak\u00edt\u00e1s ut\u00e1ni gy\u00e1szreakci\u00f3 ak\u00e1r t\u00f6bb h\u00e9tig, s\u0151t n\u00e9h\u00e1ny h\u00f3napig is tarthat. Az \u00e9letkor, a kapcsolat hossza \u00e9s intenzit\u00e1sa, valamint a szem\u00e9lyis\u00e9gjegyek mind befoly\u00e1solj\u00e1k, mennyi id\u0151 kell, am\u00edg \u00fajra egyens\u00falyba ker\u00fclsz. \u00c1ltal\u00e1ban az eg\u00e9szs\u00e9ges gy\u00e1sz a k\u00f6vetkez\u0151 jellemz\u0151 f\u00e1zisokon megy kereszt\u00fcl, b\u00e1r nem mindig line\u00e1risan:<\/p>\n<ol>\n<li><b>Tagad\u00e1s, sokk:<\/b> Nehezen fogadod el, hogy ez t\u00e9nyleg megt\u00f6rt\u00e9nt. M\u00e9g tele vagy rem\u00e9nnyel, hogy tal\u00e1n visszaford\u00edthat\u00f3 a folyamat.<\/li>\n<li><b>Harag, alkudoz\u00e1s:<\/b> B\u0171nbakot keresel, d\u00fch\u00f6s vagy a helyzetre, a volt partneredre, de ak\u00e1r saj\u00e1t magadra is. Igyekszel (ak\u00e1r \u00e9sszer\u0171tlen) m\u00f3dokon visszahozni a r\u00e9git.<\/li>\n<li><b>Szomor\u00fas\u00e1g, depressz\u00edv hangulat:<\/b> Bez\u00e1rk\u00f3zhatsz, levertt\u00e9 v\u00e1lhatsz. Ezt azonban a gy\u00e1sz term\u00e9szetes r\u00e9szek\u00e9nt \u00e9rdemes kezelni, am\u00edg nem v\u00e1lik s\u00falyoss\u00e1.<\/li>\n<li><b>Elfogad\u00e1s, \u00fajratervez\u00e9s:<\/b> Lassacsk\u00e1n tudatosul benned, hogy t\u00e9nyleg v\u00e9ge, \u00e9s elkezdesz egy \u00faj j\u00f6v\u0151t \u00e9p\u00edteni.<\/li>\n<\/ol>\n<p>A l\u00e9nyeg, hogy az eg\u00e9szs\u00e9ges gy\u00e1szban, m\u00e9g ha f\u00e1jdalmas is, <i>fokozatos<\/i> javul\u00e1st \u00e9rz\u00e9kelsz. Elkezd \u00fajra felbukkanni az \u00e9letkedved, a mindennapi rutinod vissza\u00e1ll vagy legal\u00e1bbis javul, \u00e9s egyre kevesebb id\u0151t t\u00f6ltesz azzal, hogy a m\u00falton r\u00e1g\u00f3dsz. Ha el\u00e9rkezel arra a pontra, hogy a szak\u00edt\u00e1st elfogadva tudsz a j\u00f6v\u0151dre koncentr\u00e1lni, akkor nagy val\u00f3sz\u00edn\u0171s\u00e9ggel egy eg\u00e9szs\u00e9ges gy\u00e1szfolyamaton ment\u00e9l v\u00e9gig.<\/p>\n<blockquote><p>\u201eA norm\u00e1lis gy\u00e1szra jellemz\u0151, hogy b\u00e1r f\u00e1j, lassacsk\u00e1n egyre t\u00f6bb rem\u00e9ny \u00e9s nyitotts\u00e1g jelenik meg a j\u00f6v\u0151 ir\u00e1nt.\u201d<\/p><\/blockquote>\n<h2>Mikor besz\u00e9lhet\u00fcnk patol\u00f3gi\u00e1s, azaz k\u00f3ros gy\u00e1szr\u00f3l?<\/h2>\n<p>El\u0151fordulhat azonban, hogy a szak\u00edt\u00e1st k\u00f6vet\u0151 szenved\u00e9s szinte <b>megreked<\/b> egy szinten. Hi\u00e1ba telnek a h\u00f3napok, vagy ak\u00e1r az \u00e9v, a f\u00e1jdalom nem enyh\u00fcl, s\u0151t, m\u00e9g fokoz\u00f3dhat is. Ilyenkor besz\u00e9l\u00fcnk patol\u00f3gi\u00e1s vagy k\u00f3ros gy\u00e1szr\u00f3l, amikor m\u00e1r komolyan vesz\u00e9lybe ker\u00fcl a mindennapi m\u0171k\u00f6d\u00e9s \u00e9s az illet\u0151 ment\u00e1lis eg\u00e9szs\u00e9ge. Egy 2024-es kutat\u00e1sban 600 szak\u00edt\u00e1son \u00e1tesett egy\u00e9nt vizsg\u00e1ltak, \u00e9s azt tal\u00e1lt\u00e1k, hogy az \u00e9rintettek 15%-\u00e1n\u00e1l jelentkeztek <i>k\u00f3ros gy\u00e1szreakci\u00f3k<\/i>, p\u00e9ld\u00e1ul tart\u00f3san fenn\u00e1ll\u00f3 depresszi\u00f3, folytonos k\u00e9ptelens\u00e9g a volt partner eml\u00e9k\u00e9nek elenged\u00e9s\u00e9re, \u00e1lland\u00f3 \u00f6nb\u00fcntet\u00e9s vagy \u00f6ns\u00e9rt\u0151 gondolatok.<\/p>\n<p>A patol\u00f3gi\u00e1s gy\u00e1szt gyakran olyan tov\u00e1bbi probl\u00e9m\u00e1k is k\u00eds\u00e9rik, mint:<\/p>\n<ul>\n<li>Kr\u00f3nikus alv\u00e1szavarok, amelyek h\u00f3napokon \u00e1t sem enyh\u00fclnek<\/li>\n<li>Sz\u00e9ls\u0151s\u00e9ges szorong\u00e1s vagy p\u00e1nikrohamok<\/li>\n<li>T\u00e1rsas kapcsolatok teljes hanyagol\u00e1sa, izol\u00e1ci\u00f3<\/li>\n<li>\u00c1lland\u00f3, k\u00ednz\u00f3 \u00f6nhib\u00e1ztat\u00e1s, melynek nincs re\u00e1lis alapja<\/li>\n<li>\u00d6n\u00e9rt\u00e9kel\u00e9si v\u00e1ls\u00e1g, amely egyre s\u00falyosabb\u00e1 v\u00e1lik, \u00e9s ak\u00e1r pszichotikus t\u00fcnetekkel is t\u00e1rsulhat<\/li>\n<\/ul>\n<p>Ezek a t\u00fcnetek azt jelzik, hogy a szok\u00e1sos gy\u00e1szfolyamat megrekedt, \u00e9s m\u00e1r sz\u00fcks\u00e9g lehet szakember, ak\u00e1r pszichoterapeuta vagy orvos bevon\u00e1s\u00e1ra. Ez nem gyenges\u00e9g vagy \u201et\u00falz\u00e1s\u201d, hanem egy val\u00f3s, diagnosztiz\u00e1lhat\u00f3 \u00e1llapot, ami \u2013 ahogy b\u00e1rmely pszich\u00e9s eredet\u0171 probl\u00e9ma \u2013 kezel\u00e9st ig\u00e9nyel.<\/p>\n<h2>Neurol\u00f3giai \u00e9s hormon\u00e1lis h\u00e1tt\u00e9r: mi\u00e9rt alakul ki a k\u00f3ros gy\u00e1sz?<\/h2>\n<p>A szak\u00edt\u00e1s ut\u00e1ni s\u00falyos \u00e1llapot, illetve a patol\u00f3gi\u00e1s gy\u00e1sz gyakran m\u00e9lyebb neurol\u00f3giai mechanizmusokra vezethet\u0151 vissza. Agyunk \u00fagy van huzalozva, hogy keresse \u00e9s fenntartsa a biztons\u00e1got, a k\u00f6t\u0151d\u00e9st. Amikor a kapcsolat megszakad, a jutalmaz\u00e1si k\u00f6zpont (ventr\u00e1lis striatum, nucleus accumbens) drasztikus dopaminszint-cs\u00f6kken\u00e9st \u00e9l \u00e1t. Ezzel p\u00e1rhuzamosan megemelkedhet a kortizol (stresszhormon) szintje, amit\u0151l fokoz\u00f3dik a szorong\u00e1s, a gyomor- \u00e9s sz\u00edvprobl\u00e9m\u00e1k kock\u00e1zata, \u00e9s egyfajta <i>\u00e1lland\u00f3sult nyugtalans\u00e1g<\/i> jelentkezik.<\/p>\n<p>Azokn\u00e1l, akik hajlamosabbak a szorong\u00e1sra vagy a depresszi\u00f3ra, ezek a folyamatok <b>intenz\u00edvebben<\/b> csapnak le: m\u00e9g nehezebb megt\u00f6rni a negat\u00edv gondolatok k\u00f6rforg\u00e1s\u00e1t, ami tov\u00e1bb n\u00f6veli a tehetetlens\u00e9g \u00e9rzet\u00e9t. Sokszor elindul egyfajta \u00f6nb\u00fcntet\u0151 vagy \u00f6nigazol\u00f3 gondolkod\u00e1s \u2013 \u201e\u00dagyis hib\u00e1s vagyok minden\u00e9rt\u201d, \u201eSoha nem leszek el\u00e9g j\u00f3\u201d \u2013, ami h\u00f3napok, \u00e9vek m\u00falva is fennmaradhat, ha nem t\u00f6rt\u00e9nik beavatkoz\u00e1s. A patol\u00f3gi\u00e1s gy\u00e1sz \u00edgy val\u00f3j\u00e1ban egy \u00f6sszetett folyamat, amelyet egyszerre gerjeszt a biol\u00f3giai, a pszichol\u00f3giai \u00e9s a k\u00f6rnyezeti h\u00e1tt\u00e9r.<\/p>\n<h2>Mikor van sz\u00fcks\u00e9g szakmai seg\u00edts\u00e9gre?<\/h2>\n<p>Sokan az\u00e9rt nem fordulnak id\u0151ben szakemberhez, mert att\u00f3l tartanak, hogy t\u00falreag\u00e1lj\u00e1k a helyzetet, vagy \u201egyeng\u00e9nek\u201d t\u0171nnek. Pedig az id\u0151ben t\u00f6rt\u00e9n\u0151 l\u00e9p\u00e9s rengeteget seg\u00edthet, miel\u0151tt a helyzet <i>kr\u00f3nikuss\u00e1<\/i> v\u00e1lik. N\u00e9h\u00e1ny indik\u00e1tor, ami arra utal, hogy \u00e9rdemes lehet pszichol\u00f3gushoz, coachhoz vagy pszichi\u00e1terhez fordulni:<\/p>\n<ul>\n<li>A szak\u00edt\u00e1st k\u00f6vet\u0151 3-6 h\u00f3nap eltelt\u00e9vel semmilyen enyh\u00fcl\u00e9st nem \u00e9rzel, s\u0151t az \u00e1llapotod egyre romlik.<\/li>\n<li>A mindennapi tev\u00e9kenys\u00e9gek elv\u00e9gz\u00e9se is komoly neh\u00e9zs\u00e9get jelent, gyakran kimaradsz a munk\u00e1b\u00f3l, tanul\u00e1sb\u00f3l, t\u00e1rsas kapcsolatokb\u00f3l.<\/li>\n<li>Alv\u00e1s- vagy \u00e9tkez\u00e9si zavarok jelentkeznek, melyek hetek \u00f3ta fenn\u00e1llnak.<\/li>\n<li>\u00d6nb\u00e1nt\u00f3 gondolatok, \u00f6ngyilkoss\u00e1gi k\u00e9sztet\u00e9sek, vagy olyan fok\u00fa \u00f6n\u00e9rt\u00e9kel\u00e9s-cs\u00f6kken\u00e9s, ami m\u00e1r a val\u00f3s\u00e1g torz \u00e9szlel\u00e9s\u00e9t okozza.<\/li>\n<li>Tart\u00f3san fenn\u00e1ll\u00f3 d\u00fch, harag a volt partner vagy saj\u00e1t magad fel\u00e9, ami nem cs\u00f6kken az id\u0151 m\u00fal\u00e1s\u00e1val.<\/li>\n<\/ul>\n<p>Ilyenkor a szakmai seg\u00edts\u00e9g (ter\u00e1pia, gy\u00f3gyszeres kezel\u00e9s, coaching-folyamat) nem puszt\u00e1n opci\u00f3, hanem szinte n\u00e9lk\u00fcl\u00f6zhetetlen. Lehet, hogy csak n\u00e9h\u00e1ny alkalomra van sz\u00fcks\u00e9ged, lehet, hogy huzamosabb ideig tart\u00f3 k\u00eds\u00e9r\u00e9sre, a l\u00e9nyeg, hogy ne maradj egyed\u00fcl a megrekedt gy\u00e1sszal.<\/p>\n<h2>A t\u00fcnetek \u00f6sszehasonl\u00edt\u00e1sa: eg\u00e9szs\u00e9ges vs. patol\u00f3gi\u00e1s gy\u00e1sz<\/h2>\n<table style=\"border: 1px solid black; border-collapse: collapse;\">\n<thead style=\"border: 1px solid black;\">\n<tr>\n<th style=\"border: 1px solid black; padding: 6px;\">Jellemz\u0151<\/th>\n<th style=\"border: 1px solid black; padding: 6px;\">Eg\u00e9szs\u00e9ges gy\u00e1sz<\/th>\n<th style=\"border: 1px solid black; padding: 6px;\">Patol\u00f3gi\u00e1s gy\u00e1sz<\/th>\n<\/tr>\n<\/thead>\n<tbody>\n<tr>\n<td style=\"border: 1px solid black; padding: 6px;\">Id\u0151tartam<\/td>\n<td style=\"border: 1px solid black; padding: 6px;\">Hetek, n\u00e9h\u00e1ny h\u00f3nap, fokozatos javul\u00e1ssal<\/td>\n<td style=\"border: 1px solid black; padding: 6px;\">H\u00f3napok, \u00e9vek, nem vagy alig tapasztalhat\u00f3 javul\u00e1ssal<\/td>\n<\/tr>\n<tr>\n<td style=\"border: 1px solid black; padding: 6px;\">\u00c9rzelmi ingadoz\u00e1sok<\/td>\n<td style=\"border: 1px solid black; padding: 6px;\">Eleinte intenz\u00edv, de lassan enyh\u00fcl\u0151<\/td>\n<td style=\"border: 1px solid black; padding: 6px;\">Folyamatosan er\u0151s, hull\u00e1mz\u00f3 vagy roml\u00f3 \u00e1llapot<\/td>\n<\/tr>\n<tr>\n<td style=\"border: 1px solid black; padding: 6px;\">Gondolatok a m\u00faltr\u00f3l<\/td>\n<td style=\"border: 1px solid black; padding: 6px;\">N\u00e9ha f\u00e1j\u00f3, de v\u00e1llalhat\u00f3; elfogad\u00e1s fel\u00e9 halad\u00f3<\/td>\n<td style=\"border: 1px solid black; padding: 6px;\">Ragad\u00f3s, k\u00ednz\u00f3, mindig ugyanaz a k\u00f6r: b\u0171ntudat, \u00f6nhib\u00e1ztat\u00e1s, rem\u00e9nytelens\u00e9g<\/td>\n<\/tr>\n<tr>\n<td style=\"border: 1px solid black; padding: 6px;\">T\u00e1rsas kapcsolatok<\/td>\n<td style=\"border: 1px solid black; padding: 6px;\">Sz\u0171k k\u00f6rben t\u00e1mogat\u00f3 k\u00f6zeg, lass\u00fa visszat\u00e9r\u00e9s a r\u00e9gi rutinhoz<\/td>\n<td style=\"border: 1px solid black; padding: 6px;\">Z\u00e1rk\u00f3zotts\u00e1g, ak\u00e1r bar\u00e1tokkal, csal\u00e1ddal is konfliktus vagy elvonul\u00e1s<\/td>\n<\/tr>\n<tr>\n<td style=\"border: 1px solid black; padding: 6px;\">\u00d6nbizalom<\/td>\n<td style=\"border: 1px solid black; padding: 6px;\">Kezdeti megtorpan\u00e1s ut\u00e1n lassan javul<\/td>\n<td style=\"border: 1px solid black; padding: 6px;\">Folyamatosan romlik, kritikus \u00f6n\u00e9rt\u00e9kel\u00e9si v\u00e1ls\u00e1g<\/td>\n<\/tr>\n<\/tbody>\n<\/table>\n<p>Fontos l\u00e1tni, hogy ez a t\u00e1bl\u00e1zat <i>\u00e1ltal\u00e1nos<\/i> ir\u00e1nyad\u00f3. Az egy\u00e9ni k\u00fcl\u00f6nbs\u00e9gek mindig sz\u00e1m\u00edtanak, de ha azt l\u00e1tod, hogy egyes patol\u00f3gi\u00e1s jellemz\u0151k tart\u00f3san \u00e9s egyre intenz\u00edvebben \u00e9rv\u00e9nyes\u00fclnek, az int\u0151 jel lehet.<\/p>\n<h2>Kiket \u00e9rint legink\u00e1bb a patol\u00f3gi\u00e1s szak\u00edt\u00e1si gy\u00e1sz?<\/h2>\n<p>B\u00e1rki \u00e1t\u00e9lhet k\u00f3ros gy\u00e1szt, de n\u00e9h\u00e1ny rizik\u00f3t\u00e9nyez\u0151 n\u00f6veli az es\u00e9ly\u00e9t:<\/p>\n<ul>\n<li><b>Kor\u00e1bbi ment\u00e1lis probl\u00e9m\u00e1k:<\/b> Depresszi\u00f3, szorong\u00e1s, poszttraum\u00e1s stressz.<\/li>\n<li><b>Bizonytalan k\u00f6t\u0151d\u00e9si st\u00edlus:<\/b> Ha valaki nagyon er\u0151s f\u00fcgg\u0151s\u00e9gi kapcsolatot \u00e9p\u00edtett ki, nehezebb lesz az elenged\u00e9s.<\/li>\n<li><b>S\u00falyos vesztes\u00e9gek a m\u00faltban:<\/b> A r\u00e9gi el nem gy\u00e1szolt traum\u00e1k tov\u00e1bb n\u00f6velik a jelenlegi f\u00e1jdalmat.<\/li>\n<li><b>Gyenge szoci\u00e1lis h\u00e1l\u00f3:<\/b> Ha nincs k\u00f6r\u00fcl\u00f6tted t\u00e1mogat\u00f3 csal\u00e1d vagy bar\u00e1ti k\u00f6r.<\/li>\n<li><b>Nagyon hirtelen, v\u00e1ratlan szak\u00edt\u00e1s:<\/b> Ha el\u0151zm\u00e9ny n\u00e9lk\u00fcl \u00e9r v\u00e9get a kapcsolat, nagyobb a sokkhat\u00e1s \u00e9s a k\u00f3ros reakci\u00f3 es\u00e9lye.<\/li>\n<\/ul>\n<p>Amennyiben t\u00f6bb t\u00e9nyez\u0151 is fenn\u00e1ll, \u00e9rdemes fokozottabb \u00f6nfigyelmet gyakorolni, \u00e9s ha sz\u00fcks\u00e9ges, m\u00e1r kor\u00e1n szak\u00e9rt\u0151i seg\u00edts\u00e9get k\u00e9rni.<\/p>\n<h2>Hogyan seg\u00edthetsz magadon, miel\u0151tt m\u00e9lyebbre ker\u00fclsz?<\/h2>\n<p>Az els\u0151 l\u00e9p\u00e9s mindig a felismer\u00e9s: ha l\u00e1tod, hogy az \u00e1llapotod nem javul, vagy \u00e9ppen romlik, ne s\u00f6p\u00f6rd a sz\u0151nyeg al\u00e1 a probl\u00e9m\u00e1t. A tapasztalat szerint m\u00e1r kisebb v\u00e1ltoz\u00e1sok is sokat jav\u00edthatnak a lelki\u00e1llapoton, f\u0151leg a folyamat elej\u00e9n. Ilyenek lehetnek:<\/p>\n<ul>\n<li><b>Rendszeres sport, mozg\u00e1s:<\/b> A testmozg\u00e1s serkenti a szervezet dopamin- \u00e9s endorfintermel\u00e9s\u00e9t, ami seg\u00edt abban, hogy legal\u00e1bb id\u0151szakosan enyh\u00fclj\u00f6n a bels\u0151 fesz\u00fclts\u00e9g.<\/li>\n<li><b>Eg\u00e9szs\u00e9ges alv\u00e1srutin:<\/b> Minden er\u0151ddel pr\u00f3b\u00e1lj meg norm\u00e1lis alv\u00e1sritmust tartani, mert az alv\u00e1skr\u00edzis m\u00e9g tov\u00e1bb rontja az \u00e9rzelmi stabilit\u00e1st.<\/li>\n<li><b>Proakt\u00edv tervez\u00e9s:<\/b> K\u00e9sz\u00edts magadnak napirendet vagy heti tervet. Az \u00f6nfegyelem \u00e9s az el\u0151re eltervezett tev\u00e9kenys\u00e9gek struktur\u00e1lj\u00e1k a napodat.<\/li>\n<li><b>Besz\u00e9lget\u00e9s a bar\u00e1tokkal, csal\u00e1ddal:<\/b> Ne f\u00e9lj elmondani nekik, hogy rosszul vagy. Sokszor egy t\u00e1mogat\u00f3 besz\u00e9lget\u00e9s m\u00e1r \u00f6nmag\u00e1ban gy\u00f3gy\u00edt\u00f3 er\u0151vel b\u00edr.<\/li>\n<li><b>\u00d6nfejleszt\u00e9s, tanul\u00e1s:<\/b> Keress olyan \u00faj k\u00e9szs\u00e9geket vagy ismereteket, amik lek\u00f6tik az agyadat \u00e9s n\u00f6velik az \u00f6nbizalmadat. Lehet ez online tanfolyam, hobbi vagy \u00f6nk\u00e9ntes munka.<\/li>\n<\/ul>\n<h2>Mit tehetsz, ha \u00fagy \u00e9rzed, m\u00e9g mindig nem javulsz?<\/h2>\n<p>Ha n\u00e9h\u00e1ny h\u00e9t ut\u00e1n sem l\u00e1tsz el\u0151rel\u00e9p\u00e9st, vagy \u00e9szreveszed magadon a k\u00f3ros gy\u00e1sz jeleit (napi tev\u00e9kenys\u00e9gek szinte kivitelezhetetlenn\u00e9 v\u00e1lnak, teljes ap\u00e1tia, esetleg f\u00fcgg\u0151s\u00e9gek kialakul\u00e1sa), akkor nem sz\u00e9gyen szakemberhez fordulni. T\u00f6bb opci\u00f3 is l\u00e9tezik:<\/p>\n<ul>\n<li><b>Pszichoter\u00e1pia, tan\u00e1csad\u00e1s:<\/b> Seg\u00edt felt\u00e1rni a gy\u00e1sz \u00e9s a vesztes\u00e9g m\u00f6g\u00f6tti mint\u00e1kat, \u00e9s megtan\u00edt hat\u00e9konyabb megk\u00fczd\u00e9si technik\u00e1kat.<\/li>\n<li><b>Gy\u00f3gyszeres t\u00e1mogat\u00e1s:<\/b> S\u00falyos depresszi\u00f3 vagy szorong\u00e1s eset\u00e9n \u00e1tmenetileg sz\u00fcks\u00e9g lehet r\u00e1, persze orvosi kontroll mellett.<\/li>\n<li><b>Csoportos ter\u00e1pia, t\u00e1mogat\u00f3 csoportok:<\/b> Er\u0151s k\u00f6z\u00f6ss\u00e9gi t\u00e1maszt adnak, r\u00e1ad\u00e1sul l\u00e1thatod, hogy nem vagy egyed\u00fcl a probl\u00e9m\u00e1ddal.<\/li>\n<li><b>Business coaching, life coaching:<\/b> Ha az \u00e9letvezet\u00e9sed, a tov\u00e1bbl\u00e9p\u00e9sed vagy a karriered is megakadt a szak\u00edt\u00e1s miatt, ez is kieg\u00e9sz\u00edt\u0151 seg\u00edts\u00e9g lehet.<\/li>\n<\/ul>\n<p>Ne feledd, min\u00e9l el\u0151bb l\u00e9psz, ann\u00e1l k\u00f6nnyebb lehet visszaford\u00edtani a folyamatot. A patol\u00f3gi\u00e1s gy\u00e1sz ugyan k\u00f3ros, de kezelhet\u0151, s\u0151t megel\u0151zhet\u0151, ha id\u0151ben \u00e9szreveszed a jeleit.<\/p>\n<h2>\u00d6sszefoglal\u00f3 gondolatok: a felismer\u00e9s \u00e9s a seg\u00edts\u00e9gk\u00e9r\u00e9s jelent\u0151s\u00e9ge<\/h2>\n<p>A szak\u00edt\u00e1s ut\u00e1ni szenved\u00e9s nem egy ban\u00e1lis vagy \u00e1tugorhat\u00f3 l\u00e9pcs\u0151fok. Teljesen norm\u00e1lis, hogy egy ideig \u2013 ak\u00e1r hetekig, h\u00f3napokig \u2013 \u00e9rzel hull\u00e1mv\u00f6lgyeket. A k\u00e9rd\u00e9s az, hogyan v\u00e1ltozik ez az id\u0151 m\u00fal\u00e1s\u00e1val, \u00e9s milyen m\u00e9rt\u00e9kben t\u00e9rsz vissza a saj\u00e1t \u00e9leted ker\u00e9kv\u00e1g\u00e1s\u00e1ba. Az eg\u00e9szs\u00e9ges gy\u00e1sz mindig rejt mag\u00e1ban egyfajta fokozatos elenged\u00e9st, amelynek a v\u00e9g\u00e9n stabilabb \u00e9ned alakulhat ki, m\u00e9g ha a vesztes\u00e9g nyomot is hagy.<\/p>\n<p>Amikor viszont azt \u00e9rzed, hogy h\u00f3napokkal k\u00e9s\u0151bb sem kevesebb a f\u00e1jdalom, vagy r\u00e1ad\u00e1sul egyre ink\u00e1bb beszippant a s\u00f6t\u00e9ts\u00e9g, akkor j\u00f3 es\u00e9llyel m\u00e1r patol\u00f3gi\u00e1s, k\u00f3ros gy\u00e1szr\u00f3l besz\u00e9l\u00fcnk. Ilyenkor <i>\u00e9letment\u0151<\/i> lehet a k\u00fcls\u0151 seg\u00edts\u00e9g, legyen sz\u00f3 terapeut\u00e1r\u00f3l, pszichi\u00e1terr\u0151l vagy t\u00e1mogat\u00f3 k\u00f6z\u00f6ss\u00e9gr\u0151l. A l\u00e9nyeg, hogy ne maradj egyed\u00fcl, \u00e9s ne v\u00e1dold magad amiatt, hogy \u201enem tudod el\u00e9g gyorsan t\u00faltenni magad\u201d a t\u00f6rt\u00e9nteken. Mindenkinek m\u00e1s a ritmusa \u00e9s a s\u00e9r\u00fcl\u00e9kenys\u00e9ge, a l\u00e9nyeg, hogy tudd: van ki\u00fat, \u00e9s van szakmai megold\u00e1s a t\u00fal hossz\u00fara ny\u00falt gy\u00e1sz kezel\u00e9s\u00e9re is.<\/p>\n<p>A legfontosabb \u00fczenetem: adj id\u0151t magadnak, figyelj befel\u00e9, l\u00e9gy t\u00fcrelmes \u00e9s \u0151szinte a saj\u00e1t \u00e9rz\u00e9seiddel. Ha pedig \u00fagy l\u00e1tod, hogy ez t\u00f6bb ann\u00e1l, mint amit egyed\u00fcl meg tudsz oldani, merj seg\u00edts\u00e9get k\u00e9rni. A szak\u00edt\u00e1s ut\u00e1n jelentkez\u0151 szenved\u00e9s egy term\u00e9szetes lelki folyamat \u2013 de nem mindegy, meddig tart \u00e9s milyen hat\u00e1ssal van az \u00e9letedre. Ismerd fel id\u0151ben a jeleket, \u00e9s ne f\u00e9lj cselekedni, hogy v\u00e9g\u00fcl ne egy s\u00f6t\u00e9t zs\u00e1kutca, hanem egy \u00faj \u00e9let kezdete legyen a t\u00f6rt\u00e9neted folytat\u00e1sa.<\/p>\n","protected":false},"excerpt":{"rendered":"<p>A szak\u00edt\u00e1s ut\u00e1ni id\u0151szakot nagyon sokan \u00e9lik meg a sz\u00f3 szoros \u00e9rtelm\u00e9ben vett gy\u00e1szk\u00e9nt: \u00fcress\u00e9g, bizonytalans\u00e1g, \u00e9s egy bels\u0151 lelki folyamat, ami id\u0151nk\u00e9nt teljesen fel\u0151rli az embert. Ugyanakkor mindig felmer\u00fcl a k\u00e9rd\u00e9s: meddig sz\u00e1m\u00edt \u201enorm\u00e1lisnak\u201d szenvedni? Mikor nevezhetj\u00fck ezt term\u00e9szetes reakci\u00f3nak, \u00e9s mikort\u00f3l besz\u00e9l\u00fcnk m\u00e1r patol\u00f3gi\u00e1s, azaz k\u00f3ross\u00e1 v\u00e1l\u00f3 gy\u00e1szr\u00f3l? \u00c9rdemes tiszt\u00e1zni, hogy ezek a&#8230;<\/p>\n","protected":false},"author":1,"featured_media":1064,"comment_status":"closed","ping_status":"open","sticky":false,"template":"","format":"standard","meta":{"footnotes":""},"categories":[36],"tags":[],"class_list":["post-1063","post","type-post","status-publish","format-standard","has-post-thumbnail","hentry","category-szakitas-feldolgozas-egerben"],"yoast_head":"<!-- This site is optimized with the Yoast SEO plugin v27.5 - https:\/\/yoast.com\/product\/yoast-seo-wordpress\/ -->\n<title>Meddig norm\u00e1lis szenvedni egy szak\u00edt\u00e1s ut\u00e1n?<\/title>\n<meta name=\"robots\" content=\"index, follow, max-snippet:-1, max-image-preview:large, max-video-preview:-1\" \/>\n<link rel=\"canonical\" href=\"https:\/\/egercoach.hu\/blog\/meddig-normalis-szenvedni-egy-szakitas-utan-mi-a-kulonbseg-az-egeszseges-gyasz-es-a-patologias-gyasz-kozott\/\" \/>\n<meta property=\"og:locale\" content=\"hu_HU\" \/>\n<meta property=\"og:type\" content=\"article\" \/>\n<meta property=\"og:title\" content=\"Meddig norm\u00e1lis szenvedni egy szak\u00edt\u00e1s ut\u00e1n?\" \/>\n<meta property=\"og:description\" content=\"A szak\u00edt\u00e1s ut\u00e1ni id\u0151szakot nagyon sokan \u00e9lik meg a sz\u00f3 szoros \u00e9rtelm\u00e9ben vett gy\u00e1szk\u00e9nt: \u00fcress\u00e9g, bizonytalans\u00e1g, \u00e9s egy bels\u0151 lelki folyamat, ami id\u0151nk\u00e9nt teljesen fel\u0151rli az embert. Ugyanakkor mindig felmer\u00fcl a k\u00e9rd\u00e9s: meddig sz\u00e1m\u00edt \u201enorm\u00e1lisnak\u201d szenvedni? Mikor nevezhetj\u00fck ezt term\u00e9szetes reakci\u00f3nak, \u00e9s mikort\u00f3l besz\u00e9l\u00fcnk m\u00e1r patol\u00f3gi\u00e1s, azaz k\u00f3ross\u00e1 v\u00e1l\u00f3 gy\u00e1szr\u00f3l? \u00c9rdemes tiszt\u00e1zni, hogy ezek a...\" \/>\n<meta property=\"og:url\" content=\"https:\/\/egercoach.hu\/blog\/meddig-normalis-szenvedni-egy-szakitas-utan-mi-a-kulonbseg-az-egeszseges-gyasz-es-a-patologias-gyasz-kozott\/\" \/>\n<meta property=\"og:site_name\" content=\"Az Egri Coach Blogja\" \/>\n<meta property=\"article:publisher\" content=\"https:\/\/www.facebook.com\/eger.coach\" \/>\n<meta property=\"article:published_time\" content=\"2025-05-30T19:14:27+00:00\" \/>\n<meta property=\"og:image\" content=\"https:\/\/egercoach.hu\/blog\/wp-content\/uploads\/2025\/05\/couples-fighting-breaking-up-breakups.jpg\" \/>\n\t<meta property=\"og:image:width\" content=\"1500\" \/>\n\t<meta property=\"og:image:height\" content=\"1203\" \/>\n\t<meta property=\"og:image:type\" content=\"image\/jpeg\" \/>\n<meta name=\"author\" content=\"Dajka G\u00e1bor\" \/>\n<meta name=\"twitter:card\" content=\"summary_large_image\" \/>\n<meta name=\"twitter:label1\" content=\"Szerz\u0151:\" \/>\n\t<meta name=\"twitter:data1\" content=\"Dajka G\u00e1bor\" \/>\n\t<meta name=\"twitter:label2\" content=\"Becs\u00fclt olvas\u00e1si id\u0151\" \/>\n\t<meta name=\"twitter:data2\" content=\"10 perc\" \/>\n<script type=\"application\/ld+json\" class=\"yoast-schema-graph\">{\"@context\":\"https:\\\/\\\/schema.org\",\"@graph\":[{\"@type\":\"Article\",\"@id\":\"https:\\\/\\\/egercoach.hu\\\/blog\\\/meddig-normalis-szenvedni-egy-szakitas-utan-mi-a-kulonbseg-az-egeszseges-gyasz-es-a-patologias-gyasz-kozott\\\/#article\",\"isPartOf\":{\"@id\":\"https:\\\/\\\/egercoach.hu\\\/blog\\\/meddig-normalis-szenvedni-egy-szakitas-utan-mi-a-kulonbseg-az-egeszseges-gyasz-es-a-patologias-gyasz-kozott\\\/\"},\"author\":{\"name\":\"Dajka G\u00e1bor\",\"@id\":\"https:\\\/\\\/egercoach.hu\\\/blog\\\/#\\\/schema\\\/person\\\/afc73367aa314ca33a9c8d3b88dce6e7\"},\"headline\":\"Meddig norm\u00e1lis szenvedni egy szak\u00edt\u00e1s ut\u00e1n? \u2013 Mi a k\u00fcl\u00f6nbs\u00e9g az eg\u00e9szs\u00e9ges gy\u00e1sz \u00e9s a patol\u00f3gi\u00e1s gy\u00e1sz k\u00f6z\u00f6tt?\",\"datePublished\":\"2025-05-30T19:14:27+00:00\",\"mainEntityOfPage\":{\"@id\":\"https:\\\/\\\/egercoach.hu\\\/blog\\\/meddig-normalis-szenvedni-egy-szakitas-utan-mi-a-kulonbseg-az-egeszseges-gyasz-es-a-patologias-gyasz-kozott\\\/\"},\"wordCount\":2716,\"publisher\":{\"@id\":\"https:\\\/\\\/egercoach.hu\\\/blog\\\/#organization\"},\"image\":{\"@id\":\"https:\\\/\\\/egercoach.hu\\\/blog\\\/meddig-normalis-szenvedni-egy-szakitas-utan-mi-a-kulonbseg-az-egeszseges-gyasz-es-a-patologias-gyasz-kozott\\\/#primaryimage\"},\"thumbnailUrl\":\"https:\\\/\\\/egercoach.hu\\\/blog\\\/wp-content\\\/uploads\\\/2025\\\/05\\\/couples-fighting-breaking-up-breakups.jpg\",\"articleSection\":[\"Szak\u00edt\u00e1s-feldolgoz\u00e1s Egerben\"],\"inLanguage\":\"hu\"},{\"@type\":\"WebPage\",\"@id\":\"https:\\\/\\\/egercoach.hu\\\/blog\\\/meddig-normalis-szenvedni-egy-szakitas-utan-mi-a-kulonbseg-az-egeszseges-gyasz-es-a-patologias-gyasz-kozott\\\/\",\"url\":\"https:\\\/\\\/egercoach.hu\\\/blog\\\/meddig-normalis-szenvedni-egy-szakitas-utan-mi-a-kulonbseg-az-egeszseges-gyasz-es-a-patologias-gyasz-kozott\\\/\",\"name\":\"Meddig norm\u00e1lis szenvedni egy szak\u00edt\u00e1s ut\u00e1n?\",\"isPartOf\":{\"@id\":\"https:\\\/\\\/egercoach.hu\\\/blog\\\/#website\"},\"primaryImageOfPage\":{\"@id\":\"https:\\\/\\\/egercoach.hu\\\/blog\\\/meddig-normalis-szenvedni-egy-szakitas-utan-mi-a-kulonbseg-az-egeszseges-gyasz-es-a-patologias-gyasz-kozott\\\/#primaryimage\"},\"image\":{\"@id\":\"https:\\\/\\\/egercoach.hu\\\/blog\\\/meddig-normalis-szenvedni-egy-szakitas-utan-mi-a-kulonbseg-az-egeszseges-gyasz-es-a-patologias-gyasz-kozott\\\/#primaryimage\"},\"thumbnailUrl\":\"https:\\\/\\\/egercoach.hu\\\/blog\\\/wp-content\\\/uploads\\\/2025\\\/05\\\/couples-fighting-breaking-up-breakups.jpg\",\"datePublished\":\"2025-05-30T19:14:27+00:00\",\"breadcrumb\":{\"@id\":\"https:\\\/\\\/egercoach.hu\\\/blog\\\/meddig-normalis-szenvedni-egy-szakitas-utan-mi-a-kulonbseg-az-egeszseges-gyasz-es-a-patologias-gyasz-kozott\\\/#breadcrumb\"},\"inLanguage\":\"hu\",\"potentialAction\":[{\"@type\":\"ReadAction\",\"target\":[\"https:\\\/\\\/egercoach.hu\\\/blog\\\/meddig-normalis-szenvedni-egy-szakitas-utan-mi-a-kulonbseg-az-egeszseges-gyasz-es-a-patologias-gyasz-kozott\\\/\"]}]},{\"@type\":\"ImageObject\",\"inLanguage\":\"hu\",\"@id\":\"https:\\\/\\\/egercoach.hu\\\/blog\\\/meddig-normalis-szenvedni-egy-szakitas-utan-mi-a-kulonbseg-az-egeszseges-gyasz-es-a-patologias-gyasz-kozott\\\/#primaryimage\",\"url\":\"https:\\\/\\\/egercoach.hu\\\/blog\\\/wp-content\\\/uploads\\\/2025\\\/05\\\/couples-fighting-breaking-up-breakups.jpg\",\"contentUrl\":\"https:\\\/\\\/egercoach.hu\\\/blog\\\/wp-content\\\/uploads\\\/2025\\\/05\\\/couples-fighting-breaking-up-breakups.jpg\",\"width\":1500,\"height\":1203,\"caption\":\"Couples fighting. Breaking up. Breakups\"},{\"@type\":\"BreadcrumbList\",\"@id\":\"https:\\\/\\\/egercoach.hu\\\/blog\\\/meddig-normalis-szenvedni-egy-szakitas-utan-mi-a-kulonbseg-az-egeszseges-gyasz-es-a-patologias-gyasz-kozott\\\/#breadcrumb\",\"itemListElement\":[{\"@type\":\"ListItem\",\"position\":1,\"name\":\"Kezd\u0151lap\",\"item\":\"https:\\\/\\\/egercoach.hu\\\/blog\\\/\"},{\"@type\":\"ListItem\",\"position\":2,\"name\":\"Meddig norm\u00e1lis szenvedni egy szak\u00edt\u00e1s ut\u00e1n? \u2013 Mi a k\u00fcl\u00f6nbs\u00e9g az eg\u00e9szs\u00e9ges gy\u00e1sz \u00e9s a patol\u00f3gi\u00e1s gy\u00e1sz k\u00f6z\u00f6tt?\"}]},{\"@type\":\"WebSite\",\"@id\":\"https:\\\/\\\/egercoach.hu\\\/blog\\\/#website\",\"url\":\"https:\\\/\\\/egercoach.hu\\\/blog\\\/\",\"name\":\"Eger Coach Blog\",\"description\":\"\",\"publisher\":{\"@id\":\"https:\\\/\\\/egercoach.hu\\\/blog\\\/#organization\"},\"potentialAction\":[{\"@type\":\"SearchAction\",\"target\":{\"@type\":\"EntryPoint\",\"urlTemplate\":\"https:\\\/\\\/egercoach.hu\\\/blog\\\/?s={search_term_string}\"},\"query-input\":{\"@type\":\"PropertyValueSpecification\",\"valueRequired\":true,\"valueName\":\"search_term_string\"}}],\"inLanguage\":\"hu\"},{\"@type\":\"Organization\",\"@id\":\"https:\\\/\\\/egercoach.hu\\\/blog\\\/#organization\",\"name\":\"Eger Coach Blog\",\"url\":\"https:\\\/\\\/egercoach.hu\\\/blog\\\/\",\"logo\":{\"@type\":\"ImageObject\",\"inLanguage\":\"hu\",\"@id\":\"https:\\\/\\\/egercoach.hu\\\/blog\\\/#\\\/schema\\\/logo\\\/image\\\/\",\"url\":\"https:\\\/\\\/egercoach.hu\\\/blog\\\/wp-content\\\/uploads\\\/2025\\\/05\\\/cropped-Eger.png\",\"contentUrl\":\"https:\\\/\\\/egercoach.hu\\\/blog\\\/wp-content\\\/uploads\\\/2025\\\/05\\\/cropped-Eger.png\",\"width\":500,\"height\":169,\"caption\":\"Eger Coach Blog\"},\"image\":{\"@id\":\"https:\\\/\\\/egercoach.hu\\\/blog\\\/#\\\/schema\\\/logo\\\/image\\\/\"},\"sameAs\":[\"https:\\\/\\\/www.facebook.com\\\/eger.coach\"]},{\"@type\":\"Person\",\"@id\":\"https:\\\/\\\/egercoach.hu\\\/blog\\\/#\\\/schema\\\/person\\\/afc73367aa314ca33a9c8d3b88dce6e7\",\"name\":\"Dajka G\u00e1bor\",\"image\":{\"@type\":\"ImageObject\",\"inLanguage\":\"hu\",\"@id\":\"https:\\\/\\\/secure.gravatar.com\\\/avatar\\\/81566ea1e2b3466baa03e9bdcdaa835f58564d8be90057a45f3e61711dc8a063?s=96&d=mm&r=g\",\"url\":\"https:\\\/\\\/secure.gravatar.com\\\/avatar\\\/81566ea1e2b3466baa03e9bdcdaa835f58564d8be90057a45f3e61711dc8a063?s=96&d=mm&r=g\",\"contentUrl\":\"https:\\\/\\\/secure.gravatar.com\\\/avatar\\\/81566ea1e2b3466baa03e9bdcdaa835f58564d8be90057a45f3e61711dc8a063?s=96&d=mm&r=g\",\"caption\":\"Dajka G\u00e1bor\"},\"sameAs\":[\"https:\\\/\\\/egercoach.hu\\\/blog\"],\"url\":\"https:\\\/\\\/egercoach.hu\\\/blog\\\/author\\\/adminka\\\/\"}]}<\/script>\n<!-- \/ Yoast SEO plugin. -->","yoast_head_json":{"title":"Meddig norm\u00e1lis szenvedni egy szak\u00edt\u00e1s ut\u00e1n?","robots":{"index":"index","follow":"follow","max-snippet":"max-snippet:-1","max-image-preview":"max-image-preview:large","max-video-preview":"max-video-preview:-1"},"canonical":"https:\/\/egercoach.hu\/blog\/meddig-normalis-szenvedni-egy-szakitas-utan-mi-a-kulonbseg-az-egeszseges-gyasz-es-a-patologias-gyasz-kozott\/","og_locale":"hu_HU","og_type":"article","og_title":"Meddig norm\u00e1lis szenvedni egy szak\u00edt\u00e1s ut\u00e1n?","og_description":"A szak\u00edt\u00e1s ut\u00e1ni id\u0151szakot nagyon sokan \u00e9lik meg a sz\u00f3 szoros \u00e9rtelm\u00e9ben vett gy\u00e1szk\u00e9nt: \u00fcress\u00e9g, bizonytalans\u00e1g, \u00e9s egy bels\u0151 lelki folyamat, ami id\u0151nk\u00e9nt teljesen fel\u0151rli az embert. Ugyanakkor mindig felmer\u00fcl a k\u00e9rd\u00e9s: meddig sz\u00e1m\u00edt \u201enorm\u00e1lisnak\u201d szenvedni? Mikor nevezhetj\u00fck ezt term\u00e9szetes reakci\u00f3nak, \u00e9s mikort\u00f3l besz\u00e9l\u00fcnk m\u00e1r patol\u00f3gi\u00e1s, azaz k\u00f3ross\u00e1 v\u00e1l\u00f3 gy\u00e1szr\u00f3l? \u00c9rdemes tiszt\u00e1zni, hogy ezek a...","og_url":"https:\/\/egercoach.hu\/blog\/meddig-normalis-szenvedni-egy-szakitas-utan-mi-a-kulonbseg-az-egeszseges-gyasz-es-a-patologias-gyasz-kozott\/","og_site_name":"Az Egri Coach Blogja","article_publisher":"https:\/\/www.facebook.com\/eger.coach","article_published_time":"2025-05-30T19:14:27+00:00","og_image":[{"width":1500,"height":1203,"url":"https:\/\/egercoach.hu\/blog\/wp-content\/uploads\/2025\/05\/couples-fighting-breaking-up-breakups.jpg","type":"image\/jpeg"}],"author":"Dajka G\u00e1bor","twitter_card":"summary_large_image","twitter_misc":{"Szerz\u0151:":"Dajka G\u00e1bor","Becs\u00fclt olvas\u00e1si id\u0151":"10 perc"},"schema":{"@context":"https:\/\/schema.org","@graph":[{"@type":"Article","@id":"https:\/\/egercoach.hu\/blog\/meddig-normalis-szenvedni-egy-szakitas-utan-mi-a-kulonbseg-az-egeszseges-gyasz-es-a-patologias-gyasz-kozott\/#article","isPartOf":{"@id":"https:\/\/egercoach.hu\/blog\/meddig-normalis-szenvedni-egy-szakitas-utan-mi-a-kulonbseg-az-egeszseges-gyasz-es-a-patologias-gyasz-kozott\/"},"author":{"name":"Dajka G\u00e1bor","@id":"https:\/\/egercoach.hu\/blog\/#\/schema\/person\/afc73367aa314ca33a9c8d3b88dce6e7"},"headline":"Meddig norm\u00e1lis szenvedni egy szak\u00edt\u00e1s ut\u00e1n? \u2013 Mi a k\u00fcl\u00f6nbs\u00e9g az eg\u00e9szs\u00e9ges gy\u00e1sz \u00e9s a patol\u00f3gi\u00e1s gy\u00e1sz k\u00f6z\u00f6tt?","datePublished":"2025-05-30T19:14:27+00:00","mainEntityOfPage":{"@id":"https:\/\/egercoach.hu\/blog\/meddig-normalis-szenvedni-egy-szakitas-utan-mi-a-kulonbseg-az-egeszseges-gyasz-es-a-patologias-gyasz-kozott\/"},"wordCount":2716,"publisher":{"@id":"https:\/\/egercoach.hu\/blog\/#organization"},"image":{"@id":"https:\/\/egercoach.hu\/blog\/meddig-normalis-szenvedni-egy-szakitas-utan-mi-a-kulonbseg-az-egeszseges-gyasz-es-a-patologias-gyasz-kozott\/#primaryimage"},"thumbnailUrl":"https:\/\/egercoach.hu\/blog\/wp-content\/uploads\/2025\/05\/couples-fighting-breaking-up-breakups.jpg","articleSection":["Szak\u00edt\u00e1s-feldolgoz\u00e1s Egerben"],"inLanguage":"hu"},{"@type":"WebPage","@id":"https:\/\/egercoach.hu\/blog\/meddig-normalis-szenvedni-egy-szakitas-utan-mi-a-kulonbseg-az-egeszseges-gyasz-es-a-patologias-gyasz-kozott\/","url":"https:\/\/egercoach.hu\/blog\/meddig-normalis-szenvedni-egy-szakitas-utan-mi-a-kulonbseg-az-egeszseges-gyasz-es-a-patologias-gyasz-kozott\/","name":"Meddig norm\u00e1lis szenvedni egy szak\u00edt\u00e1s ut\u00e1n?","isPartOf":{"@id":"https:\/\/egercoach.hu\/blog\/#website"},"primaryImageOfPage":{"@id":"https:\/\/egercoach.hu\/blog\/meddig-normalis-szenvedni-egy-szakitas-utan-mi-a-kulonbseg-az-egeszseges-gyasz-es-a-patologias-gyasz-kozott\/#primaryimage"},"image":{"@id":"https:\/\/egercoach.hu\/blog\/meddig-normalis-szenvedni-egy-szakitas-utan-mi-a-kulonbseg-az-egeszseges-gyasz-es-a-patologias-gyasz-kozott\/#primaryimage"},"thumbnailUrl":"https:\/\/egercoach.hu\/blog\/wp-content\/uploads\/2025\/05\/couples-fighting-breaking-up-breakups.jpg","datePublished":"2025-05-30T19:14:27+00:00","breadcrumb":{"@id":"https:\/\/egercoach.hu\/blog\/meddig-normalis-szenvedni-egy-szakitas-utan-mi-a-kulonbseg-az-egeszseges-gyasz-es-a-patologias-gyasz-kozott\/#breadcrumb"},"inLanguage":"hu","potentialAction":[{"@type":"ReadAction","target":["https:\/\/egercoach.hu\/blog\/meddig-normalis-szenvedni-egy-szakitas-utan-mi-a-kulonbseg-az-egeszseges-gyasz-es-a-patologias-gyasz-kozott\/"]}]},{"@type":"ImageObject","inLanguage":"hu","@id":"https:\/\/egercoach.hu\/blog\/meddig-normalis-szenvedni-egy-szakitas-utan-mi-a-kulonbseg-az-egeszseges-gyasz-es-a-patologias-gyasz-kozott\/#primaryimage","url":"https:\/\/egercoach.hu\/blog\/wp-content\/uploads\/2025\/05\/couples-fighting-breaking-up-breakups.jpg","contentUrl":"https:\/\/egercoach.hu\/blog\/wp-content\/uploads\/2025\/05\/couples-fighting-breaking-up-breakups.jpg","width":1500,"height":1203,"caption":"Couples fighting. Breaking up. Breakups"},{"@type":"BreadcrumbList","@id":"https:\/\/egercoach.hu\/blog\/meddig-normalis-szenvedni-egy-szakitas-utan-mi-a-kulonbseg-az-egeszseges-gyasz-es-a-patologias-gyasz-kozott\/#breadcrumb","itemListElement":[{"@type":"ListItem","position":1,"name":"Kezd\u0151lap","item":"https:\/\/egercoach.hu\/blog\/"},{"@type":"ListItem","position":2,"name":"Meddig norm\u00e1lis szenvedni egy szak\u00edt\u00e1s ut\u00e1n? \u2013 Mi a k\u00fcl\u00f6nbs\u00e9g az eg\u00e9szs\u00e9ges gy\u00e1sz \u00e9s a patol\u00f3gi\u00e1s gy\u00e1sz k\u00f6z\u00f6tt?"}]},{"@type":"WebSite","@id":"https:\/\/egercoach.hu\/blog\/#website","url":"https:\/\/egercoach.hu\/blog\/","name":"Eger Coach Blog","description":"","publisher":{"@id":"https:\/\/egercoach.hu\/blog\/#organization"},"potentialAction":[{"@type":"SearchAction","target":{"@type":"EntryPoint","urlTemplate":"https:\/\/egercoach.hu\/blog\/?s={search_term_string}"},"query-input":{"@type":"PropertyValueSpecification","valueRequired":true,"valueName":"search_term_string"}}],"inLanguage":"hu"},{"@type":"Organization","@id":"https:\/\/egercoach.hu\/blog\/#organization","name":"Eger Coach Blog","url":"https:\/\/egercoach.hu\/blog\/","logo":{"@type":"ImageObject","inLanguage":"hu","@id":"https:\/\/egercoach.hu\/blog\/#\/schema\/logo\/image\/","url":"https:\/\/egercoach.hu\/blog\/wp-content\/uploads\/2025\/05\/cropped-Eger.png","contentUrl":"https:\/\/egercoach.hu\/blog\/wp-content\/uploads\/2025\/05\/cropped-Eger.png","width":500,"height":169,"caption":"Eger Coach Blog"},"image":{"@id":"https:\/\/egercoach.hu\/blog\/#\/schema\/logo\/image\/"},"sameAs":["https:\/\/www.facebook.com\/eger.coach"]},{"@type":"Person","@id":"https:\/\/egercoach.hu\/blog\/#\/schema\/person\/afc73367aa314ca33a9c8d3b88dce6e7","name":"Dajka G\u00e1bor","image":{"@type":"ImageObject","inLanguage":"hu","@id":"https:\/\/secure.gravatar.com\/avatar\/81566ea1e2b3466baa03e9bdcdaa835f58564d8be90057a45f3e61711dc8a063?s=96&d=mm&r=g","url":"https:\/\/secure.gravatar.com\/avatar\/81566ea1e2b3466baa03e9bdcdaa835f58564d8be90057a45f3e61711dc8a063?s=96&d=mm&r=g","contentUrl":"https:\/\/secure.gravatar.com\/avatar\/81566ea1e2b3466baa03e9bdcdaa835f58564d8be90057a45f3e61711dc8a063?s=96&d=mm&r=g","caption":"Dajka G\u00e1bor"},"sameAs":["https:\/\/egercoach.hu\/blog"],"url":"https:\/\/egercoach.hu\/blog\/author\/adminka\/"}]}},"_links":{"self":[{"href":"https:\/\/egercoach.hu\/blog\/wp-json\/wp\/v2\/posts\/1063","targetHints":{"allow":["GET"]}}],"collection":[{"href":"https:\/\/egercoach.hu\/blog\/wp-json\/wp\/v2\/posts"}],"about":[{"href":"https:\/\/egercoach.hu\/blog\/wp-json\/wp\/v2\/types\/post"}],"author":[{"embeddable":true,"href":"https:\/\/egercoach.hu\/blog\/wp-json\/wp\/v2\/users\/1"}],"replies":[{"embeddable":true,"href":"https:\/\/egercoach.hu\/blog\/wp-json\/wp\/v2\/comments?post=1063"}],"version-history":[{"count":0,"href":"https:\/\/egercoach.hu\/blog\/wp-json\/wp\/v2\/posts\/1063\/revisions"}],"wp:featuredmedia":[{"embeddable":true,"href":"https:\/\/egercoach.hu\/blog\/wp-json\/wp\/v2\/media\/1064"}],"wp:attachment":[{"href":"https:\/\/egercoach.hu\/blog\/wp-json\/wp\/v2\/media?parent=1063"}],"wp:term":[{"taxonomy":"category","embeddable":true,"href":"https:\/\/egercoach.hu\/blog\/wp-json\/wp\/v2\/categories?post=1063"},{"taxonomy":"post_tag","embeddable":true,"href":"https:\/\/egercoach.hu\/blog\/wp-json\/wp\/v2\/tags?post=1063"}],"curies":[{"name":"wp","href":"https:\/\/api.w.org\/{rel}","templated":true}]}}