{"id":1067,"date":"2025-05-30T21:19:38","date_gmt":"2025-05-30T19:19:38","guid":{"rendered":"https:\/\/egercoach.hu\/blog\/?p=1067"},"modified":"2025-05-30T21:19:38","modified_gmt":"2025-05-30T19:19:38","slug":"meddig-normalis-szenvedni-egy-szakitas-utan-mi-a-kulonbseg-az-egeszseges-gyasz-es-a-patologias-gyasz-kozott-2","status":"publish","type":"post","link":"https:\/\/egercoach.hu\/blog\/meddig-normalis-szenvedni-egy-szakitas-utan-mi-a-kulonbseg-az-egeszseges-gyasz-es-a-patologias-gyasz-kozott-2\/","title":{"rendered":"Meddig norm\u00e1lis szenvedni egy szak\u00edt\u00e1s ut\u00e1n? \u2013 Mi a k\u00fcl\u00f6nbs\u00e9g az eg\u00e9szs\u00e9ges gy\u00e1sz \u00e9s a patol\u00f3gi\u00e1s gy\u00e1sz k\u00f6z\u00f6tt?"},"content":{"rendered":"<p>Sokan tapasztaltuk m\u00e1r, hogy egy szak\u00edt\u00e1s ut\u00e1ni id\u0151szak minden tekintetben \u00fagy tud megviselni, mintha valamif\u00e9le \u201egy\u00e1szfolyamatba\u201d ker\u00fcln\u00e9nk. Egyre gyakrabban mer\u00fcl fel a k\u00e9rd\u00e9s: meddig norm\u00e1lis ez a f\u00e1jdalom, \u00e9s mikort\u00f3l v\u00e1lik probl\u00e9m\u00e1ss\u00e1 vagy ak\u00e1r k\u00f3ross\u00e1? Mikor besz\u00e9lhet\u00fcnk \u201eeg\u00e9szs\u00e9ges\u201d szenved\u00e9sr\u0151l, ami b\u00e1r f\u00e1jdalmas, de term\u00e9szetesen lezajlik, \u00e9s mikort\u00f3l mondhat\u00f3 az, hogy a gy\u00e1szfolyamat <i>megfeneklett<\/i> \u00e9s m\u00e1r patol\u00f3gi\u00e1s?<\/p>\n<p>Az al\u00e1bbiakban k\u00f6r\u00fclj\u00e1rom, hogyan m\u0171k\u00f6dik az eg\u00e9szs\u00e9ges feldolgoz\u00e1s, milyen mechanizmusok miatt szenved\u00fcnk annyira egy szak\u00edt\u00e1st\u00f3l, \u00e9s mely jelek mutathatj\u00e1k, hogy bizony m\u00e1r j\u00f3csk\u00e1n t\u00fall\u00e9pt\u00fcnk a \u201enorm\u00e1lis\u201d szintj\u00e9n. Sz\u00f3 lesz arr\u00f3l is, mi\u00e9rt \u00e9rezz\u00fck ezt n\u00e9ha sz\u00f3 szerint fizikai f\u00e1jdalomk\u00e9nt, \u00e9s hogyan ismerhet\u0151 fel, ha k\u00fcls\u0151 seg\u00edts\u00e9g n\u00e9lk\u00fcl tal\u00e1n nem siker\u00fcl kil\u00e1balni a helyzetb\u0151l.<\/p>\n<h2>Mi\u00e9rt hasonl\u00edt egy szak\u00edt\u00e1s a gy\u00e1szhoz?<\/h2>\n<p>Minden vesztes\u00e9g egyfajta gy\u00e1sz, m\u00e9g ha nem is j\u00e1r egy\u00fctt hal\u00e1lesettel. Gondolj bele: a k\u00f6z\u00f6s j\u00f6v\u0151, a megszokott rutin, a h\u00e9tk\u00f6znapok stabilit\u00e1sa \u00e9s a biztons\u00e1g\u00e9rzet \u2013 mindez pillanatok alatt szertefoszlik. Ez\u00e9rt nem v\u00e9letlen, hogy az ember ilyenkor hasonl\u00f3 \u00e9rzelmi hull\u00e1mvas\u00faton megy kereszt\u00fcl, mint a gy\u00e1sz m\u00e1s form\u00e1iban, legyen sz\u00f3 b\u00e1rmilyen s\u00falyos vesztes\u00e9gr\u0151l. Neuropszichol\u00f3giai vizsg\u00e1latok kimutatt\u00e1k, hogy a szak\u00edt\u00e1s sor\u00e1n az agy kifejezetten hasonl\u00f3 ter\u00fcleteket aktiv\u00e1l, mint amikor valaki fizikai f\u00e1jdalmat \u00e9l \u00e1t. A vesztes\u00e9g\u00e9lm\u00e9ny \u00e9s a f\u00e1jdalom\u00e9rzet k\u00f6z\u00f6tt szoros a kapocs: a dorsalis anterior cingul\u00e1ris k\u00e9reg (amely az \u00e9rzelmi f\u00e1jdalom feldolgoz\u00e1s\u00e1\u00e9rt is felel) jelent\u0151sen aktivit\u00e1st mutat.<\/p>\n<p>Egy 2024-es kutat\u00e1s szerint a megk\u00e9rdezettek 70%-a arr\u00f3l sz\u00e1molt be, hogy a szak\u00edt\u00e1s ut\u00e1n a testi t\u00fcnetekt\u0151l sem volt mentes: alv\u00e1szavar, \u00e9tv\u00e1gytalans\u00e1g, fesz\u00edt\u0151 nyom\u00e1s a mellkasban vagy \u00e9ppen szapor\u00e1bb sz\u00edvver\u00e9s, szorong\u00e1sos rohamok. Ez is mutatja, hogy nem csup\u00e1n \u201ekis lelkiz\u00e9sr\u0151l\u201d van sz\u00f3, hanem nagyon is val\u00f3s, testi szinten is jelentkez\u0151 megr\u00e1zk\u00f3dtat\u00e1sr\u00f3l. Az agy ugyanis v\u00e1gyja a p\u00e1rkapcsolatb\u00f3l megszokott biztons\u00e1gos hormonmixet (oxitocin, dopamin), \u00e9s amikor ez hirtelen nincs, a szervezet \u00fagymond \u201eelvon\u00e1si t\u00fcnetekkel\u201d reag\u00e1l.<\/p>\n<h2>Eg\u00e9szs\u00e9ges gy\u00e1sz: a norm\u00e1lis szenved\u00e9s hat\u00e1rai<\/h2>\n<p>Az, hogy mennyi ideig tart \u201enorm\u00e1lisnak\u201d a szenved\u00e9s, nagyban f\u00fcgg az egy\u00e9n szem\u00e9lyis\u00e9g\u00e9t\u0151l, a kapcsolat jelleg\u00e9t\u0151l \u00e9s id\u0151tartam\u00e1t\u00f3l, valamint att\u00f3l, milyen eszk\u00f6zt\u00e1rral rendelkezik az illet\u0151 a vesztes\u00e9gek kezel\u00e9s\u00e9re. M\u00e9gis vannak bizonyos \u00e1ltal\u00e1nos forgat\u00f3k\u00f6nyvek \u00e9s \u00e9rzelmi \u00e1llom\u00e1sok, amelyek szinte minden szak\u00edt\u00e1s eset\u00e9n megjelennek:<\/p>\n<ol>\n<li><strong>Sokk \u00e9s tagad\u00e1s<\/strong>: Ilyenkor sokan \u00fagy tesznek, mintha semmi k\u00fcl\u00f6n\u00f6s nem t\u00f6rt\u00e9nt volna, vagy \u00e9ppen titkon rem\u00e9nykednek, hogy ez csak valami f\u00e9lre\u00e9rt\u00e9s, \u00e9s hamarosan minden visszat\u00e9r a megszokott ker\u00e9kv\u00e1g\u00e1sba.<\/li>\n<li><strong>Harag, b\u0171nbakk\u00e9pz\u00e9s, alkudoz\u00e1s<\/strong>: J\u00f6n a d\u00fch, az \u00f6nv\u00e1d vagy \u00e9pp a volt partner hib\u00e1ztat\u00e1sa. Olykor kifejezetten intenz\u00edv \u00e9rzelmek l\u00e9pnek fel. Ez a lelki munka fontos r\u00e9sze, hogy \u201ekiventil\u00e1ld\u201d a fesz\u00fclts\u00e9get.<\/li>\n<li><strong>Szomor\u00fas\u00e1g, depressz\u00edv hangulat<\/strong>: Amikor a harag al\u00e1bbhagy, gyakran \u00e1tcsap egyfajta bels\u0151 \u00fcress\u00e9gbe, amely id\u0151szakosan a depresszi\u00f3 t\u00fcneteit is mutathatja. Azonban ebben a st\u00e1diumban \u2013 megfelel\u0151 k\u00f6r\u00fclm\u00e9nyek k\u00f6zt \u2013 elkezd\u0151dik a vesztes\u00e9g elfogad\u00e1sa.<\/li>\n<li><strong>Elfogad\u00e1s, \u00faj strukt\u00fara<\/strong>: Sz\u00e9p lassan k\u00e9pes leszel megb\u00e9k\u00e9lni a helyzettel, \u00e9s kialak\u00edtani egy \u00faj, \u00f6n\u00e1ll\u00f3bb \u00e9letvitelt. B\u00e1r a vesztes\u00e9g eml\u00e9ke megmarad, az \u00e9rzelmi viharok csillapodnak.<\/li>\n<\/ol>\n<p>Mindez hetekig, de ak\u00e1r n\u00e9h\u00e1ny h\u00f3napig is elh\u00faz\u00f3dhat, \u00e9s ez teljesen norm\u00e1lis. Sokan ilyenkor sokat s\u00edrnak, aludni sem tudnak, k\u00e9t h\u00e9t alatt 3-4 kil\u00f3t is leadnak, m\u00e9gis id\u0151vel fokozatos javul\u00e1st tapasztalnak. Az \u201eeg\u00e9szs\u00e9ges\u201d sz\u00f3 itt nem azt jelenti, hogy felh\u0151tlen boldogs\u00e1ggal kellene reag\u00e1lni egy komoly \u00e9rzelmi t\u00f6r\u00e9sre, hanem azt, hogy ennek a f\u00e1jdalmas, neh\u00e9z id\u0151szaknak is vannak <i>lefuthat\u00f3<\/i> \u00e9s <i>\u00e9lettani<\/i> hat\u00e1rai. Az eg\u00e9szs\u00e9ges gy\u00e1szban a kulcs a <strong>fokozatos enyh\u00fcl\u00e9s<\/strong>: az \u00e9rzelmek intenzit\u00e1sa cs\u00f6kken, \u00e9s lassan, l\u00e9p\u00e9sr\u0151l l\u00e9p\u00e9sre tudsz visszat\u00e9rni a megszokott h\u00e9tk\u00f6znapi m\u0171k\u00f6d\u00e9shez.<\/p>\n<blockquote><p>\u201eAz eg\u00e9szs\u00e9ges gy\u00e1sz nem azt jelenti, hogy nem f\u00e1j. Hanem azt, hogy b\u00e1r f\u00e1j, a f\u00e1jdalom id\u0151vel enyh\u00fcl, \u00e9s k\u00f6zben tanulsz is a vesztes\u00e9gb\u0151l.\u201d<\/p><\/blockquote>\n<h2>Patol\u00f3gi\u00e1s gy\u00e1sz: amikor megrekedsz a szenved\u00e9sben<\/h2>\n<p>El\u0151fordul, hogy a szak\u00edt\u00e1s ut\u00e1ni szenved\u00e9s <strong>nem<\/strong> enyh\u00fcl, s\u0151t, ak\u00e1r fokoz\u00f3dik is. H\u00f3napokkal k\u00e9s\u0151bb is ugyanazt az \u00fcress\u00e9get, tehetetlens\u00e9get \u00e9rzed, \u00e1lland\u00f3an a volt partnered k\u00f6r\u00fcl forognak a gondolataid, \u00e9s szinte semmi sem visz el\u0151re. Ilyenkor besz\u00e9l\u00fcnk patol\u00f3gi\u00e1s (k\u00f3ros) gy\u00e1szr\u00f3l vagy megrekedt gy\u00e1szr\u00f3l, amikor a vesztes\u00e9gfeldolgoz\u00e1s hosszabb t\u00e1von sem halad el\u0151re.<\/p>\n<p>Biztosan tapasztaltad m\u00e1r, hogy a k\u00f6rnyezet gyakran t\u00fcrelmetlen\u00fcl reag\u00e1l: \u201eL\u00e9pj m\u00e1r tov\u00e1bb!\u201d, \u201eM\u00e1s is t\u00fal\u00e9lte, te is t\u00fal fogod!\u201d \u2013 \u00e9s ezek a mondatok sokszor csak fokozz\u00e1k a b\u0171ntudatot, mert te magad is \u00e9rtetlen\u00fcl \u00e1llsz a saj\u00e1t \u00e9rz\u00e9seid el\u0151tt. Pedig amikor a gy\u00e1sz k\u00f3ross\u00e1 v\u00e1lik, sokkal t\u00f6bbr\u0151l van sz\u00f3, mint egyszer\u0171 b\u00faskomors\u00e1gr\u00f3l. \u00c1rulkod\u00f3 jelek lehetnek:<\/p>\n<ul>\n<li>Hossz\u00fa h\u00f3napok ut\u00e1n is nap mint nap <strong>megb\u00e9n\u00edt a f\u00e1jdalom<\/strong>, \u00e9s nem tudod ell\u00e1tni a h\u00e9tk\u00f6znapi teend\u0151idet.<\/li>\n<li><strong>Folyamatosan csak a m\u00falton r\u00e1g\u00f3dsz<\/strong>, k\u00e9ptelen vagy b\u00e1rmi pozit\u00edvra koncentr\u00e1lni.<\/li>\n<li>Eluralkodik rajtad a <strong>rem\u00e9nytelens\u00e9g<\/strong>, mik\u00f6zben er\u0151s \u00f6nv\u00e1ddal t\u00e1rsul: \u201eBiztos \u00e9n rontottam el mindent, nincs is \u00e9rtelme \u00e9lnem.\u201d<\/li>\n<li>Testi t\u00fcnetek (p\u00e9ld\u00e1ul alv\u00e1szavar, r\u00e9m\u00e1lmok, p\u00e1nikrohamok) <strong>sz\u00e9ls\u0151s\u00e9gesen elhatalmasodnak<\/strong>, \u00e9s semmilyen m\u00f3dszerrel nem tudod enyh\u00edteni.<\/li>\n<li><strong>Elszigetel\u0151dsz<\/strong> a k\u00fclvil\u00e1gt\u00f3l, ami azt\u00e1n tov\u00e1bb n\u00f6veli a mag\u00e1ny\u00e9rzetet, \u00e9s bez\u00e1r egy \u00f6ngerjeszt\u0151 \u00f6rd\u00f6gi k\u00f6rbe.<\/li>\n<\/ul>\n<p>A k\u00f3ross\u00e1 v\u00e1l\u00f3 gy\u00e1sz egyik legfontosabb ismertet\u0151jegye, hogy <i>nem<\/i> t\u00f6rt\u00e9nik v\u00e1ltoz\u00e1s: nincs legal\u00e1bb r\u00e9szleges, fokozatos javul\u00e1s, helyette teljes megreked\u00e9s vagy ak\u00e1r roml\u00e1s tapasztalhat\u00f3. Ilyenkor m\u00e1r nem arr\u00f3l van sz\u00f3, hogy \u201eegy kis id\u0151re van sz\u00fcks\u00e9ged, azt\u00e1n majd jobb lesz\u201d, hanem komoly beavatkoz\u00e1st ig\u00e9nyel a helyzet, mert nagy es\u00e9llyel ki\u00e9g\u00e9shez, s\u00falyos depresszi\u00f3hoz vagy egy\u00e9b pszich\u00e9s probl\u00e9m\u00e1hoz vezethet.<\/p>\n<h2>Mekkora id\u0151t\u00e1vot tekinthet\u00fcnk norm\u00e1lisnak?<\/h2>\n<p>Term\u00e9szetesen ez er\u0151sen egy\u00e9ni. Egy t\u00f6bb\u00e9ves kapcsolat v\u00e9ge gyakran hosszabb id\u0151t k\u00edv\u00e1n a feldolgoz\u00e1shoz, mint egy n\u00e9h\u00e1ny h\u00f3napos\u00e9. R\u00e1ad\u00e1sul, ha valaki alapvet\u0151en <i>szorong\u00f3bb<\/i> alkat, vagy m\u00e1r kor\u00e1bban is \u00e1t\u00e9lt s\u00falyos vesztes\u00e9get (hal\u00e1lesetet, elhagy\u00e1st), akkor tal\u00e1n nehezebben k\u00fczd meg a szak\u00edt\u00e1ssal. Nagyj\u00e1b\u00f3l azt mondhatjuk, hogy:<\/p>\n<ul>\n<li><strong>3-6 h\u00f3napig<\/strong> teljesen elfogadhat\u00f3, ha valaki intenz\u00edv \u00e9rzelmi hull\u00e1mz\u00e1sokat \u00e9l \u00e1t, \u00e9s m\u00e9g az \u00e9letmin\u0151s\u00e9g\u00e9n is \u00e9rz\u0151dik a szak\u00edt\u00e1s.<\/li>\n<li>6 h\u00f3nap ut\u00e1n \u00e1ltal\u00e1ban m\u00e1r v\u00e1rhat\u00f3 n\u00e9mi <i>k\u00f6nnyebbs\u00e9g<\/i>, stabilabb napi rutin, kevesebb \u00e9rzelmi kr\u00edzis. Persze el\u0151fordulhatnak visszaes\u00e9sek, de m\u00e1r nem folyamatos a f\u00e1jdalom.<\/li>\n<li><strong>1 \u00e9v<\/strong> eltelt\u00e9vel \u2013 f\u0151leg, ha nem volt semmilyen extr\u00e9m k\u00f6r\u00fclm\u00e9ny \u2013 a legt\u00f6bben kialak\u00edtanak egy \u00faj \u00e9lethelyzetet, ahol ugyan megmarad az eml\u00e9k, de nem hat\u00e1rozza meg a mindennapokat.<\/li>\n<\/ul>\n<p>Ha valaki 1 \u00e9v ut\u00e1n is ugyanott tart \u00e9rzelmileg \u00e9s ment\u00e1lisan, mint az els\u0151 1-2 h\u00f3napban, az m\u00e1r azt jelzi, hogy elk\u00e9pzelhet\u0151: a gy\u00e1sz k\u00f3ross\u00e1 v\u00e1lt vagy tov\u00e1bbi neh\u00e9zs\u00e9gekbe \u00fctk\u00f6z\u00f6tt a feldolgoz\u00e1s. Ez term\u00e9szetesen nem egy k\u0151be v\u00e9sett szab\u00e1ly, de egyfajta <i>ir\u00e1nyad\u00f3<\/i> t\u00e1mpontot adhat.<\/p>\n<h2>Mi\u00e9rt lesz patol\u00f3gi\u00e1s a gy\u00e1sz?<\/h2>\n<p>Val\u00f3j\u00e1ban t\u00f6bb t\u00e9nyez\u0151 <strong>egy\u00fcttes<\/strong> jelenl\u00e9te vezet oda, hogy a szak\u00edt\u00e1s ut\u00e1ni szenved\u00e9s k\u00f3ros ir\u00e1nyt vegyen. Ezek k\u00f6z\u00e9 tartozik:<\/p>\n<ul>\n<li><strong>Egy\u00e9ni biol\u00f3giai hajlam<\/strong> (p\u00e9ld\u00e1ul alacsony szerotoninszint, depresszi\u00f3ra val\u00f3 hajlam)<\/li>\n<li><strong>Egy\u00e9ni t\u00f6rt\u00e9neti s\u00e9relmek<\/strong>: m\u00e1r megl\u00e9v\u0151 traum\u00e1k, csal\u00f3d\u00e1sok, gyerekkori k\u00f6t\u0151d\u00e9si probl\u00e9m\u00e1k<\/li>\n<li><strong>Izol\u00e1ci\u00f3<\/strong>: nincs egy stabil t\u00e1mogat\u00f3 bar\u00e1ti k\u00f6r, csal\u00e1d, vagy neh\u00e9z r\u00f3la besz\u00e9lni<\/li>\n<li><strong>Kisiklott coping mechanizmusok<\/strong>: p\u00e9ld\u00e1ul alkoholba vagy egy\u00e9b f\u00fcgg\u0151s\u00e9gekbe menek\u00fcl\u00e9s<\/li>\n<li><strong>Hirtelen \u00e9s v\u00e1ratlan szak\u00edt\u00e1s<\/strong>: ha a m\u00e1sik f\u00e9l egyik napr\u00f3l a m\u00e1sikra szak\u00edt, semmilyen el\u0151zetes jelz\u00e9s n\u00e9lk\u00fcl<\/li>\n<\/ul>\n<p>Ilyenkor az agy \u00e9s az \u00e9rzelmi vil\u00e1god <strong>megakad<\/strong> egy negat\u00edv spir\u00e1lban. Ak\u00e1rcsak a gy\u00e1sz m\u00e1s form\u00e1iban, a szak\u00edt\u00e1s k\u00f6vetkezt\u00e9ben kialakul\u00f3 patol\u00f3gi\u00e1s reakci\u00f3k l\u00e9nyege, hogy a bels\u0151 folyamatot nem tudod v\u00e9gigvinni a \u201ctagad\u00e1s-harag-szomor\u00fas\u00e1g-elfogad\u00e1s\u201d \u00edv\u00e9n, hanem valahol f\u00e9l\u00faton csapd\u00e1ba esel, \u00e9s \u00e1lland\u00f3an \u00fajra\u00e9led a szak\u00edt\u00e1ssal j\u00e1r\u00f3 f\u00e1jdalmat.<\/p>\n<h2>Eg\u00e9szs\u00e9ges vs. k\u00f3ros gy\u00e1sz \u2013 r\u00f6vid \u00e1ttekint\u00e9s t\u00e1bl\u00e1zatban<\/h2>\n<table style=\"border: 1px solid black; border-collapse: collapse;\">\n<thead style=\"border: 1px solid black;\">\n<tr>\n<th style=\"border: 1px solid black; padding: 6px;\">T\u00e9nyez\u0151<\/th>\n<th style=\"border: 1px solid black; padding: 6px;\">Eg\u00e9szs\u00e9ges gy\u00e1sz<\/th>\n<th style=\"border: 1px solid black; padding: 6px;\">Patol\u00f3gi\u00e1s gy\u00e1sz<\/th>\n<\/tr>\n<\/thead>\n<tbody>\n<tr>\n<td style=\"border: 1px solid black; padding: 6px;\">Id\u0151tartam<\/td>\n<td style=\"border: 1px solid black; padding: 6px;\">N\u00e9h\u00e1ny h\u00e9tt\u0151l max. n\u00e9h\u00e1ny h\u00f3napig, majd fokozatos enyh\u00fcl\u00e9s<\/td>\n<td style=\"border: 1px solid black; padding: 6px;\">H\u00f3napok, \u00e9vek, v\u00e1ltozatlan vagy roml\u00f3 \u00e1llapot<\/td>\n<\/tr>\n<tr>\n<td style=\"border: 1px solid black; padding: 6px;\">\u00c9rzelmi hull\u00e1mz\u00e1s<\/td>\n<td style=\"border: 1px solid black; padding: 6px;\">Eleinte er\u0151s, de id\u0151vel m\u00e9rs\u00e9kl\u0151dik \u00e9s kiegyens\u00falyoz\u00f3dik<\/td>\n<td style=\"border: 1px solid black; padding: 6px;\">Tart\u00f3san intenz\u00edv, \u00e1lland\u00f3an visszat\u00e9r\u0151 m\u00e9lypontok<\/td>\n<\/tr>\n<tr>\n<td style=\"border: 1px solid black; padding: 6px;\">Napi m\u0171k\u00f6d\u00e9s<\/td>\n<td style=\"border: 1px solid black; padding: 6px;\">Zavart lehet, de lassan vissza\u00e1ll a rutin<\/td>\n<td style=\"border: 1px solid black; padding: 6px;\">Komolyan \u00e9s folyamatosan s\u00e9r\u00fcl a munkav\u00e9gz\u00e9s, tanul\u00e1s, kapcsolattart\u00e1s<\/td>\n<\/tr>\n<tr>\n<td style=\"border: 1px solid black; padding: 6px;\">Gondolatok<\/td>\n<td style=\"border: 1px solid black; padding: 6px;\">F\u00e1jdalmasak, de fokozatosan ny\u00edlik t\u00e9r \u00faj tervekre<\/td>\n<td style=\"border: 1px solid black; padding: 6px;\">R\u00f6gz\u00fclt \u00f6nv\u00e1d, rem\u00e9nytelens\u00e9g, nem m\u00fal\u00f3 b\u0171ntudat<\/td>\n<\/tr>\n<tr>\n<td style=\"border: 1px solid black; padding: 6px;\">Megk\u00fczd\u00e9si eszk\u00f6z\u00f6k<\/td>\n<td style=\"border: 1px solid black; padding: 6px;\"><a href=\"https:\/\/egercoach.hu\/blog\/az-onismeret-utjan-kulcs-a-szemelyes-fejlodeshez-es-sikeres-eletvezeteshez\/\">\u00d6nismeret<\/a>, bar\u00e1ti t\u00e1mogat\u00e1s, esetleges szakmai seg\u00edts\u00e9g<\/td>\n<td style=\"border: 1px solid black; padding: 6px;\">Izol\u00e1ci\u00f3, f\u00fcgg\u0151s\u00e9gek, nem hat semmi k\u00fcls\u0151 hat\u00e9konyan<\/td>\n<\/tr>\n<\/tbody>\n<\/table>\n<h2>Mit tehetsz, ha \u00fagy \u00e9rzed, t\u00fal sok id\u0151 telt el, \u00e9s m\u00e9g mindig nem jutsz el\u0151r\u00e9bb?<\/h2>\n<p>Els\u0151 l\u00e9p\u00e9sk\u00e9nt fontos, hogy <strong>felismerd<\/strong>: a szenved\u00e9sed m\u00e1r nem az \u201eeg\u00e9szs\u00e9ges\u201d keretek k\u00f6z\u00f6tt mozog. Nem baj, ha \u00fagy l\u00e1tod, neked t\u00f6bb id\u0151 kell, mint m\u00e1soknak \u2013 de ha \u00e9rdemi javul\u00e1s <i>h\u00f3napok \u00f3ta nem mutatkozik<\/i>, vagy net\u00e1n rosszabb a helyzet, mint volt, akkor b\u00e1tran gondolj arra, hogy <strong>szakmai seg\u00edts\u00e9get<\/strong> k\u00e9rj. Sokan f\u00e9lnek ett\u0151l, mert azt hiszik, \u201eekkora dologgal\u201d m\u00e9gsem fordulhatnak pszichol\u00f3gushoz vagy coachhoz \u2013 pedig val\u00f3j\u00e1ban rengetegen teszik ezt. Egy terapeuta vagy seg\u00edt\u0151 szakember abban t\u00e1mogat, hogy a benned felgy\u00fclemlett \u00e9rzelmek biztons\u00e1gos keretek k\u00f6z\u00f6tt ker\u00fcljenek felsz\u00ednre, \u00e9s \u00faj megk\u00fczd\u00e9si strat\u00e9gi\u00e1kat tanulj meg.<\/p>\n<h2>Lehets\u00e9ges strat\u00e9gi\u00e1k az eg\u00e9szs\u00e9ges gy\u00e1sz ir\u00e1ny\u00e1ba<\/h2>\n<ul>\n<li><strong>Tudatoss\u00e1g:<\/strong> Nem baj, ha rosszul \u00e9rzed magad, de <i>legy\u00e9l vele tiszt\u00e1ban<\/i>. Vezess ak\u00e1r napl\u00f3t, hogy k\u00f6vetni tudd az \u00e9rzelmi hull\u00e1mz\u00e1sokat.<\/li>\n<li><strong>Kapcsol\u00f3d\u00e1s:<\/strong> Ne vonulj teljesen vissza. Bar\u00e1tokkal, csal\u00e1ddal, vagy ak\u00e1r szakmai k\u00f6z\u00f6ss\u00e9gekkel val\u00f3 tal\u00e1lkoz\u00e1s, besz\u00e9lget\u00e9s sokat adhat. A t\u00e1rsas t\u00e1masz seg\u00edt normaliz\u00e1lni az \u00e9rz\u00e9seidet.<\/li>\n<li><strong>\u00d6ngondoskod\u00e1s:<\/strong> Elegend\u0151 alv\u00e1s, eg\u00e9szs\u00e9ges (sz\u00e1modra j\u00f3l bev\u00e1lt) \u00e9tkez\u00e9s, rendszeres mozg\u00e1s. Ban\u00e1lisnak t\u0171nhet, de a szervezeted jobban ellen\u00e1ll a stressznek, ha legal\u00e1bb fizikai szinten gondoskodsz magadr\u00f3l.<\/li>\n<li><strong>Id\u0151keret meghat\u00e1roz\u00e1sa:<\/strong> Pr\u00f3b\u00e1lj kijel\u00f6lni magadnak r\u00f6vid t\u00e1v\u00fa c\u00e9lokat, hat\u00e1rid\u0151ket. P\u00e9ld\u00e1ul: \u201eEgy h\u00e9t m\u00falva elmegyek egy \u00faj edz\u0151termi \u00f3r\u00e1ra vagy belev\u00e1gok egy online tanfolyamba.\u201d Ezek pici l\u00e9p\u00e9sek, de seg\u00edtenek f\u00f3kuszt v\u00e1ltani.<\/li>\n<li><strong>Szakember felkeres\u00e9se:<\/strong> Ha \u00fagy \u00e9rzed, megrekedt\u00e9l, ne halogasd. A tart\u00f3s szenved\u00e9s nemcsak az \u00e9rzelmi vil\u00e1godra, de a testi eg\u00e9szs\u00e9gedre is r\u00e1nyomhatja a b\u00e9lyeg\u00e9t.<\/li>\n<\/ul>\n<p>Ezek az apr\u00f3 v\u00e1ltoztat\u00e1sok m\u00e1r az els\u0151 hetekben is enyh\u00fcl\u00e9st hozhatnak, vagy legal\u00e1bbis <strong>megakad\u00e1lyozz\u00e1k<\/strong>, hogy m\u00e9g m\u00e9lyebbre ker\u00fclj a f\u00e1jdalomban.<\/p>\n<h2>Egy p\u00e9lda: a bizakod\u00f3 j\u00f6v\u0151k\u00e9p szerepe<\/h2>\n<p>K\u00e9pzeld el, hogy a bar\u00e1tod hirtelen szak\u00edt veled n\u00e9gy \u00e9v egy\u00fctt\u00e9l\u00e9s ut\u00e1n, \u00e9s \u00fagy \u00e9rzed, kics\u00faszott minden a kezedb\u0151l. Egyszer\u0171 m\u00f3dszer lehet, ha elkezdesz tervezni <i>b\u00e1rmilyen<\/i> j\u00f6v\u0151beli feladatot vagy \u00f6r\u00f6mforr\u00e1st, m\u00e9g ha most semmi kedved sincs hozz\u00e1. Lehet ez egy sportesem\u00e9ny, egy koncert vagy ak\u00e1r egy tov\u00e1bbk\u00e9pz\u00e9s. A l\u00e9nyeg, hogy kezdetben \u201emechanikusan\u201d iktasd be, m\u00e9g ha nincs is igazi lelkesed\u00e9s. Id\u0151vel ugyanis a gondolkod\u00e1sod <strong>\u00e1t\u00e1ll<\/strong> a hi\u00e1nyr\u00f3l valamif\u00e9le j\u00f6v\u0151orient\u00e1lt n\u00e9z\u0151pontra. Ez persze nem var\u00e1zs\u00fct\u00e9sre t\u00f6rt\u00e9nik, de rendszeres gyakorl\u00e1ssal \u00e9s ak\u00e1r k\u00fcls\u0151 b\u00e1tor\u00edt\u00e1ssal \u00e9rezhet\u0151en seg\u00edt a feldolgoz\u00e1sban.<\/p>\n<h2>Mi\u00e9rt ne f\u00e9lj seg\u00edts\u00e9get k\u00e9rni?<\/h2>\n<p>Magyarorsz\u00e1gon (\u00e9s m\u00e1s kult\u00far\u00e1kban is) m\u00e9g mindig er\u0151sen tartja mag\u00e1t az a n\u00e9zet, hogy <i>a mag\u00e1n\u00fcgyeket illik magadnak megoldani<\/i>, \u00e9s sz\u00e9gyellnival\u00f3, ha egy szak\u00edt\u00e1s miatt valaki pszichol\u00f3gushoz vagy coachhoz fordul. Pedig a kutat\u00e1sokb\u00f3l is egy\u00e9rtelm\u0171: min\u00e9l el\u0151bb kapsz megfelel\u0151 t\u00e1mogat\u00e1st, ann\u00e1l kisebb az es\u00e9lye, hogy a gy\u00e1sz k\u00f3ross\u00e1 v\u00e1lik.<\/p>\n<p>Gondolj bele, mennyit seg\u00edthet m\u00e1r az is, ha <strong>k\u00edv\u00fclr\u0151l l\u00e1tnak r\u00e1<\/strong> a helyzetedre, \u00e9s objekt\u00edv megk\u00f6zel\u00edt\u00e9ssel mutatnak neked alternat\u00edv\u00e1kat, szempontokat, amelyekre te, a f\u00e1jdalom k\u00f6d\u00e9ben, tal\u00e1n r\u00e1 sem gondoln\u00e1l. Sok esetben az is kider\u00fcl, hogy a szak\u00edt\u00e1s <strong>nem<\/strong> az egyetlen probl\u00e9ma, hanem kor\u00e1bbi \u00f6n\u00e9rt\u00e9kel\u00e9si gondok, gyerekkori trauma vagy egy\u00e9b \u00e9letvezet\u00e9si neh\u00e9zs\u00e9gek is k\u00f6zrej\u00e1tszanak. Ezeket <i>nem<\/i> mindig lehet egymagunk lek\u00fczdeni.<\/p>\n<h2>\u00d6sszegz\u00e9s: mikor van v\u00e9ge az eg\u00e9szs\u00e9ges szenved\u00e9snek?<\/h2>\n<p>Term\u00e9szetesen nincs egzakt v\u00e1laszt\u00f3vonal, ami kimondja, hogy 100 nap ut\u00e1n m\u00e1r t\u00fal kellene lenned a szak\u00edt\u00e1son, de \u00e1ltal\u00e1noss\u00e1gban elmondhat\u00f3: ha h\u00f3napok eltelt\u00e9vel <strong>egy\u00e9rtelm\u0171en<\/strong> semmit nem javul a helyzet, a f\u00e1jdalom ugyanolyan heves, a h\u00e9tk\u00f6znapjaidat is t\u00f6nkreteszi, \u00e9s a k\u00f6rnyezeted (vagy ak\u00e1r te magad) is tehetetlen\u00fcl \u00e1ll el\u0151tte, \u00e9rdemes megfontolnod, hogy k\u00f3ros, patol\u00f3gi\u00e1s gy\u00e1sz alakult ki. Ilyenkor nem sz\u00e9gyen \u00e9s nem \u201egyenges\u00e9g\u201d, hanem egy <strong>tudatos, felel\u0151ss\u00e9gteljes l\u00e9p\u00e9s<\/strong> felkeresni valamilyen seg\u00edt\u0151 szakembert.<\/p>\n<p>Az eg\u00e9szs\u00e9ges gy\u00e1sz sor\u00e1n a szenved\u00e9s fokozatosan enyh\u00fcl, m\u00e9g akkor is, ha h\u00f3napokig is eltarthat. Id\u0151vel egyre ink\u00e1bb k\u00e9pes leszel \u00faj c\u00e9lokat kit\u0171zni, nyitni a k\u00fclvil\u00e1gra, \u00e9s elfogadni, hogy a kapcsolat val\u00f3ban a m\u00falt\u00e9. A patol\u00f3gi\u00e1s verzi\u00f3 ezzel szemben folyamatos vagy vissza-visszat\u00e9r\u0151 m\u00e9lypontokat hoz, mintha sosem akarna v\u00e9get \u00e9rni. Megold\u00e1si kulcs sokszor a befel\u00e9 figyel\u00e9s, az <a href=\"https:\/\/egercoach.hu\/blog\/hogyan-irjunk-hatekony-onreflexiot-utmutato-az-onismeret-fejlesztesehez\/\">\u00f6nreflexi\u00f3<\/a>, \u00e9s ha kell, a professzion\u00e1lis t\u00e1mogat\u00e1s ig\u00e9nybev\u00e9tele.<\/p>\n<blockquote><p>\u201eA szak\u00edt\u00e1st\u00f3l szenvedni teljesen emberi \u00e9s norm\u00e1lis. A k\u00e9rd\u00e9s ink\u00e1bb az, hogy a f\u00e1jdalom hogyan v\u00e1ltozik az id\u0151 m\u00falt\u00e1val, \u00e9s vajon seg\u00edt-e valamif\u00e9le tanuls\u00e1ghoz jutni vagy teljesen megb\u00e9n\u00edt.\u201d<\/p><\/blockquote>\n<p>A legfontosabb, hogy l\u00e1sd: nem vagy egyed\u00fcl, \u00e9s nem kell felt\u00e9tlen\u00fcl egymagad birk\u00f3znod az \u00e9rzelmi \u00f6sszeoml\u00e1ssal. A seg\u00edts\u00e9g k\u00e9r\u00e9s\u00e9vel sok esetben <strong>felgyorsulhat<\/strong> a gy\u00f3gyul\u00e1si folyamat, \u00e9s elker\u00fclhet\u0151, hogy a gy\u00e1sz k\u00f3ross\u00e1 v\u00e1ljon. \u00c9rdemes teh\u00e1t id\u0151ben l\u00e9pni, ha \u00fagy \u00e9rzed, m\u00e1r t\u00fal hossz\u00fara ny\u00falik ez a f\u00e1jdalmas \u00e1llapot.<\/p>\n<p>Z\u00e1rsz\u00f3k\u00e9nt tudd, hogy a szak\u00edt\u00e1s igenis \u00e9rthet\u0151 m\u00f3don nagyon f\u00e1jdalmas. Megviseli az eg\u00e9sz embert: az \u00f6n\u00e9rt\u00e9kel\u00e9sedet, az identit\u00e1sodat, a j\u00f6v\u0151k\u00e9pedet. M\u00e9gis, a norm\u00e1lis, \u201eeg\u00e9szs\u00e9ges\u201d gy\u00e1szban ott rejlik a lehet\u0151s\u00e9g, hogy meger\u0151s\u00f6dve ker\u00fclj ki bel\u0151le: jobban meg\u00e9rted magad, megtanulsz b\u00edzni \u00fajra, \u00e9s ak\u00e1r a k\u00e9s\u0151bbi kapcsolataid is \u00e9rettebb\u00e9 v\u00e1lhatnak. Ha viszont azt \u00e9rzed, nincs ki\u00fat a s\u00f6t\u00e9ts\u00e9gb\u0151l, ne f\u00e9lj t\u00e1mogat\u00e1st k\u00e9rni \u00e9s elfogadni. Min\u00e9l el\u0151bb teszed ezt meg, ann\u00e1l hamarabb tal\u00e1lhatsz vissza ahhoz az egyens\u00falyhoz, amit most tal\u00e1n \u00fagy gondolsz, \u00f6r\u00f6kre elvesz\u00edtett\u00e9l.<\/p>\n","protected":false},"excerpt":{"rendered":"<p>Sokan tapasztaltuk m\u00e1r, hogy egy szak\u00edt\u00e1s ut\u00e1ni id\u0151szak minden tekintetben \u00fagy tud megviselni, mintha valamif\u00e9le \u201egy\u00e1szfolyamatba\u201d ker\u00fcln\u00e9nk. Egyre gyakrabban mer\u00fcl fel a k\u00e9rd\u00e9s: meddig norm\u00e1lis ez a f\u00e1jdalom, \u00e9s mikort\u00f3l v\u00e1lik probl\u00e9m\u00e1ss\u00e1 vagy ak\u00e1r k\u00f3ross\u00e1? Mikor besz\u00e9lhet\u00fcnk \u201eeg\u00e9szs\u00e9ges\u201d szenved\u00e9sr\u0151l, ami b\u00e1r f\u00e1jdalmas, de term\u00e9szetesen lezajlik, \u00e9s mikort\u00f3l mondhat\u00f3 az, hogy a gy\u00e1szfolyamat megfeneklett \u00e9s m\u00e1r&#8230;<\/p>\n","protected":false},"author":1,"featured_media":1068,"comment_status":"closed","ping_status":"open","sticky":false,"template":"","format":"standard","meta":{"footnotes":""},"categories":[36],"tags":[],"class_list":["post-1067","post","type-post","status-publish","format-standard","has-post-thumbnail","hentry","category-szakitas-feldolgozas-egerben"],"yoast_head":"<!-- This site is optimized with the Yoast SEO plugin v27.5 - https:\/\/yoast.com\/product\/yoast-seo-wordpress\/ -->\n<title>Meddig norm\u00e1lis szenvedni egy szak\u00edt\u00e1s ut\u00e1n?<\/title>\n<meta name=\"robots\" content=\"index, follow, max-snippet:-1, max-image-preview:large, max-video-preview:-1\" \/>\n<link rel=\"canonical\" href=\"https:\/\/egercoach.hu\/blog\/meddig-normalis-szenvedni-egy-szakitas-utan-mi-a-kulonbseg-az-egeszseges-gyasz-es-a-patologias-gyasz-kozott-2\/\" \/>\n<meta property=\"og:locale\" content=\"hu_HU\" \/>\n<meta property=\"og:type\" content=\"article\" \/>\n<meta property=\"og:title\" content=\"Meddig norm\u00e1lis szenvedni egy szak\u00edt\u00e1s ut\u00e1n?\" \/>\n<meta property=\"og:description\" content=\"Sokan tapasztaltuk m\u00e1r, hogy egy szak\u00edt\u00e1s ut\u00e1ni id\u0151szak minden tekintetben \u00fagy tud megviselni, mintha valamif\u00e9le \u201egy\u00e1szfolyamatba\u201d ker\u00fcln\u00e9nk. Egyre gyakrabban mer\u00fcl fel a k\u00e9rd\u00e9s: meddig norm\u00e1lis ez a f\u00e1jdalom, \u00e9s mikort\u00f3l v\u00e1lik probl\u00e9m\u00e1ss\u00e1 vagy ak\u00e1r k\u00f3ross\u00e1? Mikor besz\u00e9lhet\u00fcnk \u201eeg\u00e9szs\u00e9ges\u201d szenved\u00e9sr\u0151l, ami b\u00e1r f\u00e1jdalmas, de term\u00e9szetesen lezajlik, \u00e9s mikort\u00f3l mondhat\u00f3 az, hogy a gy\u00e1szfolyamat megfeneklett \u00e9s m\u00e1r...\" \/>\n<meta property=\"og:url\" content=\"https:\/\/egercoach.hu\/blog\/meddig-normalis-szenvedni-egy-szakitas-utan-mi-a-kulonbseg-az-egeszseges-gyasz-es-a-patologias-gyasz-kozott-2\/\" \/>\n<meta property=\"og:site_name\" content=\"Az Egri Coach Blogja\" \/>\n<meta property=\"article:publisher\" content=\"https:\/\/www.facebook.com\/eger.coach\" \/>\n<meta property=\"article:published_time\" content=\"2025-05-30T19:19:38+00:00\" \/>\n<meta property=\"og:image\" content=\"https:\/\/egercoach.hu\/blog\/wp-content\/uploads\/2025\/05\/breaking-up.jpg\" \/>\n\t<meta property=\"og:image:width\" content=\"1500\" \/>\n\t<meta property=\"og:image:height\" content=\"1124\" \/>\n\t<meta property=\"og:image:type\" content=\"image\/jpeg\" \/>\n<meta name=\"author\" content=\"Dajka G\u00e1bor\" \/>\n<meta name=\"twitter:card\" content=\"summary_large_image\" \/>\n<meta name=\"twitter:label1\" content=\"Szerz\u0151:\" \/>\n\t<meta name=\"twitter:data1\" content=\"Dajka G\u00e1bor\" \/>\n\t<meta name=\"twitter:label2\" content=\"Becs\u00fclt olvas\u00e1si id\u0151\" \/>\n\t<meta name=\"twitter:data2\" content=\"11 perc\" \/>\n<script type=\"application\/ld+json\" class=\"yoast-schema-graph\">{\"@context\":\"https:\\\/\\\/schema.org\",\"@graph\":[{\"@type\":\"Article\",\"@id\":\"https:\\\/\\\/egercoach.hu\\\/blog\\\/meddig-normalis-szenvedni-egy-szakitas-utan-mi-a-kulonbseg-az-egeszseges-gyasz-es-a-patologias-gyasz-kozott-2\\\/#article\",\"isPartOf\":{\"@id\":\"https:\\\/\\\/egercoach.hu\\\/blog\\\/meddig-normalis-szenvedni-egy-szakitas-utan-mi-a-kulonbseg-az-egeszseges-gyasz-es-a-patologias-gyasz-kozott-2\\\/\"},\"author\":{\"name\":\"Dajka G\u00e1bor\",\"@id\":\"https:\\\/\\\/egercoach.hu\\\/blog\\\/#\\\/schema\\\/person\\\/afc73367aa314ca33a9c8d3b88dce6e7\"},\"headline\":\"Meddig norm\u00e1lis szenvedni egy szak\u00edt\u00e1s ut\u00e1n? \u2013 Mi a k\u00fcl\u00f6nbs\u00e9g az eg\u00e9szs\u00e9ges gy\u00e1sz \u00e9s a patol\u00f3gi\u00e1s gy\u00e1sz k\u00f6z\u00f6tt?\",\"datePublished\":\"2025-05-30T19:19:38+00:00\",\"mainEntityOfPage\":{\"@id\":\"https:\\\/\\\/egercoach.hu\\\/blog\\\/meddig-normalis-szenvedni-egy-szakitas-utan-mi-a-kulonbseg-az-egeszseges-gyasz-es-a-patologias-gyasz-kozott-2\\\/\"},\"wordCount\":3052,\"publisher\":{\"@id\":\"https:\\\/\\\/egercoach.hu\\\/blog\\\/#organization\"},\"image\":{\"@id\":\"https:\\\/\\\/egercoach.hu\\\/blog\\\/meddig-normalis-szenvedni-egy-szakitas-utan-mi-a-kulonbseg-az-egeszseges-gyasz-es-a-patologias-gyasz-kozott-2\\\/#primaryimage\"},\"thumbnailUrl\":\"https:\\\/\\\/egercoach.hu\\\/blog\\\/wp-content\\\/uploads\\\/2025\\\/05\\\/breaking-up.jpg\",\"articleSection\":[\"Szak\u00edt\u00e1s-feldolgoz\u00e1s Egerben\"],\"inLanguage\":\"hu\"},{\"@type\":\"WebPage\",\"@id\":\"https:\\\/\\\/egercoach.hu\\\/blog\\\/meddig-normalis-szenvedni-egy-szakitas-utan-mi-a-kulonbseg-az-egeszseges-gyasz-es-a-patologias-gyasz-kozott-2\\\/\",\"url\":\"https:\\\/\\\/egercoach.hu\\\/blog\\\/meddig-normalis-szenvedni-egy-szakitas-utan-mi-a-kulonbseg-az-egeszseges-gyasz-es-a-patologias-gyasz-kozott-2\\\/\",\"name\":\"Meddig norm\u00e1lis szenvedni egy szak\u00edt\u00e1s ut\u00e1n?\",\"isPartOf\":{\"@id\":\"https:\\\/\\\/egercoach.hu\\\/blog\\\/#website\"},\"primaryImageOfPage\":{\"@id\":\"https:\\\/\\\/egercoach.hu\\\/blog\\\/meddig-normalis-szenvedni-egy-szakitas-utan-mi-a-kulonbseg-az-egeszseges-gyasz-es-a-patologias-gyasz-kozott-2\\\/#primaryimage\"},\"image\":{\"@id\":\"https:\\\/\\\/egercoach.hu\\\/blog\\\/meddig-normalis-szenvedni-egy-szakitas-utan-mi-a-kulonbseg-az-egeszseges-gyasz-es-a-patologias-gyasz-kozott-2\\\/#primaryimage\"},\"thumbnailUrl\":\"https:\\\/\\\/egercoach.hu\\\/blog\\\/wp-content\\\/uploads\\\/2025\\\/05\\\/breaking-up.jpg\",\"datePublished\":\"2025-05-30T19:19:38+00:00\",\"breadcrumb\":{\"@id\":\"https:\\\/\\\/egercoach.hu\\\/blog\\\/meddig-normalis-szenvedni-egy-szakitas-utan-mi-a-kulonbseg-az-egeszseges-gyasz-es-a-patologias-gyasz-kozott-2\\\/#breadcrumb\"},\"inLanguage\":\"hu\",\"potentialAction\":[{\"@type\":\"ReadAction\",\"target\":[\"https:\\\/\\\/egercoach.hu\\\/blog\\\/meddig-normalis-szenvedni-egy-szakitas-utan-mi-a-kulonbseg-az-egeszseges-gyasz-es-a-patologias-gyasz-kozott-2\\\/\"]}]},{\"@type\":\"ImageObject\",\"inLanguage\":\"hu\",\"@id\":\"https:\\\/\\\/egercoach.hu\\\/blog\\\/meddig-normalis-szenvedni-egy-szakitas-utan-mi-a-kulonbseg-az-egeszseges-gyasz-es-a-patologias-gyasz-kozott-2\\\/#primaryimage\",\"url\":\"https:\\\/\\\/egercoach.hu\\\/blog\\\/wp-content\\\/uploads\\\/2025\\\/05\\\/breaking-up.jpg\",\"contentUrl\":\"https:\\\/\\\/egercoach.hu\\\/blog\\\/wp-content\\\/uploads\\\/2025\\\/05\\\/breaking-up.jpg\",\"width\":1500,\"height\":1124,\"caption\":\"Breaking up\"},{\"@type\":\"BreadcrumbList\",\"@id\":\"https:\\\/\\\/egercoach.hu\\\/blog\\\/meddig-normalis-szenvedni-egy-szakitas-utan-mi-a-kulonbseg-az-egeszseges-gyasz-es-a-patologias-gyasz-kozott-2\\\/#breadcrumb\",\"itemListElement\":[{\"@type\":\"ListItem\",\"position\":1,\"name\":\"Kezd\u0151lap\",\"item\":\"https:\\\/\\\/egercoach.hu\\\/blog\\\/\"},{\"@type\":\"ListItem\",\"position\":2,\"name\":\"Meddig norm\u00e1lis szenvedni egy szak\u00edt\u00e1s ut\u00e1n? \u2013 Mi a k\u00fcl\u00f6nbs\u00e9g az eg\u00e9szs\u00e9ges gy\u00e1sz \u00e9s a patol\u00f3gi\u00e1s gy\u00e1sz k\u00f6z\u00f6tt?\"}]},{\"@type\":\"WebSite\",\"@id\":\"https:\\\/\\\/egercoach.hu\\\/blog\\\/#website\",\"url\":\"https:\\\/\\\/egercoach.hu\\\/blog\\\/\",\"name\":\"Eger Coach Blog\",\"description\":\"\",\"publisher\":{\"@id\":\"https:\\\/\\\/egercoach.hu\\\/blog\\\/#organization\"},\"potentialAction\":[{\"@type\":\"SearchAction\",\"target\":{\"@type\":\"EntryPoint\",\"urlTemplate\":\"https:\\\/\\\/egercoach.hu\\\/blog\\\/?s={search_term_string}\"},\"query-input\":{\"@type\":\"PropertyValueSpecification\",\"valueRequired\":true,\"valueName\":\"search_term_string\"}}],\"inLanguage\":\"hu\"},{\"@type\":\"Organization\",\"@id\":\"https:\\\/\\\/egercoach.hu\\\/blog\\\/#organization\",\"name\":\"Eger Coach Blog\",\"url\":\"https:\\\/\\\/egercoach.hu\\\/blog\\\/\",\"logo\":{\"@type\":\"ImageObject\",\"inLanguage\":\"hu\",\"@id\":\"https:\\\/\\\/egercoach.hu\\\/blog\\\/#\\\/schema\\\/logo\\\/image\\\/\",\"url\":\"https:\\\/\\\/egercoach.hu\\\/blog\\\/wp-content\\\/uploads\\\/2025\\\/05\\\/cropped-Eger.png\",\"contentUrl\":\"https:\\\/\\\/egercoach.hu\\\/blog\\\/wp-content\\\/uploads\\\/2025\\\/05\\\/cropped-Eger.png\",\"width\":500,\"height\":169,\"caption\":\"Eger Coach Blog\"},\"image\":{\"@id\":\"https:\\\/\\\/egercoach.hu\\\/blog\\\/#\\\/schema\\\/logo\\\/image\\\/\"},\"sameAs\":[\"https:\\\/\\\/www.facebook.com\\\/eger.coach\"]},{\"@type\":\"Person\",\"@id\":\"https:\\\/\\\/egercoach.hu\\\/blog\\\/#\\\/schema\\\/person\\\/afc73367aa314ca33a9c8d3b88dce6e7\",\"name\":\"Dajka G\u00e1bor\",\"image\":{\"@type\":\"ImageObject\",\"inLanguage\":\"hu\",\"@id\":\"https:\\\/\\\/secure.gravatar.com\\\/avatar\\\/81566ea1e2b3466baa03e9bdcdaa835f58564d8be90057a45f3e61711dc8a063?s=96&d=mm&r=g\",\"url\":\"https:\\\/\\\/secure.gravatar.com\\\/avatar\\\/81566ea1e2b3466baa03e9bdcdaa835f58564d8be90057a45f3e61711dc8a063?s=96&d=mm&r=g\",\"contentUrl\":\"https:\\\/\\\/secure.gravatar.com\\\/avatar\\\/81566ea1e2b3466baa03e9bdcdaa835f58564d8be90057a45f3e61711dc8a063?s=96&d=mm&r=g\",\"caption\":\"Dajka G\u00e1bor\"},\"sameAs\":[\"https:\\\/\\\/egercoach.hu\\\/blog\"],\"url\":\"https:\\\/\\\/egercoach.hu\\\/blog\\\/author\\\/adminka\\\/\"}]}<\/script>\n<!-- \/ Yoast SEO plugin. -->","yoast_head_json":{"title":"Meddig norm\u00e1lis szenvedni egy szak\u00edt\u00e1s ut\u00e1n?","robots":{"index":"index","follow":"follow","max-snippet":"max-snippet:-1","max-image-preview":"max-image-preview:large","max-video-preview":"max-video-preview:-1"},"canonical":"https:\/\/egercoach.hu\/blog\/meddig-normalis-szenvedni-egy-szakitas-utan-mi-a-kulonbseg-az-egeszseges-gyasz-es-a-patologias-gyasz-kozott-2\/","og_locale":"hu_HU","og_type":"article","og_title":"Meddig norm\u00e1lis szenvedni egy szak\u00edt\u00e1s ut\u00e1n?","og_description":"Sokan tapasztaltuk m\u00e1r, hogy egy szak\u00edt\u00e1s ut\u00e1ni id\u0151szak minden tekintetben \u00fagy tud megviselni, mintha valamif\u00e9le \u201egy\u00e1szfolyamatba\u201d ker\u00fcln\u00e9nk. Egyre gyakrabban mer\u00fcl fel a k\u00e9rd\u00e9s: meddig norm\u00e1lis ez a f\u00e1jdalom, \u00e9s mikort\u00f3l v\u00e1lik probl\u00e9m\u00e1ss\u00e1 vagy ak\u00e1r k\u00f3ross\u00e1? Mikor besz\u00e9lhet\u00fcnk \u201eeg\u00e9szs\u00e9ges\u201d szenved\u00e9sr\u0151l, ami b\u00e1r f\u00e1jdalmas, de term\u00e9szetesen lezajlik, \u00e9s mikort\u00f3l mondhat\u00f3 az, hogy a gy\u00e1szfolyamat megfeneklett \u00e9s m\u00e1r...","og_url":"https:\/\/egercoach.hu\/blog\/meddig-normalis-szenvedni-egy-szakitas-utan-mi-a-kulonbseg-az-egeszseges-gyasz-es-a-patologias-gyasz-kozott-2\/","og_site_name":"Az Egri Coach Blogja","article_publisher":"https:\/\/www.facebook.com\/eger.coach","article_published_time":"2025-05-30T19:19:38+00:00","og_image":[{"width":1500,"height":1124,"url":"https:\/\/egercoach.hu\/blog\/wp-content\/uploads\/2025\/05\/breaking-up.jpg","type":"image\/jpeg"}],"author":"Dajka G\u00e1bor","twitter_card":"summary_large_image","twitter_misc":{"Szerz\u0151:":"Dajka G\u00e1bor","Becs\u00fclt olvas\u00e1si id\u0151":"11 perc"},"schema":{"@context":"https:\/\/schema.org","@graph":[{"@type":"Article","@id":"https:\/\/egercoach.hu\/blog\/meddig-normalis-szenvedni-egy-szakitas-utan-mi-a-kulonbseg-az-egeszseges-gyasz-es-a-patologias-gyasz-kozott-2\/#article","isPartOf":{"@id":"https:\/\/egercoach.hu\/blog\/meddig-normalis-szenvedni-egy-szakitas-utan-mi-a-kulonbseg-az-egeszseges-gyasz-es-a-patologias-gyasz-kozott-2\/"},"author":{"name":"Dajka G\u00e1bor","@id":"https:\/\/egercoach.hu\/blog\/#\/schema\/person\/afc73367aa314ca33a9c8d3b88dce6e7"},"headline":"Meddig norm\u00e1lis szenvedni egy szak\u00edt\u00e1s ut\u00e1n? \u2013 Mi a k\u00fcl\u00f6nbs\u00e9g az eg\u00e9szs\u00e9ges gy\u00e1sz \u00e9s a patol\u00f3gi\u00e1s gy\u00e1sz k\u00f6z\u00f6tt?","datePublished":"2025-05-30T19:19:38+00:00","mainEntityOfPage":{"@id":"https:\/\/egercoach.hu\/blog\/meddig-normalis-szenvedni-egy-szakitas-utan-mi-a-kulonbseg-az-egeszseges-gyasz-es-a-patologias-gyasz-kozott-2\/"},"wordCount":3052,"publisher":{"@id":"https:\/\/egercoach.hu\/blog\/#organization"},"image":{"@id":"https:\/\/egercoach.hu\/blog\/meddig-normalis-szenvedni-egy-szakitas-utan-mi-a-kulonbseg-az-egeszseges-gyasz-es-a-patologias-gyasz-kozott-2\/#primaryimage"},"thumbnailUrl":"https:\/\/egercoach.hu\/blog\/wp-content\/uploads\/2025\/05\/breaking-up.jpg","articleSection":["Szak\u00edt\u00e1s-feldolgoz\u00e1s Egerben"],"inLanguage":"hu"},{"@type":"WebPage","@id":"https:\/\/egercoach.hu\/blog\/meddig-normalis-szenvedni-egy-szakitas-utan-mi-a-kulonbseg-az-egeszseges-gyasz-es-a-patologias-gyasz-kozott-2\/","url":"https:\/\/egercoach.hu\/blog\/meddig-normalis-szenvedni-egy-szakitas-utan-mi-a-kulonbseg-az-egeszseges-gyasz-es-a-patologias-gyasz-kozott-2\/","name":"Meddig norm\u00e1lis szenvedni egy szak\u00edt\u00e1s ut\u00e1n?","isPartOf":{"@id":"https:\/\/egercoach.hu\/blog\/#website"},"primaryImageOfPage":{"@id":"https:\/\/egercoach.hu\/blog\/meddig-normalis-szenvedni-egy-szakitas-utan-mi-a-kulonbseg-az-egeszseges-gyasz-es-a-patologias-gyasz-kozott-2\/#primaryimage"},"image":{"@id":"https:\/\/egercoach.hu\/blog\/meddig-normalis-szenvedni-egy-szakitas-utan-mi-a-kulonbseg-az-egeszseges-gyasz-es-a-patologias-gyasz-kozott-2\/#primaryimage"},"thumbnailUrl":"https:\/\/egercoach.hu\/blog\/wp-content\/uploads\/2025\/05\/breaking-up.jpg","datePublished":"2025-05-30T19:19:38+00:00","breadcrumb":{"@id":"https:\/\/egercoach.hu\/blog\/meddig-normalis-szenvedni-egy-szakitas-utan-mi-a-kulonbseg-az-egeszseges-gyasz-es-a-patologias-gyasz-kozott-2\/#breadcrumb"},"inLanguage":"hu","potentialAction":[{"@type":"ReadAction","target":["https:\/\/egercoach.hu\/blog\/meddig-normalis-szenvedni-egy-szakitas-utan-mi-a-kulonbseg-az-egeszseges-gyasz-es-a-patologias-gyasz-kozott-2\/"]}]},{"@type":"ImageObject","inLanguage":"hu","@id":"https:\/\/egercoach.hu\/blog\/meddig-normalis-szenvedni-egy-szakitas-utan-mi-a-kulonbseg-az-egeszseges-gyasz-es-a-patologias-gyasz-kozott-2\/#primaryimage","url":"https:\/\/egercoach.hu\/blog\/wp-content\/uploads\/2025\/05\/breaking-up.jpg","contentUrl":"https:\/\/egercoach.hu\/blog\/wp-content\/uploads\/2025\/05\/breaking-up.jpg","width":1500,"height":1124,"caption":"Breaking up"},{"@type":"BreadcrumbList","@id":"https:\/\/egercoach.hu\/blog\/meddig-normalis-szenvedni-egy-szakitas-utan-mi-a-kulonbseg-az-egeszseges-gyasz-es-a-patologias-gyasz-kozott-2\/#breadcrumb","itemListElement":[{"@type":"ListItem","position":1,"name":"Kezd\u0151lap","item":"https:\/\/egercoach.hu\/blog\/"},{"@type":"ListItem","position":2,"name":"Meddig norm\u00e1lis szenvedni egy szak\u00edt\u00e1s ut\u00e1n? \u2013 Mi a k\u00fcl\u00f6nbs\u00e9g az eg\u00e9szs\u00e9ges gy\u00e1sz \u00e9s a patol\u00f3gi\u00e1s gy\u00e1sz k\u00f6z\u00f6tt?"}]},{"@type":"WebSite","@id":"https:\/\/egercoach.hu\/blog\/#website","url":"https:\/\/egercoach.hu\/blog\/","name":"Eger Coach Blog","description":"","publisher":{"@id":"https:\/\/egercoach.hu\/blog\/#organization"},"potentialAction":[{"@type":"SearchAction","target":{"@type":"EntryPoint","urlTemplate":"https:\/\/egercoach.hu\/blog\/?s={search_term_string}"},"query-input":{"@type":"PropertyValueSpecification","valueRequired":true,"valueName":"search_term_string"}}],"inLanguage":"hu"},{"@type":"Organization","@id":"https:\/\/egercoach.hu\/blog\/#organization","name":"Eger Coach Blog","url":"https:\/\/egercoach.hu\/blog\/","logo":{"@type":"ImageObject","inLanguage":"hu","@id":"https:\/\/egercoach.hu\/blog\/#\/schema\/logo\/image\/","url":"https:\/\/egercoach.hu\/blog\/wp-content\/uploads\/2025\/05\/cropped-Eger.png","contentUrl":"https:\/\/egercoach.hu\/blog\/wp-content\/uploads\/2025\/05\/cropped-Eger.png","width":500,"height":169,"caption":"Eger Coach Blog"},"image":{"@id":"https:\/\/egercoach.hu\/blog\/#\/schema\/logo\/image\/"},"sameAs":["https:\/\/www.facebook.com\/eger.coach"]},{"@type":"Person","@id":"https:\/\/egercoach.hu\/blog\/#\/schema\/person\/afc73367aa314ca33a9c8d3b88dce6e7","name":"Dajka G\u00e1bor","image":{"@type":"ImageObject","inLanguage":"hu","@id":"https:\/\/secure.gravatar.com\/avatar\/81566ea1e2b3466baa03e9bdcdaa835f58564d8be90057a45f3e61711dc8a063?s=96&d=mm&r=g","url":"https:\/\/secure.gravatar.com\/avatar\/81566ea1e2b3466baa03e9bdcdaa835f58564d8be90057a45f3e61711dc8a063?s=96&d=mm&r=g","contentUrl":"https:\/\/secure.gravatar.com\/avatar\/81566ea1e2b3466baa03e9bdcdaa835f58564d8be90057a45f3e61711dc8a063?s=96&d=mm&r=g","caption":"Dajka G\u00e1bor"},"sameAs":["https:\/\/egercoach.hu\/blog"],"url":"https:\/\/egercoach.hu\/blog\/author\/adminka\/"}]}},"_links":{"self":[{"href":"https:\/\/egercoach.hu\/blog\/wp-json\/wp\/v2\/posts\/1067","targetHints":{"allow":["GET"]}}],"collection":[{"href":"https:\/\/egercoach.hu\/blog\/wp-json\/wp\/v2\/posts"}],"about":[{"href":"https:\/\/egercoach.hu\/blog\/wp-json\/wp\/v2\/types\/post"}],"author":[{"embeddable":true,"href":"https:\/\/egercoach.hu\/blog\/wp-json\/wp\/v2\/users\/1"}],"replies":[{"embeddable":true,"href":"https:\/\/egercoach.hu\/blog\/wp-json\/wp\/v2\/comments?post=1067"}],"version-history":[{"count":0,"href":"https:\/\/egercoach.hu\/blog\/wp-json\/wp\/v2\/posts\/1067\/revisions"}],"wp:featuredmedia":[{"embeddable":true,"href":"https:\/\/egercoach.hu\/blog\/wp-json\/wp\/v2\/media\/1068"}],"wp:attachment":[{"href":"https:\/\/egercoach.hu\/blog\/wp-json\/wp\/v2\/media?parent=1067"}],"wp:term":[{"taxonomy":"category","embeddable":true,"href":"https:\/\/egercoach.hu\/blog\/wp-json\/wp\/v2\/categories?post=1067"},{"taxonomy":"post_tag","embeddable":true,"href":"https:\/\/egercoach.hu\/blog\/wp-json\/wp\/v2\/tags?post=1067"}],"curies":[{"name":"wp","href":"https:\/\/api.w.org\/{rel}","templated":true}]}}