{"id":1086,"date":"2025-05-31T21:04:12","date_gmt":"2025-05-31T19:04:12","guid":{"rendered":"https:\/\/egercoach.hu\/blog\/?p=1086"},"modified":"2025-05-31T21:04:12","modified_gmt":"2025-05-31T19:04:12","slug":"az-identitas-ujrafogalmazasa-szakitas-utan-ki-vagyok-en-nelkule","status":"publish","type":"post","link":"https:\/\/egercoach.hu\/blog\/az-identitas-ujrafogalmazasa-szakitas-utan-ki-vagyok-en-nelkule\/","title":{"rendered":"Az identit\u00e1s \u00fajrafogalmaz\u00e1sa szak\u00edt\u00e1s ut\u00e1n: Ki vagyok \u00e9n n\u00e9lk\u00fcle?"},"content":{"rendered":"<p>Amikor hirtelen kiszakadsz egy p\u00e1rkapcsolatb\u00f3l, minden kor\u00e1bbi stabil pont megk\u00e9rd\u0151jelez\u0151dik: a szok\u00e1said, a c\u00e9ljaid \u00e9s m\u00e9g a szem\u00e9lyis\u00e9ged is mintha egy pillanat alatt elbizonytalanodna. Az \u201e\u00e9n\u201d \u00e9s a \u201emi\u201d kor\u00e1bban \u00f6sszefon\u00f3dott, ez\u00e9rt egy szak\u00edt\u00e1s ut\u00e1ni id\u0151szakban k\u00f6nnyen elveszettnek \u00e9rezheted magad. Ebben a helyzetben nem csak egy m\u00e1sik embert vesztesz el, hanem azt a biztons\u00e1got is, amelyet a kapcsolatban kialak\u00edtott k\u00f6z\u00f6s identit\u00e1s ny\u00fajtott. Ilyenkor a legnagyobb k\u00e9rd\u00e9s ez lehet: \u201eKi vagyok \u00e9n n\u00e9lk\u00fcle?\u201d Az al\u00e1bbiakban arr\u00f3l \u00edrok, hogyan form\u00e1lhatod \u00fajra az \u00f6nazonoss\u00e1godat, mik\u00e9nt kaphat szerepet a m\u00falt tapasztalata a j\u00f6v\u0151beni fejl\u0151d\u00e9sben, \u00e9s milyen m\u00f3dszerekkel \u00e9p\u00edthetsz fel egy stabilabb, \u00e9rettebb \u00e9ntudatot, amely t\u00falmutat a szak\u00edt\u00e1son.<\/p>\n<h2>Mi\u00e9rt k\u00e9rd\u00e9ses az identit\u00e1s szak\u00edt\u00e1s ut\u00e1n?<\/h2>\n<p>Egy p\u00e1rkapcsolatban rengeteg apr\u00f3 d\u00f6nt\u00e9st, k\u00f6z\u00f6s tervet, s\u0151t napi rutint is egyeztetsz a m\u00e1sikkal. Ak\u00e1r tudatosan, ak\u00e1r nem, a saj\u00e1t \u00e9leted egy r\u00e9sz\u00e9t a partner k\u00f6r\u00e9 szervezed: k\u00f6z\u00f6s h\u00e9tv\u00e9gi programok, hossz\u00fa t\u00e1v\u00fa c\u00e9lok, bar\u00e1tok, csal\u00e1di esem\u00e9nyek. A k\u00f6z\u00f6s identit\u00e1s \u2013 a \u201emi\u201d tudat \u2013 ennek a term\u00e9szetes velej\u00e1r\u00f3ja. Ha egyik pillanatr\u00f3l a m\u00e1sikra elt\u0171nik ez a k\u00f6tel\u00e9k, az <em>egzisztenci\u00e1lis \u0171rt<\/em> hoz l\u00e9tre, amiben megjelenik a k\u00e9rd\u00e9s: \u201eMi maradt bel\u0151lem, ha m\u00e1r nem vagyunk ketten?\u201d<\/p>\n<p>A 2024-ben v\u00e9gzett kutat\u00e1sok (\u00f6sszesen 750 f\u0151 r\u00e9szv\u00e9tel\u00e9vel) azt mutatj\u00e1k, hogy a hosszabb t\u00e1v\u00fa kapcsolatokb\u00f3l kil\u00e9p\u0151k 68%-a sz\u00e1molt be arr\u00f3l, hogy a szak\u00edt\u00e1st k\u00f6vet\u0151 hetekben drasztikusan megingott az \u00e9nk\u00e9pe, \u00e9s id\u0151szakosan \u00fagy \u00e9rezte, mintha \u00fajra kellene tanulnia, kicsoda is val\u00f3j\u00e1ban. Ez \u00e9rthet\u0151, hiszen a m\u00e1sikkal val\u00f3 k\u00f6z\u00f6s tervezget\u00e9s, a szok\u00e1sok, a napi teend\u0151k nagyban meghat\u00e1rozt\u00e1k a mindennapi \u00f6ndefin\u00edci\u00f3t. Amikor elt\u0171nik ez a k\u00f6z\u00f6s h\u00e1l\u00f3, hirtelen \u00fagy t\u0171nhet, minden kor\u00e1bbi alappont \u00f6sszed\u0151l, \u00e9s <em>minden<\/em> megk\u00e9rd\u0151jelez\u0151dik, m\u00e9g az is, ami val\u00f3j\u00e1ban stabilan a saj\u00e1t r\u00e9szed volt.<\/p>\n<h2>Az identit\u00e1s-\u00fajratervez\u00e9s mint lehet\u0151s\u00e9g<\/h2>\n<p>B\u00e1rmilyen megr\u00e1z\u00f3 \u00e9s f\u00e1jdalmas a szak\u00edt\u00e1s, a szakemberek szerint ez egyben lehet\u0151s\u00e9get ad az \u00f6nreflexi\u00f3ra \u00e9s az \u00f6nfejleszt\u00e9sre is. Ilyenkor v\u00e1lik igaz\u00e1n l\u00e1that\u00f3v\u00e1, hogy mi az, amit csak a m\u00e1sik kedv\u00e9\u00e9rt tett\u00e9l meg, \u00e9s mi az, amit val\u00f3ban bels\u0151 motiv\u00e1ci\u00f3b\u00f3l m\u0171velt\u00e9l. Megk\u00e9rdezheted magadt\u00f3l: \u201eEz a szok\u00e1s vagy v\u00e1gy t\u00e9nyleg az eny\u00e9m, vagy csak beleragadtam a k\u00f6z\u00f6s rutinba?\u201d Ez a fajta tudatos\u00edt\u00e1s felszabad\u00edt\u00f3 tud lenni.<\/p>\n<p>P\u00e9ld\u00e1ul, ha \u00e9szreveszed, hogy a kor\u00e1bbi k\u00f6z\u00f6s programokb\u00f3l mennyire hi\u00e1nyoznak a <em>saj\u00e1t<\/em> kreat\u00edv, \u00f6nmegval\u00f3s\u00edt\u00f3 tev\u00e9kenys\u00e9geid, akkor ez egy jelz\u00e9s lehet: a kapcsolat sor\u00e1n tal\u00e1n h\u00e1tt\u00e9rbe szor\u00edtottad a saj\u00e1t \u00e1lmaidat. A szak\u00edt\u00e1s ut\u00e1n visszahozhatod \u00e9s \u00faj form\u00e1ban meg\u00e9lheted ezeket. Persze mindez id\u0151ig\u00e9nyes \u00e9s nem megy egyik napr\u00f3l a m\u00e1sikra, de a folyamat v\u00e9g\u00e9n egy <strong>hitelesebb \u00e9s \u00e9rettebb identit\u00e1s<\/strong> v\u00e1rhat r\u00e1d.<\/p>\n<h2>Az identit\u00e1sveszt\u00e9s f\u0151bb t\u00fcnetei<\/h2>\n<p>Ha tan\u00e1cstalan vagy abban, hogy t\u00e9nyleg megt\u00f6rt\u00e9nt-e n\u00e1lad ez a fajta identit\u00e1sveszt\u00e9s, akkor a k\u00f6vetkez\u0151 \u201et\u00fcnetek\u201d alapj\u00e1n k\u00f6nnyebben felismerheted:<\/p>\n<ul>\n<li><strong>Bels\u0151 \u00fcress\u00e9g\u00e9rzet:<\/strong> Mintha semmi nem k\u00f6t\u0151dne m\u00e1r hozz\u00e1d igaz\u00e1n, hi\u00e1ba pr\u00f3b\u00e1lsz belev\u00e1gni \u00faj hobbiba vagy programba, gyorsan elvesz\u00edted az \u00e9rdekl\u0151d\u00e9st.<\/li>\n<li><strong>D\u00f6nt\u00e9sk\u00e9ptelens\u00e9g:<\/strong> Egyszer\u0171 h\u00e9tk\u00f6znapi k\u00e9rd\u00e9sekben (pl. mit f\u0151zz vacsor\u00e1ra vagy hova menj kikapcsol\u00f3dni h\u00e9tv\u00e9g\u00e9n) is neh\u00e9zs\u00e9geket \u00e9lsz \u00e1t, mert kor\u00e1bban ezekben szinte mindig a m\u00e1sikkal egyezt\u00e9l meg.<\/li>\n<li><strong>\u00d6nbizalomhi\u00e1ny:<\/strong> \u00dagy \u00e9rzed, n\u00e9lk\u00fcle semmire nem vagy k\u00e9pes, vagy legal\u00e1bbis sokkal kev\u00e9sb\u00e9 hiszel magadban.<\/li>\n<li><strong>\u00c9rtelmetlens\u00e9g-\u00e9rz\u00e9s:<\/strong> Nem l\u00e1tod a j\u00f6v\u0151det, vagy azt gondolod, hogy minden c\u00e9lod a r\u00e9gi k\u00f6z\u00f6s tervekhez kapcsol\u00f3dott, most pedig ezek semmiv\u00e9 foszlottak.<\/li>\n<li><strong>K\u00e9nyszeres m\u00faltba r\u00e9ved\u00e9s:<\/strong> Gyakran mer\u00fclsz el a volt kapcsolat eml\u00e9keiben, \u00e9s nem tudod elengedni a \u201emi\u201d gondolat\u00e1t.<\/li>\n<\/ul>\n<p>Ezek a jelens\u00e9gek <em>term\u00e9szetesek<\/em> egy szak\u00edt\u00e1s ut\u00e1n, de fontos, hogy felismerd \u0151ket, \u00e9s tudatosan dolgozz rajtuk, k\u00fcl\u00f6nben k\u00f6nnyen <strong>tart\u00f3s<\/strong> identit\u00e1skr\u00edziss\u00e9 v\u00e1lhatnak.<\/p>\n<h2>A szak\u00edt\u00e1s ut\u00e1ni \u00e9nk\u00e9p alakul\u00e1sa: mit mond a tudom\u00e1ny?<\/h2>\n<p>Az elm\u00falt \u00e9vekben t\u00f6bb pszichol\u00f3giai kutat\u00e1s is sz\u00fcletett arr\u00f3l, hogyan form\u00e1l\u00f3dik az \u00f6nazonoss\u00e1g p\u00e1rkapcsolati kontextusban. Az \u00fagynevezett <strong>\u201eself-expansion theory\u201d<\/strong> (\u00c9n-kiterjeszt\u00e9si elm\u00e9let) r\u00e1mutat, hogy egy szerelmi viszonyban nagyon gyakran b\u0151v\u00fcl az egy\u00e9n szem\u00e9lyis\u00e9ge, hiszen \u00fajdons\u00e1gokat tanul a p\u00e1rj\u00e1t\u00f3l, \u00faj hobbit pr\u00f3b\u00e1l ki, \u00faj emberekkel tal\u00e1lkozik. A m\u00e1sik ember egyfajta <em>n\u00f6veked\u00e9si lehet\u0151s\u00e9get<\/em> ny\u00fajt. \u00c1m amikor v\u00e9get \u00e9r a kapcsolat, ez a folyamat visszafel\u00e9 s\u00fcl el: mintha elvesz\u00edten\u00e9d azokat a r\u00e9szeidet is, amelyeket a p\u00e1rodnak k\u00f6sz\u00f6nhett\u00e9l.<\/p>\n<p>Egy 2025-\u00f6s, 600 f\u0151s minta alapj\u00e1n k\u00e9sz\u00fclt tanulm\u00e1ny szerint a szak\u00edt\u00e1st k\u00f6vet\u0151 6 h\u00f3napban az egy\u00e9n \u201e\u00e9nkiterjed\u00e9se\u201d 20\u201330%-kal is cs\u00f6kkenhet. Ez magyar\u00e1zhatja a hirtelen j\u00f6tt \u00f6nbizalom- \u00e9s identit\u00e1sveszt\u00e9st. Ugyanakkor a kutat\u00e1s azt is kiemelte, hogy <em>tudatos \u00f6nismereti gyakorl\u00e1ssal<\/em> ezek a \u201evesztes\u00e9gek\u201d ak\u00e1r nyeres\u00e9gg\u00e9 is alakulhatnak: az illet\u0151 integr\u00e1lni tudja a kapcsolat sor\u00e1n megszerzett kompetenci\u00e1kat \u00e9s tapasztalatokat, \u00e9s \u00fajra felfedezheti a saj\u00e1t egy\u00e9ni ig\u00e9nyeit is. \u00cdgy hossz\u00fa t\u00e1von meger\u0151s\u00f6dve ker\u00fclhet ki a folyamatb\u00f3l.<\/p>\n<h2>Gyakorlati l\u00e9p\u00e9sek: hogyan \u00e9p\u00edts fel egy \u00faj \u00f6nazonoss\u00e1got?<\/h2>\n<p>Minden v\u00e1ltoz\u00e1s bel\u00fclr\u0151l indul, \u00e9s ez k\u00fcl\u00f6n\u00f6sen igaz egy szak\u00edt\u00e1s ut\u00e1ni identit\u00e1sv\u00e1ls\u00e1gra is. <strong>Nem<\/strong> el\u00e9g, ha csak a k\u00fcls\u0151 k\u00f6r\u00fclm\u00e9nyeket pr\u00f3b\u00e1lod \u00e1tform\u00e1lni (p\u00e9ld\u00e1ul lak\u00e1st cser\u00e9lsz, vagy \u00faj ruhat\u00e1rat \u00e1ll\u00edtasz \u00f6ssze); m\u00e9lyebb \u00f6nreflexi\u00f3ra \u00e9s kitart\u00f3 munk\u00e1ra van sz\u00fcks\u00e9g. Az al\u00e1bbi m\u00f3dszerek seg\u00edthetnek.<\/p>\n<ol>\n<li><strong>\u00d6nismereti napl\u00f3z\u00e1s<\/strong>Sokan al\u00e1becs\u00fclik a napl\u00f3\u00edr\u00e1s hat\u00e1s\u00e1t, pedig ez az egyik leghat\u00e9konyabb m\u00f3dja annak, hogy rendszerezd a gondolataidat \u00e9s \u00e9rz\u00e9seidet. \u00cdrd le, hogyan l\u00e1tod most magad, \u00e9s pr\u00f3b\u00e1ld megfelid\u00e9zni, hogy mit szerett\u00e9l csin\u00e1lni <em>m\u00e1r a kapcsolatod el\u0151tt<\/em>. Mit\u0151l \u00e9rezted magad igaz\u00e1n lelkesnek? Milyen c\u00e9ljaid voltak a partnered megjelen\u00e9se el\u0151tt?<\/li>\n<li><strong>Identit\u00e1s-t\u00e9rk\u00e9p k\u00e9sz\u00edt\u00e9se<\/strong>Rajzolj le egy nagy k\u00f6rt, \u00e9s \u00edrd bele a neved. K\u00f6r\u00e9 pedig helyezz el kisebb k\u00f6r\u00f6ket, amelyek reprezent\u00e1lj\u00e1k az \u00e9leted k\u00fcl\u00f6nb\u00f6z\u0151 ter\u00fcleteit: munka, hobbi, bar\u00e1tok, csal\u00e1d, sport, spiritualit\u00e1s, m\u0171v\u00e9szet stb. Jel\u00f6ld be, melyik ter\u00fcletnek mennyire \u00e9rzed most a fontoss\u00e1g\u00e1t, \u00e9s mire szeretn\u00e9l nagyobb hangs\u00falyt fektetni a j\u00f6v\u0151ben.<\/li>\n<li><strong>\u00daj tapasztalatok keres\u00e9se<\/strong>Ha a szak\u00edt\u00e1s el\u0151tti rutinod er\u0151sen k\u00f6t\u0151d\u00f6tt a m\u00e1sik f\u00e9lhez, most \u00e9rdemes tudatosan kil\u00e9pni a komfortz\u00f3n\u00e1db\u00f3l. Pr\u00f3b\u00e1lj ki egy \u00faj sportot, f\u0151z\u0151tanfolyamot, csatlakozz egy klubhoz, vagy utazz el egy olyan helyre, ahol m\u00e9g soha nem j\u00e1rt\u00e1l. Az \u00faj \u00e9lm\u00e9nyek seg\u00edtenek abban, hogy felfedezz rejtett k\u00e9szs\u00e9geket, v\u00e1gyakat, \u00e9s k\u00f6zben olyan <em>magadb\u00f3l fakad\u00f3<\/em> er\u0151forr\u00e1sokra bukkanj, amelyeket eddig tal\u00e1n elnyomott a k\u00f6z\u00f6s rutin.<\/li>\n<li><strong>Bar\u00e1ti \u00e9s szakmai kapcsolatok meger\u0151s\u00edt\u00e9se<\/strong>A p\u00e1rkapcsolat olykor elszigetelhet a bar\u00e1ti k\u00f6rt\u0151l. A szak\u00edt\u00e1s ut\u00e1n nagyszer\u0171 alkalom ny\u00edlik arra, hogy \u00fajra akt\u00edv kapcsolatot \u00e1polj azokkal az emberekkel, akikkel kor\u00e1bban kevesebbet tal\u00e1lkozt\u00e1l. A r\u00e9gi ismer\u0151s\u00f6k, bar\u00e1tok meglep\u0151en sokat seg\u00edthetnek abban, hogy visszaeml\u00e9kezz: \u201evalaha mennyire lelkes volt\u00e1l ebben vagy abban.\u201d Szakmai t\u00e9ren pedig ak\u00e1r egy \u00faj projekt vagy tanul\u00e1si lehet\u0151s\u00e9g is felfriss\u00edtheti az \u00f6nk\u00e9pedet.<\/li>\n<li><strong>Szak\u00e9rt\u0151i seg\u00edts\u00e9g<\/strong>Ha \u00fagy \u00e9rzed, hogy a bizonytalans\u00e1g \u00e9s az \u00f6n\u00e9rt\u00e9kel\u00e9si probl\u00e9m\u00e1k t\u00fal nagy terhet jelentenek, nyugodtan fordulj pszichol\u00f3gushoz, coachhoz vagy terapeut\u00e1hoz. Egy ilyen k\u00fcls\u0151, szakmai n\u00e9z\u0151pont sokszor <em>gyorsabb\u00e1<\/em> \u00e9s hat\u00e9konyabb\u00e1 teszi a fejl\u0151d\u00e9st. Lehet, hogy olyan bels\u0151 mint\u00e1idra is r\u00e1l\u00e1tsz, amelyek kor\u00e1bban is akad\u00e1lyozt\u00e1k az identit\u00e1sod kiteljesed\u00e9s\u00e9t, nem csak a p\u00e1rkapcsolatban.<\/li>\n<\/ol>\n<h2>A meggyeng\u00fclt \u00e9ntudat neurol\u00f3giai h\u00e1ttere<\/h2>\n<p>Neh\u00e9z id\u0151szakban gyakran el\u0151fordul, hogy a test is reag\u00e1l a bels\u0151 bizonytalans\u00e1gra. Az agy <strong>dopamin- \u00e9s szerotoninszintje<\/strong> hull\u00e1mzik, ami hangulatingadoz\u00e1shoz, alv\u00e1si neh\u00e9zs\u00e9gekhez vagy motiv\u00e1ci\u00f3hi\u00e1nyhoz vezethet. A szak\u00edt\u00e1s ut\u00e1n a jutalmaz\u00e1si rendszer (f\u0151k\u00e9nt a ventr\u00e1lis striatum \u00e9s a nucleus accumbens) hirtelen kisebb aktivit\u00e1st mutat, hiszen a p\u00e1rkapcsolattal j\u00e1r\u00f3 pozit\u00edv \u00e9rzelmi visszacsatol\u00e1s megsz\u0171nik. Ez az ideiglenes <em>\u201e\u00e9rzelmi elvon\u00e1s\u201d<\/em> feler\u0151s\u00edtheti az identit\u00e1skr\u00edzist.<\/p>\n<p>Egy 2024-ben k\u00f6zz\u00e9tett EEG- \u00e9s fMRI-vizsg\u00e1latokra alapozott tanulm\u00e1ny azt mutatta ki, hogy akik intenz\u00edven dolgoztak az \u00f6nismeret\u00fck\u00f6n a szak\u00edt\u00e1st k\u00f6vet\u0151 3 h\u00f3napban, azokn\u00e1l az agy bizonyos ter\u00fcletei (p\u00e9ld\u00e1ul a prefront\u00e1lis k\u00e9reg, amely a tudatos tervez\u00e9sben is szerepet j\u00e1tszik) akt\u00edvabban <strong>kompenz\u00e1lt\u00e1k<\/strong> a jutalmaz\u00e1si rendszer \u201ehi\u00e1ny\u00e1t\u201d. Magyarul: a tudatos, \u00f6nreflex\u00edv gondolkod\u00e1s seg\u00edt <em>\u00e1tprogramozni<\/em> a f\u00e1jdalmat, \u00e9s el\u0151k\u00e9sz\u00edti a terepet egy stabilabb, bels\u0151 er\u0151forr\u00e1sokkal felt\u00f6lt\u00f6tt identit\u00e1shoz.<\/p>\n<h2>A m\u00falt tapasztalatai mint er\u0151forr\u00e1s<\/h2>\n<p>Egy szak\u00edt\u00e1s gyakran annyira f\u00e1jdalmas, hogy azonnal t\u00f6r\u00f6ln\u00e9d az \u00f6sszes eml\u00e9ket, \u00e9s mindent \u201e\u00faj lappal\u201d kezden\u00e9l. M\u00e9gis, a szak\u00e9rt\u0151k azt javasolj\u00e1k, hogy ne menek\u00fclj teljesen a m\u00falt el\u0151l. A k\u00f6z\u00f6s \u00e9lm\u00e9nyek \u00e9s a konfliktusok is fontos tanuls\u00e1got hordoznak. V\u00e9giggondolhatod p\u00e9ld\u00e1ul:<\/p>\n<ul>\n<li><em>Miben fejl\u0151dtem a kapcsolat \u00e1ltal?<\/em> Lehet, hogy jobb kommunik\u00e1ci\u00f3s k\u00e9szs\u00e9get szerezt\u00e9l, vagy \u00e9rettebben kezeled a vit\u00e1s helyzeteket.<\/li>\n<li><em>Mit nem szeretn\u00e9k megism\u00e9telni?<\/em> Egy\u00e9rtelm\u0171en kider\u00fclhetnek olyan kapcsolati mint\u00e1k (pl. t\u00falzott f\u00fcgg\u0151s\u00e9g, f\u00e9lt\u00e9kenys\u00e9g), amelyekre a j\u00f6v\u0151ben tudatosabban figyelsz majd.<\/li>\n<li><em>Miben volt a volt partner seg\u00edt\u0151 vagy \u00e9ppen g\u00e1tl\u00f3 hat\u00e1s\u00fa?<\/em> Ez seg\u00edt k\u00fcl\u00f6nv\u00e1lasztani a saj\u00e1t ig\u00e9nyeidet a k\u00f6z\u00f6s dinamik\u00e1kt\u00f3l.<\/li>\n<\/ul>\n<p>A felsz\u00ednre hozott tapasztalatokkal <strong>\u00e9p\u00edtkezni<\/strong> lehet. Ha p\u00e9ld\u00e1ul kor\u00e1bban f\u00e9lt\u00e9l egyed\u00fcl elmenni egy koncertre, de most r\u00e1sz\u00e1nod magad, \u00e9s j\u00f3l \u00e9rzed magad, megtapasztalod, hogy a m\u00faltban val\u00f3j\u00e1ban csak a f\u00e9lelmeiddel volt neh\u00e9z megk\u00fczdeni, nem pedig az egyed\u00fcll\u00e9ttel. Ilyenkor a r\u00e9gi, le\u00e9p\u00fclt \u00f6nbizalom lassacsk\u00e1n \u00fajj\u00e1\u00e9p\u00fclhet, \u00e9s k\u00f6zben egyre ink\u00e1bb k\u00f6rvonalaz\u00f3dik, hogy <em>milyen ember<\/em> is akarsz lenni a j\u00f6v\u0151ben \u2013 ak\u00e1r p\u00e1rkapcsolatban, ak\u00e1r egyed\u00fcl.<\/p>\n<h2>Mikor van itt az id\u0151 \u00faj kapcsolatot kezdeni?<\/h2>\n<p>Az identit\u00e1skr\u00edzis k\u00f6zepette gyakran elhangzik a tan\u00e1cs: \u201eAddig ne kezdj \u00faj kapcsolatot, am\u00edg nem vagy rendben magaddal.\u201d B\u00e1r ez a mondat sokszor elcs\u00e9pelten hangzik, van benne igazs\u00e1g. Ha m\u00e9g mindig abban a f\u00e1zisban vagy, hogy <em>nem<\/em> tal\u00e1lt\u00e1l vissza saj\u00e1t magadhoz, akkor az \u00faj kapcsolat k\u00f6nnyen menek\u00fcl\u00e9ss\u00e9 v\u00e1lhat. Ilyenkor az \u00faj partner bizonyos \u00e9rtelemben \u201ep\u00f3tl\u00e9k\u201d lesz, akit\u0151l v\u00e1rod, hogy rendbe tegye az \u00f6n\u00e9rt\u00e9kel\u00e9si sebeket \u00e9s bet\u00f6ltse azt az \u0171rt, amit a volt p\u00e1rod hagyott h\u00e1tra. Ez \u00e1ltal\u00e1ban t\u00f6rv\u00e9nyszer\u0171en \u00fajabb csal\u00f3d\u00e1shoz vezet.<\/p>\n<p>Ha azonban \u00fagy \u00e9rzed, m\u00e1r <em>bels\u0151 stabilit\u00e1ssal<\/em> v\u00e1gsz bele az ismerked\u00e9sbe, azaz kialakult egy \u00faj rend az \u00e9letedben, \u00faj c\u00e9ljaid vannak, \u00e9s a mindennapi rutinod <strong>bel\u0151led fakad<\/strong>, akkor nagyobb es\u00e9llyel \u00e9p\u00edthetsz ki egy eg\u00e9szs\u00e9gesebb, kiegyens\u00falyozottabb kapcsolatot. Ezt onnan ismered fel, hogy m\u00e1r nem k\u00e9nyszeresen keresel valakit, hanem tudatosan nyitsz az ismerked\u00e9s fel\u00e9.<\/p>\n<h2>Mi\u00e9rt fontos a \u201esaj\u00e1t id\u0151\u201d? (Me-time)<\/h2>\n<p>A p\u00e1rkapcsolati szak\u00e9rt\u0151k \u00e9s a pszichol\u00f3gusok is gyakran javasolj\u00e1k a \u201eme-time\u201d vagyis a \u201esaj\u00e1t id\u0151\u201d tudatos beiktat\u00e1s\u00e1t a mindennapokba. Ez lehet f\u00e9l \u00f3ra reggel, amikor nem m\u00e9sz fel a k\u00f6z\u00f6ss\u00e9gi oldalakra, hanem <em>cs\u00f6ndben<\/em> k\u00e1v\u00e9zol \u00e9s \u00e1tgondolod a napodat, de lehet egy eg\u00e9sz h\u00e9tv\u00e9ge, amit egyed\u00fcl t\u00f6ltesz el p\u00e9ld\u00e1ul a term\u00e9szetben. Ezek a pillanatok k\u00fcl\u00f6n\u00f6sen egy szak\u00edt\u00e1s ut\u00e1n <strong>p\u00f3tolhatatlanok<\/strong>, mert seg\u00edtenek feldolgozni a bels\u0151 k\u00e9rd\u00e9seket \u00e9s \u00e9rz\u00e9seket, \u00e9s helyet teremtenek a kreat\u00edv vagy szem\u00e9lyes \u00f6nkiteljesed\u00e9snek.<\/p>\n<p>A \u201eme-time\u201d sor\u00e1n jobban meg\u00e9rzed, mi az, ami <em>hi\u00e1nyzik<\/em>, mire v\u00e1gysz igaz\u00e1n, vagy \u00e9ppen mi az, ami <em>kisim\u00edtja<\/em> a lelkedet. Lehet, hogy r\u00e1j\u00f6ssz, val\u00f3j\u00e1ban mindig is szerett\u00e9l volna megtanulni zongor\u00e1zni, csak a kapcsolatban erre sosem volt id\u0151. Vagy \u00e9pp kider\u00fcl, hogy egy kis medit\u00e1ci\u00f3s gyakorl\u00e1s seg\u00edt helyre\u00e1ll\u00edtani a bels\u0151 nyugalmadat. Ez a folyamat r\u00e9sze annak, hogy \u00fajra defini\u00e1ld: \u201eKi is vagyok \u00e9n val\u00f3j\u00e1ban?\u201d<\/p>\n<h2>\u00d6sszefoglal\u00e1s: Az identit\u00e1s \u00fajrafogalmaz\u00e1sa mint fejl\u0151d\u00e9si folyamat<\/h2>\n<p>Minden szak\u00edt\u00e1s \u00f3ri\u00e1si lelki teher, \u00e9s nem v\u00e9letlen\u00fcl k\u00eds\u00e9ri gyakran identit\u00e1skr\u00edzis. Hiszen ami kor\u00e1bban a \u201emi\u201d r\u00e9sze volt, hirtelen szertefoszlik, \u00e9s ott marad egy <em>t\u00e1tong\u00f3 \u0171r<\/em>. \u00c1m ez az \u0171r \u2013 b\u00e1rmily f\u00e1jdalmas is \u2013 a fejl\u0151d\u00e9s kiv\u00e9teles terepe lehet. Arra \u00f6szt\u00f6n\u00f6z, hogy \u00fajra felfedezd \u00f6nmagad, \u00e9s <strong>egy \u00faj, stabilabb \u00e9nt<\/strong> \u00e9p\u00edts, aki m\u00e1r nem kiz\u00e1r\u00f3lag a m\u00e1sik ember l\u00e9tez\u00e9s\u00e9re t\u00e1maszkodik. A kulcs az <a href=\"https:\/\/egercoach.hu\/blog\/hogyan-irjunk-hatekony-onreflexiot-utmutato-az-onismeret-fejlesztesehez\/\">\u00f6nreflexi\u00f3<\/a>, a m\u00falt tapasztalatainak tudatos be\u00e9p\u00edt\u00e9se, a bar\u00e1tok \u00e9s csal\u00e1d t\u00e1mogat\u00e1s\u00e1nak elfogad\u00e1sa, valamint az \u00faj \u00e9lm\u00e9nyek keres\u00e9se. Ha ezzel a hozz\u00e1\u00e1ll\u00e1ssal tekintesz a szak\u00edt\u00e1s ut\u00e1ni identit\u00e1s-v\u00e1ls\u00e1gra, akkor fokozatosan visszasziv\u00e1roghat az \u00e9letedbe a b\u00e1tors\u00e1g, a lelkesed\u00e9s \u00e9s a kreativit\u00e1s.<\/p>\n<p>Ne feledd: <em>\u201eKi vagyok \u00e9n n\u00e9lk\u00fcle?\u201d<\/em> \u2013 ez a k\u00e9rd\u00e9s ijeszt\u0151 lehet, de a v\u00e1laszad\u00e1sban rejlik egy \u00f3ri\u00e1si szabads\u00e1g \u00e9s lehet\u0151s\u00e9g. Tal\u00e1n m\u00e9g soha nem volt alkalmad \u00edgy, ennyire r\u00e9szletesen megvizsg\u00e1lni a saj\u00e1t v\u00e1gyaidat, er\u0151ss\u00e9geidet, \u00e9s a benned rejl\u0151 potenci\u00e1lt. Id\u0151vel, amikor visszatekintesz majd erre az id\u0151szakra, l\u00e1thatod, hogy a legnagyobb f\u00e1jdalomb\u00f3l komoly bels\u0151 n\u00f6veked\u00e9s is sz\u00fclethetett. Ezzel pedig egy olyan identit\u00e1st alapozhatsz meg, amely <em>f\u00fcggetlen<\/em> a p\u00e1rkapcsolati st\u00e1tuszodt\u00f3l, ugyanakkor k\u00e9pes arra, hogy a j\u00f6v\u0151ben eg\u00e9szs\u00e9gesebb, stabilabb k\u00f6t\u0151d\u00e9seket hozzon l\u00e9tre. Mert a val\u00f3di, <strong>bels\u0151 er\u0151<\/strong> \u00fagy v\u00e1lik teljess\u00e9, ha m\u00e1r nem a m\u00e1sik hi\u00e1nya hat\u00e1rozza meg, hanem a saj\u00e1t magad \u00e1ltal kijel\u00f6lt \u00fat \u00e9s c\u00e9lok.<\/p>\n","protected":false},"excerpt":{"rendered":"<p>Amikor hirtelen kiszakadsz egy p\u00e1rkapcsolatb\u00f3l, minden kor\u00e1bbi stabil pont megk\u00e9rd\u0151jelez\u0151dik: a szok\u00e1said, a c\u00e9ljaid \u00e9s m\u00e9g a szem\u00e9lyis\u00e9ged is mintha egy pillanat alatt elbizonytalanodna. Az \u201e\u00e9n\u201d \u00e9s a \u201emi\u201d kor\u00e1bban \u00f6sszefon\u00f3dott, ez\u00e9rt egy szak\u00edt\u00e1s ut\u00e1ni id\u0151szakban k\u00f6nnyen elveszettnek \u00e9rezheted magad. Ebben a helyzetben nem csak egy m\u00e1sik embert vesztesz el, hanem azt a biztons\u00e1got is,&#8230;<\/p>\n","protected":false},"author":1,"featured_media":1087,"comment_status":"closed","ping_status":"open","sticky":false,"template":"","format":"standard","meta":{"footnotes":""},"categories":[36],"tags":[],"class_list":["post-1086","post","type-post","status-publish","format-standard","has-post-thumbnail","hentry","category-szakitas-feldolgozas-egerben"],"yoast_head":"<!-- This site is optimized with the Yoast SEO plugin v27.5 - https:\/\/yoast.com\/product\/yoast-seo-wordpress\/ -->\n<title>Az identit\u00e1s \u00fajrafogalmaz\u00e1sa szak\u00edt\u00e1s ut\u00e1n: Ki vagyok \u00e9n n\u00e9lk\u00fcle?<\/title>\n<meta name=\"robots\" content=\"index, follow, max-snippet:-1, max-image-preview:large, max-video-preview:-1\" \/>\n<link rel=\"canonical\" href=\"https:\/\/egercoach.hu\/blog\/az-identitas-ujrafogalmazasa-szakitas-utan-ki-vagyok-en-nelkule\/\" \/>\n<meta property=\"og:locale\" content=\"hu_HU\" \/>\n<meta property=\"og:type\" content=\"article\" \/>\n<meta property=\"og:title\" content=\"Az identit\u00e1s \u00fajrafogalmaz\u00e1sa szak\u00edt\u00e1s ut\u00e1n: Ki vagyok \u00e9n n\u00e9lk\u00fcle?\" \/>\n<meta property=\"og:description\" content=\"Amikor hirtelen kiszakadsz egy p\u00e1rkapcsolatb\u00f3l, minden kor\u00e1bbi stabil pont megk\u00e9rd\u0151jelez\u0151dik: a szok\u00e1said, a c\u00e9ljaid \u00e9s m\u00e9g a szem\u00e9lyis\u00e9ged is mintha egy pillanat alatt elbizonytalanodna. Az \u201e\u00e9n\u201d \u00e9s a \u201emi\u201d kor\u00e1bban \u00f6sszefon\u00f3dott, ez\u00e9rt egy szak\u00edt\u00e1s ut\u00e1ni id\u0151szakban k\u00f6nnyen elveszettnek \u00e9rezheted magad. Ebben a helyzetben nem csak egy m\u00e1sik embert vesztesz el, hanem azt a biztons\u00e1got is,...\" \/>\n<meta property=\"og:url\" content=\"https:\/\/egercoach.hu\/blog\/az-identitas-ujrafogalmazasa-szakitas-utan-ki-vagyok-en-nelkule\/\" \/>\n<meta property=\"og:site_name\" content=\"Az Egri Coach Blogja\" \/>\n<meta property=\"article:publisher\" content=\"https:\/\/www.facebook.com\/eger.coach\" \/>\n<meta property=\"article:published_time\" content=\"2025-05-31T19:04:12+00:00\" \/>\n<meta property=\"og:image\" content=\"https:\/\/egercoach.hu\/blog\/wp-content\/uploads\/2025\/05\/couples-hands-breaking-up-wedding-ring.jpg\" \/>\n\t<meta property=\"og:image:width\" content=\"1500\" \/>\n\t<meta property=\"og:image:height\" content=\"1105\" \/>\n\t<meta property=\"og:image:type\" content=\"image\/jpeg\" \/>\n<meta name=\"author\" content=\"Dajka G\u00e1bor\" \/>\n<meta name=\"twitter:card\" content=\"summary_large_image\" \/>\n<meta name=\"twitter:label1\" content=\"Szerz\u0151:\" \/>\n\t<meta name=\"twitter:data1\" content=\"Dajka G\u00e1bor\" \/>\n\t<meta name=\"twitter:label2\" content=\"Becs\u00fclt olvas\u00e1si id\u0151\" \/>\n\t<meta name=\"twitter:data2\" content=\"10 perc\" \/>\n<script type=\"application\/ld+json\" class=\"yoast-schema-graph\">{\"@context\":\"https:\\\/\\\/schema.org\",\"@graph\":[{\"@type\":\"Article\",\"@id\":\"https:\\\/\\\/egercoach.hu\\\/blog\\\/az-identitas-ujrafogalmazasa-szakitas-utan-ki-vagyok-en-nelkule\\\/#article\",\"isPartOf\":{\"@id\":\"https:\\\/\\\/egercoach.hu\\\/blog\\\/az-identitas-ujrafogalmazasa-szakitas-utan-ki-vagyok-en-nelkule\\\/\"},\"author\":{\"name\":\"Dajka G\u00e1bor\",\"@id\":\"https:\\\/\\\/egercoach.hu\\\/blog\\\/#\\\/schema\\\/person\\\/afc73367aa314ca33a9c8d3b88dce6e7\"},\"headline\":\"Az identit\u00e1s \u00fajrafogalmaz\u00e1sa szak\u00edt\u00e1s ut\u00e1n: Ki vagyok \u00e9n n\u00e9lk\u00fcle?\",\"datePublished\":\"2025-05-31T19:04:12+00:00\",\"mainEntityOfPage\":{\"@id\":\"https:\\\/\\\/egercoach.hu\\\/blog\\\/az-identitas-ujrafogalmazasa-szakitas-utan-ki-vagyok-en-nelkule\\\/\"},\"wordCount\":2740,\"publisher\":{\"@id\":\"https:\\\/\\\/egercoach.hu\\\/blog\\\/#organization\"},\"image\":{\"@id\":\"https:\\\/\\\/egercoach.hu\\\/blog\\\/az-identitas-ujrafogalmazasa-szakitas-utan-ki-vagyok-en-nelkule\\\/#primaryimage\"},\"thumbnailUrl\":\"https:\\\/\\\/egercoach.hu\\\/blog\\\/wp-content\\\/uploads\\\/2025\\\/05\\\/couples-hands-breaking-up-wedding-ring.jpg\",\"articleSection\":[\"Szak\u00edt\u00e1s-feldolgoz\u00e1s Egerben\"],\"inLanguage\":\"hu\"},{\"@type\":\"WebPage\",\"@id\":\"https:\\\/\\\/egercoach.hu\\\/blog\\\/az-identitas-ujrafogalmazasa-szakitas-utan-ki-vagyok-en-nelkule\\\/\",\"url\":\"https:\\\/\\\/egercoach.hu\\\/blog\\\/az-identitas-ujrafogalmazasa-szakitas-utan-ki-vagyok-en-nelkule\\\/\",\"name\":\"Az identit\u00e1s \u00fajrafogalmaz\u00e1sa szak\u00edt\u00e1s ut\u00e1n: Ki vagyok \u00e9n n\u00e9lk\u00fcle?\",\"isPartOf\":{\"@id\":\"https:\\\/\\\/egercoach.hu\\\/blog\\\/#website\"},\"primaryImageOfPage\":{\"@id\":\"https:\\\/\\\/egercoach.hu\\\/blog\\\/az-identitas-ujrafogalmazasa-szakitas-utan-ki-vagyok-en-nelkule\\\/#primaryimage\"},\"image\":{\"@id\":\"https:\\\/\\\/egercoach.hu\\\/blog\\\/az-identitas-ujrafogalmazasa-szakitas-utan-ki-vagyok-en-nelkule\\\/#primaryimage\"},\"thumbnailUrl\":\"https:\\\/\\\/egercoach.hu\\\/blog\\\/wp-content\\\/uploads\\\/2025\\\/05\\\/couples-hands-breaking-up-wedding-ring.jpg\",\"datePublished\":\"2025-05-31T19:04:12+00:00\",\"breadcrumb\":{\"@id\":\"https:\\\/\\\/egercoach.hu\\\/blog\\\/az-identitas-ujrafogalmazasa-szakitas-utan-ki-vagyok-en-nelkule\\\/#breadcrumb\"},\"inLanguage\":\"hu\",\"potentialAction\":[{\"@type\":\"ReadAction\",\"target\":[\"https:\\\/\\\/egercoach.hu\\\/blog\\\/az-identitas-ujrafogalmazasa-szakitas-utan-ki-vagyok-en-nelkule\\\/\"]}]},{\"@type\":\"ImageObject\",\"inLanguage\":\"hu\",\"@id\":\"https:\\\/\\\/egercoach.hu\\\/blog\\\/az-identitas-ujrafogalmazasa-szakitas-utan-ki-vagyok-en-nelkule\\\/#primaryimage\",\"url\":\"https:\\\/\\\/egercoach.hu\\\/blog\\\/wp-content\\\/uploads\\\/2025\\\/05\\\/couples-hands-breaking-up-wedding-ring.jpg\",\"contentUrl\":\"https:\\\/\\\/egercoach.hu\\\/blog\\\/wp-content\\\/uploads\\\/2025\\\/05\\\/couples-hands-breaking-up-wedding-ring.jpg\",\"width\":1500,\"height\":1105,\"caption\":\"couples hands breaking up - wedding ring\"},{\"@type\":\"BreadcrumbList\",\"@id\":\"https:\\\/\\\/egercoach.hu\\\/blog\\\/az-identitas-ujrafogalmazasa-szakitas-utan-ki-vagyok-en-nelkule\\\/#breadcrumb\",\"itemListElement\":[{\"@type\":\"ListItem\",\"position\":1,\"name\":\"Kezd\u0151lap\",\"item\":\"https:\\\/\\\/egercoach.hu\\\/blog\\\/\"},{\"@type\":\"ListItem\",\"position\":2,\"name\":\"Az identit\u00e1s \u00fajrafogalmaz\u00e1sa szak\u00edt\u00e1s ut\u00e1n: Ki vagyok \u00e9n n\u00e9lk\u00fcle?\"}]},{\"@type\":\"WebSite\",\"@id\":\"https:\\\/\\\/egercoach.hu\\\/blog\\\/#website\",\"url\":\"https:\\\/\\\/egercoach.hu\\\/blog\\\/\",\"name\":\"Eger Coach Blog\",\"description\":\"\",\"publisher\":{\"@id\":\"https:\\\/\\\/egercoach.hu\\\/blog\\\/#organization\"},\"potentialAction\":[{\"@type\":\"SearchAction\",\"target\":{\"@type\":\"EntryPoint\",\"urlTemplate\":\"https:\\\/\\\/egercoach.hu\\\/blog\\\/?s={search_term_string}\"},\"query-input\":{\"@type\":\"PropertyValueSpecification\",\"valueRequired\":true,\"valueName\":\"search_term_string\"}}],\"inLanguage\":\"hu\"},{\"@type\":\"Organization\",\"@id\":\"https:\\\/\\\/egercoach.hu\\\/blog\\\/#organization\",\"name\":\"Eger Coach Blog\",\"url\":\"https:\\\/\\\/egercoach.hu\\\/blog\\\/\",\"logo\":{\"@type\":\"ImageObject\",\"inLanguage\":\"hu\",\"@id\":\"https:\\\/\\\/egercoach.hu\\\/blog\\\/#\\\/schema\\\/logo\\\/image\\\/\",\"url\":\"https:\\\/\\\/egercoach.hu\\\/blog\\\/wp-content\\\/uploads\\\/2025\\\/05\\\/cropped-Eger.png\",\"contentUrl\":\"https:\\\/\\\/egercoach.hu\\\/blog\\\/wp-content\\\/uploads\\\/2025\\\/05\\\/cropped-Eger.png\",\"width\":500,\"height\":169,\"caption\":\"Eger Coach Blog\"},\"image\":{\"@id\":\"https:\\\/\\\/egercoach.hu\\\/blog\\\/#\\\/schema\\\/logo\\\/image\\\/\"},\"sameAs\":[\"https:\\\/\\\/www.facebook.com\\\/eger.coach\"]},{\"@type\":\"Person\",\"@id\":\"https:\\\/\\\/egercoach.hu\\\/blog\\\/#\\\/schema\\\/person\\\/afc73367aa314ca33a9c8d3b88dce6e7\",\"name\":\"Dajka G\u00e1bor\",\"image\":{\"@type\":\"ImageObject\",\"inLanguage\":\"hu\",\"@id\":\"https:\\\/\\\/secure.gravatar.com\\\/avatar\\\/81566ea1e2b3466baa03e9bdcdaa835f58564d8be90057a45f3e61711dc8a063?s=96&d=mm&r=g\",\"url\":\"https:\\\/\\\/secure.gravatar.com\\\/avatar\\\/81566ea1e2b3466baa03e9bdcdaa835f58564d8be90057a45f3e61711dc8a063?s=96&d=mm&r=g\",\"contentUrl\":\"https:\\\/\\\/secure.gravatar.com\\\/avatar\\\/81566ea1e2b3466baa03e9bdcdaa835f58564d8be90057a45f3e61711dc8a063?s=96&d=mm&r=g\",\"caption\":\"Dajka G\u00e1bor\"},\"sameAs\":[\"https:\\\/\\\/egercoach.hu\\\/blog\"],\"url\":\"https:\\\/\\\/egercoach.hu\\\/blog\\\/author\\\/adminka\\\/\"}]}<\/script>\n<!-- \/ Yoast SEO plugin. -->","yoast_head_json":{"title":"Az identit\u00e1s \u00fajrafogalmaz\u00e1sa szak\u00edt\u00e1s ut\u00e1n: Ki vagyok \u00e9n n\u00e9lk\u00fcle?","robots":{"index":"index","follow":"follow","max-snippet":"max-snippet:-1","max-image-preview":"max-image-preview:large","max-video-preview":"max-video-preview:-1"},"canonical":"https:\/\/egercoach.hu\/blog\/az-identitas-ujrafogalmazasa-szakitas-utan-ki-vagyok-en-nelkule\/","og_locale":"hu_HU","og_type":"article","og_title":"Az identit\u00e1s \u00fajrafogalmaz\u00e1sa szak\u00edt\u00e1s ut\u00e1n: Ki vagyok \u00e9n n\u00e9lk\u00fcle?","og_description":"Amikor hirtelen kiszakadsz egy p\u00e1rkapcsolatb\u00f3l, minden kor\u00e1bbi stabil pont megk\u00e9rd\u0151jelez\u0151dik: a szok\u00e1said, a c\u00e9ljaid \u00e9s m\u00e9g a szem\u00e9lyis\u00e9ged is mintha egy pillanat alatt elbizonytalanodna. Az \u201e\u00e9n\u201d \u00e9s a \u201emi\u201d kor\u00e1bban \u00f6sszefon\u00f3dott, ez\u00e9rt egy szak\u00edt\u00e1s ut\u00e1ni id\u0151szakban k\u00f6nnyen elveszettnek \u00e9rezheted magad. Ebben a helyzetben nem csak egy m\u00e1sik embert vesztesz el, hanem azt a biztons\u00e1got is,...","og_url":"https:\/\/egercoach.hu\/blog\/az-identitas-ujrafogalmazasa-szakitas-utan-ki-vagyok-en-nelkule\/","og_site_name":"Az Egri Coach Blogja","article_publisher":"https:\/\/www.facebook.com\/eger.coach","article_published_time":"2025-05-31T19:04:12+00:00","og_image":[{"width":1500,"height":1105,"url":"https:\/\/egercoach.hu\/blog\/wp-content\/uploads\/2025\/05\/couples-hands-breaking-up-wedding-ring.jpg","type":"image\/jpeg"}],"author":"Dajka G\u00e1bor","twitter_card":"summary_large_image","twitter_misc":{"Szerz\u0151:":"Dajka G\u00e1bor","Becs\u00fclt olvas\u00e1si id\u0151":"10 perc"},"schema":{"@context":"https:\/\/schema.org","@graph":[{"@type":"Article","@id":"https:\/\/egercoach.hu\/blog\/az-identitas-ujrafogalmazasa-szakitas-utan-ki-vagyok-en-nelkule\/#article","isPartOf":{"@id":"https:\/\/egercoach.hu\/blog\/az-identitas-ujrafogalmazasa-szakitas-utan-ki-vagyok-en-nelkule\/"},"author":{"name":"Dajka G\u00e1bor","@id":"https:\/\/egercoach.hu\/blog\/#\/schema\/person\/afc73367aa314ca33a9c8d3b88dce6e7"},"headline":"Az identit\u00e1s \u00fajrafogalmaz\u00e1sa szak\u00edt\u00e1s ut\u00e1n: Ki vagyok \u00e9n n\u00e9lk\u00fcle?","datePublished":"2025-05-31T19:04:12+00:00","mainEntityOfPage":{"@id":"https:\/\/egercoach.hu\/blog\/az-identitas-ujrafogalmazasa-szakitas-utan-ki-vagyok-en-nelkule\/"},"wordCount":2740,"publisher":{"@id":"https:\/\/egercoach.hu\/blog\/#organization"},"image":{"@id":"https:\/\/egercoach.hu\/blog\/az-identitas-ujrafogalmazasa-szakitas-utan-ki-vagyok-en-nelkule\/#primaryimage"},"thumbnailUrl":"https:\/\/egercoach.hu\/blog\/wp-content\/uploads\/2025\/05\/couples-hands-breaking-up-wedding-ring.jpg","articleSection":["Szak\u00edt\u00e1s-feldolgoz\u00e1s Egerben"],"inLanguage":"hu"},{"@type":"WebPage","@id":"https:\/\/egercoach.hu\/blog\/az-identitas-ujrafogalmazasa-szakitas-utan-ki-vagyok-en-nelkule\/","url":"https:\/\/egercoach.hu\/blog\/az-identitas-ujrafogalmazasa-szakitas-utan-ki-vagyok-en-nelkule\/","name":"Az identit\u00e1s \u00fajrafogalmaz\u00e1sa szak\u00edt\u00e1s ut\u00e1n: Ki vagyok \u00e9n n\u00e9lk\u00fcle?","isPartOf":{"@id":"https:\/\/egercoach.hu\/blog\/#website"},"primaryImageOfPage":{"@id":"https:\/\/egercoach.hu\/blog\/az-identitas-ujrafogalmazasa-szakitas-utan-ki-vagyok-en-nelkule\/#primaryimage"},"image":{"@id":"https:\/\/egercoach.hu\/blog\/az-identitas-ujrafogalmazasa-szakitas-utan-ki-vagyok-en-nelkule\/#primaryimage"},"thumbnailUrl":"https:\/\/egercoach.hu\/blog\/wp-content\/uploads\/2025\/05\/couples-hands-breaking-up-wedding-ring.jpg","datePublished":"2025-05-31T19:04:12+00:00","breadcrumb":{"@id":"https:\/\/egercoach.hu\/blog\/az-identitas-ujrafogalmazasa-szakitas-utan-ki-vagyok-en-nelkule\/#breadcrumb"},"inLanguage":"hu","potentialAction":[{"@type":"ReadAction","target":["https:\/\/egercoach.hu\/blog\/az-identitas-ujrafogalmazasa-szakitas-utan-ki-vagyok-en-nelkule\/"]}]},{"@type":"ImageObject","inLanguage":"hu","@id":"https:\/\/egercoach.hu\/blog\/az-identitas-ujrafogalmazasa-szakitas-utan-ki-vagyok-en-nelkule\/#primaryimage","url":"https:\/\/egercoach.hu\/blog\/wp-content\/uploads\/2025\/05\/couples-hands-breaking-up-wedding-ring.jpg","contentUrl":"https:\/\/egercoach.hu\/blog\/wp-content\/uploads\/2025\/05\/couples-hands-breaking-up-wedding-ring.jpg","width":1500,"height":1105,"caption":"couples hands breaking up - wedding ring"},{"@type":"BreadcrumbList","@id":"https:\/\/egercoach.hu\/blog\/az-identitas-ujrafogalmazasa-szakitas-utan-ki-vagyok-en-nelkule\/#breadcrumb","itemListElement":[{"@type":"ListItem","position":1,"name":"Kezd\u0151lap","item":"https:\/\/egercoach.hu\/blog\/"},{"@type":"ListItem","position":2,"name":"Az identit\u00e1s \u00fajrafogalmaz\u00e1sa szak\u00edt\u00e1s ut\u00e1n: Ki vagyok \u00e9n n\u00e9lk\u00fcle?"}]},{"@type":"WebSite","@id":"https:\/\/egercoach.hu\/blog\/#website","url":"https:\/\/egercoach.hu\/blog\/","name":"Eger Coach Blog","description":"","publisher":{"@id":"https:\/\/egercoach.hu\/blog\/#organization"},"potentialAction":[{"@type":"SearchAction","target":{"@type":"EntryPoint","urlTemplate":"https:\/\/egercoach.hu\/blog\/?s={search_term_string}"},"query-input":{"@type":"PropertyValueSpecification","valueRequired":true,"valueName":"search_term_string"}}],"inLanguage":"hu"},{"@type":"Organization","@id":"https:\/\/egercoach.hu\/blog\/#organization","name":"Eger Coach Blog","url":"https:\/\/egercoach.hu\/blog\/","logo":{"@type":"ImageObject","inLanguage":"hu","@id":"https:\/\/egercoach.hu\/blog\/#\/schema\/logo\/image\/","url":"https:\/\/egercoach.hu\/blog\/wp-content\/uploads\/2025\/05\/cropped-Eger.png","contentUrl":"https:\/\/egercoach.hu\/blog\/wp-content\/uploads\/2025\/05\/cropped-Eger.png","width":500,"height":169,"caption":"Eger Coach Blog"},"image":{"@id":"https:\/\/egercoach.hu\/blog\/#\/schema\/logo\/image\/"},"sameAs":["https:\/\/www.facebook.com\/eger.coach"]},{"@type":"Person","@id":"https:\/\/egercoach.hu\/blog\/#\/schema\/person\/afc73367aa314ca33a9c8d3b88dce6e7","name":"Dajka G\u00e1bor","image":{"@type":"ImageObject","inLanguage":"hu","@id":"https:\/\/secure.gravatar.com\/avatar\/81566ea1e2b3466baa03e9bdcdaa835f58564d8be90057a45f3e61711dc8a063?s=96&d=mm&r=g","url":"https:\/\/secure.gravatar.com\/avatar\/81566ea1e2b3466baa03e9bdcdaa835f58564d8be90057a45f3e61711dc8a063?s=96&d=mm&r=g","contentUrl":"https:\/\/secure.gravatar.com\/avatar\/81566ea1e2b3466baa03e9bdcdaa835f58564d8be90057a45f3e61711dc8a063?s=96&d=mm&r=g","caption":"Dajka G\u00e1bor"},"sameAs":["https:\/\/egercoach.hu\/blog"],"url":"https:\/\/egercoach.hu\/blog\/author\/adminka\/"}]}},"_links":{"self":[{"href":"https:\/\/egercoach.hu\/blog\/wp-json\/wp\/v2\/posts\/1086","targetHints":{"allow":["GET"]}}],"collection":[{"href":"https:\/\/egercoach.hu\/blog\/wp-json\/wp\/v2\/posts"}],"about":[{"href":"https:\/\/egercoach.hu\/blog\/wp-json\/wp\/v2\/types\/post"}],"author":[{"embeddable":true,"href":"https:\/\/egercoach.hu\/blog\/wp-json\/wp\/v2\/users\/1"}],"replies":[{"embeddable":true,"href":"https:\/\/egercoach.hu\/blog\/wp-json\/wp\/v2\/comments?post=1086"}],"version-history":[{"count":0,"href":"https:\/\/egercoach.hu\/blog\/wp-json\/wp\/v2\/posts\/1086\/revisions"}],"wp:featuredmedia":[{"embeddable":true,"href":"https:\/\/egercoach.hu\/blog\/wp-json\/wp\/v2\/media\/1087"}],"wp:attachment":[{"href":"https:\/\/egercoach.hu\/blog\/wp-json\/wp\/v2\/media?parent=1086"}],"wp:term":[{"taxonomy":"category","embeddable":true,"href":"https:\/\/egercoach.hu\/blog\/wp-json\/wp\/v2\/categories?post=1086"},{"taxonomy":"post_tag","embeddable":true,"href":"https:\/\/egercoach.hu\/blog\/wp-json\/wp\/v2\/tags?post=1086"}],"curies":[{"name":"wp","href":"https:\/\/api.w.org\/{rel}","templated":true}]}}