{"id":1096,"date":"2025-06-02T07:39:55","date_gmt":"2025-06-02T05:39:55","guid":{"rendered":"https:\/\/egercoach.hu\/blog\/?p=1096"},"modified":"2025-06-02T07:39:55","modified_gmt":"2025-06-02T05:39:55","slug":"a-vezetoi-reflexio-ereje","status":"publish","type":"post","link":"https:\/\/egercoach.hu\/blog\/a-vezetoi-reflexio-ereje\/","title":{"rendered":"A vezet\u0151i reflexi\u00f3 ereje"},"content":{"rendered":"<p>Vezet\u0151k\u00e9nt gyakran olyan temp\u00f3ban kell helyt\u00e1llnunk, hogy alig marad id\u0151nk meg\u00e1llni \u00e9s visszatekinteni a nap, a h\u00e9t vagy ak\u00e1r a h\u00f3nap t\u00f6rt\u00e9n\u00e9seire. M\u00e9gis, a tapasztalataim alapj\u00e1n \u2013 legyen sz\u00f3 k\u00f6z\u00e9pvezet\u0151r\u0151l, fels\u0151vezet\u0151r\u0151l vagy \u00e9ppen vez\u00e9rigazgat\u00f3r\u00f3l \u2013 egy dolog k\u00f6z\u00f6s a kiv\u00e9teles vezet\u0151kben: az, hogy rendszeresen \u00e9s tudatosan id\u0151t sz\u00e1nnak a vezet\u0151i reflexi\u00f3ra. Ez a l\u00e1tsz\u00f3lag egyszer\u0171, m\u00e9gis \u00f6sszetett tev\u00e9kenys\u00e9g teszi lehet\u0151v\u00e9, hogy a j\u00f3 vezet\u0151k kiv\u00e9teles vezet\u0151kk\u00e9 v\u00e1ljanak, mert a reflexi\u00f3 nemcsak a m\u00faltbeli esem\u00e9nyek \u00e9rtelmez\u00e9s\u00e9r\u0151l, hanem a folyamatos \u00f6nfejleszt\u00e9sr\u0151l \u00e9s a j\u00f6v\u0151 \u00e9p\u00edt\u00e9s\u00e9r\u0151l is sz\u00f3l.<\/p>\n<h2>Mi\u00e9rt l\u00e9tfontoss\u00e1g\u00fa a vezet\u0151i reflexi\u00f3 a mai \u00fczleti vil\u00e1gban?<\/h2>\n<p>A jelenlegi gazdas\u00e1gi \u00e9s technol\u00f3giai k\u00f6rnyezet felgyorsult, a piaci v\u00e1ltoz\u00e1sok dinamikusak, \u00e9s egyre sokr\u00e9t\u0171bb probl\u00e9m\u00e1kkal tal\u00e1lkozunk a szervezetekben. Egy friss vezet\u00e9spszichol\u00f3giai kutat\u00e1s szerint a vezet\u0151i d\u00f6nt\u00e9sek 60%-a ad hoc m\u00f3don, szinte \u201ct\u0171zolt\u00e1sszer\u0171en\u201d sz\u00fcletik meg, r\u00e1ad\u00e1sul a napi rohan\u00e1sban sokan alig sz\u00e1nnak id\u0151t arra, hogy \u00e1tgondolj\u00e1k, mi is t\u00f6rt\u00e9nt val\u00f3j\u00e1ban \u00e9s mi\u00e9rt. Ez a reakt\u00edv hozz\u00e1\u00e1ll\u00e1s azonban jelent\u0151sen n\u00f6veli a hib\u00e1k kock\u00e1zat\u00e1t, gyeng\u00edti a csapatok m\u0171k\u00f6d\u00e9s\u00e9t, \u00e9s cs\u00f6kkenti a hossz\u00fa t\u00e1v\u00fa strat\u00e9giai gondolkod\u00e1st.<\/p>\n<p>Ezzel szemben azok a vezet\u0151k, akik rendszeresen <em>tudatosan visszatekintenek<\/em> a tev\u00e9kenys\u00e9geikre, sz\u00e1mba veszik a sikereiket \u00e9s a bakikat, sokkal jobban \u00e1tl\u00e1tj\u00e1k er\u0151ss\u00e9geiket, gyenges\u00e9geiket \u00e9s a szervezet\u00fck \u00e1llapot\u00e1t. A rendszeres vezet\u0151i reflexi\u00f3 hozz\u00e1j\u00e1rul egy \u00fagynevezett <strong>n\u00f6veked\u00e9sorient\u00e1lt kult\u00fara<\/strong> kialakul\u00e1s\u00e1hoz, amelyben a hib\u00e1kat tanul\u00e1si lehet\u0151s\u00e9gk\u00e9nt, a kih\u00edv\u00e1sokat pedig fejl\u0151d\u00e9si alkalomk\u00e9nt \u00e9lik meg.<\/p>\n<blockquote><p><i>\u201eA reflexi\u00f3 nem a m\u00faltban ragad\u00e1s, hanem egy hidat k\u00e9pez a jelen \u00e9s a j\u00f6v\u0151 k\u00f6z\u00f6tt.\u201d<\/i><\/p><\/blockquote>\n<p>Vezet\u0151i coachk\u00e9nt t\u00f6bbsz\u00f6r megtapasztaltam, hogy a reflexi\u00f3b\u00f3l fakad\u00f3 <strong>\u00f6nismereti fejl\u0151d\u00e9s<\/strong> \u00e9s a m\u00e1sokra gyakorolt hat\u00e1s tudatos\u00edt\u00e1sa k\u00e9pes alapjaiban megv\u00e1ltoztatni egy vezet\u0151 m\u0171k\u00f6d\u00e9s\u00e9t. Amikor egy vezet\u0151 r\u00e1eszm\u00e9l arra, hogy a stresszes napokon \u00e9ppen akkor van a legnagyobb sz\u00fcks\u00e9g a jelenl\u00e9t\u00e9re, amikor \u0151 a legink\u00e1bb hajlamos visszah\u00faz\u00f3dni, az val\u00f3di szeml\u00e9letv\u00e1lt\u00e1st hozhat.<\/p>\n<h2>A n\u00f6veked\u00e9si gondolkod\u00e1sm\u00f3d: az \u00e9rtelmes vezet\u0151i reflexi\u00f3 alapja<\/h2>\n<p>A vezet\u0151i reflexi\u00f3 csak akkor v\u00e1lik val\u00f3ban hat\u00e9konny\u00e1, ha egy meghat\u00e1rozott gondolkod\u00e1sm\u00f3ddal (mindsettel) p\u00e1rosul. Ezt a szeml\u00e9letet a saj\u00e1t gyakorlatomban <strong>\u201en\u00f6veked\u00e9sorient\u00e1lt k\u00edv\u00e1ncsis\u00e1g\u201d<\/strong> n\u00e9ven szoktam emlegetni. A l\u00e9nyege, hogy:<\/p>\n<ul>\n<li><i>A kih\u00edv\u00e1sokat tanul\u00e1si lehet\u0151s\u00e9gk\u00e9nt<\/i> fogadjuk el, nem pedig kudarck\u00e9nt.<\/li>\n<li>Nyitottak vagyunk a <i>visszajelz\u00e9sekre<\/i> \u00e9s a k\u00fcl\u00f6nb\u00f6z\u0151 n\u00e9z\u0151pontokra.<\/li>\n<li><i>Sebezhet\u0151s\u00e9g\u00fcnket<\/i> nem h\u00e1tr\u00e1nyk\u00e9nt, hanem er\u0151forr\u00e1sk\u00e9nt kezelj\u00fck.<\/li>\n<li>\u0150szint\u00e9n k\u00edv\u00e1ncsiak vagyunk arra, <i>hogyan hatunk<\/i> m\u00e1sokra.<\/li>\n<li><i>Folyamatosan fejl\u0151dni<\/i> akarunk, f\u00fcggetlen\u00fcl a jelenlegi sikereink m\u00e9rt\u00e9k\u00e9t\u0151l.<\/li>\n<\/ul>\n<p>Ha ebben a szellemben k\u00f6zel\u00edt\u00fcnk a reflexi\u00f3hoz, akkor a m\u00faltbeli esem\u00e9nyek \u00e1tgondol\u00e1sa nem puszta \u00f6nc\u00e9l\u00fa visszatekint\u00e9s lesz, hanem a j\u00f6v\u0151nkre is hat\u00e1st gyakorl\u00f3, akt\u00edv tanul\u00e1si folyamat. Az al\u00e1bbi \u00f6t m\u00f3dszer seg\u00edthet a reflexi\u00f3 \u00e9rdemi be\u00e9p\u00edt\u00e9s\u00e9ben a vezet\u0151i napirendedbe, ak\u00e1r most kezded, ak\u00e1r m\u00e1r tapasztalt vezet\u0151k\u00e9nt keresel \u00faj inspir\u00e1ci\u00f3t.<\/p>\n<h2>1. Az esti vezet\u0151i \u00e1ttekint\u00e9s<\/h2>\n<p>Sokan tartanak valamilyen form\u00e1lis vagy inform\u00e1lis napz\u00e1r\u00e1st, de a <strong>strukt\u00far\u00e1lt vezet\u0151i \u00e9rt\u00e9kel\u00e9s<\/strong> enn\u00e9l sokkal t\u00f6bb lehet. Az \u00e1ltalam gyakran aj\u00e1nlott gyakorlat alapelve, hogy naponta legal\u00e1bb 15-20 percet sz\u00e1nj a vezet\u0151i helyzeteid, d\u00f6nt\u00e9seid \u00e9s reakci\u00f3id \u00e1tgondol\u00e1s\u00e1ra. Ez a folyamat hat\u00e9konyan seg\u00edt felt\u00e9rk\u00e9pezni azokat a mint\u00e1kat, amelyek a rohan\u00e1sban rejtve maradn\u00e1nak.<\/p>\n<p>A k\u00f6vetkez\u0151 k\u00e9rd\u00e9seket javaslom ehhez az esti vezet\u0151i \u00e1ttekint\u00e9shez:<\/p>\n<ul>\n<li><strong>Milyen vezet\u0151i pillanatokkal<\/strong> tal\u00e1lkoztam ma?<\/li>\n<li><strong>\u00d6sszhangban voltak-e ezek a tettek<\/strong> a vezet\u0151i \u00e9rt\u00e9keimmel \u00e9s alapelveimmel?<\/li>\n<li><strong>Milyen hat\u00e1st<\/strong> gyakoroltam a csapatom tagjaira vagy m\u00e1s \u00e9rintettekre?<\/li>\n<li><strong>Miben cselekedtem j\u00f3l<\/strong>, \u00e9s <strong>mit tenn\u00e9k m\u00e1sk\u00e9pp<\/strong> legk\u00f6zelebb?<\/li>\n<\/ul>\n<p>Ezt a m\u00f3dszert alkalmazta p\u00e9ld\u00e1ul egy eg\u00e9szs\u00e9g\u00fcgyi vezet\u0151, akivel dolgoztam. \u00c9szrevette, hogy \u00e9ppen a legnagyobb stresszel j\u00e1r\u00f3 napokon ford\u00edtott kevesebb id\u0151t a csapat\u00e1ra, ami a munkat\u00e1rsai r\u00e9sz\u00e9r\u0151l fesz\u00fclts\u00e9get \u00e9s bizonytalans\u00e1got sz\u00fclt. A tudatoss\u00e1g lehet\u0151v\u00e9 tette sz\u00e1m\u00e1ra a szeml\u00e9letv\u00e1lt\u00e1st: amikor \u00e9rzi, hogy n\u0151 rajta a nyom\u00e1s, most m\u00e1r k\u00fcl\u00f6n odafigyel a csapat bejelentkez\u00e9seire, \u00e9s megbesz\u00e9l\u00e9seket tart, hogy t\u00e1mogassa \u0151ket.<\/p>\n<h2>2. A strat\u00e9giai sz\u00fcnet<\/h2>\n<p>Saj\u00e1t coachingmunk\u00e1m sor\u00e1n fejlesztettem ki a <strong>\u201estrat\u00e9giai sz\u00fcnet\u201d<\/strong> m\u00f3dszert. Ez nem m\u00e1s, mint a nap folyam\u00e1n beiktatott, tudatos mikroreflexi\u00f3, k\u00fcl\u00f6n\u00f6sen fontos megbesz\u00e9l\u00e9sek, d\u00f6nt\u00e9sek vagy neh\u00e9z interakci\u00f3k el\u0151tt \u00e9s ut\u00e1n. A l\u00e9nyeg, hogy a vezet\u0151 ne csak reag\u00e1ljon, hanem meg\u00e1lljon \u00e9s tudatosan <em>\u00e9rtelmezze<\/em> az adott helyzetet.<\/p>\n<p><strong>Gyakorlati \u00fatmutat\u00f3:<\/strong><\/p>\n<ul>\n<li><strong>Fontos megbesz\u00e9l\u00e9sek el\u0151tt:<\/strong>\n<ol>\n<li>Vegy\u00e9l h\u00e1rom m\u00e9ly l\u00e9legzetet.<\/li>\n<li>K\u00e9rdezd meg magadt\u00f3l: \u201eMilyen kimenetel szolg\u00e1ln\u00e1 a legjobban a csapatom \u00e9s a szervezet \u00e9rdekeit?\u201d<\/li>\n<li>Tiszt\u00e1zd: \u201eMilyen vezet\u0151i jelenl\u00e9ttel tudok a legt\u00f6bbet adni ebben a pillanatban?\u201d<\/li>\n<\/ol>\n<\/li>\n<li><strong>Interakci\u00f3k, d\u00f6nt\u00e9sek ut\u00e1n:<\/strong>\n<ol>\n<li>Tarts egy r\u00f6vid meg\u00e1ll\u00f3t, \u00e9s jegyezd le az els\u0151 benyom\u00e1saidat.<\/li>\n<li>Gondold \u00e1t, milyen \u00e9rz\u00e9seket, visszajelz\u00e9seket tapasztalt\u00e1l m\u00e1sok r\u00e9sz\u00e9r\u0151l.<\/li>\n<li>Nevezz meg egyetlen dolgot, amit tanult\u00e1l vagy amit legk\u00f6zelebb jav\u00edtani szeretn\u00e9l.<\/li>\n<\/ol>\n<\/li>\n<\/ul>\n<p>Az \u00edgy tudatos\u00edtott <strong>mikrotanuls\u00e1gok<\/strong> \u00f6sszead\u00f3dnak, \u00e9s \u00f6sszehasonl\u00edthatatlanul hat\u00e9konyabb\u00e1 teszik a vezet\u00e9si folyamatot. Egy gy\u00e1rt\u00f3ipari vezet\u0151 \u00fcgyfelem ezzel a m\u00f3dszerrel radik\u00e1lisan jav\u00edtott a konfliktuskezel\u00e9si st\u00edlus\u00e1n: m\u00e1r nem fejvesztve reag\u00e1lt \u00e9les helyzetekben, hanem meg\u0151rizte a nyugalm\u00e1t, \u00e9s a csapatban is kevesebb lett a f\u00e9lre\u00e9rt\u00e9s.<\/p>\n<h2>3. A heti vezet\u0151i napl\u00f3<\/h2>\n<p>A digit\u00e1lis eszk\u00f6z\u00f6k kor\u00e1ban sokan feladj\u00e1k a k\u00e9zzel \u00edrott, elm\u00e9ly\u00fclt napl\u00f3z\u00e1st, pedig a <strong>vezet\u0151i napl\u00f3<\/strong> egy elk\u00e9peszt\u0151en hat\u00e9kony eszk\u00f6z lehet, ha k\u00f6vetkezetesen haszn\u00e1ljuk. Nem egy \u201cmi t\u00f6rt\u00e9nt ma\u201d t\u00edpus\u00fa bejegyz\u00e9sr\u0151l besz\u00e9lek, hanem egy <strong>m\u00e9lyebb, elemz\u0151 feljegyz\u00e9sr\u0151l<\/strong>, amely a vezet\u0151i szereped k\u00fcl\u00f6nb\u00f6z\u0151 aspektusaira koncentr\u00e1l.<\/p>\n<p>\u00c9rdemes hetente egyszer, ak\u00e1r a p\u00e9ntek d\u00e9lut\u00e1ni vagy a h\u00e9tf\u0151 reggeli rutin r\u00e9szek\u00e9nt, 20-30 percet r\u00e1sz\u00e1nni \u00e9s v\u00e9giggondolni:<\/p>\n<ul>\n<li><strong>Eredm\u00e9nyek \u00e9s kih\u00edv\u00e1sok:<\/strong> Milyen vezet\u0151i gy\u0151zelmeket (ak\u00e1r kicsiket is) \u00e9rt\u00e9l el? Milyen kih\u00edv\u00e1sok akadtak, \u00e9s mit tanult\u00e1l bel\u0151l\u00fck?<\/li>\n<li><strong>Csapatdinamika:<\/strong> Milyen mint\u00e1zatokat l\u00e1tsz a csapatod viselked\u00e9s\u00e9ben? Hogyan befoly\u00e1solja a vezet\u0151i st\u00edlusod a teljes\u00edtm\u00e9ny\u00fcket?<\/li>\n<li><strong>Szem\u00e9lyes fejl\u0151d\u00e9s:<\/strong> Mit tanult\u00e1l magadr\u00f3l mint vezet\u0151r\u0151l? Milyen l\u00e9p\u00e9seket tett\u00e9l a vezet\u0151i c\u00e9ljaid megval\u00f3s\u00edt\u00e1sa fel\u00e9?<\/li>\n<\/ul>\n<p>A heti vezet\u0151i napl\u00f3 m\u00f3dszer\u00e9vel tal\u00e1lkozott egy technol\u00f3giai vezet\u0151, akit coacholtam. N\u00e9h\u00e1ny h\u00e9t eltelt\u00e9vel r\u00e1j\u00f6tt, hogy <em>t\u00fal gyorsan<\/em> k\u00edn\u00e1l megold\u00e1sokat a csapat k\u00e9rd\u00e9seire, ami r\u00f6vid t\u00e1von hat\u00e9konynak t\u0171nt, de hossz\u00fa t\u00e1von a beosztottak \u00f6n\u00e1ll\u00f3sod\u00e1sa \u00e9s fejl\u0151d\u00e9se k\u00e1r\u00e1ra ment. Miut\u00e1n tudatosult benne ez a minta, \u00e1talak\u00edtotta a kommunik\u00e1ci\u00f3j\u00e1t: t\u00f6bb k\u00e9rd\u00e9st tesz fel, \u00edgy a csapattagok is jobban bevon\u00f3dnak a probl\u00e9mamegold\u00e1sba.<\/p>\n<h2>4. A visszajelz\u00e9s-integr\u00e1ci\u00f3 gyakorlata<\/h2>\n<p>A vezet\u0151i reflexi\u00f3 nem csup\u00e1n a bels\u0151 gondolatainkb\u00f3l t\u00e1pl\u00e1lkozik. Legal\u00e1bb ilyen fontos, hogy k\u00fcls\u0151 n\u00e9z\u0151pontokat is bevonjunk a folyamatba. \u00c1m a visszajelz\u00e9sek megszerz\u00e9se \u00e9s be\u00e9p\u00edt\u00e9se sokszor nem k\u00f6nny\u0171, mert <strong>sebezhet\u0151v\u00e9<\/strong> tesz benn\u00fcnket: szembes\u00fcln\u00fcnk kell esetleges vakfoltjainkkal. \u00c1m pontosan emiatt rendk\u00edv\u00fcl hat\u00e9kony a vezet\u0151i fejl\u0151d\u00e9s szempontj\u00e1b\u00f3l.<\/p>\n<p>Kidolgoztam egy havi visszajelz\u00e9s-integr\u00e1ci\u00f3s elj\u00e1r\u00e1st, amely az al\u00e1bbi l\u00e9p\u00e9sekb\u0151l \u00e1ll:<\/p>\n<ol>\n<li><strong>Rendszeres visszajelz\u00e9s-gy\u0171jt\u00e9s:<\/strong> k\u00e9rj visszajelz\u00e9st a csapattagjaidt\u00f3l, koll\u00e9g\u00e1kt\u00f3l, fels\u0151bb vezet\u0151kt\u0151l. Ez lehet form\u00e1lis (pl. 360 fokos \u00e9rt\u00e9kel\u00e9s) vagy inform\u00e1lis, r\u00f6vid besz\u00e9lget\u00e9s form\u00e1j\u00e1ban is.<\/li>\n<li><strong>A visszajelz\u00e9sek \u00e1tolvas\u00e1sa:<\/strong> sz\u00e1nj id\u0151t arra, hogy nyugodt k\u00f6r\u00fclm\u00e9nyek k\u00f6z\u00f6tt \u00f6sszegy\u0171jtsd \u00e9s \u00e1tn\u00e9zd ezeket a megl\u00e1t\u00e1sokat.<\/li>\n<li><strong>Mint\u00e1k \u00e9s t\u00e9m\u00e1k azonos\u00edt\u00e1sa:<\/strong> keresd az ism\u00e9tl\u0151d\u0151 jelz\u00e9seket, ak\u00e1r pozit\u00edvumr\u00f3l, ak\u00e1r fejlesztend\u0151 ter\u00fcletr\u0151l van sz\u00f3.<\/li>\n<li><strong>Teend\u0151k meghat\u00e1roz\u00e1sa:<\/strong> fogalmazd meg konkr\u00e9t cselekv\u00e9sek form\u00e1j\u00e1ban, hogyan \u00e9p\u00edted be a kapott visszajelz\u00e9seket.<\/li>\n<li><strong>Halad\u00e1s nyomon k\u00f6vet\u00e9se:<\/strong> a k\u00f6vetkez\u0151 h\u00f3napban figyeld, hogy siker\u00fclt-e a v\u00e1ltoztat\u00e1sok megval\u00f3s\u00edt\u00e1sa.<\/li>\n<\/ol>\n<p>Ehhez haszn\u00e1lhatsz egy egyszer\u0171 sablont is:<\/p>\n<table border=\"1\">\n<tbody>\n<tr>\n<th>Be\u00e9rkezett visszajelz\u00e9s<\/th>\n<th>Megfigyelt mint\u00e1zatok<\/th>\n<th>Szerzett inform\u00e1ci\u00f3k<\/th>\n<th>Teend\u0151k<\/th>\n<th>Folyamatfriss\u00edt\u00e9sek<\/th>\n<\/tr>\n<tr>\n<td>pl. \u201eT\u00f6bb id\u0151t szeretn\u00e9nk 1:1 megbesz\u00e9l\u00e9sen\u201d<\/td>\n<td>Ritk\u00e1n biztos\u00edtasz el\u00e9g id\u0151t a n\u00e9gyszemk\u00f6zti konzult\u00e1ci\u00f3kra<\/td>\n<td>Val\u00f3j\u00e1ban t\u00falterhelt vagy<\/td>\n<td>Napt\u00e1rban dedik\u00e1lt blokkok lefoglal\u00e1sa<\/td>\n<td>Nyomon k\u00f6vet\u00e9s 2 h\u00e9t m\u00falva<\/td>\n<\/tr>\n<\/tbody>\n<\/table>\n<p>Egy m\u00e9rn\u00f6ki vezet\u0151 ezzel a m\u00f3dszerrel <strong>gy\u00f6keresen megv\u00e1ltoztatta<\/strong> a vezet\u0151i st\u00edlus\u00e1r\u00f3l alkotott k\u00e9pet. Rendszeresen k\u00e9rte a csapattagjai v\u00e9lem\u00e9ny\u00e9t, \u00e9s r\u00e1j\u00f6tt, hogy bizonyos projektek eset\u00e9ben t\u00fals\u00e1gosan is \u201cszakmai guru\u201d volt, mindenbe belesz\u00f3lt, ami g\u00e1tolta a beosztottak fejl\u0151d\u00e9s\u00e9t. Miut\u00e1n tudatosult benne ez a viselked\u00e9s, elkezdett tudatosan deleg\u00e1lni, \u00e9s id\u0151t hagyni a csapattagoknak, hogy maguk fedezz\u00e9k fel a megold\u00e1sokat.<\/p>\n<h2>5. A j\u00f6v\u0151be mutat\u00f3 t\u00fck\u00f6rk\u00e9p<\/h2>\n<p>Sz\u00e1mos vezet\u0151 a reflexi\u00f3t kiz\u00e1r\u00f3lag a m\u00falt elemz\u00e9s\u00e9nek tekinti. Pedig legal\u00e1bb olyan fontos a <strong>j\u00f6v\u0151orient\u00e1lt reflexi\u00f3<\/strong>, amikor elk\u00e9pzeled, hogyan szeretn\u00e9l m\u0171k\u00f6dni egy h\u00f3nap, f\u00e9l \u00e9v vagy ak\u00e1r egy \u00e9v m\u00falva, majd ebb\u0151l az elk\u00e9pzel\u00e9sb\u0151l visszatekintve elemzed a jelennel val\u00f3 k\u00fcl\u00f6nbs\u00e9geket.<\/p>\n<p>Ezt a technik\u00e1t \u201cj\u00f6v\u0151be visszatekint\u0151\u201d reflexi\u00f3nak is szoktam nevezni, \u00e9s az al\u00e1bbi k\u00e9rd\u00e9seken alapul:<\/p>\n<ul>\n<li><strong>Milyen vezet\u0151 szeretn\u00e9l lenni<\/strong> 1-2 \u00e9v m\u00falva?<\/li>\n<li><strong>Milyen k\u00e9szs\u00e9geket, szok\u00e1sokat vagy viselked\u00e9seket<\/strong> kell kialak\u00edtanod ehhez?<\/li>\n<li><strong>Milyen akad\u00e1lyok<\/strong> mer\u00fclhetnek fel, \u00e9s mik\u00e9nt k\u00e9sz\u00fclhetsz fel r\u00e1juk?<\/li>\n<li><strong>Kiv\u00e9 kell v\u00e1lnod<\/strong> (milyen szeml\u00e9letet kell elsaj\u00e1t\u00edtanod), hogy megval\u00f3suljon a vezet\u0151i v\u00edzi\u00f3d?<\/li>\n<\/ul>\n<p>Nemr\u00e9g egy vez\u00e9rigazgat\u00f3val dolgoztam egy\u00fctt, aki a szervezete kult\u00far\u00e1j\u00e1t szerette volna \u00e1tform\u00e1lni. Folyamatosan azt mondogatta: \u201cNem el\u00e9g a mostani teljes\u00edtm\u00e9ny\u00fcnk, mi a j\u00f6v\u0151ben a piacvezet\u0151k akarunk lenni.\u201d \u00c1t\u00fcltett\u00fck ezt a v\u00e1gyat a j\u00f6v\u0151be visszatekint\u0151 reflexi\u00f3 m\u00f3dszer\u00e9be. Minden h\u00f3napban v\u00e9giggondolta, hogy <em>a j\u00f6v\u0151ben sikeresnek k\u00e9pzelt v\u00e1llalat vez\u00e9rigazgat\u00f3jak\u00e9nt<\/em> milyen d\u00f6nt\u00e9seket hozna, hogyan kommunik\u00e1lna a csapattal, milyen v\u00e1ltoztat\u00e1sokhoz j\u00e1rulna hozz\u00e1. Ez a m\u00f3dszer \u00f3ri\u00e1si motiv\u00e1ci\u00f3s er\u0151t adott neki, \u00e9s konkr\u00e9t l\u00e9p\u00e9sekre sarkallta \u2013 p\u00e9ld\u00e1ul megv\u00e1ltoztatta a megbesz\u00e9l\u00e9sek fel\u00e9p\u00edt\u00e9s\u00e9t, t\u00f6bb strat\u00e9giai k\u00e9rd\u00e9st vetett fel a koll\u00e9g\u00e1inak, \u00e9s rendszeres visszajelz\u00e9s-alap\u00fa kult\u00far\u00e1t vezetett be a c\u00e9gben.<\/p>\n<h2>Hogyan \u00e9p\u00edtsd be a reflexi\u00f3t a vezet\u0151i mindennapokba?<\/h2>\n<p>A vezet\u0151i reflexi\u00f3s rutin kialak\u00edt\u00e1s\u00e1hoz fontos, hogy ne akarj egyszerre <strong>mindent<\/strong> bevezetni. A fentebb eml\u00edtett m\u00f3dszerek k\u00f6z\u00fcl v\u00e1laszd ki azt, amelyik a legjobban passzol az id\u0151beoszt\u00e1sodhoz, a szem\u00e9lyis\u00e9gedhez \u00e9s a szervezeti kult\u00far\u00e1hoz, amelyben dolgozol. Fokozatosan \u00e9p\u00edtkezz, hogy a reflexi\u00f3 ne egy egyszeri fell\u00e1ngol\u00e1s, hanem \u00e1lland\u00f3 szok\u00e1s legyen a vezet\u0151i eszk\u00f6zt\u00e1radban.<\/p>\n<p>N\u00e9h\u00e1ny praktikus tipp:<\/p>\n<ul>\n<li><strong>D\u00f6ntsd el, mikor \u00e9s hol reflekt\u00e1lsz:<\/strong> lehet ez reggel az els\u0151 k\u00e1v\u00e9d mellett, vagy este, miel\u0151tt kikapcsolod a laptopot. A l\u00e9nyeg, hogy legyen egy stabil id\u0151s\u00e1v, amit erre a c\u00e9lra sz\u00e1nsz.<\/li>\n<li><strong>K\u00e9sz\u00edts jegyzeteket:<\/strong> a reflexi\u00f3 sor\u00e1n felmer\u00fcl\u0151 gondolatok, felismer\u00e9sek k\u00f6nnyen elveszhetnek. Vezess pap\u00edralap\u00fa vagy digit\u00e1lis napl\u00f3t, ahov\u00e1 gyorsan lejegyezheted a kulcsfontoss\u00e1g\u00fa meg\u00e1llap\u00edt\u00e1sokat.<\/li>\n<li><strong>K\u00e9rj seg\u00edts\u00e9get a csapatodt\u00f3l:<\/strong> b\u00e1tran vond be \u0151ket, ak\u00e1r a napl\u00f3z\u00e1s vagy a visszajelz\u00e9s-integr\u00e1ci\u00f3 folyamat\u00e1ba. A k\u00f6z\u00f6s reflexi\u00f3 er\u0151s\u00edti a bizalom l\u00e9gk\u00f6r\u00e9t \u00e9s a csapattagok bevon\u00f3d\u00e1s\u00e1t.<\/li>\n<li><strong>Jutalmazd magad<\/strong> a k\u00f6vetkezetes reflexi\u00f3\u00e9rt: ez lehet valami apr\u00f3s\u00e1g, p\u00e9ld\u00e1ul egy j\u00f3 k\u00f6nyv vagy egy k\u00fcl\u00f6nleges tea, a l\u00e9nyeg, hogy meg\u00e9lhesd, a reflexi\u00f3 nem b\u00fcntet\u00e9s, hanem befektet\u00e9s \u00f6nmagadba.<\/li>\n<\/ul>\n<h2>Milyen eredm\u00e9nyeket \u00e9rhetsz el a rendszeres vezet\u0151i reflexi\u00f3val?<\/h2>\n<p>A coaching munk\u00e1m sor\u00e1n azt l\u00e1ttam, hogy azok a vezet\u0151k, akik <strong>rendszeresen<\/strong> alkalmazz\u00e1k a fent eml\u00edtett reflexi\u00f3s m\u00f3dszereket, t\u00f6bb szempontb\u00f3l is kiemelked\u0151 eredm\u00e9nyeket \u00e9rnek el:<\/p>\n<ol>\n<li><strong>Kiemelked\u0151 csapatteljes\u00edtm\u00e9ny:<\/strong> a t\u00f6bb visszajelz\u00e9s \u00e9s nagyobb tudatoss\u00e1g r\u00e9v\u00e9n a vezet\u0151 jobban meg\u00e9rti a csapatdinamik\u00e1t, \u00edgy c\u00e9lzottabban tud beavatkozni, t\u00e1mogatni \u00e9s motiv\u00e1lni.<\/li>\n<li><strong>Magasabb <a href=\"https:\/\/egercoach.hu\/blog\/az-onismeret-utjan-kulcs-a-szemelyes-fejlodeshez-es-sikeres-eletvezeteshez\/\">\u00f6nismeret<\/a>:<\/strong> a rendszeres visszatekint\u00e9s \u00e9s a k\u00fcls\u0151 visszajelz\u00e9sek be\u00e9p\u00edt\u00e9se egyfajta \u201cgyors\u00edtott \u00f6nismereti kurzus\u201d, amelyb\u0151l a vezet\u0151 pontosan l\u00e1tja a saj\u00e1t er\u0151ss\u00e9geit \u00e9s gyenges\u00e9geit.<\/li>\n<li><strong>Hat\u00e1rozottabb \u00e9s \u00e1tgondoltabb d\u00f6nt\u00e9sek:<\/strong> a strat\u00e9giai sz\u00fcnetek \u00e9s az esti \u00e1ttekint\u00e9sek sor\u00e1n felsz\u00ednre ker\u00fclnek azok a t\u00e9nyez\u0151k, amelyek befoly\u00e1solj\u00e1k a d\u00f6nt\u00e9shozatalt (pl. \u00e9rzelmek, szervezeti c\u00e9lok, csapattagok preferenci\u00e1i), ez\u00e1ltal a vezet\u0151 kiegyens\u00falyozottabban hoz d\u00f6nt\u00e9st.<\/li>\n<li><strong>Megn\u00f6vekedett rugalmass\u00e1g:<\/strong> a visszatekint\u00e9s seg\u00edt \u00e9szrevenni, hol vannak elakad\u00e1sok, hogyan kezeli a v\u00e1ratlan helyzeteket a vezet\u0151. Ez a tud\u00e1s cs\u00f6kkenti a stresszt \u00e9s n\u00f6veli a probl\u00e9mamegold\u00f3 k\u00e9pess\u00e9get.<\/li>\n<li><strong>Fejl\u0151d\u0151 vezet\u0151i brand:<\/strong> ahogyan a vezet\u0151k egyre magabiztosabb\u00e1 \u00e9s tudatosabb\u00e1 v\u00e1lnak, a k\u00f6rnyezet\u00fckben is kialakul r\u00f3luk egy pozit\u00edv, megb\u00edzhat\u00f3, nyitott im\u00e1zs, ami j\u00f3t\u00e9kony hat\u00e1ssal van a szervezeti kult\u00far\u00e1ra.<\/li>\n<\/ol>\n<p>Fontos kiemelni, hogy a vezet\u0151i reflexi\u00f3 <strong>nem egyszeri er\u0151fesz\u00edt\u00e9s<\/strong>, hanem egy folyamatos folyamat. Egy \u00fajabb kutat\u00e1s azt t\u00e1masztja al\u00e1, hogy a vezet\u0151k, akik legal\u00e1bb hat h\u00f3napon kereszt\u00fcl k\u00f6vetkezetesen v\u00e9geznek reflekt\u00edv gyakorlatokat, \u00e1tlagosan 35%-kal nagyobb munkav\u00e1llal\u00f3i elk\u00f6telez\u0151d\u00e9st \u00e9rnek el a csapatukban, \u00e9s 40%-kal kevesebb konfliktust tapasztalnak a munkafolyamatokban. Ez pedig k\u00f6zvetlen\u00fcl kihat a v\u00e1llalat eredm\u00e9nyeire is, hiszen a kev\u00e9sb\u00e9 fesz\u00fclt, motiv\u00e1ltabb csapatok nagyobb val\u00f3sz\u00edn\u0171s\u00e9ggel teljes\u00edtenek jobban hossz\u00fa t\u00e1von.<\/p>\n<h2>A vezet\u0151i reflexi\u00f3 t\u00e1gabb \u00f6sszef\u00fcgg\u00e9sei: innov\u00e1ci\u00f3 \u00e9s v\u00e1llalati kult\u00fara<\/h2>\n<p>A rendszeres, m\u00e9lyebb vezet\u0151i reflexi\u00f3 nemcsak az egy\u00e9ni vezet\u0151i hat\u00e9konys\u00e1got n\u00f6veli, hanem a v\u00e1llalati kult\u00fara szintj\u00e9n is <strong>kataliz\u00e1tork\u00e9nt<\/strong> m\u0171k\u00f6dhet. Gondoljunk bele: amikor a vezet\u0151 p\u00e9ld\u00e1t mutat a tanul\u00e1si folyamatban, ny\u00edltan v\u00e1llalja, ha hib\u00e1zott, \u00e9s megosztja, milyen k\u00f6vetkeztet\u00e9sekre jutott, azzal egy ny\u00edltabb, bizalomra \u00e9p\u00fcl\u0151 l\u00e9gk\u00f6rt teremt. A csapattagok is nagyobb val\u00f3sz\u00edn\u0171s\u00e9ggel fognak \u0151szint\u00e9n besz\u00e9lni a neh\u00e9zs\u00e9gekr\u0151l, \u00e9s kreat\u00edv megold\u00e1sokat keresni, ha l\u00e1tj\u00e1k, hogy a vezet\u0151 maga is hajland\u00f3 reflekt\u00e1lni \u00e9s fejl\u0151dni.<\/p>\n<p>R\u00e1ad\u00e1sul a reflekt\u00edv vezet\u0151kre gyakran jellemz\u0151, hogy <em>jobban \u00e9rt\u00e9kelik a dolgoz\u00f3k \u00f6tleteit<\/em> \u00e9s bevonj\u00e1k \u0151ket a d\u00f6nt\u00e9shozatalba. Egy fejleszt\u0151 c\u00e9gn\u00e9l p\u00e9ld\u00e1ul a vezet\u0151 heti rendszeress\u00e9ggel tartott olyan \u201emini-retrospekt\u00edvet\u201d, ahol mindenki elmondhatta, melyik folyamatban volt probl\u00e9ma, miben lehetne fejl\u0151dni. A vezet\u0151i reflexi\u00f3 itt kiterjedt a csapattagokra is, \u00e9s a c\u00e9g innov\u00e1ci\u00f3s mutat\u00f3i egy \u00e9ven bel\u00fcl megdupl\u00e1z\u00f3dtak. Mindez az\u00e9rt, mert az emberek \u00e9rezt\u00e9k, hogy a visszajelz\u00e9seiket meghallgatj\u00e1k, \u00e9s van t\u00e9r a k\u00eds\u00e9rletez\u00e9sre.<\/p>\n<h2>Vezet\u0151i reflexi\u00f3: a hossz\u00fa t\u00e1v\u00fa siker kulcsa<\/h2>\n<p>Minden \u00e1talakul\u00e1s az els\u0151 l\u00e9p\u00e9ssel indul. Ha a cikkb\u0151l csak egy gondolatot tartasz meg, legyen az az, hogy a reflexi\u00f3 <em>nem luxus<\/em> a vezet\u0151i l\u00e9tben, hanem az egyik legfontosabb eszk\u00f6z a hossz\u00fa t\u00e1v\u00fa sikerhez. Lehetsz ak\u00e1r p\u00e1lyakezd\u0151 menedzser vagy t\u00f6bb \u00e9vtizedes tapasztalattal rendelkez\u0151 fels\u0151vezet\u0151, mindig lesznek olyan ter\u00fcletek, ahol tov\u00e1bb fejlesztheted magad, \u00e9s \u00faj megold\u00e1sokat tal\u00e1lhatsz.<\/p>\n<p>Azok, akik rendszeresen \u00e9s m\u00e9lyen reflekt\u00e1lnak, nemcsak <strong>jobb d\u00f6nt\u00e9seket<\/strong> hoznak \u00e9s <strong>hat\u00e9konyabb csapatokat<\/strong> \u00e9p\u00edtenek, hanem <strong>nagyobb \u00f6nbizalommal<\/strong> \u00e9s <strong>el\u00e9gedetts\u00e9ggel<\/strong> v\u00e9gzik a munk\u00e1jukat. Ez a bels\u0151 stabilit\u00e1s \u00e9s magabiztoss\u00e1g kisug\u00e1rzik a koll\u00e9g\u00e1kra, beosztottakra is. \u00cdgy egy pozit\u00edv spir\u00e1l alakul ki, amelyben a vezet\u0151i reflexi\u00f3 <em>hajt\u00f3motor<\/em>k\u00e9nt t\u00e1pl\u00e1lja a folyamatos fejl\u0151d\u00e9st \u00e9s az innov\u00e1ci\u00f3t.<\/p>\n<h2>K\u00e9szen \u00e1llsz a k\u00f6vetkez\u0151 szintre l\u00e9pni?<\/h2>\n<p>Vezet\u0151i coachk\u00e9nt hiszek abban, hogy a nagy \u00e1tt\u00f6r\u00e9sek gyakran apr\u00f3, de <strong>sz\u00e1nd\u00e9kos<\/strong> l\u00e9p\u00e9sekb\u0151l sz\u00fcletnek. Ha val\u00f3ban elk\u00f6telezett vagy a fejl\u0151d\u00e9s mellett, a reflexi\u00f3val olyan felismer\u00e9sekhez juthatsz, amelyek <em>\u00e1talak\u00edtj\u00e1k<\/em> a vezet\u0151i identit\u00e1sodat \u00e9s v\u00e9gs\u0151 soron a szervezeti kult\u00far\u00e1t is. Ne feledd, a vezet\u0151i reflexi\u00f3 nem egyszeri \u201eprojekt\u201d, hanem egy \u00e1lland\u00f3 k\u00eds\u00e9r\u0151 a vezet\u0151i utadon.<\/p>\n<p>Mindenk\u00e9ppen biztatlak, hogy t\u00e9gy egy pr\u00f3b\u00e1t valamelyik itt bemutatott m\u00f3dszerrel \u2013 legyen az az esti vezet\u0151i \u00e1ttekint\u00e9s, a strat\u00e9giai sz\u00fcnet, a heti napl\u00f3z\u00e1s, a visszajelz\u00e9s-integr\u00e1ci\u00f3 vagy \u00e9pp a j\u00f6v\u0151be mutat\u00f3 t\u00fck\u00f6rk\u00e9p. M\u00e1r n\u00e9h\u00e1ny h\u00e9t eltelt\u00e9vel \u00e9szreveheted azokat a <strong>finom v\u00e1ltoz\u00e1sokat<\/strong> a gondolkod\u00e1sodban, a kommunik\u00e1ci\u00f3dban \u00e9s a csapatod visszajelz\u00e9seiben, amelyek hossz\u00fa t\u00e1von alapvet\u0151en form\u00e1lj\u00e1k a vezet\u0151i sikeredet.<\/p>\n<h2>Milyen vezet\u0151i reflexi\u00f3s gyakorlatot kezden\u00e9l el ma?<\/h2>\n<p>Gondold v\u00e9gig, mit tehetsz m\u00e1r most az\u00e9rt, hogy tudatosabban vezesd a csapatod, mik\u00f6zben t\u00f6bb teret adsz magadnak a tanul\u00e1sra \u00e9s a fejl\u0151d\u00e9sre. Tal\u00e1n \u00fagy \u00e9rzed, t\u00fal sok a tennival\u00f3d \u00e9s kev\u00e9s az id\u0151d, m\u00e9gis, ha <strong>be\u00e9p\u00edted a reflexi\u00f3t<\/strong> a napirendedbe, hosszabb t\u00e1von id\u0151t <em>nyersz<\/em>, mert kevesebb energi\u00e1t fogsz elpazarolni \u00e1tgondolatlan d\u00f6nt\u00e9sekre \u00e9s azok k\u00f6vetkezm\u00e9nyeinek kezel\u00e9s\u00e9re. Egy j\u00f3l m\u0171k\u00f6d\u0151 reflexi\u00f3s rutin nagys\u00e1grendekkel jav\u00edthatja az \u00e1ltalad ir\u00e1ny\u00edtott folyamatokat \u00e9s a munkat\u00e1rsak el\u00e9gedetts\u00e9g\u00e9t. Ez a legjobb befektet\u00e9s saj\u00e1t vezet\u0151i karriered \u00e9s szervezeti sikered \u00e9rdek\u00e9ben.<\/p>\n<h2>K\u00e9szen \u00e1llsz a k\u00f6vetkez\u0151 l\u00e9p\u00e9sre? Foglalj id\u0151pontot egy 15 perces virtu\u00e1lis k\u00e1v\u00e9ra!<\/h2>\n<p>Ha val\u00f3ban szeretn\u00e9l elm\u00e9ly\u00fclni a vezet\u0151i reflexi\u00f3 \u00e9s a tudatos fejl\u0151d\u00e9s vil\u00e1g\u00e1ban, <strong>sz\u00edvesen \u00e1llok rendelkez\u00e9sedre<\/strong>. Sokszor m\u00e1r egy 15 perces besz\u00e9lget\u00e9s is megvil\u00e1g\u00edthat olyan ter\u00fcleteket, amelyeken jelent\u0151s el\u0151rel\u00e9p\u00e9st \u00e9rhetsz el. Ez alatt a virtu\u00e1lis k\u00e1v\u00e9 alatt:<\/p>\n<ul>\n<li><strong>Felfedezz\u00fck a jelenlegi vezet\u0151i kih\u00edv\u00e1saidat:<\/strong> k\u00f6z\u00f6sen megvizsg\u00e1ljuk, mi akad\u00e1lyoz a c\u00e9ljaid el\u00e9r\u00e9s\u00e9ben, \u00e9s milyen er\u0151forr\u00e1saidra t\u00e1maszkodhatsz.<\/li>\n<li><strong>Azonos\u00edtjuk a fejl\u0151d\u00e9si lehet\u0151s\u00e9geidet:<\/strong> a reflexi\u00f3 seg\u00edts\u00e9g\u00e9vel r\u00e1vil\u00e1g\u00edtunk, hogy miben rejlik a legnagyobb n\u00f6veked\u00e9si potenci\u00e1l.<\/li>\n<li><strong>Megbesz\u00e9lj\u00fck a coaching lehets\u00e9ges szerep\u00e9t:<\/strong> hogyan t\u00e1mogatna t\u00e9ged egy struktur\u00e1lt, szem\u00e9lyre szabott folyamat abban, hogy gyorsabban \u00e9s hat\u00e9konyabban fejl\u0151dj?<\/li>\n<li><strong>Eld\u00f6ntj\u00fck, passzolunk-e egym\u00e1shoz:<\/strong> a coaching akkor hat\u00e9kony, ha a k\u00e9mia is m\u0171k\u00f6dik \u00e9s k\u00f6z\u00f6sek a fejl\u0151d\u00e9si c\u00e9lok.<\/li>\n<\/ul>\n<p>Ha mindez \u00e9rdekel, <strong>foglalj id\u0151pontot most<\/strong>, vagy <strong>keress meg k\u00f6zvetlen\u00fcl<\/strong>. Biztos vagyok benne, hogy egy k\u00f6tetlen, r\u00f6vid besz\u00e9lget\u00e9s sor\u00e1n is t\u00f6bb olyan \u00faj perspekt\u00edva ny\u00edlhat meg el\u0151tted, amelyek seg\u00edthetnek <strong>magasabb szintre emelni a vezet\u0151i m\u0171k\u00f6d\u00e9sedet<\/strong>.<\/p>\n<p>A sikeres, <em>kiv\u00e9teles vezet\u00e9s<\/em> \u00fatja sokszor egyetlen l\u00e9p\u00e9ssel kezd\u0151dik \u2013 ez pedig lehet \u00e9ppen egy r\u00f6vid, de elm\u00e9ly\u00fclt besz\u00e9lget\u00e9s, amely r\u00e1ir\u00e1ny\u00edtja a figyelmet a k\u00f6vetkez\u0151, tudatosabb l\u00e9p\u00e9sre. Tedd meg ezt a l\u00e9p\u00e9st m\u00e9g ma, \u00e9s kezdj el tudatosan reflekt\u00e1lni a vezet\u0151i utadra: olyan fejl\u0151d\u00e9snek \u00e9s eredm\u00e9nyeknek nyithatsz teret, amelyek kor\u00e1bban tal\u00e1n el\u00e9rhetetlennek t\u0171ntek.<\/p>\n","protected":false},"excerpt":{"rendered":"<p>Vezet\u0151k\u00e9nt gyakran olyan temp\u00f3ban kell helyt\u00e1llnunk, hogy alig marad id\u0151nk meg\u00e1llni \u00e9s visszatekinteni a nap, a h\u00e9t vagy ak\u00e1r a h\u00f3nap t\u00f6rt\u00e9n\u00e9seire. M\u00e9gis, a tapasztalataim alapj\u00e1n \u2013 legyen sz\u00f3 k\u00f6z\u00e9pvezet\u0151r\u0151l, fels\u0151vezet\u0151r\u0151l vagy \u00e9ppen vez\u00e9rigazgat\u00f3r\u00f3l \u2013 egy dolog k\u00f6z\u00f6s a kiv\u00e9teles vezet\u0151kben: az, hogy rendszeresen \u00e9s tudatosan id\u0151t sz\u00e1nnak a vezet\u0151i reflexi\u00f3ra. Ez a l\u00e1tsz\u00f3lag egyszer\u0171,&#8230;<\/p>\n","protected":false},"author":1,"featured_media":1097,"comment_status":"closed","ping_status":"open","sticky":false,"template":"","format":"standard","meta":{"footnotes":""},"categories":[34],"tags":[],"class_list":["post-1096","post","type-post","status-publish","format-standard","has-post-thumbnail","hentry","category-business-coaching-egerben"],"yoast_head":"<!-- This site is optimized with the Yoast SEO plugin v27.5 - https:\/\/yoast.com\/product\/yoast-seo-wordpress\/ -->\n<title>A vezet\u0151i reflexi\u00f3 ereje<\/title>\n<meta name=\"robots\" content=\"index, follow, max-snippet:-1, max-image-preview:large, max-video-preview:-1\" \/>\n<link rel=\"canonical\" href=\"https:\/\/egercoach.hu\/blog\/a-vezetoi-reflexio-ereje\/\" \/>\n<meta property=\"og:locale\" content=\"hu_HU\" \/>\n<meta property=\"og:type\" content=\"article\" \/>\n<meta property=\"og:title\" content=\"A vezet\u0151i reflexi\u00f3 ereje\" \/>\n<meta property=\"og:description\" content=\"Vezet\u0151k\u00e9nt gyakran olyan temp\u00f3ban kell helyt\u00e1llnunk, hogy alig marad id\u0151nk meg\u00e1llni \u00e9s visszatekinteni a nap, a h\u00e9t vagy ak\u00e1r a h\u00f3nap t\u00f6rt\u00e9n\u00e9seire. M\u00e9gis, a tapasztalataim alapj\u00e1n \u2013 legyen sz\u00f3 k\u00f6z\u00e9pvezet\u0151r\u0151l, fels\u0151vezet\u0151r\u0151l vagy \u00e9ppen vez\u00e9rigazgat\u00f3r\u00f3l \u2013 egy dolog k\u00f6z\u00f6s a kiv\u00e9teles vezet\u0151kben: az, hogy rendszeresen \u00e9s tudatosan id\u0151t sz\u00e1nnak a vezet\u0151i reflexi\u00f3ra. Ez a l\u00e1tsz\u00f3lag egyszer\u0171,...\" \/>\n<meta property=\"og:url\" content=\"https:\/\/egercoach.hu\/blog\/a-vezetoi-reflexio-ereje\/\" \/>\n<meta property=\"og:site_name\" content=\"Az Egri Coach Blogja\" \/>\n<meta property=\"article:publisher\" content=\"https:\/\/www.facebook.com\/eger.coach\" \/>\n<meta property=\"article:published_time\" content=\"2025-06-02T05:39:55+00:00\" \/>\n<meta property=\"og:image\" content=\"https:\/\/egercoach.hu\/blog\/wp-content\/uploads\/2025\/06\/leader-of-designers.jpg\" \/>\n\t<meta property=\"og:image:width\" content=\"1500\" \/>\n\t<meta property=\"og:image:height\" content=\"1000\" \/>\n\t<meta property=\"og:image:type\" content=\"image\/jpeg\" \/>\n<meta name=\"author\" content=\"Dajka G\u00e1bor\" \/>\n<meta name=\"twitter:card\" content=\"summary_large_image\" \/>\n<meta name=\"twitter:label1\" content=\"Szerz\u0151:\" \/>\n\t<meta name=\"twitter:data1\" content=\"Dajka G\u00e1bor\" \/>\n\t<meta name=\"twitter:label2\" content=\"Becs\u00fclt olvas\u00e1si id\u0151\" \/>\n\t<meta name=\"twitter:data2\" content=\"14 perc\" \/>\n<script type=\"application\/ld+json\" class=\"yoast-schema-graph\">{\"@context\":\"https:\\\/\\\/schema.org\",\"@graph\":[{\"@type\":\"Article\",\"@id\":\"https:\\\/\\\/egercoach.hu\\\/blog\\\/a-vezetoi-reflexio-ereje\\\/#article\",\"isPartOf\":{\"@id\":\"https:\\\/\\\/egercoach.hu\\\/blog\\\/a-vezetoi-reflexio-ereje\\\/\"},\"author\":{\"name\":\"Dajka G\u00e1bor\",\"@id\":\"https:\\\/\\\/egercoach.hu\\\/blog\\\/#\\\/schema\\\/person\\\/afc73367aa314ca33a9c8d3b88dce6e7\"},\"headline\":\"A vezet\u0151i reflexi\u00f3 ereje\",\"datePublished\":\"2025-06-02T05:39:55+00:00\",\"mainEntityOfPage\":{\"@id\":\"https:\\\/\\\/egercoach.hu\\\/blog\\\/a-vezetoi-reflexio-ereje\\\/\"},\"wordCount\":3753,\"publisher\":{\"@id\":\"https:\\\/\\\/egercoach.hu\\\/blog\\\/#organization\"},\"image\":{\"@id\":\"https:\\\/\\\/egercoach.hu\\\/blog\\\/a-vezetoi-reflexio-ereje\\\/#primaryimage\"},\"thumbnailUrl\":\"https:\\\/\\\/egercoach.hu\\\/blog\\\/wp-content\\\/uploads\\\/2025\\\/06\\\/leader-of-designers.jpg\",\"articleSection\":[\"Business coaching Egerben\"],\"inLanguage\":\"hu\"},{\"@type\":\"WebPage\",\"@id\":\"https:\\\/\\\/egercoach.hu\\\/blog\\\/a-vezetoi-reflexio-ereje\\\/\",\"url\":\"https:\\\/\\\/egercoach.hu\\\/blog\\\/a-vezetoi-reflexio-ereje\\\/\",\"name\":\"A vezet\u0151i reflexi\u00f3 ereje\",\"isPartOf\":{\"@id\":\"https:\\\/\\\/egercoach.hu\\\/blog\\\/#website\"},\"primaryImageOfPage\":{\"@id\":\"https:\\\/\\\/egercoach.hu\\\/blog\\\/a-vezetoi-reflexio-ereje\\\/#primaryimage\"},\"image\":{\"@id\":\"https:\\\/\\\/egercoach.hu\\\/blog\\\/a-vezetoi-reflexio-ereje\\\/#primaryimage\"},\"thumbnailUrl\":\"https:\\\/\\\/egercoach.hu\\\/blog\\\/wp-content\\\/uploads\\\/2025\\\/06\\\/leader-of-designers.jpg\",\"datePublished\":\"2025-06-02T05:39:55+00:00\",\"breadcrumb\":{\"@id\":\"https:\\\/\\\/egercoach.hu\\\/blog\\\/a-vezetoi-reflexio-ereje\\\/#breadcrumb\"},\"inLanguage\":\"hu\",\"potentialAction\":[{\"@type\":\"ReadAction\",\"target\":[\"https:\\\/\\\/egercoach.hu\\\/blog\\\/a-vezetoi-reflexio-ereje\\\/\"]}]},{\"@type\":\"ImageObject\",\"inLanguage\":\"hu\",\"@id\":\"https:\\\/\\\/egercoach.hu\\\/blog\\\/a-vezetoi-reflexio-ereje\\\/#primaryimage\",\"url\":\"https:\\\/\\\/egercoach.hu\\\/blog\\\/wp-content\\\/uploads\\\/2025\\\/06\\\/leader-of-designers.jpg\",\"contentUrl\":\"https:\\\/\\\/egercoach.hu\\\/blog\\\/wp-content\\\/uploads\\\/2025\\\/06\\\/leader-of-designers.jpg\",\"width\":1500,\"height\":1000,\"caption\":\"Leader of designers\"},{\"@type\":\"BreadcrumbList\",\"@id\":\"https:\\\/\\\/egercoach.hu\\\/blog\\\/a-vezetoi-reflexio-ereje\\\/#breadcrumb\",\"itemListElement\":[{\"@type\":\"ListItem\",\"position\":1,\"name\":\"Kezd\u0151lap\",\"item\":\"https:\\\/\\\/egercoach.hu\\\/blog\\\/\"},{\"@type\":\"ListItem\",\"position\":2,\"name\":\"A vezet\u0151i reflexi\u00f3 ereje\"}]},{\"@type\":\"WebSite\",\"@id\":\"https:\\\/\\\/egercoach.hu\\\/blog\\\/#website\",\"url\":\"https:\\\/\\\/egercoach.hu\\\/blog\\\/\",\"name\":\"Eger Coach Blog\",\"description\":\"\",\"publisher\":{\"@id\":\"https:\\\/\\\/egercoach.hu\\\/blog\\\/#organization\"},\"potentialAction\":[{\"@type\":\"SearchAction\",\"target\":{\"@type\":\"EntryPoint\",\"urlTemplate\":\"https:\\\/\\\/egercoach.hu\\\/blog\\\/?s={search_term_string}\"},\"query-input\":{\"@type\":\"PropertyValueSpecification\",\"valueRequired\":true,\"valueName\":\"search_term_string\"}}],\"inLanguage\":\"hu\"},{\"@type\":\"Organization\",\"@id\":\"https:\\\/\\\/egercoach.hu\\\/blog\\\/#organization\",\"name\":\"Eger Coach Blog\",\"url\":\"https:\\\/\\\/egercoach.hu\\\/blog\\\/\",\"logo\":{\"@type\":\"ImageObject\",\"inLanguage\":\"hu\",\"@id\":\"https:\\\/\\\/egercoach.hu\\\/blog\\\/#\\\/schema\\\/logo\\\/image\\\/\",\"url\":\"https:\\\/\\\/egercoach.hu\\\/blog\\\/wp-content\\\/uploads\\\/2025\\\/05\\\/cropped-Eger.png\",\"contentUrl\":\"https:\\\/\\\/egercoach.hu\\\/blog\\\/wp-content\\\/uploads\\\/2025\\\/05\\\/cropped-Eger.png\",\"width\":500,\"height\":169,\"caption\":\"Eger Coach Blog\"},\"image\":{\"@id\":\"https:\\\/\\\/egercoach.hu\\\/blog\\\/#\\\/schema\\\/logo\\\/image\\\/\"},\"sameAs\":[\"https:\\\/\\\/www.facebook.com\\\/eger.coach\"]},{\"@type\":\"Person\",\"@id\":\"https:\\\/\\\/egercoach.hu\\\/blog\\\/#\\\/schema\\\/person\\\/afc73367aa314ca33a9c8d3b88dce6e7\",\"name\":\"Dajka G\u00e1bor\",\"image\":{\"@type\":\"ImageObject\",\"inLanguage\":\"hu\",\"@id\":\"https:\\\/\\\/secure.gravatar.com\\\/avatar\\\/81566ea1e2b3466baa03e9bdcdaa835f58564d8be90057a45f3e61711dc8a063?s=96&d=mm&r=g\",\"url\":\"https:\\\/\\\/secure.gravatar.com\\\/avatar\\\/81566ea1e2b3466baa03e9bdcdaa835f58564d8be90057a45f3e61711dc8a063?s=96&d=mm&r=g\",\"contentUrl\":\"https:\\\/\\\/secure.gravatar.com\\\/avatar\\\/81566ea1e2b3466baa03e9bdcdaa835f58564d8be90057a45f3e61711dc8a063?s=96&d=mm&r=g\",\"caption\":\"Dajka G\u00e1bor\"},\"sameAs\":[\"https:\\\/\\\/egercoach.hu\\\/blog\"],\"url\":\"https:\\\/\\\/egercoach.hu\\\/blog\\\/author\\\/adminka\\\/\"}]}<\/script>\n<!-- \/ Yoast SEO plugin. -->","yoast_head_json":{"title":"A vezet\u0151i reflexi\u00f3 ereje","robots":{"index":"index","follow":"follow","max-snippet":"max-snippet:-1","max-image-preview":"max-image-preview:large","max-video-preview":"max-video-preview:-1"},"canonical":"https:\/\/egercoach.hu\/blog\/a-vezetoi-reflexio-ereje\/","og_locale":"hu_HU","og_type":"article","og_title":"A vezet\u0151i reflexi\u00f3 ereje","og_description":"Vezet\u0151k\u00e9nt gyakran olyan temp\u00f3ban kell helyt\u00e1llnunk, hogy alig marad id\u0151nk meg\u00e1llni \u00e9s visszatekinteni a nap, a h\u00e9t vagy ak\u00e1r a h\u00f3nap t\u00f6rt\u00e9n\u00e9seire. M\u00e9gis, a tapasztalataim alapj\u00e1n \u2013 legyen sz\u00f3 k\u00f6z\u00e9pvezet\u0151r\u0151l, fels\u0151vezet\u0151r\u0151l vagy \u00e9ppen vez\u00e9rigazgat\u00f3r\u00f3l \u2013 egy dolog k\u00f6z\u00f6s a kiv\u00e9teles vezet\u0151kben: az, hogy rendszeresen \u00e9s tudatosan id\u0151t sz\u00e1nnak a vezet\u0151i reflexi\u00f3ra. Ez a l\u00e1tsz\u00f3lag egyszer\u0171,...","og_url":"https:\/\/egercoach.hu\/blog\/a-vezetoi-reflexio-ereje\/","og_site_name":"Az Egri Coach Blogja","article_publisher":"https:\/\/www.facebook.com\/eger.coach","article_published_time":"2025-06-02T05:39:55+00:00","og_image":[{"width":1500,"height":1000,"url":"https:\/\/egercoach.hu\/blog\/wp-content\/uploads\/2025\/06\/leader-of-designers.jpg","type":"image\/jpeg"}],"author":"Dajka G\u00e1bor","twitter_card":"summary_large_image","twitter_misc":{"Szerz\u0151:":"Dajka G\u00e1bor","Becs\u00fclt olvas\u00e1si id\u0151":"14 perc"},"schema":{"@context":"https:\/\/schema.org","@graph":[{"@type":"Article","@id":"https:\/\/egercoach.hu\/blog\/a-vezetoi-reflexio-ereje\/#article","isPartOf":{"@id":"https:\/\/egercoach.hu\/blog\/a-vezetoi-reflexio-ereje\/"},"author":{"name":"Dajka G\u00e1bor","@id":"https:\/\/egercoach.hu\/blog\/#\/schema\/person\/afc73367aa314ca33a9c8d3b88dce6e7"},"headline":"A vezet\u0151i reflexi\u00f3 ereje","datePublished":"2025-06-02T05:39:55+00:00","mainEntityOfPage":{"@id":"https:\/\/egercoach.hu\/blog\/a-vezetoi-reflexio-ereje\/"},"wordCount":3753,"publisher":{"@id":"https:\/\/egercoach.hu\/blog\/#organization"},"image":{"@id":"https:\/\/egercoach.hu\/blog\/a-vezetoi-reflexio-ereje\/#primaryimage"},"thumbnailUrl":"https:\/\/egercoach.hu\/blog\/wp-content\/uploads\/2025\/06\/leader-of-designers.jpg","articleSection":["Business coaching Egerben"],"inLanguage":"hu"},{"@type":"WebPage","@id":"https:\/\/egercoach.hu\/blog\/a-vezetoi-reflexio-ereje\/","url":"https:\/\/egercoach.hu\/blog\/a-vezetoi-reflexio-ereje\/","name":"A vezet\u0151i reflexi\u00f3 ereje","isPartOf":{"@id":"https:\/\/egercoach.hu\/blog\/#website"},"primaryImageOfPage":{"@id":"https:\/\/egercoach.hu\/blog\/a-vezetoi-reflexio-ereje\/#primaryimage"},"image":{"@id":"https:\/\/egercoach.hu\/blog\/a-vezetoi-reflexio-ereje\/#primaryimage"},"thumbnailUrl":"https:\/\/egercoach.hu\/blog\/wp-content\/uploads\/2025\/06\/leader-of-designers.jpg","datePublished":"2025-06-02T05:39:55+00:00","breadcrumb":{"@id":"https:\/\/egercoach.hu\/blog\/a-vezetoi-reflexio-ereje\/#breadcrumb"},"inLanguage":"hu","potentialAction":[{"@type":"ReadAction","target":["https:\/\/egercoach.hu\/blog\/a-vezetoi-reflexio-ereje\/"]}]},{"@type":"ImageObject","inLanguage":"hu","@id":"https:\/\/egercoach.hu\/blog\/a-vezetoi-reflexio-ereje\/#primaryimage","url":"https:\/\/egercoach.hu\/blog\/wp-content\/uploads\/2025\/06\/leader-of-designers.jpg","contentUrl":"https:\/\/egercoach.hu\/blog\/wp-content\/uploads\/2025\/06\/leader-of-designers.jpg","width":1500,"height":1000,"caption":"Leader of designers"},{"@type":"BreadcrumbList","@id":"https:\/\/egercoach.hu\/blog\/a-vezetoi-reflexio-ereje\/#breadcrumb","itemListElement":[{"@type":"ListItem","position":1,"name":"Kezd\u0151lap","item":"https:\/\/egercoach.hu\/blog\/"},{"@type":"ListItem","position":2,"name":"A vezet\u0151i reflexi\u00f3 ereje"}]},{"@type":"WebSite","@id":"https:\/\/egercoach.hu\/blog\/#website","url":"https:\/\/egercoach.hu\/blog\/","name":"Eger Coach Blog","description":"","publisher":{"@id":"https:\/\/egercoach.hu\/blog\/#organization"},"potentialAction":[{"@type":"SearchAction","target":{"@type":"EntryPoint","urlTemplate":"https:\/\/egercoach.hu\/blog\/?s={search_term_string}"},"query-input":{"@type":"PropertyValueSpecification","valueRequired":true,"valueName":"search_term_string"}}],"inLanguage":"hu"},{"@type":"Organization","@id":"https:\/\/egercoach.hu\/blog\/#organization","name":"Eger Coach Blog","url":"https:\/\/egercoach.hu\/blog\/","logo":{"@type":"ImageObject","inLanguage":"hu","@id":"https:\/\/egercoach.hu\/blog\/#\/schema\/logo\/image\/","url":"https:\/\/egercoach.hu\/blog\/wp-content\/uploads\/2025\/05\/cropped-Eger.png","contentUrl":"https:\/\/egercoach.hu\/blog\/wp-content\/uploads\/2025\/05\/cropped-Eger.png","width":500,"height":169,"caption":"Eger Coach Blog"},"image":{"@id":"https:\/\/egercoach.hu\/blog\/#\/schema\/logo\/image\/"},"sameAs":["https:\/\/www.facebook.com\/eger.coach"]},{"@type":"Person","@id":"https:\/\/egercoach.hu\/blog\/#\/schema\/person\/afc73367aa314ca33a9c8d3b88dce6e7","name":"Dajka G\u00e1bor","image":{"@type":"ImageObject","inLanguage":"hu","@id":"https:\/\/secure.gravatar.com\/avatar\/81566ea1e2b3466baa03e9bdcdaa835f58564d8be90057a45f3e61711dc8a063?s=96&d=mm&r=g","url":"https:\/\/secure.gravatar.com\/avatar\/81566ea1e2b3466baa03e9bdcdaa835f58564d8be90057a45f3e61711dc8a063?s=96&d=mm&r=g","contentUrl":"https:\/\/secure.gravatar.com\/avatar\/81566ea1e2b3466baa03e9bdcdaa835f58564d8be90057a45f3e61711dc8a063?s=96&d=mm&r=g","caption":"Dajka G\u00e1bor"},"sameAs":["https:\/\/egercoach.hu\/blog"],"url":"https:\/\/egercoach.hu\/blog\/author\/adminka\/"}]}},"_links":{"self":[{"href":"https:\/\/egercoach.hu\/blog\/wp-json\/wp\/v2\/posts\/1096","targetHints":{"allow":["GET"]}}],"collection":[{"href":"https:\/\/egercoach.hu\/blog\/wp-json\/wp\/v2\/posts"}],"about":[{"href":"https:\/\/egercoach.hu\/blog\/wp-json\/wp\/v2\/types\/post"}],"author":[{"embeddable":true,"href":"https:\/\/egercoach.hu\/blog\/wp-json\/wp\/v2\/users\/1"}],"replies":[{"embeddable":true,"href":"https:\/\/egercoach.hu\/blog\/wp-json\/wp\/v2\/comments?post=1096"}],"version-history":[{"count":0,"href":"https:\/\/egercoach.hu\/blog\/wp-json\/wp\/v2\/posts\/1096\/revisions"}],"wp:featuredmedia":[{"embeddable":true,"href":"https:\/\/egercoach.hu\/blog\/wp-json\/wp\/v2\/media\/1097"}],"wp:attachment":[{"href":"https:\/\/egercoach.hu\/blog\/wp-json\/wp\/v2\/media?parent=1096"}],"wp:term":[{"taxonomy":"category","embeddable":true,"href":"https:\/\/egercoach.hu\/blog\/wp-json\/wp\/v2\/categories?post=1096"},{"taxonomy":"post_tag","embeddable":true,"href":"https:\/\/egercoach.hu\/blog\/wp-json\/wp\/v2\/tags?post=1096"}],"curies":[{"name":"wp","href":"https:\/\/api.w.org\/{rel}","templated":true}]}}