{"id":1102,"date":"2025-06-02T10:31:18","date_gmt":"2025-06-02T08:31:18","guid":{"rendered":"https:\/\/egercoach.hu\/blog\/?p=1102"},"modified":"2025-06-02T10:45:56","modified_gmt":"2025-06-02T08:45:56","slug":"5-nelkulozhetetlen-keszseg-a-jovobiztos-vezeteshez","status":"publish","type":"post","link":"https:\/\/egercoach.hu\/blog\/5-nelkulozhetetlen-keszseg-a-jovobiztos-vezeteshez\/","title":{"rendered":"5 n\u00e9lk\u00fcl\u00f6zhetetlen k\u00e9szs\u00e9g a j\u00f6v\u0151biztos vezet\u00e9shez"},"content":{"rendered":"<p>Amikor el\u0151sz\u00f6r hallottam azt a mondatot, hogy \u201eA menedzsment arr\u00f3l sz\u00f3l, hogy a dolgokat helyesen tessz\u00fck, a vezet\u00e9s pedig arr\u00f3l, hogy a helyes dolgokat tessz\u00fck\u201d, \u00fagy \u00e9reztem, mintha hirtelen reflektorf\u00e9nybe ker\u00fcltem volna. Egyetlen egyszer\u0171 gondolat m\u00e9gis mindent megk\u00e9rd\u0151jelezett, amit az addigi karrierem sor\u00e1n \u00e9p\u00edtettem. Ezzel a r\u00f6vid, de m\u00e9ly jelent\u00e9s\u0171 mondattal r\u00e1\u00e9bredtem: a saj\u00e1t gyakorlatomban sokszor csak menedzseltem a folyamatokat, de hi\u00e1nyzott bel\u0151lem az a plusz, ami val\u00f3di vezet\u0151v\u00e9 tehet. \u00c9veken \u00e1t halmoztam a bizony\u00edtv\u00e1nyokat, gy\u0171jt\u00f6ttem a teljes\u00edtm\u00e9ny\u00e9rt\u00e9kel\u00e9seket, \u00e9p\u00edtettem ki magamnak a \u201ebiztos\u201d sarokirod\u00e1t, azt hittem, el\u00e9rtem a cs\u00facsot. M\u00e9gis, a bels\u0151 hang egyre t\u00f6bbsz\u00f6r azt suttogta: \u201eEzek csak pap\u00edrok \u00e9s elismer\u00e9sek, de vajon t\u00e9nyleg vezet\u0151 vagy?\u201d<\/p>\n<h2>A kisv\u00e1rosi stabilit\u00e1st\u00f3l a vezet\u0151i evol\u00faci\u00f3ig<\/h2>\n<p>Tal\u00e1n nem is sejtettem volna, hogy ez valaha konfliktust sz\u00fcl bennem, hiszen egy kis, fafeldolgoz\u00f3 \u00fczemekkel teli v\u00e1rosban n\u0151ttem fel. Ap\u00e1m az egyik \u00fczemben dolgozott, \u00e9s a legfontosabb \u00e9rt\u00e9knek a megb\u00edzhat\u00f3s\u00e1got tartotta. \u201eMindig legy\u00e9l ott id\u0151ben, csin\u00e1ld meg a feladatod, \u00e9s ne bonyol\u00edtsd t\u00fal a dolgokat\u201d \u2013 hangoztatta. Gyerekkoromban ez volt a siker receptje. Bennem is m\u00e9lyen gy\u00f6keret vert a rend, a kisz\u00e1m\u00edthat\u00f3s\u00e1g \u00e9s a fegyelem ir\u00e1nti v\u00e1gy. Ez a neveltet\u00e9s \u00e9veken \u00e1t kit\u0171n\u0151en m\u0171k\u00f6d\u00f6tt, \u00e1m a gyorsan v\u00e1ltoz\u00f3 vil\u00e1g, a technol\u00f3giai forradalmak \u00e9s a bizonytalans\u00e1g n\u00f6veked\u00e9se k\u00e9s\u0151bb arra k\u00e9nyszer\u00edtett, hogy \u00e1t\u00e9rt\u00e9keljem a stabilit\u00e1sr\u00f3l alkotott elk\u00e9pzel\u00e9seimet. R\u00e1j\u00f6ttem, hogy a puszta \u201ej\u00f3 menedzsment\u201d t\u00f6bb\u00e9 nem el\u00e9g, ha valaki fenn akar maradni a hull\u00e1mz\u00f3 piaci viszonyok \u00e9s gyors v\u00e1ltoz\u00e1sok k\u00f6zepette. Nemcsak reag\u00e1lni kell a kih\u00edv\u00e1sokra, hanem el\u0151re l\u00e1tni \u0151ket, s\u0151t, sokszor mi magunk hozzuk l\u00e9tre azokat az \u00faj utakat, amelyekhez m\u00e1sok k\u00e9s\u0151bb alkalmazkodni fognak.<\/p>\n<p>Ez az \u00fat vezetett el a felismer\u00e9shez: val\u00f3j\u00e1ban a vezet\u00e9s \u00e9s a menedzsment k\u00e9t k\u00fcl\u00f6n fogalom. Eml\u00e9kszem, mennyire zavart, amikor a feletteseim vezet\u0151nek neveztek, mik\u00f6zben \u00e9n magam nem \u00e9reztem azt, hogy val\u00f3ban inspir\u00e1ln\u00e1m az embereket. Egyszer\u0171en hat\u00e9konyan m\u0171k\u00f6dtettem a rendszert, betartottam a szab\u00e1lyokat, t\u00f6rekedtem a pontoss\u00e1gra \u00e9s a k\u00f6lts\u00e9ghat\u00e9konys\u00e1gra. Ezek a feladatok fontosak, de nem elegend\u0151k ahhoz, hogy valakit val\u00f3di vezet\u0151v\u00e9 tegyenek. Ekkor kezdtem el feltenni a k\u00e9rd\u00e9st: \u201eMi teszi a vezet\u0151t vezet\u0151v\u00e9 a 21. sz\u00e1zadban?\u201d<\/p>\n<h2>A k\u00e1v\u00e9z\u00f3ban sz\u00fclet\u0151 felismer\u00e9s<\/h2>\n<p>Tal\u00e1n mindenkinek van egy \u00e9lethelyzete, amikor olyan emberrel tal\u00e1lkozik, aki hirtelen t\u00fckr\u00f6t tart el\u00e9. Az \u00e9n esetemben ez egy \u0151szi d\u00e9lel\u0151tt t\u00f6rt\u00e9nt, egy vibr\u00e1l\u00f3 belv\u00e1rosi k\u00e1v\u00e9z\u00f3ban. Egy j\u00f3 bar\u00e1tom, Jon \u00fclt velem szemben, aki addigra m\u00e1r sikeres menedzserk\u00e9nt dolgozott. Ott szorongatta a laptopj\u00e1t, a szeme alatt m\u00e9ly karik\u00e1k h\u00faz\u00f3dtak. Ez nem az a fajta kimer\u00fclts\u00e9g volt, amit n\u00e9h\u00e1ny nap szabads\u00e1ggal ki lehet pihenni, sokkal ink\u00e1bb bels\u0151 v\u00edv\u00f3d\u00e1sr\u00f3l \u00e1rulkodott. Megosztotta velem, hogy \u00fagy \u00e9rzi: mik\u00f6zben a vil\u00e1g k\u00f6r\u00fcl\u00f6tte rohan, \u0151 egyszer\u0171en k\u00e9ptelen l\u00e9p\u00e9st tartani a folyamatos v\u00e1ltoz\u00e1ssal, \u00e9s mintha elszaladn\u00e1nak mellette a lehet\u0151s\u00e9gek. \u201eOlyan, mintha m\u00e9g mindig csak a felsz\u00ednen pr\u00f3b\u00e1ln\u00e9k leveg\u0151t venni, mik\u00f6zben mindenki m\u00e1s m\u00e1r m\u00e9lyre mer\u00fcl a fejl\u0151d\u00e9sben \u00e9s az innov\u00e1ci\u00f3ban.\u201d Ahogy besz\u00e9lt, \u00e9reztem, hogy a mondand\u00f3ja t\u00f6k\u00e9letesen rezon\u00e1l az \u00e9n kor\u00e1bbi dilemm\u00e1immal is. A stabilit\u00e1sra t\u00f6rekv\u0151 hozz\u00e1\u00e1ll\u00e1s, amit gyerekk\u00e9nt magamba sz\u00edvtam, m\u00e1r nem bizonyult el\u00e9gnek a v\u00e1ltoz\u00e1s \u00e9s a diszrupci\u00f3 kor\u00e1ban.<\/p>\n<p>K\u00f6zben elgondolkodtam azon, hogy a vezet\u00e9s mennyire emberi dolog. Aki vezet, nemcsak a c\u00e9lokat \u00e9s a strat\u00e9gi\u00e1kat hat\u00e1rozza meg, hanem emberekkel, szem\u00e9lyes t\u00f6rt\u00e9netekkel, \u00e9rzelmekkel is dolgozik. R\u00e1j\u00f6ttem, hogy ahhoz, hogy hat\u00e9konyan vezess\u00fcnk, nem el\u00e9g tudnunk a folyamatokat \u00e9s a mutat\u00f3kat, hanem kell az is, hogy belel\u00e1ssunk a csapat tagjainak a motiv\u00e1ci\u00f3iba, felismerj\u00fck, hogyan \u00e9lik meg a k\u00f6z\u00f6s munk\u00e1t vagy a szervezeti \u00e1talakul\u00e1sokat. Ekkor kezdett kirajzol\u00f3dni bennem, milyen is lehet a j\u00f6v\u0151biztos, diszrupci\u00f3kra felk\u00e9sz\u00fclt vezet\u00e9s.<\/p>\n<h2>A \u201ehumanity session\u201d \u00e9s a szem\u00e9lyes \u00e1talakul\u00e1s szerepe<\/h2>\n<p>Ahogy egyre t\u00f6bbet foglalkoztam a vezet\u00e9s emberi oldal\u00e1val, kialak\u00edtottam egy m\u00f3dszert, amelyet \u201ehumanity session\u201d-nek neveztem el. A l\u00e9nyege, hogy a csapattal id\u0151r\u0151l id\u0151re le\u00fclj\u00fcnk olyan besz\u00e9lget\u00e9sekre, amelyekn\u00e9l nincs konkr\u00e9t napirend vagy teljes\u00edtm\u00e9nymutat\u00f3, egyszer\u0171en csak egym\u00e1s megismer\u00e9se, az egy\u00e9ni c\u00e9lok \u00e9s f\u00e9lelmek felsz\u00ednre hoz\u00e1sa a c\u00e9l. \u00dagy l\u00e1ttam, hogy sok koll\u00e9g\u00e1m els\u0151re zavarba j\u00f6n ett\u0151l, hiszen a munkahelyeken \u00e1ltal\u00e1ban teljes\u00edtm\u00e9nyc\u00e9lok, meetingek \u00e9s sz\u00e1raz kimutat\u00e1sok domin\u00e1lnak. M\u00e9gis, akik nyitottak voltak erre, id\u0151vel elkezdtek egy sokkal bizalmasabb, inspir\u00e1l\u00f3bb k\u00f6zegben dolgozni, mert jobban meg\u00e9rtett\u00e9k egym\u00e1st emberileg.<\/p>\n<p>Megszerettem ezeket az alkalmakat, mert megmutatt\u00e1k, hogy a vezet\u00e9s egy folyamat, nem pedig egy adott poz\u00edci\u00f3. A vezet\u0151i k\u00e9pess\u00e9gek nem att\u00f3l v\u00e1lnak er\u0151sebb\u00e9, hogy valaki t\u00f6bb \u00e9vet t\u00f6lt egy irod\u00e1ban, vagy hogy milyen c\u00edmet \u00edr a n\u00e9vjegyk\u00e1rty\u00e1j\u00e1ra. A vezet\u0151 igazi ereje abban \u00e1ll, milyen emberi kapcsolatokat teremt, milyen j\u00f6v\u0151k\u00e9pet tud form\u00e1lni, \u00e9s hogyan hozza ki a legjobbat a k\u00f6r\u00fcl\u00f6tte l\u00e9v\u0151kb\u0151l. Pontosan ezt jelenti a diszrupci\u00f3biztos vezet\u00e9s: a v\u00e1ratlan v\u00e1ltoz\u00e1sokat nem ellens\u00e9gk\u00e9nt l\u00e1tjuk, hanem lehet\u0151s\u00e9gk\u00e9nt kezelj\u00fck, mert a csapatunk \u00f6sszetart\u00f3, rugalmas \u00e9s nyitott az \u00faj \u00f6tletekre.<\/p>\n<h2>Az 5 kulcsfontoss\u00e1g\u00fa k\u00e9szs\u00e9g a Disruption-Proof Leadership gyakorl\u00e1s\u00e1hoz<\/h2>\n<p>Miel\u0151tt r\u00e1t\u00e9rn\u00e9k a konkr\u00e9t k\u00e9szs\u00e9gekre, amelyeket az \u00e9vek sor\u00e1n a legink\u00e1bb fontosnak tal\u00e1ltam, fontos hangs\u00falyozni: ezek nem egyszeri kipip\u00e1lhat\u00f3 teend\u0151k, hanem sokkal ink\u00e1bb \u00fatjelz\u0151k, amelyek seg\u00edthetnek abban, hogy egy vezet\u0151 magabiztosan \u00e1lljon helyt a szervezeti, piaci \u00e9s emberi kih\u00edv\u00e1sok k\u00f6zepette.<\/p>\n<ol>\n<li><strong>\u00c9rzelmi intelligencia fejleszt\u00e9se<\/strong>\n<ul>\n<li><i>Emberi t\u00f6rt\u00e9netek felismer\u00e9se:<\/i> Minden koll\u00e9g\u00e1nak van szem\u00e9lyes h\u00e1ttere, inspir\u00e1ci\u00f3ja, f\u00e9lelme. Nem el\u00e9g, ha ezt tudom\u00e1sul vessz\u00fck, t\u00f6rekedn\u00fcnk kell r\u00e1, hogy a projektjeinkbe, feladatainkba ezt be is \u00e9p\u00edts\u00fck.<\/li>\n<li><i>\u00c9rzelmek \u00e9s d\u00f6nt\u00e9shozatal kapcsolata:<\/i> Egy vezet\u0151nek meg kell \u00e9rtenie, hogy a munkat\u00e1rsak nemcsak logik\u00e1b\u00f3l, hanem \u00e9rzelmi alapon is d\u00f6ntenek. A motiv\u00e1ci\u00f3 nagy r\u00e9sze \u00e9rzelmekb\u0151l fakad.<\/li>\n<li><i>Pszichol\u00f3giai biztons\u00e1g megteremt\u00e9se:<\/i> Ha a csapat tagjai biztons\u00e1gban \u00e9rzik magukat, k\u00f6nnyebben v\u00e1llalj\u00e1k a kock\u00e1zatot \u00e9s mernek kreat\u00edv \u00f6tleteket felvetni, ami a diszrupci\u00f3 kor\u00e1ban \u00f3ri\u00e1si versenyel\u0151ny lehet.<\/li>\n<li><i>Hiteles kapcsolatok ki\u00e9p\u00edt\u00e9se:<\/i> A munkat\u00e1rsak akkor fognak b\u00edzni benn\u00fcnk, ha azt l\u00e1tj\u00e1k, hogy mi magunk is ny\u00edltak \u00e9s sebezhet\u0151ek vagyunk, ugyanakkor kisz\u00e1m\u00edthat\u00f3an, korrekten viselked\u00fcnk.<\/li>\n<\/ul>\n<\/li>\n<li><strong>Strat\u00e9giai v\u00edzi\u00f3 kialak\u00edt\u00e1sa<\/strong>\n<ul>\n<li><i>Nagyobb perspekt\u00edva:<\/i> A negyed\u00e9ves sz\u00e1mok \u00e9s az \u00e9ves mutat\u00f3k fontosak, de mindig sz\u00fcks\u00e9g van egy nagyobb, inspir\u00e1l\u00f3bb j\u00f6v\u0151k\u00e9pre, amely t\u00falmutat a jelenlegi c\u00e9lokon.<\/li>\n<li><i>Motiv\u00e1l\u00f3 t\u00f6rt\u00e9net:<\/i> A vezet\u0151k feladata egy olyan szervezeti t\u00f6rt\u00e9net megfogalmaz\u00e1sa, amelyet mindenki mag\u00e1\u00e9nak \u00e9rez. Ha nincs k\u00f6z\u00f6s k\u00fcldet\u00e9s, az emberek k\u00f6nnyen elveszhetnek a napi rutinban.<\/li>\n<li><i>Trendek felismer\u00e9se:<\/i> A piac folyamatosan v\u00e1ltozik: digit\u00e1lis \u00e1t\u00e1ll\u00e1s, \u00faj \u00fcgyf\u00e9lig\u00e9nyek, kultur\u00e1lis mozg\u00e1sok. A vezet\u0151nek figyelnie kell, merre tartanak a folyamatok, \u00e9s felk\u00e9sz\u00fclnie arra, hogy ak\u00e1r \u0151 maga gener\u00e1ljon \u00faj trendeket.<\/li>\n<li><i>Az innov\u00e1ci\u00f3 \u00e9s a stabilit\u00e1s egyens\u00falya:<\/i> A radik\u00e1lis v\u00e1ltoz\u00e1s is lehet el\u0151ny, de a r\u00e9gi, j\u00f3l bev\u00e1lt gyakorlatok sem mindig kidoband\u00f3k. Az igazi vezet\u0151 megtal\u00e1lja az eg\u00e9szs\u00e9ges egyens\u00falyt.<\/li>\n<\/ul>\n<\/li>\n<li><strong>Autentikus kommunik\u00e1ci\u00f3<\/strong>\n<ul>\n<li><i>Val\u00f3di p\u00e1rbesz\u00e9d el\u0151seg\u00edt\u00e9se:<\/i> Nem el\u00e9g, ha a vezet\u0151 j\u00f3l besz\u00e9l, tudnia kell meghallgatni is. Akkor sz\u00fcletik v\u00e1ltoz\u00e1s, ha a munkat\u00e1rsak mernek \u0151szint\u00e9n besz\u00e9lni.<\/li>\n<li><i>A sebezhet\u0151s\u00e9g \u00e9s er\u0151 kombin\u00e1ci\u00f3ja:<\/i> Egy j\u00f3 vezet\u0151 att\u00f3l hiteles, hogy bevallja, ha valamiben bizonytalan vagy t\u00e9vedett, ugyanakkor megingathatatlanul k\u00e9pviseli az \u00e9rt\u00e9keit.<\/li>\n<li><i>Akt\u00edv hallgat\u00e1s:<\/i> Az emberek akkor \u00e9rzik, hogy fontosak, ha valaki t\u00e9nyleg odafigyel, visszak\u00e9rdez, \u00e9s meg\u00e9rti a mondanival\u00f3jukat. Ez alapozza meg a bizalmat.<\/li>\n<li><i>K\u00f6vetkezetess\u00e9g:<\/i> A szervezet tagjai figyelik, hogy szavaink \u00e9s tetteink \u00f6sszhangban vannak-e. Ha a kommunik\u00e1ci\u00f3nk elv\u00e1lik a gyakorlatt\u00f3l, elvesz\u00edtj\u00fck a hiteless\u00e9g\u00fcnket.<\/li>\n<\/ul>\n<\/li>\n<li><strong>Folyamatos tanul\u00e1sra val\u00f3 elk\u00f6telez\u0151d\u00e9s<\/strong>\n<ul>\n<li><i><a href=\"https:\/\/egercoach.hu\/blog\/hogyan-irjunk-hatekony-onreflexiot-utmutato-az-onismeret-fejlesztesehez\/\">\u00d6nreflexi\u00f3<\/a>:<\/i> Id\u0151r\u0151l id\u0151re \u00e9rdemes megvizsg\u00e1lni, milyen d\u00f6nt\u00e9seket hoztunk, hol rontottuk el, \u00e9s milyen tanuls\u00e1gokat nyerhet\u00fcnk ezekb\u0151l. Ez seg\u00edt abban, hogy ne ugyanazokat a hib\u00e1kat ism\u00e9telj\u00fck.<\/li>\n<li><i>T\u00f6bbf\u00e9le visszajelz\u00e9s integr\u00e1l\u00e1sa:<\/i> Nemcsak a felettesekt\u0151l vagy a k\u00f6zvetlen koll\u00e9g\u00e1kt\u00f3l j\u00f6v\u0151 v\u00e9lem\u00e9ny sz\u00e1m\u00edt. A partnerek, \u00fcgyfelek, s\u0151t a t\u00e1gabb k\u00f6z\u00f6ss\u00e9g v\u00e9lem\u00e9nye is sokat seg\u00edthet abban, hogy fejlessz\u00fck a vezet\u0151i k\u00e9pess\u00e9geinket.<\/li>\n<li><i>Ipar\u00e1gi trendek k\u00f6vet\u00e9se:<\/i> Nem el\u00e9g egy diploma vagy egy kor\u00e1bbi tapasztalat. A vil\u00e1g gyorsan v\u00e1ltozik, ez\u00e9rt a vezet\u0151nek is l\u00e9p\u00e9st kell tartania a legfrissebb trendekkel, technol\u00f3gi\u00e1kkal \u00e9s m\u00f3dszertanokkal.<\/li>\n<li><i>Sikerek \u00e9s kudarcok feldolgoz\u00e1sa:<\/i> A kudarc nem ellens\u00e9g, hanem a tanul\u00e1s egyik forr\u00e1sa. Ahogy a siker sem v\u00e9g\u00e1llom\u00e1s, hanem egy \u00e1llom\u00e1s a tov\u00e1bbfejl\u0151d\u00e9s \u00fatj\u00e1n. A diszrupci\u00f3korban az alkalmazkod\u00f3k\u00e9pess\u00e9g kulcsfontoss\u00e1g\u00fa.<\/li>\n<\/ul>\n<\/li>\n<li><strong>C\u00e9ltudatos, \u00e9rt\u00e9kalap\u00fa vezet\u00e9s<\/strong>\n<ul>\n<li><i>Az egy\u00e9ni \u00e9s a szervezeti c\u00e9lok \u00f6sszehangol\u00e1sa:<\/i> Az emberek sz\u00edvesebben \u00e9s hat\u00e9konyabban dolgoznak olyan c\u00e9lok\u00e9rt, amelyekkel azonosulni tudnak.<\/li>\n<li><i>\u00c9rtelmes munkak\u00f6rnyezet teremt\u00e9se:<\/i> Ha a csapat \u00e9rzi, hogy a munk\u00e1ja egy nagyobb j\u00f6v\u0151k\u00e9pbe illeszkedik, \u00e9s t\u00e1rsadalmilag, emberileg is fontos, motiv\u00e1ltabb lesz.<\/li>\n<li><i>Fenntarthat\u00f3 gondolkod\u00e1sm\u00f3d:<\/i> A gyors profit helyett egyre t\u00f6bben \u00e9rt\u00e9kelik a hossz\u00fa t\u00e1v\u00fa, k\u00f6rnyezeti \u00e9s t\u00e1rsadalmi hat\u00e1sokat is figyelembe vev\u0151 megk\u00f6zel\u00edt\u00e9st.<\/li>\n<li><i>\u00c9rt\u00e9kek melletti ki\u00e1ll\u00e1s:<\/i> Egy vezet\u0151nek nemcsak besz\u00e9lnie, hanem cselekednie is kell az \u00e9rt\u00e9kei ment\u00e9n. Amikor ezt a kett\u0151t \u00f6sszehangoljuk, a csapat h\u0171s\u00e9ge \u00e9s megbecs\u00fcl\u00e9se jelent\u0151sen megn\u0151.<\/li>\n<\/ul>\n<\/li>\n<\/ol>\n<h2>Hogyan kezdd el a vezet\u0151i \u00e1talakul\u00e1st?<\/h2>\n<p>Amikor ezeket a gondolatokat megosztottam Jonnal, l\u00e1ttam rajta, hogy elkezd derengeni benne egy \u00fajfajta hozz\u00e1\u00e1ll\u00e1s. Eddig a \u201emindent megcsin\u00e1lok helyesen\u201d volt a mott\u00f3ja, most viszont kezdte felismerni, hogy a vezet\u00e9s arr\u00f3l is sz\u00f3l, hogyan inspir\u00e1ljunk m\u00e1sokat, \u00e9s hogyan teremts\u00fcnk olyan k\u00f6rnyezetet, ahol a csapattagok ki tudj\u00e1k bontakoztatni a tehets\u00e9g\u00fcket. \u0150szint\u00e9n megk\u00e9rdezte: \u201eHol kezdjem? Mit csin\u00e1ljak m\u00e1sk\u00e9pp m\u00e1r ma?\u201d<\/p>\n<p>Erre azt mondtam neki, hogy a legels\u0151 l\u00e9p\u00e9s mindig egy bels\u0151 d\u00f6nt\u00e9s arr\u00f3l, hogy menedzserb\u0151l vezet\u0151v\u00e9 akar v\u00e1lni. Nem a poz\u00edci\u00f3, hanem a hozz\u00e1\u00e1ll\u00e1s sz\u00e1m\u00edt. Ha nem a folyamatokat, hanem az emberi potenci\u00e1lt tekintj\u00fck els\u0151dlegesnek, akkor minden tev\u00e9kenys\u00e9g\u00fcnk elkezd m\u00e1s megvil\u00e1g\u00edt\u00e1sba ker\u00fclni. M\u00e1r nem az lesz a l\u00e9nyeg, hogy kifog\u00e1stalanul kit\u00f6lts\u00fcnk egy Excel-t\u00e1bl\u00e1t, hanem hogy a k\u00f6r\u00fcl\u00f6tt\u00fcnk l\u00e9v\u0151 emberek fejl\u0151dni tudjanak, \u00e9s k\u00f6z\u00f6sen haladjunk egy magasabb rend\u0171 c\u00e9l fel\u00e9. Ez az a pillanat, amikor a \u201ediszrupci\u00f3ra felk\u00e9sz\u00edtett\u201d vezet\u00e9s val\u00f3di ir\u00e1nyt \u00e9s \u00e9rtelmet nyer.<\/p>\n<h2>L\u00e9p\u00e9sek a folyamatos vezet\u0151i fejl\u0151d\u00e9s \u00fatj\u00e1n<\/h2>\n<p>A vezet\u0151v\u00e9 v\u00e1l\u00e1s nem egy c\u00e9lvonal, amelyet egyszer \u00e1tl\u00e9p\u00fcnk, \u00e9s onnant\u00f3l kezdve h\u00e1trad\u0151lhet\u00fcnk. Sokkal ink\u00e1bb egy folyamat, amelyben nap mint nap fejl\u0151dn\u00fcnk kell. A mai vil\u00e1gban a v\u00e1ltoz\u00e1s folyamatos, ez\u00e9rt a tanul\u00e1s, az \u00f6nreflexi\u00f3 \u00e9s a nyitotts\u00e1g alapvet\u0151 k\u00f6vetelm\u00e9nny\u00e9 v\u00e1lt. \u00cdme n\u00e9h\u00e1ny \u00f6tlet, hogyan teheted ezt a folyamatot a mindennapok r\u00e9sz\u00e9v\u00e9:<\/p>\n<ol>\n<li><strong>Ki\u00e9rt\u00e9kel\u0151 napl\u00f3vezet\u00e9s<\/strong>\n<ul>\n<li>Napr\u00f3l napra le\u00edrhatod, milyen kih\u00edv\u00e1sokkal szembes\u00fclt\u00e9l vezet\u0151k\u00e9nt, \u00e9s hogyan oldottad meg \u0151ket.<\/li>\n<li>Egy-egy h\u00e9t vagy h\u00f3nap v\u00e9g\u00e9n visszatekintve r\u00e1l\u00e1t\u00e1st nyerhetsz arra, milyen mint\u00e1k ism\u00e9tl\u0151dnek, hol tudn\u00e1l m\u00e9g fejl\u0151dni.<\/li>\n<\/ul>\n<\/li>\n<li><strong>Visszajelz\u00e9sk\u00f6r\u00f6k szervez\u00e9se<\/strong>\n<ul>\n<li>K\u00e9rj rendszeresen visszajelz\u00e9st a csapatt\u00f3l vagy ak\u00e1r a feletteseidt\u0151l.<\/li>\n<li>Ne csak a hib\u00e1kat keresd, hanem a pozit\u00edvumokat is, hogy tudd, mi az, ami m\u00e1r most is j\u00f3l m\u0171k\u00f6dik.<\/li>\n<\/ul>\n<\/li>\n<li><strong>Mentor- \u00e9s coachkapcsolatok ki\u00e9p\u00edt\u00e9se<\/strong>\n<ul>\n<li>Egy tapasztalt mentor sokat seg\u00edthet abban, hogy megtal\u00e1ld a saj\u00e1t utad a vezet\u00e9sben.<\/li>\n<li>Coachk\u00e9nt \u00e9n magam is tapasztalom, mennyit ad egy k\u00fcls\u0151 szem, amely seg\u00edt r\u00e1l\u00e1tni az elakad\u00e1sainkra.<\/li>\n<\/ul>\n<\/li>\n<li><strong>Folyamatos k\u00e9pz\u00e9s \u00e9s inspir\u00e1ci\u00f3<\/strong>\n<ul>\n<li>\u00c9rdemes felkutatni szakmai f\u00f3rumokat, konferenci\u00e1kat, vezet\u0151i workshopokat.<\/li>\n<li>A r\u00f6videbb, 15-20 perces inspir\u00e1ci\u00f3s anyagok is adhatnak \u00faj n\u00e9z\u0151pontot, de a hosszabb, m\u00e9lyebb tanfolyamok be\u00e9p\u00fcl\u00e9se is rengeteget fejl\u0151d\u00e9st hozhat.<\/li>\n<\/ul>\n<\/li>\n<li><strong>Emberi kapcsolatok fejleszt\u00e9se<\/strong>\n<ul>\n<li>Ne feledd, a munkat\u00e1rsak nem csup\u00e1n er\u0151forr\u00e1sok. \u00c9rdemes megismerni a h\u00e1tter\u00fcket, v\u00e1gyaikat, mert \u00edgy sokkal szem\u00e9lyre szabottabban tudsz vel\u00fck egy\u00fctt dolgozni.<\/li>\n<li>A csapatkoh\u00e9zi\u00f3 \u00e1ltal\u00e1ban az apr\u00f3 gesztusokon m\u00falik: k\u00f6z\u00f6s reggelik, inform\u00e1lis besz\u00e9lget\u00e9sek, egy-egy elismer\u0151 sz\u00f3 sokszor t\u00f6bbet \u00e9r, mint a legdr\u00e1g\u00e1bb motiv\u00e1ci\u00f3s tr\u00e9ning.<\/li>\n<\/ul>\n<\/li>\n<\/ol>\n<h2>Mi\u00e9rt l\u00e9tfontoss\u00e1g\u00fa a j\u00f6v\u0151biztos szeml\u00e9let?<\/h2>\n<p>Tal\u00e1n felmer\u00fcl a k\u00e9rd\u00e9s, hogy mi\u00e9rt is fontos mindez, hiszen a v\u00e1llalatok sokszor m\u00e9g mindig a r\u00f6vid t\u00e1v\u00fa profitra f\u00f3kusz\u00e1lnak. A diszrupci\u00f3ra felk\u00e9sz\u00fclt vezet\u00e9s azonban \u00e9ppen arr\u00f3l sz\u00f3l, hogy el\u0151r\u00e9bb l\u00e1tunk a k\u00f6vetkez\u0151 negyed\u00e9ves jelent\u00e9sn\u00e9l. A gyors piaci v\u00e1ltoz\u00e1sok k\u00f6zepette azok a szervezetek maradnak talpon, amelyek k\u00e9pesek rugalmasan alkalmazkodni, gyorsan tanulni, \u00e9s folyamatosan meg\u00fajulni. Ehhez pedig olyan vezet\u0151k kellenek, akik nemcsak reag\u00e1lnak, hanem maguk is form\u00e1lj\u00e1k a k\u00f6rnyezetet, egy\u00fctt gondolkodva a csapattal.<\/p>\n<p>Amikor a dolgoz\u00f3k \u00fagy \u00e9rzik, hogy a vezet\u0151j\u00fck t\u00e9nyleg sz\u00e1m\u00edt r\u00e1juk, tiszteli \u0151ket, \u00e9s teret ad a kreativit\u00e1snak, akkor sokkal jobban elk\u00f6telez\u0151dnek a k\u00f6z\u00f6s c\u00e9lok ir\u00e1nt. Ez a fajta elk\u00f6telezetts\u00e9g a diszrupci\u00f3 idej\u00e9n rendk\u00edv\u00fcl fontos, hiszen ha a munkat\u00e1rsak nem csak betanult feladatokat v\u00e9geznek, hanem maguk\u00e9nak \u00e9rzik a folyamatokat, v\u00e1ratlan helyzetekben is k\u00e9pesek lesznek gyorsan reag\u00e1lni \u00e9s min\u0151s\u00e9gi megold\u00e1sokat ny\u00fajtani. A szervezet pedig nem esik sz\u00e9t az els\u0151 nagyobb v\u00e1ltoz\u00e1sn\u00e1l, hanem fejl\u0151d\u00e9sre haszn\u00e1lja azt.<\/p>\n<h2>Az els\u0151 l\u00e9p\u00e9s: egy r\u00f6vid strat\u00e9giai besz\u00e9lget\u00e9s<\/h2>\n<p>Ha mindez felkeltette az \u00e9rdekl\u0151d\u00e9sed, \u00e9s \u00fagy \u00e9rzed, k\u00e9szen \u00e1llsz, hogy kil\u00e9pj a puszta menedzsmentszerepb\u0151l, \u00e9s elkezdj val\u00f3di vezet\u0151k\u00e9nt m\u0171k\u00f6dni, akkor \u00f6r\u00f6mmel seg\u00edtek elindulni az \u00faton. Tapasztalataim szerint m\u00e1r egyetlen strat\u00e9giai besz\u00e9lget\u00e9s is \u00f3ri\u00e1si szeml\u00e9letv\u00e1ltoz\u00e1st hozhat, mert beind\u00edtja azt az \u00f6nreflexi\u00f3t, ami a fejl\u0151d\u00e9s motorja.<\/p>\n<p>Minden vezet\u0151i \u00fat egy kis l\u00e9p\u00e9ssel kezd\u0151dik, \u00e9s ez a l\u00e9p\u00e9s gyakran nem m\u00e1s, mint a sz\u00e1nd\u00e9k megfogalmaz\u00e1sa: \u201e\u00dagy akarok vezetni, hogy k\u00f6zben t\u00e1mogassam a csapatom emberi \u00e9s szakmai kibontakoz\u00e1s\u00e1t.\u201d Ez a mondat egyszerre hangs\u00falyozza a teljes\u00edtm\u00e9nyt \u00e9s az emberi t\u00e9nyez\u0151t. M\u00e1rpedig pont ez a kett\u0151 egy\u00fctt adja a j\u00f6v\u0151biztos, diszrupci\u00f3ra felk\u00e9sz\u00fclt vezet\u00e9s l\u00e9nyeg\u00e9t.<\/p>\n<h2>\u00d6sszegz\u00e9s<\/h2>\n<p>A 21. sz\u00e1zadot a gyors, sokszor kisz\u00e1m\u00edthatatlan v\u00e1ltoz\u00e1sok jellemzik, ami kihat minden v\u00e1llalatra \u00e9s minden munkak\u00f6rnyezetre. Az a \u201ebiztons\u00e1gos\u201d menedzsment, amely r\u00e9gebben tal\u00e1n el\u00e9g volt, ma m\u00e1r nem garant\u00e1lja a t\u00fal\u00e9l\u00e9st, pl\u00e1ne nem a sikert. A hossz\u00fa t\u00e1v\u00fa sikernek kulcsa, hogy a vezet\u0151 val\u00f3di v\u00edzi\u00f3t teremtsen, emberk\u00f6zpont\u00fa hozz\u00e1\u00e1ll\u00e1ssal \u00e9s folyamatos tanul\u00e1si k\u00e9szs\u00e9ggel. Ebben a modellben a szervezet tagjai t\u00f6bb\u00e9 nem g\u00e9pekk\u00e9nt funkcion\u00e1lnak, hanem kreat\u00edv, gondolkod\u00f3, \u00e9rz\u0151 emberekk\u00e9nt, akik egy\u00fctt, egym\u00e1s erej\u00e9t kieg\u00e9sz\u00edtve dolgoznak a k\u00f6z\u00f6s c\u00e9l\u00e9rt. Ez a fajta vezet\u00e9s k\u00e9pes a diszrupci\u00f3t nem v\u00e1ls\u00e1gk\u00e9nt, hanem fejl\u0151d\u00e9si lehet\u0151s\u00e9gk\u00e9nt kezelni.<\/p>\n<p>Visszatekintve a saj\u00e1t utamra, a legfontosabb tanuls\u00e1g az volt, hogy a bizony\u00edtv\u00e1nyok \u00e9s a teljes\u00edtm\u00e9ny\u00e9rt\u00e9kel\u00e9sek val\u00f3ban \u00e9rt\u00e9kesek, de csak akkor, ha m\u00f6g\u00f6tt\u00fck <i>emberi<\/i> hozz\u00e1\u00e1ll\u00e1s \u00e9s <i>val\u00f3di vezet\u0151i szeml\u00e9let<\/i> rejlik. Amikor r\u00e1j\u00f6ttem, hogy a \u201emenedzsel\u00e9s\u201d \u00f6nmag\u00e1ban nem tesz vezet\u0151v\u00e9, el\u0151sz\u00f6r ijeszt\u0151 volt, de egyben felszabad\u00edt\u00f3 is. Megny\u00edlt a lehet\u0151s\u00e9g, hogy m\u00e1s szinten tegyek hozz\u00e1 a munkat\u00e1rsak, a c\u00e9g \u00e9s saj\u00e1t magam fejl\u0151d\u00e9s\u00e9hez. Ez a felismer\u00e9s pedig \u00faj dimenzi\u00f3kba emelte a szakmai \u00e9letemet, \u00e9s azt is megmutatta, hogy milyen \u00f3ri\u00e1si er\u0151 rejlik abban, ha nem f\u00e9l\u00fcnk a diszrupci\u00f3t\u00f3l, hanem megtanulunk egy\u00fctt t\u00e1ncolni vele.<\/p>\n<p>Ha k\u00edv\u00e1ncsi vagy, hogyan is lehet mindezt a gyakorlatba \u00e1t\u00fcltetni a saj\u00e1t helyzetedben, \u00e9s szeretn\u00e9d elind\u00edtani a saj\u00e1t vezet\u0151i meg\u00fajul\u00e1sodat, sz\u00edvesen seg\u00edtek tov\u00e1bbi ir\u00e1nymutat\u00e1ssal. Els\u0151 l\u00e9p\u00e9sk\u00e9nt ak\u00e1r egy r\u00f6vid, 15 perces strat\u00e9giamegbesz\u00e9l\u00e9s is \u00f3ri\u00e1si v\u00e1ltoz\u00e1st hozhat, mert elkezd feloldani minden f\u00e9lelmet \u00e9s bizonytalans\u00e1got, ami eddig visszatartott t\u00e9ged a val\u00f3di vezet\u0151v\u00e9 v\u00e1l\u00e1st\u00f3l.<\/p>\n<p>Ne feledd: a vezet\u00e9s nem a t\u00f6k\u00e9letess\u00e9gr\u0151l sz\u00f3l, hanem a folyamatos halad\u00e1sr\u00f3l. Nincs olyan, hogy \u201ek\u00e9szen \u00e1llok\u201d \u00e9s \u201emost m\u00e1r t\u00f6k\u00e9letes vezet\u0151 vagyok\u201d. Van viszont \u00fat, amit napr\u00f3l napra j\u00e1runk, \u00e9s amin minden megtett l\u00e9p\u00e9s\u00fcnk k\u00f6zelebb visz ahhoz, hogy \u00f6nmagunk legjobb verzi\u00f3j\u00e1t ny\u00fajtsuk, \u00e9s ezzel m\u00e1sokat is inspir\u00e1ljunk a v\u00e1ltoz\u00e1sra. A diszrupci\u00f3ra felk\u00e9sz\u00fclt vezet\u0151 nem f\u00e9l a bizonytalans\u00e1gt\u00f3l, hanem megtanulja mozg\u00f3s\u00edtani a kreativit\u00e1st \u00e9s az emberi \u00f6sszefog\u00e1st, hogy a kih\u00edv\u00e1sokb\u00f3l lehet\u0151s\u00e9geket kov\u00e1csoljon. Ebben rejlik a j\u00f6v\u0151 vezet\u00e9s\u00e9nek l\u00e9nyege.<\/p>\n","protected":false},"excerpt":{"rendered":"<p>Amikor el\u0151sz\u00f6r hallottam azt a mondatot, hogy \u201eA menedzsment arr\u00f3l sz\u00f3l, hogy a dolgokat helyesen tessz\u00fck, a vezet\u00e9s pedig arr\u00f3l, hogy a helyes dolgokat tessz\u00fck\u201d, \u00fagy \u00e9reztem, mintha hirtelen reflektorf\u00e9nybe ker\u00fcltem volna. Egyetlen egyszer\u0171 gondolat m\u00e9gis mindent megk\u00e9rd\u0151jelezett, amit az addigi karrierem sor\u00e1n \u00e9p\u00edtettem. Ezzel a r\u00f6vid, de m\u00e9ly jelent\u00e9s\u0171 mondattal r\u00e1\u00e9bredtem: a saj\u00e1t gyakorlatomban&#8230;<\/p>\n","protected":false},"author":1,"featured_media":1103,"comment_status":"closed","ping_status":"open","sticky":false,"template":"","format":"standard","meta":{"footnotes":""},"categories":[34],"tags":[],"class_list":["post-1102","post","type-post","status-publish","format-standard","has-post-thumbnail","hentry","category-business-coaching-egerben"],"yoast_head":"<!-- This site is optimized with the Yoast SEO plugin v27.5 - https:\/\/yoast.com\/product\/yoast-seo-wordpress\/ -->\n<title>5 n\u00e9lk\u00fcl\u00f6zhetetlen k\u00e9szs\u00e9g a j\u00f6v\u0151biztos vezet\u00e9shez<\/title>\n<meta name=\"robots\" content=\"index, follow, max-snippet:-1, max-image-preview:large, max-video-preview:-1\" \/>\n<link rel=\"canonical\" href=\"https:\/\/egercoach.hu\/blog\/5-nelkulozhetetlen-keszseg-a-jovobiztos-vezeteshez\/\" \/>\n<meta property=\"og:locale\" content=\"hu_HU\" \/>\n<meta property=\"og:type\" content=\"article\" \/>\n<meta property=\"og:title\" content=\"5 n\u00e9lk\u00fcl\u00f6zhetetlen k\u00e9szs\u00e9g a j\u00f6v\u0151biztos vezet\u00e9shez\" \/>\n<meta property=\"og:description\" content=\"Amikor el\u0151sz\u00f6r hallottam azt a mondatot, hogy \u201eA menedzsment arr\u00f3l sz\u00f3l, hogy a dolgokat helyesen tessz\u00fck, a vezet\u00e9s pedig arr\u00f3l, hogy a helyes dolgokat tessz\u00fck\u201d, \u00fagy \u00e9reztem, mintha hirtelen reflektorf\u00e9nybe ker\u00fcltem volna. Egyetlen egyszer\u0171 gondolat m\u00e9gis mindent megk\u00e9rd\u0151jelezett, amit az addigi karrierem sor\u00e1n \u00e9p\u00edtettem. Ezzel a r\u00f6vid, de m\u00e9ly jelent\u00e9s\u0171 mondattal r\u00e1\u00e9bredtem: a saj\u00e1t gyakorlatomban...\" \/>\n<meta property=\"og:url\" content=\"https:\/\/egercoach.hu\/blog\/5-nelkulozhetetlen-keszseg-a-jovobiztos-vezeteshez\/\" \/>\n<meta property=\"og:site_name\" content=\"Az Egri Coach Blogja\" \/>\n<meta property=\"article:publisher\" content=\"https:\/\/www.facebook.com\/eger.coach\" \/>\n<meta property=\"article:published_time\" content=\"2025-06-02T08:31:18+00:00\" \/>\n<meta property=\"article:modified_time\" content=\"2025-06-02T08:45:56+00:00\" \/>\n<meta property=\"og:image\" content=\"https:\/\/egercoach.hu\/blog\/wp-content\/uploads\/2025\/06\/a-corporate-leader-listening-to-a-business-finance-team-in-a-crisis-mature-leader-works.jpg\" \/>\n\t<meta property=\"og:image:width\" content=\"1500\" \/>\n\t<meta property=\"og:image:height\" content=\"844\" \/>\n\t<meta property=\"og:image:type\" content=\"image\/jpeg\" \/>\n<meta name=\"author\" content=\"Dajka G\u00e1bor\" \/>\n<meta name=\"twitter:card\" content=\"summary_large_image\" \/>\n<meta name=\"twitter:label1\" content=\"Szerz\u0151:\" \/>\n\t<meta name=\"twitter:data1\" content=\"Dajka G\u00e1bor\" \/>\n\t<meta name=\"twitter:label2\" content=\"Becs\u00fclt olvas\u00e1si id\u0151\" \/>\n\t<meta name=\"twitter:data2\" content=\"13 perc\" \/>\n<script type=\"application\/ld+json\" class=\"yoast-schema-graph\">{\"@context\":\"https:\\\/\\\/schema.org\",\"@graph\":[{\"@type\":\"Article\",\"@id\":\"https:\\\/\\\/egercoach.hu\\\/blog\\\/5-nelkulozhetetlen-keszseg-a-jovobiztos-vezeteshez\\\/#article\",\"isPartOf\":{\"@id\":\"https:\\\/\\\/egercoach.hu\\\/blog\\\/5-nelkulozhetetlen-keszseg-a-jovobiztos-vezeteshez\\\/\"},\"author\":{\"name\":\"Dajka G\u00e1bor\",\"@id\":\"https:\\\/\\\/egercoach.hu\\\/blog\\\/#\\\/schema\\\/person\\\/afc73367aa314ca33a9c8d3b88dce6e7\"},\"headline\":\"5 n\u00e9lk\u00fcl\u00f6zhetetlen k\u00e9szs\u00e9g a j\u00f6v\u0151biztos vezet\u00e9shez\",\"datePublished\":\"2025-06-02T08:31:18+00:00\",\"dateModified\":\"2025-06-02T08:45:56+00:00\",\"mainEntityOfPage\":{\"@id\":\"https:\\\/\\\/egercoach.hu\\\/blog\\\/5-nelkulozhetetlen-keszseg-a-jovobiztos-vezeteshez\\\/\"},\"wordCount\":3379,\"publisher\":{\"@id\":\"https:\\\/\\\/egercoach.hu\\\/blog\\\/#organization\"},\"image\":{\"@id\":\"https:\\\/\\\/egercoach.hu\\\/blog\\\/5-nelkulozhetetlen-keszseg-a-jovobiztos-vezeteshez\\\/#primaryimage\"},\"thumbnailUrl\":\"https:\\\/\\\/egercoach.hu\\\/blog\\\/wp-content\\\/uploads\\\/2025\\\/06\\\/a-corporate-leader-listening-to-a-business-finance-team-in-a-crisis-mature-leader-works.jpg\",\"articleSection\":[\"Business coaching Egerben\"],\"inLanguage\":\"hu\"},{\"@type\":\"WebPage\",\"@id\":\"https:\\\/\\\/egercoach.hu\\\/blog\\\/5-nelkulozhetetlen-keszseg-a-jovobiztos-vezeteshez\\\/\",\"url\":\"https:\\\/\\\/egercoach.hu\\\/blog\\\/5-nelkulozhetetlen-keszseg-a-jovobiztos-vezeteshez\\\/\",\"name\":\"5 n\u00e9lk\u00fcl\u00f6zhetetlen k\u00e9szs\u00e9g a j\u00f6v\u0151biztos vezet\u00e9shez\",\"isPartOf\":{\"@id\":\"https:\\\/\\\/egercoach.hu\\\/blog\\\/#website\"},\"primaryImageOfPage\":{\"@id\":\"https:\\\/\\\/egercoach.hu\\\/blog\\\/5-nelkulozhetetlen-keszseg-a-jovobiztos-vezeteshez\\\/#primaryimage\"},\"image\":{\"@id\":\"https:\\\/\\\/egercoach.hu\\\/blog\\\/5-nelkulozhetetlen-keszseg-a-jovobiztos-vezeteshez\\\/#primaryimage\"},\"thumbnailUrl\":\"https:\\\/\\\/egercoach.hu\\\/blog\\\/wp-content\\\/uploads\\\/2025\\\/06\\\/a-corporate-leader-listening-to-a-business-finance-team-in-a-crisis-mature-leader-works.jpg\",\"datePublished\":\"2025-06-02T08:31:18+00:00\",\"dateModified\":\"2025-06-02T08:45:56+00:00\",\"breadcrumb\":{\"@id\":\"https:\\\/\\\/egercoach.hu\\\/blog\\\/5-nelkulozhetetlen-keszseg-a-jovobiztos-vezeteshez\\\/#breadcrumb\"},\"inLanguage\":\"hu\",\"potentialAction\":[{\"@type\":\"ReadAction\",\"target\":[\"https:\\\/\\\/egercoach.hu\\\/blog\\\/5-nelkulozhetetlen-keszseg-a-jovobiztos-vezeteshez\\\/\"]}]},{\"@type\":\"ImageObject\",\"inLanguage\":\"hu\",\"@id\":\"https:\\\/\\\/egercoach.hu\\\/blog\\\/5-nelkulozhetetlen-keszseg-a-jovobiztos-vezeteshez\\\/#primaryimage\",\"url\":\"https:\\\/\\\/egercoach.hu\\\/blog\\\/wp-content\\\/uploads\\\/2025\\\/06\\\/a-corporate-leader-listening-to-a-business-finance-team-in-a-crisis-mature-leader-works.jpg\",\"contentUrl\":\"https:\\\/\\\/egercoach.hu\\\/blog\\\/wp-content\\\/uploads\\\/2025\\\/06\\\/a-corporate-leader-listening-to-a-business-finance-team-in-a-crisis-mature-leader-works.jpg\",\"width\":1500,\"height\":844,\"caption\":\"A corporate leader listening to a business finance team in a crisis. Mature leader works\"},{\"@type\":\"BreadcrumbList\",\"@id\":\"https:\\\/\\\/egercoach.hu\\\/blog\\\/5-nelkulozhetetlen-keszseg-a-jovobiztos-vezeteshez\\\/#breadcrumb\",\"itemListElement\":[{\"@type\":\"ListItem\",\"position\":1,\"name\":\"Kezd\u0151lap\",\"item\":\"https:\\\/\\\/egercoach.hu\\\/blog\\\/\"},{\"@type\":\"ListItem\",\"position\":2,\"name\":\"5 n\u00e9lk\u00fcl\u00f6zhetetlen k\u00e9szs\u00e9g a j\u00f6v\u0151biztos vezet\u00e9shez\"}]},{\"@type\":\"WebSite\",\"@id\":\"https:\\\/\\\/egercoach.hu\\\/blog\\\/#website\",\"url\":\"https:\\\/\\\/egercoach.hu\\\/blog\\\/\",\"name\":\"Eger Coach Blog\",\"description\":\"\",\"publisher\":{\"@id\":\"https:\\\/\\\/egercoach.hu\\\/blog\\\/#organization\"},\"potentialAction\":[{\"@type\":\"SearchAction\",\"target\":{\"@type\":\"EntryPoint\",\"urlTemplate\":\"https:\\\/\\\/egercoach.hu\\\/blog\\\/?s={search_term_string}\"},\"query-input\":{\"@type\":\"PropertyValueSpecification\",\"valueRequired\":true,\"valueName\":\"search_term_string\"}}],\"inLanguage\":\"hu\"},{\"@type\":\"Organization\",\"@id\":\"https:\\\/\\\/egercoach.hu\\\/blog\\\/#organization\",\"name\":\"Eger Coach Blog\",\"url\":\"https:\\\/\\\/egercoach.hu\\\/blog\\\/\",\"logo\":{\"@type\":\"ImageObject\",\"inLanguage\":\"hu\",\"@id\":\"https:\\\/\\\/egercoach.hu\\\/blog\\\/#\\\/schema\\\/logo\\\/image\\\/\",\"url\":\"https:\\\/\\\/egercoach.hu\\\/blog\\\/wp-content\\\/uploads\\\/2025\\\/05\\\/cropped-Eger.png\",\"contentUrl\":\"https:\\\/\\\/egercoach.hu\\\/blog\\\/wp-content\\\/uploads\\\/2025\\\/05\\\/cropped-Eger.png\",\"width\":500,\"height\":169,\"caption\":\"Eger Coach Blog\"},\"image\":{\"@id\":\"https:\\\/\\\/egercoach.hu\\\/blog\\\/#\\\/schema\\\/logo\\\/image\\\/\"},\"sameAs\":[\"https:\\\/\\\/www.facebook.com\\\/eger.coach\"]},{\"@type\":\"Person\",\"@id\":\"https:\\\/\\\/egercoach.hu\\\/blog\\\/#\\\/schema\\\/person\\\/afc73367aa314ca33a9c8d3b88dce6e7\",\"name\":\"Dajka G\u00e1bor\",\"image\":{\"@type\":\"ImageObject\",\"inLanguage\":\"hu\",\"@id\":\"https:\\\/\\\/secure.gravatar.com\\\/avatar\\\/81566ea1e2b3466baa03e9bdcdaa835f58564d8be90057a45f3e61711dc8a063?s=96&d=mm&r=g\",\"url\":\"https:\\\/\\\/secure.gravatar.com\\\/avatar\\\/81566ea1e2b3466baa03e9bdcdaa835f58564d8be90057a45f3e61711dc8a063?s=96&d=mm&r=g\",\"contentUrl\":\"https:\\\/\\\/secure.gravatar.com\\\/avatar\\\/81566ea1e2b3466baa03e9bdcdaa835f58564d8be90057a45f3e61711dc8a063?s=96&d=mm&r=g\",\"caption\":\"Dajka G\u00e1bor\"},\"sameAs\":[\"https:\\\/\\\/egercoach.hu\\\/blog\"],\"url\":\"https:\\\/\\\/egercoach.hu\\\/blog\\\/author\\\/adminka\\\/\"}]}<\/script>\n<!-- \/ Yoast SEO plugin. -->","yoast_head_json":{"title":"5 n\u00e9lk\u00fcl\u00f6zhetetlen k\u00e9szs\u00e9g a j\u00f6v\u0151biztos vezet\u00e9shez","robots":{"index":"index","follow":"follow","max-snippet":"max-snippet:-1","max-image-preview":"max-image-preview:large","max-video-preview":"max-video-preview:-1"},"canonical":"https:\/\/egercoach.hu\/blog\/5-nelkulozhetetlen-keszseg-a-jovobiztos-vezeteshez\/","og_locale":"hu_HU","og_type":"article","og_title":"5 n\u00e9lk\u00fcl\u00f6zhetetlen k\u00e9szs\u00e9g a j\u00f6v\u0151biztos vezet\u00e9shez","og_description":"Amikor el\u0151sz\u00f6r hallottam azt a mondatot, hogy \u201eA menedzsment arr\u00f3l sz\u00f3l, hogy a dolgokat helyesen tessz\u00fck, a vezet\u00e9s pedig arr\u00f3l, hogy a helyes dolgokat tessz\u00fck\u201d, \u00fagy \u00e9reztem, mintha hirtelen reflektorf\u00e9nybe ker\u00fcltem volna. Egyetlen egyszer\u0171 gondolat m\u00e9gis mindent megk\u00e9rd\u0151jelezett, amit az addigi karrierem sor\u00e1n \u00e9p\u00edtettem. Ezzel a r\u00f6vid, de m\u00e9ly jelent\u00e9s\u0171 mondattal r\u00e1\u00e9bredtem: a saj\u00e1t gyakorlatomban...","og_url":"https:\/\/egercoach.hu\/blog\/5-nelkulozhetetlen-keszseg-a-jovobiztos-vezeteshez\/","og_site_name":"Az Egri Coach Blogja","article_publisher":"https:\/\/www.facebook.com\/eger.coach","article_published_time":"2025-06-02T08:31:18+00:00","article_modified_time":"2025-06-02T08:45:56+00:00","og_image":[{"width":1500,"height":844,"url":"https:\/\/egercoach.hu\/blog\/wp-content\/uploads\/2025\/06\/a-corporate-leader-listening-to-a-business-finance-team-in-a-crisis-mature-leader-works.jpg","type":"image\/jpeg"}],"author":"Dajka G\u00e1bor","twitter_card":"summary_large_image","twitter_misc":{"Szerz\u0151:":"Dajka G\u00e1bor","Becs\u00fclt olvas\u00e1si id\u0151":"13 perc"},"schema":{"@context":"https:\/\/schema.org","@graph":[{"@type":"Article","@id":"https:\/\/egercoach.hu\/blog\/5-nelkulozhetetlen-keszseg-a-jovobiztos-vezeteshez\/#article","isPartOf":{"@id":"https:\/\/egercoach.hu\/blog\/5-nelkulozhetetlen-keszseg-a-jovobiztos-vezeteshez\/"},"author":{"name":"Dajka G\u00e1bor","@id":"https:\/\/egercoach.hu\/blog\/#\/schema\/person\/afc73367aa314ca33a9c8d3b88dce6e7"},"headline":"5 n\u00e9lk\u00fcl\u00f6zhetetlen k\u00e9szs\u00e9g a j\u00f6v\u0151biztos vezet\u00e9shez","datePublished":"2025-06-02T08:31:18+00:00","dateModified":"2025-06-02T08:45:56+00:00","mainEntityOfPage":{"@id":"https:\/\/egercoach.hu\/blog\/5-nelkulozhetetlen-keszseg-a-jovobiztos-vezeteshez\/"},"wordCount":3379,"publisher":{"@id":"https:\/\/egercoach.hu\/blog\/#organization"},"image":{"@id":"https:\/\/egercoach.hu\/blog\/5-nelkulozhetetlen-keszseg-a-jovobiztos-vezeteshez\/#primaryimage"},"thumbnailUrl":"https:\/\/egercoach.hu\/blog\/wp-content\/uploads\/2025\/06\/a-corporate-leader-listening-to-a-business-finance-team-in-a-crisis-mature-leader-works.jpg","articleSection":["Business coaching Egerben"],"inLanguage":"hu"},{"@type":"WebPage","@id":"https:\/\/egercoach.hu\/blog\/5-nelkulozhetetlen-keszseg-a-jovobiztos-vezeteshez\/","url":"https:\/\/egercoach.hu\/blog\/5-nelkulozhetetlen-keszseg-a-jovobiztos-vezeteshez\/","name":"5 n\u00e9lk\u00fcl\u00f6zhetetlen k\u00e9szs\u00e9g a j\u00f6v\u0151biztos vezet\u00e9shez","isPartOf":{"@id":"https:\/\/egercoach.hu\/blog\/#website"},"primaryImageOfPage":{"@id":"https:\/\/egercoach.hu\/blog\/5-nelkulozhetetlen-keszseg-a-jovobiztos-vezeteshez\/#primaryimage"},"image":{"@id":"https:\/\/egercoach.hu\/blog\/5-nelkulozhetetlen-keszseg-a-jovobiztos-vezeteshez\/#primaryimage"},"thumbnailUrl":"https:\/\/egercoach.hu\/blog\/wp-content\/uploads\/2025\/06\/a-corporate-leader-listening-to-a-business-finance-team-in-a-crisis-mature-leader-works.jpg","datePublished":"2025-06-02T08:31:18+00:00","dateModified":"2025-06-02T08:45:56+00:00","breadcrumb":{"@id":"https:\/\/egercoach.hu\/blog\/5-nelkulozhetetlen-keszseg-a-jovobiztos-vezeteshez\/#breadcrumb"},"inLanguage":"hu","potentialAction":[{"@type":"ReadAction","target":["https:\/\/egercoach.hu\/blog\/5-nelkulozhetetlen-keszseg-a-jovobiztos-vezeteshez\/"]}]},{"@type":"ImageObject","inLanguage":"hu","@id":"https:\/\/egercoach.hu\/blog\/5-nelkulozhetetlen-keszseg-a-jovobiztos-vezeteshez\/#primaryimage","url":"https:\/\/egercoach.hu\/blog\/wp-content\/uploads\/2025\/06\/a-corporate-leader-listening-to-a-business-finance-team-in-a-crisis-mature-leader-works.jpg","contentUrl":"https:\/\/egercoach.hu\/blog\/wp-content\/uploads\/2025\/06\/a-corporate-leader-listening-to-a-business-finance-team-in-a-crisis-mature-leader-works.jpg","width":1500,"height":844,"caption":"A corporate leader listening to a business finance team in a crisis. Mature leader works"},{"@type":"BreadcrumbList","@id":"https:\/\/egercoach.hu\/blog\/5-nelkulozhetetlen-keszseg-a-jovobiztos-vezeteshez\/#breadcrumb","itemListElement":[{"@type":"ListItem","position":1,"name":"Kezd\u0151lap","item":"https:\/\/egercoach.hu\/blog\/"},{"@type":"ListItem","position":2,"name":"5 n\u00e9lk\u00fcl\u00f6zhetetlen k\u00e9szs\u00e9g a j\u00f6v\u0151biztos vezet\u00e9shez"}]},{"@type":"WebSite","@id":"https:\/\/egercoach.hu\/blog\/#website","url":"https:\/\/egercoach.hu\/blog\/","name":"Eger Coach Blog","description":"","publisher":{"@id":"https:\/\/egercoach.hu\/blog\/#organization"},"potentialAction":[{"@type":"SearchAction","target":{"@type":"EntryPoint","urlTemplate":"https:\/\/egercoach.hu\/blog\/?s={search_term_string}"},"query-input":{"@type":"PropertyValueSpecification","valueRequired":true,"valueName":"search_term_string"}}],"inLanguage":"hu"},{"@type":"Organization","@id":"https:\/\/egercoach.hu\/blog\/#organization","name":"Eger Coach Blog","url":"https:\/\/egercoach.hu\/blog\/","logo":{"@type":"ImageObject","inLanguage":"hu","@id":"https:\/\/egercoach.hu\/blog\/#\/schema\/logo\/image\/","url":"https:\/\/egercoach.hu\/blog\/wp-content\/uploads\/2025\/05\/cropped-Eger.png","contentUrl":"https:\/\/egercoach.hu\/blog\/wp-content\/uploads\/2025\/05\/cropped-Eger.png","width":500,"height":169,"caption":"Eger Coach Blog"},"image":{"@id":"https:\/\/egercoach.hu\/blog\/#\/schema\/logo\/image\/"},"sameAs":["https:\/\/www.facebook.com\/eger.coach"]},{"@type":"Person","@id":"https:\/\/egercoach.hu\/blog\/#\/schema\/person\/afc73367aa314ca33a9c8d3b88dce6e7","name":"Dajka G\u00e1bor","image":{"@type":"ImageObject","inLanguage":"hu","@id":"https:\/\/secure.gravatar.com\/avatar\/81566ea1e2b3466baa03e9bdcdaa835f58564d8be90057a45f3e61711dc8a063?s=96&d=mm&r=g","url":"https:\/\/secure.gravatar.com\/avatar\/81566ea1e2b3466baa03e9bdcdaa835f58564d8be90057a45f3e61711dc8a063?s=96&d=mm&r=g","contentUrl":"https:\/\/secure.gravatar.com\/avatar\/81566ea1e2b3466baa03e9bdcdaa835f58564d8be90057a45f3e61711dc8a063?s=96&d=mm&r=g","caption":"Dajka G\u00e1bor"},"sameAs":["https:\/\/egercoach.hu\/blog"],"url":"https:\/\/egercoach.hu\/blog\/author\/adminka\/"}]}},"_links":{"self":[{"href":"https:\/\/egercoach.hu\/blog\/wp-json\/wp\/v2\/posts\/1102","targetHints":{"allow":["GET"]}}],"collection":[{"href":"https:\/\/egercoach.hu\/blog\/wp-json\/wp\/v2\/posts"}],"about":[{"href":"https:\/\/egercoach.hu\/blog\/wp-json\/wp\/v2\/types\/post"}],"author":[{"embeddable":true,"href":"https:\/\/egercoach.hu\/blog\/wp-json\/wp\/v2\/users\/1"}],"replies":[{"embeddable":true,"href":"https:\/\/egercoach.hu\/blog\/wp-json\/wp\/v2\/comments?post=1102"}],"version-history":[{"count":0,"href":"https:\/\/egercoach.hu\/blog\/wp-json\/wp\/v2\/posts\/1102\/revisions"}],"wp:featuredmedia":[{"embeddable":true,"href":"https:\/\/egercoach.hu\/blog\/wp-json\/wp\/v2\/media\/1103"}],"wp:attachment":[{"href":"https:\/\/egercoach.hu\/blog\/wp-json\/wp\/v2\/media?parent=1102"}],"wp:term":[{"taxonomy":"category","embeddable":true,"href":"https:\/\/egercoach.hu\/blog\/wp-json\/wp\/v2\/categories?post=1102"},{"taxonomy":"post_tag","embeddable":true,"href":"https:\/\/egercoach.hu\/blog\/wp-json\/wp\/v2\/tags?post=1102"}],"curies":[{"name":"wp","href":"https:\/\/api.w.org\/{rel}","templated":true}]}}