{"id":1105,"date":"2025-06-02T10:59:47","date_gmt":"2025-06-02T08:59:47","guid":{"rendered":"https:\/\/egercoach.hu\/blog\/?p=1105"},"modified":"2025-06-02T10:59:47","modified_gmt":"2025-06-02T08:59:47","slug":"hogyan-kezeld-a-nehez-beszelgeteseket-vezetokent-tapasztalataim-tanulsagai","status":"publish","type":"post","link":"https:\/\/egercoach.hu\/blog\/hogyan-kezeld-a-nehez-beszelgeteseket-vezetokent-tapasztalataim-tanulsagai\/","title":{"rendered":"Hogyan kezeld a neh\u00e9z besz\u00e9lget\u00e9seket vezet\u0151k\u00e9nt: tapasztalataim tanuls\u00e1gai"},"content":{"rendered":"<p>Vezet\u0151k\u00e9nt az egyik legnagyobb kih\u00edv\u00e1s gyakran nem a strat\u00e9giaalkot\u00e1sban vagy a projekttervek meg\u00edr\u00e1s\u00e1ban rejlik, hanem abban, hogyan navig\u00e1ljuk azokat a bizonyos \u201ek\u00e9nyelmetlen\u201d vagy \u201eneh\u00e9z\u201d besz\u00e9lget\u00e9seket. \u00c9n magam is sz\u00e1mtalan alkalommal szembes\u00fcltem ezzel a kih\u00edv\u00e1ssal, legyen sz\u00f3 teljes\u00edtm\u00e9nyprobl\u00e9m\u00e1kr\u00f3l, munkahelyi konfliktusok kezel\u00e9s\u00e9r\u0151l, \u00e9rz\u00e9keny t\u00e9m\u00e1k megvitat\u00e1s\u00e1r\u00f3l, s\u0151t ak\u00e1r elbocs\u00e1t\u00e1sok bejelent\u00e9s\u00e9r\u0151l is. Meggy\u0151z\u0151d\u00e9sem, hogy a neh\u00e9z besz\u00e9lget\u00e9sek nem csup\u00e1n kellemetlen k\u00f6telez\u0151 k\u00f6r\u00f6k, hanem a vezet\u0151i l\u00e9t tal\u00e1n legfontosabb vizsgafeladatai: megmutatj\u00e1k, mennyire tudunk emp\u00e1ti\u00e1t, hiteless\u00e9get \u00e9s hat\u00e1rozotts\u00e1got gyakorolni egyszerre.<\/p>\n<h2>Mi\u00e9rt olyan kulcsfontoss\u00e1g\u00faak a neh\u00e9z besz\u00e9lget\u00e9sek?<\/h2>\n<p>Az \u00e9vek sor\u00e1n megtanultam, hogy a neh\u00e9z besz\u00e9lget\u00e9sek j\u00f3val t\u00f6bbek, mint puszt\u00e1n k\u00e9nyelmetlen eszmecser\u00e9k. A vezet\u0151i k\u00e9pess\u00e9geknek szinte minden eleme \u2013 az <i>\u00e9rzelmi intelligenci\u00e1t\u00f3l<\/i> a <i>konfliktuskezel\u00e9sen<\/i> \u00e1t a <i>csapatdinamika alak\u00edt\u00e1s\u00e1ig<\/i> \u2013 megmutatkozik ezekben a pillanatokban. Az al\u00e1bbiakban \u00f6sszegy\u0171jt\u00f6ttem n\u00e9h\u00e1ny megfigyel\u00e9semet arr\u00f3l, mi\u00e9rt is elker\u00fclhetetlen \u00e9s l\u00e9tfontoss\u00e1g\u00fa r\u00e9szei ezek a besz\u00e9lget\u00e9sek a vezet\u0151i szerepnek.<\/p>\n<p><strong>1. Bizalom \u00e9s \u00e1tl\u00e1that\u00f3s\u00e1g \u00e9p\u00edt\u00e9se<\/strong><br \/>\nHa egy vezet\u0151 ker\u00fcli a k\u00e9nyes t\u00e9m\u00e1kat, az sok esetben <i>bizalomveszt\u00e9shez<\/i> vezethet a csapatban. J\u00f3magam el\u0151sz\u00f6r akkor tapasztaltam ezt meg, amikor kezd\u0151 vezet\u0151k\u00e9nt hossz\u00fa ideig halogattam egy teljes\u00edtm\u00e9nyprobl\u00e9ma megbesz\u00e9l\u00e9s\u00e9t. Azt hittem, j\u00f3t teszek, ha nem \u201esz\u00f3lok bele\u201d a munkat\u00e1rs dolg\u00e1ba, de v\u00e9g\u00fcl kider\u00fclt, hogy a csapat t\u00f6bbi tagja m\u00e1r r\u00e9g\u00f3ta \u00e9szlelte a probl\u00e9m\u00e1t, \u00e9s t\u0151lem v\u00e1rt\u00e1k a megold\u00e1st. Amikor v\u00e9gre \u00f6ssze\u00fclt\u00fcnk, megk\u00f6nnyebb\u00fcl\u00e9st \u00e9s a bizalom meger\u0151s\u00f6d\u00e9s\u00e9t l\u00e1ttam a koll\u00e9g\u00e1imon. Mert ezzel azt \u00fczenj\u00fck: \u201eK\u00e9pes vagyok a neh\u00e9z helyzeteket is v\u00e1llalni, \u00e9s annyira tisztellek, hogy \u0151szint\u00e9n besz\u00e9lek veled.\u201d<\/p>\n<p><strong>2. Szem\u00e9lyes \u00e9s szakmai fejl\u0151d\u00e9s el\u0151seg\u00edt\u00e9se<\/strong><br \/>\nA tapasztalataim szerint a <i>konstrukt\u00edv visszajelz\u00e9sek<\/i> \u2013 ak\u00e1r pozit\u00edvak, ak\u00e1r negat\u00edvak \u2013 mindenki fejl\u0151d\u00e9s\u00e9hez l\u00e9tfontoss\u00e1g\u00faak. Senki sem szeret negat\u00edvumokkal szembes\u00fclni, de m\u00e9gis \u00f3ri\u00e1si \u00e9rt\u00e9k van abban, ha p\u00e9ld\u00e1ul r\u00e1vil\u00e1g\u00edtunk egy olyan munkav\u00e9gz\u00e9si hib\u00e1ra, amit a koll\u00e9ga maga nem is \u00e9szlel. Ez a folyamat persze vesz\u00e9lyeket is rejt: k\u00f6nny\u0171 \u00e1tcs\u00faszni a s\u00e9rt\u0151, b\u00e1nt\u00f3 vagy t\u00fals\u00e1gosan kem\u00e9ny hangnembe. \u00c1m ha j\u00f3 sz\u00e1nd\u00e9kkal, vil\u00e1gos p\u00e9ld\u00e1kkal \u00e9s t\u00e1mogat\u00f3i attit\u0171ddel j\u00e1runk el, a neh\u00e9z besz\u00e9lget\u00e9sek <i>gyors fejl\u0151d\u00e9si ugr\u00e1sokat<\/i> hozhatnak ak\u00e1r a teljes\u00edtm\u00e9ny, ak\u00e1r a munkahelyi kapcsolatok ter\u00e9n.<\/p>\n<p><strong>3. Megel\u0151zik a nagyobb konfliktusokat<\/strong><br \/>\nKezd\u0151 koromban azt is hajlamos voltam elk\u00f6vetni, hogy apr\u00f3bb konfliktusokat hagytam \u201emagukt\u00f3l\u201d rendez\u0151dni. Azt hittem, id\u0151vel minden lecsendesedik. Sokszor azonban a kisebb fesz\u00fclts\u00e9gek lassan, de biztosan <i>felduzzadnak<\/i>, \u00e9s komolyabb munkahelyi konfliktusokhoz vezetnek. Egy \u0151szinte, id\u0151ben megtartott besz\u00e9lget\u00e9s gyakran megel\u0151zi, hogy a helyzet elm\u00e9rgesedjen, \u00e9s v\u00e9g\u00fcl sokkal bonyolultabb probl\u00e9m\u00e1k robbanjanak ki, p\u00e9ld\u00e1ul a teljes csapat megoszt\u00e1sa vagy sorozatos kil\u00e9p\u00e9sek.<\/p>\n<p><strong>4. N\u00f6velik a vezet\u0151i hiteless\u00e9get<\/strong><br \/>\nEgy vezet\u0151 hitele nemcsak a szakmai hozz\u00e1\u00e9rt\u00e9s\u00e9n m\u00falik, hanem azon is, hogy <i>nem menek\u00fcl<\/i> a kellemetlen helyzetek el\u0151l, hanem k\u00e9pes azokat <i>felel\u0151sen kezelni<\/i>. Azok a vezet\u0151k, akik k\u00f6vetkezetesen kiker\u00fclik a kem\u00e9ny d\u00f6nt\u00e9seket \u00e9s a neh\u00e9z besz\u00e9lget\u00e9seket, el\u0151bb-ut\u00f3bb elvesz\u00edtik a csapat tisztelet\u00e9t. Ezzel szemben, ha merj\u00fck v\u00e1llalni a k\u00e9nyelmetlens\u00e9get, \u00e9s a csapat \u00e9rdekeit szem el\u0151tt tartva, de kell\u0151 emp\u00e1ti\u00e1val l\u00e9p\u00fcnk fel, az hossz\u00fa t\u00e1von meger\u0151s\u00edti a vezet\u0151i tekint\u00e9lyt.<\/p>\n<p><strong>5. Hozz\u00e1j\u00e1rulnak a szervezeti felel\u0151ss\u00e9gv\u00e1llal\u00e1shoz<\/strong><br \/>\nNeh\u00e9z besz\u00e9lget\u00e9sek sor\u00e1n sokszor \u00e9ppen az a t\u00e9t, hogy <i>valaki felel\u0151ss\u00e9get v\u00e1llaljon<\/i> a maga r\u00e9sz\u00e9r\u0151l. Ha egy munkat\u00e1rs sorozatosan elmarad a hat\u00e1rid\u0151kkel, \u00e9s ezt senki nem t\u00e1rja fel ny\u00edltan, akkor a probl\u00e9ma csak s\u00falyosbodik. Egy ilyen besz\u00e9lget\u00e9s c\u00e9lja lehet, hogy a munkav\u00e1llal\u00f3 elfogadja a hib\u00e1it, valamint a vezet\u0151 is megfogalmazza, mit v\u00e1r el a tov\u00e1bbiakban, hogyan lehet javul\u00e1st el\u00e9rni. Ez a folyamat val\u00f3j\u00e1ban a <i>felel\u0151ss\u00e9g<\/i> \u00e9s a <i>sz\u00e1monk\u00e9rhet\u0151s\u00e9g<\/i> kult\u00far\u00e1j\u00e1t er\u0151s\u00edti a szervezetben.<\/p>\n<h2>Gyakori, neh\u00e9z besz\u00e9lget\u00e9st ig\u00e9nyl\u0151 helyzetek \u00e9s a kezel\u00e9si strat\u00e9gi\u00e1im<\/h2>\n<p>Nem egyszer\u0171 \u00e1ltal\u00e1nos \u00e9rv\u00e9ny\u0171 szab\u00e1lyt alkotni, hiszen minden eset m\u00e1s \u00e9s m\u00e1s, r\u00e1ad\u00e1sul az emberi t\u00e9nyez\u0151 megj\u00f3solhatatlan. M\u00e9gis, az al\u00e1bbiakban \u00f6sszegy\u0171jt\u00f6ttem n\u00e9h\u00e1ny tipikus helyzetet, amellyel \u00fajra \u00e9s \u00fajra tal\u00e1lkoztam az \u00e9vek sor\u00e1n. Megpr\u00f3b\u00e1lom bemutatni, milyen m\u00f3dszerekkel k\u00e9sz\u00fcl\u00f6k \u00e9s kezelem ezeket.<\/p>\n<p><strong>1. Teljes\u00edtm\u00e9nybeli probl\u00e9m\u00e1k \u00e9s fejleszt\u0151 visszajelz\u00e9s<\/strong><br \/>\nEz tal\u00e1n a leggyakoribb neh\u00e9z besz\u00e9lget\u00e9si t\u00e9ma. Amikor arr\u00f3l van sz\u00f3, hogy egy munkat\u00e1rs tart\u00f3san elmarad a kit\u0171z\u00f6tt c\u00e9lokt\u00f3l, vagy a csapat hat\u00e9konys\u00e1g\u00e1t h\u00e1tr\u00e1ltatja, egy\u00e9rtelm\u0171en sz\u00f3lni kell. Sokan f\u00e9lnek ett\u0151l, mert att\u00f3l tartanak, hogy \u201e\u00f6sszet\u00f6rik\u201d a munkat\u00e1rs \u00f6nbizalm\u00e1t, vagy fesz\u00fclts\u00e9get gener\u00e1lnak a csapatban.<\/p>\n<ul>\n<li><i>Objekt\u00edv, konkr\u00e9tumokon alapul\u00f3 visszajelz\u00e9s:<\/i> Mindig p\u00e9ld\u00e1kon kereszt\u00fcl igyekszem bemutatni, hogy hol l\u00e1tszik a teljes\u00edtm\u00e9nyprobl\u00e9ma. P\u00e9ld\u00e1ul nem azt mondom, hogy \u201eRossz vagy a kommunik\u00e1ci\u00f3ban\u201d, hanem azt: \u201eAz elm\u00falt h\u00e1rom h\u00e9ten a napi riportokat nem k\u00fcldted ki id\u0151ben, ami megnehez\u00edtette a csapattagok munk\u00e1j\u00e1t.\u201d<\/li>\n<li><i>\u201eSzendvicsm\u00f3dszer\u201d alkalmaz\u00e1sa:<\/i> B\u00e1r sok helyen hallani, hogy ez m\u00e1r elcs\u00e9pelt, \u00e9n m\u00e9gis hat\u00e9konynak tartom: dics\u00e9rettel ind\u00edtani, ut\u00e1na r\u00e1t\u00e9rni a fejlesztend\u0151 ter\u00fcletre, majd pozit\u00edv vagy b\u00e1tor\u00edt\u00f3 lez\u00e1r\u00e1s. \u00cdgy a koll\u00e9g\u00e1nak nem csak kritik\u00e1t adunk, hanem egyben meger\u0151s\u00edt\u00e9st is, miben j\u00f3 m\u00e1r most, \u00e9s hol l\u00e1tjuk benne a potenci\u00e1lt.<\/li>\n<li><i>T\u00e1mogat\u00f3 hozz\u00e1\u00e1ll\u00e1s:<\/i> Ne csak r\u00e1mutassunk a hib\u00e1ra, hanem k\u00edn\u00e1ljunk fel seg\u00edts\u00e9get is. Lehet ez plusz oktat\u00e1s, mentoring, vagy ak\u00e1r a feladatok \u00e1talak\u00edt\u00e1sa \u00fagy, hogy jobban illeszkedjenek a munkat\u00e1rs er\u0151ss\u00e9geihez. Mindig felteszem a k\u00e9rd\u00e9st: \u201eMiben tudlak t\u00e1mogatni, hogy javuljon a teljes\u00edtm\u00e9nyed?\u201d<\/li>\n<\/ul>\n<p><strong>2. Munkahelyi konfliktus a csapattagok k\u00f6z\u00f6tt<\/strong><br \/>\nA bels\u0151 konfliktusok a lehet\u0151 leggyorsabban robbanthatnak sz\u00e9t egy j\u00f3l m\u0171k\u00f6d\u0151 csapatot. \u00c9n magam is t\u00f6bbsz\u00f6r szembes\u00fcltem olyan helyzetekkel, amikor k\u00e9t (vagy t\u00f6bb) koll\u00e9ga egym\u00e1st okolta, vagy \u00e9ppen szem\u00e9lyes ellent\u00e9tek miatt h\u00fazt\u00e1k a csapatmor\u00e1lt.<\/p>\n<ul>\n<li><i>P\u00e1rtatlan meghallgat\u00e1s:<\/i> \u00c1ltal\u00e1ban el\u0151sz\u00f6r k\u00fcl\u00f6n besz\u00e9lek a felekkel. Meghallgatom mindk\u00e9t n\u00e9z\u0151pontot an\u00e9lk\u00fcl, hogy \u00edt\u00e9letet mondan\u00e9k. Fontos, hogy mindannyian \u00e9rezz\u00e9k: semleges \u00e9s objekt\u00edv maradok.<\/li>\n<li><i>K\u00f6z\u00f6s c\u00e9lok hangs\u00falyoz\u00e1sa:<\/i> Gyakran seg\u00edt, ha arra terelem a besz\u00e9lget\u00e9st, hogy mindk\u00e9t f\u00e9l ugyanazt a projektc\u00e9lt szeretn\u00e9 el\u00e9rni, vagy ugyanazt a min\u0151s\u00e9get k\u00e9pviseln\u00e9. A k\u00f6z\u00f6s \u00e9rdekek tudatos\u00edt\u00e1sa cs\u00f6kkenti a szem\u00e9lyesked\u00e9st.<\/li>\n<li><i>Vil\u00e1gos j\u00e1t\u00e9kszab\u00e1lyok:<\/i> Ha a konfliktus abban gy\u00f6kerezik, hogy ki milyen feladatokat v\u00e9gez, vagy hogyan kommunik\u00e1lnak egym\u00e1ssal, fontos, hogy lefektess\u00fck a j\u00f6v\u0151beli m\u0171k\u00f6d\u00e9s kereteit. \u201e\u00cdgy \u00e9s \u00edgy fogtok egyeztetni, ilyen hat\u00e1rid\u0151kkel, \u00edgy j\u00e1rtok el, ha probl\u00e9m\u00e1t \u00e9szleltek\u2026\u201d Ezek a konkr\u00e9t meg\u00e1llapod\u00e1sok nagyban seg\u00edtenek, hogy ne \u00fajuljon ki a visz\u00e1ly.<\/li>\n<\/ul>\n<p><strong>3. Viselked\u00e9sbeli, hozz\u00e1\u00e1ll\u00e1sbeli probl\u00e9m\u00e1k megvitat\u00e1sa<\/strong><br \/>\nEgy k\u00fcl\u00f6n\u00f6sen k\u00e9nyes ter\u00fclet az, amikor nem els\u0151sorban a teljes\u00edtm\u00e9ny, hanem <i>a munkat\u00e1rs viselked\u00e9se<\/i> okoz gondot. Ide tartozhat a folyamatos negativit\u00e1s, a tiszteletlen hangnem, a t\u00falzott ellen\u00e1ll\u00e1s a v\u00e1ltoz\u00e1sokkal szemben vagy ak\u00e1r a \u201ekiskir\u00e1lykod\u00e1s\u201d a csapatban.<\/p>\n<ul>\n<li><i>Diszkr\u00e9t, n\u00e9gyszemk\u00f6zti besz\u00e9lget\u00e9s:<\/i> Nagyon fontos, hogy ilyenkor ne a k\u00f6z\u00f6s meeting el\u0151tt \u201epir\u00edtsunk r\u00e1\u201d az illet\u0151re, mert az csak sz\u00e9gyent \u00e9s ellen\u00e1ll\u00e1st sz\u00fcl.<\/li>\n<li><i>F\u00f3kusz a viselked\u00e9s hat\u00e1s\u00e1n:<\/i> Nem azt mondom, hogy \u201eTe vagy negat\u00edv\u201d, hanem azt, hogy \u201eA folyamatos negat\u00edv megjegyz\u00e9seid visszafogj\u00e1k a csapat motiv\u00e1ci\u00f3j\u00e1t, \u00e9s sokszor f\u00e9lnek felv\u00e1llalni az \u00f6tleteiket.\u201d \u00cdgy kev\u00e9sb\u00e9 t\u00e1mad\u00f3nak \u00e9s ink\u00e1bb t\u00e9nyk\u00f6zpont\u00fanak t\u0171nik az \u00fczenet.<\/li>\n<li><i>K\u00f6z\u00f6s megold\u00e1skeres\u00e9s:<\/i> N\u00e9ha kider\u00fcl, hogy a destrukt\u00edv viselked\u00e9s h\u00e1tter\u00e9ben szem\u00e9lyes probl\u00e9m\u00e1k vagy munkahelyi frusztr\u00e1ci\u00f3 \u00e1ll. Megpr\u00f3b\u00e1lom felt\u00e1rni, mi lehet a \u201eval\u00f3di\u201d ok, \u00e9s hogyan lehet ezt megoldani, p\u00e9ld\u00e1ul m\u00e1s feladatk\u00f6r, rugalmasabb munkarend vagy egyszer\u0171en csak t\u00f6bb vezet\u0151i t\u00e1mogat\u00e1s form\u00e1j\u00e1ban.<\/li>\n<\/ul>\n<p><strong>4. Elbocs\u00e1t\u00e1sok vagy l\u00e9tsz\u00e1mle\u00e9p\u00edt\u00e9s bejelent\u00e9se<\/strong><br \/>\nKev\u00e9s ann\u00e1l nehezebb helyzet van, mint amikor valakit az \u00e1ll\u00e1s\u00e1b\u00f3l kell elbocs\u00e1tani. Ez \u00e9rzelmileg megterhel\u0151 mindk\u00e9t f\u00e9l sz\u00e1m\u00e1ra. \u00c9n sz\u00e1mos alkalommal voltam ilyen helyzetben, \u00e9s mindig nagy hangs\u00falyt fektettem arra, hogy emberileg is korrekten j\u00e1rjak el.<\/p>\n<ul>\n<li><i>K\u00f6zvetlens\u00e9g \u00e9s egy\u00fctt\u00e9rz\u00e9s:<\/i> Ker\u00fcl\u00f6m a hossz\u00fa mell\u00e9besz\u00e9l\u00e9st \u00e9s a t\u00falcicom\u00e1zott magyar\u00e1zatokat. K\u00f6zl\u00f6m a t\u00e9nyeket, ugyanakkor kifejezem, hogy meg\u00e9rtem, mennyire neh\u00e9z ez a helyzet.<\/li>\n<li><i>Indokl\u00e1s, de nem sz\u00fcks\u00e9gtelen r\u00e9szletek:<\/i> Ha v\u00e1llalati \u00e1tszervez\u00e9sr\u0151l van sz\u00f3, r\u00f6viden elmondom, mi\u00e9rt volt sz\u00fcks\u00e9g erre a l\u00e9p\u00e9sre. Ugyanakkor nem akarok f\u00f6l\u00f6slegesen \u00fajrafelid\u00e9zni minden kor\u00e1bbi konfliktust vagy teljes\u00edtm\u00e9nyhi\u00e1nyt, f\u0151leg, ha m\u00e1r a d\u00f6nt\u00e9s megsz\u00fcletett.<\/li>\n<li><i>T\u00e1mogat\u00e1s a j\u00f6v\u0151re n\u00e9zve:<\/i> Megpr\u00f3b\u00e1lok seg\u00edteni, amennyire lehet, p\u00e9ld\u00e1ul referencialevelet adok, vagy javaslok szakmai kapcsolatokat. A l\u00e9nyeg, hogy az \u00e9rintett \u00e9rezze, nem \u201eler\u00e1ztam\u201d, hanem embersz\u00e1mba veszem a t\u00e1voz\u00e1sa ut\u00e1n is.<\/li>\n<\/ul>\n<p><strong>5. V\u00e1rva v\u00e1rt el\u0151l\u00e9ptet\u00e9sek \u00e9s b\u00e9remel\u00e9sek elutas\u00edt\u00e1sa<\/strong><br \/>\nSokszor az is neh\u00e9z besz\u00e9lget\u00e9s, amikor valaki <i>nem kapja meg<\/i> a v\u00e1rt el\u0151l\u00e9ptet\u00e9st vagy fizet\u00e9semel\u00e9st. Ez k\u00fcl\u00f6n\u00f6sen akkor k\u00e9nyes, ha a munkat\u00e1rs meggy\u0151z\u0151d\u00e9se szerint teljesen jogos az ig\u00e9nye.<\/p>\n<ul>\n<li><i>\u0150szinte, tiszteletteljes hangnem:<\/i> El\u0151sz\u00f6r is elismerem a koll\u00e9ga eddigi munk\u00e1j\u00e1t, er\u0151fesz\u00edt\u00e9seit. Nem bagatelliz\u00e1lom, hogy mennyit tett le az asztalra.<\/li>\n<li><i>K\u00f6z\u00e9rthet\u0151 indokl\u00e1s:<\/i> R\u00f6viden \u00e9s vil\u00e1gosan kifejtem, mi\u00e9rt nem most ker\u00fclt sor az el\u0151l\u00e9ptet\u00e9sre. Lehet, hogy a k\u00f6lts\u00e9gvet\u00e9s nem teszi lehet\u0151v\u00e9, vagy m\u00e9g nem teljesen \u00e9rett meg az \u00faj poz\u00edci\u00f3ra. A l\u00e9nyeg, hogy ne maradjon a munkav\u00e1llal\u00f3ban hom\u00e1lyos s\u00e9relem.<\/li>\n<li><i>J\u00f6v\u0151beli lehet\u0151s\u00e9g felv\u00e1zol\u00e1sa:<\/i> Igyekszem felaj\u00e1nlani, hogy amint v\u00e1ltozik a helyzet (p\u00e9ld\u00e1ul a v\u00e1llalati b\u00fcdzs\u00e9 vagy a projektstrukt\u00fara), \u00fajra\u00e9rt\u00e9kelj\u00fck a helyzetet. Emellett igyekszem megmutatni, milyen k\u00e9szs\u00e9geket kell fejleszteni ahhoz, hogy a k\u00f6vetkez\u0151 alkalommal m\u00e1r ne legyen akad\u00e1ly.<\/li>\n<\/ul>\n<p><strong>6. Szem\u00e9lyes probl\u00e9m\u00e1k, amelyek befoly\u00e1solj\u00e1k a munk\u00e1t<\/strong><br \/>\nEl\u0151fordul, hogy a dolgoz\u00f3 mag\u00e1n\u00e9leti gondokkal k\u00fczd (betegs\u00e9g, csal\u00e1di kr\u00edzis, anyagi neh\u00e9zs\u00e9gek), \u00e9s ez rontja a teljes\u00edtm\u00e9ny\u00e9t vagy a munkahelyi jelenl\u00e9t\u00e9t. Ezeket a besz\u00e9lget\u00e9seket tal\u00e1n a legnehezebb megnyitni, hiszen a priv\u00e1t szf\u00e9ra \u00e9s a munkak\u00f6rnyezet hat\u00e1rai hom\u00e1lyoss\u00e1 v\u00e1lnak.<\/p>\n<ul>\n<li><i>Empatikus megk\u00f6zel\u00edt\u00e9s:<\/i> Nagyon fontos, hogy a koll\u00e9ga \u00e9rezze: nem kritiz\u00e1lni akarjuk, hanem seg\u00edteni. \u201eL\u00e1tom, hogy nehezebb id\u0151szakon m\u00e9sz kereszt\u00fcl. Szeretn\u00e9k besz\u00e9lni arr\u00f3l, hogyan tudunk ebben t\u00e1mogatni.\u201d<\/li>\n<li><i>Rugalmas megold\u00e1sok felaj\u00e1nl\u00e1sa:<\/i> Ha lehets\u00e9ges, felaj\u00e1nlok egy \u00e1tmeneti rugalmas munkaid\u0151t, home office-t vagy szabadnapokat. Ez mutatja, hogy a vezet\u0151 \u00e9s a szervezet is \u00e9rz\u00e9keny a munkav\u00e1llal\u00f3 emberi helyzet\u00e9re.<\/li>\n<li><i>Professzion\u00e1lis hat\u00e1rok fenntart\u00e1sa:<\/i> Ugyanakkor fontos, hogy ne menj\u00fcnk t\u00fal m\u00e9lyen bele a mag\u00e1n\u00e9leti r\u00e9szletekbe, ha az a koll\u00e9g\u00e1nak k\u00e9nyelmetlen. Mi els\u0151sorban abban vagyunk \u00e9rdekeltek, hogy a munkak\u00f6r\u00e9t hogyan tudja teljes\u00edteni, mik\u00f6zben meg\u0151rizz\u00fck a tiszteletet a szem\u00e9lyes szf\u00e9ra ir\u00e1nt.<\/li>\n<\/ul>\n<h2>Hogyan k\u00e9sz\u00fcl\u00f6k \u00e9s hogyan viselkedem a neh\u00e9z besz\u00e9lget\u00e9sek sor\u00e1n?<\/h2>\n<p>F\u00fcggetlen\u00fcl att\u00f3l, hogy milyen t\u00edpusr\u00f3l van sz\u00f3, van n\u00e9h\u00e1ny alapelvem, amelyeket igyekszem minden alkalommal betartani, mert sokszorosan igazolta \u0151ket a tapasztalat.<\/p>\n<ol>\n<li><strong>Alapos felk\u00e9sz\u00fcl\u00e9s<\/strong><br \/>\nMindig \u00e1tgondolom el\u0151re, pontosan mit akarok mondani. V\u00e9giggondolom a t\u00e9nyeket, adatokat, p\u00e9ld\u00e1kat, \u00e9s elk\u00e9pzelem, milyen reakci\u00f3k \u00e9rkezhetnek a m\u00e1sik oldalr\u00f3l. Ha el\u0151re felm\u00e9rem a lehets\u00e9ges forgat\u00f3k\u00f6nyveket, sokkal nagyobb nyugalommal tudok belemenni a helyzetbe.<\/li>\n<li><strong>Megfelel\u0151 id\u0151 \u00e9s hely kiv\u00e1laszt\u00e1sa<\/strong><br \/>\nIgyekszem nyugodt k\u00f6rnyezetet teremteni, \u00e9s id\u0151t hagyni a besz\u00e9lget\u00e9sre. Semmik\u00e9pp sem szeretn\u00e9k ilyesmit egy folyos\u00f3n, menet k\u00f6zben elint\u00e9zni, vagy \u00fagy, hogy csak 5 percem van r\u00e1. Ezek a besz\u00e9lget\u00e9sek tiszteletet \u00e9rdemelnek, \u00e9s egy fesz\u00fclts\u00e9gekkel teli, zajos k\u00f6rnyezet csak rontan\u00e1 az es\u00e9lyeket az \u0151szinte p\u00e1rbesz\u00e9dre.<\/li>\n<li><strong>Nyugodt, kiegyens\u00falyozott hozz\u00e1\u00e1ll\u00e1s<\/strong><br \/>\nA saj\u00e1t \u00e9rzelmeimet is kontroll\u00e1lom. Nem szabad elvesz\u00edteni a t\u00fcrelmet vagy t\u00falzottan belemenni a szem\u00e9lyes aspektusokba, mert azzal azonnal megv\u00e1ltozik a hangulat. Ha \u00e9rzem, hogy valami\u00e9rt inger\u00fclt vagyok, ink\u00e1bb veszek egy nagy leveg\u0151t, vagy elhalasztom kicsit a besz\u00e9lget\u00e9st, hogy higgadt fejjel tudjak belemenni.<\/li>\n<li><strong>Emp\u00e1tia \u00e9s hat\u00e1rozotts\u00e1g egyens\u00falya<\/strong><br \/>\nR\u00e9gen sokszor hib\u00e1ztam abban, hogy t\u00falzottan \u201ekem\u00e9nykez\u0171\u201d akartam lenni, vagy \u00e9pp ellenkez\u0151leg, annyira meg akartam k\u00edm\u00e9lni a m\u00e1sikat, hogy v\u00e9g\u00fcl nem j\u00f6tt \u00e1t a l\u00e9nyeg. Az \u00e9vek sor\u00e1n megtanultam, hogy <i>egy\u00fctt\u00e9rz\u00e9ssel, de hat\u00e1rozottan<\/i> kell megfogalmazni az elv\u00e1r\u00e1sokat. Ez az egyens\u00faly a hiteles \u00e9s embers\u00e9ges vezet\u00e9s z\u00e1loga.<\/li>\n<li><strong>Megold\u00e1sorient\u00e1lts\u00e1g, j\u00f6v\u0151be mutat\u00f3 szeml\u00e9let<\/strong><br \/>\nTerm\u00e9szetesen a m\u00faltb\u00e9li esem\u00e9nyek is fontosak, de a besz\u00e9lget\u00e9s f\u0151 ir\u00e1ny\u00e1t ink\u00e1bb a <i>k\u00f6vetkez\u0151 l\u00e9p\u00e9sekre<\/i> helyezem: mit fogunk m\u00e1sk\u00e9pp csin\u00e1lni holnapt\u00f3l, milyen id\u0151keretben m\u00e9rj\u00fck a v\u00e1ltoz\u00e1st, \u00e9s kinek milyen felel\u0151ss\u00e9ge lesz ebben?<\/li>\n<\/ol>\n<h2>A neh\u00e9z besz\u00e9lget\u00e9sek hossz\u00fa t\u00e1v\u00fa hat\u00e1sai<\/h2>\n<p>Kor\u00e1bban gyakran rettegtem az ilyen szitu\u00e1ci\u00f3kt\u00f3l, mintha valami elker\u00fclhetetlen \u00e9s borzaszt\u00f3 dolog lenne. Ma m\u00e1r l\u00e1tom, hogy b\u00e1r sosem lesznek k\u00e9nyelmesek, a <i>kellemetlens\u00e9g\u00fck<\/i> mellett <i>rengeteg \u00e9rt\u00e9ket<\/i> is teremthetnek a szervezetben \u00e9s a vezet\u0151i szerepemben.<\/p>\n<p><strong>Nagyobb k\u00f6lcs\u00f6n\u00f6s bizalom:<\/strong> Az a csapat, amely megtapasztalja, hogy a vezet\u0151 ny\u00edltan \u00e9s \u0151szint\u00e9n kezeli a neh\u00e9z helyzeteket, nagyobb es\u00e9llyel mer maga is felvetni probl\u00e9m\u00e1kat \u00e9s k\u00e9rd\u00e9seket. Ez a felsz\u00ednre hozatal sokkal jobb, mint ha mindenki a sz\u0151nyeg al\u00e1 s\u00f6p\u00f6rn\u00e9 a gondokat.<\/p>\n<p><strong>Gyorsabb fejl\u0151d\u00e9s \u00e9s tanul\u00e1s:<\/strong> A konstrukt\u00edv visszajelz\u00e9sek \u00e9s a k\u00f6z\u00f6sen keresett megold\u00e1sok meggyors\u00edtj\u00e1k a tanul\u00e1si folyamatot. Egy neh\u00e9z besz\u00e9lget\u00e9s sor\u00e1n olyan felismer\u00e9sek sz\u00fclethetnek, amelyekkel ak\u00e1r \u00e9vekig tart\u00f3 \u201em\u00f3kusker\u00e9k\u201d folyamatokat is lebontunk.<\/p>\n<p><strong>Eredm\u00e9nyesebb szervezeti kult\u00fara:<\/strong> Amikor vil\u00e1gos, hogy a vezet\u0151 nem f\u00e9l a konfliktusokt\u00f3l, egyben azt is jelzi, hogy <i>nem hagyja<\/i> a probl\u00e9m\u00e1kat eszkal\u00e1l\u00f3dni. Ez el\u0151bb-ut\u00f3bb olyan v\u00e1llalati kult\u00far\u00e1t alak\u00edt ki, ahol a ny\u00edlt p\u00e1rbesz\u00e9d, a k\u00f6vetkezetes sz\u00e1monk\u00e9r\u00e9s \u00e9s a v\u00e1ltoz\u00e1sra val\u00f3 nyitotts\u00e1g lesz az alap.<\/p>\n<p><strong>Hossz\u00fa t\u00e1v\u00fa hiteless\u00e9g \u00e9s elk\u00f6telezetts\u00e9g:<\/strong> A csapattagok jobban megb\u00edznak egy olyan vezet\u0151ben, aki \u201eszembe mer n\u00e9zni\u201d a probl\u00e9m\u00e1kkal \u00e9s fair m\u00f3don kezeli azokat. Ez a fajta vezet\u00e9s el\u0151seg\u00edti a dolgoz\u00f3i lojalit\u00e1st \u00e9s az alacsonyabb fluktu\u00e1ci\u00f3t, mert az emberek \u00e9rzik, hogy egy stabil, megb\u00edzhat\u00f3, m\u00e9gis emberk\u00f6zeli szeml\u00e9lettel tal\u00e1lkoznak nap mint nap.<\/p>\n<h2>Neh\u00e9z besz\u00e9lget\u00e9sek mint tanul\u00e1si lehet\u0151s\u00e9g<\/h2>\n<p>Sokan \u00fagy tekintenek ezekre a szitu\u00e1ci\u00f3kra, mint egy k\u00e9nyszer\u0171, kellemetlen proced\u00far\u00e1ra. \u00c9n azonban azt tapasztaltam, hogy <i>ezek a besz\u00e9lget\u00e9sek nekem is fejl\u0151d\u00e9si lehet\u0151s\u00e9get adnak<\/i>. Minden egyes alkalommal finom\u00edtok a kommunik\u00e1ci\u00f3s technik\u00e1mon, jobban meg\u00e9rtem a koll\u00e9g\u00e1k motiv\u00e1ci\u00f3it, \u00e9s megtanulok rugalmasabban reag\u00e1lni. Ezzel magam is jobb vezet\u0151v\u00e9 v\u00e1lok, hiszen a vezet\u00e9s nem statikus \u00e1llapot, hanem folyamatos \u00f6nreflexi\u00f3t \u00e9s tanul\u00e1st k\u00edv\u00e1n.<\/p>\n<p>A legnehezebb besz\u00e9lget\u00e9sek gyakran hoznak felsz\u00ednre olyan rejtett fesz\u00fclts\u00e9geket, hi\u00e1nyoss\u00e1gokat, vagy \u00e9ppen fejleszt\u00e9si ter\u00fcleteket a csapat m\u0171k\u00f6d\u00e9s\u00e9ben, amelyeket addig nem is vett\u00fcnk \u00e9szre. Ez\u00e9rt igyekszem ezeket a helyzeteket nem csup\u00e1n \u201et\u0171zolt\u00e1sk\u00e9nt\u201d felfogni, hanem egyfajta <i>diagnosztikai eszk\u00f6zk\u00e9nt<\/i> is: kider\u00fcl, hogy hol van sz\u00fcks\u00e9g \u00faj folyamatokra, kommunik\u00e1ci\u00f3s strukt\u00far\u00e1ra, szervezeti \u00e1tszervez\u00e9sre vagy ak\u00e1r kult\u00farav\u00e1lt\u00e1sra.<\/p>\n<h2>\u00d6sszefoglal\u00f3 gondolat: a b\u00e1tors\u00e1g \u00e9s a r\u00e9szv\u00e9t k\u00e9z a k\u00e9zben j\u00e1r<\/h2>\n<p>Az igazi vezet\u0151i er\u0151 abban \u00e1ll, hogy mind a <b>b\u00e1tors\u00e1g<\/b>, mind az <b>egy\u00fctt\u00e9rz\u00e9s<\/b> megnyilv\u00e1nul besz\u00e9d\u00fcnkben \u00e9s d\u00f6nt\u00e9seinkben. A neh\u00e9z besz\u00e9lget\u00e9sek pontosan az a terep, ahol ezt a k\u00e9t \u00e9rt\u00e9ket legink\u00e1bb pr\u00f3b\u00e1ra tessz\u00fck: <i>merj\u00fck kimondani<\/i> a negat\u00edvumokat, a kritik\u00e1t, a kem\u00e9ny t\u00e9nyeket, de k\u00f6zben <i>nem felejtj\u00fck el<\/i>, hogy emberekkel kommunik\u00e1lunk, akiknek \u00e9rz\u00e9sei, f\u00e9lelmei, rem\u00e9nyei vannak. A megfelel\u0151 ar\u00e1ny megtal\u00e1l\u00e1sa ebben a kett\u0151s\u00e9gben teszi a vezet\u0151t tiszteletrem\u00e9lt\u00f3v\u00e1 \u00e9s <i>emberk\u00f6zeliv\u00e9<\/i> egyszerre.<\/p>\n<p>Term\u00e9szetesen nem \u00e1ll\u00edtom, hogy minden helyzetet t\u00f6k\u00e9letesen meg lehet oldani. Vannak emberek, akiket nagyon neh\u00e9z bevonni egy k\u00f6z\u00f6s megold\u00e1skeres\u00e9sbe, \u00e9s vannak szervezeti korl\u00e1tok, amelyek miatt szinte lehetetlen ide\u00e1lis kimenetelt garant\u00e1lni. De ha vezet\u0151k\u00e9nt mi legal\u00e1bb arra t\u00f6reksz\u00fcnk, hogy <i>emelt f\u0151vel<\/i> \u00e9s <i>nyitott sz\u00edvvel<\/i> \u00e1lljunk bele ezekbe a besz\u00e9lget\u00e9sekbe, m\u00e1ris hatalmas l\u00e9p\u00e9st tett\u00fcnk afel\u00e9, hogy a csapatunk val\u00f3di bizalommal \u00e9s tisztelettel n\u00e9zzen r\u00e1nk.<\/p>\n<blockquote><p><i>\u201eA vezet\u00e9s nem a neh\u00e9z pillanatok kiker\u00fcl\u00e9s\u00e9t jelenti, hanem azt, hogy ezen pillanatokban is k\u00e9pesek vagyunk embers\u00e9ggel, hat\u00e1rozotts\u00e1ggal \u00e9s b\u00f6lcsess\u00e9ggel d\u00f6nteni.\u201d<\/i><\/p><\/blockquote>\n<h2>K\u00e9szen \u00e1llsz a k\u00f6vetkez\u0151 l\u00e9p\u00e9sre a vezet\u0151i \u00e1talakul\u00e1sodban?<\/h2>\n<p>Ha \u00fagy \u00e9rzed, hogy a \u201eneh\u00e9z besz\u00e9lget\u00e9sek\u201d a legnagyobb kih\u00edv\u00e1st jelentik a vezet\u0151i feladataidban, vagy szeretn\u00e9l m\u00e9g magabiztosabb\u00e1 v\u00e1lni abban, hogyan ford\u00edthatod ezeket a szitu\u00e1ci\u00f3kat <b>pozit\u00edv v\u00e1ltoz\u00e1ss\u00e1<\/b> saj\u00e1t csapatod \u00e9s a szervezeted \u00e9let\u00e9ben, \u00f6r\u00f6mmel k\u00edn\u00e1lok egy <i>virtu\u00e1lis k\u00e1v\u00e9s tal\u00e1lkoz\u00f3t<\/i>. Ennek keret\u00e9ben megosztan\u00e9k veled egy olyan n\u00e9gyl\u00e9p\u00e9ses gyakorlati keretrendszert, amely <i>szem\u00e9lyre szabhat\u00f3<\/i> b\u00e1rmilyen neh\u00e9z besz\u00e9lget\u00e9sre, legyen sz\u00f3 teljes\u00edtm\u00e9nyr\u0151l, konfliktuskezel\u00e9sr\u0151l vagy ak\u00e1r elbocs\u00e1t\u00e1sr\u00f3l.<\/p>\n<p><b>Mi t\u00f6rt\u00e9nik egy ilyen ingyenes virtu\u00e1lis k\u00e1v\u00e9 alkalm\u00e1val?<\/b><\/p>\n<ul>\n<li>Megbesz\u00e9lj\u00fck a jelenlegi legnagyobb vezet\u0151i kih\u00edv\u00e1saidat<\/li>\n<li>\u00c1ttekintj\u00fck, mely besz\u00e9lget\u00e9st\u00edpusokat tal\u00e1lod a legnehezebbnek<\/li>\n<li>Bemutatom a n\u00e9gyl\u00e9p\u00e9ses keretrendszert, amely t\u00e1mpontot ad a felk\u00e9sz\u00fcl\u00e9sre, a megfelel\u0151 hangnem megtal\u00e1l\u00e1s\u00e1ra \u00e9s a megold\u00e1sorient\u00e1lt lez\u00e1r\u00e1sra<\/li>\n<li>Megv\u00e1laszolom azonnali k\u00e9rd\u00e9seidet, k\u00e9telyeidet<\/li>\n<\/ul>\n<p><strong>Ne engedd, hogy a k\u00f6vetkez\u0151 neh\u00e9z besz\u00e9lget\u00e9s is v\u00e1ratlanul \u00e9rjen!<\/strong> El\u0151zd meg a fesz\u00fclts\u00e9get \u00e9s a hossz\u00fa t\u00e1v\u00fa bizalomveszt\u00e9st. A felk\u00e9sz\u00fclts\u00e9g \u00e9s a tudatos vezet\u0151i strat\u00e9gia k\u00e9pes arra, hogy a legnehezebb szitu\u00e1ci\u00f3kat is \u00e1talak\u00edtsa <i>\u00e9p\u00edt\u0151<\/i> \u00e9s <i>motiv\u00e1l\u00f3<\/i> tapasztal\u00e1ss\u00e1. A vezet\u00e9s ugyanis nem abban nyilv\u00e1nul meg, hogy mindig k\u00f6nny\u0171 helyzetekbe ker\u00fcl\u00fcnk, hanem abban, hogy a legkomplexebb kih\u00edv\u00e1sok k\u00f6zepette is <i>tisztess\u00e9ggel \u00e9s profizmussal<\/i> j\u00e1runk el.<\/p>\n<p><strong>Foglalj id\u0151pontot m\u00e9g ma a d\u00edjmentes virtu\u00e1lis k\u00e1v\u00e9nkra<\/strong>, \u00e9s ismerd meg, hogyan teheted magadat \u00e9s a csapatodat ellen\u00e1ll\u00f3bb\u00e1, \u0151szint\u00e9bb\u00e9 \u00e9s hat\u00e9konyabb\u00e1 minden helyzetben. Ne feledd: a neh\u00e9z besz\u00e9lget\u00e9sek nem az ellens\u00e9geid \u2013 sokkal ink\u00e1bb lehet\u0151s\u00e9gek a fejl\u0151d\u00e9sre, a k\u00f6lcs\u00f6n\u00f6s meg\u00e9rt\u00e9s elm\u00e9ly\u00edt\u00e9s\u00e9re \u00e9s a vezet\u0151i hiteless\u00e9g n\u00f6vel\u00e9s\u00e9re. Min\u00e9l jobban felk\u00e9sz\u00fclsz r\u00e1juk, ann\u00e1l ink\u00e1bb azt fogod tapasztalni, hogy ak\u00e1r egy egy\u00e9bk\u00e9nt fesz\u00fclt szitu\u00e1ci\u00f3b\u00f3l is meger\u0151s\u00f6dve ker\u00fcl ki a csapat \u00e9s te magad is mint vezet\u0151. A d\u00f6nt\u00e9s a te kezedben van: l\u00e9pj szintet a kommunik\u00e1ci\u00f3 \u00e9s a vezet\u00e9s ter\u00e9n!<\/p>\n","protected":false},"excerpt":{"rendered":"<p>Vezet\u0151k\u00e9nt az egyik legnagyobb kih\u00edv\u00e1s gyakran nem a strat\u00e9giaalkot\u00e1sban vagy a projekttervek meg\u00edr\u00e1s\u00e1ban rejlik, hanem abban, hogyan navig\u00e1ljuk azokat a bizonyos \u201ek\u00e9nyelmetlen\u201d vagy \u201eneh\u00e9z\u201d besz\u00e9lget\u00e9seket. \u00c9n magam is sz\u00e1mtalan alkalommal szembes\u00fcltem ezzel a kih\u00edv\u00e1ssal, legyen sz\u00f3 teljes\u00edtm\u00e9nyprobl\u00e9m\u00e1kr\u00f3l, munkahelyi konfliktusok kezel\u00e9s\u00e9r\u0151l, \u00e9rz\u00e9keny t\u00e9m\u00e1k megvitat\u00e1s\u00e1r\u00f3l, s\u0151t ak\u00e1r elbocs\u00e1t\u00e1sok bejelent\u00e9s\u00e9r\u0151l is. Meggy\u0151z\u0151d\u00e9sem, hogy a neh\u00e9z besz\u00e9lget\u00e9sek nem csup\u00e1n&#8230;<\/p>\n","protected":false},"author":1,"featured_media":1106,"comment_status":"closed","ping_status":"open","sticky":false,"template":"","format":"standard","meta":{"footnotes":""},"categories":[34],"tags":[],"class_list":["post-1105","post","type-post","status-publish","format-standard","has-post-thumbnail","hentry","category-business-coaching-egerben"],"yoast_head":"<!-- This site is optimized with the Yoast SEO plugin v27.5 - https:\/\/yoast.com\/product\/yoast-seo-wordpress\/ -->\n<title>Hogyan kezeld a neh\u00e9z besz\u00e9lget\u00e9seket vezet\u0151k\u00e9nt?<\/title>\n<meta name=\"robots\" content=\"index, follow, max-snippet:-1, max-image-preview:large, max-video-preview:-1\" \/>\n<link rel=\"canonical\" href=\"https:\/\/egercoach.hu\/blog\/hogyan-kezeld-a-nehez-beszelgeteseket-vezetokent-tapasztalataim-tanulsagai\/\" \/>\n<meta property=\"og:locale\" content=\"hu_HU\" \/>\n<meta property=\"og:type\" content=\"article\" \/>\n<meta property=\"og:title\" content=\"Hogyan kezeld a neh\u00e9z besz\u00e9lget\u00e9seket vezet\u0151k\u00e9nt?\" \/>\n<meta property=\"og:description\" content=\"Vezet\u0151k\u00e9nt az egyik legnagyobb kih\u00edv\u00e1s gyakran nem a strat\u00e9giaalkot\u00e1sban vagy a projekttervek meg\u00edr\u00e1s\u00e1ban rejlik, hanem abban, hogyan navig\u00e1ljuk azokat a bizonyos \u201ek\u00e9nyelmetlen\u201d vagy \u201eneh\u00e9z\u201d besz\u00e9lget\u00e9seket. \u00c9n magam is sz\u00e1mtalan alkalommal szembes\u00fcltem ezzel a kih\u00edv\u00e1ssal, legyen sz\u00f3 teljes\u00edtm\u00e9nyprobl\u00e9m\u00e1kr\u00f3l, munkahelyi konfliktusok kezel\u00e9s\u00e9r\u0151l, \u00e9rz\u00e9keny t\u00e9m\u00e1k megvitat\u00e1s\u00e1r\u00f3l, s\u0151t ak\u00e1r elbocs\u00e1t\u00e1sok bejelent\u00e9s\u00e9r\u0151l is. Meggy\u0151z\u0151d\u00e9sem, hogy a neh\u00e9z besz\u00e9lget\u00e9sek nem csup\u00e1n...\" \/>\n<meta property=\"og:url\" content=\"https:\/\/egercoach.hu\/blog\/hogyan-kezeld-a-nehez-beszelgeteseket-vezetokent-tapasztalataim-tanulsagai\/\" \/>\n<meta property=\"og:site_name\" content=\"Az Egri Coach Blogja\" \/>\n<meta property=\"article:publisher\" content=\"https:\/\/www.facebook.com\/eger.coach\" \/>\n<meta property=\"article:published_time\" content=\"2025-06-02T08:59:47+00:00\" \/>\n<meta property=\"og:image\" content=\"https:\/\/egercoach.hu\/blog\/wp-content\/uploads\/2025\/06\/team-leader-organizing-work-in-an-office.jpg\" \/>\n\t<meta property=\"og:image:width\" content=\"1500\" \/>\n\t<meta property=\"og:image:height\" content=\"860\" \/>\n\t<meta property=\"og:image:type\" content=\"image\/jpeg\" \/>\n<meta name=\"author\" content=\"Dajka G\u00e1bor\" \/>\n<meta name=\"twitter:card\" content=\"summary_large_image\" \/>\n<meta name=\"twitter:label1\" content=\"Szerz\u0151:\" \/>\n\t<meta name=\"twitter:data1\" content=\"Dajka G\u00e1bor\" \/>\n\t<meta name=\"twitter:label2\" content=\"Becs\u00fclt olvas\u00e1si id\u0151\" \/>\n\t<meta name=\"twitter:data2\" content=\"14 perc\" \/>\n<script type=\"application\/ld+json\" class=\"yoast-schema-graph\">{\"@context\":\"https:\\\/\\\/schema.org\",\"@graph\":[{\"@type\":\"Article\",\"@id\":\"https:\\\/\\\/egercoach.hu\\\/blog\\\/hogyan-kezeld-a-nehez-beszelgeteseket-vezetokent-tapasztalataim-tanulsagai\\\/#article\",\"isPartOf\":{\"@id\":\"https:\\\/\\\/egercoach.hu\\\/blog\\\/hogyan-kezeld-a-nehez-beszelgeteseket-vezetokent-tapasztalataim-tanulsagai\\\/\"},\"author\":{\"name\":\"Dajka G\u00e1bor\",\"@id\":\"https:\\\/\\\/egercoach.hu\\\/blog\\\/#\\\/schema\\\/person\\\/afc73367aa314ca33a9c8d3b88dce6e7\"},\"headline\":\"Hogyan kezeld a neh\u00e9z besz\u00e9lget\u00e9seket vezet\u0151k\u00e9nt: tapasztalataim tanuls\u00e1gai\",\"datePublished\":\"2025-06-02T08:59:47+00:00\",\"mainEntityOfPage\":{\"@id\":\"https:\\\/\\\/egercoach.hu\\\/blog\\\/hogyan-kezeld-a-nehez-beszelgeteseket-vezetokent-tapasztalataim-tanulsagai\\\/\"},\"wordCount\":3814,\"publisher\":{\"@id\":\"https:\\\/\\\/egercoach.hu\\\/blog\\\/#organization\"},\"image\":{\"@id\":\"https:\\\/\\\/egercoach.hu\\\/blog\\\/hogyan-kezeld-a-nehez-beszelgeteseket-vezetokent-tapasztalataim-tanulsagai\\\/#primaryimage\"},\"thumbnailUrl\":\"https:\\\/\\\/egercoach.hu\\\/blog\\\/wp-content\\\/uploads\\\/2025\\\/06\\\/team-leader-organizing-work-in-an-office.jpg\",\"articleSection\":[\"Business coaching Egerben\"],\"inLanguage\":\"hu\"},{\"@type\":\"WebPage\",\"@id\":\"https:\\\/\\\/egercoach.hu\\\/blog\\\/hogyan-kezeld-a-nehez-beszelgeteseket-vezetokent-tapasztalataim-tanulsagai\\\/\",\"url\":\"https:\\\/\\\/egercoach.hu\\\/blog\\\/hogyan-kezeld-a-nehez-beszelgeteseket-vezetokent-tapasztalataim-tanulsagai\\\/\",\"name\":\"Hogyan kezeld a neh\u00e9z besz\u00e9lget\u00e9seket vezet\u0151k\u00e9nt?\",\"isPartOf\":{\"@id\":\"https:\\\/\\\/egercoach.hu\\\/blog\\\/#website\"},\"primaryImageOfPage\":{\"@id\":\"https:\\\/\\\/egercoach.hu\\\/blog\\\/hogyan-kezeld-a-nehez-beszelgeteseket-vezetokent-tapasztalataim-tanulsagai\\\/#primaryimage\"},\"image\":{\"@id\":\"https:\\\/\\\/egercoach.hu\\\/blog\\\/hogyan-kezeld-a-nehez-beszelgeteseket-vezetokent-tapasztalataim-tanulsagai\\\/#primaryimage\"},\"thumbnailUrl\":\"https:\\\/\\\/egercoach.hu\\\/blog\\\/wp-content\\\/uploads\\\/2025\\\/06\\\/team-leader-organizing-work-in-an-office.jpg\",\"datePublished\":\"2025-06-02T08:59:47+00:00\",\"breadcrumb\":{\"@id\":\"https:\\\/\\\/egercoach.hu\\\/blog\\\/hogyan-kezeld-a-nehez-beszelgeteseket-vezetokent-tapasztalataim-tanulsagai\\\/#breadcrumb\"},\"inLanguage\":\"hu\",\"potentialAction\":[{\"@type\":\"ReadAction\",\"target\":[\"https:\\\/\\\/egercoach.hu\\\/blog\\\/hogyan-kezeld-a-nehez-beszelgeteseket-vezetokent-tapasztalataim-tanulsagai\\\/\"]}]},{\"@type\":\"ImageObject\",\"inLanguage\":\"hu\",\"@id\":\"https:\\\/\\\/egercoach.hu\\\/blog\\\/hogyan-kezeld-a-nehez-beszelgeteseket-vezetokent-tapasztalataim-tanulsagai\\\/#primaryimage\",\"url\":\"https:\\\/\\\/egercoach.hu\\\/blog\\\/wp-content\\\/uploads\\\/2025\\\/06\\\/team-leader-organizing-work-in-an-office.jpg\",\"contentUrl\":\"https:\\\/\\\/egercoach.hu\\\/blog\\\/wp-content\\\/uploads\\\/2025\\\/06\\\/team-leader-organizing-work-in-an-office.jpg\",\"width\":1500,\"height\":860,\"caption\":\"Team leader organizing work in an office\"},{\"@type\":\"BreadcrumbList\",\"@id\":\"https:\\\/\\\/egercoach.hu\\\/blog\\\/hogyan-kezeld-a-nehez-beszelgeteseket-vezetokent-tapasztalataim-tanulsagai\\\/#breadcrumb\",\"itemListElement\":[{\"@type\":\"ListItem\",\"position\":1,\"name\":\"Kezd\u0151lap\",\"item\":\"https:\\\/\\\/egercoach.hu\\\/blog\\\/\"},{\"@type\":\"ListItem\",\"position\":2,\"name\":\"Hogyan kezeld a neh\u00e9z besz\u00e9lget\u00e9seket vezet\u0151k\u00e9nt: tapasztalataim tanuls\u00e1gai\"}]},{\"@type\":\"WebSite\",\"@id\":\"https:\\\/\\\/egercoach.hu\\\/blog\\\/#website\",\"url\":\"https:\\\/\\\/egercoach.hu\\\/blog\\\/\",\"name\":\"Eger Coach Blog\",\"description\":\"\",\"publisher\":{\"@id\":\"https:\\\/\\\/egercoach.hu\\\/blog\\\/#organization\"},\"potentialAction\":[{\"@type\":\"SearchAction\",\"target\":{\"@type\":\"EntryPoint\",\"urlTemplate\":\"https:\\\/\\\/egercoach.hu\\\/blog\\\/?s={search_term_string}\"},\"query-input\":{\"@type\":\"PropertyValueSpecification\",\"valueRequired\":true,\"valueName\":\"search_term_string\"}}],\"inLanguage\":\"hu\"},{\"@type\":\"Organization\",\"@id\":\"https:\\\/\\\/egercoach.hu\\\/blog\\\/#organization\",\"name\":\"Eger Coach Blog\",\"url\":\"https:\\\/\\\/egercoach.hu\\\/blog\\\/\",\"logo\":{\"@type\":\"ImageObject\",\"inLanguage\":\"hu\",\"@id\":\"https:\\\/\\\/egercoach.hu\\\/blog\\\/#\\\/schema\\\/logo\\\/image\\\/\",\"url\":\"https:\\\/\\\/egercoach.hu\\\/blog\\\/wp-content\\\/uploads\\\/2025\\\/05\\\/cropped-Eger.png\",\"contentUrl\":\"https:\\\/\\\/egercoach.hu\\\/blog\\\/wp-content\\\/uploads\\\/2025\\\/05\\\/cropped-Eger.png\",\"width\":500,\"height\":169,\"caption\":\"Eger Coach Blog\"},\"image\":{\"@id\":\"https:\\\/\\\/egercoach.hu\\\/blog\\\/#\\\/schema\\\/logo\\\/image\\\/\"},\"sameAs\":[\"https:\\\/\\\/www.facebook.com\\\/eger.coach\"]},{\"@type\":\"Person\",\"@id\":\"https:\\\/\\\/egercoach.hu\\\/blog\\\/#\\\/schema\\\/person\\\/afc73367aa314ca33a9c8d3b88dce6e7\",\"name\":\"Dajka G\u00e1bor\",\"image\":{\"@type\":\"ImageObject\",\"inLanguage\":\"hu\",\"@id\":\"https:\\\/\\\/secure.gravatar.com\\\/avatar\\\/81566ea1e2b3466baa03e9bdcdaa835f58564d8be90057a45f3e61711dc8a063?s=96&d=mm&r=g\",\"url\":\"https:\\\/\\\/secure.gravatar.com\\\/avatar\\\/81566ea1e2b3466baa03e9bdcdaa835f58564d8be90057a45f3e61711dc8a063?s=96&d=mm&r=g\",\"contentUrl\":\"https:\\\/\\\/secure.gravatar.com\\\/avatar\\\/81566ea1e2b3466baa03e9bdcdaa835f58564d8be90057a45f3e61711dc8a063?s=96&d=mm&r=g\",\"caption\":\"Dajka G\u00e1bor\"},\"sameAs\":[\"https:\\\/\\\/egercoach.hu\\\/blog\"],\"url\":\"https:\\\/\\\/egercoach.hu\\\/blog\\\/author\\\/adminka\\\/\"}]}<\/script>\n<!-- \/ Yoast SEO plugin. -->","yoast_head_json":{"title":"Hogyan kezeld a neh\u00e9z besz\u00e9lget\u00e9seket vezet\u0151k\u00e9nt?","robots":{"index":"index","follow":"follow","max-snippet":"max-snippet:-1","max-image-preview":"max-image-preview:large","max-video-preview":"max-video-preview:-1"},"canonical":"https:\/\/egercoach.hu\/blog\/hogyan-kezeld-a-nehez-beszelgeteseket-vezetokent-tapasztalataim-tanulsagai\/","og_locale":"hu_HU","og_type":"article","og_title":"Hogyan kezeld a neh\u00e9z besz\u00e9lget\u00e9seket vezet\u0151k\u00e9nt?","og_description":"Vezet\u0151k\u00e9nt az egyik legnagyobb kih\u00edv\u00e1s gyakran nem a strat\u00e9giaalkot\u00e1sban vagy a projekttervek meg\u00edr\u00e1s\u00e1ban rejlik, hanem abban, hogyan navig\u00e1ljuk azokat a bizonyos \u201ek\u00e9nyelmetlen\u201d vagy \u201eneh\u00e9z\u201d besz\u00e9lget\u00e9seket. \u00c9n magam is sz\u00e1mtalan alkalommal szembes\u00fcltem ezzel a kih\u00edv\u00e1ssal, legyen sz\u00f3 teljes\u00edtm\u00e9nyprobl\u00e9m\u00e1kr\u00f3l, munkahelyi konfliktusok kezel\u00e9s\u00e9r\u0151l, \u00e9rz\u00e9keny t\u00e9m\u00e1k megvitat\u00e1s\u00e1r\u00f3l, s\u0151t ak\u00e1r elbocs\u00e1t\u00e1sok bejelent\u00e9s\u00e9r\u0151l is. Meggy\u0151z\u0151d\u00e9sem, hogy a neh\u00e9z besz\u00e9lget\u00e9sek nem csup\u00e1n...","og_url":"https:\/\/egercoach.hu\/blog\/hogyan-kezeld-a-nehez-beszelgeteseket-vezetokent-tapasztalataim-tanulsagai\/","og_site_name":"Az Egri Coach Blogja","article_publisher":"https:\/\/www.facebook.com\/eger.coach","article_published_time":"2025-06-02T08:59:47+00:00","og_image":[{"width":1500,"height":860,"url":"https:\/\/egercoach.hu\/blog\/wp-content\/uploads\/2025\/06\/team-leader-organizing-work-in-an-office.jpg","type":"image\/jpeg"}],"author":"Dajka G\u00e1bor","twitter_card":"summary_large_image","twitter_misc":{"Szerz\u0151:":"Dajka G\u00e1bor","Becs\u00fclt olvas\u00e1si id\u0151":"14 perc"},"schema":{"@context":"https:\/\/schema.org","@graph":[{"@type":"Article","@id":"https:\/\/egercoach.hu\/blog\/hogyan-kezeld-a-nehez-beszelgeteseket-vezetokent-tapasztalataim-tanulsagai\/#article","isPartOf":{"@id":"https:\/\/egercoach.hu\/blog\/hogyan-kezeld-a-nehez-beszelgeteseket-vezetokent-tapasztalataim-tanulsagai\/"},"author":{"name":"Dajka G\u00e1bor","@id":"https:\/\/egercoach.hu\/blog\/#\/schema\/person\/afc73367aa314ca33a9c8d3b88dce6e7"},"headline":"Hogyan kezeld a neh\u00e9z besz\u00e9lget\u00e9seket vezet\u0151k\u00e9nt: tapasztalataim tanuls\u00e1gai","datePublished":"2025-06-02T08:59:47+00:00","mainEntityOfPage":{"@id":"https:\/\/egercoach.hu\/blog\/hogyan-kezeld-a-nehez-beszelgeteseket-vezetokent-tapasztalataim-tanulsagai\/"},"wordCount":3814,"publisher":{"@id":"https:\/\/egercoach.hu\/blog\/#organization"},"image":{"@id":"https:\/\/egercoach.hu\/blog\/hogyan-kezeld-a-nehez-beszelgeteseket-vezetokent-tapasztalataim-tanulsagai\/#primaryimage"},"thumbnailUrl":"https:\/\/egercoach.hu\/blog\/wp-content\/uploads\/2025\/06\/team-leader-organizing-work-in-an-office.jpg","articleSection":["Business coaching Egerben"],"inLanguage":"hu"},{"@type":"WebPage","@id":"https:\/\/egercoach.hu\/blog\/hogyan-kezeld-a-nehez-beszelgeteseket-vezetokent-tapasztalataim-tanulsagai\/","url":"https:\/\/egercoach.hu\/blog\/hogyan-kezeld-a-nehez-beszelgeteseket-vezetokent-tapasztalataim-tanulsagai\/","name":"Hogyan kezeld a neh\u00e9z besz\u00e9lget\u00e9seket vezet\u0151k\u00e9nt?","isPartOf":{"@id":"https:\/\/egercoach.hu\/blog\/#website"},"primaryImageOfPage":{"@id":"https:\/\/egercoach.hu\/blog\/hogyan-kezeld-a-nehez-beszelgeteseket-vezetokent-tapasztalataim-tanulsagai\/#primaryimage"},"image":{"@id":"https:\/\/egercoach.hu\/blog\/hogyan-kezeld-a-nehez-beszelgeteseket-vezetokent-tapasztalataim-tanulsagai\/#primaryimage"},"thumbnailUrl":"https:\/\/egercoach.hu\/blog\/wp-content\/uploads\/2025\/06\/team-leader-organizing-work-in-an-office.jpg","datePublished":"2025-06-02T08:59:47+00:00","breadcrumb":{"@id":"https:\/\/egercoach.hu\/blog\/hogyan-kezeld-a-nehez-beszelgeteseket-vezetokent-tapasztalataim-tanulsagai\/#breadcrumb"},"inLanguage":"hu","potentialAction":[{"@type":"ReadAction","target":["https:\/\/egercoach.hu\/blog\/hogyan-kezeld-a-nehez-beszelgeteseket-vezetokent-tapasztalataim-tanulsagai\/"]}]},{"@type":"ImageObject","inLanguage":"hu","@id":"https:\/\/egercoach.hu\/blog\/hogyan-kezeld-a-nehez-beszelgeteseket-vezetokent-tapasztalataim-tanulsagai\/#primaryimage","url":"https:\/\/egercoach.hu\/blog\/wp-content\/uploads\/2025\/06\/team-leader-organizing-work-in-an-office.jpg","contentUrl":"https:\/\/egercoach.hu\/blog\/wp-content\/uploads\/2025\/06\/team-leader-organizing-work-in-an-office.jpg","width":1500,"height":860,"caption":"Team leader organizing work in an office"},{"@type":"BreadcrumbList","@id":"https:\/\/egercoach.hu\/blog\/hogyan-kezeld-a-nehez-beszelgeteseket-vezetokent-tapasztalataim-tanulsagai\/#breadcrumb","itemListElement":[{"@type":"ListItem","position":1,"name":"Kezd\u0151lap","item":"https:\/\/egercoach.hu\/blog\/"},{"@type":"ListItem","position":2,"name":"Hogyan kezeld a neh\u00e9z besz\u00e9lget\u00e9seket vezet\u0151k\u00e9nt: tapasztalataim tanuls\u00e1gai"}]},{"@type":"WebSite","@id":"https:\/\/egercoach.hu\/blog\/#website","url":"https:\/\/egercoach.hu\/blog\/","name":"Eger Coach Blog","description":"","publisher":{"@id":"https:\/\/egercoach.hu\/blog\/#organization"},"potentialAction":[{"@type":"SearchAction","target":{"@type":"EntryPoint","urlTemplate":"https:\/\/egercoach.hu\/blog\/?s={search_term_string}"},"query-input":{"@type":"PropertyValueSpecification","valueRequired":true,"valueName":"search_term_string"}}],"inLanguage":"hu"},{"@type":"Organization","@id":"https:\/\/egercoach.hu\/blog\/#organization","name":"Eger Coach Blog","url":"https:\/\/egercoach.hu\/blog\/","logo":{"@type":"ImageObject","inLanguage":"hu","@id":"https:\/\/egercoach.hu\/blog\/#\/schema\/logo\/image\/","url":"https:\/\/egercoach.hu\/blog\/wp-content\/uploads\/2025\/05\/cropped-Eger.png","contentUrl":"https:\/\/egercoach.hu\/blog\/wp-content\/uploads\/2025\/05\/cropped-Eger.png","width":500,"height":169,"caption":"Eger Coach Blog"},"image":{"@id":"https:\/\/egercoach.hu\/blog\/#\/schema\/logo\/image\/"},"sameAs":["https:\/\/www.facebook.com\/eger.coach"]},{"@type":"Person","@id":"https:\/\/egercoach.hu\/blog\/#\/schema\/person\/afc73367aa314ca33a9c8d3b88dce6e7","name":"Dajka G\u00e1bor","image":{"@type":"ImageObject","inLanguage":"hu","@id":"https:\/\/secure.gravatar.com\/avatar\/81566ea1e2b3466baa03e9bdcdaa835f58564d8be90057a45f3e61711dc8a063?s=96&d=mm&r=g","url":"https:\/\/secure.gravatar.com\/avatar\/81566ea1e2b3466baa03e9bdcdaa835f58564d8be90057a45f3e61711dc8a063?s=96&d=mm&r=g","contentUrl":"https:\/\/secure.gravatar.com\/avatar\/81566ea1e2b3466baa03e9bdcdaa835f58564d8be90057a45f3e61711dc8a063?s=96&d=mm&r=g","caption":"Dajka G\u00e1bor"},"sameAs":["https:\/\/egercoach.hu\/blog"],"url":"https:\/\/egercoach.hu\/blog\/author\/adminka\/"}]}},"_links":{"self":[{"href":"https:\/\/egercoach.hu\/blog\/wp-json\/wp\/v2\/posts\/1105","targetHints":{"allow":["GET"]}}],"collection":[{"href":"https:\/\/egercoach.hu\/blog\/wp-json\/wp\/v2\/posts"}],"about":[{"href":"https:\/\/egercoach.hu\/blog\/wp-json\/wp\/v2\/types\/post"}],"author":[{"embeddable":true,"href":"https:\/\/egercoach.hu\/blog\/wp-json\/wp\/v2\/users\/1"}],"replies":[{"embeddable":true,"href":"https:\/\/egercoach.hu\/blog\/wp-json\/wp\/v2\/comments?post=1105"}],"version-history":[{"count":0,"href":"https:\/\/egercoach.hu\/blog\/wp-json\/wp\/v2\/posts\/1105\/revisions"}],"wp:featuredmedia":[{"embeddable":true,"href":"https:\/\/egercoach.hu\/blog\/wp-json\/wp\/v2\/media\/1106"}],"wp:attachment":[{"href":"https:\/\/egercoach.hu\/blog\/wp-json\/wp\/v2\/media?parent=1105"}],"wp:term":[{"taxonomy":"category","embeddable":true,"href":"https:\/\/egercoach.hu\/blog\/wp-json\/wp\/v2\/categories?post=1105"},{"taxonomy":"post_tag","embeddable":true,"href":"https:\/\/egercoach.hu\/blog\/wp-json\/wp\/v2\/tags?post=1105"}],"curies":[{"name":"wp","href":"https:\/\/api.w.org\/{rel}","templated":true}]}}