{"id":1108,"date":"2025-06-02T16:22:24","date_gmt":"2025-06-02T14:22:24","guid":{"rendered":"https:\/\/egercoach.hu\/blog\/?p=1108"},"modified":"2025-12-14T07:27:14","modified_gmt":"2025-12-14T06:27:14","slug":"munkavallaloi-elkotelezettseg-es-megtartas-a-viragzo-szervezet-kulcsa","status":"publish","type":"post","link":"https:\/\/egercoach.hu\/blog\/munkavallaloi-elkotelezettseg-es-megtartas-a-viragzo-szervezet-kulcsa\/","title":{"rendered":"Munkav\u00e1llal\u00f3i elk\u00f6telezetts\u00e9g \u00e9s megtart\u00e1s: A vir\u00e1gz\u00f3 szervezet kulcsa"},"content":{"rendered":"<p>Vezet\u00e9sfejleszt\u00e9si szak\u00e9rt\u0151k\u00e9nt nap mint nap l\u00e1tom, hogy a munkav\u00e1llal\u00f3i elk\u00f6telezetts\u00e9g mekkora hat\u00e1st gyakorol a v\u00e1llalat siker\u00e9re. Nem el\u00e9g a j\u00f3 strat\u00e9gi\u00e1k \u00e9s rendszerek fel\u00e9p\u00edt\u00e9se; kulcsfontoss\u00e1g\u00fa, hogy a szervezet emberi oldala is kiemelt figyelmet kapjon. Az elk\u00f6telezett csapat \u00e9s a cs\u00f6kken\u0151 fluktu\u00e1ci\u00f3 nemcsak a termel\u00e9kenys\u00e9get n\u00f6veli, hanem olyan munkahelyi kult\u00far\u00e1t teremt, amelyben az emberek val\u00f3ban \u00e9rt\u00e9kesnek \u00e9rzik magukat. Ebben a cikkben olyan gyakorlati tippeket \u00e9s megold\u00e1sokat osztok meg, amelyekkel te is seg\u00edthetsz kialak\u00edtani \u00e9s fenntartani a magasabb szint\u0171 elk\u00f6telezetts\u00e9get \u00e9s a stabil csapatot.<\/p>\n<h2>Mi\u00e9rt l\u00e9tfontoss\u00e1g\u00fa a munkav\u00e1llal\u00f3i elk\u00f6telezetts\u00e9g?<\/h2>\n<p>Sokan abba a hib\u00e1ba esnek, hogy kiz\u00e1r\u00f3lag az anyagi \u00f6szt\u00f6nz\u0151kre \u00e9s a hat\u00e9konys\u00e1gra f\u00f3kusz\u00e1lnak. B\u00e1r ezek fontos t\u00e9nyez\u0151k, a tapasztalat azt mutatja, hogy hossz\u00fa t\u00e1von azok a munkat\u00e1rsak lesznek loj\u00e1lisabbak \u00e9s motiv\u00e1ltabbak, akik \u00e9rzik a szem\u00e9lyes fejl\u0151d\u00e9s, az emberi megbecs\u00fcl\u00e9s \u00e9s az \u00e9rtelmes c\u00e9lok megl\u00e9t\u00e9t is a munkahely\u00fck\u00f6n. Egy elk\u00f6telezett munkav\u00e1llal\u00f3 akt\u00edv szerepl\u0151je lesz a szervezet n\u00f6veked\u00e9s\u00e9nek \u00e9s innov\u00e1ci\u00f3j\u00e1nak, r\u00e1ad\u00e1sul kev\u00e9sb\u00e9 hajlamos a munkahelyv\u00e1lt\u00e1sra.<\/p>\n<p>Az elk\u00f6telezetts\u00e9g a szervezet teljes strukt\u00far\u00e1j\u00e1n nyomot hagy: <em>jobb \u00fcgyf\u00e9l\u00e9lm\u00e9nyt<\/em> teremt, <em>er\u0151sebb csapatkoh\u00e9zi\u00f3t<\/em> alak\u00edt ki \u00e9s el\u0151seg\u00edti a <em>folyamatos fejl\u0151d\u00e9st<\/em>. A fluktu\u00e1ci\u00f3 cs\u00f6kken\u00e9se pedig nemcsak anyagi megtakar\u00edt\u00e1st hoz (hiszen kevesebbszer kell \u00faj embert felvenni \u00e9s betan\u00edtani), hanem stabil alapot is a hossz\u00fa t\u00e1v\u00fa \u00fczleti sikerhez.<\/p>\n<h2>Folyamatos tanul\u00e1si lehet\u0151s\u00e9gek biztos\u00edt\u00e1sa<\/h2>\n<p>Az els\u0151 \u00e9s tal\u00e1n az egyik legfontosabb t\u00e9nyez\u0151, amellyel n\u00f6velhet\u0151 a munkav\u00e1llal\u00f3i elk\u00f6telezetts\u00e9g, a folyamatos tanul\u00e1si \u00e9s fejl\u0151d\u00e9si utak megteremt\u00e9se. Egy olyan vil\u00e1gban, ahol a technol\u00f3gia \u00e9s a piaci k\u00f6r\u00fclm\u00e9nyek vill\u00e1mgyorsan v\u00e1ltoznak, az alkalmazottak term\u00e9szetes v\u00e1gya, hogy \u0151k maguk is fejl\u0151dhessenek. Ha ezt a lehet\u0151s\u00e9get egy szervezet bels\u0151leg is felk\u00edn\u00e1lja, azzal komoly versenyel\u0151nyh\u00f6z juthat a tehets\u00e9gek megtart\u00e1s\u00e1ban \u00e9s bevonz\u00e1s\u00e1ban.<\/p>\n<p>Emellett a vezet\u0151knek is akt\u00edvan t\u00e1mogatniuk kell az alkalmazottak tanul\u00e1s\u00e1t. Nem el\u00e9g csak el\u00e9rhet\u0151v\u00e9 tenni n\u00e9h\u00e1ny online kurzust vagy alkalmi tr\u00e9ninget; a fejl\u0151d\u00e9snek be kell \u00e9p\u00fclnie a szervezeti kult\u00far\u00e1ba. Aki azt \u00e9rzi, hogy a vezet\u0151je \u00e9s a szervezete komolyan t\u00f6r\u0151dik a szakmai j\u00f6v\u0151j\u00e9vel, sokkal nagyobb lelkesed\u00e9ssel \u00e9s elk\u00f6telezetts\u00e9ggel v\u00e9gzi majd a mindennapi munk\u00e1j\u00e1t.<\/p>\n<h2>Gyakorlati tippek a tanul\u00e1s \u00e9s fejl\u0151d\u00e9s el\u0151seg\u00edt\u00e9s\u00e9hez<\/h2>\n<ul>\n<li><strong>Tanul\u00e1si kult\u00fara kialak\u00edt\u00e1sa:<\/strong> Rendszeresen emeld ki a tanul\u00e1s fontoss\u00e1g\u00e1t, ak\u00e1r heti meetingek elej\u00e9n, vagy bels\u0151 h\u00edrlev\u00e9lben. \u00c9rd el, hogy ne legyen sz\u00e9gyen beismerni, ha valaki m\u00e9g nem tud valamit, hanem ink\u00e1bb motiv\u00e1l\u00f3 legyen a tanul\u00e1s.<\/li>\n<li><strong>Hozz\u00e1f\u00e9r\u00e9s az er\u0151forr\u00e1sokhoz:<\/strong> Biztos\u00edts online tanfolyamokat, szakmai foly\u00f3iratokat, szakmai k\u00f6z\u00f6ss\u00e9gekhez val\u00f3 csatlakoz\u00e1st. Esetleg t\u00e1mogasd a dolgoz\u00f3idat abban, hogy konferenci\u00e1kon vehessenek r\u00e9szt vagy \u00faj k\u00e9pes\u00edt\u00e9seket szerezzenek.<\/li>\n<li><strong>Mentorprogramok bevezet\u00e9se:<\/strong> Ha egy \u00faj dolgoz\u00f3 mell\u00e9 \u00e1ll\u00edtasz egy tapasztaltabb koll\u00e9g\u00e1t, nemcsak gyorsabban tud beilleszkedni, de egyben olyan kapcsolatok is kialakulnak, amelyek a szervezeti kult\u00far\u00e1t er\u0151s\u00edtik.<\/li>\n<li><strong>Testreszabott tanul\u00e1si tervek:<\/strong> A munkat\u00e1rsaknak elt\u00e9r\u0151 karrierc\u00e9ljai lehetnek. Fontos, hogy szem\u00e9lyre szabott fejl\u0151d\u00e9si tervet kapjanak, \u00edgy \u00e9rzik igaz\u00e1n, hogy a saj\u00e1t c\u00e9ljaik megval\u00f3s\u00edt\u00e1s\u00e1ban seg\u00edted \u0151ket.<\/li>\n<\/ul>\n<h2>Eredm\u00e9nyek elismer\u00e9se \u00e9s jutalmaz\u00e1sa<\/h2>\n<p>Mindenki v\u00e1gyik arra, hogy \u00e9szrevegy\u00e9k \u00e9s elismerj\u00e9k a munk\u00e1j\u00e1t. Sokszor egy egyszer\u0171 \u201ek\u00f6sz\u00f6n\u00f6m\u201d vagy egy nyilv\u00e1nos dics\u00e9ret is csod\u00e1kat tehet a motiv\u00e1ci\u00f3val. Ugyanakkor el\u0151fordulnak olyan helyzetek, amikor anyagi vagy egy\u00e9b jelleg\u0171 jutalom (pl. extra szabadnap, mentor\u00e1l\u00e1si lehet\u0151s\u00e9g, k\u00fcl\u00f6nleges projektben val\u00f3 r\u00e9szv\u00e9tel) tov\u00e1bbi l\u00f6k\u00e9st ad a dolgoz\u00f3i el\u00e9gedetts\u00e9gnek.<\/p>\n<p>A jutalmaz\u00e1s kialak\u00edt\u00e1s\u00e1n\u00e1l az a legfontosabb, hogy illeszkedjen a szervezet kult\u00far\u00e1j\u00e1hoz, \u00e9s ne csak ad-hoc m\u00f3don t\u00f6rt\u00e9njen. Ha p\u00e9ld\u00e1ul minden h\u00f3napban kiv\u00e1lasztod a \u201eh\u00f3nap alkalmazottj\u00e1t\u201d, gy\u0151z\u0151dj meg r\u00f3la, hogy a krit\u00e9riumok mindenki sz\u00e1m\u00e1ra vil\u00e1gosak \u00e9s igazs\u00e1gosak.<\/p>\n<h2>Tippek az elismer\u00e9s \u00e9s jutalmaz\u00e1s rendszer\u00e9nek ki\u00e9p\u00edt\u00e9s\u00e9hez<\/h2>\n<ul>\n<li><strong>Rendszeres elismer\u00e9sek:<\/strong> Ne csak \u00e9vente egyszer, a teljes\u00edtm\u00e9ny\u00e9rt\u00e9kel\u00e9sek sor\u00e1n ismerd el a munkat\u00e1rsakat, hanem ak\u00e1r heti vagy havi szinten is.<\/li>\n<li><strong>H\u00f3nap alkalmazottja program:<\/strong> K\u00f6z\u00f6sen alak\u00edts\u00e1tok ki a krit\u00e9riumrendszert (p\u00e9ld\u00e1ul teljes\u00edtm\u00e9ny, innov\u00e1ci\u00f3, \u00fcgyf\u00e9lel\u00e9gedetts\u00e9g stb.), hogy minden \u00e9rintett tudja, mi alapj\u00e1n t\u00f6rt\u00e9nik a kiv\u00e1laszt\u00e1s.<\/li>\n<li><strong>Szem\u00e9lyre szabott jutalmak:<\/strong> Ismerd meg a koll\u00e9g\u00e1idat \u00e9s megtudhatod, kinek mi a \u201ejutalom\u201d. Valakinek egy extra szabadnap, valakinek egy szakmai publik\u00e1ci\u00f3 lehet\u0151s\u00e9ge, m\u00e1snak egy bels\u0151 tr\u00e9ning tart\u00e1sa jelent motiv\u00e1ci\u00f3t.<\/li>\n<li><strong>Koll\u00e9g\u00e1k k\u00f6zti elismer\u00e9s:<\/strong> Teremts fel\u00fcletet arra, hogy az emberek egym\u00e1snak is adhassanak visszajelz\u00e9st. P\u00e9ld\u00e1ul egy bels\u0151 platformon b\u00e1rki \u201ek\u00f6sz\u00f6n\u00f6m\u201d-k\u00e1rty\u00e1t k\u00fcldhet a m\u00e1siknak. Ez er\u0151s\u00edti a k\u00f6z\u00f6ss\u00e9g \u00e9rz\u00e9s\u00e9t.<\/li>\n<li><strong>M\u00e9rf\u00f6ldk\u00f6vek \u00fcnnepl\u00e9se:<\/strong> Az \u00e9vfordul\u00f3k, a projektsikerek, a kit\u0171z\u00f6tt c\u00e9lok el\u00e9r\u00e9se \u2013 mind j\u00f3 alkalom arra, hogy a csapat egy\u00fctt \u00f6r\u00fclj\u00f6n \u00e9s l\u00e1ssa, \u00e9rdemes kem\u00e9nyen dolgozni.<\/li>\n<\/ul>\n<h2>Karrierfejl\u0151d\u00e9s vil\u00e1gos kommunik\u00e1l\u00e1sa<\/h2>\n<p>Sok koll\u00e9ga az\u00e9rt t\u00e1vozik egy v\u00e1llalatt\u00f3l, mert nem l\u00e1tja, merre \u00e9s hogyan tudna bels\u0151leg tov\u00e1bbfejl\u0151dni. Ez a bizonytalans\u00e1g k\u00fcl\u00f6n\u00f6sen a tehets\u00e9ges, ambici\u00f3zus munkat\u00e1rsaknak lehet frusztr\u00e1l\u00f3. Ha azonban vil\u00e1gos \u00e9s transzparens el\u0151meneteli utakat kommunik\u00e1lsz, akkor az emberek tudni fogj\u00e1k, milyen l\u00e9p\u00e9sek vezetnek a k\u00f6vetkez\u0151 szintre, \u00e9s mit kell tenni\u00fck, hogy oda eljussanak.<\/p>\n<h2>Tippek a karrierfejl\u0151d\u00e9s el\u0151seg\u00edt\u00e9s\u00e9hez<\/h2>\n<ul>\n<li><strong>Rendszeres karrierbesz\u00e9lget\u00e9sek:<\/strong> Ne csak a bevett teljes\u00edtm\u00e9ny\u00e9rt\u00e9kel\u00e9seken ker\u00fclj\u00f6n sz\u00f3ba, hogy a munkat\u00e1rs merre fejl\u0151dhet. Tarts k\u00fcl\u00f6n, n\u00e9gyszemk\u00f6zti \u00fcl\u00e9seket, ahol kifejezetten a karrierc\u00e9lokr\u00f3l \u00e9s az el\u00e9r\u00e9s\u00fckh\u00f6z sz\u00fcks\u00e9ges l\u00e9p\u00e9sekr\u0151l besz\u00e9ltek.<\/li>\n<li><strong>Vil\u00e1gos c\u00e9lkit\u0171z\u00e9sek:<\/strong> Seg\u00edts a munkav\u00e1llal\u00f3knak megfogalmazni, milyen szakmai k\u00e9szs\u00e9gekre van sz\u00fcks\u00e9g a k\u00f6vetkez\u0151 l\u00e9pcs\u0151fokhoz. Tedd ezeket m\u00e9rhet\u0151v\u00e9 (pl. X darab sikeres projekt, vagy Y darab tr\u00e9ning elv\u00e9gz\u00e9se).<\/li>\n<li><strong>El\u0151l\u00e9ptet\u00e9si folyamat \u00e1tl\u00e1that\u00f3s\u00e1ga:<\/strong> Foglald \u00f6ssze bels\u0151 dokumentumban vagy a bels\u0151 h\u00e1l\u00f3zaton el\u00e9rhet\u0151en, hogy milyen krit\u00e9riumok \u00e9s folyamatok alapj\u00e1n lehet el\u0151l\u00e9pni. A titokzatoss\u00e1g csak bizonytalans\u00e1got \u00e9s pletyk\u00e1kat sz\u00fcl.<\/li>\n<li><strong>Rendszeres coaching:<\/strong> A vezet\u0151knek \u00e9rdemes coaching szeml\u00e9lettel seg\u00edteni\u00fck a koll\u00e9g\u00e1k fejl\u0151d\u00e9s\u00e9t: rendszeres visszajelz\u00e9seket adni, mentor\u00e1lni, \u00e9s konkr\u00e9t tan\u00e1csokat ny\u00fajtani az adott munkak\u00f6rben val\u00f3 tov\u00e1bbl\u00e9p\u00e9shez.<\/li>\n<li><strong>Sikert\u00f6rt\u00e9netek megoszt\u00e1sa:<\/strong> Inspir\u00e1l\u00f3, ha egy bels\u0151 h\u00edrlev\u00e9lben vagy v\u00e1llalati rendezv\u00e9nyen bemutatsz olyan munkat\u00e1rsakat, akik m\u00e1r el\u0151rel\u00e9ptek. Ez bizalmat kelt a folyamat ir\u00e1nt, \u00e9s megmutatja, hogy a szervezet val\u00f3ban t\u00e1mogatja a bels\u0151 fejl\u0151d\u00e9st.<\/li>\n<\/ul>\n<h2>Ny\u00edlt kommunik\u00e1ci\u00f3s \u00e9s egy\u00fcttm\u0171k\u00f6d\u00e9sre \u00e9p\u00fcl\u0151 kult\u00fara<\/h2>\n<p>Egy szervezet akkor tud igaz\u00e1n hat\u00e9konyan m\u0171k\u00f6dni, ha a munkat\u00e1rsak merik \u00e9s akarj\u00e1k megosztani \u00f6tleteiket, \u00e9szszer\u0171 javaslataikat, valamint probl\u00e9m\u00e1ikat. Ha a vezet\u00e9s nyitott a visszajelz\u00e9sekre, \u00e9s teret ad a koll\u00e9g\u00e1k k\u00f6zti egy\u00fcttm\u0171k\u00f6d\u00e9snek, az rendk\u00edv\u00fcli m\u00f3don n\u00f6veli az elk\u00f6telez\u0151d\u00e9st.<\/p>\n<h2>Tippek a ny\u00edlt kommunik\u00e1ci\u00f3 \u00e9s a csapatmunka er\u0151s\u00edt\u00e9s\u00e9hez<\/h2>\n<ul>\n<li><strong>Rendszeres \u201eny\u00edlt ajt\u00f3\u201d napok:<\/strong> Biztasd a dolgoz\u00f3kat, hogy ezekben az id\u0151szakokban b\u00e1tran keressenek meg probl\u00e9m\u00e1ikkal vagy \u00f6tleteikkel. Ez biztons\u00e1gos, inform\u00e1lis fel\u00fcletet ad a k\u00f6zvetlen kapcsolattart\u00e1sra.<\/li>\n<li><strong>Egy\u00fcttm\u0171k\u00f6d\u00e9si eszk\u00f6z\u00f6k:<\/strong> Haszn\u00e1lj projektmenedzsment \u00e9s kommunik\u00e1ci\u00f3s platformokat (pl. Trello, Slack, Teams), amelyek megk\u00f6nny\u00edtik az inform\u00e1ci\u00f3\u00e1raml\u00e1st \u00e9s az \u00e1tl\u00e1that\u00f3s\u00e1got.<\/li>\n<li><strong>Csapat\u00e9p\u00edt\u0151 tev\u00e9kenys\u00e9gek:<\/strong> Szervezz rendszeresen kisebb-nagyobb k\u00f6z\u00f6s programokat, legyen az egy d\u00e9lut\u00e1ni brainstorming vagy ak\u00e1r egy k\u00f6z\u00f6s sportesem\u00e9ny. Az \u00edgy kialakul\u00f3 szem\u00e9lyes kapcsolatok er\u0151s\u00edtik a csapatszellemet.<\/li>\n<li><strong>Visszajelz\u00e9si csatorn\u00e1k m\u0171k\u00f6dtet\u00e9se:<\/strong> Ak\u00e1r virtu\u00e1lis \u201ejavaslatl\u00e1da\u201d form\u00e1j\u00e1ban, ak\u00e1r havi csapatmegbesz\u00e9l\u00e9seken, teremts lehet\u0151s\u00e9get arra, hogy a dolgoz\u00f3k visszajelz\u00e9seit meghallgasd, \u00e9s reag\u00e1lj r\u00e1juk.<\/li>\n<li><strong>P\u00e9ldaad\u00e1s vezet\u0151k\u00e9nt:<\/strong> Ha te magad is megk\u00f6zel\u00edthet\u0151 vagy, elismered a hib\u00e1idat, \u00e9s meghallgatod a kritik\u00e1t, akkor a csapat is sokkal nyitottabb\u00e1 v\u00e1lik a k\u00f6z\u00f6s gondolkod\u00e1sra.<\/li>\n<\/ul>\n<h2>A munka \u00e9s a mag\u00e1n\u00e9let egyens\u00faly\u00e1nak el\u0151mozd\u00edt\u00e1sa<\/h2>\n<p>Ma m\u00e1r egyre t\u00f6bb szakember nemcsak magas fizet\u00e9st vagy preszt\u00edzst keres, hanem olyan munkahelyet, ahol az <em>ember<\/em> is sz\u00e1m\u00edt. A rugalmas id\u0151beoszt\u00e1s, a t\u00e1vmunka lehet\u0151s\u00e9ge, a munkahelyi j\u00f3l\u00e9tet t\u00e1mogat\u00f3 kezdem\u00e9nyez\u00e9sek mind seg\u00edtenek abban, hogy a dolgoz\u00f3k teljes\u00edtm\u00e9nye \u00e9s el\u00e9gedetts\u00e9ge magasabb szint\u0171 legyen. Ha valaki \u00fagy \u00e9rzi, a munkahellyel \u00f6sszeegyeztethet\u0151 a mag\u00e1n\u00e9lete, sokkal kisebb es\u00e9llyel fog eln\u00e9zel\u0151dni m\u00e1s lehet\u0151s\u00e9gek fel\u00e9.<\/p>\n<h2>Tippek a munka\u2013mag\u00e1n\u00e9let egyens\u00faly t\u00e1mogat\u00e1s\u00e1ra<\/h2>\n<ul>\n<li><strong>Rugalmas munkarend bevezet\u00e9se:<\/strong> Biztos\u00edts lehet\u0151s\u00e9get a cs\u00fasztat\u00e1sra, r\u00e9szmunkaid\u0151re vagy home office-ra. \u00cdgy mindenki a saj\u00e1t \u00e9lethelyzet\u00e9nek megfelel\u0151en tudja szervezni a napjait.<\/li>\n<li><strong>Megfelel\u0151 szabads\u00e1gkezel\u00e9s:<\/strong> Legyen a szabads\u00e1gkiv\u00e9tel egyszer\u0171 \u00e9s gyors, ugyanakkor gondoskodj arr\u00f3l, hogy az \u00e9rintett feladatok ne s\u00e9r\u00fcljenek. A koll\u00e9g\u00e1k \u00edgy b\u00e1tran \u00e9lnek majd a szabads\u00e1gokkal, nem rettegnek att\u00f3l, hogy t\u00falterhelik a t\u00e1rsaikat.<\/li>\n<li><strong>Wellness programok:<\/strong> T\u00e1mogasd a ment\u00e1lis eg\u00e9szs\u00e9get p\u00e9ld\u00e1ul havi rendszeress\u00e9g\u0171 stresszkezel\u0151 workshopokkal, sportesem\u00e9nyekkel vagy fitneszb\u00e9rletek biztos\u00edt\u00e1s\u00e1val. Egy-egy massz\u00e1zs vagy eg\u00e9szs\u00e9gnap is sokat dobhat a dolgoz\u00f3k hangulat\u00e1n.<\/li>\n<li><strong>Tisztelet a szem\u00e9lyes hat\u00e1roknak:<\/strong> Vezet\u0151k\u00e9nt mutass p\u00e9ld\u00e1t: ne k\u00fcldj e-maileket \u00e9jszaka, ne h\u00edvj fel senkit h\u00e9tv\u00e9g\u00e9n, ha nem musz\u00e1j. Ha te tiszteletben tartod a koll\u00e9g\u00e1k szabadidej\u00e9t, \u0151k is ink\u00e1bb arra f\u00f3kusz\u00e1lnak, hogy a munkaid\u0151ben teljes g\u0151zzel dolgozzanak.<\/li>\n<li><strong>K\u00e9pz\u00e9sek az id\u0151gazd\u00e1lkod\u00e1sr\u00f3l:<\/strong> Sok embernek gondot okoz, hogyan ossza be okosan az idej\u00e9t \u00e9s energi\u00e1j\u00e1t. Szervezz id\u0151- \u00e9s stresszkezel\u00e9si tr\u00e9ningeket, hogy a koll\u00e9g\u00e1k hat\u00e9konyabban kezelj\u00e9k a mindennapok kih\u00edv\u00e1sait.<\/li>\n<\/ul>\n<h2>Z\u00e1r\u00f3 gondolatok<\/h2>\n<p>Ahhoz, hogy egy v\u00e1llalat val\u00f3ban vir\u00e1gozhasson, nem el\u00e9g a j\u00f3 \u00fczleti terv \u00e9s a piacismeret. A legnagyobb \u00e9rt\u00e9k\u00fcnk a munkat\u00e1rsainkban rejlik. Ha azt szeretn\u00e9nk, hogy elk\u00f6telezettek \u00e9s motiv\u00e1ltak legyenek, akkor folyamatosan dolgoznunk kell azon, hogy fejl\u0151dhessenek, j\u00f3l \u00e9rezz\u00e9k magukat a b\u0151r\u00fckben, elismer\u00e9st kapjanak, \u00e9s hossz\u00fa t\u00e1von is l\u00e1ss\u00e1k a szem\u00e9lyes perspekt\u00edv\u00e1t.<\/p>\n<blockquote><p><i>\u201eMinden befektet\u00e9s, amit a munkav\u00e1llal\u00f3k fejl\u0151d\u00e9s\u00e9re \u00e9s el\u00e9gedetts\u00e9g\u00e9re ford\u00edtunk, sokszorosan megt\u00e9r\u00fcl. A vir\u00e1gz\u00f3 szervezeti kult\u00fara pedig nem csup\u00e1n egy ide\u00e1l, hanem a versenyk\u00e9pess\u00e9g \u00e9s hossz\u00fa t\u00e1v\u00fa siker z\u00e1loga.\u201d<\/i><\/p><\/blockquote>\n<h2>Konkr\u00e9t l\u00e9p\u00e9sek a szervezeted siker\u00e9\u00e9rt<\/h2>\n<p>Mindez persze csak akkor m\u0171k\u00f6dik, ha a gyakorlatban is alkalmazod ezeket az elveket. Ne halogasd a v\u00e1ltoz\u00e1st: m\u00e1r kis l\u00e9p\u00e9sekkel is nagy hat\u00e1st \u00e9rhetsz el. P\u00e9ld\u00e1ul ind\u00edthatsz pilot-programot egy csapatn\u00e1l a rugalmas munkarend kipr\u00f3b\u00e1l\u00e1s\u00e1ra, vagy szervezhetsz bels\u0151 workshopokat a tanul\u00e1si lehet\u0151s\u00e9gek felt\u00e9rk\u00e9pez\u00e9s\u00e9re. A l\u00e9nyeg, hogy <strong>legyen egy megval\u00f3s\u00edthat\u00f3 terv<\/strong>, \u00e9s vezet\u0151k\u00e9nt mutass p\u00e9ld\u00e1t!<\/p>\n<p><strong>K\u00e9szen \u00e1llsz arra, hogy a munkahelyedet a motiv\u00e1ci\u00f3 \u00e9s a termel\u00e9kenys\u00e9g k\u00f6zpontj\u00e1v\u00e1 alak\u00edtsd?<\/strong> Itt az ideje, hogy megtegy\u00fck a k\u00f6vetkez\u0151 l\u00e9p\u00e9st! Besz\u00e9lj\u00fck \u00e1t, hogyan lehet mindezt testre szabni a te szervezeted egyedi ig\u00e9nyei szerint, \u00e9s egy\u00fctt dolgozzunk ki egy tervet a munkav\u00e1llal\u00f3i elk\u00f6telezetts\u00e9g jav\u00edt\u00e1s\u00e1ra, a fluktu\u00e1ci\u00f3 visszaszor\u00edt\u00e1s\u00e1ra \u00e9s a sikeres, emberk\u00f6zpont\u00fa kult\u00fara megteremt\u00e9s\u00e9re.<\/p>\n<p>Keress bizalommal \u2013 legyen sz\u00f3 egy k\u00f6tetlen besz\u00e9lget\u00e9sr\u0151l vagy egy ingyenes h\u00edv\u00e1sr\u00f3l \u2013, \u00e9s n\u00e9zz\u00fck meg, hogyan ind\u00edthatunk el k\u00f6z\u00f6sen egy olyan \u00e1talakul\u00e1st, amelyben a szervezetedben dolgoz\u00f3k val\u00f3ban a legnagyobb \u00e9rt\u00e9kk\u00e9 v\u00e1lnak. <strong>\u00dctemezz be egy ingyenes konzult\u00e1ci\u00f3t<\/strong> m\u00e1r ma, \u00e9s legy\u00e9l <em>te<\/em> a kataliz\u00e1tor, aki a munkahelyi l\u00e9gk\u00f6rt pozit\u00edv, j\u00f6v\u0151orient\u00e1lt energi\u00e1val t\u00f6lti meg.<\/p>\n<h2>Kieg\u00e9sz\u00edt\u0151 \u00f6tletek a hat\u00e9kony szervezeti kult\u00fara t\u00e1mogat\u00e1s\u00e1hoz<\/h2>\n<p>N\u00e9ha j\u00f3l j\u00f6n egy kis plusz inspir\u00e1ci\u00f3. Az al\u00e1bbi t\u00e1bl\u00e1zatban \u00f6sszegy\u0171jt\u00f6ttem n\u00e9h\u00e1ny gyakran felmer\u00fcl\u0151 szervezeti kih\u00edv\u00e1st, \u00e9s hozz\u00e1juk n\u00e9h\u00e1ny lehets\u00e9ges megold\u00e1st, amelyek szint\u00e9n hozz\u00e1j\u00e1rulhatnak az elk\u00f6telezetts\u00e9g \u00e9s a megtart\u00e1s er\u0151s\u00edt\u00e9s\u00e9hez.<\/p>\n<table border=\"1\">\n<thead>\n<tr>\n<th>Kih\u00edv\u00e1s<\/th>\n<th>Lehets\u00e9ges Megold\u00e1s<\/th>\n<\/tr>\n<\/thead>\n<tbody>\n<tr>\n<td>Magas fluktu\u00e1ci\u00f3<\/td>\n<td>\n<ul>\n<li>Transzparens b\u00e9r- \u00e9s juttat\u00e1si strukt\u00fara<\/li>\n<li>Testreszabott karrierfejleszt\u00e9s<\/li>\n<li>Mentorprogramok \u00e9s folyamatos visszajelz\u00e9s<\/li>\n<\/ul>\n<\/td>\n<\/tr>\n<tr>\n<td>Alacsony csapatmor\u00e1l<\/td>\n<td>\n<ul>\n<li>Rendszeres csapat\u00e9p\u00edt\u0151 esem\u00e9nyek<\/li>\n<li>K\u00f6z\u00f6s c\u00e9lok meghat\u00e1roz\u00e1sa \u00e9s \u00fcnnepl\u00e9se<\/li>\n<li>Ny\u00edlt kommunik\u00e1ci\u00f3 \u00e9s vezet\u0151i t\u00e1mogat\u00e1s<\/li>\n<\/ul>\n<\/td>\n<\/tr>\n<tr>\n<td>Bizalomhi\u00e1ny a vezet\u0151kben<\/td>\n<td>\n<ul>\n<li>Gyakori, \u0151szinte \u00e9s emberk\u00f6zeli kommunik\u00e1ci\u00f3<\/li>\n<li>Vezet\u0151i p\u00e9ldamutat\u00e1s \u00e9s hiteless\u00e9g<\/li>\n<li>\u00c1tl\u00e1that\u00f3 d\u00f6nt\u00e9shozatal<\/li>\n<\/ul>\n<\/td>\n<\/tr>\n<tr>\n<td>Elavult k\u00e9pz\u00e9si m\u00f3dszerek<\/td>\n<td>\n<ul>\n<li>Online tananyagok \u00e9s e-learning platformok bevezet\u00e9se<\/li>\n<li>\u201eMicrolearning\u201d megold\u00e1sok alkalmaz\u00e1sa<\/li>\n<li>\u00dajszer\u0171, interakt\u00edv workshopok (gamifik\u00e1ci\u00f3, csoportos projektfeladatok)<\/li>\n<\/ul>\n<\/td>\n<\/tr>\n<tr>\n<td>Korl\u00e1tozott munkav\u00e1llal\u00f3i bevon\u00f3d\u00e1s<\/td>\n<td>\n<ul>\n<li>Ny\u00edlt f\u00f3rumok, \u00f6tletversenyek szervez\u00e9se<\/li>\n<li>K\u00f6zvetlen vezet\u0151i bevon\u00e1s a mindennapi folyamatokba<\/li>\n<li>Elismer\u00e9si rendszer kiterjeszt\u00e9se minden szintre<\/li>\n<\/ul>\n<\/td>\n<\/tr>\n<\/tbody>\n<\/table>\n<p><strong>Az alkalmazottaid a legnagyobb \u00e9rt\u00e9ked!<\/strong> Fektess bel\u00e9j\u00fck, t\u00e1mogasd \u0151ket, \u00e9s figyeld meg, milyen gyorsan vir\u00e1gzik fel a szervezeted. Hozz l\u00e9tre olyan pozit\u00edv \u00e9s el\u0151remutat\u00f3 munkahelyi l\u00e9gk\u00f6rt, ahol a legtehets\u00e9gesebb emberek nemcsak megjelennek, de hossz\u00fa t\u00e1von is maradni akarnak. <strong>Ne habozz, csapj bele a megval\u00f3s\u00edt\u00e1sba m\u00e1r most!<\/strong><\/p>\n<p>Ha tov\u00e1bbi \u00fatmutat\u00e1sra van sz\u00fcks\u00e9ged, vagy szeretn\u00e9d a fenti strat\u00e9gi\u00e1kat a saj\u00e1t szervezeted egyedi ig\u00e9nyeihez igaz\u00edtani, <strong>keress meg b\u00e1tran<\/strong>. \u00d6r\u00f6mmel dolgozom ki veled egy testreszabott akci\u00f3tervet, hogy a munkav\u00e1llal\u00f3i elk\u00f6telezetts\u00e9g val\u00f3ban a v\u00e1llalati sikerek tart\u00f3pill\u00e9re legyen. Legy\u00e9l te a v\u00e1ltoz\u00e1s motorja, \u00e9s teremts er\u0151s, dinamikus, emberk\u00f6zpont\u00fa munkahelyi kult\u00far\u00e1t!<\/p>\n","protected":false},"excerpt":{"rendered":"<p>Vezet\u00e9sfejleszt\u00e9si szak\u00e9rt\u0151k\u00e9nt nap mint nap l\u00e1tom, hogy a munkav\u00e1llal\u00f3i elk\u00f6telezetts\u00e9g mekkora hat\u00e1st gyakorol a v\u00e1llalat siker\u00e9re. Nem el\u00e9g a j\u00f3 strat\u00e9gi\u00e1k \u00e9s rendszerek fel\u00e9p\u00edt\u00e9se; kulcsfontoss\u00e1g\u00fa, hogy a szervezet emberi oldala is kiemelt figyelmet kapjon. Az elk\u00f6telezett csapat \u00e9s a cs\u00f6kken\u0151 fluktu\u00e1ci\u00f3 nemcsak a termel\u00e9kenys\u00e9get n\u00f6veli, hanem olyan munkahelyi kult\u00far\u00e1t teremt, amelyben az emberek val\u00f3ban \u00e9rt\u00e9kesnek&#8230;<\/p>\n","protected":false},"author":1,"featured_media":1626,"comment_status":"closed","ping_status":"open","sticky":false,"template":"","format":"standard","meta":{"footnotes":""},"categories":[34],"tags":[],"class_list":["post-1108","post","type-post","status-publish","format-standard","has-post-thumbnail","hentry","category-business-coaching-egerben"],"yoast_head":"<!-- This site is optimized with the Yoast SEO plugin v27.5 - https:\/\/yoast.com\/product\/yoast-seo-wordpress\/ -->\n<title>Munkav\u00e1llal\u00f3i elk\u00f6telezetts\u00e9g \u00e9s megtart\u00e1s: A vir\u00e1gz\u00f3 szervezet kulcsa<\/title>\n<meta name=\"robots\" content=\"index, follow, max-snippet:-1, max-image-preview:large, max-video-preview:-1\" \/>\n<link rel=\"canonical\" href=\"https:\/\/egercoach.hu\/blog\/munkavallaloi-elkotelezettseg-es-megtartas-a-viragzo-szervezet-kulcsa\/\" \/>\n<meta property=\"og:locale\" content=\"hu_HU\" \/>\n<meta property=\"og:type\" content=\"article\" \/>\n<meta property=\"og:title\" content=\"Munkav\u00e1llal\u00f3i elk\u00f6telezetts\u00e9g \u00e9s megtart\u00e1s: A vir\u00e1gz\u00f3 szervezet kulcsa\" \/>\n<meta property=\"og:description\" content=\"Vezet\u00e9sfejleszt\u00e9si szak\u00e9rt\u0151k\u00e9nt nap mint nap l\u00e1tom, hogy a munkav\u00e1llal\u00f3i elk\u00f6telezetts\u00e9g mekkora hat\u00e1st gyakorol a v\u00e1llalat siker\u00e9re. Nem el\u00e9g a j\u00f3 strat\u00e9gi\u00e1k \u00e9s rendszerek fel\u00e9p\u00edt\u00e9se; kulcsfontoss\u00e1g\u00fa, hogy a szervezet emberi oldala is kiemelt figyelmet kapjon. Az elk\u00f6telezett csapat \u00e9s a cs\u00f6kken\u0151 fluktu\u00e1ci\u00f3 nemcsak a termel\u00e9kenys\u00e9get n\u00f6veli, hanem olyan munkahelyi kult\u00far\u00e1t teremt, amelyben az emberek val\u00f3ban \u00e9rt\u00e9kesnek...\" \/>\n<meta property=\"og:url\" content=\"https:\/\/egercoach.hu\/blog\/munkavallaloi-elkotelezettseg-es-megtartas-a-viragzo-szervezet-kulcsa\/\" \/>\n<meta property=\"og:site_name\" content=\"Az Egri Coach Blogja\" \/>\n<meta property=\"article:publisher\" content=\"https:\/\/www.facebook.com\/eger.coach\" \/>\n<meta property=\"article:published_time\" content=\"2025-06-02T14:22:24+00:00\" \/>\n<meta property=\"article:modified_time\" content=\"2025-12-14T06:27:14+00:00\" \/>\n<meta property=\"og:image\" content=\"https:\/\/egercoach.hu\/blog\/wp-content\/uploads\/2025\/06\/f7e97373601be96be8f303455c282df1b3e54a2f79e862614a5cb22c27092012-scaled.jpg\" \/>\n\t<meta property=\"og:image:width\" content=\"1500\" \/>\n\t<meta property=\"og:image:height\" content=\"1000\" \/>\n\t<meta property=\"og:image:type\" content=\"image\/jpeg\" \/>\n<meta name=\"author\" content=\"Dajka G\u00e1bor\" \/>\n<meta name=\"twitter:card\" content=\"summary_large_image\" \/>\n<meta name=\"twitter:label1\" content=\"Szerz\u0151:\" \/>\n\t<meta name=\"twitter:data1\" content=\"Dajka G\u00e1bor\" \/>\n\t<meta name=\"twitter:label2\" content=\"Becs\u00fclt olvas\u00e1si id\u0151\" \/>\n\t<meta name=\"twitter:data2\" content=\"10 perc\" \/>\n<script type=\"application\/ld+json\" class=\"yoast-schema-graph\">{\"@context\":\"https:\\\/\\\/schema.org\",\"@graph\":[{\"@type\":\"Article\",\"@id\":\"https:\\\/\\\/egercoach.hu\\\/blog\\\/munkavallaloi-elkotelezettseg-es-megtartas-a-viragzo-szervezet-kulcsa\\\/#article\",\"isPartOf\":{\"@id\":\"https:\\\/\\\/egercoach.hu\\\/blog\\\/munkavallaloi-elkotelezettseg-es-megtartas-a-viragzo-szervezet-kulcsa\\\/\"},\"author\":{\"name\":\"Dajka G\u00e1bor\",\"@id\":\"https:\\\/\\\/egercoach.hu\\\/blog\\\/#\\\/schema\\\/person\\\/afc73367aa314ca33a9c8d3b88dce6e7\"},\"headline\":\"Munkav\u00e1llal\u00f3i elk\u00f6telezetts\u00e9g \u00e9s megtart\u00e1s: A vir\u00e1gz\u00f3 szervezet kulcsa\",\"datePublished\":\"2025-06-02T14:22:24+00:00\",\"dateModified\":\"2025-12-14T06:27:14+00:00\",\"mainEntityOfPage\":{\"@id\":\"https:\\\/\\\/egercoach.hu\\\/blog\\\/munkavallaloi-elkotelezettseg-es-megtartas-a-viragzo-szervezet-kulcsa\\\/\"},\"wordCount\":2718,\"publisher\":{\"@id\":\"https:\\\/\\\/egercoach.hu\\\/blog\\\/#organization\"},\"image\":{\"@id\":\"https:\\\/\\\/egercoach.hu\\\/blog\\\/munkavallaloi-elkotelezettseg-es-megtartas-a-viragzo-szervezet-kulcsa\\\/#primaryimage\"},\"thumbnailUrl\":\"https:\\\/\\\/egercoach.hu\\\/blog\\\/wp-content\\\/uploads\\\/2025\\\/06\\\/f7e97373601be96be8f303455c282df1b3e54a2f79e862614a5cb22c27092012-scaled.jpg\",\"articleSection\":[\"Business coaching Egerben\"],\"inLanguage\":\"hu\"},{\"@type\":\"WebPage\",\"@id\":\"https:\\\/\\\/egercoach.hu\\\/blog\\\/munkavallaloi-elkotelezettseg-es-megtartas-a-viragzo-szervezet-kulcsa\\\/\",\"url\":\"https:\\\/\\\/egercoach.hu\\\/blog\\\/munkavallaloi-elkotelezettseg-es-megtartas-a-viragzo-szervezet-kulcsa\\\/\",\"name\":\"Munkav\u00e1llal\u00f3i elk\u00f6telezetts\u00e9g \u00e9s megtart\u00e1s: A vir\u00e1gz\u00f3 szervezet kulcsa\",\"isPartOf\":{\"@id\":\"https:\\\/\\\/egercoach.hu\\\/blog\\\/#website\"},\"primaryImageOfPage\":{\"@id\":\"https:\\\/\\\/egercoach.hu\\\/blog\\\/munkavallaloi-elkotelezettseg-es-megtartas-a-viragzo-szervezet-kulcsa\\\/#primaryimage\"},\"image\":{\"@id\":\"https:\\\/\\\/egercoach.hu\\\/blog\\\/munkavallaloi-elkotelezettseg-es-megtartas-a-viragzo-szervezet-kulcsa\\\/#primaryimage\"},\"thumbnailUrl\":\"https:\\\/\\\/egercoach.hu\\\/blog\\\/wp-content\\\/uploads\\\/2025\\\/06\\\/f7e97373601be96be8f303455c282df1b3e54a2f79e862614a5cb22c27092012-scaled.jpg\",\"datePublished\":\"2025-06-02T14:22:24+00:00\",\"dateModified\":\"2025-12-14T06:27:14+00:00\",\"breadcrumb\":{\"@id\":\"https:\\\/\\\/egercoach.hu\\\/blog\\\/munkavallaloi-elkotelezettseg-es-megtartas-a-viragzo-szervezet-kulcsa\\\/#breadcrumb\"},\"inLanguage\":\"hu\",\"potentialAction\":[{\"@type\":\"ReadAction\",\"target\":[\"https:\\\/\\\/egercoach.hu\\\/blog\\\/munkavallaloi-elkotelezettseg-es-megtartas-a-viragzo-szervezet-kulcsa\\\/\"]}]},{\"@type\":\"ImageObject\",\"inLanguage\":\"hu\",\"@id\":\"https:\\\/\\\/egercoach.hu\\\/blog\\\/munkavallaloi-elkotelezettseg-es-megtartas-a-viragzo-szervezet-kulcsa\\\/#primaryimage\",\"url\":\"https:\\\/\\\/egercoach.hu\\\/blog\\\/wp-content\\\/uploads\\\/2025\\\/06\\\/f7e97373601be96be8f303455c282df1b3e54a2f79e862614a5cb22c27092012-scaled.jpg\",\"contentUrl\":\"https:\\\/\\\/egercoach.hu\\\/blog\\\/wp-content\\\/uploads\\\/2025\\\/06\\\/f7e97373601be96be8f303455c282df1b3e54a2f79e862614a5cb22c27092012-scaled.jpg\",\"width\":1500,\"height\":1000},{\"@type\":\"BreadcrumbList\",\"@id\":\"https:\\\/\\\/egercoach.hu\\\/blog\\\/munkavallaloi-elkotelezettseg-es-megtartas-a-viragzo-szervezet-kulcsa\\\/#breadcrumb\",\"itemListElement\":[{\"@type\":\"ListItem\",\"position\":1,\"name\":\"Kezd\u0151lap\",\"item\":\"https:\\\/\\\/egercoach.hu\\\/blog\\\/\"},{\"@type\":\"ListItem\",\"position\":2,\"name\":\"Munkav\u00e1llal\u00f3i elk\u00f6telezetts\u00e9g \u00e9s megtart\u00e1s: A vir\u00e1gz\u00f3 szervezet kulcsa\"}]},{\"@type\":\"WebSite\",\"@id\":\"https:\\\/\\\/egercoach.hu\\\/blog\\\/#website\",\"url\":\"https:\\\/\\\/egercoach.hu\\\/blog\\\/\",\"name\":\"Eger Coach Blog\",\"description\":\"\",\"publisher\":{\"@id\":\"https:\\\/\\\/egercoach.hu\\\/blog\\\/#organization\"},\"potentialAction\":[{\"@type\":\"SearchAction\",\"target\":{\"@type\":\"EntryPoint\",\"urlTemplate\":\"https:\\\/\\\/egercoach.hu\\\/blog\\\/?s={search_term_string}\"},\"query-input\":{\"@type\":\"PropertyValueSpecification\",\"valueRequired\":true,\"valueName\":\"search_term_string\"}}],\"inLanguage\":\"hu\"},{\"@type\":\"Organization\",\"@id\":\"https:\\\/\\\/egercoach.hu\\\/blog\\\/#organization\",\"name\":\"Eger Coach Blog\",\"url\":\"https:\\\/\\\/egercoach.hu\\\/blog\\\/\",\"logo\":{\"@type\":\"ImageObject\",\"inLanguage\":\"hu\",\"@id\":\"https:\\\/\\\/egercoach.hu\\\/blog\\\/#\\\/schema\\\/logo\\\/image\\\/\",\"url\":\"https:\\\/\\\/egercoach.hu\\\/blog\\\/wp-content\\\/uploads\\\/2025\\\/05\\\/cropped-Eger.png\",\"contentUrl\":\"https:\\\/\\\/egercoach.hu\\\/blog\\\/wp-content\\\/uploads\\\/2025\\\/05\\\/cropped-Eger.png\",\"width\":500,\"height\":169,\"caption\":\"Eger Coach Blog\"},\"image\":{\"@id\":\"https:\\\/\\\/egercoach.hu\\\/blog\\\/#\\\/schema\\\/logo\\\/image\\\/\"},\"sameAs\":[\"https:\\\/\\\/www.facebook.com\\\/eger.coach\"]},{\"@type\":\"Person\",\"@id\":\"https:\\\/\\\/egercoach.hu\\\/blog\\\/#\\\/schema\\\/person\\\/afc73367aa314ca33a9c8d3b88dce6e7\",\"name\":\"Dajka G\u00e1bor\",\"image\":{\"@type\":\"ImageObject\",\"inLanguage\":\"hu\",\"@id\":\"https:\\\/\\\/secure.gravatar.com\\\/avatar\\\/81566ea1e2b3466baa03e9bdcdaa835f58564d8be90057a45f3e61711dc8a063?s=96&d=mm&r=g\",\"url\":\"https:\\\/\\\/secure.gravatar.com\\\/avatar\\\/81566ea1e2b3466baa03e9bdcdaa835f58564d8be90057a45f3e61711dc8a063?s=96&d=mm&r=g\",\"contentUrl\":\"https:\\\/\\\/secure.gravatar.com\\\/avatar\\\/81566ea1e2b3466baa03e9bdcdaa835f58564d8be90057a45f3e61711dc8a063?s=96&d=mm&r=g\",\"caption\":\"Dajka G\u00e1bor\"},\"sameAs\":[\"https:\\\/\\\/egercoach.hu\\\/blog\"],\"url\":\"https:\\\/\\\/egercoach.hu\\\/blog\\\/author\\\/adminka\\\/\"}]}<\/script>\n<!-- \/ Yoast SEO plugin. -->","yoast_head_json":{"title":"Munkav\u00e1llal\u00f3i elk\u00f6telezetts\u00e9g \u00e9s megtart\u00e1s: A vir\u00e1gz\u00f3 szervezet kulcsa","robots":{"index":"index","follow":"follow","max-snippet":"max-snippet:-1","max-image-preview":"max-image-preview:large","max-video-preview":"max-video-preview:-1"},"canonical":"https:\/\/egercoach.hu\/blog\/munkavallaloi-elkotelezettseg-es-megtartas-a-viragzo-szervezet-kulcsa\/","og_locale":"hu_HU","og_type":"article","og_title":"Munkav\u00e1llal\u00f3i elk\u00f6telezetts\u00e9g \u00e9s megtart\u00e1s: A vir\u00e1gz\u00f3 szervezet kulcsa","og_description":"Vezet\u00e9sfejleszt\u00e9si szak\u00e9rt\u0151k\u00e9nt nap mint nap l\u00e1tom, hogy a munkav\u00e1llal\u00f3i elk\u00f6telezetts\u00e9g mekkora hat\u00e1st gyakorol a v\u00e1llalat siker\u00e9re. Nem el\u00e9g a j\u00f3 strat\u00e9gi\u00e1k \u00e9s rendszerek fel\u00e9p\u00edt\u00e9se; kulcsfontoss\u00e1g\u00fa, hogy a szervezet emberi oldala is kiemelt figyelmet kapjon. Az elk\u00f6telezett csapat \u00e9s a cs\u00f6kken\u0151 fluktu\u00e1ci\u00f3 nemcsak a termel\u00e9kenys\u00e9get n\u00f6veli, hanem olyan munkahelyi kult\u00far\u00e1t teremt, amelyben az emberek val\u00f3ban \u00e9rt\u00e9kesnek...","og_url":"https:\/\/egercoach.hu\/blog\/munkavallaloi-elkotelezettseg-es-megtartas-a-viragzo-szervezet-kulcsa\/","og_site_name":"Az Egri Coach Blogja","article_publisher":"https:\/\/www.facebook.com\/eger.coach","article_published_time":"2025-06-02T14:22:24+00:00","article_modified_time":"2025-12-14T06:27:14+00:00","og_image":[{"width":1500,"height":1000,"url":"https:\/\/egercoach.hu\/blog\/wp-content\/uploads\/2025\/06\/f7e97373601be96be8f303455c282df1b3e54a2f79e862614a5cb22c27092012-scaled.jpg","type":"image\/jpeg"}],"author":"Dajka G\u00e1bor","twitter_card":"summary_large_image","twitter_misc":{"Szerz\u0151:":"Dajka G\u00e1bor","Becs\u00fclt olvas\u00e1si id\u0151":"10 perc"},"schema":{"@context":"https:\/\/schema.org","@graph":[{"@type":"Article","@id":"https:\/\/egercoach.hu\/blog\/munkavallaloi-elkotelezettseg-es-megtartas-a-viragzo-szervezet-kulcsa\/#article","isPartOf":{"@id":"https:\/\/egercoach.hu\/blog\/munkavallaloi-elkotelezettseg-es-megtartas-a-viragzo-szervezet-kulcsa\/"},"author":{"name":"Dajka G\u00e1bor","@id":"https:\/\/egercoach.hu\/blog\/#\/schema\/person\/afc73367aa314ca33a9c8d3b88dce6e7"},"headline":"Munkav\u00e1llal\u00f3i elk\u00f6telezetts\u00e9g \u00e9s megtart\u00e1s: A vir\u00e1gz\u00f3 szervezet kulcsa","datePublished":"2025-06-02T14:22:24+00:00","dateModified":"2025-12-14T06:27:14+00:00","mainEntityOfPage":{"@id":"https:\/\/egercoach.hu\/blog\/munkavallaloi-elkotelezettseg-es-megtartas-a-viragzo-szervezet-kulcsa\/"},"wordCount":2718,"publisher":{"@id":"https:\/\/egercoach.hu\/blog\/#organization"},"image":{"@id":"https:\/\/egercoach.hu\/blog\/munkavallaloi-elkotelezettseg-es-megtartas-a-viragzo-szervezet-kulcsa\/#primaryimage"},"thumbnailUrl":"https:\/\/egercoach.hu\/blog\/wp-content\/uploads\/2025\/06\/f7e97373601be96be8f303455c282df1b3e54a2f79e862614a5cb22c27092012-scaled.jpg","articleSection":["Business coaching Egerben"],"inLanguage":"hu"},{"@type":"WebPage","@id":"https:\/\/egercoach.hu\/blog\/munkavallaloi-elkotelezettseg-es-megtartas-a-viragzo-szervezet-kulcsa\/","url":"https:\/\/egercoach.hu\/blog\/munkavallaloi-elkotelezettseg-es-megtartas-a-viragzo-szervezet-kulcsa\/","name":"Munkav\u00e1llal\u00f3i elk\u00f6telezetts\u00e9g \u00e9s megtart\u00e1s: A vir\u00e1gz\u00f3 szervezet kulcsa","isPartOf":{"@id":"https:\/\/egercoach.hu\/blog\/#website"},"primaryImageOfPage":{"@id":"https:\/\/egercoach.hu\/blog\/munkavallaloi-elkotelezettseg-es-megtartas-a-viragzo-szervezet-kulcsa\/#primaryimage"},"image":{"@id":"https:\/\/egercoach.hu\/blog\/munkavallaloi-elkotelezettseg-es-megtartas-a-viragzo-szervezet-kulcsa\/#primaryimage"},"thumbnailUrl":"https:\/\/egercoach.hu\/blog\/wp-content\/uploads\/2025\/06\/f7e97373601be96be8f303455c282df1b3e54a2f79e862614a5cb22c27092012-scaled.jpg","datePublished":"2025-06-02T14:22:24+00:00","dateModified":"2025-12-14T06:27:14+00:00","breadcrumb":{"@id":"https:\/\/egercoach.hu\/blog\/munkavallaloi-elkotelezettseg-es-megtartas-a-viragzo-szervezet-kulcsa\/#breadcrumb"},"inLanguage":"hu","potentialAction":[{"@type":"ReadAction","target":["https:\/\/egercoach.hu\/blog\/munkavallaloi-elkotelezettseg-es-megtartas-a-viragzo-szervezet-kulcsa\/"]}]},{"@type":"ImageObject","inLanguage":"hu","@id":"https:\/\/egercoach.hu\/blog\/munkavallaloi-elkotelezettseg-es-megtartas-a-viragzo-szervezet-kulcsa\/#primaryimage","url":"https:\/\/egercoach.hu\/blog\/wp-content\/uploads\/2025\/06\/f7e97373601be96be8f303455c282df1b3e54a2f79e862614a5cb22c27092012-scaled.jpg","contentUrl":"https:\/\/egercoach.hu\/blog\/wp-content\/uploads\/2025\/06\/f7e97373601be96be8f303455c282df1b3e54a2f79e862614a5cb22c27092012-scaled.jpg","width":1500,"height":1000},{"@type":"BreadcrumbList","@id":"https:\/\/egercoach.hu\/blog\/munkavallaloi-elkotelezettseg-es-megtartas-a-viragzo-szervezet-kulcsa\/#breadcrumb","itemListElement":[{"@type":"ListItem","position":1,"name":"Kezd\u0151lap","item":"https:\/\/egercoach.hu\/blog\/"},{"@type":"ListItem","position":2,"name":"Munkav\u00e1llal\u00f3i elk\u00f6telezetts\u00e9g \u00e9s megtart\u00e1s: A vir\u00e1gz\u00f3 szervezet kulcsa"}]},{"@type":"WebSite","@id":"https:\/\/egercoach.hu\/blog\/#website","url":"https:\/\/egercoach.hu\/blog\/","name":"Eger Coach Blog","description":"","publisher":{"@id":"https:\/\/egercoach.hu\/blog\/#organization"},"potentialAction":[{"@type":"SearchAction","target":{"@type":"EntryPoint","urlTemplate":"https:\/\/egercoach.hu\/blog\/?s={search_term_string}"},"query-input":{"@type":"PropertyValueSpecification","valueRequired":true,"valueName":"search_term_string"}}],"inLanguage":"hu"},{"@type":"Organization","@id":"https:\/\/egercoach.hu\/blog\/#organization","name":"Eger Coach Blog","url":"https:\/\/egercoach.hu\/blog\/","logo":{"@type":"ImageObject","inLanguage":"hu","@id":"https:\/\/egercoach.hu\/blog\/#\/schema\/logo\/image\/","url":"https:\/\/egercoach.hu\/blog\/wp-content\/uploads\/2025\/05\/cropped-Eger.png","contentUrl":"https:\/\/egercoach.hu\/blog\/wp-content\/uploads\/2025\/05\/cropped-Eger.png","width":500,"height":169,"caption":"Eger Coach Blog"},"image":{"@id":"https:\/\/egercoach.hu\/blog\/#\/schema\/logo\/image\/"},"sameAs":["https:\/\/www.facebook.com\/eger.coach"]},{"@type":"Person","@id":"https:\/\/egercoach.hu\/blog\/#\/schema\/person\/afc73367aa314ca33a9c8d3b88dce6e7","name":"Dajka G\u00e1bor","image":{"@type":"ImageObject","inLanguage":"hu","@id":"https:\/\/secure.gravatar.com\/avatar\/81566ea1e2b3466baa03e9bdcdaa835f58564d8be90057a45f3e61711dc8a063?s=96&d=mm&r=g","url":"https:\/\/secure.gravatar.com\/avatar\/81566ea1e2b3466baa03e9bdcdaa835f58564d8be90057a45f3e61711dc8a063?s=96&d=mm&r=g","contentUrl":"https:\/\/secure.gravatar.com\/avatar\/81566ea1e2b3466baa03e9bdcdaa835f58564d8be90057a45f3e61711dc8a063?s=96&d=mm&r=g","caption":"Dajka G\u00e1bor"},"sameAs":["https:\/\/egercoach.hu\/blog"],"url":"https:\/\/egercoach.hu\/blog\/author\/adminka\/"}]}},"_links":{"self":[{"href":"https:\/\/egercoach.hu\/blog\/wp-json\/wp\/v2\/posts\/1108","targetHints":{"allow":["GET"]}}],"collection":[{"href":"https:\/\/egercoach.hu\/blog\/wp-json\/wp\/v2\/posts"}],"about":[{"href":"https:\/\/egercoach.hu\/blog\/wp-json\/wp\/v2\/types\/post"}],"author":[{"embeddable":true,"href":"https:\/\/egercoach.hu\/blog\/wp-json\/wp\/v2\/users\/1"}],"replies":[{"embeddable":true,"href":"https:\/\/egercoach.hu\/blog\/wp-json\/wp\/v2\/comments?post=1108"}],"version-history":[{"count":0,"href":"https:\/\/egercoach.hu\/blog\/wp-json\/wp\/v2\/posts\/1108\/revisions"}],"wp:featuredmedia":[{"embeddable":true,"href":"https:\/\/egercoach.hu\/blog\/wp-json\/wp\/v2\/media\/1626"}],"wp:attachment":[{"href":"https:\/\/egercoach.hu\/blog\/wp-json\/wp\/v2\/media?parent=1108"}],"wp:term":[{"taxonomy":"category","embeddable":true,"href":"https:\/\/egercoach.hu\/blog\/wp-json\/wp\/v2\/categories?post=1108"},{"taxonomy":"post_tag","embeddable":true,"href":"https:\/\/egercoach.hu\/blog\/wp-json\/wp\/v2\/tags?post=1108"}],"curies":[{"name":"wp","href":"https:\/\/api.w.org\/{rel}","templated":true}]}}