{"id":12,"date":"2023-07-20T00:00:00","date_gmt":"2023-07-19T22:00:00","guid":{"rendered":"https:\/\/egercoach.hu\/blog\/2023\/07\/20\/a-megbocsatas-tuja-tul-a-fajdalmon-es-a-haragon\/"},"modified":"2025-10-29T20:52:04","modified_gmt":"2025-10-29T19:52:04","slug":"a-megbocsatas-tuja-tul-a-fajdalmon-es-a-haragon","status":"publish","type":"post","link":"https:\/\/egercoach.hu\/blog\/a-megbocsatas-tuja-tul-a-fajdalmon-es-a-haragon\/","title":{"rendered":"A megbocs\u00e1t\u00e1s \u00fatja: t\u00fal a f\u00e1jdalmon \u00e9s haragon"},"content":{"rendered":"<p>A megbocs\u00e1t\u00e1sr\u00f3l a legt\u00f6bb embernek egyetlen k\u00e9p villan be: valaki bocs\u00e1natot k\u00e9r, a m\u00e1sik pedig nagylelk\u0171en r\u00e1b\u00f3lint, \u00e9s ezzel \u201ele is z\u00e1rult az \u00fcgy\u201d. A val\u00f3s\u00e1g sokkal \u00f6sszetettebb. Sokszor nem hangzik el bocs\u00e1natk\u00e9r\u00e9s, vagy ha el is hangzik, a sz\u00edvben marad a s\u00e9rtetts\u00e9g, a bizalmatlans\u00e1g, a \u201emi lett volna, ha\u2026\u201d fesz\u00fclts\u00e9ge. M\u00e9gis, a megbocs\u00e1t\u00e1s nem els\u0151sorban a m\u00e1sikr\u00f3l sz\u00f3l, hanem r\u00f3lad: a saj\u00e1t idegrendszered terhel\u00e9s\u00e9r\u0151l, a gondolataid visszat\u00e9r\u0151 hurkair\u00f3l, a kapcsolataid min\u0151s\u00e9g\u00e9r\u0151l \u00e9s a hossz\u00fa t\u00e1v\u00fa testi-lelki j\u00f3ll\u00e9tedr\u0151l. Coachk\u00e9nt, vezet\u0151fejleszt\u0151k\u00e9nt mindennap l\u00e1tom, hogy aki nem a s\u00e9relemre, hanem a rendez\u00e9sre \u00e9p\u00edt, fokozatosan visszaszerzi a hatalmat az \u00e9lete f\u00f6l\u00f6tt. Ett\u0151l m\u00e9g a megbocs\u00e1t\u00e1s nem \u201ek\u00f6nny\u0171\u201d l\u00e9p\u00e9s, nem is egyetlen d\u00f6nt\u00e9s, hanem egy tanulhat\u00f3, l\u00e9p\u00e9sr\u0151l l\u00e9p\u00e9sre \u00e9p\u00edthet\u0151 folyamat. Ebben az \u00edr\u00e1sban szisztematikusan v\u00e9gigvezetlek a l\u00e9nyegi pontokon: mit jelent a megbocs\u00e1t\u00e1s \u00e9s mit nem; mi\u00e9rt tud makacsul ellen\u00e1llni az ember a kiengesztel\u0151d\u00e9snek; milyen pszichol\u00f3giai f\u00e1zisai vannak a bels\u0151 elenged\u00e9snek; hogyan \u00e9p\u00edtheted be a h\u00e9tk\u00f6znapjaidba; \u00e9s mikor helyes a megbocs\u00e1t\u00e1st hat\u00e1rkijel\u00f6l\u00e9ssel p\u00e1ros\u00edtani. Nem \u00edg\u00e9rek csod\u00e1t \u00e9s nem k\u00edn\u00e1lok var\u00e1zsmondatokat. Azt k\u00edn\u00e1lom, amit a gyakorlat igazolt: tiszta fogalmakat, m\u0171k\u00f6d\u0151 l\u00e9p\u00e9seket, b\u00e1tor, de re\u00e1lis szeml\u00e9letet. Mert a megbocs\u00e1t\u00e1s nem \u00f6nfelad\u00e1s; a megbocs\u00e1t\u00e1s \u00f6nv\u00e9delem. \u00c9s nem a felejt\u00e9s parancsa; a val\u00f3s\u00e1g rendez\u00e9s\u00e9nek eszk\u00f6ze.<\/p>\n<h2>Mit jelent a megbocs\u00e1t\u00e1s \u2013 \u00e9s mit nem?<\/h2>\n<p>A leggyakoribb f\u00e9lre\u00e9rt\u00e9s, hogy a megbocs\u00e1t\u00e1s felment\u00e9s. Valaki megs\u00e9rt, te pedig \u201eelengeded\u201d, teh\u00e1t mintha j\u00f3v\u00e1hagyn\u00e1d a tettet. Ez t\u00e9ved\u00e9s. A megbocs\u00e1t\u00e1s nem felment\u00e9s \u00e9s nem jogi \u00edt\u00e9let; nem k\u00f6telez a kapcsolat fenntart\u00e1s\u00e1ra; nem t\u00f6rli a m\u00faltat, \u00e9s nem tiltja a hat\u00e1rok h\u00faz\u00e1s\u00e1t. A megbocs\u00e1t\u00e1s egy bels\u0151 d\u00f6nt\u00e9ssorozat: nem adom tov\u00e1bb a s\u00e9relemnek azt a jogot, hogy a jelenemet \u00e9s a j\u00f6v\u0151met meghat\u00e1rozza. Ez egy\u00fctt j\u00e1rhat a kapcsolat \u00fajraszab\u00e1lyoz\u00e1s\u00e1val (p\u00e9ld\u00e1ul ritk\u00e1bb tal\u00e1lkoz\u00e1s, felt\u00e9telekhez k\u00f6t\u00f6tt bizalom, k\u00f6zvet\u00edt\u0151 bevon\u00e1sa), s\u0151t, sz\u00e9ls\u0151s\u00e9ges esetben teljes lez\u00e1r\u00e1ssal is. Fontos k\u00fcl\u00f6nbs\u00e9get tenni a megbocs\u00e1t\u00e1s, a megb\u00e9k\u00e9l\u00e9s \u00e9s a felejt\u00e9s k\u00f6z\u00f6tt. A megb\u00e9k\u00e9l\u00e9s k\u00e9t ember k\u00f6z\u00f6s v\u00e1llal\u00e1sa; a felejt\u00e9s sokszor ill\u00fazi\u00f3. A megbocs\u00e1t\u00e1s viszont egyoldal\u00faan is megval\u00f3s\u00edthat\u00f3 bels\u0151 munka. Ez\u00e9rt mondom: a megbocs\u00e1t\u00e1s nem a m\u00e1siknak adott aj\u00e1nd\u00e9k, hanem \u00f6nmagadnak adott lehet\u0151s\u00e9g a gy\u00f3gyul\u00e1sra. Kutat\u00e1sok rendre jelzik, hogy a tart\u00f3s s\u00e9relem\u0151rz\u00e9s fokozza a stresszreakci\u00f3kat, rontja a hangulatstabilit\u00e1st \u00e9s \u00f6sszef\u00fcgg a kapcsolati el\u00e9gedetlens\u00e9ggel; m\u00edg a rendez\u0151d\u00e9s fel\u00e9 tett l\u00e9p\u00e9sek cs\u00f6kkentik a beidegzett \u201ek\u00e9szenl\u00e9ti\u201d \u00e1llapotot \u00e9s jav\u00edtj\u00e1k a k\u00f6z\u00e9rzetet. A gyakorlati k\u00e9rd\u00e9s teh\u00e1t nem az, \u201emeg\u00e9rdemli-e a m\u00e1sik\u201d, hanem az: hajland\u00f3 vagy-e visszavenni a bels\u0151 ir\u00e1ny\u00edt\u00e1st.<\/p>\n<table border=\"1\">\n<thead>\n<tr>\n<th>Fogalom<\/th>\n<th>L\u00e9nyege<\/th>\n<th>K\u00f6vetkezm\u00e9ny<\/th>\n<\/tr>\n<\/thead>\n<tbody>\n<tr>\n<td>Megbocs\u00e1t\u00e1s<\/td>\n<td>Bels\u0151 elenged\u00e9s, a s\u00e9relem \u00e9rzelmi hatalm\u00e1nak cs\u00f6kkent\u00e9se<\/td>\n<td>Cs\u00f6kken\u0151 fesz\u00fclts\u00e9g, rugalmasabb reakci\u00f3k, tiszt\u00e1bb d\u00f6nt\u00e9sek<\/td>\n<\/tr>\n<tr>\n<td>Megb\u00e9k\u00e9l\u00e9s<\/td>\n<td>K\u00e9toldal\u00fa rendez\u00e9s, bizalom\u00e9p\u00edt\u00e9s felt\u00e9telekkel<\/td>\n<td>\u00daj keretek, esetleg fokozatos k\u00f6zeled\u00e9s<\/td>\n<\/tr>\n<tr>\n<td>Felejt\u00e9s<\/td>\n<td>Eml\u00e9kek halv\u00e1nyul\u00e1sa (nem akaratlagos)<\/td>\n<td>Nincs garancia, nem ter\u00e1pi\u00e1s c\u00e9l<\/td>\n<\/tr>\n<\/tbody>\n<\/table>\n<h2>Mi\u00e9rt olyan neh\u00e9z megbocs\u00e1tani?<\/h2>\n<p>Az emberi idegrendszer a vesz\u00e9lyre figyel. Ha s\u00e9r\u00fcl\u00e9s \u00e9r, a rendszer \u00e9rthet\u0151en \u201eriaszt\u201d: d\u00fch, megvet\u00e9s, sz\u00e9gyen vagy f\u00e9lelem form\u00e1j\u00e1ban. Ezek a reakci\u00f3k r\u00f6vid t\u00e1von v\u00e9d\u0151 funkci\u00f3t l\u00e1tnak el: jelzik, hol a hat\u00e1r, \u00e9s energi\u00e1t adnak az \u00f6nv\u00e9delemhez. Hossz\u00fa t\u00e1von azonban, ha a t\u00f6rt\u00e9netet \u00fajra \u00e9s \u00fajra ugyanazzal a bels\u0151 narrat\u00edv\u00e1val futtatod le, a szervezet megtanulja a kr\u00f3nikus k\u00e9sz\u00fclts\u00e9get. Ekkor a s\u00e9relem nemcsak \u201eeml\u00e9k\u201d, hanem m\u0171k\u00f6d\u00e9si minta lesz: bizalmatlanabb\u00e1 v\u00e1lsz, t\u00f6bbet felt\u00e9telezel rosszat, a semleges ingereket is fenyeget\u0151nek olvashatod. A megbocs\u00e1t\u00e1s ellen gyakran k\u00e9t bels\u0151 \u00e9rv dolgozik. Az egyik az igazs\u00e1g\u00e9rzet: \u201eHa elengedem, az igazs\u00e1gtalan.\u201d A m\u00e1sik a kontroll ill\u00fazi\u00f3ja: \u201eHa nem bocs\u00e1tok meg, azzal mintha k\u00e9zben tartan\u00e1m a helyzetet.\u201d Val\u00f3j\u00e1ban a hosszan hordozott harag ritk\u00e1n ad kontrollt; ink\u00e1bb fokozza a tehetetlens\u00e9get. A rendez\u00e9s nem az igazs\u00e1g megtagad\u00e1sa; a rendez\u00e9s magasabb c\u00e9l: meg\u00f3vni a saj\u00e1t energi\u00e1dat, tiszt\u00e1bban d\u00f6nteni a folytat\u00e1sr\u00f3l, a kapcsolat sors\u00e1r\u00f3l. Kimondhatod: ami t\u00f6rt\u00e9nt, helytelen. \u00c9s ugyanakkor d\u00f6nthetsz \u00fagy, hogy nem hagyod, hogy a t\u00f6rt\u00e9n\u00e9s hat\u00e1rozza meg az identit\u00e1sodat \u00e9s a mindennapjaid hangolts\u00e1g\u00e1t.<\/p>\n<h2>A megbocs\u00e1t\u00e1s folyamata<\/h2>\n<p>Nem line\u00e1ris l\u00e9pcs\u0151sor, ink\u00e1bb ciklikus k\u00f6zeled\u00e9s. Lesz visszaes\u00e9s, n\u00e9ha gyors el\u0151rel\u00e9p\u00e9s, majd elbizonytalanod\u00e1s. M\u00e9gis \u00e9rdemes \u00e1tfog\u00f3 keretben gondolkodni: felismer\u00e9s (a s\u00e9relem terhe t\u00fal nagy), meg\u00e9rt\u00e9s (mi t\u00f6rt\u00e9nt bennem \u00e9s mi\u00e9rt), \u00e1tkeretez\u00e9s (m\u00e1sik n\u00e9z\u0151pontja \u2013 nem felment\u00e9s, hanem kontextus), \u00e9rzelmi elenged\u00e9s (a testi-lelki fesz\u00fclts\u00e9g old\u00e1sa), majd a viszony \u00fajraszab\u00e1lyoz\u00e1sa. Ebben a szakaszban seg\u00edt, ha elk\u00fcl\u00f6n\u00edted a bels\u0151 megbocs\u00e1t\u00e1st a k\u00fcls\u0151 l\u00e9p\u00e9sekt\u0151l. Bels\u0151: dolgozol az \u00e9rzelmi teher cs\u00f6kkent\u00e9s\u00e9n, a harag m\u00e9rs\u00e9kl\u00e9s\u00e9n, a keser\u0171s\u00e9gb\u0151l tanul\u00e1sra ford\u00edtod a figyelmet. K\u00fcls\u0151: kommunik\u00e1ci\u00f3, hat\u00e1rkijel\u00f6l\u00e9s, a kapcsolat j\u00f6v\u0151j\u00e9nek tudatos megtervez\u00e9se. Ne s\u00fcrgesd magad. A \u201ek\u00e9sz vagyok-e\u201d k\u00e9rd\u00e9sre nem mindig van egy\u00e9rtelm\u0171 v\u00e1lasz. Figyeld a jeleket: m\u00e1r nem p\u00f6r\u00f6gsz naponta t\u00f6bbsz\u00f6r a t\u00f6rt\u00e9neten; m\u00e9rs\u00e9kl\u0151dnek a testi jelz\u00e9sek; \u00e1rnyaltabban l\u00e1tsz; k\u00e9pes vagy megk\u00fcl\u00f6nb\u00f6ztetni a hat\u00e1rt \u00e9s a bossz\u00fav\u00e1gyat. Ezek a folyamat \u00e9rett szakasz\u00e1t jelzik.<\/p>\n<ul>\n<li><b>Felismer\u00e9s:<\/b> nevezd meg pontosan a s\u00e9relmet \u00e9s a hat\u00e1s\u00e1t<\/li>\n<li><b>Meg\u00e9rt\u00e9s:<\/b> \u00edrd le, milyen \u00e9rz\u00e9sek k\u00eds\u00e9rik; ha kell, k\u00e9rj szakmai seg\u00edts\u00e9get<\/li>\n<li><b>\u00c1tkeretez\u00e9s:<\/b> l\u00e1sd \u00e1rnyaltabban a helyzetet (felment\u00e9s n\u00e9lk\u00fcl)<\/li>\n<li><b>Elenged\u00e9s:<\/b> tudatos testi-lelki szab\u00e1lyoz\u00e1s (l\u00e9gz\u00e9s, mozg\u00e1s, reflekt\u00edv gyakorlatok)<\/li>\n<li><b>\u00dajrakeretez\u00e9s k\u00edv\u00fcl:<\/b> kommunik\u00e1lt hat\u00e1rok, \u00faj szab\u00e1lyok, ak\u00e1r lez\u00e1r\u00e1s<\/li>\n<\/ul>\n<h2>Hat\u00e1rok, biztons\u00e1g \u00e9s etika<\/h2>\n<p>A megbocs\u00e1t\u00e1s soha nem jelentheti azt, hogy maradj b\u00e1ntalmaz\u00f3, manipul\u00e1l\u00f3 vagy sorozatosan tiszteletlen k\u00f6zegben. Az etikus megk\u00f6zel\u00edt\u00e9s vil\u00e1gos: a bels\u0151 elenged\u00e9st mindig k\u00eds\u00e9rheti \u00e9s gyakran k\u00eds\u00e9rje is hat\u00e1rkijel\u00f6l\u00e9s. Ha valaki tart\u00f3san \u00e1tl\u00e9pi a hat\u00e1raidat, nem a te feladatod \u201ev\u00e9gtelen t\u00fcrelemmel\u201d viselni. A megbocs\u00e1t\u00e1s az \u00e9rzelmi teher cs\u00f6kkent\u00e9s\u00e9r\u0151l sz\u00f3l; a biztons\u00e1g \u00e9s a m\u00e9lt\u00f3s\u00e1g v\u00e9delme k\u00fcl\u00f6n d\u00f6nt\u00e9s. Gyakorlatban ez \u00fagy n\u00e9z ki, hogy kimondod: \u201eA t\u00f6rt\u00e9ntek miatt a bizalmat most csak l\u00e9p\u00e9sr\u0151l l\u00e9p\u00e9sre tudom \u00e9p\u00edteni\u201d, vagy: \u201eSz\u00fcks\u00e9gem van k\u00f6zvet\u00edt\u0151re\/\u00edr\u00e1sos meg\u00e1llapod\u00e1sra\u201d, vagy sz\u00e9ls\u0151s\u00e9ges esetben: \u201eA kapcsolatot lez\u00e1rom.\u201d Ez nem ellent\u00e9tes a megbocs\u00e1t\u00e1ssal. Ellenkez\u0151leg: \u00e9pp a megbocs\u00e1t\u00e1s ad nyugalmat a higgadt d\u00f6nt\u00e9shez. Ha bizonytalan vagy, tartsd szem el\u0151tt az egyszer\u0171 k\u00e9rd\u00e9st: \u201eEz a kapcsolat hossz\u00fa t\u00e1von seg\u00edti-e a j\u00f3ll\u00e9temet \u00e9s a fejl\u0151d\u00e9semet?\u201d Ha a v\u00e1lasz k\u00f6vetkezetesen \u201enem\u201d, akkor a megbocs\u00e1t\u00e1s bels\u0151 munka marad, a kapcsolat pedig v\u00e9dett lez\u00e1r\u00e1st ig\u00e9nyel. Ehhez seg\u00edts\u00e9get k\u00e9rni nem gyenges\u00e9g, hanem felel\u0151ss\u00e9gteljes \u00f6nv\u00e9delem.<\/p>\n<h2>Megbocs\u00e1t\u00e1s \u00f6nmagadnak<\/h2>\n<p>Sokszor nem csup\u00e1n m\u00e1snak neh\u00e9z megbocs\u00e1tani, hanem \u00f6nmagunknak is. A bels\u0151 b\u00edr\u00e1l\u00f3d olykor kegyetlenebb, mint b\u00e1rmelyik k\u00fcls\u0151 hang: \u201eMi\u00e9rt nem vetted \u00e9szre?\u201d, \u201eMi\u00e9rt t\u0171rted?\u201d, \u201eMi\u00e9rt reag\u00e1lt\u00e1l \u00edgy?\u201d A saj\u00e1t magadnak adott megbocs\u00e1t\u00e1s nem enged\u00e9kenys\u00e9g. Re\u00e1lis felel\u0151ss\u00e9gv\u00e1llal\u00e1s: felismered, mit rontott\u00e1l el, \u00e9s d\u00f6ntesz arr\u00f3l, hogyan jav\u00edtod. Lehet, hogy eddig nem voltak eszk\u00f6zeid; lehet, hogy f\u00e9lt\u00e9l att\u00f3l, mit vesz\u00edtesz, ha konfront\u00e1l\u00f3dsz; lehet, hogy a kor\u00e1bbi mint\u00e1id er\u0151sebbek voltak. Ma m\u00e1r t\u00f6bb tud\u00e1sod van. A k\u00e9rd\u00e9s az, mit kezdesz vele. Az \u00f6nmagadnak adott megbocs\u00e1t\u00e1s h\u00e1rom pill\u00e9re: <i>\u0151szinte r\u00e1n\u00e9z\u00e9s<\/i> (mi volt az \u00e9n r\u00e9szem), <i>korrekci\u00f3<\/i> (mit tanulok \u00e9s mit csin\u00e1lok m\u00e1sk\u00e9nt), <i>j\u00f3indulat<\/i> (nem azonos\u00edtom magam a hib\u00e1mmal). Ett\u0151l nem lesz automatikusan k\u00f6nny\u0171, de \u00e9rezhet\u0151en k\u00f6nnyebb: cs\u00f6kken a bels\u0151 fesz\u00fclts\u00e9g, tisztul a f\u00f3kusz, n\u0151 a b\u00e1tors\u00e1g. Ez a bels\u0151 munk\u00e1d a j\u00f6v\u0151beli kapcsolataidban is l\u00e1tszik: kev\u00e9sb\u00e9 reag\u00e1lsz t\u00fal, hat\u00e1rozottabban jel\u00f6lsz ki kereteket, \u00e9s higgadtabban tudsz nemet mondani.<\/p>\n<h2>Gyermekkori mint\u00e1k \u00e9s t\u00e1rsadalmi k\u00f6zeg<\/h2>\n<p>A megbocs\u00e1t\u00e1sra val\u00f3 \u201ealkalmass\u00e1got\u201d nem az hat\u00e1rozza meg, hogy valaki \u201ej\u00f3 ember-e\u201d, hanem hogy milyen mint\u00e1kat l\u00e1tott, \u00e9s milyen \u00e9rzelmi eszk\u00f6zt\u00e1ra alakult ki. Ha gyerekkorodban a konfliktusokat elhallgatt\u00e1k, elsim\u00edtott\u00e1k vagy kibesz\u00e9letlen\u00fcl hagyt\u00e1k, feln\u0151ttk\u00e9nt hajlamos lehetsz k\u00e9t v\u00e9gletre: vagy mindent lenyelsz, vagy minden s\u00e9relmet \u00f6r\u00f6kre \u0151rz\u00f6l. Ha viszont azt l\u00e1ttad, hogy a feln\u0151ttek k\u00e9pesek bocs\u00e1natot k\u00e9rni, hat\u00e1rokat h\u00fazni, majd rendezni a kapcsolatot, k\u00f6nnyebben alak\u00edtasz ki m\u0171k\u00f6d\u0151 mint\u00e1t. A t\u00e1gabb k\u00f6zeg is befoly\u00e1sol: vannak kult\u00far\u00e1k \u00e9s munkahelyi k\u00f6zegek, ahol a hib\u00e1t \u201eszem\u00e9lyes kudarck\u00e9nt\u201d b\u00e9lyegzik meg, \u00e9s vannak, ahol term\u00e9szetesnek tartj\u00e1k a tanul\u00e1st, a j\u00f3v\u00e1t\u00e9telt. Nem mindegy, melyikben \u00e9lsz. Ha az el\u0151bbiben, tudatos er\u0151fesz\u00edt\u00e9st k\u00edv\u00e1n a rendez\u0151 szeml\u00e9let. De megtanulhat\u00f3: az \u00e9rzelmek pontos megnevez\u00e9se, a felel\u0151ss\u00e9g differenci\u00e1lt kioszt\u00e1sa (\u201emi az \u00e9n r\u00e9szem, mi a m\u00e1sik\u00e9\u201d), a j\u00f3v\u00e1t\u00e9tel gyakorlata mind-mind olyan k\u00e9szs\u00e9g, amely a megbocs\u00e1t\u00e1st t\u00e1mogatja. Itt kezd\u0151dik az a bels\u0151 munka, amelynek v\u00e9g\u00e9n nem a s\u00e9relmekhez, hanem a megold\u00e1sokhoz leszel h\u0171s\u00e9ges.<\/p>\n<h2>Gyakorlati l\u00e9p\u00e9sek: \u00edgy \u00e9p\u00edts megbocs\u00e1t\u00e1si tervet<\/h2>\n<p>Egy m\u0171k\u00f6d\u0151 terv nem bonyolult, de k\u00f6vetkezetes. A legfontosabb, hogy a bels\u0151 munk\u00e1t \u00e9s a k\u00fcls\u0151 l\u00e9p\u00e9seket ne keverd \u00f6ssze. El\u0151bb szab\u00e1lyozd a saj\u00e1t idegrendszered, ut\u00e1na d\u00f6nts a kapcsolat j\u00f6v\u0151j\u00e9r\u0151l. Tartsd \u00e9szben: a c\u00e9l nem az, hogy \u201ekedves legy\u00e9l\u201d, hanem hogy tiszt\u00e1n l\u00e1ss, \u00e9s a m\u00e9lt\u00f3s\u00e1godat meg\u0151rizd.<\/p>\n<ol>\n<li>\u00cdrd le a t\u00f6rt\u00e9netet t\u00e9nyekben. Mi t\u00f6rt\u00e9nt, mikor, ki volt jelen? Ker\u00fcld a min\u0151s\u00edt\u00e9st.<\/li>\n<li>Nevezd meg az \u00e9rz\u00e9seidet. D\u00fch, szomor\u00fas\u00e1g, csal\u00f3d\u00e1s, sz\u00e9gyen \u2013 ami val\u00f3ban ott van.<\/li>\n<li>Azonos\u00edtsd a sz\u00fcks\u00e9gleteidet. Biztons\u00e1g, tisztelet, \u00e1tl\u00e1that\u00f3s\u00e1g, j\u00f3v\u00e1t\u00e9tel.<\/li>\n<li>V\u00e1lassz idegrendszer-szab\u00e1lyoz\u00f3 gyakorlatot (l\u00e9gz\u00e9s, s\u00e9ta, fut\u00e1s, testtudat-gyakorlat, napl\u00f3).<\/li>\n<li>D\u00f6ntsd el, mit jelent sz\u00e1modra a bels\u0151 megbocs\u00e1t\u00e1s ebben az \u00fcgyben (\u00e9s mit nem).<\/li>\n<li>Hat\u00e1rozd meg a k\u00fcls\u0151 l\u00e9p\u00e9st: besz\u00e9lget\u00e9s, felt\u00e9telek r\u00f6gz\u00edt\u00e9se, k\u00f6zvet\u00edt\u0151, vagy lez\u00e1r\u00e1s.<\/li>\n<li>\u00c1ll\u00edts fel jelz\u0151pontokat: mikor n\u00e9zed meg \u00fajra, hogyan \u00e9rzed magad, mi v\u00e1ltozott.<\/li>\n<\/ol>\n<h2>Hossz\u00fa t\u00e1v\u00fa el\u0151ny\u00f6k \u2013 \u00e9s buktat\u00f3k<\/h2>\n<p>A rendez\u00e9s fel\u00e9 fordul\u00f3 emberekn\u00e9l k\u00f6vetkezetesen l\u00e1tom a hossz\u00fa t\u00e1v\u00fa el\u0151ny\u00f6ket: cs\u00f6kken\u0151 bels\u0151 zaj, tiszt\u00e1bb d\u00f6nt\u00e9shozatal, magasabb egy\u00fcttm\u0171k\u00f6d\u00e9si k\u00e9szs\u00e9g, rugalmasabb stresszkezel\u00e9s. A megbocs\u00e1t\u00e1st c\u00e9lz\u00f3 programok hat\u00e1soss\u00e1g\u00e1t t\u00f6bb \u00e1ttekint\u0151 munka \u00e9s meta-anal\u00edzis is kimutatta: nem csup\u00e1n a negat\u00edv \u00e9rzelmek (harag, neheztel\u00e9s) m\u00e9rs\u00e9kl\u0151dnek, de javulnak az \u00e9letmin\u0151s\u00e9g-mutat\u00f3k, \u00e9s sok esetben a testi panaszok is enyh\u00fclnek. Ugyanakkor fontos a buktat\u00f3kat is ismerni. Nem val\u00f3di megbocs\u00e1t\u00e1s, ha \u00f6nfelad\u00e1sba cs\u00faszik: ha a b\u00e9ke kedv\u00e9\u00e9rt megtagadod a saj\u00e1t sz\u00fcks\u00e9gleteidet. Az sem megbocs\u00e1t\u00e1s, ha \u201ekifel\u00e9\u201d mosolyogsz, de bel\u00fcl tov\u00e1bb f\u0171t\u00f6d a s\u00e9relmet. A c\u00e9l az \u00e9rzelmi \u0151szintes\u00e9g \u00e9s a felel\u0151s cselekv\u00e9s egy\u00fcttese. Ha azt veszed \u00e9szre, hogy egy kapcsolat \u00fajra \u00e9s \u00fajra ugyanabba a s\u00e9rt\u0151 mint\u00e1ba t\u00e9r vissza, ne a megbocs\u00e1t\u00e1s fokoz\u00e1s\u00e1val, hanem a hat\u00e1rok szigor\u00edt\u00e1s\u00e1val k\u00eds\u00e9rletezz. A rendez\u00e9s nem arr\u00f3l sz\u00f3l, hogy b\u00e1rmit elviselsz; arr\u00f3l sz\u00f3l, hogy nem engeded, hogy a m\u00falt ir\u00e1ny\u00edtsa a jelenedet.<\/p>\n<h2>Kapcsolatok \u00e9s munkahely: a megbocs\u00e1t\u00e1s szervezeti \u00e9rtelme<\/h2>\n<p>A \u201emegbocs\u00e1t\u00e1skult\u00fara\u201d nem puhas\u00e1g a szervezetekben, hanem teljes\u00edtm\u00e9nyfaktor. Ott, ahol hib\u00e1ztat\u00e1s helyett tanul\u00e1s t\u00f6rt\u00e9nik, ahol van tere a j\u00f3v\u00e1t\u00e9telnek \u00e9s a visszajelz\u00e9snek, gyorsabban \u00e9p\u00fcl a bizalom, nagyobb a pszichol\u00f3giai biztons\u00e1g, \u00e9s kevesebb a rejtett fesz\u00fclts\u00e9g. Ez nem jelenti a k\u00f6vetkezm\u00e9nyek elt\u00f6rl\u00e9s\u00e9t. Ellenkez\u0151leg: vil\u00e1gosabb\u00e1 v\u00e1lnak az elv\u00e1r\u00e1sok, transzparensebb a felel\u0151ss\u00e9g, \u00e9s emberibb a helyre\u00e1ll\u00edt\u00e1s. Vezet\u0151k\u00e9nt a megbocs\u00e1t\u00e1s gyakorl\u00e1sa azt jelenti, hogy a hiba \u00e9s a szem\u00e9ly \u00e9rt\u00e9ke nem egyenl\u0151. Kem\u00e9nynek maradni a standardekben \u00e9s rugalmasnak maradni az emberben \u2013 ett\u0151l lesz egy csapat tart\u00f3san versenyk\u00e9pes. Mag\u00e1nemberk\u00e9nt ugyanez a logika \u00e9rv\u00e9nyes: a tiszta keretek \u00e9s a rendez\u0151 hozz\u00e1\u00e1ll\u00e1s egy\u00fctt adj\u00e1k a stabilit\u00e1st. A megbocs\u00e1t\u00e1s teh\u00e1t nem \u00e9rzelg\u0151 gesztus, hanem praktikus er\u0151forr\u00e1s: cs\u00f6kkenti a felesleges konfliktusok ut\u00f3rezg\u00e9seit, \u00e9s f\u00f3kuszt ad a megold\u00e1snak.<\/p>\n<h2>Dajka G\u00e1bor business coach szerint<\/h2>\n<p>Nem hiszek a \u201efelejts el mindent, \u00e9s mosolyogj\u201d tan\u00e1csokban. Hiszek a pontoss\u00e1gban, a val\u00f3di felel\u0151ss\u00e9gv\u00e1llal\u00e1sban \u00e9s a rendez\u00e9s erej\u00e9ben. A megbocs\u00e1t\u00e1s nem mor\u00e1lis k\u00f6telez\u0151 gyakorlat, hanem m\u0171k\u00f6d\u00e9si d\u00f6nt\u00e9s: kinek adsz jogot ahhoz, hogy a fejedben \u00e9s a testedben hossz\u00fa t\u00e1von helyet foglaljon. Ha a haragnak adod, \u0151 fog d\u00f6nteni helyetted. Ha a rendez\u00e9snek adod, visszaveszed a korm\u00e1nyt. A tapasztalatom az, hogy a legt\u00f6bben nem a \u201enem akarok megbocs\u00e1tani\u201d fal\u00e1n akadnak el, hanem a \u201enem tudom, hogyan\u201d bizonytalans\u00e1g\u00e1n. Ez j\u00f3 h\u00edr, mert a \u201ehogyan\u201d tanulhat\u00f3. B\u00e1tors\u00e1g kell hozz\u00e1, de nem vakmer\u0151s\u00e9g; \u0151szintes\u00e9g kell hozz\u00e1, de nem \u00f6nfelad\u00e1s. Ha csak egy mondat marad meg ebb\u0151l a cikkb\u0151l, legyen ez: <b>a megbocs\u00e1t\u00e1s nem gyenges\u00e9g, hanem csendes er\u0151, amellyel a saj\u00e1t \u00e9letedet rendezed.<\/b><\/p>\n<blockquote><p>\u201eA megbocs\u00e1t\u00e1s nem azt jelenti, hogy igazad feladod, hanem azt, hogy a j\u00f6v\u0151dre szavazol \u2013 \u00e9s visszaveszed a bels\u0151 ir\u00e1ny\u00edt\u00e1st.\u201d \u2014 Dajka G\u00e1bor<\/p><\/blockquote>\n<h2>Szak\u00e9rt\u0151 v\u00e1laszol \u2013 GYIK<\/h2>\n<h3>Kell-e megb\u00e9k\u00e9lnem azzal, akinek megbocs\u00e1tottam?<\/h3>\n<p>Nem. A megbocs\u00e1t\u00e1s bels\u0151 folyamat. A megb\u00e9k\u00e9l\u00e9s k\u00e9t ember k\u00f6z\u00f6s d\u00f6nt\u00e9se \u00e9s munk\u00e1ja. Megbocs\u00e1thatsz \u00fagy is, hogy a kapcsolatot lez\u00e1rod, mert a biztons\u00e1god \u00e9s a m\u00e9lt\u00f3s\u00e1god ezt k\u00edv\u00e1nja. A kett\u0151t \u00e9rdemes k\u00fcl\u00f6n t\u00e1rgyalni \u00e9s k\u00fcl\u00f6n c\u00e9lk\u00e9nt kezelni.<\/p>\n<h3>Mi van, ha a m\u00e1sik nem k\u00e9r bocs\u00e1natot?<\/h3>\n<p>A bels\u0151 rendez\u00e9shez nincs sz\u00fcks\u00e9g a m\u00e1sik f\u00e9l akt\u00edv r\u00e9szv\u00e9tel\u00e9re. A s\u00e9relem \u00e9rzelmi hat\u00e1s\u00e1t akkor is cs\u00f6kkentheted, ha a m\u00e1sik tagad vagy hallgat. A k\u00fcls\u0151 viszonyt ett\u0151l f\u00fcggetlen\u00fcl \u00fajraszab\u00e1lyozhatod: felt\u00e9teleket jel\u00f6lhetsz ki, k\u00f6zvet\u00edt\u00e9st k\u00e9rhetsz vagy lez\u00e1rhatod a kapcsolatot.<\/p>\n<h3>Hogyan illeszkedik mindez a magyar k\u00f6zeghez?<\/h3>\n<p>Tapasztalatom szerint itthon er\u0151s a \u201etartjuk magunkat\u201d kult\u00far\u00e1ja: gyakran ink\u00e1bb hallgatunk, elviselj\u00fck, majd \u00e9vekig hordozzuk a s\u00e9relmeket. Amikor viszont megtanulunk \u0151szint\u00e9n, de tisztelettel besz\u00e9lni a hat\u00e1rokr\u00f3l \u00e9s a j\u00f3v\u00e1t\u00e9telr\u0151l, l\u00e1tv\u00e1nyosan gyorsul a rendez\u00e9s. V\u00e1llalati \u00e9s csal\u00e1di k\u00f6zegben egyar\u00e1nt m\u0171k\u00f6dik a recept: vil\u00e1gos szab\u00e1lyok, emberi hang, k\u00f6vetkezetes helyre\u00e1ll\u00edt\u00e1s.<\/p>\n<h3>Musz\u00e1j \u201eelengedni\u201d mindent?<\/h3>\n<p>Nem. A c\u00e9l az, hogy a m\u00falt ne ir\u00e1ny\u00edtsa a jelent. Vannak \u00fcgyek, amelyekn\u00e9l az eml\u00e9k tart\u00f3san \u00e9rz\u00e9keny marad. Ilyenkor az a k\u00e9rd\u00e9s, mennyire ural t\u00e9ged. Ha az eml\u00e9k mellett van hely a nyugalomnak \u00e9s a tiszta d\u00f6nt\u00e9seknek, j\u00f3 \u00faton j\u00e1rsz.<\/p>\n<h3>Mikor k\u00e9rjek szakmai seg\u00edts\u00e9get?<\/h3>\n<p>Ha a s\u00e9relem tart\u00f3san befoly\u00e1solja az alv\u00e1st, a koncentr\u00e1ci\u00f3t, a kapcsolataidat; ha traumatikus helyzet \u00e9rint; ha a hat\u00e1rh\u00faz\u00e1s egyed\u00fcl nem megy. Pszichol\u00f3gus, terapeuta vagy k\u00e9pzett coach seg\u00edthet a folyamat struktur\u00e1l\u00e1s\u00e1ban \u00e9s a biztons\u00e1g fenntart\u00e1s\u00e1ban.<\/p>\n<h2>Aj\u00e1nlott magyar vide\u00f3k\/podcastok<\/h2>\n<p><i>Egy j\u00f3l \u00e9rthet\u0151, gyakorlatias besz\u00e9lget\u00e9s a megbocs\u00e1t\u00e1s \u00e9s az elenged\u00e9s kapcsolat\u00e1r\u00f3l:<\/i><\/p>\n<p><iframe title=\"\u00d6nszeretet \u00fatj\u00e1n \u2013 A megbocs\u00e1t\u00e1s \u00e9s elenged\u00e9s ereje | Szem\u00e9lyis\u00e9gFEJLESZT\u00c9S\" width=\"640\" height=\"360\" data-src=\"https:\/\/www.youtube.com\/embed\/xWaVX76J5CU?feature=oembed\" frameborder=\"0\" allow=\"accelerometer; autoplay; clipboard-write; encrypted-media; gyroscope; picture-in-picture; web-share\" referrerpolicy=\"strict-origin-when-cross-origin\" allowfullscreen src=\"data:image\/svg+xml;base64,PHN2ZyB3aWR0aD0iMSIgaGVpZ2h0PSIxIiB4bWxucz0iaHR0cDovL3d3dy53My5vcmcvMjAwMC9zdmciPjwvc3ZnPg==\" class=\"lazyload\" data-load-mode=\"1\"><\/iframe><\/p>\n<h2>Forr\u00e1sok<\/h2>\n<ul>\n<li><a href=\"https:\/\/link.springer.com\/content\/pdf\/10.1007\/s10865-007-9105-8.pdf\" target=\"_blank\" rel=\"noopener\">Worthington, E. L., Witvliet, C. V. O., Pietrini, P., &amp; Miller, A. J. (2007). Forgiveness, Health, and Well-Being: A Review of Evidence. <i>Journal of Behavioral Medicine<\/i>.<\/a><\/li>\n<li>Akhtar, S., &amp; Barlow, J. (2016). Forgiveness Therapy for the Promotion of Mental Wellbeing: A Systematic Review and Meta-analysis. University of Oxford, ORA (PDF).<\/li>\n<li><a href=\"https:\/\/doi.org\/10.1037\/a0035268\" target=\"_blank\" rel=\"noopener\">Wade, N. G., Hoyt, W. T., Kidwell, J. E. M., &amp; Worthington, E. L. (2014). Efficacy of Psychotherapeutic Interventions to Promote Forgiveness: A Meta-Analysis. <i>Journal of Consulting and Clinical Psychology<\/i>.<\/a><\/li>\n<\/ul>\n","protected":false},"excerpt":{"rendered":"<p>A megbocs\u00e1t\u00e1sr\u00f3l a legt\u00f6bb embernek egyetlen k\u00e9p villan be: valaki bocs\u00e1natot k\u00e9r, a m\u00e1sik pedig nagylelk\u0171en r\u00e1b\u00f3lint, \u00e9s ezzel \u201ele is z\u00e1rult az \u00fcgy\u201d. A val\u00f3s\u00e1g sokkal \u00f6sszetettebb. Sokszor nem hangzik el bocs\u00e1natk\u00e9r\u00e9s, vagy ha el is hangzik, a sz\u00edvben marad a s\u00e9rtetts\u00e9g, a bizalmatlans\u00e1g, a \u201emi lett volna, ha\u2026\u201d fesz\u00fclts\u00e9ge. M\u00e9gis, a megbocs\u00e1t\u00e1s nem&#8230;<\/p>\n","protected":false},"author":1,"featured_media":725,"comment_status":"closed","ping_status":"open","sticky":false,"template":"","format":"standard","meta":{"footnotes":""},"categories":[3],"tags":[],"class_list":["post-12","post","type-post","status-publish","format-standard","has-post-thumbnail","hentry","category-coaching-es-pszichologia-egerben"],"yoast_head":"<!-- This site is optimized with the Yoast SEO plugin v27.5 - https:\/\/yoast.com\/product\/yoast-seo-wordpress\/ -->\n<title>A megbocs\u00e1t\u00e1s \u00fatja: t\u00fal a f\u00e1jdalmon \u00e9s haragon<\/title>\n<meta name=\"robots\" content=\"index, follow, max-snippet:-1, max-image-preview:large, max-video-preview:-1\" \/>\n<link rel=\"canonical\" href=\"https:\/\/egercoach.hu\/blog\/a-megbocsatas-tuja-tul-a-fajdalmon-es-a-haragon\/\" \/>\n<meta property=\"og:locale\" content=\"hu_HU\" \/>\n<meta property=\"og:type\" content=\"article\" \/>\n<meta property=\"og:title\" content=\"A megbocs\u00e1t\u00e1s \u00fatja: t\u00fal a f\u00e1jdalmon \u00e9s haragon\" \/>\n<meta property=\"og:description\" content=\"A megbocs\u00e1t\u00e1sr\u00f3l a legt\u00f6bb embernek egyetlen k\u00e9p villan be: valaki bocs\u00e1natot k\u00e9r, a m\u00e1sik pedig nagylelk\u0171en r\u00e1b\u00f3lint, \u00e9s ezzel \u201ele is z\u00e1rult az \u00fcgy\u201d. A val\u00f3s\u00e1g sokkal \u00f6sszetettebb. Sokszor nem hangzik el bocs\u00e1natk\u00e9r\u00e9s, vagy ha el is hangzik, a sz\u00edvben marad a s\u00e9rtetts\u00e9g, a bizalmatlans\u00e1g, a \u201emi lett volna, ha\u2026\u201d fesz\u00fclts\u00e9ge. M\u00e9gis, a megbocs\u00e1t\u00e1s nem...\" \/>\n<meta property=\"og:url\" content=\"https:\/\/egercoach.hu\/blog\/a-megbocsatas-tuja-tul-a-fajdalmon-es-a-haragon\/\" \/>\n<meta property=\"og:site_name\" content=\"Az Egri Coach Blogja\" \/>\n<meta property=\"article:publisher\" content=\"https:\/\/www.facebook.com\/eger.coach\" \/>\n<meta property=\"article:published_time\" content=\"2023-07-19T22:00:00+00:00\" \/>\n<meta property=\"article:modified_time\" content=\"2025-10-29T19:52:04+00:00\" \/>\n<meta property=\"og:image\" content=\"https:\/\/egercoach.hu\/blog\/wp-content\/uploads\/2025\/03\/partial-view-of-stylish-man-holding-tulips-bouquet-and-sorry-sign-isolated-on-black.jpg\" \/>\n\t<meta property=\"og:image:width\" content=\"1500\" \/>\n\t<meta property=\"og:image:height\" content=\"1001\" \/>\n\t<meta property=\"og:image:type\" content=\"image\/jpeg\" \/>\n<meta name=\"author\" content=\"Dajka G\u00e1bor\" \/>\n<meta name=\"twitter:card\" content=\"summary_large_image\" \/>\n<meta name=\"twitter:label1\" content=\"Szerz\u0151:\" \/>\n\t<meta name=\"twitter:data1\" content=\"Dajka G\u00e1bor\" \/>\n\t<meta name=\"twitter:label2\" content=\"Becs\u00fclt olvas\u00e1si id\u0151\" \/>\n\t<meta name=\"twitter:data2\" content=\"12 perc\" \/>\n<script type=\"application\/ld+json\" class=\"yoast-schema-graph\">{\"@context\":\"https:\\\/\\\/schema.org\",\"@graph\":[{\"@type\":\"Article\",\"@id\":\"https:\\\/\\\/egercoach.hu\\\/blog\\\/a-megbocsatas-tuja-tul-a-fajdalmon-es-a-haragon\\\/#article\",\"isPartOf\":{\"@id\":\"https:\\\/\\\/egercoach.hu\\\/blog\\\/a-megbocsatas-tuja-tul-a-fajdalmon-es-a-haragon\\\/\"},\"author\":{\"name\":\"Dajka G\u00e1bor\",\"@id\":\"https:\\\/\\\/egercoach.hu\\\/blog\\\/#\\\/schema\\\/person\\\/afc73367aa314ca33a9c8d3b88dce6e7\"},\"headline\":\"A megbocs\u00e1t\u00e1s \u00fatja: t\u00fal a f\u00e1jdalmon \u00e9s haragon\",\"datePublished\":\"2023-07-19T22:00:00+00:00\",\"dateModified\":\"2025-10-29T19:52:04+00:00\",\"mainEntityOfPage\":{\"@id\":\"https:\\\/\\\/egercoach.hu\\\/blog\\\/a-megbocsatas-tuja-tul-a-fajdalmon-es-a-haragon\\\/\"},\"wordCount\":3247,\"publisher\":{\"@id\":\"https:\\\/\\\/egercoach.hu\\\/blog\\\/#organization\"},\"image\":{\"@id\":\"https:\\\/\\\/egercoach.hu\\\/blog\\\/a-megbocsatas-tuja-tul-a-fajdalmon-es-a-haragon\\\/#primaryimage\"},\"thumbnailUrl\":\"https:\\\/\\\/egercoach.hu\\\/blog\\\/wp-content\\\/uploads\\\/2025\\\/03\\\/partial-view-of-stylish-man-holding-tulips-bouquet-and-sorry-sign-isolated-on-black.jpg\",\"articleSection\":[\"Life coaching Egerben\"],\"inLanguage\":\"hu\"},{\"@type\":\"WebPage\",\"@id\":\"https:\\\/\\\/egercoach.hu\\\/blog\\\/a-megbocsatas-tuja-tul-a-fajdalmon-es-a-haragon\\\/\",\"url\":\"https:\\\/\\\/egercoach.hu\\\/blog\\\/a-megbocsatas-tuja-tul-a-fajdalmon-es-a-haragon\\\/\",\"name\":\"A megbocs\u00e1t\u00e1s \u00fatja: t\u00fal a f\u00e1jdalmon \u00e9s haragon\",\"isPartOf\":{\"@id\":\"https:\\\/\\\/egercoach.hu\\\/blog\\\/#website\"},\"primaryImageOfPage\":{\"@id\":\"https:\\\/\\\/egercoach.hu\\\/blog\\\/a-megbocsatas-tuja-tul-a-fajdalmon-es-a-haragon\\\/#primaryimage\"},\"image\":{\"@id\":\"https:\\\/\\\/egercoach.hu\\\/blog\\\/a-megbocsatas-tuja-tul-a-fajdalmon-es-a-haragon\\\/#primaryimage\"},\"thumbnailUrl\":\"https:\\\/\\\/egercoach.hu\\\/blog\\\/wp-content\\\/uploads\\\/2025\\\/03\\\/partial-view-of-stylish-man-holding-tulips-bouquet-and-sorry-sign-isolated-on-black.jpg\",\"datePublished\":\"2023-07-19T22:00:00+00:00\",\"dateModified\":\"2025-10-29T19:52:04+00:00\",\"breadcrumb\":{\"@id\":\"https:\\\/\\\/egercoach.hu\\\/blog\\\/a-megbocsatas-tuja-tul-a-fajdalmon-es-a-haragon\\\/#breadcrumb\"},\"inLanguage\":\"hu\",\"potentialAction\":[{\"@type\":\"ReadAction\",\"target\":[\"https:\\\/\\\/egercoach.hu\\\/blog\\\/a-megbocsatas-tuja-tul-a-fajdalmon-es-a-haragon\\\/\"]}]},{\"@type\":\"ImageObject\",\"inLanguage\":\"hu\",\"@id\":\"https:\\\/\\\/egercoach.hu\\\/blog\\\/a-megbocsatas-tuja-tul-a-fajdalmon-es-a-haragon\\\/#primaryimage\",\"url\":\"https:\\\/\\\/egercoach.hu\\\/blog\\\/wp-content\\\/uploads\\\/2025\\\/03\\\/partial-view-of-stylish-man-holding-tulips-bouquet-and-sorry-sign-isolated-on-black.jpg\",\"contentUrl\":\"https:\\\/\\\/egercoach.hu\\\/blog\\\/wp-content\\\/uploads\\\/2025\\\/03\\\/partial-view-of-stylish-man-holding-tulips-bouquet-and-sorry-sign-isolated-on-black.jpg\",\"width\":1500,\"height\":1001,\"caption\":\"partial view of stylish man holding tulips bouquet and sorry sign isolated on black\"},{\"@type\":\"BreadcrumbList\",\"@id\":\"https:\\\/\\\/egercoach.hu\\\/blog\\\/a-megbocsatas-tuja-tul-a-fajdalmon-es-a-haragon\\\/#breadcrumb\",\"itemListElement\":[{\"@type\":\"ListItem\",\"position\":1,\"name\":\"Kezd\u0151lap\",\"item\":\"https:\\\/\\\/egercoach.hu\\\/blog\\\/\"},{\"@type\":\"ListItem\",\"position\":2,\"name\":\"A megbocs\u00e1t\u00e1s \u00fatja: t\u00fal a f\u00e1jdalmon \u00e9s haragon\"}]},{\"@type\":\"WebSite\",\"@id\":\"https:\\\/\\\/egercoach.hu\\\/blog\\\/#website\",\"url\":\"https:\\\/\\\/egercoach.hu\\\/blog\\\/\",\"name\":\"Eger Coach Blog\",\"description\":\"\",\"publisher\":{\"@id\":\"https:\\\/\\\/egercoach.hu\\\/blog\\\/#organization\"},\"potentialAction\":[{\"@type\":\"SearchAction\",\"target\":{\"@type\":\"EntryPoint\",\"urlTemplate\":\"https:\\\/\\\/egercoach.hu\\\/blog\\\/?s={search_term_string}\"},\"query-input\":{\"@type\":\"PropertyValueSpecification\",\"valueRequired\":true,\"valueName\":\"search_term_string\"}}],\"inLanguage\":\"hu\"},{\"@type\":\"Organization\",\"@id\":\"https:\\\/\\\/egercoach.hu\\\/blog\\\/#organization\",\"name\":\"Eger Coach Blog\",\"url\":\"https:\\\/\\\/egercoach.hu\\\/blog\\\/\",\"logo\":{\"@type\":\"ImageObject\",\"inLanguage\":\"hu\",\"@id\":\"https:\\\/\\\/egercoach.hu\\\/blog\\\/#\\\/schema\\\/logo\\\/image\\\/\",\"url\":\"https:\\\/\\\/egercoach.hu\\\/blog\\\/wp-content\\\/uploads\\\/2025\\\/05\\\/cropped-Eger.png\",\"contentUrl\":\"https:\\\/\\\/egercoach.hu\\\/blog\\\/wp-content\\\/uploads\\\/2025\\\/05\\\/cropped-Eger.png\",\"width\":500,\"height\":169,\"caption\":\"Eger Coach Blog\"},\"image\":{\"@id\":\"https:\\\/\\\/egercoach.hu\\\/blog\\\/#\\\/schema\\\/logo\\\/image\\\/\"},\"sameAs\":[\"https:\\\/\\\/www.facebook.com\\\/eger.coach\"]},{\"@type\":\"Person\",\"@id\":\"https:\\\/\\\/egercoach.hu\\\/blog\\\/#\\\/schema\\\/person\\\/afc73367aa314ca33a9c8d3b88dce6e7\",\"name\":\"Dajka G\u00e1bor\",\"image\":{\"@type\":\"ImageObject\",\"inLanguage\":\"hu\",\"@id\":\"https:\\\/\\\/secure.gravatar.com\\\/avatar\\\/81566ea1e2b3466baa03e9bdcdaa835f58564d8be90057a45f3e61711dc8a063?s=96&d=mm&r=g\",\"url\":\"https:\\\/\\\/secure.gravatar.com\\\/avatar\\\/81566ea1e2b3466baa03e9bdcdaa835f58564d8be90057a45f3e61711dc8a063?s=96&d=mm&r=g\",\"contentUrl\":\"https:\\\/\\\/secure.gravatar.com\\\/avatar\\\/81566ea1e2b3466baa03e9bdcdaa835f58564d8be90057a45f3e61711dc8a063?s=96&d=mm&r=g\",\"caption\":\"Dajka G\u00e1bor\"},\"sameAs\":[\"https:\\\/\\\/egercoach.hu\\\/blog\"],\"url\":\"https:\\\/\\\/egercoach.hu\\\/blog\\\/author\\\/adminka\\\/\"}]}<\/script>\n<!-- \/ Yoast SEO plugin. -->","yoast_head_json":{"title":"A megbocs\u00e1t\u00e1s \u00fatja: t\u00fal a f\u00e1jdalmon \u00e9s haragon","robots":{"index":"index","follow":"follow","max-snippet":"max-snippet:-1","max-image-preview":"max-image-preview:large","max-video-preview":"max-video-preview:-1"},"canonical":"https:\/\/egercoach.hu\/blog\/a-megbocsatas-tuja-tul-a-fajdalmon-es-a-haragon\/","og_locale":"hu_HU","og_type":"article","og_title":"A megbocs\u00e1t\u00e1s \u00fatja: t\u00fal a f\u00e1jdalmon \u00e9s haragon","og_description":"A megbocs\u00e1t\u00e1sr\u00f3l a legt\u00f6bb embernek egyetlen k\u00e9p villan be: valaki bocs\u00e1natot k\u00e9r, a m\u00e1sik pedig nagylelk\u0171en r\u00e1b\u00f3lint, \u00e9s ezzel \u201ele is z\u00e1rult az \u00fcgy\u201d. A val\u00f3s\u00e1g sokkal \u00f6sszetettebb. Sokszor nem hangzik el bocs\u00e1natk\u00e9r\u00e9s, vagy ha el is hangzik, a sz\u00edvben marad a s\u00e9rtetts\u00e9g, a bizalmatlans\u00e1g, a \u201emi lett volna, ha\u2026\u201d fesz\u00fclts\u00e9ge. M\u00e9gis, a megbocs\u00e1t\u00e1s nem...","og_url":"https:\/\/egercoach.hu\/blog\/a-megbocsatas-tuja-tul-a-fajdalmon-es-a-haragon\/","og_site_name":"Az Egri Coach Blogja","article_publisher":"https:\/\/www.facebook.com\/eger.coach","article_published_time":"2023-07-19T22:00:00+00:00","article_modified_time":"2025-10-29T19:52:04+00:00","og_image":[{"width":1500,"height":1001,"url":"https:\/\/egercoach.hu\/blog\/wp-content\/uploads\/2025\/03\/partial-view-of-stylish-man-holding-tulips-bouquet-and-sorry-sign-isolated-on-black.jpg","type":"image\/jpeg"}],"author":"Dajka G\u00e1bor","twitter_card":"summary_large_image","twitter_misc":{"Szerz\u0151:":"Dajka G\u00e1bor","Becs\u00fclt olvas\u00e1si id\u0151":"12 perc"},"schema":{"@context":"https:\/\/schema.org","@graph":[{"@type":"Article","@id":"https:\/\/egercoach.hu\/blog\/a-megbocsatas-tuja-tul-a-fajdalmon-es-a-haragon\/#article","isPartOf":{"@id":"https:\/\/egercoach.hu\/blog\/a-megbocsatas-tuja-tul-a-fajdalmon-es-a-haragon\/"},"author":{"name":"Dajka G\u00e1bor","@id":"https:\/\/egercoach.hu\/blog\/#\/schema\/person\/afc73367aa314ca33a9c8d3b88dce6e7"},"headline":"A megbocs\u00e1t\u00e1s \u00fatja: t\u00fal a f\u00e1jdalmon \u00e9s haragon","datePublished":"2023-07-19T22:00:00+00:00","dateModified":"2025-10-29T19:52:04+00:00","mainEntityOfPage":{"@id":"https:\/\/egercoach.hu\/blog\/a-megbocsatas-tuja-tul-a-fajdalmon-es-a-haragon\/"},"wordCount":3247,"publisher":{"@id":"https:\/\/egercoach.hu\/blog\/#organization"},"image":{"@id":"https:\/\/egercoach.hu\/blog\/a-megbocsatas-tuja-tul-a-fajdalmon-es-a-haragon\/#primaryimage"},"thumbnailUrl":"https:\/\/egercoach.hu\/blog\/wp-content\/uploads\/2025\/03\/partial-view-of-stylish-man-holding-tulips-bouquet-and-sorry-sign-isolated-on-black.jpg","articleSection":["Life coaching Egerben"],"inLanguage":"hu"},{"@type":"WebPage","@id":"https:\/\/egercoach.hu\/blog\/a-megbocsatas-tuja-tul-a-fajdalmon-es-a-haragon\/","url":"https:\/\/egercoach.hu\/blog\/a-megbocsatas-tuja-tul-a-fajdalmon-es-a-haragon\/","name":"A megbocs\u00e1t\u00e1s \u00fatja: t\u00fal a f\u00e1jdalmon \u00e9s haragon","isPartOf":{"@id":"https:\/\/egercoach.hu\/blog\/#website"},"primaryImageOfPage":{"@id":"https:\/\/egercoach.hu\/blog\/a-megbocsatas-tuja-tul-a-fajdalmon-es-a-haragon\/#primaryimage"},"image":{"@id":"https:\/\/egercoach.hu\/blog\/a-megbocsatas-tuja-tul-a-fajdalmon-es-a-haragon\/#primaryimage"},"thumbnailUrl":"https:\/\/egercoach.hu\/blog\/wp-content\/uploads\/2025\/03\/partial-view-of-stylish-man-holding-tulips-bouquet-and-sorry-sign-isolated-on-black.jpg","datePublished":"2023-07-19T22:00:00+00:00","dateModified":"2025-10-29T19:52:04+00:00","breadcrumb":{"@id":"https:\/\/egercoach.hu\/blog\/a-megbocsatas-tuja-tul-a-fajdalmon-es-a-haragon\/#breadcrumb"},"inLanguage":"hu","potentialAction":[{"@type":"ReadAction","target":["https:\/\/egercoach.hu\/blog\/a-megbocsatas-tuja-tul-a-fajdalmon-es-a-haragon\/"]}]},{"@type":"ImageObject","inLanguage":"hu","@id":"https:\/\/egercoach.hu\/blog\/a-megbocsatas-tuja-tul-a-fajdalmon-es-a-haragon\/#primaryimage","url":"https:\/\/egercoach.hu\/blog\/wp-content\/uploads\/2025\/03\/partial-view-of-stylish-man-holding-tulips-bouquet-and-sorry-sign-isolated-on-black.jpg","contentUrl":"https:\/\/egercoach.hu\/blog\/wp-content\/uploads\/2025\/03\/partial-view-of-stylish-man-holding-tulips-bouquet-and-sorry-sign-isolated-on-black.jpg","width":1500,"height":1001,"caption":"partial view of stylish man holding tulips bouquet and sorry sign isolated on black"},{"@type":"BreadcrumbList","@id":"https:\/\/egercoach.hu\/blog\/a-megbocsatas-tuja-tul-a-fajdalmon-es-a-haragon\/#breadcrumb","itemListElement":[{"@type":"ListItem","position":1,"name":"Kezd\u0151lap","item":"https:\/\/egercoach.hu\/blog\/"},{"@type":"ListItem","position":2,"name":"A megbocs\u00e1t\u00e1s \u00fatja: t\u00fal a f\u00e1jdalmon \u00e9s haragon"}]},{"@type":"WebSite","@id":"https:\/\/egercoach.hu\/blog\/#website","url":"https:\/\/egercoach.hu\/blog\/","name":"Eger Coach Blog","description":"","publisher":{"@id":"https:\/\/egercoach.hu\/blog\/#organization"},"potentialAction":[{"@type":"SearchAction","target":{"@type":"EntryPoint","urlTemplate":"https:\/\/egercoach.hu\/blog\/?s={search_term_string}"},"query-input":{"@type":"PropertyValueSpecification","valueRequired":true,"valueName":"search_term_string"}}],"inLanguage":"hu"},{"@type":"Organization","@id":"https:\/\/egercoach.hu\/blog\/#organization","name":"Eger Coach Blog","url":"https:\/\/egercoach.hu\/blog\/","logo":{"@type":"ImageObject","inLanguage":"hu","@id":"https:\/\/egercoach.hu\/blog\/#\/schema\/logo\/image\/","url":"https:\/\/egercoach.hu\/blog\/wp-content\/uploads\/2025\/05\/cropped-Eger.png","contentUrl":"https:\/\/egercoach.hu\/blog\/wp-content\/uploads\/2025\/05\/cropped-Eger.png","width":500,"height":169,"caption":"Eger Coach Blog"},"image":{"@id":"https:\/\/egercoach.hu\/blog\/#\/schema\/logo\/image\/"},"sameAs":["https:\/\/www.facebook.com\/eger.coach"]},{"@type":"Person","@id":"https:\/\/egercoach.hu\/blog\/#\/schema\/person\/afc73367aa314ca33a9c8d3b88dce6e7","name":"Dajka G\u00e1bor","image":{"@type":"ImageObject","inLanguage":"hu","@id":"https:\/\/secure.gravatar.com\/avatar\/81566ea1e2b3466baa03e9bdcdaa835f58564d8be90057a45f3e61711dc8a063?s=96&d=mm&r=g","url":"https:\/\/secure.gravatar.com\/avatar\/81566ea1e2b3466baa03e9bdcdaa835f58564d8be90057a45f3e61711dc8a063?s=96&d=mm&r=g","contentUrl":"https:\/\/secure.gravatar.com\/avatar\/81566ea1e2b3466baa03e9bdcdaa835f58564d8be90057a45f3e61711dc8a063?s=96&d=mm&r=g","caption":"Dajka G\u00e1bor"},"sameAs":["https:\/\/egercoach.hu\/blog"],"url":"https:\/\/egercoach.hu\/blog\/author\/adminka\/"}]}},"_links":{"self":[{"href":"https:\/\/egercoach.hu\/blog\/wp-json\/wp\/v2\/posts\/12","targetHints":{"allow":["GET"]}}],"collection":[{"href":"https:\/\/egercoach.hu\/blog\/wp-json\/wp\/v2\/posts"}],"about":[{"href":"https:\/\/egercoach.hu\/blog\/wp-json\/wp\/v2\/types\/post"}],"author":[{"embeddable":true,"href":"https:\/\/egercoach.hu\/blog\/wp-json\/wp\/v2\/users\/1"}],"replies":[{"embeddable":true,"href":"https:\/\/egercoach.hu\/blog\/wp-json\/wp\/v2\/comments?post=12"}],"version-history":[{"count":0,"href":"https:\/\/egercoach.hu\/blog\/wp-json\/wp\/v2\/posts\/12\/revisions"}],"wp:featuredmedia":[{"embeddable":true,"href":"https:\/\/egercoach.hu\/blog\/wp-json\/wp\/v2\/media\/725"}],"wp:attachment":[{"href":"https:\/\/egercoach.hu\/blog\/wp-json\/wp\/v2\/media?parent=12"}],"wp:term":[{"taxonomy":"category","embeddable":true,"href":"https:\/\/egercoach.hu\/blog\/wp-json\/wp\/v2\/categories?post=12"},{"taxonomy":"post_tag","embeddable":true,"href":"https:\/\/egercoach.hu\/blog\/wp-json\/wp\/v2\/tags?post=12"}],"curies":[{"name":"wp","href":"https:\/\/api.w.org\/{rel}","templated":true}]}}