{"id":1285,"date":"2025-10-23T20:44:10","date_gmt":"2025-10-23T18:44:10","guid":{"rendered":"https:\/\/egercoach.hu\/blog\/?p=1285"},"modified":"2025-10-23T20:44:10","modified_gmt":"2025-10-23T18:44:10","slug":"osszetort-szivek","status":"publish","type":"post","link":"https:\/\/egercoach.hu\/blog\/osszetort-szivek\/","title":{"rendered":"\u00d6sszet\u00f6rt sz\u00edvek"},"content":{"rendered":"<p>Ha szak\u00edtottak veled, vagy te mondtad ki a v\u00e9g\u00e9t, a tested \u00e9s az elm\u00e9d gyakran nem tesz k\u00fcl\u00f6nbs\u00e9get: mindk\u00e9t esetben vesztes\u00e9get \u00e9l \u00e1t. A legt\u00f6bben ilyenkor saj\u00e1t \u201egyenges\u00e9g\u00fckben\u201d keresik a magyar\u00e1zatot, pedig a jelens\u00e9g j\u00f3 r\u00e9sze idegrendszeri \u00e9s kapcsolati t\u00f6rv\u00e9nyszer\u0171s\u00e9gekb\u0151l fakad. A romantikus k\u00f6t\u0151d\u00e9s nem puszta \u00e9rzelem, hanem motiv\u00e1ci\u00f3s hajt\u00f3m\u0171; szak\u00edt\u00e1s ut\u00e1n ez a hajt\u00f3m\u0171 hetekig-h\u00f3napokig t\u00fal p\u00f6r\u00f6g, az agy jutalmaz\u00f3 \u00e9s vesztes\u00e9g-\u00e9rz\u00e9keny rendszerei egyszerre akt\u00edvak. Emiatt \u00e9rzed \u00fagy, hogy <i>\u201enem tudod letenni\u201d<\/i> a t\u00f6rt\u00e9netet: a v\u00e1gy \u00e9s az eml\u00e9kez\u00e9s akaratlanul \u00fajraindul, az \u00f6nv\u00e1d \u00e9s a d\u00fch v\u00e1ltogatja egym\u00e1st, a tested pedig \u00e1lmatlans\u00e1ggal, \u00e9tv\u00e1gy-ingadoz\u00e1ssal vagy mar\u00f3 \u00fcress\u00e9ggel reag\u00e1l. Ez nem karakterhiba. Ez m\u0171k\u00f6d\u00e9s.<\/p>\n<p>Ebben a cikkben az a c\u00e9lom, hogy \u00edt\u00e9lkez\u00e9s \u00e9s sz\u00e9gyen n\u00e9lk\u00fcl, szakmailag szil\u00e1rd, m\u00e9gis h\u00e9tk\u00f6znapokban alkalmazhat\u00f3 m\u00f3don vezesselek v\u00e9gig a feldolgoz\u00e1s logik\u00e1j\u00e1n. Megmutatom, mi\u00e9rt \u00e9s hogyan tarthat fogva a f\u00e1jdalom; mikor hasznos az \u00e9rzelmek kifejez\u00e9se \u00e9s mikor vezet r\u00e1g\u00f3d\u00e1sba; hogyan rendezd \u00e1t a k\u00f6rnyezeted \u00e9s a napirended, hogy a gy\u00f3gyul\u00e1st szolg\u00e1lja; mi\u00e9rt nem m\u0171k\u00f6dik a \u201emindent azonnal megbesz\u00e9l\u00fcnk\u201d hozz\u00e1\u00e1ll\u00e1s az exszel; \u00e9s hogyan k\u00e9sz\u00fclj fel a visszaes\u00e9sekre \u00fagy, hogy k\u00f6zben ne vesz\u00edtsd el a tart\u00e1sod. A hangnemem egyenes \u00e9s empatikus: v\u00e1llalom, hogy \u00e1ll\u00edtok, \u00e9s elmagyar\u00e1zom, mi\u00e9rt. Ha v\u00e9gigm\u00e9sz a l\u00e9p\u00e9seken, nem \u201ecsod\u00e1t\u201d kapsz, hanem olyan rendszert, amely lelass\u00edtja a k\u00e9nyszereket \u00e9s visszaadja a d\u00f6nt\u00e9seidet.<\/p>\n<h2>A szak\u00edt\u00e1s mint vesztes\u00e9g \u00e9s \u201emegvon\u00e1s\u201d: mi t\u00f6rt\u00e9nik az idegrendszerben?<\/h2>\n<p>Szak\u00edt\u00e1s ut\u00e1n a romantikus k\u00f6t\u0151d\u00e9shez t\u00e1rsul\u00f3 motiv\u00e1ci\u00f3s rendszer m\u00e9g j\u00f3 ideig \u00fagy m\u0171k\u00f6dik, mintha lenne mit \u201evisszaszerezni\u201d. Ez\u00e9rt jelennek meg a <i>\u201em\u00e9g egy \u00fczenet\u201d<\/i>, <i>\u201em\u00e9g egy profiln\u00e9z\u00e9s\u201d<\/i>, <i>\u201eh\u00e1tha f\u00e9lre\u00e9rtett\u201d<\/i> t\u00edpus\u00fa k\u00e9sztet\u00e9sek. A kutat\u00e1sok azt mutatj\u00e1k, hogy romantikus visszautas\u00edt\u00e1skor a jutalmaz\u00f3 \u00e9s vesztes\u00e9g-\u00e9rz\u00e9keny agyi h\u00e1l\u00f3zatok egy\u00fctt aktiv\u00e1l\u00f3dnak; egyszerre kapunk jelz\u00e9st vesztes\u00e9gr\u0151l \u00e9s \u201ecravingr\u0151l\u201d. Ennek nagyon vil\u00e1gos, h\u00e9tk\u00f6znapi kimenete van: a r\u00f6vid t\u00e1v\u00fa megk\u00f6nnyebb\u00fcl\u00e9st \u00edg\u00e9r\u0151 l\u00e9p\u00e9sek (\u00edrni, n\u00e9zni, visszah\u00f3d\u00edtani) t\u00falreprezent\u00e1ltak lesznek a d\u00f6nt\u00e9seidben. Mindek\u00f6zben a gy\u00e1szfolyamat is megindul: a k\u00f6t\u0151d\u00e9sr\u0151l val\u00f3 lev\u00e1l\u00e1s nem intellektu\u00e1lis d\u00f6nt\u00e9s, hanem fokozatos \u00e1thuzaloz\u00f3d\u00e1s. Ez\u00e9rt nem m\u0171k\u00f6dik a \u201ema eld\u00f6nt\u00f6m, hogy k\u00e9sz\u201d jelleg\u0171 ultim\u00e1tum \u2013 az idegrendszer nem \u201efegyelmezhet\u0151 bele\u201d egyik pillanatr\u00f3l a m\u00e1sikra a lez\u00e1r\u00e1sba.<\/p>\n<p>Ha teh\u00e1t \u00fagy \u00e9rzed, \u201emegbolondult\u00e1l\u201d \u2013 egyik \u00f3r\u00e1ban s\u00edrsz, m\u00e1sikban d\u00fch\u00f6ngsz, harmadikban visszamenn\u00e9l \u2013, akkor \u00e9pp azt tapasztalod, amit a szakirodalom is le\u00edr: a k\u00f6t\u0151d\u00e9s megszak\u00edt\u00e1sakor a motiv\u00e1ci\u00f3s, a vesztes\u00e9g- \u00e9s az \u00e9rzelemszab\u00e1lyoz\u00f3 rendszerek \u201ezajosan\u201d \u00fajrakalibr\u00e1lnak. Ebb\u0151l k\u00e9t hasznos k\u00f6vetkeztet\u00e9s k\u00f6vetkezik. El\u0151sz\u00f6r: a gyors, impulz\u00edv l\u00e9p\u00e9sek nem igazs\u00e1g-pillanatok, hanem arousal-levezet\u00e9si k\u00eds\u00e9rletek; ritk\u00e1n oldanak meg b\u00e1rmit. M\u00e1sodszor: a feldolgoz\u00e1s nem mag\u00e1nyos akaratpr\u00f3ba, hanem <b>rendszerszervez\u00e9s<\/b>: k\u00f6rnyezet, ritmus, d\u00f6nt\u00e9si szab\u00e1lyok \u00e9s t\u00e1mogat\u00f3k \u2013 ezek egy\u00fctt adj\u00e1k a gy\u00f3gyul\u00e1s keret\u00e9t. A j\u00f3 h\u00edr, hogy ez tanulhat\u00f3 \u00e9s \u00e9p\u00edthet\u0151.<\/p>\n<h2>Mi\u00e9rt \u201eragad be\u201d a f\u00e1jdalom? A r\u00e1g\u00f3d\u00e1s, a k\u00f6t\u0151d\u00e9si st\u00edlus \u00e9s az exhez val\u00f3 k\u00f6zeled\u00e9s<\/h2>\n<p>A f\u00e1jdalom \u201eberagad\u00e1sa\u201d m\u00f6g\u00f6tt jellemz\u0151en h\u00e1rom t\u00e9nyez\u0151 kombin\u00e1ci\u00f3ja \u00e1ll. Az els\u0151 a r\u00e1g\u00f3d\u00e1s: a t\u00f6rt\u00e9net k\u00e9nyszeres, ism\u00e9tl\u0151d\u0151 elemz\u00e9se \u00fagy, hogy k\u00f6zben nem sz\u00fcletik \u00faj inform\u00e1ci\u00f3 vagy \u00faj jelent\u00e9s. A r\u00e1g\u00f3d\u00e1s nem gondolkod\u00e1s, hanem egy <i>ment\u00e1lis stereotypia<\/i>, amely az idegrendszer fesz\u00fclts\u00e9g\u00e9t \u00e1tmenetileg cs\u00f6kkenti, hosszabb t\u00e1von viszont rontja az alkalmazkod\u00e1st. A m\u00e1sodik t\u00e9nyez\u0151 a k\u00f6t\u0151d\u00e9si mint\u00e1zat. Aki szorong\u00f3bb k\u00f6t\u0151d\u00e9s\u0171, nagyobb val\u00f3sz\u00edn\u0171s\u00e9ggel haszn\u00e1l \u00f6nb\u00fcntet\u0151 vagy ker\u00fcl\u0151 megk\u00fczd\u00e9st, \u00e9s nehezebben engedi el a kapcsolatba fektetett rem\u00e9nyt. A harmadik elem az ex-partnerrel kapcsolatos viselked\u00e9s: a \u201ek\u00f6zel\u00edt\u00e9s\u201d (profiln\u00e9z\u00e9s, \u00fczenet, k\u00f6z\u00f6s helyek \u201ev\u00e9letlen\u201d felkeres\u00e9se) r\u00f6vid t\u00e1von cs\u00f6kkenti a hi\u00e1nyt, hosszabb t\u00e1von fenntartja a k\u00f6t\u0151d\u00e9si rendszer aktivit\u00e1s\u00e1t. Magyar\u00e1n: minden \u201er\u00e1pillant\u00e1s\u201d \u00faj \u00fczemanyagot dob a v\u00e1gy \u00e9s a f\u00e1jdalom t\u00fcz\u00e9re.<\/p>\n<p>Ez nem azt jelenti, hogy \u201egyenge\u201d vagy \u2013 azt jelenti, hogy a rendszered a saj\u00e1t logik\u00e1ja szerint m\u0171k\u00f6dik. A praktikus k\u00e9rd\u00e9s teh\u00e1t nem az, hogy \u201emi\u00e9rt ilyen vagyok?\u201d, hanem az, hogy milyen l\u00e9p\u00e9sekkel cs\u00f6kkented a r\u00e1g\u00f3d\u00e1s ingerbemenet\u00e9t \u00e9s a k\u00f6zeled\u00e9st kiv\u00e1lt\u00f3 jelz\u00e9seket. Itt j\u00f6n be a k\u00f6rnyezet \u00e9s a ritmus jelent\u0151s\u00e9ge. Ha a napodnak van kijel\u00f6lt \u00fcteme, \u00e9s a \u201et\u00f6rt\u00e9net-id\u0151t\u201d erre a keretre korl\u00e1tozod (p\u00e9ld\u00e1ul napi k\u00e9t 15 perces ablak), a r\u00e1g\u00f3d\u00e1s kev\u00e9sb\u00e9 tud minden \u00f3r\u00e1ra kicsordulni. Ha az exhez vezet\u0151 \u00fatvonalakat technikailag is nehez\u00edted (n\u00e9m\u00edt\u00e1s, elt\u00e1vol\u00edt\u00e1s a feedb\u0151l, \u00e9rtes\u00edt\u00e9sek kikapcsol\u00e1sa, k\u00f6z\u00f6s fot\u00f3k k\u00fcl\u00f6n mapp\u00e1ban \u201ekarant\u00e9n\u201d), akkor a k\u00f6zeled\u00e9s k\u00e9sztet\u00e9se ritk\u00e1bban nyer. Ez a \u201elass\u00edt\u00e1s\u201d nem ker\u00fclget\u00e9s, hanem tudatos lev\u00e1laszt\u00e1s.<\/p>\n<h2>Az els\u0151 72 \u00f3ra: ritmus-vissza\u00e1ll\u00edt\u00e1s \u00e9s v\u00e9szforgat\u00f3k\u00f6nyv<\/h2>\n<p>A szak\u00edt\u00e1s ut\u00e1ni els\u0151 72 \u00f3ra a legzajosabb: ilyenkor a tested \u00e9s az elm\u00e9d hajlamos r\u00f6vid, heves ciklusokban reag\u00e1lni. A c\u00e9l nem az, hogy \u201ej\u00f3l legy\u00e9l\u201d, hanem hogy <b>ne s\u00falyosb\u00edts<\/b> \u2013 \u00e9s ezzel meg\u00e1gyazz a gy\u00f3gyul\u00e1snak. A legfontosabb dolgok meglep\u0151en h\u00e9tk\u00f6znapiak: alv\u00e1s, folyad\u00e9k, t\u00e1pl\u00e1l\u00f3 \u00e9tel, mozg\u00e1s, t\u00e1rsas t\u00e1masz. Ha ezekb\u0151l kett\u0151-h\u00e1rom egyszerre esik, minden m\u00e1s is rosszabbnak t\u0171nik. Jel\u00f6lj ki egyszer\u0171, mechanikus szab\u00e1lyokat a h\u00e1rom napra: legal\u00e1bb k\u00e9t kiad\u00f3s s\u00e9ta, legal\u00e1bb k\u00e9t meleg \u00e9tel, legal\u00e1bb h\u00e9t \u00f3ra \u00e1gyid\u0151 \u00e9s kijelz\u0151mentes s\u00e1v az elalv\u00e1s el\u0151tti egy \u00f3r\u00e1ban. K\u00f6zben \u00edrd le egy lapra, kik azok a nevek, akiket azonnal h\u00edvhatsz \u2013 egy bar\u00e1t \u00e9s egy feln\u0151tt szakember. A f\u00f3kusz: <i>stabiliz\u00e1lni<\/i>, nem <i>megoldani<\/i>.<\/p>\n<ul>\n<li>\u00c1ll\u00edts be \u201ep\u00e1nikgombot\u201d: egy el\u0151re meg\u00edrt, elk\u00fcldhet\u0151 \u00fczenet k\u00e9t k\u00f6zeli embernek, amiben csak ennyi \u00e1ll: \u201eK\u00e9rek egy 15 perces s\u00e9t\u00e1t\/telefont, most kell a hangod.\u201d<\/li>\n<li>Hozz l\u00e9tre \u201efekete list\u00e1t\u201d az els\u0151 h\u00e1rom napra: alkohol, k\u00e9s\u0151 esti ex-\u00fczenet, \u00e9jszakai g\u00f6rget\u00e9s. Ezek gyorsan er\u0151s\u00edtik a r\u00e1g\u00f3d\u00e1st \u00e9s az \u00e9rzelmi hangover-t.<\/li>\n<li>Ne d\u00f6nts nagyot. Ne k\u00f6lt\u00f6zz, ne v\u00e1lts munk\u00e1t, ne \u00edrj nyilv\u00e1nos posztot az okokr\u00f3l. A gondolkod\u00e1s a negyedik nap ut\u00e1n lesz \u00e9rdemi.<\/li>\n<\/ul>\n<p>Az els\u0151 72 \u00f3ra v\u00e9g\u00e9n \u00fclj le 20 percre, \u00e9s \u00edrd \u00f6ssze t\u00e1rgyilagosan, mi \u201ed\u0151lt \u00f6ssze\u201d \u00e9s mi maradt \u00e1llva. A t\u00e1rgyias\u00edt\u00e1s \u2013 banki bel\u00e9p\u00e9s, lak\u00e1skulcs, k\u00f6z\u00f6s el\u0151fizet\u00e9sek, k\u00f6zleked\u00e9si logisztika \u2013 paradox m\u00f3don cs\u00f6kkenti a kil\u00e1t\u00e1stalans\u00e1got. Nem a sz\u00edv hely\u00e9re l\u00e9p, hanem kiveszi a v\u00e1lladr\u00f3l azt a s\u00falyt, amit a k\u00e1osz ad hozz\u00e1 a f\u00e1jdalomhoz.<\/p>\n<h2>\u00c9rzelmi kifejez\u00e9s vagy r\u00e1g\u00f3d\u00e1s? Mikor seg\u00edt az \u00edr\u00e1s, \u00e9s mikor \u00e1rt?<\/h2>\n<p>Az \u201e\u00edrd ki magadb\u00f3l\u201d tan\u00e1cs sokaknak hasznos, de nem mindenkinek \u00e9s nem minden \u00e9lethelyzetben. Ha hajlamos vagy a jelent\u00e9skeres\u0151 r\u00e1g\u00f3d\u00e1sra \u2013 cirkularit\u00e1sra, \u201emi\u00e9rt t\u00f6rt\u00e9nt, biztos bennem a hiba\u201d \u00f6nmarcangol\u00e1sra \u2013, akkor az intenz\u00edv, r\u00e9szletez\u0151 napl\u00f3z\u00e1s a szak\u00edt\u00e1s ut\u00e1ni els\u0151 hetekben <i>feler\u0151s\u00edtheti<\/i> a distresszt. Ilyenkor jobban m\u0171k\u00f6dik a struktur\u00e1ltabb, r\u00f6videbb, viselked\u00e9ses orient\u00e1ci\u00f3j\u00fa \u00edr\u00e1s: h\u00e1rom oszlopban t\u00e9ny\u2013\u00e9rzelem\u2013l\u00e9p\u00e9s, \u00e9s maximum napi 10\u201315 perc. Ha a r\u00e1g\u00f3d\u00e1s <i>nem<\/i> jellemz\u0151 r\u00e1d, a narrat\u00edv \u00edr\u00e1s (eleje\u2013k\u00f6zepe\u2013v\u00e9ge szerkezet, \u201emi v\u00e1ltozott bennem?\u201d f\u00f3kusz) m\u00e1r az els\u0151 h\u00f3napban is enyh\u00fcl\u00e9st hozhat. A l\u00e9nyeg a <b>keret<\/b>: id\u0151korl\u00e1t, szerkezet, \u00e9s egy mondat a v\u00e9g\u00e9n arr\u00f3l, mit teszel m\u00e9g ma a saj\u00e1t fizikai j\u00f3ll\u00e9ted\u00e9rt.<\/p>\n<p>A legfontosabb k\u00fcl\u00f6nbs\u00e9gt\u00e9tel: az \u00e9rzelmi kifejez\u00e9s c\u00e9lja a feldolgoz\u00e1s el\u0151mozd\u00edt\u00e1sa, nem az eml\u00e9kk\u00e9pek \u201efelhangos\u00edt\u00e1sa\u201d. Ha \u00edr\u00e1s k\u00f6zben azt veszed \u00e9szre, hogy a testjelz\u00e9seid <i>felfutnak<\/i> (szapora pulzus, izzad\u00e1s, remeg\u00e9s), \u00e1llj meg, tarts 60\u201390 m\u00e1sodperces l\u00e9gz\u00e9sf\u00e1zist (hossz\u00fa kil\u00e9gz\u00e9s), \u00e9s t\u00e9rj vissza egy r\u00f6videbb form\u00e1tumra. Az \u00edr\u00e1s nem c\u00e9l, hanem eszk\u00f6z \u2013 ha a hat\u00e1sa rossz, v\u00e1lts eszk\u00f6zt: vezetett relax\u00e1ci\u00f3, s\u00e9ta, hideg-meleg v\u00edz a csukl\u00f3n, r\u00f6vid telefon egy t\u00e1mogat\u00f3 szem\u00e9llyel. \u00cdgy az \u00e9rzelmi feldolgoz\u00e1s <i>nem<\/i> cs\u00faszik \u00e1t \u00f6nszab\u00e1lyoz\u00e1si zavarba.<\/p>\n<h2>Digit\u00e1lis higi\u00e9n\u00e9 \u00e9s \u201ekontaktpolitika\u201d az exszel<\/h2>\n<p>A \u201ebesz\u00e9lj\u00fcnk mindent meg\u201d v\u00e1gy \u00e9rthet\u0151, de a legt\u00f6bb esetben az els\u0151 hetekben t\u00f6bb k\u00e1rt okoz, mint amennyi hasznot hoz. A k\u00f6zvetlen ex-kontakt \u2013 k\u00fcl\u00f6n\u00f6sen, ha m\u00e9g rem\u00e9ny vagy harag is van \u2013 <i>\u00fajradr\u00f3tozza<\/i> a k\u00f6t\u0151d\u00e9si rendszert: a r\u00f6vid, intenz\u00edv \u00fczenetv\u00e1lt\u00e1sok vagy profiln\u00e9z\u00e9sek \u00e1tmenetileg enyh\u00edtik a hi\u00e1nyt, de fenntartj\u00e1k a v\u00e1gy\u2013f\u00e1jdalom hurkot. Ez\u00e9rt javaslom a <b>minimum kontakt<\/b> vagy \u2013 ha nincs k\u00f6z\u00f6s gyerek, c\u00e9g, s\u00fcrg\u0151s \u00fcgy \u2013 az els\u0151 30 napra a <b>struktur\u00e1lt no contact<\/b> megold\u00e1st. Ez nem dr\u00e1ma, hanem ideiglenes <i>v\u00e9d\u0151g\u00e1t<\/i>. K\u00f6z\u00f6s \u00fcgyek eset\u00e9n \u00edr\u00e1sbeli, t\u00e1rgyilagos csatorn\u00e1t jel\u00f6lj ki (p\u00e9ld\u00e1ul e-mail), \u00e9s <i>id\u0151z\u00edtsd<\/i> a kezel\u00e9st: hetente egy alkalom, el\u0151re r\u00f6gz\u00edtett id\u0151ablakban. Az \u201e\u00e9jszakai \u00fczenetekre\u201d automatikus szab\u00e1lyt \u00e1ll\u00edts be magadnak: m\u00e1snap d\u00e9lel\u0151tt olvasod \u00e9s v\u00e1laszolsz, r\u00f6vid, t\u00e9nyalap\u00fa form\u00e1ban.<\/p>\n<p>A k\u00f6z\u00f6ss\u00e9gi m\u00e9dia k\u00fcl\u00f6n protokollt ig\u00e9nyel. A \u201en\u00e9ztem az ex profilj\u00e1t\u201d az egyik leger\u0151sebb visszaes\u00e9skiv\u00e1lt\u00f3 inger. Itt nem az er\u0151, hanem a logisztika a bar\u00e1tod. Tedd mapp\u00e1ba az \u00e9rintett appokat, vedd le \u0151ket a f\u0151k\u00e9perny\u0151r\u0151l, kapcsold ki az \u00e9rtes\u00edt\u00e9seket, haszn\u00e1ld a \u201eSz\u00fcneteltet\u00e9s\u201d funkci\u00f3t, \u00e9s jelezd a k\u00f6zeli bar\u00e1toknak, hogy az els\u0151 30 napban <i>nem<\/i> k\u00fcldenek \u00e1t exhez k\u00f6thet\u0151 tartalmat. Ha a k\u00f6z\u00f6s fot\u00f3k \u00e9s eml\u00e9kek t\u00fal er\u0151s ingert jelentenek, rakd \u0151ket ideiglenesen egy jelszavas \u201ekarant\u00e9n\u201d mapp\u00e1ba. Ezzel nem tagadod a m\u00faltat \u2013 csak k\u00e9slelteted a bels\u0151 vihar \u00fajrat\u00f6lt\u00e9s\u00e9t, am\u00edg stabiliz\u00e1lsz.<\/p>\n<h2>Testi alapoz\u00e1s: alv\u00e1s, mozg\u00e1s, \u00e9tel \u2013 a \u201ehordoz\u00f3\u201d rendez\u00e9se<\/h2>\n<p>A szak\u00edt\u00e1s okozta \u00e9rzelmi vihar k\u00f6zben a legt\u00f6bben al\u00e1becs\u00fclik a test szerep\u00e9t, pedig az idegrendszeri \u201ezaj\u201d nagy r\u00e9sz\u00e9t a <b>fiziol\u00f3giai alap<\/b> feler\u0151s\u00edti vagy csillap\u00edtja. Az alv\u00e1s\u2013mozg\u00e1s\u2013t\u00e1pl\u00e1lkoz\u00e1s tri\u00e1sz nem wellness-klipekre val\u00f3 d\u00edszlet, hanem <i>\u00fctk\u00f6z\u00e9sg\u00e1tl\u00f3<\/i> a napodban. Az alv\u00e1s el\u0151tt jel\u00f6lj ki 60 perc kijelz\u0151mentes s\u00e1vot, \u00e9s gondoskodj f\u00e9nyhigi\u00e9ni\u00e1r\u00f3l: a reggeli er\u0151s f\u00e9ny (term\u00e9szetes vagy l\u00e1mpa) \u00e9s az esti meleg f\u00e9ny jelent\u0151sen seg\u00edti a cirkadi\u00e1n stabilit\u00e1st. A mozg\u00e1s legyen alacsony bel\u00e9p\u00e9si k\u00fcsz\u00f6b\u0171: s\u00e9ta, k\u00f6nny\u0171 er\u0151s\u00edt\u00e9s, ny\u00fajt\u00e1s. A c\u00e9l nem az \u201e\u00faj test h\u00e1rom h\u00e9t alatt\u201d, hanem a t\u00f3nus \u00e9s az idegrendszeri fesz\u00fclts\u00e9g cs\u00f6kkent\u00e9se. Az \u00e9teln\u00e9l a stabilit\u00e1s t\u00f6bbet \u00e9r, mint a t\u00f6k\u00e9letess\u00e9g: napi h\u00e1rom f\u0151\u00e9tkez\u00e9s, k\u00f6zt\u00fck v\u00edz \u00e9s rost; az alkohol \u00e9s a k\u00e9s\u0151 esti cukorsokk r\u00f6vid \u201esz\u00fcnetet\u201d ad a f\u00e1jdalomban, de m\u00e1snap megfizeted a kamatot szorong\u00e1ssal \u00e9s nyugtalan alv\u00e1ssal.<\/p>\n<p>Az alapok rendez\u00e9se nem \u201eelterel\u00e9s\u201d, hanem a feldolgoz\u00e1s <b>fizikai hordoz\u00f3ja<\/b>. Aki kialussza mag\u00e1t, mozog, \u00e9s kap stabil t\u00e1panyagot, annak a kognit\u00edv\u2013\u00e9rzelmi szab\u00e1lyoz\u00e1sa jobb. Ezt a k\u00fcl\u00f6nbs\u00e9get nem m\u00e1sok l\u00e1tj\u00e1k meg el\u0151sz\u00f6r, hanem te: kevesebb hirtelen kileng\u00e9s, r\u00f6videbb r\u00e1g\u00f3d\u00e1si ciklusok, jobb d\u00f6nt\u00e9s az ex-kontakt el\u0151tt. Itt \u00e9rdemes szigor\u00fabbnak lenni magaddal, mint a v\u00e9lem\u00e9nyedben az exr\u0151l. Ezen a p\u00e1ly\u00e1n a \u201ej\u00f3 el\u00e9g\u201d a c\u00e9l \u2013 \u00e9s ez \u00e9pp el\u00e9g ahhoz, hogy a t\u00f6bbi l\u00e9p\u00e9s m\u0171k\u00f6dj\u00f6n.<\/p>\n<h2>Viselked\u00e9ses \u00e9s kognit\u00edv l\u00e9p\u00e9sek: hogyan \u00e1ll \u00e1t a napod \u201egy\u00e1sz\u00fczembe\u201d an\u00e9lk\u00fcl, hogy \u00f6sszed\u0151lne?<\/h2>\n<p>A feldolgoz\u00e1s nem egy nagy felismer\u00e9sb\u0151l, hanem sok kicsi, k\u00f6vetkezetes l\u00e9p\u00e9sb\u0151l \u00e1ll. Viselked\u00e9ses szinten vezess be <b>v\u00e1laszid\u0151-szab\u00e1lyt<\/b>: \u00e9rzelmi helyzetben nem reag\u00e1lsz azonnal. Adj 30\u201390 percet a testednek, miel\u0151tt b\u00e1rmit \u00edrn\u00e1l. Kognit\u00edv szinten a \u201emi\u00e9rt\u201d k\u00e9rd\u00e9sek helyett v\u00e1lts \u201emi van most\u201d \u00e9s \u201emi legyen\u201d k\u00e9rd\u00e9sekre. \u00cdrd le h\u00e1rom mondatban a jelen \u00e1llapotot (t\u00e1rgyilagos t\u00e9nyek), majd h\u00e1rom mondatban a k\u00f6vetkez\u0151 24 \u00f3ra l\u00e9p\u00e9seit. A hossz\u00fa t\u00e1v\u00fa jelent\u00e9skeres\u00e9s ideje elj\u00f6n, de nem az els\u0151 hetekben a legeredm\u00e9nyesebb. K\u00f6zben er\u0151s\u00edtsd az identit\u00e1sod, amely a kapcsolatodon k\u00edv\u00fcl is l\u00e9tezik: munka, tanul\u00e1s, hobbik, bar\u00e1tok. Ezek nem p\u00f3tl\u00e9kok, hanem a szem\u00e9lyed \u201etart\u00f3l\u00e1bai\u201d. Ha mind \u00f6sszeomlik, nem marad semmi, ami elb\u00edrja a gy\u00e1sz s\u00faly\u00e1t.<\/p>\n<p>Hasznos egy r\u00f6vid \u201ement\u00e1lis men\u00fc\u201d a napra: h\u00e1rom dolog, ami felt\u00f6lt (pl. zene, s\u00e9ta, f\u0151z\u00e9s), h\u00e1rom dolog, ami tehermentes\u00edt (pl. \u00fcgyint\u00e9z\u00e9sb\u0151l k\u00e9t t\u00e9tel kipip\u00e1l\u00e1sa), \u00e9s h\u00e1rom dolog, amit ker\u00fclni fogsz ma (pl. k\u00e9s\u0151 esti g\u00f6rget\u00e9s, ex-profil, alkohol). Nem kell minden nap t\u00f6k\u00e9letesen mennie \u2013 az a c\u00e9l, hogy legyen szerkezet, ami megtart. A viselked\u00e9srendez\u00e9s nem robotiz\u00e1l\u00e1s, hanem k\u00edm\u00e9letes keret a z\u0171rzavarban.<\/p>\n<h2>Csapd\u00e1k \u00e9s alternat\u00edv\u00e1k \u2013 \u00e1ttekint\u0151 t\u00e1bl\u00e1zat<\/h2>\n<table border=\"1\">\n<thead>\n<tr>\n<th>Gyakori csapda<\/th>\n<th>Mi\u00e9rt rontja a gy\u00f3gyul\u00e1st?<\/th>\n<th>Haszn\u00e1lhat\u00f3 alternat\u00edva<\/th>\n<\/tr>\n<\/thead>\n<tbody>\n<tr>\n<td>\u201eMindent azonnal megbesz\u00e9l\u00fcnk\u201d az exszel<\/td>\n<td>Fenntartja a k\u00f6t\u0151d\u00e9si aktiv\u00e1ci\u00f3t \u00e9s a rem\u00e9ny\u2013f\u00e1jdalom ing\u00e1t<\/td>\n<td>30 nap struktur\u00e1lt minimum\/no contact; heti egy t\u00e1rgyilagos \u00fcgykezel\u00e9si ablak<\/td>\n<\/tr>\n<tr>\n<td>\u00c9jszakai g\u00f6rget\u00e9s \u00e9s profiln\u00e9z\u00e9s<\/td>\n<td>Fokozza a r\u00e1g\u00f3d\u00e1st, rontja az alv\u00e1st, n\u00f6veli a visszaes\u00e9s kock\u00e1zat\u00e1t<\/td>\n<td>Kijelz\u0151mentes s\u00e1v elalv\u00e1s el\u0151tt; appok mapp\u00e1ba, \u00e9rtes\u00edt\u00e9sek le<\/td>\n<\/tr>\n<tr>\n<td>\u00d6nmarcangol\u00f3 napl\u00f3z\u00e1s (hossz\u00fa \u00e9rzelmi \u00edr\u00e1s naponta)<\/td>\n<td>\u201eBeleragaszt\u201d a t\u00f6rt\u00e9netbe, n\u00f6veli a distresszt r\u00e1g\u00f3d\u00f3kn\u00e1l<\/td>\n<td>R\u00f6vid, strukt\u00far\u00e1lt \u00edr\u00e1s (t\u00e9ny\u2013\u00e9rzelem\u2013l\u00e9p\u00e9s), napi 10\u201315 perc kerettel<\/td>\n<\/tr>\n<tr>\n<td>Alkohol \u00e9s \u201ezsibbaszt\u00e1s\u201d<\/td>\n<td>M\u00e1snapi szorong\u00e1s, rossz alv\u00e1s, gyeng\u00e9bb \u00f6nkontroll<\/td>\n<td>Alv\u00e1s\u2013folyad\u00e9k\u2013mozg\u00e1s tri\u00e1sz; vezetett relax\u00e1ci\u00f3 vagy meleg zuhany<\/td>\n<\/tr>\n<tr>\n<td>Bar\u00e1tok t\u00falterhel\u00e9se panasz-spir\u00e1llal<\/td>\n<td>Kimer\u00edti a kapcsolati t\u00e1maszt, normaliz\u00e1lja a r\u00e1g\u00f3d\u00e1st<\/td>\n<td>El\u0151re jelzett \u201eid\u0151keretes\u201d besz\u00e9lget\u00e9sek, t\u00e9mav\u00e1lt\u00f3 jelz\u00e9s be\u00e9p\u00edt\u00e9se<\/td>\n<\/tr>\n<\/tbody>\n<\/table>\n<h2>T\u00e1rsas t\u00e1masz, hat\u00e1rok \u00e9s \u201ekommunik\u00e1ci\u00f3s terv\u201d a k\u00f6rnyezetednek<\/h2>\n<p>A feldolgoz\u00e1s szoci\u00e1lis folyamat. \u00cdrj egy r\u00f6vid \u00fczenetet a h\u00e1rom legk\u00f6zelebbi embernek: mi t\u00f6rt\u00e9nt, mire van sz\u00fcks\u00e9ged, mire nincs. P\u00e9lda: \u201eSzak\u00edtottunk. Most k\u00e9t dolog seg\u00edt: s\u00e9ta \u00e9s r\u00f6vid telefon, naponta max. 15 perc. Nem k\u00e9rek ex-min\u0151s\u00edt\u00e9st \u00e9s tan\u00e1csd\u00f6mpinget. K\u00f6sz\u00f6n\u00f6m, hogy itt vagytok.\u201d Ezzel nem \u201ekontroll\u00e1lsz\u201d m\u00e1sokat, hanem <b>hat\u00e1rokat<\/b> adsz nekik \u2013 \u00e9s magadnak. A munk\u00e1ban jel\u00f6ld a terhel\u00e9st: ha kell, k\u00e9rj \u00e1tmeneti k\u00f6nny\u00edt\u00e9st \u00e9s adj hat\u00e1rid\u0151-\u00e1tir\u00e1ny\u00edt\u00e1st. A k\u00f6z\u00f6ss\u00e9gi m\u00e9di\u00e1ban ne posztolj r\u00e9szletes \u201evallom\u00e1st\u201d a szak\u00edt\u00e1s okair\u00f3l \u2013 a nyilv\u00e1nos vit\u00e1k ritk\u00e1n z\u00e1rnak le, viszont \u00e9vekre ott maradnak. Ha m\u00e9gis sz\u00f3lnod kell (k\u00f6z\u00f6s k\u00f6zeg, k\u00f6zszerepl\u00e9s), tarts <i>t\u00e1rgyszer\u0171<\/i> keretet: r\u00f6vid k\u00f6zl\u00e9s, k\u00f6sz\u00f6net, k\u00e9r\u00e9s az intimit\u00e1s tisztelet\u00e9re.<\/p>\n<p>Miel\u0151tt seg\u00edt\u0151t v\u00e1lasztasz, gondold v\u00e9gig, miben k\u00e9rsz t\u00e1mogat\u00e1st: \u00e9rzelemszab\u00e1lyoz\u00e1s, k\u00f6t\u0151d\u00e9si mint\u00e1zat, gyakorlati rendez\u00e9s. R\u00f6vid t\u00e1von egy-k\u00e9t alkalom is sokat sz\u00e1m\u00edthat, ha a c\u00e9l egy\u00e9rtelm\u0171. Ha tart\u00f3s szorong\u00e1s, alv\u00e1szavar, depressz\u00edv t\u00fcnetek, k\u00e9nyszeres ex-ellen\u0151rz\u00e9s jelennek meg, szakember bevon\u00e1sa javasolt. Ebben nincs stigma \u2013 ez logisztika. A c\u00e9l, hogy a f\u00e1jdalom ne szervezze \u00e1t az eg\u00e9sz \u00e9letedet.<\/p>\n<h2>Visszaes\u00e9sek \u00e9s \u00e9vfordul\u00f3k: hogyan el\u0151zd meg a \u201ehirtelen \u00f6tleteket\u201d?<\/h2>\n<p>A visszaes\u00e9s nem buk\u00e1s, hanem jelz\u00e9s. A l\u00e1thatatlan \u201eforr\u00f3 pontok\u201d jellemz\u0151en d\u00e1tumokhoz (\u00e9vfordul\u00f3k, k\u00f6z\u00f6s \u00fcnnepek), napszakokhoz (este, lefekv\u00e9s el\u0151tt) vagy helyekhez (k\u00f6z\u00f6s helyek) k\u00f6t\u0151dnek. K\u00e9sz\u00edts \u201eel\u0151re meg\u00edrt\u201d v\u00e1laszokat ezekre. P\u00e9ld\u00e1ul: ha \u00e9vfordul\u00f3 k\u00f6zeleg, <i>el\u0151tte<\/i> egyeztess s\u00e9t\u00e1t bar\u00e1ttal \u00e9s szervezz alternat\u00edv programot; ha k\u00e9s\u0151 esti k\u00e9sztet\u00e9st \u00e9rzel \u00fczenni, tegy\u00e9l 10 perces k\u00e9sleltet\u0151t (id\u0151z\u00edt\u0151), \u00e9s k\u00f6zben v\u00e1lts tev\u00e9kenys\u00e9get (zuhany, l\u00e9gz\u00e9s, helyzetv\u00e1ltoztat\u00e1s). \u00cdrj list\u00e1t arr\u00f3l, hogy <b>mi t\u00f6rt\u00e9nt legut\u00f3bb<\/b>, amikor engedt\u00e9l a k\u00e9sztet\u00e9snek \u2013 \u00e9s hogy <b>mi lett jobb<\/b>, amikor nem k\u00fcldted el. Ez nem \u00f6nszid\u00e1s, hanem mem\u00f3riafriss\u00edt\u00e9s, amikor a r\u00f6vid t\u00e1v hirtelen \u201ehangosabb\u201d.<\/p>\n<p>A gy\u00e1szban fontos az \u201eut\u00f3gondoz\u00e1s\u201d: amikor egy hull\u00e1m lemegy, l\u00e9pj h\u00e1tra \u00e9s n\u00e9zd meg, mi m\u0171k\u00f6d\u00f6tt. A tanuls\u00e1gokat egy mondatos szab\u00e1lyokk\u00e1 alak\u00edtsd: \u201e\u00c9jf\u00e9l ut\u00e1n nem \u00edrok\u201d, \u201eNo contact alatt nem n\u00e9zek profilt\u201d, \u201eHa r\u00e1g\u00f3dok, kil\u00e9gz\u00e9s \u00e9s s\u00e9ta.\u201d Min\u00e9l konkr\u00e9tabb, ann\u00e1l er\u0151sebb. \u00cdgy \u00e9p\u00fcl fel a gy\u00f3gyul\u00e1s \u201eizommem\u00f3ri\u00e1ja\u201d. A v\u00e9gs\u0151 c\u00e9l nem felejteni, hanem <i>helyet csin\u00e1lni<\/i> az \u00e9letedben annak, ami most t\u00f6rt\u00e9nik \u2013 \u00e9s annak, ami ezut\u00e1n j\u00f6n.<\/p>\n<blockquote><p>\u201eA <a href=\"https:\/\/egercoach.hu\/blog\/szakitas-feldolgozasa-lepesrol-lepesre\/\">szak\u00edt\u00e1s feldolgoz\u00e1sa<\/a> nem h\u0151stett, hanem \u00fczemeltet\u00e9s: jelz\u00e9sszeg\u00e9nyebb k\u00f6rnyezet, el\u0151re kimondott szab\u00e1lyok \u00e9s lassabb ritmus. \u00cdgy a f\u00e1jdalom nem elt\u0171nik \u2013 hanem elf\u00e9r.\u201d \u2014 <b>Dajka G\u00e1bor<\/b><\/p><\/blockquote>\n<h2>Dajka G\u00e1bor business coach szerint<\/h2>\n<p>Az a csendes f\u00e9lre\u00e9rt\u00e9s, hogy a szerelem elveszt\u00e9s\u00e9t \u201eakarater\u0151b\u0151l\u201d kell t\u00fal\u00e9lni. Nem. Akarat kell, de nem ez viszi a h\u00e1t\u00e1n. Aki rendszert \u00e9p\u00edt maga k\u00f6r\u00e9 \u2013 egyszer\u0171, m\u00e9gis fegyelmezett kereteket \u2013, az nem ridegedik meg, hanem visszakapja a mozg\u00e1ster\u00e9t. V\u00e1llalom az \u00e1ll\u00edt\u00e1st: a szak\u00edt\u00e1s ut\u00e1ni gy\u00f3gyul\u00e1s nem romantikus t\u00f6rt\u00e9net, hanem m\u0171k\u00f6dtet\u00e9s. Aki nem a szenved\u00e9s \u201edr\u00e1mais\u00e1g\u00e1t\u201d, hanem a mindennapok <i>szerkezet\u00e9t<\/i> rendezi, gyorsabban szel\u00edd\u00edti a hi\u00e1nyt. \u00c9s igen: k\u00f6zben szabad gy\u00e1szolni, d\u00fch\u00f6snek lenni, s\u00edrni. Csak k\u00f6zben legyen v\u00edz a poh\u00e1rban, s\u00e9ta a napt\u00e1rban, kijelz\u0151mentes s\u00e1v az est\u00e9ben \u00e9s p\u00e1r dolog, amit csak az\u00e9rt csin\u00e1lsz, mert j\u00f3lesik. Ezt h\u00edvom felel\u0151s \u00f6nk\u00edm\u00e9letnek. A tapasztalatom szerint ez az, ami m\u0171k\u00f6dik.<\/p>\n<h2>Szak\u00e9rt\u0151 v\u00e1laszol \u2013 GYIK<\/h2>\n<h3>Mennyi id\u0151 \u201enorm\u00e1lis\u201d a szak\u00edt\u00e1s feldolgoz\u00e1s\u00e1ra?<\/h3>\n<p>A legt\u00f6bb embern\u00e9l hetek alatt cs\u00f6kken a nyers f\u00e1jdalom, de a stabiliz\u00e1l\u00f3d\u00e1s h\u00f3napok k\u00e9rd\u00e9se. Nem verseny. Ha a mindennapi m\u0171k\u00f6d\u00e9sed tart\u00f3san s\u00e9r\u00fcl (alv\u00e1s, munka, kapcsolatok), vagy k\u00e9nyszeres ex-ellen\u0151rz\u00e9sed van, \u00e9rdemes szakemberhez fordulni.<\/p>\n<h3>Mikor \u00e9rdemes az exszel besz\u00e9lni a lez\u00e1r\u00e1sr\u00f3l?<\/h3>\n<p>Ha nincs k\u00f6zvetlen gyakorlati ok (gyerek, k\u00f6z\u00f6s \u00fcgy), az els\u0151 30 napban ritk\u00e1n hasznos. K\u00e9s\u0151bb, alacsonyabb arousaln\u00e1l t\u00e1rgyilagosabb vagy, \u00e9s kisebb az es\u00e9lye a visszaes\u00e9snek. Ha besz\u00e9ltek, legyen r\u00f6vid, f\u00f3kusz\u00e1lt, \u00edr\u00e1sos \u00f6sszegz\u00e9s.<\/p>\n<h3>Seg\u00edt a napl\u00f3z\u00e1s vagy ink\u00e1bb \u00e1rt?<\/h3>\n<p>Att\u00f3l f\u00fcgg. Ha hajlamos vagy a r\u00e1g\u00f3d\u00e1sra, az intenz\u00edv \u00e9rzelemcentrikus \u00edr\u00e1s eleinte ronthat. Ilyenkor v\u00e1laszd a r\u00f6videbb, strukt\u00far\u00e1lt form\u00e1t (t\u00e9ny\u2013\u00e9rzelem\u2013l\u00e9p\u00e9s). Ha nem r\u00e1g\u00f3dsz, a narrat\u00edv \u00edr\u00e1s seg\u00edthet \u00e9rtelmet adni \u00e9s rendezni az \u00e9lm\u00e9nyt.<\/p>\n<h3>Mit jelent a \u201eno contact\u201d a gyakorlatban?<\/h3>\n<p>El\u0151re r\u00f6gz\u00edtett id\u0151szak, amikor nem ind\u00edtasz \u00e9s nem fogadsz szem\u00e9lyes kapcsolatfelv\u00e9telt az exszel; technikai l\u00e9p\u00e9sek (n\u00e9m\u00edt\u00e1s, \u00e9rtes\u00edt\u00e9sek kikapcsol\u00e1sa) \u00e9s k\u00f6z\u00f6s \u00fcgyek eset\u00e9n z\u00e1rt, t\u00e1rgyilagos csatorna (pl. e-mail, heti egy id\u0151ablak).<\/p>\n<h3>Van-e itthon relev\u00e1ns, magyar nyelv\u0171 tartalom, amit \u00e9rdemes meghallgatni?<\/h3>\n<p>Igen. T\u00f6bb magyar podcast \u00e9s besz\u00e9lget\u00e9s foglalkozik a szak\u00edt\u00e1s feldolgoz\u00e1s\u00e1val. Lent aj\u00e1nlok egy friss, magyar epiz\u00f3dot, amely kifejezetten a gy\u00f3gyul\u00e1si l\u00e9p\u00e9seket j\u00e1rja k\u00f6r\u00fcl. A l\u00e9nyeg: v\u00e1lassz olyat, ami strukt\u00far\u00e1t \u00e9s megk\u00fczd\u00e9st k\u00edn\u00e1l, nem \u201edr\u00e1m\u00e1t\u201d.<\/p>\n<h2>Aj\u00e1nlott magyar vide\u00f3k\/podcastok<\/h2>\n<p><iframe title=\"Spotify Embed: Hogyan dolgozzam fel a szak\u00edt\u00e1st?\" style=\"border-radius: 12px\" width=\"100%\" height=\"152\" frameborder=\"0\" allowfullscreen allow=\"autoplay; clipboard-write; encrypted-media; fullscreen; picture-in-picture\" data-src=\"https:\/\/open.spotify.com\/embed\/episode\/3bQYJiOM1VJk33dzGWscwz?utm_source=oembed\" src=\"data:image\/svg+xml;base64,PHN2ZyB3aWR0aD0iMSIgaGVpZ2h0PSIxIiB4bWxucz0iaHR0cDovL3d3dy53My5vcmcvMjAwMC9zdmciPjwvc3ZnPg==\" class=\"lazyload\" data-load-mode=\"1\"><\/iframe><\/p>\n<h2>Forr\u00e1sok<\/h2>\n<ul>\n<li><a href=\"https:\/\/www.helenfisher.com\/downloads\/articles\/Fisher-et-al-Rejection.pdf\">Fisher, H. E., Brown, L. L., Aron, A., Strong, G., &amp; Mashek, D. (2010). Reward, Addiction, and Emotion Regulation Systems Associated With Rejection in Love. Journal of Neurophysiology.<\/a><\/li>\n<li><a href=\"https:\/\/journals.sagepub.com\/doi\/abs\/10.1177\/2167702612469801\">Sbarra, D. A., Boals, A., Mason, A. E., Larson, G. M., &amp; Mehl, M. R. (2013). Expressive Writing Can Impede Emotional Recovery Following Marital Separation. Clinical Psychological Science.<\/a><\/li>\n<li><a href=\"https:\/\/pubmed.ncbi.nlm.nih.gov\/34923372\/\">Eisma, M. C., T\u00f5nus, D., &amp; de Jong, P. J. (2022). Desired attachment and breakup distress relate to automatic approach of the ex-partner. Journal of Behavior Therapy and Experimental Psychiatry.<\/a><\/li>\n<\/ul>\n","protected":false},"excerpt":{"rendered":"<p>Ha szak\u00edtottak veled, vagy te mondtad ki a v\u00e9g\u00e9t, a tested \u00e9s az elm\u00e9d gyakran nem tesz k\u00fcl\u00f6nbs\u00e9get: mindk\u00e9t esetben vesztes\u00e9get \u00e9l \u00e1t. A legt\u00f6bben ilyenkor saj\u00e1t \u201egyenges\u00e9g\u00fckben\u201d keresik a magyar\u00e1zatot, pedig a jelens\u00e9g j\u00f3 r\u00e9sze idegrendszeri \u00e9s kapcsolati t\u00f6rv\u00e9nyszer\u0171s\u00e9gekb\u0151l fakad. A romantikus k\u00f6t\u0151d\u00e9s nem puszta \u00e9rzelem, hanem motiv\u00e1ci\u00f3s hajt\u00f3m\u0171; szak\u00edt\u00e1s ut\u00e1n ez a hajt\u00f3m\u0171&#8230;<\/p>\n","protected":false},"author":1,"featured_media":1286,"comment_status":"closed","ping_status":"open","sticky":false,"template":"","format":"standard","meta":{"footnotes":""},"categories":[36],"tags":[],"class_list":["post-1285","post","type-post","status-publish","format-standard","has-post-thumbnail","hentry","category-szakitas-feldolgozas-egerben"],"yoast_head":"<!-- This site is optimized with the Yoast SEO plugin v27.5 - https:\/\/yoast.com\/product\/yoast-seo-wordpress\/ -->\n<title>\u00d6sszet\u00f6rt sz\u00edvek<\/title>\n<meta name=\"robots\" content=\"index, follow, max-snippet:-1, max-image-preview:large, max-video-preview:-1\" \/>\n<link rel=\"canonical\" href=\"https:\/\/egercoach.hu\/blog\/osszetort-szivek\/\" \/>\n<meta property=\"og:locale\" content=\"hu_HU\" \/>\n<meta property=\"og:type\" content=\"article\" \/>\n<meta property=\"og:title\" content=\"\u00d6sszet\u00f6rt sz\u00edvek\" \/>\n<meta property=\"og:description\" content=\"Ha szak\u00edtottak veled, vagy te mondtad ki a v\u00e9g\u00e9t, a tested \u00e9s az elm\u00e9d gyakran nem tesz k\u00fcl\u00f6nbs\u00e9get: mindk\u00e9t esetben vesztes\u00e9get \u00e9l \u00e1t. A legt\u00f6bben ilyenkor saj\u00e1t \u201egyenges\u00e9g\u00fckben\u201d keresik a magyar\u00e1zatot, pedig a jelens\u00e9g j\u00f3 r\u00e9sze idegrendszeri \u00e9s kapcsolati t\u00f6rv\u00e9nyszer\u0171s\u00e9gekb\u0151l fakad. A romantikus k\u00f6t\u0151d\u00e9s nem puszta \u00e9rzelem, hanem motiv\u00e1ci\u00f3s hajt\u00f3m\u0171; szak\u00edt\u00e1s ut\u00e1n ez a hajt\u00f3m\u0171...\" \/>\n<meta property=\"og:url\" content=\"https:\/\/egercoach.hu\/blog\/osszetort-szivek\/\" \/>\n<meta property=\"og:site_name\" content=\"Az Egri Coach Blogja\" \/>\n<meta property=\"article:publisher\" content=\"https:\/\/www.facebook.com\/eger.coach\" \/>\n<meta property=\"article:published_time\" content=\"2025-10-23T18:44:10+00:00\" \/>\n<meta property=\"og:image\" content=\"https:\/\/egercoach.hu\/blog\/wp-content\/uploads\/2025\/10\/heart-shaped-gouda-cheese-2025-03-23-20-46-48-utc-scaled.jpg\" \/>\n\t<meta property=\"og:image:width\" content=\"1500\" \/>\n\t<meta property=\"og:image:height\" content=\"1000\" \/>\n\t<meta property=\"og:image:type\" content=\"image\/jpeg\" \/>\n<meta name=\"author\" content=\"Dajka G\u00e1bor\" \/>\n<meta name=\"twitter:card\" content=\"summary_large_image\" \/>\n<meta name=\"twitter:label1\" content=\"Szerz\u0151:\" \/>\n\t<meta name=\"twitter:data1\" content=\"Dajka G\u00e1bor\" \/>\n\t<meta name=\"twitter:label2\" content=\"Becs\u00fclt olvas\u00e1si id\u0151\" \/>\n\t<meta name=\"twitter:data2\" content=\"14 perc\" \/>\n<script type=\"application\/ld+json\" class=\"yoast-schema-graph\">{\"@context\":\"https:\\\/\\\/schema.org\",\"@graph\":[{\"@type\":\"Article\",\"@id\":\"https:\\\/\\\/egercoach.hu\\\/blog\\\/osszetort-szivek\\\/#article\",\"isPartOf\":{\"@id\":\"https:\\\/\\\/egercoach.hu\\\/blog\\\/osszetort-szivek\\\/\"},\"author\":{\"name\":\"Dajka G\u00e1bor\",\"@id\":\"https:\\\/\\\/egercoach.hu\\\/blog\\\/#\\\/schema\\\/person\\\/afc73367aa314ca33a9c8d3b88dce6e7\"},\"headline\":\"\u00d6sszet\u00f6rt sz\u00edvek\",\"datePublished\":\"2025-10-23T18:44:10+00:00\",\"mainEntityOfPage\":{\"@id\":\"https:\\\/\\\/egercoach.hu\\\/blog\\\/osszetort-szivek\\\/\"},\"wordCount\":3983,\"publisher\":{\"@id\":\"https:\\\/\\\/egercoach.hu\\\/blog\\\/#organization\"},\"image\":{\"@id\":\"https:\\\/\\\/egercoach.hu\\\/blog\\\/osszetort-szivek\\\/#primaryimage\"},\"thumbnailUrl\":\"https:\\\/\\\/egercoach.hu\\\/blog\\\/wp-content\\\/uploads\\\/2025\\\/10\\\/heart-shaped-gouda-cheese-2025-03-23-20-46-48-utc-scaled.jpg\",\"articleSection\":[\"Szak\u00edt\u00e1s-feldolgoz\u00e1s Egerben\"],\"inLanguage\":\"hu\"},{\"@type\":\"WebPage\",\"@id\":\"https:\\\/\\\/egercoach.hu\\\/blog\\\/osszetort-szivek\\\/\",\"url\":\"https:\\\/\\\/egercoach.hu\\\/blog\\\/osszetort-szivek\\\/\",\"name\":\"\u00d6sszet\u00f6rt sz\u00edvek\",\"isPartOf\":{\"@id\":\"https:\\\/\\\/egercoach.hu\\\/blog\\\/#website\"},\"primaryImageOfPage\":{\"@id\":\"https:\\\/\\\/egercoach.hu\\\/blog\\\/osszetort-szivek\\\/#primaryimage\"},\"image\":{\"@id\":\"https:\\\/\\\/egercoach.hu\\\/blog\\\/osszetort-szivek\\\/#primaryimage\"},\"thumbnailUrl\":\"https:\\\/\\\/egercoach.hu\\\/blog\\\/wp-content\\\/uploads\\\/2025\\\/10\\\/heart-shaped-gouda-cheese-2025-03-23-20-46-48-utc-scaled.jpg\",\"datePublished\":\"2025-10-23T18:44:10+00:00\",\"breadcrumb\":{\"@id\":\"https:\\\/\\\/egercoach.hu\\\/blog\\\/osszetort-szivek\\\/#breadcrumb\"},\"inLanguage\":\"hu\",\"potentialAction\":[{\"@type\":\"ReadAction\",\"target\":[\"https:\\\/\\\/egercoach.hu\\\/blog\\\/osszetort-szivek\\\/\"]}]},{\"@type\":\"ImageObject\",\"inLanguage\":\"hu\",\"@id\":\"https:\\\/\\\/egercoach.hu\\\/blog\\\/osszetort-szivek\\\/#primaryimage\",\"url\":\"https:\\\/\\\/egercoach.hu\\\/blog\\\/wp-content\\\/uploads\\\/2025\\\/10\\\/heart-shaped-gouda-cheese-2025-03-23-20-46-48-utc-scaled.jpg\",\"contentUrl\":\"https:\\\/\\\/egercoach.hu\\\/blog\\\/wp-content\\\/uploads\\\/2025\\\/10\\\/heart-shaped-gouda-cheese-2025-03-23-20-46-48-utc-scaled.jpg\",\"width\":1500,\"height\":1000,\"caption\":\"Heart shaped Gouda cheese on white background\"},{\"@type\":\"BreadcrumbList\",\"@id\":\"https:\\\/\\\/egercoach.hu\\\/blog\\\/osszetort-szivek\\\/#breadcrumb\",\"itemListElement\":[{\"@type\":\"ListItem\",\"position\":1,\"name\":\"Kezd\u0151lap\",\"item\":\"https:\\\/\\\/egercoach.hu\\\/blog\\\/\"},{\"@type\":\"ListItem\",\"position\":2,\"name\":\"\u00d6sszet\u00f6rt sz\u00edvek\"}]},{\"@type\":\"WebSite\",\"@id\":\"https:\\\/\\\/egercoach.hu\\\/blog\\\/#website\",\"url\":\"https:\\\/\\\/egercoach.hu\\\/blog\\\/\",\"name\":\"Eger Coach Blog\",\"description\":\"\",\"publisher\":{\"@id\":\"https:\\\/\\\/egercoach.hu\\\/blog\\\/#organization\"},\"potentialAction\":[{\"@type\":\"SearchAction\",\"target\":{\"@type\":\"EntryPoint\",\"urlTemplate\":\"https:\\\/\\\/egercoach.hu\\\/blog\\\/?s={search_term_string}\"},\"query-input\":{\"@type\":\"PropertyValueSpecification\",\"valueRequired\":true,\"valueName\":\"search_term_string\"}}],\"inLanguage\":\"hu\"},{\"@type\":\"Organization\",\"@id\":\"https:\\\/\\\/egercoach.hu\\\/blog\\\/#organization\",\"name\":\"Eger Coach Blog\",\"url\":\"https:\\\/\\\/egercoach.hu\\\/blog\\\/\",\"logo\":{\"@type\":\"ImageObject\",\"inLanguage\":\"hu\",\"@id\":\"https:\\\/\\\/egercoach.hu\\\/blog\\\/#\\\/schema\\\/logo\\\/image\\\/\",\"url\":\"https:\\\/\\\/egercoach.hu\\\/blog\\\/wp-content\\\/uploads\\\/2025\\\/05\\\/cropped-Eger.png\",\"contentUrl\":\"https:\\\/\\\/egercoach.hu\\\/blog\\\/wp-content\\\/uploads\\\/2025\\\/05\\\/cropped-Eger.png\",\"width\":500,\"height\":169,\"caption\":\"Eger Coach Blog\"},\"image\":{\"@id\":\"https:\\\/\\\/egercoach.hu\\\/blog\\\/#\\\/schema\\\/logo\\\/image\\\/\"},\"sameAs\":[\"https:\\\/\\\/www.facebook.com\\\/eger.coach\"]},{\"@type\":\"Person\",\"@id\":\"https:\\\/\\\/egercoach.hu\\\/blog\\\/#\\\/schema\\\/person\\\/afc73367aa314ca33a9c8d3b88dce6e7\",\"name\":\"Dajka G\u00e1bor\",\"image\":{\"@type\":\"ImageObject\",\"inLanguage\":\"hu\",\"@id\":\"https:\\\/\\\/secure.gravatar.com\\\/avatar\\\/81566ea1e2b3466baa03e9bdcdaa835f58564d8be90057a45f3e61711dc8a063?s=96&d=mm&r=g\",\"url\":\"https:\\\/\\\/secure.gravatar.com\\\/avatar\\\/81566ea1e2b3466baa03e9bdcdaa835f58564d8be90057a45f3e61711dc8a063?s=96&d=mm&r=g\",\"contentUrl\":\"https:\\\/\\\/secure.gravatar.com\\\/avatar\\\/81566ea1e2b3466baa03e9bdcdaa835f58564d8be90057a45f3e61711dc8a063?s=96&d=mm&r=g\",\"caption\":\"Dajka G\u00e1bor\"},\"sameAs\":[\"https:\\\/\\\/egercoach.hu\\\/blog\"],\"url\":\"https:\\\/\\\/egercoach.hu\\\/blog\\\/author\\\/adminka\\\/\"}]}<\/script>\n<!-- \/ Yoast SEO plugin. -->","yoast_head_json":{"title":"\u00d6sszet\u00f6rt sz\u00edvek","robots":{"index":"index","follow":"follow","max-snippet":"max-snippet:-1","max-image-preview":"max-image-preview:large","max-video-preview":"max-video-preview:-1"},"canonical":"https:\/\/egercoach.hu\/blog\/osszetort-szivek\/","og_locale":"hu_HU","og_type":"article","og_title":"\u00d6sszet\u00f6rt sz\u00edvek","og_description":"Ha szak\u00edtottak veled, vagy te mondtad ki a v\u00e9g\u00e9t, a tested \u00e9s az elm\u00e9d gyakran nem tesz k\u00fcl\u00f6nbs\u00e9get: mindk\u00e9t esetben vesztes\u00e9get \u00e9l \u00e1t. A legt\u00f6bben ilyenkor saj\u00e1t \u201egyenges\u00e9g\u00fckben\u201d keresik a magyar\u00e1zatot, pedig a jelens\u00e9g j\u00f3 r\u00e9sze idegrendszeri \u00e9s kapcsolati t\u00f6rv\u00e9nyszer\u0171s\u00e9gekb\u0151l fakad. A romantikus k\u00f6t\u0151d\u00e9s nem puszta \u00e9rzelem, hanem motiv\u00e1ci\u00f3s hajt\u00f3m\u0171; szak\u00edt\u00e1s ut\u00e1n ez a hajt\u00f3m\u0171...","og_url":"https:\/\/egercoach.hu\/blog\/osszetort-szivek\/","og_site_name":"Az Egri Coach Blogja","article_publisher":"https:\/\/www.facebook.com\/eger.coach","article_published_time":"2025-10-23T18:44:10+00:00","og_image":[{"width":1500,"height":1000,"url":"https:\/\/egercoach.hu\/blog\/wp-content\/uploads\/2025\/10\/heart-shaped-gouda-cheese-2025-03-23-20-46-48-utc-scaled.jpg","type":"image\/jpeg"}],"author":"Dajka G\u00e1bor","twitter_card":"summary_large_image","twitter_misc":{"Szerz\u0151:":"Dajka G\u00e1bor","Becs\u00fclt olvas\u00e1si id\u0151":"14 perc"},"schema":{"@context":"https:\/\/schema.org","@graph":[{"@type":"Article","@id":"https:\/\/egercoach.hu\/blog\/osszetort-szivek\/#article","isPartOf":{"@id":"https:\/\/egercoach.hu\/blog\/osszetort-szivek\/"},"author":{"name":"Dajka G\u00e1bor","@id":"https:\/\/egercoach.hu\/blog\/#\/schema\/person\/afc73367aa314ca33a9c8d3b88dce6e7"},"headline":"\u00d6sszet\u00f6rt sz\u00edvek","datePublished":"2025-10-23T18:44:10+00:00","mainEntityOfPage":{"@id":"https:\/\/egercoach.hu\/blog\/osszetort-szivek\/"},"wordCount":3983,"publisher":{"@id":"https:\/\/egercoach.hu\/blog\/#organization"},"image":{"@id":"https:\/\/egercoach.hu\/blog\/osszetort-szivek\/#primaryimage"},"thumbnailUrl":"https:\/\/egercoach.hu\/blog\/wp-content\/uploads\/2025\/10\/heart-shaped-gouda-cheese-2025-03-23-20-46-48-utc-scaled.jpg","articleSection":["Szak\u00edt\u00e1s-feldolgoz\u00e1s Egerben"],"inLanguage":"hu"},{"@type":"WebPage","@id":"https:\/\/egercoach.hu\/blog\/osszetort-szivek\/","url":"https:\/\/egercoach.hu\/blog\/osszetort-szivek\/","name":"\u00d6sszet\u00f6rt sz\u00edvek","isPartOf":{"@id":"https:\/\/egercoach.hu\/blog\/#website"},"primaryImageOfPage":{"@id":"https:\/\/egercoach.hu\/blog\/osszetort-szivek\/#primaryimage"},"image":{"@id":"https:\/\/egercoach.hu\/blog\/osszetort-szivek\/#primaryimage"},"thumbnailUrl":"https:\/\/egercoach.hu\/blog\/wp-content\/uploads\/2025\/10\/heart-shaped-gouda-cheese-2025-03-23-20-46-48-utc-scaled.jpg","datePublished":"2025-10-23T18:44:10+00:00","breadcrumb":{"@id":"https:\/\/egercoach.hu\/blog\/osszetort-szivek\/#breadcrumb"},"inLanguage":"hu","potentialAction":[{"@type":"ReadAction","target":["https:\/\/egercoach.hu\/blog\/osszetort-szivek\/"]}]},{"@type":"ImageObject","inLanguage":"hu","@id":"https:\/\/egercoach.hu\/blog\/osszetort-szivek\/#primaryimage","url":"https:\/\/egercoach.hu\/blog\/wp-content\/uploads\/2025\/10\/heart-shaped-gouda-cheese-2025-03-23-20-46-48-utc-scaled.jpg","contentUrl":"https:\/\/egercoach.hu\/blog\/wp-content\/uploads\/2025\/10\/heart-shaped-gouda-cheese-2025-03-23-20-46-48-utc-scaled.jpg","width":1500,"height":1000,"caption":"Heart shaped Gouda cheese on white background"},{"@type":"BreadcrumbList","@id":"https:\/\/egercoach.hu\/blog\/osszetort-szivek\/#breadcrumb","itemListElement":[{"@type":"ListItem","position":1,"name":"Kezd\u0151lap","item":"https:\/\/egercoach.hu\/blog\/"},{"@type":"ListItem","position":2,"name":"\u00d6sszet\u00f6rt sz\u00edvek"}]},{"@type":"WebSite","@id":"https:\/\/egercoach.hu\/blog\/#website","url":"https:\/\/egercoach.hu\/blog\/","name":"Eger Coach Blog","description":"","publisher":{"@id":"https:\/\/egercoach.hu\/blog\/#organization"},"potentialAction":[{"@type":"SearchAction","target":{"@type":"EntryPoint","urlTemplate":"https:\/\/egercoach.hu\/blog\/?s={search_term_string}"},"query-input":{"@type":"PropertyValueSpecification","valueRequired":true,"valueName":"search_term_string"}}],"inLanguage":"hu"},{"@type":"Organization","@id":"https:\/\/egercoach.hu\/blog\/#organization","name":"Eger Coach Blog","url":"https:\/\/egercoach.hu\/blog\/","logo":{"@type":"ImageObject","inLanguage":"hu","@id":"https:\/\/egercoach.hu\/blog\/#\/schema\/logo\/image\/","url":"https:\/\/egercoach.hu\/blog\/wp-content\/uploads\/2025\/05\/cropped-Eger.png","contentUrl":"https:\/\/egercoach.hu\/blog\/wp-content\/uploads\/2025\/05\/cropped-Eger.png","width":500,"height":169,"caption":"Eger Coach Blog"},"image":{"@id":"https:\/\/egercoach.hu\/blog\/#\/schema\/logo\/image\/"},"sameAs":["https:\/\/www.facebook.com\/eger.coach"]},{"@type":"Person","@id":"https:\/\/egercoach.hu\/blog\/#\/schema\/person\/afc73367aa314ca33a9c8d3b88dce6e7","name":"Dajka G\u00e1bor","image":{"@type":"ImageObject","inLanguage":"hu","@id":"https:\/\/secure.gravatar.com\/avatar\/81566ea1e2b3466baa03e9bdcdaa835f58564d8be90057a45f3e61711dc8a063?s=96&d=mm&r=g","url":"https:\/\/secure.gravatar.com\/avatar\/81566ea1e2b3466baa03e9bdcdaa835f58564d8be90057a45f3e61711dc8a063?s=96&d=mm&r=g","contentUrl":"https:\/\/secure.gravatar.com\/avatar\/81566ea1e2b3466baa03e9bdcdaa835f58564d8be90057a45f3e61711dc8a063?s=96&d=mm&r=g","caption":"Dajka G\u00e1bor"},"sameAs":["https:\/\/egercoach.hu\/blog"],"url":"https:\/\/egercoach.hu\/blog\/author\/adminka\/"}]}},"_links":{"self":[{"href":"https:\/\/egercoach.hu\/blog\/wp-json\/wp\/v2\/posts\/1285","targetHints":{"allow":["GET"]}}],"collection":[{"href":"https:\/\/egercoach.hu\/blog\/wp-json\/wp\/v2\/posts"}],"about":[{"href":"https:\/\/egercoach.hu\/blog\/wp-json\/wp\/v2\/types\/post"}],"author":[{"embeddable":true,"href":"https:\/\/egercoach.hu\/blog\/wp-json\/wp\/v2\/users\/1"}],"replies":[{"embeddable":true,"href":"https:\/\/egercoach.hu\/blog\/wp-json\/wp\/v2\/comments?post=1285"}],"version-history":[{"count":0,"href":"https:\/\/egercoach.hu\/blog\/wp-json\/wp\/v2\/posts\/1285\/revisions"}],"wp:featuredmedia":[{"embeddable":true,"href":"https:\/\/egercoach.hu\/blog\/wp-json\/wp\/v2\/media\/1286"}],"wp:attachment":[{"href":"https:\/\/egercoach.hu\/blog\/wp-json\/wp\/v2\/media?parent=1285"}],"wp:term":[{"taxonomy":"category","embeddable":true,"href":"https:\/\/egercoach.hu\/blog\/wp-json\/wp\/v2\/categories?post=1285"},{"taxonomy":"post_tag","embeddable":true,"href":"https:\/\/egercoach.hu\/blog\/wp-json\/wp\/v2\/tags?post=1285"}],"curies":[{"name":"wp","href":"https:\/\/api.w.org\/{rel}","templated":true}]}}