{"id":1288,"date":"2025-10-24T02:41:10","date_gmt":"2025-10-24T00:41:10","guid":{"rendered":"https:\/\/egercoach.hu\/blog\/?p=1288"},"modified":"2025-10-24T02:41:10","modified_gmt":"2025-10-24T00:41:10","slug":"mi-tortenik-a-gyerekekkel-akik-gyakorlatilag-a-telefonban-elnek","status":"publish","type":"post","link":"https:\/\/egercoach.hu\/blog\/mi-tortenik-a-gyerekekkel-akik-gyakorlatilag-a-telefonban-elnek\/","title":{"rendered":"Mi t\u00f6rt\u00e9nik a gyerekekkel, akik gyakorlatilag a telefonban \u00e9lnek?"},"content":{"rendered":"<p>Mi\u00e9rt ennyire bor\u00fasak a trendek, f\u0151leg a Z gener\u00e1ci\u00f3ban? \u00c9s mit lehet ezzel felel\u0151sen kezdeni?\u201d Nem \u00e1ltatok: az ut\u00f3bbi \u00e9vtizedben a gyerek- \u00e9s serd\u00fcl\u0151kori k\u00f6z\u00e9rzet roml\u00e1s\u00e1t sok helyen egy\u00fctt l\u00e1ttuk a \u201etelefonalap\u00fa l\u00e9t\u201d elterjed\u00e9s\u00e9vel. Nem egy-egy k\u00f3sza posztr\u00f3l besz\u00e9lek, hanem teljes napi ritmusokr\u00f3l, ahol az \u00e9brenl\u00e9t jelent\u0151s r\u00e9sze k\u00e9perny\u0151ben \u00e9s platformok k\u00f6zt telik. Nem csoda, ha sz\u00fcl\u0151k\u00e9nt azt \u00e9rzed, hogy a kamaszod \u201ebeb\u00e1boz\u00f3dott\u201d a virtu\u00e1lis t\u00e9rbe; fiatalk\u00e9nt pedig k\u00f6nny\u0171 beleragadni a v\u00e9gtelen \u00f6sszehasonl\u00edt\u00e1sba \u00e9s a rossz h\u00edrek, gy\u0171l\u00f6letkelt\u0151 tartalmak keltette szorong\u00e1sba. Az viszont hiba lenne, ha ebb\u0151l egyszer\u0171, moraliz\u00e1l\u00f3 \u00edt\u00e9letet csin\u00e1ln\u00e1nk. A tudom\u00e1ny k\u00e9p\u00e9n k\u00e9t dolog l\u00e1tszik egyszerre: egyr\u00e9szt a k\u00f6z\u00f6ss\u00e9gi m\u00e9dia \u00e9s az okostelefonok univerz\u00e1lis haszn\u00e1lata (13\u201317 \u00e9vesek d\u00f6nt\u0151 t\u00f6bbs\u00e9ge jelen van; nagyon sokan \u201eszinte folyamatosan\u201d), m\u00e1sr\u00e9szt az, hogy a hat\u00e1sok <i>nem egys\u00e9gesek<\/i> \u2013 vannak kock\u00e1zati helyzetek (\u00e9jszakai haszn\u00e1lat, zaklat\u00e1s, testk\u00e9p-f\u00f3kusz\u00fa tartalom, kontroll\u00e1latlan \u00e9rtes\u00edt\u00e9sek), \u00e9s vannak v\u00e9d\u0151 elrendez\u00e9sek (id\u0151- \u00e9s tartalomkeretek, alv\u00e1sv\u00e9delem, besz\u00e9lget\u0151, t\u00e1mogat\u00f3 feln\u0151ttek). A cikk c\u00e9lja nem a p\u00e1nikkelt\u00e9s: vil\u00e1gosan megmutatom, hol \u00e9s mi\u00e9rt cs\u00faszik sz\u00e9t a fejl\u0151d\u00e9si p\u00e1lya, \u00e9s leteszek az asztalra egy <b>m\u0171k\u00f6d\u0151, kompromisszummentes tervet<\/b> sz\u00fcl\u0151knek, pedag\u00f3gusoknak \u00e9s fiataloknak. Nem elm\u00e9letet \u00e1rulok, hanem rendszert.<\/p>\n<h2>Mi v\u00e1ltozott val\u00f3j\u00e1ban? \u2013 A \u201etelefonalap\u00fa l\u00e9t\u201d logik\u00e1ja<\/h2>\n<p>Az okostelefon nem egy eszk\u00f6z a sok k\u00f6z\u00fcl, hanem az idegrendszered el\u00e9 illesztett <i>eloszt\u00f3<\/i>: h\u00edrek, t\u00e1rsas jelz\u00e9sek, j\u00e1t\u00e9k, tanul\u00e1s, sz\u00f3rakoz\u00e1s, v\u00e1s\u00e1rl\u00e1s, minden egy k\u00e9perny\u0151n. A gyerekek \u00e9s kamaszok fejl\u0151d\u00e9se szempontj\u00e1b\u00f3l ez az\u00e9rt kritikus, mert a m\u00e9g \u00e9r\u0151 v\u00e9grehajt\u00f3 funkci\u00f3k (g\u00e1tl\u00e1s, f\u00f3kusz, d\u00f6nt\u00e9shoz\u00e1s) folyamatosan magas inger\u00e1radat alatt dolgoznak. A \u201etelefonalap\u00fa l\u00e9t\u201d h\u00e1rom nagy \u00e1trendez\u0151 hat\u00e1sa l\u00e1tszik a mindennapokban. El\u0151sz\u00f6r: <b>alv\u00e1s-kisaj\u00e1t\u00edt\u00e1s<\/b>. Az esti-k\u00e9s\u0151 esti g\u00f6rget\u00e9s \u00e9s a push-\u00f6k az alv\u00e1s kezdet\u00e9t tolj\u00e1k; a f\u00e9ny \u00e9s a szoci\u00e1lis aktiv\u00e1ci\u00f3 egy\u00fctt gyeng\u00edti az elalv\u00e1st. M\u00e1sodszor: <b>figyelmi fragment\u00e1ci\u00f3<\/b>. A platformok sz\u00e1nd\u00e9kosan r\u00f6vid, v\u00e1ltogatott ingers\u00e1vokban tartanak; a t\u00f6redezett figyelmi minta azt\u00e1n \u00e1tcsorog tanul\u00e1sba, munk\u00e1ba. Harmadszor: <b>szoci\u00e1lis \u00f6sszehasonl\u00edt\u00e1s \u00e9s nyilv\u00e1nos m\u00e9rce<\/b>. A \u201emindenki l\u00e1tja\u201d horizontj\u00e1n a tin\u00e9dzserkori \u00f6n\u00e9rt\u00e9kel\u00e9s \u00e9rz\u00e9kenyebb pontjaira (testk\u00e9p, t\u00e1rsas st\u00e1tusz) folyamatos visszajelz\u00e9s \u00e9rkezik \u2013 nem felt\u00e9tlen val\u00f3s\u00e1gos, de pszichol\u00f3giailag val\u00f3s. A k\u00e9p \u00e1rnyalt: a k\u00f6z\u00f6ss\u00e9gi terek adhatnak k\u00f6z\u00f6ss\u00e9g\u00e9rz\u00e9st, kreat\u00edv \u00f6nkifejez\u00e9st, tanul\u00e1si lehet\u0151s\u00e9get is. A gond nem a l\u00e9tez\u00e9s\u00fckkel van, hanem azzal, ha <i>\u0151k<\/i> adj\u00e1k a nap ritmus\u00e1t, \u00e9s nem a gyerek vagy a csal\u00e1d.<\/p>\n<h2>Mi zajlik az agyban \u00e9s a fejl\u0151d\u00e9sben? \u2013 Dopamin, alv\u00e1s, t\u00e1rsas t\u00fck\u00f6r<\/h2>\n<p>A jutalmaz\u00e1si rendszer alapb\u00f3l nem \u201erossz\u201d, de a mai platformlogik\u00e1n k\u00f6nnyen t\u00falhajtott \u00fczemm\u00f3dba \u00e1ll. A v\u00e1ltozatos, kisz\u00e1m\u00edthatatlan jutalom (\u00faj tartalom, \u00faj \u00e9rtes\u00edt\u00e9s, \u00faj reakci\u00f3) tart\u00f3san aktiv\u00e1lja a motiv\u00e1ci\u00f3s p\u00e1ly\u00e1kat; ez nem \u201ef\u00fcgg\u0151s\u00e9g\u201d diagn\u00f3zisa, hanem m\u0171k\u00f6d\u00e9s: ha gyakran p\u00f6rgeted fel, a baseline nyugtalanabb lesz. A m\u00e1sik kulcst\u00e9nyez\u0151 az <b>alv\u00e1s<\/b>. Kamaszkorban eleve cs\u00faszik a cirkadi\u00e1n f\u00e1zis; az esti f\u00e9ny \u00e9s az \u00e9rzelmi aktiv\u00e1ci\u00f3 (kommenth\u00e1bor\u00fa, testk\u00e9p-tartalom) ezt tov\u00e1bb tolja. Kev\u00e9s alv\u00e1s \u2192 gyeng\u00e9bb \u00e9rzelemszab\u00e1lyoz\u00e1s \u00e9s impulzuskontroll \u2192 t\u00f6bb \u00f6sszevesz\u00e9s, t\u00f6bb elkapkodott poszt, rosszabb iskolai k\u00f6z\u00e9rzet. Harmadik pill\u00e9r a <b>t\u00e1rsas t\u00fck\u00f6r<\/b>. A serd\u00fcl\u0151kori idegrendszer a t\u00e1rsas elfogad\u00e1sra hiperszenzit\u00edv; a nyilv\u00e1nos m\u00e9r\u0151rendszer (l\u00e1jk, n\u00e9zetts\u00e9g, komment) miatt a visszajelz\u00e9s s\u00falya felnagy\u00edt\u00f3dik. Ha a feed testk\u00e9pre, kin\u00e9zetre \u00e9s st\u00e1tusz-szimb\u00f3lumokra p\u00f6rget, a perfekcionizmus \u00e9s az \u201e\u00f6nmagam brandje\u201d fajta szorong\u00e1s l\u00e1tv\u00e1nyosan n\u0151. Ezen a p\u00e1ly\u00e1n egy-egy s\u00e9rt\u0151 megjegyz\u00e9s, kirekeszt\u0151 csoportduma vagy csendes ignor\u00e1l\u00e1s is komoly \u00e9rzelmi lenyomatot hagyhat. Mindez nem jelenti, hogy a telefon \u201et\u00f6nkreteszi az agyat\u201d; azt jelenti, hogy a fejl\u0151d\u00e9s kulcster\u00fcletei \u2013 alv\u00e1s, \u00e9rzelemszab\u00e1lyoz\u00e1s, t\u00e1rsas visszajelz\u00e9s \u2013 <i>teher alatt<\/i> vannak. Itt kell beavatkozni: ritmus, keretek, tartalmi v\u00e1logat\u00e1s.<\/p>\n<blockquote><p>\u201eA gyerekeknek nem \u2019kevesebb digit\u00e1lis \u00e9letre\u2019, hanem <b>jobban m\u0171k\u00f6dtetett<\/b> digit\u00e1lis \u00e9letre van sz\u00fcks\u00e9g\u00fck: alv\u00e1sv\u00e9delem, id\u0151z\u00edtett hozz\u00e1f\u00e9r\u00e9s, emberi besz\u00e9lget\u00e9s el\u0151nyben. Ez nem nosztalgia, hanem \u00fczemeltet\u00e9s.\u201d \u2014 <b>Dajka G\u00e1bor<\/b><\/p><\/blockquote>\n<h2>Mit mond a kutat\u00e1s? \u2013 Konszenzus, ellentmond\u00e1sok, gyakorlati k\u00f6vetkezm\u00e9ny<\/h2>\n<p>K\u00e9t fontos, egym\u00e1st kieg\u00e9sz\u00edt\u0151 \u00e1ll\u00edt\u00e1s f\u00e9r meg egy\u00fctt. Az egyik: <b>sz\u00e9les k\u00f6r\u0171 a haszn\u00e1lat<\/b>, \u00e9s vannak <b>j\u00f3l azonos\u00edthat\u00f3 kock\u00e1zati z\u00f3n\u00e1k<\/b> (\u00e9jszakai k\u00e9perny\u0151z\u00e9s, cyberbullying, gy\u0171l\u00f6letkelt\u0151 \u00e9s testk\u00e9p-k\u00f6zpont\u00fa tartalom, nagyon magas napi id\u0151tartam). Ezekre egyre t\u00f6bb szakmai aj\u00e1nl\u00e1s sz\u00fcletik: fejleszt\u00e9snek megfelel\u0151 be\u00e1ll\u00edt\u00e1sok, sz\u00fcl\u0151i k\u00eds\u00e9r\u00e9s, alv\u00e1s- \u00e9s iskolai keretek, platformfrikci\u00f3k. A m\u00e1sik: a \u201etelefon=ment\u00e1lis betegs\u00e9g\u201d t\u00edpus\u00fa leegyszer\u0171s\u00edt\u00e9s <i>nem<\/i> tarthat\u00f3. Nagymint\u00e1s elemz\u00e9sek szerint a teljes technol\u00f3giahaszn\u00e1lat \u00e9s a j\u00f3ll\u00e9t kapcsolata \u00e1tlagban kicsi; a kock\u00e1zat nem az \u201e\u00e1tlagos haszn\u00e1latban\u201d van, hanem a <b>sz\u00e9ls\u0151\u00e9rt\u00e9kekben \u00e9s a kontextusban<\/b>. Ezt gyakorlati nyelvre leford\u00edtva: nem minden, nem mindenkinek, nem mindegy mikor \u00e9s hogyan. A j\u00f3 h\u00edr az, hogy a kock\u00e1zati z\u00f3n\u00e1k <i>m\u00e9rn\u00f6ki eszk\u00f6z\u00f6kkel<\/i> is kezelhet\u0151k (\u00e9rtes\u00edt\u00e9s-szab\u00e1lyok, id\u0151z\u00e1rak, tartalomsz\u0171r\u0151k, no-phone s\u00e1vok), a v\u00e9d\u0151hat\u00e1sok pedig <i>nevel\u00e9si eszk\u00f6z\u00f6kkel<\/i> er\u0151s\u00edthet\u0151k (besz\u00e9lget\u00e9s, szerepmodell\u00e1l\u00e1s, k\u00e9szs\u00e9gtan\u00edt\u00e1s). Nem v\u00e1rn\u00e9k csod\u00e1t a platformokt\u00f3l: csal\u00e1d, iskola, k\u00f6z\u00f6ss\u00e9g n\u00e9lk\u00fcl a be\u00e1ll\u00edt\u00e1sok nem tartj\u00e1k meg a rendszert; de platformok n\u00e9lk\u00fcl sem megy, mert a zaj forr\u00e1sa n\u00e1luk van. <b>K\u00f6z\u00f6s \u00fczemeltet\u00e9s<\/b> kell.<\/p>\n<h2>Milyen jelekre figyelj? \u2013 T\u00fcnetek, amelyek telefon-k\u00f6zpont\u00fa mint\u00e1ra utalnak<\/h2>\n<p>Nem minden \u201esokat telefonozik\u201d jelenti, hogy baj van. A jelleg \u00e9s a k\u00f6vetkezm\u00e9ny a d\u00f6nt\u0151. Ha a gyerekedn\u00e9l tart\u00f3san romlik az alv\u00e1s, reggel kimer\u00fclt, az iskolai koncentr\u00e1ci\u00f3 cs\u00f6kken, a hangulat ingadoz\u00f3bb, n\u0151 a szorong\u00e1s, egyre t\u00f6bb a visszah\u00faz\u00f3d\u00e1s, a kor\u00e1bban kedvelt offline tev\u00e9kenys\u00e9geket ker\u00fcli, \u00e9s k\u00f6zben a telefon elv\u00e9tele <i>ar\u00e1nytalan<\/i> d\u00fch\u00f6t vagy p\u00e1nikot okoz, akkor <b>m\u00e1r nem egy szok\u00e1sr\u00f3l<\/b>, hanem egy t\u00falterhelt m\u0171k\u00f6d\u00e9sr\u0151l besz\u00e9l\u00fcnk. A testk\u00e9p-k\u00f6zpont\u00fa tartalmakn\u00e1l figyeld a \u201em\u00e9ricsk\u00e9l\u0151s\u201d besz\u00e9det, a di\u00e9t\u00e1s k\u00eds\u00e9rletek gyors egym\u00e1sut\u00e1nj\u00e1t, a t\u00fck\u00f6r- \u00e9s fot\u00f3f\u00f3kuszt. Ha gyakori a s\u00edr\u00e1s rejtett online konfliktusok ut\u00e1n, ha n\u0151 az \u201e\u00e1lbar\u00e1tok\u201d sz\u00e1ma \u00e9s cs\u00f6kken az \u00e9l\u0151 kapcsol\u00f3d\u00e1s, ha kr\u00f3nikusan inger\u00fclt otthon, mik\u00f6zben \u00e9jf\u00e9lig akt\u00edv a chat, akkor a rendszer <i>folyamatosan felh\u00fazott<\/i>. Ezek jelek, nem \u00edt\u00e9letek. A kulcs: ne \u201evond perbe\u201d, hanem <b>\u00e9rtelmezd<\/b> vele egy\u00fctt. A besz\u00e9lget\u00e9s szerkezete legyen r\u00f6vid \u00e9s t\u00e1rgyszer\u0171: mit l\u00e1tsz viselked\u00e9sben, mit okoz a mindennapokban, \u00e9s mit fogtok kipr\u00f3b\u00e1lni.<\/p>\n<ul>\n<li><b>V\u00f6r\u00f6s z\u00e1szl\u00f3k:<\/b> \u00e9jszakai online zaklat\u00e1s, doxxol\u00e1s, fenyeget\u0151 \u00fczenetek; testk\u00e9p-miatti \u00f6ns\u00e9rt\u00e9sre utal\u00f3 jelek; drasztikus alv\u00e1smegvon\u00e1s; eszkal\u00e1l\u00f3d\u00f3 d\u00fchkit\u00f6r\u00e9sek, ha a k\u00e9sz\u00fcl\u00e9ket f\u00e9lre kell tenni. Ezekn\u00e9l <i>azonnali<\/i> feln\u0151tt- \u00e9s szakmai bevon\u00e1s.<\/li>\n<li><b>S\u00e1rga z\u00e1szl\u00f3k:<\/b> napi szint\u0171 alv\u00e1shi\u00e1ny, \u201emindig k\u00e9szenl\u00e9t\u201d, visszat\u00e9r\u0151 \u201enem vagyok el\u00e9g j\u00f3\u201d narrat\u00edva, offline visszah\u00faz\u00f3d\u00e1s. Itt a csal\u00e1di terv (l\u00e1sd lejjebb) hozza a legnagyobb hasznot.<\/li>\n<\/ul>\n<h2>Csal\u00e1di terv: 30 napos \u201etelefon-\u00fczemeltet\u00e9s\u201d \u2013 m\u0171k\u00f6d\u0151 l\u00e9p\u00e9sek<\/h2>\n<p>A hat\u00e9kony csal\u00e1di terv nem b\u00fcntet\u00e9s, hanem <b>ritmust ad\u00f3<\/b> egy\u00fcttm\u0171k\u00f6d\u00e9s. K\u00e9t alapelv: a szab\u00e1ly <i>el\u0151re<\/i> van kimondva, \u00e9s <i>mindenki<\/i> \u00e9rintett (igen, a feln\u0151ttek is). A 30 nap c\u00e9lja nem a telefon-elleness\u00e9g, hanem a t\u00falterhel\u00e9s cs\u00f6kkent\u00e9se \u00e9s az alv\u00e1s\u2013tanul\u00e1s\u2013kapcsol\u00f3d\u00e1s tri\u00e1sz helyre\u00e1ll\u00edt\u00e1sa. A m\u0171k\u00f6d\u0151 terv n\u00e9gy blokkb\u00f3l \u00e1ll. 1) <b>Alv\u00e1sv\u00e9delem:<\/b> este fix \u201ekijelz\u0151mentes s\u00e1v\u201d (legal\u00e1bb 60 perc elalv\u00e1s el\u0151tt), a t\u00f6lt\u0151 nem a h\u00e1l\u00f3ban, \u00e9breszt\u0151\u00f3ra k\u00fcl\u00f6n. 2) <b>Id\u0151z\u00edtett hozz\u00e1f\u00e9r\u00e9s:<\/b> k\u00e9t-h\u00e1rom \u201ebej\u00f6v\u0151kezel\u0151\u201d ablak napk\u00f6zben, a t\u00f6bbi id\u0151ben \u00e9rtes\u00edt\u00e9s- \u00e9s rezg\u0151mentes m\u00f3d. 3) <b>Tartalmi sz\u0171r\u00e9s \u00e9s besz\u00e9lget\u00e9s:<\/b> a testk\u00e9p- \u00e9s gy\u0171l\u00f6letf\u00f3kusz\u00fa forr\u00e1sok karcs\u00fas\u00edt\u00e1sa, heti egyszer 20 perc k\u00f6z\u00f6s \u201emit hozott a feed\u201d besz\u00e9lget\u00e9s, moraliz\u00e1l\u00e1s n\u00e9lk\u00fcl. 4) <b>Offline csere:<\/b> a telefon hely\u00e9re nem <i>semmi<\/i> j\u00f6n, hanem konkr\u00e9t alternat\u00edv\u00e1k (sport, t\u00e1rsas, zene, projekt). Az els\u0151 h\u00e9t neh\u00e9z lesz; a m\u00e1sodik v\u00e9g\u00e9re l\u00e1tni fogod a v\u00e1ltoz\u00e1st: jobb alv\u00e1s, kevesebb fesz\u00fclts\u00e9g, t\u00f6bb jelenl\u00e9t. Igen, ez munka. De a gyerek idegrendszer\u00e9t nem sz\u00f3noklat menti meg, hanem a ritmus.<\/p>\n<ul>\n<li><b>Konkr\u00e9t be\u00e1ll\u00edt\u00e1sok:<\/b> \u00e9rtes\u00edt\u00e9sek csak \u00fczenet \u00e9s h\u00edv\u00e1s; minden m\u00e1s napi \u201e\u00f6sszegz\u0151\u201d m\u00f3dra \u00e1ll\u00edtva. Autoplay \u00e9s v\u00e9gtelen g\u00f6rget\u00e9s kikapcsol\u00e1sa, id\u0151z\u00e1r a legink\u00e1bb elnyel\u0151 appokra.<\/li>\n<li><b>Kommunik\u00e1ci\u00f3s sablon:<\/b> \u201eNem b\u00fcntet\u00e9s, hanem k\u00eds\u00e9rlet. 30 napig \u00edgy m\u0171k\u00f6d\u00fcnk, azt\u00e1n egy\u00fctt d\u00f6nt\u00fcnk a folytat\u00e1sr\u00f3l.\u201d<\/li>\n<li><b>Sz\u00fcl\u0151i minta:<\/b> vacsor\u00e1n\u00e1l feln\u0151ttnek sincs telefon; esti kijelz\u0151mentes s\u00e1v mindenkinek. A gyerek azt csin\u00e1lja tart\u00f3san, amit l\u00e1t.<\/li>\n<\/ul>\n<h2>Iskola \u00e9s k\u00f6z\u00f6ss\u00e9g: rendszerszint\u0171 l\u00e9p\u00e9sek, amelyek t\u00e9nyleg hoznak eredm\u00e9nyt<\/h2>\n<p>Az iskolai \u00e9s k\u00f6z\u00f6ss\u00e9gi t\u00e9r nem \u201ek\u00fclvil\u00e1g\u201d: a gyerekek idej\u00fck jelent\u0151s r\u00e9sz\u00e9t itt t\u00f6ltik. H\u00e1rom ter\u00fcletet \u00e9rdemes egyszerre rendezni. <b>Alv\u00e1s- \u00e9s f\u00f3kuszbar\u00e1t \u00fctemez\u00e9s:<\/b> a reggeli \u201etelefon-parkol\u00f3\u201d (\u00f3rakezd\u00e9s el\u0151tt leadott k\u00f6z\u00f6s t\u00e1rol\u00f3, \u00f3ra v\u00e9g\u00e9n vissza) kimutathat\u00f3an cs\u00f6kkenti a mikroelterel\u00e9seket, ha az int\u00e9zm\u00e9ny <i>k\u00f6vetkezetes<\/i>. <b>Digit\u00e1lis \u00edr\u00e1stud\u00e1s \u00e9s k\u00e9szs\u00e9gfejleszt\u00e9s:<\/b> nem \u201ene ijedj meg az internett\u0151l\u201d \u00f3r\u00e1k kellenek, hanem val\u00f3s helyzetgyakorlatok: hogyan jelentesz zaklat\u00e1st, hogyan \u00e1ll\u00edtod a feedet, mi az a deepfake, mikor k\u00e9rsz feln\u0151tt seg\u00edts\u00e9get. <b>K\u00f6z\u00f6ss\u00e9gi norma:<\/b> a platformokon \u00e9s az oszt\u00e1lycsoportokban legyen \u00edr\u00e1sos, r\u00f6vid h\u00e1zirend (milyen k\u00f6vetkezm\u00e9nye van a szem\u00e9lyesked\u00e9snek, a kik\u00f6z\u00f6s\u00edt\u00e9snek, a k\u00e9pk\u00e9r\u00e9snek). A \u201eno phone a tan\u00f3r\u00e1n\u201d t\u00edpus\u00fa tilt\u00e1s \u00f6nmag\u00e1ban keveset \u00e9r; a minta \u00e9s az alternat\u00edva adja meg a rend tart\u00f3ss\u00e1g\u00e1t. Ha az int\u00e9zm\u00e9ny kijel\u00f6l <i>egy<\/i> bejelent\u0151 csatorn\u00e1t, \u00e9s 48 \u00f3r\u00e1n bel\u00fcl minden jelz\u00e9sre v\u00e1laszt ad, a gyerekek gyorsan megtanulj\u00e1k, hogy <b>van \u00e9rtelme<\/b> sz\u00f3lni. A v\u00e9dett, gyors visszajelz\u00e9s fel\u00e9t megoldja a probl\u00e9m\u00e1nak.<\/p>\n<table border=\"1\">\n<thead>\n<tr>\n<th>L\u00e9p\u00e9s<\/th>\n<th>Mit jelent a gyakorlatban?<\/th>\n<th>V\u00e1rt hat\u00e1s<\/th>\n<\/tr>\n<\/thead>\n<tbody>\n<tr>\n<td>Telefon-parkol\u00f3 \u00f3r\u00e1k alatt<\/td>\n<td>Oszt\u00e1lyonk\u00e9nt z\u00e1rt t\u00e1rol\u00f3; csak sz\u00fcnetben hozz\u00e1f\u00e9r\u00e9s<\/td>\n<td>Kevesebb mikroelterel\u00e9s, jobb tan\u00f3rai jelenl\u00e9t<\/td>\n<\/tr>\n<tr>\n<td>48 \u00f3r\u00e1s jelz\u00e9si protokoll<\/td>\n<td>Egy online \u0171rlap; minden jelz\u00e9sre v\u00e1lasz 2 napon bel\u00fcl<\/td>\n<td>N\u0151 a biztons\u00e1g\u00e9rzet, cs\u00f6kken a \u201eminek sz\u00f3ljak\u201d cinizmus<\/td>\n<\/tr>\n<tr>\n<td>Digit\u00e1lis \u00edr\u00e1stud\u00e1s gyakorlatai<\/td>\n<td>Zaklat\u00e1s-jelent\u00e9s, feed-takar\u00edt\u00e1s, deepfake-felismer\u00e9s<\/td>\n<td>T\u00f6bb v\u00e9dett helyzet, kevesebb naiv kitetts\u00e9g<\/td>\n<\/tr>\n<\/tbody>\n<\/table>\n<h2>Piac \u00e9s platform: mit v\u00e1rjunk \u00e9s mit ne?<\/h2>\n<p>J\u00f3zan \u00e1ll\u00edt\u00e1som: a platformok els\u0151dleges \u00f6szt\u00f6nz\u0151je az elk\u00f6telez\u0151d\u00e9s, ez\u00e9rt a zaj cs\u00f6kkent\u00e9se <i>nem<\/i> fog organikusan bek\u00f6vetkezni. Viszont lehet \u00e9s kell k\u00e9rni olyan alapbe\u00e1ll\u00edt\u00e1sokat, amelyek nem veszik el a hasznos funkci\u00f3kat, m\u00e9gis cs\u00f6kkentik a t\u00falterhel\u00e9st. Ilyen a <b>k\u00e9sleltetett megoszt\u00e1s<\/b> (k\u00fcld\u00e9s el\u0151tt \u201egondold \u00e1t\u201d ablak), a <b>default \u00e9rtes\u00edt\u00e9s-di\u00e9ta<\/b> (minden off, csak \u00fczenet\/h\u00edv\u00e1s on), a <b>no-autoplay<\/b> alap\u00e1llapot, a <b>kora\u00e9letkor-bar\u00e1t<\/b> fel\u00fcletek (k\u00f6nny\u0171 jelent\u00e9s, l\u00e1that\u00f3 moder\u00e1ci\u00f3). A m\u00e1rk\u00e1k szerepe sem mell\u00e9kes: ahol a fiataloknak sz\u00f3l\u00f3 kommunik\u00e1ci\u00f3 nem jutalmazza a sz\u00e9gyen\u00edt\u0151, testk\u00e9p-k\u00f6zpont\u00fa \u00e9s kihaszn\u00e1l\u00f3 tartalmakat, ott a feed lassabban cs\u00faszik f\u00e9lre. Sz\u00fcl\u0151k\u00e9nt \u00e9s pedag\u00f3gusk\u00e9nt pedig <i>mi<\/i> adunk megrendel\u00e9st a platformokra: az iskolai keretrendszerek \u00e9s a korm\u00e1nyzati minimumszab\u00e1lyok (\u00e1tl\u00e1that\u00f3 be\u00e1ll\u00edt\u00e1sok, jelent\u00e9sek kezel\u00e9se, f\u00fcggetlen audit) sz\u00e1m\u00edtanak. Nem kell d\u00e9moniz\u00e1lni \u2013 de nem kell naivnak sem lenni. A \u201egyerekbar\u00e1t diz\u00e1jn\u201d nem marketing-szlogen, hanem <b>biztons\u00e1gi alapelv<\/b>. Ha a gyerek \u00e9rdeke az els\u0151, az evol\u00faci\u00f3s hajt\u00f3er\u0151k nem kapnak szabadjegyet a mindennapokra.<\/p>\n<blockquote><p>\u201eA c\u00e9l nem a \u2019telefon n\u00e9lk\u00fcli\u2019 gyerek, hanem az <b>id\u0151z\u00edtett \u00e9s tartalomsz\u0171rt<\/b> digit\u00e1lis \u00e9let. Aki ezt rendszerben csin\u00e1lja, visszakapja az alv\u00e1s\u00e1t, a f\u00f3kusz\u00e1t \u00e9s a j\u00f3kedv\u00e9t.\u201d \u2014 <b>Dajka G\u00e1bor<\/b><\/p><\/blockquote>\n<h2>Dajka G\u00e1bor business coach szerint<\/h2>\n<p>\u00c1ll\u00e1st foglalok: a \u201etelefonalap\u00fa l\u00e9t\u201d nem term\u00e9szetes \u00e1llapot, hanem rosszul \u00fczemeltetett k\u00f6rnyezet eredm\u00e9nye. Nem a gyerek a hib\u00e1s, \u00e9s nem is az egyes platform az \u201eellens\u00e9g\u201d \u2013 a felel\u0151ss\u00e9g\u00fcnk k\u00f6z\u00f6s. A sz\u00fcl\u0151i minta, az iskolai rend, a k\u00f6z\u00f6ss\u00e9gi norm\u00e1k \u00e9s a platform-be\u00e1ll\u00edt\u00e1sok egy\u00fctt adj\u00e1k ki a k\u00fcl\u00f6nbs\u00e9get. Ha ebb\u0151l egy hi\u00e1nyzik, a m\u00e1sik h\u00e1rom nem p\u00f3tolja. Ha mind a n\u00e9gy egy\u00fctt van, a v\u00e1ltoz\u00e1s gyorsabb, mint hinn\u00e9d: a gyerek \u00fajra alszik, a tanul\u00e1s kev\u00e9sb\u00e9 f\u00e1j, a hangulat kev\u00e9sb\u00e9 billeg, \u00e9s a telefon helyet foglal el, nem mindent. Nem hiszek abban, hogy a vil\u00e1g \u201evisszaford\u00edthat\u00f3\u201d a pre-okostelefon korszak\u00e1ba. Abban hiszek, hogy a saj\u00e1t tereinket <i>\u00e1t tudjuk rendezni<\/i> \u2013 \u00e9s ez el\u00e9g. Ha ma l\u00e9psz, 30 nap m\u00falva l\u00e1tod.<\/p>\n<h2>Szak\u00e9rt\u0151 v\u00e1laszol \u2013 GYIK<\/h2>\n<h3>Mennyi a \u201esok\u201d k\u00e9perny\u0151id\u0151 egy kamasznak?<\/h3>\n<p>A mennyis\u00e9gn\u00e9l fontosabb a <b>mikor \u00e9s hogyan<\/b>. V\u00f6r\u00f6s z\u00f3na: \u00e9jszakai haszn\u00e1lat, alv\u00e1s rov\u00e1s\u00e1ra; zaklat\u00e1snak val\u00f3 kitetts\u00e9g; sz\u00e9ls\u0151s\u00e9ges id\u0151tartamok (minden szabad perc). Ha nappal, struktur\u00e1lt s\u00e1vokban, tartalom-sz\u0171rve van haszn\u00e1lva, \u00e9s mellette stabil az alv\u00e1s \u00e9s a tanul\u00e1s, az kock\u00e1zatilag eg\u00e9szen m\u00e1s vil\u00e1g.<\/p>\n<h3>\u201eTilt\u00e1s vagy bizalom?\u201d \u2013 mit l\u00e9pjek, ha elszabadult a helyzet?<\/h3>\n<p>R\u00f6vid t\u00e1von <b>keret<\/b> kell (no-phone az est\u00e9ben, \u00e9rtes\u00edt\u00e9s-di\u00e9ta, id\u0151z\u00e1r a legelnyel\u0151bb appokra), hossz\u00fa t\u00e1von <b>besz\u00e9lget\u00e9s<\/b> \u00e9s k\u00e9szs\u00e9g (zaklat\u00e1s-jelent\u00e9s, feed-takar\u00edt\u00e1s, \u201emit csin\u00e1lok, ha\u2026?\u201d forgat\u00f3k\u00f6nyvek). A tilt\u00e1s \u00f6nmag\u00e1ban vissza\u00fct; a keret + besz\u00e9lget\u00e9s m\u0171k\u00f6dni szokott.<\/p>\n<h3>Magyar iskolai k\u00f6zegben mi a leggyorsabb, legolcs\u00f3bb l\u00e9p\u00e9s?<\/h3>\n<p>Telefon-parkol\u00f3 a tan\u00f3r\u00e1kra, egy (1) j\u00f3l kommunik\u00e1lt bejelent\u0151 csatorna 48 \u00f3r\u00e1s visszajelz\u00e9si \u00edg\u00e9rettel, \u00e9s havi egy gyakorlati digit\u00e1lis-\u00edr\u00e1stud\u00e1s \u00f3ra (jelent\u00e9s, feed-szab\u00e1lyok, deepfake). Ezek egy\u00fctt m\u00e1r \u00e9szrevehet\u0151en \u201elehalk\u00edtj\u00e1k\u201d a zajt.<\/p>\n<h3>Sz\u00fcl\u0151k\u00e9nt mikor \u00e9rdemes szakemberhez fordulni?<\/h3>\n<p>Ha tart\u00f3s alv\u00e1sroml\u00e1s, visszah\u00faz\u00f3d\u00e1s, kifejezett szorong\u00e1s vagy \u00f6ns\u00e9rt\u00e9sre utal\u00f3 jelek vannak; ha cyberbullying zajlik; vagy ha a csal\u00e1di terv mellett is hetek alatt sincs \u00e9rdemi v\u00e1ltoz\u00e1s. Ez nem kudarc, hanem felel\u0151s d\u00f6nt\u00e9s.<\/p>\n<h3>Mit mondjak a gyereknek, aki \u201emindenki m\u00e1s is \u00edgy csin\u00e1lja\u201d \u00e9rvvel j\u00f6n?<\/h3>\n<p>Mondd el, hogy n\u00e1latok a <b>m\u0171k\u00f6d\u00e9s<\/b> sz\u00e1m\u00edt: alv\u00e1s, tanul\u00e1s, hangulat. Ha ezek romlanak, a szab\u00e1ly a helyzetre adott v\u00e1lasz, nem \u201eb\u00fcntet\u00e9s\u201d. A 30 napos k\u00f6z\u00f6s k\u00eds\u00e9rlet ut\u00e1n egy\u00fctt d\u00f6nt\u00f6t\u00f6k a finomhangol\u00e1sr\u00f3l.<\/p>\n<h2>Aj\u00e1nlott magyar vide\u00f3k\/podcastok<\/h2>\n<p><iframe title=\"Spotify Embed: Hintalovon Alap\u00edtv\u00e1ny: Mit tehet\u00fcnk gyerekeink online biztons\u00e1g\u00e1\u00e9rt?\" style=\"border-radius: 12px\" width=\"100%\" height=\"152\" frameborder=\"0\" allowfullscreen allow=\"autoplay; clipboard-write; encrypted-media; fullscreen; picture-in-picture\" data-src=\"https:\/\/open.spotify.com\/embed\/episode\/7xBUvG2iKThcziuVec449I?utm_source=oembed\" src=\"data:image\/svg+xml;base64,PHN2ZyB3aWR0aD0iMSIgaGVpZ2h0PSIxIiB4bWxucz0iaHR0cDovL3d3dy53My5vcmcvMjAwMC9zdmciPjwvc3ZnPg==\" class=\"lazyload\" data-load-mode=\"1\"><\/iframe><\/p>\n<h2>Forr\u00e1sok<\/h2>\n<ul>\n<li><a href=\"https:\/\/www.hhs.gov\/sites\/default\/files\/sg-youth-mental-health-social-media-advisory.pdf\">U.S. Surgeon General (2023): Social Media and Youth Mental Health \u2013 Advisory (PDF)<\/a><\/li>\n<li><a href=\"https:\/\/www.apa.org\/topics\/social-media-internet\/health-advisory-adolescent-social-media-use.pdf\">American Psychological Association (2023): Health Advisory on Social Media Use in Adolescence (PDF)<\/a><\/li>\n<li><a href=\"https:\/\/www.nature.com\/articles\/s41562-018-0506-1\">Orben, A., &amp; Przybylski, A. K. (2019): The association between adolescent well\u2011being and digital technology use, <i>Nature Human Behaviour<\/i><\/a><\/li>\n<\/ul>\n","protected":false},"excerpt":{"rendered":"<p>Mi\u00e9rt ennyire bor\u00fasak a trendek, f\u0151leg a Z gener\u00e1ci\u00f3ban? \u00c9s mit lehet ezzel felel\u0151sen kezdeni?\u201d Nem \u00e1ltatok: az ut\u00f3bbi \u00e9vtizedben a gyerek- \u00e9s serd\u00fcl\u0151kori k\u00f6z\u00e9rzet roml\u00e1s\u00e1t sok helyen egy\u00fctt l\u00e1ttuk a \u201etelefonalap\u00fa l\u00e9t\u201d elterjed\u00e9s\u00e9vel. Nem egy-egy k\u00f3sza posztr\u00f3l besz\u00e9lek, hanem teljes napi ritmusokr\u00f3l, ahol az \u00e9brenl\u00e9t jelent\u0151s r\u00e9sze k\u00e9perny\u0151ben \u00e9s platformok k\u00f6zt telik. Nem csoda,&#8230;<\/p>\n","protected":false},"author":1,"featured_media":1289,"comment_status":"closed","ping_status":"open","sticky":false,"template":"","format":"standard","meta":{"footnotes":""},"categories":[3],"tags":[],"class_list":["post-1288","post","type-post","status-publish","format-standard","has-post-thumbnail","hentry","category-coaching-es-pszichologia-egerben"],"yoast_head":"<!-- This site is optimized with the Yoast SEO plugin v27.5 - https:\/\/yoast.com\/product\/yoast-seo-wordpress\/ -->\n<title>Mi t\u00f6rt\u00e9nik a gyerekekkel, akik gyakorlatilag a telefonban \u00e9lnek?<\/title>\n<meta name=\"robots\" content=\"index, follow, max-snippet:-1, max-image-preview:large, max-video-preview:-1\" \/>\n<link rel=\"canonical\" href=\"https:\/\/egercoach.hu\/blog\/mi-tortenik-a-gyerekekkel-akik-gyakorlatilag-a-telefonban-elnek\/\" \/>\n<meta property=\"og:locale\" content=\"hu_HU\" \/>\n<meta property=\"og:type\" content=\"article\" \/>\n<meta property=\"og:title\" content=\"Mi t\u00f6rt\u00e9nik a gyerekekkel, akik gyakorlatilag a telefonban \u00e9lnek?\" \/>\n<meta property=\"og:description\" content=\"Mi\u00e9rt ennyire bor\u00fasak a trendek, f\u0151leg a Z gener\u00e1ci\u00f3ban? \u00c9s mit lehet ezzel felel\u0151sen kezdeni?\u201d Nem \u00e1ltatok: az ut\u00f3bbi \u00e9vtizedben a gyerek- \u00e9s serd\u00fcl\u0151kori k\u00f6z\u00e9rzet roml\u00e1s\u00e1t sok helyen egy\u00fctt l\u00e1ttuk a \u201etelefonalap\u00fa l\u00e9t\u201d elterjed\u00e9s\u00e9vel. Nem egy-egy k\u00f3sza posztr\u00f3l besz\u00e9lek, hanem teljes napi ritmusokr\u00f3l, ahol az \u00e9brenl\u00e9t jelent\u0151s r\u00e9sze k\u00e9perny\u0151ben \u00e9s platformok k\u00f6zt telik. Nem csoda,...\" \/>\n<meta property=\"og:url\" content=\"https:\/\/egercoach.hu\/blog\/mi-tortenik-a-gyerekekkel-akik-gyakorlatilag-a-telefonban-elnek\/\" \/>\n<meta property=\"og:site_name\" content=\"Az Egri Coach Blogja\" \/>\n<meta property=\"article:publisher\" content=\"https:\/\/www.facebook.com\/eger.coach\" \/>\n<meta property=\"article:published_time\" content=\"2025-10-24T00:41:10+00:00\" \/>\n<meta property=\"og:image\" content=\"https:\/\/egercoach.hu\/blog\/wp-content\/uploads\/2025\/10\/the-girl-makes-a-wish-and-blows-out-the-candles-on-2025-02-10-14-39-51-utc-scaled.jpg\" \/>\n\t<meta property=\"og:image:width\" content=\"1500\" \/>\n\t<meta property=\"og:image:height\" content=\"1000\" \/>\n\t<meta property=\"og:image:type\" content=\"image\/jpeg\" \/>\n<meta name=\"author\" content=\"Dajka G\u00e1bor\" \/>\n<meta name=\"twitter:card\" content=\"summary_large_image\" \/>\n<meta name=\"twitter:label1\" content=\"Szerz\u0151:\" \/>\n\t<meta name=\"twitter:data1\" content=\"Dajka G\u00e1bor\" \/>\n\t<meta name=\"twitter:label2\" content=\"Becs\u00fclt olvas\u00e1si id\u0151\" \/>\n\t<meta name=\"twitter:data2\" content=\"11 perc\" \/>\n<script type=\"application\/ld+json\" class=\"yoast-schema-graph\">{\"@context\":\"https:\\\/\\\/schema.org\",\"@graph\":[{\"@type\":\"Article\",\"@id\":\"https:\\\/\\\/egercoach.hu\\\/blog\\\/mi-tortenik-a-gyerekekkel-akik-gyakorlatilag-a-telefonban-elnek\\\/#article\",\"isPartOf\":{\"@id\":\"https:\\\/\\\/egercoach.hu\\\/blog\\\/mi-tortenik-a-gyerekekkel-akik-gyakorlatilag-a-telefonban-elnek\\\/\"},\"author\":{\"name\":\"Dajka G\u00e1bor\",\"@id\":\"https:\\\/\\\/egercoach.hu\\\/blog\\\/#\\\/schema\\\/person\\\/afc73367aa314ca33a9c8d3b88dce6e7\"},\"headline\":\"Mi t\u00f6rt\u00e9nik a gyerekekkel, akik gyakorlatilag a telefonban \u00e9lnek?\",\"datePublished\":\"2025-10-24T00:41:10+00:00\",\"mainEntityOfPage\":{\"@id\":\"https:\\\/\\\/egercoach.hu\\\/blog\\\/mi-tortenik-a-gyerekekkel-akik-gyakorlatilag-a-telefonban-elnek\\\/\"},\"wordCount\":2997,\"publisher\":{\"@id\":\"https:\\\/\\\/egercoach.hu\\\/blog\\\/#organization\"},\"image\":{\"@id\":\"https:\\\/\\\/egercoach.hu\\\/blog\\\/mi-tortenik-a-gyerekekkel-akik-gyakorlatilag-a-telefonban-elnek\\\/#primaryimage\"},\"thumbnailUrl\":\"https:\\\/\\\/egercoach.hu\\\/blog\\\/wp-content\\\/uploads\\\/2025\\\/10\\\/the-girl-makes-a-wish-and-blows-out-the-candles-on-2025-02-10-14-39-51-utc-scaled.jpg\",\"articleSection\":[\"Life coaching Egerben\"],\"inLanguage\":\"hu\"},{\"@type\":\"WebPage\",\"@id\":\"https:\\\/\\\/egercoach.hu\\\/blog\\\/mi-tortenik-a-gyerekekkel-akik-gyakorlatilag-a-telefonban-elnek\\\/\",\"url\":\"https:\\\/\\\/egercoach.hu\\\/blog\\\/mi-tortenik-a-gyerekekkel-akik-gyakorlatilag-a-telefonban-elnek\\\/\",\"name\":\"Mi t\u00f6rt\u00e9nik a gyerekekkel, akik gyakorlatilag a telefonban \u00e9lnek?\",\"isPartOf\":{\"@id\":\"https:\\\/\\\/egercoach.hu\\\/blog\\\/#website\"},\"primaryImageOfPage\":{\"@id\":\"https:\\\/\\\/egercoach.hu\\\/blog\\\/mi-tortenik-a-gyerekekkel-akik-gyakorlatilag-a-telefonban-elnek\\\/#primaryimage\"},\"image\":{\"@id\":\"https:\\\/\\\/egercoach.hu\\\/blog\\\/mi-tortenik-a-gyerekekkel-akik-gyakorlatilag-a-telefonban-elnek\\\/#primaryimage\"},\"thumbnailUrl\":\"https:\\\/\\\/egercoach.hu\\\/blog\\\/wp-content\\\/uploads\\\/2025\\\/10\\\/the-girl-makes-a-wish-and-blows-out-the-candles-on-2025-02-10-14-39-51-utc-scaled.jpg\",\"datePublished\":\"2025-10-24T00:41:10+00:00\",\"breadcrumb\":{\"@id\":\"https:\\\/\\\/egercoach.hu\\\/blog\\\/mi-tortenik-a-gyerekekkel-akik-gyakorlatilag-a-telefonban-elnek\\\/#breadcrumb\"},\"inLanguage\":\"hu\",\"potentialAction\":[{\"@type\":\"ReadAction\",\"target\":[\"https:\\\/\\\/egercoach.hu\\\/blog\\\/mi-tortenik-a-gyerekekkel-akik-gyakorlatilag-a-telefonban-elnek\\\/\"]}]},{\"@type\":\"ImageObject\",\"inLanguage\":\"hu\",\"@id\":\"https:\\\/\\\/egercoach.hu\\\/blog\\\/mi-tortenik-a-gyerekekkel-akik-gyakorlatilag-a-telefonban-elnek\\\/#primaryimage\",\"url\":\"https:\\\/\\\/egercoach.hu\\\/blog\\\/wp-content\\\/uploads\\\/2025\\\/10\\\/the-girl-makes-a-wish-and-blows-out-the-candles-on-2025-02-10-14-39-51-utc-scaled.jpg\",\"contentUrl\":\"https:\\\/\\\/egercoach.hu\\\/blog\\\/wp-content\\\/uploads\\\/2025\\\/10\\\/the-girl-makes-a-wish-and-blows-out-the-candles-on-2025-02-10-14-39-51-utc-scaled.jpg\",\"width\":1500,\"height\":1000},{\"@type\":\"BreadcrumbList\",\"@id\":\"https:\\\/\\\/egercoach.hu\\\/blog\\\/mi-tortenik-a-gyerekekkel-akik-gyakorlatilag-a-telefonban-elnek\\\/#breadcrumb\",\"itemListElement\":[{\"@type\":\"ListItem\",\"position\":1,\"name\":\"Kezd\u0151lap\",\"item\":\"https:\\\/\\\/egercoach.hu\\\/blog\\\/\"},{\"@type\":\"ListItem\",\"position\":2,\"name\":\"Mi t\u00f6rt\u00e9nik a gyerekekkel, akik gyakorlatilag a telefonban \u00e9lnek?\"}]},{\"@type\":\"WebSite\",\"@id\":\"https:\\\/\\\/egercoach.hu\\\/blog\\\/#website\",\"url\":\"https:\\\/\\\/egercoach.hu\\\/blog\\\/\",\"name\":\"Eger Coach Blog\",\"description\":\"\",\"publisher\":{\"@id\":\"https:\\\/\\\/egercoach.hu\\\/blog\\\/#organization\"},\"potentialAction\":[{\"@type\":\"SearchAction\",\"target\":{\"@type\":\"EntryPoint\",\"urlTemplate\":\"https:\\\/\\\/egercoach.hu\\\/blog\\\/?s={search_term_string}\"},\"query-input\":{\"@type\":\"PropertyValueSpecification\",\"valueRequired\":true,\"valueName\":\"search_term_string\"}}],\"inLanguage\":\"hu\"},{\"@type\":\"Organization\",\"@id\":\"https:\\\/\\\/egercoach.hu\\\/blog\\\/#organization\",\"name\":\"Eger Coach Blog\",\"url\":\"https:\\\/\\\/egercoach.hu\\\/blog\\\/\",\"logo\":{\"@type\":\"ImageObject\",\"inLanguage\":\"hu\",\"@id\":\"https:\\\/\\\/egercoach.hu\\\/blog\\\/#\\\/schema\\\/logo\\\/image\\\/\",\"url\":\"https:\\\/\\\/egercoach.hu\\\/blog\\\/wp-content\\\/uploads\\\/2025\\\/05\\\/cropped-Eger.png\",\"contentUrl\":\"https:\\\/\\\/egercoach.hu\\\/blog\\\/wp-content\\\/uploads\\\/2025\\\/05\\\/cropped-Eger.png\",\"width\":500,\"height\":169,\"caption\":\"Eger Coach Blog\"},\"image\":{\"@id\":\"https:\\\/\\\/egercoach.hu\\\/blog\\\/#\\\/schema\\\/logo\\\/image\\\/\"},\"sameAs\":[\"https:\\\/\\\/www.facebook.com\\\/eger.coach\"]},{\"@type\":\"Person\",\"@id\":\"https:\\\/\\\/egercoach.hu\\\/blog\\\/#\\\/schema\\\/person\\\/afc73367aa314ca33a9c8d3b88dce6e7\",\"name\":\"Dajka G\u00e1bor\",\"image\":{\"@type\":\"ImageObject\",\"inLanguage\":\"hu\",\"@id\":\"https:\\\/\\\/secure.gravatar.com\\\/avatar\\\/81566ea1e2b3466baa03e9bdcdaa835f58564d8be90057a45f3e61711dc8a063?s=96&d=mm&r=g\",\"url\":\"https:\\\/\\\/secure.gravatar.com\\\/avatar\\\/81566ea1e2b3466baa03e9bdcdaa835f58564d8be90057a45f3e61711dc8a063?s=96&d=mm&r=g\",\"contentUrl\":\"https:\\\/\\\/secure.gravatar.com\\\/avatar\\\/81566ea1e2b3466baa03e9bdcdaa835f58564d8be90057a45f3e61711dc8a063?s=96&d=mm&r=g\",\"caption\":\"Dajka G\u00e1bor\"},\"sameAs\":[\"https:\\\/\\\/egercoach.hu\\\/blog\"],\"url\":\"https:\\\/\\\/egercoach.hu\\\/blog\\\/author\\\/adminka\\\/\"}]}<\/script>\n<!-- \/ Yoast SEO plugin. -->","yoast_head_json":{"title":"Mi t\u00f6rt\u00e9nik a gyerekekkel, akik gyakorlatilag a telefonban \u00e9lnek?","robots":{"index":"index","follow":"follow","max-snippet":"max-snippet:-1","max-image-preview":"max-image-preview:large","max-video-preview":"max-video-preview:-1"},"canonical":"https:\/\/egercoach.hu\/blog\/mi-tortenik-a-gyerekekkel-akik-gyakorlatilag-a-telefonban-elnek\/","og_locale":"hu_HU","og_type":"article","og_title":"Mi t\u00f6rt\u00e9nik a gyerekekkel, akik gyakorlatilag a telefonban \u00e9lnek?","og_description":"Mi\u00e9rt ennyire bor\u00fasak a trendek, f\u0151leg a Z gener\u00e1ci\u00f3ban? \u00c9s mit lehet ezzel felel\u0151sen kezdeni?\u201d Nem \u00e1ltatok: az ut\u00f3bbi \u00e9vtizedben a gyerek- \u00e9s serd\u00fcl\u0151kori k\u00f6z\u00e9rzet roml\u00e1s\u00e1t sok helyen egy\u00fctt l\u00e1ttuk a \u201etelefonalap\u00fa l\u00e9t\u201d elterjed\u00e9s\u00e9vel. Nem egy-egy k\u00f3sza posztr\u00f3l besz\u00e9lek, hanem teljes napi ritmusokr\u00f3l, ahol az \u00e9brenl\u00e9t jelent\u0151s r\u00e9sze k\u00e9perny\u0151ben \u00e9s platformok k\u00f6zt telik. Nem csoda,...","og_url":"https:\/\/egercoach.hu\/blog\/mi-tortenik-a-gyerekekkel-akik-gyakorlatilag-a-telefonban-elnek\/","og_site_name":"Az Egri Coach Blogja","article_publisher":"https:\/\/www.facebook.com\/eger.coach","article_published_time":"2025-10-24T00:41:10+00:00","og_image":[{"width":1500,"height":1000,"url":"https:\/\/egercoach.hu\/blog\/wp-content\/uploads\/2025\/10\/the-girl-makes-a-wish-and-blows-out-the-candles-on-2025-02-10-14-39-51-utc-scaled.jpg","type":"image\/jpeg"}],"author":"Dajka G\u00e1bor","twitter_card":"summary_large_image","twitter_misc":{"Szerz\u0151:":"Dajka G\u00e1bor","Becs\u00fclt olvas\u00e1si id\u0151":"11 perc"},"schema":{"@context":"https:\/\/schema.org","@graph":[{"@type":"Article","@id":"https:\/\/egercoach.hu\/blog\/mi-tortenik-a-gyerekekkel-akik-gyakorlatilag-a-telefonban-elnek\/#article","isPartOf":{"@id":"https:\/\/egercoach.hu\/blog\/mi-tortenik-a-gyerekekkel-akik-gyakorlatilag-a-telefonban-elnek\/"},"author":{"name":"Dajka G\u00e1bor","@id":"https:\/\/egercoach.hu\/blog\/#\/schema\/person\/afc73367aa314ca33a9c8d3b88dce6e7"},"headline":"Mi t\u00f6rt\u00e9nik a gyerekekkel, akik gyakorlatilag a telefonban \u00e9lnek?","datePublished":"2025-10-24T00:41:10+00:00","mainEntityOfPage":{"@id":"https:\/\/egercoach.hu\/blog\/mi-tortenik-a-gyerekekkel-akik-gyakorlatilag-a-telefonban-elnek\/"},"wordCount":2997,"publisher":{"@id":"https:\/\/egercoach.hu\/blog\/#organization"},"image":{"@id":"https:\/\/egercoach.hu\/blog\/mi-tortenik-a-gyerekekkel-akik-gyakorlatilag-a-telefonban-elnek\/#primaryimage"},"thumbnailUrl":"https:\/\/egercoach.hu\/blog\/wp-content\/uploads\/2025\/10\/the-girl-makes-a-wish-and-blows-out-the-candles-on-2025-02-10-14-39-51-utc-scaled.jpg","articleSection":["Life coaching Egerben"],"inLanguage":"hu"},{"@type":"WebPage","@id":"https:\/\/egercoach.hu\/blog\/mi-tortenik-a-gyerekekkel-akik-gyakorlatilag-a-telefonban-elnek\/","url":"https:\/\/egercoach.hu\/blog\/mi-tortenik-a-gyerekekkel-akik-gyakorlatilag-a-telefonban-elnek\/","name":"Mi t\u00f6rt\u00e9nik a gyerekekkel, akik gyakorlatilag a telefonban \u00e9lnek?","isPartOf":{"@id":"https:\/\/egercoach.hu\/blog\/#website"},"primaryImageOfPage":{"@id":"https:\/\/egercoach.hu\/blog\/mi-tortenik-a-gyerekekkel-akik-gyakorlatilag-a-telefonban-elnek\/#primaryimage"},"image":{"@id":"https:\/\/egercoach.hu\/blog\/mi-tortenik-a-gyerekekkel-akik-gyakorlatilag-a-telefonban-elnek\/#primaryimage"},"thumbnailUrl":"https:\/\/egercoach.hu\/blog\/wp-content\/uploads\/2025\/10\/the-girl-makes-a-wish-and-blows-out-the-candles-on-2025-02-10-14-39-51-utc-scaled.jpg","datePublished":"2025-10-24T00:41:10+00:00","breadcrumb":{"@id":"https:\/\/egercoach.hu\/blog\/mi-tortenik-a-gyerekekkel-akik-gyakorlatilag-a-telefonban-elnek\/#breadcrumb"},"inLanguage":"hu","potentialAction":[{"@type":"ReadAction","target":["https:\/\/egercoach.hu\/blog\/mi-tortenik-a-gyerekekkel-akik-gyakorlatilag-a-telefonban-elnek\/"]}]},{"@type":"ImageObject","inLanguage":"hu","@id":"https:\/\/egercoach.hu\/blog\/mi-tortenik-a-gyerekekkel-akik-gyakorlatilag-a-telefonban-elnek\/#primaryimage","url":"https:\/\/egercoach.hu\/blog\/wp-content\/uploads\/2025\/10\/the-girl-makes-a-wish-and-blows-out-the-candles-on-2025-02-10-14-39-51-utc-scaled.jpg","contentUrl":"https:\/\/egercoach.hu\/blog\/wp-content\/uploads\/2025\/10\/the-girl-makes-a-wish-and-blows-out-the-candles-on-2025-02-10-14-39-51-utc-scaled.jpg","width":1500,"height":1000},{"@type":"BreadcrumbList","@id":"https:\/\/egercoach.hu\/blog\/mi-tortenik-a-gyerekekkel-akik-gyakorlatilag-a-telefonban-elnek\/#breadcrumb","itemListElement":[{"@type":"ListItem","position":1,"name":"Kezd\u0151lap","item":"https:\/\/egercoach.hu\/blog\/"},{"@type":"ListItem","position":2,"name":"Mi t\u00f6rt\u00e9nik a gyerekekkel, akik gyakorlatilag a telefonban \u00e9lnek?"}]},{"@type":"WebSite","@id":"https:\/\/egercoach.hu\/blog\/#website","url":"https:\/\/egercoach.hu\/blog\/","name":"Eger Coach Blog","description":"","publisher":{"@id":"https:\/\/egercoach.hu\/blog\/#organization"},"potentialAction":[{"@type":"SearchAction","target":{"@type":"EntryPoint","urlTemplate":"https:\/\/egercoach.hu\/blog\/?s={search_term_string}"},"query-input":{"@type":"PropertyValueSpecification","valueRequired":true,"valueName":"search_term_string"}}],"inLanguage":"hu"},{"@type":"Organization","@id":"https:\/\/egercoach.hu\/blog\/#organization","name":"Eger Coach Blog","url":"https:\/\/egercoach.hu\/blog\/","logo":{"@type":"ImageObject","inLanguage":"hu","@id":"https:\/\/egercoach.hu\/blog\/#\/schema\/logo\/image\/","url":"https:\/\/egercoach.hu\/blog\/wp-content\/uploads\/2025\/05\/cropped-Eger.png","contentUrl":"https:\/\/egercoach.hu\/blog\/wp-content\/uploads\/2025\/05\/cropped-Eger.png","width":500,"height":169,"caption":"Eger Coach Blog"},"image":{"@id":"https:\/\/egercoach.hu\/blog\/#\/schema\/logo\/image\/"},"sameAs":["https:\/\/www.facebook.com\/eger.coach"]},{"@type":"Person","@id":"https:\/\/egercoach.hu\/blog\/#\/schema\/person\/afc73367aa314ca33a9c8d3b88dce6e7","name":"Dajka G\u00e1bor","image":{"@type":"ImageObject","inLanguage":"hu","@id":"https:\/\/secure.gravatar.com\/avatar\/81566ea1e2b3466baa03e9bdcdaa835f58564d8be90057a45f3e61711dc8a063?s=96&d=mm&r=g","url":"https:\/\/secure.gravatar.com\/avatar\/81566ea1e2b3466baa03e9bdcdaa835f58564d8be90057a45f3e61711dc8a063?s=96&d=mm&r=g","contentUrl":"https:\/\/secure.gravatar.com\/avatar\/81566ea1e2b3466baa03e9bdcdaa835f58564d8be90057a45f3e61711dc8a063?s=96&d=mm&r=g","caption":"Dajka G\u00e1bor"},"sameAs":["https:\/\/egercoach.hu\/blog"],"url":"https:\/\/egercoach.hu\/blog\/author\/adminka\/"}]}},"_links":{"self":[{"href":"https:\/\/egercoach.hu\/blog\/wp-json\/wp\/v2\/posts\/1288","targetHints":{"allow":["GET"]}}],"collection":[{"href":"https:\/\/egercoach.hu\/blog\/wp-json\/wp\/v2\/posts"}],"about":[{"href":"https:\/\/egercoach.hu\/blog\/wp-json\/wp\/v2\/types\/post"}],"author":[{"embeddable":true,"href":"https:\/\/egercoach.hu\/blog\/wp-json\/wp\/v2\/users\/1"}],"replies":[{"embeddable":true,"href":"https:\/\/egercoach.hu\/blog\/wp-json\/wp\/v2\/comments?post=1288"}],"version-history":[{"count":0,"href":"https:\/\/egercoach.hu\/blog\/wp-json\/wp\/v2\/posts\/1288\/revisions"}],"wp:featuredmedia":[{"embeddable":true,"href":"https:\/\/egercoach.hu\/blog\/wp-json\/wp\/v2\/media\/1289"}],"wp:attachment":[{"href":"https:\/\/egercoach.hu\/blog\/wp-json\/wp\/v2\/media?parent=1288"}],"wp:term":[{"taxonomy":"category","embeddable":true,"href":"https:\/\/egercoach.hu\/blog\/wp-json\/wp\/v2\/categories?post=1288"},{"taxonomy":"post_tag","embeddable":true,"href":"https:\/\/egercoach.hu\/blog\/wp-json\/wp\/v2\/tags?post=1288"}],"curies":[{"name":"wp","href":"https:\/\/api.w.org\/{rel}","templated":true}]}}