{"id":1294,"date":"2025-10-24T03:13:25","date_gmt":"2025-10-24T01:13:25","guid":{"rendered":"https:\/\/egercoach.hu\/blog\/?p=1294"},"modified":"2025-12-14T08:05:33","modified_gmt":"2025-12-14T07:05:33","slug":"szakitas-utani-trauma-mi-tortenik-benned-es-hogyan-allsz-talpra-30-nap-alatt","status":"publish","type":"post","link":"https:\/\/egercoach.hu\/blog\/szakitas-utani-trauma-mi-tortenik-benned-es-hogyan-allsz-talpra-30-nap-alatt\/","title":{"rendered":"Szak\u00edt\u00e1s ut\u00e1ni trauma: mi t\u00f6rt\u00e9nik benned, \u00e9s hogyan \u00e1llsz talpra 30 nap alatt"},"content":{"rendered":"<p>Szak\u00edtottak veled, \u00e9s nem \u201ecsak\u201d szomor\u00fa vagy, hanem mintha valami kiszor\u00edtan\u00e1 a leveg\u0151t a mellkasodb\u00f3l? Nem alszol, r\u00e9m\u00e1lmok j\u00f6nnek, nem tudsz koncentr\u00e1lni, \u00e9s \u00fagy \u00e9rzed, mintha a tested \u00e9s az agyad ellened dolgozna? Nem veled van a baj. A p\u00e1rkapcsolat lez\u00e1r\u00e1sa \u00f6nmag\u00e1ban is vesztes\u00e9g, de bizonyos helyzetekben \u2013 h\u0171tlens\u00e9g, hirtelen elt\u0171n\u00e9s (ghosting), b\u00e1ntalmaz\u00f3 dinamika, p\u00e1rhuzamos egzisztenci\u00e1lis terhek \u2013 a szak\u00edt\u00e1s <i>traumatikus<\/i> \u00e9lm\u00e9nyk\u00e9nt hat. Ilyenkor nem \u201egyenge\u201d vagy, hanem a rendszered magas riaszt\u00e1si fokozatra v\u00e1lt: a k\u00f6t\u0151d\u00e9s megszakad, a jutalmaz\u00f3rendszer m\u00e9g keresi az inger\u00e9t, az idegrendszered pedig a vesztes\u00e9g \u00e9s a v\u00e1gy jeleit egyszerre futtatja. Ez\u00e9rt t\u0171nik \u00fagy, hogy hi\u00e1ba \u201etudod\u201d, hogy v\u00e9ge, a tested m\u00e9gis visszany\u00falna. Az is rendben van, ha a k\u00f6rnyezeted \u201eszedd m\u00e1r \u00f6ssze magad\u201d t\u00edpus\u00fa \u00fczenetei ink\u00e1bb \u00e1rtanak, mint seg\u00edtenek; a gy\u00e1sz \u00e9s a poszttraum\u00e1s t\u00fcnetek nem parancsra m\u00falnak. Ebben a cikkben a traumatikus szak\u00edt\u00e1st munkam\u00f3dszerk\u00e9nt k\u00f6zel\u00edtem: meg\u00e9rted, mi t\u00f6rt\u00e9nik benned; felismered a jeleket; kapsz egy 30 napos stabiliz\u00e1l\u00f3 tervet; rendet teszel a digit\u00e1lis t\u00e9rben; \u00e9s megkapod a k\u00f6z\u00e9pt\u00e1v\u00fa helyre\u00e1ll\u00edt\u00e1s kulcsait. Nem \u00edg\u00e9rek csod\u00e1t. Azt \u00edg\u00e9rem, hogy a k\u00e1osz hely\u00e9re szerkezet ker\u00fclhet \u2013 \u00e9s ett\u0151l a f\u00e1jdalom <i>elf\u00e9r<\/i>, te pedig l\u00e9p\u00e9senk\u00e9nt visszaveszed a d\u00f6nt\u00e9seidet. Ha valaha sz\u00fcks\u00e9ged volt \u00edt\u00e9lkez\u00e9s n\u00e9lk\u00fcli, m\u00e9gis hat\u00e1rozott ir\u00e1nymutat\u00e1sra, most van itt az ideje.<\/p>\n<h2>Mi sz\u00e1m\u00edt \u201etraumatikus\u201d szak\u00edt\u00e1snak?<\/h2>\n<p>A szak\u00edt\u00e1sok jelent\u0151s r\u00e9sze term\u00e9szetes gy\u00e1szfolyamatot ind\u00edt: hull\u00e1mz\u00f3 szomor\u00fas\u00e1g, \u00e1tmeneti alv\u00e1szavar, r\u00f6vid ideig tart\u00f3 koncentr\u00e1ci\u00f3roml\u00e1s. A traumatikus szak\u00edt\u00e1s enn\u00e9l t\u00f6bb. Tipikus ismertet\u0151jegyei: (1) hirtelen, magyar\u00e1zat n\u00e9lk\u00fcli vagy megal\u00e1z\u00f3 lez\u00e1r\u00e1s, amely megt\u00f6ri a kisz\u00e1m\u00edthat\u00f3s\u00e1g \u00e9rz\u00e9s\u00e9t; (2) bizalomveszt\u00e9s s\u00falyos \u00e1rul\u00e1s miatt (titkolt p\u00e1rhuzamos kapcsolat, p\u00e9nz\u00fcgyi manipul\u00e1ci\u00f3, g\u00e1zl\u00e1ngol\u00e1s); (3) tart\u00f3san aszimmetrikus, kontroll\u00e1l\u00f3 vagy b\u00e1ntalmaz\u00f3 dinamika, amelyben a szak\u00edt\u00e1s a menek\u00fcl\u00e9s aktusa; (4) a kapcsolat olyan identit\u00e1selemekre \u00e9p\u00fclt (k\u00f6z\u00f6s v\u00e1llalkoz\u00e1s, lakhat\u00e1s, t\u00e1rsas vil\u00e1g), hogy a lez\u00e1r\u00e1s egzisztenci\u00e1t is fenyeget. Ezekben a kontextusokban a rendszered nem \u201ecsak\u201d szomor\u00fa; vesz\u00e9lyt \u00e9szlel. Emiatt jelenhetnek meg akaratlan bet\u00f6r\u0151 eml\u00e9kek, r\u00e9m\u00e1lmok, hipervigilancia, intenz\u00edv testi t\u00fcnetek (szor\u00edt\u00f3 mellkas, gyomorszor\u00edt\u00e1s), \u00e9s az a benyom\u00e1s, hogy \u201emeg\u0151r\u00fcltem, mert ugyanazt p\u00f6rgetem\u201d. Fontos: a traumatikus szak\u00edt\u00e1s <i>nem diagn\u00f3zis<\/i>, hanem kock\u00e1zati le\u00edr\u00e1s. Vannak, akikn\u00e9l akut stresszreakci\u00f3 vagy poszttraum\u00e1s t\u00fcnetegy\u00fcttes is kialakulhat; m\u00e1sokn\u00e1l \u201ecsak\u201d elh\u00faz\u00f3d\u00f3 gy\u00e1sz- \u00e9s rumin\u00e1ci\u00f3s mint\u00e1zat jelenik meg. Nem sz\u00e9gyen seg\u00edts\u00e9get k\u00e9rni: ha a m\u0171k\u00f6d\u00e9sed (alv\u00e1s, munka, kapcsolatok) hetek \u00f3ta tart\u00f3san s\u00e9r\u00fcl, ha \u00f6ns\u00e9rt\u00e9ses k\u00e9sztet\u00e9sek, szerhaszn\u00e1lati megcs\u00fasz\u00e1sok vagy p\u00e1nikrohamok l\u00e9pnek fel, szakmai t\u00e1mogat\u00e1s indokolt. A l\u00e9nyeg: nevezd nev\u00e9n, mi t\u00f6rt\u00e9nik. A pontos n\u00e9v nem c\u00edmke \u2013 kiindul\u00f3pont a rendez\u00e9shez.<\/p>\n<h2>Mi zajlik a testedben \u00e9s az agyadban?<\/h2>\n<p>Romantikus visszautas\u00edt\u00e1skor furcsa kett\u0151ss\u00e9g fut: a jutalmaz\u00f3rendszer (amely a k\u00f6t\u0151d\u00e9si szem\u00e9lyhez kapcsol\u00f3d\u00f3 jelekre \u00e9vekig \u201etanult\u201d) m\u00e9g p\u00f6r\u00f6g, mik\u00f6zben a vesztes\u00e9g- \u00e9s f\u00e1jdalomfeldolgoz\u00f3 h\u00e1l\u00f3zatod is akt\u00edv. Ez\u00e9rt lehet, hogy egyszerre v\u00e1gy\u00f3dsz \u00e9s szenvedsz \u2013 a motiv\u00e1ci\u00f3s rendszer m\u00e9g keresi az exhez k\u00f6t\u00f6tt dopamin-jelz\u00e9seket, mik\u00f6zben a t\u00e1rsas f\u00e1jdalom \u201eval\u00f3s\u00e1ga\u201d is jelen van. A kutat\u00e1sok k\u00f6vetkezetesen mutatnak aktiv\u00e1ci\u00f3t a jutalmaz\u00f3\/p\u00f3tl\u00e9kot keres\u0151 p\u00e1ly\u00e1kon romantikus elutas\u00edt\u00e1s ut\u00e1n is, ami magyar\u00e1zza az \u201eodanyom\u00f3\u201d k\u00e9sztet\u00e9seket (profiln\u00e9z\u00e9s, \u00fczenet, egy utols\u00f3 besz\u00e9lget\u00e9s). Ezzel p\u00e1rhuzamosan a hiperarousal miatt romlik az alv\u00e1s: esti f\u00e9ny, \u00e9rzelmi felp\u00f6rg\u00e9s, k\u00e9sei g\u00f6rget\u00e9s \u2013 \u00e9s m\u00e1ris zajos a cirkadi\u00e1n ritmus. A r\u00e1g\u00f3d\u00e1s (rumin\u00e1ci\u00f3) k\u00fcl\u00f6n motor: r\u00f6vid t\u00e1von cs\u00f6kkenti a fesz\u00fclts\u00e9get (\u201elegal\u00e1bb csin\u00e1lok valamit vele\u201d), hosszabb t\u00e1von viszont fenntartja a k\u00f6t\u0151d\u00e9si rendszer aktiv\u00e1ci\u00f3j\u00e1t, ez\u00e9rt \u00e9rzed \u00fagy, hogy \u201enem haladok\u201d. J\u00f3 h\u00edr: mindez <i>\u00fczemeltethet\u0151<\/i>. Ha cs\u00f6kkented az ingerbemenetet (exhez k\u00f6t\u0151d\u0151 jelz\u00e9sek), szel\u00edd\u00edted a fiziol\u00f3gi\u00e1t (alv\u00e1s, l\u00e9gz\u00e9s, mozg\u00e1s), \u00e9s megkeretezed a gondolkod\u00e1s idej\u00e9t, az idegrendszered n\u00e9h\u00e1ny h\u00e9t alatt \u00e9rz\u00e9kelhet\u0151en lejjebb kapcsol. A c\u00e9l nem a \u201enulla \u00e9rz\u00e9s\u201d, hanem az, hogy a napod ritmus\u00e1t <i>ne<\/i> a szak\u00edt\u00e1s szervezze meg, hanem te.<\/p>\n<h2>Jelek \u00e9s beavatkoz\u00e1si pontok \u2013 mikor mi a teend\u0151?<\/h2>\n<p>A jeleket \u00e9rdemes h\u00e1rom s\u00edkon figyelni: testi (alv\u00e1s, \u00e9tv\u00e1gy, p\u00e1nikt\u00fcnetek), kognit\u00edv (r\u00e1g\u00f3d\u00e1s, bet\u00f6r\u0151 eml\u00e9kek), viselked\u00e9ses (ex-k\u00f6zeli cselekv\u00e9sek, izol\u00e1ci\u00f3, szerhaszn\u00e1lat). Ha ezek k\u00f6z\u00fcl t\u00f6bb egyszerre, tart\u00f3san jelen van, n\u00f6veld a t\u00e1mogat\u00e1s szintj\u00e9t. A t\u00e1bl\u00e1zat az <i>ir\u00e1ny<\/i> kijel\u00f6l\u00e9s\u00e9t seg\u00edti: nem diagnosztikai eszk\u00f6z, hanem helyzet-t\u00e9rk\u00e9p. V\u00f6r\u00f6s z\u00e1szl\u00f3 eset\u00e9n ne vitatkozz magaddal \u2013 k\u00e9rj seg\u00edts\u00e9get (csal\u00e1dorvos, pszichol\u00f3gus, kr\u00edzisvonal). A legt\u00f6bb helyzet \u201es\u00e1rga\u201d: itt a stabiliz\u00e1l\u00f3 rutin \u00e9s a digit\u00e1lis protokoll hozza a legnagyobb hasznot. Z\u00f6ld z\u00f3n\u00e1ban m\u00e1r dolgozhatsz a jelent\u00e9sen \u00e9s a fejl\u0151d\u00e9sen. A l\u00e9nyeg: ne \u00f6nostorozz, ne versenyezz a gy\u00e1sszal; tedd \u201ekezelhet\u0151 csomagokba\u201d a napodat, \u00e9s v\u00e9dd azokat a s\u00e1vokat (alv\u00e1s, \u00e9tkez\u00e9s, mozg\u00e1s), amelyek alatt az idegrendszered \u00fajrakalibr\u00e1l.<\/p>\n<table border=\"1\">\n<thead>\n<tr>\n<th>Jelens\u00e9g<\/th>\n<th>Mit jelezhet?<\/th>\n<th>Els\u0151 l\u00e9p\u00e9s<\/th>\n<th>Mikor k\u00e9rj szakseg\u00edts\u00e9get?<\/th>\n<\/tr>\n<\/thead>\n<tbody>\n<tr>\n<td>Alv\u00e1s <i>tart\u00f3s<\/i> roml\u00e1sa, r\u00e9m\u00e1lmok<\/td>\n<td>Hiperaaktiv\u00e1lt idegrendszer<\/td>\n<td>60 perc kijelz\u0151mentes s\u00e1v, esti l\u00e9gz\u00e9s, reggeli f\u00e9ny<\/td>\n<td>Ha 2\u20133 h\u00e9t alatt sincs javul\u00e1s, vagy nappali p\u00e1nik jelentkezik<\/td>\n<\/tr>\n<tr>\n<td>K\u00e9nyszeres r\u00e1g\u00f3d\u00e1s, \u201ek\u00f6rben j\u00e1r az agy\u201d<\/td>\n<td>Fesz\u00fclts\u00e9gcs\u00f6kkent\u0151, de fenntart\u00f3 strat\u00e9gia<\/td>\n<td>Napi 2\u00d715 perc \u201egondolkod\u00f3 ablak\u201d + t\u00e9ny\u2013\u00e9rzelem\u2013l\u00e9p\u00e9s napl\u00f3<\/td>\n<td>Ha a nap jelent\u0151s r\u00e9sz\u00e9t elviszi, \u00e9s rontja a m\u0171k\u00f6d\u00e9st<\/td>\n<\/tr>\n<tr>\n<td>Ex\u2011profil n\u00e9zeget\u00e9se, \u00fczenget\u00e9s k\u00e9nyszere<\/td>\n<td>K\u00f6t\u0151d\u00e9si rendszer t\u00falaktiv\u00e1ci\u00f3ja<\/td>\n<td>30 nap minimum\/no contact + technikai akad\u00e1lyok<\/td>\n<td>Ha a kontroll\u00e1l\u00e1s nem siker\u00fcl, vagy zaklat\u00e1sba cs\u00faszik<\/td>\n<\/tr>\n<tr>\n<td>\u00d6n\u00e9rt\u00e9kel\u00e9s zuhan\u00e1sa, sz\u00e9gyen<\/td>\n<td>Identit\u00e1s-t\u00e1maszok megrend\u00fcl\u00e9se<\/td>\n<td>\u201etart\u00f3l\u00e1b\u201d napirend: munka, kapcsolat, test; napi 1 kis gy\u0151zelem<\/td>\n<td>Ha \u00f6ns\u00e9rt\u00e9sre, szerhaszn\u00e1latra v\u00e1ltasz<\/td>\n<\/tr>\n<\/tbody>\n<\/table>\n<h2>Az els\u0151 30 nap \u2013 stabiliz\u00e1l\u00f3 akci\u00f3terv<\/h2>\n<p>Az els\u0151 h\u00f3nap c\u00e9lja nem a \u201elez\u00e1r\u00e1s\u201d, hanem a <b>stabiliz\u00e1l\u00e1s<\/b>: cs\u00f6kkenteni a riaszt\u00e1s szintj\u00e9t, vissza\u00e1ll\u00edtani a ritmust, \u00e9s elvenni az \u00fczemanyagot a r\u00e1g\u00f3d\u00e1st\u00f3l. Az al\u00e1bbi protokoll nem bonyolult, de k\u00f6vetkezetes. Sz\u00f3 szerint \u00edrd be a napt\u00e1radba, \u00e9s k\u00e9rj k\u00e9t embert, hogy legyenek \u201efelel\u0151ss\u00e9gi partnereid\u201d: hetente egyszer r\u00e1k\u00e9rdeznek, mi ment \u00e9s mi nem. A r\u00f6vid, t\u00e9nyalap\u00fa \u00fczenet (\u201eMegvolt 5\/7 alv\u00e1s, 10\/14 s\u00e9ta, 2\u00d715 perc gondolkod\u00f3 ablak\u201d) t\u00f6bbet \u00e9r, mint 40 perc panaszspir\u00e1l. Itt nem \u201elelki er\u0151\u201d kell, hanem \u00fczemeltet\u00e9s.<\/p>\n<ul>\n<li><b>Alv\u00e1s:<\/b> elalv\u00e1s el\u0151tt 60 perc kijelz\u0151mentes s\u00e1v; reggel 10\u201320 perc f\u00e9ny (kint vagy er\u0151s l\u00e1mpa); d\u00e9lut\u00e1n 16 \u00f3ra ut\u00e1n koffein nincs. R\u00e9m\u00e1lom ut\u00e1n 60\u201390 m\u00e1sodperces lass\u00fa kil\u00e9gz\u00e9s, ut\u00e1na r\u00f6vid \u00e1tkeretez\u0151 mondat (\u201e\u00c1lom volt, \u00fajra itt vagyok\u201d).<\/li>\n<li><b>Test:<\/b> napi min. 30 perc s\u00e9ta vagy k\u00f6nny\u0171 mozg\u00e1s; folyad\u00e9k \u00e9s h\u00e1rom f\u0151\u00e9tkez\u00e9s. Alkohol \u201epr\u00f3basz\u00fcnet\u201d 30 napig \u2013 r\u00f6viden laz\u00edt, m\u00e1snap \u00f6sszeomlaszt.<\/li>\n<li><b>Gondolkod\u00e1s:<\/b> 2\u00d715 perc \u201egondolkod\u00f3 ablak\u201d, strukt\u00fara: t\u00e9ny\u2013\u00e9rzelem\u2013k\u00f6vetkez\u0151 kicsi l\u00e9p\u00e9s. Ezen k\u00edv\u00fcl <i>nem<\/i> elemzel.<\/li>\n<li><b>Kapcsolat:<\/b> napi 1 val\u00f3di kontakt (s\u00e9ta\/h\u00edv\u00e1s), nem chat. El\u0151re mondd meg, mi seg\u00edt \u00e9s mi nem (\u201er\u00f6vid s\u00e9ta, nem tan\u00e1cs\u201d).<\/li>\n<li><b>Ex\u2011protokoll:<\/b> 30 nap minimum\/no contact (kiv\u00e9tel: k\u00f6z\u00f6s \u00fcgyek \u2013 ezek heti egy id\u0151s\u00e1vban, \u00edr\u00e1sban). Appok mapp\u00e1ba, \u00e9rtes\u00edt\u00e9sek ki; k\u00f6z\u00f6s fot\u00f3k \u201ekarant\u00e9n\u201d mapp\u00e1ba.<\/li>\n<li><b>\u201eLez\u00e1r\u00f3 lista\u201d:<\/b> minden este 10 perc: mit z\u00e1rtam le ma; mi fut; mi a holnapi els\u0151 kicsi l\u00e9p\u00e9s. Ezzel visszaveszed az ir\u00e1nyt.<\/li>\n<\/ul>\n<h2>Digit\u00e1lis higi\u00e9n\u00e9 \u2013 a \u201eno\/minimum contact\u201d gyakorlata<\/h2>\n<p>A \u201emindent besz\u00e9lj\u00fcnk meg\u201d v\u00e1gy az els\u0151 hetekben t\u00f6bbnyire visszaes\u00e9shez vezet. A k\u00f6zvetlen ex\u2011kontakt \u2013 k\u00fcl\u00f6n\u00f6sen este \u2013 \u00e1tmenetileg megk\u00f6nnyebb\u00fcl\u00e9st ad, de \u00fajra \u00e9s \u00fajra felh\u00fazza a k\u00f6t\u0151d\u00e9si rendszert, ez\u00e9rt m\u00e1snap kezd\u0151dik el\u00f6lr\u0151l. A minimum\/no contact nem bossz\u00fa \u00e9s nem manipul\u00e1ci\u00f3, hanem <b>v\u00e9d\u0151g\u00e1t<\/b>. Gyakorlatban ez \u00edgy n\u00e9z ki: a nem s\u00fcrg\u0151s \u00fcgyeket heti <i>egy<\/i> ablakban, \u00edr\u00e1sban int\u00e9zed; <i>el\u0151tte<\/i> list\u00e1zod a pontokat, <i>ut\u00e1na<\/i> lez\u00e1rod, nem chatelsz. A k\u00f6z\u00f6ss\u00e9gi m\u00e9di\u00e1ban: profil eln\u00e9m\u00edt\u00e1sa, \u201esz\u00fcneteltet\u00e9s\u201d, bar\u00e1toknak jelz\u00e9s, hogy az els\u0151 30 napban nem k\u00fcldenek exhez k\u00f6t\u0151d\u0151 tartalmat. A legelnyel\u0151bb appokn\u00e1l: v\u00e9gtelen g\u00f6rget\u00e9s \u00e9s automatikus lej\u00e1tsz\u00e1s kikapcsol\u00e1sa, id\u0151z\u00e1r be\u00e1ll\u00edt\u00e1sa, az appok lev\u00e9tele a nyit\u00f3k\u00e9perny\u0151r\u0151l. Ha vissza-visszacs\u00faszol, ne sz\u00e9gyenkezz \u2013 <i>jegyezd fel<\/i>, milyen helyzet v\u00e1ltotta ki (id\u0151pont, hely, \u00e9rzelem), \u00e9s tervezz ellenl\u00e9p\u00e9st ugyanarra a slotra (s\u00e9ta, zuhany, h\u00edv\u00e1s). A c\u00e9l nem a aszk\u00e9zis, hanem az ingerbemenet leteker\u00e9se, am\u00edg a rendszered csendesedik. A tapasztalat az, hogy 2\u20133 h\u00e9t ut\u00e1n kev\u00e9sb\u00e9 \u201ehangos\u201d a k\u00e9sztet\u00e9s, \u00e9s k\u00f6nnyebb betartani a kereteket. Itt igenis a logisztika a bar\u00e1tod, nem a h\u0151siess\u00e9g.<\/p>\n<h2>K\u00f6z\u00e9pt\u00e1v\u00fa helyre\u00e1ll\u00edt\u00e1s \u2013 mit, mikor \u00e9s hogyan?<\/h2>\n<p>Amikor a riaszt\u00e1si szint esni kezd (jobb alv\u00e1s, kevesebb ex\u2011trigger), \u00e9rdemes \u00e1tv\u00e1ltani a <b>feldolgoz\u00e1s<\/b> \u00fczemm\u00f3dra. Ez nem egy nagy vallom\u00e1s, hanem t\u00f6bb apr\u00f3 pill\u00e9r: (1) <b>strukt\u00far\u00e1lt \u00edr\u00e1s<\/b> \u2013 a szabad, \u00e9rzelem\u00e1raszt\u00f3 napl\u00f3z\u00e1s a szak\u00edt\u00e1s ut\u00e1ni <i>korai<\/i> hetekben sokakn\u00e1l fokozza a distresszt; jobban m\u0171k\u00f6dik a r\u00f6vid, szerkesztett forma (t\u00e9ny\u2013\u00e9rzelem\u2013jelent\u00e9s\u2013l\u00e9p\u00e9s). (2) <b>kognit\u00edv\u2011viselked\u00e9ses munka<\/b> \u2013 a katasztrofiz\u00e1l\u00e1s, a mindent\u2011vagy\u2011semmit gondolkod\u00e1s \u00e9s az \u00f6nhib\u00e1ztat\u00e1s \u00e1tkeretez\u00e9se, viselked\u00e9ses k\u00eds\u00e9rletekkel. (3) <b>testalap\u00fa szab\u00e1lyoz\u00e1s<\/b> \u2013 l\u00e9gz\u00e9s, progressz\u00edv izomlaz\u00edt\u00e1s, ritmikus mozg\u00e1s, amelyek a hiperarousalt cs\u00f6kkentik. (4) <b>identit\u00e1s\u2011t\u00e1maszok<\/b> \u2013 munka, tanul\u00e1s, k\u00f6z\u00f6ss\u00e9g: heti ritmusban n\u00e9vvel be\u00edrva. (5) <b>szelekt\u00edv jelent\u00e9salkot\u00e1s<\/b> \u2013 nem minden \u201emi\u00e9rt\u201d k\u00e9rd\u00e9s term\u00e9keny; el\u0151sz\u00f6r a \u201emit tanultam magamr\u00f3l\/hat\u00e1raimr\u00f3l?\u201d k\u00e9rd\u00e9sek seg\u00edtenek. Ha b\u00e1ntalmaz\u00f3 dinamika is volt, a traumaf\u00f3kusz\u00fa m\u00f3dszerek (pl. EMDR, stabiliz\u00e1ci\u00f3s protokollok) k\u00fcl\u00f6n hasznosak lehetnek; ezt szakemberrel \u00e9rdemes meg\u00edt\u00e9lni. A m\u00e9rce nem az, hogy \u201ehi\u00e1nyzol\u2011e m\u00e9g\u201d, hanem hogy a napod mennyire \u00e9lhet\u0151: tudsz\u2011e dolgozni, kapcsol\u00f3dni, aludni. Ha igen, j\u00f6hetnek a m\u00e9lyebb k\u00e9rd\u00e9sek. Ha nem, visszal\u00e9p\u00fcnk stabiliz\u00e1lni \u2013 \u00e9s ez nem visszaes\u00e9s, hanem okos \u00fctemez\u00e9s.<\/p>\n<h2>\u00daj \u00e9p\u00edtkez\u00e9s \u2013 tart\u00f3s v\u00e1ltoz\u00e1s a kapcsolat ut\u00e1n<\/h2>\n<p>A j\u00f3 lez\u00e1r\u00e1s nem a felejt\u00e9sr\u0151l sz\u00f3l, hanem arr\u00f3l, hogy a t\u00f6rt\u00e9neted \u00faj helyet kap. Itt j\u00f6n a <b>poszttraum\u00e1s n\u00f6veked\u00e9s<\/b> lehet\u0151s\u00e9ge: hat\u00e1rok pontosabban, preferenci\u00e1k tiszt\u00e1bban, \u00e9rt\u00e9krend kevesebb alkudoz\u00e1ssal. Gyakorlatban: (1) \u00edrd le h\u00e1rom mondatban, hogyan <i>nem<\/i> akarsz t\u00f6bb\u00e9 kapcsolatban m\u0171k\u00f6dni (konkr\u00e9t viselked\u00e9sek: pl. \u201enem v\u00e1llalok l\u00e1thatatlan munk\u00e1t\u201d); (2) hat\u00e1rozz meg h\u00e1rom \u201epiros vonalat\u201d (pl. \u201enem t\u0171r\u00f6k g\u00e1zl\u00e1ngol\u00e1st \u2013 jelzem, \u00e9s ha ism\u00e9tl\u0151dik, kil\u00e9pek\u201d); (3) jel\u00f6ld ki a <b>tanul\u00e1si f\u00f3kuszt<\/b> 12 h\u00e9tre (asszert\u00edv kommunik\u00e1ci\u00f3, konfliktuskezel\u00e9s, p\u00e9nz\u00fcgyi auton\u00f3mia); (4) tarts \u201ekapcsolati retrospekt\u00edvet\u201d k\u00e9t bar\u00e1ttal \u2013 t\u00e1rgyiasan (t\u00e9ny\u2013hat\u00e1s\u2013m\u00e1skor hogyan). Ne feledd: a kapcsolat v\u00e9ge nem a vonzer\u0151d vagy az \u00e9rt\u00e9ked m\u00e9rlege; legfeljebb a hat\u00e1raid \u00e9s a d\u00f6nt\u00e9seid t\u00e9rk\u00e9pe. A v\u00e1ltoz\u00e1s att\u00f3l lesz tart\u00f3s, hogy a mindennapokba \u00edrod, nem att\u00f3l, hogy egyszer nagy besz\u00e9lget\u00e9st tartasz magaddal. Igen, maradhat hi\u00e1ny \u00e9s nosztalgia \u2013 ez emberi. De mellette legyen terv, ritmus \u00e9s c\u00e9l. A kett\u0151 egy\u00fctt a gy\u00f3gyul\u00e1s.<\/p>\n<blockquote><p>\u201eA szak\u00edt\u00e1s ut\u00e1n nem er\u0151sebbnek kell l\u00e1tszanod, hanem jobban kell m\u0171k\u00f6dtetned a napodat. A f\u00e1jdalom nem parancsnok \u2013 ha keretet adsz, elfoglalja a hely\u00e9t.\u201d \u2014 <b>Dajka G\u00e1bor<\/b><\/p><\/blockquote>\n<h2>Dajka G\u00e1bor business coach szerint<\/h2>\n<p>\u00c1ll\u00edtom: a traumatikus szak\u00edt\u00e1s nem \u201elelki kudarc\u201d, hanem m\u0171k\u00f6d\u00e9si kr\u00edzis. Aki ezt meg\u00e9rti, nem a sz\u00e9gyent n\u00f6veli, hanem a rendszert h\u00fazza helyre: alv\u00e1s, ritmus, digit\u00e1lis g\u00e1tak, szab\u00e1lyozott gondolkod\u00e1s, c\u00e9lzott seg\u00edts\u00e9g. A romantika m\u00edtosza azt suttogja, hogy a nagy \u00e9rz\u00e9s mindent visz. A val\u00f3s\u00e1g az, hogy a nagy \u00e9rz\u00e9s <i>mindennapokban<\/i> \u00e9lhet\u0151 \u2013 \u00e9s ugyanitt gy\u00e1szolhat\u00f3 el. Nem k\u00e9rek t\u0151led h\u0151siess\u00e9get. Azt k\u00e9rem, hogy a k\u00f6vetkez\u0151 30 napra vedd komolyan a saj\u00e1t \u00fczemeltet\u00e9sedet. A k\u00fcl\u00f6nbs\u00e9g nem l\u00e1tv\u00e1nyos \u2013 cs\u00f6ndes: visszaj\u00f6n az alv\u00e1s, nem cs\u00faszol le est\u00e9re, kev\u00e9sb\u00e9 hangos a k\u00e9sztet\u00e9s, \u00e9s elkezdesz \u00fajra jelen lenni a saj\u00e1t \u00e9letedben. Ezt nevezem felel\u0151s \u00f6nk\u00edm\u00e9letnek. \u00c9s igen: m\u0171k\u00f6dik.<\/p>\n<h2>Szak\u00e9rt\u0151 v\u00e1laszol \u2013 GYIK<\/h2>\n<h3>Mennyi id\u0151 \u201enorm\u00e1lis\u201d, am\u00edg ennyire f\u00e1j?<\/h3>\n<p>A heves, hull\u00e1mz\u00f3 f\u00e1jdalom hetekig term\u00e9szetes. Ha 4\u20136 h\u00e9t ut\u00e1n is \u00f6sszeomlik t\u0151le a m\u0171k\u00f6d\u00e9sed (alv\u00e1s, munka, kapcsolatok), vagy er\u0151s szorong\u00e1s\/p\u00e1nik\/\u00f6ns\u00e9rt\u00e9ses k\u00e9sztet\u00e9s jelenik meg, \u00e9rdemes pszichol\u00f3gushoz fordulni. A gy\u00f3gyul\u00e1s nem verseny \u2013 ritmus k\u00e9rd\u00e9se.<\/p>\n<h3>\u00cdrjak-e napl\u00f3t a szak\u00edt\u00e1s ut\u00e1n?<\/h3>\n<p>Az els\u0151 hetekben a szabad, hossz\u00fa \u201e\u00f6ntsd ki a sz\u00edved\u201d \u00edr\u00e1s sokakn\u00e1l <i>fokozhatja<\/i> a distresszt. Jobban m\u0171k\u00f6dik a r\u00f6vid, struktur\u00e1lt forma: t\u00e9ny\u2013\u00e9rzelem\u2013jelent\u00e9s\u2013k\u00f6vetkez\u0151 l\u00e9p\u00e9s, napi 10\u201315 perc. K\u00e9s\u0151bb j\u00f6het a narrat\u00edvabb feldolgoz\u00e1s.<\/p>\n<h3>Mit tegyek, ha k\u00f6z\u00f6s \u00fcgyek miatt elker\u00fclhetetlen a kapcsolat?<\/h3>\n<p>\u00cdr\u00e1sos csatorna, heti <i>egy<\/i> id\u0151s\u00e1v, el\u0151re list\u00e1zott pontok, r\u00f6vid, t\u00e1rgyszer\u0171 st\u00edlus. \u00c9jszaka nem v\u00e1laszolsz. Szem\u00e9lyesked\u00e9sre nem reag\u00e1lsz; visszaterelsz a t\u00e1rgyra. Ha a hangnem tart\u00f3san romlik, k\u00e9rj harmadik f\u00e9l bevon\u00e1s\u00e1t.<\/p>\n<h3>\u201eNo contact\u201d nem gy\u00e1vas\u00e1g?<\/h3>\n<p>Nem. V\u00e9d\u0151g\u00e1t. A c\u00e9l a k\u00f6t\u0151d\u00e9si rendszer lecsendes\u00edt\u00e9se, hogy tudd rendezni az \u00e9leted. Nem \u00f6r\u00f6kre sz\u00f3l; a stabiliz\u00e1l\u00e1s idej\u00e9re. Ha b\u00e1ntalmaz\u00f3 dinamika volt, a \u201eno contact\u201d gyakran <i>biztons\u00e1gi<\/i> int\u00e9zked\u00e9s.<\/p>\n<h3>Van-e magyar piaci saj\u00e1toss\u00e1g, amire \u00e9rdemes figyelni?<\/h3>\n<p>Igen: er\u0151s a \u201eszedd \u00f6ssze magad\u201d narrat\u00edva, \u00e9s gyakoribb a k\u00e9s\u0151 esti online aktivit\u00e1s. V\u00e1lasz: k\u00edm\u00e9letes, de <i>k\u00f6vetkezetes<\/i> alv\u00e1sv\u00e9delem (kijelz\u0151mentes s\u00e1v), \u00e9s korai, r\u00f6vid, t\u00e1rgyszer\u0171 szakmai seg\u00edts\u00e9g \u2013 nem \u201eter\u00e1piaturizmus\u201d, hanem c\u00e9lzott munka.<\/p>\n<h2>Aj\u00e1nlott magyar vide\u00f3k\/podcastok<\/h2>\n<p><iframe title=\"Spotify Embed: Hogyan dolgozzam fel a szak\u00edt\u00e1st?\" style=\"border-radius: 12px\" width=\"100%\" height=\"152\" frameborder=\"0\" allowfullscreen allow=\"autoplay; clipboard-write; encrypted-media; fullscreen; picture-in-picture\" data-src=\"https:\/\/open.spotify.com\/embed\/episode\/3bQYJiOM1VJk33dzGWscwz?utm_source=oembed\" src=\"data:image\/svg+xml;base64,PHN2ZyB3aWR0aD0iMSIgaGVpZ2h0PSIxIiB4bWxucz0iaHR0cDovL3d3dy53My5vcmcvMjAwMC9zdmciPjwvc3ZnPg==\" class=\"lazyload\" data-load-mode=\"1\"><\/iframe><\/p>\n<h2>Forr\u00e1sok<\/h2>\n<ul>\n<li><a href=\"https:\/\/www.helenfisher.com\/downloads\/articles\/Fisher-et-al-Rejection.pdf\">Fisher, H. E., Brown, L. L., Aron, A., Strong, G., &amp; Mashek, D. (2010). Reward, Addiction, and Emotion Regulation Systems Associated With Rejection in Love. <i>Journal of Neurophysiology<\/i>.<\/a><\/li>\n<li><a href=\"https:\/\/pmc.ncbi.nlm.nih.gov\/articles\/PMC4297672\/\">Sbarra, D. A., Boals, A., Mason, A. E., Larson, G. M., &amp; Mehl, M. R. (2013). Expressive Writing Can Impede Emotional Recovery Following Marital Separation. <i>Clinical Psychological Science<\/i>.<\/a><\/li>\n<li><a href=\"https:\/\/pubmed.ncbi.nlm.nih.gov\/34923372\/\">Eisma, M. C., T\u00f5nus, D., &amp; de Jong, P. J. (2022). Desired attachment and breakup distress relate to automatic approach of the ex\u2011partner. <i>Journal of Behavior Therapy and Experimental Psychiatry<\/i>.<\/a><\/li>\n<\/ul>\n","protected":false},"excerpt":{"rendered":"<p>Szak\u00edtottak veled, \u00e9s nem \u201ecsak\u201d szomor\u00fa vagy, hanem mintha valami kiszor\u00edtan\u00e1 a leveg\u0151t a mellkasodb\u00f3l? Nem alszol, r\u00e9m\u00e1lmok j\u00f6nnek, nem tudsz koncentr\u00e1lni, \u00e9s \u00fagy \u00e9rzed, mintha a tested \u00e9s az agyad ellened dolgozna? Nem veled van a baj. A p\u00e1rkapcsolat lez\u00e1r\u00e1sa \u00f6nmag\u00e1ban is vesztes\u00e9g, de bizonyos helyzetekben \u2013 h\u0171tlens\u00e9g, hirtelen elt\u0171n\u00e9s (ghosting), b\u00e1ntalmaz\u00f3 dinamika, p\u00e1rhuzamos&#8230;<\/p>\n","protected":false},"author":1,"featured_media":1636,"comment_status":"closed","ping_status":"open","sticky":false,"template":"","format":"standard","meta":{"footnotes":""},"categories":[36],"tags":[],"class_list":["post-1294","post","type-post","status-publish","format-standard","has-post-thumbnail","hentry","category-szakitas-feldolgozas-egerben"],"yoast_head":"<!-- This site is optimized with the Yoast SEO plugin v27.5 - https:\/\/yoast.com\/product\/yoast-seo-wordpress\/ -->\n<title>Szak\u00edt\u00e1s ut\u00e1ni trauma: mi t\u00f6rt\u00e9nik benned, \u00e9s hogyan \u00e1llsz talpra 30 nap alatt<\/title>\n<meta name=\"robots\" content=\"index, follow, max-snippet:-1, max-image-preview:large, max-video-preview:-1\" \/>\n<link rel=\"canonical\" href=\"https:\/\/egercoach.hu\/blog\/szakitas-utani-trauma-mi-tortenik-benned-es-hogyan-allsz-talpra-30-nap-alatt\/\" \/>\n<meta property=\"og:locale\" content=\"hu_HU\" \/>\n<meta property=\"og:type\" content=\"article\" \/>\n<meta property=\"og:title\" content=\"Szak\u00edt\u00e1s ut\u00e1ni trauma: mi t\u00f6rt\u00e9nik benned, \u00e9s hogyan \u00e1llsz talpra 30 nap alatt\" \/>\n<meta property=\"og:description\" content=\"Szak\u00edtottak veled, \u00e9s nem \u201ecsak\u201d szomor\u00fa vagy, hanem mintha valami kiszor\u00edtan\u00e1 a leveg\u0151t a mellkasodb\u00f3l? Nem alszol, r\u00e9m\u00e1lmok j\u00f6nnek, nem tudsz koncentr\u00e1lni, \u00e9s \u00fagy \u00e9rzed, mintha a tested \u00e9s az agyad ellened dolgozna? Nem veled van a baj. A p\u00e1rkapcsolat lez\u00e1r\u00e1sa \u00f6nmag\u00e1ban is vesztes\u00e9g, de bizonyos helyzetekben \u2013 h\u0171tlens\u00e9g, hirtelen elt\u0171n\u00e9s (ghosting), b\u00e1ntalmaz\u00f3 dinamika, p\u00e1rhuzamos...\" \/>\n<meta property=\"og:url\" content=\"https:\/\/egercoach.hu\/blog\/szakitas-utani-trauma-mi-tortenik-benned-es-hogyan-allsz-talpra-30-nap-alatt\/\" \/>\n<meta property=\"og:site_name\" content=\"Az Egri Coach Blogja\" \/>\n<meta property=\"article:publisher\" content=\"https:\/\/www.facebook.com\/eger.coach\" \/>\n<meta property=\"article:published_time\" content=\"2025-10-24T01:13:25+00:00\" \/>\n<meta property=\"article:modified_time\" content=\"2025-12-14T07:05:33+00:00\" \/>\n<meta property=\"og:image\" content=\"https:\/\/egercoach.hu\/blog\/wp-content\/uploads\/2025\/10\/1d24f50fed06b0b100d34005c30fe86ec6c0ec20926bb45a6b2a7da24f98704b-scaled.jpg\" \/>\n\t<meta property=\"og:image:width\" content=\"1500\" \/>\n\t<meta property=\"og:image:height\" content=\"1000\" \/>\n\t<meta property=\"og:image:type\" content=\"image\/jpeg\" \/>\n<meta name=\"author\" content=\"Dajka G\u00e1bor\" \/>\n<meta name=\"twitter:card\" content=\"summary_large_image\" \/>\n<meta name=\"twitter:label1\" content=\"Szerz\u0151:\" \/>\n\t<meta name=\"twitter:data1\" content=\"Dajka G\u00e1bor\" \/>\n\t<meta name=\"twitter:label2\" content=\"Becs\u00fclt olvas\u00e1si id\u0151\" \/>\n\t<meta name=\"twitter:data2\" content=\"10 perc\" \/>\n<script type=\"application\/ld+json\" class=\"yoast-schema-graph\">{\"@context\":\"https:\\\/\\\/schema.org\",\"@graph\":[{\"@type\":\"Article\",\"@id\":\"https:\\\/\\\/egercoach.hu\\\/blog\\\/szakitas-utani-trauma-mi-tortenik-benned-es-hogyan-allsz-talpra-30-nap-alatt\\\/#article\",\"isPartOf\":{\"@id\":\"https:\\\/\\\/egercoach.hu\\\/blog\\\/szakitas-utani-trauma-mi-tortenik-benned-es-hogyan-allsz-talpra-30-nap-alatt\\\/\"},\"author\":{\"name\":\"Dajka G\u00e1bor\",\"@id\":\"https:\\\/\\\/egercoach.hu\\\/blog\\\/#\\\/schema\\\/person\\\/afc73367aa314ca33a9c8d3b88dce6e7\"},\"headline\":\"Szak\u00edt\u00e1s ut\u00e1ni trauma: mi t\u00f6rt\u00e9nik benned, \u00e9s hogyan \u00e1llsz talpra 30 nap alatt\",\"datePublished\":\"2025-10-24T01:13:25+00:00\",\"dateModified\":\"2025-12-14T07:05:33+00:00\",\"mainEntityOfPage\":{\"@id\":\"https:\\\/\\\/egercoach.hu\\\/blog\\\/szakitas-utani-trauma-mi-tortenik-benned-es-hogyan-allsz-talpra-30-nap-alatt\\\/\"},\"wordCount\":2878,\"publisher\":{\"@id\":\"https:\\\/\\\/egercoach.hu\\\/blog\\\/#organization\"},\"image\":{\"@id\":\"https:\\\/\\\/egercoach.hu\\\/blog\\\/szakitas-utani-trauma-mi-tortenik-benned-es-hogyan-allsz-talpra-30-nap-alatt\\\/#primaryimage\"},\"thumbnailUrl\":\"https:\\\/\\\/egercoach.hu\\\/blog\\\/wp-content\\\/uploads\\\/2025\\\/10\\\/1d24f50fed06b0b100d34005c30fe86ec6c0ec20926bb45a6b2a7da24f98704b-scaled.jpg\",\"articleSection\":[\"Szak\u00edt\u00e1s-feldolgoz\u00e1s Egerben\"],\"inLanguage\":\"hu\"},{\"@type\":\"WebPage\",\"@id\":\"https:\\\/\\\/egercoach.hu\\\/blog\\\/szakitas-utani-trauma-mi-tortenik-benned-es-hogyan-allsz-talpra-30-nap-alatt\\\/\",\"url\":\"https:\\\/\\\/egercoach.hu\\\/blog\\\/szakitas-utani-trauma-mi-tortenik-benned-es-hogyan-allsz-talpra-30-nap-alatt\\\/\",\"name\":\"Szak\u00edt\u00e1s ut\u00e1ni trauma: mi t\u00f6rt\u00e9nik benned, \u00e9s hogyan \u00e1llsz talpra 30 nap alatt\",\"isPartOf\":{\"@id\":\"https:\\\/\\\/egercoach.hu\\\/blog\\\/#website\"},\"primaryImageOfPage\":{\"@id\":\"https:\\\/\\\/egercoach.hu\\\/blog\\\/szakitas-utani-trauma-mi-tortenik-benned-es-hogyan-allsz-talpra-30-nap-alatt\\\/#primaryimage\"},\"image\":{\"@id\":\"https:\\\/\\\/egercoach.hu\\\/blog\\\/szakitas-utani-trauma-mi-tortenik-benned-es-hogyan-allsz-talpra-30-nap-alatt\\\/#primaryimage\"},\"thumbnailUrl\":\"https:\\\/\\\/egercoach.hu\\\/blog\\\/wp-content\\\/uploads\\\/2025\\\/10\\\/1d24f50fed06b0b100d34005c30fe86ec6c0ec20926bb45a6b2a7da24f98704b-scaled.jpg\",\"datePublished\":\"2025-10-24T01:13:25+00:00\",\"dateModified\":\"2025-12-14T07:05:33+00:00\",\"breadcrumb\":{\"@id\":\"https:\\\/\\\/egercoach.hu\\\/blog\\\/szakitas-utani-trauma-mi-tortenik-benned-es-hogyan-allsz-talpra-30-nap-alatt\\\/#breadcrumb\"},\"inLanguage\":\"hu\",\"potentialAction\":[{\"@type\":\"ReadAction\",\"target\":[\"https:\\\/\\\/egercoach.hu\\\/blog\\\/szakitas-utani-trauma-mi-tortenik-benned-es-hogyan-allsz-talpra-30-nap-alatt\\\/\"]}]},{\"@type\":\"ImageObject\",\"inLanguage\":\"hu\",\"@id\":\"https:\\\/\\\/egercoach.hu\\\/blog\\\/szakitas-utani-trauma-mi-tortenik-benned-es-hogyan-allsz-talpra-30-nap-alatt\\\/#primaryimage\",\"url\":\"https:\\\/\\\/egercoach.hu\\\/blog\\\/wp-content\\\/uploads\\\/2025\\\/10\\\/1d24f50fed06b0b100d34005c30fe86ec6c0ec20926bb45a6b2a7da24f98704b-scaled.jpg\",\"contentUrl\":\"https:\\\/\\\/egercoach.hu\\\/blog\\\/wp-content\\\/uploads\\\/2025\\\/10\\\/1d24f50fed06b0b100d34005c30fe86ec6c0ec20926bb45a6b2a7da24f98704b-scaled.jpg\",\"width\":1500,\"height\":1000},{\"@type\":\"BreadcrumbList\",\"@id\":\"https:\\\/\\\/egercoach.hu\\\/blog\\\/szakitas-utani-trauma-mi-tortenik-benned-es-hogyan-allsz-talpra-30-nap-alatt\\\/#breadcrumb\",\"itemListElement\":[{\"@type\":\"ListItem\",\"position\":1,\"name\":\"Kezd\u0151lap\",\"item\":\"https:\\\/\\\/egercoach.hu\\\/blog\\\/\"},{\"@type\":\"ListItem\",\"position\":2,\"name\":\"Szak\u00edt\u00e1s ut\u00e1ni trauma: mi t\u00f6rt\u00e9nik benned, \u00e9s hogyan \u00e1llsz talpra 30 nap alatt\"}]},{\"@type\":\"WebSite\",\"@id\":\"https:\\\/\\\/egercoach.hu\\\/blog\\\/#website\",\"url\":\"https:\\\/\\\/egercoach.hu\\\/blog\\\/\",\"name\":\"Eger Coach Blog\",\"description\":\"\",\"publisher\":{\"@id\":\"https:\\\/\\\/egercoach.hu\\\/blog\\\/#organization\"},\"potentialAction\":[{\"@type\":\"SearchAction\",\"target\":{\"@type\":\"EntryPoint\",\"urlTemplate\":\"https:\\\/\\\/egercoach.hu\\\/blog\\\/?s={search_term_string}\"},\"query-input\":{\"@type\":\"PropertyValueSpecification\",\"valueRequired\":true,\"valueName\":\"search_term_string\"}}],\"inLanguage\":\"hu\"},{\"@type\":\"Organization\",\"@id\":\"https:\\\/\\\/egercoach.hu\\\/blog\\\/#organization\",\"name\":\"Eger Coach Blog\",\"url\":\"https:\\\/\\\/egercoach.hu\\\/blog\\\/\",\"logo\":{\"@type\":\"ImageObject\",\"inLanguage\":\"hu\",\"@id\":\"https:\\\/\\\/egercoach.hu\\\/blog\\\/#\\\/schema\\\/logo\\\/image\\\/\",\"url\":\"https:\\\/\\\/egercoach.hu\\\/blog\\\/wp-content\\\/uploads\\\/2025\\\/05\\\/cropped-Eger.png\",\"contentUrl\":\"https:\\\/\\\/egercoach.hu\\\/blog\\\/wp-content\\\/uploads\\\/2025\\\/05\\\/cropped-Eger.png\",\"width\":500,\"height\":169,\"caption\":\"Eger Coach Blog\"},\"image\":{\"@id\":\"https:\\\/\\\/egercoach.hu\\\/blog\\\/#\\\/schema\\\/logo\\\/image\\\/\"},\"sameAs\":[\"https:\\\/\\\/www.facebook.com\\\/eger.coach\"]},{\"@type\":\"Person\",\"@id\":\"https:\\\/\\\/egercoach.hu\\\/blog\\\/#\\\/schema\\\/person\\\/afc73367aa314ca33a9c8d3b88dce6e7\",\"name\":\"Dajka G\u00e1bor\",\"image\":{\"@type\":\"ImageObject\",\"inLanguage\":\"hu\",\"@id\":\"https:\\\/\\\/secure.gravatar.com\\\/avatar\\\/81566ea1e2b3466baa03e9bdcdaa835f58564d8be90057a45f3e61711dc8a063?s=96&d=mm&r=g\",\"url\":\"https:\\\/\\\/secure.gravatar.com\\\/avatar\\\/81566ea1e2b3466baa03e9bdcdaa835f58564d8be90057a45f3e61711dc8a063?s=96&d=mm&r=g\",\"contentUrl\":\"https:\\\/\\\/secure.gravatar.com\\\/avatar\\\/81566ea1e2b3466baa03e9bdcdaa835f58564d8be90057a45f3e61711dc8a063?s=96&d=mm&r=g\",\"caption\":\"Dajka G\u00e1bor\"},\"sameAs\":[\"https:\\\/\\\/egercoach.hu\\\/blog\"],\"url\":\"https:\\\/\\\/egercoach.hu\\\/blog\\\/author\\\/adminka\\\/\"}]}<\/script>\n<!-- \/ Yoast SEO plugin. -->","yoast_head_json":{"title":"Szak\u00edt\u00e1s ut\u00e1ni trauma: mi t\u00f6rt\u00e9nik benned, \u00e9s hogyan \u00e1llsz talpra 30 nap alatt","robots":{"index":"index","follow":"follow","max-snippet":"max-snippet:-1","max-image-preview":"max-image-preview:large","max-video-preview":"max-video-preview:-1"},"canonical":"https:\/\/egercoach.hu\/blog\/szakitas-utani-trauma-mi-tortenik-benned-es-hogyan-allsz-talpra-30-nap-alatt\/","og_locale":"hu_HU","og_type":"article","og_title":"Szak\u00edt\u00e1s ut\u00e1ni trauma: mi t\u00f6rt\u00e9nik benned, \u00e9s hogyan \u00e1llsz talpra 30 nap alatt","og_description":"Szak\u00edtottak veled, \u00e9s nem \u201ecsak\u201d szomor\u00fa vagy, hanem mintha valami kiszor\u00edtan\u00e1 a leveg\u0151t a mellkasodb\u00f3l? Nem alszol, r\u00e9m\u00e1lmok j\u00f6nnek, nem tudsz koncentr\u00e1lni, \u00e9s \u00fagy \u00e9rzed, mintha a tested \u00e9s az agyad ellened dolgozna? Nem veled van a baj. A p\u00e1rkapcsolat lez\u00e1r\u00e1sa \u00f6nmag\u00e1ban is vesztes\u00e9g, de bizonyos helyzetekben \u2013 h\u0171tlens\u00e9g, hirtelen elt\u0171n\u00e9s (ghosting), b\u00e1ntalmaz\u00f3 dinamika, p\u00e1rhuzamos...","og_url":"https:\/\/egercoach.hu\/blog\/szakitas-utani-trauma-mi-tortenik-benned-es-hogyan-allsz-talpra-30-nap-alatt\/","og_site_name":"Az Egri Coach Blogja","article_publisher":"https:\/\/www.facebook.com\/eger.coach","article_published_time":"2025-10-24T01:13:25+00:00","article_modified_time":"2025-12-14T07:05:33+00:00","og_image":[{"width":1500,"height":1000,"url":"https:\/\/egercoach.hu\/blog\/wp-content\/uploads\/2025\/10\/1d24f50fed06b0b100d34005c30fe86ec6c0ec20926bb45a6b2a7da24f98704b-scaled.jpg","type":"image\/jpeg"}],"author":"Dajka G\u00e1bor","twitter_card":"summary_large_image","twitter_misc":{"Szerz\u0151:":"Dajka G\u00e1bor","Becs\u00fclt olvas\u00e1si id\u0151":"10 perc"},"schema":{"@context":"https:\/\/schema.org","@graph":[{"@type":"Article","@id":"https:\/\/egercoach.hu\/blog\/szakitas-utani-trauma-mi-tortenik-benned-es-hogyan-allsz-talpra-30-nap-alatt\/#article","isPartOf":{"@id":"https:\/\/egercoach.hu\/blog\/szakitas-utani-trauma-mi-tortenik-benned-es-hogyan-allsz-talpra-30-nap-alatt\/"},"author":{"name":"Dajka G\u00e1bor","@id":"https:\/\/egercoach.hu\/blog\/#\/schema\/person\/afc73367aa314ca33a9c8d3b88dce6e7"},"headline":"Szak\u00edt\u00e1s ut\u00e1ni trauma: mi t\u00f6rt\u00e9nik benned, \u00e9s hogyan \u00e1llsz talpra 30 nap alatt","datePublished":"2025-10-24T01:13:25+00:00","dateModified":"2025-12-14T07:05:33+00:00","mainEntityOfPage":{"@id":"https:\/\/egercoach.hu\/blog\/szakitas-utani-trauma-mi-tortenik-benned-es-hogyan-allsz-talpra-30-nap-alatt\/"},"wordCount":2878,"publisher":{"@id":"https:\/\/egercoach.hu\/blog\/#organization"},"image":{"@id":"https:\/\/egercoach.hu\/blog\/szakitas-utani-trauma-mi-tortenik-benned-es-hogyan-allsz-talpra-30-nap-alatt\/#primaryimage"},"thumbnailUrl":"https:\/\/egercoach.hu\/blog\/wp-content\/uploads\/2025\/10\/1d24f50fed06b0b100d34005c30fe86ec6c0ec20926bb45a6b2a7da24f98704b-scaled.jpg","articleSection":["Szak\u00edt\u00e1s-feldolgoz\u00e1s Egerben"],"inLanguage":"hu"},{"@type":"WebPage","@id":"https:\/\/egercoach.hu\/blog\/szakitas-utani-trauma-mi-tortenik-benned-es-hogyan-allsz-talpra-30-nap-alatt\/","url":"https:\/\/egercoach.hu\/blog\/szakitas-utani-trauma-mi-tortenik-benned-es-hogyan-allsz-talpra-30-nap-alatt\/","name":"Szak\u00edt\u00e1s ut\u00e1ni trauma: mi t\u00f6rt\u00e9nik benned, \u00e9s hogyan \u00e1llsz talpra 30 nap alatt","isPartOf":{"@id":"https:\/\/egercoach.hu\/blog\/#website"},"primaryImageOfPage":{"@id":"https:\/\/egercoach.hu\/blog\/szakitas-utani-trauma-mi-tortenik-benned-es-hogyan-allsz-talpra-30-nap-alatt\/#primaryimage"},"image":{"@id":"https:\/\/egercoach.hu\/blog\/szakitas-utani-trauma-mi-tortenik-benned-es-hogyan-allsz-talpra-30-nap-alatt\/#primaryimage"},"thumbnailUrl":"https:\/\/egercoach.hu\/blog\/wp-content\/uploads\/2025\/10\/1d24f50fed06b0b100d34005c30fe86ec6c0ec20926bb45a6b2a7da24f98704b-scaled.jpg","datePublished":"2025-10-24T01:13:25+00:00","dateModified":"2025-12-14T07:05:33+00:00","breadcrumb":{"@id":"https:\/\/egercoach.hu\/blog\/szakitas-utani-trauma-mi-tortenik-benned-es-hogyan-allsz-talpra-30-nap-alatt\/#breadcrumb"},"inLanguage":"hu","potentialAction":[{"@type":"ReadAction","target":["https:\/\/egercoach.hu\/blog\/szakitas-utani-trauma-mi-tortenik-benned-es-hogyan-allsz-talpra-30-nap-alatt\/"]}]},{"@type":"ImageObject","inLanguage":"hu","@id":"https:\/\/egercoach.hu\/blog\/szakitas-utani-trauma-mi-tortenik-benned-es-hogyan-allsz-talpra-30-nap-alatt\/#primaryimage","url":"https:\/\/egercoach.hu\/blog\/wp-content\/uploads\/2025\/10\/1d24f50fed06b0b100d34005c30fe86ec6c0ec20926bb45a6b2a7da24f98704b-scaled.jpg","contentUrl":"https:\/\/egercoach.hu\/blog\/wp-content\/uploads\/2025\/10\/1d24f50fed06b0b100d34005c30fe86ec6c0ec20926bb45a6b2a7da24f98704b-scaled.jpg","width":1500,"height":1000},{"@type":"BreadcrumbList","@id":"https:\/\/egercoach.hu\/blog\/szakitas-utani-trauma-mi-tortenik-benned-es-hogyan-allsz-talpra-30-nap-alatt\/#breadcrumb","itemListElement":[{"@type":"ListItem","position":1,"name":"Kezd\u0151lap","item":"https:\/\/egercoach.hu\/blog\/"},{"@type":"ListItem","position":2,"name":"Szak\u00edt\u00e1s ut\u00e1ni trauma: mi t\u00f6rt\u00e9nik benned, \u00e9s hogyan \u00e1llsz talpra 30 nap alatt"}]},{"@type":"WebSite","@id":"https:\/\/egercoach.hu\/blog\/#website","url":"https:\/\/egercoach.hu\/blog\/","name":"Eger Coach Blog","description":"","publisher":{"@id":"https:\/\/egercoach.hu\/blog\/#organization"},"potentialAction":[{"@type":"SearchAction","target":{"@type":"EntryPoint","urlTemplate":"https:\/\/egercoach.hu\/blog\/?s={search_term_string}"},"query-input":{"@type":"PropertyValueSpecification","valueRequired":true,"valueName":"search_term_string"}}],"inLanguage":"hu"},{"@type":"Organization","@id":"https:\/\/egercoach.hu\/blog\/#organization","name":"Eger Coach Blog","url":"https:\/\/egercoach.hu\/blog\/","logo":{"@type":"ImageObject","inLanguage":"hu","@id":"https:\/\/egercoach.hu\/blog\/#\/schema\/logo\/image\/","url":"https:\/\/egercoach.hu\/blog\/wp-content\/uploads\/2025\/05\/cropped-Eger.png","contentUrl":"https:\/\/egercoach.hu\/blog\/wp-content\/uploads\/2025\/05\/cropped-Eger.png","width":500,"height":169,"caption":"Eger Coach Blog"},"image":{"@id":"https:\/\/egercoach.hu\/blog\/#\/schema\/logo\/image\/"},"sameAs":["https:\/\/www.facebook.com\/eger.coach"]},{"@type":"Person","@id":"https:\/\/egercoach.hu\/blog\/#\/schema\/person\/afc73367aa314ca33a9c8d3b88dce6e7","name":"Dajka G\u00e1bor","image":{"@type":"ImageObject","inLanguage":"hu","@id":"https:\/\/secure.gravatar.com\/avatar\/81566ea1e2b3466baa03e9bdcdaa835f58564d8be90057a45f3e61711dc8a063?s=96&d=mm&r=g","url":"https:\/\/secure.gravatar.com\/avatar\/81566ea1e2b3466baa03e9bdcdaa835f58564d8be90057a45f3e61711dc8a063?s=96&d=mm&r=g","contentUrl":"https:\/\/secure.gravatar.com\/avatar\/81566ea1e2b3466baa03e9bdcdaa835f58564d8be90057a45f3e61711dc8a063?s=96&d=mm&r=g","caption":"Dajka G\u00e1bor"},"sameAs":["https:\/\/egercoach.hu\/blog"],"url":"https:\/\/egercoach.hu\/blog\/author\/adminka\/"}]}},"_links":{"self":[{"href":"https:\/\/egercoach.hu\/blog\/wp-json\/wp\/v2\/posts\/1294","targetHints":{"allow":["GET"]}}],"collection":[{"href":"https:\/\/egercoach.hu\/blog\/wp-json\/wp\/v2\/posts"}],"about":[{"href":"https:\/\/egercoach.hu\/blog\/wp-json\/wp\/v2\/types\/post"}],"author":[{"embeddable":true,"href":"https:\/\/egercoach.hu\/blog\/wp-json\/wp\/v2\/users\/1"}],"replies":[{"embeddable":true,"href":"https:\/\/egercoach.hu\/blog\/wp-json\/wp\/v2\/comments?post=1294"}],"version-history":[{"count":0,"href":"https:\/\/egercoach.hu\/blog\/wp-json\/wp\/v2\/posts\/1294\/revisions"}],"wp:featuredmedia":[{"embeddable":true,"href":"https:\/\/egercoach.hu\/blog\/wp-json\/wp\/v2\/media\/1636"}],"wp:attachment":[{"href":"https:\/\/egercoach.hu\/blog\/wp-json\/wp\/v2\/media?parent=1294"}],"wp:term":[{"taxonomy":"category","embeddable":true,"href":"https:\/\/egercoach.hu\/blog\/wp-json\/wp\/v2\/categories?post=1294"},{"taxonomy":"post_tag","embeddable":true,"href":"https:\/\/egercoach.hu\/blog\/wp-json\/wp\/v2\/tags?post=1294"}],"curies":[{"name":"wp","href":"https:\/\/api.w.org\/{rel}","templated":true}]}}