{"id":142,"date":"2024-08-10T10:31:48","date_gmt":"2024-08-10T08:31:48","guid":{"rendered":"https:\/\/egercoach.hu\/blog\/?p=142"},"modified":"2025-10-12T15:23:21","modified_gmt":"2025-10-12T13:23:21","slug":"a-gyasz-hatasa-az-egeszsegre-atfogo-kutatas-eredmenyei","status":"publish","type":"post","link":"https:\/\/egercoach.hu\/blog\/a-gyasz-hatasa-az-egeszsegre-atfogo-kutatas-eredmenyei\/","title":{"rendered":"A gy\u00e1sz hat\u00e1sa az eg\u00e9szs\u00e9gre: kutat\u00e1si eredm\u00e9nyek"},"content":{"rendered":"<p>A gy\u00e1sz nem \u201emag\u00e1n\u00fcgy\u201d. Hat\u00e1ssal van az eg\u00e9sz testedre, a figyelmedre, a d\u00f6nt\u00e9seidre, a kock\u00e1zatv\u00e1llal\u00e1sodra, a szok\u00e1saidra. Amikor ezt kimondjuk, nem a f\u00e1jdalom \u201emedikaliz\u00e1l\u00e1sa\u201d a c\u00e9l, hanem a val\u00f3s\u00e1g pontosabb l\u00e1t\u00e1sa: a vesztes\u00e9g nemcsak \u00e9rzelmi megr\u00e1zk\u00f3dtat\u00e1s, hanem \u00e1tmeneti biol\u00f3giai \u00e9s viselked\u00e9ses \u201e\u00fajradr\u00f3tol\u00e1s\u201d is. A hazai tapasztalatok ezt vil\u00e1gosan mutatj\u00e1k. A Semmelweis Egyetemhez k\u00f6t\u0151d\u0151 orsz\u00e1gos reprezentat\u00edv felm\u00e9r\u00e9sek, a Hungarostudy adatai \u2013 t\u00f6bb tudom\u00e1nyos k\u00f6zlem\u00e9nnyel \u2013 azt jelzik, hogy a gy\u00e1szol\u00f3k k\u00f6r\u00e9ben a testi panaszok, a szorong\u00e1s, a hangulati zavarok, az alv\u00e1sprobl\u00e9m\u00e1k \u00e9s bizonyos viselked\u00e9si kock\u00e1zatok (p\u00e9ld\u00e1ul az alkoholfogyaszt\u00e1s) id\u0151ben jellegzetes hull\u00e1mz\u00e1sokat mutatnak. Ez a cikk abban seg\u00edt, hogy ezt a \u201et\u00e9rk\u00e9pet\u201d olvasni tudd: mikor mi t\u00f6rt\u00e9nik veled jellemz\u0151en, milyen jelekre figyelj, hol \u00e9rdemes beavatkozni \u2013 \u00e9s mik\u00e9nt t\u00e1mogathat a k\u00f6rnyezeted. Nem \u00edg\u00e9rek f\u00e1jdalommentes \u00fatvonalat; azt \u00edg\u00e9rem, hogy lesz pontosabb t\u00e1j\u00e9koz\u00f3d\u00e1sod. \u00c9s ez gyakran el\u00e9g ahhoz, hogy az els\u0151, legnehezebb l\u00e9p\u00e9seket meg tudd tenni.<\/p>\n<h2>A kutat\u00e1s h\u00e1ttere \u00e9s m\u00f3dszertana<\/h2>\n<p>A magyar popul\u00e1ci\u00f3s adatok s\u00falya abban \u00e1ll, hogy nem egy-egy ell\u00e1t\u00f3hely torz mint\u00e1j\u00e1t l\u00e1tjuk, hanem a h\u00e9tk\u00f6znapi embereket. A Hungarostudy Eg\u00e9szs\u00e9g Panel (HEP) k\u00e9rd\u0151\u00edves felm\u00e9r\u00e9sei t\u00f6bb hull\u00e1mban, orsz\u00e1gos mint\u00e1n m\u00e9rt\u00e9k az eg\u00e9szs\u00e9gi \u00e1llapotot \u00e9s pszich\u00e9s jellemz\u0151ket. A gy\u00e1sszal kapcsolatos elemz\u00e9sek mindk\u00e9t \u201enyelven\u201d gondolkodnak: a szubjekt\u00edv t\u00fcnetek (p\u00e9ld\u00e1ul fejf\u00e1j\u00e1s, mellkasi szor\u00edt\u00e1s, alv\u00e1szavar) \u00e9s a <a href=\"https:\/\/egercoach.hu\/blog\/az-egeszseges-mentalis-allapot-jellemzoi-hogyan-ismerhetjuk-fel\/\">ment\u00e1lis \u00e1llapot<\/a> (szorong\u00e1s, depressz\u00edv hangulat, \u00e9letmin\u0151s\u00e9g) egyszerre ker\u00fclnek nagy\u00edt\u00f3 al\u00e1. A kutat\u00e1sok olyan nemzetk\u00f6zileg bevett m\u00e9r\u0151eszk\u00f6z\u00f6ket haszn\u00e1lnak, mint a <i>PHQ\u201115<\/i> a testi panaszokra \u00e9s a <i>WHO\u20115<\/i> a szubjekt\u00edv j\u00f3ll\u00e9tre. A diz\u00e1jn er\u0151ss\u00e9ge, hogy a gy\u00e1szol\u00f3k adatait a nem gy\u00e1szol\u00f3k adataival vetik \u00f6ssze, \u00e9s t\u00f6bb elemz\u00e9s id\u0151metszetekben \u2013 az els\u0151, a m\u00e1sodik, s\u0151t a harmadik \u00e9vben \u2013 vizsg\u00e1lja, mi v\u00e1ltozik. Ez a fajta id\u0151s\u00edk\u2011\u00e9rz\u00e9kenys\u00e9g seg\u00edt megk\u00fcl\u00f6nb\u00f6ztetni a \u201ekorai\u201d \u00e9s a \u201ek\u00e9s\u0151i\u201d kock\u00e1zatokat. Ilyen h\u00e1tt\u00e9rrel a sz\u00e1raz statisztika hirtelen gyakorlati \u00fatmutat\u00f3v\u00e1 v\u00e1lik: ha tudod, hogy melyik id\u0151szakban mi hajlamos romlani, el\u0151re k\u00e9sz\u00edthetsz <i>realisztikus<\/i> v\u00e9delmi l\u00e9p\u00e9seket.<\/p>\n<h2>Testi t\u00fcnetek a gy\u00e1sz els\u0151 \u00e9v\u00e9ben<\/h2>\n<p>A vesztes\u00e9get k\u00f6vet\u0151 els\u0151 \u00e9v \u2013 f\u0151leg az els\u0151 h\u00f3napok \u2013 a szervezet \u201eriaszt\u00e1si \u00e1llapota\u201d. A hazai adatokban ilyenkor l\u00e1tv\u00e1nyosabban gyarapodnak a testi panaszok: gyakori a gyomorf\u00e1j\u00e1s, fejf\u00e1j\u00e1s, mellkasi szor\u00edt\u00e1s, sz\u00edvdobog\u00e1s\u00e9rz\u00e9s, der\u00e9k\u2011 \u00e9s h\u00e1tf\u00e1j\u00e1s, kimer\u00fclts\u00e9g, l\u00e9gszomj\u2011\u00e9lm\u00e9ny, a libid\u00f3 cs\u00f6kken\u00e9se. Ezeknek a t\u00fcneteknek egy r\u00e9sze term\u00e9szetesen organikus betegs\u00e9ghez is k\u00f6thet\u0151 lehet, ez\u00e9rt az orvosi kivizsg\u00e1l\u00e1s sosem luxus \u2013 de a statisztikai mint\u00e1zat azt sugallja, hogy sok panasz <i>stressz\u00e9lettani<\/i> talajon jelenik meg, \u00e9s szorosan egy\u00fctt mozog a szorong\u00e1ssal \u00e9s a depressz\u00edv t\u00fcnetekkel. Mit kezdesz ezzel a tud\u00e1ssal? Egyr\u00e9szt nem bagatelliz\u00e1lod a tested jelz\u00e9seit (nem \u201ehisztinek\u201d nevezed), m\u00e1sr\u00e9szt nem ijeszted meg magad feleslegesen: tudod, hogy egy \u00e1tmeneti idegrendszeri megterhel\u00e9s lenyomata is lehet. A j\u00f3 gyakorlat: h\u00e1ziorvosi kontroll, c\u00e9lzott kiz\u00e1r\u00f3 vizsg\u00e1latok, \u00e9s p\u00e1rhuzamosan pszich\u00e9s t\u00e1mogat\u00e1s. A kett\u0151 egy\u00fctt hat: ha cs\u00f6kken a bels\u0151 fesz\u00fclts\u00e9g, m\u00e9rs\u00e9kl\u0151dnek a testi panaszok. A r\u00f6vid alv\u00e1s, a rendszertelen \u00e9tkez\u00e9s \u00e9s a mozg\u00e1shi\u00e1ny k\u00fcl\u00f6n feler\u0151s\u00edtheti ezt a panaszspir\u00e1lt, ez\u00e9rt a ritmusos napirend \u00e9s a \u201ekis mozg\u00e1sok\u201d \u2013 s\u00e9ta, k\u00f6nny\u0171 kardiomozg\u00e1s \u2013 nem puszt\u00e1n \u00e9letm\u00f3dtippek, hanem <i>biol\u00f3giai<\/i> v\u00e1laszok a gy\u00e1sz korai terh\u00e9hez.<\/p>\n<h2>Ment\u00e1lis terhel\u00e9s \u00e9s alv\u00e1s: mi l\u00e1tszik a mint\u00e1zatokb\u00f3l<\/h2>\n<p>A gy\u00e1sz ment\u00e1lis k\u00e9pe az els\u0151 \u00e9vben k\u00e9t p\u00f3lusra h\u00faz: fokozott szorong\u00e1s \u00e9s hangulati m\u00e9lypontok. A hazai k\u00f6zlem\u00e9nyek szerint az els\u0151 \u00e9vben a szorong\u00e1sos fesz\u00fclts\u00e9g \u00e9s a depresszi\u00f3 pontsz\u00e1mai \u00e9rdemben magasabbak a gy\u00e1szol\u00f3k k\u00f6r\u00e9ben, mint a nem gy\u00e1szol\u00f3kn\u00e1l. A f\u00e9rfiakn\u00e1l gyakrabban jelennek meg kifejezetten er\u0151s fesz\u00fclts\u00e9g\u2011\u00e9rz\u00e9sek, a n\u0151kn\u00e9l tart\u00f3sabban s\u00e9r\u00fcl a szubjekt\u00edv \u00e9letmin\u0151s\u00e9g. Az alv\u00e1s zavara k\u00fcl\u00f6n fejezet: sokan nyomaszt\u00f3 \u00e1lmokr\u00f3l, hajnali felriad\u00e1sokr\u00f3l sz\u00e1molnak be, f\u00e9rfiakn\u00e1l gyakoribbak a r\u00e9m\u00e1lmok is. Az alv\u00e1smin\u0151s\u00e9g nem \u201emell\u00e9ksz\u00e1l\u201d: nappal romlik a koncentr\u00e1ci\u00f3, az \u00e9rzelmi \u00f6nszab\u00e1lyoz\u00e1s, a teljes\u00edtm\u00e9ny, \u00e9s n\u0151 a baleseti kock\u00e1zat. Ezt gyakorlatban \u00fagy ford\u00edthatod le, hogy nem v\u00e1llalsz extr\u00e9m terhel\u00e9st az els\u0151 hetekben\u2011h\u00f3napokban, \u00e9s modul\u00e1lod az elv\u00e1r\u00e1saidat \u00f6nmagaddal szemben. A \u201ej\u00f3 alv\u00e1shigi\u00e9n\u00e9\u201d nem var\u00e1zssz\u00f3, hanem konkr\u00e9t l\u00e9p\u00e9sek sora: reggeli napf\u00e9ny, d\u00e9lut\u00e1n 4 ut\u00e1n koffein\u2011stop, esti k\u00e9perny\u0151f\u00e9ny cs\u00f6kkent\u00e9se, 20\u201330 perc \u00e1tmenet lefekv\u00e9s el\u0151tt, rendszeres lefekv\u00e9si id\u0151. Ha ez nem el\u00e9g, k\u00e9rj c\u00e9lzott szakseg\u00edts\u00e9get (alv\u00e1smedicina, pszichol\u00f3gus), mert az alv\u00e1s rendez\u00e9se <i>\u00e1tt\u00e9telesen<\/i> az eg\u00e9sz gy\u00e1szfolyamatot stabiliz\u00e1lja.<\/p>\n<h2>Mi t\u00f6rt\u00e9nik a 2\u20133. \u00e9vben? K\u00e9s\u0151i kock\u00e1zatok \u00e9s nemi k\u00fcl\u00f6nbs\u00e9gek<\/h2>\n<p>Fontos t\u00e9ny: a gy\u00e1sz nem \u201em\u00falik el\u201d 12 h\u00f3nap ut\u00e1n, legfeljebb <i>\u00e1talakul<\/i>. A magyar adatok egyik tanuls\u00e1ga, hogy bizonyos viselked\u00e9si kock\u00e1zatok k\u00e9s\u0151bb jelentkeznek. F\u00e9rfiakn\u00e1l a 2. \u00e9vben <i>emelkedhet<\/i> az alkoholhaszn\u00e1lat probl\u00e9m\u00e1s mint\u00e1zata \u2013 nem mindenkin\u00e9l, de kimutathat\u00f3 ar\u00e1nyban. Ennek oka t\u00f6bbt\u00e9nyez\u0151s: t\u00e1rsas enged\u00e9kenys\u00e9g az iv\u00e1ssal kapcsolatban (\u201emeg\u00e9rdemli, ne sz\u00f3ljunk neki\u201d), \u00f6nnyugtat\u00e1si k\u00eds\u00e9rlet, a \u201etartsd magad\u201d norm\u00e1ja, amely elz\u00e1rja az \u00e9rzelmi levezet\u00e9s eg\u00e9szs\u00e9gesebb csatorn\u00e1it. A 2\u20133. \u00e9vben a f\u00e9rfiakn\u00e1l kimutattak <i>fokozott<\/i> k\u00f6zleked\u00e9si baleseti kock\u00e1zatot is: a tart\u00f3s f\u00e1radts\u00e1g, a figyelmi ingadoz\u00e1sok, a leverts\u00e9g \u00e9s a t\u00falzott ingerl\u00e9kenys\u00e9g egy\u00fcttese vesz\u00e9lyes elegyet adhat. N\u0151kn\u00e9l ezzel szemben a szubjekt\u00edv \u00e9letmin\u0151s\u00e9g tart\u00f3sabb roml\u00e1sa figyelhet\u0151 meg; testi szinten p\u00e9ld\u00e1ul a v\u00e9rnyom\u00e1s\u2011emelked\u00e9s kock\u00e1zata n\u0151het az els\u0151 \u00e9v k\u00f6rny\u00e9k\u00e9n. A l\u00e9nyeg: a gy\u00e1sz nem egyetlen hull\u00e1m. Van korai \u00e9rzelmi\u2011testi vihara, \u00e9s vannak k\u00e9s\u0151i, \u201esziv\u00e1rg\u00f3\u201d kock\u00e1zatai. Strat\u00e9giailag ez\u00e9rt nemcsak az els\u0151 3\u20136 h\u00f3napra kell tervet k\u00e9sz\u00edteni, hanem a 12\u201336. h\u00f3napra is: hogyan tartod fenn a kapcsolatot a t\u00e1mogat\u00f3kkal, hogyan \u0151rz\u00f6d az alv\u00e1st \u00e9s a j\u00f3zans\u00e1got (sz\u00f3 szerint), hogyan v\u00e1llalsz vissza fokozatosan felel\u0151ss\u00e9geket an\u00e9lk\u00fcl, hogy lemer\u00edten\u00e9d magad.<\/p>\n<h2>Mit jelentenek ezek a sz\u00e1mok a h\u00e9tk\u00f6znapjaidra?<\/h2>\n<p>Az, hogy a gy\u00e1sz sokszor \u201ea testedben\u201d besz\u00e9l, nem gyenges\u00e9g, hanem biol\u00f3giai reakci\u00f3. A fontos d\u00f6nt\u00e9s az, hogy mit kezdesz ezzel. A gy\u00e1sz els\u0151 \u00e9v\u00e9ben <b>normaliz\u00e1ld<\/b> az \u00e9rzelmi viharokat \u00e9s a testi jelz\u00e9seket an\u00e9lk\u00fcl, hogy romantiz\u00e1ln\u00e1d \u0151ket: menj orvoshoz, ha bizonytalan vagy; k\u00e9rj pszich\u00e9s t\u00e1mogat\u00e1st, ha tart\u00f3s a szorong\u00e1s, a leverts\u00e9g, az alv\u00e1sgond. A 2\u20133. \u00e9vben tudatosan figyelj a \u201ek\u00e9s\u0151i csapd\u00e1kra\u201d: az alkoholra, a vesz\u00e9lyes d\u00f6nt\u00e9sekre (korm\u00e1ny m\u00f6g\u00f6tt is), a fokozatos elszigetel\u0151d\u00e9sre. Ha a k\u00f6rnyezetedben van gy\u00e1szol\u00f3, a legnagyobb aj\u00e1nd\u00e9k nem az els\u0151 h\u00e9ten hozott vir\u00e1g, hanem a <i>systemes<\/i> jelenl\u00e9t: n\u00e9h\u00e1ny hetente egy \u00fczenet, k\u00f6z\u00f6s s\u00e9ta, praktikus seg\u00edts\u00e9g a \u201el\u00e1thatatlan\u201d terhekben. \u00c9s igen: a magyar kult\u00far\u00e1ban id\u0151nk\u00e9nt m\u00e9g \u00e9l az elv\u00e1r\u00e1s, hogy \u201el\u00e9pj t\u00fal\u201d gyorsan. Ezzel b\u00e1tran menj szembe. A gy\u00e1szra <i>nincs<\/i> sztenderd hat\u00e1rid\u0151. Viszont vannak jelz\u00e9sek, amikor \u00e9rdemes szakemberhez fordulni: ha az alv\u00e1sod tart\u00f3san sz\u00e9tesik, ha a munkak\u00e9pess\u00e9ged, a figyelmed vagy a kapcsolataid tart\u00f3san s\u00e9r\u00fclnek, ha gyakoriak az \u00f6nk\u00e1ros\u00edt\u00f3 gondolatok, ha az alkohol vagy gy\u00f3gyszerek lettek a f\u0151 megk\u00fczd\u00e9si eszk\u00f6zeid. Ezek nem \u201ehib\u00e1id\u201d, hanem jelz\u00e9sek arra, hogy t\u00f6bb t\u00e1mogat\u00e1sra van sz\u00fcks\u00e9ged.<\/p>\n<h2>Akci\u00f3terv gy\u00e1szol\u00f3knak \u00e9s hozz\u00e1tartoz\u00f3knak<\/h2>\n<p>Az al\u00e1bbi ellen\u0151rz\u0151lista r\u00f6vid, m\u00e9gis m\u0171k\u00f6d\u0151 \u201ekeretrendszert\u201d ad. \u00c1ll\u00edtsd magadra:<\/p>\n<ul>\n<li><b>Ritmus:<\/b> legal\u00e1bb 2\u20133 fix pont a napban (\u00e9bred\u00e9s, \u00e9tkez\u00e9s, mozg\u00e1s). A ritmus cs\u00f6kkenti a bels\u0151 bizonytalans\u00e1got.<\/li>\n<li><b>Alv\u00e1s:<\/b> reggeli f\u00e9ny, d\u00e9lut\u00e1ni koffein\u2011stop, esti k\u00e9perny\u0151\u2011f\u00e9ny sz\u0171r\u00e9se, k\u00f6vetkezetes lefekv\u00e9s. Ha 2\u20133 h\u00e9t alatt nincs javul\u00e1s, k\u00e9rj seg\u00edts\u00e9get.<\/li>\n<li><b>Testi jelz\u00e9sek:<\/b> \u00faj, heves panasz eset\u00e9n orvosi kontroll; ha <i>negat\u00edv<\/i> a lelet, p\u00e1rhuzamosan pszich\u00e9s t\u00e1mogat\u00e1s, mert a stresszlenyomat val\u00f3di t\u00fcnet.<\/li>\n<li><b>Alkohol:<\/b> a \u201ek\u00e9t s\u00f6r a nyugalom\u00e9rt\u201d piros z\u00e1szl\u00f3. Keress m\u00e1s megnyugv\u00e1si csatorn\u00e1t (mozg\u00e1s, l\u00e9gz\u00e9s, r\u00f6vid relax\u00e1ci\u00f3, besz\u00e9lget\u00e9s).<\/li>\n<li><b>K\u00f6zleked\u00e9s:<\/b> f\u00e1radtan, kialvatlanul ne \u00fclj vol\u00e1n m\u00f6g\u00e9; a 2\u20133. \u00e9vben is l\u00e9gy szigor\u00fabb magaddal id\u0151z\u00edt\u00e9sben \u00e9s tervez\u00e9sben.<\/li>\n<li><b>Kapcsol\u00f3d\u00e1s:<\/b> jel\u00f6lj ki 2\u20133 \u201et\u00e1maszembert\u201d. Id\u0151z\u00edtett \u00fczenetek, s\u00e9t\u00e1k, k\u00f6z\u00f6s teend\u0151k: a strukt\u00fara fel\u00fcl\u00edrja az elszigetel\u0151d\u00e9s hajlam\u00e1t.<\/li>\n<li><b>Ritu\u00e1l\u00e9k:<\/b> szem\u00e9lyes eml\u00e9kez\u00e9s (gyertya, lev\u00e9l, fot\u00f3album) rendszeres\u00edt\u00e9se. A r\u00edtus <i>keretet<\/i> ad az \u00e9rzelmi hull\u00e1moknak.<\/li>\n<\/ul>\n<h2>\u00d6sszefoglal\u00f3 t\u00e1bl\u00e1zat \u2013 jelz\u00e9sek \u00e9s l\u00e9p\u00e9sek<\/h2>\n<table border=\"1\" cellspacing=\"0\" cellpadding=\"6\">\n<thead>\n<tr>\n<th>Ter\u00fclet<\/th>\n<th>Els\u0151 \u00e9v<\/th>\n<th>M\u00e1sodik \u00e9v<\/th>\n<th>Harmadik \u00e9v<\/th>\n<\/tr>\n<\/thead>\n<tbody>\n<tr>\n<td>Testi panaszok (PHQ\u201115)<\/td>\n<td>Gyakori er\u0151s\u00f6d\u00e9s; szorong\u00e1s\/depresszi\u00f3 medi\u00e1lhatja<\/td>\n<td>M\u00e9rs\u00e9kl\u0151dhet, de visszat\u00e9rhet stressz alatt<\/td>\n<td>Eseti fell\u00e1ngol\u00e1s; \u00e9letm\u00f3d \u00e9s t\u00e1mogat\u00e1s befoly\u00e1solja<\/td>\n<\/tr>\n<tr>\n<td>Alv\u00e1s<\/td>\n<td>Nyugtalan \u00e1lmok, felriad\u00e1sok, r\u00e9m\u00e1lmok<\/td>\n<td>Javulhat, de visszaes\u00e9s rizik\u00f3ja fenn\u00e1ll<\/td>\n<td>Stabiliz\u00e1lhat\u00f3 k\u00f6vetkezetes alv\u00e1shigi\u00e9n\u00e9vel<\/td>\n<\/tr>\n<tr>\n<td>Alkoholfogyaszt\u00e1s<\/td>\n<td>\u00d6nszab\u00e1lyoz\u00e1s s\u00e9r\u00fclhet, de nem mindig n\u0151<\/td>\n<td>F\u00e9rfiakn\u00e1l gyakrabban v\u00e1lik probl\u00e9m\u00e1ss\u00e1<\/td>\n<td>Fenntartott figyelem sz\u00fcks\u00e9ges<\/td>\n<\/tr>\n<tr>\n<td>K\u00f6zleked\u00e9si kock\u00e1zat<\/td>\n<td>Alv\u00e1s\/figyelem miatt n\u0151het<\/td>\n<td>F\u00e9rfiakn\u00e1l emelkedett kock\u00e1zat jelezhet\u0151<\/td>\n<td>Kock\u00e1zat cs\u00f6kkenthet\u0151 tudatos napirenddel<\/td>\n<\/tr>\n<\/tbody>\n<\/table>\n<h2>Etikai \u00e9s szociol\u00f3giai kitekint\u00e9s<\/h2>\n<p>A gy\u00e1szt ma gyakran \u201eegy\u00e9ni projektk\u00e9nt\u201d kezelj\u00fck: mindenkinek a saj\u00e1t ritmusa, \u00fatja, eszk\u00f6zei. Ez el\u0151rel\u00e9p\u00e9s az egyenruhaszer\u0171 gy\u00e1szr\u00edtusokhoz k\u00e9pest, de hoz mell\u00e9khat\u00e1st: a csendes elv\u00e1r\u00e1st, hogy \u201eint\u00e9zd el magad\u201d. A magyar adatok m\u00f6g\u00f6tt t\u00e1rsadalmi szok\u00e1sok \u00e1llnak: f\u00e9rfiakn\u00e1l nagyobb tolerancia a \u201efoly\u00e9kony megold\u00e1sokra\u201d, n\u0151kn\u00e9l rejtett tehermegoszt\u00e1s, \u201etartani a csal\u00e1dot\u201d narrat\u00edv\u00e1ja. Ezt nem tudom\u00e1nyos t\u00e1vols\u00e1gb\u00f3l, hanem gyakorlatb\u00f3l mondom: ha a k\u00f6rnyezet azt \u00fczeni, hogy a gy\u00e1sz r\u00f6vid \u00e9s diszkr\u00e9t legyen, akkor n\u0151 a k\u00e9s\u0151i kock\u00e1zatok es\u00e9lye. A jobb kult\u00far\u2011v\u00e1lasz az, ha egyszerre engedj\u00fck az egy\u00e9ni ritmust \u00e9s <i>normaliz\u00e1ljuk<\/i> a seg\u00edts\u00e9gk\u00e9r\u00e9st. A vesztes\u00e9gk\u00f6z\u00f6ss\u00e9gek (\u00f6nseg\u00edt\u0151 csoportok, gy\u00e1szcsoportok), a nyilv\u00e1nos megeml\u00e9kez\u00e9sek, a szem\u00e9lyes ritu\u00e1l\u00e9k mind azt \u00fczenik: a gy\u00e1sz nem sz\u00e9gyen, hanem a szeretet \u00e1ra. \u00c9s ha \u00edgy n\u00e9zz\u00fck, nem gyeng\u00edt\u00fcnk, hanem tart\u00f3san er\u0151s\u00edt\u00fcnk.<\/p>\n<blockquote><p>\u201eA gy\u00e1sz nem m\u00falik el id\u0151re. De ha teret adsz neki, ritmust adsz magadnak, \u00e9s seg\u00edts\u00e9get k\u00e9rsz id\u0151ben, akkor nem vezet lejt\u0151re. A f\u00e1jdalomb\u00f3l \u00edgy lesz tart\u00e1s.\u201d \u2013 Dajka G\u00e1bor<\/p><\/blockquote>\n<h2>Dajka G\u00e1bor business coach szerint<\/h2>\n<p>\u00c1ll\u00edtom: a gy\u00e1sz <i>vezet\u00e9si<\/i> k\u00e9rd\u00e9s is \u2013 \u00f6nmagad vezet\u00e9s\u00e9\u00e9. Nem az a c\u00e9l, hogy ne \u00e9rezz, hanem hogy felel\u0151sen b\u00e1nj azzal, amit \u00e9rzel. A kutat\u00e1si adatok nem j\u00e9ghideg grafikonok: t\u00e9rk\u00e9pek, amelyek azt mutatj\u00e1k, mikor melyik kanyarban cs\u00fasz\u00f3sabb az \u00fat. Az els\u0151 \u00e9vben az idegrendszered jelz\u00e9seire hallgass, \u00e9s vond be a tested (alv\u00e1s, mozg\u00e1s, \u00e9tkez\u00e9s). A m\u00e1sodik\u2013harmadik \u00e9vben ne engedd, hogy a \u201ej\u00f3 leszek \u00e9n\u201d hozz\u00e1\u00e1ll\u00e1s helyettes\u00edtse a j\u00f3zans\u00e1got \u2013 k\u00fcl\u00f6n\u00f6sen ne alkohollal vagy rohan\u00e1ssal. \u00c9s igen: merj seg\u00edts\u00e9get k\u00e9rni. A <i>felel\u0151ss\u00e9g<\/i> nem az, hogy egyed\u00fcl b\u00edrod ki, hanem hogy id\u0151ben \u00e9s okosan v\u00e1lasztasz eszk\u00f6zt \u00e9s embert. Aki ebben a szeml\u00e9letben gy\u00e1szol, az nemcsak t\u00fal\u00e9l, hanem hossz\u00fa t\u00e1von meger\u0151s\u00f6dik \u2013 \u00e9s ez nem szlogen, hanem tapasztalat.<\/p>\n<h2>Szak\u00e9rt\u0151 v\u00e1laszol \u2013 GYIK<\/h2>\n<h3>Mikor \u201enorm\u00e1lis\u201d a gy\u00e1sz, \u00e9s mikor besz\u00e9l\u00fcnk elh\u00faz\u00f3d\u00f3 gy\u00e1szr\u00f3l?<\/h3>\n<p>A gy\u00e1sz term\u00e9szetes folyamat, nincs r\u00e1 egys\u00e9ges hat\u00e1rid\u0151. Elh\u00faz\u00f3d\u00f3 gy\u00e1szra akkor gyanakodunk, ha a vesztes\u00e9ghez k\u00f6thet\u0151 intenz\u00edv f\u00e1jdalom, funkci\u00f3roml\u00e1s (munka, alv\u00e1s, kapcsolatok) h\u00f3napok \u00f3ta minim\u00e1lisan sem enyh\u00fcl, \u00e9s a mindennapi \u00e9letet tart\u00f3san ellehetetlen\u00edti. Ilyenkor c\u00e9lzott szakseg\u00edts\u00e9g (gy\u00e1szter\u00e1pia, pszichol\u00f3gus, pszichi\u00e1ter) indokolt.<\/p>\n<h3>Mit tegyek, ha a gy\u00e1szom \u201etesti t\u00fcnetekben\u201d besz\u00e9l?<\/h3>\n<p>K\u00e9t l\u00e9p\u00e9s: el\u0151sz\u00f6r orvosi kiz\u00e1r\u00e1s (mert a komoly betegs\u00e9geket nem hagyjuk figyelmen k\u00edv\u00fcl), majd pszich\u00e9s t\u00e1mogat\u00e1s, \u00e9letm\u00f3drendez\u00e9s. A kutat\u00e1sok szerint a szorong\u00e1s \u00e9s a depressz\u00edv t\u00fcnetek gyakran k\u00f6zvet\u00edtik a testi panaszokat; ha ezeket cs\u00f6kkented, a test is megnyugszik.<\/p>\n<h3>Val\u00f3ban nagyobb az alkoholprobl\u00e9ma kock\u00e1zata f\u00e9rfiakn\u00e1l a 2. \u00e9vben?<\/h3>\n<p>A hazai publik\u00e1ci\u00f3k ezt a tendenci\u00e1t jelzik. Nem t\u00f6rv\u00e9nyszer\u0171, de <i>mint\u00e1zat<\/i>. A megel\u0151z\u00e9s az, ha alternat\u00edv fesz\u00fclts\u00e9gcs\u00f6kkent\u00e9st \u00e9p\u00edtesz (mozg\u00e1s, struktur\u00e1lt napirend, t\u00e1rsas t\u00e1masz) \u00e9s id\u0151ben jelzed a k\u00f6rnyezetednek, hogy az \u201eegy ital a megnyugv\u00e1s\u00e9rt\u201d n\u00e1lad most nem f\u00e9r bele.<\/p>\n<h3>Munkaad\u00f3k\u00e9nt mit tehetek egy gy\u00e1szol\u00f3 koll\u00e9g\u00e1\u00e9rt a magyar k\u00f6rnyezetben?<\/h3>\n<p>Adj id\u0151t \u00e9s rugalmass\u00e1got az els\u0151 h\u00f3napokban (munkaid\u0151, terhel\u00e9s), jel\u00f6lj ki bizalmi kapcsolatot (HR\/vezet\u0151), \u00e9s az els\u0151 \u00e9v ut\u00e1n is t\u00e9rj vissza a t\u00e9m\u00e1ra (2\u20133. \u00e9v!). K\u00edn\u00e1lj fel anonim tan\u00e1csad\u00e1st, \u00e9s ne jutalmazd a \u201eh\u0151sies t\u00falterhel\u00e9st\u201d. A hossz\u00fa t\u00e1v\u00fa lojalit\u00e1s \u00edgy \u00e9p\u00fcl.<\/p>\n<h3>A k\u00f6z\u00f6ss\u00e9gi m\u00e9di\u00e1s \u201eeml\u00e9kposztok\u201d seg\u00edtenek vagy \u00e1rtanak?<\/h3>\n<p>Att\u00f3l f\u00fcgg, mire haszn\u00e1lod. Ha r\u00edtust \u00e9s t\u00e1maszt ad, seg\u00edt. Ha a reakci\u00f3k vad\u00e1szata vagy a f\u00e1jdalom \u00fajra \u00e9s \u00fajra felkorb\u00e1csol\u00e1sa a c\u00e9lja, ink\u00e1bb \u00e1rt. \u00c1ll\u00edtsd be tudatosan a l\u00e1that\u00f3s\u00e1got, \u00e9s tartsd k\u00e9zben a ritmust: a gy\u00e1sz tere <i>els\u0151sorban<\/i> offline.<\/p>\n<h2>Forr\u00e1sok<\/h2>\n<ul>\n<li><a href=\"https:\/\/bmcprimcare.biomedcentral.com\/articles\/10.1186\/1471-2296-13-59\" target=\"_blank\" rel=\"noopener\">Pilling J., Major J., Csoboth C., V\u00f6r\u00f6s V., Sipos K. (2012): Mediators between bereavement and somatic symptoms \u2013 BMC Primary Care<\/a><\/li>\n<li><a href=\"https:\/\/substanceabusepolicy.biomedcentral.com\/articles\/10.1186\/1747-597X-7-3\" target=\"_blank\" rel=\"noopener\">Pilling J., Major J., et al. (2012): Alcohol use in the first three years of bereavement: a national representative survey \u2013 Substance Abuse Treatment, Prevention, and Policy<\/a><\/li>\n<li>Kopp M., Kov\u00e1cs M. E. (szerk.): A Hungarostudy 2002 \u00e9s 2006 k\u00e9rd\u0151\u00edvei (Semmelweis Kiad\u00f3 \u2013 ingyenesen let\u00f6lthet\u0151 PDF fejezetek)<\/li>\n<\/ul>\n","protected":false},"excerpt":{"rendered":"<p>A gy\u00e1sz nem \u201emag\u00e1n\u00fcgy\u201d. Hat\u00e1ssal van az eg\u00e9sz testedre, a figyelmedre, a d\u00f6nt\u00e9seidre, a kock\u00e1zatv\u00e1llal\u00e1sodra, a szok\u00e1saidra. Amikor ezt kimondjuk, nem a f\u00e1jdalom \u201emedikaliz\u00e1l\u00e1sa\u201d a c\u00e9l, hanem a val\u00f3s\u00e1g pontosabb l\u00e1t\u00e1sa: a vesztes\u00e9g nemcsak \u00e9rzelmi megr\u00e1zk\u00f3dtat\u00e1s, hanem \u00e1tmeneti biol\u00f3giai \u00e9s viselked\u00e9ses \u201e\u00fajradr\u00f3tol\u00e1s\u201d is. A hazai tapasztalatok ezt vil\u00e1gosan mutatj\u00e1k. A Semmelweis Egyetemhez k\u00f6t\u0151d\u0151 orsz\u00e1gos reprezentat\u00edv&#8230;<\/p>\n","protected":false},"author":1,"featured_media":143,"comment_status":"closed","ping_status":"open","sticky":false,"template":"","format":"standard","meta":{"footnotes":""},"categories":[4],"tags":[],"class_list":["post-142","post","type-post","status-publish","format-standard","has-post-thumbnail","hentry","category-gyaszfeldolgozas-egerben"],"yoast_head":"<!-- This site is optimized with the Yoast SEO plugin v27.5 - https:\/\/yoast.com\/product\/yoast-seo-wordpress\/ -->\n<title>A gy\u00e1sz hat\u00e1sa az eg\u00e9szs\u00e9gre: kutat\u00e1si eredm\u00e9nyek<\/title>\n<meta name=\"robots\" content=\"index, follow, max-snippet:-1, max-image-preview:large, max-video-preview:-1\" \/>\n<link rel=\"canonical\" href=\"https:\/\/egercoach.hu\/blog\/a-gyasz-hatasa-az-egeszsegre-atfogo-kutatas-eredmenyei\/\" \/>\n<meta property=\"og:locale\" content=\"hu_HU\" \/>\n<meta property=\"og:type\" content=\"article\" \/>\n<meta property=\"og:title\" content=\"A gy\u00e1sz hat\u00e1sa az eg\u00e9szs\u00e9gre: kutat\u00e1si eredm\u00e9nyek\" \/>\n<meta property=\"og:description\" content=\"A gy\u00e1sz nem \u201emag\u00e1n\u00fcgy\u201d. Hat\u00e1ssal van az eg\u00e9sz testedre, a figyelmedre, a d\u00f6nt\u00e9seidre, a kock\u00e1zatv\u00e1llal\u00e1sodra, a szok\u00e1saidra. Amikor ezt kimondjuk, nem a f\u00e1jdalom \u201emedikaliz\u00e1l\u00e1sa\u201d a c\u00e9l, hanem a val\u00f3s\u00e1g pontosabb l\u00e1t\u00e1sa: a vesztes\u00e9g nemcsak \u00e9rzelmi megr\u00e1zk\u00f3dtat\u00e1s, hanem \u00e1tmeneti biol\u00f3giai \u00e9s viselked\u00e9ses \u201e\u00fajradr\u00f3tol\u00e1s\u201d is. A hazai tapasztalatok ezt vil\u00e1gosan mutatj\u00e1k. A Semmelweis Egyetemhez k\u00f6t\u0151d\u0151 orsz\u00e1gos reprezentat\u00edv...\" \/>\n<meta property=\"og:url\" content=\"https:\/\/egercoach.hu\/blog\/a-gyasz-hatasa-az-egeszsegre-atfogo-kutatas-eredmenyei\/\" \/>\n<meta property=\"og:site_name\" content=\"Az Egri Coach Blogja\" \/>\n<meta property=\"article:publisher\" content=\"https:\/\/www.facebook.com\/eger.coach\" \/>\n<meta property=\"article:published_time\" content=\"2024-08-10T08:31:48+00:00\" \/>\n<meta property=\"article:modified_time\" content=\"2025-10-12T13:23:21+00:00\" \/>\n<meta property=\"og:image\" content=\"https:\/\/egercoach.hu\/blog\/wp-content\/uploads\/2024\/08\/depressed-middle-aged-man-grapples-with-grief-sitting-at-home.jpg\" \/>\n\t<meta property=\"og:image:width\" content=\"1500\" \/>\n\t<meta property=\"og:image:height\" content=\"1001\" \/>\n\t<meta property=\"og:image:type\" content=\"image\/jpeg\" \/>\n<meta name=\"author\" content=\"Dajka G\u00e1bor\" \/>\n<meta name=\"twitter:card\" content=\"summary_large_image\" \/>\n<meta name=\"twitter:label1\" content=\"Szerz\u0151:\" \/>\n\t<meta name=\"twitter:data1\" content=\"Dajka G\u00e1bor\" \/>\n\t<meta name=\"twitter:label2\" content=\"Becs\u00fclt olvas\u00e1si id\u0151\" \/>\n\t<meta name=\"twitter:data2\" content=\"10 perc\" \/>\n<script type=\"application\/ld+json\" class=\"yoast-schema-graph\">{\"@context\":\"https:\\\/\\\/schema.org\",\"@graph\":[{\"@type\":\"Article\",\"@id\":\"https:\\\/\\\/egercoach.hu\\\/blog\\\/a-gyasz-hatasa-az-egeszsegre-atfogo-kutatas-eredmenyei\\\/#article\",\"isPartOf\":{\"@id\":\"https:\\\/\\\/egercoach.hu\\\/blog\\\/a-gyasz-hatasa-az-egeszsegre-atfogo-kutatas-eredmenyei\\\/\"},\"author\":{\"name\":\"Dajka G\u00e1bor\",\"@id\":\"https:\\\/\\\/egercoach.hu\\\/blog\\\/#\\\/schema\\\/person\\\/afc73367aa314ca33a9c8d3b88dce6e7\"},\"headline\":\"A gy\u00e1sz hat\u00e1sa az eg\u00e9szs\u00e9gre: kutat\u00e1si eredm\u00e9nyek\",\"datePublished\":\"2024-08-10T08:31:48+00:00\",\"dateModified\":\"2025-10-12T13:23:21+00:00\",\"mainEntityOfPage\":{\"@id\":\"https:\\\/\\\/egercoach.hu\\\/blog\\\/a-gyasz-hatasa-az-egeszsegre-atfogo-kutatas-eredmenyei\\\/\"},\"wordCount\":2745,\"publisher\":{\"@id\":\"https:\\\/\\\/egercoach.hu\\\/blog\\\/#organization\"},\"image\":{\"@id\":\"https:\\\/\\\/egercoach.hu\\\/blog\\\/a-gyasz-hatasa-az-egeszsegre-atfogo-kutatas-eredmenyei\\\/#primaryimage\"},\"thumbnailUrl\":\"https:\\\/\\\/egercoach.hu\\\/blog\\\/wp-content\\\/uploads\\\/2024\\\/08\\\/depressed-middle-aged-man-grapples-with-grief-sitting-at-home.jpg\",\"articleSection\":[\"Gy\u00e1szfeldolgoz\u00e1s Egerben\"],\"inLanguage\":\"hu\"},{\"@type\":\"WebPage\",\"@id\":\"https:\\\/\\\/egercoach.hu\\\/blog\\\/a-gyasz-hatasa-az-egeszsegre-atfogo-kutatas-eredmenyei\\\/\",\"url\":\"https:\\\/\\\/egercoach.hu\\\/blog\\\/a-gyasz-hatasa-az-egeszsegre-atfogo-kutatas-eredmenyei\\\/\",\"name\":\"A gy\u00e1sz hat\u00e1sa az eg\u00e9szs\u00e9gre: kutat\u00e1si eredm\u00e9nyek\",\"isPartOf\":{\"@id\":\"https:\\\/\\\/egercoach.hu\\\/blog\\\/#website\"},\"primaryImageOfPage\":{\"@id\":\"https:\\\/\\\/egercoach.hu\\\/blog\\\/a-gyasz-hatasa-az-egeszsegre-atfogo-kutatas-eredmenyei\\\/#primaryimage\"},\"image\":{\"@id\":\"https:\\\/\\\/egercoach.hu\\\/blog\\\/a-gyasz-hatasa-az-egeszsegre-atfogo-kutatas-eredmenyei\\\/#primaryimage\"},\"thumbnailUrl\":\"https:\\\/\\\/egercoach.hu\\\/blog\\\/wp-content\\\/uploads\\\/2024\\\/08\\\/depressed-middle-aged-man-grapples-with-grief-sitting-at-home.jpg\",\"datePublished\":\"2024-08-10T08:31:48+00:00\",\"dateModified\":\"2025-10-12T13:23:21+00:00\",\"breadcrumb\":{\"@id\":\"https:\\\/\\\/egercoach.hu\\\/blog\\\/a-gyasz-hatasa-az-egeszsegre-atfogo-kutatas-eredmenyei\\\/#breadcrumb\"},\"inLanguage\":\"hu\",\"potentialAction\":[{\"@type\":\"ReadAction\",\"target\":[\"https:\\\/\\\/egercoach.hu\\\/blog\\\/a-gyasz-hatasa-az-egeszsegre-atfogo-kutatas-eredmenyei\\\/\"]}]},{\"@type\":\"ImageObject\",\"inLanguage\":\"hu\",\"@id\":\"https:\\\/\\\/egercoach.hu\\\/blog\\\/a-gyasz-hatasa-az-egeszsegre-atfogo-kutatas-eredmenyei\\\/#primaryimage\",\"url\":\"https:\\\/\\\/egercoach.hu\\\/blog\\\/wp-content\\\/uploads\\\/2024\\\/08\\\/depressed-middle-aged-man-grapples-with-grief-sitting-at-home.jpg\",\"contentUrl\":\"https:\\\/\\\/egercoach.hu\\\/blog\\\/wp-content\\\/uploads\\\/2024\\\/08\\\/depressed-middle-aged-man-grapples-with-grief-sitting-at-home.jpg\",\"width\":1500,\"height\":1001,\"caption\":\"Depressed middle aged man grapples with grief sitting at home\"},{\"@type\":\"BreadcrumbList\",\"@id\":\"https:\\\/\\\/egercoach.hu\\\/blog\\\/a-gyasz-hatasa-az-egeszsegre-atfogo-kutatas-eredmenyei\\\/#breadcrumb\",\"itemListElement\":[{\"@type\":\"ListItem\",\"position\":1,\"name\":\"Kezd\u0151lap\",\"item\":\"https:\\\/\\\/egercoach.hu\\\/blog\\\/\"},{\"@type\":\"ListItem\",\"position\":2,\"name\":\"A gy\u00e1sz hat\u00e1sa az eg\u00e9szs\u00e9gre: kutat\u00e1si eredm\u00e9nyek\"}]},{\"@type\":\"WebSite\",\"@id\":\"https:\\\/\\\/egercoach.hu\\\/blog\\\/#website\",\"url\":\"https:\\\/\\\/egercoach.hu\\\/blog\\\/\",\"name\":\"Eger Coach Blog\",\"description\":\"\",\"publisher\":{\"@id\":\"https:\\\/\\\/egercoach.hu\\\/blog\\\/#organization\"},\"potentialAction\":[{\"@type\":\"SearchAction\",\"target\":{\"@type\":\"EntryPoint\",\"urlTemplate\":\"https:\\\/\\\/egercoach.hu\\\/blog\\\/?s={search_term_string}\"},\"query-input\":{\"@type\":\"PropertyValueSpecification\",\"valueRequired\":true,\"valueName\":\"search_term_string\"}}],\"inLanguage\":\"hu\"},{\"@type\":\"Organization\",\"@id\":\"https:\\\/\\\/egercoach.hu\\\/blog\\\/#organization\",\"name\":\"Eger Coach Blog\",\"url\":\"https:\\\/\\\/egercoach.hu\\\/blog\\\/\",\"logo\":{\"@type\":\"ImageObject\",\"inLanguage\":\"hu\",\"@id\":\"https:\\\/\\\/egercoach.hu\\\/blog\\\/#\\\/schema\\\/logo\\\/image\\\/\",\"url\":\"https:\\\/\\\/egercoach.hu\\\/blog\\\/wp-content\\\/uploads\\\/2025\\\/05\\\/cropped-Eger.png\",\"contentUrl\":\"https:\\\/\\\/egercoach.hu\\\/blog\\\/wp-content\\\/uploads\\\/2025\\\/05\\\/cropped-Eger.png\",\"width\":500,\"height\":169,\"caption\":\"Eger Coach Blog\"},\"image\":{\"@id\":\"https:\\\/\\\/egercoach.hu\\\/blog\\\/#\\\/schema\\\/logo\\\/image\\\/\"},\"sameAs\":[\"https:\\\/\\\/www.facebook.com\\\/eger.coach\"]},{\"@type\":\"Person\",\"@id\":\"https:\\\/\\\/egercoach.hu\\\/blog\\\/#\\\/schema\\\/person\\\/afc73367aa314ca33a9c8d3b88dce6e7\",\"name\":\"Dajka G\u00e1bor\",\"image\":{\"@type\":\"ImageObject\",\"inLanguage\":\"hu\",\"@id\":\"https:\\\/\\\/secure.gravatar.com\\\/avatar\\\/81566ea1e2b3466baa03e9bdcdaa835f58564d8be90057a45f3e61711dc8a063?s=96&d=mm&r=g\",\"url\":\"https:\\\/\\\/secure.gravatar.com\\\/avatar\\\/81566ea1e2b3466baa03e9bdcdaa835f58564d8be90057a45f3e61711dc8a063?s=96&d=mm&r=g\",\"contentUrl\":\"https:\\\/\\\/secure.gravatar.com\\\/avatar\\\/81566ea1e2b3466baa03e9bdcdaa835f58564d8be90057a45f3e61711dc8a063?s=96&d=mm&r=g\",\"caption\":\"Dajka G\u00e1bor\"},\"sameAs\":[\"https:\\\/\\\/egercoach.hu\\\/blog\"],\"url\":\"https:\\\/\\\/egercoach.hu\\\/blog\\\/author\\\/adminka\\\/\"}]}<\/script>\n<!-- \/ Yoast SEO plugin. -->","yoast_head_json":{"title":"A gy\u00e1sz hat\u00e1sa az eg\u00e9szs\u00e9gre: kutat\u00e1si eredm\u00e9nyek","robots":{"index":"index","follow":"follow","max-snippet":"max-snippet:-1","max-image-preview":"max-image-preview:large","max-video-preview":"max-video-preview:-1"},"canonical":"https:\/\/egercoach.hu\/blog\/a-gyasz-hatasa-az-egeszsegre-atfogo-kutatas-eredmenyei\/","og_locale":"hu_HU","og_type":"article","og_title":"A gy\u00e1sz hat\u00e1sa az eg\u00e9szs\u00e9gre: kutat\u00e1si eredm\u00e9nyek","og_description":"A gy\u00e1sz nem \u201emag\u00e1n\u00fcgy\u201d. Hat\u00e1ssal van az eg\u00e9sz testedre, a figyelmedre, a d\u00f6nt\u00e9seidre, a kock\u00e1zatv\u00e1llal\u00e1sodra, a szok\u00e1saidra. Amikor ezt kimondjuk, nem a f\u00e1jdalom \u201emedikaliz\u00e1l\u00e1sa\u201d a c\u00e9l, hanem a val\u00f3s\u00e1g pontosabb l\u00e1t\u00e1sa: a vesztes\u00e9g nemcsak \u00e9rzelmi megr\u00e1zk\u00f3dtat\u00e1s, hanem \u00e1tmeneti biol\u00f3giai \u00e9s viselked\u00e9ses \u201e\u00fajradr\u00f3tol\u00e1s\u201d is. A hazai tapasztalatok ezt vil\u00e1gosan mutatj\u00e1k. A Semmelweis Egyetemhez k\u00f6t\u0151d\u0151 orsz\u00e1gos reprezentat\u00edv...","og_url":"https:\/\/egercoach.hu\/blog\/a-gyasz-hatasa-az-egeszsegre-atfogo-kutatas-eredmenyei\/","og_site_name":"Az Egri Coach Blogja","article_publisher":"https:\/\/www.facebook.com\/eger.coach","article_published_time":"2024-08-10T08:31:48+00:00","article_modified_time":"2025-10-12T13:23:21+00:00","og_image":[{"width":1500,"height":1001,"url":"https:\/\/egercoach.hu\/blog\/wp-content\/uploads\/2024\/08\/depressed-middle-aged-man-grapples-with-grief-sitting-at-home.jpg","type":"image\/jpeg"}],"author":"Dajka G\u00e1bor","twitter_card":"summary_large_image","twitter_misc":{"Szerz\u0151:":"Dajka G\u00e1bor","Becs\u00fclt olvas\u00e1si id\u0151":"10 perc"},"schema":{"@context":"https:\/\/schema.org","@graph":[{"@type":"Article","@id":"https:\/\/egercoach.hu\/blog\/a-gyasz-hatasa-az-egeszsegre-atfogo-kutatas-eredmenyei\/#article","isPartOf":{"@id":"https:\/\/egercoach.hu\/blog\/a-gyasz-hatasa-az-egeszsegre-atfogo-kutatas-eredmenyei\/"},"author":{"name":"Dajka G\u00e1bor","@id":"https:\/\/egercoach.hu\/blog\/#\/schema\/person\/afc73367aa314ca33a9c8d3b88dce6e7"},"headline":"A gy\u00e1sz hat\u00e1sa az eg\u00e9szs\u00e9gre: kutat\u00e1si eredm\u00e9nyek","datePublished":"2024-08-10T08:31:48+00:00","dateModified":"2025-10-12T13:23:21+00:00","mainEntityOfPage":{"@id":"https:\/\/egercoach.hu\/blog\/a-gyasz-hatasa-az-egeszsegre-atfogo-kutatas-eredmenyei\/"},"wordCount":2745,"publisher":{"@id":"https:\/\/egercoach.hu\/blog\/#organization"},"image":{"@id":"https:\/\/egercoach.hu\/blog\/a-gyasz-hatasa-az-egeszsegre-atfogo-kutatas-eredmenyei\/#primaryimage"},"thumbnailUrl":"https:\/\/egercoach.hu\/blog\/wp-content\/uploads\/2024\/08\/depressed-middle-aged-man-grapples-with-grief-sitting-at-home.jpg","articleSection":["Gy\u00e1szfeldolgoz\u00e1s Egerben"],"inLanguage":"hu"},{"@type":"WebPage","@id":"https:\/\/egercoach.hu\/blog\/a-gyasz-hatasa-az-egeszsegre-atfogo-kutatas-eredmenyei\/","url":"https:\/\/egercoach.hu\/blog\/a-gyasz-hatasa-az-egeszsegre-atfogo-kutatas-eredmenyei\/","name":"A gy\u00e1sz hat\u00e1sa az eg\u00e9szs\u00e9gre: kutat\u00e1si eredm\u00e9nyek","isPartOf":{"@id":"https:\/\/egercoach.hu\/blog\/#website"},"primaryImageOfPage":{"@id":"https:\/\/egercoach.hu\/blog\/a-gyasz-hatasa-az-egeszsegre-atfogo-kutatas-eredmenyei\/#primaryimage"},"image":{"@id":"https:\/\/egercoach.hu\/blog\/a-gyasz-hatasa-az-egeszsegre-atfogo-kutatas-eredmenyei\/#primaryimage"},"thumbnailUrl":"https:\/\/egercoach.hu\/blog\/wp-content\/uploads\/2024\/08\/depressed-middle-aged-man-grapples-with-grief-sitting-at-home.jpg","datePublished":"2024-08-10T08:31:48+00:00","dateModified":"2025-10-12T13:23:21+00:00","breadcrumb":{"@id":"https:\/\/egercoach.hu\/blog\/a-gyasz-hatasa-az-egeszsegre-atfogo-kutatas-eredmenyei\/#breadcrumb"},"inLanguage":"hu","potentialAction":[{"@type":"ReadAction","target":["https:\/\/egercoach.hu\/blog\/a-gyasz-hatasa-az-egeszsegre-atfogo-kutatas-eredmenyei\/"]}]},{"@type":"ImageObject","inLanguage":"hu","@id":"https:\/\/egercoach.hu\/blog\/a-gyasz-hatasa-az-egeszsegre-atfogo-kutatas-eredmenyei\/#primaryimage","url":"https:\/\/egercoach.hu\/blog\/wp-content\/uploads\/2024\/08\/depressed-middle-aged-man-grapples-with-grief-sitting-at-home.jpg","contentUrl":"https:\/\/egercoach.hu\/blog\/wp-content\/uploads\/2024\/08\/depressed-middle-aged-man-grapples-with-grief-sitting-at-home.jpg","width":1500,"height":1001,"caption":"Depressed middle aged man grapples with grief sitting at home"},{"@type":"BreadcrumbList","@id":"https:\/\/egercoach.hu\/blog\/a-gyasz-hatasa-az-egeszsegre-atfogo-kutatas-eredmenyei\/#breadcrumb","itemListElement":[{"@type":"ListItem","position":1,"name":"Kezd\u0151lap","item":"https:\/\/egercoach.hu\/blog\/"},{"@type":"ListItem","position":2,"name":"A gy\u00e1sz hat\u00e1sa az eg\u00e9szs\u00e9gre: kutat\u00e1si eredm\u00e9nyek"}]},{"@type":"WebSite","@id":"https:\/\/egercoach.hu\/blog\/#website","url":"https:\/\/egercoach.hu\/blog\/","name":"Eger Coach Blog","description":"","publisher":{"@id":"https:\/\/egercoach.hu\/blog\/#organization"},"potentialAction":[{"@type":"SearchAction","target":{"@type":"EntryPoint","urlTemplate":"https:\/\/egercoach.hu\/blog\/?s={search_term_string}"},"query-input":{"@type":"PropertyValueSpecification","valueRequired":true,"valueName":"search_term_string"}}],"inLanguage":"hu"},{"@type":"Organization","@id":"https:\/\/egercoach.hu\/blog\/#organization","name":"Eger Coach Blog","url":"https:\/\/egercoach.hu\/blog\/","logo":{"@type":"ImageObject","inLanguage":"hu","@id":"https:\/\/egercoach.hu\/blog\/#\/schema\/logo\/image\/","url":"https:\/\/egercoach.hu\/blog\/wp-content\/uploads\/2025\/05\/cropped-Eger.png","contentUrl":"https:\/\/egercoach.hu\/blog\/wp-content\/uploads\/2025\/05\/cropped-Eger.png","width":500,"height":169,"caption":"Eger Coach Blog"},"image":{"@id":"https:\/\/egercoach.hu\/blog\/#\/schema\/logo\/image\/"},"sameAs":["https:\/\/www.facebook.com\/eger.coach"]},{"@type":"Person","@id":"https:\/\/egercoach.hu\/blog\/#\/schema\/person\/afc73367aa314ca33a9c8d3b88dce6e7","name":"Dajka G\u00e1bor","image":{"@type":"ImageObject","inLanguage":"hu","@id":"https:\/\/secure.gravatar.com\/avatar\/81566ea1e2b3466baa03e9bdcdaa835f58564d8be90057a45f3e61711dc8a063?s=96&d=mm&r=g","url":"https:\/\/secure.gravatar.com\/avatar\/81566ea1e2b3466baa03e9bdcdaa835f58564d8be90057a45f3e61711dc8a063?s=96&d=mm&r=g","contentUrl":"https:\/\/secure.gravatar.com\/avatar\/81566ea1e2b3466baa03e9bdcdaa835f58564d8be90057a45f3e61711dc8a063?s=96&d=mm&r=g","caption":"Dajka G\u00e1bor"},"sameAs":["https:\/\/egercoach.hu\/blog"],"url":"https:\/\/egercoach.hu\/blog\/author\/adminka\/"}]}},"_links":{"self":[{"href":"https:\/\/egercoach.hu\/blog\/wp-json\/wp\/v2\/posts\/142","targetHints":{"allow":["GET"]}}],"collection":[{"href":"https:\/\/egercoach.hu\/blog\/wp-json\/wp\/v2\/posts"}],"about":[{"href":"https:\/\/egercoach.hu\/blog\/wp-json\/wp\/v2\/types\/post"}],"author":[{"embeddable":true,"href":"https:\/\/egercoach.hu\/blog\/wp-json\/wp\/v2\/users\/1"}],"replies":[{"embeddable":true,"href":"https:\/\/egercoach.hu\/blog\/wp-json\/wp\/v2\/comments?post=142"}],"version-history":[{"count":0,"href":"https:\/\/egercoach.hu\/blog\/wp-json\/wp\/v2\/posts\/142\/revisions"}],"wp:featuredmedia":[{"embeddable":true,"href":"https:\/\/egercoach.hu\/blog\/wp-json\/wp\/v2\/media\/143"}],"wp:attachment":[{"href":"https:\/\/egercoach.hu\/blog\/wp-json\/wp\/v2\/media?parent=142"}],"wp:term":[{"taxonomy":"category","embeddable":true,"href":"https:\/\/egercoach.hu\/blog\/wp-json\/wp\/v2\/categories?post=142"},{"taxonomy":"post_tag","embeddable":true,"href":"https:\/\/egercoach.hu\/blog\/wp-json\/wp\/v2\/tags?post=142"}],"curies":[{"name":"wp","href":"https:\/\/api.w.org\/{rel}","templated":true}]}}