{"id":15,"date":"2023-07-20T00:00:00","date_gmt":"2023-07-19T22:00:00","guid":{"rendered":"https:\/\/egercoach.hu\/blog\/2023\/07\/20\/egy-ferfi-sirhat-tarsadalmi-tabu\/"},"modified":"2025-10-11T02:31:19","modified_gmt":"2025-10-11T00:31:19","slug":"egy-ferfi-sirhat-tarsadalmi-tabu","status":"publish","type":"post","link":"https:\/\/egercoach.hu\/blog\/egy-ferfi-sirhat-tarsadalmi-tabu\/","title":{"rendered":"T\u00e1rsadalmi tabu: s\u00edrhat-e egy f\u00e9rfi?"},"content":{"rendered":"<p>A \u201ef\u00e9rfi s\u00edr\u00e1s\u201d k\u00f6r\u00fcl m\u00e9g mindig s\u0171r\u0171 a csend. Nem titok, hogy sok k\u00f6z\u00f6ss\u00e9gben ma is furcs\u00e1n n\u00e9znek arra, aki nyilv\u00e1nosan k\u00f6nnyezik, mintha az \u00e9rzelmek l\u00e1that\u00f3v\u00e1 t\u00e9tele automatikusan a gyenges\u00e9g jele lenne. N\u00e9zz szembe ezzel: a tabu nem puszt\u00e1n kultur\u00e1lis \u00edzl\u00e9sk\u00e9rd\u00e9s, hanem m\u0171k\u00f6d\u00e9si hiba. A s\u00edr\u00e1s ugyanis az emberi idegrendszer egyik szab\u00e1lyoz\u00f3 mechanizmusa; nem c\u00e9l, hanem eszk\u00f6z. Az eszk\u00f6zt stigmatiz\u00e1lni nem er\u0151, hanem korl\u00e1toz\u00e1s. \u00c9s a korl\u00e1toz\u00e1snak \u00e1ra van: fesz\u00fclts\u00e9g, kapcsolataink besz\u0171k\u00fcl\u00e9se, a biztons\u00e1gos k\u00f6t\u0151d\u00e9s zavara, eltol\u00f3d\u00f3 megk\u00fczd\u00e9si strat\u00e9gi\u00e1k. Ebben a cikkben azt v\u00e1llalom, hogy rendet v\u00e1gunk a m\u00edtoszok k\u00f6z\u00f6tt: r\u00f6vid t\u00f6rt\u00e9neti h\u00e1tt\u00e9rrel meg\u00e9rtj\u00fck, hogyan alakult ki a \u201esztoikus f\u00e9rfimodell\u201d; megn\u00e9zz\u00fck, mit csin\u00e1l a s\u00edr\u00e1s a testben \u00e9s a kapcsolatokban; v\u00e9gigvessz\u00fck, milyen k\u00f6vetkezm\u00e9nye van az \u00e9rzelem-fojt\u00e1snak; \u00e9s adok egy m\u0171k\u00f6d\u0151, l\u00e9p\u00e9sr\u0151l l\u00e9p\u00e9sre haszn\u00e1lhat\u00f3 keretet arra, mik\u00e9nt lehet a r\u00e9gi tilt\u00e1sokat \u00faj, m\u00e9lt\u00f3s\u00e1gteljes f\u00e9rfik\u00e9pp\u00e9 \u00e1t\u00edrni. Nem az a c\u00e9l, hogy \u201emindenki s\u00edrjon\u201d, hanem hogy legyen mozg\u00e1st\u00e9r: ahol helye van a k\u00f6nnyez\u00e9snek, ott ne sz\u00e9gyen legyen, hanem hiteles jelz\u00e9s, amelyhez kapcsol\u00f3dni lehet. Az \u00e1ll\u00edt\u00e1som egyszer\u0171: a s\u00edr\u00e1s nem gyenges\u00e9g, hanem inform\u00e1ci\u00f3. A k\u00e9rd\u00e9s nem az, hogy \u201eszabad-e\u201d, hanem az, hogyan tanuljuk meg <i>haszn\u00e1lni<\/i> an\u00e9lk\u00fcl, hogy szerepp\u00e9 vagy v\u00e9dekez\u00e9ss\u00e9 v\u00e1lna. Ez a k\u00fcl\u00f6nbs\u00e9g teszi eg\u00e9szs\u00e9gess\u00e9 a f\u00e9rfi \u00e9rzelemkifejez\u00e9st \u2013 \u00e9s ett\u0151l lesznek a kapcsolataink \u0151szint\u00e9bbek, a d\u00f6nt\u00e9seink tiszt\u00e1bbak, az idegrendszer\u00fcnk pedig rugalmasabb.<\/p>\n<h2>F\u00e9rfiass\u00e1g \u00e9s kultur\u00e1lis gy\u00f6kerek<\/h2>\n<p>A \u201ekem\u00e9ny f\u00e9rfi nem s\u00edr\u201d narrat\u00edva nem a semmib\u0151l j\u00f6tt. A modern iparosod\u00e1s kora a fizikai teljes\u00edtm\u00e9nyt \u00e9s a fegyelmet tette meg t\u00fal\u00e9l\u00e9si norm\u00e1nak; a h\u00e1bor\u00fas tudat pedig k\u00fcl\u00f6n fejezetet \u00edrt a sztoikus h\u0151siess\u00e9gr\u0151l. A k\u00f6z\u00f6ss\u00e9gekben \u00e9vsz\u00e1zadokig \u00e9rt\u00e9k volt a \u201esz\u0171kszav\u00fas\u00e1g\u201d, a felt\u0171n\u00e9smentes viselked\u00e9s, a csal\u00e1d v\u00e9delme csendes teherb\u00edr\u00e1ssal. Ez a mint\u00e1zat sok mindent t\u00fal\u00e9l\u0151 adapt\u00e1ci\u00f3 volt, de a b\u00e9ke\u00e9vek pszichol\u00f3gi\u00e1j\u00e1ban elkezdett recsegni: a munka nem mindig gy\u00e1r vagy csatat\u00e9r, a p\u00e1rkapcsolatokban a k\u00f6zels\u00e9get nem lehet parancssz\u00f3val fenntartani, a gyereknevel\u00e9sben nem a hallgat\u00e1sb\u00f3l sz\u00fcletik a biztons\u00e1g. A m\u00e9di\u00e1ban sok\u00e1ig a s\u00e9rthetetlen f\u00e9rfi archet\u00edpusa domin\u00e1lt, mik\u00f6zben a val\u00f3s\u00e1gban a vesztes\u00e9gek, kudarcok, szorong\u00e1sok ugyan\u00fagy jelen voltak \u2013 csak z\u00e1rtan. A rejtett \u00fczenet pedig ez maradt: \u201eha k\u00f6nnyezel, cs\u00f6kken a tekint\u00e9lyed.\u201d Itt t\u00f6rik meg az \u00e9rv. A tekint\u00e9lyt ma sokkal ink\u00e1bb a k\u00f6vetkezetess\u00e9g, a megb\u00edzhat\u00f3s\u00e1g \u00e9s a hiteles kommunik\u00e1ci\u00f3 adja, nem a mimika fesz\u00edt\u00e9se. A t\u00f6rt\u00e9nelem tisztelete megf\u00e9r azzal, hogy k\u00f6zben felismerj\u00fck: az a f\u00e9rfimodell, amely a teljes \u00e9rzelmi l\u00e1thatatlans\u00e1gra \u00e9p\u00edt, a 21. sz\u00e1zad val\u00f3s helyzeteiben m\u00e1r gyakran m\u0171k\u00f6d\u00e9sk\u00e9ptelen. Nem \u00faj \u201e\u00e9rzelg\u0151s\u201d ide\u00e1lt kell \u00e9p\u00edten\u00fcnk, hanem egy olyan f\u00e9rfik\u00e9pet, amelyben a j\u00f3zans\u00e1g \u00e9s az \u00e9rzelmi jelenl\u00e9t nem egym\u00e1s ellenfelei, hanem egym\u00e1s felt\u00e9telei.<\/p>\n<h2>Szocializ\u00e1ci\u00f3 \u00e9s csal\u00e1di mint\u00e1k<\/h2>\n<p>Az els\u0151 \u201ene s\u00edrj\u201d felsz\u00f3l\u00edt\u00e1sokat sok fi\u00fa a nappaliban kapja, nem a k\u00f6z\u00e9letben. A mondat gyakran j\u00f3 sz\u00e1nd\u00e9kb\u00f3l hangzik el \u2013 a sz\u00fcl\u0151 szeretn\u00e9 csillap\u00edtani a fesz\u00fclts\u00e9get \u2013, de a hat\u00e1sa tart\u00f3s: a gyerek nemcsak az \u00e9rzelmet, hanem a seg\u00edts\u00e9gk\u00e9r\u00e9shez val\u00f3 jog\u00e1t is elteszi m\u00e9lyre. Innent\u0151l a f\u00e1jdalom feldolgoz\u00e1s\u00e1nak csatorn\u00e1i lesz\u0171k\u00fclnek. A serd\u00fcl\u0151korban r\u00e1rak\u00f3dik a kort\u00e1rs csoport kontrollja, ahol a s\u00e9r\u00fcl\u00e9kenys\u00e9g\u00e9rt gyakran gyors visszajelz\u00e9s j\u00e1r. Mire feln\u0151 a fi\u00fa, k\u00e9sz a bels\u0151 szab\u00e1lyk\u00f6nyv: \u201eer\u0151snek maradni = nem mutatni\u201d. Ezzel p\u00e1rhuzamosan a kapcsolat\u00e9p\u00edt\u00e9s is torzul: ha a szomor\u00fas\u00e1g \u00e9s a f\u00e9lelem kimondhatatlan, a harag \u00e9s a cinizmus marad eszk\u00f6znek. A munkahelyen ez t\u00e1vols\u00e1gtart\u00e1sk\u00e9nt jelenik meg; a p\u00e1rkapcsolatban vitaker\u00fcl\u00e9sk\u00e9nt vagy hirtelen d\u00fchkit\u00f6r\u00e9sk\u00e9nt; az apas\u00e1gban \u201et\u00falnevel\u00e9sk\u00e9nt\u201d, ahol a fegyelem m\u00f6g\u00e9 rejt\u0151zik a tehetetlens\u00e9g. A szocializ\u00e1ci\u00f3 v\u00e1ltoztathat\u00f3, de nem mag\u00e1t\u00f3l. \u00daj mondatok kellenek: \u201eszabad szomor\u00fanak lenni\u201d, \u201ekereshet\u00fcnk egy\u00fctt megold\u00e1st\u201d, \u201eaz \u00e9rz\u00e9s nem gyenges\u00e9g, hanem jelz\u00e9s\u201d. A csal\u00e1di mint\u00e1k \u00e1t\u00edr\u00e1sa nem a kor\u00e1bbi gener\u00e1ci\u00f3k b\u00edr\u00e1lata; ink\u00e1bb meg\u00e9rt\u00e9s: \u0151k t\u00fal\u00e9l\u00e9si strat\u00e9gi\u00e1kat adtak \u00e1t a saj\u00e1t korukhoz m\u00e9rten. Nek\u00fcnk ma az a dolgunk, hogy ezeket m\u0171k\u00f6d\u00e9s k\u00f6zben \u00fajrakalibr\u00e1ljuk \u2013 \u00e9s k\u00f6zben megmutassuk a fiainknak: a f\u00e9rfiass\u00e1g nem \u00e9rzelemmentess\u00e9g, hanem felel\u0151ss\u00e9gv\u00e1llal\u00e1s \u00f6nmagunk\u00e9rt \u00e9s m\u00e1sok\u00e9rt.<\/p>\n<h2>Mit csin\u00e1l a s\u00edr\u00e1s a szervezetben?<\/h2>\n<p>A s\u00edr\u00e1s nem puszt\u00e1n \u201eszomor\u00fas\u00e1g\u201d. Idegrendszeri szinten a megk\u00f6nnyebb\u00fcl\u00e9s gyakran a paraszimpatikus aktiv\u00e1ci\u00f3val j\u00e1r egy\u00fctt: amikor a fesz\u00fclts\u00e9g cs\u00f6kken, a test jelzi, hogy kil\u00e9phet\u00fcnk a megk\u00fczd\u00e9s t\u00falfesz\u00edtett \u00fczemm\u00f3dj\u00e1b\u00f3l. A viselked\u00e9s-szab\u00e1lyoz\u00e1s szintj\u00e9n a k\u00f6nnyez\u00e9s sokszor <i>kapcsolati<\/i> funkci\u00f3t is bet\u00f6lt: jelzi a m\u00e1siknak, hogy baj van, \u00e9s nyitja az egy\u00fctt\u00e9rz\u00e9s csatorn\u00e1it. Fontos \u00e1rnyalat: a s\u00edr\u00e1s hat\u00e1sa <b>kontekstszenzit\u00edv<\/b>. Nem minden s\u00edr\u00e1s felszabad\u00edt\u00f3, \u00e9s nem minden visszatart\u00e1s k\u00e1ros. A meg\u00e9l\u00e9s min\u0151s\u00e9g\u00e9t meghat\u00e1rozza, hogy biztons\u00e1gos t\u00e9rben t\u00f6rt\u00e9nik-e, kapsz-e elfogad\u00f3 v\u00e1laszt, tudod-e \u00e9rtelmezni, mit \u00fczen a tested. A j\u00f3 h\u00edr: tanulhat\u00f3. Ha megtapasztalod, hogy egy bizalmi helyzetben a k\u00f6nnyez\u00e9s <i>nem<\/i> j\u00e1r megsz\u00e9gyen\u00edt\u00e9ssel vagy elutas\u00edt\u00e1ssal, az idegrendszer \u201eenged\u00e9lyt\u201d kap az \u00e9rzelem lefuttat\u00e1s\u00e1ra. Ilyenkor cs\u00f6kken az izmok t\u00f3nusa, lassul a l\u00e9gz\u00e9s, \u00e9s helyet kap a rendez\u0151 gondolkod\u00e1s. A f\u00e9lre\u00e9rt\u00e9s abb\u00f3l lesz, amikor a s\u00edr\u00e1st vagy kiz\u00e1r\u00f3lagos ter\u00e1pi\u00e1nak tekintj\u00fck (\u201ekij\u00e1rom bel\u0151le magam\u201d), vagy tiltott z\u00f3n\u00e1nak (\u201eaki s\u00edr, az sz\u00e9tesett\u201d). Egyik sem pontos. A s\u00edr\u00e1s <i>egy<\/i> eszk\u00f6z a sok k\u00f6z\u00fcl. Akkor szolg\u00e1l, ha nem g\u00e1tolja a cselekv\u00e9st, \u00e9s nem v\u00e1lt ki b\u0171ntudatot. Akkor \u00e1rt, ha eltereli a figyelmet a val\u00f3di feladatr\u00f3l, vagy ha sz\u00e9gyenreakci\u00f3t \u00e9p\u00edt k\u00f6r\u00e9 a k\u00f6rnyezet. A k\u00e9rd\u00e9s teh\u00e1t nem \u201ekell-e s\u00edrni?\u201d, hanem az: mikor, hol \u00e9s hogyan seg\u00edt a tov\u00e1bbl\u00e9p\u00e9sben.<\/p>\n<h2>Az \u00e9rzelem-fojt\u00e1s \u00e1ra<\/h2>\n<p>A tart\u00f3s elfojt\u00e1s m\u0171k\u00f6dik \u2013 eg\u00e9szen addig, am\u00edg nem. R\u00f6vid t\u00e1von elker\u00fclhet\u0151 vele a k\u00ednos helyzet, hossz\u00fa t\u00e1von viszont felhalmoz\u00f3dik a bels\u0151 ad\u00f3ss\u00e1g. A nyitotts\u00e1g hi\u00e1nya gyakran kapcsolati t\u00e1vols\u00e1ghoz vezet: a m\u00e1sik f\u00e9l \u201enem \u00e9rzi a jelenl\u00e9ted\u201d, mert nincs hozz\u00e1f\u00e9r\u00e9se a bels\u0151 vil\u00e1godhoz. A munkahelyen a visszajelz\u00e9s ad\u00e1sa \u00e9s fogad\u00e1sa v\u00e1lik neh\u00e9zz\u00e9: ha az \u00e9rzelem tabu, a konfliktus csak k\u00e9t kimenetet kap \u2013 elhallgat\u00e1s vagy \u00f6sszeoml\u00e1s. Megjelenhetnek ker\u00fcl\u0151utak: fokozott ingerl\u00e9kenys\u00e9g, t\u00falmunka, impulz\u00edv d\u00f6nt\u00e9sek, addikci\u00f3k. Ezek nem \u201ef\u00e9rfi hib\u00e1k\u201d, hanem rosszul megtanult megk\u00fczd\u00e9si reakci\u00f3k. A test sem marad \u00e9rintetlen: feszes alv\u00e1s, fejf\u00e1j\u00e1s, em\u00e9szt\u00e9si panaszok, kr\u00f3nikus f\u00e1radts\u00e1g \u2013 jelz\u0151f\u00e9nyek, hogy a rendszer t\u00fal sok\u00e1ig futott magas h\u0151fokon. A legnagyobb vesztes\u00e9g m\u00e9gis az \u00f6nazonoss\u00e1g. Ha egy f\u00e9rfi bel\u00fcl m\u00e1st \u00e9l meg, mint amit kifel\u00e9 hord, id\u0151vel meginog az a bels\u0151 m\u00e9rce, ami alapj\u00e1n d\u00f6nteni szokott. \u00c9s amikor a m\u00e9rce inog, az ir\u00e1ny is. A j\u00f3 h\u00edr itt is az, hogy a k\u00e9pess\u00e9g visszaszerezhet\u0151. Az \u00e9rzelem-fojt\u00e1s nem jellemvon\u00e1s, hanem tanult strat\u00e9gia. Amit megtanult\u00e1l, azt \u00e1t is \u00edrhatod. De nem egyed\u00fcl, \u00e9s nem egy nap alatt: biztons\u00e1gos kapcsol\u00f3d\u00e1sokra, vil\u00e1gos saj\u00e1t szab\u00e1lyokra \u00e9s tudatos gyakorl\u00e1sra van sz\u00fcks\u00e9g. Ez nem \u201e\u00e9rzelg\u0151ss\u00e9gre nevel\u00e9s\u201d, hanem idegrendszeri karbantart\u00e1s \u00e9s kapcsolati higi\u00e9nia.<\/p>\n<h2>\u00daj f\u00e9rfimodell: er\u0151 = \u00f6nismeret + felel\u0151ss\u00e9g<\/h2>\n<p>A modern f\u00e9rfiass\u00e1g defin\u00edci\u00f3ja nem a s\u00edr\u00e1s gyakoris\u00e1g\u00e1n \u00e1ll vagy bukik. Az er\u0151 itt azt jelenti: <b><a href=\"https:\/\/egercoach.hu\/blog\/az-onismeret-utjan-kulcs-a-szemelyes-fejlodeshez-es-sikeres-eletvezeteshez\/\">\u00f6nismeret<\/a><\/b> (felismerem, mit \u00e9rzek), <b>\u00f6nszab\u00e1lyoz\u00e1s<\/b> (kezelni tudom az \u00e9rz\u00e9st), <b>felel\u0151ss\u00e9g<\/b> (\u00fagy kommunik\u00e1lom, hogy a kapcsolataim er\u0151s\u00f6djenek). Ez a tri\u00e1sz \u00e1thangolja a r\u00e9gi reflexet: a hallgat\u00e1s helyett j\u00f6n a tiszta k\u00f6zl\u00e9s; a szerep helyett a jelenl\u00e9t; a sz\u00e9gyen helyett az ir\u00e1ny\u00edt\u00e1s \u00e9rz\u00e9se. Nem kell minden helyzetet \u201e\u00e9rz\u00e9ssel megoldani\u201d; kell viszont annyi nyitotts\u00e1g, hogy az \u00e9rz\u00e9s ne fojtsa el a gondolkod\u00e1st, \u00e9s a gondolkod\u00e1s ne null\u00e1zza le az \u00e9rz\u00e9st. Ez az integr\u00e1ci\u00f3 k\u00fcl\u00f6n\u00f6sen fontos apak\u00e9nt \u00e9s vezet\u0151k\u00e9nt. A gyerekek nem \u201es\u00edr\u00f3 ap\u00e1t\u201d k\u00e9rnek, hanem el\u00e9rhet\u0151 ap\u00e1t, aki \u00e9rti \u00e9s szab\u00e1lyozza \u00f6nmag\u00e1t, \u00e9s akihez \u00e9rzelmileg is hozz\u00e1 lehet f\u00e9rni. A csapatok nem \u201e\u00e9rz\u00e9keny f\u0151n\u00f6k\u00f6t\u201d v\u00e1rnak, hanem olyan vezet\u0151t, aki k\u00e9pes emberi hangon besz\u00e9lni a neh\u00e9zr\u0151l, \u00e9s k\u00f6zben tartja a kereteket. Ezt tanulni lehet \u00e9s kell is: r\u00f6vid gyakorlatokkal (l\u00e9gz\u00e9s, mikro-sz\u00fcnet), kommunik\u00e1ci\u00f3s l\u00e9p\u00e9sekkel (\u201emost X-et \u00e9rzek, ez\u00e9rt Y-t k\u00e9rem\u201d), \u00e9s k\u00f6rnyezeti szab\u00e1lyokkal (biztons\u00e1gos, \u00edt\u00e9lkez\u00e9smentes terek). A c\u00e9l nem a k\u00f6nnyek sz\u00e1ml\u00e1l\u00e1sa, hanem a m\u0171k\u00f6d\u00e9s min\u0151s\u00e9ge: lesz-e t\u00f6bb bizalom, egy\u00fcttm\u0171k\u00f6d\u00e9s, tiszta d\u00f6nt\u00e9s att\u00f3l, hogy az \u00e9rzelmeinknek helyet adunk? Tapasztalatom szerint igen \u2013 ha fegyelmezetten csin\u00e1ljuk.<\/p>\n<h2>Bels\u0151 munka: gyakorlati l\u00e9p\u00e9sek a tilt\u00e1s felold\u00e1s\u00e1ra<\/h2>\n<p>A \u201enem s\u00edrhatok\u201d bels\u0151 tilt\u00e1sa m\u00e9ly. Oldani kicsi, k\u00f6vetkezetes l\u00e9p\u00e9sekkel \u00e9rdemes, amelyek nem tesznek ki sz\u00e9gyenhelyzetnek, m\u00e9gis \u00e9p\u00edtik a biztons\u00e1got. Az al\u00e1bbi lista nem ter\u00e1pi\u00e1s program; \u201eszoktat\u00f3 protokoll\u201d, amely n\u00f6veli a szabads\u00e1gfokot. V\u00e1lassz ki kett\u0151t, \u00e9s 2\u20133 h\u00e9tig gyakorold.<\/p>\n<ul>\n<li><b>Biztons\u00e1gos t\u00e9r:<\/b> jel\u00f6lj ki heti 1\u20132 alkalmat (10\u201315 perc), amikor egyed\u00fcl maradsz \u00e9s csendben figyelsz a testedre. Nem c\u00e9l a s\u00edr\u00e1s, csak az enged\u00e9ly: \u201eb\u00e1rmi j\u00f6het\u201d.<\/li>\n<li><b>Napl\u00f3 r\u00f6viden:<\/b> napi 5 sor: \u201eEzt \u00e9reztem \u2013 ezt\u0151l f\u00e9ltem \u2013 ezt szeretn\u00e9m \u2013 kinek mondom el \u2013 mikor l\u00e9pek?\u201d. \u00cdgy az \u00e9rz\u00e9s azonnal kap ir\u00e1nyt.<\/li>\n<li><b>Test-lelaz\u00edt\u00e1s:<\/b> 4\u20136-os l\u00e9gz\u00e9s (4 be, 6 ki) 3\u20135 percig. A hosszabb kil\u00e9gz\u00e9s paraszimpatikus v\u00e1laszt seg\u00edt, ezzel cs\u00f6kken a \u201esz\u00e9trobbanok\u201d \u00e9rz\u00e9s.<\/li>\n<li><b>K\u00f6zl\u00e9s tr\u00e9ning:<\/b> egy bizalmi emberrel egyeztetett mondatok: \u201eMost neh\u00e9z, \u00e9s nem megold\u00e1st k\u00e9rek, csak hogy \u00fclj itt velem\u201d. Ezzel nem kritika, hanem k\u00e9r\u00e9s sz\u00fcletik.<\/li>\n<li><b>Keretez\u00e9s:<\/b> \u00e1llapodj meg magaddal: ha s\u00edrsz, ut\u00e1na <i>mindig<\/i> van egy r\u00f6vid rendez\u00e9s (v\u00edz, s\u00e9ta, l\u00e9gz\u00e9s, 2 teend\u0151 le\u00edr\u00e1sa). \u00cdgy a s\u00edr\u00e1s nem nyit meg parttalan \u00e1llapotot.<\/li>\n<\/ul>\n<h2>T\u00e1rsadalmi p\u00e1rbesz\u00e9d: mit tehet a k\u00f6rnyezet?<\/h2>\n<p>A f\u00e9rfi s\u00edr\u00e1s normaliz\u00e1l\u00e1s\u00e1hoz nem el\u00e9g az egy\u00e9ni munka; k\u00f6rnyezeti szab\u00e1lyokra is sz\u00fcks\u00e9g van. Csal\u00e1di szinten ez azt jelenti: nem komment\u00e1ljuk zavarba ejt\u0151en a k\u00f6nnyez\u00e9st (\u201ena, na, ennyire az\u00e9rt ne\u201d), \u00e9s nem ford\u00edtjuk \u00e1t a helyzetet \u00f6nmagunkr\u00f3l sz\u00f3l\u00f3 dr\u00e1m\u00e1v\u00e1 (\u201emi\u00e9rt velem csin\u00e1lod\u201d). Az a feladat, hogy a s\u00edr\u00e1snak legyen helye, hat\u00e1ra \u00e9s jelent\u00e9se. A p\u00e1rok kommunik\u00e1ci\u00f3j\u00e1ban seg\u00edt a szerepkioszt\u00e1s: el\u0151re tiszt\u00e1zni, hogy egy-egy nehezebb helyzetben ki mit ad \u00e9s mit k\u00e9r \u2013 \u00edgy a s\u00edr\u00e1s nem meglepet\u00e9s, hanem a k\u00f6z\u00f6s \u00e9rzelmi munkafolyamat r\u00e9sze. K\u00f6z\u00f6ss\u00e9gi szinten <i>p\u00e9ld\u00e1k<\/i> kellenek. Nem v\u00e9gletes t\u00f6rt\u00e9netek, hanem h\u00e9tk\u00f6znapi, emberl\u00e9pt\u00e9k\u0171 narrat\u00edv\u00e1k: sportol\u00f3k, tan\u00e1rok, szakmunk\u00e1sok, vezet\u0151k, akik meg\u00e9lt\u00e9k \u00e9s elmondj\u00e1k, hogy a k\u00f6nnyez\u00e9s nem vette el a tart\u00e1sukat \u2013 \u00e9ppen ellenkez\u0151leg, meger\u0151s\u00edtette a kapcsolatukat a csapatukkal \u00e9s a csal\u00e1djukkal. Munkahelyen pedig kult\u00fara k\u00e9rd\u00e9se, hogy a visszajelz\u00e9sekn\u00e9l a \u201etartalom + hat\u00e1s + k\u00e9r\u00e9s\u201d h\u00e1rmasa legyen a norma; \u00edgy az \u00e9rzelem nem kil\u00f6k\u0151 er\u0151, hanem inform\u00e1ci\u00f3. A v\u00e1ltoz\u00e1s nem kamp\u00e1ny, hanem ritmus: el\u00e9g sokszor kell megtapasztalni, hogy a s\u00e9r\u00fcl\u00e9kenys\u00e9g nem csap \u00e1t k\u00e1oszba, hanem tiszt\u00e1bb egy\u00fcttm\u0171k\u00f6d\u00e9st hoz. \u00c9s amikor ez a tapasztalat el\u00e9g s\u0171r\u0171, a tabu mag\u00e1t\u00f3l gyeng\u00fcl.<\/p>\n<h2>P\u00e1rkapcsolat \u00e9s apas\u00e1g: k\u00f6zels\u00e9g, amely megtart<\/h2>\n<p>A p\u00e1rkapcsolatban a s\u00edr\u00e1s nem dr\u00e1mai kell\u00e9k, hanem k\u00f6zels\u00e9gjelz\u0151. Ha egy f\u00e9rfi k\u00e9pes a b\u00e1nat\u00e1t, gy\u00e1sz\u00e1t, f\u00e9lelm\u00e9t <i>keretek k\u00f6z\u00f6tt<\/i> megmutatni, gyakran az t\u00f6rt\u00e9nik, hogy a m\u00e1sik f\u00e9l megnyugszik: \u201eengedhetek magamhoz, mert hozz\u00e1f\u00e9rek hozz\u00e1d\u201d. Ez nem azt jelenti, hogy minden konfliktus k\u00f6nnyekbe torkollik; azt jelenti, hogy a kem\u00e9ny t\u00e9m\u00e1kban is van \u00e9rzelmi h\u00edd. Apak\u00e9nt k\u00fcl\u00f6n s\u00falya van ennek. A gyerekek nem a \u201et\u00f6k\u00e9letes ap\u00e1t\u201d jegyzik meg, hanem az el\u00e9rhet\u0151t. Ha azt l\u00e1tj\u00e1k, hogy az apa tudja szab\u00e1lyozni \u00f6nmag\u00e1t, \u00e9s n\u00e9ha k\u00f6nnyezik is \u2013 majd ut\u00e1na rendez \u00e9s cselekszik \u2013, akkor az \u00fczenet ez: az \u00e9rz\u00e9s elb\u00edrhat\u00f3, \u00e9s nem akad\u00e1lya a felel\u0151s viselked\u00e9snek. Ez a minta k\u00e9s\u0151bb d\u00f6nt\u00e9seket fog v\u00e9deni a gyerekeid \u00e9let\u00e9ben: ha baj van, kapcsol\u00f3dni lehet, \u00e9s att\u00f3l nem omlik \u00f6ssze a vil\u00e1g. A \u201enem s\u00edrunk\u201d helyett \u00edgy tanulhat\u00f3 meg a \u201enem maradunk egyed\u00fcl a neh\u00e9zben\u201d. E kett\u0151 k\u00f6z\u00f6tti k\u00fcl\u00f6nbs\u00e9g v\u00e1lik l\u00e1that\u00f3v\u00e1 a k\u00f6t\u0151d\u00e9s min\u0151s\u00e9g\u00e9ben, a vit\u00e1k h\u0151fok\u00e1ban, a megb\u00e9k\u00e9l\u00e9s gyorsas\u00e1g\u00e1ban. Aki ezt egyszer megtapasztalja, tudja: az \u00e9rzelmi jelenl\u00e9t nem vesz el a tart\u00e1sb\u00f3l, hanem megtart\u00f3 er\u0151v\u00e9 v\u00e1lik.<\/p>\n<h2>Munkahelyi t\u00e9r: professzionalizmus \u00e9s \u00e9rzelmi jelenl\u00e9t<\/h2>\n<p>Az irod\u00e1ban vagy a m\u0171helyben senki nem v\u00e1r melodr\u00e1m\u00e1t. A professzionalizmus l\u00e9nyege itt is a keret: <i>mit<\/i> k\u00f6zl\u00fcnk, <i>hogyan<\/i>, \u00e9s <i>mit csin\u00e1lunk ut\u00e1na<\/i>. A teljes \u00e9rzelemmentess\u00e9g m\u00edtosza azonban rossz tan\u00e1csad\u00f3. Ha tilos l\u00e1tszani, hogy valami f\u00e1j, a visszajelz\u00e9s f\u00e1jni fog. Ha nincs m\u00f3d kimondani, hogy egy d\u00f6nt\u00e9s terhelt, a d\u00f6nt\u00e9shozatal rejtetten torzul. A j\u00f3 gyakorlat egyszer\u0171: az \u00e9rzelmet r\u00f6viden megnevezz\u00fck (\u201ecsal\u00f3dott vagyok, hogy ez \u00edgy ment\u201d), a hat\u00e1st r\u00f6gz\u00edtj\u00fck (\u201eez most sz\u00e9tszedte a f\u00f3kuszunkat\u201d), majd k\u00e9r\u00fcnk \u00e9s egyeztet\u00fcnk (\u201ea k\u00f6vetkez\u0151 sprintben \u00edgy v\u00e9dekezz\u00fcnk\u201d). A s\u00edr\u00e1s itt ritk\u00e1bb \u00e9s sokszor nem is sz\u00fcks\u00e9ges; a kulcs a <i>legitim \u00e9rzelem-jelz\u00e9s<\/i> \u00e9s a gyors visszarendez\u00e9s. Vezet\u0151k\u00e9nt az a feladat, hogy a csapat l\u00e1ssa: n\u00e1lad az \u00e9rz\u00e9s <i>info<\/i>, nem fegyver. Ahol ez a norma, ott kevesebb a szem\u00e9lyesked\u00e9s \u00e9s t\u00f6bb a koreogr\u00e1fia: tiszt\u00e1bb meetingek, r\u00f6videbb konfliktusok, er\u0151sebb bizalom. A szakmai tart\u00e1s \u00e9s az emberi jelenl\u00e9t nem null\u00f6sszeg\u0171 j\u00e1t\u00e9k; egy\u00fctt adnak stabilit\u00e1st. Az a f\u00e9rfi vezet\u0151, aki ezt a kett\u0151t \u00f6sszehangolja, nem \u201epuhul\u201d, hanem <i>hitelesedik<\/i>. \u00c9s ez a hiteless\u00e9g az, ami a teljes\u00edtm\u00e9nyt hossz\u00fa t\u00e1von megh\u00fazza.<\/p>\n<h2>Gyors \u00f6nellen\u0151rz\u0151 m\u00e1trix<\/h2>\n<table border=\"1\">\n<thead>\n<tr>\n<th>Helyzet<\/th>\n<th>Tipikus bels\u0151 \u00fczenet<\/th>\n<th>V\u00e1rhat\u00f3 k\u00f6vetkezm\u00e9ny<\/th>\n<th>Els\u0151 korrekci\u00f3s l\u00e9p\u00e9s<\/th>\n<\/tr>\n<\/thead>\n<tbody>\n<tr>\n<td>Konfliktus a p\u00e1roddal<\/td>\n<td>\u201eTartsd magad, ne mutasd!\u201d<\/td>\n<td>T\u00e1vols\u00e1g, s\u00e9rtetts\u00e9g<\/td>\n<td>\u00c9rz\u00e9s r\u00f6vid megnevez\u00e9se + konkr\u00e9t k\u00e9r\u00e9s<\/td>\n<\/tr>\n<tr>\n<td>Vesztes\u00e9g\/gy\u00e1sz<\/td>\n<td>\u201eF\u00e9rfik\u00e9nt b\u00edrnod kell\u201d<\/td>\n<td>Elh\u00faz\u00f3d\u00f3 fesz\u00fclts\u00e9g<\/td>\n<td>Biztons\u00e1gos t\u00e9r + keretezett megoszt\u00e1s<\/td>\n<\/tr>\n<tr>\n<td>Munkahelyi kudarc<\/td>\n<td>\u201eNe l\u00e1ss\u00e1k rajtad\u201d<\/td>\n<td>Visszajelz\u00e9s-ker\u00fcl\u00e9s<\/td>\n<td>Hat\u00e1s r\u00f6gz\u00edt\u00e9se + helyre\u00e1ll\u00edt\u00f3 terv<\/td>\n<\/tr>\n<tr>\n<td>Sz\u00fcl\u0151i szerep<\/td>\n<td>\u201eA gyerek el\u0151tt tilos\u201d<\/td>\n<td>Hideg, t\u00e1voli minta<\/td>\n<td>Korcsoporthoz ill\u0151 \u0151szinte k\u00f6zl\u00e9s + megnyugtat\u00e1s<\/td>\n<\/tr>\n<\/tbody>\n<\/table>\n<h2>Dajka G\u00e1bor business coach szerint<\/h2>\n<p>Nem a k\u00f6nny d\u00f6nt el semmit, hanem a keret, amelyben helye van. A f\u00e9rfiass\u00e1got nem a mimika tartja \u00f6ssze, hanem az, hogy v\u00e1llalod az \u00e9rz\u00e9st, kezeled a hat\u00e1s\u00e1t, \u00e9s ut\u00e1na l\u00e9psz. Ennyi. Az \u00e9rzelem-fojt\u00e1s gyorsan h\u0151snek l\u00e1tszik, lassan mag\u00e1nyoss\u00e1 tesz; az \u00e9rzelmi jelenl\u00e9t r\u00f6vid t\u00e1von k\u00e9nyelmetlen, hossz\u00fa t\u00e1von biztons\u00e1got \u00e9p\u00edt. A mondat, amely m\u00f6g\u00e9 \u00e9rdemes be\u00e1llni: \u201eNem att\u00f3l vagyok er\u0151s, hogy nem s\u00edrok; att\u00f3l, hogy tudom, mikor kell dolgoznom a k\u00f6nnyeim <i>el\u0151tt<\/i>, <i>k\u00f6zben<\/i> \u00e9s <i>ut\u00e1n<\/i>.\u201d Ha ezt a ritmust megtanulod, az \u00f6nbecs\u00fcl\u00e9sed nem m\u00e1sok v\u00e9lem\u00e9ny\u00e9b\u0151l \u00e9l, a kapcsolataid pedig nem a l\u00e1thatatlans\u00e1godt\u00f3l \u201enyugodtak\u201d, hanem att\u00f3l, hogy van k\u00f6z\u00f6ttetek forgalom. Az er\u0151 nem a z\u00e1rts\u00e1g, hanem a szab\u00e1lyozott nyitotts\u00e1g.<\/p>\n<blockquote><p>\u201eA s\u00e9r\u00fcl\u00e9kenys\u00e9g nem r\u00e9s: kij\u00e1rat a sz\u00e9gyen fogs\u00e1g\u00e1b\u00f3l. Ha megtanulod keretbe tenni, nem elgyeng\u00edt, hanem megtart.\u201d \u2014 Dajka G\u00e1bor<\/p><\/blockquote>\n<h2>Szak\u00e9rt\u0151 v\u00e1laszol (FAQ)<\/h2>\n<h3>T\u00e9nyleg \u201ekell\u201d s\u00edrni a gy\u00f3gyul\u00e1shoz?<\/h3>\n<p>Nem. A s\u00edr\u00e1s nem c\u00e9l, hanem eszk\u00f6z. Ha van tered meg\u00e9lni \u00e9s megnevezni az \u00e9rz\u00e9st, \u00e9s ut\u00e1na tudsz cselekedni, akkor a rendszer m\u0171k\u00f6dik. A s\u00edr\u00e1s ezt <i>seg\u00edtheti<\/i>, de n\u00e9lk\u00fcle is lehet eg\u00e9szs\u00e9ges \u00e9rzelemszab\u00e1lyoz\u00e1s \u2013 p\u00e9ld\u00e1ul l\u00e9gz\u00e9ssel, megoszt\u00e1ssal, mozg\u00e1ssal, struktur\u00e1lt gondolkod\u00e1ssal.<\/p>\n<h3>Mi van, ha mindig sz\u00e9gyent \u00e9rzek ut\u00e1na?<\/h3>\n<p>A sz\u00e9gyen gyakran tanult reflex. \u00c9rdemes biztons\u00e1gos, el\u0151re megbesz\u00e9lt helyzetben gyakorolni a megoszt\u00e1st (ki, mikor, mire reag\u00e1l), \u00e9s <i>mindig<\/i> csin\u00e1lni egy r\u00f6vid lez\u00e1r\u00e1st (v\u00edz, s\u00e9ta, k\u00e9t teend\u0151). \u00cdgy a s\u00edr\u00e1s nem parttalan \u00e9lm\u00e9ny, hanem kontroll\u00e1lt folyamat, ami cs\u00f6kkenti a sz\u00e9gyen hull\u00e1m\u00e1t.<\/p>\n<h3>Nem \u201egyeng\u00fcl\u201d a tekint\u00e9lyem vezet\u0151k\u00e9nt, ha l\u00e1tszik rajtam a meghatotts\u00e1g?<\/h3>\n<p>Ha ritk\u00e1n, keretben t\u00f6rt\u00e9nik, \u00e9s ut\u00e1na hat\u00e1rozott rendez\u00e9s \u00e9s d\u00f6nt\u00e9s j\u00f6n, a tapasztalat az ellenkez\u0151je: n\u0151 a hiteless\u00e9g. A csapat azt \u00e9rzi, hogy emberi vagy, de k\u00f6zben stabil. A \u201eminden helyzetben vasalt arccal\u201d vezet\u00e9s nem a professzionalizmus, hanem a f\u00e9lelem jele.<\/p>\n<h3>Van k\u00fcl\u00f6nbs\u00e9g a magyar piacon a f\u00e9rfi \u00e9rzelemkifejez\u00e9s meg\u00edt\u00e9l\u00e9s\u00e9ben?<\/h3>\n<p>Tapasztalatom szerint a magyar k\u00f6zeg kev\u00e9sb\u00e9 verbaliz\u00e1l, ink\u00e1bb ut\u00f3lag \u201ez\u00e1rja le\u201d a helyzeteket. Ez\u00e9rt k\u00fcl\u00f6n\u00f6sen fontos a keret: r\u00f6vid, tiszta k\u00f6zl\u00e9s \u00e9s gyors visszarendez\u00e9s. A minta ereje nagy: ahol vezet\u0151k normaliz\u00e1lj\u00e1k a m\u00e9lt\u00f3s\u00e1gteljes \u00e9rzelem-jelz\u00e9st, ott a csapatok gyorsabban tanulnak \u00e1t.<\/p>\n<h2>Aj\u00e1nlott magyar vide\u00f3k\/podcastok<\/h2>\n<p><iframe title=\"Spotify Embed: 2.23. \u00c9rzelmes f\u00e9rfiak, ide\u00e1lok, tabuk - A f\u00e9rfiass\u00e1g nyom\u00e1ban\" style=\"border-radius: 12px\" width=\"100%\" height=\"152\" frameborder=\"0\" allowfullscreen allow=\"autoplay; clipboard-write; encrypted-media; fullscreen; picture-in-picture\" data-src=\"https:\/\/open.spotify.com\/embed\/episode\/7DdudgvBgxmMzGOaYc2vq6?utm_source=oembed\" src=\"data:image\/svg+xml;base64,PHN2ZyB3aWR0aD0iMSIgaGVpZ2h0PSIxIiB4bWxucz0iaHR0cDovL3d3dy53My5vcmcvMjAwMC9zdmciPjwvc3ZnPg==\" class=\"lazyload\" data-load-mode=\"1\"><\/iframe><\/p>\n<h2>Forr\u00e1sok<\/h2>\n<p><a href=\"https:\/\/pmc.ncbi.nlm.nih.gov\/articles\/PMC6201288\/\">Gra\u010danin, A., Bylsma, L. M., &amp; Vingerhoets, A. J. J. M. (2018). The neurobiology of human crying. <i>Neuroscience &amp; Biobehavioral Reviews<\/i>.<\/a><\/p>\n<p><a href=\"https:\/\/www.apa.org\/pubs\/journals\/releases\/cou-cou0000176.pdf\">Wong, Y. J., Ho, M.-H. R., Wang, S.-Y., &amp; Miller, I. S. K. (2017). Meta-analyses of the relationship between conformity to masculine norms and mental health-related outcomes. <i>Journal of Counseling Psychology<\/i>.<\/a><\/p>\n<p><a href=\"https:\/\/pubmed.ncbi.nlm.nih.gov\/12674814\/\">Addis, M. E., &amp; Mahalik, J. R. (2003). Men, masculinity, and the contexts of help seeking. <i>American Psychologist<\/i>.<\/a><\/p>\n","protected":false},"excerpt":{"rendered":"<p>A \u201ef\u00e9rfi s\u00edr\u00e1s\u201d k\u00f6r\u00fcl m\u00e9g mindig s\u0171r\u0171 a csend. Nem titok, hogy sok k\u00f6z\u00f6ss\u00e9gben ma is furcs\u00e1n n\u00e9znek arra, aki nyilv\u00e1nosan k\u00f6nnyezik, mintha az \u00e9rzelmek l\u00e1that\u00f3v\u00e1 t\u00e9tele automatikusan a gyenges\u00e9g jele lenne. N\u00e9zz szembe ezzel: a tabu nem puszt\u00e1n kultur\u00e1lis \u00edzl\u00e9sk\u00e9rd\u00e9s, hanem m\u0171k\u00f6d\u00e9si hiba. A s\u00edr\u00e1s ugyanis az emberi idegrendszer egyik szab\u00e1lyoz\u00f3 mechanizmusa; nem c\u00e9l,&#8230;<\/p>\n","protected":false},"author":1,"featured_media":705,"comment_status":"closed","ping_status":"open","sticky":false,"template":"","format":"standard","meta":{"footnotes":""},"categories":[3],"tags":[],"class_list":["post-15","post","type-post","status-publish","format-standard","has-post-thumbnail","hentry","category-coaching-es-pszichologia-egerben"],"yoast_head":"<!-- This site is optimized with the Yoast SEO plugin v27.5 - https:\/\/yoast.com\/product\/yoast-seo-wordpress\/ -->\n<title>T\u00e1rsadalmi tabu: s\u00edrhat-e egy f\u00e9rfi?<\/title>\n<meta name=\"robots\" content=\"index, follow, max-snippet:-1, max-image-preview:large, max-video-preview:-1\" \/>\n<link rel=\"canonical\" href=\"https:\/\/egercoach.hu\/blog\/egy-ferfi-sirhat-tarsadalmi-tabu\/\" \/>\n<meta property=\"og:locale\" content=\"hu_HU\" \/>\n<meta property=\"og:type\" content=\"article\" \/>\n<meta property=\"og:title\" content=\"T\u00e1rsadalmi tabu: s\u00edrhat-e egy f\u00e9rfi?\" \/>\n<meta property=\"og:description\" content=\"A \u201ef\u00e9rfi s\u00edr\u00e1s\u201d k\u00f6r\u00fcl m\u00e9g mindig s\u0171r\u0171 a csend. Nem titok, hogy sok k\u00f6z\u00f6ss\u00e9gben ma is furcs\u00e1n n\u00e9znek arra, aki nyilv\u00e1nosan k\u00f6nnyezik, mintha az \u00e9rzelmek l\u00e1that\u00f3v\u00e1 t\u00e9tele automatikusan a gyenges\u00e9g jele lenne. N\u00e9zz szembe ezzel: a tabu nem puszt\u00e1n kultur\u00e1lis \u00edzl\u00e9sk\u00e9rd\u00e9s, hanem m\u0171k\u00f6d\u00e9si hiba. A s\u00edr\u00e1s ugyanis az emberi idegrendszer egyik szab\u00e1lyoz\u00f3 mechanizmusa; nem c\u00e9l,...\" \/>\n<meta property=\"og:url\" content=\"https:\/\/egercoach.hu\/blog\/egy-ferfi-sirhat-tarsadalmi-tabu\/\" \/>\n<meta property=\"og:site_name\" content=\"Az Egri Coach Blogja\" \/>\n<meta property=\"article:publisher\" content=\"https:\/\/www.facebook.com\/eger.coach\" \/>\n<meta property=\"article:published_time\" content=\"2023-07-19T22:00:00+00:00\" \/>\n<meta property=\"article:modified_time\" content=\"2025-10-11T00:31:19+00:00\" \/>\n<meta property=\"og:image\" content=\"https:\/\/egercoach.hu\/blog\/wp-content\/uploads\/2025\/03\/young-sad-man-crying-at-home-.jpg\" \/>\n\t<meta property=\"og:image:width\" content=\"1500\" \/>\n\t<meta property=\"og:image:height\" content=\"1000\" \/>\n\t<meta property=\"og:image:type\" content=\"image\/jpeg\" \/>\n<meta name=\"author\" content=\"Dajka G\u00e1bor\" \/>\n<meta name=\"twitter:card\" content=\"summary_large_image\" \/>\n<meta name=\"twitter:label1\" content=\"Szerz\u0151:\" \/>\n\t<meta name=\"twitter:data1\" content=\"Dajka G\u00e1bor\" \/>\n\t<meta name=\"twitter:label2\" content=\"Becs\u00fclt olvas\u00e1si id\u0151\" \/>\n\t<meta name=\"twitter:data2\" content=\"13 perc\" \/>\n<script type=\"application\/ld+json\" class=\"yoast-schema-graph\">{\"@context\":\"https:\\\/\\\/schema.org\",\"@graph\":[{\"@type\":\"Article\",\"@id\":\"https:\\\/\\\/egercoach.hu\\\/blog\\\/egy-ferfi-sirhat-tarsadalmi-tabu\\\/#article\",\"isPartOf\":{\"@id\":\"https:\\\/\\\/egercoach.hu\\\/blog\\\/egy-ferfi-sirhat-tarsadalmi-tabu\\\/\"},\"author\":{\"name\":\"Dajka G\u00e1bor\",\"@id\":\"https:\\\/\\\/egercoach.hu\\\/blog\\\/#\\\/schema\\\/person\\\/afc73367aa314ca33a9c8d3b88dce6e7\"},\"headline\":\"T\u00e1rsadalmi tabu: s\u00edrhat-e egy f\u00e9rfi?\",\"datePublished\":\"2023-07-19T22:00:00+00:00\",\"dateModified\":\"2025-10-11T00:31:19+00:00\",\"mainEntityOfPage\":{\"@id\":\"https:\\\/\\\/egercoach.hu\\\/blog\\\/egy-ferfi-sirhat-tarsadalmi-tabu\\\/\"},\"wordCount\":3566,\"publisher\":{\"@id\":\"https:\\\/\\\/egercoach.hu\\\/blog\\\/#organization\"},\"image\":{\"@id\":\"https:\\\/\\\/egercoach.hu\\\/blog\\\/egy-ferfi-sirhat-tarsadalmi-tabu\\\/#primaryimage\"},\"thumbnailUrl\":\"https:\\\/\\\/egercoach.hu\\\/blog\\\/wp-content\\\/uploads\\\/2025\\\/03\\\/young-sad-man-crying-at-home-.jpg\",\"articleSection\":[\"Life coaching Egerben\"],\"inLanguage\":\"hu\"},{\"@type\":\"WebPage\",\"@id\":\"https:\\\/\\\/egercoach.hu\\\/blog\\\/egy-ferfi-sirhat-tarsadalmi-tabu\\\/\",\"url\":\"https:\\\/\\\/egercoach.hu\\\/blog\\\/egy-ferfi-sirhat-tarsadalmi-tabu\\\/\",\"name\":\"T\u00e1rsadalmi tabu: s\u00edrhat-e egy f\u00e9rfi?\",\"isPartOf\":{\"@id\":\"https:\\\/\\\/egercoach.hu\\\/blog\\\/#website\"},\"primaryImageOfPage\":{\"@id\":\"https:\\\/\\\/egercoach.hu\\\/blog\\\/egy-ferfi-sirhat-tarsadalmi-tabu\\\/#primaryimage\"},\"image\":{\"@id\":\"https:\\\/\\\/egercoach.hu\\\/blog\\\/egy-ferfi-sirhat-tarsadalmi-tabu\\\/#primaryimage\"},\"thumbnailUrl\":\"https:\\\/\\\/egercoach.hu\\\/blog\\\/wp-content\\\/uploads\\\/2025\\\/03\\\/young-sad-man-crying-at-home-.jpg\",\"datePublished\":\"2023-07-19T22:00:00+00:00\",\"dateModified\":\"2025-10-11T00:31:19+00:00\",\"breadcrumb\":{\"@id\":\"https:\\\/\\\/egercoach.hu\\\/blog\\\/egy-ferfi-sirhat-tarsadalmi-tabu\\\/#breadcrumb\"},\"inLanguage\":\"hu\",\"potentialAction\":[{\"@type\":\"ReadAction\",\"target\":[\"https:\\\/\\\/egercoach.hu\\\/blog\\\/egy-ferfi-sirhat-tarsadalmi-tabu\\\/\"]}]},{\"@type\":\"ImageObject\",\"inLanguage\":\"hu\",\"@id\":\"https:\\\/\\\/egercoach.hu\\\/blog\\\/egy-ferfi-sirhat-tarsadalmi-tabu\\\/#primaryimage\",\"url\":\"https:\\\/\\\/egercoach.hu\\\/blog\\\/wp-content\\\/uploads\\\/2025\\\/03\\\/young-sad-man-crying-at-home-.jpg\",\"contentUrl\":\"https:\\\/\\\/egercoach.hu\\\/blog\\\/wp-content\\\/uploads\\\/2025\\\/03\\\/young-sad-man-crying-at-home-.jpg\",\"width\":1500,\"height\":1000,\"caption\":\"Young sad man crying at home.\"},{\"@type\":\"BreadcrumbList\",\"@id\":\"https:\\\/\\\/egercoach.hu\\\/blog\\\/egy-ferfi-sirhat-tarsadalmi-tabu\\\/#breadcrumb\",\"itemListElement\":[{\"@type\":\"ListItem\",\"position\":1,\"name\":\"Kezd\u0151lap\",\"item\":\"https:\\\/\\\/egercoach.hu\\\/blog\\\/\"},{\"@type\":\"ListItem\",\"position\":2,\"name\":\"T\u00e1rsadalmi tabu: s\u00edrhat-e egy f\u00e9rfi?\"}]},{\"@type\":\"WebSite\",\"@id\":\"https:\\\/\\\/egercoach.hu\\\/blog\\\/#website\",\"url\":\"https:\\\/\\\/egercoach.hu\\\/blog\\\/\",\"name\":\"Eger Coach Blog\",\"description\":\"\",\"publisher\":{\"@id\":\"https:\\\/\\\/egercoach.hu\\\/blog\\\/#organization\"},\"potentialAction\":[{\"@type\":\"SearchAction\",\"target\":{\"@type\":\"EntryPoint\",\"urlTemplate\":\"https:\\\/\\\/egercoach.hu\\\/blog\\\/?s={search_term_string}\"},\"query-input\":{\"@type\":\"PropertyValueSpecification\",\"valueRequired\":true,\"valueName\":\"search_term_string\"}}],\"inLanguage\":\"hu\"},{\"@type\":\"Organization\",\"@id\":\"https:\\\/\\\/egercoach.hu\\\/blog\\\/#organization\",\"name\":\"Eger Coach Blog\",\"url\":\"https:\\\/\\\/egercoach.hu\\\/blog\\\/\",\"logo\":{\"@type\":\"ImageObject\",\"inLanguage\":\"hu\",\"@id\":\"https:\\\/\\\/egercoach.hu\\\/blog\\\/#\\\/schema\\\/logo\\\/image\\\/\",\"url\":\"https:\\\/\\\/egercoach.hu\\\/blog\\\/wp-content\\\/uploads\\\/2025\\\/05\\\/cropped-Eger.png\",\"contentUrl\":\"https:\\\/\\\/egercoach.hu\\\/blog\\\/wp-content\\\/uploads\\\/2025\\\/05\\\/cropped-Eger.png\",\"width\":500,\"height\":169,\"caption\":\"Eger Coach Blog\"},\"image\":{\"@id\":\"https:\\\/\\\/egercoach.hu\\\/blog\\\/#\\\/schema\\\/logo\\\/image\\\/\"},\"sameAs\":[\"https:\\\/\\\/www.facebook.com\\\/eger.coach\"]},{\"@type\":\"Person\",\"@id\":\"https:\\\/\\\/egercoach.hu\\\/blog\\\/#\\\/schema\\\/person\\\/afc73367aa314ca33a9c8d3b88dce6e7\",\"name\":\"Dajka G\u00e1bor\",\"image\":{\"@type\":\"ImageObject\",\"inLanguage\":\"hu\",\"@id\":\"https:\\\/\\\/secure.gravatar.com\\\/avatar\\\/81566ea1e2b3466baa03e9bdcdaa835f58564d8be90057a45f3e61711dc8a063?s=96&d=mm&r=g\",\"url\":\"https:\\\/\\\/secure.gravatar.com\\\/avatar\\\/81566ea1e2b3466baa03e9bdcdaa835f58564d8be90057a45f3e61711dc8a063?s=96&d=mm&r=g\",\"contentUrl\":\"https:\\\/\\\/secure.gravatar.com\\\/avatar\\\/81566ea1e2b3466baa03e9bdcdaa835f58564d8be90057a45f3e61711dc8a063?s=96&d=mm&r=g\",\"caption\":\"Dajka G\u00e1bor\"},\"sameAs\":[\"https:\\\/\\\/egercoach.hu\\\/blog\"],\"url\":\"https:\\\/\\\/egercoach.hu\\\/blog\\\/author\\\/adminka\\\/\"}]}<\/script>\n<!-- \/ Yoast SEO plugin. -->","yoast_head_json":{"title":"T\u00e1rsadalmi tabu: s\u00edrhat-e egy f\u00e9rfi?","robots":{"index":"index","follow":"follow","max-snippet":"max-snippet:-1","max-image-preview":"max-image-preview:large","max-video-preview":"max-video-preview:-1"},"canonical":"https:\/\/egercoach.hu\/blog\/egy-ferfi-sirhat-tarsadalmi-tabu\/","og_locale":"hu_HU","og_type":"article","og_title":"T\u00e1rsadalmi tabu: s\u00edrhat-e egy f\u00e9rfi?","og_description":"A \u201ef\u00e9rfi s\u00edr\u00e1s\u201d k\u00f6r\u00fcl m\u00e9g mindig s\u0171r\u0171 a csend. Nem titok, hogy sok k\u00f6z\u00f6ss\u00e9gben ma is furcs\u00e1n n\u00e9znek arra, aki nyilv\u00e1nosan k\u00f6nnyezik, mintha az \u00e9rzelmek l\u00e1that\u00f3v\u00e1 t\u00e9tele automatikusan a gyenges\u00e9g jele lenne. N\u00e9zz szembe ezzel: a tabu nem puszt\u00e1n kultur\u00e1lis \u00edzl\u00e9sk\u00e9rd\u00e9s, hanem m\u0171k\u00f6d\u00e9si hiba. A s\u00edr\u00e1s ugyanis az emberi idegrendszer egyik szab\u00e1lyoz\u00f3 mechanizmusa; nem c\u00e9l,...","og_url":"https:\/\/egercoach.hu\/blog\/egy-ferfi-sirhat-tarsadalmi-tabu\/","og_site_name":"Az Egri Coach Blogja","article_publisher":"https:\/\/www.facebook.com\/eger.coach","article_published_time":"2023-07-19T22:00:00+00:00","article_modified_time":"2025-10-11T00:31:19+00:00","og_image":[{"width":1500,"height":1000,"url":"https:\/\/egercoach.hu\/blog\/wp-content\/uploads\/2025\/03\/young-sad-man-crying-at-home-.jpg","type":"image\/jpeg"}],"author":"Dajka G\u00e1bor","twitter_card":"summary_large_image","twitter_misc":{"Szerz\u0151:":"Dajka G\u00e1bor","Becs\u00fclt olvas\u00e1si id\u0151":"13 perc"},"schema":{"@context":"https:\/\/schema.org","@graph":[{"@type":"Article","@id":"https:\/\/egercoach.hu\/blog\/egy-ferfi-sirhat-tarsadalmi-tabu\/#article","isPartOf":{"@id":"https:\/\/egercoach.hu\/blog\/egy-ferfi-sirhat-tarsadalmi-tabu\/"},"author":{"name":"Dajka G\u00e1bor","@id":"https:\/\/egercoach.hu\/blog\/#\/schema\/person\/afc73367aa314ca33a9c8d3b88dce6e7"},"headline":"T\u00e1rsadalmi tabu: s\u00edrhat-e egy f\u00e9rfi?","datePublished":"2023-07-19T22:00:00+00:00","dateModified":"2025-10-11T00:31:19+00:00","mainEntityOfPage":{"@id":"https:\/\/egercoach.hu\/blog\/egy-ferfi-sirhat-tarsadalmi-tabu\/"},"wordCount":3566,"publisher":{"@id":"https:\/\/egercoach.hu\/blog\/#organization"},"image":{"@id":"https:\/\/egercoach.hu\/blog\/egy-ferfi-sirhat-tarsadalmi-tabu\/#primaryimage"},"thumbnailUrl":"https:\/\/egercoach.hu\/blog\/wp-content\/uploads\/2025\/03\/young-sad-man-crying-at-home-.jpg","articleSection":["Life coaching Egerben"],"inLanguage":"hu"},{"@type":"WebPage","@id":"https:\/\/egercoach.hu\/blog\/egy-ferfi-sirhat-tarsadalmi-tabu\/","url":"https:\/\/egercoach.hu\/blog\/egy-ferfi-sirhat-tarsadalmi-tabu\/","name":"T\u00e1rsadalmi tabu: s\u00edrhat-e egy f\u00e9rfi?","isPartOf":{"@id":"https:\/\/egercoach.hu\/blog\/#website"},"primaryImageOfPage":{"@id":"https:\/\/egercoach.hu\/blog\/egy-ferfi-sirhat-tarsadalmi-tabu\/#primaryimage"},"image":{"@id":"https:\/\/egercoach.hu\/blog\/egy-ferfi-sirhat-tarsadalmi-tabu\/#primaryimage"},"thumbnailUrl":"https:\/\/egercoach.hu\/blog\/wp-content\/uploads\/2025\/03\/young-sad-man-crying-at-home-.jpg","datePublished":"2023-07-19T22:00:00+00:00","dateModified":"2025-10-11T00:31:19+00:00","breadcrumb":{"@id":"https:\/\/egercoach.hu\/blog\/egy-ferfi-sirhat-tarsadalmi-tabu\/#breadcrumb"},"inLanguage":"hu","potentialAction":[{"@type":"ReadAction","target":["https:\/\/egercoach.hu\/blog\/egy-ferfi-sirhat-tarsadalmi-tabu\/"]}]},{"@type":"ImageObject","inLanguage":"hu","@id":"https:\/\/egercoach.hu\/blog\/egy-ferfi-sirhat-tarsadalmi-tabu\/#primaryimage","url":"https:\/\/egercoach.hu\/blog\/wp-content\/uploads\/2025\/03\/young-sad-man-crying-at-home-.jpg","contentUrl":"https:\/\/egercoach.hu\/blog\/wp-content\/uploads\/2025\/03\/young-sad-man-crying-at-home-.jpg","width":1500,"height":1000,"caption":"Young sad man crying at home."},{"@type":"BreadcrumbList","@id":"https:\/\/egercoach.hu\/blog\/egy-ferfi-sirhat-tarsadalmi-tabu\/#breadcrumb","itemListElement":[{"@type":"ListItem","position":1,"name":"Kezd\u0151lap","item":"https:\/\/egercoach.hu\/blog\/"},{"@type":"ListItem","position":2,"name":"T\u00e1rsadalmi tabu: s\u00edrhat-e egy f\u00e9rfi?"}]},{"@type":"WebSite","@id":"https:\/\/egercoach.hu\/blog\/#website","url":"https:\/\/egercoach.hu\/blog\/","name":"Eger Coach Blog","description":"","publisher":{"@id":"https:\/\/egercoach.hu\/blog\/#organization"},"potentialAction":[{"@type":"SearchAction","target":{"@type":"EntryPoint","urlTemplate":"https:\/\/egercoach.hu\/blog\/?s={search_term_string}"},"query-input":{"@type":"PropertyValueSpecification","valueRequired":true,"valueName":"search_term_string"}}],"inLanguage":"hu"},{"@type":"Organization","@id":"https:\/\/egercoach.hu\/blog\/#organization","name":"Eger Coach Blog","url":"https:\/\/egercoach.hu\/blog\/","logo":{"@type":"ImageObject","inLanguage":"hu","@id":"https:\/\/egercoach.hu\/blog\/#\/schema\/logo\/image\/","url":"https:\/\/egercoach.hu\/blog\/wp-content\/uploads\/2025\/05\/cropped-Eger.png","contentUrl":"https:\/\/egercoach.hu\/blog\/wp-content\/uploads\/2025\/05\/cropped-Eger.png","width":500,"height":169,"caption":"Eger Coach Blog"},"image":{"@id":"https:\/\/egercoach.hu\/blog\/#\/schema\/logo\/image\/"},"sameAs":["https:\/\/www.facebook.com\/eger.coach"]},{"@type":"Person","@id":"https:\/\/egercoach.hu\/blog\/#\/schema\/person\/afc73367aa314ca33a9c8d3b88dce6e7","name":"Dajka G\u00e1bor","image":{"@type":"ImageObject","inLanguage":"hu","@id":"https:\/\/secure.gravatar.com\/avatar\/81566ea1e2b3466baa03e9bdcdaa835f58564d8be90057a45f3e61711dc8a063?s=96&d=mm&r=g","url":"https:\/\/secure.gravatar.com\/avatar\/81566ea1e2b3466baa03e9bdcdaa835f58564d8be90057a45f3e61711dc8a063?s=96&d=mm&r=g","contentUrl":"https:\/\/secure.gravatar.com\/avatar\/81566ea1e2b3466baa03e9bdcdaa835f58564d8be90057a45f3e61711dc8a063?s=96&d=mm&r=g","caption":"Dajka G\u00e1bor"},"sameAs":["https:\/\/egercoach.hu\/blog"],"url":"https:\/\/egercoach.hu\/blog\/author\/adminka\/"}]}},"_links":{"self":[{"href":"https:\/\/egercoach.hu\/blog\/wp-json\/wp\/v2\/posts\/15","targetHints":{"allow":["GET"]}}],"collection":[{"href":"https:\/\/egercoach.hu\/blog\/wp-json\/wp\/v2\/posts"}],"about":[{"href":"https:\/\/egercoach.hu\/blog\/wp-json\/wp\/v2\/types\/post"}],"author":[{"embeddable":true,"href":"https:\/\/egercoach.hu\/blog\/wp-json\/wp\/v2\/users\/1"}],"replies":[{"embeddable":true,"href":"https:\/\/egercoach.hu\/blog\/wp-json\/wp\/v2\/comments?post=15"}],"version-history":[{"count":0,"href":"https:\/\/egercoach.hu\/blog\/wp-json\/wp\/v2\/posts\/15\/revisions"}],"wp:featuredmedia":[{"embeddable":true,"href":"https:\/\/egercoach.hu\/blog\/wp-json\/wp\/v2\/media\/705"}],"wp:attachment":[{"href":"https:\/\/egercoach.hu\/blog\/wp-json\/wp\/v2\/media?parent=15"}],"wp:term":[{"taxonomy":"category","embeddable":true,"href":"https:\/\/egercoach.hu\/blog\/wp-json\/wp\/v2\/categories?post=15"},{"taxonomy":"post_tag","embeddable":true,"href":"https:\/\/egercoach.hu\/blog\/wp-json\/wp\/v2\/tags?post=15"}],"curies":[{"name":"wp","href":"https:\/\/api.w.org\/{rel}","templated":true}]}}