{"id":19,"date":"2023-07-22T00:00:00","date_gmt":"2023-07-21T22:00:00","guid":{"rendered":"https:\/\/egercoach.hu\/blog\/2023\/07\/22\/nyaralas-de-hol-a-pihenes\/"},"modified":"2025-10-11T10:23:36","modified_gmt":"2025-10-11T08:23:36","slug":"nyaralas-de-hol-a-pihenes","status":"publish","type":"post","link":"https:\/\/egercoach.hu\/blog\/nyaralas-de-hol-a-pihenes\/","title":{"rendered":"Nyaral\u00e1s, de hol a pihen\u00e9s? A val\u00f3di felt\u00f6lt\u0151d\u00e9s nyom\u00e1ban"},"content":{"rendered":"<p>Paradox dolog a nyaral\u00e1s: hetekig sz\u00e1molod a napokat, majd az els\u0151 munkanapon \u00fagy t\u00e9rsz vissza, mintha nem is volt\u00e1l volna sehol. A tengerparti k\u00e9pek \u00e9s a v\u00e1rosn\u00e9z\u0151s \u00e9lm\u00e9nyek megvannak, a f\u00e1radts\u00e1g m\u00e9gis marad. Mi\u00e9rt? Mert a pihen\u00e9s nem csup\u00e1n helysz\u00edn, hanem m\u0171k\u00f6d\u00e9sm\u00f3d. Ha a vak\u00e1ci\u00f3 alatt ugyanazokat a megk\u00fczd\u00e9si mint\u00e1kat viszed tov\u00e1bb, amelyek az \u00e9v k\u00f6zben kimer\u00edtenek (t\u00faltervez\u00e9s, el\u00e9rhet\u0151s\u00e9gi k\u00e9nyszer, megfelel\u00e9s), akkor a k\u00f6rnyezetv\u00e1ltoz\u00e1s \u00f6nmag\u00e1ban kev\u00e9s. A regener\u00e1ci\u00f3hoz h\u00e1rom felt\u00e9telre biztosan sz\u00fcks\u00e9g van: <i>lev\u00e1l\u00e1s<\/i> a munk\u00e1r\u00f3l \u00e9s a mindennapi terhekr\u0151l, <i>ritmusv\u00e1lt\u00e1s<\/i> a test \u00e9s az idegrendszer szintj\u00e9n, valamint <i>jelenl\u00e9t<\/i> a saj\u00e1t ig\u00e9nyeidre hangolva. Ha ezek k\u00f6z\u00fcl b\u00e1rmelyik hi\u00e1nyzik, a vak\u00e1ci\u00f3 teljes\u00edtm\u00e9nyprojektt\u00e9 v\u00e1lik. Ebben a cikkben v\u00e9gigvessz\u00fck a tipikus csapd\u00e1kat \u00e9s a m\u0171k\u00f6d\u0151 megold\u00e1sokat \u2013 \u00fagy, hogy k\u00f6zben v\u00e9gig \u00f6nmagad temp\u00f3j\u00e1hoz igazodsz. A c\u00e9l egyszer\u0171: a k\u00f6vetkez\u0151 nyaral\u00e1sod ut\u00e1n <b>ne<\/b> kelljen \u201epihen\u0151t\u201d tartanod a pihen\u00e9sb\u0151l.<\/p>\n<h2>Mi\u00e9rt nem pihensz nyaral\u00e1s alatt?<\/h2>\n<p>Az els\u0151 ok a l\u00e1thatatlan teljes\u00edtm\u00e9nyk\u00e9nyszer. Sokakn\u00e1l a vak\u00e1ci\u00f3 is list\u00e1kkal indul: \u201emindent l\u00e1tni, mindent kipr\u00f3b\u00e1lni, mindent meg\u00e9lni.\u201d Ez a FOMO-vez\u00e9relt (lemarad\u00e1st\u00f3l val\u00f3 f\u00e9lelem) szeml\u00e9let mikro-szinten is terhel: folyamatos d\u00f6nt\u00e9si f\u00e1radts\u00e1got okoz, mert \u00f3r\u00e1nk\u00e9nt v\u00e1lasztanod kell, hogy <i>hol<\/i> egy\u00e9l, <i>mit<\/i> n\u00e9zz meg, <i>mikor<\/i> indulj, \u00e9s <i>kivel<\/i> egyeztess. A m\u00e1sodik ok a pszichol\u00f3giai lev\u00e1l\u00e1s hi\u00e1nya: a tested nyaral, de a figyelmed a teend\u0151list\u00e1n marad. A harmadik ok a digit\u00e1lis el\u00e9rhet\u0151s\u00e9g: \u00e9rtes\u00edt\u00e9sek, \u00fczenetek, csoportchatek. Ezek apr\u00f3, de \u00e1lland\u00f3 kognit\u00edv megszak\u00edt\u00e1sokat gener\u00e1lnak, amelyek megakad\u00e1lyozz\u00e1k az idegrendszer val\u00f3di \u201eleenged\u00e9s\u00e9t\u201d. A negyedik ok a k\u00f6z\u00f6ss\u00e9gi nyom\u00e1s: a \u201ej\u00f3 nyaral\u00e1s\u201d k\u00e9pe k\u00edv\u00fclr\u0151l \u00e9rkezik, \u00e9s k\u00f6nnyen elhom\u00e1lyos\u00edtja a saj\u00e1t sz\u00fcks\u00e9gleteidet. A v\u00e9geredm\u00e9ny ugyanaz: aktivit\u00e1sd\u00f6mping \u00e9s fragment\u00e1lt figyelem. Ha a pihen\u00e9st \u201eteljes\u00edteni\u201d pr\u00f3b\u00e1lod, pont a l\u00e9nyege v\u00e9sz el \u2013 a ritmusv\u00e1lt\u00e1s \u00e9s a bels\u0151 csend.<\/p>\n<h2>T\u00faltervez\u00e9s \u00e9s elv\u00e1r\u00e1skezel\u00e9s<\/h2>\n<p>Az \u00e9lm\u00e9nyek menedzsel\u00e9se k\u00f6nnyen lesz menetrend. A \u201emaximalista k\u00f6r\u00fat\u201d logik\u00e1ja azt sugallja: ha t\u00f6bbet pakolsz egy napba, \u201ejobban meg\u00e9ri\u201d az \u00fat. A val\u00f3s\u00e1g ezzel szemben az, hogy az idegrendszered nem egyszerre <i>t\u00f6bb<\/i> \u00e9lm\u00e9nyt\u0151l regener\u00e1l\u00f3dik, hanem <i>m\u00e9lyebb<\/i> \u00e9lm\u00e9nyfeldolgoz\u00e1st\u00f3l. A t\u00faltervez\u00e9s h\u00e1rom mell\u00e9khat\u00e1ssal j\u00e1r: n\u0151 a k\u00e9s\u00e9sek \u00e9s fennakad\u00e1sok miatti fesz\u00fclts\u00e9g, cs\u00f6kken az \u00e9lm\u00e9nyek eml\u00e9kezeti r\u00f6gz\u00fcl\u00e9se (sz\u00e9tapr\u00f3z\u00f3dik a figyelem), \u00e9s elv\u00e9sz a spontaneit\u00e1s \u00f6r\u00f6me. A megold\u00e1s a radik\u00e1lis szelekt\u00e1l\u00e1s: hat\u00e1rozz meg 1\u20132 \u201ehorgonyprogramot\u201d naponta (amit <b>biztosan<\/b> szeretn\u00e9l), a t\u00f6bbit tekintsd opcion\u00e1lisnak. \u00cdgy mindennek marad tereje \u00e9s ideje hatni. A saj\u00e1t elv\u00e1r\u00e1saidat is \u00e9rdemes \u00fajrakeretezni: a vak\u00e1ci\u00f3 nem egyszeri kultur\u00e1lis maraton, hanem az energiarendszered helyre\u00e1ll\u00edt\u00e1s\u00e1nak ideje. Ha a \u201emin\u00e9l t\u00f6bbet\u201d helyett a \u201emin\u00e9l m\u00e9lyebben\u201d elvet v\u00e1lasztod, az \u00e9lm\u00e9ny paradox m\u00f3don gazdagabb lesz \u2013 \u00e9s pihentebb is maradsz.<\/p>\n<h2>Pszichol\u00f3giai lev\u00e1l\u00e1s a munk\u00e1r\u00f3l<\/h2>\n<p>A pihen\u00e9s kulcsa nem a f\u00f6ldrajzi t\u00e1vols\u00e1g, hanem a ment\u00e1lis t\u00e1vols\u00e1g. A \u201epszichol\u00f3giai lev\u00e1l\u00e1s\u201d azt jelenti, hogy a munk\u00e1val kapcsolatos gondolatok \u00e9s ingerek s\u00falya leker\u00fcl r\u00f3lad. Gyakorlatban ez k\u00e9t l\u00e9p\u00e9sb\u0151l \u00e1ll: <b>el\u0151zetes lez\u00e1r\u00e1s<\/b> \u00e9s <b>szab\u00e1lyozott visszacsatlakoz\u00e1s<\/b>. A lez\u00e1r\u00e1shoz m\u00e9g indul\u00e1s el\u0151tt list\u00e1zd a nyitott \u00fcgyeidet, \u00e9s jel\u00f6ld meg: mi az, amit elv\u00e9gzel; mi az, amit deleg\u00e1lsz; \u00e9s mi az, amit a visszat\u00e9r\u00e9s ut\u00e1ni els\u0151 napra id\u0151s\u00edtesz. Ha ezt nem teszed meg, a fejed \u201eh\u00e1tt\u00e9rben\u201d tov\u00e1bb futtatja a feladatokat. A szab\u00e1lyozott visszacsatlakoz\u00e1s azt jelenti, hogy a vak\u00e1ci\u00f3 idej\u00e9n <i>el\u0151re kijel\u00f6lt<\/i> id\u0151s\u00e1vokban ellen\u0151rz\u00f6d a kritikus csatorn\u00e1kat (ha egy\u00e1ltal\u00e1n sz\u00fcks\u00e9ges), \u00e9s minden m\u00e1st elengedsz. A kognit\u00edv keret is sz\u00e1m\u00edt: nem \u201eelt\u0171nsz\u201d, hanem <b>regener\u00e1lsz<\/b>, hogy ut\u00e1na jobban teljes\u00edts. Ez v\u00e1llalkoz\u00f3k\u00e9nt \u00e9s vezet\u0151k\u00e9nt is v\u00e9dhet\u0151 \u00e1ll\u00e1spont \u2013 s\u0151t, p\u00e9lda\u00e9rt\u00e9k\u0171 kult\u00fara\u00e9p\u00edt\u00e9s.<\/p>\n<h2>Digit\u00e1lis terhel\u00e9s \u00e9s \u00e1lland\u00f3 el\u00e9rhet\u0151s\u00e9g<\/h2>\n<p>A telefonod a zsebedben egy mini-munkahely. A \u201ecsak r\u00e1n\u00e9zek\u201d reflex mikroszakaszokra v\u00e1gja a pihen\u00e9st: minden jelz\u00e9sn\u00e9l \u00fajraindul az orient\u00e1ci\u00f3s reakci\u00f3, a figyelmi rendszer felp\u00f6r\u00f6g, a tested \u201ek\u00e9szenl\u00e9ti\u201d \u00e1llapotba billen. Ez\u00e9rt a nyaral\u00e1s alatti <b>digit\u00e1lis protokoll<\/b> nem luxus, hanem alapszab\u00e1ly. Legyen napi egy (max. k\u00e9t) ablakod, amikor <i>megn\u00e9zheted<\/i> az igaz\u00e1n fontos \u00fczeneteket. Az \u00f6sszes t\u00f6bbi \u00e9rtes\u00edt\u00e9s menjen n\u00e9m\u00e1ra, a munkakapcsol\u00f3d\u00f3 appokat ideiglenesen t\u00e1vol\u00edtsd el a kezd\u0151k\u00e9perny\u0151r\u0151l, a k\u00f6z\u00f6ss\u00e9gi m\u00e9dia pedig kapjon \u201eh\u00e1tt\u00e9rszerepet\u201d. \u00c9rdemes \u201eoffline z\u00f3n\u00e1kat\u201d is kijel\u00f6lni: reggeli ut\u00e1n egy \u00f3ra, naplemente el\u0151tt f\u00e9l \u00f3ra, vacsora k\u00f6zben v\u00e9gig. Ezekben a s\u00e1vokban ne csak a telefon maradjon csendben: <i>te is<\/i> maradj a helyzetben. P\u00e1r nap ut\u00e1n azt tapasztalod, hogy visszat\u00e9r a bels\u0151 ritmus, javul az alv\u00e1smin\u0151s\u00e9g, \u00e9s m\u00e9ly\u00fclnek a besz\u00e9lget\u00e9sek. A pihen\u00e9s egyik legnagyobb hozad\u00e9ka pontosan ez: helyre\u00e1ll az <i>\u00e9let<\/i> \u00e9s az <i>eszk\u00f6z<\/i> k\u00f6zti hierarchia.<\/p>\n<h2>Csal\u00e1di \u00e9s csoportdinamika: k\u00fcl\u00f6nb\u00f6z\u0151 ig\u00e9nyek \u00f6sszehangol\u00e1sa<\/h2>\n<p>Gyakori konfliktusforr\u00e1s, hogy egy nyaral\u00e1s val\u00f3j\u00e1ban t\u00f6bb nyaral\u00e1s egym\u00e1sra pakolva: valaki akt\u00edv, valaki csendes; valaki kor\u00e1n kel, m\u00e1s k\u00e9s\u0151n; valaki programot szeret, m\u00e1s partot. Ha nincs el\u0151zetes egyeztet\u00e9s, a napok l\u00e1thatatlan alkudoz\u00e1ss\u00e1 v\u00e1lnak, \u00e9s mindenki egy kicsit rosszul j\u00e1r. A megold\u00e1s a ny\u00edlt <b>vak\u00e1ci\u00f3s szerz\u0151d\u00e9s<\/b>: m\u00e1r foglal\u00e1skor besz\u00e9lj\u00e9tek \u00e1t, kinek <i>mi<\/i> a t\u00f6lt\u0151d\u00e9se, \u00e9s melyik nap melyik ig\u00e9ny kap els\u0151bbs\u00e9get. J\u00f3 gyakorlat a v\u00e1ltott f\u00f3kusz: egyik nap \u201eakt\u00edv\u201d, m\u00e1sik nap \u201elass\u00fa\u201d; d\u00e9lel\u0151tt egyik, d\u00e9lut\u00e1n m\u00e1sik preferencia; vagy \u201ek\u00f6z\u00f6s mag\u201d mellett szabadon v\u00e1lasztott blokkok. Legyen kimondott jog az egyed\u00fcll\u00e9tre is \u2013 nem t\u00e1vols\u00e1g, hanem megel\u0151z\u0151 t\u00f6r\u0151d\u00e9s. A k\u00f6lts\u00e9gkeretr\u0151l \u00e9s a d\u00f6nt\u00e9si szabads\u00e1gr\u00f3l is \u00e9rdemes el\u0151re meg\u00e1llapodni: ki, mire mondhat <i>igen<\/i>-t \u00f6n\u00e1ll\u00f3an, hol kell egyeztetni. \u00cdgy a nyaral\u00e1s nem \u201erejtett projektmenedzsment\u201d, hanem tiszta keretek k\u00f6z\u00f6tt meg\u00e9lt egy\u00fcttl\u00e9t lesz.<\/p>\n<h2>Alv\u00e1s, bioritmus, fiziol\u00f3gia<\/h2>\n<p>A nyaral\u00e1s akkor pihentet, ha az idegrendszered \u00e1tv\u00e1lt \u201eregener\u00e1l\u00f3\u201d \u00fczemm\u00f3dba. Ennek alapja az alv\u00e1s. A l\u00e9git\u00e1rsas\u00e1gok, a menetrendek \u00e9s a k\u00e9s\u0151 esti programok gyakran sz\u00e9tverik a cirkadi\u00e1n ritmust: k\u00e9s\u0151n fekszel, kor\u00e1n kelsz, m\u00e1s id\u0151z\u00f3n\u00e1ban eszel, t\u00f6bb koffeint \u00e9s alkoholt fogyasztasz. Nem v\u00e9letlen, ha az els\u0151 k\u00e9t nap ink\u00e1bb \u201ejet-lag\u201d \u00e9rz\u00e9s, mint \u00f6r\u00f6m. Adj magadnak <b>akklimatiz\u00e1ci\u00f3s id\u0151t<\/b>: az \u00e9rkez\u00e9s ut\u00e1ni els\u0151 est\u00e9n v\u00e1lassz korai vacsor\u00e1t, k\u00f6nny\u0171 s\u00e9t\u00e1t, \u00e9s legal\u00e1bb 8\u20139 \u00f3ra \u00e1gyban t\u00f6lt\u00f6tt id\u0151t. A d\u00e9lut\u00e1ni 20\u201330 perces szuny\u00f3k\u00e1l\u00e1s nem \u201elustas\u00e1g\u201d, hanem idegrendszeri karbantart\u00e1s \u2013 ha 16:00 ut\u00e1n m\u00e1r nem alszol, az \u00e9jszakai alv\u00e1st sem bor\u00edtja. A napoz\u00e1s \u00e9s a dehidrat\u00e1ci\u00f3 is terhel: a v\u00edzbevitel legyen tudatos, az alkoholt pedig tekintsd <i>\u00e9lm\u00e9nyf\u0171szernek<\/i>, ne altat\u00f3nak (r\u00f6vid t\u00e1von ugyan el\u00e1lmos\u00edt, de rontja az alv\u00e1s m\u00e9lys\u00e9g\u00e9t). A test pihen\u00e9se n\u00e9lk\u00fcl a l\u00e9lek\u00e9 sem tart\u00f3s: az \u00e9rzelmi t\u00fcrelem \u00e9s a szellemi frissess\u00e9g <i>fizikai<\/i> alapokra \u00e9p\u00fcl.<\/p>\n<h2>Minim\u00e1lis pihen\u00e9si protokoll (nyaral\u00e1s k\u00f6zben)<\/h2>\n<table border=\"1\" cellspacing=\"0\" cellpadding=\"8\">\n<thead>\n<tr>\n<th>Helyzet<\/th>\n<th>Mi t\u00f6rt\u00e9nik benned<\/th>\n<th>Mit tegy\u00e9l most<\/th>\n<th>Id\u0151tartam<\/th>\n<\/tr>\n<\/thead>\n<tbody>\n<tr>\n<td>\u00c9rkez\u00e9s napja<\/td>\n<td>T\u00falingerl\u00e9s, d\u00f6nt\u00e9si f\u00e1radts\u00e1g<\/td>\n<td>K\u00f6nny\u0171 s\u00e9ta, korai vacsora, k\u00e9perny\u0151mentes este<\/td>\n<td>Este 2\u20133 \u00f3ra \u201elass\u00edt\u00e1s\u201d<\/td>\n<\/tr>\n<tr>\n<td>Reggeli rutin<\/td>\n<td>Automatikus telefonnyit\u00e1s<\/td>\n<td>30\u201360 perc offline id\u0151, lass\u00fa k\u00e1v\u00e9\/tea, napirendi \u201ehorgony\u201d kijel\u00f6l\u00e9se<\/td>\n<td>Minden reggel<\/td>\n<\/tr>\n<tr>\n<td>Programt\u00falt\u00f6lt\u00e9s gyan\u00faja<\/td>\n<td>Fesz\u00fclts\u00e9g, kapkod\u00e1s<\/td>\n<td>Aznapi lista felez\u00e9se, opcion\u00e1lis programok elenged\u00e9se<\/td>\n<td>Azonnal<\/td>\n<\/tr>\n<tr>\n<td>Este<\/td>\n<td>Nyugtalan alv\u00e1s<\/td>\n<td>Alkohol minimaliz\u00e1l\u00e1sa, 20 perc csendes olvas\u00e1s, k\u00e9perny\u0151 n\u00e9lk\u00fcl<\/td>\n<td>Elalv\u00e1s el\u0151tt<\/td>\n<\/tr>\n<\/tbody>\n<\/table>\n<h2>Egyhetes akci\u00f3terv a pihen\u00e9s\u00e9rt<\/h2>\n<p>Az al\u00e1bbi, r\u00f6vid akci\u00f3terv akkor is m\u0171k\u00f6dik, ha eddig mindig \u201et\u00falment\u00e9l\u201d a nyaral\u00e1sokon. Nem kell mindent megfogadnod: m\u00e1r 2\u20133 pont tart\u00f3s k\u00fcl\u00f6nbs\u00e9get hoz.<\/p>\n<ol>\n<li>Indul\u00e1s el\u0151tt: z\u00e1r\u00f3lista h\u00e1rom oszlopban (elv\u00e9gzem\/deleg\u00e1lom\/visszat\u00e9r\u00e9s ut\u00e1nra teszem), automatikus v\u00e1lasz be\u00e1ll\u00edt\u00e1sa, helyettes\u00edt\u00e9si rend r\u00f6gz\u00edt\u00e9se.<\/li>\n<li>\u00c9rkez\u00e9s napja: semmi \u201ek\u00f6telez\u0151\u201d. Csak k\u00f6rben\u00e9zni, meg\u00e9rkezni, aludni.<\/li>\n<li>Naponta 1\u20132 horgonyprogram, a t\u00f6bbi \u201ej\u00f3, ha belef\u00e9r\u201d.<\/li>\n<li>Napi 2 digit\u00e1lis ablak; \u00e9rtes\u00edt\u00e9sek n\u00e9m\u00edt\u00e1sa; a k\u00f6z\u00f6ss\u00e9gi m\u00e9dia h\u00e1tt\u00e9rbe szor\u00edt\u00e1sa.<\/li>\n<li>Legal\u00e1bb napi 45\u201360 perc \u201ecsendes blokk\u201d olvas\u00e1ssal, s\u00e9t\u00e1val vagy v\u00edzn\u00e9z\u00e9ssel.<\/li>\n<li>V\u00e1ltott f\u00f3kusz a t\u00e1rsakkal: egyik nap akt\u00edv, m\u00e1sik nap lass\u00fa; d\u00e9lel\u0151tt\u2013d\u00e9lut\u00e1n v\u00e1lt\u00e1s.<\/li>\n<li>Visszat\u00e9r\u00e9s el\u0151tt 1 puffernap: csomagol\u00e1s, alv\u00e1s, hazai ritmusra hangol\u00e1s; a munkahelyre nem az \u00e9rkez\u00e9s m\u00e1snapj\u00e1n m\u00e9sz vissza, hanem plusz egy nap ut\u00e1n.<\/li>\n<\/ol>\n<h2>Kifejezetten vezet\u0151knek \u00e9s v\u00e1llalkoz\u00f3knak<\/h2>\n<p>Ha rajtad sokak munk\u00e1ja m\u00falik, a pihen\u00e9sed kult\u00faraform\u00e1l\u00f3 tett. Ahelyett, hogy \u201emindent\u201d magadn\u00e1l tartan\u00e1l, k\u00e9sz\u00fclj tudatos \u00e1tad\u00e1sra. Ne \u201eel\u00e9rhet\u0151 maradj\u201d, hanem rendszert \u00e9p\u00edts. N\u00e9h\u00e1ny m\u0171k\u00f6d\u0151 elv: <b>tiszta felel\u0151ss\u00e9gi m\u00e1trix<\/b> (ki d\u00f6nt, miben), <b>esem\u00e9nyhorizont<\/b> (mi az, ami v\u00e1rhat a visszat\u00e9r\u00e9sig), <b>eszkal\u00e1ci\u00f3s szab\u00e1ly<\/b> (milyen helyzetben h\u00edvhatnak fel). K\u00fcldj r\u00f6vid <i>pre-vak\u00e1ci\u00f3s jegyzetet<\/i> a csapatnak: mi fut, mi \u00e1ll, mikor \u00e9s kit keressenek. Jelezd: a pihen\u00e9s c\u00e9lja a k\u00f6z\u00f6s teljes\u00edtm\u00e9ny \u2013 te felt\u00f6ltve jobb d\u00f6nt\u00e9seket hozol. Ha m\u00e9gis kell \u00e9rintkez\u00e9s, legyen egyetlen csatorna, egyetlen id\u0151ablakban. \u00c9s ami a legfontosabb: mutasd meg, hogy a vak\u00e1ci\u00f3d <i>nem<\/i> kiv\u00e9telez\u00e9s, hanem norma. A csapatod is k\u00f6nnyebben mer pihenni, ha l\u00e1tja, hogy te is \u00edgy teszel. Ez az egyik legnagyobb vezet\u0151i aj\u00e1nd\u00e9k, amit adhatsz.<\/p>\n<h2>\u201eRe-entry\u201d terv: a visszat\u00e9r\u00e9s m\u0171v\u00e9szete<\/h2>\n<p>A nyaral\u00e1s ut\u00e1ni kimer\u00fclts\u00e9g gyakran nem a vak\u00e1ci\u00f3 hib\u00e1ja, hanem a visszat\u00e9r\u00e9s\u00e9. Ha a landol\u00e1skor azonnal 100 sz\u00e1zal\u00e9kon kell teljes\u00edtened, a nyeres\u00e9g gyorsan elillan. \u00c9p\u00edts <b>pufferid\u0151t<\/b> (min. f\u00e9l nap\u2013egy nap) a haza\u00e9rkez\u00e9s \u00e9s az els\u0151 munkanap k\u00f6z\u00e9. Az e-maileket kezeld \u201eh\u00e1romkupacos\u201d m\u00f3dszerrel: <i>t\u00f6r\u00f6lhet\u0151\/archiv\u00e1lhat\u00f3<\/i>, <i>deleg\u00e1lhat\u00f3<\/i>, <i>3 percen bel\u00fcl v\u00e1laszolhat\u00f3<\/i>. Ami enn\u00e9l t\u00f6bb id\u0151t ig\u00e9nyel, menjen feladatt\u00e1, <b>id\u0151vel<\/b>. A napt\u00e1rad els\u0151 napjait hagyd l\u00e9giesre: egy-k\u00e9t megbesz\u00e9l\u00e9s, k\u00f6zte f\u00f3kuszblokkok. Tartsd a nyaral\u00e1sb\u00f3l hazahozott mikro-szok\u00e1sokat (reggeli offline, kora esti s\u00e9ta, r\u00f6vid olvas\u00e1s) m\u00e9g legal\u00e1bb egy h\u00e9tig. \u00cdgy nem \u201evisszarobban\u00e1s\u201d t\u00f6rt\u00e9nik, hanem \u00e1tmenet \u2013 pontosan ez \u0151rzi meg a pihen\u00e9s hat\u00e1s\u00e1t.<\/p>\n<h2>Dajka G\u00e1bor business coach szerint<\/h2>\n<p>A pihen\u00e9s nem jutalom, hanem szakmai \u00e9s emberi m\u0171k\u00f6d\u00e9sed fenntart\u00e1s\u00e1nak felt\u00e9tele. Am\u00edg a nyaral\u00e1st teljes\u00edtm\u00e9nyk\u00e9nt \u00e9rtelmezed, addig nem pihensz, legfeljebb helysz\u00ednt v\u00e1ltasz a f\u00e1radts\u00e1ghoz. Aki k\u00e9pes lass\u00edtani \u00e9s a saj\u00e1t ritmus\u00e1ra hangolni a vak\u00e1ci\u00f3t, az nemcsak kipihentebb lesz, hanem tiszt\u00e1bban l\u00e1tja a k\u00f6vetkez\u0151 \u00e9v ir\u00e1ny\u00e1t is. \u00c9n azt javaslom: kezd el a \u201ekevesebbet, m\u00e9lyebben\u201d gyakorlat\u00e1t a k\u00f6vetkez\u0151 utadon. Nem minden m\u00fazeum sz\u00e1m\u00edt, hanem az, hogy visszanyered-e az id\u0151\u00e9rz\u00e9kedet. A pihen\u00e9s fegyelem is: d\u00f6nt\u00e9s a saj\u00e1t jelenl\u00e9ted mellett.<\/p>\n<blockquote><p>\u201eA j\u00f3 nyaral\u00e1s nem att\u00f3l j\u00f3, hogy mennyi minden t\u00f6rt\u00e9nik, hanem att\u00f3l, hogy mennyi minden elcsendesedik benned.\u201d \u2013 Dajka G\u00e1bor<\/p><\/blockquote>\n<h2>Szak\u00e9rt\u0151 v\u00e1laszol \u2013 Gyakori k\u00e9rd\u00e9sek<\/h2>\n<h3>Munkahelyi kult\u00far\u00e1ban elv\u00e1r\u00e1s, hogy \u201emindig el\u00e9rhet\u0151\u201d legyek. Hogyan jelezzem, hogy pihenni fogok?<\/h3>\n<p>Konkr\u00e9t, el\u0151re egyeztetett keretekkel. K\u00fcldj egy r\u00f6vid, t\u00e1rgyszer\u0171 t\u00e1j\u00e9koztat\u00f3t: mikor nem leszel el\u00e9rhet\u0151, kik a helyettesek, milyen esetben \u00e9s milyen csatorn\u00e1n k\u00e9rhet\u0151 t\u0151led m\u00e9gis seg\u00edts\u00e9g. Az \u201eesem\u00e9nyhorizontot\u201d \u00edr\u00e1sban r\u00f6gz\u00edts\u00e9tek (mi az, ami v\u00e1rhat). \u00cdgy nem \u201eelt\u0171nsz\u201d, hanem vezet\u0151i felel\u0151ss\u00e9ggel pihensz \u2013 ez a magyar c\u00e9ges k\u00f6rnyezetben is elfogadhat\u00f3, ha el\u0151re tiszt\u00e1ztad.<\/p>\n<h3>Mit tegyek, ha a csal\u00e1d fele akt\u00edv programokra v\u00e1gyik, a m\u00e1sik fele pihenne?<\/h3>\n<p>V\u00e1lassz\u00e1tok a v\u00e1ltott f\u00f3kuszt \u00e9s a k\u00f6z\u00f6s \u201emagot\u201d. P\u00e9ld\u00e1ul d\u00e9lel\u0151tt akt\u00edv program (hegy, v\u00e1ros), d\u00e9lut\u00e1n tengerpart\/csend. Vagy egyik nap intenz\u00edv, m\u00e1sik nap lass\u00fa. Legyen kimondott jog a k\u00fcl\u00f6n id\u0151s\u00e1vokra is: aki futna, fusson; aki olvasna, olvasson. Az el\u00e9gedetts\u00e9g abb\u00f3l fakad, hogy mindenkinek jut \u201esaj\u00e1t\u201d t\u00e9r, nem abb\u00f3l, hogy minden pillanat k\u00f6z\u00f6s.<\/p>\n<h3>Magyar KKV-n\u00e1l dolgozom, kev\u00e9s a tartal\u00e9k ember. Re\u00e1lis a puffernap a hazat\u00e9r\u00e9s \u00e9s a munkakezd\u00e9s k\u00f6z\u00f6tt?<\/h3>\n<p>Igen, ha el\u0151re be\u00e1razod. Nem \u201eextra szabi\u201d, hanem a visszat\u00e9r\u00e9s r\u00e9sze. Ha egy napot be\u00edrsz akklimatiz\u00e1ci\u00f3ra, pontosabban fogsz dolgozni az els\u0151 h\u00e9ten, kevesebb hib\u00e1val \u2013 ez <i>\u00fczletileg<\/i> is \u00e9rtelmezhet\u0151. A vezet\u0151dnek \u00edgy kommunik\u00e1ld: a puffernap c\u00e9lja, hogy kipihenten \u00e9s f\u00f3kusz\u00e1ltan t\u00e9rj vissza, ami a csapat teljes\u00edtm\u00e9ny\u00e9t v\u00e9di.<\/p>\n<h3>Meg\u00e9ri-e \u201edigit\u00e1lis detoxot\u201d tartani, ha am\u00fagy szeretek fot\u00f3zni \u00e9s megosztani?<\/h3>\n<p>Nem a fot\u00f3z\u00e1s a gond, hanem a megszak\u00edt\u00e1s. Ha a megoszt\u00e1st napi egy \u00f6sszef\u0171z\u00f6tt blokkba teszed (pl. este 20 perc), a jelenl\u00e9ted napk\u00f6zben megmarad. A k\u00e9pek \u00edgy is k\u00e9sz\u00fclnek, az idegrendszered pedig nem fut \u00e1lland\u00f3 \u201e\u00e9rtes\u00edt\u00e9s-\u0151rs\u00e9get\u201d.<\/p>\n<h3>Mit tegyek, ha az els\u0151 napokban \u201enem megy a pihen\u00e9s\u201d, ideges vagyok \u00e9s unatkozom?<\/h3>\n<p>Ez gyakori. A feszes h\u00e9tk\u00f6znapok ut\u00e1n az idegrendszer k\u00e9sleltetve enged el. Adj magadnak k\u00e9t nap akklimatiz\u00e1ci\u00f3t, kev\u00e9s programmal, sok alv\u00e1ssal, v\u00edzzel, s\u00e9t\u00e1val. Vezess be r\u00f6vid \u201esemmittev\u00e9s-blokkokat\u201d (20\u201330 perc), \u00e9s el\u0151re egyeztess a t\u00e1rsakkal, hogy ez most r\u00e9sze a tervnek \u2013 nem elz\u00e1rk\u00f3z\u00e1s, hanem helyre\u00e1ll\u00edt\u00e1s.<\/p>\n<p>&nbsp;<\/p>\n<h2>Forr\u00e1sok<\/h2>\n<p>De Bloom, J., Geurts, S., &amp; Kompier, M. (2010). Lots of fun, quickly gone? Work &amp; Stress. (DOI: 10.1080\/02678373.2010.493385)<\/p>\n<p><a href=\"https:\/\/doi.org\/10.1037\/1076-8998.12.3.204\">Sonnentag, S., &amp; Fritz, C. (2007). The Recovery Experience Questionnaire. Journal of Occupational Health Psychology.<\/a><\/p>\n<p><a href=\"https:\/\/doi.org\/10.1016\/j.obhdp.2015.08.002\">Barber, L. K., &amp; Santuzzi, A. M. (2015). Workplace telepressure. Organizational Behavior and Human Decision Processes.<\/a><\/p>\n","protected":false},"excerpt":{"rendered":"<p>Paradox dolog a nyaral\u00e1s: hetekig sz\u00e1molod a napokat, majd az els\u0151 munkanapon \u00fagy t\u00e9rsz vissza, mintha nem is volt\u00e1l volna sehol. A tengerparti k\u00e9pek \u00e9s a v\u00e1rosn\u00e9z\u0151s \u00e9lm\u00e9nyek megvannak, a f\u00e1radts\u00e1g m\u00e9gis marad. Mi\u00e9rt? Mert a pihen\u00e9s nem csup\u00e1n helysz\u00edn, hanem m\u0171k\u00f6d\u00e9sm\u00f3d. Ha a vak\u00e1ci\u00f3 alatt ugyanazokat a megk\u00fczd\u00e9si mint\u00e1kat viszed tov\u00e1bb, amelyek az \u00e9v&#8230;<\/p>\n","protected":false},"author":1,"featured_media":743,"comment_status":"closed","ping_status":"open","sticky":false,"template":"","format":"standard","meta":{"footnotes":""},"categories":[3],"tags":[],"class_list":["post-19","post","type-post","status-publish","format-standard","has-post-thumbnail","hentry","category-coaching-es-pszichologia-egerben"],"yoast_head":"<!-- This site is optimized with the Yoast SEO plugin v27.5 - https:\/\/yoast.com\/product\/yoast-seo-wordpress\/ -->\n<title>Nyaral\u00e1s, de hol a pihen\u00e9s? A val\u00f3di felt\u00f6lt\u0151d\u00e9s nyom\u00e1ban<\/title>\n<meta name=\"robots\" content=\"index, follow, max-snippet:-1, max-image-preview:large, max-video-preview:-1\" \/>\n<link rel=\"canonical\" href=\"https:\/\/egercoach.hu\/blog\/nyaralas-de-hol-a-pihenes\/\" \/>\n<meta property=\"og:locale\" content=\"hu_HU\" \/>\n<meta property=\"og:type\" content=\"article\" \/>\n<meta property=\"og:title\" content=\"Nyaral\u00e1s, de hol a pihen\u00e9s? A val\u00f3di felt\u00f6lt\u0151d\u00e9s nyom\u00e1ban\" \/>\n<meta property=\"og:description\" content=\"Paradox dolog a nyaral\u00e1s: hetekig sz\u00e1molod a napokat, majd az els\u0151 munkanapon \u00fagy t\u00e9rsz vissza, mintha nem is volt\u00e1l volna sehol. A tengerparti k\u00e9pek \u00e9s a v\u00e1rosn\u00e9z\u0151s \u00e9lm\u00e9nyek megvannak, a f\u00e1radts\u00e1g m\u00e9gis marad. Mi\u00e9rt? Mert a pihen\u00e9s nem csup\u00e1n helysz\u00edn, hanem m\u0171k\u00f6d\u00e9sm\u00f3d. Ha a vak\u00e1ci\u00f3 alatt ugyanazokat a megk\u00fczd\u00e9si mint\u00e1kat viszed tov\u00e1bb, amelyek az \u00e9v...\" \/>\n<meta property=\"og:url\" content=\"https:\/\/egercoach.hu\/blog\/nyaralas-de-hol-a-pihenes\/\" \/>\n<meta property=\"og:site_name\" content=\"Az Egri Coach Blogja\" \/>\n<meta property=\"article:publisher\" content=\"https:\/\/www.facebook.com\/eger.coach\" \/>\n<meta property=\"article:published_time\" content=\"2023-07-21T22:00:00+00:00\" \/>\n<meta property=\"article:modified_time\" content=\"2025-10-11T08:23:36+00:00\" \/>\n<meta property=\"og:image\" content=\"https:\/\/egercoach.hu\/blog\/wp-content\/uploads\/2025\/03\/four-beautiful-girls-cheers-and-drink-beers-on-beach-enjoying-vacation-vacation-time-smiling-.jpg\" \/>\n\t<meta property=\"og:image:width\" content=\"1500\" \/>\n\t<meta property=\"og:image:height\" content=\"1001\" \/>\n\t<meta property=\"og:image:type\" content=\"image\/jpeg\" \/>\n<meta name=\"author\" content=\"Dajka G\u00e1bor\" \/>\n<meta name=\"twitter:card\" content=\"summary_large_image\" \/>\n<meta name=\"twitter:label1\" content=\"Szerz\u0151:\" \/>\n\t<meta name=\"twitter:data1\" content=\"Dajka G\u00e1bor\" \/>\n\t<meta name=\"twitter:label2\" content=\"Becs\u00fclt olvas\u00e1si id\u0151\" \/>\n\t<meta name=\"twitter:data2\" content=\"10 perc\" \/>\n<script type=\"application\/ld+json\" class=\"yoast-schema-graph\">{\"@context\":\"https:\\\/\\\/schema.org\",\"@graph\":[{\"@type\":\"Article\",\"@id\":\"https:\\\/\\\/egercoach.hu\\\/blog\\\/nyaralas-de-hol-a-pihenes\\\/#article\",\"isPartOf\":{\"@id\":\"https:\\\/\\\/egercoach.hu\\\/blog\\\/nyaralas-de-hol-a-pihenes\\\/\"},\"author\":{\"name\":\"Dajka G\u00e1bor\",\"@id\":\"https:\\\/\\\/egercoach.hu\\\/blog\\\/#\\\/schema\\\/person\\\/afc73367aa314ca33a9c8d3b88dce6e7\"},\"headline\":\"Nyaral\u00e1s, de hol a pihen\u00e9s? A val\u00f3di felt\u00f6lt\u0151d\u00e9s nyom\u00e1ban\",\"datePublished\":\"2023-07-21T22:00:00+00:00\",\"dateModified\":\"2025-10-11T08:23:36+00:00\",\"mainEntityOfPage\":{\"@id\":\"https:\\\/\\\/egercoach.hu\\\/blog\\\/nyaralas-de-hol-a-pihenes\\\/\"},\"wordCount\":2741,\"publisher\":{\"@id\":\"https:\\\/\\\/egercoach.hu\\\/blog\\\/#organization\"},\"image\":{\"@id\":\"https:\\\/\\\/egercoach.hu\\\/blog\\\/nyaralas-de-hol-a-pihenes\\\/#primaryimage\"},\"thumbnailUrl\":\"https:\\\/\\\/egercoach.hu\\\/blog\\\/wp-content\\\/uploads\\\/2025\\\/03\\\/four-beautiful-girls-cheers-and-drink-beers-on-beach-enjoying-vacation-vacation-time-smiling-.jpg\",\"articleSection\":[\"Life coaching Egerben\"],\"inLanguage\":\"hu\"},{\"@type\":\"WebPage\",\"@id\":\"https:\\\/\\\/egercoach.hu\\\/blog\\\/nyaralas-de-hol-a-pihenes\\\/\",\"url\":\"https:\\\/\\\/egercoach.hu\\\/blog\\\/nyaralas-de-hol-a-pihenes\\\/\",\"name\":\"Nyaral\u00e1s, de hol a pihen\u00e9s? A val\u00f3di felt\u00f6lt\u0151d\u00e9s nyom\u00e1ban\",\"isPartOf\":{\"@id\":\"https:\\\/\\\/egercoach.hu\\\/blog\\\/#website\"},\"primaryImageOfPage\":{\"@id\":\"https:\\\/\\\/egercoach.hu\\\/blog\\\/nyaralas-de-hol-a-pihenes\\\/#primaryimage\"},\"image\":{\"@id\":\"https:\\\/\\\/egercoach.hu\\\/blog\\\/nyaralas-de-hol-a-pihenes\\\/#primaryimage\"},\"thumbnailUrl\":\"https:\\\/\\\/egercoach.hu\\\/blog\\\/wp-content\\\/uploads\\\/2025\\\/03\\\/four-beautiful-girls-cheers-and-drink-beers-on-beach-enjoying-vacation-vacation-time-smiling-.jpg\",\"datePublished\":\"2023-07-21T22:00:00+00:00\",\"dateModified\":\"2025-10-11T08:23:36+00:00\",\"breadcrumb\":{\"@id\":\"https:\\\/\\\/egercoach.hu\\\/blog\\\/nyaralas-de-hol-a-pihenes\\\/#breadcrumb\"},\"inLanguage\":\"hu\",\"potentialAction\":[{\"@type\":\"ReadAction\",\"target\":[\"https:\\\/\\\/egercoach.hu\\\/blog\\\/nyaralas-de-hol-a-pihenes\\\/\"]}]},{\"@type\":\"ImageObject\",\"inLanguage\":\"hu\",\"@id\":\"https:\\\/\\\/egercoach.hu\\\/blog\\\/nyaralas-de-hol-a-pihenes\\\/#primaryimage\",\"url\":\"https:\\\/\\\/egercoach.hu\\\/blog\\\/wp-content\\\/uploads\\\/2025\\\/03\\\/four-beautiful-girls-cheers-and-drink-beers-on-beach-enjoying-vacation-vacation-time-smiling-.jpg\",\"contentUrl\":\"https:\\\/\\\/egercoach.hu\\\/blog\\\/wp-content\\\/uploads\\\/2025\\\/03\\\/four-beautiful-girls-cheers-and-drink-beers-on-beach-enjoying-vacation-vacation-time-smiling-.jpg\",\"width\":1500,\"height\":1001,\"caption\":\"Four beautiful girls cheers and drink beers on beach, enjoying vacation. Vacation time smiling.\"},{\"@type\":\"BreadcrumbList\",\"@id\":\"https:\\\/\\\/egercoach.hu\\\/blog\\\/nyaralas-de-hol-a-pihenes\\\/#breadcrumb\",\"itemListElement\":[{\"@type\":\"ListItem\",\"position\":1,\"name\":\"Kezd\u0151lap\",\"item\":\"https:\\\/\\\/egercoach.hu\\\/blog\\\/\"},{\"@type\":\"ListItem\",\"position\":2,\"name\":\"Nyaral\u00e1s, de hol a pihen\u00e9s? A val\u00f3di felt\u00f6lt\u0151d\u00e9s nyom\u00e1ban\"}]},{\"@type\":\"WebSite\",\"@id\":\"https:\\\/\\\/egercoach.hu\\\/blog\\\/#website\",\"url\":\"https:\\\/\\\/egercoach.hu\\\/blog\\\/\",\"name\":\"Eger Coach Blog\",\"description\":\"\",\"publisher\":{\"@id\":\"https:\\\/\\\/egercoach.hu\\\/blog\\\/#organization\"},\"potentialAction\":[{\"@type\":\"SearchAction\",\"target\":{\"@type\":\"EntryPoint\",\"urlTemplate\":\"https:\\\/\\\/egercoach.hu\\\/blog\\\/?s={search_term_string}\"},\"query-input\":{\"@type\":\"PropertyValueSpecification\",\"valueRequired\":true,\"valueName\":\"search_term_string\"}}],\"inLanguage\":\"hu\"},{\"@type\":\"Organization\",\"@id\":\"https:\\\/\\\/egercoach.hu\\\/blog\\\/#organization\",\"name\":\"Eger Coach Blog\",\"url\":\"https:\\\/\\\/egercoach.hu\\\/blog\\\/\",\"logo\":{\"@type\":\"ImageObject\",\"inLanguage\":\"hu\",\"@id\":\"https:\\\/\\\/egercoach.hu\\\/blog\\\/#\\\/schema\\\/logo\\\/image\\\/\",\"url\":\"https:\\\/\\\/egercoach.hu\\\/blog\\\/wp-content\\\/uploads\\\/2025\\\/05\\\/cropped-Eger.png\",\"contentUrl\":\"https:\\\/\\\/egercoach.hu\\\/blog\\\/wp-content\\\/uploads\\\/2025\\\/05\\\/cropped-Eger.png\",\"width\":500,\"height\":169,\"caption\":\"Eger Coach Blog\"},\"image\":{\"@id\":\"https:\\\/\\\/egercoach.hu\\\/blog\\\/#\\\/schema\\\/logo\\\/image\\\/\"},\"sameAs\":[\"https:\\\/\\\/www.facebook.com\\\/eger.coach\"]},{\"@type\":\"Person\",\"@id\":\"https:\\\/\\\/egercoach.hu\\\/blog\\\/#\\\/schema\\\/person\\\/afc73367aa314ca33a9c8d3b88dce6e7\",\"name\":\"Dajka G\u00e1bor\",\"image\":{\"@type\":\"ImageObject\",\"inLanguage\":\"hu\",\"@id\":\"https:\\\/\\\/secure.gravatar.com\\\/avatar\\\/81566ea1e2b3466baa03e9bdcdaa835f58564d8be90057a45f3e61711dc8a063?s=96&d=mm&r=g\",\"url\":\"https:\\\/\\\/secure.gravatar.com\\\/avatar\\\/81566ea1e2b3466baa03e9bdcdaa835f58564d8be90057a45f3e61711dc8a063?s=96&d=mm&r=g\",\"contentUrl\":\"https:\\\/\\\/secure.gravatar.com\\\/avatar\\\/81566ea1e2b3466baa03e9bdcdaa835f58564d8be90057a45f3e61711dc8a063?s=96&d=mm&r=g\",\"caption\":\"Dajka G\u00e1bor\"},\"sameAs\":[\"https:\\\/\\\/egercoach.hu\\\/blog\"],\"url\":\"https:\\\/\\\/egercoach.hu\\\/blog\\\/author\\\/adminka\\\/\"}]}<\/script>\n<!-- \/ Yoast SEO plugin. -->","yoast_head_json":{"title":"Nyaral\u00e1s, de hol a pihen\u00e9s? A val\u00f3di felt\u00f6lt\u0151d\u00e9s nyom\u00e1ban","robots":{"index":"index","follow":"follow","max-snippet":"max-snippet:-1","max-image-preview":"max-image-preview:large","max-video-preview":"max-video-preview:-1"},"canonical":"https:\/\/egercoach.hu\/blog\/nyaralas-de-hol-a-pihenes\/","og_locale":"hu_HU","og_type":"article","og_title":"Nyaral\u00e1s, de hol a pihen\u00e9s? A val\u00f3di felt\u00f6lt\u0151d\u00e9s nyom\u00e1ban","og_description":"Paradox dolog a nyaral\u00e1s: hetekig sz\u00e1molod a napokat, majd az els\u0151 munkanapon \u00fagy t\u00e9rsz vissza, mintha nem is volt\u00e1l volna sehol. A tengerparti k\u00e9pek \u00e9s a v\u00e1rosn\u00e9z\u0151s \u00e9lm\u00e9nyek megvannak, a f\u00e1radts\u00e1g m\u00e9gis marad. Mi\u00e9rt? Mert a pihen\u00e9s nem csup\u00e1n helysz\u00edn, hanem m\u0171k\u00f6d\u00e9sm\u00f3d. Ha a vak\u00e1ci\u00f3 alatt ugyanazokat a megk\u00fczd\u00e9si mint\u00e1kat viszed tov\u00e1bb, amelyek az \u00e9v...","og_url":"https:\/\/egercoach.hu\/blog\/nyaralas-de-hol-a-pihenes\/","og_site_name":"Az Egri Coach Blogja","article_publisher":"https:\/\/www.facebook.com\/eger.coach","article_published_time":"2023-07-21T22:00:00+00:00","article_modified_time":"2025-10-11T08:23:36+00:00","og_image":[{"width":1500,"height":1001,"url":"https:\/\/egercoach.hu\/blog\/wp-content\/uploads\/2025\/03\/four-beautiful-girls-cheers-and-drink-beers-on-beach-enjoying-vacation-vacation-time-smiling-.jpg","type":"image\/jpeg"}],"author":"Dajka G\u00e1bor","twitter_card":"summary_large_image","twitter_misc":{"Szerz\u0151:":"Dajka G\u00e1bor","Becs\u00fclt olvas\u00e1si id\u0151":"10 perc"},"schema":{"@context":"https:\/\/schema.org","@graph":[{"@type":"Article","@id":"https:\/\/egercoach.hu\/blog\/nyaralas-de-hol-a-pihenes\/#article","isPartOf":{"@id":"https:\/\/egercoach.hu\/blog\/nyaralas-de-hol-a-pihenes\/"},"author":{"name":"Dajka G\u00e1bor","@id":"https:\/\/egercoach.hu\/blog\/#\/schema\/person\/afc73367aa314ca33a9c8d3b88dce6e7"},"headline":"Nyaral\u00e1s, de hol a pihen\u00e9s? A val\u00f3di felt\u00f6lt\u0151d\u00e9s nyom\u00e1ban","datePublished":"2023-07-21T22:00:00+00:00","dateModified":"2025-10-11T08:23:36+00:00","mainEntityOfPage":{"@id":"https:\/\/egercoach.hu\/blog\/nyaralas-de-hol-a-pihenes\/"},"wordCount":2741,"publisher":{"@id":"https:\/\/egercoach.hu\/blog\/#organization"},"image":{"@id":"https:\/\/egercoach.hu\/blog\/nyaralas-de-hol-a-pihenes\/#primaryimage"},"thumbnailUrl":"https:\/\/egercoach.hu\/blog\/wp-content\/uploads\/2025\/03\/four-beautiful-girls-cheers-and-drink-beers-on-beach-enjoying-vacation-vacation-time-smiling-.jpg","articleSection":["Life coaching Egerben"],"inLanguage":"hu"},{"@type":"WebPage","@id":"https:\/\/egercoach.hu\/blog\/nyaralas-de-hol-a-pihenes\/","url":"https:\/\/egercoach.hu\/blog\/nyaralas-de-hol-a-pihenes\/","name":"Nyaral\u00e1s, de hol a pihen\u00e9s? A val\u00f3di felt\u00f6lt\u0151d\u00e9s nyom\u00e1ban","isPartOf":{"@id":"https:\/\/egercoach.hu\/blog\/#website"},"primaryImageOfPage":{"@id":"https:\/\/egercoach.hu\/blog\/nyaralas-de-hol-a-pihenes\/#primaryimage"},"image":{"@id":"https:\/\/egercoach.hu\/blog\/nyaralas-de-hol-a-pihenes\/#primaryimage"},"thumbnailUrl":"https:\/\/egercoach.hu\/blog\/wp-content\/uploads\/2025\/03\/four-beautiful-girls-cheers-and-drink-beers-on-beach-enjoying-vacation-vacation-time-smiling-.jpg","datePublished":"2023-07-21T22:00:00+00:00","dateModified":"2025-10-11T08:23:36+00:00","breadcrumb":{"@id":"https:\/\/egercoach.hu\/blog\/nyaralas-de-hol-a-pihenes\/#breadcrumb"},"inLanguage":"hu","potentialAction":[{"@type":"ReadAction","target":["https:\/\/egercoach.hu\/blog\/nyaralas-de-hol-a-pihenes\/"]}]},{"@type":"ImageObject","inLanguage":"hu","@id":"https:\/\/egercoach.hu\/blog\/nyaralas-de-hol-a-pihenes\/#primaryimage","url":"https:\/\/egercoach.hu\/blog\/wp-content\/uploads\/2025\/03\/four-beautiful-girls-cheers-and-drink-beers-on-beach-enjoying-vacation-vacation-time-smiling-.jpg","contentUrl":"https:\/\/egercoach.hu\/blog\/wp-content\/uploads\/2025\/03\/four-beautiful-girls-cheers-and-drink-beers-on-beach-enjoying-vacation-vacation-time-smiling-.jpg","width":1500,"height":1001,"caption":"Four beautiful girls cheers and drink beers on beach, enjoying vacation. Vacation time smiling."},{"@type":"BreadcrumbList","@id":"https:\/\/egercoach.hu\/blog\/nyaralas-de-hol-a-pihenes\/#breadcrumb","itemListElement":[{"@type":"ListItem","position":1,"name":"Kezd\u0151lap","item":"https:\/\/egercoach.hu\/blog\/"},{"@type":"ListItem","position":2,"name":"Nyaral\u00e1s, de hol a pihen\u00e9s? A val\u00f3di felt\u00f6lt\u0151d\u00e9s nyom\u00e1ban"}]},{"@type":"WebSite","@id":"https:\/\/egercoach.hu\/blog\/#website","url":"https:\/\/egercoach.hu\/blog\/","name":"Eger Coach Blog","description":"","publisher":{"@id":"https:\/\/egercoach.hu\/blog\/#organization"},"potentialAction":[{"@type":"SearchAction","target":{"@type":"EntryPoint","urlTemplate":"https:\/\/egercoach.hu\/blog\/?s={search_term_string}"},"query-input":{"@type":"PropertyValueSpecification","valueRequired":true,"valueName":"search_term_string"}}],"inLanguage":"hu"},{"@type":"Organization","@id":"https:\/\/egercoach.hu\/blog\/#organization","name":"Eger Coach Blog","url":"https:\/\/egercoach.hu\/blog\/","logo":{"@type":"ImageObject","inLanguage":"hu","@id":"https:\/\/egercoach.hu\/blog\/#\/schema\/logo\/image\/","url":"https:\/\/egercoach.hu\/blog\/wp-content\/uploads\/2025\/05\/cropped-Eger.png","contentUrl":"https:\/\/egercoach.hu\/blog\/wp-content\/uploads\/2025\/05\/cropped-Eger.png","width":500,"height":169,"caption":"Eger Coach Blog"},"image":{"@id":"https:\/\/egercoach.hu\/blog\/#\/schema\/logo\/image\/"},"sameAs":["https:\/\/www.facebook.com\/eger.coach"]},{"@type":"Person","@id":"https:\/\/egercoach.hu\/blog\/#\/schema\/person\/afc73367aa314ca33a9c8d3b88dce6e7","name":"Dajka G\u00e1bor","image":{"@type":"ImageObject","inLanguage":"hu","@id":"https:\/\/secure.gravatar.com\/avatar\/81566ea1e2b3466baa03e9bdcdaa835f58564d8be90057a45f3e61711dc8a063?s=96&d=mm&r=g","url":"https:\/\/secure.gravatar.com\/avatar\/81566ea1e2b3466baa03e9bdcdaa835f58564d8be90057a45f3e61711dc8a063?s=96&d=mm&r=g","contentUrl":"https:\/\/secure.gravatar.com\/avatar\/81566ea1e2b3466baa03e9bdcdaa835f58564d8be90057a45f3e61711dc8a063?s=96&d=mm&r=g","caption":"Dajka G\u00e1bor"},"sameAs":["https:\/\/egercoach.hu\/blog"],"url":"https:\/\/egercoach.hu\/blog\/author\/adminka\/"}]}},"_links":{"self":[{"href":"https:\/\/egercoach.hu\/blog\/wp-json\/wp\/v2\/posts\/19","targetHints":{"allow":["GET"]}}],"collection":[{"href":"https:\/\/egercoach.hu\/blog\/wp-json\/wp\/v2\/posts"}],"about":[{"href":"https:\/\/egercoach.hu\/blog\/wp-json\/wp\/v2\/types\/post"}],"author":[{"embeddable":true,"href":"https:\/\/egercoach.hu\/blog\/wp-json\/wp\/v2\/users\/1"}],"replies":[{"embeddable":true,"href":"https:\/\/egercoach.hu\/blog\/wp-json\/wp\/v2\/comments?post=19"}],"version-history":[{"count":0,"href":"https:\/\/egercoach.hu\/blog\/wp-json\/wp\/v2\/posts\/19\/revisions"}],"wp:featuredmedia":[{"embeddable":true,"href":"https:\/\/egercoach.hu\/blog\/wp-json\/wp\/v2\/media\/743"}],"wp:attachment":[{"href":"https:\/\/egercoach.hu\/blog\/wp-json\/wp\/v2\/media?parent=19"}],"wp:term":[{"taxonomy":"category","embeddable":true,"href":"https:\/\/egercoach.hu\/blog\/wp-json\/wp\/v2\/categories?post=19"},{"taxonomy":"post_tag","embeddable":true,"href":"https:\/\/egercoach.hu\/blog\/wp-json\/wp\/v2\/tags?post=19"}],"curies":[{"name":"wp","href":"https:\/\/api.w.org\/{rel}","templated":true}]}}