{"id":21,"date":"2023-07-24T00:00:00","date_gmt":"2023-07-23T22:00:00","guid":{"rendered":"https:\/\/egercoach.hu\/blog\/2023\/07\/24\/a-vesztesegfeldolgozas-utazasa-egy-individualis-folyamat\/"},"modified":"2025-10-11T06:48:36","modified_gmt":"2025-10-11T04:48:36","slug":"a-vesztesegfeldolgozas-utazasa-egy-individualis-folyamat","status":"publish","type":"post","link":"https:\/\/egercoach.hu\/blog\/a-vesztesegfeldolgozas-utazasa-egy-individualis-folyamat\/","title":{"rendered":"Vesztes\u00e9gfeldolgoz\u00e1s utaz\u00e1sa: egy\u00e9ni folyamat"},"content":{"rendered":"<p>\u201eA gy\u00e1sz nem betegs\u00e9g, hanem az \u00e9l\u0151 kapcsolat lenyomata, amelyet a hi\u00e1ny alak\u00edt \u00e1t benn\u00fcnk.\u201d Ez a mondat nem k\u00f6lt\u0151i t\u00falz\u00e1s, hanem egy tapasztalati val\u00f3s\u00e1g le\u00edr\u00e1sa. Ha vesztes\u00e9g \u00e9r \u2014 hal\u00e1l, v\u00e1l\u00e1s, k\u00f6lt\u00f6z\u00e9s, eg\u00e9szs\u00e9groml\u00e1s, term\u00e9kenys\u00e9gi kudarc, munkahely elveszt\u00e9se, s\u0151t ak\u00e1r egy \u00e9letszakasz lez\u00e1r\u00e1sa \u2014, a bels\u0151 vil\u00e1god \u00e1trendez\u0151dik. Nem csup\u00e1n szomor\u00fas\u00e1g jelenik meg: sokan egyszerre \u00e9lnek \u00e1t haragot, b\u0171ntudatot, f\u00e9lelmet, zavarodotts\u00e1got, s\u0151t megk\u00f6nnyebb\u00fcl\u00e9st is. Ezek az \u00e9lm\u00e9nyek hull\u00e1mz\u00f3k, gyakran ellentmond\u00e1sosak, \u00e9s nem egy el\u0151re gy\u00e1rtott \u201e\u00f6t l\u00e9p\u00e9s\u201d szerint haladnak. Ebben az \u00fatmutat\u00f3ban \u2014 egri Gy\u00e1szfeldolgoz\u00e1s M\u00f3dszer\u00ae Specialistak\u00e9nt \u00e9s business coachk\u00e9nt \u2014 azt mutatom meg, hogyan \u00e9rthet\u0151 meg a gy\u00e1sz val\u00f3s, emberi dinamik\u00e1ja, hogyan lehet mellette \u00e9lhet\u0151 kereteket tartani, \u00e9s hogyan tudsz a k\u00f6rnyezeted sz\u00e1m\u00e1ra is t\u00e1masz maradni. Nem \u00fcres vigaszokat, hanem haszn\u00e1lhat\u00f3 kapaszkod\u00f3kat kapsz: mit \u00e9rdemes mondani (\u00e9s mit nem), mi seg\u00edt az \u00e9rzelmi szab\u00e1lyoz\u00e1sban, mikor id\u0151szer\u0171 szakemberhez fordulni, \u00e9s hogyan teremthetsz m\u00e9lt\u00f3, fenntarthat\u00f3 rendet a mindennapokban. Az \u00edr\u00e1s tegez\u0151 hangja sz\u00e1nd\u00e9kos: a gy\u00e1sz szem\u00e9lyes, k\u00f6zvetlen \u00e9s intim. A c\u00e9lom, hogy v\u00e9gig t\u00e1rsk\u00e9nt legyek melletted: \u00edt\u00e9lkez\u00e9s n\u00e9lk\u00fcl, gyakorlati pontoss\u00e1ggal \u00e9s emberi melegs\u00e9gben.<\/p>\n<h2>A gy\u00e1sz term\u00e9szete<\/h2>\n<p>Gyakran hallom: \u201eSzeretn\u00e9m m\u00e1r lez\u00e1rni.\u201d A gy\u00e1sz azonban nem lez\u00e1rhat\u00f3 projekt, sokkal ink\u00e1bb alkalmazkod\u00e1si folyamat. A vesztes\u00e9g- \u00e9s helyre\u00e1ll\u00edt\u00e1s-ir\u00e1nyults\u00e1g k\u00f6z\u00f6tt ing\u00e1zunk: egyik nap a hi\u00e1ny f\u00e1jdalm\u00e1t, eml\u00e9keket, k\u00f6nnyeket hoz, m\u00e1sik nap a teend\u0151k rendez\u00e9se, a szerepek \u00fajraoszt\u00e1sa, a h\u00e9tk\u00f6znapok technikai megold\u00e1sai ker\u00fclnek el\u0151t\u00e9rbe. Ez a v\u00e1ltakoz\u00e1s term\u00e9szetes. A line\u00e1ris \u201est\u00e1ci\u00f3k\u201d helyett \u00e9letszer\u0171bb elfogadni a dinamikus hull\u00e1mz\u00e1st. Ez az\u00e9rt fontos, mert leveszi r\u00f3lad azt a felesleges nyom\u00e1st, hogy \u201erosszul gy\u00e1szoln\u00e1l\u201d, ha egy jobb id\u0151szak ut\u00e1n ism\u00e9t nehezebb nap j\u00f6n. A gy\u00e1sz er\u0151forr\u00e1soldala sem kisebb jelent\u0151s\u00e9g\u0171: megfigyelhet\u0151, hogy sokan k\u00e9pesek a m\u00e9ly vesztes\u00e9g ellen\u00e9re is m\u0171k\u00f6dtetni a mindennapokat, s\u0151t, id\u0151vel rugalmasabban reag\u00e1lnak a stresszre. A \u201ereziliencia\u201d nem azt jelenti, hogy nem f\u00e1j; azt jelenti, hogy a f\u00e1jdalom mellett is kialakulnak m\u0171k\u00f6d\u0151 mint\u00e1k. Szakmai tapasztalatom szerint a gy\u00e1sz akkor v\u00e1lik elviselhetetlenn\u00e9, ha egyszerre pr\u00f3b\u00e1ljuk letagadni a hi\u00e1ny \u00e9rz\u00e9s\u00e9t \u00e9s a gyakorlati \u00e9letet is \u201ehib\u00e1tlanul\u201d vinni. Engedd meg a kett\u0151 k\u00f6zti ing\u00e1z\u00e1st: van id\u0151 az eml\u00e9kez\u00e9sre \u00e9s van id\u0151 a cselekv\u00e9sre \u2014 mindkett\u0151 ugyanannak a gy\u00f3gyul\u00e1si \u00edvnek a r\u00e9sze.<\/p>\n<h2>\u00c9rzelmek a gy\u00e1szban<\/h2>\n<p>A gy\u00e1sz sokarc\u00fa. A szomor\u00fas\u00e1g mell\u00e9 bek\u00faszhat harag (\u201eMi\u00e9rt t\u00f6rt\u00e9nt ez pont vel\u00fcnk?\u201d), b\u0171ntudat (\u201eM\u00e1sk\u00e9pp kellett volna d\u00f6ntenem\u2026\u201d), f\u00e9lelem (a bizonytalan j\u00f6v\u0151t\u0151l), zavarodotts\u00e1g \u00e9s \u00fcress\u00e9g. El\u0151fordul megk\u00f6nnyebb\u00fcl\u00e9s is \u2014 k\u00fcl\u00f6n\u00f6sen hosszan tart\u00f3 szenved\u00e9s, kimer\u00edt\u0151 gondoz\u00e1s, b\u00e1ntalmaz\u00f3 kapcsolat vagy v\u00e9get nem \u00e9r\u0151 konfliktus ut\u00e1n. Ez nem kegyetlens\u00e9g, hanem term\u00e9szetes idegrendszeri reakci\u00f3: amikor a fesz\u00fclts\u00e9g forr\u00e1sa megsz\u0171nik, a test-lelki rendszer fell\u00e9legez. A b\u0171ntudat gyakori k\u00eds\u00e9r\u0151jelens\u00e9g, sokszor ut\u00f3lagos \u201emindentud\u00e1sb\u00f3l\u201d fakad: a mai inform\u00e1ci\u00f3id f\u00e9ny\u00e9ben kivitelezhetetlen elv\u00e1r\u00e1sokat \u00e1ll\u00edtasz a tegnapi \u00e9ned el\u00e9. Ezen seg\u00edt a realit\u00e1s-sz\u0171r\u0151: milyen inform\u00e1ci\u00f3im, er\u0151forr\u00e1saim, tartal\u00e9kaim voltak akkor? A harag csatorn\u00e1z\u00e1sa szint\u00e9n kulcsk\u00e9rd\u00e9s: mozg\u00e1s, napl\u00f3\u00edr\u00e1s, struktur\u00e1lt besz\u00e9lget\u00e9s, ritmusos l\u00e9gz\u00e9s mind cs\u00f6kkenti a fiziol\u00f3giai terhel\u00e9st. A f\u00e9lelemn\u00e9l m\u0171k\u00f6dnek a \u201ek\u00f6vetkez\u0151 kis l\u00e9p\u00e9s\u201d akci\u00f3k: nem a k\u00f6vetkez\u0151 \u00e9vre, hanem a k\u00f6vetkez\u0151 k\u00e9t napra tervezel. A zavarodotts\u00e1g \u00e9s koncentr\u00e1ci\u00f3s neh\u00e9zs\u00e9g idej\u00e9n minimaliz\u00e1ld az inform\u00e1ci\u00f3s zajt, \u00edrj list\u00e1t, tarts r\u00f6vid, ism\u00e9tl\u0151d\u0151 rutinelemeket. Mindez nem relativiz\u00e1lja a f\u00e1jdalmat \u2014 de megtart\u00f3 keretet ad alatta. A legfontosabb: az \u00e9rzelmek nem egym\u00e1s ellenfelei. Lehet egyszerre szeretni \u00e9s d\u00fch\u00f6snek lenni, s\u00edrni \u00e9s nevetni. A gy\u00e1szban ez a \u201emindkett\u0151\u201d logika a realit\u00e1s.<\/p>\n<h2>Mit mondj \u00e9s mit ne mondj?<\/h2>\n<p>A nyelv gy\u00f3gy\u00edt vagy sebez. Sokan j\u00f3 sz\u00e1nd\u00e9kkal is \u00e1rtanak: \u201eLegal\u00e1bb nem szenved.\u201d, \u201eFogadd el, ez volt meg\u00edrva.\u201d, \u201eIdeje tov\u00e1bbl\u00e9pni.\u201d Ezek a mondatok gyakran a gy\u00e1szol\u00f3 \u00e9rz\u00e9seit relativiz\u00e1lj\u00e1k vagy siettetik. Ezzel szemben egyszer\u0171, tiszta mondatok m\u0171k\u00f6dnek: \u201eSajn\u00e1lom a vesztes\u00e9ged.\u201d, \u201eItt vagyok.\u201d, \u201eMes\u00e9ln\u00e9l r\u00f3la?\u201d A n\u00e9v kimond\u00e1sa, k\u00f6z\u00f6s eml\u00e9kek felid\u00e9z\u00e9se meger\u0151s\u00edti: a kapcsolat nem t\u0171nt el, csak form\u00e1t v\u00e1ltott. Az is t\u00e1mogat\u00e1s, ha nem besz\u00e9lsz \u2014 jelen vagy, hallgatsz, figyelsz. A vall\u00e1sos vigasz megoszt\u00f3 lehet: ha nem ismered a m\u00e1sik meggy\u0151z\u0151d\u00e9s\u00e9t, maradj a tapintatos egy\u00fctt\u00e9rz\u00e9sn\u00e9l. Fontos: a \u201ehogyan seg\u00edtsek?\u201d k\u00e9rd\u00e9s sokszor t\u00fal t\u00e1g. Aj\u00e1nlj fel konkr\u00e9tumokat: \u201eSzerd\u00e1n 16:00-kor bev\u00e1s\u00e1rolok neked. J\u00f3?\u201d \u201eHolnap elviszem a gyerekeket edz\u00e9sre.\u201d A gy\u00e1sz nem ig\u00e9nyli a t\u00f6k\u00e9letes szavakat, hanem a teret, az id\u0151t \u00e9s a hiteles jelenl\u00e9tet.<\/p>\n<table border=\"1\">\n<thead>\n<tr>\n<th>Helyzet \/ \u00c9rzelem<\/th>\n<th>Mit ne mondj<\/th>\n<th>Mit mondhatsz helyette<\/th>\n<th>Mit tehetsz<\/th>\n<\/tr>\n<\/thead>\n<tbody>\n<tr>\n<td>M\u00e9ly szomor\u00fas\u00e1g<\/td>\n<td>\u201eL\u00e9gy er\u0151s.\u201d \u201eT\u00fal kell lenned rajta.\u201d<\/td>\n<td>\u201eL\u00e1tom, mennyire f\u00e1j. Itt vagyok.\u201d<\/td>\n<td>Csendes jelenl\u00e9t, forr\u00f3 tea, r\u00f6vid s\u00e9ta felaj\u00e1nl\u00e1sa.<\/td>\n<\/tr>\n<tr>\n<td>Harag<\/td>\n<td>\u201eNe haragudj, az nem sz\u00e9p.\u201d<\/td>\n<td>\u201eJogos, hogy d\u00fch\u00f6s vagy. Elb\u00edrom, ha elmondod.\u201d<\/td>\n<td>Biztons\u00e1gos t\u00e9r a kibesz\u00e9l\u00e9shez; \u00edr\u00e1s, mozg\u00e1s \u00f6szt\u00f6nz\u00e9se.<\/td>\n<\/tr>\n<tr>\n<td>B\u0171ntudat<\/td>\n<td>\u201eNe hib\u00e1ztasd magad.\u201d<\/td>\n<td>\u201eMi volt akkor a tud\u00e1sod \u00e9s lehet\u0151s\u00e9ged?\u201d<\/td>\n<td>Visszan\u00e9z\u0151, re\u00e1lis \u00e1ttekint\u00e9s t\u00e1mogat\u00e1sa, t\u00e9nyekre t\u00e1maszkodva.<\/td>\n<\/tr>\n<tr>\n<td>F\u00e9lelem, bizonytalans\u00e1g<\/td>\n<td>\u201eMinden rendben lesz.\u201d<\/td>\n<td>\u201eL\u00e9pj\u00fcnk ma csak a k\u00f6vetkez\u0151 kis l\u00e9p\u00e9sig.\u201d<\/td>\n<td>Konkr\u00e9t \u00fcgyint\u00e9z\u00e9sben k\u00eds\u00e9r\u00e9s; napirend rendez\u00e9se.<\/td>\n<\/tr>\n<\/tbody>\n<\/table>\n<h2>Akt\u00edv jelenl\u00e9t \u00e9s hat\u00e1rok<\/h2>\n<p>Az akt\u00edv hallgat\u00e1s nem passzivit\u00e1s, hanem fegyelmezett figyelem. N\u00e9zel, visszat\u00fckr\u00f6z\u00f6l (\u201eAzt hallom, hogy\u2026 olyan, mintha\u2026\u201d), nem nyomod r\u00e1 a saj\u00e1t t\u00f6rt\u00e9netedet, \u00e9s nem sietsz megoldani az oldhatatlant. A hat\u00e1rok ugyanilyen fontosak: nem kell \u00e9jjel-nappal k\u00e9szenl\u00e9tben \u00e1llnod, \u00e9s nem kell olyan felel\u0151ss\u00e9get felv\u00e1llalnod, ami t\u00e9ged is \u00f6sszeroppant. A gy\u00e1szol\u00f3nak sem \u00e9rdeke, hogy a kapcsolatait \u201eki\u00e9g\u00e9ssel\u201d v\u00e1ltsd ki. Ink\u00e1bb alak\u00edtsatok ki kisz\u00e1m\u00edthat\u00f3, konkr\u00e9t t\u00e1maszpontokat: mikor h\u00edvod, mikor viszed \u00fcgyet int\u00e9zni, mikor esik j\u00f3l a s\u00e9ta. A spiritualit\u00e1s sz\u00f3ba hozhat\u00f3, ha a gy\u00e1szol\u00f3 h\u00edvja be \u2014 k\u00fcl\u00f6nben marad a tisztelet \u00e9s a val\u00f3s\u00e1gos seg\u00edt\u00e9s: v\u00edz, meleg \u00e9tel, alv\u00e1s, adminisztr\u00e1ci\u00f3, t\u00e1rsas jelenl\u00e9t. V\u00e9g\u00fcl: a t\u00f6rt\u00e9net r\u00e9szleteit nem kell \u201ekih\u00fazni\u201d bel\u0151le. Nem a t\u00e9nyek ism\u00e9tl\u00e9se gy\u00f3gy\u00edt, hanem az, hogy a gy\u00e1szol\u00f3 kontrollt gyakorolhat a megoszt\u00e1s felett \u2014 mikor, mit, mennyit, kivel. A j\u00f3 k\u00eds\u00e9r\u00e9s nem tolakod\u00f3, hanem k\u00f6vetkezetes, nyugodt \u00e9s kisz\u00e1m\u00edthat\u00f3.<\/p>\n<h2>\u00d6ngondoskod\u00e1s gy\u00e1szban<\/h2>\n<p>Az \u00f6nmagaddal val\u00f3 b\u00e1n\u00e1sm\u00f3d ebben az id\u0151szakban nem \u201eluxus\u201d, hanem elemi sz\u00fcks\u00e9glet. Els\u0151 pill\u00e9r: ritmus. Az alv\u00e1s \u00e9s \u00e9tkez\u00e9s idej\u00e9t igyekezz stabiliz\u00e1lni \u2014 nem perfekcionista szigort k\u00e9rek, hanem napi horgonypontokat (felkel\u00e9s, k\u00e9t \u00e9tkez\u00e9s, kinti leveg\u0151). M\u00e1sodik: mozg\u00e1s. Nem edz\u00e9sterv, hanem finom, ritmikus aktivit\u00e1s: s\u00e9ta, k\u00f6nny\u0171 ny\u00fajt\u00e1s, ker\u00e9kp\u00e1r. Harmadik: kapcsol\u00f3d\u00e1s. H\u00e1rom ember, akit felh\u00edvhatsz \u2014 \u00edrd fel a neveket, ne a mem\u00f3ri\u00e1dra hagyatkozz. Negyedik: kifejez\u00e9s. Napl\u00f3 vagy hangjegyzet, napi 10\u201315 perc. Nem sz\u00e9p\u00edr\u00e1s, hanem \u201eami van\u201d. \u00d6t\u00f6dik: mikro-ritu\u00e1l\u00e9. Gyertya, fot\u00f3, r\u00f6vid zene, ima vagy cs\u00f6nd \u2014 amit a kapcsolat m\u00e9lt\u00f3s\u00e1ga \u00e9s a te meggy\u0151z\u0151d\u00e9sed elb\u00edr. A gy\u00e1sz kezdeti szakasz\u00e1ban az agy leterhelt; a d\u00f6nt\u00e9sf\u00e1radts\u00e1g nagy. A \u201ek\u00e9szletez\u00e9s\u201d seg\u00edt: fagyasztott leves, el\u0151k\u00e9sz\u00edtett ruh\u00e1k, el\u0151re be\u00edrt id\u0151pontok. Ha vannak gyerekek, a kimondott mondatok sz\u00e1m\u00edtanak: koruknak megfelel\u0151en, egyszer\u0171en, k\u00f6rmondatok n\u00e9lk\u00fcl. Nem tudunk mindent megmagyar\u00e1zni; el\u00e9g, ha el\u00e9rhet\u0151k vagyunk \u00e9s kisz\u00e1m\u00edthat\u00f3ak.<\/p>\n<h2>Gy\u00e1sz a munkahelyen (magyar k\u00f6zegben)<\/h2>\n<p>Magyar munkakult\u00far\u00e1ban gyakori a \u201evissza\u00e1llsz \u00e9s csin\u00e1lod\u201d elv\u00e1r\u00e1s. A gy\u00e1sz azonban a kognit\u00edv teljes\u00edtm\u00e9nyt \u00e1tmenetileg cs\u00f6kkenti: figyelem, mem\u00f3ria, d\u00f6nt\u00e9shoz\u00e1s, energiaszint ingadozik. Vezet\u0151k\u00e9nt \u00e9s koll\u00e9gak\u00e9nt \u00e9rdemes az els\u0151 hetekre-h\u00f3napokra rugalmas kereteket adni: \u00e1tmeneti terhel\u00e9scs\u00f6kkent\u00e9s, r\u00f6videbb megbesz\u00e9l\u00e9sek, vil\u00e1gos priorit\u00e1sok, adminisztr\u00e1ci\u00f3 t\u00e1mogat\u00e1sa. Nem kell ter\u00e1pi\u00e1t j\u00e1tszani a munkahelyen, de igenis kell embernek maradni: r\u00e9szv\u00e9tnyilv\u00e1n\u00edt\u00e1s (n\u00e9v szerint), csendes jelenl\u00e9t, \u00e9s a \u201emit tudunk levenni a v\u00e1lladr\u00f3l\u201d t\u00edpus\u00fa konkr\u00e9t seg\u00edts\u00e9g. A \u201ecsapat\u00e9p\u00edt\u0151 vigadoz\u00e1s\u201d nem megold\u00e1s, s\u0151t, sokszor elidegen\u00edt. HR oldalr\u00f3l j\u00f3 gyakorlat a gy\u00e1szir\u00e1nyelvek r\u00f6gz\u00edt\u00e9se (t\u00f6bbletszabadnap rugalmas felhaszn\u00e1l\u00e1sa, fokozatos visszat\u00e9r\u00e9s, pszichol\u00f3gus-lista). \u00dczleti szempontb\u00f3l ez nem \u201ekedvess\u00e9g\u201d, hanem kock\u00e1zatcs\u00f6kkent\u00e9s: a rosszul kezelt gy\u00e1sz hosszabb t\u00e1v\u00fa kies\u00e9st, konfliktusokat, hib\u00e1z\u00e1st okoz. A gy\u00e1szban l\u00e9v\u0151 koll\u00e9ga nem \u201eprobl\u00e9ma\u201d, hanem ember; ha ezt a szervezet \u00e9rti, a lojalit\u00e1s \u00e9s a teljes\u00edtm\u00e9ny is vissza\u00e9p\u00fcl.<\/p>\n<h2>Mikor k\u00e9rj szakmai seg\u00edts\u00e9get?<\/h2>\n<p>A legt\u00f6bb gy\u00e1sz term\u00e9szetes lefoly\u00e1s\u00fa, k\u00fcls\u0151 t\u00e1maszokkal \u00e9s id\u0151vel elhordozhat\u00f3. Ugyanakkor vannak helyzetek, amikor c\u00e9lzott szakseg\u00edts\u00e9g indokolt. Ilyen jelz\u00e9s lehet, ha h\u00f3napok m\u00falt\u00e1n is tart\u00f3san \u00e1tsz\u00f6vi a napot az elviselhetetlen intenzit\u00e1s\u00fa s\u00f3v\u00e1rg\u00e1s \u00e9s b\u00e9n\u00edt\u00f3 hi\u00e1ny, ha a mindennapi funkcion\u00e1l\u00e1s hossz\u00fa ideig \u00f6sszeomlik (alv\u00e1s, t\u00e1pl\u00e1lkoz\u00e1s, munka, \u00f6nell\u00e1t\u00e1s), ha visszat\u00e9r\u0151en jelentkeznek \u00f6nk\u00e1ros\u00edt\u00f3 vagy szuicid gondolatok, ha a b\u0171ntudat k\u00f3rosan r\u00f6gz\u00fcl (\u201emindent \u00e9n rontottam el\u201d), illetve ha a vesztes\u00e9g traumatikus k\u00f6r\u00fclm\u00e9nyek k\u00f6z\u00f6tt t\u00f6rt\u00e9nt (baleset, hirtelen hal\u00e1l, gyermekveszt\u00e9s). Ilyenkor kifejezetten gy\u00e1szf\u00f3kusz\u00fa ter\u00e1pi\u00e1k, gy\u00e1szfeldolgoz\u00f3 m\u00f3dszerek vagy csoportok seg\u00edtenek, s\u00falyos esetben pedig pszichi\u00e1triai konzult\u00e1ci\u00f3 is sz\u00fcks\u00e9ges lehet. Fontos: a szakember nem elveszi t\u0151led a gy\u00e1szt, hanem tart\u00f3 keretet, feldolgoz\u00e1si \u00fatvonalat ad, \u00e9s seg\u00edt sz\u00e9tv\u00e1lasztani az eg\u00e9szs\u00e9ges gy\u00e1szt a bonyolult, elh\u00faz\u00f3d\u00f3 gy\u00e1szreakci\u00f3kt\u00f3l. Seg\u00edts\u00e9get k\u00e9rni nem er\u0151tlens\u00e9g, hanem felel\u0151ss\u00e9g a jelened\u00e9rt \u00e9s a j\u00f6v\u0151d\u00e9rt.<\/p>\n<h2>14 napos minim\u00e1l akci\u00f3terv (\u00f6nmagad\u00e9rt \u00e9s hozz\u00e1tartoz\u00f3\u00e9rt)<\/h2>\n<ul>\n<li>Napi h\u00e1rom horgonypont: felkel\u00e9sid\u0151, egy meleg \u00e9tel, 20\u201330 perc s\u00e9ta vagy k\u00f6nny\u0171 mozg\u00e1s.<\/li>\n<li>Napl\u00f3\/hangjegyzet: 10 perc \u201eami van\u201d (nem kell sz\u00e9pnek lennie).<\/li>\n<li>Kapcsol\u00f3d\u00e1s: h\u00e1rom n\u00e9v, akit felh\u00edvhatsz; jel\u00f6ld meg a heti k\u00e9t id\u0151s\u00e1vot a besz\u00e9lget\u00e9sre.<\/li>\n<li>Mikro-ritu\u00e1l\u00e9: gyertya, ima, zene vagy n\u00e9ma \u00fcl\u00e9s \u2014 napi 5 perc.<\/li>\n<li>Admin-blokk: heti k\u00e9t alkalommal 30 perc \u00fcgyint\u00e9z\u00e9s (k\u00f6z\u00fczem, iratok, hagyat\u00e9k); t\u00e1rs bevon\u00e1sa aj\u00e1nlott.<\/li>\n<li>Digit\u00e1lis ker\u00edt\u00e9s: naponta k\u00e9t \u201eoffline\u201d \u00f3ra (\u00e9rtes\u00edt\u00e9sek kikapcsolva).<\/li>\n<li>Alv\u00e1s-higi\u00e9n\u00e9: lefekv\u00e9s el\u0151tt 60 perccel k\u00e9perny\u0151mentes id\u0151, langyos zuhany, s\u00f6t\u00e9t szoba.<\/li>\n<li>Seg\u00edt\u0151 fel\u00e9 jelz\u00e9s: ha az \u00e9tkez\u00e9s, alv\u00e1s, \u00f6nell\u00e1t\u00e1s s\u00falyosan sz\u00e9tesik, vagy szuicid gondolat jelenik meg, azonnal szakemberhez fordul\u00e1s.<\/li>\n<\/ul>\n<h2>Dajka G\u00e1bor business coach szerint<\/h2>\n<p>A gy\u00e1sz nem feladatlista, hanem kapcsolatunk \u00faj nyelvre ford\u00edt\u00e1sa. Nem az a c\u00e9l, hogy \u201et\u00fall\u00e9pj\u201d, hanem hogy egy\u00fctt tudj \u00e9lni a hi\u00e1nnyal \u00fagy, hogy k\u00f6zben az \u00e9leted \u00fajra ben\u00e9pes\u00fcl \u00e9rt\u00e9kkel, felel\u0151ss\u00e9ggel \u00e9s \u00f6r\u00f6mmel. Ha megengeded magadnak a kett\u0151ss\u00e9get \u2014 eml\u00e9kezni \u00e9s \u00e9lni \u2014, a vesztes\u00e9g nem lesz kisebb, de te nagyobb leszel. Ami m\u00f6g\u00f6ttem szakmai m\u00f3dszer, m\u00f6g\u00f6tted tapasztalat, az egy\u00fctt m\u00e9lt\u00f3 \u00fat lehet kifel\u00e9 a k\u00f6db\u0151l. V\u00e1llald az igazat: f\u00e1j, \u00e9s \u00e9lni akarsz. Ez a k\u00e9t mondat egyszerre is kimondhat\u00f3, \u00e9s amikor ez megt\u00f6rt\u00e9nik, megindul az a csendes \u00e1trendez\u0151d\u00e9s, amelynek a neve nem felejt\u00e9s, hanem h\u0171s\u00e9g az \u00e9lethez. <i>\u201eA gy\u00e1sz ott kezd\u0151dik, ahol kimondjuk az igazat; \u00e9s ott enyh\u00fcl, ahol felel\u0151ss\u00e9get v\u00e1llalunk a holnapunk\u00e9rt.\u201d<\/i> \u2014 <b>Dajka G\u00e1bor<\/b><\/p>\n<h2>Szak\u00e9rt\u0151 v\u00e1laszol \u2013 GYIK<\/h2>\n<h3>Lehet egyszerre megk\u00f6nnyebb\u00fcl\u00e9st \u00e9s m\u00e9ly f\u00e1jdalmat \u00e9rezni? Ez nem \u201ehelytelen\u201d?<\/h3>\n<p>Egy\u00e1ltal\u00e1n nem. A kett\u0151s \u00e9rzelem a gy\u00e1sz term\u00e9szetes velej\u00e1r\u00f3ja, k\u00fcl\u00f6n\u00f6sen hosszan tart\u00f3 szenved\u00e9s, gondoz\u00e1s vagy konfliktusos kapcsolati el\u0151zm\u00e9ny ut\u00e1n. A megk\u00f6nnyebb\u00fcl\u00e9s nem \u00e9rt\u00e9k\u00edt\u00e9let a m\u00e1sikr\u00f3l; a fesz\u00fclts\u00e9g cs\u00f6kken\u00e9s\u00e9re adott idegrendszeri v\u00e1lasz. A b\u0171ntudat helyett \u00e9rdemes egy\u00fctt tartani a k\u00e9t igazs\u00e1got: szerett\u00e9l \u00e9s szenvedt\u00e9l. Mindkett\u0151 lehet egyszerre igaz.<\/p>\n<h3>Meddig \u201enorm\u00e1lis\u201d, ha h\u00f3napok m\u00falva is visszat\u00e9rnek a neh\u00e9z napok?<\/h3>\n<p>A hull\u00e1mz\u00e1s a gy\u00e1sz saj\u00e1tja. \u00c9vfordul\u00f3k, helysz\u00ednek, illatok, zen\u00e9k reaktiv\u00e1lhatj\u00e1k az eml\u00e9kez\u00e9st. A f\u0151 jelz\u0151f\u00e9ny nem az, hogy vannak-e neh\u00e9z napok, hanem az, hogy k\u00f6z\u00f6tt\u00fck vissza tudsz-e kapcsol\u00f3dni a h\u00e9tk\u00f6znapokba. Ha a funkcion\u00e1l\u00e1s tart\u00f3san \u00f6sszeomlik, vagy a s\u00f3v\u00e1rg\u00e1s, \u00fcress\u00e9g mindent fel\u00fcl\u00edr, \u00e9rdemes szakemberhez fordulni.<\/p>\n<h3>Mit tegyek, ha a k\u00f6rnyezetem s\u00fcrget (\u201eideje t\u00fall\u00e9pni\u201d), de \u00e9n m\u00e9g nem \u00e1llok k\u00e9szen?<\/h3>\n<p>Jel\u00f6ld ki a hat\u00e1raidat r\u00f6vid, vil\u00e1gos mondatokkal: \u201eK\u00f6sz\u00f6n\u00f6m a t\u00f6r\u0151d\u00e9st, most m\u00e9g id\u0151re van sz\u00fcks\u00e9gem.\u201d Aj\u00e1nlj alternat\u00edv\u00e1t: \u201eS\u00e9t\u00e1ljunk ink\u00e1bb, nem szeretn\u00e9k a r\u00e9szletekr\u0151l besz\u00e9lni.\u201d V\u00e1laszd meg, kivel, mikor \u00e9s mir\u0151l besz\u00e9lsz. A gy\u00e1szban a kontroll \u00e9rz\u00e9se kulcsfontoss\u00e1g\u00fa; jogod van a saj\u00e1t temp\u00f3dhoz.<\/p>\n<h3>Hogyan \u00e1ll a magyar munkahelyi k\u00f6zeg a gy\u00e1szhoz, \u00e9s mire sz\u00e1m\u00edthatok?<\/h3>\n<p>Vegyes a k\u00e9p. Sok helyen m\u00e9g nincs explicit gy\u00e1szir\u00e1nyelv, ez\u00e9rt a visszat\u00e9r\u00e9s egy\u00e9ni meg\u00e1llapod\u00e1sokon m\u00falik. \u00c9rdemes a vezet\u0151ddel konkr\u00e9tan egyeztetni: \u00e1tmeneti terhel\u00e9scs\u00f6kkent\u00e9s, r\u00f6videbb meetingek, kiemelt priorit\u00e1sok, rugalmas szabadnapok. Ha HR-es csatorna van, k\u00e9rj \u00edr\u00e1sos t\u00e1mpontokat (pszichol\u00f3gus-lista, csoportos t\u00e1mogat\u00e1s).<\/p>\n<h3>Mikor jelez \u201ebonyolult\u201d gy\u00e1szra, ha valaki a csal\u00e1domban nagyon nehezen mozdul?<\/h3>\n<p>Ha h\u00f3napok m\u00falt\u00e1n is elviselhetetlen intenzit\u00e1s\u00fa a s\u00f3v\u00e1rg\u00e1s, beszorul a mindennapi m\u0171k\u00f6d\u00e9s (alv\u00e1s, \u00f6nell\u00e1t\u00e1s), kifejezett rem\u00e9nytelens\u00e9g vagy \u00f6nk\u00e1ros\u00edt\u00f3 gondolatok jelennek meg, illetve ha traumatikus k\u00f6r\u00fclm\u00e9nyek k\u00f6z\u00f6tt t\u00f6rt\u00e9nt a vesztes\u00e9g. Ilyenkor id\u0151ben k\u00e9rjetek gy\u00e1szf\u00f3kusz\u00fa szakmai seg\u00edts\u00e9get.<\/p>\n<h2>Aj\u00e1nlott magyar vide\u00f3k\/podcastok<\/h2>\n<p><iframe title=\"Pszichopatika Podcast - Gy\u00e1sz\" width=\"640\" height=\"360\" data-src=\"https:\/\/www.youtube.com\/embed\/2ZLAV_DmxfQ?feature=oembed\" frameborder=\"0\" allow=\"accelerometer; autoplay; clipboard-write; encrypted-media; gyroscope; picture-in-picture; web-share\" referrerpolicy=\"strict-origin-when-cross-origin\" allowfullscreen src=\"data:image\/svg+xml;base64,PHN2ZyB3aWR0aD0iMSIgaGVpZ2h0PSIxIiB4bWxucz0iaHR0cDovL3d3dy53My5vcmcvMjAwMC9zdmciPjwvc3ZnPg==\" class=\"lazyload\" data-load-mode=\"1\"><\/iframe><\/p>\n<h2>Forr\u00e1sok<\/h2>\n<p><a href=\"https:\/\/jamanetwork.com\/journals\/jamapsychiatry\/article-abstract\/2787438\">Prigerson, H. G., &amp; Weathers, F. W. (2022). Prolonged Grief Disorder in the DSM-5-TR. JAMA Psychiatry.<\/a><\/p>\n<p><a href=\"https:\/\/doi.org\/10.1037\/0003-066X.59.1.20\">Bonanno, G. A. (2004). Loss, trauma, and human resilience. American Psychologist.<\/a><\/p>\n<p><a href=\"https:\/\/doi.org\/10.1080\/074811899201046\">Stroebe, M., &amp; Schut, H. (1999). The Dual Process Model of Coping with Bereavement. Death Studies.<\/a><\/p>\n","protected":false},"excerpt":{"rendered":"<p>\u201eA gy\u00e1sz nem betegs\u00e9g, hanem az \u00e9l\u0151 kapcsolat lenyomata, amelyet a hi\u00e1ny alak\u00edt \u00e1t benn\u00fcnk.\u201d Ez a mondat nem k\u00f6lt\u0151i t\u00falz\u00e1s, hanem egy tapasztalati val\u00f3s\u00e1g le\u00edr\u00e1sa. Ha vesztes\u00e9g \u00e9r \u2014 hal\u00e1l, v\u00e1l\u00e1s, k\u00f6lt\u00f6z\u00e9s, eg\u00e9szs\u00e9groml\u00e1s, term\u00e9kenys\u00e9gi kudarc, munkahely elveszt\u00e9se, s\u0151t ak\u00e1r egy \u00e9letszakasz lez\u00e1r\u00e1sa \u2014, a bels\u0151 vil\u00e1god \u00e1trendez\u0151dik. Nem csup\u00e1n szomor\u00fas\u00e1g jelenik meg: sokan egyszerre&#8230;<\/p>\n","protected":false},"author":1,"featured_media":746,"comment_status":"closed","ping_status":"open","sticky":false,"template":"","format":"standard","meta":{"footnotes":""},"categories":[4],"tags":[],"class_list":["post-21","post","type-post","status-publish","format-standard","has-post-thumbnail","hentry","category-gyaszfeldolgozas-egerben"],"yoast_head":"<!-- This site is optimized with the Yoast SEO plugin v27.5 - https:\/\/yoast.com\/product\/yoast-seo-wordpress\/ -->\n<title>Vesztes\u00e9gfeldolgoz\u00e1s utaz\u00e1sa: egy\u00e9ni folyamat<\/title>\n<meta name=\"robots\" content=\"index, follow, max-snippet:-1, max-image-preview:large, max-video-preview:-1\" \/>\n<link rel=\"canonical\" href=\"https:\/\/egercoach.hu\/blog\/a-vesztesegfeldolgozas-utazasa-egy-individualis-folyamat\/\" \/>\n<meta property=\"og:locale\" content=\"hu_HU\" \/>\n<meta property=\"og:type\" content=\"article\" \/>\n<meta property=\"og:title\" content=\"Vesztes\u00e9gfeldolgoz\u00e1s utaz\u00e1sa: egy\u00e9ni folyamat\" \/>\n<meta property=\"og:description\" content=\"\u201eA gy\u00e1sz nem betegs\u00e9g, hanem az \u00e9l\u0151 kapcsolat lenyomata, amelyet a hi\u00e1ny alak\u00edt \u00e1t benn\u00fcnk.\u201d Ez a mondat nem k\u00f6lt\u0151i t\u00falz\u00e1s, hanem egy tapasztalati val\u00f3s\u00e1g le\u00edr\u00e1sa. Ha vesztes\u00e9g \u00e9r \u2014 hal\u00e1l, v\u00e1l\u00e1s, k\u00f6lt\u00f6z\u00e9s, eg\u00e9szs\u00e9groml\u00e1s, term\u00e9kenys\u00e9gi kudarc, munkahely elveszt\u00e9se, s\u0151t ak\u00e1r egy \u00e9letszakasz lez\u00e1r\u00e1sa \u2014, a bels\u0151 vil\u00e1god \u00e1trendez\u0151dik. Nem csup\u00e1n szomor\u00fas\u00e1g jelenik meg: sokan egyszerre...\" \/>\n<meta property=\"og:url\" content=\"https:\/\/egercoach.hu\/blog\/a-vesztesegfeldolgozas-utazasa-egy-individualis-folyamat\/\" \/>\n<meta property=\"og:site_name\" content=\"Az Egri Coach Blogja\" \/>\n<meta property=\"article:publisher\" content=\"https:\/\/www.facebook.com\/eger.coach\" \/>\n<meta property=\"article:published_time\" content=\"2023-07-23T22:00:00+00:00\" \/>\n<meta property=\"article:modified_time\" content=\"2025-10-11T04:48:36+00:00\" \/>\n<meta property=\"og:image\" content=\"https:\/\/egercoach.hu\/blog\/wp-content\/uploads\/2025\/03\/grief.jpg\" \/>\n\t<meta property=\"og:image:width\" content=\"1500\" \/>\n\t<meta property=\"og:image:height\" content=\"1000\" \/>\n\t<meta property=\"og:image:type\" content=\"image\/jpeg\" \/>\n<meta name=\"author\" content=\"Dajka G\u00e1bor\" \/>\n<meta name=\"twitter:card\" content=\"summary_large_image\" \/>\n<meta name=\"twitter:label1\" content=\"Szerz\u0151:\" \/>\n\t<meta name=\"twitter:data1\" content=\"Dajka G\u00e1bor\" \/>\n\t<meta name=\"twitter:label2\" content=\"Becs\u00fclt olvas\u00e1si id\u0151\" \/>\n\t<meta name=\"twitter:data2\" content=\"10 perc\" \/>\n<script type=\"application\/ld+json\" class=\"yoast-schema-graph\">{\"@context\":\"https:\\\/\\\/schema.org\",\"@graph\":[{\"@type\":\"Article\",\"@id\":\"https:\\\/\\\/egercoach.hu\\\/blog\\\/a-vesztesegfeldolgozas-utazasa-egy-individualis-folyamat\\\/#article\",\"isPartOf\":{\"@id\":\"https:\\\/\\\/egercoach.hu\\\/blog\\\/a-vesztesegfeldolgozas-utazasa-egy-individualis-folyamat\\\/\"},\"author\":{\"name\":\"Dajka G\u00e1bor\",\"@id\":\"https:\\\/\\\/egercoach.hu\\\/blog\\\/#\\\/schema\\\/person\\\/afc73367aa314ca33a9c8d3b88dce6e7\"},\"headline\":\"Vesztes\u00e9gfeldolgoz\u00e1s utaz\u00e1sa: egy\u00e9ni folyamat\",\"datePublished\":\"2023-07-23T22:00:00+00:00\",\"dateModified\":\"2025-10-11T04:48:36+00:00\",\"mainEntityOfPage\":{\"@id\":\"https:\\\/\\\/egercoach.hu\\\/blog\\\/a-vesztesegfeldolgozas-utazasa-egy-individualis-folyamat\\\/\"},\"wordCount\":2794,\"publisher\":{\"@id\":\"https:\\\/\\\/egercoach.hu\\\/blog\\\/#organization\"},\"image\":{\"@id\":\"https:\\\/\\\/egercoach.hu\\\/blog\\\/a-vesztesegfeldolgozas-utazasa-egy-individualis-folyamat\\\/#primaryimage\"},\"thumbnailUrl\":\"https:\\\/\\\/egercoach.hu\\\/blog\\\/wp-content\\\/uploads\\\/2025\\\/03\\\/grief.jpg\",\"articleSection\":[\"Gy\u00e1szfeldolgoz\u00e1s Egerben\"],\"inLanguage\":\"hu\"},{\"@type\":\"WebPage\",\"@id\":\"https:\\\/\\\/egercoach.hu\\\/blog\\\/a-vesztesegfeldolgozas-utazasa-egy-individualis-folyamat\\\/\",\"url\":\"https:\\\/\\\/egercoach.hu\\\/blog\\\/a-vesztesegfeldolgozas-utazasa-egy-individualis-folyamat\\\/\",\"name\":\"Vesztes\u00e9gfeldolgoz\u00e1s utaz\u00e1sa: egy\u00e9ni folyamat\",\"isPartOf\":{\"@id\":\"https:\\\/\\\/egercoach.hu\\\/blog\\\/#website\"},\"primaryImageOfPage\":{\"@id\":\"https:\\\/\\\/egercoach.hu\\\/blog\\\/a-vesztesegfeldolgozas-utazasa-egy-individualis-folyamat\\\/#primaryimage\"},\"image\":{\"@id\":\"https:\\\/\\\/egercoach.hu\\\/blog\\\/a-vesztesegfeldolgozas-utazasa-egy-individualis-folyamat\\\/#primaryimage\"},\"thumbnailUrl\":\"https:\\\/\\\/egercoach.hu\\\/blog\\\/wp-content\\\/uploads\\\/2025\\\/03\\\/grief.jpg\",\"datePublished\":\"2023-07-23T22:00:00+00:00\",\"dateModified\":\"2025-10-11T04:48:36+00:00\",\"breadcrumb\":{\"@id\":\"https:\\\/\\\/egercoach.hu\\\/blog\\\/a-vesztesegfeldolgozas-utazasa-egy-individualis-folyamat\\\/#breadcrumb\"},\"inLanguage\":\"hu\",\"potentialAction\":[{\"@type\":\"ReadAction\",\"target\":[\"https:\\\/\\\/egercoach.hu\\\/blog\\\/a-vesztesegfeldolgozas-utazasa-egy-individualis-folyamat\\\/\"]}]},{\"@type\":\"ImageObject\",\"inLanguage\":\"hu\",\"@id\":\"https:\\\/\\\/egercoach.hu\\\/blog\\\/a-vesztesegfeldolgozas-utazasa-egy-individualis-folyamat\\\/#primaryimage\",\"url\":\"https:\\\/\\\/egercoach.hu\\\/blog\\\/wp-content\\\/uploads\\\/2025\\\/03\\\/grief.jpg\",\"contentUrl\":\"https:\\\/\\\/egercoach.hu\\\/blog\\\/wp-content\\\/uploads\\\/2025\\\/03\\\/grief.jpg\",\"width\":1500,\"height\":1000,\"caption\":\"candle in the shadows \\\/ religion \\\/ grief\"},{\"@type\":\"BreadcrumbList\",\"@id\":\"https:\\\/\\\/egercoach.hu\\\/blog\\\/a-vesztesegfeldolgozas-utazasa-egy-individualis-folyamat\\\/#breadcrumb\",\"itemListElement\":[{\"@type\":\"ListItem\",\"position\":1,\"name\":\"Kezd\u0151lap\",\"item\":\"https:\\\/\\\/egercoach.hu\\\/blog\\\/\"},{\"@type\":\"ListItem\",\"position\":2,\"name\":\"Vesztes\u00e9gfeldolgoz\u00e1s utaz\u00e1sa: egy\u00e9ni folyamat\"}]},{\"@type\":\"WebSite\",\"@id\":\"https:\\\/\\\/egercoach.hu\\\/blog\\\/#website\",\"url\":\"https:\\\/\\\/egercoach.hu\\\/blog\\\/\",\"name\":\"Eger Coach Blog\",\"description\":\"\",\"publisher\":{\"@id\":\"https:\\\/\\\/egercoach.hu\\\/blog\\\/#organization\"},\"potentialAction\":[{\"@type\":\"SearchAction\",\"target\":{\"@type\":\"EntryPoint\",\"urlTemplate\":\"https:\\\/\\\/egercoach.hu\\\/blog\\\/?s={search_term_string}\"},\"query-input\":{\"@type\":\"PropertyValueSpecification\",\"valueRequired\":true,\"valueName\":\"search_term_string\"}}],\"inLanguage\":\"hu\"},{\"@type\":\"Organization\",\"@id\":\"https:\\\/\\\/egercoach.hu\\\/blog\\\/#organization\",\"name\":\"Eger Coach Blog\",\"url\":\"https:\\\/\\\/egercoach.hu\\\/blog\\\/\",\"logo\":{\"@type\":\"ImageObject\",\"inLanguage\":\"hu\",\"@id\":\"https:\\\/\\\/egercoach.hu\\\/blog\\\/#\\\/schema\\\/logo\\\/image\\\/\",\"url\":\"https:\\\/\\\/egercoach.hu\\\/blog\\\/wp-content\\\/uploads\\\/2025\\\/05\\\/cropped-Eger.png\",\"contentUrl\":\"https:\\\/\\\/egercoach.hu\\\/blog\\\/wp-content\\\/uploads\\\/2025\\\/05\\\/cropped-Eger.png\",\"width\":500,\"height\":169,\"caption\":\"Eger Coach Blog\"},\"image\":{\"@id\":\"https:\\\/\\\/egercoach.hu\\\/blog\\\/#\\\/schema\\\/logo\\\/image\\\/\"},\"sameAs\":[\"https:\\\/\\\/www.facebook.com\\\/eger.coach\"]},{\"@type\":\"Person\",\"@id\":\"https:\\\/\\\/egercoach.hu\\\/blog\\\/#\\\/schema\\\/person\\\/afc73367aa314ca33a9c8d3b88dce6e7\",\"name\":\"Dajka G\u00e1bor\",\"image\":{\"@type\":\"ImageObject\",\"inLanguage\":\"hu\",\"@id\":\"https:\\\/\\\/secure.gravatar.com\\\/avatar\\\/81566ea1e2b3466baa03e9bdcdaa835f58564d8be90057a45f3e61711dc8a063?s=96&d=mm&r=g\",\"url\":\"https:\\\/\\\/secure.gravatar.com\\\/avatar\\\/81566ea1e2b3466baa03e9bdcdaa835f58564d8be90057a45f3e61711dc8a063?s=96&d=mm&r=g\",\"contentUrl\":\"https:\\\/\\\/secure.gravatar.com\\\/avatar\\\/81566ea1e2b3466baa03e9bdcdaa835f58564d8be90057a45f3e61711dc8a063?s=96&d=mm&r=g\",\"caption\":\"Dajka G\u00e1bor\"},\"sameAs\":[\"https:\\\/\\\/egercoach.hu\\\/blog\"],\"url\":\"https:\\\/\\\/egercoach.hu\\\/blog\\\/author\\\/adminka\\\/\"}]}<\/script>\n<!-- \/ Yoast SEO plugin. -->","yoast_head_json":{"title":"Vesztes\u00e9gfeldolgoz\u00e1s utaz\u00e1sa: egy\u00e9ni folyamat","robots":{"index":"index","follow":"follow","max-snippet":"max-snippet:-1","max-image-preview":"max-image-preview:large","max-video-preview":"max-video-preview:-1"},"canonical":"https:\/\/egercoach.hu\/blog\/a-vesztesegfeldolgozas-utazasa-egy-individualis-folyamat\/","og_locale":"hu_HU","og_type":"article","og_title":"Vesztes\u00e9gfeldolgoz\u00e1s utaz\u00e1sa: egy\u00e9ni folyamat","og_description":"\u201eA gy\u00e1sz nem betegs\u00e9g, hanem az \u00e9l\u0151 kapcsolat lenyomata, amelyet a hi\u00e1ny alak\u00edt \u00e1t benn\u00fcnk.\u201d Ez a mondat nem k\u00f6lt\u0151i t\u00falz\u00e1s, hanem egy tapasztalati val\u00f3s\u00e1g le\u00edr\u00e1sa. Ha vesztes\u00e9g \u00e9r \u2014 hal\u00e1l, v\u00e1l\u00e1s, k\u00f6lt\u00f6z\u00e9s, eg\u00e9szs\u00e9groml\u00e1s, term\u00e9kenys\u00e9gi kudarc, munkahely elveszt\u00e9se, s\u0151t ak\u00e1r egy \u00e9letszakasz lez\u00e1r\u00e1sa \u2014, a bels\u0151 vil\u00e1god \u00e1trendez\u0151dik. Nem csup\u00e1n szomor\u00fas\u00e1g jelenik meg: sokan egyszerre...","og_url":"https:\/\/egercoach.hu\/blog\/a-vesztesegfeldolgozas-utazasa-egy-individualis-folyamat\/","og_site_name":"Az Egri Coach Blogja","article_publisher":"https:\/\/www.facebook.com\/eger.coach","article_published_time":"2023-07-23T22:00:00+00:00","article_modified_time":"2025-10-11T04:48:36+00:00","og_image":[{"width":1500,"height":1000,"url":"https:\/\/egercoach.hu\/blog\/wp-content\/uploads\/2025\/03\/grief.jpg","type":"image\/jpeg"}],"author":"Dajka G\u00e1bor","twitter_card":"summary_large_image","twitter_misc":{"Szerz\u0151:":"Dajka G\u00e1bor","Becs\u00fclt olvas\u00e1si id\u0151":"10 perc"},"schema":{"@context":"https:\/\/schema.org","@graph":[{"@type":"Article","@id":"https:\/\/egercoach.hu\/blog\/a-vesztesegfeldolgozas-utazasa-egy-individualis-folyamat\/#article","isPartOf":{"@id":"https:\/\/egercoach.hu\/blog\/a-vesztesegfeldolgozas-utazasa-egy-individualis-folyamat\/"},"author":{"name":"Dajka G\u00e1bor","@id":"https:\/\/egercoach.hu\/blog\/#\/schema\/person\/afc73367aa314ca33a9c8d3b88dce6e7"},"headline":"Vesztes\u00e9gfeldolgoz\u00e1s utaz\u00e1sa: egy\u00e9ni folyamat","datePublished":"2023-07-23T22:00:00+00:00","dateModified":"2025-10-11T04:48:36+00:00","mainEntityOfPage":{"@id":"https:\/\/egercoach.hu\/blog\/a-vesztesegfeldolgozas-utazasa-egy-individualis-folyamat\/"},"wordCount":2794,"publisher":{"@id":"https:\/\/egercoach.hu\/blog\/#organization"},"image":{"@id":"https:\/\/egercoach.hu\/blog\/a-vesztesegfeldolgozas-utazasa-egy-individualis-folyamat\/#primaryimage"},"thumbnailUrl":"https:\/\/egercoach.hu\/blog\/wp-content\/uploads\/2025\/03\/grief.jpg","articleSection":["Gy\u00e1szfeldolgoz\u00e1s Egerben"],"inLanguage":"hu"},{"@type":"WebPage","@id":"https:\/\/egercoach.hu\/blog\/a-vesztesegfeldolgozas-utazasa-egy-individualis-folyamat\/","url":"https:\/\/egercoach.hu\/blog\/a-vesztesegfeldolgozas-utazasa-egy-individualis-folyamat\/","name":"Vesztes\u00e9gfeldolgoz\u00e1s utaz\u00e1sa: egy\u00e9ni folyamat","isPartOf":{"@id":"https:\/\/egercoach.hu\/blog\/#website"},"primaryImageOfPage":{"@id":"https:\/\/egercoach.hu\/blog\/a-vesztesegfeldolgozas-utazasa-egy-individualis-folyamat\/#primaryimage"},"image":{"@id":"https:\/\/egercoach.hu\/blog\/a-vesztesegfeldolgozas-utazasa-egy-individualis-folyamat\/#primaryimage"},"thumbnailUrl":"https:\/\/egercoach.hu\/blog\/wp-content\/uploads\/2025\/03\/grief.jpg","datePublished":"2023-07-23T22:00:00+00:00","dateModified":"2025-10-11T04:48:36+00:00","breadcrumb":{"@id":"https:\/\/egercoach.hu\/blog\/a-vesztesegfeldolgozas-utazasa-egy-individualis-folyamat\/#breadcrumb"},"inLanguage":"hu","potentialAction":[{"@type":"ReadAction","target":["https:\/\/egercoach.hu\/blog\/a-vesztesegfeldolgozas-utazasa-egy-individualis-folyamat\/"]}]},{"@type":"ImageObject","inLanguage":"hu","@id":"https:\/\/egercoach.hu\/blog\/a-vesztesegfeldolgozas-utazasa-egy-individualis-folyamat\/#primaryimage","url":"https:\/\/egercoach.hu\/blog\/wp-content\/uploads\/2025\/03\/grief.jpg","contentUrl":"https:\/\/egercoach.hu\/blog\/wp-content\/uploads\/2025\/03\/grief.jpg","width":1500,"height":1000,"caption":"candle in the shadows \/ religion \/ grief"},{"@type":"BreadcrumbList","@id":"https:\/\/egercoach.hu\/blog\/a-vesztesegfeldolgozas-utazasa-egy-individualis-folyamat\/#breadcrumb","itemListElement":[{"@type":"ListItem","position":1,"name":"Kezd\u0151lap","item":"https:\/\/egercoach.hu\/blog\/"},{"@type":"ListItem","position":2,"name":"Vesztes\u00e9gfeldolgoz\u00e1s utaz\u00e1sa: egy\u00e9ni folyamat"}]},{"@type":"WebSite","@id":"https:\/\/egercoach.hu\/blog\/#website","url":"https:\/\/egercoach.hu\/blog\/","name":"Eger Coach Blog","description":"","publisher":{"@id":"https:\/\/egercoach.hu\/blog\/#organization"},"potentialAction":[{"@type":"SearchAction","target":{"@type":"EntryPoint","urlTemplate":"https:\/\/egercoach.hu\/blog\/?s={search_term_string}"},"query-input":{"@type":"PropertyValueSpecification","valueRequired":true,"valueName":"search_term_string"}}],"inLanguage":"hu"},{"@type":"Organization","@id":"https:\/\/egercoach.hu\/blog\/#organization","name":"Eger Coach Blog","url":"https:\/\/egercoach.hu\/blog\/","logo":{"@type":"ImageObject","inLanguage":"hu","@id":"https:\/\/egercoach.hu\/blog\/#\/schema\/logo\/image\/","url":"https:\/\/egercoach.hu\/blog\/wp-content\/uploads\/2025\/05\/cropped-Eger.png","contentUrl":"https:\/\/egercoach.hu\/blog\/wp-content\/uploads\/2025\/05\/cropped-Eger.png","width":500,"height":169,"caption":"Eger Coach Blog"},"image":{"@id":"https:\/\/egercoach.hu\/blog\/#\/schema\/logo\/image\/"},"sameAs":["https:\/\/www.facebook.com\/eger.coach"]},{"@type":"Person","@id":"https:\/\/egercoach.hu\/blog\/#\/schema\/person\/afc73367aa314ca33a9c8d3b88dce6e7","name":"Dajka G\u00e1bor","image":{"@type":"ImageObject","inLanguage":"hu","@id":"https:\/\/secure.gravatar.com\/avatar\/81566ea1e2b3466baa03e9bdcdaa835f58564d8be90057a45f3e61711dc8a063?s=96&d=mm&r=g","url":"https:\/\/secure.gravatar.com\/avatar\/81566ea1e2b3466baa03e9bdcdaa835f58564d8be90057a45f3e61711dc8a063?s=96&d=mm&r=g","contentUrl":"https:\/\/secure.gravatar.com\/avatar\/81566ea1e2b3466baa03e9bdcdaa835f58564d8be90057a45f3e61711dc8a063?s=96&d=mm&r=g","caption":"Dajka G\u00e1bor"},"sameAs":["https:\/\/egercoach.hu\/blog"],"url":"https:\/\/egercoach.hu\/blog\/author\/adminka\/"}]}},"_links":{"self":[{"href":"https:\/\/egercoach.hu\/blog\/wp-json\/wp\/v2\/posts\/21","targetHints":{"allow":["GET"]}}],"collection":[{"href":"https:\/\/egercoach.hu\/blog\/wp-json\/wp\/v2\/posts"}],"about":[{"href":"https:\/\/egercoach.hu\/blog\/wp-json\/wp\/v2\/types\/post"}],"author":[{"embeddable":true,"href":"https:\/\/egercoach.hu\/blog\/wp-json\/wp\/v2\/users\/1"}],"replies":[{"embeddable":true,"href":"https:\/\/egercoach.hu\/blog\/wp-json\/wp\/v2\/comments?post=21"}],"version-history":[{"count":0,"href":"https:\/\/egercoach.hu\/blog\/wp-json\/wp\/v2\/posts\/21\/revisions"}],"wp:featuredmedia":[{"embeddable":true,"href":"https:\/\/egercoach.hu\/blog\/wp-json\/wp\/v2\/media\/746"}],"wp:attachment":[{"href":"https:\/\/egercoach.hu\/blog\/wp-json\/wp\/v2\/media?parent=21"}],"wp:term":[{"taxonomy":"category","embeddable":true,"href":"https:\/\/egercoach.hu\/blog\/wp-json\/wp\/v2\/categories?post=21"},{"taxonomy":"post_tag","embeddable":true,"href":"https:\/\/egercoach.hu\/blog\/wp-json\/wp\/v2\/tags?post=21"}],"curies":[{"name":"wp","href":"https:\/\/api.w.org\/{rel}","templated":true}]}}