{"id":221,"date":"2024-08-19T09:44:35","date_gmt":"2024-08-19T07:44:35","guid":{"rendered":"https:\/\/egercoach.hu\/blog\/?p=221"},"modified":"2025-10-26T08:12:52","modified_gmt":"2025-10-26T07:12:52","slug":"toxikus-negativitas-a-gyaszban-a-masik-veglet-csapdaja","status":"publish","type":"post","link":"https:\/\/egercoach.hu\/blog\/toxikus-negativitas-a-gyaszban-a-masik-veglet-csapdaja\/","title":{"rendered":"Toxikus negativit\u00e1s a gy\u00e1szban: a m\u00e1sik v\u00e9glet csapd\u00e1ja"},"content":{"rendered":"<p>A gy\u00e1sz term\u00e9szetes, m\u00e9gis nehezen elviselhet\u0151 emberi tapasztalat. Amikor elvesz\u00edt\u00fcnk valakit vagy valamit, ami alapvet\u0151en meghat\u00e1rozta az \u00e9let\u00fcnket, az \u00e9rzelmi rendszer\u00fcnk v\u00e9sz\u00fczemm\u00f3dba kapcsol. Ilyenkor sokan \u2013 j\u00f3 sz\u00e1nd\u00e9kkal \u2013 a \u201epozit\u00edv gondolkod\u00e1st\u201d s\u00fcrgetik, m\u00e1sok viszont abba a csapd\u00e1ba esnek, hogy kiz\u00e1r\u00f3lag a vesztes\u00e9g s\u00f6t\u00e9t oldal\u00e1ra f\u00f3kusz\u00e1lnak. Az el\u0151bbit ma m\u00e1r j\u00f3l ismerj\u00fck: toxikus pozitivit\u00e1snak h\u00edvjuk. Ennek t\u00fck\u00f6rk\u00e9pe azonban \u2013 a <i>toxikus negativit\u00e1s<\/i> \u2013 legal\u00e1bb annyira rombol\u00f3. Ekkor a f\u00e1jdalom v\u00e1lik kiz\u00e1r\u00f3lagos lencs\u00e9v\u00e9: minden besz\u00e9lget\u00e9s, d\u00f6nt\u00e9s \u00e9s eml\u00e9k ezen kereszt\u00fcl sz\u00ednez\u0151dik, a rem\u00e9ny \u00e9s a j\u00f6v\u0151 lehet\u0151s\u00e9ge pedig gyan\u00fas, s\u0151t tiltott t\u00e9m\u00e1v\u00e1 lesz. Ez a cikk azt j\u00e1rja k\u00f6r\u00fcl, hogyan jelenik meg a toxikus negativit\u00e1s a gy\u00e1szban, miben k\u00fcl\u00f6nb\u00f6zik az eg\u00e9szs\u00e9ges gy\u00e1szmunk\u00e1t\u00f3l, \u00e9s milyen kapaszkod\u00f3k seg\u00edtenek visszat\u00e9rni egy olyan egyens\u00falyhoz, amelyben a vesztes\u00e9g tisztelete megf\u00e9r az \u00e9let fel\u00e9 fordul\u00f3 figyelemmel. Nem c\u00e9l az \u00e9rzelmek \u201ehelyret\u00e9tele\u201d \u2013 a gy\u00e1sz nem steril folyamat. A c\u00e9l az, hogy \u00e9rtsd: amit \u00e1t\u00e9lsz, hol tart a term\u00e9szetes \u00edvben, hol cs\u00faszik \u00e1t \u00f6nfenntart\u00f3, besz\u0171k\u00edt\u0151 mint\u00e1zatba, \u00e9s hogyan lehet k\u00edm\u00e9lettel, de k\u00f6vetkezetesen mozdulni kifel\u00e9 ebb\u0151l a szor\u00edt\u00e1sb\u00f3l.<\/p>\n<h2>A gy\u00e1sz dinamik\u00e1ja: elm\u00e9leti keret \u00e9s j\u00f3zans\u00e1g<\/h2>\n<p>A gy\u00e1szt ma m\u00e1r nem egyenes vonal\u00fa, z\u00e1rt \u201eszakaszok\u201d sorak\u00e9nt \u00e9rdemes elk\u00e9pzelni, hanem dinamikus, hull\u00e1mz\u00f3 folyamatk\u00e9nt. A kett\u0151s folyamat modellje (Dual Process Model) szerint az eg\u00e9szs\u00e9ges alkalmazkod\u00e1s k\u00e9t mozg\u00e1s v\u00e1ltakoz\u00e1s\u00e1b\u00f3l \u00e1ll: az egyik a vesztes\u00e9gre ir\u00e1nyul\u00f3 figyelem (f\u00e1jdalom, eml\u00e9kek, b\u00facs\u00fa), a m\u00e1sik pedig az \u00fajj\u00e1\u00e9p\u00edt\u00e9sre ir\u00e1nyul\u00f3 aktivit\u00e1s (mindennapi feladatok, kapcsolatok, szerepek \u00fajraszervez\u00e9se). A l\u00e9nyeg nem az, hogy mindig \u201eel\u0151re\u201d menj, hanem az, hogy <i>k\u00e9pes legy\u00e9l mozogni<\/i> a k\u00e9t f\u00f3kusz k\u00f6z\u00f6tt. Ha ez a mozg\u00e1s megreked \u2013 p\u00e9ld\u00e1ul kiz\u00e1r\u00f3lag a f\u00e1jdalom marad napirenden \u2013, a gy\u00e1sz besz\u0171k\u00fclhet \u00e9s \u00f6nfenntart\u00f3v\u00e1 v\u00e1lhat. Nem szabad elfelejteni: l\u00e9tezik a hosszan elh\u00faz\u00f3d\u00f3, funkci\u00f3roml\u00e1ssal j\u00e1r\u00f3 gy\u00e1sz klinikai kateg\u00f3ri\u00e1ja (prolong\u00e1lt gy\u00e1sz zavar), de a diagn\u00f3zis nem az \u00e9rz\u00e9sek intenzit\u00e1s\u00e1n, hanem a tart\u00f3ss\u00e1gon, a mindennapi m\u0171k\u00f6d\u00e9s tart\u00f3s akad\u00e1lyozotts\u00e1g\u00e1n \u00e9s a t\u00fcnetmint\u00e1zaton m\u00falik. Az eg\u00e9szs\u00e9ges gy\u00e1sz tere t\u00e1g: nem kell \u201ej\u00f3l lenni\u201d, csak annyira, hogy n\u00e9ha \u00e1t lehessen l\u00e9pni az egyik t\u00e9rf\u00e9lr\u0151l a m\u00e1sikra. Amikor ez m\u00e1r nem megy, \u00e9rdemes megvizsg\u00e1lni, hogy nem a toxikus negativit\u00e1s h\u00fazta-e mag\u00e1hoz a figyelmet \u2013 \u00e9s a cselekv\u00e9st.<\/p>\n<h2>Mi a toxikus negativit\u00e1s a gy\u00e1szban?<\/h2>\n<p>A toxikus negativit\u00e1s nem egyszer\u0171en \u201erosszkedv\u201d vagy \u201em\u00e9ly gy\u00e1sz\u201d. A l\u00e9nyege a kiz\u00e1r\u00f3lagoss\u00e1g: a vesztes\u00e9g szem\u00fcveg\u00e9n \u00e1t <b>minden<\/b> jelent\u00e9s, eml\u00e9k, j\u00f6v\u0151beli kil\u00e1t\u00e1s s\u00f6t\u00e9t t\u00f3nust kap, mik\u00f6zben a rem\u00e9ny, az enyh\u00fcl\u00e9s vagy a kapcsolatban meg\u00e9lt j\u00f3s\u00e1g helyet sem kap a besz\u00e9dben. Ebb\u0151l fakadnak a tipikus megnyilv\u00e1nul\u00e1sok:<\/p>\n<ul>\n<li>Rem\u00e9nytelens\u00e9g t\u00e9telei: \u201eSemmi sem lesz m\u00e1r j\u00f3\u201d, \u201eNincs mi\u00e9rt felkelni.\u201d<\/li>\n<li>Az elhunyt idealiz\u00e1l\u00e1sa: \u201e\u0150 t\u00f6k\u00e9letes volt; n\u00e9lk\u00fcle az \u00e9let \u00e9rtelmetlen.\u201d<\/li>\n<li>\u00d6n\u00e9rt\u00e9kel\u00e9s \u00f6sszeoml\u00e1sa: \u201eNem vagyok k\u00e9pes tov\u00e1bb menni; aki tov\u00e1bbl\u00e9p, az h\u0171tlen.\u201d<\/li>\n<li>A j\u00f6v\u0151 elutas\u00edt\u00e1sa: \u201eTerveket sz\u0151ni \u00e1rul\u00e1s.\u201d<\/li>\n<li>M\u00e1sok gy\u00e1sz\u00e1nak le\u00e9rt\u00e9kel\u00e9se: \u201eHa mosolyogsz, nem szeretted igaz\u00e1n.\u201d<\/li>\n<\/ul>\n<p>Fontos megk\u00fcl\u00f6nb\u00f6ztet\u00e9s: a toxikus negativit\u00e1s <i>nem<\/i> az er\u0151s szomor\u00fas\u00e1g szinonim\u00e1ja. A k\u00fcl\u00f6nbs\u00e9g a rugalmatlans\u00e1gban \u00e9s a besz\u0171k\u00fcl\u00e9sben rejlik. Az eg\u00e9szs\u00e9ges gy\u00e1szban az ember k\u00e9pes \u2013 ha csak r\u00f6vid ideig is \u2013 megtapasztalni semleges vagy ak\u00e1r j\u00f3 pillanatokat, nem az\u00e9rt, mert \u201ekij\u00e1rja mag\u00e1nak a boldogs\u00e1got\u201d, hanem mert az idegrendszer \u00edgy regener\u00e1l. A toxikus negativit\u00e1s ezeket a pillanatokat gyan\u00fasnak, tiltand\u00f3nak min\u0151s\u00edti, \u00e9s b\u0171ntudatot csatol hozz\u00e1juk.<\/p>\n<h2>Mi\u00e9rt cs\u00faszunk bele? Pszichol\u00f3giai, kultur\u00e1lis \u00e9s kapcsolati t\u00e9nyez\u0151k<\/h2>\n<p>Van egy alapvet\u0151 emberi hajlam, amelyik megk\u00f6nny\u00edti a toxikus negativit\u00e1s f\u00f6lfut\u00e1s\u00e1t: a negat\u00edvumok nagyobb s\u00falya. Rossz h\u00edr: az agyunk evol\u00faci\u00f3s \u00f6r\u00f6ks\u00e9ge szerint a fenyeget\u0151 ingereket k\u00f6nnyebben \u00e9szrevessz\u00fck, tov\u00e1bb elemezz\u00fck \u00e9s er\u0151sebben t\u00e1roljuk, mint a semlegeseket vagy a kedvez\u0151ket. Gy\u00e1szban ez a \u201enegativit\u00e1s-elfogults\u00e1g\u201d tov\u00e1bb er\u0151s\u00f6dhet: a rendszer a vesztes\u00e9get tartja a legfontosabb inform\u00e1ci\u00f3nak, ez\u00e9rt mindent ahhoz igaz\u00edt. Ehhez ad\u00f3dhatnak kultur\u00e1lis \u00fczenetek (\u201eaki igaz\u00e1n szeret, \u00f6r\u00f6kk\u00e9 szenved\u201d), csal\u00e1di mint\u00e1k (az \u00e9rzelmek kifejez\u00e9se b\u0171ntudattal j\u00e1r), valamint a k\u00f6rnyezet nem sz\u00e1nd\u00e9kos meger\u0151s\u00edt\u00e9se (ha csak a f\u00e1jdalomr\u00f3l lehet besz\u00e9lni, a kapcsolat fenntart\u00e1s\u00e1hoz a f\u00e1jdalom v\u00e1lik a \u201ekapcsolati valut\u00e1v\u00e1\u201d). A k\u00f6z\u00f6ss\u00e9gi m\u00e9dia is r\u00e1tesz: a gy\u00e1sszal kapcsolatos tartalmak algoritmikus feler\u0151s\u00edt\u00e9se k\u00f6nnyen megteremt egy egysz\u00edn\u0171, s\u00f6t\u00e9t tematikus bubor\u00e9kot. \u00c9s ott vannak a nagyon is \u00e9rthet\u0151 bels\u0151 okok: a b\u0171ntudat, hogy \u201ejogos-e\u201d nevetni; a f\u00e9lelem, hogy az enyh\u00fcl\u00e9s \u201eelfelejt\u00e9s\u201d; a szerepveszt\u00e9s \u00e9rz\u00e9se, amelyben a f\u00e1jdalom az utols\u00f3 er\u0151s k\u00f6tel\u00e9k az elhunythoz. Ezek egyenk\u00e9nt is el\u00e9g er\u0151sek; egy\u00fctt k\u00f6nnyen z\u00e1r\u00f3d\u00f3 rendszert alkotnak.<\/p>\n<h2>K\u00f6vetkezm\u00e9nyek: amikor a f\u00e1jdalom \u201erendszerr\u00e9\u201d v\u00e1lik<\/h2>\n<p>Amikor a negativit\u00e1s \u00f6nfenntart\u00f3 rendszerr\u00e9 s\u0171r\u0171s\u00f6dik, nem \u201ecsak\u201d hangulati jelens\u00e9get l\u00e1tunk. A k\u00f6vetkezm\u00e9nyek t\u00f6bb szinten jelentkeznek. Pszich\u00e9sen a r\u00e1g\u00f3d\u00e1s, az alv\u00e1sroml\u00e1s, a szorong\u00e1s \u00e9s a rem\u00e9nyvesztetts\u00e9g tart\u00f3ss\u00e1 v\u00e1lik; a gondolkod\u00e1s fekete\u2013feh\u00e9r. Viselked\u00e9ses szinten besz\u0171k\u00fcl a reperto\u00e1r: a kor\u00e1bban \u00f6r\u00f6met ad\u00f3 tev\u00e9kenys\u00e9gek elmaradnak, a t\u00e1rsas kapcsolatok elhalv\u00e1nyodnak, a napi rutin sz\u00e9tesik. Fiziol\u00f3giailag a kr\u00f3nikus stressz megterheli az idegrendszert: fokozott gyullad\u00e1sos v\u00e1lasz, immunm\u0171k\u00f6d\u00e9s-roml\u00e1s, f\u00e1rad\u00e9konys\u00e1g, kardiometabolikus kock\u00e1zatok n\u00f6veked\u00e9se \u2013 mindez pedig tov\u00e1bb er\u0151s\u00edti a \u201enem b\u00edrom\u201d \u00e9lm\u00e9ny\u00e9t. Kapcsolati szinten a k\u00f6rnyezet \u2013 tehetetlens\u00e9gb\u0151l \u2013 visszah\u00faz\u00f3dhat, ami a gy\u00e1szol\u00f3 bels\u0151 narrat\u00edv\u00e1j\u00e1t (\u201eegyed\u00fcl vagyok\u201d) megpecs\u00e9teli. Dajka G\u00e1bor tapasztalata szerint a leg\u00e1rulkod\u00f3bb jel az, amikor a gy\u00e1sz <i>tematik\u00e1ja<\/i> lesz az egyetlen k\u00f6z\u00f6s tere a kapcsolatoknak: amikor m\u00e1r nem lehet m\u00e1sr\u00f3l besz\u00e9lni, mert a m\u00e1s ter\u00fcleteken meg\u00e9lt apr\u00f3 \u00f6r\u00f6m\u00f6k \u201e\u00e1rul\u00e1snak\u201d sz\u00e1m\u00edtanak. Ilyenkor a sz\u00e1nd\u00e9kolt h\u0171s\u00e9g val\u00f3j\u00e1ban a kapcsolat eml\u00e9k\u00e9nek besz\u0171k\u00fcl\u00e9s\u00e9hez vezet, nem az \u00e1pol\u00e1s\u00e1hoz.<\/p>\n<h2>Hol h\u00faz\u00f3dik a hat\u00e1r? Jelek, amikor k\u00fcls\u0151 t\u00e1masz kell<\/h2>\n<p>Az eg\u00e9szs\u00e9ges gy\u00e1szban is vannak neh\u00e9z h\u00f3napok, visszaes\u00e9sek, \u00e9vfordul\u00f3k. A k\u00e9rd\u00e9s az ar\u00e1ny \u00e9s a m\u0171k\u00f6d\u00e9s: h\u00f3napokkal a vesztes\u00e9g ut\u00e1n is tart\u00f3s-e a mindennapi \u00e9let \u00f6sszeoml\u00e1sa (alv\u00e1s, \u00e9tkez\u00e9s, munka, \u00f6nell\u00e1t\u00e1s), domin\u00e1l-e a b\u0171ntudat, elh\u00faz\u00f3dik-e a szoci\u00e1lis visszah\u00faz\u00f3d\u00e1s, megjelennek-e \u00f6nk\u00e1ros\u00edt\u00f3 gondolatok vagy viselked\u00e9sek. Ezek a jelek arra utalnak, hogy a folyamat t\u00f6bb, mint \u201eneh\u00e9z gy\u00e1sz\u201d. A prolong\u00e1lt gy\u00e1sz zavar (DSM-5-TR) le\u00edr\u00e1sa nem \u201ek\u00f3ros\u00edtja\u201d a f\u00e1jdalmat; arra figyelmeztet, amikor a gy\u00e1sz annyira tart\u00f3san besz\u0171k\u00edt\u0151 mint\u00e1zatt\u00e1 v\u00e1lik, hogy professzion\u00e1lis seg\u00edts\u00e9g n\u00e9lk\u00fcl ritk\u00e1n rendez\u0151dik. A szakmai t\u00e1masz itt nem az eml\u00e9k \u201eelt\u00f6rl\u00e9s\u00e9t\u201d c\u00e9lozza, hanem a mozg\u00e1s vissza\u00e1ll\u00edt\u00e1s\u00e1t a vesztes\u00e9g\u2013helyre\u00e1ll\u00edt\u00e1s tengelyen. A jel mindenn\u00e9l fontosabb: ha a gy\u00e1sz l\u00e1t\u00f3teredet, \u00f6nell\u00e1t\u00e1sodat \u00e9s kapcsolataidat tart\u00f3san leb\u00e9n\u00edtja, k\u00e9rj seg\u00edts\u00e9get. A h\u0171s\u00e9g az elhunythoz nem a szenved\u00e9s id\u0151tartam\u00e1ban m\u00e9rhet\u0151, hanem abban, ahogyan az eml\u00e9k\u00e9vel <i>\u00e9lhet\u0151<\/i> m\u00f3don egy\u00fctt tudsz maradni.<\/p>\n<h2>Gyakorlati eszk\u00f6zt\u00e1r: hogyan l\u00e9pj ki a toxikus negativit\u00e1s k\u00f6r\u00e9b\u0151l?<\/h2>\n<p>A c\u00e9l nem az, hogy \u201ej\u00f3l legy\u00e9l\u201d, hanem hogy mozg\u00e1sba j\u00f6jj. Kis, ism\u00e9telhet\u0151 l\u00e9p\u00e9sek seg\u00edtenek. Az al\u00e1bbi gyakorlatok nem helyettes\u00edtik a ter\u00e1pi\u00e1t, de visszaadj\u00e1k az ir\u00e1ny\u00edthat\u00f3s\u00e1g \u00e9rzet\u00e9t \u00e9s t\u00e1mogatj\u00e1k a gy\u00e1sz term\u00e9szetes hull\u00e1mz\u00e1s\u00e1t:<\/p>\n<ul>\n<li><b>Id\u0151keretes gy\u00e1szablakok<\/b>: \u00e1ll\u00edts be napi 15\u201330 percet kifejezetten az eml\u00e9kez\u00e9snek (fot\u00f3k, \u00edr\u00e1s, zene). Ha lej\u00e1r, <i>tudatosan<\/i> v\u00e1lts \u00e1t egy helyre\u00e1ll\u00edt\u00f3 tev\u00e9kenys\u00e9gre (konyhai feladat, s\u00e9ta, zuhany). Ez edzi az \u00e1tv\u00e1lt\u00e1s k\u00e9pess\u00e9g\u00e9t.<\/li>\n<li><b>Ritu\u00e1l\u00e9, ami megenged<\/b>: gy\u00fajts gyerty\u00e1t, \u00edrj levelet, mondd ki hangosan, amit nem tudt\u00e1l. A kontroll\u00e1lt kifejez\u00e9s cs\u00f6kkenti a r\u00e1g\u00f3d\u00e1st.<\/li>\n<li><b>Test-mikr\u00f3k<\/b>: napi h\u00e1romszor 2 perc lass\u00fa l\u00e9gz\u00e9s (kil\u00e9gz\u00e9s hosszabb), 10 perces temp\u00f3s s\u00e9ta. A fiziol\u00f3giai szab\u00e1lyoz\u00e1s \u00e9rzelmi teret nyit.<\/li>\n<li><b>\u201eK\u00e9t oszlop\u201d napl\u00f3<\/b>: balra a f\u00e1jdalom mondata (\u201esosem lesz jobb\u201d), jobbra <i>nem pozit\u00edv ellenmondat<\/i>, hanem <ins>pontos\u00edt\u00e1s<\/ins> (\u201emost nem l\u00e1tom, <i>n\u00e9ha<\/i> enyh\u00fcl, 10 perc s\u00e9ta ut\u00e1n kicsit jobb\u201d).<\/li>\n<li><b>Mikro-c\u00e9l<\/b>: egy nap \u2013 egy k\u00fcls\u0151 kontaktus (telefon, \u00fczenet, r\u00f6vid s\u00e9ta valakivel). A kapcsol\u00f3d\u00e1s t\u00e1rja t\u00e1gabbra a l\u00e1t\u00f3mez\u0151t.<\/li>\n<li><b>\u00c9vfordul\u00f3-terv<\/b>: el\u0151re \u00edrd meg a nap forgat\u00f3k\u00f6nyv\u00e9t (hol leszel, kivel, milyen eml\u00e9ket id\u00e9zel), hogy ne sodr\u00f3dj bele a nap eg\u00e9sz\u00e9t kit\u00f6lt\u0151 feketes\u00e9gbe.<\/li>\n<\/ul>\n<p>Ezek nem \u201eokos tippek\u201d, hanem idegrendszeri edz\u00e9sek: az a c\u00e9ljuk, hogy visszahozz\u00e1k a v\u00e1laszt\u00e1s \u00e9rz\u00e9s\u00e9t ott is, ahol most csak k\u00e9nyszernek \u00e9rzed a f\u00e1jdalmat.<\/p>\n<h2>Kommunik\u00e1ci\u00f3s seg\u00e9dlet: mit <i>ne<\/i> \u00e9s mit <i>igen<\/i> mondj \u2013 \u00e9s magadnak is<\/h2>\n<table style=\"border-collapse: collapse; width: 100%;\" border=\"1\">\n<thead>\n<tr>\n<th>Besz\u0171k\u00edt\u0151, toxikusan negat\u00edv \u00fczenet<\/th>\n<th>\u00c1tkeretezett, megenged\u0151 v\u00e1ltozat<\/th>\n<\/tr>\n<\/thead>\n<tbody>\n<tr>\n<td>\u201eSemmi \u00e9rtelme a holnapnak.\u201d<\/td>\n<td>\u201eMost nem l\u00e1tok \u00e9rtelmet, de adok magamnak ma 20 percet, ami nem a gy\u00e1szr\u00f3l sz\u00f3l.\u201d<\/td>\n<\/tr>\n<tr>\n<td>\u201eHa nevetek, el\u00e1rulom \u0151t.\u201d<\/td>\n<td>\u201eA nevet\u00e9s nem felejt\u00e9s; a kapcsolatunk r\u00e9sze volt az \u00f6r\u00f6m is.\u201d<\/td>\n<\/tr>\n<tr>\n<td>\u201eM\u00e1sok nem \u00e9rtik, ink\u00e1bb nem tal\u00e1lkozom senkivel.\u201d<\/td>\n<td>\u201eEgy emberrel ma felveszem a kapcsolatot; elmondom, mire van sz\u00fcks\u00e9gem \u00e9s mire nincs.\u201d<\/td>\n<\/tr>\n<tr>\n<td>\u201e\u00d6r\u00f6kk\u00e9 \u00edgy marad.\u201d<\/td>\n<td>\u201eAz \u00e9rz\u00e9s most teljes, \u00e9s a napjaim nem mind egyform\u00e1k. Figyelem az apr\u00f3 enyh\u00fcl\u00e9seket.\u201d<\/td>\n<\/tr>\n<tr>\n<td>\u201eCsak a f\u00e1jdalom tart \u00f6sszekapcsolva vele.\u201d<\/td>\n<td>\u201eA f\u00e1jdalom az eml\u00e9kez\u00e9s r\u00e9sze, de az \u00e1pol\u00e1s m\u00f3dja lehet alkot\u00e1s, ritu\u00e1l\u00e9, gondoskod\u00e1s is.\u201d<\/td>\n<\/tr>\n<\/tbody>\n<\/table>\n<h2>Mikrok\u00f6z\u00f6ss\u00e9gek, munkahely, csal\u00e1d: mit tehetsz m\u00e1sok\u00e9rt?<\/h2>\n<p>A toxikus negativit\u00e1s k\u00f6z\u00f6ss\u00e9gi er\u0151s\u00edt\u00e9se t\u00f6bbnyire nem rosszindulatb\u00f3l t\u00f6rt\u00e9nik, hanem tehetetlens\u00e9gb\u0151l. Ha vezet\u0151 vagy koll\u00e9ga vagy, jel\u00f6lj ki <b>biztons\u00e1gos, struktur\u00e1lt<\/b> csatorn\u00e1kat (id\u0151pont, hely, keret), ahol a gy\u00e1szol\u00f3 besz\u00e9lhet \u2013 \u00e9s jel\u00f6ld ki azt is, mikor t\u00e9r\u00fcnk vissza a munk\u00e1hoz. A \u201eb\u00e1rmikor sz\u00e1m\u00edthatsz r\u00e1nk\u201d kedves, de hat\u00e1stalan ir\u00e1ny; az <i>\u201eitt \u00e9s itt, ekkor \u00e9s ekkor, \u00edgy t\u00e1mogatunk\u201d<\/i> m\u0171k\u00f6dik. Csal\u00e1dban mondd ki, mi seg\u00edts\u00e9g, \u00e9s mi nem: a hallgat\u00e1s megengedett; a j\u00f3tan\u00e1cs nem k\u00f6telez\u0151. Ha a gy\u00e1szol\u00f3 k\u00f6re csak a f\u00e1jdalom t\u00e9m\u00e1j\u00e1n kereszt\u00fcl tud kapcsol\u00f3dni, k\u00edn\u00e1lj alternat\u00edv ritu\u00e1l\u00e9kat (k\u00f6z\u00f6s f\u0151z\u00e9s az elhunyt kedvenc receptj\u00e9b\u0151l; s\u00e9ta az eml\u00e9khelyen; lev\u00e9lolvas\u00e1s). A k\u00f6z\u00f6ss\u00e9g feladata nem a \u201efelvid\u00edt\u00e1s\u201d, hanem a t\u00e9r tart\u00e1sa \u00e9s az <b>\u00e1tkapcsol\u00e1sok<\/b> (vesztes\u00e9gr\u0151l a helyre\u00e1ll\u00edt\u00e1sra) k\u00edm\u00e9letes t\u00e1mogat\u00e1sa. A hossz\u00fa t\u00e1v\u00fa j\u00f3 sz\u00e1nd\u00e9k m\u00e9g jobb, ha <i>id\u0151z\u00edtve<\/i> van: az els\u0151 hetek ut\u00e1n sokszor \u00fcr\u00fcl ki a figyelem, pedig a nehezebb szakasz sokszor ekkor j\u00f6n. Id\u0151z\u00edts el\u0151re \u00fczenetet egy h\u00f3nap, h\u00e1rom h\u00f3nap, hat h\u00f3nap m\u00falv\u00e1ra.<\/p>\n<h2>\u201eAz egyens\u00faly nem az \u00e9rzelmek felez\u00e9se, hanem a mozg\u00e1s visszanyer\u00e9se.\u201d<\/h2>\n<blockquote><p>\u201eA gy\u00e1sz nem verseny a h\u0171s\u00e9gben, \u00e9s nem is m\u00e9r\u0151szalag, amellyel a szeretet m\u00e9lys\u00e9g\u00e9t m\u00e9rj\u00fck. Ha csak a f\u00e1jdalmon kereszt\u00fcl engeded, hogy k\u00f6zel maradjon, akkor az eml\u00e9k is besz\u0171k\u00fcl. Engedd, hogy a kapcsolat soksz\u00edn\u0171 legyen: f\u00e1jjon, amikor f\u00e1jnia kell, \u00e9s legyen benne csend, mosoly, feladat. Az egyens\u00faly nem az \u00e9rzelmek felez\u00e9se, hanem a mozg\u00e1s visszanyer\u00e9se.\u201d \u2014 Dajka G\u00e1bor<\/p><\/blockquote>\n<h2>Dajka G\u00e1bor business coach szerint<\/h2>\n<p>\u00c1ll\u00edtom: a gy\u00e1sz m\u00e9lt\u00f3s\u00e1ga nem a szenved\u00e9s id\u0151tartam\u00e1ban, hanem az eml\u00e9khez val\u00f3 viszony <i>min\u0151s\u00e9g\u00e9ben<\/i> m\u00e9rhet\u0151. A toxikus negativit\u00e1s nem az \u00e9rz\u00e9s erej\u00e9t, hanem a mozg\u00e1s hi\u00e1ny\u00e1t jelzi. A feladat nem az, hogy \u201ene f\u00e1jjon\u201d, hanem hogy \u00fajra megtanulj v\u00e1ltani a vesztes\u00e9g \u00e9s a helyre\u00e1ll\u00edt\u00e1s \u00fczemm\u00f3dja k\u00f6z\u00f6tt. Ez a v\u00e1lt\u00e1s nem \u00e1rul\u00e1s; ez az \u00e9l\u0151 kapcsolat jele \u2013 \u00f6nmagaddal, a vil\u00e1ggal, \u00e9s paradox m\u00f3don azzal is, akit elvesz\u00edtett\u00e9l. A gy\u00e1sz v\u00e9gpontja nem a felejt\u00e9s, hanem egy \u00faj narrat\u00edva, amelyben helye van a f\u00e1jdalomnak \u00e9s a cselekv\u00e9snek. Ezt a narrat\u00edv\u00e1t nem \u00edrj\u00e1k meg helyetted. De nem is egyed\u00fcl kell meg\u00edrnod.<\/p>\n<h2>Szak\u00e9rt\u0151 v\u00e1laszol \u2013 GYIK<\/h2>\n<h3>Honnan tudom, hogy \u201ecsak\u201d neh\u00e9z gy\u00e1szt \u00e9lek \u00e1t, \u00e9s mikor besz\u00e9lhet\u00fcnk toxikus negativit\u00e1sr\u00f3l?<\/h3>\n<p>A k\u00fcl\u00f6nbs\u00e9g a rugalmatlans\u00e1gban \u00e9s a m\u0171k\u00f6d\u00e9sben \u00e9rhet\u0151 tetten. Ha h\u00f3napok \u00f3ta tart\u00f3san \u00f6sszeomlanak a napi rutinok (alv\u00e1s, \u00e9tkez\u00e9s, munka), ha a t\u00e1rsas kapcsolatok elker\u00fcl\u00e9se \u00e1lland\u00f3sul, \u00e9s minden enyh\u00fcl\u00e9st b\u0171ntudat k\u00f6vet, akkor a negat\u00edv f\u00f3kusz \u00f6nfenntart\u00f3 mint\u00e1zatt\u00e1 v\u00e1lt. Ilyenkor \u00e9rdemes szakemberhez fordulni.<\/p>\n<h3>Nem \u00e1rul\u00e1s-e \u201ej\u00f3l lenni\u201d n\u00e9ha? Nem azt jelenti, hogy elfelejtem?<\/h3>\n<p>Nem. A kapcsol\u00f3d\u00e1s nem a szenved\u00e9s intenzit\u00e1s\u00e1val egyenl\u0151. Az enyh\u00fcl\u00e9s pillanatai az idegrendszer term\u00e9szetes regener\u00e1ci\u00f3s ig\u00e9nyei. Ha engeded \u0151ket, nem gyeng\u00edted, hanem t\u00e1g\u00edtod a kapcsolat eml\u00e9kezet\u00e9t.<\/p>\n<h3>Mit mondjak egy bar\u00e1tomnak, aki minden rem\u00e9nyt elutas\u00edt?<\/h3>\n<p>K\u00e9rdezz, ne gy\u0151zk\u00f6dj. Adj keretet: \u201eItt vagyok, meghallgatlak most 20 percig. Azt\u00e1n s\u00e9t\u00e1ljunk t\u00edz percet csendben.\u201d Mondd el, mire sz\u00e1m\u00edthat t\u0151led (id\u0151, jelenl\u00e9t, seg\u00edts\u00e9g), \u00e9s miben nem leszel partner (\u00f6nostoroz\u00e1s fenntart\u00e1sa). A kapcsolat tart\u00e1sa nem egyenl\u0151 az \u00f6r\u00f6k\u00f6s s\u00f6t\u00e9t f\u00f3kusz meger\u0151s\u00edt\u00e9s\u00e9vel.<\/p>\n<h3>Van-e a magyar piacon el\u00e9rhet\u0151 struktur\u00e1lt seg\u00edts\u00e9g gy\u00e1szol\u00f3knak?<\/h3>\n<p>Igen. Vannak gy\u00e1szcsoportok, lelkigondoz\u00f3i \u00e9s pszichol\u00f3giai szolg\u00e1ltat\u00f3k, civil szervezetek \u00e9s online csoportok. \u00c9rdemes olyan szakembert keresni, aki kifejezetten gy\u00e1szmunk\u00e1ban j\u00e1rtas, \u00e9s \u2013 ha sz\u00fcks\u00e9ges \u2013 ismeri a prolong\u00e1lt gy\u00e1sz zavarral kapcsolatos ir\u00e1nyelveket. A h\u00e1ziorvos, a helyi lelki els\u0151seg\u00e9ly szolg\u00e1lat \u00e9s a hitk\u00f6zs\u00e9gi k\u00f6z\u00f6ss\u00e9gek is j\u00f3 kiindul\u00f3pontot adhatnak.<\/p>\n<h3>Munkahelyi vezet\u0151k\u00e9nt miben lehetek a leghasznosabb?<\/h3>\n<p>\u00c1tl\u00e1that\u00f3, el\u0151re egyeztetett keretekkel. \u00cdr\u00e1sban r\u00f6gz\u00edtsd, miben tudsz seg\u00edteni (rugalmas beoszt\u00e1s, r\u00e9szfeladatok, csendes napok), \u00e9s mikor besz\u00e9ltek \u00fajra. Adj \u00fctemtervet az els\u0151 12 h\u00e9tre, \u00e9s \u00fctemezz k\u00e9s\u0151bbi, r\u00f6vid \u201echeck-in\u201d pontokat is (3., 6. h\u00f3nap). A kisz\u00e1m\u00edthat\u00f3s\u00e1g cs\u00f6kkenti a terhel\u00e9st.<\/p>\n<h2>Forr\u00e1sok<\/h2>\n<ul>\n<li><a href=\"https:\/\/www.apa.org\/topics\/grief\/prolonged-grief\">American Psychiatric Association\/APA \u2013 Prolonged Grief Disorder (DSM\u20135\u2013TR) t\u00e9nyoldal<\/a>.<\/li>\n<li><a href=\"https:\/\/eprints.cdlib.org\/uc\/item\/7qv7x1bh\">Gruber, J., Mauss, I. B., &amp; Tamir, M. (2011). The dark side of happiness? \u2013 eScholarship (ny\u00edlt hozz\u00e1f\u00e9r\u00e9s\u0171 PDF)<\/a>.\u00a0<\/li>\n<li>Stroebe, M., &amp; Schut, H. (2010). Overload: a missing link in the Dual Process Model (ny\u00edlt egyetemi repozit\u00f3rium).\u00a0<\/li>\n<\/ul>\n","protected":false},"excerpt":{"rendered":"<p>A gy\u00e1sz term\u00e9szetes, m\u00e9gis nehezen elviselhet\u0151 emberi tapasztalat. Amikor elvesz\u00edt\u00fcnk valakit vagy valamit, ami alapvet\u0151en meghat\u00e1rozta az \u00e9let\u00fcnket, az \u00e9rzelmi rendszer\u00fcnk v\u00e9sz\u00fczemm\u00f3dba kapcsol. Ilyenkor sokan \u2013 j\u00f3 sz\u00e1nd\u00e9kkal \u2013 a \u201epozit\u00edv gondolkod\u00e1st\u201d s\u00fcrgetik, m\u00e1sok viszont abba a csapd\u00e1ba esnek, hogy kiz\u00e1r\u00f3lag a vesztes\u00e9g s\u00f6t\u00e9t oldal\u00e1ra f\u00f3kusz\u00e1lnak. Az el\u0151bbit ma m\u00e1r j\u00f3l ismerj\u00fck: toxikus pozitivit\u00e1snak h\u00edvjuk&#8230;.<\/p>\n","protected":false},"author":1,"featured_media":222,"comment_status":"closed","ping_status":"open","sticky":false,"template":"","format":"standard","meta":{"footnotes":""},"categories":[4],"tags":[],"class_list":["post-221","post","type-post","status-publish","format-standard","has-post-thumbnail","hentry","category-gyaszfeldolgozas-egerben"],"yoast_head":"<!-- This site is optimized with the Yoast SEO plugin v27.5 - https:\/\/yoast.com\/product\/yoast-seo-wordpress\/ -->\n<title>Toxikus negativit\u00e1s a gy\u00e1szban: a m\u00e1sik v\u00e9glet csapd\u00e1ja<\/title>\n<meta name=\"robots\" content=\"index, follow, max-snippet:-1, max-image-preview:large, max-video-preview:-1\" \/>\n<link rel=\"canonical\" href=\"https:\/\/egercoach.hu\/blog\/toxikus-negativitas-a-gyaszban-a-masik-veglet-csapdaja\/\" \/>\n<meta property=\"og:locale\" content=\"hu_HU\" \/>\n<meta property=\"og:type\" content=\"article\" \/>\n<meta property=\"og:title\" content=\"Toxikus negativit\u00e1s a gy\u00e1szban: a m\u00e1sik v\u00e9glet csapd\u00e1ja\" \/>\n<meta property=\"og:description\" content=\"A gy\u00e1sz term\u00e9szetes, m\u00e9gis nehezen elviselhet\u0151 emberi tapasztalat. Amikor elvesz\u00edt\u00fcnk valakit vagy valamit, ami alapvet\u0151en meghat\u00e1rozta az \u00e9let\u00fcnket, az \u00e9rzelmi rendszer\u00fcnk v\u00e9sz\u00fczemm\u00f3dba kapcsol. Ilyenkor sokan \u2013 j\u00f3 sz\u00e1nd\u00e9kkal \u2013 a \u201epozit\u00edv gondolkod\u00e1st\u201d s\u00fcrgetik, m\u00e1sok viszont abba a csapd\u00e1ba esnek, hogy kiz\u00e1r\u00f3lag a vesztes\u00e9g s\u00f6t\u00e9t oldal\u00e1ra f\u00f3kusz\u00e1lnak. Az el\u0151bbit ma m\u00e1r j\u00f3l ismerj\u00fck: toxikus pozitivit\u00e1snak h\u00edvjuk....\" \/>\n<meta property=\"og:url\" content=\"https:\/\/egercoach.hu\/blog\/toxikus-negativitas-a-gyaszban-a-masik-veglet-csapdaja\/\" \/>\n<meta property=\"og:site_name\" content=\"Az Egri Coach Blogja\" \/>\n<meta property=\"article:publisher\" content=\"https:\/\/www.facebook.com\/eger.coach\" \/>\n<meta property=\"article:published_time\" content=\"2024-08-19T07:44:35+00:00\" \/>\n<meta property=\"article:modified_time\" content=\"2025-10-26T07:12:52+00:00\" \/>\n<meta property=\"og:image\" content=\"https:\/\/egercoach.hu\/blog\/wp-content\/uploads\/2024\/08\/getting-it-all-out-shot-of-an-anxious-young-woman-writing-in-her-journal-.jpg\" \/>\n\t<meta property=\"og:image:width\" content=\"1500\" \/>\n\t<meta property=\"og:image:height\" content=\"1018\" \/>\n\t<meta property=\"og:image:type\" content=\"image\/jpeg\" \/>\n<meta name=\"author\" content=\"Dajka G\u00e1bor\" \/>\n<meta name=\"twitter:card\" content=\"summary_large_image\" \/>\n<meta name=\"twitter:label1\" content=\"Szerz\u0151:\" \/>\n\t<meta name=\"twitter:data1\" content=\"Dajka G\u00e1bor\" \/>\n\t<meta name=\"twitter:label2\" content=\"Becs\u00fclt olvas\u00e1si id\u0151\" \/>\n\t<meta name=\"twitter:data2\" content=\"10 perc\" \/>\n<script type=\"application\/ld+json\" class=\"yoast-schema-graph\">{\"@context\":\"https:\\\/\\\/schema.org\",\"@graph\":[{\"@type\":\"Article\",\"@id\":\"https:\\\/\\\/egercoach.hu\\\/blog\\\/toxikus-negativitas-a-gyaszban-a-masik-veglet-csapdaja\\\/#article\",\"isPartOf\":{\"@id\":\"https:\\\/\\\/egercoach.hu\\\/blog\\\/toxikus-negativitas-a-gyaszban-a-masik-veglet-csapdaja\\\/\"},\"author\":{\"name\":\"Dajka G\u00e1bor\",\"@id\":\"https:\\\/\\\/egercoach.hu\\\/blog\\\/#\\\/schema\\\/person\\\/afc73367aa314ca33a9c8d3b88dce6e7\"},\"headline\":\"Toxikus negativit\u00e1s a gy\u00e1szban: a m\u00e1sik v\u00e9glet csapd\u00e1ja\",\"datePublished\":\"2024-08-19T07:44:35+00:00\",\"dateModified\":\"2025-10-26T07:12:52+00:00\",\"mainEntityOfPage\":{\"@id\":\"https:\\\/\\\/egercoach.hu\\\/blog\\\/toxikus-negativitas-a-gyaszban-a-masik-veglet-csapdaja\\\/\"},\"wordCount\":2904,\"publisher\":{\"@id\":\"https:\\\/\\\/egercoach.hu\\\/blog\\\/#organization\"},\"image\":{\"@id\":\"https:\\\/\\\/egercoach.hu\\\/blog\\\/toxikus-negativitas-a-gyaszban-a-masik-veglet-csapdaja\\\/#primaryimage\"},\"thumbnailUrl\":\"https:\\\/\\\/egercoach.hu\\\/blog\\\/wp-content\\\/uploads\\\/2024\\\/08\\\/getting-it-all-out-shot-of-an-anxious-young-woman-writing-in-her-journal-.jpg\",\"articleSection\":[\"Gy\u00e1szfeldolgoz\u00e1s Egerben\"],\"inLanguage\":\"hu\"},{\"@type\":\"WebPage\",\"@id\":\"https:\\\/\\\/egercoach.hu\\\/blog\\\/toxikus-negativitas-a-gyaszban-a-masik-veglet-csapdaja\\\/\",\"url\":\"https:\\\/\\\/egercoach.hu\\\/blog\\\/toxikus-negativitas-a-gyaszban-a-masik-veglet-csapdaja\\\/\",\"name\":\"Toxikus negativit\u00e1s a gy\u00e1szban: a m\u00e1sik v\u00e9glet csapd\u00e1ja\",\"isPartOf\":{\"@id\":\"https:\\\/\\\/egercoach.hu\\\/blog\\\/#website\"},\"primaryImageOfPage\":{\"@id\":\"https:\\\/\\\/egercoach.hu\\\/blog\\\/toxikus-negativitas-a-gyaszban-a-masik-veglet-csapdaja\\\/#primaryimage\"},\"image\":{\"@id\":\"https:\\\/\\\/egercoach.hu\\\/blog\\\/toxikus-negativitas-a-gyaszban-a-masik-veglet-csapdaja\\\/#primaryimage\"},\"thumbnailUrl\":\"https:\\\/\\\/egercoach.hu\\\/blog\\\/wp-content\\\/uploads\\\/2024\\\/08\\\/getting-it-all-out-shot-of-an-anxious-young-woman-writing-in-her-journal-.jpg\",\"datePublished\":\"2024-08-19T07:44:35+00:00\",\"dateModified\":\"2025-10-26T07:12:52+00:00\",\"breadcrumb\":{\"@id\":\"https:\\\/\\\/egercoach.hu\\\/blog\\\/toxikus-negativitas-a-gyaszban-a-masik-veglet-csapdaja\\\/#breadcrumb\"},\"inLanguage\":\"hu\",\"potentialAction\":[{\"@type\":\"ReadAction\",\"target\":[\"https:\\\/\\\/egercoach.hu\\\/blog\\\/toxikus-negativitas-a-gyaszban-a-masik-veglet-csapdaja\\\/\"]}]},{\"@type\":\"ImageObject\",\"inLanguage\":\"hu\",\"@id\":\"https:\\\/\\\/egercoach.hu\\\/blog\\\/toxikus-negativitas-a-gyaszban-a-masik-veglet-csapdaja\\\/#primaryimage\",\"url\":\"https:\\\/\\\/egercoach.hu\\\/blog\\\/wp-content\\\/uploads\\\/2024\\\/08\\\/getting-it-all-out-shot-of-an-anxious-young-woman-writing-in-her-journal-.jpg\",\"contentUrl\":\"https:\\\/\\\/egercoach.hu\\\/blog\\\/wp-content\\\/uploads\\\/2024\\\/08\\\/getting-it-all-out-shot-of-an-anxious-young-woman-writing-in-her-journal-.jpg\",\"width\":1500,\"height\":1018,\"caption\":\"Getting it all out. Shot of an anxious young woman writing in her journal.\"},{\"@type\":\"BreadcrumbList\",\"@id\":\"https:\\\/\\\/egercoach.hu\\\/blog\\\/toxikus-negativitas-a-gyaszban-a-masik-veglet-csapdaja\\\/#breadcrumb\",\"itemListElement\":[{\"@type\":\"ListItem\",\"position\":1,\"name\":\"Kezd\u0151lap\",\"item\":\"https:\\\/\\\/egercoach.hu\\\/blog\\\/\"},{\"@type\":\"ListItem\",\"position\":2,\"name\":\"Toxikus negativit\u00e1s a gy\u00e1szban: a m\u00e1sik v\u00e9glet csapd\u00e1ja\"}]},{\"@type\":\"WebSite\",\"@id\":\"https:\\\/\\\/egercoach.hu\\\/blog\\\/#website\",\"url\":\"https:\\\/\\\/egercoach.hu\\\/blog\\\/\",\"name\":\"Eger Coach Blog\",\"description\":\"\",\"publisher\":{\"@id\":\"https:\\\/\\\/egercoach.hu\\\/blog\\\/#organization\"},\"potentialAction\":[{\"@type\":\"SearchAction\",\"target\":{\"@type\":\"EntryPoint\",\"urlTemplate\":\"https:\\\/\\\/egercoach.hu\\\/blog\\\/?s={search_term_string}\"},\"query-input\":{\"@type\":\"PropertyValueSpecification\",\"valueRequired\":true,\"valueName\":\"search_term_string\"}}],\"inLanguage\":\"hu\"},{\"@type\":\"Organization\",\"@id\":\"https:\\\/\\\/egercoach.hu\\\/blog\\\/#organization\",\"name\":\"Eger Coach Blog\",\"url\":\"https:\\\/\\\/egercoach.hu\\\/blog\\\/\",\"logo\":{\"@type\":\"ImageObject\",\"inLanguage\":\"hu\",\"@id\":\"https:\\\/\\\/egercoach.hu\\\/blog\\\/#\\\/schema\\\/logo\\\/image\\\/\",\"url\":\"https:\\\/\\\/egercoach.hu\\\/blog\\\/wp-content\\\/uploads\\\/2025\\\/05\\\/cropped-Eger.png\",\"contentUrl\":\"https:\\\/\\\/egercoach.hu\\\/blog\\\/wp-content\\\/uploads\\\/2025\\\/05\\\/cropped-Eger.png\",\"width\":500,\"height\":169,\"caption\":\"Eger Coach Blog\"},\"image\":{\"@id\":\"https:\\\/\\\/egercoach.hu\\\/blog\\\/#\\\/schema\\\/logo\\\/image\\\/\"},\"sameAs\":[\"https:\\\/\\\/www.facebook.com\\\/eger.coach\"]},{\"@type\":\"Person\",\"@id\":\"https:\\\/\\\/egercoach.hu\\\/blog\\\/#\\\/schema\\\/person\\\/afc73367aa314ca33a9c8d3b88dce6e7\",\"name\":\"Dajka G\u00e1bor\",\"image\":{\"@type\":\"ImageObject\",\"inLanguage\":\"hu\",\"@id\":\"https:\\\/\\\/secure.gravatar.com\\\/avatar\\\/81566ea1e2b3466baa03e9bdcdaa835f58564d8be90057a45f3e61711dc8a063?s=96&d=mm&r=g\",\"url\":\"https:\\\/\\\/secure.gravatar.com\\\/avatar\\\/81566ea1e2b3466baa03e9bdcdaa835f58564d8be90057a45f3e61711dc8a063?s=96&d=mm&r=g\",\"contentUrl\":\"https:\\\/\\\/secure.gravatar.com\\\/avatar\\\/81566ea1e2b3466baa03e9bdcdaa835f58564d8be90057a45f3e61711dc8a063?s=96&d=mm&r=g\",\"caption\":\"Dajka G\u00e1bor\"},\"sameAs\":[\"https:\\\/\\\/egercoach.hu\\\/blog\"],\"url\":\"https:\\\/\\\/egercoach.hu\\\/blog\\\/author\\\/adminka\\\/\"}]}<\/script>\n<!-- \/ Yoast SEO plugin. -->","yoast_head_json":{"title":"Toxikus negativit\u00e1s a gy\u00e1szban: a m\u00e1sik v\u00e9glet csapd\u00e1ja","robots":{"index":"index","follow":"follow","max-snippet":"max-snippet:-1","max-image-preview":"max-image-preview:large","max-video-preview":"max-video-preview:-1"},"canonical":"https:\/\/egercoach.hu\/blog\/toxikus-negativitas-a-gyaszban-a-masik-veglet-csapdaja\/","og_locale":"hu_HU","og_type":"article","og_title":"Toxikus negativit\u00e1s a gy\u00e1szban: a m\u00e1sik v\u00e9glet csapd\u00e1ja","og_description":"A gy\u00e1sz term\u00e9szetes, m\u00e9gis nehezen elviselhet\u0151 emberi tapasztalat. Amikor elvesz\u00edt\u00fcnk valakit vagy valamit, ami alapvet\u0151en meghat\u00e1rozta az \u00e9let\u00fcnket, az \u00e9rzelmi rendszer\u00fcnk v\u00e9sz\u00fczemm\u00f3dba kapcsol. Ilyenkor sokan \u2013 j\u00f3 sz\u00e1nd\u00e9kkal \u2013 a \u201epozit\u00edv gondolkod\u00e1st\u201d s\u00fcrgetik, m\u00e1sok viszont abba a csapd\u00e1ba esnek, hogy kiz\u00e1r\u00f3lag a vesztes\u00e9g s\u00f6t\u00e9t oldal\u00e1ra f\u00f3kusz\u00e1lnak. Az el\u0151bbit ma m\u00e1r j\u00f3l ismerj\u00fck: toxikus pozitivit\u00e1snak h\u00edvjuk....","og_url":"https:\/\/egercoach.hu\/blog\/toxikus-negativitas-a-gyaszban-a-masik-veglet-csapdaja\/","og_site_name":"Az Egri Coach Blogja","article_publisher":"https:\/\/www.facebook.com\/eger.coach","article_published_time":"2024-08-19T07:44:35+00:00","article_modified_time":"2025-10-26T07:12:52+00:00","og_image":[{"width":1500,"height":1018,"url":"https:\/\/egercoach.hu\/blog\/wp-content\/uploads\/2024\/08\/getting-it-all-out-shot-of-an-anxious-young-woman-writing-in-her-journal-.jpg","type":"image\/jpeg"}],"author":"Dajka G\u00e1bor","twitter_card":"summary_large_image","twitter_misc":{"Szerz\u0151:":"Dajka G\u00e1bor","Becs\u00fclt olvas\u00e1si id\u0151":"10 perc"},"schema":{"@context":"https:\/\/schema.org","@graph":[{"@type":"Article","@id":"https:\/\/egercoach.hu\/blog\/toxikus-negativitas-a-gyaszban-a-masik-veglet-csapdaja\/#article","isPartOf":{"@id":"https:\/\/egercoach.hu\/blog\/toxikus-negativitas-a-gyaszban-a-masik-veglet-csapdaja\/"},"author":{"name":"Dajka G\u00e1bor","@id":"https:\/\/egercoach.hu\/blog\/#\/schema\/person\/afc73367aa314ca33a9c8d3b88dce6e7"},"headline":"Toxikus negativit\u00e1s a gy\u00e1szban: a m\u00e1sik v\u00e9glet csapd\u00e1ja","datePublished":"2024-08-19T07:44:35+00:00","dateModified":"2025-10-26T07:12:52+00:00","mainEntityOfPage":{"@id":"https:\/\/egercoach.hu\/blog\/toxikus-negativitas-a-gyaszban-a-masik-veglet-csapdaja\/"},"wordCount":2904,"publisher":{"@id":"https:\/\/egercoach.hu\/blog\/#organization"},"image":{"@id":"https:\/\/egercoach.hu\/blog\/toxikus-negativitas-a-gyaszban-a-masik-veglet-csapdaja\/#primaryimage"},"thumbnailUrl":"https:\/\/egercoach.hu\/blog\/wp-content\/uploads\/2024\/08\/getting-it-all-out-shot-of-an-anxious-young-woman-writing-in-her-journal-.jpg","articleSection":["Gy\u00e1szfeldolgoz\u00e1s Egerben"],"inLanguage":"hu"},{"@type":"WebPage","@id":"https:\/\/egercoach.hu\/blog\/toxikus-negativitas-a-gyaszban-a-masik-veglet-csapdaja\/","url":"https:\/\/egercoach.hu\/blog\/toxikus-negativitas-a-gyaszban-a-masik-veglet-csapdaja\/","name":"Toxikus negativit\u00e1s a gy\u00e1szban: a m\u00e1sik v\u00e9glet csapd\u00e1ja","isPartOf":{"@id":"https:\/\/egercoach.hu\/blog\/#website"},"primaryImageOfPage":{"@id":"https:\/\/egercoach.hu\/blog\/toxikus-negativitas-a-gyaszban-a-masik-veglet-csapdaja\/#primaryimage"},"image":{"@id":"https:\/\/egercoach.hu\/blog\/toxikus-negativitas-a-gyaszban-a-masik-veglet-csapdaja\/#primaryimage"},"thumbnailUrl":"https:\/\/egercoach.hu\/blog\/wp-content\/uploads\/2024\/08\/getting-it-all-out-shot-of-an-anxious-young-woman-writing-in-her-journal-.jpg","datePublished":"2024-08-19T07:44:35+00:00","dateModified":"2025-10-26T07:12:52+00:00","breadcrumb":{"@id":"https:\/\/egercoach.hu\/blog\/toxikus-negativitas-a-gyaszban-a-masik-veglet-csapdaja\/#breadcrumb"},"inLanguage":"hu","potentialAction":[{"@type":"ReadAction","target":["https:\/\/egercoach.hu\/blog\/toxikus-negativitas-a-gyaszban-a-masik-veglet-csapdaja\/"]}]},{"@type":"ImageObject","inLanguage":"hu","@id":"https:\/\/egercoach.hu\/blog\/toxikus-negativitas-a-gyaszban-a-masik-veglet-csapdaja\/#primaryimage","url":"https:\/\/egercoach.hu\/blog\/wp-content\/uploads\/2024\/08\/getting-it-all-out-shot-of-an-anxious-young-woman-writing-in-her-journal-.jpg","contentUrl":"https:\/\/egercoach.hu\/blog\/wp-content\/uploads\/2024\/08\/getting-it-all-out-shot-of-an-anxious-young-woman-writing-in-her-journal-.jpg","width":1500,"height":1018,"caption":"Getting it all out. Shot of an anxious young woman writing in her journal."},{"@type":"BreadcrumbList","@id":"https:\/\/egercoach.hu\/blog\/toxikus-negativitas-a-gyaszban-a-masik-veglet-csapdaja\/#breadcrumb","itemListElement":[{"@type":"ListItem","position":1,"name":"Kezd\u0151lap","item":"https:\/\/egercoach.hu\/blog\/"},{"@type":"ListItem","position":2,"name":"Toxikus negativit\u00e1s a gy\u00e1szban: a m\u00e1sik v\u00e9glet csapd\u00e1ja"}]},{"@type":"WebSite","@id":"https:\/\/egercoach.hu\/blog\/#website","url":"https:\/\/egercoach.hu\/blog\/","name":"Eger Coach Blog","description":"","publisher":{"@id":"https:\/\/egercoach.hu\/blog\/#organization"},"potentialAction":[{"@type":"SearchAction","target":{"@type":"EntryPoint","urlTemplate":"https:\/\/egercoach.hu\/blog\/?s={search_term_string}"},"query-input":{"@type":"PropertyValueSpecification","valueRequired":true,"valueName":"search_term_string"}}],"inLanguage":"hu"},{"@type":"Organization","@id":"https:\/\/egercoach.hu\/blog\/#organization","name":"Eger Coach Blog","url":"https:\/\/egercoach.hu\/blog\/","logo":{"@type":"ImageObject","inLanguage":"hu","@id":"https:\/\/egercoach.hu\/blog\/#\/schema\/logo\/image\/","url":"https:\/\/egercoach.hu\/blog\/wp-content\/uploads\/2025\/05\/cropped-Eger.png","contentUrl":"https:\/\/egercoach.hu\/blog\/wp-content\/uploads\/2025\/05\/cropped-Eger.png","width":500,"height":169,"caption":"Eger Coach Blog"},"image":{"@id":"https:\/\/egercoach.hu\/blog\/#\/schema\/logo\/image\/"},"sameAs":["https:\/\/www.facebook.com\/eger.coach"]},{"@type":"Person","@id":"https:\/\/egercoach.hu\/blog\/#\/schema\/person\/afc73367aa314ca33a9c8d3b88dce6e7","name":"Dajka G\u00e1bor","image":{"@type":"ImageObject","inLanguage":"hu","@id":"https:\/\/secure.gravatar.com\/avatar\/81566ea1e2b3466baa03e9bdcdaa835f58564d8be90057a45f3e61711dc8a063?s=96&d=mm&r=g","url":"https:\/\/secure.gravatar.com\/avatar\/81566ea1e2b3466baa03e9bdcdaa835f58564d8be90057a45f3e61711dc8a063?s=96&d=mm&r=g","contentUrl":"https:\/\/secure.gravatar.com\/avatar\/81566ea1e2b3466baa03e9bdcdaa835f58564d8be90057a45f3e61711dc8a063?s=96&d=mm&r=g","caption":"Dajka G\u00e1bor"},"sameAs":["https:\/\/egercoach.hu\/blog"],"url":"https:\/\/egercoach.hu\/blog\/author\/adminka\/"}]}},"_links":{"self":[{"href":"https:\/\/egercoach.hu\/blog\/wp-json\/wp\/v2\/posts\/221","targetHints":{"allow":["GET"]}}],"collection":[{"href":"https:\/\/egercoach.hu\/blog\/wp-json\/wp\/v2\/posts"}],"about":[{"href":"https:\/\/egercoach.hu\/blog\/wp-json\/wp\/v2\/types\/post"}],"author":[{"embeddable":true,"href":"https:\/\/egercoach.hu\/blog\/wp-json\/wp\/v2\/users\/1"}],"replies":[{"embeddable":true,"href":"https:\/\/egercoach.hu\/blog\/wp-json\/wp\/v2\/comments?post=221"}],"version-history":[{"count":0,"href":"https:\/\/egercoach.hu\/blog\/wp-json\/wp\/v2\/posts\/221\/revisions"}],"wp:featuredmedia":[{"embeddable":true,"href":"https:\/\/egercoach.hu\/blog\/wp-json\/wp\/v2\/media\/222"}],"wp:attachment":[{"href":"https:\/\/egercoach.hu\/blog\/wp-json\/wp\/v2\/media?parent=221"}],"wp:term":[{"taxonomy":"category","embeddable":true,"href":"https:\/\/egercoach.hu\/blog\/wp-json\/wp\/v2\/categories?post=221"},{"taxonomy":"post_tag","embeddable":true,"href":"https:\/\/egercoach.hu\/blog\/wp-json\/wp\/v2\/tags?post=221"}],"curies":[{"name":"wp","href":"https:\/\/api.w.org\/{rel}","templated":true}]}}