{"id":23,"date":"2023-08-07T00:00:00","date_gmt":"2023-08-06T22:00:00","guid":{"rendered":"https:\/\/egercoach.hu\/blog\/2023\/08\/07\/a-veszteseg-hosszutavu-hatasa-megertes-kezeles-es-tovabblepes\/"},"modified":"2025-10-11T10:23:34","modified_gmt":"2025-10-11T08:23:34","slug":"a-veszteseg-hosszutavu-hatasa-megertes-kezeles-es-tovabblepes","status":"publish","type":"post","link":"https:\/\/egercoach.hu\/blog\/a-veszteseg-hosszutavu-hatasa-megertes-kezeles-es-tovabblepes\/","title":{"rendered":"Vesztes\u00e9g hossz\u00fat\u00e1v\u00fa hat\u00e1sa: meg\u00e9rt\u00e9s \u00e9s tov\u00e1bbl\u00e9p\u00e9s"},"content":{"rendered":"<p>A vesztes\u00e9g nem csak a gy\u00e1szr\u00f3l sz\u00f3l. A mindennapi \u00e9letben sz\u00e1z meg sz\u00e1z form\u00e1ban jelenhet meg: munkahely elveszt\u00e9se, p\u00e1rkapcsolat felboml\u00e1sa, eg\u00e9szs\u00e9groml\u00e1s, anyagi \u00f6sszeoml\u00e1s, s\u0151t a biztons\u00e1g\u00e9rzet vagy a k\u00f6z\u00f6ss\u00e9ghez tartoz\u00e1s \u00e9rz\u00e9s\u00e9nek meging\u00e1sa is ide tartozik. Ami k\u00f6z\u00f6s benn\u00fck: l\u00e1thatatlanul is \u00e1t\u00edrj\u00e1k a gondolkod\u00e1sodat, az \u00e9rzelmi ritmusodat \u00e9s a tested reakci\u00f3it. A j\u00f3 h\u00edr, hogy a vesztes\u00e9ghez val\u00f3 viszony tanulhat\u00f3 \u00e9s fejleszthet\u0151. A rossz h\u00edr, hogy ha sem id\u0151t, sem figyelmet nem adsz neki, akkor a r\u00f6vid t\u00e1v\u00fa \u201et\u00fal\u00e9l\u0151megold\u00e1sok\u201d k\u00f6nnyen hossz\u00fa t\u00e1v\u00fa elakad\u00e1sokhoz vezetnek. E cikk c\u00e9lja, hogy tiszta, higgadt szeml\u00e9lettel mutassa meg: mi t\u00f6rt\u00e9nik benned a vesztes\u00e9g ut\u00e1n, milyen t\u00e9nyez\u0151k d\u00f6ntik el a kimenetelt, \u00e9s mit tehetsz a saj\u00e1t \u00e9rdekedben m\u00e1r ma. Nem mantrak\u00e9nt, hanem haszn\u00e1lhat\u00f3 rendszerekben gondolkodva. A f\u00f3kusz: a hossz\u00fa t\u00e1v\u00fa hat\u00e1sok. Hogyan alakul \u00e1t az \u00f6n\u00e9rt\u00e9kel\u00e9sed, milyen mint\u00e1zatok szerint v\u00e1ltoznak a kapcsolataid, mit tesz a testeddel a tart\u00f3s stressz, \u00e9s mit jelent az akt\u00edv feldolgoz\u00e1s a gyakorlatban. A szakmai keretet kutat\u00e1sok \u00e9s tereptapasztalat adja; a hangv\u00e9tel pedig r\u00e1d figyel: laikusk\u00e9nt is \u00e9rthet\u0151, m\u00e9gis el\u00e9g m\u00e9ly ahhoz, hogy a legk\u00f6zelebbi d\u00f6nt\u00e9sedre m\u00e1r hat\u00e1ssal legyen.<\/p>\n<h2>Mi sz\u00e1m\u00edt vesztes\u00e9gnek?<\/h2>\n<p>Vesztes\u00e9g az, amikor valami, amihez k\u00f6t\u0151dt\u00e9l \u2013 szem\u00e9ly, szerep, rutin, st\u00e1tusz, eg\u00e9szs\u00e9g, j\u00f6v\u0151k\u00e9p \u2013 hirtelen vagy fokozatosan kiker\u00fcl az \u00e9letedb\u0151l. Ez az elmozdul\u00e1s megrend\u00edtheti a kompetencia- \u00e9s kontroll\u00e9rzetedet, \u00e9s kih\u00edv\u00e1s el\u00e9 \u00e1ll\u00edtja a k\u00f6t\u0151d\u00e9si rendszeredet. A pszichol\u00f3gi\u00e1ban j\u00f3l le\u00edrt, hogy az \u00e9rzelmi vesztes\u00e9gek nem egyen\u00e9rt\u00e9k\u0171ek, de az idegrendszered szempontj\u00e1b\u00f3l nagyon hasonl\u00f3 folyamatokat ind\u00edtanak be: fokozott \u00e9bers\u00e9g, bizonytalans\u00e1gt\u0171r\u00e9s cs\u00f6kken\u00e9se, a jelent\u00e9salkot\u00e1s k\u00e9nyszere (\u201emi\u00e9rt t\u00f6rt\u00e9nt?\u201d), majd lass\u00fa \u00fajraszervez\u0151d\u00e9s. A kritikus k\u00fcl\u00f6nbs\u00e9get t\u00f6bbnyire nem maga a vesztes\u00e9g t\u00edpusa, hanem a kontextus adja: mennyire volt v\u00e1ratlan, mennyire radik\u00e1lis, mekkora volt a k\u00f6t\u0151d\u00e9s, \u00e9s milyen t\u00e1mogat\u00e1st kapt\u00e1l k\u00f6zben. A feldolgoz\u00e1s kulcsa nem a \u201efelejt\u00e9s\u201d, hanem az, hogy \u00faj, koherens t\u00f6rt\u00e9netet tudj alkotni magadnak az \u00e9letedr\u0151l \u2013 olyat, amelyben a vesztes\u00e9g t\u00e9nye nem t\u0171nik el, de a hely\u00e9re ker\u00fcl. Ha ez a rekonstrukci\u00f3 elmarad, a f\u00e1jdalom \u201enyitva marad\u201d: visszat\u00e9r\u0151 r\u00e1g\u00f3d\u00e1s, \u00e9rzelmi kileng\u00e9sek, kapcsolati zavarok \u00e9s fizikai panaszok form\u00e1j\u00e1ban. \u00c9ppen ez\u00e9rt a vesztes\u00e9get nem \u00e9rdemes relativiz\u00e1lni (\u201eenn\u00e9l nagyobb baj is van\u201d); a k\u00e9rd\u00e9s nem az, hogy \u201emekkora\u201d, hanem az, hogy <i>mit tesz veled<\/i>, \u00e9s <i>hogyan v\u00e1laszolsz r\u00e1<\/i>.<\/p>\n<h2>A t\u00e1mogat\u00e1si rendszer s\u00falya<\/h2>\n<p>Az egyik leger\u0151sebb v\u00e9d\u0151faktor a t\u00e1rsas t\u00e1masz. A stabil, el\u00e9rhet\u0151, nem bagatelliz\u00e1l\u00f3 kapcsolatok cs\u00f6kkentik a stressz\u00e9lettani terhel\u00e9st, \u00e9s seg\u00edtenek rendezni az \u00e9rzelmi hull\u00e1mz\u00e1st. A t\u00e1mogat\u00e1s nem csak \u201ejelenl\u00e9t\u201d: min\u0151s\u00e9ge m\u00falik a meghallgat\u00e1s m\u00f3dj\u00e1n, az \u00edt\u00e9lkez\u00e9smentess\u00e9gen, a gyakorlati seg\u00edts\u00e9gen \u00e9s a ritmus tisztelet\u00e9n. Ezzel szemben a mag\u00e1ny \u2013 ak\u00e1r objekt\u00edv, ak\u00e1r szubjekt\u00edv \u2013 n\u00f6veli annak es\u00e9ly\u00e9t, hogy a vesztes\u00e9g elh\u00faz\u00f3d\u00f3 szenved\u00e9ss\u00e9, \u00fagynevezett komplik\u00e1lt gy\u00e1ssz\u00e1 alakuljon. A hossz\u00fa t\u00e1v\u00fa kimenetet itt is az energia\u00e1raml\u00e1s d\u00f6nti el: ha van, akihez fordulhatsz, akivel rendszert tudsz tartani (s\u00e9ta, k\u00f6z\u00f6s \u00e9tkez\u00e9s, heti h\u00edv\u00e1s), akkor a napirendedben is kevesebb lesz a \u201elyuk\u201d, amelyben a rumin\u00e1ci\u00f3k, \u00f6nv\u00e1dl\u00e1sok meger\u0151s\u00f6dhetnek. \u00dczleti \u00e9s munkahelyi k\u00f6zegben ez k\u00fcl\u00f6n\u00f6sen fontos: a vezet\u0151i t\u00e1mogat\u00f3 kult\u00fara \u2013 re\u00e1lis elv\u00e1r\u00e1s, tiszta kommunik\u00e1ci\u00f3, rugalmas keretek \u2013 m\u00e9rhet\u0151en cs\u00f6kkenti a kies\u00e9st \u00e9s a ki\u00e9g\u00e9st. A t\u00e1rsas h\u00e1l\u00f3zatod teh\u00e1t <b>nem mell\u00e9kes d\u00edszlet<\/b>, hanem biol\u00f3giai \u00e9s pszichol\u00f3giai \u201e\u00fctk\u00f6z\u0151z\u00f3na\u201d, amely tomp\u00edtja a vesztes\u00e9g l\u00f6k\u00e9shull\u00e1mait, \u00e9s teret ad az \u00faj jelent\u00e9sek megsz\u00fclet\u00e9s\u00e9nek.<\/p>\n<h2>\u00c9letkor \u00e9s \u00e9lethelyzet<\/h2>\n<p>Ugyanaz az esem\u00e9ny elt\u00e9r\u0151 \u00e9letkorban teljesen m\u00e1s terhet r\u00f3 r\u00e1d. P\u00e1lyakezd\u0151k\u00e9nt egy elbocs\u00e1t\u00e1s identit\u00e1sv\u00e1ls\u00e1ggal j\u00e1rhat (\u201ealkalmas vagyok-e?\u201d), k\u00f6z\u00e9pkor\u00faan egzisztenci\u00e1lis gondokkal \u00e9s csal\u00e1di szerepkonfliktussal, id\u0151skorban pedig a t\u00e1rsas be\u00e1gyazotts\u00e1g megrend\u00fcl\u00e9s\u00e9vel. Gyermekkori vesztes\u00e9gek \u2013 k\u00f6lt\u00f6z\u00e9s, v\u00e1l\u00e1s, fontos szem\u00e9ly t\u00e1voz\u00e1sa \u2013 finoman, de tart\u00f3san form\u00e1lhatj\u00e1k a bizalom \u00e9s k\u00f6t\u0151d\u00e9s mint\u00e1zatait: feln\u0151ttkorban nehezebb lehet k\u00e9rni, maradni, elk\u00f6telez\u0151dni. Betegs\u00e9g vagy funkci\u00f3veszt\u00e9s fiatalon identit\u00e1skr\u00edzist hozhat (\u201eki vagyok a teljes\u00edtm\u00e9ny n\u00e9lk\u00fcl?\u201d), id\u0151skorban pedig a m\u00e9lt\u00f3s\u00e1g \u00e9s \u00f6n\u00e1ll\u00f3s\u00e1g \u00fajradefini\u00e1l\u00e1s\u00e1t. A \u201emit jelent ez nekem most?\u201d k\u00e9rd\u00e9se ez\u00e9rt \u00e9letkorf\u00fcgg\u0151: m\u00e1s er\u0151forr\u00e1sokat kell mozg\u00f3s\u00edtanod, \u00e9s m\u00e1s id\u0151t\u00e1von kell gondolkodnod. Fontos: nincs \u201erossz\u201d temp\u00f3. Ha egy vesztes\u00e9g h\u00f3napokig vagy ak\u00e1r egy \u00e9vig is hull\u00e1mokat vet, az nem rendelleness\u00e9g, hanem folyamat. A feladat nem a siets\u00e9g, hanem a <i>tart\u00f3s rendez\u00e9s<\/i>: olyan szok\u00e1sok \u00e9s kapcsolati ritmus fel\u00e9p\u00edt\u00e9se, amely a jelen \u00e9lethelyzethez illeszkedik. Aki ezt bel\u00e1tja, annak kisebb az es\u00e9lye a t\u00falkompenz\u00e1l\u00e1sra (t\u00falmunk\u00e1z\u00e1s, impulzus-d\u00f6nt\u00e9sek), \u00e9s k\u00f6nnyebben tal\u00e1l vissza a m\u0171k\u00f6d\u0151 mindennapi strukt\u00far\u00e1khoz.<\/p>\n<h2>Megk\u00fczd\u00e9si st\u00edlusok: elker\u00fcl\u00e9s vagy akt\u00edv feldolgoz\u00e1s<\/h2>\n<p>A vesztes\u00e9g ut\u00e1n hajlamosak vagyunk k\u00e9t sz\u00e9ls\u0151s\u00e9g fel\u00e9 elmozdulni. Az egyik az elker\u00fcl\u00e9s: \u201eer\u0151snek kell lennem\u201d, \u201enincs id\u0151m ezzel foglalkozni\u201d. R\u00f6vid t\u00e1von m\u0171k\u00f6dik, hossz\u00fa t\u00e1von azonban gyakran r\u00f6gz\u00edti a fesz\u00fclts\u00e9get: testi t\u00fcnetek, ingerl\u00e9kenys\u00e9g, alv\u00e1s- \u00e9s koncentr\u00e1ci\u00f3s neh\u00e9zs\u00e9gek form\u00e1j\u00e1ban \u00fczen a szervezet. A m\u00e1sik v\u00e9glet a kontroll\u00e1latlan \u201ebenne marad\u00e1s\u201d: minden gondolat \u00e9s besz\u00e9lget\u00e9s a vesztes\u00e9g k\u00f6r\u00fcl forog, a h\u00e9tk\u00f6znapok strukt\u00far\u00e1ja sz\u00e9tcs\u00faszik. A hat\u00e9kony minta a <i>ritmus<\/i>: tudatos, napi\/heti \u00fctem\u0171 odafordul\u00e1s (\u00edr\u00e1s, besz\u00e9lget\u00e9s, vezetett gyakorlatok), <i>\u00e9s<\/i> tudatos, b\u0171ntudat n\u00e9lk\u00fcli elfordul\u00e1s (mozg\u00e1s, kinti teend\u0151k, k\u00f6z\u00f6ss\u00e9g). Ez a v\u00e1ltott-f\u00f3kusz\u00fa megk\u00fczd\u00e9s v\u00e9di az idegrendszert, \u00e9s teret ad a rekonstrukci\u00f3nak. A napl\u00f3z\u00e1s, c\u00e9lzott \u00f6nreflexi\u00f3s k\u00e9rd\u00e9sek (\u201eMit vesz\u00edtettem? Mit tartok meg? Mi az els\u0151 kis l\u00e9p\u00e9s?\u201d), vagy struktur\u00e1lt m\u00f3dszerek \u2013 egy\u00e9ni tan\u00e1csad\u00e1s, gy\u00e1szfeldolgoz\u00f3 programok \u2013 mind ezt a ritmust t\u00e1mogatj\u00e1k. A l\u00e9nyeg: ne a fesz\u00fclts\u00e9get \u201enyomd le\u201d, hanem a kapcsolatod <i>form\u00e1j\u00e1t<\/i> alak\u00edtsd \u00e1t a vesztes\u00e9ggel. \u00cdgy tud a f\u00e1jdalomb\u00f3l inform\u00e1ci\u00f3, az inform\u00e1ci\u00f3b\u00f3l d\u00f6nt\u00e9s, a d\u00f6nt\u00e9sb\u0151l pedig \u00faj egyens\u00faly sz\u00fcletni.<\/p>\n<h2>Gyakori vesztes\u00e9gt\u00edpusok \u00e9s hat\u00e1saik (\u00e1ttekint\u0151 t\u00e1bl\u00e1zat)<\/h2>\n<table border=\"1\">\n<thead>\n<tr>\n<th>Vesztes\u00e9gt\u00edpus<\/th>\n<th>Lehets\u00e9ges hossz\u00fa t\u00e1v\u00fa hat\u00e1s<\/th>\n<th>Figyelmeztet\u0151 jelek<\/th>\n<\/tr>\n<\/thead>\n<tbody>\n<tr>\n<td>Emocion\u00e1lis (hal\u00e1leset, szak\u00edt\u00e1s)<\/td>\n<td>K\u00f6t\u0151d\u00e9si mint\u00e1k \u00e1trendez\u0151d\u00e9se, bizalom meging\u00e1sa, ritu\u00e1l\u00e9k sz\u00e9tes\u00e9se<\/td>\n<td>H\u00f3napokig v\u00e1ltozatlanul intenz\u00edv f\u00e1jdalom, t\u00e1rsas visszah\u00faz\u00f3d\u00e1s, \u00f6r\u00f6mk\u00e9ptelens\u00e9g<\/td>\n<\/tr>\n<tr>\n<td>Eg\u00e9szs\u00e9gveszt\u00e9s<\/td>\n<td>Identit\u00e1s- \u00e9s szerepv\u00e1ls\u00e1g, \u00e9letc\u00e9lok \u00fajradefini\u00e1l\u00e1sa<\/td>\n<td>Tart\u00f3s rem\u00e9nytelens\u00e9g, aktivit\u00e1s ker\u00fcl\u00e9se, \u00f6nell\u00e1t\u00e1s roml\u00e1sa<\/td>\n<\/tr>\n<tr>\n<td>P\u00e9nz\u00fcgyi\/szakmai<\/td>\n<td>Biztons\u00e1g\u00e9rzet cs\u00f6kken\u00e9se, \u00f6n\u00e9rt\u00e9kel\u00e9s s\u00e9r\u00fcl\u00e9se, kapcsolati fesz\u00fclts\u00e9g<\/td>\n<td>K\u00e9nyszeres munkakeres\u00e9s vagy felad\u00e1s, alv\u00e1sroml\u00e1s, szorong\u00e1srohamok<\/td>\n<\/tr>\n<tr>\n<td>K\u00f6z\u00f6ss\u00e9gi\/identit\u00e1s<\/td>\n<td>Hovatartoz\u00e1s \u00e9rz\u00e9s\u00e9nek gyeng\u00fcl\u00e9se, izol\u00e1ci\u00f3<\/td>\n<td>\u00c9rtelmetlens\u00e9g \u00e9rz\u00e9se, tart\u00f3s cinizmus, d\u00fchkit\u00f6r\u00e9sek<\/td>\n<\/tr>\n<\/tbody>\n<\/table>\n<h2>Kock\u00e1zati t\u00e9nyez\u0151k \u00e9s az elh\u00faz\u00f3d\u00f3 (komplik\u00e1lt) gy\u00e1sz<\/h2>\n<p>Vesztes\u00e9g ut\u00e1n term\u00e9szetes a hull\u00e1mz\u00f3 f\u00e1jdalom. Vesz\u00e9lyt akkor jelez, ha a szenved\u00e9s <i>ar\u00e1nytalanul hosszan<\/i> \u00e9s <i>v\u00e1ltozatlan intenzit\u00e1ssal<\/i> marad fenn, \u00e9s tart\u00f3san g\u00e1tolja az alapvet\u0151 m\u0171k\u00f6d\u00e9st (munka, tanul\u00e1s, kapcsolatok, \u00f6nell\u00e1t\u00e1s). Ezt a jelens\u00e9get \u00edrj\u00e1k le a nemzetk\u00f6zi diagnosztikus rendszerek \u201eelh\u00faz\u00f3d\u00f3 gy\u00e1sz zavara\u201d n\u00e9ven: t\u00falzott m\u00e9rt\u00e9k\u0171, hosszan fenn\u00e1ll\u00f3 s\u00f3v\u00e1rg\u00e1s, identit\u00e1svesztetts\u00e9g, a j\u00f6v\u0151 k\u00e9ptelens\u00e9ge, kifejezett funkci\u00f3roml\u00e1s. Fontos a k\u00fcl\u00f6nbs\u00e9gt\u00e9tel: az <i>intenz\u00edv<\/i> gy\u00e1sz norm\u00e1lis; a <i>megrekedt<\/i> gy\u00e1sz kezel\u00e9st ig\u00e9nyel. Kock\u00e1zatot n\u00f6vel: hirtelen hal\u00e1l\/trauma, gyenge t\u00e1rsas t\u00e1masz, kor\u00e1bbi pszichi\u00e1triai terhelts\u00e9g, t\u00f6bbsz\u00f6r\u00f6s vesztes\u00e9gek, anyagi bizonytalans\u00e1g. A v\u00e9d\u0151faktorok k\u00f6z\u00f6tt els\u0151 a <b>kapcsolati rendszer<\/b>, m\u00e1sodik a <b>napirend<\/b> (alv\u00e1s, \u00e9tkez\u00e9s, mozg\u00e1s), harmadik a <b>jelent\u00e9salkot\u00e1s<\/b> (ritu\u00e1l\u00e9k, lev\u00e9l\u00edr\u00e1s, k\u00f6z\u00f6s eml\u00e9kez\u00e9s). Ha magadra ismersz a le\u00edr\u00e1sban, az nem \u201egyenges\u00e9g\u201d, hanem jelz\u00e9s: a rendszered kimer\u00fclt, \u00e9s k\u00fcls\u0151 tart\u00f3kra van sz\u00fcks\u00e9ged. A j\u00f3 seg\u00edts\u00e9g nem veszi el t\u0151led a felel\u0151ss\u00e9get, hanem visszaadja a mozg\u00e1steredet.<\/p>\n<h2>Testi k\u00f6vetkezm\u00e9nyek: amikor a sz\u00edv is gy\u00e1szol<\/h2>\n<p>A vesztes\u00e9g nem csak fejben t\u00f6rt\u00e9nik. Az idegrendszeri stresszv\u00e1lasz a kering\u00e9sre, immunit\u00e1sra \u00e9s anyagcser\u00e9re is kihat. Ennek sz\u00e9ls\u0151s\u00e9ges p\u00e9ld\u00e1ja az \u00fagynevezett \u201e\u00f6zvegyi sz\u00edv\u201d (Takotsubo-szindr\u00f3ma): heves \u00e9rzelmi megr\u00e1zk\u00f3dtat\u00e1s ut\u00e1n a bal kamra \u00e1tmenetileg \u201eelk\u00e1bul\u201d, mellkasi f\u00e1jdalom, neh\u00e9zl\u00e9gz\u00e9s jelentkezhet. A legt\u00f6bben fel\u00e9p\u00fclnek, de a jelens\u00e9g j\u00f3l mutatja: az \u00e9rzelmi \u00e9s testi folyamatok \u00f6sszefon\u00f3dnak. Kev\u00e9sb\u00e9 l\u00e1tv\u00e1nyos, de gyakoribb, hogy a tart\u00f3s r\u00e1g\u00f3d\u00e1s \u00e9s alv\u00e1shi\u00e1ny megemeli a v\u00e9rnyom\u00e1st, rontja az inzulin\u00e9rz\u00e9kenys\u00e9get, \u00e9s feler\u0151s\u00edti a gyullad\u00e1sos folyamatokat. Ez\u00e9rt tekints a testre, mint sz\u00f6vets\u00e9gesre: aludj lehet\u0151leg azonos id\u0151ben, tarts k\u00f6nnyen tarthat\u00f3 mozg\u00e1srutint (napi 20\u201330 perc s\u00e9ta is sz\u00e1m\u00edt), \u00e9s figyelj a stimul\u00e1nsokra (koffein, alkohol) \u2013 nem tilt\u00e1sb\u00f3l, hanem hogy a szervezetednek legyen es\u00e9lye regener\u00e1l\u00f3dni. Ha vesztes\u00e9g ut\u00e1n hirtelen, szokatlan mellkasi panaszt \u00e9rzel, <b>orvosi vizsg\u00e1lat sz\u00fcks\u00e9ges<\/b>. A kett\u0151s gondoz\u00e1s \u2013 lelki \u00e9s testi \u2013 nem luxus, hanem hat\u00e9kony prevenci\u00f3.<\/p>\n<h2>\u00dajratervez\u00e9s \u00e9s identit\u00e1s: mit tartasz meg, mit \u00e9p\u00edtesz \u00fajra?<\/h2>\n<p>Hossz\u00fa t\u00e1von a vesztes\u00e9g feldolgoz\u00e1s\u00e1nak k\u00f6zponti k\u00e9rd\u00e9se az identit\u00e1s: ki vagyok most, a megv\u00e1ltozott k\u00f6r\u00fclm\u00e9nyek k\u00f6z\u00f6tt? A v\u00e1lasz ritk\u00e1n \u201e\u00fajrakezd\u00e9s\u201d a null\u00e1r\u00f3l; ink\u00e1bb az t\u00f6rt\u00e9nik, hogy a r\u00e9gi \u00f6nk\u00e9ped r\u00e9tegei k\u00f6z\u00fcl n\u00e9h\u00e1nyat elengedsz, m\u00e1sokat meger\u0151s\u00edtesz, \u00e9s \u00faj kompetenci\u00e1kat illesztesz be. Ebben seg\u00edt a tudatos transzfer: <i>mely k\u00e9szs\u00e9geim maradtak v\u00e1ltozatlanul \u00e9rt\u00e9kesek?<\/i> (kitart\u00e1s, analitikus gondolkod\u00e1s, <a href=\"https:\/\/egercoach.hu\/blog\/a-humor-kognitiv-mechanizmusai-semak-forgatokonyvek-es-osszeferhetetlenseg\/\">humor<\/a>, kapcsolatk\u00e9szs\u00e9g). A vesztes\u00e9g nem csup\u00e1n hi\u00e1ny; gyakran kataliz\u00e1tor is: r\u00e1mutat, hol volt t\u00fal szoros az \u00f6nazonoss\u00e1god valami k\u00fcls\u0151h\u00f6z (munka, szerep, st\u00e1tusz). Az \u00fajratervez\u00e9s nem egyszeri nagy d\u00f6nt\u00e9sb\u0151l \u00e1ll, hanem sorozatnyi <b>mikrol\u00e9p\u00e9sb\u0151l<\/b>: napi strukt\u00fara vissza\u00e1ll\u00edt\u00e1sa, kis c\u00e9lok (10 perc olvas\u00e1s, 20 perc mozg\u00e1s, egy telefon valakinek, aki sz\u00e1m\u00edt), apr\u00f3 sikerek r\u00f6gz\u00edt\u00e9se. Ha a \u201enagy k\u00e9p\u201d m\u00e9g hom\u00e1lyos, kezd a kicsiben: a rendszeres viselked\u00e9s vissza\u00e9p\u00edti az \u00f6nhat\u00e9konys\u00e1g\u00e9rz\u00e9st, \u00e9s a j\u00f6v\u0151k\u00e9p mag\u00e1t\u00f3l tisztul.<\/p>\n<h2>30 napos mikrol\u00e9p\u00e9s-akci\u00f3terv (nyomtathat\u00f3 v\u00e1zlat)<\/h2>\n<ul>\n<li>1\u20137. nap: alv\u00e1s- \u00e9s \u00e9tkez\u00e9sritmus r\u00f6gz\u00edt\u00e9se; napi 20 perc s\u00e9ta; 5 perc napl\u00f3 (Mit \u00e9rzek? Mit tanultam ma?).<\/li>\n<li>8\u201314. nap: heti k\u00e9t besz\u00e9lget\u00e9s valakivel, aki j\u00f3l hallgat; egy \u201ekint a vil\u00e1gban\u201d program (k\u00f6nyvt\u00e1r, piac, park).<\/li>\n<li>15\u201321. nap: egy \u00faj vagy r\u00e9gi mikroszok\u00e1s vissza\u00e9p\u00edt\u00e9se (zene, rajz, kert); \u201enem\u201d mond\u00e1s egy t\u00falterhel\u0151 k\u00e9r\u00e9sre.<\/li>\n<li>22\u201330. nap: c\u00e9lk\u00e1rtya 3 sorban: Mit tartok meg? Mit engedek el? Mi az egy k\u00f6vetkez\u0151 l\u00e9p\u00e9s, ami belef\u00e9r?<\/li>\n<\/ul>\n<h2>Mikor k\u00e9rj szakmai seg\u00edts\u00e9get \u00e9s kit\u0151l?<\/h2>\n<p>Akkor \u00e9rdemes szakemberhez fordulni, ha a f\u00e1jdalom tart\u00f3san g\u00e1tolja a m\u0171k\u00f6d\u00e9sedet, vagy vesz\u00e9lyes megk\u00fczd\u00e9si m\u00f3dokat v\u00e1lasztasz (izol\u00e1ci\u00f3, t\u00falzott alkohol, kontrollvesztett munka). Gy\u00e1szfeldolgoz\u00f3 specialista, tan\u00e1csad\u00f3 pszichol\u00f3gus, klinikai szakpszichol\u00f3gus, pszichi\u00e1ter \u2013 mind m\u00e1s kompetenci\u00e1val seg\u00edt. Nem az a c\u00e9l, hogy \u201e\u00e1tvegye\u201d a terhedet, hanem hogy <i>keretet<\/i> \u00e9s <i>eszk\u00f6zt<\/i> adjon: ritmus, kognit\u00edv \u00fajrakeretez\u00e9s, kapcsolati k\u00e9szs\u00e9gek, \u00e9rzelemszab\u00e1lyoz\u00e1s. Orvosi vizsg\u00e1lat indokolt, ha \u00faj, er\u0151s testi t\u00fcneteid vannak (mellkasi f\u00e1jdalom, neh\u00e9zl\u00e9gz\u00e9s, p\u00e1nikhoz hasonl\u00f3 rohamok, tart\u00f3s alv\u00e1sk\u00e9ptelens\u00e9g). Munkahelyi vesztes\u00e9g eset\u00e9n p\u00e1lyatan\u00e1csad\u00e1s \u00e9s karrier-coaching kapcsolhat\u00f3 be \u2013 a pszich\u00e9s rendez\u00e9ssel p\u00e1rhuzamosan \u2013, hogy a cselekv\u00e9s is haladjon. A seg\u00edts\u00e9gk\u00e9r\u00e9s nem gyenges\u00e9g; <b>befektet\u00e9s<\/b> abba, hogy a vesztes\u00e9g ne r\u00f6gz\u00fclj\u00f6n \u00e9letform\u00e1v\u00e1, hanem be\u00e9p\u00fclj\u00f6n egy \u00faj, \u00e9lhet\u0151bb egyens\u00falyba.<\/p>\n<blockquote><p>\u201eA vesztes\u00e9get nem lehet meg\u00faszni, de meg lehet tanulni j\u00f3l hordozni. A c\u00e9l nem a felejt\u00e9s, hanem hogy visszakapd a mozg\u00e1steredet, \u00e9s \u00fajra tudj d\u00f6nteni.\u201d \u2014 Dajka G\u00e1bor<\/p><\/blockquote>\n<h2>Dajka G\u00e1bor business coach szerint<\/h2>\n<p>A vesztes\u00e9get sokan ellenf\u00e9lnek tekintik. \u00c9n ink\u00e1bb <i>vizsg\u00e1nak<\/i> l\u00e1tom: ki der\u00fcl bel\u0151le, milyen szil\u00e1rd a bels\u0151 szerkezeted, \u00e9s mennyire t\u00e1maszkodsz \u00e9letk\u00e9pes kapcsolatokra. Ha az identit\u00e1sod t\u00fal szorosan k\u00f6t\u0151d\u00f6tt valami m\u00faland\u00f3hoz, a vesztes\u00e9g f\u00e1jdalmasan, de pontosan jelzi, hol kell laz\u00edtani a markolaton. A tart\u00f3s fel\u00e9p\u00fcl\u00e9s nem l\u00e1tv\u00e1nyos, ink\u00e1bb fegyelmezett: k\u00edm\u00e9letlen \u0151szintes\u00e9g magaddal, v\u00e9dett besz\u00e9lget\u00e9sek azokkal, akik sz\u00e1m\u00edtanak, \u00e9s apr\u00f3, ism\u00e9tl\u0151d\u0151 cselekv\u00e9sek. Ha kell, k\u00e9rj professzion\u00e1lis keretet \u2013 nem az\u00e9rt, mert \u201ebaj van veled\u201d, hanem mert gyorsabban \u00e9s biztons\u00e1gosabban haladsz. A legfontosabb \u00e1ll\u00edt\u00e1som: <b>nem a vesztes\u00e9g defini\u00e1l<\/b>, hanem az, ahogyan v\u00e1laszolsz r\u00e1. Ha ezt elhiszed \u00e9s praktikusan m\u0171k\u00f6dteted, a j\u00f6v\u0151 m\u00e1r nem valamif\u00e9le k\u00f6d\u00f6s rem\u00e9ny, hanem k\u00f6vetkez\u0151, letisztult l\u00e9p\u00e9sek sora. Ott kezd\u0151dik \u00fajra az \u00e9leted, ahol a ritmust visszaveszed.<\/p>\n<h2>Szak\u00e9rt\u0151 v\u00e1laszol \u2013 GYIK<\/h2>\n<h3>Meddig \u201enorm\u00e1lis\u201d, ha m\u00e9g mindig f\u00e1j?<\/h3>\n<p>Az intenz\u00edv, hull\u00e1mz\u00f3 f\u00e1jdalom h\u00f3napokig term\u00e9szetes. Vesz\u00e9lyt jelez, ha a szenved\u00e9s tart\u00f3san v\u00e1ltozatlan, \u00e9s a mindennapi m\u0171k\u00f6d\u00e9sed (alv\u00e1s, munka, kapcsolatok) \u00e9rdemben s\u00e9r\u00fcl. Ilyenkor c\u00e9lzott seg\u00edts\u00e9g indokolt.<\/p>\n<h3>Mi a k\u00fcl\u00f6nbs\u00e9g a \u201etov\u00e1bbl\u00e9p\u00e9s\u201d \u00e9s a \u201efelejt\u00e9s\u201d k\u00f6z\u00f6tt?<\/h3>\n<p>A tov\u00e1bbl\u00e9p\u00e9s azt jelenti, hogy a vesztes\u00e9g t\u00e9nye be\u00e9p\u00fcl az \u00e9lett\u00f6rt\u00e9netedbe, \u00e9s ism\u00e9t tudsz d\u00f6nteni, kapcsol\u00f3dni, \u00f6r\u00fclni. A felejt\u00e9s k\u00e9nyszere elfojt\u00e1shoz vezet, ami k\u00e9s\u0151bb nagyobb \u00e1rat k\u00e9r.<\/p>\n<h3>Milyen speci\u00e1lis szempontok vannak a magyar piacon (munka\/karrier) vesztes\u00e9g ut\u00e1n?<\/h3>\n<p>A hazai munkakult\u00far\u00e1ban m\u00e9g gyakori a \u201efog \u00f6sszeszor\u00edt \u00e9s dolgozik\u201d hozz\u00e1\u00e1ll\u00e1s. Ez r\u00f6vid t\u00e1von kitart\u00f3nak t\u0171nik, de hossz\u00fa t\u00e1von n\u00f6veli a ki\u00e9g\u00e9s kock\u00e1zat\u00e1t. \u00c9rdemes kor\u00e1n jelezni a vezet\u0151nek\/HR-nek, re\u00e1lis \u00e1tmeneti c\u00e9lokat k\u00e9rni, \u00e9s k\u00fcls\u0151 szakmai t\u00e1mogat\u00e1st bevonni (karrier-coaching, p\u00e1lyatan\u00e1csad\u00e1s), hogy a vissza\u00e9p\u00fcl\u00e9s szervezetten t\u00f6rt\u00e9njen.<\/p>\n<h3>Mi van, ha nincs kivel besz\u00e9lnem?<\/h3>\n<p>\u00c9p\u00edts \u201eminim\u00e1l h\u00e1l\u00f3t\u201d: egy szakember (csoport vagy egy\u00e9ni), egy r\u00e9gi ismer\u0151s, egy \u00faj, struktur\u00e1lt k\u00f6z\u00f6ss\u00e9g (klub, kurzus). K\u00e9t-h\u00e1rom stabil pont m\u00e1r v\u00e9d\u0151h\u00e1l\u00f3t ad. A min\u0151s\u00e9g itt fontosabb, mint a mennyis\u00e9g.<\/p>\n<h3>Hogyan seg\u00edtsek valakinek, aki vesztes\u00e9get \u00e9l \u00e1t?<\/h3>\n<p>Hallgasd \u00edt\u00e9lkez\u00e9s n\u00e9lk\u00fcl, ne siettess, aj\u00e1nlj konkr\u00e9t, kicsi gyakorlati seg\u00edts\u00e9get (bev\u00e1s\u00e1rl\u00e1s, \u00fcgyint\u00e9z\u00e9s), \u00e9s t\u00e9rj vissza k\u00e9s\u0151bb is. Ha a m\u0171k\u00f6d\u00e9se tart\u00f3san romlik, b\u00e1tor\u00edtsd szakemberhez.<\/p>\n<h2>Forr\u00e1sok<\/h2>\n<p><a href=\"https:\/\/pubmed.ncbi.nlm.nih.gov\/14736306\/\" target=\"_blank\" rel=\"noopener\">Bonanno, G. A. (2004). Loss, Trauma, and Human Resilience. <i>American Psychologist<\/i>.<\/a><\/p>\n<p>Prigerson, H. G. \u00e9s mtsai (2021). Validation of the DSM-5-TR criteria for prolonged grief disorder. <i>World Psychiatry<\/i>.<\/p>\n<p><a href=\"https:\/\/www.nejm.org\/doi\/full\/10.1056\/NEJMoa1406761\" target=\"_blank\" rel=\"noopener\">Templin, C. \u00e9s mtsai (2015). Clinical Features and Outcomes of Takotsubo (Stress) Cardiomyopathy. <i>New England Journal of Medicine<\/i>.<\/a><\/p>\n<blockquote><p>\u201eA vesztes\u00e9g nem v\u00e9g\u00e1llom\u00e1s. Ha ritmust, t\u00e1maszt \u00e9s \u00faj jelent\u00e9st adsz neki, a j\u00f6v\u0151d nem lesz kevesebb \u2013 csak m\u00e1s, \u00e9s sokszor er\u0151sebb.\u201d \u2014 Dajka G\u00e1bor<\/p><\/blockquote>\n","protected":false},"excerpt":{"rendered":"<p>A vesztes\u00e9g nem csak a gy\u00e1szr\u00f3l sz\u00f3l. A mindennapi \u00e9letben sz\u00e1z meg sz\u00e1z form\u00e1ban jelenhet meg: munkahely elveszt\u00e9se, p\u00e1rkapcsolat felboml\u00e1sa, eg\u00e9szs\u00e9groml\u00e1s, anyagi \u00f6sszeoml\u00e1s, s\u0151t a biztons\u00e1g\u00e9rzet vagy a k\u00f6z\u00f6ss\u00e9ghez tartoz\u00e1s \u00e9rz\u00e9s\u00e9nek meging\u00e1sa is ide tartozik. Ami k\u00f6z\u00f6s benn\u00fck: l\u00e1thatatlanul is \u00e1t\u00edrj\u00e1k a gondolkod\u00e1sodat, az \u00e9rzelmi ritmusodat \u00e9s a tested reakci\u00f3it. A j\u00f3 h\u00edr, hogy a&#8230;<\/p>\n","protected":false},"author":1,"featured_media":753,"comment_status":"closed","ping_status":"open","sticky":false,"template":"","format":"standard","meta":{"footnotes":""},"categories":[4],"tags":[],"class_list":["post-23","post","type-post","status-publish","format-standard","has-post-thumbnail","hentry","category-gyaszfeldolgozas-egerben"],"yoast_head":"<!-- This site is optimized with the Yoast SEO plugin v27.5 - https:\/\/yoast.com\/product\/yoast-seo-wordpress\/ -->\n<title>Vesztes\u00e9g hossz\u00fat\u00e1v\u00fa hat\u00e1sa: meg\u00e9rt\u00e9s \u00e9s tov\u00e1bbl\u00e9p\u00e9s<\/title>\n<meta name=\"robots\" content=\"index, follow, max-snippet:-1, max-image-preview:large, max-video-preview:-1\" \/>\n<link rel=\"canonical\" href=\"https:\/\/egercoach.hu\/blog\/a-veszteseg-hosszutavu-hatasa-megertes-kezeles-es-tovabblepes\/\" \/>\n<meta property=\"og:locale\" content=\"hu_HU\" \/>\n<meta property=\"og:type\" content=\"article\" \/>\n<meta property=\"og:title\" content=\"Vesztes\u00e9g hossz\u00fat\u00e1v\u00fa hat\u00e1sa: meg\u00e9rt\u00e9s \u00e9s tov\u00e1bbl\u00e9p\u00e9s\" \/>\n<meta property=\"og:description\" content=\"A vesztes\u00e9g nem csak a gy\u00e1szr\u00f3l sz\u00f3l. A mindennapi \u00e9letben sz\u00e1z meg sz\u00e1z form\u00e1ban jelenhet meg: munkahely elveszt\u00e9se, p\u00e1rkapcsolat felboml\u00e1sa, eg\u00e9szs\u00e9groml\u00e1s, anyagi \u00f6sszeoml\u00e1s, s\u0151t a biztons\u00e1g\u00e9rzet vagy a k\u00f6z\u00f6ss\u00e9ghez tartoz\u00e1s \u00e9rz\u00e9s\u00e9nek meging\u00e1sa is ide tartozik. Ami k\u00f6z\u00f6s benn\u00fck: l\u00e1thatatlanul is \u00e1t\u00edrj\u00e1k a gondolkod\u00e1sodat, az \u00e9rzelmi ritmusodat \u00e9s a tested reakci\u00f3it. A j\u00f3 h\u00edr, hogy a...\" \/>\n<meta property=\"og:url\" content=\"https:\/\/egercoach.hu\/blog\/a-veszteseg-hosszutavu-hatasa-megertes-kezeles-es-tovabblepes\/\" \/>\n<meta property=\"og:site_name\" content=\"Az Egri Coach Blogja\" \/>\n<meta property=\"article:publisher\" content=\"https:\/\/www.facebook.com\/eger.coach\" \/>\n<meta property=\"article:published_time\" content=\"2023-08-06T22:00:00+00:00\" \/>\n<meta property=\"article:modified_time\" content=\"2025-10-11T08:23:34+00:00\" \/>\n<meta property=\"og:image\" content=\"https:\/\/egercoach.hu\/blog\/wp-content\/uploads\/2025\/03\/positive-psychology-resilience-concept-recovering-from-grief-.jpg\" \/>\n\t<meta property=\"og:image:width\" content=\"1500\" \/>\n\t<meta property=\"og:image:height\" content=\"854\" \/>\n\t<meta property=\"og:image:type\" content=\"image\/jpeg\" \/>\n<meta name=\"author\" content=\"Dajka G\u00e1bor\" \/>\n<meta name=\"twitter:card\" content=\"summary_large_image\" \/>\n<meta name=\"twitter:label1\" content=\"Szerz\u0151:\" \/>\n\t<meta name=\"twitter:data1\" content=\"Dajka G\u00e1bor\" \/>\n\t<meta name=\"twitter:label2\" content=\"Becs\u00fclt olvas\u00e1si id\u0151\" \/>\n\t<meta name=\"twitter:data2\" content=\"11 perc\" \/>\n<script type=\"application\/ld+json\" class=\"yoast-schema-graph\">{\"@context\":\"https:\\\/\\\/schema.org\",\"@graph\":[{\"@type\":\"Article\",\"@id\":\"https:\\\/\\\/egercoach.hu\\\/blog\\\/a-veszteseg-hosszutavu-hatasa-megertes-kezeles-es-tovabblepes\\\/#article\",\"isPartOf\":{\"@id\":\"https:\\\/\\\/egercoach.hu\\\/blog\\\/a-veszteseg-hosszutavu-hatasa-megertes-kezeles-es-tovabblepes\\\/\"},\"author\":{\"name\":\"Dajka G\u00e1bor\",\"@id\":\"https:\\\/\\\/egercoach.hu\\\/blog\\\/#\\\/schema\\\/person\\\/afc73367aa314ca33a9c8d3b88dce6e7\"},\"headline\":\"Vesztes\u00e9g hossz\u00fat\u00e1v\u00fa hat\u00e1sa: meg\u00e9rt\u00e9s \u00e9s tov\u00e1bbl\u00e9p\u00e9s\",\"datePublished\":\"2023-08-06T22:00:00+00:00\",\"dateModified\":\"2025-10-11T08:23:34+00:00\",\"mainEntityOfPage\":{\"@id\":\"https:\\\/\\\/egercoach.hu\\\/blog\\\/a-veszteseg-hosszutavu-hatasa-megertes-kezeles-es-tovabblepes\\\/\"},\"wordCount\":3027,\"publisher\":{\"@id\":\"https:\\\/\\\/egercoach.hu\\\/blog\\\/#organization\"},\"image\":{\"@id\":\"https:\\\/\\\/egercoach.hu\\\/blog\\\/a-veszteseg-hosszutavu-hatasa-megertes-kezeles-es-tovabblepes\\\/#primaryimage\"},\"thumbnailUrl\":\"https:\\\/\\\/egercoach.hu\\\/blog\\\/wp-content\\\/uploads\\\/2025\\\/03\\\/positive-psychology-resilience-concept-recovering-from-grief-.jpg\",\"articleSection\":[\"Gy\u00e1szfeldolgoz\u00e1s Egerben\"],\"inLanguage\":\"hu\"},{\"@type\":\"WebPage\",\"@id\":\"https:\\\/\\\/egercoach.hu\\\/blog\\\/a-veszteseg-hosszutavu-hatasa-megertes-kezeles-es-tovabblepes\\\/\",\"url\":\"https:\\\/\\\/egercoach.hu\\\/blog\\\/a-veszteseg-hosszutavu-hatasa-megertes-kezeles-es-tovabblepes\\\/\",\"name\":\"Vesztes\u00e9g hossz\u00fat\u00e1v\u00fa hat\u00e1sa: meg\u00e9rt\u00e9s \u00e9s tov\u00e1bbl\u00e9p\u00e9s\",\"isPartOf\":{\"@id\":\"https:\\\/\\\/egercoach.hu\\\/blog\\\/#website\"},\"primaryImageOfPage\":{\"@id\":\"https:\\\/\\\/egercoach.hu\\\/blog\\\/a-veszteseg-hosszutavu-hatasa-megertes-kezeles-es-tovabblepes\\\/#primaryimage\"},\"image\":{\"@id\":\"https:\\\/\\\/egercoach.hu\\\/blog\\\/a-veszteseg-hosszutavu-hatasa-megertes-kezeles-es-tovabblepes\\\/#primaryimage\"},\"thumbnailUrl\":\"https:\\\/\\\/egercoach.hu\\\/blog\\\/wp-content\\\/uploads\\\/2025\\\/03\\\/positive-psychology-resilience-concept-recovering-from-grief-.jpg\",\"datePublished\":\"2023-08-06T22:00:00+00:00\",\"dateModified\":\"2025-10-11T08:23:34+00:00\",\"breadcrumb\":{\"@id\":\"https:\\\/\\\/egercoach.hu\\\/blog\\\/a-veszteseg-hosszutavu-hatasa-megertes-kezeles-es-tovabblepes\\\/#breadcrumb\"},\"inLanguage\":\"hu\",\"potentialAction\":[{\"@type\":\"ReadAction\",\"target\":[\"https:\\\/\\\/egercoach.hu\\\/blog\\\/a-veszteseg-hosszutavu-hatasa-megertes-kezeles-es-tovabblepes\\\/\"]}]},{\"@type\":\"ImageObject\",\"inLanguage\":\"hu\",\"@id\":\"https:\\\/\\\/egercoach.hu\\\/blog\\\/a-veszteseg-hosszutavu-hatasa-megertes-kezeles-es-tovabblepes\\\/#primaryimage\",\"url\":\"https:\\\/\\\/egercoach.hu\\\/blog\\\/wp-content\\\/uploads\\\/2025\\\/03\\\/positive-psychology-resilience-concept-recovering-from-grief-.jpg\",\"contentUrl\":\"https:\\\/\\\/egercoach.hu\\\/blog\\\/wp-content\\\/uploads\\\/2025\\\/03\\\/positive-psychology-resilience-concept-recovering-from-grief-.jpg\",\"width\":1500,\"height\":854,\"caption\":\"Positive psychology, resilience concept. Recovering from grief.\"},{\"@type\":\"BreadcrumbList\",\"@id\":\"https:\\\/\\\/egercoach.hu\\\/blog\\\/a-veszteseg-hosszutavu-hatasa-megertes-kezeles-es-tovabblepes\\\/#breadcrumb\",\"itemListElement\":[{\"@type\":\"ListItem\",\"position\":1,\"name\":\"Kezd\u0151lap\",\"item\":\"https:\\\/\\\/egercoach.hu\\\/blog\\\/\"},{\"@type\":\"ListItem\",\"position\":2,\"name\":\"Vesztes\u00e9g hossz\u00fat\u00e1v\u00fa hat\u00e1sa: meg\u00e9rt\u00e9s \u00e9s tov\u00e1bbl\u00e9p\u00e9s\"}]},{\"@type\":\"WebSite\",\"@id\":\"https:\\\/\\\/egercoach.hu\\\/blog\\\/#website\",\"url\":\"https:\\\/\\\/egercoach.hu\\\/blog\\\/\",\"name\":\"Eger Coach Blog\",\"description\":\"\",\"publisher\":{\"@id\":\"https:\\\/\\\/egercoach.hu\\\/blog\\\/#organization\"},\"potentialAction\":[{\"@type\":\"SearchAction\",\"target\":{\"@type\":\"EntryPoint\",\"urlTemplate\":\"https:\\\/\\\/egercoach.hu\\\/blog\\\/?s={search_term_string}\"},\"query-input\":{\"@type\":\"PropertyValueSpecification\",\"valueRequired\":true,\"valueName\":\"search_term_string\"}}],\"inLanguage\":\"hu\"},{\"@type\":\"Organization\",\"@id\":\"https:\\\/\\\/egercoach.hu\\\/blog\\\/#organization\",\"name\":\"Eger Coach Blog\",\"url\":\"https:\\\/\\\/egercoach.hu\\\/blog\\\/\",\"logo\":{\"@type\":\"ImageObject\",\"inLanguage\":\"hu\",\"@id\":\"https:\\\/\\\/egercoach.hu\\\/blog\\\/#\\\/schema\\\/logo\\\/image\\\/\",\"url\":\"https:\\\/\\\/egercoach.hu\\\/blog\\\/wp-content\\\/uploads\\\/2025\\\/05\\\/cropped-Eger.png\",\"contentUrl\":\"https:\\\/\\\/egercoach.hu\\\/blog\\\/wp-content\\\/uploads\\\/2025\\\/05\\\/cropped-Eger.png\",\"width\":500,\"height\":169,\"caption\":\"Eger Coach Blog\"},\"image\":{\"@id\":\"https:\\\/\\\/egercoach.hu\\\/blog\\\/#\\\/schema\\\/logo\\\/image\\\/\"},\"sameAs\":[\"https:\\\/\\\/www.facebook.com\\\/eger.coach\"]},{\"@type\":\"Person\",\"@id\":\"https:\\\/\\\/egercoach.hu\\\/blog\\\/#\\\/schema\\\/person\\\/afc73367aa314ca33a9c8d3b88dce6e7\",\"name\":\"Dajka G\u00e1bor\",\"image\":{\"@type\":\"ImageObject\",\"inLanguage\":\"hu\",\"@id\":\"https:\\\/\\\/secure.gravatar.com\\\/avatar\\\/81566ea1e2b3466baa03e9bdcdaa835f58564d8be90057a45f3e61711dc8a063?s=96&d=mm&r=g\",\"url\":\"https:\\\/\\\/secure.gravatar.com\\\/avatar\\\/81566ea1e2b3466baa03e9bdcdaa835f58564d8be90057a45f3e61711dc8a063?s=96&d=mm&r=g\",\"contentUrl\":\"https:\\\/\\\/secure.gravatar.com\\\/avatar\\\/81566ea1e2b3466baa03e9bdcdaa835f58564d8be90057a45f3e61711dc8a063?s=96&d=mm&r=g\",\"caption\":\"Dajka G\u00e1bor\"},\"sameAs\":[\"https:\\\/\\\/egercoach.hu\\\/blog\"],\"url\":\"https:\\\/\\\/egercoach.hu\\\/blog\\\/author\\\/adminka\\\/\"}]}<\/script>\n<!-- \/ Yoast SEO plugin. -->","yoast_head_json":{"title":"Vesztes\u00e9g hossz\u00fat\u00e1v\u00fa hat\u00e1sa: meg\u00e9rt\u00e9s \u00e9s tov\u00e1bbl\u00e9p\u00e9s","robots":{"index":"index","follow":"follow","max-snippet":"max-snippet:-1","max-image-preview":"max-image-preview:large","max-video-preview":"max-video-preview:-1"},"canonical":"https:\/\/egercoach.hu\/blog\/a-veszteseg-hosszutavu-hatasa-megertes-kezeles-es-tovabblepes\/","og_locale":"hu_HU","og_type":"article","og_title":"Vesztes\u00e9g hossz\u00fat\u00e1v\u00fa hat\u00e1sa: meg\u00e9rt\u00e9s \u00e9s tov\u00e1bbl\u00e9p\u00e9s","og_description":"A vesztes\u00e9g nem csak a gy\u00e1szr\u00f3l sz\u00f3l. A mindennapi \u00e9letben sz\u00e1z meg sz\u00e1z form\u00e1ban jelenhet meg: munkahely elveszt\u00e9se, p\u00e1rkapcsolat felboml\u00e1sa, eg\u00e9szs\u00e9groml\u00e1s, anyagi \u00f6sszeoml\u00e1s, s\u0151t a biztons\u00e1g\u00e9rzet vagy a k\u00f6z\u00f6ss\u00e9ghez tartoz\u00e1s \u00e9rz\u00e9s\u00e9nek meging\u00e1sa is ide tartozik. Ami k\u00f6z\u00f6s benn\u00fck: l\u00e1thatatlanul is \u00e1t\u00edrj\u00e1k a gondolkod\u00e1sodat, az \u00e9rzelmi ritmusodat \u00e9s a tested reakci\u00f3it. A j\u00f3 h\u00edr, hogy a...","og_url":"https:\/\/egercoach.hu\/blog\/a-veszteseg-hosszutavu-hatasa-megertes-kezeles-es-tovabblepes\/","og_site_name":"Az Egri Coach Blogja","article_publisher":"https:\/\/www.facebook.com\/eger.coach","article_published_time":"2023-08-06T22:00:00+00:00","article_modified_time":"2025-10-11T08:23:34+00:00","og_image":[{"width":1500,"height":854,"url":"https:\/\/egercoach.hu\/blog\/wp-content\/uploads\/2025\/03\/positive-psychology-resilience-concept-recovering-from-grief-.jpg","type":"image\/jpeg"}],"author":"Dajka G\u00e1bor","twitter_card":"summary_large_image","twitter_misc":{"Szerz\u0151:":"Dajka G\u00e1bor","Becs\u00fclt olvas\u00e1si id\u0151":"11 perc"},"schema":{"@context":"https:\/\/schema.org","@graph":[{"@type":"Article","@id":"https:\/\/egercoach.hu\/blog\/a-veszteseg-hosszutavu-hatasa-megertes-kezeles-es-tovabblepes\/#article","isPartOf":{"@id":"https:\/\/egercoach.hu\/blog\/a-veszteseg-hosszutavu-hatasa-megertes-kezeles-es-tovabblepes\/"},"author":{"name":"Dajka G\u00e1bor","@id":"https:\/\/egercoach.hu\/blog\/#\/schema\/person\/afc73367aa314ca33a9c8d3b88dce6e7"},"headline":"Vesztes\u00e9g hossz\u00fat\u00e1v\u00fa hat\u00e1sa: meg\u00e9rt\u00e9s \u00e9s tov\u00e1bbl\u00e9p\u00e9s","datePublished":"2023-08-06T22:00:00+00:00","dateModified":"2025-10-11T08:23:34+00:00","mainEntityOfPage":{"@id":"https:\/\/egercoach.hu\/blog\/a-veszteseg-hosszutavu-hatasa-megertes-kezeles-es-tovabblepes\/"},"wordCount":3027,"publisher":{"@id":"https:\/\/egercoach.hu\/blog\/#organization"},"image":{"@id":"https:\/\/egercoach.hu\/blog\/a-veszteseg-hosszutavu-hatasa-megertes-kezeles-es-tovabblepes\/#primaryimage"},"thumbnailUrl":"https:\/\/egercoach.hu\/blog\/wp-content\/uploads\/2025\/03\/positive-psychology-resilience-concept-recovering-from-grief-.jpg","articleSection":["Gy\u00e1szfeldolgoz\u00e1s Egerben"],"inLanguage":"hu"},{"@type":"WebPage","@id":"https:\/\/egercoach.hu\/blog\/a-veszteseg-hosszutavu-hatasa-megertes-kezeles-es-tovabblepes\/","url":"https:\/\/egercoach.hu\/blog\/a-veszteseg-hosszutavu-hatasa-megertes-kezeles-es-tovabblepes\/","name":"Vesztes\u00e9g hossz\u00fat\u00e1v\u00fa hat\u00e1sa: meg\u00e9rt\u00e9s \u00e9s tov\u00e1bbl\u00e9p\u00e9s","isPartOf":{"@id":"https:\/\/egercoach.hu\/blog\/#website"},"primaryImageOfPage":{"@id":"https:\/\/egercoach.hu\/blog\/a-veszteseg-hosszutavu-hatasa-megertes-kezeles-es-tovabblepes\/#primaryimage"},"image":{"@id":"https:\/\/egercoach.hu\/blog\/a-veszteseg-hosszutavu-hatasa-megertes-kezeles-es-tovabblepes\/#primaryimage"},"thumbnailUrl":"https:\/\/egercoach.hu\/blog\/wp-content\/uploads\/2025\/03\/positive-psychology-resilience-concept-recovering-from-grief-.jpg","datePublished":"2023-08-06T22:00:00+00:00","dateModified":"2025-10-11T08:23:34+00:00","breadcrumb":{"@id":"https:\/\/egercoach.hu\/blog\/a-veszteseg-hosszutavu-hatasa-megertes-kezeles-es-tovabblepes\/#breadcrumb"},"inLanguage":"hu","potentialAction":[{"@type":"ReadAction","target":["https:\/\/egercoach.hu\/blog\/a-veszteseg-hosszutavu-hatasa-megertes-kezeles-es-tovabblepes\/"]}]},{"@type":"ImageObject","inLanguage":"hu","@id":"https:\/\/egercoach.hu\/blog\/a-veszteseg-hosszutavu-hatasa-megertes-kezeles-es-tovabblepes\/#primaryimage","url":"https:\/\/egercoach.hu\/blog\/wp-content\/uploads\/2025\/03\/positive-psychology-resilience-concept-recovering-from-grief-.jpg","contentUrl":"https:\/\/egercoach.hu\/blog\/wp-content\/uploads\/2025\/03\/positive-psychology-resilience-concept-recovering-from-grief-.jpg","width":1500,"height":854,"caption":"Positive psychology, resilience concept. Recovering from grief."},{"@type":"BreadcrumbList","@id":"https:\/\/egercoach.hu\/blog\/a-veszteseg-hosszutavu-hatasa-megertes-kezeles-es-tovabblepes\/#breadcrumb","itemListElement":[{"@type":"ListItem","position":1,"name":"Kezd\u0151lap","item":"https:\/\/egercoach.hu\/blog\/"},{"@type":"ListItem","position":2,"name":"Vesztes\u00e9g hossz\u00fat\u00e1v\u00fa hat\u00e1sa: meg\u00e9rt\u00e9s \u00e9s tov\u00e1bbl\u00e9p\u00e9s"}]},{"@type":"WebSite","@id":"https:\/\/egercoach.hu\/blog\/#website","url":"https:\/\/egercoach.hu\/blog\/","name":"Eger Coach Blog","description":"","publisher":{"@id":"https:\/\/egercoach.hu\/blog\/#organization"},"potentialAction":[{"@type":"SearchAction","target":{"@type":"EntryPoint","urlTemplate":"https:\/\/egercoach.hu\/blog\/?s={search_term_string}"},"query-input":{"@type":"PropertyValueSpecification","valueRequired":true,"valueName":"search_term_string"}}],"inLanguage":"hu"},{"@type":"Organization","@id":"https:\/\/egercoach.hu\/blog\/#organization","name":"Eger Coach Blog","url":"https:\/\/egercoach.hu\/blog\/","logo":{"@type":"ImageObject","inLanguage":"hu","@id":"https:\/\/egercoach.hu\/blog\/#\/schema\/logo\/image\/","url":"https:\/\/egercoach.hu\/blog\/wp-content\/uploads\/2025\/05\/cropped-Eger.png","contentUrl":"https:\/\/egercoach.hu\/blog\/wp-content\/uploads\/2025\/05\/cropped-Eger.png","width":500,"height":169,"caption":"Eger Coach Blog"},"image":{"@id":"https:\/\/egercoach.hu\/blog\/#\/schema\/logo\/image\/"},"sameAs":["https:\/\/www.facebook.com\/eger.coach"]},{"@type":"Person","@id":"https:\/\/egercoach.hu\/blog\/#\/schema\/person\/afc73367aa314ca33a9c8d3b88dce6e7","name":"Dajka G\u00e1bor","image":{"@type":"ImageObject","inLanguage":"hu","@id":"https:\/\/secure.gravatar.com\/avatar\/81566ea1e2b3466baa03e9bdcdaa835f58564d8be90057a45f3e61711dc8a063?s=96&d=mm&r=g","url":"https:\/\/secure.gravatar.com\/avatar\/81566ea1e2b3466baa03e9bdcdaa835f58564d8be90057a45f3e61711dc8a063?s=96&d=mm&r=g","contentUrl":"https:\/\/secure.gravatar.com\/avatar\/81566ea1e2b3466baa03e9bdcdaa835f58564d8be90057a45f3e61711dc8a063?s=96&d=mm&r=g","caption":"Dajka G\u00e1bor"},"sameAs":["https:\/\/egercoach.hu\/blog"],"url":"https:\/\/egercoach.hu\/blog\/author\/adminka\/"}]}},"_links":{"self":[{"href":"https:\/\/egercoach.hu\/blog\/wp-json\/wp\/v2\/posts\/23","targetHints":{"allow":["GET"]}}],"collection":[{"href":"https:\/\/egercoach.hu\/blog\/wp-json\/wp\/v2\/posts"}],"about":[{"href":"https:\/\/egercoach.hu\/blog\/wp-json\/wp\/v2\/types\/post"}],"author":[{"embeddable":true,"href":"https:\/\/egercoach.hu\/blog\/wp-json\/wp\/v2\/users\/1"}],"replies":[{"embeddable":true,"href":"https:\/\/egercoach.hu\/blog\/wp-json\/wp\/v2\/comments?post=23"}],"version-history":[{"count":0,"href":"https:\/\/egercoach.hu\/blog\/wp-json\/wp\/v2\/posts\/23\/revisions"}],"wp:featuredmedia":[{"embeddable":true,"href":"https:\/\/egercoach.hu\/blog\/wp-json\/wp\/v2\/media\/753"}],"wp:attachment":[{"href":"https:\/\/egercoach.hu\/blog\/wp-json\/wp\/v2\/media?parent=23"}],"wp:term":[{"taxonomy":"category","embeddable":true,"href":"https:\/\/egercoach.hu\/blog\/wp-json\/wp\/v2\/categories?post=23"},{"taxonomy":"post_tag","embeddable":true,"href":"https:\/\/egercoach.hu\/blog\/wp-json\/wp\/v2\/tags?post=23"}],"curies":[{"name":"wp","href":"https:\/\/api.w.org\/{rel}","templated":true}]}}