{"id":259,"date":"2024-08-25T21:02:29","date_gmt":"2024-08-25T19:02:29","guid":{"rendered":"https:\/\/egercoach.hu\/blog\/?p=259"},"modified":"2025-10-26T08:13:06","modified_gmt":"2025-10-26T07:13:06","slug":"a-gyermeki-gyasz-hogyan-segitsunk-a-kicsiknek-a-veszteseg-feldolgozasaban","status":"publish","type":"post","link":"https:\/\/egercoach.hu\/blog\/a-gyermeki-gyasz-hogyan-segitsunk-a-kicsiknek-a-veszteseg-feldolgozasaban\/","title":{"rendered":"Gyermeki gy\u00e1sz: hogyan seg\u00edts\u00fcnk a kicsiknek?"},"content":{"rendered":"<p>Van egy pillanat, amikor megfagy a leveg\u0151 a lak\u00e1sban. Telefon let\u00e9ve, a konyhapult sark\u00e1n megcsillan a b\u00f6gre pereme, \u00e9s hirtelen mindent hallasz: a h\u0171t\u0151 z\u00fag\u00e1s\u00e1t, a gyerek rajzfilm\u00e9nek t\u00fal vid\u00e1m nevet\u00e9s\u00e9t a m\u00e1sik szob\u00e1ban. Ilyenkor mer\u00fcl fel a k\u00e9rd\u00e9s: <i>hogyan mondjam el<\/i>? Nem sz\u00e9p\u00edtve: a gyerekek, legyenek b\u00e1rmilyen kicsik, azonnal \u00e9szlelik a rezg\u00e9st a csal\u00e1di t\u00e9rben. \u00c9rzik a s\u00fcrg\u00e9st, a suttog\u00e1st, a hi\u00e1nyt. Ha nem kapnak \u00e9rthet\u0151, \u00e9letkorukhoz illesztett magyar\u00e1zatot, a t\u00f6rt\u00e9netet a fant\u00e1zi\u00e1juk fogja kit\u00f6lteni \u2013 \u00e9s a fant\u00e1zia ritk\u00e1n kedvesebb a val\u00f3s\u00e1gn\u00e1l. Ebben a cikkben v\u00e9gigvezetlek azon, mikor \u00e9s hogyan besz\u00e9lj a hal\u00e1lr\u00f3l a gyerekeddel, hogyan vidd v\u00e9gig \u0151t a b\u00facs\u00fa r\u00edtusain \u2013 ak\u00e1r k\u00f3rh\u00e1zi l\u00e1togat\u00e1sr\u00f3l, ak\u00e1r a temet\u00e9sen val\u00f3 r\u00e9szv\u00e9telr\u0151l van sz\u00f3 \u2013, \u00e9s hogyan tartsd egyben a biztons\u00e1g\u00e9rzet\u00e9t akkor is, amikor a saj\u00e1tod is megbillen. Nem elm\u00e9leti okoskod\u00e1s k\u00f6vetkezik, hanem gyakorlati, nyelvileg pontos, m\u00e9gis meleg \u00fatmutat\u00f3. A c\u00e9l nem a \u201et\u00f6k\u00e9letes\u201d mondat, hanem egy olyan tart\u00f3 k\u00f6zeg, amelyben a gyerek \u00e9rzi: itt lehet szomor\u00fanak lenni, lehet k\u00e9rdezni, \u00e9s lehet megk\u00f6nnyebb\u00fclni is. A sz\u00f6vegben mer\u00edtek a gy\u00e1szpszichol\u00f3gia ismert modelljeib\u0151l, mik\u00f6zben v\u00e9gig a mindennapi d\u00f6nt\u00e9sekre ford\u00edtom le az elveket. A v\u00e9g\u00e9n tal\u00e1lsz csekklist\u00e1t, konkr\u00e9t mondatp\u00e1rokat (mit <del>ne<\/del> \u00e9s mit <ins>igen<\/ins> mondj), valamint egy r\u00f6vid akci\u00f3tervet a k\u00f6vetkez\u0151 hetekre.<\/p>\n<h2>Mi\u00e9rt mondjuk el \u0151szint\u00e9n?<\/h2>\n<p>Az \u0151szinte, direkt kommunik\u00e1ci\u00f3 nem \u201ekem\u00e9nys\u00e9g\u201d, hanem biztons\u00e1g. A gyerekek a nonverb\u00e1lis jelekb\u0151l m\u00e1r \u00fagyis tudj\u00e1k, hogy nagy dolog t\u00f6rt\u00e9nt: a feln\u0151ttek arca megv\u00e1ltozik, a rutinok megbicsaklanak, a hangnem halkabb, az ajt\u00f3k t\u00f6bbsz\u00f6r csuk\u00f3dnak be. Ha te nem mondod ki, a hi\u00e1nyt a k\u00e9pzelet t\u00f6lti ki \u2013 \u00e9s a k\u00e9pzelet sokszor \u00f6nv\u00e1dl\u00f3: \u201ebiztos miattam t\u00f6rt\u00e9nt\u201d. Ehelyett mondd ki ny\u00edltan a t\u00e9nyt: \u201eMeghalt a nagypapa.\u201d Ker\u00fcld a hom\u00e1lyos kifejez\u00e9seket (\u201eelaludt\u201d, \u201eelment\u201d), mert a kicsik konkr\u00e9tan \u00e9rtik a szavakat, \u00e9s f\u00e9lre\u00e9rtelmezhetik: elaludni f\u00e9lelmetess\u00e9 v\u00e1lhat, \u201eelmenni\u201d vesz\u00e9llyel telik meg. Az \u0151szintes\u00e9g nem azt jelenti, hogy mindent egyszerre z\u00fad\u00edtasz r\u00e1. Ink\u00e1bb l\u00e9p\u00e9senk\u00e9nt haladj: el\u0151sz\u00f6r a t\u00e9ny, majd a \u201emi lesz most\u201d k\u00e9rd\u00e9sek, v\u00e9g\u00fcl a r\u00e9szletek, amikor m\u00e1r \u0151 k\u00e9rdez. Fontos: az \u0151szint\u00e9t mindig k\u00f6sd \u00f6ssze tart\u00f3 jelenl\u00e9ttel. N\u00e9zz szemmagass\u00e1gban a gyerekre, \u00fclj le mell\u00e9, mondd el r\u00f6viden, majd maradj cs\u00f6ndben. A cs\u00f6ndben j\u00f6nnek a k\u00e9rd\u00e9sek. \u00c9letkort\u00f3l f\u00fcgg\u0151en ezek nagyon elt\u00e9r\u0151k lehetnek: \u201eMikor j\u00f6n vissza?\u201d \u201eHol van most?\u201d \u201eMi lesz a macsk\u00e1val, ha anya is meghal?\u201d Ezek nem cinikus, hanem logikus k\u00e9rd\u00e9sek. A feladatod nem a v\u00e9gs\u0151 kozmol\u00f3gia tiszt\u00e1z\u00e1sa, hanem a biztons\u00e1g ad\u00e1sa: elmondani, amit biztosan tudsz, \u00e9s jelezni, amit nem. Ha seg\u00edts\u00e9gre van sz\u00fcks\u00e9g, v\u00e1llald be: \u201eEzt most nem tudom j\u00f3l elmondani, de itt vagyok veled, \u00e9s megkeress\u00fck r\u00e1 a v\u00e1laszt.\u201d<\/p>\n<h2>Mit \u00e9rtenek a k\u00fcl\u00f6nb\u00f6z\u0151 \u00e9letkorokban?<\/h2>\n<p>A gyermeki gondolkod\u00e1s fejl\u0151d\u00e9si l\u00e9pcs\u0151k\u00f6n halad. Nem ugyanazt jelenti egy \u00f6t- \u00e9s egy tizenh\u00e1rom \u00e9vesnek a hal\u00e1l, \u00e9s nem lesz ugyanaz a j\u00f3 v\u00e1lasz sem. \u00c9rdemes fejben tartani k\u00e9t tengelyt: mit \u00e9rt a hal\u00e1l v\u00e9glegess\u00e9g\u00e9b\u0151l \u00e9s egyetemess\u00e9g\u00e9b\u0151l, illetve mennyire hajlamos mag\u00e1t okolni (\u00fan. m\u00e1gikus gondolkod\u00e1s). Az al\u00e1bbi t\u00e1bl\u00e1zat a magyar\u00e1zat \u00e9s a v\u00e1laszok hangol\u00e1s\u00e1ban seg\u00edt.<\/p>\n<table border=\"1\" cellpadding=\"6\">\n<thead>\n<tr>\n<th>\u00c9letkor<\/th>\n<th>Mit \u00e9rt a hal\u00e1lb\u00f3l?<\/th>\n<th>Gyakori reakci\u00f3k<\/th>\n<th>Aj\u00e1nlott kommunik\u00e1ci\u00f3<\/th>\n<\/tr>\n<\/thead>\n<tbody>\n<tr>\n<td>3\u20135 \u00e9v<\/td>\n<td>Nem v\u00e9glegesnek l\u00e1tja; keveri az alv\u00e1ssal, elutaz\u00e1ssal.<\/td>\n<td>M\u00e1gikus gondolkod\u00e1s, \u00f6nv\u00e1d (\u201eharagudtam r\u00e1, ez\u00e9rt t\u00f6rt\u00e9nt\u201d).<\/td>\n<td>R\u00f6vid, konkr\u00e9t mondatok: \u201eA nagypapa teste meg\u00e1llt, nem l\u00e9legzik, ez a hal\u00e1l.\u201d Gyakori ism\u00e9tl\u00e9s, biztons\u00e1g.<\/td>\n<\/tr>\n<tr>\n<td>6\u20139 \u00e9v<\/td>\n<td>Kezdi \u00e9rteni a v\u00e9glegess\u00e9get, de sok a \u201ehogyan\u201d k\u00e9rd\u00e9s.<\/td>\n<td>R\u00e9szletek ir\u00e1nti k\u00edv\u00e1ncsis\u00e1g, testi t\u00fcnetek, regredi\u00e1l\u00f3 viselked\u00e9s.<\/td>\n<td>T\u00e1rgyilagos v\u00e1laszok, k\u00e9pek, rajzok bevon\u00e1sa; rutinok megtart\u00e1sa.<\/td>\n<\/tr>\n<tr>\n<td>10\u201312 \u00e9v<\/td>\n<td>\u00c9rti az egyetemess\u00e9get \u00e9s ok-okozatot.<\/td>\n<td>Er\u0151s igazs\u00e1g\u00e9rzet, d\u00fch, b\u0171nbakkeres\u00e9s.<\/td>\n<td>\u00c1tl\u00e1that\u00f3 narrat\u00edva, bevon\u00e1s a gyakorlati teend\u0151kbe, k\u00e9rd\u00e9sekre ny\u00edlt t\u00e9r.<\/td>\n<\/tr>\n<tr>\n<td>Serd\u00fcl\u0151<\/td>\n<td>Teljes meg\u00e9rt\u00e9s, egzisztenci\u00e1lis k\u00e9rd\u00e9sek.<\/td>\n<td>Hull\u00e1mz\u00f3 \u00e9rzelmek, visszah\u00faz\u00f3d\u00e1s vagy t\u00faltervez\u00e9s, kock\u00e1zatkeres\u00e9s.<\/td>\n<td>Egyenrang\u00fa besz\u00e9lget\u00e9s, hat\u00e1rok + szabads\u00e1g; r\u00edtusokban val\u00f3 akt\u00edv r\u00e9szv\u00e9tel k\u00edn\u00e1lata.<\/td>\n<\/tr>\n<\/tbody>\n<\/table>\n<p>A fejl\u0151d\u00e9si k\u00fcl\u00f6nbs\u00e9gek ismerete az\u00e9rt fontos, mert seg\u00edt megel\u0151zni k\u00e9t csapd\u00e1t: az \u201eeltitkol\u00f3s\u201d \u00e9s a \u201et\u00falmagyar\u00e1z\u00f3s\u201d reflexet. El\u0151bbi n\u00f6veli a szorong\u00e1st, ut\u00f3bbi megfojtja a spont\u00e1n k\u00e9rd\u00e9seket. Tartsd \u00e9szben: a gyerekek nem a filoz\u00f3fiai rendszeredre k\u00edv\u00e1ncsiak, hanem a saj\u00e1t \u00e9let\u00fck folytathat\u00f3s\u00e1g\u00e1ra. Ki visz holnap oviba? Mi lesz az esti mes\u00e9vel? Lehet-e nevetni? V\u00e1laszolj ezekre is.<\/p>\n<h2>Gyakori t\u00fcnetek \u00e9s f\u00e9lre\u00e9rt\u00e9sek<\/h2>\n<p>\u201eMintha semmi sem t\u00f6rt\u00e9nt volna\u201d \u2013 sok sz\u00fcl\u0151 ezt \u00e9li meg, amikor a gyerek a h\u00edr ut\u00e1n vissza\u00fcl leg\u00f3zni. Ez term\u00e9szetes. A gy\u00e1sz nem line\u00e1ris \u00e9s a gyerek a terhel\u00e9s-sz\u00fcnet v\u00e1ltakoz\u00e1s\u00e1val szab\u00e1lyoz. \u00c9jszaka azonban j\u00f6het \u00e1lmatlans\u00e1g, hasf\u00e1j\u00e1s, fejf\u00e1j\u00e1s, d\u00fchkit\u00f6r\u00e9s, visszaes\u00e9s m\u00e1r kialakult k\u00e9szs\u00e9gekben (\u00e1gybavizel\u00e9s, szepar\u00e1ci\u00f3s szorong\u00e1s). A kisebbekn\u00e9l gyakori az azonosul\u00e1s: \u00e1tvesznek sz\u00f3fordulatokat, szok\u00e1sokat az elhunytt\u00f3l, \u201e\u0151rizve\u201d a kapcsolatot. Ez nem \u201efurcsa\u201d, hanem \u00e9rthet\u0151 k\u00f6t\u0151d\u00e9si reakci\u00f3. A m\u00e1gikus gondolkod\u00e1s miatt gyakori az \u00f6nv\u00e1d \u2013 k\u00fcl\u00f6n\u00f6sen, ha kor\u00e1bban volt harag a kapcsolatban. Ezt ne c\u00e1fold le egy mondattal (\u201edehogyis\u201d), hanem bontsd ki: k\u00e9rdezz r\u00e1, honnan j\u00f6n ez a gondolat, mondd ki: \u201eAz emberek gondolatai \u00e9s \u00e9rz\u00e9sei nem okoznak hal\u00e1lt.\u201d A \u201evisszahozhatom\u201d-fant\u00e1zia sem ritka; erre is t\u00e1rgyilagos, meleg v\u00e1lasz kell: \u201eSajnos a hal\u00e1l v\u00e9gleges, nem tudjuk visszahozni. De tudunk eml\u00e9kezni \u00e9s meg\u0151rizni, ami fontos volt.\u201d A serd\u00fcl\u0151kn\u00e9l figyeld az elz\u00e1rk\u00f3z\u00e1st, a kock\u00e1zatkeres\u00e9st, \u00e9s \u2013 b\u00e1rmennyire k\u00e9nyelmetlen \u2013 k\u00e9rdezz r\u00e1 direkt az \u00f6ns\u00e9rt\u00e9sre, hal\u00e1llal kapcsolatos gondolatokra. A direkt k\u00e9rd\u00e9s <b>nem<\/b> \u00fcltet el gondolatot, viszont teret ad a kimond\u00e1snak.<\/p>\n<h2>Hogyan mondjam el? Konkr\u00e9t mondatok \u00e9s keretek<\/h2>\n<p>A k\u00f6zl\u00e9s legyen r\u00f6vid, vil\u00e1gos, testk\u00f6zeli. V\u00e1lassz nyugodt teret, kapcsold ki a k\u00e9perny\u0151ket, \u00e9s kezdd a t\u00e9nnyel. Haszn\u00e1lhatsz ilyen szerkezetet: <b>t\u00e9ny \u2013 n\u00e9v \u2013 mi t\u00f6rt\u00e9nt \u2013 mit jelent \u2013 mi lesz most<\/b>. P\u00e9lda: \u201eMa reggel a k\u00f3rh\u00e1zb\u00f3l h\u00edvtak. A nagymama teste meg\u00e1llt, ez azt jelenti, hogy meghalt. Nagyon szomor\u00faak vagyunk. Itt vagyok veled. Ma egy\u00fctt lesz\u00fcnk, \u00e9s ha szeretn\u00e9d, megn\u00e9zhetj\u00fck a r\u00e9gi k\u00e9peket is.\u201d Seg\u00edthetnek a mondatp\u00e1rok is:<\/p>\n<ul>\n<li><del>\u201eElaludt \u00e9s nem \u00e9bred fel.\u201d<\/del> <ins>\u201eA teste meg\u00e1llt, m\u00e1r nem l\u00e9legzik, ez a hal\u00e1l.\u201d<\/ins><\/li>\n<li><del>\u201eNe s\u00edrj, l\u00e9gy er\u0151s.\u201d<\/del> <ins>\u201eL\u00e1tom, hogy f\u00e1j, nekem is. Itt vagyok.\u201d<\/ins><\/li>\n<li><del>\u201eNe gondolj r\u00e1, t\u00fal leszel rajta.\u201d<\/del> <ins>\u201eSokat fogunk r\u00e1 gondolni. K\u00f6zben \u00e9l\u00fcnk tov\u00e1bb.\u201d<\/ins><\/li>\n<li><del>\u201eMinden okkal t\u00f6rt\u00e9nik.\u201d<\/del> <ins>\u201eEz most nagyon neh\u00e9z, \u00e9s nem keresek r\u00e1 magyar\u00e1zatot.\u201d<\/ins><\/li>\n<\/ul>\n<p>Ha a gyerek k\u00e9rdez a \u201ehol van most\u201d t\u00e9m\u00e1r\u00f3l, \u00f6sszeegyeztetheted a csal\u00e1di vil\u00e1gn\u00e9zettel, de \u00e9rdemes kett\u0151s keretben besz\u00e9lni: testi val\u00f3s\u00e1g + csal\u00e1di hiedelem. \u201eA teste itt maradt, eltemetj\u00fck. Azt pedig, hogy a l\u00e9lek hova ker\u00fcl, sokan sokf\u00e9lek\u00e9pp gondolj\u00e1k; a mi csal\u00e1dunkban \u00fagy tartjuk, hogy\u2026\u201d \u00cdgy egyszerre maradsz val\u00f3s\u00e1gos \u00e9s tiszteletteljes. \u00c9s egy praktikus r\u00e9szlet: mondd el, hogy a s\u00edr\u00e1s rendben van, a nevet\u00e9s is. A kett\u0151 felv\u00e1ltva is.<\/p>\n<h2>Vigy\u00fck-e a gyereket a k\u00f3rh\u00e1zba, temet\u00e9sre?<\/h2>\n<p>A d\u00f6nt\u00e9sn\u00e9l h\u00e1rom t\u00e9nyez\u0151t m\u00e9rlegelj: <b>akarja-e<\/b>, <b>mit b\u00edr<\/b>, <b>milyen szerepet adsz neki<\/b>. K\u00f3rh\u00e1zi l\u00e1togat\u00e1sn\u00e1l k\u00e9sz\u00fclj k\u00e9pileg: \u201eLesznek cs\u00f6vek, g\u00e9pek, a nagymama szeme csukva lehet.\u201d Vidd magaddal, ha szeretn\u00e9 \u2013 \u00e9s legyen \u201emenek\u00fcl\u0151 \u00fat\u201d: egy feln\u0151tt, aki b\u00e1rmikor kis\u00e9t\u00e1l vele. Ha nem engednek be gyerekeket, kapcsol\u00f3d\u00e1si alternat\u00edv\u00e1k: rajz, lev\u00e9l, hang\u00fczenet. <a href=\"https:\/\/egercoach.hu\/blog\/hasznos-tanacsok-temetes-elott-felkeszules-es-tamogatas\/\">Temet\u00e9s<\/a> eset\u00e9n a r\u00e9szv\u00e9tel <i>lehet\u0151s\u00e9ge<\/i> legyen adott. Ne \u00edg\u00e9rj olyat, ami nem t\u00f6rt\u00e9nik meg (pl. \u201enem lesz s\u00edr\u00e1s\u201d). K\u00edn\u00e1lj akt\u00edv feladatot: vir\u00e1g v\u00e1laszt\u00e1sa, rajz a kopors\u00f3ra, egy mondat felolvas\u00e1sa, m\u00e9cses meggy\u00fajt\u00e1sa. Mondd el el\u0151re a forgat\u00f3k\u00f6nyvet (hol lesz, meddig tart, kik lesznek ott), \u00e9s add meg a jogot, hogy f\u00e9lrevonuljon. A gyerek d\u00f6nt\u00e9s\u00e9t fogadd el \u2013 ma menne, holnap meggondolja, ez norm\u00e1lis. A k\u00f6z\u00f6s b\u00facs\u00fa viszont sokszor seg\u00edt a realit\u00e1s elfogad\u00e1s\u00e1ban \u00e9s a kapcsolat \u201e\u00e1tkeretez\u00e9s\u00e9ben\u201d eml\u00e9kezett\u00e9.<\/p>\n<h2>R\u00edtusok, eml\u00e9kez\u00e9s, kapcsolat\u0151rz\u00e9s<\/h2>\n<p>Az eml\u00e9kez\u00e9s nem az elenged\u00e9s ellent\u00e9te. A gyerekeknek j\u00f3t tesz, ha akt\u00edv form\u00e1ban tarthatj\u00e1k \u00e9letben a k\u00f6t\u0151d\u00e9st. Lehet \u201enagymam\u00e1s nap\u201d (kedvenc s\u00fctem\u00e9ny s\u00fct\u00e9se), \u201enagypap\u00e1s doboz\u201d (illatok, fot\u00f3k, t\u00e1rgyak), k\u00f6z\u00f6s albumk\u00e9sz\u00edt\u00e9s, fa\u00fcltet\u00e9s, eml\u00e9kk\u00e1rty\u00e1k. Ezek a mikror\u00edtusok a megk\u00fczd\u00e9s k\u00e9t mozdulat\u00e1t v\u00e1ltogatj\u00e1k: k\u00f6zel engedni \u2013 elt\u00e1vol\u00edtani. Ezt a gy\u00e1sz szakirodalma \u201ek\u00e9tutas\u201d m\u0171k\u00f6d\u00e9snek \u00edrja le: egyszerre kell kapcsol\u00f3dni a vesztes\u00e9ghez \u00e9s \u00e9lni a mindennapokban. A gyerekek ezt \u00f6szt\u00f6n\u00f6sen tudj\u00e1k, amikor \u00f6t perc s\u00edr\u00e1s ut\u00e1n visszamennek \u00e9p\u00edteni. Ne tekintsd ezt \u00e9rz\u00e9ketlens\u00e9gnek; engedd, hogy mozogjon a k\u00e9t \u00e1llapot k\u00f6z\u00f6tt. \u00c9s igen: lehet humort vinni az eml\u00e9kez\u00e9sbe, ha \u201ebeleillik\u201d a csal\u00e1di kult\u00far\u00e1ba. A <a href=\"https:\/\/egercoach.hu\/blog\/a-humor-kognitiv-mechanizmusai-semak-forgatokonyvek-es-osszeferhetetlenseg\/\">humor<\/a> nem tiszteletlens\u00e9g, hanem l\u00e9gz\u00e9s.<\/p>\n<h2>Sz\u00fcl\u0151i \u00f6nszab\u00e1lyoz\u00e1s: tartani \u00e9s igazat mondani<\/h2>\n<p>A gyerek biztons\u00e1g\u00e9rzet\u00e9nek hordoz\u00f3ja a te idegrendszered. Nem kell \u201e\u00f6sszeszedettnek\u201d l\u00e1tszanod; a hiteles <i>\u00f6sszet\u00f6rts\u00e9g tart\u00f3 keretben<\/i> megnyugtat\u00f3bb, mint a steril er\u0151lk\u00f6d\u00e9s. Mondhatod ezt: \u201eNekem is neh\u00e9z, \u00e9s k\u00f6zben gondoskodom r\u00f3lad.\u201d Figyelj az alapokra: alv\u00e1s, ev\u00e9s, folyad\u00e9k, leveg\u0151 \u2013 igen, k\u00f6zhelynek hangzik, de test n\u00e9lk\u00fcl nincs \u00e9rzelmi szab\u00e1lyoz\u00e1s. Vedd \u00e9szre a saj\u00e1t b\u0171ntudatodat is (\u201ejobban kellett volna\u201d, \u201emi\u00e9rt nem vittem t\u00f6bbsz\u00f6r\u201d), \u00e9s mondd ki magadnak: a gy\u00e1sz r\u00e9sze a visszan\u00e9z\u00e9s, de nem b\u00edr\u00f3s\u00e1g. K\u00e9rj seg\u00edts\u00e9get a csal\u00e1dt\u00f3l, bar\u00e1tokt\u00f3l, iskol\u00e1t\u00f3l: \u00e1tl\u00e1that\u00f3 inform\u00e1ci\u00f3 a pedag\u00f3gusnak, jelz\u00e9s az oszt\u00e1lynak \u2013 persze a gyerek beleegyez\u00e9s\u00e9vel. A stabil, kisz\u00e1m\u00edthat\u00f3 rutinok (reggeli, lefekv\u00e9s, programok) kapaszkod\u00f3t adnak akkor is, amikor semmi sem \u00e1ll egy\u00fctt.<\/p>\n<h2>Serd\u00fcl\u0151k: egzisztenci\u00e1lis k\u00e9rd\u00e9sek \u00e9s hat\u00e1rok<\/h2>\n<p>A serd\u00fcl\u0151 nem \u201enagy gyerek\u201d, hanem \u00f6n\u00e1ll\u00f3, alakul\u00f3 feln\u0151tt. A hal\u00e1lh\u00edr n\u00e1la k\u00f6nnyen csap \u00e1t vil\u00e1gmagyar\u00e1z\u00f3 d\u00fchbe, cinizmusba, vagy \u00e9pp a \u201emost akkor mindent bele\u201d \u00fczemm\u00f3dba. Adj neki teret a filoz\u00f3fiai k\u00e9rd\u00e9sekhez, \u00e9s ne ijedj meg t\u0151l\u00fck. K\u00f6zben tarts hat\u00e1rokat: alv\u00e1s, iskola, k\u00e9perny\u0151, t\u00e1rsas\u00e1gi \u00e9let \u2013 a keretek nem \u201eb\u00fcntet\u00e9sek\u201d, hanem a nap strukt\u00far\u00e1ja. L\u00e9gy k\u00e9zn\u00e9l, de ne nyomulj. Aj\u00e1nlj fel r\u00edtusfeladatokat, k\u00e9rj t\u0151le seg\u00edts\u00e9get gyakorlati \u00fcgyekben \u2013 a hasznoss\u00e1g \u00e9rz\u00e9se v\u00e9di a sz\u00e9tes\u00e9st\u0151l. Ha z\u00e1rk\u00f3zott, nyiss oldalr\u00f3l: k\u00f6z\u00f6s kocsi\u00fat, s\u00e9ta, film, zene. \u00c9s mondd ki egyszer\u0171en: \u201eHa megfordul a fejedben, hogy k\u00e1rt tegy\u00e9l magadban, gyere hozz\u00e1m. Ha nem j\u00f6ssz, akkor is kereslek.\u201d Ez nem dr\u00e1mai; ez kapcsolat.<\/p>\n<h2>Mit <del>ne<\/del> tegy\u00e9l, \u00e9s mit <ins>igen<\/ins>? R\u00f6vid csekklista<\/h2>\n<p>Az al\u00e1bbi lista seg\u00edt elker\u00fclni a j\u00f3 sz\u00e1nd\u00e9k\u00fa, de \u00e1rt\u00f3 mondatokat \u00e9s mozdulatokat.<\/p>\n<ul>\n<li><del>Ker\u00fclni a sz\u00f3t, hogy \u201emeghalt\u201d.<\/del> <ins>Haszn\u00e1lni a pontos sz\u00f3t \u00e9s r\u00f6vid magyar\u00e1zatot.<\/ins><\/li>\n<li><del>\u201eL\u00e9gy er\u0151s, ne s\u00edrj.\u201d<\/del> <ins>\u201eLehet s\u00edrni. \u00c9n is fogok.\u201d<\/ins><\/li>\n<li><del>\u201eT\u00fal kell l\u00e9pned.\u201d<\/del> <ins>\u201eId\u0151nk\u00e9nt f\u00e1jni fog, k\u00f6zben \u00e9l\u00fcnk tov\u00e1bb.\u201d<\/ins><\/li>\n<li><del>\u201eNeked most any\u00e1t\/ap\u00e1t kell vigasztalnod.\u201d<\/del> <ins>Szerepcser\u00e9t <b>nem<\/b>. Neki gyereknek szabad maradnia.<\/ins><\/li>\n<li><del>Teljes kiz\u00e1r\u00e1s a r\u00edtusokb\u00f3l.<\/del> <ins>V\u00e1laszthat\u00f3 r\u00e9szv\u00e9tel \u00e9s konkr\u00e9t feladat.<\/ins><\/li>\n<\/ul>\n<p>\u00c9s egy fontos tart\u00f3 mondat, amit b\u00e1rmikor el\u0151vehetsz: <b>\u201eItt vagyok. Most egy\u00fctt vissz\u00fck.\u201d<\/b><\/p>\n<h2>Akci\u00f3terv a k\u00f6vetkez\u0151 14 napra<\/h2>\n<p>A gy\u00e1sz els\u0151 k\u00e9t hete a sokk, szervez\u00e9s, egyeztet\u00e9s, t\u00fal\u00e9l\u00e9s ideje. Egy r\u00f6vid, rugalmas terv seg\u00edt, hogy legyen t\u00e1mpontod.<\/p>\n<ol>\n<li><b>1\u20132. nap:<\/b> k\u00f6zl\u00e9s a gyerekkel (t\u00e9ny \u2013 mi lesz most), alv\u00e1s\/ev\u00e9s alapok, biztons\u00e1gos fizikai k\u00f6zels\u00e9g.<\/li>\n<li><b>3\u20134. nap:<\/b> d\u00f6nt\u00e9s a r\u00edtusokr\u00f3l (temet\u00e9s, b\u00facs\u00fa), szerepek kijel\u00f6l\u00e9se, \u201emenek\u00fcl\u0151 feln\u0151tt\u201d szervez\u00e9se.<\/li>\n<li><b>5\u20137. nap:<\/b> eml\u00e9kt\u00e1rgyak \u00f6sszegy\u0171jt\u00e9se, rajzol\u00e1s, albumk\u00e9sz\u00edt\u00e9s, besz\u00e9lget\u00e9s az iskol\u00e1val.<\/li>\n<li><b>8\u201310. nap:<\/b> vissza\u00e1ll\u00edt\u00e1s apr\u00f3 rutinokra (esti mese, k\u00f6z\u00f6s vacsora), k\u00e9perny\u0151id\u0151 keretek finomhangol\u00e1sa.<\/li>\n<li><b>11\u201314. nap:<\/b> megfigyel\u00e9s: alv\u00e1s, ev\u00e9s, hangulat; ha piros z\u00e1szl\u00f3k vannak (tart\u00f3s visszah\u00faz\u00f3d\u00e1s, regresszi\u00f3, er\u0151s szorong\u00e1s, \u00f6ns\u00e9rt\u00e9s gondolatai), szakember bevon\u00e1sa.<\/li>\n<\/ol>\n<blockquote><p>\u201eA gyerek biztons\u00e1g\u00e9rzete nem a hib\u00e1tlan mondatokt\u00f3l n\u0151, hanem att\u00f3l, hogy valaki elb\u00edrja mellette az igazs\u00e1g s\u00faly\u00e1t.\u201d \u2013 Dajka G\u00e1bor<\/p><\/blockquote>\n<h2>Gyakorlati k\u00e9rd\u00e9sek: iskola, bar\u00e1tok, digit\u00e1lis t\u00e9r<\/h2>\n<p>\u00c9rdemes m\u00e1r az els\u0151 h\u00e9ten jelz\u00e9st k\u00fcldeni az oszt\u00e1lyf\u0151n\u00f6knek: r\u00f6vid, t\u00e9nyszer\u0171 inform\u00e1ci\u00f3, a gyerek beleegyez\u00e9s\u00e9vel. Ez \u00farja nyitja a tan\u00e1ri figyelmet, megel\u0151zi a f\u00e9lre\u00e9rt\u00e9seket (teljes\u00edtm\u00e9ny-ingadoz\u00e1s, konfliktusok). A kort\u00e1rsaknak sz\u00e1nt \u00fczenet lehet egyszer\u0171: \u201eX elvesztette a nagypap\u00e1j\u00e1t, most t\u00f6bb figyelemre lehet sz\u00fcks\u00e9ge.\u201d A bar\u00e1tok szerepe kiemelked\u0151: a h\u00e9tk\u00f6znapi egy\u00fcttl\u00e9tek \u2013 s\u00e9ta, k\u00f6z\u00f6s j\u00e1t\u00e9k \u2013 sokszor t\u00f6bbet \u00e9rnek, mint a nagy szavak. A digit\u00e1lis t\u00e9rben fogd k\u00e9zen: a gy\u00e1sz h\u00edr\u00e9t \u0151 is megoszthatja. Besz\u00e9ljetek arr\u00f3l, mi publikus, mi intim, \u00e9s hogy az online egy\u00fctt\u00e9rz\u00e9s hull\u00e1ma ut\u00e1n gyakran j\u00f6n \u00fcress\u00e9g. Adj alternat\u00edv\u00e1t: fizikai eml\u00e9kt\u00e1rgyak, pap\u00edrlev\u00e9l, rajzok.<\/p>\n<h2>Mikor k\u00e9rj szakmai seg\u00edts\u00e9get?<\/h2>\n<p>Nem \u201ekudarc\u201d, ha bevonsz szakembert \u2013 s\u0151t, sokszor ez a felel\u0151s l\u00e9p\u00e9s. Piros z\u00e1szl\u00f3k: tart\u00f3s (4\u20136 h\u00e9tn\u00e9l hosszabb) er\u0151teljes regresszi\u00f3, visszat\u00e9r\u0151 r\u00e9m\u00e1lmok \u00e9s alv\u00e1sk\u00e9ptelens\u00e9g, \u00e1lland\u00f3sul\u00f3 testi panaszok orvosi ok n\u00e9lk\u00fcl, t\u00e1rsas visszah\u00faz\u00f3d\u00e1s, kifejezett \u00f6nv\u00e1d, \u201ejobb lenne, ha \u00e9n sem lenn\u00e9k\u201d t\u00edpus\u00fa mondatok, \u00f6ns\u00e9rt\u00e9s. Ezekben az esetekben gyermekpszichol\u00f3gus, gy\u00e1szcsoport, iskolapszichol\u00f3gus bevon\u00e1sa javasolt. Ha a vesztes\u00e9g traumatikus k\u00f6r\u00fclm\u00e9nyek k\u00f6z\u00f6tt t\u00f6rt\u00e9nt (baleset, hirtelen hal\u00e1l), a feldolgoz\u00e1st c\u00e9lzott traumater\u00e1pi\u00e1s elemek (pl. narrat\u00edv feldolgoz\u00e1s, EMDR) is seg\u00edthetik. A csal\u00e1d eg\u00e9sz\u00e9t t\u00e1mogat\u00f3 alkalmak szint\u00e9n hasznosak: k\u00f6z\u00f6s narrat\u00edv\u00e1t adnak, amelyben mindenkinek helye van.<\/p>\n<h2>Dajka G\u00e1bor business coach szerint<\/h2>\n<p>Nem az a \u201eb\u00e1tor\u201d sz\u00fcl\u0151, aki rezzen\u00e9stelen arccal v\u00e9gigcsin\u00e1l mindent, hanem az, aki a saj\u00e1t meging\u00e1sai k\u00f6zben is el\u00e9rhet\u0151 marad. A gyerekek nem csillap\u00edtott \u00e9rz\u00e9seket, hanem megb\u00edzhat\u00f3 kereteket keresnek. A vesztes\u00e9g nem nyeli el az \u00e9letet, hanem bele\u00edr\u00f3dik. Ha meg mersz \u00e1llni \u00e9s igazat mondani \u2013 r\u00f6viden, szeretettel \u2013, akkor a gyerekednek nem a hal\u00e1lt\u00f3l, hanem a cs\u00f6ndt\u0151l nem kell f\u00e9lnie. Az a tapasztalatom, hogy a legt\u00f6bb csal\u00e1d \u00f6szt\u00f6n\u00f6sen tudja, mire van sz\u00fcks\u00e9g \u2013 az \u00e9n dolgom csak annyi, hogy visszat\u00fckr\u00f6zzem: amit teszel, el\u00e9g j\u00f3. A gy\u00e1sz nem projekt, hanem ritmus. A ritmust pedig egy\u00fctt lehet megtal\u00e1lni.<\/p>\n<h2>Szak\u00e9rt\u0151 v\u00e1laszol \u2013 GYIK<\/h2>\n<h3>Kell-e \u201efelk\u00e9sz\u00edteni\u201d a gyereket a temet\u00e9s l\u00e1tv\u00e1ny\u00e1ra?<\/h3>\n<p>A felk\u00e9sz\u00edt\u00e9s nem dramatiz\u00e1l\u00e1s. Mondd el, mit fog l\u00e1tni, mennyi ideig tart, lesznek-e hangos s\u00edr\u00e1sok, esetleg nyitott kopors\u00f3. Adj jogot a kil\u00e9p\u00e9sre, jel\u00f6ljetek ki tal\u00e1lkoz\u00e1si pontot. Ha nem szeretne menni, k\u00edn\u00e1lj alternat\u00edv b\u00facs\u00fat (lev\u00e9l, rajz, m\u00e9cses).<\/p>\n<h3>Mi van, ha a gyerek \u201enem reag\u00e1l\u201d?<\/h3>\n<p>A gyerekek v\u00e1ltogatva kapcsolnak r\u00e1 \u00e9s le. A nappali \u201esemmi\u201d m\u00f6g\u00f6tt \u00e9jszakai t\u00fcnetek j\u00f6hetnek (\u00e1lmatlans\u00e1g, hasf\u00e1j\u00e1s). Maradj mellette, adj nyelvet az \u00e9rz\u00e9seknek (\u201eLehet, hogy most nem \u00e9rzed, k\u00e9s\u0151bb j\u00f6n majd a s\u00edr\u00e1s.\u201d), \u00e9s figyeld a tart\u00f3s elakad\u00e1st jelz\u0151 jeleket.<\/p>\n<h3>Mit mondjak, ha megk\u00e9rdezi: \u201eTe is meg fogsz halni?\u201d<\/h3>\n<p>Ne h\u00e1r\u00edtsd el. Mondd ki: \u201eEgyszer mindenki meghal, de most eg\u00e9szs\u00e9ges vagyok, \u00e9s sok\u00e1ig szeretn\u00e9k veled lenni. Megtesz\u00fcnk mindent, hogy biztons\u00e1gban legy\u00e9l.\u201d Ez egyszerre val\u00f3s\u00e1gos \u00e9s megnyugtat\u00f3.<\/p>\n<h3>Vannak Magyarorsz\u00e1gon gy\u00e1szt\u00e1mogat\u00f3 lehet\u0151s\u00e9gek gyerekeknek?<\/h3>\n<p>Igen. El\u00e9rhet\u0151 t\u00f6bb civil \u00e9s szakmai forma: gyermek- \u00e9s iskolapszichol\u00f3gusi ell\u00e1t\u00e1s, gy\u00e1szcsoportok csal\u00e1doknak, valamint orsz\u00e1gos seg\u00e9lyvonalak. \u00c9rdemes a helyi pedag\u00f3giai szakszolg\u00e1latn\u00e1l \u00e9s a gyermekorvosn\u00e1l kezdeni a t\u00e1j\u00e9koz\u00f3d\u00e1st; sokszor tudnak ir\u00e1ny\u00edtani.<\/p>\n<h3>Mit tegyek, ha a gyerek \u201erosszalkodik\u201d a gy\u00e1sz alatt?<\/h3>\n<p>A d\u00fch \u00e9s szab\u00e1lyszeg\u00e9s gyakran a tehetetlens\u00e9g nyelve. Tarts kereteket (alapvet\u0151 szab\u00e1lyok v\u00e1ltozatlanok), k\u00f6zben adj csatorn\u00e1t a fesz\u00fclts\u00e9gnek (mozg\u00e1s, rajz, hangos zene). A kett\u0151 egy\u00fctt tart: hat\u00e1r + levezet\u00e9s. Ha a viselked\u00e9s tart\u00f3san romlik, k\u00e9rj szakmai seg\u00edts\u00e9get.<\/p>\n<h2>Forr\u00e1sok<\/h2>\n<p>J. William Worden: Children and Grief \u2013 When a Parent Dies (Guilford Press). A gyermeki gy\u00e1sz klasszikus, gyakorlati szeml\u00e9let\u0171 \u00f6sszefoglal\u00f3ja.<\/p>\n<p><a href=\"https:\/\/pubmed.ncbi.nlm.nih.gov\/27432849\/\">American Academy of Pediatrics \u2013 Supporting the Grieving Child and Family (Pediatrics)<\/a>. Gyermekorvosi ir\u00e1nymutat\u00e1s csal\u00e1dok t\u00e1mogat\u00e1s\u00e1r\u00f3l.<\/p>\n<p><a href=\"https:\/\/www.routledge.com\/Continuing-Bonds-New-Understandings-of-Grief\/Klass-Silverman-Nickman\/p\/book\/9781560323396\">Klass, Silverman, Nickman: Continuing Bonds \u2013 New Understandings of Grief (Routledge)<\/a>. A kapcsolat\u0151rz\u0151 szeml\u00e9let alapm\u0171ve.<\/p>\n","protected":false},"excerpt":{"rendered":"<p>Van egy pillanat, amikor megfagy a leveg\u0151 a lak\u00e1sban. Telefon let\u00e9ve, a konyhapult sark\u00e1n megcsillan a b\u00f6gre pereme, \u00e9s hirtelen mindent hallasz: a h\u0171t\u0151 z\u00fag\u00e1s\u00e1t, a gyerek rajzfilm\u00e9nek t\u00fal vid\u00e1m nevet\u00e9s\u00e9t a m\u00e1sik szob\u00e1ban. Ilyenkor mer\u00fcl fel a k\u00e9rd\u00e9s: hogyan mondjam el? Nem sz\u00e9p\u00edtve: a gyerekek, legyenek b\u00e1rmilyen kicsik, azonnal \u00e9szlelik a rezg\u00e9st a csal\u00e1di&#8230;<\/p>\n","protected":false},"author":1,"featured_media":260,"comment_status":"closed","ping_status":"open","sticky":false,"template":"","format":"standard","meta":{"footnotes":""},"categories":[4],"tags":[],"class_list":["post-259","post","type-post","status-publish","format-standard","has-post-thumbnail","hentry","category-gyaszfeldolgozas-egerben"],"yoast_head":"<!-- This site is optimized with the Yoast SEO plugin v27.5 - https:\/\/yoast.com\/product\/yoast-seo-wordpress\/ -->\n<title>Gyermeki gy\u00e1sz: hogyan seg\u00edts\u00fcnk a kicsiknek?<\/title>\n<meta name=\"robots\" content=\"index, follow, max-snippet:-1, max-image-preview:large, max-video-preview:-1\" \/>\n<link rel=\"canonical\" href=\"https:\/\/egercoach.hu\/blog\/a-gyermeki-gyasz-hogyan-segitsunk-a-kicsiknek-a-veszteseg-feldolgozasaban\/\" \/>\n<meta property=\"og:locale\" content=\"hu_HU\" \/>\n<meta property=\"og:type\" content=\"article\" \/>\n<meta property=\"og:title\" content=\"Gyermeki gy\u00e1sz: hogyan seg\u00edts\u00fcnk a kicsiknek?\" \/>\n<meta property=\"og:description\" content=\"Van egy pillanat, amikor megfagy a leveg\u0151 a lak\u00e1sban. Telefon let\u00e9ve, a konyhapult sark\u00e1n megcsillan a b\u00f6gre pereme, \u00e9s hirtelen mindent hallasz: a h\u0171t\u0151 z\u00fag\u00e1s\u00e1t, a gyerek rajzfilm\u00e9nek t\u00fal vid\u00e1m nevet\u00e9s\u00e9t a m\u00e1sik szob\u00e1ban. Ilyenkor mer\u00fcl fel a k\u00e9rd\u00e9s: hogyan mondjam el? Nem sz\u00e9p\u00edtve: a gyerekek, legyenek b\u00e1rmilyen kicsik, azonnal \u00e9szlelik a rezg\u00e9st a csal\u00e1di...\" \/>\n<meta property=\"og:url\" content=\"https:\/\/egercoach.hu\/blog\/a-gyermeki-gyasz-hogyan-segitsunk-a-kicsiknek-a-veszteseg-feldolgozasaban\/\" \/>\n<meta property=\"og:site_name\" content=\"Az Egri Coach Blogja\" \/>\n<meta property=\"article:publisher\" content=\"https:\/\/www.facebook.com\/eger.coach\" \/>\n<meta property=\"article:published_time\" content=\"2024-08-25T19:02:29+00:00\" \/>\n<meta property=\"article:modified_time\" content=\"2025-10-26T07:13:06+00:00\" \/>\n<meta property=\"og:image\" content=\"https:\/\/egercoach.hu\/blog\/wp-content\/uploads\/2024\/08\/a-pensive-cute-girl-sits-and-looks-out-the-window-hugging-a-teddy-bear-.jpg\" \/>\n\t<meta property=\"og:image:width\" content=\"1500\" \/>\n\t<meta property=\"og:image:height\" content=\"1000\" \/>\n\t<meta property=\"og:image:type\" content=\"image\/jpeg\" \/>\n<meta name=\"author\" content=\"Dajka G\u00e1bor\" \/>\n<meta name=\"twitter:card\" content=\"summary_large_image\" \/>\n<meta name=\"twitter:label1\" content=\"Szerz\u0151:\" \/>\n\t<meta name=\"twitter:data1\" content=\"Dajka G\u00e1bor\" \/>\n\t<meta name=\"twitter:label2\" content=\"Becs\u00fclt olvas\u00e1si id\u0151\" \/>\n\t<meta name=\"twitter:data2\" content=\"12 perc\" \/>\n<script type=\"application\/ld+json\" class=\"yoast-schema-graph\">{\"@context\":\"https:\\\/\\\/schema.org\",\"@graph\":[{\"@type\":\"Article\",\"@id\":\"https:\\\/\\\/egercoach.hu\\\/blog\\\/a-gyermeki-gyasz-hogyan-segitsunk-a-kicsiknek-a-veszteseg-feldolgozasaban\\\/#article\",\"isPartOf\":{\"@id\":\"https:\\\/\\\/egercoach.hu\\\/blog\\\/a-gyermeki-gyasz-hogyan-segitsunk-a-kicsiknek-a-veszteseg-feldolgozasaban\\\/\"},\"author\":{\"name\":\"Dajka G\u00e1bor\",\"@id\":\"https:\\\/\\\/egercoach.hu\\\/blog\\\/#\\\/schema\\\/person\\\/afc73367aa314ca33a9c8d3b88dce6e7\"},\"headline\":\"Gyermeki gy\u00e1sz: hogyan seg\u00edts\u00fcnk a kicsiknek?\",\"datePublished\":\"2024-08-25T19:02:29+00:00\",\"dateModified\":\"2025-10-26T07:13:06+00:00\",\"mainEntityOfPage\":{\"@id\":\"https:\\\/\\\/egercoach.hu\\\/blog\\\/a-gyermeki-gyasz-hogyan-segitsunk-a-kicsiknek-a-veszteseg-feldolgozasaban\\\/\"},\"wordCount\":3295,\"publisher\":{\"@id\":\"https:\\\/\\\/egercoach.hu\\\/blog\\\/#organization\"},\"image\":{\"@id\":\"https:\\\/\\\/egercoach.hu\\\/blog\\\/a-gyermeki-gyasz-hogyan-segitsunk-a-kicsiknek-a-veszteseg-feldolgozasaban\\\/#primaryimage\"},\"thumbnailUrl\":\"https:\\\/\\\/egercoach.hu\\\/blog\\\/wp-content\\\/uploads\\\/2024\\\/08\\\/a-pensive-cute-girl-sits-and-looks-out-the-window-hugging-a-teddy-bear-.jpg\",\"articleSection\":[\"Gy\u00e1szfeldolgoz\u00e1s Egerben\"],\"inLanguage\":\"hu\"},{\"@type\":\"WebPage\",\"@id\":\"https:\\\/\\\/egercoach.hu\\\/blog\\\/a-gyermeki-gyasz-hogyan-segitsunk-a-kicsiknek-a-veszteseg-feldolgozasaban\\\/\",\"url\":\"https:\\\/\\\/egercoach.hu\\\/blog\\\/a-gyermeki-gyasz-hogyan-segitsunk-a-kicsiknek-a-veszteseg-feldolgozasaban\\\/\",\"name\":\"Gyermeki gy\u00e1sz: hogyan seg\u00edts\u00fcnk a kicsiknek?\",\"isPartOf\":{\"@id\":\"https:\\\/\\\/egercoach.hu\\\/blog\\\/#website\"},\"primaryImageOfPage\":{\"@id\":\"https:\\\/\\\/egercoach.hu\\\/blog\\\/a-gyermeki-gyasz-hogyan-segitsunk-a-kicsiknek-a-veszteseg-feldolgozasaban\\\/#primaryimage\"},\"image\":{\"@id\":\"https:\\\/\\\/egercoach.hu\\\/blog\\\/a-gyermeki-gyasz-hogyan-segitsunk-a-kicsiknek-a-veszteseg-feldolgozasaban\\\/#primaryimage\"},\"thumbnailUrl\":\"https:\\\/\\\/egercoach.hu\\\/blog\\\/wp-content\\\/uploads\\\/2024\\\/08\\\/a-pensive-cute-girl-sits-and-looks-out-the-window-hugging-a-teddy-bear-.jpg\",\"datePublished\":\"2024-08-25T19:02:29+00:00\",\"dateModified\":\"2025-10-26T07:13:06+00:00\",\"breadcrumb\":{\"@id\":\"https:\\\/\\\/egercoach.hu\\\/blog\\\/a-gyermeki-gyasz-hogyan-segitsunk-a-kicsiknek-a-veszteseg-feldolgozasaban\\\/#breadcrumb\"},\"inLanguage\":\"hu\",\"potentialAction\":[{\"@type\":\"ReadAction\",\"target\":[\"https:\\\/\\\/egercoach.hu\\\/blog\\\/a-gyermeki-gyasz-hogyan-segitsunk-a-kicsiknek-a-veszteseg-feldolgozasaban\\\/\"]}]},{\"@type\":\"ImageObject\",\"inLanguage\":\"hu\",\"@id\":\"https:\\\/\\\/egercoach.hu\\\/blog\\\/a-gyermeki-gyasz-hogyan-segitsunk-a-kicsiknek-a-veszteseg-feldolgozasaban\\\/#primaryimage\",\"url\":\"https:\\\/\\\/egercoach.hu\\\/blog\\\/wp-content\\\/uploads\\\/2024\\\/08\\\/a-pensive-cute-girl-sits-and-looks-out-the-window-hugging-a-teddy-bear-.jpg\",\"contentUrl\":\"https:\\\/\\\/egercoach.hu\\\/blog\\\/wp-content\\\/uploads\\\/2024\\\/08\\\/a-pensive-cute-girl-sits-and-looks-out-the-window-hugging-a-teddy-bear-.jpg\",\"width\":1500,\"height\":1000,\"caption\":\"a pensive cute girl sits and looks out the window, hugging a teddy bear.\"},{\"@type\":\"BreadcrumbList\",\"@id\":\"https:\\\/\\\/egercoach.hu\\\/blog\\\/a-gyermeki-gyasz-hogyan-segitsunk-a-kicsiknek-a-veszteseg-feldolgozasaban\\\/#breadcrumb\",\"itemListElement\":[{\"@type\":\"ListItem\",\"position\":1,\"name\":\"Kezd\u0151lap\",\"item\":\"https:\\\/\\\/egercoach.hu\\\/blog\\\/\"},{\"@type\":\"ListItem\",\"position\":2,\"name\":\"Gyermeki gy\u00e1sz: hogyan seg\u00edts\u00fcnk a kicsiknek?\"}]},{\"@type\":\"WebSite\",\"@id\":\"https:\\\/\\\/egercoach.hu\\\/blog\\\/#website\",\"url\":\"https:\\\/\\\/egercoach.hu\\\/blog\\\/\",\"name\":\"Eger Coach Blog\",\"description\":\"\",\"publisher\":{\"@id\":\"https:\\\/\\\/egercoach.hu\\\/blog\\\/#organization\"},\"potentialAction\":[{\"@type\":\"SearchAction\",\"target\":{\"@type\":\"EntryPoint\",\"urlTemplate\":\"https:\\\/\\\/egercoach.hu\\\/blog\\\/?s={search_term_string}\"},\"query-input\":{\"@type\":\"PropertyValueSpecification\",\"valueRequired\":true,\"valueName\":\"search_term_string\"}}],\"inLanguage\":\"hu\"},{\"@type\":\"Organization\",\"@id\":\"https:\\\/\\\/egercoach.hu\\\/blog\\\/#organization\",\"name\":\"Eger Coach Blog\",\"url\":\"https:\\\/\\\/egercoach.hu\\\/blog\\\/\",\"logo\":{\"@type\":\"ImageObject\",\"inLanguage\":\"hu\",\"@id\":\"https:\\\/\\\/egercoach.hu\\\/blog\\\/#\\\/schema\\\/logo\\\/image\\\/\",\"url\":\"https:\\\/\\\/egercoach.hu\\\/blog\\\/wp-content\\\/uploads\\\/2025\\\/05\\\/cropped-Eger.png\",\"contentUrl\":\"https:\\\/\\\/egercoach.hu\\\/blog\\\/wp-content\\\/uploads\\\/2025\\\/05\\\/cropped-Eger.png\",\"width\":500,\"height\":169,\"caption\":\"Eger Coach Blog\"},\"image\":{\"@id\":\"https:\\\/\\\/egercoach.hu\\\/blog\\\/#\\\/schema\\\/logo\\\/image\\\/\"},\"sameAs\":[\"https:\\\/\\\/www.facebook.com\\\/eger.coach\"]},{\"@type\":\"Person\",\"@id\":\"https:\\\/\\\/egercoach.hu\\\/blog\\\/#\\\/schema\\\/person\\\/afc73367aa314ca33a9c8d3b88dce6e7\",\"name\":\"Dajka G\u00e1bor\",\"image\":{\"@type\":\"ImageObject\",\"inLanguage\":\"hu\",\"@id\":\"https:\\\/\\\/secure.gravatar.com\\\/avatar\\\/81566ea1e2b3466baa03e9bdcdaa835f58564d8be90057a45f3e61711dc8a063?s=96&d=mm&r=g\",\"url\":\"https:\\\/\\\/secure.gravatar.com\\\/avatar\\\/81566ea1e2b3466baa03e9bdcdaa835f58564d8be90057a45f3e61711dc8a063?s=96&d=mm&r=g\",\"contentUrl\":\"https:\\\/\\\/secure.gravatar.com\\\/avatar\\\/81566ea1e2b3466baa03e9bdcdaa835f58564d8be90057a45f3e61711dc8a063?s=96&d=mm&r=g\",\"caption\":\"Dajka G\u00e1bor\"},\"sameAs\":[\"https:\\\/\\\/egercoach.hu\\\/blog\"],\"url\":\"https:\\\/\\\/egercoach.hu\\\/blog\\\/author\\\/adminka\\\/\"}]}<\/script>\n<!-- \/ Yoast SEO plugin. -->","yoast_head_json":{"title":"Gyermeki gy\u00e1sz: hogyan seg\u00edts\u00fcnk a kicsiknek?","robots":{"index":"index","follow":"follow","max-snippet":"max-snippet:-1","max-image-preview":"max-image-preview:large","max-video-preview":"max-video-preview:-1"},"canonical":"https:\/\/egercoach.hu\/blog\/a-gyermeki-gyasz-hogyan-segitsunk-a-kicsiknek-a-veszteseg-feldolgozasaban\/","og_locale":"hu_HU","og_type":"article","og_title":"Gyermeki gy\u00e1sz: hogyan seg\u00edts\u00fcnk a kicsiknek?","og_description":"Van egy pillanat, amikor megfagy a leveg\u0151 a lak\u00e1sban. Telefon let\u00e9ve, a konyhapult sark\u00e1n megcsillan a b\u00f6gre pereme, \u00e9s hirtelen mindent hallasz: a h\u0171t\u0151 z\u00fag\u00e1s\u00e1t, a gyerek rajzfilm\u00e9nek t\u00fal vid\u00e1m nevet\u00e9s\u00e9t a m\u00e1sik szob\u00e1ban. Ilyenkor mer\u00fcl fel a k\u00e9rd\u00e9s: hogyan mondjam el? Nem sz\u00e9p\u00edtve: a gyerekek, legyenek b\u00e1rmilyen kicsik, azonnal \u00e9szlelik a rezg\u00e9st a csal\u00e1di...","og_url":"https:\/\/egercoach.hu\/blog\/a-gyermeki-gyasz-hogyan-segitsunk-a-kicsiknek-a-veszteseg-feldolgozasaban\/","og_site_name":"Az Egri Coach Blogja","article_publisher":"https:\/\/www.facebook.com\/eger.coach","article_published_time":"2024-08-25T19:02:29+00:00","article_modified_time":"2025-10-26T07:13:06+00:00","og_image":[{"width":1500,"height":1000,"url":"https:\/\/egercoach.hu\/blog\/wp-content\/uploads\/2024\/08\/a-pensive-cute-girl-sits-and-looks-out-the-window-hugging-a-teddy-bear-.jpg","type":"image\/jpeg"}],"author":"Dajka G\u00e1bor","twitter_card":"summary_large_image","twitter_misc":{"Szerz\u0151:":"Dajka G\u00e1bor","Becs\u00fclt olvas\u00e1si id\u0151":"12 perc"},"schema":{"@context":"https:\/\/schema.org","@graph":[{"@type":"Article","@id":"https:\/\/egercoach.hu\/blog\/a-gyermeki-gyasz-hogyan-segitsunk-a-kicsiknek-a-veszteseg-feldolgozasaban\/#article","isPartOf":{"@id":"https:\/\/egercoach.hu\/blog\/a-gyermeki-gyasz-hogyan-segitsunk-a-kicsiknek-a-veszteseg-feldolgozasaban\/"},"author":{"name":"Dajka G\u00e1bor","@id":"https:\/\/egercoach.hu\/blog\/#\/schema\/person\/afc73367aa314ca33a9c8d3b88dce6e7"},"headline":"Gyermeki gy\u00e1sz: hogyan seg\u00edts\u00fcnk a kicsiknek?","datePublished":"2024-08-25T19:02:29+00:00","dateModified":"2025-10-26T07:13:06+00:00","mainEntityOfPage":{"@id":"https:\/\/egercoach.hu\/blog\/a-gyermeki-gyasz-hogyan-segitsunk-a-kicsiknek-a-veszteseg-feldolgozasaban\/"},"wordCount":3295,"publisher":{"@id":"https:\/\/egercoach.hu\/blog\/#organization"},"image":{"@id":"https:\/\/egercoach.hu\/blog\/a-gyermeki-gyasz-hogyan-segitsunk-a-kicsiknek-a-veszteseg-feldolgozasaban\/#primaryimage"},"thumbnailUrl":"https:\/\/egercoach.hu\/blog\/wp-content\/uploads\/2024\/08\/a-pensive-cute-girl-sits-and-looks-out-the-window-hugging-a-teddy-bear-.jpg","articleSection":["Gy\u00e1szfeldolgoz\u00e1s Egerben"],"inLanguage":"hu"},{"@type":"WebPage","@id":"https:\/\/egercoach.hu\/blog\/a-gyermeki-gyasz-hogyan-segitsunk-a-kicsiknek-a-veszteseg-feldolgozasaban\/","url":"https:\/\/egercoach.hu\/blog\/a-gyermeki-gyasz-hogyan-segitsunk-a-kicsiknek-a-veszteseg-feldolgozasaban\/","name":"Gyermeki gy\u00e1sz: hogyan seg\u00edts\u00fcnk a kicsiknek?","isPartOf":{"@id":"https:\/\/egercoach.hu\/blog\/#website"},"primaryImageOfPage":{"@id":"https:\/\/egercoach.hu\/blog\/a-gyermeki-gyasz-hogyan-segitsunk-a-kicsiknek-a-veszteseg-feldolgozasaban\/#primaryimage"},"image":{"@id":"https:\/\/egercoach.hu\/blog\/a-gyermeki-gyasz-hogyan-segitsunk-a-kicsiknek-a-veszteseg-feldolgozasaban\/#primaryimage"},"thumbnailUrl":"https:\/\/egercoach.hu\/blog\/wp-content\/uploads\/2024\/08\/a-pensive-cute-girl-sits-and-looks-out-the-window-hugging-a-teddy-bear-.jpg","datePublished":"2024-08-25T19:02:29+00:00","dateModified":"2025-10-26T07:13:06+00:00","breadcrumb":{"@id":"https:\/\/egercoach.hu\/blog\/a-gyermeki-gyasz-hogyan-segitsunk-a-kicsiknek-a-veszteseg-feldolgozasaban\/#breadcrumb"},"inLanguage":"hu","potentialAction":[{"@type":"ReadAction","target":["https:\/\/egercoach.hu\/blog\/a-gyermeki-gyasz-hogyan-segitsunk-a-kicsiknek-a-veszteseg-feldolgozasaban\/"]}]},{"@type":"ImageObject","inLanguage":"hu","@id":"https:\/\/egercoach.hu\/blog\/a-gyermeki-gyasz-hogyan-segitsunk-a-kicsiknek-a-veszteseg-feldolgozasaban\/#primaryimage","url":"https:\/\/egercoach.hu\/blog\/wp-content\/uploads\/2024\/08\/a-pensive-cute-girl-sits-and-looks-out-the-window-hugging-a-teddy-bear-.jpg","contentUrl":"https:\/\/egercoach.hu\/blog\/wp-content\/uploads\/2024\/08\/a-pensive-cute-girl-sits-and-looks-out-the-window-hugging-a-teddy-bear-.jpg","width":1500,"height":1000,"caption":"a pensive cute girl sits and looks out the window, hugging a teddy bear."},{"@type":"BreadcrumbList","@id":"https:\/\/egercoach.hu\/blog\/a-gyermeki-gyasz-hogyan-segitsunk-a-kicsiknek-a-veszteseg-feldolgozasaban\/#breadcrumb","itemListElement":[{"@type":"ListItem","position":1,"name":"Kezd\u0151lap","item":"https:\/\/egercoach.hu\/blog\/"},{"@type":"ListItem","position":2,"name":"Gyermeki gy\u00e1sz: hogyan seg\u00edts\u00fcnk a kicsiknek?"}]},{"@type":"WebSite","@id":"https:\/\/egercoach.hu\/blog\/#website","url":"https:\/\/egercoach.hu\/blog\/","name":"Eger Coach Blog","description":"","publisher":{"@id":"https:\/\/egercoach.hu\/blog\/#organization"},"potentialAction":[{"@type":"SearchAction","target":{"@type":"EntryPoint","urlTemplate":"https:\/\/egercoach.hu\/blog\/?s={search_term_string}"},"query-input":{"@type":"PropertyValueSpecification","valueRequired":true,"valueName":"search_term_string"}}],"inLanguage":"hu"},{"@type":"Organization","@id":"https:\/\/egercoach.hu\/blog\/#organization","name":"Eger Coach Blog","url":"https:\/\/egercoach.hu\/blog\/","logo":{"@type":"ImageObject","inLanguage":"hu","@id":"https:\/\/egercoach.hu\/blog\/#\/schema\/logo\/image\/","url":"https:\/\/egercoach.hu\/blog\/wp-content\/uploads\/2025\/05\/cropped-Eger.png","contentUrl":"https:\/\/egercoach.hu\/blog\/wp-content\/uploads\/2025\/05\/cropped-Eger.png","width":500,"height":169,"caption":"Eger Coach Blog"},"image":{"@id":"https:\/\/egercoach.hu\/blog\/#\/schema\/logo\/image\/"},"sameAs":["https:\/\/www.facebook.com\/eger.coach"]},{"@type":"Person","@id":"https:\/\/egercoach.hu\/blog\/#\/schema\/person\/afc73367aa314ca33a9c8d3b88dce6e7","name":"Dajka G\u00e1bor","image":{"@type":"ImageObject","inLanguage":"hu","@id":"https:\/\/secure.gravatar.com\/avatar\/81566ea1e2b3466baa03e9bdcdaa835f58564d8be90057a45f3e61711dc8a063?s=96&d=mm&r=g","url":"https:\/\/secure.gravatar.com\/avatar\/81566ea1e2b3466baa03e9bdcdaa835f58564d8be90057a45f3e61711dc8a063?s=96&d=mm&r=g","contentUrl":"https:\/\/secure.gravatar.com\/avatar\/81566ea1e2b3466baa03e9bdcdaa835f58564d8be90057a45f3e61711dc8a063?s=96&d=mm&r=g","caption":"Dajka G\u00e1bor"},"sameAs":["https:\/\/egercoach.hu\/blog"],"url":"https:\/\/egercoach.hu\/blog\/author\/adminka\/"}]}},"_links":{"self":[{"href":"https:\/\/egercoach.hu\/blog\/wp-json\/wp\/v2\/posts\/259","targetHints":{"allow":["GET"]}}],"collection":[{"href":"https:\/\/egercoach.hu\/blog\/wp-json\/wp\/v2\/posts"}],"about":[{"href":"https:\/\/egercoach.hu\/blog\/wp-json\/wp\/v2\/types\/post"}],"author":[{"embeddable":true,"href":"https:\/\/egercoach.hu\/blog\/wp-json\/wp\/v2\/users\/1"}],"replies":[{"embeddable":true,"href":"https:\/\/egercoach.hu\/blog\/wp-json\/wp\/v2\/comments?post=259"}],"version-history":[{"count":0,"href":"https:\/\/egercoach.hu\/blog\/wp-json\/wp\/v2\/posts\/259\/revisions"}],"wp:featuredmedia":[{"embeddable":true,"href":"https:\/\/egercoach.hu\/blog\/wp-json\/wp\/v2\/media\/260"}],"wp:attachment":[{"href":"https:\/\/egercoach.hu\/blog\/wp-json\/wp\/v2\/media?parent=259"}],"wp:term":[{"taxonomy":"category","embeddable":true,"href":"https:\/\/egercoach.hu\/blog\/wp-json\/wp\/v2\/categories?post=259"},{"taxonomy":"post_tag","embeddable":true,"href":"https:\/\/egercoach.hu\/blog\/wp-json\/wp\/v2\/tags?post=259"}],"curies":[{"name":"wp","href":"https:\/\/api.w.org\/{rel}","templated":true}]}}