{"id":29,"date":"2024-07-22T00:00:00","date_gmt":"2024-07-21T22:00:00","guid":{"rendered":"https:\/\/egercoach.hu\/blog\/2024\/07\/22\/nagy-korkulonbseg-a-parkapcsolatban-tabu-vagy-elfogadott\/"},"modified":"2025-10-11T08:28:04","modified_gmt":"2025-10-11T06:28:04","slug":"nagy-korkulonbseg-a-parkapcsolatban-tabu-vagy-elfogadott","status":"publish","type":"post","link":"https:\/\/egercoach.hu\/blog\/nagy-korkulonbseg-a-parkapcsolatban-tabu-vagy-elfogadott\/","title":{"rendered":"Nagy kork\u00fcl\u00f6nbs\u00e9g p\u00e1rkapcsolatban: tabu vagy elfogadott?"},"content":{"rendered":"<p>A nagy kork\u00fcl\u00f6nbs\u00e9ggel j\u00e1r\u00f3 p\u00e1rkapcsolatok mindig is foglalkoztatt\u00e1k az embereket: egyszerre keltenek k\u00edv\u00e1ncsis\u00e1got, csod\u00e1latot, s\u0151t, id\u0151nk\u00e9nt ellen\u00e9rz\u00e9st. Mik\u00f6zben a 10\u201315 \u00e9ves elt\u00e9r\u00e9s ma m\u00e1r sokkal elfogadottabb, tov\u00e1bbra is gyakori k\u00e9rd\u00e9s, hogy hossz\u00fa t\u00e1von m\u0171k\u00f6d\u0151k\u00e9pes-e egy ilyen kapcsolat, \u00e9s ha igen, milyen felt\u00e9telek mellett. E cikk c\u00e9lja nem az \u00edt\u00e9lkez\u00e9s, hanem a tiszt\u00e1z\u00e1s: k\u00f6r\u00fclj\u00e1rjuk, mit \u00e9rt\u00fcnk \u201enagy kork\u00fcl\u00f6nbs\u00e9g\u201d alatt; milyen pszichol\u00f3giai, t\u00e1rsadalmi \u00e9s \u00e9letciklusbeli t\u00e9nyez\u0151k alak\u00edtj\u00e1k a dinamizmust; milyen tipikus buktat\u00f3k jelennek meg; \u00e9s milyen eszk\u00f6z\u00f6kkel lehet ezeket kezelni. Fontos lesz\u00f6gezni: nincs univerz\u00e1lis recept. Vannak p\u00e1rok, akikn\u00e9l az elt\u00e9r\u00e9s m\u00e9g er\u0151s\u00edti is a kapcsolatot, \u00e9s vannak, akikn\u00e9l a k\u00fcl\u00f6nbs\u00e9gek id\u0151vel kih\u00edv\u00e1ss\u00e1 v\u00e1lnak. Ami minden esetben d\u00f6nt\u0151, az a k\u00f6lcs\u00f6n\u00f6s tisztelet, az \u0151szinte kommunik\u00e1ci\u00f3 \u00e9s a tudatos, el\u0151rel\u00e1t\u00f3 tervez\u00e9s. Ebb\u0151l a szeml\u00e9letb\u0151l kiindulva mutatok be m\u0171k\u00f6d\u0151 megold\u00e1sokat \u2013 kifejezetten magyar olvas\u00f3knak, a hazai k\u00f6zeg realit\u00e1sait is figyelembe v\u00e9ve.<\/p>\n<h2>Fogalom \u00e9s keretek<\/h2>\n<p>Mit tekint\u00fcnk \u201enagy\u201d kork\u00fcl\u00f6nbs\u00e9gnek? A k\u00f6zbesz\u00e9d t\u00f6bbnyire a 10 \u00e9v feletti elt\u00e9r\u00e9st eml\u00edti, a tudom\u00e1nyos vizsg\u00e1latok pedig gyakran 8 vagy 10 \u00e9vn\u00e9l h\u00fazz\u00e1k meg a hat\u00e1rt. A l\u00e9nyeg m\u00e9gsem a k\u0151be v\u00e9sett sz\u00e1m, hanem az \u00e9lethelyzetek divergenci\u00e1ja: m\u00e1s kih\u00edv\u00e1sokat hoz egy 24 \u00e9s 36 \u00e9ves, mint egy 50 \u00e9s 62 \u00e9ves p\u00e1r, m\u00e9g ha az elt\u00e9r\u00e9s nomin\u00e1lisan azonos is. A kork\u00fcl\u00f6nbs\u00e9g val\u00f3j\u00e1ban t\u00f6bb r\u00e9tegen kereszt\u00fcl hat: \u00e9letszakasz (tanul\u00e1s\u2013karrierind\u00edt\u00e1s\u2013csal\u00e1dalap\u00edt\u00e1s\u2013karriercs\u00facs\u2013id\u0151s\u00f6d\u00e9s), eg\u00e9szs\u00e9gi st\u00e1tusz \u00e9s energiaszint, j\u00f6vedelmi \u00e9s vagyoni helyzet, t\u00e1rsadalmi h\u00e1l\u00f3 (bar\u00e1ti k\u00f6r, szakmai k\u00f6zeg), valamint identit\u00e1s \u00e9s \u00e9rt\u00e9krend. Ez\u00e9rt a vita, hogy \u201em\u0171k\u00f6dhet-e\u201d, sokszor f\u00e9lrevezet\u0151: a k\u00e9rd\u00e9s az, hogy <i>k\u00e9t konkr\u00e9t ember<\/i> \u00e9letciklusa, c\u00e9lhorizontja \u00e9s er\u0151forr\u00e1sa hogyan illeszthet\u0151 egym\u00e1shoz. A kapcsolati min\u0151s\u00e9get teh\u00e1t nem \u00f6nmag\u00e1ban a napt\u00e1r hat\u00e1rozza meg. A kork\u00fcl\u00f6nbs\u00e9g viszont felnagy\u00edthat olyan k\u00fcl\u00f6nbs\u00e9geket (p\u00e9ld\u00e1ul ritmus, t\u00e1rsas ig\u00e9ny, karrierd\u00f6nt\u00e9sek), amelyeket k\u00f6zel azonos kor eset\u00e9n k\u00f6nnyebb term\u00e9szetes m\u00f3don szinkronba hozni. Innen \u00e9rthet\u0151, mi\u00e9rt l\u00e1tunk a statisztik\u00e1kban is kett\u0151ss\u00e9get: kezdetben gyakran magas az el\u00e9gedetts\u00e9g, hosszabb t\u00e1von azonban a k\u00fcls\u0151 nyom\u00e1s \u00e9s az \u00e9letciklusok aszinkronja pr\u00f3b\u00e1ra teheti a kapcsolatot.<\/p>\n<h2>Mit mondanak a sz\u00e1mok?<\/h2>\n<p>A n\u00e9pess\u00e9gi adatok szerint a nagy kork\u00fcl\u00f6nbs\u00e9g ritka, de nem kiv\u00e9teles jelens\u00e9g. Az Egyes\u00fclt \u00c1llamokban p\u00e9ld\u00e1ul az ezredfordul\u00f3n a h\u00e1zass\u00e1gok jelent\u0151s r\u00e9sze \u00fagynevezett \u201e\u00e9letkori heterog\u00e1m\u201d volt: k\u00fcl\u00f6n\u00f6sen gyakori, hogy a f\u00e9rj id\u0151sebb a feles\u00e9gn\u00e9l. Egy friss demogr\u00e1fiai elemz\u00e9s kimutatta, hogy 2000-ben az USA-ban a h\u00e1zasp\u00e1rok k\u00f6r\u00fclbel\u00fcl egytized\u00e9n\u00e9l a f\u00e9rj legal\u00e1bb 8 \u00e9vvel id\u0151sebb, m\u00edg a ford\u00edtott fel\u00e1ll\u00e1s l\u00e9nyegesen ritk\u00e1bb volt. Az ilyen kvantitat\u00edv t\u00e9nyek hasznos t\u00e1j\u00e9koz\u00f3d\u00e1si pontok, de nem mondanak semmit a <i>min\u0151s\u00e9gr\u0151l<\/i> \u2013 vagyis arr\u00f3l, hogy boldogok-e az \u00e9rintett p\u00e1rok, \u00e9s meddig maradnak egy\u00fctt. A min\u0151s\u00e9get befoly\u00e1sol\u00f3 t\u00e9nyez\u0151k k\u00f6z\u00f6tt a kutat\u00e1sok rendszeresen eml\u00edtik a t\u00e1rsas k\u00f6rnyezet reakci\u00f3j\u00e1t (elfogad\u00e1s vs. stigmatiz\u00e1ci\u00f3), a p\u00e1r c\u00e9l\u00f6sszehangolts\u00e1g\u00e1t (gyerekv\u00e1llal\u00e1s, karrier, lakhat\u00e1s), valamint a p\u00e9nz\u00fcgyi \u00e9s eg\u00e9szs\u00e9gi er\u0151forr\u00e1sokat. Fontos l\u00e1tni: a statisztika \u00e1tlagot mutat, nem sorsot. A te kapcsolatod sors\u00e1t a konkr\u00e9t d\u00f6nt\u00e9seid \u00e9s a kett\u0151t\u00f6k k\u00f6z\u00f6tti egy\u00fcttm\u0171k\u00f6d\u00e9s min\u0151s\u00e9ge alak\u00edtja \u2013 nem egy grafikon.<\/p>\n<h2>Mi\u00e9rt vonz\u00f3dhatunk egym\u00e1shoz nagy kork\u00fcl\u00f6nbs\u00e9ggel?<\/h2>\n<p>A vonzalom t\u00f6bb r\u00e9teg\u0171. Egyfel\u0151l l\u00e9teznek biol\u00f3giai \u00e9s evol\u00faci\u00f3s szempontok (\u00e9letenergia, eg\u00e9szs\u00e9g, er\u0151forr\u00e1s-biztons\u00e1g, gondoskod\u00e1si k\u00e9szs\u00e9g), m\u00e1sfel\u0151l kultur\u00e1lis \u00e9s egy\u00e9ni t\u00f6rt\u00e9netek (p\u00e9ldak\u00e9pek, csal\u00e1di mint\u00e1k, szem\u00e9lyes \u00e9rt\u00e9kek). Sok p\u00e1rn\u00e1l a kork\u00fcl\u00f6nbs\u00e9g komplementer el\u0151nyt hoz: az id\u0151sebb f\u00e9l tapasztalata \u00e9s egzisztenci\u00e1lis stabilit\u00e1sa kombin\u00e1l\u00f3dhat a fiatalabb f\u00e9l lend\u00fclet\u00e9vel \u00e9s \u00faj perspekt\u00edv\u00e1ival. Ugyanakkor a \u201ekomplementer el\u0151ny\u201d k\u00f6nnyen \u00e1tcs\u00faszhat <i>aszimmetri\u00e1ba<\/i>, ha nincs tudatosan kiegyenl\u00edtve a d\u00f6nt\u00e9sek, a hatalom \u00e9s a felel\u0151ss\u00e9g megoszt\u00e1sa. Az er\u0151forr\u00e1sk\u00fcl\u00f6nbs\u00e9gek (p\u00e9nz, kapcsolati t\u0151ke, h\u00edrn\u00e9v) torz\u00edthatj\u00e1k a j\u00e1tszm\u00e1t, ha nem p\u00e1rosulnak <b>\u00e1tl\u00e1that\u00f3<\/b> meg\u00e1llapod\u00e1sokkal \u00e9s k\u00f6lcs\u00f6n\u00f6s tisztelettel. A pszichol\u00f3giai kutat\u00e1sok abban is k\u00f6vetkezetesek, hogy a <i>percepci\u00f3<\/i> \u2013 vagyis m\u00e1sok v\u00e9lem\u00e9nye \u2013 komolyan belesz\u00f3lhat a kapcsolat bels\u0151 l\u00e9gk\u00f6r\u00e9be: az ism\u00e9telt k\u00fcls\u0151 k\u00e9tely id\u0151vel bels\u0151v\u00e9 v\u00e1lhat, ha a p\u00e1r nem tanul meg hat\u00e1rokat h\u00fazni \u00e9s k\u00f6z\u00f6sen kommunik\u00e1lni az \u00e9rt\u00e9keikr\u0151l. Ez\u00e9rt \u00e9rdemes m\u00e1r a kapcsolat elej\u00e9n tiszt\u00e1zni: <i>mit adunk \u00e9s mit kapunk<\/i>, mi a k\u00f6z\u00f6s c\u00e9l, hogyan d\u00f6nt\u00fcnk nagy horderej\u0171 k\u00e9rd\u00e9sekben, \u00e9s hogyan kezelj\u00fck a k\u00f6rnyezet visszajelz\u00e9seit.<\/p>\n<h2>Kapcsolati dinamika: el\u0151ny\u00f6k, fesz\u00fclts\u00e9gek, kock\u00e1zatok<\/h2>\n<p>A nagy kork\u00fcl\u00f6nbs\u00e9g nem determin\u00e1l, de hangs\u00falyoss\u00e1 tesz bizonyos k\u00e9rd\u00e9seket. El\u0151ny lehet a temp\u00f3k k\u00fcl\u00f6nbs\u00e9ge: valaki stabilit\u00e1sra, m\u00e1s \u00faj impulzusokra v\u00e1gyik \u2013 ez inspir\u00e1l\u00f3 k\u00f6rforg\u00e1st hozhat. El\u0151ny lehet a tudatosabb kommunik\u00e1ci\u00f3 ig\u00e9nye: a gener\u00e1ci\u00f3s elt\u00e9r\u00e9sek miatt eleve t\u00f6bb dolgot kell kimondani, egyeztetni. El\u0151ny lehet az \u00e9letciklusok elt\u00e9r\u00e9se is, ha a felek felv\u00e1ltva h\u00fazz\u00e1k a \u201eterhel\u00e9s\u201d vonal\u00e1t (p\u00e9ld\u00e1ul egyik\u00fck karrierf\u00e1zisa alatt a m\u00e1sik t\u00f6bb h\u00e1torsz\u00e1got ad). A fesz\u00fclts\u00e9gek tipikusan a j\u00f6v\u0151k\u00e9pn\u00e9l jelennek meg: gyerekv\u00e1llal\u00e1s id\u0151z\u00edt\u00e9se, munka\u2013mag\u00e1n\u00e9let ar\u00e1ny, lakhat\u00e1s, p\u00e9nz\u00fcgyi strat\u00e9gia, id\u0151s\u00f6d\u00e9shez kapcsol\u00f3d\u00f3 eg\u00e9szs\u00e9gi k\u00e9rd\u00e9sek. Kock\u00e1zat, ha a kork\u00fcl\u00f6nbs\u00e9g \u201efelhatalmaz\u00e1sk\u00e9nt\u201d m\u0171k\u00f6dik az egyik f\u00e9l sz\u00e1m\u00e1ra (p\u00e9ld\u00e1ul: \u201e\u00e9n t\u00f6bbet \u00e9ltem, jobban tudom\u201d), \u00e9s a kapcsolat horizont\u00e1lis bizalma s\u00e9r\u00fcl. Kock\u00e1zat, ha a fiatalabb f\u00e9l a saj\u00e1t fejl\u0151d\u00e9si f\u00e1zisait (tanul\u00e1s, p\u00e1lyakezd\u00e9s, bar\u00e1ti k\u00f6r \u00e9p\u00edt\u00e9se) a kapcsolat kedv\u00e9\u00e9rt elnyomja, majd ut\u00f3lag hi\u00e1ny\u00e9rzettel k\u00fczd. \u00c9s kock\u00e1zat a z\u00e1rt kommunik\u00e1ci\u00f3: ha a nehezebb t\u00e9m\u00e1kr\u00f3l (p\u00e9nz, csal\u00e1d, szexualit\u00e1s, hat\u00e1rok) \u201enem besz\u00e9l\u00fcnk\u201d, az feler\u0151s\u00edti a k\u00fcls\u0151 zaj hat\u00e1s\u00e1t. Ezekre a pontokra \u00e9rdemes rendszeres, struktur\u00e1lt besz\u00e9lget\u00e9seket szervezni \u2013 nem v\u00e1ls\u00e1g idej\u00e9n, hanem megel\u0151z\u0151 m\u00f3don.<\/p>\n<h2>\u00c9letciklusok, eg\u00e9szs\u00e9g \u00e9s id\u0151t\u00e1v<\/h2>\n<p>A hossz\u00fa t\u00e1v\u00fa egy\u00fctt\u00e9l\u00e9sben az id\u0151t\u00e1v- \u00e9s eg\u00e9szs\u00e9g-dimenzi\u00f3 k\u00fcl\u00f6n\u00f6sen \u00e9rz\u00e9keny. Nem csak az sz\u00e1m\u00edt, hogy jelenleg hogyan illeszkednek a napirendek, hanem az is, hogy <i>\u00f6t\u2013t\u00edz\u2013h\u00fasz \u00e9v m\u00falva<\/i> milyen sz\u00fcks\u00e9gletek jelennek meg. El\u0151re \u00e9rdemes besz\u00e9lni: melyik f\u00e9l mikor szeretne hangs\u00falyosabban dolgozni, mikor v\u00e1llalna t\u00f6bb csal\u00e1di terhet, hogyan alakulhat a gondoz\u00e1si felel\u0151ss\u00e9g id\u0151sebb rokonok ir\u00e1ny\u00e1ban, mi t\u00f6rt\u00e9nik tart\u00f3s betegs\u00e9g eset\u00e9n, ki v\u00e1llal jogi\u2013p\u00e9nz\u00fcgyi k\u00e9pviseletet kr\u00edzishelyzetben. A demogr\u00e1fiai vizsg\u00e1latok azt is jelzik, hogy a nagy kork\u00fcl\u00f6nbs\u00e9g bizonyos eg\u00e9szs\u00e9gi \u00e9s \u00e9letkil\u00e1t\u00e1sbeli marker-ekkel \u00f6sszef\u00fcgghet, ugyanakkor a hat\u00e1sok ir\u00e1nya \u00e9s m\u00e9rt\u00e9ke f\u00fcgg a nemi fel\u00e1ll\u00e1st\u00f3l, az er\u0151forr\u00e1sokt\u00f3l \u00e9s a t\u00e1rsas k\u00f6rnyezet min\u0151s\u00e9g\u00e9t\u0151l. Itt is az a l\u00e9nyeg, hogy <b>id\u0151ben<\/b> legyenek k\u00f6z\u00f6s forgat\u00f3k\u00f6nyvek. Ha van k\u00f6z\u00f6sen al\u00e1\u00edrt eg\u00e9szs\u00e9g\u00fcgyi meghatalmaz\u00e1s, \u00e1tgondolt biztos\u00edt\u00e1s, vil\u00e1gos ingatlan- \u00e9s \u00f6r\u00f6kl\u00e9si terv, az cs\u00f6kkenti a rejtett szorong\u00e1st, \u00e9s v\u00e9di a kapcsolatot a felesleges konfliktusokt\u00f3l. A k\u00f6z\u00f6s tervez\u00e9s nem \u201eromantikaellenes\u201d, \u00e9ppen ellenkez\u0151leg: az \u00e9rett elk\u00f6telez\u0151d\u00e9s jele.<\/p>\n<h2>Kommunik\u00e1ci\u00f3s protokoll: hogyan tarts\u00e1tok k\u00e9zben a k\u00e9nyes t\u00e9m\u00e1kat?<\/h2>\n<p>A legstabilabb p\u00e1rok nem azok, akikn\u00e9l nincsenek neh\u00e9z t\u00e9m\u00e1k, hanem azok, akiknek <i>van protokolljuk<\/i> a kezel\u00e9s\u00fckre. Nagy kork\u00fcl\u00f6nbs\u00e9gn\u00e9l javaslom az al\u00e1bbi, praktikus \u201ej\u00e1tszmaszab\u00e1lyokat\u201d:<\/p>\n<ul>\n<li><b>Id\u0151keret \u00e9s c\u00e9l:<\/b> havi vagy k\u00e9theti 60\u201390 perces \u201ekapcsolati meeting\u201d, el\u0151re egyeztetett napirenddel (p\u00e9nz\u00fcgy, j\u00f6v\u0151tervek, csal\u00e1di \u00fcgyek, szex \u00e9s intimit\u00e1s, szabadid\u0151).<\/li>\n<li><b>Szerepek v\u00e1lt\u00e1sa:<\/b> felv\u00e1ltva vezesd a megbesz\u00e9l\u00e9st, hogy ne alakuljon ki \u201etan\u00edt\u00f3 vs. tanul\u00f3\u201d aszimmetria.<\/li>\n<li><b>\u00c9n-\u00fczenetek:<\/b> a t\u00e9nyek mellett az \u00e9rz\u00e9seket is mondd ki (\u201eszorongok att\u00f3l, hogy\u2026\u201d, \u201ebiztons\u00e1got ad, ha\u2026\u201d), ne c\u00edmk\u00e9zz.<\/li>\n<li><b>Hat\u00e1rjel\u00f6l\u00e9s:<\/b> legyen k\u00f6z\u00f6sen elfogadott \u201esz\u00fcnet-jel\u201d, amikor \u00e9rzelmileg tel\u00edt\u0151dt\u00f6k; ilyenkor \u00e1lljatok meg, \u00e9s folytass\u00e1tok m\u00e1skor.<\/li>\n<li><b>D\u00f6nt\u00e9si napl\u00f3:<\/b> a fontos meg\u00e1llapod\u00e1sokat foglalj\u00e1tok \u00edr\u00e1sba \u2013 nem jogi okb\u00f3l, hanem hogy legyen k\u00f6z\u00f6s eml\u00e9kezet.<\/li>\n<\/ul>\n<p>E protokoll nem steriliz\u00e1lja az \u00e9letet; ellenkez\u0151leg, <i>teret<\/i> csin\u00e1l az \u00e9rz\u00e9keny t\u00e9m\u00e1knak \u00fagy, hogy k\u00f6zben megmarad a kapcsolat ritmusa \u00e9s m\u00e9lt\u00f3s\u00e1ga.<\/p>\n<h2>K\u00fcls\u0151 reakci\u00f3k, stigma \u00e9s hat\u00e1rok<\/h2>\n<p>A t\u00e1rsadalmi kett\u0151s m\u00e9rce val\u00f3s\u00e1g: az id\u0151sebb f\u00e9rfi\u2013fiatalabb n\u0151 fel\u00e1ll\u00e1s sok k\u00f6rnyezetben \u201el\u00e1gyabban\u201d fogadott, m\u00edg az id\u0151sebb n\u0151\u2013fiatalabb f\u00e9rfi kapcsolat gyakran er\u0151sebb kritik\u00e1t kap. Ezt nem lehet teljesen kiiktatni, de lehet kezelni. A kulcs a <b>k\u00f6z\u00f6s narrat\u00edva<\/b>: hogyan besz\u00e9ltek magatokr\u00f3l m\u00e1soknak. \u00c1ltal\u00e1ban m\u0171k\u00f6dik, ha r\u00f6viden \u00e9s nyugodtan fogalmaztok (\u201ej\u00f3k egy\u00fctt a ritmusaink\u201d, \u201e\u00f6sszehangoltuk a terveinket\u201d), \u00e9s nem kezdtek v\u00e9dekez\u0151 magyar\u00e1zkod\u00e1sba. Hat\u00e9kony a <b>hat\u00e1rh\u00faz\u00e1s<\/b> is: legyen k\u00f6z\u00f6s mondat arra, amikor tolakod\u00f3 k\u00e9rd\u00e9s \u00e9rkezik (\u201eezt most megtartjuk magunknak\u201d), \u00e9s k\u00f6zben ne vesz\u00edtsetek el bar\u00e1tokat amiatt, hogy minden interakci\u00f3t \u201ecsatat\u00e9rr\u00e9\u201d tesztek. Elegend\u0151 a k\u00f6vetkezetess\u00e9g. A csal\u00e1di rendszerben a hat\u00e1rok k\u00fcl\u00f6n\u00f6sen fontosak (p\u00e9ld\u00e1ul sz\u00fcl\u0151\u2013gyerek viszony \u201e\u00e1tkeretez\u00e9se\u201d feln\u0151tt\u2013feln\u0151tt p\u00e1rk\u00e9nt): legyetek t\u00fcrelmesek, de ne sz\u00e9gyenkezzetek. Hosszabb t\u00e1von a k\u00f6zeg t\u00f6bbnyire a <i>stabilit\u00e1s<\/i> \u00e9s a <i>k\u00f6vetkezetess\u00e9g<\/i> alapj\u00e1n d\u00f6nt, nem az els\u0151 benyom\u00e1s alapj\u00e1n.<\/p>\n<h2>\u00c9letciklusok \u00e9s d\u00f6nt\u00e9spontok \u2013 t\u00e1bl\u00e1zatos \u00e1ttekint\u00e9s<\/h2>\n<table border=\"1\">\n<thead>\n<tr>\n<th>Ter\u00fclet<\/th>\n<th>Gyakori k\u00e9rd\u00e9s<\/th>\n<th>Aj\u00e1nlott d\u00f6nt\u00e9si szempont<\/th>\n<\/tr>\n<\/thead>\n<tbody>\n<tr>\n<td>Gyerekv\u00e1llal\u00e1s<\/td>\n<td>Mikor, h\u00e1ny gyermek, milyen t\u00e1mogat\u00f3i h\u00e1tt\u00e9rrel?<\/td>\n<td>Eg\u00e9szs\u00e9gi kock\u00e1zatok, munka\u2013csal\u00e1d egyens\u00faly, anyagi terv, gondoz\u00e1si h\u00e1l\u00f3.<\/td>\n<\/tr>\n<tr>\n<td>Karrier<\/td>\n<td>Ki mikor v\u00e1llal nagyobb terhel\u00e9st?<\/td>\n<td>Id\u0151z\u00edt\u00e9s, j\u00f6vedelemkock\u00e1zat, mobilit\u00e1s (k\u00f6lt\u00f6z\u00e9s), \u00e1tk\u00e9pz\u00e9s lehet\u0151s\u00e9ge.<\/td>\n<\/tr>\n<tr>\n<td>P\u00e9nz\u00fcgy<\/td>\n<td>K\u00f6z\u00f6s vagy k\u00fcl\u00f6n kassza? Befektet\u00e9sek?<\/td>\n<td>\u00c1tl\u00e1that\u00f3s\u00e1g, v\u00e9d\u0151h\u00e1l\u00f3k (v\u00e9sztartal\u00e9k, biztos\u00edt\u00e1s), hossz\u00fa t\u00e1v\u00fa c\u00e9lok.<\/td>\n<\/tr>\n<tr>\n<td>Eg\u00e9szs\u00e9g<\/td>\n<td>Megel\u0151z\u00e9s, kr\u00f3nikus betegs\u00e9g eset\u00e9n feladatmegoszt\u00e1s?<\/td>\n<td>Sz\u0171r\u00e9sek, \u00e9letm\u00f3d, meghatalmaz\u00e1sok, ell\u00e1t\u00e1si terv.<\/td>\n<\/tr>\n<tr>\n<td>Szoci\u00e1lis k\u00f6r<\/td>\n<td>Bar\u00e1tok, csal\u00e1d, k\u00f6z\u00f6ss\u00e9g reakci\u00f3ja?<\/td>\n<td>Hat\u00e1rmondatok, sz\u00f6vets\u00e9gesek azonos\u00edt\u00e1sa, k\u00f6z\u00f6s ritu\u00e1l\u00e9k.<\/td>\n<\/tr>\n<\/tbody>\n<\/table>\n<h2>Gyakorlati akci\u00f3terv \u2013 10 pontban<\/h2>\n<ul>\n<li>Ne a \u201esz\u00e1mr\u00f3l\u201d vitatkozzatok, hanem a <b>forgat\u00f3k\u00f6nyvekr\u0151l<\/b>: mit jelent a j\u00f6v\u0151 a gyakorlatban.<\/li>\n<li>\u00c1ll\u00edtsatok fel <b>kommunik\u00e1ci\u00f3s protokollt<\/b> (id\u0151keret, napirend, d\u00f6nt\u00e9si napl\u00f3).<\/li>\n<li>R\u00f6gz\u00edtsetek <b>k\u00f6z\u00f6s p\u00e9nz\u00fcgyi minimumokat<\/b> (v\u00e9sztartal\u00e9k, biztos\u00edt\u00e1s, transzparencia).<\/li>\n<li>K\u00e9sz\u00edtsetek <b>eg\u00e9szs\u00e9g\u00fcgyi meghatalmaz\u00e1st<\/b> \u00e9s ellen\u0151rizz\u00e9tek a sz\u0171r\u00e9si terveket.<\/li>\n<li>Defini\u00e1lj\u00e1tok a <b>csal\u00e1di \u00e9s t\u00e1rsas hat\u00e1rokat<\/b> \u2013 \u00e9s tarts\u00e1tok is \u0151ket.<\/li>\n<li>Besz\u00e9ljetek a <b>gyerekv\u00e1llal\u00e1sr\u00f3l<\/b> \u2013 id\u0151z\u00edt\u00e9s, alternat\u00edv\u00e1k, re\u00e1lis er\u0151forr\u00e1sok.<\/li>\n<li>V\u00e1lts\u00e1tok egym\u00e1st a <b>terhel\u00e9si f\u00e1zisokban<\/b> (karrier, tanul\u00e1s, gondoz\u00e1s).<\/li>\n<li>Alkossatok k\u00f6z\u00f6s <b>ritu\u00e1l\u00e9kat<\/b> (id\u0151pontok kettesben, k\u00f6z\u00f6s bar\u00e1ti esem\u00e9nyek).<\/li>\n<li>Tanulj\u00e1tok meg <b>kezelni a k\u00fcls\u0151 zajt<\/b> r\u00f6vid, nyugodt hat\u00e1rmondatokkal.<\/li>\n<li>\u00c9vente tartsatok <b>\u201enagy \u00fajratervez\u00e9st\u201d<\/b> \u2013 friss\u00edts\u00e9tek a c\u00e9lhorizontot \u00e9s a terveket.<\/li>\n<\/ul>\n<h2>Id\u00e9zet<\/h2>\n<blockquote><p>\u201eA kork\u00fcl\u00f6nbs\u00e9g nem ok \u00e9s nem ments\u00e9g \u2013 er\u0151forr\u00e1s, ha k\u00f6z\u00f6s c\u00e9lokra \u00e9s tisztess\u00e9ges j\u00e1tszm\u00e1kra \u00e9p\u00edtitek, \u00e9s teher, ha az egyik\u0151t\u00f6k hatalmi el\u0151nyh\u00f6z haszn\u00e1lja. Nem a napt\u00e1r sz\u00e1m\u00edt, hanem az, hogy ketten vagytok-e egy csapat.\u201d \u2013 Dajka G\u00e1bor<\/p><\/blockquote>\n<h2>Dajka G\u00e1bor business coach szerint<\/h2>\n<p>Nagy kork\u00fcl\u00f6nbs\u00e9gn\u00e9l a siker kulcsa ugyanaz, mint b\u00e1rmely kapcsolatn\u00e1l \u2013 csak minden kicsit kontrasztosabb. A k\u00e9rd\u00e9s nem az, hogy \u201eszabad-e\u201d, hanem az, hogy <i>hogyan<\/i>. Ha a kapcsolatotok horizont\u00e1lis (egyenrang\u00fa) \u00e9s c\u00e9lvez\u00e9relt, ha k\u00e9pesek vagytok rendszeresen besz\u00e9lni a neh\u00e9z t\u00e9m\u00e1kr\u00f3l, \u00e9s ha a k\u00fcls\u0151 v\u00e9lem\u00e9nyeket nem engeditek a saj\u00e1t val\u00f3s\u00e1gotok f\u00f6l\u00e9 n\u0151ni, akkor az elt\u00e9r\u00e9s nem akad\u00e1ly, hanem param\u00e9ter. Ahol viszont a kork\u00fcl\u00f6nbs\u00e9g alibiv\u00e9 v\u00e1lik (az egyik tud mindent, a m\u00e1sik \u201em\u00e9g kicsi\u201d), ott a bizalom \u00e9s a m\u00e9lt\u00f3s\u00e1g lassan kicsorog a kapcsolatb\u00f3l. A j\u00f3 h\u00edr: mindez tanulhat\u00f3. Protokoll, hat\u00e1r, tisztess\u00e9g \u2013 \u00e9s a k\u00f6z\u00f6s \u00e9let forgat\u00f3k\u00f6nyveinek tudatos \u00edr\u00e1sa. Ez az, ami m\u0171k\u00f6dik.<\/p>\n<h2>Szak\u00e9rt\u0151 v\u00e1laszol \u2013 GYIK<\/h2>\n<h3>Val\u00f3ban gyakoribb, hogy az id\u0151sebb a f\u00e9rfi?<\/h3>\n<p>A nemzetk\u00f6zi adatok szerint igen, a nagy kork\u00fcl\u00f6nbs\u00e9ggel \u00e9l\u0151 p\u00e1rok t\u00f6bbs\u00e9g\u00e9n\u00e9l a f\u00e9rfi id\u0151sebb. Ennek r\u00e9szben kultur\u00e1lis, r\u00e9szben \u00e9letciklus- \u00e9s er\u0151forr\u00e1s-magyar\u00e1zatai vannak. Ett\u0151l f\u00fcggetlen\u00fcl a ford\u00edtott fel\u00e1ll\u00e1s is teljesen legitim \u2013 a kapcsolat min\u0151s\u00e9g\u00e9t nem a nemi mint\u00e1zat d\u00f6nti el, hanem a k\u00f6lcs\u00f6n\u00f6s tisztelet \u00e9s a k\u00f6z\u00f6s tervez\u00e9s.<\/p>\n<h3>Bele kell-e \u00e1llnunk a \u201ek\u00f6rnyezeti vit\u00e1kba\u201d?<\/h3>\n<p>Nem. \u00c9rdemes k\u00f6z\u00f6s, r\u00f6vid hat\u00e1rmondatokat kialak\u00edtani (\u201ek\u00f6sz\u00f6nj\u00fck az aggodalmat, megoldjuk\u201d, \u201eezt most megtartjuk magunknak\u201d), \u00e9s csak azokkal megbesz\u00e9lni a r\u00e9szleteket, akik val\u00f3s t\u00e1mogat\u00e1st adnak. Hossz\u00fa t\u00e1von a stabilit\u00e1st d\u00edjazza a k\u00f6rnyezet, nem az els\u0151 v\u00e9lem\u00e9nyt.<\/p>\n<h3>Magyar k\u00f6zegben mi a legnagyobb kih\u00edv\u00e1s?<\/h3>\n<p>A kett\u0151s m\u00e9rce \u00e9s a \u201emit sz\u00f3l a csal\u00e1d\u201d k\u00e9rd\u00e9s gyakran er\u0151s. Ez\u00e9rt fontos a csal\u00e1di hat\u00e1rh\u00faz\u00e1s \u00e9s a ritu\u00e1l\u00e9k: legyenek k\u00f6z\u00f6s programok a csal\u00e1ddal, de a p\u00e1r bels\u0151 \u00fcgyeit a p\u00e1r d\u00f6nti el. A jogi\u2013p\u00e9nz\u00fcgyi \u00e1tl\u00e1that\u00f3s\u00e1g (meghatalmaz\u00e1sok, biztos\u00edt\u00e1s, \u00f6r\u00f6kl\u00e9s) k\u00fcl\u00f6n\u00f6sen fontos, mert cs\u00f6kkenti a fesz\u00fclts\u00e9get.<\/p>\n<h3>Seg\u00edt-e szakember bevon\u00e1sa?<\/h3>\n<p>Igen, k\u00fcl\u00f6n\u00f6sen a tervez\u00e9si \u00e9s hat\u00e1rk\u00e9rd\u00e9sek struktur\u00e1l\u00e1s\u00e1ban. Egy p\u00e1rterapeuta vagy coach seg\u00edthet protokollt \u00e9p\u00edteni, medi\u00e1lni a k\u00e9nyes t\u00e9m\u00e1kat, \u00e9s kezelni a k\u00fcls\u0151 zajt. A c\u00e9l nem az, hogy \u201emegmondja az igazat\u201d, hanem hogy <i>keretrendszert<\/i> adjon a kett\u0151t\u00f6k igazs\u00e1g\u00e1nak kibont\u00e1s\u00e1hoz.<\/p>\n<h3>Mikor \u00e9rdemes elengedni?<\/h3>\n<p>Ha tart\u00f3san aszimmetrikus a hatalom (p\u00e9nz, d\u00f6nt\u00e9s, t\u00e1rsas izol\u00e1ci\u00f3), ha nem \u00e9p\u00fclnek k\u00f6z\u00f6s c\u00e9lok, \u00e9s ha a kommunik\u00e1ci\u00f3s protokollt sem lehet visszahozni, akkor \u00e9rdemes feltenni a k\u00e9rd\u00e9st: val\u00f3ban j\u00f3t tesz\u00fcnk-e egym\u00e1snak. A szak\u00edt\u00e1s nem kudarc, hanem felel\u0151s d\u00f6nt\u00e9s is lehet \u2013 ha tisztelettel t\u00f6rt\u00e9nik.<\/p>\n<h2>Aj\u00e1nlott magyar vide\u00f3k\/podcastok<\/h2>\n<p><iframe title=\"Kork\u00fcl\u00f6nbs\u00e9g a p\u00e1rkapcsolatban: Ez \u00e1llhat a f\u00e9lt\u00e9kenys\u00e9g m\u00f6g\u00f6tt - tv2.hu\/fem3cafe\" width=\"640\" height=\"360\" data-src=\"https:\/\/www.youtube.com\/embed\/AYNzZOQ084U?feature=oembed\" frameborder=\"0\" allow=\"accelerometer; autoplay; clipboard-write; encrypted-media; gyroscope; picture-in-picture; web-share\" referrerpolicy=\"strict-origin-when-cross-origin\" allowfullscreen src=\"data:image\/svg+xml;base64,PHN2ZyB3aWR0aD0iMSIgaGVpZ2h0PSIxIiB4bWxucz0iaHR0cDovL3d3dy53My5vcmcvMjAwMC9zdmciPjwvc3ZnPg==\" class=\"lazyload\" data-load-mode=\"1\"><\/iframe><\/p>\n<h2>Forr\u00e1sok<\/h2>\n<p><a href=\"https:\/\/www.demographic-research.org\/volumes\/vol50\/20\/50-20.pdf\">Silva, J. A. (2024). Age-heterogamous partnerships: Prevalence and partner characteristics in the U.S. (Demographic Research, 50:20).<\/a><\/p>\n<p><a href=\"https:\/\/ntnuopen.ntnu.no\/ntnu-xmlui\/bitstream\/handle\/11250\/2984251\/Walter%2Bet%2Bal.%282019%29%2BMate%2Bpreferences%2Band%2Bsex%2Bration63626.pdf?sequence=1\">Walter, K. V. et al. (2021). Sex differences in human mate preferences vary across sex ratio. (Open-access PDF).<\/a><\/p>\n<p><a href=\"https:\/\/doi.org\/10.1353\/dem.0.0106\">Drefahl, S. (2010). How does the age gap between partners affect their survival? (Demography) \u2013 DOI.<\/a><\/p>\n","protected":false},"excerpt":{"rendered":"<p>A nagy kork\u00fcl\u00f6nbs\u00e9ggel j\u00e1r\u00f3 p\u00e1rkapcsolatok mindig is foglalkoztatt\u00e1k az embereket: egyszerre keltenek k\u00edv\u00e1ncsis\u00e1got, csod\u00e1latot, s\u0151t, id\u0151nk\u00e9nt ellen\u00e9rz\u00e9st. Mik\u00f6zben a 10\u201315 \u00e9ves elt\u00e9r\u00e9s ma m\u00e1r sokkal elfogadottabb, tov\u00e1bbra is gyakori k\u00e9rd\u00e9s, hogy hossz\u00fa t\u00e1von m\u0171k\u00f6d\u0151k\u00e9pes-e egy ilyen kapcsolat, \u00e9s ha igen, milyen felt\u00e9telek mellett. E cikk c\u00e9lja nem az \u00edt\u00e9lkez\u00e9s, hanem a tiszt\u00e1z\u00e1s: k\u00f6r\u00fclj\u00e1rjuk, mit \u00e9rt\u00fcnk&#8230;<\/p>\n","protected":false},"author":1,"featured_media":762,"comment_status":"closed","ping_status":"open","sticky":false,"template":"","format":"standard","meta":{"footnotes":""},"categories":[3],"tags":[],"class_list":["post-29","post","type-post","status-publish","format-standard","has-post-thumbnail","hentry","category-coaching-es-pszichologia-egerben"],"yoast_head":"<!-- This site is optimized with the Yoast SEO plugin v27.5 - https:\/\/yoast.com\/product\/yoast-seo-wordpress\/ -->\n<title>Nagy kork\u00fcl\u00f6nbs\u00e9g p\u00e1rkapcsolatban: tabu vagy elfogadott?<\/title>\n<meta name=\"robots\" content=\"index, follow, max-snippet:-1, max-image-preview:large, max-video-preview:-1\" \/>\n<link rel=\"canonical\" href=\"https:\/\/egercoach.hu\/blog\/nagy-korkulonbseg-a-parkapcsolatban-tabu-vagy-elfogadott\/\" \/>\n<meta property=\"og:locale\" content=\"hu_HU\" \/>\n<meta property=\"og:type\" content=\"article\" \/>\n<meta property=\"og:title\" content=\"Nagy kork\u00fcl\u00f6nbs\u00e9g p\u00e1rkapcsolatban: tabu vagy elfogadott?\" \/>\n<meta property=\"og:description\" content=\"A nagy kork\u00fcl\u00f6nbs\u00e9ggel j\u00e1r\u00f3 p\u00e1rkapcsolatok mindig is foglalkoztatt\u00e1k az embereket: egyszerre keltenek k\u00edv\u00e1ncsis\u00e1got, csod\u00e1latot, s\u0151t, id\u0151nk\u00e9nt ellen\u00e9rz\u00e9st. Mik\u00f6zben a 10\u201315 \u00e9ves elt\u00e9r\u00e9s ma m\u00e1r sokkal elfogadottabb, tov\u00e1bbra is gyakori k\u00e9rd\u00e9s, hogy hossz\u00fa t\u00e1von m\u0171k\u00f6d\u0151k\u00e9pes-e egy ilyen kapcsolat, \u00e9s ha igen, milyen felt\u00e9telek mellett. E cikk c\u00e9lja nem az \u00edt\u00e9lkez\u00e9s, hanem a tiszt\u00e1z\u00e1s: k\u00f6r\u00fclj\u00e1rjuk, mit \u00e9rt\u00fcnk...\" \/>\n<meta property=\"og:url\" content=\"https:\/\/egercoach.hu\/blog\/nagy-korkulonbseg-a-parkapcsolatban-tabu-vagy-elfogadott\/\" \/>\n<meta property=\"og:site_name\" content=\"Az Egri Coach Blogja\" \/>\n<meta property=\"article:publisher\" content=\"https:\/\/www.facebook.com\/eger.coach\" \/>\n<meta property=\"article:published_time\" content=\"2024-07-21T22:00:00+00:00\" \/>\n<meta property=\"article:modified_time\" content=\"2025-10-11T06:28:04+00:00\" \/>\n<meta property=\"og:image\" content=\"https:\/\/egercoach.hu\/blog\/wp-content\/uploads\/2025\/03\/older-loving-couple-sitting-outside-on-park-bench.jpg\" \/>\n\t<meta property=\"og:image:width\" content=\"1500\" \/>\n\t<meta property=\"og:image:height\" content=\"1000\" \/>\n\t<meta property=\"og:image:type\" content=\"image\/jpeg\" \/>\n<meta name=\"author\" content=\"Dajka G\u00e1bor\" \/>\n<meta name=\"twitter:card\" content=\"summary_large_image\" \/>\n<meta name=\"twitter:label1\" content=\"Szerz\u0151:\" \/>\n\t<meta name=\"twitter:data1\" content=\"Dajka G\u00e1bor\" \/>\n\t<meta name=\"twitter:label2\" content=\"Becs\u00fclt olvas\u00e1si id\u0151\" \/>\n\t<meta name=\"twitter:data2\" content=\"10 perc\" \/>\n<script type=\"application\/ld+json\" class=\"yoast-schema-graph\">{\"@context\":\"https:\\\/\\\/schema.org\",\"@graph\":[{\"@type\":\"Article\",\"@id\":\"https:\\\/\\\/egercoach.hu\\\/blog\\\/nagy-korkulonbseg-a-parkapcsolatban-tabu-vagy-elfogadott\\\/#article\",\"isPartOf\":{\"@id\":\"https:\\\/\\\/egercoach.hu\\\/blog\\\/nagy-korkulonbseg-a-parkapcsolatban-tabu-vagy-elfogadott\\\/\"},\"author\":{\"name\":\"Dajka G\u00e1bor\",\"@id\":\"https:\\\/\\\/egercoach.hu\\\/blog\\\/#\\\/schema\\\/person\\\/afc73367aa314ca33a9c8d3b88dce6e7\"},\"headline\":\"Nagy kork\u00fcl\u00f6nbs\u00e9g p\u00e1rkapcsolatban: tabu vagy elfogadott?\",\"datePublished\":\"2024-07-21T22:00:00+00:00\",\"dateModified\":\"2025-10-11T06:28:04+00:00\",\"mainEntityOfPage\":{\"@id\":\"https:\\\/\\\/egercoach.hu\\\/blog\\\/nagy-korkulonbseg-a-parkapcsolatban-tabu-vagy-elfogadott\\\/\"},\"wordCount\":2974,\"publisher\":{\"@id\":\"https:\\\/\\\/egercoach.hu\\\/blog\\\/#organization\"},\"image\":{\"@id\":\"https:\\\/\\\/egercoach.hu\\\/blog\\\/nagy-korkulonbseg-a-parkapcsolatban-tabu-vagy-elfogadott\\\/#primaryimage\"},\"thumbnailUrl\":\"https:\\\/\\\/egercoach.hu\\\/blog\\\/wp-content\\\/uploads\\\/2025\\\/03\\\/older-loving-couple-sitting-outside-on-park-bench.jpg\",\"articleSection\":[\"Life coaching Egerben\"],\"inLanguage\":\"hu\"},{\"@type\":\"WebPage\",\"@id\":\"https:\\\/\\\/egercoach.hu\\\/blog\\\/nagy-korkulonbseg-a-parkapcsolatban-tabu-vagy-elfogadott\\\/\",\"url\":\"https:\\\/\\\/egercoach.hu\\\/blog\\\/nagy-korkulonbseg-a-parkapcsolatban-tabu-vagy-elfogadott\\\/\",\"name\":\"Nagy kork\u00fcl\u00f6nbs\u00e9g p\u00e1rkapcsolatban: tabu vagy elfogadott?\",\"isPartOf\":{\"@id\":\"https:\\\/\\\/egercoach.hu\\\/blog\\\/#website\"},\"primaryImageOfPage\":{\"@id\":\"https:\\\/\\\/egercoach.hu\\\/blog\\\/nagy-korkulonbseg-a-parkapcsolatban-tabu-vagy-elfogadott\\\/#primaryimage\"},\"image\":{\"@id\":\"https:\\\/\\\/egercoach.hu\\\/blog\\\/nagy-korkulonbseg-a-parkapcsolatban-tabu-vagy-elfogadott\\\/#primaryimage\"},\"thumbnailUrl\":\"https:\\\/\\\/egercoach.hu\\\/blog\\\/wp-content\\\/uploads\\\/2025\\\/03\\\/older-loving-couple-sitting-outside-on-park-bench.jpg\",\"datePublished\":\"2024-07-21T22:00:00+00:00\",\"dateModified\":\"2025-10-11T06:28:04+00:00\",\"breadcrumb\":{\"@id\":\"https:\\\/\\\/egercoach.hu\\\/blog\\\/nagy-korkulonbseg-a-parkapcsolatban-tabu-vagy-elfogadott\\\/#breadcrumb\"},\"inLanguage\":\"hu\",\"potentialAction\":[{\"@type\":\"ReadAction\",\"target\":[\"https:\\\/\\\/egercoach.hu\\\/blog\\\/nagy-korkulonbseg-a-parkapcsolatban-tabu-vagy-elfogadott\\\/\"]}]},{\"@type\":\"ImageObject\",\"inLanguage\":\"hu\",\"@id\":\"https:\\\/\\\/egercoach.hu\\\/blog\\\/nagy-korkulonbseg-a-parkapcsolatban-tabu-vagy-elfogadott\\\/#primaryimage\",\"url\":\"https:\\\/\\\/egercoach.hu\\\/blog\\\/wp-content\\\/uploads\\\/2025\\\/03\\\/older-loving-couple-sitting-outside-on-park-bench.jpg\",\"contentUrl\":\"https:\\\/\\\/egercoach.hu\\\/blog\\\/wp-content\\\/uploads\\\/2025\\\/03\\\/older-loving-couple-sitting-outside-on-park-bench.jpg\",\"width\":1500,\"height\":1000,\"caption\":\"older loving couple sitting outside on park bench\"},{\"@type\":\"BreadcrumbList\",\"@id\":\"https:\\\/\\\/egercoach.hu\\\/blog\\\/nagy-korkulonbseg-a-parkapcsolatban-tabu-vagy-elfogadott\\\/#breadcrumb\",\"itemListElement\":[{\"@type\":\"ListItem\",\"position\":1,\"name\":\"Kezd\u0151lap\",\"item\":\"https:\\\/\\\/egercoach.hu\\\/blog\\\/\"},{\"@type\":\"ListItem\",\"position\":2,\"name\":\"Nagy kork\u00fcl\u00f6nbs\u00e9g p\u00e1rkapcsolatban: tabu vagy elfogadott?\"}]},{\"@type\":\"WebSite\",\"@id\":\"https:\\\/\\\/egercoach.hu\\\/blog\\\/#website\",\"url\":\"https:\\\/\\\/egercoach.hu\\\/blog\\\/\",\"name\":\"Eger Coach Blog\",\"description\":\"\",\"publisher\":{\"@id\":\"https:\\\/\\\/egercoach.hu\\\/blog\\\/#organization\"},\"potentialAction\":[{\"@type\":\"SearchAction\",\"target\":{\"@type\":\"EntryPoint\",\"urlTemplate\":\"https:\\\/\\\/egercoach.hu\\\/blog\\\/?s={search_term_string}\"},\"query-input\":{\"@type\":\"PropertyValueSpecification\",\"valueRequired\":true,\"valueName\":\"search_term_string\"}}],\"inLanguage\":\"hu\"},{\"@type\":\"Organization\",\"@id\":\"https:\\\/\\\/egercoach.hu\\\/blog\\\/#organization\",\"name\":\"Eger Coach Blog\",\"url\":\"https:\\\/\\\/egercoach.hu\\\/blog\\\/\",\"logo\":{\"@type\":\"ImageObject\",\"inLanguage\":\"hu\",\"@id\":\"https:\\\/\\\/egercoach.hu\\\/blog\\\/#\\\/schema\\\/logo\\\/image\\\/\",\"url\":\"https:\\\/\\\/egercoach.hu\\\/blog\\\/wp-content\\\/uploads\\\/2025\\\/05\\\/cropped-Eger.png\",\"contentUrl\":\"https:\\\/\\\/egercoach.hu\\\/blog\\\/wp-content\\\/uploads\\\/2025\\\/05\\\/cropped-Eger.png\",\"width\":500,\"height\":169,\"caption\":\"Eger Coach Blog\"},\"image\":{\"@id\":\"https:\\\/\\\/egercoach.hu\\\/blog\\\/#\\\/schema\\\/logo\\\/image\\\/\"},\"sameAs\":[\"https:\\\/\\\/www.facebook.com\\\/eger.coach\"]},{\"@type\":\"Person\",\"@id\":\"https:\\\/\\\/egercoach.hu\\\/blog\\\/#\\\/schema\\\/person\\\/afc73367aa314ca33a9c8d3b88dce6e7\",\"name\":\"Dajka G\u00e1bor\",\"image\":{\"@type\":\"ImageObject\",\"inLanguage\":\"hu\",\"@id\":\"https:\\\/\\\/secure.gravatar.com\\\/avatar\\\/81566ea1e2b3466baa03e9bdcdaa835f58564d8be90057a45f3e61711dc8a063?s=96&d=mm&r=g\",\"url\":\"https:\\\/\\\/secure.gravatar.com\\\/avatar\\\/81566ea1e2b3466baa03e9bdcdaa835f58564d8be90057a45f3e61711dc8a063?s=96&d=mm&r=g\",\"contentUrl\":\"https:\\\/\\\/secure.gravatar.com\\\/avatar\\\/81566ea1e2b3466baa03e9bdcdaa835f58564d8be90057a45f3e61711dc8a063?s=96&d=mm&r=g\",\"caption\":\"Dajka G\u00e1bor\"},\"sameAs\":[\"https:\\\/\\\/egercoach.hu\\\/blog\"],\"url\":\"https:\\\/\\\/egercoach.hu\\\/blog\\\/author\\\/adminka\\\/\"}]}<\/script>\n<!-- \/ Yoast SEO plugin. -->","yoast_head_json":{"title":"Nagy kork\u00fcl\u00f6nbs\u00e9g p\u00e1rkapcsolatban: tabu vagy elfogadott?","robots":{"index":"index","follow":"follow","max-snippet":"max-snippet:-1","max-image-preview":"max-image-preview:large","max-video-preview":"max-video-preview:-1"},"canonical":"https:\/\/egercoach.hu\/blog\/nagy-korkulonbseg-a-parkapcsolatban-tabu-vagy-elfogadott\/","og_locale":"hu_HU","og_type":"article","og_title":"Nagy kork\u00fcl\u00f6nbs\u00e9g p\u00e1rkapcsolatban: tabu vagy elfogadott?","og_description":"A nagy kork\u00fcl\u00f6nbs\u00e9ggel j\u00e1r\u00f3 p\u00e1rkapcsolatok mindig is foglalkoztatt\u00e1k az embereket: egyszerre keltenek k\u00edv\u00e1ncsis\u00e1got, csod\u00e1latot, s\u0151t, id\u0151nk\u00e9nt ellen\u00e9rz\u00e9st. Mik\u00f6zben a 10\u201315 \u00e9ves elt\u00e9r\u00e9s ma m\u00e1r sokkal elfogadottabb, tov\u00e1bbra is gyakori k\u00e9rd\u00e9s, hogy hossz\u00fa t\u00e1von m\u0171k\u00f6d\u0151k\u00e9pes-e egy ilyen kapcsolat, \u00e9s ha igen, milyen felt\u00e9telek mellett. E cikk c\u00e9lja nem az \u00edt\u00e9lkez\u00e9s, hanem a tiszt\u00e1z\u00e1s: k\u00f6r\u00fclj\u00e1rjuk, mit \u00e9rt\u00fcnk...","og_url":"https:\/\/egercoach.hu\/blog\/nagy-korkulonbseg-a-parkapcsolatban-tabu-vagy-elfogadott\/","og_site_name":"Az Egri Coach Blogja","article_publisher":"https:\/\/www.facebook.com\/eger.coach","article_published_time":"2024-07-21T22:00:00+00:00","article_modified_time":"2025-10-11T06:28:04+00:00","og_image":[{"width":1500,"height":1000,"url":"https:\/\/egercoach.hu\/blog\/wp-content\/uploads\/2025\/03\/older-loving-couple-sitting-outside-on-park-bench.jpg","type":"image\/jpeg"}],"author":"Dajka G\u00e1bor","twitter_card":"summary_large_image","twitter_misc":{"Szerz\u0151:":"Dajka G\u00e1bor","Becs\u00fclt olvas\u00e1si id\u0151":"10 perc"},"schema":{"@context":"https:\/\/schema.org","@graph":[{"@type":"Article","@id":"https:\/\/egercoach.hu\/blog\/nagy-korkulonbseg-a-parkapcsolatban-tabu-vagy-elfogadott\/#article","isPartOf":{"@id":"https:\/\/egercoach.hu\/blog\/nagy-korkulonbseg-a-parkapcsolatban-tabu-vagy-elfogadott\/"},"author":{"name":"Dajka G\u00e1bor","@id":"https:\/\/egercoach.hu\/blog\/#\/schema\/person\/afc73367aa314ca33a9c8d3b88dce6e7"},"headline":"Nagy kork\u00fcl\u00f6nbs\u00e9g p\u00e1rkapcsolatban: tabu vagy elfogadott?","datePublished":"2024-07-21T22:00:00+00:00","dateModified":"2025-10-11T06:28:04+00:00","mainEntityOfPage":{"@id":"https:\/\/egercoach.hu\/blog\/nagy-korkulonbseg-a-parkapcsolatban-tabu-vagy-elfogadott\/"},"wordCount":2974,"publisher":{"@id":"https:\/\/egercoach.hu\/blog\/#organization"},"image":{"@id":"https:\/\/egercoach.hu\/blog\/nagy-korkulonbseg-a-parkapcsolatban-tabu-vagy-elfogadott\/#primaryimage"},"thumbnailUrl":"https:\/\/egercoach.hu\/blog\/wp-content\/uploads\/2025\/03\/older-loving-couple-sitting-outside-on-park-bench.jpg","articleSection":["Life coaching Egerben"],"inLanguage":"hu"},{"@type":"WebPage","@id":"https:\/\/egercoach.hu\/blog\/nagy-korkulonbseg-a-parkapcsolatban-tabu-vagy-elfogadott\/","url":"https:\/\/egercoach.hu\/blog\/nagy-korkulonbseg-a-parkapcsolatban-tabu-vagy-elfogadott\/","name":"Nagy kork\u00fcl\u00f6nbs\u00e9g p\u00e1rkapcsolatban: tabu vagy elfogadott?","isPartOf":{"@id":"https:\/\/egercoach.hu\/blog\/#website"},"primaryImageOfPage":{"@id":"https:\/\/egercoach.hu\/blog\/nagy-korkulonbseg-a-parkapcsolatban-tabu-vagy-elfogadott\/#primaryimage"},"image":{"@id":"https:\/\/egercoach.hu\/blog\/nagy-korkulonbseg-a-parkapcsolatban-tabu-vagy-elfogadott\/#primaryimage"},"thumbnailUrl":"https:\/\/egercoach.hu\/blog\/wp-content\/uploads\/2025\/03\/older-loving-couple-sitting-outside-on-park-bench.jpg","datePublished":"2024-07-21T22:00:00+00:00","dateModified":"2025-10-11T06:28:04+00:00","breadcrumb":{"@id":"https:\/\/egercoach.hu\/blog\/nagy-korkulonbseg-a-parkapcsolatban-tabu-vagy-elfogadott\/#breadcrumb"},"inLanguage":"hu","potentialAction":[{"@type":"ReadAction","target":["https:\/\/egercoach.hu\/blog\/nagy-korkulonbseg-a-parkapcsolatban-tabu-vagy-elfogadott\/"]}]},{"@type":"ImageObject","inLanguage":"hu","@id":"https:\/\/egercoach.hu\/blog\/nagy-korkulonbseg-a-parkapcsolatban-tabu-vagy-elfogadott\/#primaryimage","url":"https:\/\/egercoach.hu\/blog\/wp-content\/uploads\/2025\/03\/older-loving-couple-sitting-outside-on-park-bench.jpg","contentUrl":"https:\/\/egercoach.hu\/blog\/wp-content\/uploads\/2025\/03\/older-loving-couple-sitting-outside-on-park-bench.jpg","width":1500,"height":1000,"caption":"older loving couple sitting outside on park bench"},{"@type":"BreadcrumbList","@id":"https:\/\/egercoach.hu\/blog\/nagy-korkulonbseg-a-parkapcsolatban-tabu-vagy-elfogadott\/#breadcrumb","itemListElement":[{"@type":"ListItem","position":1,"name":"Kezd\u0151lap","item":"https:\/\/egercoach.hu\/blog\/"},{"@type":"ListItem","position":2,"name":"Nagy kork\u00fcl\u00f6nbs\u00e9g p\u00e1rkapcsolatban: tabu vagy elfogadott?"}]},{"@type":"WebSite","@id":"https:\/\/egercoach.hu\/blog\/#website","url":"https:\/\/egercoach.hu\/blog\/","name":"Eger Coach Blog","description":"","publisher":{"@id":"https:\/\/egercoach.hu\/blog\/#organization"},"potentialAction":[{"@type":"SearchAction","target":{"@type":"EntryPoint","urlTemplate":"https:\/\/egercoach.hu\/blog\/?s={search_term_string}"},"query-input":{"@type":"PropertyValueSpecification","valueRequired":true,"valueName":"search_term_string"}}],"inLanguage":"hu"},{"@type":"Organization","@id":"https:\/\/egercoach.hu\/blog\/#organization","name":"Eger Coach Blog","url":"https:\/\/egercoach.hu\/blog\/","logo":{"@type":"ImageObject","inLanguage":"hu","@id":"https:\/\/egercoach.hu\/blog\/#\/schema\/logo\/image\/","url":"https:\/\/egercoach.hu\/blog\/wp-content\/uploads\/2025\/05\/cropped-Eger.png","contentUrl":"https:\/\/egercoach.hu\/blog\/wp-content\/uploads\/2025\/05\/cropped-Eger.png","width":500,"height":169,"caption":"Eger Coach Blog"},"image":{"@id":"https:\/\/egercoach.hu\/blog\/#\/schema\/logo\/image\/"},"sameAs":["https:\/\/www.facebook.com\/eger.coach"]},{"@type":"Person","@id":"https:\/\/egercoach.hu\/blog\/#\/schema\/person\/afc73367aa314ca33a9c8d3b88dce6e7","name":"Dajka G\u00e1bor","image":{"@type":"ImageObject","inLanguage":"hu","@id":"https:\/\/secure.gravatar.com\/avatar\/81566ea1e2b3466baa03e9bdcdaa835f58564d8be90057a45f3e61711dc8a063?s=96&d=mm&r=g","url":"https:\/\/secure.gravatar.com\/avatar\/81566ea1e2b3466baa03e9bdcdaa835f58564d8be90057a45f3e61711dc8a063?s=96&d=mm&r=g","contentUrl":"https:\/\/secure.gravatar.com\/avatar\/81566ea1e2b3466baa03e9bdcdaa835f58564d8be90057a45f3e61711dc8a063?s=96&d=mm&r=g","caption":"Dajka G\u00e1bor"},"sameAs":["https:\/\/egercoach.hu\/blog"],"url":"https:\/\/egercoach.hu\/blog\/author\/adminka\/"}]}},"_links":{"self":[{"href":"https:\/\/egercoach.hu\/blog\/wp-json\/wp\/v2\/posts\/29","targetHints":{"allow":["GET"]}}],"collection":[{"href":"https:\/\/egercoach.hu\/blog\/wp-json\/wp\/v2\/posts"}],"about":[{"href":"https:\/\/egercoach.hu\/blog\/wp-json\/wp\/v2\/types\/post"}],"author":[{"embeddable":true,"href":"https:\/\/egercoach.hu\/blog\/wp-json\/wp\/v2\/users\/1"}],"replies":[{"embeddable":true,"href":"https:\/\/egercoach.hu\/blog\/wp-json\/wp\/v2\/comments?post=29"}],"version-history":[{"count":0,"href":"https:\/\/egercoach.hu\/blog\/wp-json\/wp\/v2\/posts\/29\/revisions"}],"wp:featuredmedia":[{"embeddable":true,"href":"https:\/\/egercoach.hu\/blog\/wp-json\/wp\/v2\/media\/762"}],"wp:attachment":[{"href":"https:\/\/egercoach.hu\/blog\/wp-json\/wp\/v2\/media?parent=29"}],"wp:term":[{"taxonomy":"category","embeddable":true,"href":"https:\/\/egercoach.hu\/blog\/wp-json\/wp\/v2\/categories?post=29"},{"taxonomy":"post_tag","embeddable":true,"href":"https:\/\/egercoach.hu\/blog\/wp-json\/wp\/v2\/tags?post=29"}],"curies":[{"name":"wp","href":"https:\/\/api.w.org\/{rel}","templated":true}]}}