{"id":335,"date":"2024-08-30T07:30:37","date_gmt":"2024-08-30T05:30:37","guid":{"rendered":"https:\/\/egercoach.hu\/blog\/?p=335"},"modified":"2025-10-24T04:13:37","modified_gmt":"2025-10-24T02:13:37","slug":"ferfi-vagy-noi-life-coach-ot-valasszunk","status":"publish","type":"post","link":"https:\/\/egercoach.hu\/blog\/ferfi-vagy-noi-life-coach-ot-valasszunk\/","title":{"rendered":"F\u00e9rfi vagy n\u0151i life coach: melyik a jobb v\u00e1laszt\u00e1s?"},"content":{"rendered":"<p>Amikor life coachot v\u00e1lasztasz, \u00f6szt\u00f6n\u00f6sen felmer\u00fcl a k\u00e9rd\u00e9s: sz\u00e1m\u00edt-e a coach neme? R\u00f6viden: kev\u00e9sb\u00e9, mint gondoln\u00e1d. A legt\u00f6bb folyamat siker\u00e9t nem a biol\u00f3giai vagy t\u00e1rsadalmi nem d\u00f6nti el, hanem az, hogy mennyire illeszkedik a coach m\u00f3dszertana, szeml\u00e9lete \u00e9s kommunik\u00e1ci\u00f3ja a c\u00e9ljaidhoz, a motiv\u00e1ci\u00f3dhoz \u00e9s a helyzetedhez. A gyakorlatban azt l\u00e1tom, hogy a kliensek egy r\u00e9sze a k\u00e9nyelem \u00e9s a bizalom miatt prefer\u00e1l azonos nem\u0171 szakembert, m\u00e1sok pont az ellenkez\u0151 nem\u0171 coach mellett \u00e9rzik magukat nyitottabbnak. Ez legitim ig\u00e9ny \u2013 a komfort\u00e9rzet hat a megny\u00edl\u00e1sra \u2013, de az eredm\u00e9nyess\u00e9g kulcsa a kompetencia, a munkasz\u00f6vets\u00e9g (az a min\u0151s\u00e9g, ahogy egy\u00fctt dolgoztok) \u00e9s a c\u00e9lok tisztas\u00e1ga. A cikkben v\u00e9gigmegy\u00fcnk a d\u00f6nt\u00e9s szempontjain: mikor \u00e9rv\u00e9nyes szempont a nem, mikor m\u00e1s faktorok a fontosabbak, hogyan m\u00e9rlegelj etik\u00e1t, m\u00f3dszertant, ipar\u00e1gi tapasztalatot \u00e9s szem\u00e9lyes \u201ek\u00e9mi\u00e1t\u201d. Kapsz egy k\u00e9rd\u00e9slist\u00e1t az els\u0151 besz\u00e9lget\u00e9shez, egy gyors d\u00f6nt\u00e9si m\u00e1trixot, \u00e9s elteszek a v\u00e9g\u00e9re egy hazai podcast-aj\u00e1nl\u00f3t is. Az \u00e1ll\u00e1spontom hat\u00e1rozott: a coach neme lehet preferencia, de ritk\u00e1n strat\u00e9giai t\u00e9nyez\u0151. A d\u00f6nt\u00e9sed alapja legyen a bizony\u00edt\u00e9k-alap\u00fa szeml\u00e9let, a j\u00f3l k\u00f6r\u00fcl\u00edrt c\u00e9l \u00e9s a m\u0171k\u00f6d\u0151 partners\u00e9g.<\/p>\n<h2>Mi sz\u00e1m\u00edt jobban: neme vagy kompetenci\u00e1ja?<\/h2>\n<p>Ha a tudom\u00e1nyos k\u00e9pet n\u00e9zz\u00fck, az elm\u00falt \u00e9vek munkahelyi coachingr\u00f3l sz\u00f3l\u00f3 \u00f6sszefoglal\u00f3 kutat\u00e1sai k\u00f6vetkezetesen azt mutatj\u00e1k, hogy a coaching \u2013 megfelel\u0151 keretekkel \u2013 k\u00f6zepes er\u0151ss\u00e9g\u0171, sz\u00e9les k\u00f6r\u0171 pozit\u00edv hat\u00e1ssal b\u00edr a teljes\u00edtm\u00e9nyre, j\u00f3l\u00e9tre \u00e9s k\u00e9szs\u00e9gfejl\u0151d\u00e9sre. A l\u00e9nyeg: a \u201emi m\u0171k\u00f6dik\u201d k\u00e9rd\u00e9sre adott v\u00e1laszok t\u00falnyom\u00f3 r\u00e9sze a szakmai megval\u00f3s\u00edt\u00e1sr\u00f3l, az alkalmazott m\u00f3dszerekr\u0151l, a c\u00e9lokhoz illeszked\u0151 eszk\u00f6z\u00f6kr\u0151l \u00e9s a folyamat min\u0151s\u00e9g\u00e9r\u0151l sz\u00f3l, nem pedig a coach demogr\u00e1fiai jellemz\u0151ir\u0151l. A d\u00f6nt\u00e9sekn\u00e9l teh\u00e1t \u00e9rdemesebb a kompetenci\u00e1t, a k\u00e9pzetts\u00e9get, a tapasztalatot \u00e9s az esetspecifikus m\u00f3dszertani illeszt\u00e9st els\u0151 helyre tenni. A nem akkor v\u00e1lhat relev\u00e1nss\u00e1, ha \u00e9rz\u00e9keny t\u00e9m\u00e1k (p\u00e9ld\u00e1ul bizonyos \u00e9lethelyzeti traum\u00e1k, hat\u00e1r\u00e1tl\u00e9p\u00e9sek, intimit\u00e1shoz kapcsol\u00f3d\u00f3 dilemm\u00e1k) miatt eleve jobban meg tudsz ny\u00edlni egy adott nem\u0171 szakembernek \u2013 ez a megny\u00edl\u00e1s viszont m\u00e1r visszavezet a kulcst\u00e9nyez\u0151h\u00f6z: lesz-e k\u00f6ztetek bizalmi, biztons\u00e1gos munkasz\u00f6vets\u00e9g. Magyar kontextusban azt is m\u00e9rlegeld, hogy a v\u00e1lasztott coach mennyire j\u00e1rtas a hazai szervezeti kult\u00far\u00e1kban \u00e9s piacokban; a kult\u00faraspecifikus meg\u00e9rt\u00e9s sokkal t\u00f6bbet \u00e9r, mint a nemek szerinti hasonl\u00f3s\u00e1g \u00f6nmag\u00e1ban.<\/p>\n<h2>Preferenci\u00e1k \u00e9s komfort \u2013 mikor indokolt a nemi egyez\u00e9s?<\/h2>\n<p>El\u0151fordul, hogy a kliensek \u2013 f\u0151leg az els\u0151 alkalmon \u2013 kimondatlanul is a \u201ehozz\u00e1m hasonl\u00f3\u201d szakembert keresik. Ebben van pszichol\u00f3giai logika: a hasonl\u00f3s\u00e1g \u00e9lm\u00e9nye cs\u00f6kkentheti a fenyegetetts\u00e9get, megk\u00f6nny\u00edti a kock\u00e1zatosabb \u00f6nfelt\u00e1r\u00e1st, \u00e9s gyors\u00edtja a bizalmi kapcsolat kialakul\u00e1s\u00e1t. Kutat\u00e1sok is jelzik, hogy a v\u00e1laszt\u00e1sn\u00e1l megjelenhet preferencia bizonyos demogr\u00e1fiai jegyek (p\u00e9ld\u00e1ul nem \u00e9s \u00e9letkor) szerint. Ebb\u0151l azonban nem k\u00f6vetkezik automatikusan jobb kimenet. A komfort\u00e9rzet ez\u00e9rt legyen fontos, de ne legyen kiz\u00e1r\u00f3lagos d\u00f6nt\u00e9si sz\u0171r\u0151. \u00c9rdemes magadnak feltenni h\u00e1rom c\u00e9lzott k\u00e9rd\u00e9st: (1) Milyen t\u00e9m\u00e1kr\u00f3l szeretn\u00e9k besz\u00e9lni, \u00e9s ezekn\u00e9l sz\u00e1m\u00edt-e a nem? (2) A komfort m\u00f6g\u00f6tt nincs-e elker\u00fcl\u00e9s (p\u00e9ld\u00e1ul nehezebb visszajelz\u00e9sekt\u0151l val\u00f3 f\u00e9lelem)? (3) Egy r\u00f6vid pr\u00f3ba\u00fcl\u00e9s ut\u00e1n is fennmarad-e ez a preferencia, ha k\u00f6zben er\u0151s szakmai hozz\u00e1adott \u00e9rt\u00e9ket tapasztalok? Gyakori tapasztalat, hogy egy j\u00f3l struktur\u00e1lt els\u0151 \u00fcl\u00e9s, vil\u00e1gos szerz\u0151d\u00e9sk\u00f6t\u00e9s \u00e9s tiszta c\u00e9lk\u00e9p m\u00e1r \u00f6nmag\u00e1ban cs\u00f6kkenti a \u201enemi dilemm\u00e1t\u201d, mert a szakmai biztons\u00e1g\u00e9rzet fog d\u00f6nteni. Ha m\u00e9gis kulcsk\u00e9rd\u00e9s sz\u00e1modra a nem egyez\u00e9se, tekintsd tudatos v\u00e1laszt\u00e1snak, ne sz\u00e9gyelld, de legyen mellette list\u00e1d a kompetenci\u00e1kr\u00f3l is.<\/p>\n<h2>M\u00f3dszertan \u00e9s szakmai h\u00e1tt\u00e9r<\/h2>\n<p>Komoly k\u00fcl\u00f6nbs\u00e9get az hoz, <i>hogyan<\/i> dolgozik a coach. Megold\u00e1sf\u00f3kusz\u00fa, kognit\u00edv-viselked\u00e9ses, er\u0151forr\u00e1s-alap\u00fa vagy \u00e9ppen vezet\u00e9sfejleszt\u00e9si keretr\u0151l besz\u00e9l\u00fcnk? Van-e egy\u00e9rtelm\u0171 folyamatv\u00e1zlat (c\u00e9lklarifik\u00e1ci\u00f3, helyzetfelt\u00e1r\u00e1s, beavatkoz\u00e1s, \u00e9rt\u00e9kel\u00e9s, z\u00e1r\u00e1s), \u00e9s mit m\u00e9r\u00fcnk k\u00f6zben? Milyen eszk\u00f6z\u00f6ket haszn\u00e1l (p\u00e9ld\u00e1ul c\u00e9lkit\u0171z\u0151 protokollok, viselked\u00e9sv\u00e1ltoztat\u00e1si technik\u00e1k, szerepgyakorlatok, struktur\u00e1lt visszajelz\u00e9s)? A m\u00f3dszertani \u00e1tl\u00e1that\u00f3s\u00e1g nemcsak szakmai ig\u00e9nyess\u00e9get jelez, hanem t\u0151led is fegyelmezetts\u00e9get v\u00e1r: c\u00e9lok, m\u00e9rf\u00f6ldk\u00f6vek, felel\u0151ss\u00e9gek. K\u00e9rdezz r\u00e1 a k\u00e9pzetts\u00e9gre \u00e9s akkredit\u00e1ci\u00f3ra (ICF, EMCC, AC), a szuperv\u00edzi\u00f3 \u00e9s tov\u00e1bbk\u00e9pz\u00e9s gyakorlat\u00e1ra, a saj\u00e1t m\u00f3dszertani hat\u00e1rok ismeret\u00e9re (mit <b>nem<\/b> v\u00e1llal). A j\u00f3 coach k\u00e9pes megindokolni, hogy a te helyzetedre mi\u00e9rt \u00e9ppen azt a megk\u00f6zel\u00edt\u00e9st javasolja, milyen alternat\u00edv\u00e1k vannak, \u00e9s hogyan fogj\u00e1tok m\u00e9rni a halad\u00e1st. Magyar piaci k\u00f6zegben k\u00fcl\u00f6n \u00e9rt\u00e9k, ha a coach t\u00e9nyleges vezet\u0151i, v\u00e1llalkoz\u00f3i, vagy adott ipar\u00e1gi tapasztalattal b\u00edr; ez cs\u00f6kkenti a tanul\u00e1si g\u00f6rb\u00e9t, \u00e9s hitelesebb\u00e9 teszi az intervenci\u00f3t. A nem ebben a kontextusban margin\u00e1lis faktor: a m\u00f3dszertan m\u0171k\u00f6d\u0151k\u00e9pess\u00e9ge \u00e9s a kivitelez\u00e9s min\u0151s\u00e9ge fogja \u201ehozni\u201d az eredm\u00e9nyt.<\/p>\n<h2>Illeszked\u00e9s \u00e9s munkasz\u00f6vets\u00e9g<\/h2>\n<p>A coaching siker\u00e9nek legstabilabb el\u0151rejelz\u0151je a munkasz\u00f6vets\u00e9g: k\u00f6z\u00f6s c\u00e9l, k\u00f6z\u00f6s feladatmeghat\u00e1roz\u00e1s, \u00e9s a kapcsolat min\u0151s\u00e9ge. A k\u00e9rd\u00e9s teh\u00e1t \u00edgy pontos: mennyire lesztek partneri viszonyban? Egy \u00fct\u0151s munkasz\u00f6vets\u00e9g ism\u00e9rvei: vil\u00e1gos szerz\u0151d\u00e9s (ki, mit, meddig, hogyan), kimondott hat\u00e1rok (mi coaching \u00e9s mi nem), rendszeres metaszint\u0171 ellen\u0151rz\u00e9s (mi m\u0171k\u00f6dik a folyamatban, min v\u00e1ltoztassunk), \u00e9s sz\u00e1monk\u00e9rhet\u0151 m\u00e9rf\u00f6ldk\u00f6vek. A \u201ek\u00e9mia\u201d fontos, de ne keverd \u00f6ssze a kedvel\u00e9ssel: az eredm\u00e9nyes coach nem b\u00f3logat, hanem tartja a keretet, provokat\u00edv k\u00e9rd\u00e9seket tesz fel, \u00e9s id\u0151nk\u00e9nt k\u00e9nyelmetlen visszajelz\u00e9st ad. Ha ezt biztons\u00e1gosan, tisztelettel teszi, az a fejl\u0151d\u00e9sedet szolg\u00e1lja. A nem itt legfeljebb annyiban sz\u00e1m\u00edt, amennyiben befoly\u00e1solja a k\u00f6lcs\u00f6n\u00f6s bizalom \u00e9s tisztelet \u00e9rzet\u00e9t az els\u0151 1\u20132 alkalom sor\u00e1n. Ha k\u00e9t jel\u00f6lt k\u00f6z\u00f6tt vacill\u00e1lsz, v\u00e1laszd azt, akin\u00e9l m\u00e1r a pr\u00f3ba\u00fcl\u00e9sen is tapasztalsz struktur\u00e1lts\u00e1got, tiszta c\u00e9lmegbesz\u00e9l\u00e9st \u00e9s konkr\u00e9t m\u00e9r\u00e9si elveket. Ez a h\u00e1rmas fel\u00fcl\u00edrja a nemmel kapcsolatos preferenci\u00e1k t\u00falnyom\u00f3 r\u00e9sz\u00e9t.<\/p>\n<h2>K\u00e9rd\u00e9sek az els\u0151 konzult\u00e1ci\u00f3ra<\/h2>\n<p>Az al\u00e1bbi r\u00f6vid lista seg\u00edt, hogy az els\u0151 besz\u00e9lget\u00e9sen ne benyom\u00e1sok, hanem t\u00e9nyek alapj\u00e1n d\u00f6nts:<\/p>\n<ul>\n<li>Milyen m\u00f3dszertant \u00e9s keretet haszn\u00e1l, \u00e9s mi\u00e9rt illik ez az \u00e9n c\u00e9lomhoz?<\/li>\n<li>Hogyan m\u00e9rj\u00fck a halad\u00e1st (k\u00f6z\u00e9rzet, viselked\u00e9ses indik\u00e1torok, 360\u00b0, KPI)?<\/li>\n<li>Milyen t\u00e9m\u00e1kat <b>nem<\/b> v\u00e1llal, \u00e9s mikor ir\u00e1ny\u00edt tov\u00e1bb (p\u00e9ld\u00e1ul ter\u00e1pi\u00e1ra)?<\/li>\n<li>Milyen ipar\u00e1gi\/profil tapasztalata van az \u00e9n helyzetemhez k\u00f6zel?<\/li>\n<li>Milyen etikai k\u00f3dex szerint dolgozik; van-e szuperv\u00edzi\u00f3ja?<\/li>\n<li>Meddig tart egy folyamat, \u00e9s milyen \u00fctemez\u00e9ssel sz\u00e1mol?<\/li>\n<li>Volt-e hasonl\u00f3 esete; milyen megold\u00e1si utak m\u0171k\u00f6dtek?<\/li>\n<li>Mit v\u00e1r t\u0151lem, mint \u00fcgyf\u00e9lt\u0151l k\u00e9t \u00fcl\u00e9s k\u00f6z\u00f6tt (h\u00e1zi feladat, k\u00eds\u00e9rletez\u00e9s, napl\u00f3z\u00e1s)?<\/li>\n<\/ul>\n<h2>Gener\u00e1ci\u00f3, \u00e9letkor, ipar\u00e1g<\/h2>\n<p>Az \u00e9letkor \u00e9s a gener\u00e1ci\u00f3s tapasztalat n\u00e9ha fontosabb, mint a nem. Egy p\u00e1lyakezd\u0151 vezet\u0151n\u00e9l el\u0151ny lehet a dinamikusabb, digit\u00e1lisan mag\u00e1t\u00f3l \u00e9rtet\u0151d\u0151 eszk\u00f6z\u00f6kkel dolgoz\u00f3 coach, m\u00edg egy fels\u0151vezet\u0151n\u00e9l az ipar\u00e1gi-politikai realit\u00e1s\u00e9rz\u00e9k \u00e9s a komplex szervezeti rendszerekben szerzett rutin v\u00e1lhat d\u00f6nt\u0151v\u00e9. Ha technol\u00f3giai, p\u00e9nz\u00fcgyi vagy eg\u00e9szs\u00e9g\u00fcgyi ter\u00fcleten mozogsz, n\u00e9zd meg, hogy a coach dolgozott-e hasonl\u00f3 stakeholderekkel, tal\u00e1lkozott-e a szab\u00e1lyoz\u00f3i \u00e9s compliance-korl\u00e1tokkal, ismeri-e a tipikus d\u00f6nt\u00e9si csapd\u00e1kat. A gener\u00e1ci\u00f3s illeszked\u00e9s viszont ne legyen \u00f6nmag\u00e1ban kiz\u00e1r\u00f3 ok: egy tapasztalt, reflekt\u00edv coach gyorsan \u201er\u00e1hangol\u00f3dik\u201d a te m\u0171k\u00f6d\u00e9sedre. A magyar piacon k\u00fcl\u00f6n szempont a szervezeti kult\u00fara \u00e9s a hierarchia saj\u00e1toss\u00e1gai: bizonyos \u00e1gazatokban a d\u00f6nt\u00e9shozatal nem form\u00e1lis logik\u00e1n, hanem inform\u00e1lis h\u00e1l\u00f3zatokon kereszt\u00fcl zajlik; az ilyen k\u00f6rnyezetben j\u00e1rtas coach nagy el\u0151ny. A nem itt ritk\u00e1n hoz hozz\u00e1adott \u00e9rt\u00e9ket \u2013 az ipar\u00e1gi nyelv \u00e9s a d\u00f6nt\u00e9si mechanizmusok ismerete ann\u00e1l ink\u00e1bb.<\/p>\n<h2>Etika, akkredit\u00e1ci\u00f3 \u00e9s biztons\u00e1g<\/h2>\n<p>Coachot v\u00e1lasztani felel\u0151ss\u00e9g: a min\u0151s\u00e9g \u00e9s a biztons\u00e1g egy\u00fctt j\u00e1r. K\u00e9rdezz r\u00e1 az akkredit\u00e1ci\u00f3ra (p\u00e9ld\u00e1ul ICF\/EMCC\/AC), a folyamatos tov\u00e1bbk\u00e9pz\u00e9sre, szuperv\u00edzi\u00f3ra \u00e9s az etikai elj\u00e1r\u00e1srendekre. N\u00e9zd meg, hogyan kezeli a coach az adatv\u00e9delmet, milyen form\u00e1ban r\u00f6gz\u00edti az \u00fcl\u00e9s jegyzeteit, \u00e9s mi a protokoll \u00e9rz\u00e9keny helyzetekben (p\u00e9ld\u00e1ul akut kr\u00edzis, eg\u00e9szs\u00e9g\u00fcgyi kock\u00e1zat). Fontos jel, hogy a coach tiszt\u00e1n elhat\u00e1rolja a coachingot a pszichoter\u00e1pi\u00e1t\u00f3l, \u00e9s sz\u00fcks\u00e9g eset\u00e9n kompetensen tov\u00e1bbir\u00e1ny\u00edt. A szerz\u0151d\u00e9s legyen vil\u00e1gos az \u00fcl\u00e9sek sz\u00e1m\u00e1r\u00f3l, a lemond\u00e1si felt\u00e9telekr\u0151l, a c\u00e9lokr\u00f3l \u00e9s az \u00e9rt\u00e9kel\u00e9s m\u00f3dj\u00e1r\u00f3l. Ha v\u00e1llalati megb\u00edz\u00e1sr\u00f3l van sz\u00f3, k\u00fcl\u00f6n tiszt\u00e1zand\u00f3 a h\u00e1romsz\u00f6g-viszony (megrendel\u0151\u2013\u00fcgyf\u00e9l\u2013coach): ki l\u00e1t bele mibe, \u00e9s milyen form\u00e1ban sz\u00e1moltok be az el\u0151rehalad\u00e1sr\u00f3l. Etikai m\u0171k\u00f6d\u00e9s n\u00e9lk\u00fcl nincs biztons\u00e1g; biztons\u00e1g n\u00e9lk\u00fcl nincs val\u00f3di \u00f6nfelt\u00e1r\u00e1s; \u00f6nfelt\u00e1r\u00e1s n\u00e9lk\u00fcl nincs v\u00e1ltoz\u00e1s. Ezek mind el\u0151r\u00e9bb val\u00f3k a nemn\u00e9l.<\/p>\n<h2>Gyakorlati d\u00f6nt\u00e9si m\u00e1trix<\/h2>\n<p>Haszn\u00e1ld ezt a gyors t\u00e1bl\u00e1t a jel\u00f6ltek \u00f6sszevet\u00e9s\u00e9hez. Adj 1\u20135 pontot oszloponk\u00e9nt (5 = kiv\u00e1l\u00f3), majd n\u00e9zd meg, ki hozza a legjobb \u00f6sszpontsz\u00e1mot. Ha holtverseny van, d\u00f6nts pr\u00f3ba\u00fcl\u00e9s alapj\u00e1n.<\/p>\n<table border=\"1\">\n<thead>\n<tr>\n<th>Szempont<\/th>\n<th>Coach A<\/th>\n<th>Coach B<\/th>\n<th>Coach C<\/th>\n<\/tr>\n<\/thead>\n<tbody>\n<tr>\n<td>M\u00f3dszertani illeszked\u00e9s a c\u00e9ljaidhoz<\/td>\n<td>\u00a0<\/td>\n<td>\u00a0<\/td>\n<td>\u00a0<\/td>\n<\/tr>\n<tr>\n<td>M\u00e9rhet\u0151s\u00e9g \u00e9s strukt\u00fara<\/td>\n<td>\u00a0<\/td>\n<td>\u00a0<\/td>\n<td>\u00a0<\/td>\n<\/tr>\n<tr>\n<td>Ipar\u00e1gi\/kultur\u00e1lis tapasztalat<\/td>\n<td>\u00a0<\/td>\n<td>\u00a0<\/td>\n<td>\u00a0<\/td>\n<\/tr>\n<tr>\n<td>Etika, akkredit\u00e1ci\u00f3, szuperv\u00edzi\u00f3<\/td>\n<td>\u00a0<\/td>\n<td>\u00a0<\/td>\n<td>\u00a0<\/td>\n<\/tr>\n<tr>\n<td>Munkasz\u00f6vets\u00e9g (pr\u00f3ba\u00fcl\u00e9s \u00e9lm\u00e9nye)<\/td>\n<td>\u00a0<\/td>\n<td>\u00a0<\/td>\n<td>\u00a0<\/td>\n<\/tr>\n<tr>\n<td>Szem\u00e9lyes preferencia (pl. nem, \u00e9letkor)<\/td>\n<td>\u00a0<\/td>\n<td>\u00a0<\/td>\n<td>\u00a0<\/td>\n<\/tr>\n<\/tbody>\n<\/table>\n<h2>T\u00e9vhitek \u00e9s kock\u00e1zatok<\/h2>\n<p><b>T\u00e9vhit 1:<\/b> \u201eAz azonos nem garant\u00e1lja, hogy jobban meg\u00e9rt.\u201d \u2013 A hasonl\u00f3s\u00e1g\u00e9rz\u00e9s seg\u00edthet a kezdetekkor, de az eredm\u00e9nyt a szakmai keret \u00e9s a munkasz\u00f6vets\u00e9g min\u0151s\u00e9ge hozza. <b>T\u00e9vh\u00edt 2:<\/b> \u201eA t\u00f6bb tapasztalat mindig jobb.\u201d \u2013 Tapasztalat sz\u00e1m\u00edt, de sz\u00e1m\u00edt az is, mennyire friss\u00edti tud\u00e1s\u00e1t, hogyan reflekt\u00e1l a saj\u00e1t munk\u00e1j\u00e1ra, \u00e9s mennyire tud rugalmasan illeszteni m\u00f3dszertant. <b>T\u00e9vh\u00edt 3:<\/b> \u201eHa j\u00f3l \u00e9rzem magam, akkor biztosan haladunk is.\u201d \u2013 A j\u00f3 \u00e9rz\u00e9s nem egyenl\u0151 a hat\u00e1ssal. K\u00e9rj m\u00e9rhet\u0151 m\u00e9rf\u00f6ldk\u00f6veket, \u00e9s n\u00e9zzetek r\u00e1 rendszeresen, mi v\u00e1ltozik a viselked\u00e9sben, d\u00f6nt\u00e9sekben, teljes\u00edtm\u00e9nyben. <b>Kock\u00e1zat:<\/b> ha a nem k\u00e9rd\u00e9se t\u00fals\u00e1gosan el\u0151t\u00e9rben van, k\u00f6nnyen elviszi a f\u00f3kuszt a l\u00e9nyegr\u0151l: a c\u00e9ljaidr\u00f3l \u00e9s a v\u00e1ltoz\u00e1s folyamatair\u00f3l. <b>Javaslat:<\/b> el\u0151sz\u00f6r kompetencia \u00e9s keret alapj\u00e1n sz\u0171k\u00edts, majd a preferenci\u00e1id (k\u00f6zt\u00fck a nem) szerint finomhangolj. \u00cdgy elker\u00fcl\u00f6d, hogy puha, szubjekt\u00edv szempontok fel\u00fcl\u00edrj\u00e1k a szakmai realit\u00e1st.<\/p>\n<h2>Dajka G\u00e1bor business coach szerint<\/h2>\n<p>\u201eA coach neme lehet szempont, de ritk\u00e1n d\u00f6nt. A fejl\u0151d\u00e9st az hozza, ha tiszta c\u00e9llal, m\u00e9rhet\u0151 keretekkel \u00e9s k\u00f6lcs\u00f6n\u00f6s tisztelettel dolgoztok. A k\u00e9mi\u00e1t keresd, de a munkasz\u00f6vets\u00e9get szerz\u0151dd meg.\u201d \u2013 Dajka G\u00e1bor<\/p>\n<h2>Szak\u00e9rt\u0151 v\u00e1laszol \u2013 GYIK<\/h2>\n<h3>Sz\u00e1m\u00edt-e a coach neme, ha karrierv\u00e1lt\u00e1s el\u0151tt \u00e1llok?<\/h3>\n<p>A legt\u00f6bb karrieresetben a m\u00f3dszertani illeszked\u00e9s, az ipar\u00e1gi \u00e9rz\u00e9k \u00e9s a struktur\u00e1lt c\u00e9lmunka d\u00f6nt. Ha azonos nem\u0171 coach mellett \u00e9rzed magad biztons\u00e1gban, ok\u00e9 \u2013 de ne engedd, hogy ez fel\u00fcl\u00edrja a kompetenci\u00e1t \u00e9s a m\u00e9rhet\u0151s\u00e9get.<\/p>\n<h3>Mennyire relev\u00e1ns a nemi preferencia \u00e9rz\u00e9keny t\u00e9m\u00e1k eset\u00e9n?<\/h3>\n<p>Traum\u00e1hoz, hat\u00e1r\u00e1tl\u00e9p\u00e9sekhez, intim dilemm\u00e1khoz k\u00f6t\u0151d\u0151 \u00fcgyekn\u00e9l a megny\u00edl\u00e1s biztons\u00e1ga kulcs. Ha a nem seg\u00edt, vedd sz\u00e1m\u00edt\u00e1sba \u2013 de ellen\u0151rizd, hogy a coach etikailag \u00e9s m\u00f3dszertanilag kompetens-e a t\u00e9ma kereteihez, \u00e9s sz\u00fcks\u00e9g eset\u00e9n tov\u00e1bbir\u00e1ny\u00edt-e ter\u00e1pi\u00e1ra.<\/p>\n<h3>V\u00e1llalati megb\u00edz\u00e1sn\u00e1l belesz\u00f3lhat a megrendel\u0151 a coach nem\u00e9be?<\/h3>\n<p>Bele szokott. \u00c9rdemes el\u0151re tiszt\u00e1zni: a kiv\u00e1laszt\u00e1s els\u0151 sz\u0171r\u0151je legyen a kompetencia, az etika \u00e9s az ipar\u00e1gi tapasztalat. A nem lehet finomhangol\u00f3 szempont, nem els\u0151dleges kiv\u00e1laszt\u00e1si krit\u00e9rium.<\/p>\n<h3>Itthon mennyire fontos az akkredit\u00e1ci\u00f3 (ICF\/EMCC)?<\/h3>\n<p>Nem kiz\u00e1r\u00f3lagos, de er\u0151s min\u0151s\u00e9gi jelz\u00e9s: keretrendszert, etikai k\u00f6telezetts\u00e9get \u00e9s folyamatos fejl\u0151d\u00e9st jelez. Ha nincs akkredit\u00e1ci\u00f3, k\u00e9rj r\u00e9szletes m\u00f3dszertani ismertet\u0151t \u00e9s referenci\u00e1kat; a szakmai \u00e1tl\u00e1that\u00f3s\u00e1g legyen ekkor is felt\u00e9tel.<\/p>\n<h3>Hogyan m\u00e9rjem, hogy \u201em\u0171k\u00f6dik\u201d a coaching?<\/h3>\n<p>El\u0151re defini\u00e1lt, viselked\u00e9ses \u00e9s eredm\u00e9nyindik\u00e1torokkal (p\u00e9ld\u00e1ul d\u00f6nt\u00e9si ciklusideje, deleg\u00e1l\u00e1si ar\u00e1ny, konfliktuskezel\u00e9si viselked\u00e9s), id\u0151b\u00e9lyeggel. Rendszeresen tartsatok metaszint\u0171 \u00e9rt\u00e9kel\u00e9st; ha nincs halad\u00e1s, v\u00e1ltoztassatok eszk\u00f6zt vagy temp\u00f3t \u2013 legv\u00e9gs\u0151 esetben v\u00e1lts coachot.<\/p>\n<h2>Forr\u00e1sok<\/h2>\n<p><a href=\"https:\/\/publications.aston.ac.uk\/id\/eprint\/25642\/1\/Meta_analysis_of_learning_and_performance_outcomes_from_coaching.pdf\">Jones, R. J., Woods, S. A., &amp; Guillaume, Y. R. F. (2016). The effectiveness of workplace coaching: A meta-analysis\u2026<\/a><\/p>\n<p><a href=\"https:\/\/discovery.ucl.ac.uk\/10155559\/2\/McClelland_Coach.pdf\">Furnham, A. et al. (2023). Choosing a Coach: The influence of age, gender and background\u2026<\/a><\/p>\n<p><a href=\"https:\/\/pmc.ncbi.nlm.nih.gov\/articles\/PMC10597717\/\">Cannon-Bowers, J. A. et al. (2023). Workplace coaching: a meta-analysis and recommendations\u2026<\/a><\/p>\n","protected":false},"excerpt":{"rendered":"<p>Amikor life coachot v\u00e1lasztasz, \u00f6szt\u00f6n\u00f6sen felmer\u00fcl a k\u00e9rd\u00e9s: sz\u00e1m\u00edt-e a coach neme? R\u00f6viden: kev\u00e9sb\u00e9, mint gondoln\u00e1d. A legt\u00f6bb folyamat siker\u00e9t nem a biol\u00f3giai vagy t\u00e1rsadalmi nem d\u00f6nti el, hanem az, hogy mennyire illeszkedik a coach m\u00f3dszertana, szeml\u00e9lete \u00e9s kommunik\u00e1ci\u00f3ja a c\u00e9ljaidhoz, a motiv\u00e1ci\u00f3dhoz \u00e9s a helyzetedhez. A gyakorlatban azt l\u00e1tom, hogy a kliensek egy r\u00e9sze&#8230;<\/p>\n","protected":false},"author":1,"featured_media":336,"comment_status":"closed","ping_status":"open","sticky":false,"template":"","format":"standard","meta":{"footnotes":""},"categories":[3],"tags":[],"class_list":["post-335","post","type-post","status-publish","format-standard","has-post-thumbnail","hentry","category-coaching-es-pszichologia-egerben"],"yoast_head":"<!-- This site is optimized with the Yoast SEO plugin v27.5 - https:\/\/yoast.com\/product\/yoast-seo-wordpress\/ -->\n<title>F\u00e9rfi vagy n\u0151i life coach: melyik a jobb v\u00e1laszt\u00e1s?<\/title>\n<meta name=\"robots\" content=\"index, follow, max-snippet:-1, max-image-preview:large, max-video-preview:-1\" \/>\n<link rel=\"canonical\" href=\"https:\/\/egercoach.hu\/blog\/ferfi-vagy-noi-life-coach-ot-valasszunk\/\" \/>\n<meta property=\"og:locale\" content=\"hu_HU\" \/>\n<meta property=\"og:type\" content=\"article\" \/>\n<meta property=\"og:title\" content=\"F\u00e9rfi vagy n\u0151i life coach: melyik a jobb v\u00e1laszt\u00e1s?\" \/>\n<meta property=\"og:description\" content=\"Amikor life coachot v\u00e1lasztasz, \u00f6szt\u00f6n\u00f6sen felmer\u00fcl a k\u00e9rd\u00e9s: sz\u00e1m\u00edt-e a coach neme? R\u00f6viden: kev\u00e9sb\u00e9, mint gondoln\u00e1d. A legt\u00f6bb folyamat siker\u00e9t nem a biol\u00f3giai vagy t\u00e1rsadalmi nem d\u00f6nti el, hanem az, hogy mennyire illeszkedik a coach m\u00f3dszertana, szeml\u00e9lete \u00e9s kommunik\u00e1ci\u00f3ja a c\u00e9ljaidhoz, a motiv\u00e1ci\u00f3dhoz \u00e9s a helyzetedhez. A gyakorlatban azt l\u00e1tom, hogy a kliensek egy r\u00e9sze...\" \/>\n<meta property=\"og:url\" content=\"https:\/\/egercoach.hu\/blog\/ferfi-vagy-noi-life-coach-ot-valasszunk\/\" \/>\n<meta property=\"og:site_name\" content=\"Az Egri Coach Blogja\" \/>\n<meta property=\"article:publisher\" content=\"https:\/\/www.facebook.com\/eger.coach\" \/>\n<meta property=\"article:published_time\" content=\"2024-08-30T05:30:37+00:00\" \/>\n<meta property=\"article:modified_time\" content=\"2025-10-24T02:13:37+00:00\" \/>\n<meta property=\"og:image\" content=\"https:\/\/egercoach.hu\/blog\/wp-content\/uploads\/2024\/08\/a-session-of-psychological-therapy.jpg\" \/>\n\t<meta property=\"og:image:width\" content=\"1500\" \/>\n\t<meta property=\"og:image:height\" content=\"844\" \/>\n\t<meta property=\"og:image:type\" content=\"image\/jpeg\" \/>\n<meta name=\"author\" content=\"Dajka G\u00e1bor\" \/>\n<meta name=\"twitter:card\" content=\"summary_large_image\" \/>\n<meta name=\"twitter:label1\" content=\"Szerz\u0151:\" \/>\n\t<meta name=\"twitter:data1\" content=\"Dajka G\u00e1bor\" \/>\n\t<meta name=\"twitter:label2\" content=\"Becs\u00fclt olvas\u00e1si id\u0151\" \/>\n\t<meta name=\"twitter:data2\" content=\"9 perc\" \/>\n<script type=\"application\/ld+json\" class=\"yoast-schema-graph\">{\"@context\":\"https:\\\/\\\/schema.org\",\"@graph\":[{\"@type\":\"Article\",\"@id\":\"https:\\\/\\\/egercoach.hu\\\/blog\\\/ferfi-vagy-noi-life-coach-ot-valasszunk\\\/#article\",\"isPartOf\":{\"@id\":\"https:\\\/\\\/egercoach.hu\\\/blog\\\/ferfi-vagy-noi-life-coach-ot-valasszunk\\\/\"},\"author\":{\"name\":\"Dajka G\u00e1bor\",\"@id\":\"https:\\\/\\\/egercoach.hu\\\/blog\\\/#\\\/schema\\\/person\\\/afc73367aa314ca33a9c8d3b88dce6e7\"},\"headline\":\"F\u00e9rfi vagy n\u0151i life coach: melyik a jobb v\u00e1laszt\u00e1s?\",\"datePublished\":\"2024-08-30T05:30:37+00:00\",\"dateModified\":\"2025-10-24T02:13:37+00:00\",\"mainEntityOfPage\":{\"@id\":\"https:\\\/\\\/egercoach.hu\\\/blog\\\/ferfi-vagy-noi-life-coach-ot-valasszunk\\\/\"},\"wordCount\":2562,\"publisher\":{\"@id\":\"https:\\\/\\\/egercoach.hu\\\/blog\\\/#organization\"},\"image\":{\"@id\":\"https:\\\/\\\/egercoach.hu\\\/blog\\\/ferfi-vagy-noi-life-coach-ot-valasszunk\\\/#primaryimage\"},\"thumbnailUrl\":\"https:\\\/\\\/egercoach.hu\\\/blog\\\/wp-content\\\/uploads\\\/2024\\\/08\\\/a-session-of-psychological-therapy.jpg\",\"articleSection\":[\"Life coaching Egerben\"],\"inLanguage\":\"hu\"},{\"@type\":\"WebPage\",\"@id\":\"https:\\\/\\\/egercoach.hu\\\/blog\\\/ferfi-vagy-noi-life-coach-ot-valasszunk\\\/\",\"url\":\"https:\\\/\\\/egercoach.hu\\\/blog\\\/ferfi-vagy-noi-life-coach-ot-valasszunk\\\/\",\"name\":\"F\u00e9rfi vagy n\u0151i life coach: melyik a jobb v\u00e1laszt\u00e1s?\",\"isPartOf\":{\"@id\":\"https:\\\/\\\/egercoach.hu\\\/blog\\\/#website\"},\"primaryImageOfPage\":{\"@id\":\"https:\\\/\\\/egercoach.hu\\\/blog\\\/ferfi-vagy-noi-life-coach-ot-valasszunk\\\/#primaryimage\"},\"image\":{\"@id\":\"https:\\\/\\\/egercoach.hu\\\/blog\\\/ferfi-vagy-noi-life-coach-ot-valasszunk\\\/#primaryimage\"},\"thumbnailUrl\":\"https:\\\/\\\/egercoach.hu\\\/blog\\\/wp-content\\\/uploads\\\/2024\\\/08\\\/a-session-of-psychological-therapy.jpg\",\"datePublished\":\"2024-08-30T05:30:37+00:00\",\"dateModified\":\"2025-10-24T02:13:37+00:00\",\"breadcrumb\":{\"@id\":\"https:\\\/\\\/egercoach.hu\\\/blog\\\/ferfi-vagy-noi-life-coach-ot-valasszunk\\\/#breadcrumb\"},\"inLanguage\":\"hu\",\"potentialAction\":[{\"@type\":\"ReadAction\",\"target\":[\"https:\\\/\\\/egercoach.hu\\\/blog\\\/ferfi-vagy-noi-life-coach-ot-valasszunk\\\/\"]}]},{\"@type\":\"ImageObject\",\"inLanguage\":\"hu\",\"@id\":\"https:\\\/\\\/egercoach.hu\\\/blog\\\/ferfi-vagy-noi-life-coach-ot-valasszunk\\\/#primaryimage\",\"url\":\"https:\\\/\\\/egercoach.hu\\\/blog\\\/wp-content\\\/uploads\\\/2024\\\/08\\\/a-session-of-psychological-therapy.jpg\",\"contentUrl\":\"https:\\\/\\\/egercoach.hu\\\/blog\\\/wp-content\\\/uploads\\\/2024\\\/08\\\/a-session-of-psychological-therapy.jpg\",\"width\":1500,\"height\":844,\"caption\":\"A session of psychological therapy\"},{\"@type\":\"BreadcrumbList\",\"@id\":\"https:\\\/\\\/egercoach.hu\\\/blog\\\/ferfi-vagy-noi-life-coach-ot-valasszunk\\\/#breadcrumb\",\"itemListElement\":[{\"@type\":\"ListItem\",\"position\":1,\"name\":\"Kezd\u0151lap\",\"item\":\"https:\\\/\\\/egercoach.hu\\\/blog\\\/\"},{\"@type\":\"ListItem\",\"position\":2,\"name\":\"F\u00e9rfi vagy n\u0151i life coach: melyik a jobb v\u00e1laszt\u00e1s?\"}]},{\"@type\":\"WebSite\",\"@id\":\"https:\\\/\\\/egercoach.hu\\\/blog\\\/#website\",\"url\":\"https:\\\/\\\/egercoach.hu\\\/blog\\\/\",\"name\":\"Eger Coach Blog\",\"description\":\"\",\"publisher\":{\"@id\":\"https:\\\/\\\/egercoach.hu\\\/blog\\\/#organization\"},\"potentialAction\":[{\"@type\":\"SearchAction\",\"target\":{\"@type\":\"EntryPoint\",\"urlTemplate\":\"https:\\\/\\\/egercoach.hu\\\/blog\\\/?s={search_term_string}\"},\"query-input\":{\"@type\":\"PropertyValueSpecification\",\"valueRequired\":true,\"valueName\":\"search_term_string\"}}],\"inLanguage\":\"hu\"},{\"@type\":\"Organization\",\"@id\":\"https:\\\/\\\/egercoach.hu\\\/blog\\\/#organization\",\"name\":\"Eger Coach Blog\",\"url\":\"https:\\\/\\\/egercoach.hu\\\/blog\\\/\",\"logo\":{\"@type\":\"ImageObject\",\"inLanguage\":\"hu\",\"@id\":\"https:\\\/\\\/egercoach.hu\\\/blog\\\/#\\\/schema\\\/logo\\\/image\\\/\",\"url\":\"https:\\\/\\\/egercoach.hu\\\/blog\\\/wp-content\\\/uploads\\\/2025\\\/05\\\/cropped-Eger.png\",\"contentUrl\":\"https:\\\/\\\/egercoach.hu\\\/blog\\\/wp-content\\\/uploads\\\/2025\\\/05\\\/cropped-Eger.png\",\"width\":500,\"height\":169,\"caption\":\"Eger Coach Blog\"},\"image\":{\"@id\":\"https:\\\/\\\/egercoach.hu\\\/blog\\\/#\\\/schema\\\/logo\\\/image\\\/\"},\"sameAs\":[\"https:\\\/\\\/www.facebook.com\\\/eger.coach\"]},{\"@type\":\"Person\",\"@id\":\"https:\\\/\\\/egercoach.hu\\\/blog\\\/#\\\/schema\\\/person\\\/afc73367aa314ca33a9c8d3b88dce6e7\",\"name\":\"Dajka G\u00e1bor\",\"image\":{\"@type\":\"ImageObject\",\"inLanguage\":\"hu\",\"@id\":\"https:\\\/\\\/secure.gravatar.com\\\/avatar\\\/81566ea1e2b3466baa03e9bdcdaa835f58564d8be90057a45f3e61711dc8a063?s=96&d=mm&r=g\",\"url\":\"https:\\\/\\\/secure.gravatar.com\\\/avatar\\\/81566ea1e2b3466baa03e9bdcdaa835f58564d8be90057a45f3e61711dc8a063?s=96&d=mm&r=g\",\"contentUrl\":\"https:\\\/\\\/secure.gravatar.com\\\/avatar\\\/81566ea1e2b3466baa03e9bdcdaa835f58564d8be90057a45f3e61711dc8a063?s=96&d=mm&r=g\",\"caption\":\"Dajka G\u00e1bor\"},\"sameAs\":[\"https:\\\/\\\/egercoach.hu\\\/blog\"],\"url\":\"https:\\\/\\\/egercoach.hu\\\/blog\\\/author\\\/adminka\\\/\"}]}<\/script>\n<!-- \/ Yoast SEO plugin. -->","yoast_head_json":{"title":"F\u00e9rfi vagy n\u0151i life coach: melyik a jobb v\u00e1laszt\u00e1s?","robots":{"index":"index","follow":"follow","max-snippet":"max-snippet:-1","max-image-preview":"max-image-preview:large","max-video-preview":"max-video-preview:-1"},"canonical":"https:\/\/egercoach.hu\/blog\/ferfi-vagy-noi-life-coach-ot-valasszunk\/","og_locale":"hu_HU","og_type":"article","og_title":"F\u00e9rfi vagy n\u0151i life coach: melyik a jobb v\u00e1laszt\u00e1s?","og_description":"Amikor life coachot v\u00e1lasztasz, \u00f6szt\u00f6n\u00f6sen felmer\u00fcl a k\u00e9rd\u00e9s: sz\u00e1m\u00edt-e a coach neme? R\u00f6viden: kev\u00e9sb\u00e9, mint gondoln\u00e1d. A legt\u00f6bb folyamat siker\u00e9t nem a biol\u00f3giai vagy t\u00e1rsadalmi nem d\u00f6nti el, hanem az, hogy mennyire illeszkedik a coach m\u00f3dszertana, szeml\u00e9lete \u00e9s kommunik\u00e1ci\u00f3ja a c\u00e9ljaidhoz, a motiv\u00e1ci\u00f3dhoz \u00e9s a helyzetedhez. A gyakorlatban azt l\u00e1tom, hogy a kliensek egy r\u00e9sze...","og_url":"https:\/\/egercoach.hu\/blog\/ferfi-vagy-noi-life-coach-ot-valasszunk\/","og_site_name":"Az Egri Coach Blogja","article_publisher":"https:\/\/www.facebook.com\/eger.coach","article_published_time":"2024-08-30T05:30:37+00:00","article_modified_time":"2025-10-24T02:13:37+00:00","og_image":[{"width":1500,"height":844,"url":"https:\/\/egercoach.hu\/blog\/wp-content\/uploads\/2024\/08\/a-session-of-psychological-therapy.jpg","type":"image\/jpeg"}],"author":"Dajka G\u00e1bor","twitter_card":"summary_large_image","twitter_misc":{"Szerz\u0151:":"Dajka G\u00e1bor","Becs\u00fclt olvas\u00e1si id\u0151":"9 perc"},"schema":{"@context":"https:\/\/schema.org","@graph":[{"@type":"Article","@id":"https:\/\/egercoach.hu\/blog\/ferfi-vagy-noi-life-coach-ot-valasszunk\/#article","isPartOf":{"@id":"https:\/\/egercoach.hu\/blog\/ferfi-vagy-noi-life-coach-ot-valasszunk\/"},"author":{"name":"Dajka G\u00e1bor","@id":"https:\/\/egercoach.hu\/blog\/#\/schema\/person\/afc73367aa314ca33a9c8d3b88dce6e7"},"headline":"F\u00e9rfi vagy n\u0151i life coach: melyik a jobb v\u00e1laszt\u00e1s?","datePublished":"2024-08-30T05:30:37+00:00","dateModified":"2025-10-24T02:13:37+00:00","mainEntityOfPage":{"@id":"https:\/\/egercoach.hu\/blog\/ferfi-vagy-noi-life-coach-ot-valasszunk\/"},"wordCount":2562,"publisher":{"@id":"https:\/\/egercoach.hu\/blog\/#organization"},"image":{"@id":"https:\/\/egercoach.hu\/blog\/ferfi-vagy-noi-life-coach-ot-valasszunk\/#primaryimage"},"thumbnailUrl":"https:\/\/egercoach.hu\/blog\/wp-content\/uploads\/2024\/08\/a-session-of-psychological-therapy.jpg","articleSection":["Life coaching Egerben"],"inLanguage":"hu"},{"@type":"WebPage","@id":"https:\/\/egercoach.hu\/blog\/ferfi-vagy-noi-life-coach-ot-valasszunk\/","url":"https:\/\/egercoach.hu\/blog\/ferfi-vagy-noi-life-coach-ot-valasszunk\/","name":"F\u00e9rfi vagy n\u0151i life coach: melyik a jobb v\u00e1laszt\u00e1s?","isPartOf":{"@id":"https:\/\/egercoach.hu\/blog\/#website"},"primaryImageOfPage":{"@id":"https:\/\/egercoach.hu\/blog\/ferfi-vagy-noi-life-coach-ot-valasszunk\/#primaryimage"},"image":{"@id":"https:\/\/egercoach.hu\/blog\/ferfi-vagy-noi-life-coach-ot-valasszunk\/#primaryimage"},"thumbnailUrl":"https:\/\/egercoach.hu\/blog\/wp-content\/uploads\/2024\/08\/a-session-of-psychological-therapy.jpg","datePublished":"2024-08-30T05:30:37+00:00","dateModified":"2025-10-24T02:13:37+00:00","breadcrumb":{"@id":"https:\/\/egercoach.hu\/blog\/ferfi-vagy-noi-life-coach-ot-valasszunk\/#breadcrumb"},"inLanguage":"hu","potentialAction":[{"@type":"ReadAction","target":["https:\/\/egercoach.hu\/blog\/ferfi-vagy-noi-life-coach-ot-valasszunk\/"]}]},{"@type":"ImageObject","inLanguage":"hu","@id":"https:\/\/egercoach.hu\/blog\/ferfi-vagy-noi-life-coach-ot-valasszunk\/#primaryimage","url":"https:\/\/egercoach.hu\/blog\/wp-content\/uploads\/2024\/08\/a-session-of-psychological-therapy.jpg","contentUrl":"https:\/\/egercoach.hu\/blog\/wp-content\/uploads\/2024\/08\/a-session-of-psychological-therapy.jpg","width":1500,"height":844,"caption":"A session of psychological therapy"},{"@type":"BreadcrumbList","@id":"https:\/\/egercoach.hu\/blog\/ferfi-vagy-noi-life-coach-ot-valasszunk\/#breadcrumb","itemListElement":[{"@type":"ListItem","position":1,"name":"Kezd\u0151lap","item":"https:\/\/egercoach.hu\/blog\/"},{"@type":"ListItem","position":2,"name":"F\u00e9rfi vagy n\u0151i life coach: melyik a jobb v\u00e1laszt\u00e1s?"}]},{"@type":"WebSite","@id":"https:\/\/egercoach.hu\/blog\/#website","url":"https:\/\/egercoach.hu\/blog\/","name":"Eger Coach Blog","description":"","publisher":{"@id":"https:\/\/egercoach.hu\/blog\/#organization"},"potentialAction":[{"@type":"SearchAction","target":{"@type":"EntryPoint","urlTemplate":"https:\/\/egercoach.hu\/blog\/?s={search_term_string}"},"query-input":{"@type":"PropertyValueSpecification","valueRequired":true,"valueName":"search_term_string"}}],"inLanguage":"hu"},{"@type":"Organization","@id":"https:\/\/egercoach.hu\/blog\/#organization","name":"Eger Coach Blog","url":"https:\/\/egercoach.hu\/blog\/","logo":{"@type":"ImageObject","inLanguage":"hu","@id":"https:\/\/egercoach.hu\/blog\/#\/schema\/logo\/image\/","url":"https:\/\/egercoach.hu\/blog\/wp-content\/uploads\/2025\/05\/cropped-Eger.png","contentUrl":"https:\/\/egercoach.hu\/blog\/wp-content\/uploads\/2025\/05\/cropped-Eger.png","width":500,"height":169,"caption":"Eger Coach Blog"},"image":{"@id":"https:\/\/egercoach.hu\/blog\/#\/schema\/logo\/image\/"},"sameAs":["https:\/\/www.facebook.com\/eger.coach"]},{"@type":"Person","@id":"https:\/\/egercoach.hu\/blog\/#\/schema\/person\/afc73367aa314ca33a9c8d3b88dce6e7","name":"Dajka G\u00e1bor","image":{"@type":"ImageObject","inLanguage":"hu","@id":"https:\/\/secure.gravatar.com\/avatar\/81566ea1e2b3466baa03e9bdcdaa835f58564d8be90057a45f3e61711dc8a063?s=96&d=mm&r=g","url":"https:\/\/secure.gravatar.com\/avatar\/81566ea1e2b3466baa03e9bdcdaa835f58564d8be90057a45f3e61711dc8a063?s=96&d=mm&r=g","contentUrl":"https:\/\/secure.gravatar.com\/avatar\/81566ea1e2b3466baa03e9bdcdaa835f58564d8be90057a45f3e61711dc8a063?s=96&d=mm&r=g","caption":"Dajka G\u00e1bor"},"sameAs":["https:\/\/egercoach.hu\/blog"],"url":"https:\/\/egercoach.hu\/blog\/author\/adminka\/"}]}},"_links":{"self":[{"href":"https:\/\/egercoach.hu\/blog\/wp-json\/wp\/v2\/posts\/335","targetHints":{"allow":["GET"]}}],"collection":[{"href":"https:\/\/egercoach.hu\/blog\/wp-json\/wp\/v2\/posts"}],"about":[{"href":"https:\/\/egercoach.hu\/blog\/wp-json\/wp\/v2\/types\/post"}],"author":[{"embeddable":true,"href":"https:\/\/egercoach.hu\/blog\/wp-json\/wp\/v2\/users\/1"}],"replies":[{"embeddable":true,"href":"https:\/\/egercoach.hu\/blog\/wp-json\/wp\/v2\/comments?post=335"}],"version-history":[{"count":0,"href":"https:\/\/egercoach.hu\/blog\/wp-json\/wp\/v2\/posts\/335\/revisions"}],"wp:featuredmedia":[{"embeddable":true,"href":"https:\/\/egercoach.hu\/blog\/wp-json\/wp\/v2\/media\/336"}],"wp:attachment":[{"href":"https:\/\/egercoach.hu\/blog\/wp-json\/wp\/v2\/media?parent=335"}],"wp:term":[{"taxonomy":"category","embeddable":true,"href":"https:\/\/egercoach.hu\/blog\/wp-json\/wp\/v2\/categories?post=335"},{"taxonomy":"post_tag","embeddable":true,"href":"https:\/\/egercoach.hu\/blog\/wp-json\/wp\/v2\/tags?post=335"}],"curies":[{"name":"wp","href":"https:\/\/api.w.org\/{rel}","templated":true}]}}