{"id":356,"date":"2024-09-02T08:14:43","date_gmt":"2024-09-02T06:14:43","guid":{"rendered":"https:\/\/egercoach.hu\/blog\/?p=356"},"modified":"2025-12-14T08:09:10","modified_gmt":"2025-12-14T07:09:10","slug":"a-halalfelelem-legyozesenek-utja","status":"publish","type":"post","link":"https:\/\/egercoach.hu\/blog\/a-halalfelelem-legyozesenek-utja\/","title":{"rendered":"Hal\u00e1lf\u00e9lelem legy\u0151z\u00e9se: hogyan szabaduljunk a f\u00e9lelemt\u0151l?"},"content":{"rendered":"<p>A hal\u00e1l t\u00e9m\u00e1ja \u00e9vsz\u00e1zadok \u00f3ta egyszerre vonz \u00e9s tasz\u00edt. A nyelv\u00fcnkben is ott a kett\u0151ss\u00e9g: mik\u00f6zben \u201e\u00e9letv\u00e9gi\u201d k\u00e9rd\u00e9sekr\u0151l t\u00e1rgyilagosan besz\u00e9l\u00fcnk, a saj\u00e1t v\u00e9gess\u00e9g\u00fcnk eml\u00edt\u00e9s\u00e9re k\u00f6nnyen megfesz\u00fcl a test, \u00f6sszer\u00e1ndul a gyomor, \u00e9s elindul a fejben az a j\u00f3l ismert bels\u0151 monol\u00f3g: \u201eMi lesz velem? Mi lesz a szeretteimmel?\u201d A hal\u00e1lf\u00e9lelem \u2013 sz\u0171kebb \u00e9rtelemben a thanatof\u00f3bia \u2013 nem ritka, \u00e9s nem is a gyenges\u00e9g jele. Ink\u00e1bb az \u00e9l\u0151 szervezet term\u00e9szetes riaszt\u00f3rendszer\u00e9nek t\u00falm\u0171k\u00f6d\u00e9se, amely akkor v\u00e1lik megterhel\u0151v\u00e9, ha besz\u0171k\u00edti az \u00e9letteret, elhalv\u00e1ny\u00edtja az \u00f6r\u00f6m\u00f6t, vagy tart\u00f3s szorong\u00e1ss\u00e1 szil\u00e1rdul. E cikk c\u00e9lja nem a p\u00e1tosz, hanem a tiszt\u00e1z\u00e1s: mi a hal\u00e1lf\u00e9lelem pszichol\u00f3giai \u201elogik\u00e1ja\u201d, milyen evol\u00faci\u00f3s, kognit\u00edv \u00e9s t\u00e1rsas t\u00e9nyez\u0151k tartj\u00e1k fenn, \u00e9s \u2013 ami a legfontosabb \u2013 hogyan lehet vele dolgozni. Nem \u00edg\u00e9rek \u201einstant megold\u00e1st\u201d; helyette k\u00f6vethet\u0151, bizony\u00edt\u00e9kokra \u00e9s j\u00f3 gyakorlatokra \u00e9p\u00fcl\u0151 l\u00e9p\u00e9seket adok, amelyek a h\u00e9tk\u00f6znapokban is alkalmazhat\u00f3k. A szeml\u00e9let egy\u00e9rtelm\u0171: az elfogad\u00e1s \u00e9s a cselekv\u0151 jelenl\u00e9t alkut k\u00f6t a szorong\u00e1ssal \u00fagy, hogy k\u00f6zben visszaadja a d\u00f6nt\u00e9s szabads\u00e1g\u00e1t.<\/p>\n<h2>Mi a hal\u00e1lf\u00e9lelem<\/h2>\n<p>A hal\u00e1lf\u00e9lelem a vesztes\u00e9gt\u0151l \u00e9s ismeretlent\u0151l val\u00f3 alapf\u00e9lelem saj\u00e1tos form\u00e1ja, amelyben egyszerre jelenik meg a testi megsemmis\u00fcl\u00e9st\u0151l, a kontroll elveszt\u00e9s\u00e9t\u0151l, a f\u00e1jdalomt\u00f3l, a mag\u00e1nyt\u00f3l \u00e9s a szerettek elhagy\u00e1s\u00e1t\u00f3l val\u00f3 retteg\u00e9s. Nem minden hal\u00e1llal kapcsolatos gondolat k\u00f3ros: a haland\u00f3s\u00e1g tudata r\u00e9sze a feln\u0151tt\u00e9 v\u00e1l\u00e1snak, s\u0151t, a felel\u0151s tervez\u00e9snek is. A probl\u00e9ma ott kezd\u0151dik, amikor a gondolatok k\u00e9nyszer\u0171en visszat\u00e9rnek, a testi t\u00fcnetek (sz\u00edvdobog\u00e1s, l\u00e9gszomj, remeg\u00e9s) gyakoriak, \u00e9s az elker\u00fcl\u00e9s (k\u00f3rh\u00e1zak, temet\u0151k, h\u00edrek, bizonyos besz\u00e9lget\u00e9sek) fokozatosan besz\u0171k\u00edti a mindennapokat. Tipikus kognit\u00edv mint\u00e1zatok: a \u201emi van, ha\u2026\u201d l\u00e1ncok, a tragikus t\u00fal\u00e1ltal\u00e1nos\u00edt\u00e1s, a katasztrofiz\u00e1l\u00e1s \u00e9s a fekete\u2013feh\u00e9r gondolkod\u00e1s. Viselked\u00e9ses oldalon megjelenik a t\u00falzott megnyugtat\u00e1s-keres\u00e9s (folyamatos orvosi csoportok, f\u00f3rumok b\u00f6ng\u00e9sz\u00e9se), a biztos\u00edt\u00e9kok halmoz\u00e1sa (vizsg\u00e1latok ism\u00e9tl\u00e9se), vagy \u00e9pp a t\u00e9ma teljes kiker\u00fcl\u00e9se. Fontos k\u00fcl\u00f6nbs\u00e9g: a hal\u00e1lf\u00e9lelem lehet \u00f6n\u00e1ll\u00f3 probl\u00e9ma, de gyakran t\u00e1rsul p\u00e1nikzavarral, eg\u00e9szs\u00e9gszorong\u00e1ssal, k\u00e9nyszeres zavarokkal, poszttraum\u00e1s reakci\u00f3val. A meg\u00e9rt\u00e9s els\u0151 l\u00e9p\u00e9se ez\u00e9rt a pontos megk\u00fcl\u00f6nb\u00f6ztet\u00e9s: mire ir\u00e1nyul a f\u00e9lelem, mit er\u0151s\u00edt, \u00e9s mit gyeng\u00edt a h\u00e9tk\u00f6znapi m\u0171k\u00f6d\u00e9sben.<\/p>\n<h2>Okok \u00e9s mechanizmusok<\/h2>\n<p>H\u00e1rom szinten \u00e9rdemes gondolkodni. Biol\u00f3giai szinten a szervezet stresszv\u00e1lasza \u2013 a kortizol, adrenalin, noradrenalin rendszere \u2013 gyors\u00edt, sz\u0171k\u00edti a f\u00f3kuszt, \u00e9s r\u00f6vid t\u00e1von a t\u00fal\u00e9l\u00e9st seg\u00edti. Ha azonban a riaszt\u00f3rendszer t\u00fal gyakran aktiv\u00e1l\u00f3dik, \u201eberagad\u201d, \u00e9s \u00f6nmag\u00e1t er\u0151s\u00edti: a testi jelek (sz\u00edvdobog\u00e1s, izzad\u00e1s) \u00f6nmagukban is riad\u00f3t jelentenek (\u201ebiztos baj van\u201d), \u00edgy j\u00e1rul\u00e9kos szorong\u00e1s \u00e9p\u00fcl r\u00e1juk. Pszichol\u00f3giai szinten bel\u00e9pnek a jelent\u00e9sad\u00e1si mint\u00e1zatok: az ismeretlenre val\u00f3 alacsony tolerancia, a kontrollhoz val\u00f3 t\u00falzott ragaszkod\u00e1s, a vesztes\u00e9gre hangolt figyelem. T\u00e1rsas-kultur\u00e1lis szinten a hal\u00e1lt tabus\u00edt\u00f3 k\u00f6zegek, a hib\u00e1tlans\u00e1gra t\u00f6rekv\u0151 munkakult\u00far\u00e1k \u00e9s a \u201emindig fiatal, mindig sikeres\u201d norm\u00e1k azt \u00fczenik: a v\u00e9gess\u00e9gr\u0151l hallgatni illik, \u00edgy a term\u00e9szetes f\u00e9lelmek nem kapnak nyelvet \u00e9s ritu\u00e1l\u00e9t. V\u00e9g\u00fcl ott az egzisztenci\u00e1lis dimenzi\u00f3: miben l\u00e1tod az \u00e9leted \u00e9rtelm\u00e9t, kapcsolataid min\u0151s\u00e9g\u00e9t, \u00e9s mennyire \u00e9led meg, hogy sz\u00e1m\u00edtasz. A hal\u00e1lf\u00e9lelem ritk\u00e1n \u201ecsak\u201d a hal\u00e1lr\u00f3l sz\u00f3l; gyakran t\u00fcnet arr\u00f3l, hogy valami fontos az \u00e9letben \u2013 kapcsolat, c\u00e9l, felel\u0151ss\u00e9g \u2013 elken\u0151d\u00f6tt. Ha ezen a szinten dolgozol, nem a f\u00e9lelmet \u201ekell eln\u00e9m\u00edtani\u201d, hanem a kapcsol\u00f3d\u00e1st, a c\u00e9lt \u00e9s a felel\u0151ss\u00e9get \u00fajra\u00e9leszteni.<\/p>\n<h2>Elfogad\u00e1s \u00e9s szeml\u00e9letv\u00e1lt\u00e1s<\/h2>\n<p>A hal\u00e1l az \u00e9let szerkezet\u00e9hez tartozik. Ez a mondat nem vigasztal\u00e1s, hanem t\u00e9nyszer\u0171 keret. Az elfogad\u00e1s nem passzivit\u00e1s; azt jelenti, hogy abbahagyod a megv\u00e1ltoztathatatlan elleni k\u00fczdelmet, \u00e9s energi\u00e1t szabad\u00edtasz fel arra, amit befoly\u00e1solhatsz: a jelenl\u00e9t min\u0151s\u00e9g\u00e9re, a kapcsolataid \u00e1pol\u00e1s\u00e1ra, a tested \u00e9s lelked gondoz\u00e1s\u00e1ra. Az elfogad\u00e1s- \u00e9s \u00e9rt\u00e9kalap\u00fa megk\u00f6zel\u00edt\u00e9sek (p\u00e9ld\u00e1ul a kognit\u00edv\u2013viselked\u00e9ses \u00e9s az elfogad\u00e1s\u2013elk\u00f6telez\u0151d\u00e9s szeml\u00e9let) nem \u201eelnyomni\u201d tan\u00edtj\u00e1k a f\u00e9lelmet, hanem egy\u00fctt \u00e9lni vele \u00fagy, hogy k\u00f6zben nem veszi \u00e1t az ir\u00e1ny\u00edt\u00e1st. Gyakorlataik \u2013 a gondolatok megfigyel\u00e9se, a testi \u00e9rzetekhez val\u00f3 k\u00edv\u00e1ncsi odafordul\u00e1s, a viselked\u00e9si k\u00eds\u00e9rletek \u2013 a tapasztalaton kereszt\u00fcl szel\u00edd\u00edtik a riaszt\u00f3rendszert. A gondolat nem t\u00e9ny: \u201eMost a fejem azt mondja, hogy biztosan t\u00f6rt\u00e9nik velem valami sz\u00f6rny\u0171. K\u00f6sz\u00f6n\u00f6m, elme meger\u0151s\u00edt\u00e9st k\u00e9r \u2013 \u00e9s \u00e9n k\u00f6zben megcsin\u00e1lom a befejezetlen e\u2011mailt.\u201d A paradox \u00e9lm\u00e9ny: ahogy cs\u00f6kken a k\u00fczdelem, lassan cs\u00f6kken a f\u00e9lelem ereje is. A szeml\u00e9letv\u00e1lt\u00e1s m\u00e1sik fele az \u00e9rt\u00e9korient\u00e1ci\u00f3: nemcsak elker\u00fclni akarod a rosszat, hanem megval\u00f3s\u00edtani a j\u00f3t. Ha a nap v\u00e9g\u00e9n sz\u00e1mot vetsz: ma miben volt\u00e1l a helyeden? \u2013 az \u00e9let visszanyeri a s\u00faly\u00e1t.<\/p>\n<h2>Megk\u00fcl\u00f6nb\u00f6ztet\u00e9s \u00e9s kock\u00e1zatok<\/h2>\n<p>Nem minden f\u00e9lelem egyforma, \u00e9s nem minden esetben ugyanaz a leghat\u00e9konyabb \u00fat. Ha a hal\u00e1llal kapcsolatos gondolatok k\u00e9nyszeresen t\u00e9rnek vissza, \u00e9s r\u00edtusok kapcsol\u00f3dnak hozz\u00e1juk (ellen\u0151rz\u00e9s, megnyugtat\u00e1s-keres\u00e9s), felmer\u00fclhet k\u00e9nyszeres zavar. Ha a f\u00f3kusz az eg\u00e9szs\u00e9ggel kapcsolatos aggodalmakon van, \u00e9s a legkisebb testi jel is s\u00falyos betegs\u00e9g bizony\u00edt\u00e9k\u00e1nak t\u0171nik, az eg\u00e9szs\u00e9gszorong\u00e1s (kor\u00e1bban hipochondria) ir\u00e1nya val\u00f3sz\u00edn\u0171. Ha kor\u00e1bbi vesztes\u00e9g vagy trauma \u00f3ta intenz\u00edv r\u00e9m\u00e1lmok, ker\u00fcl\u00e9sek, er\u0151s testi \u00e9s \u00e9rzelmi reaktivit\u00e1s jelentkezik, a poszttraum\u00e1s reakci\u00f3 differenci\u00e1land\u00f3. Fontos a testi okok kiz\u00e1r\u00e1sa is: pajzsmirigy-probl\u00e9m\u00e1k, sz\u00edvritmuszavarok, v\u00e9rcukor-ingadoz\u00e1sok fokozhatj\u00e1k a szorong\u00e1st. A \u201edoktort\u00f3l doktorig\u201d j\u00e1r\u00e1s ugyan r\u00f6vid t\u00e1von cs\u00f6kkentheti a f\u00e9lelmet, hossz\u00fa t\u00e1von gyakran r\u00f6gz\u00edti az elker\u00fcl\u00e9st. Ir\u00e1ny: egyszer, c\u00e9ltudatosan kivizsg\u00e1ltatni, majd a pszich\u00e9s munk\u00e1t el\u0151t\u00e9rbe helyezni. V\u00f6r\u00f6s z\u00e1szl\u00f3k, amikor szakemberhez kell fordulni: tart\u00f3s (hetek-h\u00f3napok) m\u0171k\u00f6d\u00e9sroml\u00e1s, munka\/kapcsolatok s\u00falyos s\u00e9r\u00fcl\u00e9se, \u00f6nk\u00e1ros\u00edt\u00f3 gondolatok, szerhaszn\u00e1lat, alv\u00e1s tart\u00f3s sz\u00e9tes\u00e9se. A b\u00e1tor l\u00e9p\u00e9s ilyenkor nem a \u201ekitart\u00e1s\u201d, hanem a seg\u00edts\u00e9gk\u00e9r\u00e9s.<\/p>\n<h2>Bizony\u00edtott megk\u00f6zel\u00edt\u00e9sek a gyakorlatban<\/h2>\n<p>A kognit\u00edv\u2013viselked\u00e9ses ir\u00e1ny t\u00f6bb, egym\u00e1st er\u0151s\u00edt\u0151 eszk\u00f6zt haszn\u00e1l. Az \u00e1tkeretez\u00e9s a gondolati torz\u00edt\u00e1sokkal dolgozik: \u201eLehet, hogy 1% es\u00e9lyt\u0151l rettegek, mik\u00f6zben 99% a jelen realit\u00e1sa.\u201d A viselked\u00e9si k\u00eds\u00e9rletek azt teszik pr\u00f3b\u00e1ra, amit a fej t\u00e9nyk\u00e9nt \u00e1ll\u00edt: \u201eHa err\u0151l ny\u00edltan besz\u00e9lek a p\u00e1rommal, \u00f6sszeomlik? \u2013 Tegy\u00fck pr\u00f3b\u00e1ra kicsiben.\u201d A fokozatos kitetts\u00e9g (expoz\u00edci\u00f3) a f\u00e9lelem t\u00e1rgy\u00e1hoz val\u00f3, megtervezett k\u00f6zeled\u00e9s: el\u0151sz\u00f6r egy r\u00f6vid cikk a gy\u00e1szr\u00f3l, majd egy besz\u00e9lget\u00e9s egy id\u0151s rokonnal, k\u00e9s\u0151bb egy temet\u0151i s\u00e9ta \u2013 mindezt \u00f6nnyugtat\u00f3 technik\u00e1kkal megt\u00e1masztva (l\u00e9gz\u00e9s, f\u00f6ldel\u00e9s, izomlaz\u00edt\u00e1s). Az elfogad\u00e1s\u2013elk\u00f6telez\u0151d\u00e9s szeml\u00e9let az \u00e9rt\u00e9kekhez horgonyoz: megnevezed, milyen ember szeretn\u00e9l lenni a f\u00e9lelem ellen\u00e9re (gondoskod\u00f3 t\u00e1rs, jelenl\u00e9v\u0151 sz\u00fcl\u0151, tisztess\u00e9ges vezet\u0151), \u00e9s kis, k\u00f6vetkezetes l\u00e9p\u00e9seket rendelsz hozz\u00e1. A mindfulness nem var\u00e1zslat: gyakorlati figyelemir\u00e1ny\u00edt\u00e1s. P\u00e9lda: 3\u00d7 naponta 2 perc nyitott figyelem \u2013 \u00e9rz\u00e9keled a l\u00e9gz\u00e9st, a tart\u00e1st, a k\u00f6rnyezet h\u00e1rom hangj\u00e1t, \u00e9s megnevezed: \u201eElme t\u00f6rt\u00e9netet mes\u00e9l. \u00c9n figyelek.\u201d Kieg\u00e9sz\u00edt\u0151k: alv\u00e1srutin, koffein\u2013alkohol menedzsment, mozg\u00e1s. A praxis azt mutatja: a kis, sokszor ism\u00e9telt l\u00e9p\u00e9sek t\u00f6bbet \u00e9rnek, mint a ritka \u201enagy elhat\u00e1roz\u00e1sok\u201d.<\/p>\n<h2>Kapcsolatok \u00e9s munka<\/h2>\n<p>A hal\u00e1lr\u00f3l val\u00f3 hallgat\u00e1s gyakran kapcsolati strat\u00e9gia: \u201eNe terhelj\u00fck egym\u00e1st.\u201d R\u00f6vid t\u00e1von b\u00e9k\u00e9t hoz, hossz\u00fa t\u00e1von mag\u00e1nyt. A k\u00f6z\u00f6s nyelv \u2013 \u201eAtt\u00f3l f\u00e9lek, hogy\u2026\u201d \u2013 tehermentes\u00edt. Javaslat: \u00e1ll\u00edts be havi \u201eneh\u00e9z t\u00e9m\u00e1k\u201d besz\u00e9lget\u00e9st; id\u0151, hely, keret adott, \u00e9s egyszerre csak egy k\u00e9rd\u00e9st bontotok ki. A munka vil\u00e1g\u00e1ban a hal\u00e1lf\u00e9lelem ritk\u00e1n ker\u00fcl nev\u00e9n nevezve az asztalra, m\u00e9gis jelen van d\u00f6nt\u00e9sekben: k\u00e9nyszeres t\u00fal\u00f3ra, kontrollt\u00f6bblet, kock\u00e1zatker\u00fcl\u00e9s, megfelel\u00e9s. Vezet\u0151k\u00e9nt \u00e9rdemes \u00e9szrevenni, hogy a \u201emindig er\u0151s, mindig el\u00e9rhet\u0151\u201d imidzs nem terem biztons\u00e1got \u2013 a t\u00e1rgyszer\u0171, emberi kommunik\u00e1ci\u00f3 igen. Szervezeti szinten seg\u00edt: gy\u00e1szt\u00e1mogat\u00f3 protokoll (kihez fordulhat a koll\u00e9ga, ha vesztes\u00e9g \u00e9ri), rugalmas munkaszervez\u00e9s kr\u00edzishelyzetben, \u00e9s olyan kult\u00fara, ahol a bizonytalans\u00e1got nem sz\u00e9gyen kimondani. A paradox hozad\u00e9k: ha term\u00e9szetesen besz\u00e9l\u00fcnk a v\u00e9gess\u00e9gr\u0151l, az emberek kev\u00e9sb\u00e9 f\u00e9ltik a st\u00e1tuszt \u00e9s a \u201ehib\u00e1tlans\u00e1got\u201d, \u00edgy kreat\u00edvabbak, egy\u00fcttm\u0171k\u00f6d\u0151bbek lesznek. A haland\u00f3s\u00e1g tudata \u2013 ha nem elfojtjuk, hanem \u00e9rt\u00e9kk\u00e9 konzerv\u00e1ljuk \u2013 j\u00f3zans\u00e1got hoz a napirendbe: nem minden fontos, ami s\u00fcrg\u0151s, \u00e9s ford\u00edtva.<\/p>\n<h2>Csal\u00e1di p\u00e1rbesz\u00e9dek \u00e9s r\u00edtusok<\/h2>\n<p>Gyerekkel besz\u00e9lgetni a hal\u00e1lr\u00f3l nem \u201eelveszi a gyerekkort\u201d, hanem biztons\u00e1got ad. A kulcsok: \u00e9letkorhoz ill\u0151 nyelv, egyszer\u0171s\u00e9g, konkr\u00e9ts\u00e1g. Ker\u00fclend\u0151 a bagatelliz\u00e1l\u00e1s (\u201eelaludt\u201d), mert a gyermek sz\u00f3 szerint \u00e9rt. Ehelyett: \u201eA nagyi teste m\u00e1r nem m\u0171k\u00f6dik. Nem fog f\u00e1jni neki. Szomor\u00faak vagyunk, \u00e9s itt vagyunk egym\u00e1snak.\u201d Feln\u0151ttk\u00e9nt \u00e9rdemes k\u00f6z\u00f6s r\u00edtusokat kialak\u00edtani: k\u00f6z\u00f6s f\u00e9nyk\u00e9zek, eml\u00e9ks\u00e9t\u00e1k, k\u00f6z\u00f6s f\u0151z\u00e9s a nagyi receptj\u00e9b\u0151l. Ezek a cselekv\u00e9sek a test \u00e9s az elme sz\u00e1m\u00e1ra is \u201et\u00e1rgyias\u00edtj\u00e1k\u201d az eml\u00e9kez\u00e9st; megtart\u00f3v\u00e1 v\u00e1lnak. A besz\u00e9lget\u00e9sekben jogod van hat\u00e1rokat szabni (\u201eMost ennyi f\u00e9r bele\u201d), \u00e9s jogod van seg\u00edts\u00e9get k\u00e9rni. A hal\u00e1lk\u00f6zeli ell\u00e1t\u00e1s, a hospice nem a \u201efelad\u00e1s\u201d tere, hanem a m\u00e9lt\u00f3s\u00e1g\u00e9 \u00e9s a f\u00e1jdalomcsillap\u00edt\u00e1s\u00e9. Ha a csal\u00e1dban van id\u0151s, beteg hozz\u00e1tartoz\u00f3, a korai, ny\u00edlt t\u00e1j\u00e9koz\u00f3d\u00e1s (mit jelent a palliat\u00edv ell\u00e1t\u00e1s, milyen d\u00f6nt\u00e9seket kell meghozni, ki miben v\u00e1llal szerepet) \u00f3ri\u00e1si terhet vesz le mindenki v\u00e1ll\u00e1r\u00f3l. A kimondott szavak itt sz\u00f3 szerint gy\u00f3gy\u00edt\u00f3ak: a \u201eszeretlek\u201d, a \u201ek\u00f6sz\u00f6n\u00f6m\u201d, a \u201ebocs\u00e1ss meg\u201d \u00e9s a \u201eb\u00facs\u00fazom\u201d lez\u00e1r, rendez, b\u00e9k\u00edt.<\/p>\n<h2>\u00d6nellen\u0151rz\u0151 k\u00e9rd\u00e9sbank \u2013 ha elakadn\u00e1l<\/h2>\n<ul>\n<li>Melyik gondolat vagy k\u00e9p riaszt meg legink\u00e1bb a hal\u00e1llal kapcsolatban \u2013 \u00e9s mit jelent ez sz\u00e1modra pontosan?<\/li>\n<li>Mit csin\u00e1lok m\u00e1sk\u00e9pp azokban a napokban, amikor kevesebb a f\u00e9lelem? Mi az a kicsi dolog, amit holnap is megism\u00e9telhetek?<\/li>\n<li>Milyen elker\u00fcl\u00e9seket tartok fenn (t\u00e9ma, hely, ember, vizsg\u00e1lat) \u2013 \u00e9s melyikkel tudn\u00e9k k\u00eds\u00e9rletet tenni egy 10 perces k\u00f6zeled\u00e9ssel?<\/li>\n<li>Ha egy bar\u00e1tom \u00fclne itt ugyanezzel a f\u00e9lelemmel, mit mondan\u00e9k neki ma est\u00e9re?<\/li>\n<li>Mib\u0151l venn\u00e9m \u00e9szre k\u00e9t h\u00e9t m\u00falva, hogy 5%-ot javult a helyzet (konkr\u00e9t, m\u00e9rhet\u0151 jel)?<\/li>\n<li>Melyik \u00e9rt\u00e9kem (csal\u00e1d, jelenl\u00e9t, tisztess\u00e9g, k\u00edv\u00e1ncsis\u00e1g) tudna holnap t\u00e1maszt adni egy kicsi l\u00e9p\u00e9shez?<\/li>\n<li>Mi az az egy apr\u00f3 viselked\u00e9s, amit holnap 10 perc alatt kipr\u00f3b\u00e1lok (pl. r\u00f6vid temet\u0151i s\u00e9ta, napl\u00f3 a f\u00e9lelmeimr\u0151l, besz\u00e9lget\u00e9s valakivel)?<\/li>\n<\/ul>\n<h2>N\u00e9gyhetes akci\u00f3terv<\/h2>\n<ol>\n<li><b>1. h\u00e9t \u2013 Felt\u00e9rk\u00e9pez\u00e9s:<\/b> \u00edrd le, mikor er\u0151s\u00f6dik a f\u00e9lelem (id\u0151, helyzet, gondolat, testi jel). V\u00e1lassz 1\u20132 \u00f6nnyugtat\u00f3 technik\u00e1t (lass\u00fa kil\u00e9gz\u00e9s, 5\u20114\u20113\u20112\u20111 f\u00f6ldel\u00e9s), \u00e9s gyakorold naponta.<\/li>\n<li><b>2. h\u00e9t \u2013 Kicsi kitetts\u00e9g:<\/b> v\u00e1lassz h\u00e1rom, alacsony f\u00e9lelmet kelt\u0151 inger-\u00f6tletet (pl. r\u00f6vid cikk a gy\u00e1szr\u00f3l, besz\u00e9lget\u00e9s egy id\u0151s rokonr\u00f3l, 5 perc temet\u0151i s\u00e9ta). Tervezd be, \u00e9s jegyezd a hat\u00e1st.<\/li>\n<li><b>3. h\u00e9t \u2013 \u00c1tkeretez\u00e9s:<\/b> minden \u201emi van, ha\u2026\u201d gondolat mell\u00e9 \u00edrj k\u00e9t re\u00e1lis alternat\u00edv\u00e1t \u00e9s egy cselekv\u00e9st (\u201e\u00e9s ennek ellen\u00e9re ezt megcsin\u00e1lom\u201d).<\/li>\n<li><b>4. h\u00e9t \u2013 \u00c9rt\u00e9kekhez igaz\u00edt\u00e1s:<\/b> nevezz meg 2\u20133 \u00e9rt\u00e9ket, \u00e9s rendelj hozz\u00e1juk heti apr\u00f3 cselekv\u00e9seket (telefon a sz\u00fcl\u0151knek, k\u00f6z\u00f6s vacsora, szerz\u0151d\u00e9s elint\u00e9z\u00e9se). Ha elakadsz, k\u00e9rj seg\u00edts\u00e9get szakembert\u0151l.<\/li>\n<\/ol>\n<h2>T\u00e9nyek \u00e9s t\u00e9vhitek \u2013 gyors \u00e1ttekint\u00e9s<\/h2>\n<table border=\"1\" cellspacing=\"0\" cellpadding=\"6\">\n<thead>\n<tr>\n<th>T\u00e9vhit<\/th>\n<th>T\u00e1rgyszer\u0171 t\u00e9ny<\/th>\n<th>Mit tehetsz ma<\/th>\n<\/tr>\n<\/thead>\n<tbody>\n<tr>\n<td>\u201eHa a hal\u00e1lr\u00f3l besz\u00e9lek, csak rosszabb lesz.\u201d<\/td>\n<td>A struktur\u00e1lt, biztons\u00e1gos besz\u00e9lget\u00e9s cs\u00f6kkenti a szorong\u00e1st, mert keretet \u00e9s nyelvet ad.<\/td>\n<td>Egyeztess \u201eneh\u00e9z t\u00e9m\u00e1k\u201d id\u0151s\u00e1vot egy hozz\u00e1tartoz\u00f3val.<\/td>\n<\/tr>\n<tr>\n<td>\u201eCsak az seg\u00edt, ha soha nem gondolok r\u00e1.\u201d<\/td>\n<td>Az elker\u00fcl\u00e9s r\u00f6vid t\u00e1von enyh\u00edt, hossz\u00fa t\u00e1von fenntartja a f\u00e9lelmet.<\/td>\n<td>V\u00e1lassz egy kicsi, v\u00e1llalhat\u00f3 kitetts\u00e9get, \u00e9s gyakorolj \u00f6nnyugtat\u00e1st.<\/td>\n<\/tr>\n<tr>\n<td>\u201eEr\u0151snek kell lennem, nem k\u00e9rhetek seg\u00edts\u00e9get.\u201d<\/td>\n<td>A seg\u00edts\u00e9gk\u00e9r\u00e9s kompetens l\u00e9p\u00e9s; a c\u00e9l a m\u0171k\u00f6d\u00e9s helyre\u00e1ll\u00edt\u00e1sa.<\/td>\n<td>Foglalj id\u0151pontot szakemberhez; tedd mell\u00e9 a n\u00e9gyhetes tervet.<\/td>\n<\/tr>\n<\/tbody>\n<\/table>\n<h2>Kult\u00fara, k\u00f6lt\u00e9szet, eml\u00e9kez\u00e9s<\/h2>\n<p>A vesztes\u00e9ghez \u0151sid\u0151k \u00f3ta kapcsolunk szavakat, dallamokat, r\u00edtusokat. Ezek nem \u201esz\u00e9p\u00edt\u00e9sek\u201d, hanem k\u00f6z\u00f6s idegrendszeri szab\u00e1lyoz\u00f3k: lelass\u00edtanak, \u00f6sszetartanak, \u00e9rtelmet rendelnek a kimondhatatlanhoz. R\u00f6vid id\u00e9zet, amely sokaknak seg\u00edt a keretez\u00e9sben:<\/p>\n<blockquote><p>\u201eNe zokogj a s\u00edromn\u00e1l, hisz nem vagyok ott.\u201d<\/p><\/blockquote>\n<p>A l\u00e9nyeg nem az, hogy \u201emiben higgy\u201d, hanem az, hogy legyen saj\u00e1t, elb\u00edrhat\u00f3 \u00e9rtelmez\u00e9sed \u00e9s eszk\u00f6zt\u00e1rad. Jogod van k\u00e9rdezni, k\u00e9telkedni, rem\u00e9lni. Jogod van a gyakorlathoz fordulni: egy s\u00e9ta a kedvenc helyen, egy k\u00f6z\u00f6s f\u0151z\u00e9s, a r\u00e9gi levelek rendez\u00e9se. Ezek nem \u201eapr\u00f3\u201d dolgok: a mindennapok gyakorlata tartja egyben az embert akkor is, amikor a fejben nagy k\u00e9rd\u00e9sek j\u00e1rnak k\u00f6rbe.<\/p>\n<h2>Id\u00e9zet<\/h2>\n<p><i>\u201eA hal\u00e1llal val\u00f3 szemben\u00e9z\u00e9s nem az \u00e9let ellenfele, hanem az \u00e9let min\u0151s\u00e9g\u00e9nek felt\u00e9tele. Ha megbar\u00e1tkozol a v\u00e9gess\u00e9ggel, felszabadul az id\u0151d a l\u00e9nyegre.\u201d<\/i> \u2013 Dajka G\u00e1bor<\/p>\n<h2>Dajka G\u00e1bor business coach szerint<\/h2>\n<p>Nem gondolom, hogy a hal\u00e1lf\u00e9lelem \u201ekigyoml\u00e1lhat\u00f3\u201d. Azt gondolom, hogy megszel\u00edd\u00edthet\u0151. A megszel\u00edd\u00edt\u00e9snek \u00e1ra van: le kell mondani a mindent ural\u00f3 kontroll ill\u00fazi\u00f3j\u00e1r\u00f3l, \u00e9s helyette v\u00e1llalni kell a r\u00e9szv\u00e9telt. R\u00e9szt venni a saj\u00e1t \u00e9letedben, a kapcsolataidban, a munk\u00e1dban \u2013 akkor is, ha szorongsz. Paradox m\u00f3don a legink\u00e1bb szabad emberek nem azok, akik soha nem f\u00e9lnek, hanem azok, akik a f\u00e9lelemmel egy\u00fctt is tudnak d\u00f6nteni. \u00cdgy v\u00e1lik a haland\u00f3s\u00e1g tudata nem b\u00e9n\u00edt\u00f3v\u00e1, hanem j\u00f3zan\u00edt\u00f3v\u00e1: seg\u00edt nemet mondani a feleslegesre, \u00e9s igent mondani arra, ami sz\u00e1modra \u00e9rv\u00e9nyes. Ezt a munk\u00e1t nem mentes\u00edti senki; de veled egy\u00fctt meg lehet csin\u00e1lni. A tapasztalatom szerint itt d\u0151l el a k\u00fcl\u00f6nbs\u00e9g: nem az nyer, aki legy\u0151zi a hal\u00e1lt, hanem az, aki az \u00e9let\u00e9re igent mond \u2013 ma.<\/p>\n<h2>Szak\u00e9rt\u0151 v\u00e1laszol \u2013 GYIK<\/h2>\n<h3>Meddig \u201enorm\u00e1lis\u201d a hal\u00e1lf\u00e9lelem, \u00e9s mikor k\u00e9rjek seg\u00edts\u00e9get?<\/h3>\n<p>Ha a t\u00e9ma id\u0151nk\u00e9nt eszedbe jut, de nem rontja tart\u00f3san a m\u0171k\u00f6d\u00e9sed, ez term\u00e9szetes. Ha hetekig-h\u00f3napokig fenn\u00e1ll\u00f3 szorong\u00e1st, alv\u00e1sprobl\u00e9m\u00e1t, elker\u00fcl\u00e9st, munka- vagy kapcsolatroml\u00e1st tapasztalsz, vagy \u00f6nk\u00e1ros\u00edt\u00f3 gondolatok jelennek meg, \u00e9rdemes szakembert felkeresni (klinikai szakpszichol\u00f3gus, pszichi\u00e1ter). A c\u00e9l nem \u201emegjav\u00edtani\u201d t\u00e9ged, hanem visszaadni a mozg\u00e1stered.<\/p>\n<h3>Miben k\u00fcl\u00f6nb\u00f6zik a hal\u00e1lf\u00e9lelem az eg\u00e9szs\u00e9gszorong\u00e1st\u00f3l?<\/h3>\n<p>Az eg\u00e9szs\u00e9gszorong\u00e1s f\u00f3kusza \u00e1ltal\u00e1ban konkr\u00e9t betegs\u00e9g(ek)re ir\u00e1nyul, a testi jelek t\u00fal\u00e9rt\u00e9kel\u00e9s\u00e9vel \u00e9s gyakori orvoskeres\u00e9ssel. A hal\u00e1lf\u00e9lelem t\u00e1gabb: a megsz\u0171n\u00e9st\u0151l, a kontrollveszt\u00e9st\u0151l, a \u201emi lesz vel\u00fck n\u00e9lk\u00fclem\u201d gondolatokt\u00f3l tel\u00edt\u0151dik. A k\u00e9t ter\u00fclet gyakran \u00f6sszefon\u00f3dik, a megk\u00f6zel\u00edt\u00e9s hasonl\u00f3: gondolati \u00e1tkeretez\u00e9s, fokozatos kitetts\u00e9g, \u00e9rt\u00e9kalap\u00fa cselekv\u00e9s.<\/p>\n<h3>Mit kezdjek a hal\u00e1lf\u00e9lelemmel a munkahelyen?<\/h3>\n<p>El\u0151sz\u00f6r saj\u00e1t kereteidet er\u0151s\u00edtsd (alv\u00e1s, mozg\u00e1s, figyelemgyakorlatok). M\u00e1sodszor rendezd a priorit\u00e1sokat: mi az, ami t\u00e9nyleg sz\u00e1m\u00edt, \u00e9s mi az, ami csak zaj. Harmadszor vezesd be a \u201eneh\u00e9z t\u00e9m\u00e1k\u201d besz\u00e9lget\u00e9st egy megb\u00edzhat\u00f3 koll\u00e9g\u00e1val vagy vezet\u0151vel. Ha d\u00f6nt\u00e9shoz\u00f3 vagy, teremts kult\u00far\u00e1t a rugalmas megold\u00e1sokra \u00e9s a gy\u00e1szt\u00e1mogat\u00e1sra. A kimondott val\u00f3s\u00e1g cs\u00f6kkenti a rejtett szorong\u00e1st.<\/p>\n<h3>Van saj\u00e1toss\u00e1ga a magyar k\u00f6zegnek ebben a t\u00e9m\u00e1ban?<\/h3>\n<p>Itthon a csal\u00e1di gondoskod\u00e1s kult\u00far\u00e1ja er\u0151s, ugyanakkor a hal\u00e1lr\u00f3l val\u00f3 ny\u00edlt besz\u00e9d sokszor hi\u00e1nyzik. A hospice mozgalom, a civil szervezetek \u00e9s az eg\u00e9szs\u00e9g\u00fcgyi szakemberek egyre t\u00f6bb t\u00e1j\u00e9koztat\u00f3 anyagot k\u00e9sz\u00edtenek, de a csal\u00e1don bel\u00fcli besz\u00e9lget\u00e9st nem lehet helyett\u00fcnk elv\u00e9gezni. \u00c9rdemes kor\u00e1n t\u00e1j\u00e9koz\u00f3dni az ell\u00e1t\u00e1si lehet\u0151s\u00e9gekr\u0151l, \u00e9s k\u00f6z\u00f6s d\u00f6nt\u00e9seket hozni a csal\u00e1ddal.<\/p>\n<h3>Mi van, ha \u201enem hiszek semmiben\u201d a hal\u00e1l ut\u00e1n?<\/h3>\n<p>Az egzisztenci\u00e1lis munka nem felt\u00e9tlen\u00fcl vil\u00e1gn\u00e9zeti k\u00e9rd\u00e9s. A jelent\u00e9sad\u00e1s, az \u00e9rt\u00e9kekhez igaz\u00edtott cselekv\u00e9s \u00e9s a kapcsol\u00f3d\u00e1s gyakorlata vil\u00e1gn\u00e9zett\u0151l f\u00fcggetlen\u00fcl tehermentes\u00edthet. A c\u00e9l nem \u201ev\u00e1laszokra\u201d vad\u00e1szni, hanem \u00e9lhet\u0151 \u00e9letet szervezni a bizonytalans\u00e1g t\u00e9ny\u00e9vel.<\/p>\n<h2>Aj\u00e1nlott magyar vide\u00f3k\/podcastok<\/h2>\n<p><iframe title=\"10.  Hospice-Palliat\u00edv Ell\u00e1t\u00e1s\" width=\"640\" height=\"480\" data-src=\"https:\/\/www.youtube.com\/embed\/AYoGXbk8gXU?feature=oembed\" frameborder=\"0\" allow=\"accelerometer; autoplay; clipboard-write; encrypted-media; gyroscope; picture-in-picture; web-share\" referrerpolicy=\"strict-origin-when-cross-origin\" allowfullscreen src=\"data:image\/svg+xml;base64,PHN2ZyB3aWR0aD0iMSIgaGVpZ2h0PSIxIiB4bWxucz0iaHR0cDovL3d3dy53My5vcmcvMjAwMC9zdmciPjwvc3ZnPg==\" class=\"lazyload\" data-load-mode=\"1\"><\/iframe><\/p>\n<h2>Forr\u00e1sok<\/h2>\n<ul>\n<li><a href=\"https:\/\/doi.org\/10.1016\/j.cpr.2014.09.002\" target=\"_blank\" rel=\"noopener\">Iverach, L., Menzies, R. G., &amp; Menzies, R. E. (2014). Death Anxiety and Its Role in Psychopathology: Reviewing the Status of a Transdiagnostic Construct. <i>Clinical Psychology Review<\/i>.<\/a><\/li>\n<li><a href=\"https:\/\/doi.org\/10.1016\/bs.aesp.2015.03.001\" target=\"_blank\" rel=\"noopener\">Pyszczynski, T., Solomon, S., &amp; Greenberg, J. (2015). Thirty Years of Terror Management Theory: From Genesis to Revelation. In <i>Advances in Experimental Social Psychology<\/i>, Vol. 52.<\/a><\/li>\n<li><a href=\"https:\/\/oxfordre.com\/psychology\/view\/10.1093\/acrefore\/9780190236557.013.346\" target=\"_blank\" rel=\"noopener\">Routledge, C., &amp; Vess, M. (Oxford Research Encyclopedia). Existential Meaning and Terror Management.<\/a><\/li>\n<\/ul>\n<p>Ha a fenti t\u00e9m\u00e1k b\u00e1rmelyike \u00e9rint, \u00e9s szeretn\u00e9l struktur\u00e1ltan dolgozni rajta, \u00e9rdemes szakemberrel egyeztetni. A cikk nem helyettes\u00edt diagn\u00f3zist vagy kezel\u00e9st, de seg\u00edthet az els\u0151 l\u00e9p\u00e9sek kijel\u00f6l\u00e9s\u00e9ben.<\/p>\n","protected":false},"excerpt":{"rendered":"<p>A hal\u00e1l t\u00e9m\u00e1ja \u00e9vsz\u00e1zadok \u00f3ta egyszerre vonz \u00e9s tasz\u00edt. A nyelv\u00fcnkben is ott a kett\u0151ss\u00e9g: mik\u00f6zben \u201e\u00e9letv\u00e9gi\u201d k\u00e9rd\u00e9sekr\u0151l t\u00e1rgyilagosan besz\u00e9l\u00fcnk, a saj\u00e1t v\u00e9gess\u00e9g\u00fcnk eml\u00edt\u00e9s\u00e9re k\u00f6nnyen megfesz\u00fcl a test, \u00f6sszer\u00e1ndul a gyomor, \u00e9s elindul a fejben az a j\u00f3l ismert bels\u0151 monol\u00f3g: \u201eMi lesz velem? Mi lesz a szeretteimmel?\u201d A hal\u00e1lf\u00e9lelem \u2013 sz\u0171kebb \u00e9rtelemben a thanatof\u00f3bia&#8230;<\/p>\n","protected":false},"author":1,"featured_media":1638,"comment_status":"closed","ping_status":"open","sticky":false,"template":"","format":"standard","meta":{"footnotes":""},"categories":[4],"tags":[],"class_list":["post-356","post","type-post","status-publish","format-standard","has-post-thumbnail","hentry","category-gyaszfeldolgozas-egerben"],"yoast_head":"<!-- This site is optimized with the Yoast SEO plugin v27.5 - https:\/\/yoast.com\/product\/yoast-seo-wordpress\/ -->\n<title>Hal\u00e1lf\u00e9lelem legy\u0151z\u00e9se: hogyan szabaduljunk a f\u00e9lelemt\u0151l?<\/title>\n<meta name=\"robots\" content=\"index, follow, max-snippet:-1, max-image-preview:large, max-video-preview:-1\" \/>\n<link rel=\"canonical\" href=\"https:\/\/egercoach.hu\/blog\/a-halalfelelem-legyozesenek-utja\/\" \/>\n<meta property=\"og:locale\" content=\"hu_HU\" \/>\n<meta property=\"og:type\" content=\"article\" \/>\n<meta property=\"og:title\" content=\"Hal\u00e1lf\u00e9lelem legy\u0151z\u00e9se: hogyan szabaduljunk a f\u00e9lelemt\u0151l?\" \/>\n<meta property=\"og:description\" content=\"A hal\u00e1l t\u00e9m\u00e1ja \u00e9vsz\u00e1zadok \u00f3ta egyszerre vonz \u00e9s tasz\u00edt. A nyelv\u00fcnkben is ott a kett\u0151ss\u00e9g: mik\u00f6zben \u201e\u00e9letv\u00e9gi\u201d k\u00e9rd\u00e9sekr\u0151l t\u00e1rgyilagosan besz\u00e9l\u00fcnk, a saj\u00e1t v\u00e9gess\u00e9g\u00fcnk eml\u00edt\u00e9s\u00e9re k\u00f6nnyen megfesz\u00fcl a test, \u00f6sszer\u00e1ndul a gyomor, \u00e9s elindul a fejben az a j\u00f3l ismert bels\u0151 monol\u00f3g: \u201eMi lesz velem? Mi lesz a szeretteimmel?\u201d A hal\u00e1lf\u00e9lelem \u2013 sz\u0171kebb \u00e9rtelemben a thanatof\u00f3bia...\" \/>\n<meta property=\"og:url\" content=\"https:\/\/egercoach.hu\/blog\/a-halalfelelem-legyozesenek-utja\/\" \/>\n<meta property=\"og:site_name\" content=\"Az Egri Coach Blogja\" \/>\n<meta property=\"article:publisher\" content=\"https:\/\/www.facebook.com\/eger.coach\" \/>\n<meta property=\"article:published_time\" content=\"2024-09-02T06:14:43+00:00\" \/>\n<meta property=\"article:modified_time\" content=\"2025-12-14T07:09:10+00:00\" \/>\n<meta property=\"og:image\" content=\"https:\/\/egercoach.hu\/blog\/wp-content\/uploads\/2024\/09\/b07ae05ab7d9c915aa4b9bb3f0e5f97dec2ed478b344edc3bd229b12c4f52a77-scaled.jpg\" \/>\n\t<meta property=\"og:image:width\" content=\"1500\" \/>\n\t<meta property=\"og:image:height\" content=\"1000\" \/>\n\t<meta property=\"og:image:type\" content=\"image\/jpeg\" \/>\n<meta name=\"author\" content=\"Dajka G\u00e1bor\" \/>\n<meta name=\"twitter:card\" content=\"summary_large_image\" \/>\n<meta name=\"twitter:label1\" content=\"Szerz\u0151:\" \/>\n\t<meta name=\"twitter:data1\" content=\"Dajka G\u00e1bor\" \/>\n\t<meta name=\"twitter:label2\" content=\"Becs\u00fclt olvas\u00e1si id\u0151\" \/>\n\t<meta name=\"twitter:data2\" content=\"12 perc\" \/>\n<script type=\"application\/ld+json\" class=\"yoast-schema-graph\">{\"@context\":\"https:\\\/\\\/schema.org\",\"@graph\":[{\"@type\":\"Article\",\"@id\":\"https:\\\/\\\/egercoach.hu\\\/blog\\\/a-halalfelelem-legyozesenek-utja\\\/#article\",\"isPartOf\":{\"@id\":\"https:\\\/\\\/egercoach.hu\\\/blog\\\/a-halalfelelem-legyozesenek-utja\\\/\"},\"author\":{\"name\":\"Dajka G\u00e1bor\",\"@id\":\"https:\\\/\\\/egercoach.hu\\\/blog\\\/#\\\/schema\\\/person\\\/afc73367aa314ca33a9c8d3b88dce6e7\"},\"headline\":\"Hal\u00e1lf\u00e9lelem legy\u0151z\u00e9se: hogyan szabaduljunk a f\u00e9lelemt\u0151l?\",\"datePublished\":\"2024-09-02T06:14:43+00:00\",\"dateModified\":\"2025-12-14T07:09:10+00:00\",\"mainEntityOfPage\":{\"@id\":\"https:\\\/\\\/egercoach.hu\\\/blog\\\/a-halalfelelem-legyozesenek-utja\\\/\"},\"wordCount\":3408,\"publisher\":{\"@id\":\"https:\\\/\\\/egercoach.hu\\\/blog\\\/#organization\"},\"image\":{\"@id\":\"https:\\\/\\\/egercoach.hu\\\/blog\\\/a-halalfelelem-legyozesenek-utja\\\/#primaryimage\"},\"thumbnailUrl\":\"https:\\\/\\\/egercoach.hu\\\/blog\\\/wp-content\\\/uploads\\\/2024\\\/09\\\/b07ae05ab7d9c915aa4b9bb3f0e5f97dec2ed478b344edc3bd229b12c4f52a77-scaled.jpg\",\"articleSection\":[\"Gy\u00e1szfeldolgoz\u00e1s Egerben\"],\"inLanguage\":\"hu\"},{\"@type\":\"WebPage\",\"@id\":\"https:\\\/\\\/egercoach.hu\\\/blog\\\/a-halalfelelem-legyozesenek-utja\\\/\",\"url\":\"https:\\\/\\\/egercoach.hu\\\/blog\\\/a-halalfelelem-legyozesenek-utja\\\/\",\"name\":\"Hal\u00e1lf\u00e9lelem legy\u0151z\u00e9se: hogyan szabaduljunk a f\u00e9lelemt\u0151l?\",\"isPartOf\":{\"@id\":\"https:\\\/\\\/egercoach.hu\\\/blog\\\/#website\"},\"primaryImageOfPage\":{\"@id\":\"https:\\\/\\\/egercoach.hu\\\/blog\\\/a-halalfelelem-legyozesenek-utja\\\/#primaryimage\"},\"image\":{\"@id\":\"https:\\\/\\\/egercoach.hu\\\/blog\\\/a-halalfelelem-legyozesenek-utja\\\/#primaryimage\"},\"thumbnailUrl\":\"https:\\\/\\\/egercoach.hu\\\/blog\\\/wp-content\\\/uploads\\\/2024\\\/09\\\/b07ae05ab7d9c915aa4b9bb3f0e5f97dec2ed478b344edc3bd229b12c4f52a77-scaled.jpg\",\"datePublished\":\"2024-09-02T06:14:43+00:00\",\"dateModified\":\"2025-12-14T07:09:10+00:00\",\"breadcrumb\":{\"@id\":\"https:\\\/\\\/egercoach.hu\\\/blog\\\/a-halalfelelem-legyozesenek-utja\\\/#breadcrumb\"},\"inLanguage\":\"hu\",\"potentialAction\":[{\"@type\":\"ReadAction\",\"target\":[\"https:\\\/\\\/egercoach.hu\\\/blog\\\/a-halalfelelem-legyozesenek-utja\\\/\"]}]},{\"@type\":\"ImageObject\",\"inLanguage\":\"hu\",\"@id\":\"https:\\\/\\\/egercoach.hu\\\/blog\\\/a-halalfelelem-legyozesenek-utja\\\/#primaryimage\",\"url\":\"https:\\\/\\\/egercoach.hu\\\/blog\\\/wp-content\\\/uploads\\\/2024\\\/09\\\/b07ae05ab7d9c915aa4b9bb3f0e5f97dec2ed478b344edc3bd229b12c4f52a77-scaled.jpg\",\"contentUrl\":\"https:\\\/\\\/egercoach.hu\\\/blog\\\/wp-content\\\/uploads\\\/2024\\\/09\\\/b07ae05ab7d9c915aa4b9bb3f0e5f97dec2ed478b344edc3bd229b12c4f52a77-scaled.jpg\",\"width\":1500,\"height\":1000},{\"@type\":\"BreadcrumbList\",\"@id\":\"https:\\\/\\\/egercoach.hu\\\/blog\\\/a-halalfelelem-legyozesenek-utja\\\/#breadcrumb\",\"itemListElement\":[{\"@type\":\"ListItem\",\"position\":1,\"name\":\"Kezd\u0151lap\",\"item\":\"https:\\\/\\\/egercoach.hu\\\/blog\\\/\"},{\"@type\":\"ListItem\",\"position\":2,\"name\":\"Hal\u00e1lf\u00e9lelem legy\u0151z\u00e9se: hogyan szabaduljunk a f\u00e9lelemt\u0151l?\"}]},{\"@type\":\"WebSite\",\"@id\":\"https:\\\/\\\/egercoach.hu\\\/blog\\\/#website\",\"url\":\"https:\\\/\\\/egercoach.hu\\\/blog\\\/\",\"name\":\"Eger Coach Blog\",\"description\":\"\",\"publisher\":{\"@id\":\"https:\\\/\\\/egercoach.hu\\\/blog\\\/#organization\"},\"potentialAction\":[{\"@type\":\"SearchAction\",\"target\":{\"@type\":\"EntryPoint\",\"urlTemplate\":\"https:\\\/\\\/egercoach.hu\\\/blog\\\/?s={search_term_string}\"},\"query-input\":{\"@type\":\"PropertyValueSpecification\",\"valueRequired\":true,\"valueName\":\"search_term_string\"}}],\"inLanguage\":\"hu\"},{\"@type\":\"Organization\",\"@id\":\"https:\\\/\\\/egercoach.hu\\\/blog\\\/#organization\",\"name\":\"Eger Coach Blog\",\"url\":\"https:\\\/\\\/egercoach.hu\\\/blog\\\/\",\"logo\":{\"@type\":\"ImageObject\",\"inLanguage\":\"hu\",\"@id\":\"https:\\\/\\\/egercoach.hu\\\/blog\\\/#\\\/schema\\\/logo\\\/image\\\/\",\"url\":\"https:\\\/\\\/egercoach.hu\\\/blog\\\/wp-content\\\/uploads\\\/2025\\\/05\\\/cropped-Eger.png\",\"contentUrl\":\"https:\\\/\\\/egercoach.hu\\\/blog\\\/wp-content\\\/uploads\\\/2025\\\/05\\\/cropped-Eger.png\",\"width\":500,\"height\":169,\"caption\":\"Eger Coach Blog\"},\"image\":{\"@id\":\"https:\\\/\\\/egercoach.hu\\\/blog\\\/#\\\/schema\\\/logo\\\/image\\\/\"},\"sameAs\":[\"https:\\\/\\\/www.facebook.com\\\/eger.coach\"]},{\"@type\":\"Person\",\"@id\":\"https:\\\/\\\/egercoach.hu\\\/blog\\\/#\\\/schema\\\/person\\\/afc73367aa314ca33a9c8d3b88dce6e7\",\"name\":\"Dajka G\u00e1bor\",\"image\":{\"@type\":\"ImageObject\",\"inLanguage\":\"hu\",\"@id\":\"https:\\\/\\\/secure.gravatar.com\\\/avatar\\\/81566ea1e2b3466baa03e9bdcdaa835f58564d8be90057a45f3e61711dc8a063?s=96&d=mm&r=g\",\"url\":\"https:\\\/\\\/secure.gravatar.com\\\/avatar\\\/81566ea1e2b3466baa03e9bdcdaa835f58564d8be90057a45f3e61711dc8a063?s=96&d=mm&r=g\",\"contentUrl\":\"https:\\\/\\\/secure.gravatar.com\\\/avatar\\\/81566ea1e2b3466baa03e9bdcdaa835f58564d8be90057a45f3e61711dc8a063?s=96&d=mm&r=g\",\"caption\":\"Dajka G\u00e1bor\"},\"sameAs\":[\"https:\\\/\\\/egercoach.hu\\\/blog\"],\"url\":\"https:\\\/\\\/egercoach.hu\\\/blog\\\/author\\\/adminka\\\/\"}]}<\/script>\n<!-- \/ Yoast SEO plugin. -->","yoast_head_json":{"title":"Hal\u00e1lf\u00e9lelem legy\u0151z\u00e9se: hogyan szabaduljunk a f\u00e9lelemt\u0151l?","robots":{"index":"index","follow":"follow","max-snippet":"max-snippet:-1","max-image-preview":"max-image-preview:large","max-video-preview":"max-video-preview:-1"},"canonical":"https:\/\/egercoach.hu\/blog\/a-halalfelelem-legyozesenek-utja\/","og_locale":"hu_HU","og_type":"article","og_title":"Hal\u00e1lf\u00e9lelem legy\u0151z\u00e9se: hogyan szabaduljunk a f\u00e9lelemt\u0151l?","og_description":"A hal\u00e1l t\u00e9m\u00e1ja \u00e9vsz\u00e1zadok \u00f3ta egyszerre vonz \u00e9s tasz\u00edt. A nyelv\u00fcnkben is ott a kett\u0151ss\u00e9g: mik\u00f6zben \u201e\u00e9letv\u00e9gi\u201d k\u00e9rd\u00e9sekr\u0151l t\u00e1rgyilagosan besz\u00e9l\u00fcnk, a saj\u00e1t v\u00e9gess\u00e9g\u00fcnk eml\u00edt\u00e9s\u00e9re k\u00f6nnyen megfesz\u00fcl a test, \u00f6sszer\u00e1ndul a gyomor, \u00e9s elindul a fejben az a j\u00f3l ismert bels\u0151 monol\u00f3g: \u201eMi lesz velem? Mi lesz a szeretteimmel?\u201d A hal\u00e1lf\u00e9lelem \u2013 sz\u0171kebb \u00e9rtelemben a thanatof\u00f3bia...","og_url":"https:\/\/egercoach.hu\/blog\/a-halalfelelem-legyozesenek-utja\/","og_site_name":"Az Egri Coach Blogja","article_publisher":"https:\/\/www.facebook.com\/eger.coach","article_published_time":"2024-09-02T06:14:43+00:00","article_modified_time":"2025-12-14T07:09:10+00:00","og_image":[{"width":1500,"height":1000,"url":"https:\/\/egercoach.hu\/blog\/wp-content\/uploads\/2024\/09\/b07ae05ab7d9c915aa4b9bb3f0e5f97dec2ed478b344edc3bd229b12c4f52a77-scaled.jpg","type":"image\/jpeg"}],"author":"Dajka G\u00e1bor","twitter_card":"summary_large_image","twitter_misc":{"Szerz\u0151:":"Dajka G\u00e1bor","Becs\u00fclt olvas\u00e1si id\u0151":"12 perc"},"schema":{"@context":"https:\/\/schema.org","@graph":[{"@type":"Article","@id":"https:\/\/egercoach.hu\/blog\/a-halalfelelem-legyozesenek-utja\/#article","isPartOf":{"@id":"https:\/\/egercoach.hu\/blog\/a-halalfelelem-legyozesenek-utja\/"},"author":{"name":"Dajka G\u00e1bor","@id":"https:\/\/egercoach.hu\/blog\/#\/schema\/person\/afc73367aa314ca33a9c8d3b88dce6e7"},"headline":"Hal\u00e1lf\u00e9lelem legy\u0151z\u00e9se: hogyan szabaduljunk a f\u00e9lelemt\u0151l?","datePublished":"2024-09-02T06:14:43+00:00","dateModified":"2025-12-14T07:09:10+00:00","mainEntityOfPage":{"@id":"https:\/\/egercoach.hu\/blog\/a-halalfelelem-legyozesenek-utja\/"},"wordCount":3408,"publisher":{"@id":"https:\/\/egercoach.hu\/blog\/#organization"},"image":{"@id":"https:\/\/egercoach.hu\/blog\/a-halalfelelem-legyozesenek-utja\/#primaryimage"},"thumbnailUrl":"https:\/\/egercoach.hu\/blog\/wp-content\/uploads\/2024\/09\/b07ae05ab7d9c915aa4b9bb3f0e5f97dec2ed478b344edc3bd229b12c4f52a77-scaled.jpg","articleSection":["Gy\u00e1szfeldolgoz\u00e1s Egerben"],"inLanguage":"hu"},{"@type":"WebPage","@id":"https:\/\/egercoach.hu\/blog\/a-halalfelelem-legyozesenek-utja\/","url":"https:\/\/egercoach.hu\/blog\/a-halalfelelem-legyozesenek-utja\/","name":"Hal\u00e1lf\u00e9lelem legy\u0151z\u00e9se: hogyan szabaduljunk a f\u00e9lelemt\u0151l?","isPartOf":{"@id":"https:\/\/egercoach.hu\/blog\/#website"},"primaryImageOfPage":{"@id":"https:\/\/egercoach.hu\/blog\/a-halalfelelem-legyozesenek-utja\/#primaryimage"},"image":{"@id":"https:\/\/egercoach.hu\/blog\/a-halalfelelem-legyozesenek-utja\/#primaryimage"},"thumbnailUrl":"https:\/\/egercoach.hu\/blog\/wp-content\/uploads\/2024\/09\/b07ae05ab7d9c915aa4b9bb3f0e5f97dec2ed478b344edc3bd229b12c4f52a77-scaled.jpg","datePublished":"2024-09-02T06:14:43+00:00","dateModified":"2025-12-14T07:09:10+00:00","breadcrumb":{"@id":"https:\/\/egercoach.hu\/blog\/a-halalfelelem-legyozesenek-utja\/#breadcrumb"},"inLanguage":"hu","potentialAction":[{"@type":"ReadAction","target":["https:\/\/egercoach.hu\/blog\/a-halalfelelem-legyozesenek-utja\/"]}]},{"@type":"ImageObject","inLanguage":"hu","@id":"https:\/\/egercoach.hu\/blog\/a-halalfelelem-legyozesenek-utja\/#primaryimage","url":"https:\/\/egercoach.hu\/blog\/wp-content\/uploads\/2024\/09\/b07ae05ab7d9c915aa4b9bb3f0e5f97dec2ed478b344edc3bd229b12c4f52a77-scaled.jpg","contentUrl":"https:\/\/egercoach.hu\/blog\/wp-content\/uploads\/2024\/09\/b07ae05ab7d9c915aa4b9bb3f0e5f97dec2ed478b344edc3bd229b12c4f52a77-scaled.jpg","width":1500,"height":1000},{"@type":"BreadcrumbList","@id":"https:\/\/egercoach.hu\/blog\/a-halalfelelem-legyozesenek-utja\/#breadcrumb","itemListElement":[{"@type":"ListItem","position":1,"name":"Kezd\u0151lap","item":"https:\/\/egercoach.hu\/blog\/"},{"@type":"ListItem","position":2,"name":"Hal\u00e1lf\u00e9lelem legy\u0151z\u00e9se: hogyan szabaduljunk a f\u00e9lelemt\u0151l?"}]},{"@type":"WebSite","@id":"https:\/\/egercoach.hu\/blog\/#website","url":"https:\/\/egercoach.hu\/blog\/","name":"Eger Coach Blog","description":"","publisher":{"@id":"https:\/\/egercoach.hu\/blog\/#organization"},"potentialAction":[{"@type":"SearchAction","target":{"@type":"EntryPoint","urlTemplate":"https:\/\/egercoach.hu\/blog\/?s={search_term_string}"},"query-input":{"@type":"PropertyValueSpecification","valueRequired":true,"valueName":"search_term_string"}}],"inLanguage":"hu"},{"@type":"Organization","@id":"https:\/\/egercoach.hu\/blog\/#organization","name":"Eger Coach Blog","url":"https:\/\/egercoach.hu\/blog\/","logo":{"@type":"ImageObject","inLanguage":"hu","@id":"https:\/\/egercoach.hu\/blog\/#\/schema\/logo\/image\/","url":"https:\/\/egercoach.hu\/blog\/wp-content\/uploads\/2025\/05\/cropped-Eger.png","contentUrl":"https:\/\/egercoach.hu\/blog\/wp-content\/uploads\/2025\/05\/cropped-Eger.png","width":500,"height":169,"caption":"Eger Coach Blog"},"image":{"@id":"https:\/\/egercoach.hu\/blog\/#\/schema\/logo\/image\/"},"sameAs":["https:\/\/www.facebook.com\/eger.coach"]},{"@type":"Person","@id":"https:\/\/egercoach.hu\/blog\/#\/schema\/person\/afc73367aa314ca33a9c8d3b88dce6e7","name":"Dajka G\u00e1bor","image":{"@type":"ImageObject","inLanguage":"hu","@id":"https:\/\/secure.gravatar.com\/avatar\/81566ea1e2b3466baa03e9bdcdaa835f58564d8be90057a45f3e61711dc8a063?s=96&d=mm&r=g","url":"https:\/\/secure.gravatar.com\/avatar\/81566ea1e2b3466baa03e9bdcdaa835f58564d8be90057a45f3e61711dc8a063?s=96&d=mm&r=g","contentUrl":"https:\/\/secure.gravatar.com\/avatar\/81566ea1e2b3466baa03e9bdcdaa835f58564d8be90057a45f3e61711dc8a063?s=96&d=mm&r=g","caption":"Dajka G\u00e1bor"},"sameAs":["https:\/\/egercoach.hu\/blog"],"url":"https:\/\/egercoach.hu\/blog\/author\/adminka\/"}]}},"_links":{"self":[{"href":"https:\/\/egercoach.hu\/blog\/wp-json\/wp\/v2\/posts\/356","targetHints":{"allow":["GET"]}}],"collection":[{"href":"https:\/\/egercoach.hu\/blog\/wp-json\/wp\/v2\/posts"}],"about":[{"href":"https:\/\/egercoach.hu\/blog\/wp-json\/wp\/v2\/types\/post"}],"author":[{"embeddable":true,"href":"https:\/\/egercoach.hu\/blog\/wp-json\/wp\/v2\/users\/1"}],"replies":[{"embeddable":true,"href":"https:\/\/egercoach.hu\/blog\/wp-json\/wp\/v2\/comments?post=356"}],"version-history":[{"count":0,"href":"https:\/\/egercoach.hu\/blog\/wp-json\/wp\/v2\/posts\/356\/revisions"}],"wp:featuredmedia":[{"embeddable":true,"href":"https:\/\/egercoach.hu\/blog\/wp-json\/wp\/v2\/media\/1638"}],"wp:attachment":[{"href":"https:\/\/egercoach.hu\/blog\/wp-json\/wp\/v2\/media?parent=356"}],"wp:term":[{"taxonomy":"category","embeddable":true,"href":"https:\/\/egercoach.hu\/blog\/wp-json\/wp\/v2\/categories?post=356"},{"taxonomy":"post_tag","embeddable":true,"href":"https:\/\/egercoach.hu\/blog\/wp-json\/wp\/v2\/tags?post=356"}],"curies":[{"name":"wp","href":"https:\/\/api.w.org\/{rel}","templated":true}]}}