{"id":380,"date":"2024-09-08T21:58:33","date_gmt":"2024-09-08T19:58:33","guid":{"rendered":"https:\/\/egercoach.hu\/blog\/?p=380"},"modified":"2025-10-19T10:10:57","modified_gmt":"2025-10-19T08:10:57","slug":"hogyan-irjunk-hatekony-onreflexiot-utmutato-az-onismeret-fejlesztesehez","status":"publish","type":"post","link":"https:\/\/egercoach.hu\/blog\/hogyan-irjunk-hatekony-onreflexiot-utmutato-az-onismeret-fejlesztesehez\/","title":{"rendered":"Hat\u00e9kony \u00f6nreflexi\u00f3: \u00fatmutat\u00f3 \u00f6nismeret fejleszt\u00e9s\u00e9hez"},"content":{"rendered":"<p>Az \u00f6nreflexi\u00f3 \u00edr\u00e1sa egyszerre egyszer\u0171 \u00e9s m\u00e9lyrehat\u00f3 gyakorlat: le\u00fclsz, \u00e9s tiszta, \u0151szinte mondatokban r\u00f6gz\u00edted, mi t\u00f6rt\u00e9nik benned. Ez a \u201ebels\u0151 p\u00e1rbesz\u00e9d pap\u00edron\u201d seg\u00edt felt\u00e9rk\u00e9pezni a gondolataid, \u00e9rz\u00e9seid \u00e9s reakci\u00f3id rendszerezett mint\u00e1zatait. Ha k\u00f6vetkezetesen csin\u00e1lod, vil\u00e1gosabban l\u00e1tod majd, mi mozgat, miben akadsz el, hogyan hozol d\u00f6nt\u00e9seket, \u00e9s hol \u00e9rdemes finomhangolni a viselked\u00e9sedet. A m\u00f3dszer el\u0151nye nem csak abban \u00e1ll, hogy \u201ekiventill\u00e1lhatod\u201d a napi fesz\u00fclts\u00e9get; az \u00edr\u00e1s a figyelmedet struktur\u00e1lja, lass\u00edtja a gondolkod\u00e1st, \u00e9s r\u00e1k\u00e9nyszer\u00edt a fogalmi tisztas\u00e1gra. Ez m\u00e1r \u00f6nmag\u00e1ban cs\u00f6kkentheti a negat\u00edv \u00e9rzelmek intenzit\u00e1s\u00e1t, mik\u00f6zben fejleszti az \u00f6nszab\u00e1lyoz\u00e1sodat, a helyzetfelismer\u00e9st \u00e9s a probl\u00e9mamegold\u00e1st. T\u00f6bb tudom\u00e1nyos \u00e1ttekint\u00e9s is meger\u0151s\u00edti, hogy a rendszeres, kifejez\u0151 \u00edr\u00e1s kis-k\u00f6zepes, de tart\u00f3s javul\u00e1st hozhat a pszich\u00e9s j\u00f3ll\u00e9tben \u00e9s az \u00e9rzelmi m\u0171k\u00f6d\u00e9sben \u2013 felt\u00e9ve, hogy biztons\u00e1gos keretben, re\u00e1lis elv\u00e1r\u00e1sokkal gyakorolod. Nem csodaszer, \u00e9s nem helyettes\u00edti a ter\u00e1pi\u00e1t; viszont hat\u00e9kony eszk\u00f6z a mindennapokban, k\u00fcl\u00f6n\u00f6sen akkor, amikor egyszerre kell teljes\u00edtened, kapcsol\u00f3dnod \u00e9s fejl\u0151dn\u00f6d. \u00c9n \u2013 business coachk\u00e9nt \u2013 \u00fagy l\u00e1tom: az \u00edr\u00e1s az a csendes, konzekvens munka, amelynek hozad\u00e9ka h\u00f3napok alatt \u00e9p\u00fcl fel, \u00e9s d\u00f6nt\u0151 pillanatokban \u201ehoz kamatot\u201d: f\u00f3kusz\u00e1ltabb leszel, \u00e1tgondoltabban reag\u00e1lsz, \u00e9s kevesebb t\u00e9ves k\u00f6vetkeztet\u00e9st vonsz le. Vagyis: kevesebb zaj, t\u00f6bb tisztas\u00e1g. Ha te is ezt keresed, az al\u00e1bbi keret seg\u00edt a gyakorlati indul\u00e1sban \u00e9s az elm\u00e9ly\u00edt\u00e9sben.<\/p>\n<h2>Az \u00f6nreflexi\u00f3 pszichol\u00f3giai alapjai<\/h2>\n<p>Az \u00f6nreflexi\u00f3 \u00edr\u00e1sa nem \u201esz\u00e9pirodalom\u201d, hanem ment\u00e1lis gyakorlat. A l\u00e9nyege, hogy a bels\u0151 \u00e9lm\u00e9nyeidet nyelvi form\u00e1ba \u00f6nt\u00f6d, \u00edgy hozz\u00e1f\u00e9rhet\u0151v\u00e9 \u00e9s alak\u00edthat\u00f3v\u00e1 v\u00e1lnak. A kifejez\u0151 \u00edr\u00e1s (expressive writing) nemzetk\u00f6zi szakirodalma azt \u00edrja le, hogy a szavakba rendez\u00e9s \u2013 megfelel\u0151 keretek k\u00f6z\u00f6tt \u2013 seg\u00edti az \u00e9rzelemmodul\u00e1ci\u00f3t, a koherens \u00e9lett\u00f6rt\u00e9neti narrat\u00edva kialak\u00edt\u00e1s\u00e1t, \u00e9s m\u00e9rs\u00e9kelt, de m\u00e9rhet\u0151 hat\u00e1ssal lehet hangulatra, stresszre \u00e9s eg\u00e9szs\u00e9g\u00e9rzetre. A mechanizmusok t\u00f6bbcsatorn\u00e1sak: (1) a verbaliz\u00e1ci\u00f3 \u201eleh\u0171ti\u201d az \u00e9rzelmi reaktivit\u00e1st; (2) a t\u00f6rt\u00e9netk\u00e9pz\u00e9s cs\u00f6kkenti a kognit\u00edv terhel\u00e9st (\u201emi is t\u00f6rt\u00e9nt val\u00f3j\u00e1ban?\u201d) \u00e9s a r\u00e1g\u00f3d\u00e1st; (3) a perspekt\u00edvav\u00e1lt\u00e1s \u2013 ha tanulhat\u00f3 m\u00f3don, tudatosan v\u00e9gzed \u2013 el\u0151seg\u00edti, hogy kev\u00e9sb\u00e9 \u201ebeleb\u00fajva\u201d a t\u00f6rt\u00e9n\u00e9sekbe, ink\u00e1bb k\u00fcls\u0151bb n\u00e9z\u0151pontb\u00f3l vizsg\u00e1ld magad. Ut\u00f3bbi k\u00fcl\u00f6n figyelmet \u00e9rdemel: a nyelvi, t\u00e1vol\u00edt\u00f3 megfogalmaz\u00e1sok (p\u00e9ld\u00e1ul a \u201emi t\u00f6rt\u00e9nt velem?\u201d helyett \u201emi t\u00f6rt\u00e9nt <i>veled<\/i>?\u201d vagy saj\u00e1t n\u00e9v haszn\u00e1lata) bizony\u00edthat\u00f3an cs\u00f6kkenthetik a pillanatnyi \u00e9rzelmi t\u00falaktiv\u00e1lts\u00e1got, \u00e9s seg\u00edtik az adapt\u00edv \u00f6nreflexi\u00f3t. Fontos azonban a realit\u00e1s: a hat\u00e1sok \u00e1tlagosan kism\u00e9ret\u0171ek, \u00e9s nem mindenkin\u00e9l azonosak. Ez\u00e9rt nem \u201emindenre j\u00f3 tabletta\u201d, hanem kompetenciafejleszt\u00e9s \u2013 mint az er\u0151nl\u00e9ti edz\u00e9s a testnek. Ha \u00edgy tekintesz r\u00e1, \u00e9s rendszeresen gyakorolsz, stabil, haszn\u00e1lhat\u00f3 eredm\u00e9nyeket \u00e9p\u00edthetsz fel: tiszt\u00e1bb \u00f6nk\u00e9p, kevesebb impulz\u00edv reakci\u00f3, jobb \u00f6nir\u00e1ny\u00edt\u00e1s.<\/p>\n<h2>Gyakorlati keret: 7-l\u00e9p\u00e9ses \u00f6nreflexi\u00f3s \u00edr\u00e1s-protokoll<\/h2>\n<ul>\n<li><b>Keret \u00e9s id\u0151:<\/b> v\u00e1lassz heti 3\u20135 alkalmat, 10\u201320 perces blokkokkal. Kapcsold ki az \u00e9rtes\u00edt\u00e9seket, jel\u00f6ld ki a helyed (f\u00fczet vagy dokumentum, mindig ugyanaz).<\/li>\n<li><b>C\u00e9lkit\u0171z\u00e9s a legelej\u00e9n:<\/b> egy mondatban \u00edrd le: \u201eMa mire keresek v\u00e1laszt?\u201d \u2013 legyen sz\u0171k f\u00f3kusz (pl. \u201eMi\u00e9rt reag\u00e1ltam t\u00fal a tegnapi visszajelz\u00e9sre?\u201d).<\/li>\n<li><b>Szabad \u00edr\u00e1s 8\u201312 percig:<\/b> helyes\u00edr\u00e1s \u00e9s st\u00edlus nem sz\u00e1m\u00edt. A c\u00e9l a \u201enyersanyag\u201d \u00f6sszegy\u0171jt\u00e9se, nem a sz\u00e9ps\u00e9g.<\/li>\n<li><b>Perspekt\u00edvav\u00e1lt\u00e1s 3\u20135 percig:<\/b> fogalmazd \u00e1t a kulcsmondatokat t\u00e1vol\u00edt\u00f3 nyelven (saj\u00e1t neveddel vagy m\u00e1sodik szem\u00e9lyben), \u00e9s keresd meg: \u201eMit javasoln\u00e1l <i>neked<\/i> ebben a helyzetben?\u201d<\/li>\n<li><b>K\u00e9t tanuls\u00e1g + egy k\u00f6vetkez\u0151 l\u00e9p\u00e9s:<\/b> a v\u00e9g\u00e9n <i>pontokban<\/i> r\u00f6gz\u00edts k\u00e9t felismer\u00e9st \u00e9s egy apr\u00f3, m\u00e9rhet\u0151 akci\u00f3t a k\u00f6vetkez\u0151 48 \u00f3r\u00e1ra.<\/li>\n<li><b>R\u00f6vid visszan\u00e9z\u00e9s hetente:<\/b> vas\u00e1rnap 10 perc: mi m\u0171k\u00f6d\u00f6tt, mi nem, mit finom\u00edtasz j\u00f6v\u0151 h\u00e9ten?<\/li>\n<li><b>Hat\u00e1rok \u00e9s biztons\u00e1g:<\/b> ha a t\u00e9ma t\u00fal intenz\u00edv, v\u00e1lts \u201estruktur\u00e1lt\u201d \u00edr\u00e1sra (t\u00e9nyek\u2013\u00e9rtelmez\u00e9sek\u2013tanuls\u00e1g), \u00e9s sz\u00fcks\u00e9g eset\u00e9n k\u00e9rj szakmai seg\u00edts\u00e9get.<\/li>\n<\/ul>\n<h2>\u00d6nreflexi\u00f3s k\u00e9rd\u00e9sbank \u2013 ha elakadn\u00e1l<\/h2>\n<p>Az al\u00e1bbi k\u00e9rd\u00e9sbankot akkor vedd el\u0151, amikor \u00fclsz a f\u00fczet f\u00f6l\u00f6tt, \u00e9s \u201enem j\u00f6n semmi\u201d. A m\u00f3dszer egyszer\u0171: v\u00e1lassz ki 1\u20132 k\u00e9rd\u00e9st, \u00edrj r\u00e1 8\u201312 percig meg\u00e1ll\u00e1s n\u00e9lk\u00fcl, majd a v\u00e9g\u00e9n jel\u00f6lj ki egy apr\u00f3, id\u0151ben behat\u00e1rolt k\u00f6vetkez\u0151 l\u00e9p\u00e9st (p\u00e9ld\u00e1ul: \u201eholnap 10:30-kor felh\u00edvom X-et \u00e9s r\u00e1k\u00e9rdezek Y-ra\u201d). A k\u00e9rd\u00e9sek sz\u00e1nd\u00e9kosan t\u00f6bb ir\u00e1nyb\u00f3l k\u00f6zel\u00edtenek: seg\u00edtenek sz\u00e9tv\u00e1lasztani a t\u00e9nyt az \u00e9rtelmez\u00e9st\u0151l, l\u00e1that\u00f3v\u00e1 tenni a m\u0171k\u00f6d\u0151 automatizmusokat, \u00e9s viselked\u00e9ses k\u00eds\u00e9rletre ford\u00edtani a felismer\u00e9st. Ne akarj mindent megv\u00e1laszolni. A l\u00e9nyeg a f\u00f3kusz: egy helyzet, egy felismer\u00e9s, egy cselekv\u00e9s. Ha p\u00e1r h\u00e9t m\u00falva visszaolvasod a bejegyz\u00e9seket, l\u00e1tni fogod, mely t\u00e9m\u00e1k t\u00e9rnek vissza, \u00e9s hol \u00e9rdemes m\u00e9lyebbre \u00e1sni (p\u00e9ld\u00e1ul egy d\u00f6nt\u00e9si napl\u00f3val vagy c\u00e9lzott coaching-k\u00e9rd\u00e9ssorral). Ha \u00e9rz\u00e9keny kapcsolati helyzetet \u00edrsz le, maradj tiszteletteljes: a saj\u00e1t \u00e9lm\u00e9nyedre koncentr\u00e1lj, ne diagnosztiz\u00e1ld a m\u00e1sikat. Ha pedig azt \u00e9rzed, hogy az \u00edr\u00e1s csak k\u00f6rbej\u00e1rja ugyanazt a f\u00e1jdalmas pontot val\u00f3di elmozdul\u00e1s n\u00e9lk\u00fcl, itt az id\u0151 k\u00fcls\u0151 seg\u00edts\u00e9get k\u00e9rni. Ezt a list\u00e1t b\u00e1tran szabhatod testre: emelj ki 10\u201312 kedvenc k\u00e9rd\u00e9st, \u00e9s tedd a f\u00fczeted elej\u00e9re \u2013 \u00edgy mindig k\u00e9zn\u00e9l lesz egy gyors ind\u00edt\u00f3.<\/p>\n<p><b>Alap k\u00e9rd\u00e9sek (ind\u00edt\u00f3 k\u00e9szlet)<\/b><\/p>\n<ul>\n<li>Melyik t\u00e9ny zavart meg ma legink\u00e1bb, \u00e9s mi\u00e9rt? (T\u00e9ny\u2013\u00e9rtelmez\u00e9s sz\u00e9tv\u00e1laszt\u00e1sa.)<\/li>\n<li>Milyen automatizmus m\u0171k\u00f6d\u00f6tt bennem ebben a helyzetben (ker\u00fcl\u00e9s, t\u00falmagyar\u00e1z\u00e1s, halogat\u00e1s)?<\/li>\n<li>Mit gondoltam val\u00f3j\u00e1ban a m\u00e1sik sz\u00e1nd\u00e9k\u00e1r\u00f3l \u2013 \u00e9s mi lenne egy semlegesebb olvasat?<\/li>\n<li>Ha egy j\u00f3 bar\u00e1tom lenne az \u00e9n helyemben, mit tan\u00e1csoln\u00e9k neki holnapra?<\/li>\n<li>Mib\u0151l l\u00e1tn\u00e1m k\u00e9t h\u00e9t m\u00falva, hogy 5%-kal jobban kezelem ezt a t\u00edpust?<\/li>\n<li>Milyen \u00e9rt\u00e9kem s\u00e9r\u00fclt vagy aktiv\u00e1l\u00f3dott (pl. igazs\u00e1goss\u00e1g, kompetencia, rend)?<\/li>\n<li>Mi az az egy apr\u00f3 viselked\u00e9s, amit holnap 10 perc alatt kipr\u00f3b\u00e1lok?<\/li>\n<\/ul>\n<p><b>T\u00e9nyek \u00e9s \u00e9rtelmez\u00e9sek<\/b><\/p>\n<ul>\n<li>Mi a helyzet h\u00e1rom mondatban, puszta t\u00e9nyekkel le\u00edrva?<\/li>\n<li>Hol cs\u00fasztam \u00e1t k\u00f6vetkeztet\u00e9sbe (\u201ebiztos az\u00e9rt tette, mert\u2026\u201d)?<\/li>\n<li>Melyik mondatom tartalmaz felt\u00e9telez\u00e9st, \u00e9s mit tudok biztosan?<\/li>\n<li>Mi lenne ugyanez az eset, ha egy megfigyel\u0151 \u00edrn\u00e1 le?<\/li>\n<li>Mit nem vettem figyelembe (id\u0151nyom\u00e1s, hi\u00e1nyos inform\u00e1ci\u00f3, kontextus)?<\/li>\n<\/ul>\n<p><b>\u00c9rzelmi tudatoss\u00e1g \u00e9s szab\u00e1lyoz\u00e1s<\/b><\/p>\n<ul>\n<li>Milyen els\u0151dleges \u00e9rz\u00e9st \u00e9ltem \u00e1t (szomor\u00fas\u00e1g, d\u00fch, f\u00e9lelem, sz\u00e9gyen)? Hol \u00e9reztem a testben?<\/li>\n<li>Melyik pillanatban er\u0151s\u00f6d\u00f6tt fel az \u00e9rz\u00e9s, mi v\u00e1ltotta ki?<\/li>\n<li>Mit \u00fczen ez az \u00e9rz\u00e9s sz\u00e1momra (mi fontos nekem itt)?<\/li>\n<li>Milyen megnyugtat\u00f3 vagy energiz\u00e1l\u00f3 mikro-gyakorlat seg\u00edtett volna (l\u00e9gz\u00e9s, 3 perc s\u00e9ta, v\u00edziv\u00e1s)?<\/li>\n<li>Milyen mondatot mondan\u00e9k most egy\u00fctt\u00e9rz\u0151 hangon \u00f6nmagamnak?<\/li>\n<\/ul>\n<p><b>Gondolkod\u00e1si mint\u00e1k<\/b><\/p>\n<ul>\n<li>Melyik tipikus torz\u00edt\u00e1s bukkant fel (mindent vagy semmit, j\u00f3sl\u00e1s, gondolatolvas\u00e1s)?<\/li>\n<li>Milyen bizony\u00edt\u00e9k sz\u00f3l az automatikus gondolat ellen?<\/li>\n<li>Milyen re\u00e1lisabb, m\u0171k\u00f6d\u0151bb megfogalmaz\u00e1s lenne ugyanarra?<\/li>\n<li>Mikor volt m\u00e1r hasonl\u00f3 helyzet, \u00e9s mit csin\u00e1ltam akkor m\u00e1sk\u00e9nt?<\/li>\n<li>Ha a probl\u00e9ma 20%-\u00e1t tudn\u00e1m megoldani, mi lenne az a 20%?<\/li>\n<\/ul>\n<p><b>Kapcsolati helyzetek<\/b><\/p>\n<ul>\n<li>Mit szeretn\u00e9k, hogy a m\u00e1sik meg\u00e9rtsen t\u0151lem ebben a t\u00e9m\u00e1ban?<\/li>\n<li>Mi az a k\u00f6z\u00f6s c\u00e9l vagy \u00e9rt\u00e9k, amire r\u00e1 tudok csatlakozni a besz\u00e9lget\u00e9s elej\u00e9n?<\/li>\n<li>Melyik mondatom lehetett olajat a t\u0171zre? Hogyan mondan\u00e1m most?<\/li>\n<li>Mi az a k\u00e9rd\u00e9s, amit m\u00e9g nem tettem fel a m\u00e1siknak, pedig tiszt\u00e1zhatn\u00e1 a helyzetet?<\/li>\n<li>Mi lenne egy tiszteletteljes, t\u00f6m\u00f6r nyit\u00f3mondat a folytat\u00e1shoz?<\/li>\n<\/ul>\n<p><b>D\u00f6nt\u00e9sek \u00e9s halad\u00e1s<\/b><\/p>\n<ul>\n<li>Milyen opci\u00f3im vannak, \u00e9s mi az egyes opci\u00f3k legval\u00f3sz\u00edn\u0171bb k\u00f6vetkezm\u00e9nye 3 h\u00f3napon bel\u00fcl?<\/li>\n<li>Milyen felt\u00e9telek mellett tekinten\u00e9m a d\u00f6nt\u00e9st \u201eel\u00e9g j\u00f3\u201d-nak?<\/li>\n<li>Mi akad\u00e1lyoz abban, hogy a legkisebb \u00e9rtelmes l\u00e9p\u00e9st megtegyem ma?<\/li>\n<li>Melyik l\u00e9p\u00e9st tudom 30 percen bel\u00fcl lez\u00e1rni napt\u00e1rban lefoglalt id\u0151ben?<\/li>\n<li>Kit\u0151l k\u00e9rek egy gyors \u201em\u00e1sodik szemet\u201d a tervemre, \u00e9s mikor?<\/li>\n<\/ul>\n<p><b>\u00c9rt\u00e9kek \u00e9s ir\u00e1ny<\/b><\/p>\n<ul>\n<li>Melyik szem\u00e9lyes \u00e9rt\u00e9kem mutatkozik meg ebben a c\u00e9lban (p\u00e9ld\u00e1ul felel\u0151ss\u00e9g, fejl\u0151d\u00e9s, megb\u00edzhat\u00f3s\u00e1g)?<\/li>\n<li>Hol s\u00e9r\u00fcl ez az \u00e9rt\u00e9k a h\u00e9tk\u00f6znapi m\u0171k\u00f6d\u00e9sben, \u00e9s mit teszek \u00e9rte holnap?<\/li>\n<li>Mi az a viselked\u00e9s, ami legink\u00e1bb \u201e\u00f6sszhangban van \u00f6nmagammal\u201d ebben a helyzetben?<\/li>\n<li>Ha egy \u00e9v m\u00falva visszan\u00e9zek erre a h\u00e9tre, minek \u00f6r\u00fcln\u00e9k, hogy megtettem?<\/li>\n<li>Milyen kompromisszum f\u00e9r bele most, \u00e9s mi az, ami nem alkuk\u00e9pes?<\/li>\n<\/ul>\n<p><b>Munka \u00e9s teljes\u00edtm\u00e9ny<\/b><\/p>\n<ul>\n<li>Melyik feladatom hoz ar\u00e1nytalanul nagy eredm\u00e9nyt az id\u0151r\u00e1ford\u00edt\u00e1shoz k\u00e9pest?<\/li>\n<li>Mit automatiz\u00e1lhatok, deleg\u00e1lhatok vagy elhagyhatok a k\u00f6vetkez\u0151 k\u00e9t h\u00e9tben?<\/li>\n<li>Mi volt ma a legnagyobb figyelem-elterel\u0151 t\u00e9nyez\u0151, \u00e9s hogyan kezelem holnapt\u00f3l?<\/li>\n<li>Melyik k\u00e9szs\u00e9gemen fejlesztek 1 fokot a h\u00e9ten (konkr\u00e9t gyakorlat, id\u0151pont)?<\/li>\n<li>Mit tanultam ma, amit egy koll\u00e9g\u00e1nak \u00e1tadok 5 percben?<\/li>\n<\/ul>\n<p><b>Eg\u00e9szs\u00e9g \u00e9s energia<\/b><\/p>\n<ul>\n<li>Mennyi volt az alv\u00e1som min\u0151s\u00e9ge az elm\u00falt h\u00e1rom \u00e9jjel, \u00e9s mi befoly\u00e1solta?<\/li>\n<li>Volt-e ma 2\u20133 r\u00f6vid mozg\u00e1s\u2013sz\u00fcnet, \u00e9s mit \u00e9reztem ut\u00e1na?<\/li>\n<li>Mikor ettem utolj\u00e1ra igaz\u00e1n \u00e9hesen, \u00e9s mikor \u201estresszre\u201d?<\/li>\n<li>Melyik szok\u00e1som ad a legt\u00f6bbet az energi\u00e1mhoz, \u00e9s mikor csin\u00e1lom holnap?<\/li>\n<li>Mi az a k\u00e9t perc, amit ma a l\u00e9gz\u00e9semre sz\u00e1nok (mikor, hol)?<\/li>\n<\/ul>\n<p><b>Tanul\u00e1s \u00e9s fejl\u0151d\u00e9s<\/b><\/p>\n<ul>\n<li>Mi lepett meg ma, \u00e9s mit mond ez a felt\u00e9telez\u00e9seimr\u0151l?<\/li>\n<li>Melyik hib\u00e1b\u00f3l lett tanuls\u00e1g, \u00e9s hogyan \u00e9p\u00edtem be a folyamatba?<\/li>\n<li>Mi az a cikk\/k\u00f6nyv\/el\u0151ad\u00e1s, amit 20 perc alatt \u00e1t tudok futni a t\u00e9m\u00e1ban?<\/li>\n<li>Kit\u0151l k\u00e9rek c\u00e9lzott visszajelz\u00e9st egy konkr\u00e9t k\u00e9rd\u00e9sre, \u00e9s hogyan fogalmazom meg?<\/li>\n<li>Milyen apr\u00f3 k\u00eds\u00e9rletet futtatok a h\u00e9ten, \u00e9s mit m\u00e9rek rajta?<\/li>\n<\/ul>\n<p><b>Vezet\u0151i \u00e9s v\u00e1llalkoz\u00f3i f\u00f3kusz<\/b><\/p>\n<ul>\n<li>Melyik d\u00f6nt\u00e9semn\u00e9l voltam ma a legtiszt\u00e1bban transzparens az \u00e9rvekr\u0151l \u00e9s a kock\u00e1zatokr\u00f3l?<\/li>\n<li>Hol kellett volna hamarabb \u201emeg\u00e1ll\u00edtani a g\u00e9pet\u201d, \u00e9s mit teszek holnapt\u00f3l m\u00e1sk\u00e9nt?<\/li>\n<li>Melyik csapattag ig\u00e9nyel most t\u0151lem tiszt\u00e1z\u00e1st vagy v\u00e9d\u0151korl\u00e1tot?<\/li>\n<li>Mi az a k\u00e9t soros \u00fczenet, amivel ma meger\u0151s\u00edthetem valaki \u00e9rt\u00e9kes hozz\u00e1j\u00e1rul\u00e1s\u00e1t?<\/li>\n<li>Hol teremtettem ma \u00e9rt\u00e9ket az \u00fcgyf\u00e9lnek, \u00e9s hogyan teszem l\u00e1that\u00f3v\u00e1 a csapat fel\u00e9?<\/li>\n<\/ul>\n<p><b>Z\u00e1r\u00f3 k\u00e9rd\u00e9sek (akci\u00f3ra ford\u00edtva)<\/b><\/p>\n<ul>\n<li>Mi a <b>k\u00f6vetkez\u0151 konkr\u00e9t l\u00e9p\u00e9s<\/b> (mit, mikor, hol, kivel)?<\/li>\n<li>Mi lehet az els\u0151 akad\u00e1ly, \u00e9s hogyan ker\u00fcl\u00f6m ki?<\/li>\n<li>Honnan fogom tudni holnap est\u00e9re, hogy megtettem?<\/li>\n<\/ul>\n<h2>4 hetes akci\u00f3terv \u2013 minim\u00e1l program<\/h2>\n<table style=\"border: 1px solid #ccc; border-collapse: collapse; width: 100%;\">\n<thead>\n<tr>\n<th style=\"border: 1px solid #ccc; padding: 8px;\">Id\u0151szak<\/th>\n<th style=\"border: 1px solid #ccc; padding: 8px;\">F\u00f3kusz<\/th>\n<th style=\"border: 1px solid #ccc; padding: 8px;\">Feladat<\/th>\n<th style=\"border: 1px solid #ccc; padding: 8px;\">M\u00e9r\u0151pont<\/th>\n<\/tr>\n<\/thead>\n<tbody>\n<tr>\n<td style=\"border: 1px solid #ccc; padding: 8px;\">1. h\u00e9t<\/td>\n<td style=\"border: 1px solid #ccc; padding: 8px;\">Rutin kialak\u00edt\u00e1sa<\/td>\n<td style=\"border: 1px solid #ccc; padding: 8px;\">3\u00d710 perc szabad \u00edr\u00e1s + 1\u00d7 heti visszan\u00e9z\u00e9s<\/td>\n<td style=\"border: 1px solid #ccc; padding: 8px;\">Megvan-e mind a 4 \u00fcl\u00e9s? (igen\/nem)<\/td>\n<\/tr>\n<tr>\n<td style=\"border: 1px solid #ccc; padding: 8px;\">2. h\u00e9t<\/td>\n<td style=\"border: 1px solid #ccc; padding: 8px;\">Perspekt\u00edvav\u00e1lt\u00e1s<\/td>\n<td style=\"border: 1px solid #ccc; padding: 8px;\">Minden \u00fcl\u00e9s v\u00e9g\u00e9n 3 mondat t\u00e1vol\u00edt\u00f3 nyelven<\/td>\n<td style=\"border: 1px solid #ccc; padding: 8px;\">Reaktivit\u00e1s 1\u201310 sk\u00e1l\u00e1n (\u00fcl\u00e9s el\u0151tt\/ut\u00e1n)<\/td>\n<\/tr>\n<tr>\n<td style=\"border: 1px solid #ccc; padding: 8px;\">3. h\u00e9t<\/td>\n<td style=\"border: 1px solid #ccc; padding: 8px;\">Mikro-akci\u00f3k<\/td>\n<td style=\"border: 1px solid #ccc; padding: 8px;\">Minden \u00fcl\u00e9s: 1\u00d748 \u00f3r\u00e1s kis l\u00e9p\u00e9s r\u00f6gz\u00edt\u00e9se<\/td>\n<td style=\"border: 1px solid #ccc; padding: 8px;\">3\/4 akci\u00f3 v\u00e9grehajtva? (igen\/nem)<\/td>\n<\/tr>\n<tr>\n<td style=\"border: 1px solid #ccc; padding: 8px;\">4. h\u00e9t<\/td>\n<td style=\"border: 1px solid #ccc; padding: 8px;\">Szem\u00e9lyes protokoll<\/td>\n<td style=\"border: 1px solid #ccc; padding: 8px;\">Saj\u00e1t 5 pontos \u00edr\u00e1s-protokoll meg\u00edr\u00e1sa<\/td>\n<td style=\"border: 1px solid #ccc; padding: 8px;\">1 oldal \u201esaj\u00e1t k\u00e9zik\u00f6nyv\u201d elk\u00e9sz\u00fclt<\/td>\n<\/tr>\n<\/tbody>\n<\/table>\n<h2>Gyakori elakad\u00e1sok, \u00e9s ahogyan feloldhatod<\/h2>\n<p><b>\u201eNem j\u00f6nnek a szavak.\u201d<\/b> Kezdd t\u00e9nyekkel (\u201emi t\u00f6rt\u00e9nt?\u201d), majd adj mell\u00e9 k\u00e9t \u00e9rtelmez\u00e9st: <i>legval\u00f3sz\u00edn\u0171bb<\/i> \u00e9s <i>j\u00f3indulat\u00fa<\/i> olvasat. Ha m\u00e9g mindig neh\u00e9z, \u00edrj list\u00e1t: 5 dolog, ami zavar; 3 dolog, amin v\u00e1ltoztathatsz; 1 dolog, amit holnap megteszel. <b>\u201eT\u00fal intenz\u00edv lesz, felkavar.\u201d<\/b> V\u00e1lts id\u0151korl\u00e1tra (8\u201310 perc), \u00e9s z\u00e1rd le \u201elesz\u00e1ll\u00f3 protokollal\u201d: 3 mondat arr\u00f3l, mit tanult\u00e1l, majd 3 m\u00e9ly l\u00e9gz\u00e9s. Ha traumatikus eml\u00e9kek aktiv\u00e1l\u00f3dnak, ne menj egyed\u00fcl tov\u00e1bb \u2013 k\u00e9rj szakmai seg\u00edts\u00e9get. <b>\u201eF\u00e9lek, hogy valaki elolvassa.\u201d<\/b> Haszn\u00e1lj jelszavas f\u00e1jlt vagy pap\u00edrt, amit z\u00e1rt helyen tartasz. A biztons\u00e1g\u00e9rzet nem extra, hanem felt\u00e9tel. <b>\u201eKritikus hang folyton besz\u00f3l.\u201d<\/b> \u00cdrj k\u00e9t oszlopban: balra a kritikus mondat (\u201eMegint elrontottad\u201d), jobbra a j\u00f3indulat\u00fa, bizony\u00edt\u00e9k-alap\u00fa v\u00e1lasz (\u201eKett\u0151t j\u00f3l megoldott\u00e1l, itt tanulsz\u201d). <b>\u201eCsak p\u00f6rg\u00f6k, nincs akci\u00f3.\u201d<\/b> Minden \u00fcl\u00e9s v\u00e9g\u00e9n r\u00f6gz\u00edts egy 48 \u00f3r\u00e1n bel\u00fcl elv\u00e9gezhet\u0151, kicsi l\u00e9p\u00e9st \u2013 \u00e9s jel\u00f6ld vissza, amikor k\u00e9sz. A mozg\u00e1sban l\u00e9v\u0151 rendszer stabiliz\u00e1l: nem kell nagy ugr\u00e1s, csak kicsi, k\u00f6vetkezetes el\u0151rel\u00e9p\u00e9sek.<\/p>\n<h2>\u00d6nreflexi\u00f3:<\/h2>\n<ul>\n<li>A gy\u00e1szban, kr\u00edzisben \u00e9s \u00e9rzelmi t\u00falterhelts\u00e9g idej\u00e9n: Vesztes\u00e9g, szak\u00edt\u00e1s, ki\u00e9g\u00e9s vagy egzisztenci\u00e1lis bizonytalans\u00e1g k\u00f6zepette az \u00edr\u00e1s nem arra val\u00f3, hogy \u201erendbe tedd magad egy \u00fcl\u00e9s alatt\u201d. Ilyenkor a c\u00e9l a <i>kont\u00e9ner<\/i> megteremt\u00e9se: biztos, egyszer\u0171 keret, ahol \u00e9rzelmi nyom\u00e1s alatt is kifejezheted, ami t\u00f6rt\u00e9nik, \u00e9s kapcsolatban maradsz \u00f6nmagaddal. A gy\u00e1szban a t\u00fal gyors jelent\u00e9skeres\u00e9s sokszor vissza\u00fct; kezdd le\u00edr\u00f3 m\u00f3don (mi t\u00f6rt\u00e9nt a h\u00e9ten, mikor volt k\u00f6nnyebb\/nehezebb), \u00e9s csak k\u00e9s\u0151bb l\u00e9pj \u00e1t az \u00e9rtelmez\u00e9sbe. A t\u00e1vol\u00edt\u00f3 nyelv (saj\u00e1t n\u00e9v, m\u00e1sodik szem\u00e9ly) ilyenkor kifejezetten hasznos lehet, mert m\u00e9rs\u00e9kli a reaktivit\u00e1st \u00e9s t\u00e1g\u00edtja a n\u00e9z\u0151pontot. Mindek\u00f6zben fogadd el, hogy a hat\u00e1s hull\u00e1mz\u00f3: lesz nap, amikor az \u00edr\u00e1s csak \u201erendezi a pap\u00edrt\u201d, \u00e9s lesz, amikor \u00e9rdemi megk\u00f6nnyebb\u00fcl\u00e9st hoz. Ha tart\u00f3s alv\u00e1szavar, rem\u00e9nytelens\u00e9g, szerhaszn\u00e1lat vagy \u00f6ns\u00e9rt\u0151 gondolatok jelennek meg, ez nem \u201egyenge teljes\u00edtm\u00e9ny\u201d, hanem jelz\u00e9s: fordulj szakemberhez. Az \u00f6nreflexi\u00f3 itt is \u00e9rt\u00e9kes k\u00eds\u00e9r\u0151 eszk\u00f6z, de nem \u00f6nmag\u00e1ban \u00e1ll; a gy\u00f3gyul\u00e1s r\u00e9sze, nem az eg\u00e9sze. A ritmus, a hat\u00e1rok \u00e9s a t\u00e1mogat\u00e1s az, amit ilyenkor komolyan kell venned. \u00c9s igen: meg lehet tanulni egy\u00fctt \u00e9lni a hi\u00e1nnyal \u00fagy, hogy k\u00f6zben \u00fajra fel\u00e9p\u00fcl a mindennapok tart\u00e1sa.<\/li>\n<li>A szervezeti k\u00f6rnyezetben: V\u00e1llalkoz\u00f3k \u00e9s vezet\u0151k gyakran k\u00e9rdezik: hogyan lehet az \u00f6nreflexi\u00f3t csapat- vagy szervezeti szintre emelni an\u00e9lk\u00fcl, hogy \u201e\u00f6nseg\u00edt\u0151 klub\u201d hangulatot kapjon? A v\u00e1lasz: struktur\u00e1lt, r\u00f6vid, c\u00e9lhoz k\u00f6t\u00f6tt r\u00edtusokkal. P\u00e9ld\u00e1ul k\u00e9theti \u201etanul\u00e1si k\u00f6r\u00f6kben\u201d minden r\u00e9sztvev\u0151 hoz egy r\u00f6vid, el\u0151re \u00edr\u00e1sban kidolgozott reflexi\u00f3t egy kulcshelyzetr\u0151l (projektkudarc, \u00fcgyf\u00e9l-eszkal\u00e1ci\u00f3, d\u00f6nt\u00e9si zs\u00e1kutca), \u00e9s h\u00e1rom k\u00e9rd\u00e9sre v\u00e1laszol: mi t\u00f6rt\u00e9nt t\u00e9nyszer\u0171en; mik voltak a f\u0151 felt\u00e9telez\u00e9seim; mit csin\u00e1ln\u00e9k m\u00e1sk\u00e9nt legk\u00f6zelebb. A t\u00f6bbiek k\u00e9rdeznek, nem \u201eokos\u00edtanak\u201d. A c\u00e9l a gondolkod\u00e1s min\u0151s\u00e9ge, nem a b\u0171nbakkeres\u00e9s. Ezt kieg\u00e9sz\u00edtheti a \u201evezet\u0151i visszatekint\u0151\u201d, ahol a vezet\u0151 havonta k\u00f6zz\u00e9tesz egy r\u00f6vid, \u00edr\u00e1sos jegyzetet arr\u00f3l, milyen d\u00f6nt\u00e9si dilemm\u00e1kkal szembes\u00fclt, \u00e9s milyen tanuls\u00e1gokat von le \u2013 ezzel p\u00e9ld\u00e1t ad a sebezhet\u0151s\u00e9g \u00e9s a felel\u0151ss\u00e9gv\u00e1llal\u00e1s kult\u00far\u00e1j\u00e1ra. Ha szeretn\u00e9d ezt folyamatk\u00e9nt be\u00e1gyazni, rendelj hozz\u00e1 minim\u00e1lis adminisztr\u00e1ci\u00f3t (egys\u00e9ges sablon, id\u0151keret, archiv\u00e1l\u00e1s), \u00e9s m\u00e9rj n\u00e9h\u00e1ny egyszer\u0171 mutat\u00f3t (l\u00e1sd a k\u00f6vetkez\u0151 szakaszt). A l\u00e9nyeg, hogy az \u00f6nreflexi\u00f3 ne \u201eplusz feladat\u201d legyen, hanem a m\u0171k\u00f6d\u00e9s r\u00e9sze, ami jav\u00edtja a d\u00f6nt\u00e9sek min\u0151s\u00e9g\u00e9t \u00e9s cs\u00f6kkenti a visszat\u00e9r\u0151 hib\u00e1k sz\u00e1m\u00e1t.<\/li>\n<li>A munk\u00e1ban \u00e9s az \u00fczletben: Ak\u00e1r vezet\u0151k\u00e9nt, ak\u00e1r v\u00e1llalkoz\u00f3k\u00e9nt dolgozol, a teljes\u00edtm\u00e9nyed korl\u00e1tja gyakran nem a \u201ekem\u00e9ny tud\u00e1s\u201d, hanem a bels\u0151 m\u0171k\u00f6d\u00e9sed: a d\u00f6nt\u00e9si torz\u00edt\u00e1sok, a stresszkezel\u00e9sed, a konfliktuskezel\u0151 st\u00edlusod, \u00e9s az, ahogyan a kudarcot vagy a sikert \u00e9rtelmezed. A napl\u00f3z\u00e1ssal ezeket \u201ek\u00edv\u00fclre teszed\u201d: l\u00e1that\u00f3v\u00e1 v\u00e1lik, miben k\u00f6vetkezel magadnak, hol \u00f6nellentmond\u00e1sos a m\u0171k\u00f6d\u00e9sed, \u00e9s mely pontokon van sz\u00fcks\u00e9g tudatos finomhangol\u00e1sra. \u00dczleti oldalon ez h\u00e1rom ter\u00fcleten hoz k\u00e9zzelfoghat\u00f3 el\u0151nyt. El\u0151sz\u00f6r: strat\u00e9giai tisztas\u00e1g \u2013 k\u00f6nnyebb megk\u00fcl\u00f6nb\u00f6ztetni a hossz\u00fa t\u00e1v\u00fa priorit\u00e1sokat a pillanatnyi zajt\u00f3l, \u00e9s ez visszahat a f\u00f3kuszodra, id\u0151gazd\u00e1lkod\u00e1sodra. M\u00e1sodszor: kapcsolatmin\u0151s\u00e9g \u2013 a rendszeres \u00f6nreflexi\u00f3 cs\u00f6kkenti a v\u00e9dekez\u0151, automatikus reakci\u00f3idat, t\u00f6bb teret ad a k\u00edv\u00e1ncsis\u00e1gnak \u00e9s az emp\u00e1ti\u00e1nak, ami csapatban m\u00e9rhet\u0151en jobb egy\u00fcttm\u0171k\u00f6d\u00e9st hoz. Harmadszor: m\u00e1rka \u00e9s hiteless\u00e9g \u2013 ha tiszt\u00e1bban l\u00e1tod a saj\u00e1t \u00e9rt\u00e9keidet \u00e9s hat\u00e1raidat, k\u00f6vetkezetesebben kommunik\u00e1lsz; ez a k\u00fclvil\u00e1g sz\u00e1m\u00e1ra olvashat\u00f3, \u00e9s er\u0151s\u00edti a bizalmat. Tapasztalatom szerint a j\u00f3l vezetett \u00f6nreflexi\u00f3 r\u00f6vid id\u0151n bel\u00fcl behozza az \u00e1r\u00e1t: pontosabban fogalmazol c\u00e9lokat, jobban m\u00e9red a halad\u00e1st, b\u00e1trabban mondasz nemet a nem-illeszked\u0151 feladatokra. Ez nem \u201ekem\u00e9nyked\u00e9s\u201d, hanem fegyelmezett \u00f6nir\u00e1ny\u00edt\u00e1s: kevesebb f\u00e9lrecs\u00fasz\u00e1s, kisebb \u00e9rzelmi kileng\u00e9s, jobb tart\u00e1s \u2013 \u00e9s v\u00e9gs\u0151 soron stabilabb teljes\u00edtm\u00e9ny.<\/li>\n<\/ul>\n<h2>Halad\u00f3 technik\u00e1k az \u00f6nreflexi\u00f3ban<\/h2>\n<p>Az \u00f6nreflexi\u00f3 \u00edr\u00e1sa a legt\u00f6bb embern\u00e9l \u201eszabad \u00edr\u00e1ssal\u201d indul, de a val\u00f3di m\u00e9lys\u00e9ghez \u00e9rdemes tudatosan b\u0151v\u00edteni az eszk\u00f6zt\u00e1rat. K\u00e9t ir\u00e1nyt aj\u00e1nlok. Az els\u0151 a narrat\u00edv \u00fajraszerkeszt\u00e9s: ugyanazt az esem\u00e9nyt t\u00f6bb n\u00e9z\u0151pontb\u00f3l \u00edrod le (p\u00e9ld\u00e1ul saj\u00e1t szemsz\u00f6g, egy megfigyel\u0151 n\u00e9z\u0151pontja, a m\u00e1sik f\u00e9l felt\u00e9telezett n\u00e9z\u0151pontja). A c\u00e9l nem az, hogy felmentsd magad vagy m\u00e1sokat, hanem hogy \u00e9szrevedd, mennyire rugalmas a jelent\u00e9salkot\u00e1s. A m\u00e1sodik a kognit\u00edv \u00e1tkeretez\u00e9s: azonos\u00edtod a visszat\u00e9r\u0151 automatikus gondolatokat (\u201enem vagyok el\u00e9g j\u00f3\u201d, \u201emindig elrontom\u201d), majd mell\u00e9j\u00fck \u00edrod a t\u00e9nyeket, az ellenp\u00e9ld\u00e1kat \u00e9s a re\u00e1lisabb megfogalmaz\u00e1st. E k\u00e9t technika egym\u00e1st er\u0151s\u00edti: a narrat\u00edv k\u00eds\u00e9rletez\u00e9s feloldja a merev t\u00f6rt\u00e9netet, az \u00e1tkeretez\u00e9s pedig seg\u00edt stabilabb, m\u0171k\u00f6d\u0151bb bels\u0151 narrat\u00edv\u00e1t \u00e9p\u00edteni. Halad\u00f3 gyakorlat a \u201eszerepcsere-interj\u00fa\u201d: le\u00edrod k\u00e9rd\u00e9s-v\u00e1lasz form\u00e1ban a bels\u0151 p\u00e1rbesz\u00e9det a kritikus \u00e9s az egy\u00fctt\u00e9rz\u0151 \u00e9nr\u00e9szed k\u00f6z\u00f6tt; ez \u00e9lesebb\u00e9 teszi a felismer\u00e9st, hogyan besz\u00e9lsz magaddal, \u00e9s mire lenne sz\u00fcks\u00e9ged. A figyelmi f\u00f3kusz v\u00e1ltogat\u00e1s\u00e1hoz hasznos a \u201emakr\u00f3\u2013mikr\u00f3\u201d mozg\u00e1s: el\u0151bb le\u00edrod az esem\u00e9ny eg\u00e9sz\u00e9t, majd kinagy\u00edtasz egyetlen pillanatra (egy mondatra, gesztusra, \u00e9rz\u00e9sre), \u00e9s r\u00f6gz\u00edted a test\u00e9rzeteket, gondolatokat, impulzusokat. Ha mindezt heti ritmusban v\u00e9gzed, \u00e9s id\u0151nk\u00e9nt visszaolvasod a bejegyz\u00e9seket, kirajzol\u00f3dnak a mint\u00e1zatok. Ezek a mint\u00e1zatok adj\u00e1k a k\u00f6vetkez\u0151 fejl\u0151d\u00e9si l\u00e9p\u00e9s konkr\u00e9t t\u00e9m\u00e1j\u00e1t, nem pedig az elvont \u201ev\u00e1ltozni akarok\u201d sz\u00e1nd\u00e9k.<\/p>\n<h2>\u00d6nreflexi\u00f3 \u00e9s d\u00f6nt\u00e9shozatal<\/h2>\n<p>Az \u00edr\u00e1s akkor v\u00e1lik igaz\u00e1n hat\u00e9kony eszk\u00f6zz\u00e9, ha be\u00e9p\u00fcl a d\u00f6nt\u00e9si folyamataidba. Ehhez \u00e9rdemes \u201ed\u00f6nt\u00e9si napl\u00f3t\u201d vezetni, amelyben minden fontosabb v\u00e1laszt\u00e1s el\u0151tt r\u00f6gz\u00edted: milyen opci\u00f3kat l\u00e1tsz, mi az egyes lehet\u0151s\u00e9gek v\u00e1rt el\u0151nye \u00e9s kock\u00e1zata, milyen bizonytalans\u00e1gok vannak, \u00e9s milyen el\u0151felt\u00e9telek mellett tekinten\u00e9d a d\u00f6nt\u00e9st sikeresnek 3\u20136 h\u00f3nap m\u00falva. A d\u00f6nt\u00e9s ut\u00e1n, el\u0151re \u00fctemezve (p\u00e9ld\u00e1ul 30 \u00e9s 120 nap m\u00falva) visszat\u00e9rsz ugyanahhoz a bejegyz\u00e9shez, \u00e9s r\u00f6viden \u00e9rt\u00e9keled, mi val\u00f3sult meg a v\u00e1rakoz\u00e1saidb\u00f3l, mit nem l\u00e1tt\u00e1l el\u0151re, \u00e9s mely torz\u00edt\u00e1sok (p\u00e9ld\u00e1ul t\u00falzott magabiztoss\u00e1g, meger\u0151s\u00edt\u00e9si torz\u00edt\u00e1s) j\u00e1tszhattak szerepet. Ez a keret k\u00e9t szinten dolgozik: r\u00f6vid t\u00e1von fegyelmezi a gondolkod\u00e1st, hossz\u00fa t\u00e1von tanul\u00e1si adatb\u00e1zist hoz l\u00e9tre saj\u00e1t m\u0171k\u00f6d\u00e9sedr\u0151l. Ha csapatban dolgozol, a d\u00f6nt\u00e9si napl\u00f3t egyszer\u0171s\u00edtheted k\u00f6z\u00f6s sablonn\u00e1: a l\u00e9nyeg, hogy r\u00f6gz\u00fclj\u00f6n a \u201emit gondoltunk akkor?\u201d \u00e9s a \u201emit tudunk ma?\u201d k\u00fcl\u00f6nbs\u00e9ge. Az \u00edgy fejl\u0151d\u0151 \u201emetakognit\u00edv izom\u201d cs\u00f6kkenti az \u00e9rzelmi impulzusokb\u00f3l fakad\u00f3 elhamarkodotts\u00e1got, \u00e9s seg\u00edt, hogy a nagy horderej\u0171 l\u00e9p\u00e9sek el\u0151tt ne csak meg\u00e9rz\u00e9sre, hanem \u00e1tgondolt \u00e9rvel\u00e9sre t\u00e1maszkodj. Ezt a fegyelmet \u00e9rdemes alacsony t\u00e9t\u0171 helyzetekben gyakorolni, hogy nagy t\u00e9t mellett m\u00e1r k\u00e9sz szok\u00e1sk\u00e9nt m\u0171k\u00f6dj\u00f6n.<\/p>\n<h2>M\u00e9r\u00e9s \u00e9s \u00e9rt\u00e9kel\u00e9s<\/h2>\n<p>Az \u00f6nreflexi\u00f3 nem \u201epuha\u201d gyakorlat: j\u00f3l defini\u00e1lt kimenetekhez kapcsolhat\u00f3. Az al\u00e1bbi t\u00e1bl\u00e1zat egyszer\u0171, m\u00e9gis hasznos m\u00e9r\u0151sz\u00e1mokat k\u00edn\u00e1l egy\u00e9ni \u00e9s csapatszinten. A sz\u00e1mok \u00f6nmagukban nem c\u00e9lok, de jelzik, hogy a szok\u00e1s be\u00e9p\u00fcl-e, \u00e9s van-e hat\u00e1sa a m\u0171k\u00f6d\u00e9sre. Az egy\u00e9ni m\u00e9r\u00e9s f\u00f3kusza a rendszeress\u00e9g, a felismer\u00e9sek hasznos\u00edt\u00e1sa \u00e9s az \u00e9rzelmi terhel\u00e9s v\u00e1ltoz\u00e1sa; csapatszinten a visszat\u00e9r\u0151 hib\u00e1k cs\u00f6kken\u00e9se, a d\u00f6nt\u00e9sek \u00e1tfut\u00e1si ideje \u00e9s a tanul\u00e1si jegyzetek lefedetts\u00e9ge. Ezeket negyed\u00e9vente \u00e9rdemes \u00e1ttekinteni, \u00e9s a folyamaton finomhangolni (p\u00e9ld\u00e1ul r\u00f6videbb sablon, kevesebb kateg\u00f3ria). Ha t\u00fal sok a forma, az cs\u00f6kkenti a hajland\u00f3s\u00e1got; ha t\u00fal kev\u00e9s, elv\u00e9sz a fegyelem. Keresd a \u201epont el\u00e9g\u201d szintet: el\u00e9g adat ahhoz, hogy l\u00e1sd, merre haladsz, de ne annyi, hogy a m\u00e9r\u00e9s elvigye az id\u0151d fel\u00e9t. A t\u00e1bl\u00e1zatot ig\u00e9ny szerint b\u0151v\u00edtheted \u201emin\u0151s\u00e9gi\u201d megjegyz\u00e9s oszloppal, ahol r\u00f6viden be\u00edrod, milyen mint\u00e1t fedezt\u00e9l fel az adott id\u0151szakban.<\/p>\n<table border=\"1\" cellspacing=\"0\" cellpadding=\"6\">\n<thead>\n<tr>\n<th>Szint<\/th>\n<th>Mutat\u00f3<\/th>\n<th>Defin\u00edci\u00f3<\/th>\n<th>Id\u0151keret<\/th>\n<\/tr>\n<\/thead>\n<tbody>\n<tr>\n<td>Egy\u00e9ni<\/td>\n<td>\u00cdr\u00e1si napok ar\u00e1nya<\/td>\n<td>H\u00e1ny nap \u00edrt\u00e1l a tervezettb\u0151l (pl. heti 3\/5)<\/td>\n<td>Heti<\/td>\n<\/tr>\n<tr>\n<td>Egy\u00e9ni<\/td>\n<td>Tanuls\u00e1g\u2013akci\u00f3 ar\u00e1ny<\/td>\n<td>H\u00e1ny felismer\u00e9sb\u0151l lett konkr\u00e9t l\u00e9p\u00e9s a h\u00f3napban<\/td>\n<td>Havi<\/td>\n<\/tr>\n<tr>\n<td>Egy\u00e9ni<\/td>\n<td>Szubjekt\u00edv terhel\u00e9s<\/td>\n<td>\u00c1tlagos 0\u201310 fesz\u00fclts\u00e9g\u00e9rt\u00e9k a bejegyz\u00e9sekben<\/td>\n<td>Heti\/Havi<\/td>\n<\/tr>\n<tr>\n<td>Csapat<\/td>\n<td>Ism\u00e9tl\u0151d\u0151 hib\u00e1k sz\u00e1ma<\/td>\n<td>Azonos kateg\u00f3ri\u00e1j\u00fa hib\u00e1k megism\u00e9tl\u0151d\u00e9se<\/td>\n<td>Negyed\u00e9ves<\/td>\n<\/tr>\n<tr>\n<td>Csapat<\/td>\n<td>D\u00f6nt\u00e9si \u00e1tfut\u00e1s<\/td>\n<td>Kulcsd\u00f6nt\u00e9sek \u00e1tlagos ideje a napl\u00f3k alapj\u00e1n<\/td>\n<td>Havi<\/td>\n<\/tr>\n<tr>\n<td>Csapat<\/td>\n<td>Tanul\u00e1si lefedetts\u00e9g<\/td>\n<td>H\u00e1ny kulcshelyzetr\u0151l k\u00e9sz\u00fclt \u00edr\u00e1sos reflexi\u00f3<\/td>\n<td>Havi<\/td>\n<\/tr>\n<\/tbody>\n<\/table>\n<h2>Gyakorlati sablonok<\/h2>\n<p>Az al\u00e1bbi h\u00e1rom r\u00f6vid sablon seg\u00edt fenntartani a rendszeress\u00e9get.<\/p>\n<ol>\n<li>Napi \u201e3\u00d73\u201d sablon: h\u00e1rom t\u00e9ny (mi t\u00f6rt\u00e9nt), h\u00e1rom \u00e9rz\u00e9s (mit \u00e9reztem), h\u00e1rom tanuls\u00e1g\/akci\u00f3 (mit kezdek vele). Id\u0151ig\u00e9ny: 8\u201310 perc.<\/li>\n<li>Heti visszatekint\u0151: egy nyertes pillanat (mi\u00e9rt m\u0171k\u00f6d\u00f6tt), egy elakad\u00e1s (mi volt alatta), egy szok\u00e1s, amin v\u00e1ltoztatok a j\u00f6v\u0151 h\u00e9ten (konkr\u00e9t \u201emikor\u2013hol\u2013hogyan\u201d). Id\u0151ig\u00e9ny: 15\u201320 perc.<\/li>\n<li>Neh\u00e9z besz\u00e9lget\u00e9s tervez\u0151: c\u00e9l (mit szeretn\u00e9k el\u00e9rni), k\u00f6z\u00f6s alap (miben \u00e9rt\u00fcnk egyet), legrosszabb forgat\u00f3k\u00f6nyv (mit csin\u00e1lok, ha ez t\u00f6rt\u00e9nik), els\u0151 mondat (semleges, tiszteletteljes nyit\u00e1s).<\/li>\n<\/ol>\n<p>Ezek a sablonok az\u00e9rt m\u0171k\u00f6dnek, mert minimaliz\u00e1lj\u00e1k a \u201ehogyan \u00edrjak?\u201d bizonytalans\u00e1got, \u00e9s azonnal a l\u00e9nyegre visznek. Ha m\u00e1r stabil a rutin, a k\u00e9rd\u00e9seket szem\u00e9lyre szabhatod (p\u00e9ld\u00e1ul hozz\u00e1adhatsz \u201etest\u00e9rzet\u201d sort, vagy \u201emilyen \u00e9rt\u00e9kem s\u00e9r\u00fclt\/er\u0151s\u00f6d\u00f6tt?\u201d mez\u0151t). Fontos: a sablon nem c\u00e9l, csak eszk\u00f6z. Ha azt \u00e9rzed, hogy m\u00e1st kell le\u00edrnod, \u00edrd le azt \u2013 a l\u00e9nyeg az \u0151szintes\u00e9g \u00e9s a f\u00f3kusz. Id\u0151nk\u00e9nt (p\u00e9ld\u00e1ul negyed\u00e9vente) \u00e9rt\u00e9keld, melyik forma hozza a legt\u00f6bb hasznot, \u00e9s mi az, ami csak t\u00f6ltel\u00e9k.<\/p>\n<h2>Mikor k\u00e9rj seg\u00edts\u00e9get<\/h2>\n<p>Az \u00f6nreflexi\u00f3 sok mindent megmozgat. Vannak helyzetek, amikor \u00f6nmag\u00e1ban nem el\u00e9g, \u00e9s \u00e9rdemes coachhoz, pszichol\u00f3gushoz fordulni. Jelz\u00e9sek: tart\u00f3san roml\u00f3 alv\u00e1s vagy \u00e9tv\u00e1gy, munkakies\u00e9s, visszat\u00e9r\u0151 p\u00e1nikszer\u0171 epiz\u00f3dok, \u00f6n\u00e9rt\u00e9kel\u00e9s s\u00falyos zuhan\u00e1sa, vagy ha ugyanarr\u00f3l a t\u00e9m\u00e1r\u00f3l h\u00f3napok \u00f3ta \u00edrsz, m\u00e9gsem t\u00f6rt\u00e9nik elmozdul\u00e1s. Szint\u00e9n figyelmeztet\u0151 jel, ha az \u00edr\u00e1s k\u00f6zben rendszeresen el\u00e1raszt a sz\u00e9gyen vagy a tehetetlens\u00e9g \u00e9rz\u00e9se \u00fagy, hogy az a mindennapi m\u0171k\u00f6d\u00e9sedet is akad\u00e1lyozza. Ilyenkor a szakemberrel v\u00e9gzett munka nem \u201ehelyettes\u00edti\u201d az \u00f6nreflexi\u00f3t, hanem biztons\u00e1gos keretet ad hozz\u00e1, \u00e9s seg\u00edt megtal\u00e1lni a k\u00f6vetkez\u0151 re\u00e1lis l\u00e9p\u00e9st. Ha vezet\u0151k\u00e9nt felelsz m\u00e1sok\u00e9rt, hasznos bels\u0151 meg\u00e1llapod\u00e1s lehet: bizonyos t\u00e9m\u00e1k (p\u00e9ld\u00e1ul tart\u00f3s depressz\u00edv t\u00fcnetek vagy traumatikus \u00e9lm\u00e9nyek) nem a csapat\u2013tanul\u00e1si k\u00f6rbe tartoznak, hanem professzion\u00e1lis ell\u00e1t\u00e1sba. Ez nem gyenges\u00e9g, hanem felel\u0151ss\u00e9gv\u00e1llal\u00e1s. Az \u00f6nreflexi\u00f3 c\u00e9lja minden esetben az, hogy k\u00f6zelebb vigyen a tiszt\u00e1bb gondolkod\u00e1shoz, a rendezettebb cselekv\u00e9shez \u00e9s az egy\u00fctt\u00e9rz\u0151bb kapcsol\u00f3d\u00e1shoz \u2013 nem az, hogy egyed\u00fcl hordozz elviselhetetlen terheket.<\/p>\n<h2>Adatv\u00e9delem \u00e9s hat\u00e1rok<\/h2>\n<p>Az \u00f6nreflexi\u00f3s \u00edr\u00e1s intim m\u0171faj. Ha nem teremtesz biztons\u00e1gos kereteket, a gyakorlat k\u00f6nnyen elmarad, vagy rejtett \u00f6ncenz\u00far\u00e1val m\u0171k\u00f6dik. Pap\u00edralap eset\u00e9n jel\u00f6lj ki dedik\u00e1lt f\u00fczetet, \u00e9s d\u00f6ntsd el el\u0151re, mi a sorsa: megtartod, id\u0151nk\u00e9nt megsemmis\u00edted, vagy kivonatolod, majd megsemmis\u00edted. Digit\u00e1lis \u00edr\u00e1sn\u00e1l alap, hogy jelsz\u00f3val v\u00e9dett, lok\u00e1lis vagy v\u00e9gpontok k\u00f6zti titkos\u00edt\u00e1st haszn\u00e1l\u00f3 megold\u00e1st v\u00e1lassz; a felh\u0151szolg\u00e1ltat\u00e1s k\u00e9nyelmes, de gondold \u00e1t a hozz\u00e1f\u00e9r\u00e9st \u00e9s a biztons\u00e1gi ment\u00e9sek \u00fatvonal\u00e1t. A hat\u00e1rokhoz tartozik a \u201emegoszt\u00e1si protokoll\u201d is: el\u0151re r\u00f6gz\u00edtsd, kivel \u00e9s milyen szinten osztasz meg r\u00e9szleteket (coach, terapeuta, mentor), \u00e9s mit nem osztasz meg senkivel. A c\u00e9l nem a bez\u00e1rk\u00f3z\u00e1s, hanem a tudatos kontroll: akkor leszel \u0151szinte magaddal, ha nem f\u00e9lsz att\u00f3l, hogy k\u00e9retlen\u00fcl kiker\u00fcl a tartalmad. V\u00e9g\u00fcl, tartsd tiszteletben m\u00e1sok hat\u00e1rait is: ha a bejegyz\u00e9sben m\u00e1s szem\u00e9lyek is megjelennek, \u00edrj r\u00f3luk etikusan. Azonos\u00edthat\u00f3 r\u00e9szleteket (n\u00e9v, munkahely, konkr\u00e9t helysz\u00edn) ne publik\u00e1lj enged\u00e9ly n\u00e9lk\u00fcl. Az \u00f6nreflexi\u00f3 az \u00f6nfejleszt\u00e9s terepe, nem a \u201erejtett v\u00e9lem\u00e9nycikk\u201d fel\u00fclete. Ez a j\u00f3zans\u00e1g k\u00e9s\u0151bb is megt\u00e9r\u00fcl, amikor egyes bejegyz\u00e9sekb\u0151l esetleg cikk, poszt vagy el\u0151ad\u00e1s sz\u00fcletik: akkor is uralni fogod a hat\u00e1rokat, \u00e9s nem kell ad hoc d\u00f6nt\u00e9seket hoznod egy \u00e9rz\u00e9keny t\u00e9m\u00e1ban.<\/p>\n<h2>Dajka G\u00e1bor business coach szerint<\/h2>\n<p>Az \u00edr\u00e1sos \u00f6nreflexi\u00f3ban az a legnagyobb er\u0151, hogy visszaadja neked a cselekv\u00e9s jog\u00e1t: nem \u201et\u00f6rt\u00e9nnek veled\u201d a dolgok, hanem meg\u00e9rted, hogyan reag\u00e1lsz r\u00e1juk, \u00e9s mit tehetsz m\u00e1sk\u00e9nt holnap reggel. Hiszem, hogy az \u00e9rett szakmai\u2013emberi m\u0171k\u00f6d\u00e9shez nem el\u00e9g okosnak lenni; rendszeresen tiszt\u00e1zni kell, mit gondolsz, mit \u00e9rzel \u00e9s mit v\u00e1llalsz. A mai zajos k\u00f6rnyezetben ez az egyik legh\u00e9tk\u00f6znapibb, m\u00e9gis legnagyobb strat\u00e9giai el\u0151ny. \u201eAz \u00f6nreflexi\u00f3 \u00edr\u00e1sa nem a hib\u00e1tlan \u00e9nr\u0151l sz\u00f3l, hanem a felel\u0151s \u00e9nr\u0151l: arr\u00f3l, aki hajland\u00f3 mag\u00e1t id\u0151r\u0151l id\u0151re \u00e1tgondolni \u2013 \u00e9s ennek megfelel\u0151en cselekedni.\u201d \u2014 Dajka G\u00e1bor<\/p>\n<h2>Szak\u00e9rt\u0151 v\u00e1laszol \u2013 GYIK<\/h2>\n<h3>Mennyi id\u0151t \u00e9rdemes naponta \u00edrni, hogy legyen hat\u00e1sa?<\/h3>\n<p>R\u00f6vid, de rendszeres blokkokkal kezdj: napi 8\u201312 perc el\u00e9g a szok\u00e1s ki\u00e9p\u00edt\u00e9s\u00e9hez. A l\u00e9nyeg a ritmus (p\u00e9ld\u00e1ul h\u00e9tf\u0151\u2013szerda\u2013p\u00e9ntek reggel), nem az, hogy egyszerre hosszan \u00edrj.<\/p>\n<h3>Mi van, ha \u201enem jut eszembe semmi\u201d?<\/h3>\n<p>Haszn\u00e1lj k\u00e9rd\u00e9sind\u00edt\u00f3kat (p\u00e9ld\u00e1ul: \u201emi volt ma a legnehezebb?\u201d, \u201ehol voltam b\u00e1tor?\u201d), vagy t\u00f6ltsd ki a \u201e3\u00d73\u201d sablont. Ha elakadsz, \u00edrd le pontosan ezt az \u00e9lm\u00e9nyt is: az \u00fcress\u00e9gnek oka van, \u00e9s az is adat.<\/p>\n<h3>Nem vesz\u00e9lyes-e \u201et\u00fal sokat\u201d foglalkozni magammal?<\/h3>\n<p>Az \u00f6nreflexi\u00f3 nem \u00f6nforgat\u00e1s, hanem rendrak\u00e1s. A f\u00f3kusz mindig az, hogy a felismer\u00e9sb\u0151l mi a k\u00f6vetkez\u0151 cselekv\u00e9s. Ha azt l\u00e1tod, hogy csak k\u00f6r\u00f6ket \u00edrsz, \u00e9s nincs el\u0151rel\u00e9p\u00e9s, \u00e9rdemes egyszer\u0171s\u00edteni a keretet, vagy bevonni szakembert.<\/p>\n<h3>Hogyan fogadja a magyar munkaer\u0151piac a vezet\u0151i \u00f6nreflexi\u00f3t?<\/h3>\n<p>Tapasztalatom szerint a magyar szervezetekben egyre ink\u00e1bb \u00e9rt\u00e9k a tanul\u00e1si kult\u00fara. A ny\u00edlt \u201evallom\u00e1sok\u201d helyett a t\u00e1rgyszer\u0171 tanuls\u00e1g\u2013akci\u00f3 kommunik\u00e1ci\u00f3 m\u0171k\u00f6dik: r\u00f6vid \u00edr\u00e1sos visszatekint\u0151k, d\u00f6nt\u00e9si napl\u00f3k \u00e9s konkr\u00e9t k\u00f6vetkez\u0151 l\u00e9p\u00e9sek.<\/p>\n<h3>Mit tegyek, ha \u00e9rz\u00e9keny \u00fczleti t\u00e9m\u00e1kr\u00f3l kell \u00edrnom?<\/h3>\n<p>Dolgozz k\u00e9t r\u00e9tegben: priv\u00e1t napl\u00f3 teljes \u0151szintes\u00e9ggel, \u00e9s kivonat a megoszthat\u00f3 tanuls\u00e1gokr\u00f3l. Mindig tartsd tiszteletben az adatv\u00e9delmi \u00e9s etikai korl\u00e1tokat, \u00e9s el\u0151re d\u00f6nts a megoszt\u00e1si protokollr\u00f3l.<\/p>\n<h3>Mennyi id\u0151 alatt \u00e9rezhet\u0151 v\u00e1ltoz\u00e1s a napl\u00f3z\u00e1s hat\u00e1s\u00e1ra?<\/h3>\n<p>Rendszeres (heti 3\u20135\u00d7, 10\u201320 perces) gyakorl\u00e1s mellett 3\u20134 h\u00e9t ut\u00e1n a legt\u00f6bben m\u00e1r \u00e9szreveszik, hogy k\u00f6nnyebb rendszerezni a gondolatokat, m\u00e9rs\u00e9kl\u0151dik a reaktivit\u00e1s, \u00e9s jobb a f\u00f3kusz. A tart\u00f3s, stabil hozad\u00e9k 2\u20133 h\u00f3nap alatt \u00e9p\u00fcl fel \u2013 ez kompetencia, nem egyszeri tr\u00fckk.<\/p>\n<h3>Nem ront-e a helyzeten, ha \u201et\u00fal sokat\u201d piszk\u00e1lom a neh\u00e9z \u00e9rz\u00e9seket?<\/h3>\n<p>A kock\u00e1zat a strukt\u00fara hi\u00e1ny\u00e1n\u00e1l van. Tarts id\u0151keretet, z\u00e1rj tanuls\u00e1ggal \u00e9s k\u00f6vetkez\u0151 l\u00e9p\u00e9ssel, \u00e9s ha t\u00fal intenz\u00edv a t\u00e9ma, v\u00e1lts le\u00edr\u00f3 (t\u00e9ny-\u00e9rtelmez\u00e9s) form\u00e1ra. Tart\u00f3s rosszabbod\u00e1sn\u00e1l k\u00e9rj szakmai t\u00e1mogat\u00e1st; az \u00edr\u00e1s itt k\u00eds\u00e9r\u0151, nem \u00f6nmag\u00e1ban megold\u00e1s.<\/p>\n<h3>Hogyan k\u00fcl\u00f6nb\u00f6ztessem meg az \u00f6nreflexi\u00f3t a r\u00e1g\u00f3d\u00e1st\u00f3l?<\/h3>\n<p>Az \u00f6nreflexi\u00f3 c\u00e9lir\u00e1nyos \u00e9s id\u0151hat\u00e1ros, a v\u00e9g\u00e9n konkr\u00e9t akci\u00f3val z\u00e1rul. A r\u00e1g\u00f3d\u00e1s nyitott v\u00e9g\u0171, \u00e9s ugyanazokat a gondolatokat forgatja \u00fajra. Ha nincs tanuls\u00e1g \u00e9s kis l\u00e9p\u00e9s a v\u00e9g\u00e9n, az r\u00e1g\u00f3d\u00e1s \u2013 \u00e1ll\u00edts be id\u0151z\u00edt\u0151t, \u00e9s z\u00e1rd akci\u00f3val.<\/p>\n<h3>Mit tegyek, ha v\u00e1llalati k\u00f6rnyezetben agg\u00f3dom az adatbiztons\u00e1g miatt?<\/h3>\n<p>Haszn\u00e1lj szem\u00e9lyes eszk\u00f6zt, jelszavas f\u00e1jlt, vagy pap\u00edralap\u00fa f\u00fczetet. A v\u00e1llalati felh\u0151rendszer helyett prefer\u00e1ld a priv\u00e1t t\u00e1rol\u00e1st. Ami \u00fczleti kock\u00e1zatot hordozhat, ne r\u00f6gz\u00edtsd konkr\u00e9tumokkal; \u00edrd \u00e1t semleges, tanuls\u00e1gcentrikus form\u00e1ba.<\/p>\n<h3>Van-e a magyar piacon elfogadotts\u00e1ga a napl\u00f3z\u00e1snak, vagy \u201eez csak \u00f6nseg\u00edt\u0151 trend\u201d?<\/h3>\n<p>A gyakorlat nem \u00faj \u00e9s nem trendf\u00fcgg\u0151. Egyre t\u00f6bb hazai vezet\u0151, coach \u00e9s pszichol\u00f3gus haszn\u00e1lja kieg\u00e9sz\u00edt\u0151 eszk\u00f6zk\u00e9nt \u2013 k\u00fcl\u00f6n\u00f6sen teljes\u00edtm\u00e9ny, stresszkezel\u00e9s, gy\u00e1sz vagy p\u00e1lya\u00fajratervez\u00e9s t\u00e9m\u00e1kn\u00e1l. A kulcs a j\u00f3 keret \u00e9s a k\u00f6vetkezetess\u00e9g.<\/p>\n<h2>Aj\u00e1nlott magyar vide\u00f3k\/podcastok<\/h2>\n<p>Az al\u00e1bbi anyag j\u00f3l haszn\u00e1lhat\u00f3 bel\u00e9p\u0151k\u00e9nt az \u00f6nismereti\u2013\u00f6nreflexi\u00f3s gondolkod\u00e1shoz:<\/p>\n<p><iframe title=\"Mit jelent az \u00f6nismeret, mire j\u00f3 \u00e9s hogyan fejleszthet\u0151?\" width=\"640\" height=\"360\" data-src=\"https:\/\/www.youtube.com\/embed\/ALGrr-q_XVg?feature=oembed\" frameborder=\"0\" allow=\"accelerometer; autoplay; clipboard-write; encrypted-media; gyroscope; picture-in-picture; web-share\" referrerpolicy=\"strict-origin-when-cross-origin\" allowfullscreen src=\"data:image\/svg+xml;base64,PHN2ZyB3aWR0aD0iMSIgaGVpZ2h0PSIxIiB4bWxucz0iaHR0cDovL3d3dy53My5vcmcvMjAwMC9zdmciPjwvc3ZnPg==\" class=\"lazyload\" data-load-mode=\"1\"><\/iframe><\/p>\n<h3><\/h3>\n<h2>Forr\u00e1sok<\/h2>\n<ul>\n<li>Baikie, K. A., &amp; Wilhelm, K. (2005). Emotional and physical health benefits of expressive writing. <i>Advances in Psychiatric Treatment<\/i>. El\u00e9rhet\u0151 PDF: <a href=\"https:\/\/www.cambridge.org\/core\/journals\/advances-in-psychiatric-treatment\/article\/emotional-and-physical-health-benefits-of-expressive-writing\/5895C1F74D45C37B5D22748E11C7FB19\" target=\"_blank\" rel=\"nofollow noopener\">cambridge.org<\/a>.<\/li>\n<li>Reinhold, M., B\u00fcrkner, P.-C., &amp; Holling, H. (2018). Effects of expressive writing on depressive symptoms\u2014A meta-analysis. <i>Clinical Psychology &amp; Psychotherapy<\/i>. El\u00e9rhet\u0151 PDF: <a href=\"https:\/\/onlinelibrary.wiley.com\/doi\/epdf\/10.1002\/cpp.2318\" target=\"_blank\" rel=\"nofollow noopener\">wiley.com<\/a>.<\/li>\n<li>Orvell, A., Kross, E., &amp; Gelman, S. A. (2020). How \u201cyou\u201d makes meaning. <i>Clinical Psychological Science<\/i>. El\u00e9rhet\u0151 PDF: rascl.berkeley.edu.<\/li>\n<\/ul>\n","protected":false},"excerpt":{"rendered":"<p>Az \u00f6nreflexi\u00f3 \u00edr\u00e1sa egyszerre egyszer\u0171 \u00e9s m\u00e9lyrehat\u00f3 gyakorlat: le\u00fclsz, \u00e9s tiszta, \u0151szinte mondatokban r\u00f6gz\u00edted, mi t\u00f6rt\u00e9nik benned. Ez a \u201ebels\u0151 p\u00e1rbesz\u00e9d pap\u00edron\u201d seg\u00edt felt\u00e9rk\u00e9pezni a gondolataid, \u00e9rz\u00e9seid \u00e9s reakci\u00f3id rendszerezett mint\u00e1zatait. Ha k\u00f6vetkezetesen csin\u00e1lod, vil\u00e1gosabban l\u00e1tod majd, mi mozgat, miben akadsz el, hogyan hozol d\u00f6nt\u00e9seket, \u00e9s hol \u00e9rdemes finomhangolni a viselked\u00e9sedet. A m\u00f3dszer el\u0151nye nem&#8230;<\/p>\n","protected":false},"author":1,"featured_media":825,"comment_status":"closed","ping_status":"open","sticky":false,"template":"","format":"standard","meta":{"footnotes":""},"categories":[3],"tags":[],"class_list":["post-380","post","type-post","status-publish","format-standard","has-post-thumbnail","hentry","category-coaching-es-pszichologia-egerben"],"yoast_head":"<!-- This site is optimized with the Yoast SEO plugin v27.5 - https:\/\/yoast.com\/product\/yoast-seo-wordpress\/ -->\n<title>\u00cdgy \u00edrjunk hat\u00e9kony \u00f6nreflexi\u00f3t - Gyakorlati \u00fatmutat\u00f3<\/title>\n<meta name=\"description\" content=\"Az \u00f6nreflexi\u00f3 \u00edr\u00e1sa egy rendk\u00edv\u00fcl \u00e9rt\u00e9kes eszk\u00f6z a szem\u00e9lyes fejl\u0151d\u00e9shez, az \u00f6nismeret n\u00f6vel\u00e9s\u00e9hez, hogy m\u00e9lyebben meg\u00e9rts\u00fck gondolatainkat.\" \/>\n<meta name=\"robots\" content=\"index, follow, max-snippet:-1, max-image-preview:large, max-video-preview:-1\" \/>\n<link rel=\"canonical\" href=\"https:\/\/egercoach.hu\/blog\/hogyan-irjunk-hatekony-onreflexiot-utmutato-az-onismeret-fejlesztesehez\/\" \/>\n<meta property=\"og:locale\" content=\"hu_HU\" \/>\n<meta property=\"og:type\" content=\"article\" \/>\n<meta property=\"og:title\" content=\"\u00cdgy \u00edrjunk hat\u00e9kony \u00f6nreflexi\u00f3t - Gyakorlati \u00fatmutat\u00f3\" \/>\n<meta property=\"og:description\" content=\"Az \u00f6nreflexi\u00f3 \u00edr\u00e1sa egy rendk\u00edv\u00fcl \u00e9rt\u00e9kes eszk\u00f6z a szem\u00e9lyes fejl\u0151d\u00e9shez, az \u00f6nismeret n\u00f6vel\u00e9s\u00e9hez, hogy m\u00e9lyebben meg\u00e9rts\u00fck gondolatainkat.\" \/>\n<meta property=\"og:url\" content=\"https:\/\/egercoach.hu\/blog\/hogyan-irjunk-hatekony-onreflexiot-utmutato-az-onismeret-fejlesztesehez\/\" \/>\n<meta property=\"og:site_name\" content=\"Az Egri Coach Blogja\" \/>\n<meta property=\"article:publisher\" content=\"https:\/\/www.facebook.com\/eger.coach\" \/>\n<meta property=\"article:published_time\" content=\"2024-09-08T19:58:33+00:00\" \/>\n<meta property=\"article:modified_time\" content=\"2025-10-19T08:10:57+00:00\" \/>\n<meta property=\"og:image\" content=\"https:\/\/egercoach.hu\/blog\/wp-content\/uploads\/2024\/09\/159-DSC04140-scaled.jpeg\" \/>\n\t<meta property=\"og:image:width\" content=\"1500\" \/>\n\t<meta property=\"og:image:height\" content=\"844\" \/>\n\t<meta property=\"og:image:type\" content=\"image\/jpeg\" \/>\n<meta name=\"author\" content=\"Dajka G\u00e1bor\" \/>\n<meta name=\"twitter:card\" content=\"summary_large_image\" \/>\n<meta name=\"twitter:label1\" content=\"Szerz\u0151:\" \/>\n\t<meta name=\"twitter:data1\" content=\"Dajka G\u00e1bor\" \/>\n\t<meta name=\"twitter:label2\" content=\"Becs\u00fclt olvas\u00e1si id\u0151\" \/>\n\t<meta name=\"twitter:data2\" content=\"21 perc\" \/>\n<script type=\"application\/ld+json\" class=\"yoast-schema-graph\">{\"@context\":\"https:\\\/\\\/schema.org\",\"@graph\":[{\"@type\":\"Article\",\"@id\":\"https:\\\/\\\/egercoach.hu\\\/blog\\\/hogyan-irjunk-hatekony-onreflexiot-utmutato-az-onismeret-fejlesztesehez\\\/#article\",\"isPartOf\":{\"@id\":\"https:\\\/\\\/egercoach.hu\\\/blog\\\/hogyan-irjunk-hatekony-onreflexiot-utmutato-az-onismeret-fejlesztesehez\\\/\"},\"author\":{\"name\":\"Dajka G\u00e1bor\",\"@id\":\"https:\\\/\\\/egercoach.hu\\\/blog\\\/#\\\/schema\\\/person\\\/afc73367aa314ca33a9c8d3b88dce6e7\"},\"headline\":\"Hat\u00e9kony \u00f6nreflexi\u00f3: \u00fatmutat\u00f3 \u00f6nismeret fejleszt\u00e9s\u00e9hez\",\"datePublished\":\"2024-09-08T19:58:33+00:00\",\"dateModified\":\"2025-10-19T08:10:57+00:00\",\"mainEntityOfPage\":{\"@id\":\"https:\\\/\\\/egercoach.hu\\\/blog\\\/hogyan-irjunk-hatekony-onreflexiot-utmutato-az-onismeret-fejlesztesehez\\\/\"},\"wordCount\":5738,\"publisher\":{\"@id\":\"https:\\\/\\\/egercoach.hu\\\/blog\\\/#organization\"},\"image\":{\"@id\":\"https:\\\/\\\/egercoach.hu\\\/blog\\\/hogyan-irjunk-hatekony-onreflexiot-utmutato-az-onismeret-fejlesztesehez\\\/#primaryimage\"},\"thumbnailUrl\":\"https:\\\/\\\/egercoach.hu\\\/blog\\\/wp-content\\\/uploads\\\/2024\\\/09\\\/159-DSC04140-scaled.jpeg\",\"articleSection\":[\"Life coaching Egerben\"],\"inLanguage\":\"hu\"},{\"@type\":\"WebPage\",\"@id\":\"https:\\\/\\\/egercoach.hu\\\/blog\\\/hogyan-irjunk-hatekony-onreflexiot-utmutato-az-onismeret-fejlesztesehez\\\/\",\"url\":\"https:\\\/\\\/egercoach.hu\\\/blog\\\/hogyan-irjunk-hatekony-onreflexiot-utmutato-az-onismeret-fejlesztesehez\\\/\",\"name\":\"\u00cdgy \u00edrjunk hat\u00e9kony \u00f6nreflexi\u00f3t - Gyakorlati \u00fatmutat\u00f3\",\"isPartOf\":{\"@id\":\"https:\\\/\\\/egercoach.hu\\\/blog\\\/#website\"},\"primaryImageOfPage\":{\"@id\":\"https:\\\/\\\/egercoach.hu\\\/blog\\\/hogyan-irjunk-hatekony-onreflexiot-utmutato-az-onismeret-fejlesztesehez\\\/#primaryimage\"},\"image\":{\"@id\":\"https:\\\/\\\/egercoach.hu\\\/blog\\\/hogyan-irjunk-hatekony-onreflexiot-utmutato-az-onismeret-fejlesztesehez\\\/#primaryimage\"},\"thumbnailUrl\":\"https:\\\/\\\/egercoach.hu\\\/blog\\\/wp-content\\\/uploads\\\/2024\\\/09\\\/159-DSC04140-scaled.jpeg\",\"datePublished\":\"2024-09-08T19:58:33+00:00\",\"dateModified\":\"2025-10-19T08:10:57+00:00\",\"description\":\"Az \u00f6nreflexi\u00f3 \u00edr\u00e1sa egy rendk\u00edv\u00fcl \u00e9rt\u00e9kes eszk\u00f6z a szem\u00e9lyes fejl\u0151d\u00e9shez, az \u00f6nismeret n\u00f6vel\u00e9s\u00e9hez, hogy m\u00e9lyebben meg\u00e9rts\u00fck gondolatainkat.\",\"breadcrumb\":{\"@id\":\"https:\\\/\\\/egercoach.hu\\\/blog\\\/hogyan-irjunk-hatekony-onreflexiot-utmutato-az-onismeret-fejlesztesehez\\\/#breadcrumb\"},\"inLanguage\":\"hu\",\"potentialAction\":[{\"@type\":\"ReadAction\",\"target\":[\"https:\\\/\\\/egercoach.hu\\\/blog\\\/hogyan-irjunk-hatekony-onreflexiot-utmutato-az-onismeret-fejlesztesehez\\\/\"]}]},{\"@type\":\"ImageObject\",\"inLanguage\":\"hu\",\"@id\":\"https:\\\/\\\/egercoach.hu\\\/blog\\\/hogyan-irjunk-hatekony-onreflexiot-utmutato-az-onismeret-fejlesztesehez\\\/#primaryimage\",\"url\":\"https:\\\/\\\/egercoach.hu\\\/blog\\\/wp-content\\\/uploads\\\/2024\\\/09\\\/159-DSC04140-scaled.jpeg\",\"contentUrl\":\"https:\\\/\\\/egercoach.hu\\\/blog\\\/wp-content\\\/uploads\\\/2024\\\/09\\\/159-DSC04140-scaled.jpeg\",\"width\":1500,\"height\":844},{\"@type\":\"BreadcrumbList\",\"@id\":\"https:\\\/\\\/egercoach.hu\\\/blog\\\/hogyan-irjunk-hatekony-onreflexiot-utmutato-az-onismeret-fejlesztesehez\\\/#breadcrumb\",\"itemListElement\":[{\"@type\":\"ListItem\",\"position\":1,\"name\":\"Kezd\u0151lap\",\"item\":\"https:\\\/\\\/egercoach.hu\\\/blog\\\/\"},{\"@type\":\"ListItem\",\"position\":2,\"name\":\"Hat\u00e9kony \u00f6nreflexi\u00f3: \u00fatmutat\u00f3 \u00f6nismeret fejleszt\u00e9s\u00e9hez\"}]},{\"@type\":\"WebSite\",\"@id\":\"https:\\\/\\\/egercoach.hu\\\/blog\\\/#website\",\"url\":\"https:\\\/\\\/egercoach.hu\\\/blog\\\/\",\"name\":\"Eger Coach Blog\",\"description\":\"\",\"publisher\":{\"@id\":\"https:\\\/\\\/egercoach.hu\\\/blog\\\/#organization\"},\"potentialAction\":[{\"@type\":\"SearchAction\",\"target\":{\"@type\":\"EntryPoint\",\"urlTemplate\":\"https:\\\/\\\/egercoach.hu\\\/blog\\\/?s={search_term_string}\"},\"query-input\":{\"@type\":\"PropertyValueSpecification\",\"valueRequired\":true,\"valueName\":\"search_term_string\"}}],\"inLanguage\":\"hu\"},{\"@type\":\"Organization\",\"@id\":\"https:\\\/\\\/egercoach.hu\\\/blog\\\/#organization\",\"name\":\"Eger Coach Blog\",\"url\":\"https:\\\/\\\/egercoach.hu\\\/blog\\\/\",\"logo\":{\"@type\":\"ImageObject\",\"inLanguage\":\"hu\",\"@id\":\"https:\\\/\\\/egercoach.hu\\\/blog\\\/#\\\/schema\\\/logo\\\/image\\\/\",\"url\":\"https:\\\/\\\/egercoach.hu\\\/blog\\\/wp-content\\\/uploads\\\/2025\\\/05\\\/cropped-Eger.png\",\"contentUrl\":\"https:\\\/\\\/egercoach.hu\\\/blog\\\/wp-content\\\/uploads\\\/2025\\\/05\\\/cropped-Eger.png\",\"width\":500,\"height\":169,\"caption\":\"Eger Coach Blog\"},\"image\":{\"@id\":\"https:\\\/\\\/egercoach.hu\\\/blog\\\/#\\\/schema\\\/logo\\\/image\\\/\"},\"sameAs\":[\"https:\\\/\\\/www.facebook.com\\\/eger.coach\"]},{\"@type\":\"Person\",\"@id\":\"https:\\\/\\\/egercoach.hu\\\/blog\\\/#\\\/schema\\\/person\\\/afc73367aa314ca33a9c8d3b88dce6e7\",\"name\":\"Dajka G\u00e1bor\",\"image\":{\"@type\":\"ImageObject\",\"inLanguage\":\"hu\",\"@id\":\"https:\\\/\\\/secure.gravatar.com\\\/avatar\\\/81566ea1e2b3466baa03e9bdcdaa835f58564d8be90057a45f3e61711dc8a063?s=96&d=mm&r=g\",\"url\":\"https:\\\/\\\/secure.gravatar.com\\\/avatar\\\/81566ea1e2b3466baa03e9bdcdaa835f58564d8be90057a45f3e61711dc8a063?s=96&d=mm&r=g\",\"contentUrl\":\"https:\\\/\\\/secure.gravatar.com\\\/avatar\\\/81566ea1e2b3466baa03e9bdcdaa835f58564d8be90057a45f3e61711dc8a063?s=96&d=mm&r=g\",\"caption\":\"Dajka G\u00e1bor\"},\"sameAs\":[\"https:\\\/\\\/egercoach.hu\\\/blog\"],\"url\":\"https:\\\/\\\/egercoach.hu\\\/blog\\\/author\\\/adminka\\\/\"}]}<\/script>\n<!-- \/ Yoast SEO plugin. -->","yoast_head_json":{"title":"\u00cdgy \u00edrjunk hat\u00e9kony \u00f6nreflexi\u00f3t - Gyakorlati \u00fatmutat\u00f3","description":"Az \u00f6nreflexi\u00f3 \u00edr\u00e1sa egy rendk\u00edv\u00fcl \u00e9rt\u00e9kes eszk\u00f6z a szem\u00e9lyes fejl\u0151d\u00e9shez, az \u00f6nismeret n\u00f6vel\u00e9s\u00e9hez, hogy m\u00e9lyebben meg\u00e9rts\u00fck gondolatainkat.","robots":{"index":"index","follow":"follow","max-snippet":"max-snippet:-1","max-image-preview":"max-image-preview:large","max-video-preview":"max-video-preview:-1"},"canonical":"https:\/\/egercoach.hu\/blog\/hogyan-irjunk-hatekony-onreflexiot-utmutato-az-onismeret-fejlesztesehez\/","og_locale":"hu_HU","og_type":"article","og_title":"\u00cdgy \u00edrjunk hat\u00e9kony \u00f6nreflexi\u00f3t - Gyakorlati \u00fatmutat\u00f3","og_description":"Az \u00f6nreflexi\u00f3 \u00edr\u00e1sa egy rendk\u00edv\u00fcl \u00e9rt\u00e9kes eszk\u00f6z a szem\u00e9lyes fejl\u0151d\u00e9shez, az \u00f6nismeret n\u00f6vel\u00e9s\u00e9hez, hogy m\u00e9lyebben meg\u00e9rts\u00fck gondolatainkat.","og_url":"https:\/\/egercoach.hu\/blog\/hogyan-irjunk-hatekony-onreflexiot-utmutato-az-onismeret-fejlesztesehez\/","og_site_name":"Az Egri Coach Blogja","article_publisher":"https:\/\/www.facebook.com\/eger.coach","article_published_time":"2024-09-08T19:58:33+00:00","article_modified_time":"2025-10-19T08:10:57+00:00","og_image":[{"width":1500,"height":844,"url":"https:\/\/egercoach.hu\/blog\/wp-content\/uploads\/2024\/09\/159-DSC04140-scaled.jpeg","type":"image\/jpeg"}],"author":"Dajka G\u00e1bor","twitter_card":"summary_large_image","twitter_misc":{"Szerz\u0151:":"Dajka G\u00e1bor","Becs\u00fclt olvas\u00e1si id\u0151":"21 perc"},"schema":{"@context":"https:\/\/schema.org","@graph":[{"@type":"Article","@id":"https:\/\/egercoach.hu\/blog\/hogyan-irjunk-hatekony-onreflexiot-utmutato-az-onismeret-fejlesztesehez\/#article","isPartOf":{"@id":"https:\/\/egercoach.hu\/blog\/hogyan-irjunk-hatekony-onreflexiot-utmutato-az-onismeret-fejlesztesehez\/"},"author":{"name":"Dajka G\u00e1bor","@id":"https:\/\/egercoach.hu\/blog\/#\/schema\/person\/afc73367aa314ca33a9c8d3b88dce6e7"},"headline":"Hat\u00e9kony \u00f6nreflexi\u00f3: \u00fatmutat\u00f3 \u00f6nismeret fejleszt\u00e9s\u00e9hez","datePublished":"2024-09-08T19:58:33+00:00","dateModified":"2025-10-19T08:10:57+00:00","mainEntityOfPage":{"@id":"https:\/\/egercoach.hu\/blog\/hogyan-irjunk-hatekony-onreflexiot-utmutato-az-onismeret-fejlesztesehez\/"},"wordCount":5738,"publisher":{"@id":"https:\/\/egercoach.hu\/blog\/#organization"},"image":{"@id":"https:\/\/egercoach.hu\/blog\/hogyan-irjunk-hatekony-onreflexiot-utmutato-az-onismeret-fejlesztesehez\/#primaryimage"},"thumbnailUrl":"https:\/\/egercoach.hu\/blog\/wp-content\/uploads\/2024\/09\/159-DSC04140-scaled.jpeg","articleSection":["Life coaching Egerben"],"inLanguage":"hu"},{"@type":"WebPage","@id":"https:\/\/egercoach.hu\/blog\/hogyan-irjunk-hatekony-onreflexiot-utmutato-az-onismeret-fejlesztesehez\/","url":"https:\/\/egercoach.hu\/blog\/hogyan-irjunk-hatekony-onreflexiot-utmutato-az-onismeret-fejlesztesehez\/","name":"\u00cdgy \u00edrjunk hat\u00e9kony \u00f6nreflexi\u00f3t - Gyakorlati \u00fatmutat\u00f3","isPartOf":{"@id":"https:\/\/egercoach.hu\/blog\/#website"},"primaryImageOfPage":{"@id":"https:\/\/egercoach.hu\/blog\/hogyan-irjunk-hatekony-onreflexiot-utmutato-az-onismeret-fejlesztesehez\/#primaryimage"},"image":{"@id":"https:\/\/egercoach.hu\/blog\/hogyan-irjunk-hatekony-onreflexiot-utmutato-az-onismeret-fejlesztesehez\/#primaryimage"},"thumbnailUrl":"https:\/\/egercoach.hu\/blog\/wp-content\/uploads\/2024\/09\/159-DSC04140-scaled.jpeg","datePublished":"2024-09-08T19:58:33+00:00","dateModified":"2025-10-19T08:10:57+00:00","description":"Az \u00f6nreflexi\u00f3 \u00edr\u00e1sa egy rendk\u00edv\u00fcl \u00e9rt\u00e9kes eszk\u00f6z a szem\u00e9lyes fejl\u0151d\u00e9shez, az \u00f6nismeret n\u00f6vel\u00e9s\u00e9hez, hogy m\u00e9lyebben meg\u00e9rts\u00fck gondolatainkat.","breadcrumb":{"@id":"https:\/\/egercoach.hu\/blog\/hogyan-irjunk-hatekony-onreflexiot-utmutato-az-onismeret-fejlesztesehez\/#breadcrumb"},"inLanguage":"hu","potentialAction":[{"@type":"ReadAction","target":["https:\/\/egercoach.hu\/blog\/hogyan-irjunk-hatekony-onreflexiot-utmutato-az-onismeret-fejlesztesehez\/"]}]},{"@type":"ImageObject","inLanguage":"hu","@id":"https:\/\/egercoach.hu\/blog\/hogyan-irjunk-hatekony-onreflexiot-utmutato-az-onismeret-fejlesztesehez\/#primaryimage","url":"https:\/\/egercoach.hu\/blog\/wp-content\/uploads\/2024\/09\/159-DSC04140-scaled.jpeg","contentUrl":"https:\/\/egercoach.hu\/blog\/wp-content\/uploads\/2024\/09\/159-DSC04140-scaled.jpeg","width":1500,"height":844},{"@type":"BreadcrumbList","@id":"https:\/\/egercoach.hu\/blog\/hogyan-irjunk-hatekony-onreflexiot-utmutato-az-onismeret-fejlesztesehez\/#breadcrumb","itemListElement":[{"@type":"ListItem","position":1,"name":"Kezd\u0151lap","item":"https:\/\/egercoach.hu\/blog\/"},{"@type":"ListItem","position":2,"name":"Hat\u00e9kony \u00f6nreflexi\u00f3: \u00fatmutat\u00f3 \u00f6nismeret fejleszt\u00e9s\u00e9hez"}]},{"@type":"WebSite","@id":"https:\/\/egercoach.hu\/blog\/#website","url":"https:\/\/egercoach.hu\/blog\/","name":"Eger Coach Blog","description":"","publisher":{"@id":"https:\/\/egercoach.hu\/blog\/#organization"},"potentialAction":[{"@type":"SearchAction","target":{"@type":"EntryPoint","urlTemplate":"https:\/\/egercoach.hu\/blog\/?s={search_term_string}"},"query-input":{"@type":"PropertyValueSpecification","valueRequired":true,"valueName":"search_term_string"}}],"inLanguage":"hu"},{"@type":"Organization","@id":"https:\/\/egercoach.hu\/blog\/#organization","name":"Eger Coach Blog","url":"https:\/\/egercoach.hu\/blog\/","logo":{"@type":"ImageObject","inLanguage":"hu","@id":"https:\/\/egercoach.hu\/blog\/#\/schema\/logo\/image\/","url":"https:\/\/egercoach.hu\/blog\/wp-content\/uploads\/2025\/05\/cropped-Eger.png","contentUrl":"https:\/\/egercoach.hu\/blog\/wp-content\/uploads\/2025\/05\/cropped-Eger.png","width":500,"height":169,"caption":"Eger Coach Blog"},"image":{"@id":"https:\/\/egercoach.hu\/blog\/#\/schema\/logo\/image\/"},"sameAs":["https:\/\/www.facebook.com\/eger.coach"]},{"@type":"Person","@id":"https:\/\/egercoach.hu\/blog\/#\/schema\/person\/afc73367aa314ca33a9c8d3b88dce6e7","name":"Dajka G\u00e1bor","image":{"@type":"ImageObject","inLanguage":"hu","@id":"https:\/\/secure.gravatar.com\/avatar\/81566ea1e2b3466baa03e9bdcdaa835f58564d8be90057a45f3e61711dc8a063?s=96&d=mm&r=g","url":"https:\/\/secure.gravatar.com\/avatar\/81566ea1e2b3466baa03e9bdcdaa835f58564d8be90057a45f3e61711dc8a063?s=96&d=mm&r=g","contentUrl":"https:\/\/secure.gravatar.com\/avatar\/81566ea1e2b3466baa03e9bdcdaa835f58564d8be90057a45f3e61711dc8a063?s=96&d=mm&r=g","caption":"Dajka G\u00e1bor"},"sameAs":["https:\/\/egercoach.hu\/blog"],"url":"https:\/\/egercoach.hu\/blog\/author\/adminka\/"}]}},"_links":{"self":[{"href":"https:\/\/egercoach.hu\/blog\/wp-json\/wp\/v2\/posts\/380","targetHints":{"allow":["GET"]}}],"collection":[{"href":"https:\/\/egercoach.hu\/blog\/wp-json\/wp\/v2\/posts"}],"about":[{"href":"https:\/\/egercoach.hu\/blog\/wp-json\/wp\/v2\/types\/post"}],"author":[{"embeddable":true,"href":"https:\/\/egercoach.hu\/blog\/wp-json\/wp\/v2\/users\/1"}],"replies":[{"embeddable":true,"href":"https:\/\/egercoach.hu\/blog\/wp-json\/wp\/v2\/comments?post=380"}],"version-history":[{"count":0,"href":"https:\/\/egercoach.hu\/blog\/wp-json\/wp\/v2\/posts\/380\/revisions"}],"wp:featuredmedia":[{"embeddable":true,"href":"https:\/\/egercoach.hu\/blog\/wp-json\/wp\/v2\/media\/825"}],"wp:attachment":[{"href":"https:\/\/egercoach.hu\/blog\/wp-json\/wp\/v2\/media?parent=380"}],"wp:term":[{"taxonomy":"category","embeddable":true,"href":"https:\/\/egercoach.hu\/blog\/wp-json\/wp\/v2\/categories?post=380"},{"taxonomy":"post_tag","embeddable":true,"href":"https:\/\/egercoach.hu\/blog\/wp-json\/wp\/v2\/tags?post=380"}],"curies":[{"name":"wp","href":"https:\/\/api.w.org\/{rel}","templated":true}]}}