{"id":405,"date":"2024-09-14T00:09:10","date_gmt":"2024-09-13T22:09:10","guid":{"rendered":"https:\/\/egercoach.hu\/blog\/?p=405"},"modified":"2025-10-26T08:13:22","modified_gmt":"2025-10-26T07:13:22","slug":"hogyan-torhetunk-ki-a-semak-fogsagabol","status":"publish","type":"post","link":"https:\/\/egercoach.hu\/blog\/hogyan-torhetunk-ki-a-semak-fogsagabol\/","title":{"rendered":"S\u00e9m\u00e1k fogs\u00e1g\u00e1b\u00f3l kit\u00f6rni: \u00f6nismereti megk\u00f6zel\u00edt\u00e9sek"},"content":{"rendered":"<p>A mindennapokban ritk\u00e1n valljuk be magunknak, de a legt\u00f6bb d\u00f6nt\u00e9s\u00fcnk nem friss gondolat eredm\u00e9nye. Mint egy halk h\u00e1tt\u00e9rzaj, r\u00e9gi mint\u00e1k vezetik a kez\u00fcnket: kire figyel\u00fcnk, kinek akarunk bizony\u00edtani, mikor vonulunk vissza, \u00e9s mikor megy\u00fcnk bele felesleges csat\u00e1kba. Ezt a l\u00e1thatatlan h\u00e1l\u00f3t h\u00edvjuk s\u00e9m\u00e1knak: korai tapasztalataink nyom\u00e1n kialakult, tart\u00f3s bels\u0151 szab\u00e1lyrendszereknek, amelyek a vil\u00e1got \u00e9s \u00f6nmagunkat \u00e9rtelmezik. Am\u00edg nem l\u00e1tunk r\u00e1, addig \u00fagy t\u0171nik, \u201eilyen az \u00e9let\u201d, \u201eilyen vagyok\u201d. Pedig a s\u00e9m\u00e1k nem sorsok. Kem\u00e9nyek, ragaszkod\u00f3ak \u00e9s taktik\u00e1sak \u2013 de nem megm\u00e1s\u00edthatatlanok. S\u00f6t\u00e9tebb hangon fogalmazva: ha nem dolgozol vel\u00fck, dolgoznak helyetted. A cikkben rendszerezve, t\u00e1rgyilagosan mutatom meg, mi a s\u00e9ma, hogyan fog be a mindennapokban, \u00e9s milyen m\u00f3dszerrel \u2013 egy\u00e9nileg \u00e9s szakemberrel \u2013 lehet kinyitni a r\u00e1csot. Lesz sz\u00f3 megk\u00fczd\u00e9si st\u00edlusokr\u00f3l (beh\u00f3dol\u00e1s, elker\u00fcl\u00e9s, t\u00falkompenz\u00e1l\u00e1s), munkakapcsolatokr\u00f3l, p\u00e1rkapcsolati dinamik\u00e1kr\u00f3l, \u00e9s egy konkr\u00e9t akci\u00f3tervet is kapsz. A c\u00e9l nem az, hogy \u201epozit\u00edvabban\u201d gondolkodj, hanem hogy pontosabban l\u00e1sd, mi t\u00f6rt\u00e9nik benned, \u00e9s ez\u00e1ltal szabadabban cselekedj.<\/p>\n<h2>Mi a s\u00e9ma<\/h2>\n<p>A s\u00e9ma olyan stabil, \u00e9rzelmileg er\u0151sen t\u00f6lt\u00f6tt tud\u00e1scsomag, amely \u00f6sszek\u00f6ti a m\u00faltbeli tapasztalatokat a jelen \u00e9rtelmez\u00e9s\u00e9vel. Gyerekkorban alakul ki: abb\u00f3l, amit k\u00f6vetkezetesen megtapasztaltunk k\u00f6t\u0151d\u00e9sben, hat\u00e1rokban, elismer\u00e9sben, kisz\u00e1m\u00edthat\u00f3s\u00e1gban. A s\u00e9ma nem \u201erossz\u201d \u00f6nmag\u00e1ban: gyors\u00edtja a d\u00f6nt\u00e9shozatalt \u00e9s energiatakar\u00e9kos m\u0171k\u00f6d\u00e9st ad. A gond ott kezd\u0151dik, amikor a jelen helyzetre egy r\u00e9gi, m\u00e1r nem adapt\u00edv s\u00e9ma h\u00faz\u00f3dik r\u00e1. Ekkor sz\u0171k\u00fcl a l\u00e1t\u00f3mez\u0151, \u00e9s automatikusan olyan helyzeteket v\u00e1lasztunk, olyan jelz\u00e9seket er\u0151s\u00edt\u00fcnk fel, amelyek igazolj\u00e1k a bels\u0151 forgat\u00f3k\u00f6nyvet. \u00cdgy v\u00e1lik a s\u00e9ma \u00f6nfenntart\u00f3v\u00e1: \u201el\u00e1tom\u201d, amit\u0151l f\u00e9lek, \u00fagy viselkedem, ahogy a f\u00e9lelem dikt\u00e1lja, v\u00e9g\u00fcl azt kapom, amit\u0151l f\u00e9ltem \u2013 \u00e9s a k\u00f6r bez\u00e1rul. A s\u00e9m\u00e1k tipikusan glob\u00e1lisak (\u201eengem \u00fagysem lehet szeretni\u201d), kategorikusak (\u201eha seg\u00edts\u00e9get k\u00e9rek, gyenge vagyok\u201d) \u00e9s rigidek (bizony\u00edt\u00e9k-\u00e9rz\u00e9ketlenek, f\u0151leg \u00e9rzelmi t\u00falhev\u00fclts\u00e9gben). Szem\u00e9lyes m\u0171k\u00f6d\u00e9sben ez azt jelenti: nem azt v\u00e1lasztjuk, ami j\u00f3 nek\u00fcnk, hanem azt, ami ismer\u0151s. Az ismer\u0151s biztons\u00e1gosnak t\u0171nik, m\u00e9g ha f\u00e1jdalmas is.<\/p>\n<h2>Gyakori s\u00e9m\u00e1k r\u00f6viden<\/h2>\n<p>A s\u00e9maelm\u00e9let t\u00f6bb tucat korai, maladapt\u00edv s\u00e9m\u00e1t k\u00fcl\u00f6n\u00edt el. A l\u00e9nyeg a m\u0171k\u00f6d\u00e9s, nem a c\u00edmke \u2013 de a c\u00edmk\u00e9k seg\u00edtenek felismerni a mint\u00e1zatot. N\u00e9h\u00e1ny p\u00e9lda a mindennapokb\u00f3l, lecsupasz\u00edtva:<\/p>\n<ul>\n<li><b>Elhagyatotts\u00e1g\/instabilit\u00e1s:<\/b> \u00e1lland\u00f3 f\u00e9lelem, hogy akire t\u00e1maszkodsz, elt\u0171nik. A kapcsolatokban kapaszkod\u00e1s, t\u00falelemz\u00e9s, \u201emi\u00e9rt nem \u00edrt vissza\u201d spir\u00e1l.<\/li>\n<li><b>Bizalmatlans\u00e1g\/ab\u00fazus:<\/b> alapbe\u00e1ll\u00edt\u00e1s: a m\u00e1sik \u00e1rtani fog. K\u00f6vetkezm\u00e9ny: t\u00e1vols\u00e1gtart\u00e1s, gyanakv\u00e1s, tesztel\u00e9s, gyakori konfliktusok.<\/li>\n<li><b>\u00c9rzelmi megfosztotts\u00e1g:<\/b> \u00fagyis egyed\u00fcl maradok az \u00e9rz\u00e9seimmel. Kapcsolatokban: \u201enem k\u00e9rek sokat\u201d, de bel\u00fcl \u00e9hs\u00e9g \u00e9s ki\u00e9g\u00e9s.<\/li>\n<li><b>Kudarc:<\/b> m\u00e1sok kompetensek, \u00e9n alapvet\u0151en kev\u00e9s vagyok. Munk\u00e1ban: halogat\u00e1s, alulteljes\u00edt\u00e9s, elker\u00fcl\u00e9s, majd \u00f6nv\u00e1d.<\/li>\n<li><b>Al\u00e1rendel\u0151d\u00e9s:<\/b> a m\u00e1sik akarata fontosabb. Dinamika: b\u00e9keteremt\u00e9s minden \u00e1ron, bels\u0151 d\u00fch felgy\u0171l\u00e9se, robban\u00e1s \u2013 b\u0171ntudat \u2013 \u00fajrakezd\u00e9s.<\/li>\n<li><b>Cs\u00f6kkent\u00e9rt\u00e9k\u0171s\u00e9g\/sz\u00e9gyen:<\/b> ha megl\u00e1tnak \u201eigaz\u00e1n\u201d, visszautas\u00edtanak. K\u00f6vetkezm\u00e9ny: szerepj\u00e1tsz\u00e1s, t\u00falzott megfelel\u00e9s, intimit\u00e1s-elker\u00fcl\u00e9s.<\/li>\n<\/ul>\n<p>Ezek nem diagn\u00f3zisok, hanem kulcsok. Ha valamelyik kulcs r\u00e1illik a z\u00e1rra, \u00e9rdemes megn\u00e9zni, hov\u00e1 vezet az ajt\u00f3. A s\u00e9ma mindig logikus a m\u00faltad alapj\u00e1n. \u00c9s mindig sz\u0171k a jelenhez k\u00e9pest.<\/p>\n<h2>Hogyan tartanak fogva a s\u00e9m\u00e1k<\/h2>\n<p>H\u00e1rom mechanizmus teszi a s\u00e9m\u00e1t \u00f6nj\u00e1r\u00f3v\u00e1. <i>El\u0151sz\u00f6r<\/i> a szelekt\u00edv figyelem: kisz\u00farod azt a jelet, ami bizony\u00edtja a t\u00f6rt\u00e9neted (\u201emegint k\u00e9sik \u2013 biztos nem fontos vagyok\u201d). <i>M\u00e1sodszor<\/i> az \u00e9rtelmez\u00e9si torz\u00edt\u00e1s: semleges ingert is fenyeget\u00e9snek olvasol (\u201er\u00f6vid az \u00fczenete \u2013 biztos haragszik\u201d). <i>Harmadszor<\/i> a megk\u00fczd\u00e9si st\u00edlus, amely fenntartja a k\u00f6rt. Ha <b>beh\u00f3dolsz<\/b>, bel\u00e9psz olyan helyzetekbe, amelyekben val\u00f3ban h\u00e1tt\u00e9rbe szorulsz. Ha <b>elker\u00fclsz<\/b>, nem gy\u0171jtesz korrekci\u00f3s tapasztalatot \u2013 a f\u00e9lelem \u00e9rintetlen\u00fcl marad. Ha <b>t\u00falkompenz\u00e1lsz<\/b>, domin\u00e1lva, kontroll\u00e1lva v\u00e9ded magad \u2013 \u00e9s megkapod a visszautas\u00edt\u00e1st, amit\u0151l tartasz. A s\u00e9m\u00e1k ez\u00e9rt \u00e9rz\u0151dnek \u201eigaznak\u201d: mert \u00fajra \u00e9s \u00fajra mi magunk gy\u00e1rtjuk a bizony\u00edt\u00e9kot. A rossz h\u00edr: a s\u00e9ma gyorsabb, mint a tudatos gondolkod\u00e1s. A j\u00f3 h\u00edr: a tudatos figyelem \u00e9s a c\u00e9lzott viselked\u00e9sform\u00e1l\u00e1s id\u0151vel lass\u00edtja \u00e9s \u00e1t\u00edrja. Ehhez azonban nem el\u00e9g \u201epozit\u00edvan gondolkodni\u201d. Pontos \u00e9s hideg fej\u0171 \u00e9szlel\u00e9s kell: mit csin\u00e1lok, amikor beindul a minta, mit mulasztok el, \u00e9s mit kellene m\u00e1sk\u00e9pp csin\u00e1lnom akkor is, ha k\u00f6zben remeg a gyomrom. Ez a munka nem l\u00e1tv\u00e1nyos. Hat\u00e1sos viszont igen.<\/p>\n<h2>Megk\u00fczd\u00e9si st\u00edlusok: beh\u00f3dol\u00e1s, elker\u00fcl\u00e9s, t\u00falkompenz\u00e1l\u00e1s<\/h2>\n<p><b>Beh\u00f3dol\u00e1s<\/b> eset\u00e9n a bels\u0151 t\u00f6rt\u00e9net dikt\u00e1l: \u201e\u00fagyis elhagynak\u201d \u2013 ez\u00e9rt kapaszkodsz, engedsz, lemondasz alapig\u00e9nyeidr\u0151l. R\u00f6vid t\u00e1von cs\u00f6kken a szorong\u00e1s, hossz\u00fa t\u00e1von n\u0151 a s\u00e9ma igazol\u00e1sa. <b>Elker\u00fcl\u00e9s<\/b> eset\u00e9n minimaliz\u00e1lod a helyzeteket \u00e9s ingereket, amelyek aktiv\u00e1ln\u00e1k a s\u00e9m\u00e1t: nem k\u00e9rsz visszajelz\u00e9st, nem v\u00e1llalsz kih\u00edv\u00e1st, nem k\u00f6tsz m\u00e9ly kapcsolatot. A jelenben b\u00e9ke, a j\u00f6v\u0151ben meger\u0151s\u00edtett f\u00e9lelem. <b>T\u00falkompenz\u00e1l\u00e1s<\/b> eset\u00e9n az ellenkez\u0151j\u00e9t j\u00e1tszod: ha bel\u00fcl \u201ekev\u00e9s vagyok\u201d, k\u00edv\u00fcl t\u00falzott teljes\u00edtm\u00e9nnyel, kontrollal, f\u00f6l\u00e9nyes hanggal takarod a sebezhet\u0151s\u00e9get. Mindenki megfizet \u00e9rte \u2013 te is. Ezek a st\u00edlusok nem \u201erosszak\u201d, hanem automatikusak. Nem az a k\u00e9rd\u00e9s, hogy van-e benn\u00fck igazs\u00e1g, hanem az, hogy m\u0171k\u00f6dnek-e a c\u00e9ljaid fel\u00e9. A s\u00e9mamunka l\u00e9nyege itt fordul feln\u0151ttbe: <i>nem igazam lesz, hanem hat\u00e1som.<\/i> Az els\u0151 l\u00e9p\u00e9s a d\u00f6nt\u00e9s: felismerem, melyik st\u00edlus fut n\u00e1lam default m\u00f3dban, \u00e9s elk\u00f6telez\u0151d\u00f6m egy v\u00e9kony, de k\u00f6vetkezetes alternat\u00edva mellett (hat\u00e1rh\u00faz\u00e1s a beh\u00f3dol\u00e1s helyett; k\u00eds\u00e9rlet az elker\u00fcl\u00e9s helyett; sebezhet\u0151, t\u00e1rgyilagos kommunik\u00e1ci\u00f3 a t\u00falkompenz\u00e1l\u00e1s helyett). A v\u00e1ltoz\u00e1s nem heroikus, hanem apr\u00f3l\u00e9kos.<\/p>\n<h2>Kapcsolatokban \u00e9s munk\u00e1ban<\/h2>\n<p>A s\u00e9m\u00e1k leg\u00e9lesebben a k\u00f6zels\u00e9gben domborodnak ki \u2013 p\u00e1rkapcsolatban, csal\u00e1dban, csapatban. Elhagyatotts\u00e1g-s\u00e9m\u00e1val hajlamos lehetsz olyan partnert v\u00e1lasztani, aki \u00e9rzelmileg el\u00e9rhetetlen \u2013 \u00e9s m\u00e1ris a minta k\u00f6zep\u00e9n vagy. Al\u00e1rendel\u0151d\u00e9s-s\u00e9m\u00e1val a munkahelyen \u201ej\u00f3 katonak\u00e9nt\u201d viszed el m\u00e1sok terheit, azt\u00e1n ki\u00e9gsz, \u00e9s csod\u00e1lkozol, mi\u00e9rt nem l\u00e1tnak. Kudarc-s\u00e9m\u00e1val beleragadhatsz k\u00f6zepes feladatokba, mert a kih\u00edv\u00e1s \u201elebuktatna\u201d \u2013 \u00edgy a plafon \u00f6nmag\u00e1t \u00e9p\u00edti. Vezet\u0151k\u00e9nt a t\u00falkompenz\u00e1l\u00e1s rideg kontrollt, mikromenedzsmentet \u00e9s bizalomveszt\u00e9st sz\u00fcl; elker\u00fcl\u00e9ssel konfliktusok \u00e9rnek meg a h\u00e1tt\u00e9rben. Ezek nem jellembajok. Mint\u00e1k. A felismer\u00e9s nem felment\u00e9s \u2013 felel\u0151ss\u00e9g. Ha l\u00e1tod, mi t\u00f6rt\u00e9nik, d\u00f6nthetsz \u00fagy, hogy ugyanabban a helyzetben m\u00e1st csin\u00e1lsz. P\u00e9ld\u00e1ul nem h\u00e1romszor k\u00e9rdezed meg, mi a baj, hanem mondasz egy vil\u00e1gos hat\u00e1rmondatot; nem m\u00e9g egy est\u00e9t dolgozol t\u00fal\u00f3r\u00e1ban, hanem \u00e1tadod, ami nem a te feladatod; nem \u201emegoldod\u201d a m\u00e1sik helyett, hanem meg\u00e1llsz \u00e9s k\u00e9rdezel. A s\u00f6t\u00e9tebb r\u00e9sze ennek az, hogy a k\u00f6rnyezeted el\u0151sz\u00f6r tiltakozni fog: megszokt\u00e1k a r\u00e9gi szereped. Tartsd a p\u00e1ly\u00e1t. Az ellen\u00e1ll\u00e1s nem bizony\u00edt\u00e9k arra, hogy t\u00e9vedsz \u2013 csak arra, hogy v\u00e1ltozol.<\/p>\n<h2>Kiszabadul\u00e1s: mit jelent a gyakorlatban<\/h2>\n<p>A s\u00e9ma \u201e\u00e1t\u00edr\u00e1sa\u201d nem eszmei, hanem viselked\u00e9ses \u00e9s kapcsolati munka. A s\u00e9mater\u00e1pia \u2013 vagy m\u00e1s, bizony\u00edt\u00e9k-alap\u00fa megk\u00f6zel\u00edt\u00e9sek s\u00e9makompatibilis elemei \u2013 h\u00e1rom ir\u00e1nyt kombin\u00e1lnak: <b>tudatos\u00edt\u00e1s<\/b> (mikor, hol, hogyan aktiv\u00e1l\u00f3dik a minta), <b>\u00e9rzelmi feldolgoz\u00e1s<\/b> (a r\u00e9gi \u00e9lm\u00e9nyekhez kapcsol\u00f3d\u00f3, ma is t\u00falz\u00f3 intenzit\u00e1s lecsillap\u00edt\u00e1sa), \u00e9s <b>viselked\u00e9sk\u00eds\u00e9rletek<\/b> (kicsi, de k\u00f6vetkezetes alternat\u00edv cselekv\u00e9sek). N\u00e9h\u00e1ny pont, amelyet egyed\u00fcl is elkezdhetsz, ha stabil vagy \u00e9s nem \u00e9rint trauma\u2013 vagy kr\u00edzishelyzet:<\/p>\n<ul>\n<li><b>Aktiv\u00e1ci\u00f3-napl\u00f3:<\/b> \u00edrd le, mi t\u00f6rt\u00e9nt, mit \u00e9rezt\u00e9l, mit hitt\u00e9l a m\u00e1sikr\u00f3l\/magadr\u00f3l, mit tett\u00e9l \u2013 \u00e9s mit teszel <i>legk\u00f6zelebb<\/i>.<\/li>\n<li><b>\u201eLegkisebb akci\u00f3\u201d elv:<\/b> v\u00e1lassz egy 10\u201315 sz\u00e1zal\u00e9kkal k\u00e9nyelmetlen alternat\u00edv viselked\u00e9st (nem 100-zal szemben megy\u00fcnk, hanem 10-zel).<\/li>\n<li><b>Hat\u00e1rmondatok:<\/b> el\u0151re meg\u00edrt, r\u00f6vid mondatok helyzetekre, ahol eddig beh\u00f3dolt\u00e1l vagy t\u00falkompenz\u00e1lt\u00e1l.<\/li>\n<li><b>Korrekci\u00f3s tapasztalatok keres\u00e9se:<\/b> tudatosan olyan emberekkel \u00e9s helyzetekkel dolgozz, ahol az \u00faj minta <i>jutalmaz\u00f3dik<\/i>.<\/li>\n<li><b>Testszint\u0171 szab\u00e1lyoz\u00e1s:<\/b> l\u00e9gz\u00e9s, f\u00f6ldel\u00e9s, r\u00f6vid fizikai megszak\u00edt\u00e1s \u2013 az \u00e9rzelmi t\u00falhev\u00fclts\u00e9g alatt nincs tanul\u00e1s.<\/li>\n<\/ul>\n<p>Ha a s\u00e9ma er\u0151sen k\u00f6t\u0151dik korai b\u00e1ntalmaz\u00e1shoz, komplex traum\u00e1hoz vagy jelenkori kr\u00edzishez, <i>nem<\/i> \u00f6nseg\u00edt\u00e9s a feladat \u2013 hanem pszichoter\u00e1pia. Nem gyenges\u00e9g seg\u00edts\u00e9get k\u00e9rni; felel\u0151s kock\u00e1zatkezel\u00e9s.<\/p>\n<h2>Akci\u00f3terv \u2013 30 napos protokoll<\/h2>\n<p>Ez egy r\u00f6vid, \u00e1ttekint\u0151, \u00f6nmegfigyel\u00e9sre \u00e9s mikro-k\u00eds\u00e9rletekre \u00e9p\u00fcl\u0151 terv. Nem ter\u00e1pia, nem helyettes\u00edti a szakmai munk\u00e1t, de j\u00f3 bel\u00e9p\u0151 a l\u00e1t\u00e1s\u00e9less\u00e9ghez.<\/p>\n<ol>\n<li><b>1\u20137. nap:<\/b> Aktiv\u00e1ci\u00f3-napl\u00f3 (napi 1 helyzet). Figyelem: kiv\u00e1lt\u00f3, automatikus gondolat, \u00e9rzelem (0\u2013100), reakci\u00f3, k\u00f6vetkezm\u00e9ny.<\/li>\n<li><b>8\u201314. nap:<\/b> Azonos\u00edtsd a f\u0151 megk\u00fczd\u00e9si st\u00edlust (beh\u00f3dol\u00e1s\/elker\u00fcl\u00e9s\/t\u00falkompenz\u00e1l\u00e1s). \u00cdrj 3 alternat\u00edv v\u00e1laszt mindh\u00e1romra.<\/li>\n<li><b>15\u201321. nap:<\/b> <i>Legkisebb akci\u00f3<\/i> \u2013 heti 3 k\u00eds\u00e9rlet (pl. 1 hat\u00e1rmondat, 1 k\u00e9r\u00e9s, 1 nemet mond\u00e1s \/ 1 sebezhet\u0151 \u00e1ll\u00edt\u00e1s).<\/li>\n<li><b>22\u201328. nap:<\/b> Korrekci\u00f3s tapasztalat \u2013 szervezz olyan helyzetet, ahol az \u00faj viselked\u00e9s biztons\u00e1gban kipr\u00f3b\u00e1lhat\u00f3.<\/li>\n<li><b>29\u201330. nap:<\/b> Tanuls\u00e1gok, finomhangol\u00e1s: mi m\u0171k\u00f6d\u00f6tt, mit kell kisebbre venni, miben k\u00e9rek seg\u00edts\u00e9get.<\/li>\n<\/ol>\n<p>Ha b\u00e1rmikor er\u0151s roml\u00e1st, tart\u00f3s alv\u00e1s- vagy \u00e9tkez\u00e9szavart, \u00f6n\u00e1rt\u00f3 gondolatot \u00e9szlelsz, az akci\u00f3tervet azonnal \u00e1ll\u00edtsd le, \u00e9s k\u00e9rj szakmai seg\u00edts\u00e9get.<\/p>\n<h2>Etikai \u00e9s kapcsolati keret<\/h2>\n<p>A s\u00e9m\u00e1k nem v\u00e1diratok a sz\u00fcl\u0151k vagy a m\u00falt ellen. Ink\u00e1bb t\u00e9rk\u00e9pek arr\u00f3l, hogyan \u0151rizt\u00fck meg magunkat gyerekk\u00e9nt. Fontos a k\u00fcl\u00f6nbs\u00e9g: <b>felel\u0151ss\u00e9g<\/b> \u00e9s <b>hib\u00e1ztat\u00e1s<\/b> nem ugyanaz. Feln\u0151ttk\u00e9nt a felel\u0151ss\u00e9g a mi\u00e9nk: felismerni, mi t\u00f6rt\u00e9nik, \u00e9s l\u00e9pni a jobb ir\u00e1nyba \u2013 a saj\u00e1t \u00e9s a kapcsolataink v\u00e9delm\u00e9ben. T\u00e1rsas szinten is \u00e9rdemes tiszt\u00e1n l\u00e1tni: a munkakult\u00fara, a csal\u00e1di rendszer, a partneri dinamika mind <i>er\u0151s\u00edt<\/i> vagy <i>gyeng\u00edt<\/i> bizonyos s\u00e9m\u00e1kat. Ha a k\u00f6rnyezeted k\u00f6vetkezetesen jutalmazza a t\u00falkompenz\u00e1l\u00e1st, id\u0151 k\u00e9rd\u00e9se a ki\u00e9g\u00e9s. Ha a kapcsolatod az al\u00e1rendel\u00e9sre \u00e9p\u00fcl, a d\u00fch\u00f6d nem hiba \u2013 jelz\u00e9s. Az etikai hat\u00e1r \u00edgy hangzik: a saj\u00e1t mint\u00e1m\u00e9rt felelek, a m\u00e1sik b\u00e1ntalmaz\u00f3 viselked\u00e9s\u00e9\u00e9rt nem. A s\u00e9mamunka nem azt jelenti, hogy \u201emindig bennem van a hiba\u201d, hanem azt, hogy ott kezdek el dolgozni, ahol van t\u00e9nyleges befoly\u00e1som: a v\u00e1laszt\u00e1saimon.<\/p>\n<h2>Dajka G\u00e1bor business coach szerint<\/h2>\n<p>A s\u00e9m\u00e1id nem te vagy \u2013 de rajtad kereszt\u00fcl \u00e9lnek. Ha nem d\u00f6ntesz, d\u00f6ntenek. Lehet \u0151ket f\u00e9lteni, lehet \u0151ket v\u00e9deni, lehet r\u00e1juk fogni egy \u00e9letet. Vagy lehet vel\u00fck szemben\u00e9zni, \u00e9s lassan, k\u00f6vetkezetesen lecser\u00e9lni \u0151ket olyan mint\u00e1kra, amelyek nem marj\u00e1k le a j\u00f6v\u0151t. A b\u00e1tors\u00e1g itt nem hangos. Csendes, ism\u00e9tl\u0151d\u0151, unalmasnak t\u0171n\u0151 cselekv\u00e9sekben m\u00e9rhet\u0151. Ha ezt a munk\u00e1t elv\u00e1llalod, szabadabb leszel. Nem boldogabb minden percben \u2013 szabadabb. Ez t\u00f6bb.<\/p>\n<blockquote><p>\u201eA s\u00e9ma nem sors. A sors az, ha meg sem pr\u00f3b\u00e1lod \u00e1t\u00edrni.\u201d \u2014 Dajka G\u00e1bor<\/p><\/blockquote>\n<h2>Szak\u00e9rt\u0151 v\u00e1laszol \u2013 GYIK<\/h2>\n<h3>Honnan tudom, melyik s\u00e9m\u00e1m akt\u00edv?<\/h3>\n<p>A legjobb indik\u00e1tor az ar\u00e1nytalan \u00e9rzelmi intenzit\u00e1s \u00e9s az ism\u00e9tl\u0151d\u0151, visszat\u00e9r\u0151 helyzetek. Ha ugyanaz a konfliktusdiz\u00e1jn t\u00e9r vissza m\u00e1s szerepl\u0151kkel, \u00e9s gyakran gondolod azt, hogy \u201em\u00e1r megint itt tartok\u201d, nagy es\u00e9llyel s\u00e9ma fut. Kezdd aktiv\u00e1ci\u00f3-napl\u00f3val, \u00e9s figyeld a visszat\u00e9r\u0151 hiedelmeket (pl. \u201enem sz\u00e1m\u00edtok\u201d, \u201e\u00fagyis kider\u00fcl, hogy kev\u00e9s vagyok\u201d).<\/p>\n<h3>Mi\u00e9rt nem el\u00e9g a \u201epozit\u00edv gondolkod\u00e1s\u201d?<\/h3>\n<p>Mert a s\u00e9ma \u00e9rzelmi sebhely, nem logikai hiba. A puszta ellen\u00e1ll\u00edt\u00e1s (\u201edehogy hagynak el\u201d) kev\u00e9s a testben fut\u00f3 riaszt\u00e1s ellen. \u00c9rzelmi szab\u00e1lyoz\u00e1s, korrekci\u00f3s tapasztalatok \u00e9s viselked\u00e9ses k\u00eds\u00e9rletek kellenek. A gondolat-\u00fajra\u00edr\u00e1s fontos, de csak a rendszer egyik eleme.<\/p>\n<h3>Mennyi ideig tart a v\u00e1ltoz\u00e1s?<\/h3>\n<p>Ez er\u0151sen egy\u00e9ni. \u00c1ltal\u00e1ban h\u00f3napok, nem hetek alatt l\u00e1tszik stabilabb elmozdul\u00e1s. A kulcs nem a sebess\u00e9g, hanem a konzisztencia: kis k\u00eds\u00e9rletek, sok ism\u00e9tl\u00e9ssel. Szakemberrel gyorsabb \u00e9s biztons\u00e1gosabb, f\u0151leg komplex, korai traum\u00e1k eset\u00e9n.<\/p>\n<h3>El\u00e9rhet\u0151-e s\u00e9mater\u00e1pia Magyarorsz\u00e1gon, \u00e9s mire sz\u00e1m\u00edtsak?<\/h3>\n<p>Igen, t\u00f6bb k\u00e9pzett szakember dolgozik s\u00e9mater\u00e1pi\u00e1s m\u00f3dszertannal. A folyamat elej\u00e9n r\u00e9szletes felt\u00e9rk\u00e9pez\u00e9s, s\u00e9matesztek \u00e9s \u00e9lett\u00f6rt\u00e9neti munka t\u00f6rt\u00e9nik; majd \u00e9rzelemf\u00f3kusz\u00fa \u00e9s viselked\u00e9ses beavatkoz\u00e1sok k\u00f6vetkeznek (pl. imaginat\u00edv technik\u00e1k, hat\u00e1rgyakorl\u00e1s, szerepcsere, h\u00e1zi feladatok). A keretekr\u0151l \u00e9s a c\u00e9lokr\u00f3l mindig tiszt\u00e1n \u00e1llapodj meg.<\/p>\n<h3>Mi a helyzet a hazai munkahelyi kult\u00far\u00e1val \u2013 er\u0151s\u00edtik-e a s\u00e9m\u00e1kat?<\/h3>\n<p>Vegyes a k\u00e9p. Jellemz\u0151 a t\u00falkompenz\u00e1l\u00e1st jutalmaz\u00f3 teljes\u00edtm\u00e9ny-f\u00f3kusz \u00e9s az al\u00e1rendel\u00e9st fenntart\u00f3 hierarchia. Ugyanakkor egyre t\u00f6bb szervezet inveszt\u00e1l eg\u00e9szs\u00e9gesebb norm\u00e1kba (pszichol\u00f3giai biztons\u00e1g, tanul\u00e1si kult\u00fara). Ha a rendszered tart\u00f3san a k\u00e1ros mint\u00e1idat jutalmazza, \u00e9rdemes tudatosan ellens\u00falyozni (hat\u00e1rh\u00faz\u00e1s, deleg\u00e1l\u00e1s, mentor\u00e1l\u00e1s) \u2013 vagy hosszabb t\u00e1von v\u00e1ltani.<\/p>\n<h2>Forr\u00e1sok<\/h2>\n<p><a href=\"https:\/\/scholarworks.sjsu.edu\/cgi\/viewcontent.cgi?article=1139&amp;context=psych_pub\">Arntz, A. (2022). Effectiveness of cross-national schema therapy for borderline personality disorder in the Netherlands: randomized clinical trial (JAMA Psychiatry, Open Access PDF)<\/a><\/p>\n<p>Thimm, J. C. (2022). The higher-order structure of early maladaptive schemas (Open Access PDF)<\/p>\n<p><a href=\"https:\/\/onlinelibrary.wiley.com\/doi\/pdf\/10.1002\/cpp.2800\">Pilkington, P. D., et al. (2023). Identifying the research priorities for schema therapy (Clinical Psychology &amp; Psychotherapy, Open Access PDF)<\/a><\/p>\n","protected":false},"excerpt":{"rendered":"<p>A mindennapokban ritk\u00e1n valljuk be magunknak, de a legt\u00f6bb d\u00f6nt\u00e9s\u00fcnk nem friss gondolat eredm\u00e9nye. Mint egy halk h\u00e1tt\u00e9rzaj, r\u00e9gi mint\u00e1k vezetik a kez\u00fcnket: kire figyel\u00fcnk, kinek akarunk bizony\u00edtani, mikor vonulunk vissza, \u00e9s mikor megy\u00fcnk bele felesleges csat\u00e1kba. Ezt a l\u00e1thatatlan h\u00e1l\u00f3t h\u00edvjuk s\u00e9m\u00e1knak: korai tapasztalataink nyom\u00e1n kialakult, tart\u00f3s bels\u0151 szab\u00e1lyrendszereknek, amelyek a vil\u00e1got \u00e9s \u00f6nmagunkat&#8230;<\/p>\n","protected":false},"author":1,"featured_media":36,"comment_status":"closed","ping_status":"open","sticky":false,"template":"","format":"standard","meta":{"footnotes":""},"categories":[3],"tags":[],"class_list":["post-405","post","type-post","status-publish","format-standard","has-post-thumbnail","hentry","category-coaching-es-pszichologia-egerben"],"yoast_head":"<!-- This site is optimized with the Yoast SEO plugin v27.5 - https:\/\/yoast.com\/product\/yoast-seo-wordpress\/ -->\n<title>S\u00e9m\u00e1k fogs\u00e1g\u00e1b\u00f3l kit\u00f6rni: \u00f6nismereti megk\u00f6zel\u00edt\u00e9sek<\/title>\n<meta name=\"robots\" content=\"index, follow, max-snippet:-1, max-image-preview:large, max-video-preview:-1\" \/>\n<link rel=\"canonical\" href=\"https:\/\/egercoach.hu\/blog\/hogyan-torhetunk-ki-a-semak-fogsagabol\/\" \/>\n<meta property=\"og:locale\" content=\"hu_HU\" \/>\n<meta property=\"og:type\" content=\"article\" \/>\n<meta property=\"og:title\" content=\"S\u00e9m\u00e1k fogs\u00e1g\u00e1b\u00f3l kit\u00f6rni: \u00f6nismereti megk\u00f6zel\u00edt\u00e9sek\" \/>\n<meta property=\"og:description\" content=\"A mindennapokban ritk\u00e1n valljuk be magunknak, de a legt\u00f6bb d\u00f6nt\u00e9s\u00fcnk nem friss gondolat eredm\u00e9nye. Mint egy halk h\u00e1tt\u00e9rzaj, r\u00e9gi mint\u00e1k vezetik a kez\u00fcnket: kire figyel\u00fcnk, kinek akarunk bizony\u00edtani, mikor vonulunk vissza, \u00e9s mikor megy\u00fcnk bele felesleges csat\u00e1kba. Ezt a l\u00e1thatatlan h\u00e1l\u00f3t h\u00edvjuk s\u00e9m\u00e1knak: korai tapasztalataink nyom\u00e1n kialakult, tart\u00f3s bels\u0151 szab\u00e1lyrendszereknek, amelyek a vil\u00e1got \u00e9s \u00f6nmagunkat...\" \/>\n<meta property=\"og:url\" content=\"https:\/\/egercoach.hu\/blog\/hogyan-torhetunk-ki-a-semak-fogsagabol\/\" \/>\n<meta property=\"og:site_name\" content=\"Az Egri Coach Blogja\" \/>\n<meta property=\"article:publisher\" content=\"https:\/\/www.facebook.com\/eger.coach\" \/>\n<meta property=\"article:published_time\" content=\"2024-09-13T22:09:10+00:00\" \/>\n<meta property=\"article:modified_time\" content=\"2025-10-26T07:13:22+00:00\" \/>\n<meta property=\"og:image\" content=\"https:\/\/egercoach.hu\/blog\/wp-content\/uploads\/2024\/08\/psychological-therapy.jpg\" \/>\n\t<meta property=\"og:image:width\" content=\"1500\" \/>\n\t<meta property=\"og:image:height\" content=\"844\" \/>\n\t<meta property=\"og:image:type\" content=\"image\/jpeg\" \/>\n<meta name=\"author\" content=\"Dajka G\u00e1bor\" \/>\n<meta name=\"twitter:card\" content=\"summary_large_image\" \/>\n<meta name=\"twitter:label1\" content=\"Szerz\u0151:\" \/>\n\t<meta name=\"twitter:data1\" content=\"Dajka G\u00e1bor\" \/>\n\t<meta name=\"twitter:label2\" content=\"Becs\u00fclt olvas\u00e1si id\u0151\" \/>\n\t<meta name=\"twitter:data2\" content=\"10 perc\" \/>\n<script type=\"application\/ld+json\" class=\"yoast-schema-graph\">{\"@context\":\"https:\\\/\\\/schema.org\",\"@graph\":[{\"@type\":\"Article\",\"@id\":\"https:\\\/\\\/egercoach.hu\\\/blog\\\/hogyan-torhetunk-ki-a-semak-fogsagabol\\\/#article\",\"isPartOf\":{\"@id\":\"https:\\\/\\\/egercoach.hu\\\/blog\\\/hogyan-torhetunk-ki-a-semak-fogsagabol\\\/\"},\"author\":{\"name\":\"Dajka G\u00e1bor\",\"@id\":\"https:\\\/\\\/egercoach.hu\\\/blog\\\/#\\\/schema\\\/person\\\/afc73367aa314ca33a9c8d3b88dce6e7\"},\"headline\":\"S\u00e9m\u00e1k fogs\u00e1g\u00e1b\u00f3l kit\u00f6rni: \u00f6nismereti megk\u00f6zel\u00edt\u00e9sek\",\"datePublished\":\"2024-09-13T22:09:10+00:00\",\"dateModified\":\"2025-10-26T07:13:22+00:00\",\"mainEntityOfPage\":{\"@id\":\"https:\\\/\\\/egercoach.hu\\\/blog\\\/hogyan-torhetunk-ki-a-semak-fogsagabol\\\/\"},\"wordCount\":2618,\"publisher\":{\"@id\":\"https:\\\/\\\/egercoach.hu\\\/blog\\\/#organization\"},\"image\":{\"@id\":\"https:\\\/\\\/egercoach.hu\\\/blog\\\/hogyan-torhetunk-ki-a-semak-fogsagabol\\\/#primaryimage\"},\"thumbnailUrl\":\"https:\\\/\\\/egercoach.hu\\\/blog\\\/wp-content\\\/uploads\\\/2024\\\/08\\\/psychological-therapy.jpg\",\"articleSection\":[\"Life coaching Egerben\"],\"inLanguage\":\"hu\"},{\"@type\":\"WebPage\",\"@id\":\"https:\\\/\\\/egercoach.hu\\\/blog\\\/hogyan-torhetunk-ki-a-semak-fogsagabol\\\/\",\"url\":\"https:\\\/\\\/egercoach.hu\\\/blog\\\/hogyan-torhetunk-ki-a-semak-fogsagabol\\\/\",\"name\":\"S\u00e9m\u00e1k fogs\u00e1g\u00e1b\u00f3l kit\u00f6rni: \u00f6nismereti megk\u00f6zel\u00edt\u00e9sek\",\"isPartOf\":{\"@id\":\"https:\\\/\\\/egercoach.hu\\\/blog\\\/#website\"},\"primaryImageOfPage\":{\"@id\":\"https:\\\/\\\/egercoach.hu\\\/blog\\\/hogyan-torhetunk-ki-a-semak-fogsagabol\\\/#primaryimage\"},\"image\":{\"@id\":\"https:\\\/\\\/egercoach.hu\\\/blog\\\/hogyan-torhetunk-ki-a-semak-fogsagabol\\\/#primaryimage\"},\"thumbnailUrl\":\"https:\\\/\\\/egercoach.hu\\\/blog\\\/wp-content\\\/uploads\\\/2024\\\/08\\\/psychological-therapy.jpg\",\"datePublished\":\"2024-09-13T22:09:10+00:00\",\"dateModified\":\"2025-10-26T07:13:22+00:00\",\"breadcrumb\":{\"@id\":\"https:\\\/\\\/egercoach.hu\\\/blog\\\/hogyan-torhetunk-ki-a-semak-fogsagabol\\\/#breadcrumb\"},\"inLanguage\":\"hu\",\"potentialAction\":[{\"@type\":\"ReadAction\",\"target\":[\"https:\\\/\\\/egercoach.hu\\\/blog\\\/hogyan-torhetunk-ki-a-semak-fogsagabol\\\/\"]}]},{\"@type\":\"ImageObject\",\"inLanguage\":\"hu\",\"@id\":\"https:\\\/\\\/egercoach.hu\\\/blog\\\/hogyan-torhetunk-ki-a-semak-fogsagabol\\\/#primaryimage\",\"url\":\"https:\\\/\\\/egercoach.hu\\\/blog\\\/wp-content\\\/uploads\\\/2024\\\/08\\\/psychological-therapy.jpg\",\"contentUrl\":\"https:\\\/\\\/egercoach.hu\\\/blog\\\/wp-content\\\/uploads\\\/2024\\\/08\\\/psychological-therapy.jpg\",\"width\":1500,\"height\":844,\"caption\":\"Psychological Therapy\"},{\"@type\":\"BreadcrumbList\",\"@id\":\"https:\\\/\\\/egercoach.hu\\\/blog\\\/hogyan-torhetunk-ki-a-semak-fogsagabol\\\/#breadcrumb\",\"itemListElement\":[{\"@type\":\"ListItem\",\"position\":1,\"name\":\"Kezd\u0151lap\",\"item\":\"https:\\\/\\\/egercoach.hu\\\/blog\\\/\"},{\"@type\":\"ListItem\",\"position\":2,\"name\":\"S\u00e9m\u00e1k fogs\u00e1g\u00e1b\u00f3l kit\u00f6rni: \u00f6nismereti megk\u00f6zel\u00edt\u00e9sek\"}]},{\"@type\":\"WebSite\",\"@id\":\"https:\\\/\\\/egercoach.hu\\\/blog\\\/#website\",\"url\":\"https:\\\/\\\/egercoach.hu\\\/blog\\\/\",\"name\":\"Eger Coach Blog\",\"description\":\"\",\"publisher\":{\"@id\":\"https:\\\/\\\/egercoach.hu\\\/blog\\\/#organization\"},\"potentialAction\":[{\"@type\":\"SearchAction\",\"target\":{\"@type\":\"EntryPoint\",\"urlTemplate\":\"https:\\\/\\\/egercoach.hu\\\/blog\\\/?s={search_term_string}\"},\"query-input\":{\"@type\":\"PropertyValueSpecification\",\"valueRequired\":true,\"valueName\":\"search_term_string\"}}],\"inLanguage\":\"hu\"},{\"@type\":\"Organization\",\"@id\":\"https:\\\/\\\/egercoach.hu\\\/blog\\\/#organization\",\"name\":\"Eger Coach Blog\",\"url\":\"https:\\\/\\\/egercoach.hu\\\/blog\\\/\",\"logo\":{\"@type\":\"ImageObject\",\"inLanguage\":\"hu\",\"@id\":\"https:\\\/\\\/egercoach.hu\\\/blog\\\/#\\\/schema\\\/logo\\\/image\\\/\",\"url\":\"https:\\\/\\\/egercoach.hu\\\/blog\\\/wp-content\\\/uploads\\\/2025\\\/05\\\/cropped-Eger.png\",\"contentUrl\":\"https:\\\/\\\/egercoach.hu\\\/blog\\\/wp-content\\\/uploads\\\/2025\\\/05\\\/cropped-Eger.png\",\"width\":500,\"height\":169,\"caption\":\"Eger Coach Blog\"},\"image\":{\"@id\":\"https:\\\/\\\/egercoach.hu\\\/blog\\\/#\\\/schema\\\/logo\\\/image\\\/\"},\"sameAs\":[\"https:\\\/\\\/www.facebook.com\\\/eger.coach\"]},{\"@type\":\"Person\",\"@id\":\"https:\\\/\\\/egercoach.hu\\\/blog\\\/#\\\/schema\\\/person\\\/afc73367aa314ca33a9c8d3b88dce6e7\",\"name\":\"Dajka G\u00e1bor\",\"image\":{\"@type\":\"ImageObject\",\"inLanguage\":\"hu\",\"@id\":\"https:\\\/\\\/secure.gravatar.com\\\/avatar\\\/81566ea1e2b3466baa03e9bdcdaa835f58564d8be90057a45f3e61711dc8a063?s=96&d=mm&r=g\",\"url\":\"https:\\\/\\\/secure.gravatar.com\\\/avatar\\\/81566ea1e2b3466baa03e9bdcdaa835f58564d8be90057a45f3e61711dc8a063?s=96&d=mm&r=g\",\"contentUrl\":\"https:\\\/\\\/secure.gravatar.com\\\/avatar\\\/81566ea1e2b3466baa03e9bdcdaa835f58564d8be90057a45f3e61711dc8a063?s=96&d=mm&r=g\",\"caption\":\"Dajka G\u00e1bor\"},\"sameAs\":[\"https:\\\/\\\/egercoach.hu\\\/blog\"],\"url\":\"https:\\\/\\\/egercoach.hu\\\/blog\\\/author\\\/adminka\\\/\"}]}<\/script>\n<!-- \/ Yoast SEO plugin. -->","yoast_head_json":{"title":"S\u00e9m\u00e1k fogs\u00e1g\u00e1b\u00f3l kit\u00f6rni: \u00f6nismereti megk\u00f6zel\u00edt\u00e9sek","robots":{"index":"index","follow":"follow","max-snippet":"max-snippet:-1","max-image-preview":"max-image-preview:large","max-video-preview":"max-video-preview:-1"},"canonical":"https:\/\/egercoach.hu\/blog\/hogyan-torhetunk-ki-a-semak-fogsagabol\/","og_locale":"hu_HU","og_type":"article","og_title":"S\u00e9m\u00e1k fogs\u00e1g\u00e1b\u00f3l kit\u00f6rni: \u00f6nismereti megk\u00f6zel\u00edt\u00e9sek","og_description":"A mindennapokban ritk\u00e1n valljuk be magunknak, de a legt\u00f6bb d\u00f6nt\u00e9s\u00fcnk nem friss gondolat eredm\u00e9nye. Mint egy halk h\u00e1tt\u00e9rzaj, r\u00e9gi mint\u00e1k vezetik a kez\u00fcnket: kire figyel\u00fcnk, kinek akarunk bizony\u00edtani, mikor vonulunk vissza, \u00e9s mikor megy\u00fcnk bele felesleges csat\u00e1kba. Ezt a l\u00e1thatatlan h\u00e1l\u00f3t h\u00edvjuk s\u00e9m\u00e1knak: korai tapasztalataink nyom\u00e1n kialakult, tart\u00f3s bels\u0151 szab\u00e1lyrendszereknek, amelyek a vil\u00e1got \u00e9s \u00f6nmagunkat...","og_url":"https:\/\/egercoach.hu\/blog\/hogyan-torhetunk-ki-a-semak-fogsagabol\/","og_site_name":"Az Egri Coach Blogja","article_publisher":"https:\/\/www.facebook.com\/eger.coach","article_published_time":"2024-09-13T22:09:10+00:00","article_modified_time":"2025-10-26T07:13:22+00:00","og_image":[{"width":1500,"height":844,"url":"https:\/\/egercoach.hu\/blog\/wp-content\/uploads\/2024\/08\/psychological-therapy.jpg","type":"image\/jpeg"}],"author":"Dajka G\u00e1bor","twitter_card":"summary_large_image","twitter_misc":{"Szerz\u0151:":"Dajka G\u00e1bor","Becs\u00fclt olvas\u00e1si id\u0151":"10 perc"},"schema":{"@context":"https:\/\/schema.org","@graph":[{"@type":"Article","@id":"https:\/\/egercoach.hu\/blog\/hogyan-torhetunk-ki-a-semak-fogsagabol\/#article","isPartOf":{"@id":"https:\/\/egercoach.hu\/blog\/hogyan-torhetunk-ki-a-semak-fogsagabol\/"},"author":{"name":"Dajka G\u00e1bor","@id":"https:\/\/egercoach.hu\/blog\/#\/schema\/person\/afc73367aa314ca33a9c8d3b88dce6e7"},"headline":"S\u00e9m\u00e1k fogs\u00e1g\u00e1b\u00f3l kit\u00f6rni: \u00f6nismereti megk\u00f6zel\u00edt\u00e9sek","datePublished":"2024-09-13T22:09:10+00:00","dateModified":"2025-10-26T07:13:22+00:00","mainEntityOfPage":{"@id":"https:\/\/egercoach.hu\/blog\/hogyan-torhetunk-ki-a-semak-fogsagabol\/"},"wordCount":2618,"publisher":{"@id":"https:\/\/egercoach.hu\/blog\/#organization"},"image":{"@id":"https:\/\/egercoach.hu\/blog\/hogyan-torhetunk-ki-a-semak-fogsagabol\/#primaryimage"},"thumbnailUrl":"https:\/\/egercoach.hu\/blog\/wp-content\/uploads\/2024\/08\/psychological-therapy.jpg","articleSection":["Life coaching Egerben"],"inLanguage":"hu"},{"@type":"WebPage","@id":"https:\/\/egercoach.hu\/blog\/hogyan-torhetunk-ki-a-semak-fogsagabol\/","url":"https:\/\/egercoach.hu\/blog\/hogyan-torhetunk-ki-a-semak-fogsagabol\/","name":"S\u00e9m\u00e1k fogs\u00e1g\u00e1b\u00f3l kit\u00f6rni: \u00f6nismereti megk\u00f6zel\u00edt\u00e9sek","isPartOf":{"@id":"https:\/\/egercoach.hu\/blog\/#website"},"primaryImageOfPage":{"@id":"https:\/\/egercoach.hu\/blog\/hogyan-torhetunk-ki-a-semak-fogsagabol\/#primaryimage"},"image":{"@id":"https:\/\/egercoach.hu\/blog\/hogyan-torhetunk-ki-a-semak-fogsagabol\/#primaryimage"},"thumbnailUrl":"https:\/\/egercoach.hu\/blog\/wp-content\/uploads\/2024\/08\/psychological-therapy.jpg","datePublished":"2024-09-13T22:09:10+00:00","dateModified":"2025-10-26T07:13:22+00:00","breadcrumb":{"@id":"https:\/\/egercoach.hu\/blog\/hogyan-torhetunk-ki-a-semak-fogsagabol\/#breadcrumb"},"inLanguage":"hu","potentialAction":[{"@type":"ReadAction","target":["https:\/\/egercoach.hu\/blog\/hogyan-torhetunk-ki-a-semak-fogsagabol\/"]}]},{"@type":"ImageObject","inLanguage":"hu","@id":"https:\/\/egercoach.hu\/blog\/hogyan-torhetunk-ki-a-semak-fogsagabol\/#primaryimage","url":"https:\/\/egercoach.hu\/blog\/wp-content\/uploads\/2024\/08\/psychological-therapy.jpg","contentUrl":"https:\/\/egercoach.hu\/blog\/wp-content\/uploads\/2024\/08\/psychological-therapy.jpg","width":1500,"height":844,"caption":"Psychological Therapy"},{"@type":"BreadcrumbList","@id":"https:\/\/egercoach.hu\/blog\/hogyan-torhetunk-ki-a-semak-fogsagabol\/#breadcrumb","itemListElement":[{"@type":"ListItem","position":1,"name":"Kezd\u0151lap","item":"https:\/\/egercoach.hu\/blog\/"},{"@type":"ListItem","position":2,"name":"S\u00e9m\u00e1k fogs\u00e1g\u00e1b\u00f3l kit\u00f6rni: \u00f6nismereti megk\u00f6zel\u00edt\u00e9sek"}]},{"@type":"WebSite","@id":"https:\/\/egercoach.hu\/blog\/#website","url":"https:\/\/egercoach.hu\/blog\/","name":"Eger Coach Blog","description":"","publisher":{"@id":"https:\/\/egercoach.hu\/blog\/#organization"},"potentialAction":[{"@type":"SearchAction","target":{"@type":"EntryPoint","urlTemplate":"https:\/\/egercoach.hu\/blog\/?s={search_term_string}"},"query-input":{"@type":"PropertyValueSpecification","valueRequired":true,"valueName":"search_term_string"}}],"inLanguage":"hu"},{"@type":"Organization","@id":"https:\/\/egercoach.hu\/blog\/#organization","name":"Eger Coach Blog","url":"https:\/\/egercoach.hu\/blog\/","logo":{"@type":"ImageObject","inLanguage":"hu","@id":"https:\/\/egercoach.hu\/blog\/#\/schema\/logo\/image\/","url":"https:\/\/egercoach.hu\/blog\/wp-content\/uploads\/2025\/05\/cropped-Eger.png","contentUrl":"https:\/\/egercoach.hu\/blog\/wp-content\/uploads\/2025\/05\/cropped-Eger.png","width":500,"height":169,"caption":"Eger Coach Blog"},"image":{"@id":"https:\/\/egercoach.hu\/blog\/#\/schema\/logo\/image\/"},"sameAs":["https:\/\/www.facebook.com\/eger.coach"]},{"@type":"Person","@id":"https:\/\/egercoach.hu\/blog\/#\/schema\/person\/afc73367aa314ca33a9c8d3b88dce6e7","name":"Dajka G\u00e1bor","image":{"@type":"ImageObject","inLanguage":"hu","@id":"https:\/\/secure.gravatar.com\/avatar\/81566ea1e2b3466baa03e9bdcdaa835f58564d8be90057a45f3e61711dc8a063?s=96&d=mm&r=g","url":"https:\/\/secure.gravatar.com\/avatar\/81566ea1e2b3466baa03e9bdcdaa835f58564d8be90057a45f3e61711dc8a063?s=96&d=mm&r=g","contentUrl":"https:\/\/secure.gravatar.com\/avatar\/81566ea1e2b3466baa03e9bdcdaa835f58564d8be90057a45f3e61711dc8a063?s=96&d=mm&r=g","caption":"Dajka G\u00e1bor"},"sameAs":["https:\/\/egercoach.hu\/blog"],"url":"https:\/\/egercoach.hu\/blog\/author\/adminka\/"}]}},"_links":{"self":[{"href":"https:\/\/egercoach.hu\/blog\/wp-json\/wp\/v2\/posts\/405","targetHints":{"allow":["GET"]}}],"collection":[{"href":"https:\/\/egercoach.hu\/blog\/wp-json\/wp\/v2\/posts"}],"about":[{"href":"https:\/\/egercoach.hu\/blog\/wp-json\/wp\/v2\/types\/post"}],"author":[{"embeddable":true,"href":"https:\/\/egercoach.hu\/blog\/wp-json\/wp\/v2\/users\/1"}],"replies":[{"embeddable":true,"href":"https:\/\/egercoach.hu\/blog\/wp-json\/wp\/v2\/comments?post=405"}],"version-history":[{"count":0,"href":"https:\/\/egercoach.hu\/blog\/wp-json\/wp\/v2\/posts\/405\/revisions"}],"wp:featuredmedia":[{"embeddable":true,"href":"https:\/\/egercoach.hu\/blog\/wp-json\/wp\/v2\/media\/36"}],"wp:attachment":[{"href":"https:\/\/egercoach.hu\/blog\/wp-json\/wp\/v2\/media?parent=405"}],"wp:term":[{"taxonomy":"category","embeddable":true,"href":"https:\/\/egercoach.hu\/blog\/wp-json\/wp\/v2\/categories?post=405"},{"taxonomy":"post_tag","embeddable":true,"href":"https:\/\/egercoach.hu\/blog\/wp-json\/wp\/v2\/tags?post=405"}],"curies":[{"name":"wp","href":"https:\/\/api.w.org\/{rel}","templated":true}]}}