{"id":410,"date":"2024-09-14T08:35:43","date_gmt":"2024-09-14T06:35:43","guid":{"rendered":"https:\/\/egercoach.hu\/blog\/?p=410"},"modified":"2025-10-24T14:18:17","modified_gmt":"2025-10-24T12:18:17","slug":"a-gondoskodo-maszkulinitas-a-ferfiassag-uj-megkozelitese","status":"publish","type":"post","link":"https:\/\/egercoach.hu\/blog\/a-gondoskodo-maszkulinitas-a-ferfiassag-uj-megkozelitese\/","title":{"rendered":"Gondoskod\u00f3 maszkulinit\u00e1s: f\u00e9rfiass\u00e1g \u00faj n\u00e9z\u0151pontb\u00f3l"},"content":{"rendered":"<p>A f\u00e9rfiass\u00e1g szeml\u00e9lete \u00e9pp most alakul \u00e1t a szem\u00fcnk el\u0151tt. Ha k\u00f6r\u00fcln\u00e9zel a csal\u00e1dban, a munkahelyen vagy a k\u00f6z\u00e9letben, egyre t\u00f6bb f\u00e9rfit l\u00e1tsz, aki nemcsak teljes\u00edtm\u00e9nyben er\u0151s, hanem gondoskod\u00e1sban is. Ez nem \u201e\u00faj divat\u201d, hanem egy k\u00f6vetkez\u0151 fejl\u0151d\u00e9si l\u00e9pcs\u0151: a gondoskod\u00f3 maszkulinit\u00e1s. Olyan felfog\u00e1s, amely nem gyeng\u00edti a f\u00e9rfi identit\u00e1st, hanem gazdag\u00edtja: az er\u0151 mell\u00e9 emp\u00e1ti\u00e1t, a hat\u00e1rozotts\u00e1g mell\u00e9 figyelmet, a v\u00e9delem mell\u00e9 k\u00f6zels\u00e9get tesz. Mi\u00e9rt fontos ez neked? Mert az, ahogyan f\u00e9rfik\u00e9nt jelen vagy (vagy n\u0151k\u00e9nt hogyan v\u00e1rod el a f\u00e9rfiakt\u00f3l a jelenl\u00e9tet), l\u00e1tv\u00e1nyosan befoly\u00e1solja a kapcsolatokat, a csapatmunk\u00e1t, a gyerekek mindennapjait \u00e9s v\u00e9gs\u0151 soron a saj\u00e1t j\u00f3ll\u00e9tedet is. A k\u00f6vetkez\u0151 oldalak nem \u201efeminiz\u00e1lni\u201d akarj\u00e1k a f\u00e9rfiakat, hanem bemutatni, hogyan v\u00e1lik teljesebb\u00e9 a f\u00e9rfi szerep, ha a gondoskod\u00e1s nem kiv\u00e9tel, hanem szok\u00e1s. Nem elm\u00e9leti j\u00e1tsz\u00f3t\u00e9r: gyakorlati mint\u00e1zatokr\u00f3l, m\u0171k\u00f6d\u0151 strat\u00e9gi\u00e1kr\u00f3l, munkahelyi \u00e9s otthoni p\u00e9ld\u00e1kr\u00f3l lesz sz\u00f3. Ha v\u00e9gig m\u00e9sz rajta, tiszt\u00e1bban l\u00e1tod majd, hogyan lehet egyszerre k\u00f6vetkezetes \u00e9s meleg, eredm\u00e9nyorient\u00e1lt \u00e9s kapcsolatorient\u00e1lt f\u00e9rfik\u00e9pet \u00e9lni \u2014 \u00e9s mi\u00e9rt \u00e9rdemes.<\/p>\n<blockquote><p>\u201eA gondoskod\u00e1s nem ellent\u00e9te az er\u0151nek; a gondoskod\u00e1s az er\u0151 fegyelmezett, felel\u0151ss\u00e9gteljes form\u00e1ja.\u201d \u2014 Dajka G\u00e1bor<\/p><\/blockquote>\n<h2>Mit jelent a gondoskod\u00f3 maszkulinit\u00e1s?<\/h2>\n<p>A gondoskod\u00f3 maszkulinit\u00e1s olyan f\u00e9rfiszerep-felfog\u00e1s, amely a hagyom\u00e1nyosan f\u00e9rfiasnak tartott jegyeket (kitart\u00e1s, v\u00e9delem, d\u00f6nt\u00e9sk\u00e9pess\u00e9g) tudatosan \u00f6sszekapcsolja a gondoskod\u00e1s, az \u00e9rzelmi nyitotts\u00e1g \u00e9s a k\u00f6zels\u00e9g kompetenci\u00e1ival. Ez nem szerepcser\u00e9t, hanem szerepb\u0151v\u00fcl\u00e9st jelent. A hangs\u00faly azon van, hogy a f\u00e9rfi nem \u201eugrik \u00e1t\u201d a m\u00e1sik p\u00f3lusra, hanem integr\u00e1l: k\u00e9pes egyszerre teljes\u00edtm\u00e9nyt ny\u00fajtani \u00e9s jelenl\u00e9tet adni, ragaszkodni az elvekhez \u00e9s k\u00f6zben rugalmas maradni az emberi helyzetekben. Ha ezt h\u00e9tk\u00f6znapi szintre ford\u00edtjuk, h\u00e1rom jellegzetes m\u0171k\u00f6d\u00e9s l\u00e1tszik: a felel\u0151ss\u00e9gv\u00e1llal\u00e1s (nemcsak munk\u00e1ban, hanem a kapcsolatokban \u00e9s a gondoz\u00e1si feladatokban is), a kapcsolati figyelem (akt\u00edv meghallgat\u00e1s, hat\u00e1rh\u00faz\u00e1s \u00e9s t\u00e1mogat\u00e1s kiegyens\u00falyoz\u00e1sa) \u00e9s a k\u00f6z\u00f6s fejl\u0151d\u00e9s ir\u00e1nti elk\u00f6telez\u0151d\u00e9s (partnerrel, gyerekkel, csapattal).<\/p>\n<p>Ez a felfog\u00e1s nem a \u201ekem\u00e9nys\u00e9g\u201d ellen l\u00e9p fel, hanem a merevs\u00e9g ellen. Elutas\u00edtja azt a mint\u00e1t, amely a s\u00e9r\u00fcl\u00e9kenys\u00e9g tagad\u00e1s\u00e1b\u00f3l, a kontrollk\u00e9nyszerb\u0151l \u00e9s az \u00e9rzelmek eltol\u00e1s\u00e1b\u00f3l \u00e9p\u00edt v\u00e1rat. Helyette tanulhat\u00f3 k\u00e9szs\u00e9geket tesz k\u00f6zpontba: emp\u00e1ti\u00e1t, ar\u00e1ny\u00e9rz\u00e9ket, ny\u00edlt kommunik\u00e1ci\u00f3t, konfliktus ut\u00e1ni helyre\u00e1ll\u00edt\u00e1st, reflekt\u00e1lt d\u00f6nt\u00e9st. Az eredm\u00e9ny nem \u201epuh\u00e1bb\u201d f\u00e9rfi, hanem kisz\u00e1m\u00edthat\u00f3bb t\u00e1rs, \u00e1tl\u00e1that\u00f3bb vezet\u0151 \u00e9s stabilabb apa. Ett\u0151l lesz a gondoskod\u00f3 maszkulinit\u00e1s nemcsak erk\u00f6lcsi \u00e1ll\u00edt\u00e1s, hanem kifejezetten praktikus szervez\u0151elv a h\u00e9tk\u00f6znapokra.<\/p>\n<h2>T\u00f6rt\u00e9neti \u00e9s t\u00e1rsadalmi h\u00e1tt\u00e9r<\/h2>\n<p>A modern f\u00e9rfiszerep alakul\u00e1s\u00e1ban sok\u00e1ig a verseny, a kontroll \u00e9s a f\u00fcggetlens\u00e9g domin\u00e1lt. A 20. sz\u00e1zad m\u00e1sodik fel\u00e9nek t\u00e1rsadalmi v\u00e1ltoz\u00e1sai \u2013 n\u0151k munkaer\u0151piaci t\u00e9rnyer\u00e9se, csal\u00e1dszerkezetek \u00e1talakul\u00e1sa, gondoz\u00e1si feladatok \u00fajraeloszt\u00e1sa \u2013 fokozatosan megnyitott\u00e1k a teret azoknak a f\u00e9rfimint\u00e1knak, amelyekben a gondoskod\u00e1s nem kieg\u00e9sz\u00edt\u0151, hanem alaptev\u00e9kenys\u00e9g. A klasszikus hegem\u00f3n mint\u00e1zat \u00fajra\u00e9rtelmez\u00e9se nem a f\u00e9rfiass\u00e1g le\u00e9rt\u00e9kel\u00e9se, hanem az egyoldal\u00fa szerepelv\u00e1r\u00e1sok old\u00e1sa: a \u201emindig er\u0151s\u201d, \u201esosem k\u00e9r seg\u00edts\u00e9get\u201d, \u201enem besz\u00e9l az \u00e9rz\u00e9seir\u0151l\u201d sablonjai helyett a felel\u0151s jelenl\u00e9t \u00e9s az egy\u00fcttm\u0171k\u00f6d\u00e9s ker\u00fclnek el\u0151t\u00e9rbe.<\/p>\n<p>T\u00e1rsadalmi szinten ez a v\u00e1lt\u00e1s l\u00e1tv\u00e1nyosan hat az int\u00e9zm\u00e9nyekre is. A szervezetek egyre gyakrabban keresik a kapcsolati kompetenci\u00e1kat vezet\u0151i kiv\u00e1laszt\u00e1sn\u00e1l; a csal\u00e1dpolitika eszk\u00f6zei (sz\u00fcl\u0151i szabads\u00e1g, rugalmas foglalkoztat\u00e1s) pedig expliciten sz\u00e1molnak a f\u00e9rfiak otthoni r\u00e9szv\u00e9tel\u00e9vel. A k\u00f6zbesz\u00e9d lassabban v\u00e1ltozik, de az adatok ugyanarra mutatnak: ahol a f\u00e9rfiak gondoz\u00e1si \u00e9s kapcsolati szerepe er\u0151s, ott a gyerekek k\u00f6t\u0151d\u00e9se biztons\u00e1gosabb, a p\u00e1rok el\u00e9gedettebbek, a csapatok egy\u00fcttm\u0171k\u00f6d\u00e9se rugalmasabb, a ki\u00e9g\u00e9s kock\u00e1zata alacsonyabb. A l\u00e9nyeg: a gondoskod\u00e1s nem \u201epriv\u00e1t \u00fcgy\u201d, hanem k\u00f6z\u00e9rdek\u0171 m\u0171k\u00f6d\u00e9sm\u00f3d, amelynek t\u00e1rsadalmi hozad\u00e9ka van.<\/p>\n<h2>Pszichol\u00f3giai m\u0171k\u00f6d\u00e9s \u00e9s kapcsolati min\u0151s\u00e9g<\/h2>\n<p>Egy\u00e9ni szinten a gondoskod\u00f3 maszkulinit\u00e1s legink\u00e1bb abban m\u00e9rhet\u0151, ahogyan \u00e9rzelmekkel, sz\u00fcks\u00e9gletekkel \u00e9s hat\u00e1rokkal b\u00e1nsz. A teherb\u00edr\u00e1s \u00e9s a teljes\u00edtm\u00e9ny hossz\u00fa t\u00e1von nem az \u00e9rzelmek elnyom\u00e1s\u00e1b\u00f3l, hanem azok rendezett kezel\u00e9s\u00e9b\u0151l sz\u00e1rmazik. Ennek h\u00e1rom pill\u00e9re van. El\u0151sz\u00f6r: az \u00e9rzelmi \u00edr\u00e1stud\u00e1s. Aki pontosan meg tudja nevezni, mit \u00e9l \u00e1t \u2013 d\u00fch\u00f6t, sz\u00e9gyent, f\u00e1radts\u00e1got vagy \u00f6r\u00f6m\u00f6t \u2013, kevesebbet robban \u00e9s gyorsabban rendez helyzeteket. M\u00e1sodszor: a biztons\u00e1gos k\u00f6t\u0151d\u00e9s \u00e9p\u00edt\u00e9se. Ez nem \u201eromantikus extra\u201d, hanem a konfliktusmegold\u00e1s \u00e9s a bizalom alapja; a besz\u00e1mol\u00f3k szerint m\u00e1r a kisz\u00e1m\u00edthat\u00f3 napi jelenl\u00e9t (r\u00f6vid, de min\u0151s\u00e9gi id\u0151, rutinszer\u0171 k\u00f6zels\u00e9g) is komoly v\u00e9d\u0151faktor. Harmadszor: a felel\u0151s \u00f6nv\u00e9delem. A gondoskod\u00e1s nem \u00f6nfelad\u00e1s: a hat\u00e1rok kimond\u00e1sa \u00e9s az \u00f6nv\u00e9delem konstrukt\u00edv form\u00e1i (id\u0151keretek, pihen\u00e9s, nemet mond\u00e1s) n\u00e9lk\u00fcl a gondoskod\u00e1s kimer\u00fcl.<\/p>\n<p>Kapcsolati szinten ez a m\u0171k\u00f6d\u00e9s m\u00e1sik felet is tehermentes\u00edti. Ha f\u00e9rfik\u00e9nt tudatosan bev\u00e1llalod a h\u00e1zimunka, a gyereknevel\u00e9s vagy a csal\u00e1di logisztika r\u00e9sz\u00e9t, a t\u00e1rsad nem \u201eseg\u00edt\u0151t\u201d kap, hanem partneri egyens\u00falyt. Ha vit\u00e1ban k\u00e9pes vagy \u00e9rvel\u00e9s ut\u00e1n visszakapcsolni \u00e9s j\u00f3v\u00e1tenni, a bizalom nem fogy, hanem \u00e9p\u00fcl. Ha vezet\u0151k\u00e9nt nemcsak feladatot, hanem visszajelz\u00e9st \u00e9s elismer\u00e9st adsz, a csapatban nem retteg\u00e9sb\u0151l, hanem azonosul\u00e1sb\u00f3l lesz teljes\u00edtm\u00e9ny. Ezek a mint\u00e1k nem l\u00e1tv\u00e1nyosak, de a mindennapokban nagyon is \u00e9szrevehet\u0151 v\u00e1ltoz\u00e1st hoznak: kevesebb rejtett fesz\u00fclts\u00e9get, gyorsabb helyre\u00e1ll\u00edt\u00e1st, nagyobb lojalit\u00e1st.<\/p>\n<h2>Gondoskod\u00f3 vezet\u00e9s \u00e9s munkahelyi kult\u00fara<\/h2>\n<p>A gondoskod\u00f3 maszkulinit\u00e1s szervezeti ford\u00edt\u00e1sban \u201egondoskod\u00f3 vezet\u00e9sk\u00e9nt\u201d \u00e9rhet\u0151 tetten. Ez nem \u201ekedvess\u00e9gprogram\u201d, hanem fegyelmezett m\u0171k\u00f6d\u00e9s, amely n\u00e9gy tengely k\u00f6r\u00e9 szervez\u0151dik. 1) Tiszta elv\u00e1r\u00e1sok \u00e9s k\u00f6vetkezetes sz\u00e1monk\u00e9r\u00e9s: a gondoskod\u00e1s nem a standardok felad\u00e1sa, hanem az \u00fat vil\u00e1goss\u00e1 t\u00e9tele, a visszajelz\u00e9s rendszeress\u00e9 t\u00e9tele. 2) Pszichol\u00f3giai biztons\u00e1g: a hib\u00e1k megbesz\u00e9lhet\u0151k, a k\u00eds\u00e9rletez\u00e9s v\u00e9dett; ett\u0151l gyorsul a tanul\u00e1s \u00e9s cs\u00f6kken a v\u00e9dekez\u00e9s. 3) Emberi l\u00e9pt\u00e9k: re\u00e1lis terhel\u00e9s, el\u0151re be\u00e9p\u00edtett pihen\u00e9si ciklusok, a szem\u00e9lyes \u00e9let \u2013 beteg gyerek, id\u0151szakos gondoz\u00e1s \u2013 nem \u201ezavar\u00f3 k\u00f6r\u00fclm\u00e9ny\u201d, hanem tervez\u00e9si param\u00e9ter. 4) M\u00e9lt\u00e1nyoss\u00e1g: a gondoz\u00e1si feladatokat v\u00e1llal\u00f3 f\u00e9rfiak (apaszabads\u00e1g, rugalmas beoszt\u00e1s) t\u00e1mogat\u00e1sa nem kiv\u00e9telez\u00e9s, hanem szervezeti befektet\u00e9s a fluktu\u00e1ci\u00f3 \u00e9s a ki\u00e9g\u00e9s cs\u00f6kkent\u00e9s\u00e9be.<\/p>\n<p>Vezet\u0151k\u00e9nt akkor leszel hiteles, ha a gondoskod\u00e1s nem kommunik\u00e1ci\u00f3s kamp\u00e1ny, hanem napirendi pont: rendszeres egy\u00e9ni besz\u00e9lget\u00e9sek, \u00e1tl\u00e1that\u00f3 d\u00f6nt\u00e9si folyamatok, el\u0151re megbesz\u00e9lt hat\u00e1rid\u0151v\u00e9delem, sz\u00fcl\u0151i \u00e9s gondoz\u00f3i feladatok int\u00e9z\u00e9se miatti rugalmas keretek. A tapasztalat az, hogy ahol ez a kult\u00fara stabil, ott a kvalifik\u00e1lt f\u00e9rfiak sz\u00edvesebben maradnak k\u00f6z\u00e9p- \u00e9s fels\u0151vezet\u0151i szerepben is, mert nem kell v\u00e1lasztani \u201emunka vagy csal\u00e1d\u201d k\u00f6z\u00f6tt. A gondoskod\u00f3 maszkulinit\u00e1s itt konkr\u00e9t \u00fczleti eredm\u00e9ny: alacsonyabb hi\u00e1nyz\u00e1s, er\u0151sebb elk\u00f6telez\u0151d\u00e9s, kisz\u00e1m\u00edthat\u00f3bb teljes\u00edt\u00e9s.<\/p>\n<h2>Apas\u00e1g \u00e9s jelenl\u00e9t az otthonban<\/h2>\n<p>Az otthoni \u201elabor\u201d a gondoskod\u00f3 maszkulinit\u00e1s legk\u00e9zzelfoghat\u00f3bb terepe. Nem el\u00e9g \u201eseg\u00edteni\u201d \u2014 r\u00e9szt kell venni. A gyermeknevel\u00e9sben ez azt jelenti, hogy nemcsak a l\u00e1tv\u00e1nyos pillanatokra ugrasz be, hanem a monoton, apr\u00f3l\u00e9kos rutinokba is bele\u00e1llsz: etet\u00e9s, altat\u00e1s, orvosi id\u0151pont, iskolai egyeztet\u00e9s, logisztika. A gondoskod\u00f3 apas\u00e1g nem csup\u00e1n a gyereknek j\u00f3 (biztons\u00e1g\u00e9rzet, jobb \u00f6nszab\u00e1lyoz\u00e1s), hanem a p\u00e1rkapcsolatnak is: cs\u00f6kken a rejtett s\u00e9relem, egyenletesebb lesz a terhel\u00e9s, \u00e9s visszat\u00e9r az egy\u00fcttm\u0171k\u00f6d\u00e9s. A f\u00e9rfiak ment\u00e1lis eg\u00e9szs\u00e9g\u00e9re n\u00e9zve is nyeres\u00e9g: a gondoz\u00e1si feladatok akt\u00edv felv\u00e1llal\u00e1sa \u2013 paradox m\u00f3don \u2013 cs\u00f6kkenti a nyom\u00e1s \u00e9s a mag\u00e1ny \u00e9rz\u00e9s\u00e9t, mert \u00e9rtelmet ad a mindennapoknak \u00e9s kiegyens\u00falyozza a munkahelyi stresszt.<\/p>\n<p>Fontos \u00e1rnyalat: a gondoskod\u00e1s nem azonos a konfliktusker\u00fcl\u00e9ssel. J\u00f3 apak\u00e9nt \u00e9s t\u00e1rsak\u00e9nt is hat\u00e1rokat tartasz, k\u00f6vetkezetes vagy, nemet mondasz, ha kell \u2014 csak k\u00f6zben nem vesz\u00edted el a kapcsolatot. A \u201ekem\u00e9nys\u00e9g\u201d itt abb\u00f3l fakad, hogy v\u00e1llalod a neh\u00e9z besz\u00e9lget\u00e9seket, \u00e9s meg is oldod \u0151ket. Ezzel a gyerekek a legfontosabb mint\u00e1t kapj\u00e1k: lehet er\u0151snek lenni \u00fagy, hogy k\u00f6zben figyel\u00fcnk egym\u00e1sra. Ez a minta feln\u0151ttk\u00e9nt kapcsol\u00f3d\u00e1sra \u00e9s felel\u0151ss\u00e9gre tan\u00edt \u2014 ami k\u00e9s\u0151bb munkahelyen \u00e9s saj\u00e1t csal\u00e1dban is visszak\u00f6sz\u00f6n.<\/p>\n<h2>Gyakorlati akci\u00f3terv (bevezet\u00e9s 8 h\u00e9t alatt)<\/h2>\n<p>Az al\u00e1bbi terv kifejezetten \u201el\u00e9p\u00e9sr\u0151l l\u00e9p\u00e9sre\u201d jelleg\u0171. Nem mindent akar egyszerre, hanem tart\u00f3s szok\u00e1sokat \u00e9p\u00edt.<\/p>\n<ul>\n<li><b>1. h\u00e9t \u2013 Id\u0151napl\u00f3:<\/b> Jegyezd fel, mire mennyi id\u0151t ford\u00edtasz. Kiemelten: gondoz\u00e1s, kapcsolati jelenl\u00e9t, pihen\u00e9s.<\/li>\n<li><b>2. h\u00e9t \u2013 Heti ritu\u00e1l\u00e9k:<\/b> Vezesd be a k\u00f6z\u00f6s vacsor\u00e1t\/esti s\u00e9t\u00e1t vagy \u201eegy az egyben\u201d id\u0151t gyerekkel, p\u00e1rral.<\/li>\n<li><b>3. h\u00e9t \u2013 Akt\u00edv meghallgat\u00e1s:<\/b> Napi 10 perc \u201etelefonmentes\u201d besz\u00e9lget\u00e9s \u00e9rtelmez\u00e9ssel, visszat\u00fckr\u00f6z\u00e9ssel.<\/li>\n<li><b>4. h\u00e9t \u2013 Munkahelyi keretek:<\/b> \u00cdr\u00e1sban egyeztetett f\u00f3kuszid\u0151, meetingdi\u00e9ta, puffer a v\u00e1ratlanokra.<\/li>\n<li><b>5. h\u00e9t \u2013 H\u00e1ztart\u00e1si meg\u00e1llapod\u00e1s:<\/b> Teend\u0151k \u00fajraeloszt\u00e1sa, m\u00e9rhet\u0151 feladatokkal \u00e9s felel\u0151ss\u00e9ggel.<\/li>\n<li><b>6. h\u00e9t \u2013 Konfliktus ut\u00e1ni helyre\u00e1ll\u00edt\u00e1s:<\/b> Bocs\u00e1natk\u00e9r\u00e9s, j\u00f3v\u00e1t\u00e9teli gesztus, r\u00f6vid \u201etanuls\u00e1gk\u00f6r\u201d.<\/li>\n<li><b>7. h\u00e9t \u2013 Gondoz\u00e1si szak\u00e9rtelem:<\/b> Konkr\u00e9t k\u00e9szs\u00e9g tanul\u00e1sa (els\u0151seg\u00e9ly gyerekekn\u00e9l, altat\u00e1si rutin, iskolai kommunik\u00e1ci\u00f3).<\/li>\n<li><b>8. h\u00e9t \u2013 Saj\u00e1t regener\u00e1ci\u00f3:<\/b> Alv\u00e1srend, rendszeres mozg\u00e1s, bar\u00e1ti kapcsolatok \u00e1pol\u00e1sa.<\/li>\n<\/ul>\n<h2>Ellen\u00e1ll\u00e1sok, t\u00e9vhitek, m\u00e9r\u00e9si pontok<\/h2>\n<p>A leggyakoribb ellen\u00e1ll\u00e1s, hogy \u201eez id\u0151ig\u00e9nyes\u201d. Val\u00f3ban: a gondoskod\u00e1s energia. Csakhogy a kr\u00f3nikus konfliktus, az elh\u00faz\u00f3d\u00f3 csapats\u00farl\u00f3d\u00e1s vagy a p\u00e1rkapcsolati bizonytalans\u00e1g sokkal k\u00f6lts\u00e9gesebb. A m\u00e1sik t\u00e9vhit, hogy a gondoskod\u00e1s \u201epuh\u00edt\u201d. Val\u00f3j\u00e1ban pontosan az ellenkez\u0151je t\u00f6rt\u00e9nik: rendez\u0151dnek a szerepek, cs\u00f6kken a rejtett fesz\u00fclts\u00e9g, gyorsul a d\u00f6nt\u00e9shozatal. Harmadik ellen\u00e1ll\u00e1s a \u201enincs mint\u00e1m\u201d. Ezen lehet seg\u00edteni: nyelvet kell adni az \u00e9rzelmeknek, eszk\u00f6zt a hat\u00e1rh\u00faz\u00e1shoz, egyszer\u0171 ritu\u00e1l\u00e9kat a k\u00f6zels\u00e9ghez. Ezek tanulhat\u00f3k.<\/p>\n<p>Hogyan m\u00e9rd, hogy haladsz? Kapcsolati fronton figyeld: cs\u00f6kken-e a \u201en\u00e9ma napok\u201d sz\u00e1ma, r\u00f6vid\u00fcl-e a konfliktus ut\u00e1ni helyre\u00e1ll\u00edt\u00e1s, t\u00f6bb-e az el\u0151re egyeztetett k\u00f6z\u00f6s id\u0151. Otthon: h\u00e1zimunkamegoszt\u00e1s ar\u00e1nya, gondoz\u00e1si teend\u0151k \u00f6n\u00e1ll\u00f3 \u00e1tv\u00e9tele, gyerekekkel t\u00f6lt\u00f6tt min\u0151s\u00e9gi percek. Munkahelyen: \u00f6nbevallott stressz, fluktu\u00e1ci\u00f3 az egys\u00e9gedben, betegszabads\u00e1gok trendje, csapat-el\u00e9gedetts\u00e9g (r\u00f6vid, havi pulzusk\u00e9rd\u0151\u00edv). Ha ezek kedvez\u0151 ir\u00e1nyba mozdulnak, j\u00f3 helyen j\u00e1rsz \u2014 \u00e9s ezt a k\u00f6rnyezeted is \u00e9rzi.<\/p>\n<h2>\u00d6sszehasonl\u00edt\u00f3 \u00e1ttekint\u00e9s<\/h2>\n<table border=\"1\" cellspacing=\"0\" cellpadding=\"8\">\n<thead>\n<tr>\n<th>Szempont<\/th>\n<th>Hagyom\u00e1nyos mint\u00e1zat<\/th>\n<th>Gondoskod\u00f3 maszkulinit\u00e1s<\/th>\n<\/tr>\n<\/thead>\n<tbody>\n<tr>\n<td>\u00c9rzelemkezel\u00e9s<\/td>\n<td>\u00c9rzelmek minimaliz\u00e1l\u00e1sa, \u201etartsd magadban\u201d.<\/td>\n<td>\u00c9rzelmek megnevez\u00e9se, felel\u0151s kifejez\u00e9se, rendezett levezet\u00e9s.<\/td>\n<\/tr>\n<tr>\n<td>Konfliktus<\/td>\n<td>Gy\u0151zelem\/veszt\u00e9s logika, elh\u00faz\u00f3d\u00f3 fesz\u00fclts\u00e9g.<\/td>\n<td>Megold\u00e1sf\u00f3kusz, helyre\u00e1ll\u00edt\u00e1s, tanul\u00e1si k\u00f6r.<\/td>\n<\/tr>\n<tr>\n<td>Vezet\u00e9s<\/td>\n<td>Feladatcentrikus kontroll, ritka visszajelz\u00e9s.<\/td>\n<td>Vil\u00e1gos elv\u00e1r\u00e1s + rendszeres visszajelz\u00e9s + pszichol\u00f3giai biztons\u00e1g.<\/td>\n<\/tr>\n<tr>\n<td>Otthoni szerep<\/td>\n<td>\u201eSeg\u00edt\u201d alkalomszer\u0171en.<\/td>\n<td>Rendszeres, kisz\u00e1m\u00edthat\u00f3 r\u00e9szv\u00e9tel a gondoz\u00e1sban \u00e9s a h\u00e1ztart\u00e1sban.<\/td>\n<\/tr>\n<tr>\n<td>\u00d6nv\u00e9delem<\/td>\n<td>Falak, elz\u00e1rk\u00f3z\u00e1s, t\u00falmunk\u00e1z\u00e1s.<\/td>\n<td>Hat\u00e1rok, pihen\u00e9s, seg\u00edts\u00e9gk\u00e9r\u00e9s mint kompetencia.<\/td>\n<\/tr>\n<\/tbody>\n<\/table>\n<h2>Dajka G\u00e1bor business coach szerint<\/h2>\n<p>A gondoskod\u00f3 maszkulinit\u00e1s nem kedves gesztusok csokra, hanem feln\u0151tt m\u0171k\u00f6d\u00e9s: felel\u0151ss\u00e9get v\u00e1llalok a kapcsolataim\u00e9rt, a d\u00f6nt\u00e9seim k\u00f6vetkezm\u00e9nyei\u00e9rt \u00e9s a saj\u00e1t energiamenedzsmentem\u00e9rt. Ha f\u00e9rfik\u00e9nt integr\u00e1lod a gondoskod\u00e1st, nem vesz\u00edtesz, hanem nyersz: szavahihet\u0151s\u00e9get, m\u00e9lyebb kapcsolatot, er\u0151sebb csapattal\u00e1latot. Ha n\u0151k\u00e9nt ezt k\u00e9red ki a t\u00e1rsadb\u00f3l vagy a vezet\u0151db\u0151l, nem \u201eextra szolg\u00e1ltat\u00e1st\u201d k\u00e9rsz, hanem egy m\u0171k\u00f6d\u0151bb rendszert. Igen, van benne munka. Igen, lesz n\u00e9h\u00e1ny k\u00e9nyelmetlen besz\u00e9lget\u00e9s. De a jutalom m\u00e9gis ar\u00e1nytalanul nagy: olyan \u00e9leted lesz, amelyben az er\u0151 \u00e9s a finoms\u00e1g nem egym\u00e1st oltja, hanem egym\u00e1st er\u0151s\u00edti.<\/p>\n<h2>Szak\u00e9rt\u0151 v\u00e1laszol \u2013 Gyakori k\u00e9rd\u00e9sek<\/h2>\n<h3>Mik a legkisebb, m\u00e9gis l\u00e1tv\u00e1nyos hat\u00e1s\u00fa els\u0151 l\u00e9p\u00e9sek?<\/h3>\n<p>H\u00e1rom egyszer\u0171 szok\u00e1s: napi 10 perc akt\u00edv meghallgat\u00e1s (telefon n\u00e9lk\u00fcl); heti fix k\u00f6z\u00f6s id\u0151 a p\u00e1roddal\/gyerekeddel; \u00e9s munkahelyen a f\u00f3kuszid\u0151 v\u00e9delme. H\u00e1rom h\u00e9t alatt m\u00e1r \u00e9rz\u0151dik: kevesebb f\u00e9lre\u00e9rt\u00e9s, t\u00f6bb jelenl\u00e9t, jobb energiaszint.<\/p>\n<h3>Nem lesz ett\u0151l \u201el\u00e1gyabb\u201d a vezet\u0151i st\u00edlusom?<\/h3>\n<p>Nem. A gondoskod\u00e1s nem a szigor ellent\u00e9te, hanem annak j\u00f3l szab\u00e1lyozott form\u00e1ja. A k\u00f6vetkezetess\u00e9g \u00e9s a vil\u00e1gos elv\u00e1r\u00e1s egy\u00fctt j\u00e1rhat empatikus kommunik\u00e1ci\u00f3val \u00e9s v\u00e9dett k\u00eds\u00e9rletez\u00e9ssel. A teljes\u00edtm\u00e9ny emiatt nem esik, hanem javul, mert a csapat \u00e9rti a j\u00e1t\u00e9kteret.<\/p>\n<h3>Mit tegyek, ha a k\u00f6rnyezetem cinikusan reag\u00e1l?<\/h3>\n<p>Ne magyar\u00e1zd t\u00fal. Mutasd a m\u0171k\u00f6d\u00e9st: tiszta c\u00e9l, korrekt visszajelz\u00e9s, rendezett hat\u00e1rh\u00faz\u00e1s, otthoni r\u00e9szv\u00e9tel. A szkepszis t\u00f6bbnyire a k\u00f6vetkezetess\u00e9g l\u00e1tt\u00e1n cs\u00f6kken. Ha nem, akkor is vil\u00e1gos lesz, hogy te kisz\u00e1m\u00edthat\u00f3 \u00e9s m\u00e9lt\u00e1nyos rendszert k\u00e9pviselsz.<\/p>\n<h3>Mennyire elfogadott a gondoskod\u00f3 maszkulinit\u00e1s a magyar munkahelyeken?<\/h3>\n<p>Vegyes a k\u00e9p. Sok helyen term\u00e9szetes elv\u00e1r\u00e1s lett a tiszteletteljes kommunik\u00e1ci\u00f3, a rugalmas keretek \u00e9s a sz\u00fcl\u0151i szerepek t\u00e1mogat\u00e1sa; m\u00e1shol m\u00e9g \u00faj. A k\u00fcl\u00f6nbs\u00e9get a vezet\u0151i p\u00e9lda \u00e9s a c\u00e9gben be\u00e9p\u00edtett rutinok adj\u00e1k: ha a mindennapi gyakorlat t\u00e1mogatja, gyorsan norm\u00e1v\u00e1 v\u00e1lik.<\/p>\n<h3>Mit kezdjek a saj\u00e1t \u201enincs mint\u00e1m\u201d \u00e9rz\u00e9ssel?<\/h3>\n<p>\u00c9p\u00edts tudatosan mint\u00e1t: nevezz meg \u00e9rzelmeket, gyakorold a r\u00f6vid helyre\u00e1ll\u00edt\u00f3 besz\u00e9lget\u00e9seket, k\u00e9rj visszajelz\u00e9st a p\u00e1rodt\u00f3l \u00e9s a csapatodt\u00f3l. Kezdd kicsiben, de tartsd k\u00f6vetkezetesen. A k\u00e9szs\u00e9g nem adotts\u00e1g \u2014 gyakorl\u00e1sb\u00f3l sz\u00fcletik.<\/p>\n<h2>Aj\u00e1nlott magyar vide\u00f3k\/podcastok<\/h2>\n<p><iframe title=\"Spotify Embed: A N\u0151 \u00e9rkez\u00e9se \u00e9s az Apas\u00e1g - H\u00e9tk\u00f6znapi beavat\u00e1sok II. - A F\u00e9rfi \u00datja Podcast 8. r\u00e9sz\" style=\"border-radius: 12px\" width=\"100%\" height=\"152\" frameborder=\"0\" allowfullscreen allow=\"autoplay; clipboard-write; encrypted-media; fullscreen; picture-in-picture\" data-src=\"https:\/\/open.spotify.com\/embed\/episode\/5Jukw6gMOso7BZa6nOWuS0?utm_source=oembed\" src=\"data:image\/svg+xml;base64,PHN2ZyB3aWR0aD0iMSIgaGVpZ2h0PSIxIiB4bWxucz0iaHR0cDovL3d3dy53My5vcmcvMjAwMC9zdmciPjwvc3ZnPg==\" class=\"lazyload\" data-load-mode=\"1\"><\/iframe><\/p>\n<h2>Forr\u00e1sok<\/h2>\n<p><a href=\"https:\/\/doi.org\/10.1177\/1097184X15576203\" target=\"_blank\" rel=\"noopener\">Elliott, K. (2016). Caring masculinities: Theorizing an emerging concept. Men and Masculinities, 19(3), 240\u2013259. DOI: 10.1177\/1097184X15576203<\/a><\/p>\n<p><a href=\"https:\/\/doi.org\/10.1177\/0891243205278639\" target=\"_blank\" rel=\"noopener\">Connell, R. W., &amp; Messerschmidt, J. W. (2005). Hegemonic masculinity: Rethinking the concept. Gender &amp; Society, 19(6), 829\u2013859. DOI: 10.1177\/0891243205278639<\/a><\/p>\n<p><a href=\"https:\/\/www.monash.edu\/__data\/assets\/pdf_file\/0003\/3723767\/Caring-masculinities-in-theory-and-practice-Briefing-paper.pdf\" target=\"_blank\" rel=\"noopener\">Monash Gender and Family Violence Prevention Centre (2024). Caring masculinities in theory and practice: Briefing paper (ny\u00edlt hozz\u00e1f\u00e9r\u00e9s\u0171 \u00f6sszefoglal\u00f3).<\/a><\/p>\n","protected":false},"excerpt":{"rendered":"<p>A f\u00e9rfiass\u00e1g szeml\u00e9lete \u00e9pp most alakul \u00e1t a szem\u00fcnk el\u0151tt. Ha k\u00f6r\u00fcln\u00e9zel a csal\u00e1dban, a munkahelyen vagy a k\u00f6z\u00e9letben, egyre t\u00f6bb f\u00e9rfit l\u00e1tsz, aki nemcsak teljes\u00edtm\u00e9nyben er\u0151s, hanem gondoskod\u00e1sban is. Ez nem \u201e\u00faj divat\u201d, hanem egy k\u00f6vetkez\u0151 fejl\u0151d\u00e9si l\u00e9pcs\u0151: a gondoskod\u00f3 maszkulinit\u00e1s. Olyan felfog\u00e1s, amely nem gyeng\u00edti a f\u00e9rfi identit\u00e1st, hanem gazdag\u00edtja: az er\u0151 mell\u00e9&#8230;<\/p>\n","protected":false},"author":1,"featured_media":411,"comment_status":"closed","ping_status":"open","sticky":false,"template":"","format":"standard","meta":{"footnotes":""},"categories":[3],"tags":[],"class_list":["post-410","post","type-post","status-publish","format-standard","has-post-thumbnail","hentry","category-coaching-es-pszichologia-egerben"],"yoast_head":"<!-- This site is optimized with the Yoast SEO plugin v27.5 - https:\/\/yoast.com\/product\/yoast-seo-wordpress\/ -->\n<title>Gondoskod\u00f3 maszkulinit\u00e1s: f\u00e9rfiass\u00e1g \u00faj n\u00e9z\u0151pontb\u00f3l<\/title>\n<meta name=\"robots\" content=\"index, follow, max-snippet:-1, max-image-preview:large, max-video-preview:-1\" \/>\n<link rel=\"canonical\" href=\"https:\/\/egercoach.hu\/blog\/a-gondoskodo-maszkulinitas-a-ferfiassag-uj-megkozelitese\/\" \/>\n<meta property=\"og:locale\" content=\"hu_HU\" \/>\n<meta property=\"og:type\" content=\"article\" \/>\n<meta property=\"og:title\" content=\"Gondoskod\u00f3 maszkulinit\u00e1s: f\u00e9rfiass\u00e1g \u00faj n\u00e9z\u0151pontb\u00f3l\" \/>\n<meta property=\"og:description\" content=\"A f\u00e9rfiass\u00e1g szeml\u00e9lete \u00e9pp most alakul \u00e1t a szem\u00fcnk el\u0151tt. Ha k\u00f6r\u00fcln\u00e9zel a csal\u00e1dban, a munkahelyen vagy a k\u00f6z\u00e9letben, egyre t\u00f6bb f\u00e9rfit l\u00e1tsz, aki nemcsak teljes\u00edtm\u00e9nyben er\u0151s, hanem gondoskod\u00e1sban is. Ez nem \u201e\u00faj divat\u201d, hanem egy k\u00f6vetkez\u0151 fejl\u0151d\u00e9si l\u00e9pcs\u0151: a gondoskod\u00f3 maszkulinit\u00e1s. Olyan felfog\u00e1s, amely nem gyeng\u00edti a f\u00e9rfi identit\u00e1st, hanem gazdag\u00edtja: az er\u0151 mell\u00e9...\" \/>\n<meta property=\"og:url\" content=\"https:\/\/egercoach.hu\/blog\/a-gondoskodo-maszkulinitas-a-ferfiassag-uj-megkozelitese\/\" \/>\n<meta property=\"og:site_name\" content=\"Az Egri Coach Blogja\" \/>\n<meta property=\"article:publisher\" content=\"https:\/\/www.facebook.com\/eger.coach\" \/>\n<meta property=\"article:published_time\" content=\"2024-09-14T06:35:43+00:00\" \/>\n<meta property=\"article:modified_time\" content=\"2025-10-24T12:18:17+00:00\" \/>\n<meta property=\"og:image\" content=\"https:\/\/egercoach.hu\/blog\/wp-content\/uploads\/2024\/09\/young-businessmen-outdoor.jpg\" \/>\n\t<meta property=\"og:image:width\" content=\"1500\" \/>\n\t<meta property=\"og:image:height\" content=\"1001\" \/>\n\t<meta property=\"og:image:type\" content=\"image\/jpeg\" \/>\n<meta name=\"author\" content=\"Dajka G\u00e1bor\" \/>\n<meta name=\"twitter:card\" content=\"summary_large_image\" \/>\n<meta name=\"twitter:label1\" content=\"Szerz\u0151:\" \/>\n\t<meta name=\"twitter:data1\" content=\"Dajka G\u00e1bor\" \/>\n\t<meta name=\"twitter:label2\" content=\"Becs\u00fclt olvas\u00e1si id\u0151\" \/>\n\t<meta name=\"twitter:data2\" content=\"10 perc\" \/>\n<script type=\"application\/ld+json\" class=\"yoast-schema-graph\">{\"@context\":\"https:\\\/\\\/schema.org\",\"@graph\":[{\"@type\":\"Article\",\"@id\":\"https:\\\/\\\/egercoach.hu\\\/blog\\\/a-gondoskodo-maszkulinitas-a-ferfiassag-uj-megkozelitese\\\/#article\",\"isPartOf\":{\"@id\":\"https:\\\/\\\/egercoach.hu\\\/blog\\\/a-gondoskodo-maszkulinitas-a-ferfiassag-uj-megkozelitese\\\/\"},\"author\":{\"name\":\"Dajka G\u00e1bor\",\"@id\":\"https:\\\/\\\/egercoach.hu\\\/blog\\\/#\\\/schema\\\/person\\\/afc73367aa314ca33a9c8d3b88dce6e7\"},\"headline\":\"Gondoskod\u00f3 maszkulinit\u00e1s: f\u00e9rfiass\u00e1g \u00faj n\u00e9z\u0151pontb\u00f3l\",\"datePublished\":\"2024-09-14T06:35:43+00:00\",\"dateModified\":\"2025-10-24T12:18:17+00:00\",\"mainEntityOfPage\":{\"@id\":\"https:\\\/\\\/egercoach.hu\\\/blog\\\/a-gondoskodo-maszkulinitas-a-ferfiassag-uj-megkozelitese\\\/\"},\"wordCount\":2809,\"publisher\":{\"@id\":\"https:\\\/\\\/egercoach.hu\\\/blog\\\/#organization\"},\"image\":{\"@id\":\"https:\\\/\\\/egercoach.hu\\\/blog\\\/a-gondoskodo-maszkulinitas-a-ferfiassag-uj-megkozelitese\\\/#primaryimage\"},\"thumbnailUrl\":\"https:\\\/\\\/egercoach.hu\\\/blog\\\/wp-content\\\/uploads\\\/2024\\\/09\\\/young-businessmen-outdoor.jpg\",\"articleSection\":[\"Life coaching Egerben\"],\"inLanguage\":\"hu\"},{\"@type\":\"WebPage\",\"@id\":\"https:\\\/\\\/egercoach.hu\\\/blog\\\/a-gondoskodo-maszkulinitas-a-ferfiassag-uj-megkozelitese\\\/\",\"url\":\"https:\\\/\\\/egercoach.hu\\\/blog\\\/a-gondoskodo-maszkulinitas-a-ferfiassag-uj-megkozelitese\\\/\",\"name\":\"Gondoskod\u00f3 maszkulinit\u00e1s: f\u00e9rfiass\u00e1g \u00faj n\u00e9z\u0151pontb\u00f3l\",\"isPartOf\":{\"@id\":\"https:\\\/\\\/egercoach.hu\\\/blog\\\/#website\"},\"primaryImageOfPage\":{\"@id\":\"https:\\\/\\\/egercoach.hu\\\/blog\\\/a-gondoskodo-maszkulinitas-a-ferfiassag-uj-megkozelitese\\\/#primaryimage\"},\"image\":{\"@id\":\"https:\\\/\\\/egercoach.hu\\\/blog\\\/a-gondoskodo-maszkulinitas-a-ferfiassag-uj-megkozelitese\\\/#primaryimage\"},\"thumbnailUrl\":\"https:\\\/\\\/egercoach.hu\\\/blog\\\/wp-content\\\/uploads\\\/2024\\\/09\\\/young-businessmen-outdoor.jpg\",\"datePublished\":\"2024-09-14T06:35:43+00:00\",\"dateModified\":\"2025-10-24T12:18:17+00:00\",\"breadcrumb\":{\"@id\":\"https:\\\/\\\/egercoach.hu\\\/blog\\\/a-gondoskodo-maszkulinitas-a-ferfiassag-uj-megkozelitese\\\/#breadcrumb\"},\"inLanguage\":\"hu\",\"potentialAction\":[{\"@type\":\"ReadAction\",\"target\":[\"https:\\\/\\\/egercoach.hu\\\/blog\\\/a-gondoskodo-maszkulinitas-a-ferfiassag-uj-megkozelitese\\\/\"]}]},{\"@type\":\"ImageObject\",\"inLanguage\":\"hu\",\"@id\":\"https:\\\/\\\/egercoach.hu\\\/blog\\\/a-gondoskodo-maszkulinitas-a-ferfiassag-uj-megkozelitese\\\/#primaryimage\",\"url\":\"https:\\\/\\\/egercoach.hu\\\/blog\\\/wp-content\\\/uploads\\\/2024\\\/09\\\/young-businessmen-outdoor.jpg\",\"contentUrl\":\"https:\\\/\\\/egercoach.hu\\\/blog\\\/wp-content\\\/uploads\\\/2024\\\/09\\\/young-businessmen-outdoor.jpg\",\"width\":1500,\"height\":1001,\"caption\":\"young businessmen outdoor\"},{\"@type\":\"BreadcrumbList\",\"@id\":\"https:\\\/\\\/egercoach.hu\\\/blog\\\/a-gondoskodo-maszkulinitas-a-ferfiassag-uj-megkozelitese\\\/#breadcrumb\",\"itemListElement\":[{\"@type\":\"ListItem\",\"position\":1,\"name\":\"Kezd\u0151lap\",\"item\":\"https:\\\/\\\/egercoach.hu\\\/blog\\\/\"},{\"@type\":\"ListItem\",\"position\":2,\"name\":\"Gondoskod\u00f3 maszkulinit\u00e1s: f\u00e9rfiass\u00e1g \u00faj n\u00e9z\u0151pontb\u00f3l\"}]},{\"@type\":\"WebSite\",\"@id\":\"https:\\\/\\\/egercoach.hu\\\/blog\\\/#website\",\"url\":\"https:\\\/\\\/egercoach.hu\\\/blog\\\/\",\"name\":\"Eger Coach Blog\",\"description\":\"\",\"publisher\":{\"@id\":\"https:\\\/\\\/egercoach.hu\\\/blog\\\/#organization\"},\"potentialAction\":[{\"@type\":\"SearchAction\",\"target\":{\"@type\":\"EntryPoint\",\"urlTemplate\":\"https:\\\/\\\/egercoach.hu\\\/blog\\\/?s={search_term_string}\"},\"query-input\":{\"@type\":\"PropertyValueSpecification\",\"valueRequired\":true,\"valueName\":\"search_term_string\"}}],\"inLanguage\":\"hu\"},{\"@type\":\"Organization\",\"@id\":\"https:\\\/\\\/egercoach.hu\\\/blog\\\/#organization\",\"name\":\"Eger Coach Blog\",\"url\":\"https:\\\/\\\/egercoach.hu\\\/blog\\\/\",\"logo\":{\"@type\":\"ImageObject\",\"inLanguage\":\"hu\",\"@id\":\"https:\\\/\\\/egercoach.hu\\\/blog\\\/#\\\/schema\\\/logo\\\/image\\\/\",\"url\":\"https:\\\/\\\/egercoach.hu\\\/blog\\\/wp-content\\\/uploads\\\/2025\\\/05\\\/cropped-Eger.png\",\"contentUrl\":\"https:\\\/\\\/egercoach.hu\\\/blog\\\/wp-content\\\/uploads\\\/2025\\\/05\\\/cropped-Eger.png\",\"width\":500,\"height\":169,\"caption\":\"Eger Coach Blog\"},\"image\":{\"@id\":\"https:\\\/\\\/egercoach.hu\\\/blog\\\/#\\\/schema\\\/logo\\\/image\\\/\"},\"sameAs\":[\"https:\\\/\\\/www.facebook.com\\\/eger.coach\"]},{\"@type\":\"Person\",\"@id\":\"https:\\\/\\\/egercoach.hu\\\/blog\\\/#\\\/schema\\\/person\\\/afc73367aa314ca33a9c8d3b88dce6e7\",\"name\":\"Dajka G\u00e1bor\",\"image\":{\"@type\":\"ImageObject\",\"inLanguage\":\"hu\",\"@id\":\"https:\\\/\\\/secure.gravatar.com\\\/avatar\\\/81566ea1e2b3466baa03e9bdcdaa835f58564d8be90057a45f3e61711dc8a063?s=96&d=mm&r=g\",\"url\":\"https:\\\/\\\/secure.gravatar.com\\\/avatar\\\/81566ea1e2b3466baa03e9bdcdaa835f58564d8be90057a45f3e61711dc8a063?s=96&d=mm&r=g\",\"contentUrl\":\"https:\\\/\\\/secure.gravatar.com\\\/avatar\\\/81566ea1e2b3466baa03e9bdcdaa835f58564d8be90057a45f3e61711dc8a063?s=96&d=mm&r=g\",\"caption\":\"Dajka G\u00e1bor\"},\"sameAs\":[\"https:\\\/\\\/egercoach.hu\\\/blog\"],\"url\":\"https:\\\/\\\/egercoach.hu\\\/blog\\\/author\\\/adminka\\\/\"}]}<\/script>\n<!-- \/ Yoast SEO plugin. -->","yoast_head_json":{"title":"Gondoskod\u00f3 maszkulinit\u00e1s: f\u00e9rfiass\u00e1g \u00faj n\u00e9z\u0151pontb\u00f3l","robots":{"index":"index","follow":"follow","max-snippet":"max-snippet:-1","max-image-preview":"max-image-preview:large","max-video-preview":"max-video-preview:-1"},"canonical":"https:\/\/egercoach.hu\/blog\/a-gondoskodo-maszkulinitas-a-ferfiassag-uj-megkozelitese\/","og_locale":"hu_HU","og_type":"article","og_title":"Gondoskod\u00f3 maszkulinit\u00e1s: f\u00e9rfiass\u00e1g \u00faj n\u00e9z\u0151pontb\u00f3l","og_description":"A f\u00e9rfiass\u00e1g szeml\u00e9lete \u00e9pp most alakul \u00e1t a szem\u00fcnk el\u0151tt. Ha k\u00f6r\u00fcln\u00e9zel a csal\u00e1dban, a munkahelyen vagy a k\u00f6z\u00e9letben, egyre t\u00f6bb f\u00e9rfit l\u00e1tsz, aki nemcsak teljes\u00edtm\u00e9nyben er\u0151s, hanem gondoskod\u00e1sban is. Ez nem \u201e\u00faj divat\u201d, hanem egy k\u00f6vetkez\u0151 fejl\u0151d\u00e9si l\u00e9pcs\u0151: a gondoskod\u00f3 maszkulinit\u00e1s. Olyan felfog\u00e1s, amely nem gyeng\u00edti a f\u00e9rfi identit\u00e1st, hanem gazdag\u00edtja: az er\u0151 mell\u00e9...","og_url":"https:\/\/egercoach.hu\/blog\/a-gondoskodo-maszkulinitas-a-ferfiassag-uj-megkozelitese\/","og_site_name":"Az Egri Coach Blogja","article_publisher":"https:\/\/www.facebook.com\/eger.coach","article_published_time":"2024-09-14T06:35:43+00:00","article_modified_time":"2025-10-24T12:18:17+00:00","og_image":[{"width":1500,"height":1001,"url":"https:\/\/egercoach.hu\/blog\/wp-content\/uploads\/2024\/09\/young-businessmen-outdoor.jpg","type":"image\/jpeg"}],"author":"Dajka G\u00e1bor","twitter_card":"summary_large_image","twitter_misc":{"Szerz\u0151:":"Dajka G\u00e1bor","Becs\u00fclt olvas\u00e1si id\u0151":"10 perc"},"schema":{"@context":"https:\/\/schema.org","@graph":[{"@type":"Article","@id":"https:\/\/egercoach.hu\/blog\/a-gondoskodo-maszkulinitas-a-ferfiassag-uj-megkozelitese\/#article","isPartOf":{"@id":"https:\/\/egercoach.hu\/blog\/a-gondoskodo-maszkulinitas-a-ferfiassag-uj-megkozelitese\/"},"author":{"name":"Dajka G\u00e1bor","@id":"https:\/\/egercoach.hu\/blog\/#\/schema\/person\/afc73367aa314ca33a9c8d3b88dce6e7"},"headline":"Gondoskod\u00f3 maszkulinit\u00e1s: f\u00e9rfiass\u00e1g \u00faj n\u00e9z\u0151pontb\u00f3l","datePublished":"2024-09-14T06:35:43+00:00","dateModified":"2025-10-24T12:18:17+00:00","mainEntityOfPage":{"@id":"https:\/\/egercoach.hu\/blog\/a-gondoskodo-maszkulinitas-a-ferfiassag-uj-megkozelitese\/"},"wordCount":2809,"publisher":{"@id":"https:\/\/egercoach.hu\/blog\/#organization"},"image":{"@id":"https:\/\/egercoach.hu\/blog\/a-gondoskodo-maszkulinitas-a-ferfiassag-uj-megkozelitese\/#primaryimage"},"thumbnailUrl":"https:\/\/egercoach.hu\/blog\/wp-content\/uploads\/2024\/09\/young-businessmen-outdoor.jpg","articleSection":["Life coaching Egerben"],"inLanguage":"hu"},{"@type":"WebPage","@id":"https:\/\/egercoach.hu\/blog\/a-gondoskodo-maszkulinitas-a-ferfiassag-uj-megkozelitese\/","url":"https:\/\/egercoach.hu\/blog\/a-gondoskodo-maszkulinitas-a-ferfiassag-uj-megkozelitese\/","name":"Gondoskod\u00f3 maszkulinit\u00e1s: f\u00e9rfiass\u00e1g \u00faj n\u00e9z\u0151pontb\u00f3l","isPartOf":{"@id":"https:\/\/egercoach.hu\/blog\/#website"},"primaryImageOfPage":{"@id":"https:\/\/egercoach.hu\/blog\/a-gondoskodo-maszkulinitas-a-ferfiassag-uj-megkozelitese\/#primaryimage"},"image":{"@id":"https:\/\/egercoach.hu\/blog\/a-gondoskodo-maszkulinitas-a-ferfiassag-uj-megkozelitese\/#primaryimage"},"thumbnailUrl":"https:\/\/egercoach.hu\/blog\/wp-content\/uploads\/2024\/09\/young-businessmen-outdoor.jpg","datePublished":"2024-09-14T06:35:43+00:00","dateModified":"2025-10-24T12:18:17+00:00","breadcrumb":{"@id":"https:\/\/egercoach.hu\/blog\/a-gondoskodo-maszkulinitas-a-ferfiassag-uj-megkozelitese\/#breadcrumb"},"inLanguage":"hu","potentialAction":[{"@type":"ReadAction","target":["https:\/\/egercoach.hu\/blog\/a-gondoskodo-maszkulinitas-a-ferfiassag-uj-megkozelitese\/"]}]},{"@type":"ImageObject","inLanguage":"hu","@id":"https:\/\/egercoach.hu\/blog\/a-gondoskodo-maszkulinitas-a-ferfiassag-uj-megkozelitese\/#primaryimage","url":"https:\/\/egercoach.hu\/blog\/wp-content\/uploads\/2024\/09\/young-businessmen-outdoor.jpg","contentUrl":"https:\/\/egercoach.hu\/blog\/wp-content\/uploads\/2024\/09\/young-businessmen-outdoor.jpg","width":1500,"height":1001,"caption":"young businessmen outdoor"},{"@type":"BreadcrumbList","@id":"https:\/\/egercoach.hu\/blog\/a-gondoskodo-maszkulinitas-a-ferfiassag-uj-megkozelitese\/#breadcrumb","itemListElement":[{"@type":"ListItem","position":1,"name":"Kezd\u0151lap","item":"https:\/\/egercoach.hu\/blog\/"},{"@type":"ListItem","position":2,"name":"Gondoskod\u00f3 maszkulinit\u00e1s: f\u00e9rfiass\u00e1g \u00faj n\u00e9z\u0151pontb\u00f3l"}]},{"@type":"WebSite","@id":"https:\/\/egercoach.hu\/blog\/#website","url":"https:\/\/egercoach.hu\/blog\/","name":"Eger Coach Blog","description":"","publisher":{"@id":"https:\/\/egercoach.hu\/blog\/#organization"},"potentialAction":[{"@type":"SearchAction","target":{"@type":"EntryPoint","urlTemplate":"https:\/\/egercoach.hu\/blog\/?s={search_term_string}"},"query-input":{"@type":"PropertyValueSpecification","valueRequired":true,"valueName":"search_term_string"}}],"inLanguage":"hu"},{"@type":"Organization","@id":"https:\/\/egercoach.hu\/blog\/#organization","name":"Eger Coach Blog","url":"https:\/\/egercoach.hu\/blog\/","logo":{"@type":"ImageObject","inLanguage":"hu","@id":"https:\/\/egercoach.hu\/blog\/#\/schema\/logo\/image\/","url":"https:\/\/egercoach.hu\/blog\/wp-content\/uploads\/2025\/05\/cropped-Eger.png","contentUrl":"https:\/\/egercoach.hu\/blog\/wp-content\/uploads\/2025\/05\/cropped-Eger.png","width":500,"height":169,"caption":"Eger Coach Blog"},"image":{"@id":"https:\/\/egercoach.hu\/blog\/#\/schema\/logo\/image\/"},"sameAs":["https:\/\/www.facebook.com\/eger.coach"]},{"@type":"Person","@id":"https:\/\/egercoach.hu\/blog\/#\/schema\/person\/afc73367aa314ca33a9c8d3b88dce6e7","name":"Dajka G\u00e1bor","image":{"@type":"ImageObject","inLanguage":"hu","@id":"https:\/\/secure.gravatar.com\/avatar\/81566ea1e2b3466baa03e9bdcdaa835f58564d8be90057a45f3e61711dc8a063?s=96&d=mm&r=g","url":"https:\/\/secure.gravatar.com\/avatar\/81566ea1e2b3466baa03e9bdcdaa835f58564d8be90057a45f3e61711dc8a063?s=96&d=mm&r=g","contentUrl":"https:\/\/secure.gravatar.com\/avatar\/81566ea1e2b3466baa03e9bdcdaa835f58564d8be90057a45f3e61711dc8a063?s=96&d=mm&r=g","caption":"Dajka G\u00e1bor"},"sameAs":["https:\/\/egercoach.hu\/blog"],"url":"https:\/\/egercoach.hu\/blog\/author\/adminka\/"}]}},"_links":{"self":[{"href":"https:\/\/egercoach.hu\/blog\/wp-json\/wp\/v2\/posts\/410","targetHints":{"allow":["GET"]}}],"collection":[{"href":"https:\/\/egercoach.hu\/blog\/wp-json\/wp\/v2\/posts"}],"about":[{"href":"https:\/\/egercoach.hu\/blog\/wp-json\/wp\/v2\/types\/post"}],"author":[{"embeddable":true,"href":"https:\/\/egercoach.hu\/blog\/wp-json\/wp\/v2\/users\/1"}],"replies":[{"embeddable":true,"href":"https:\/\/egercoach.hu\/blog\/wp-json\/wp\/v2\/comments?post=410"}],"version-history":[{"count":0,"href":"https:\/\/egercoach.hu\/blog\/wp-json\/wp\/v2\/posts\/410\/revisions"}],"wp:featuredmedia":[{"embeddable":true,"href":"https:\/\/egercoach.hu\/blog\/wp-json\/wp\/v2\/media\/411"}],"wp:attachment":[{"href":"https:\/\/egercoach.hu\/blog\/wp-json\/wp\/v2\/media?parent=410"}],"wp:term":[{"taxonomy":"category","embeddable":true,"href":"https:\/\/egercoach.hu\/blog\/wp-json\/wp\/v2\/categories?post=410"},{"taxonomy":"post_tag","embeddable":true,"href":"https:\/\/egercoach.hu\/blog\/wp-json\/wp\/v2\/tags?post=410"}],"curies":[{"name":"wp","href":"https:\/\/api.w.org\/{rel}","templated":true}]}}