{"id":45,"date":"2024-08-04T06:13:30","date_gmt":"2024-08-04T04:13:30","guid":{"rendered":"https:\/\/egercoach.hu\/blog\/?p=45"},"modified":"2025-10-11T12:02:59","modified_gmt":"2025-10-11T10:02:59","slug":"a-facebook-mint-modern-naplo-hogyan-segitheti-az-onreflexiot-es-szemelyisegfejlodest-a-posztolas","status":"publish","type":"post","link":"https:\/\/egercoach.hu\/blog\/a-facebook-mint-modern-naplo-hogyan-segitheti-az-onreflexiot-es-szemelyisegfejlodest-a-posztolas\/","title":{"rendered":"A Facebook mint modern napl\u00f3: \u00f6nreflexi\u00f3 \u00e9s fejl\u0151d\u00e9s"},"content":{"rendered":"<p>A k\u00f6z\u00f6ss\u00e9gi m\u00e9dia egyszerre napl\u00f3 \u00e9s kirakat. A kett\u0151ss\u00e9g ereje abban rejlik, hogy mik\u00f6zben ki\u00edrhatod magadb\u00f3l a gondolataidat, azonnali k\u00f6z\u00f6ns\u00e9get is kapsz hozz\u00e1. A k\u00e9rd\u00e9s nem az, hogy ez \u201ej\u00f3\u201d vagy \u201erossz\u201d \u2013 hanem az, hogyan haszn\u00e1lod. A hagyom\u00e1nyos napl\u00f3intimit\u00e1s \u00e9s a Facebook nyilv\u00e1noss\u00e1ga k\u00f6z\u00f6tt h\u00faz\u00f3d\u00f3 hat\u00e1rvonal ma minden kor\u00e1bbin\u00e1l fontosabb. Ha tudatosan l\u00e9psz, a posztol\u00e1s az <a href=\"https:\/\/egercoach.hu\/blog\/hogyan-irjunk-hatekony-onreflexiot-utmutato-az-onismeret-fejlesztesehez\/\">\u00f6nreflexi\u00f3<\/a> eszk\u00f6ze lehet: seg\u00edt rendszerezni az \u00e9lm\u00e9nyeidet, \u00e1rnyalni a saj\u00e1t t\u00f6rt\u00e9netedet, \u00e9s visszajelz\u00e9seken kereszt\u00fcl \u00faj szempontokhoz juttat. Ha kapkodsz, a l\u00e1jkok sz\u00e1ma gyorsan elkezdi dikt\u00e1lni az \u00f6n\u00e9rt\u00e9kel\u00e9sedet, \u00e9s a nyilv\u00e1nos napl\u00f3 v\u00e9kony j\u00e9gg\u00e9 v\u00e1lik. E cikk c\u00e9lja, hogy tiszta, gyakorlatias n\u00e9z\u0151pontot adjon: mik\u00e9nt m\u0171k\u00f6dik pszich\u00e9sen az \u201eonline napl\u00f3z\u00e1s\u201d, hogyan hat r\u00e1d a visszajelz\u00e9s-gazdas\u00e1g, milyen hat\u00e1rokat \u00e9rdemes felrajzolnod, \u00e9s hogyan kombin\u00e1lhatod a Facebookot a j\u00f3 \u00f6reg priv\u00e1t napl\u00f3val \u00fagy, hogy a folyamat val\u00f3ban \u00e9p\u00edtsen. Nem a \u201et\u00f6k\u00e9letes\u201d k\u00f6z\u00f6ss\u00e9gi m\u00e9diakezel\u00e9sr\u0151l lesz sz\u00f3 \u2013 hanem egy m\u0171k\u00f6d\u0151 protokollr\u00f3l, amit azonnal be\u00e9p\u00edthetsz az \u00e9letedbe. A hangnem egyenes \u00e9s melegsz\u00edv\u0171, mert ez a t\u00e9ma nem puszt\u00e1n technikai k\u00e9rd\u00e9s: a bels\u0151 vil\u00e1godhoz van k\u00f6ze.<\/p>\n<blockquote><p>\u201eA Facebook lehet felsz\u00ednes kirakat, de lehet fegyelmezett \u00f6nismereti gyakorlat is. A k\u00fcl\u00f6nbs\u00e9g az, hogy ki ir\u00e1ny\u00edt: te, vagy az algoritmus.\u201d \u2013 Dajka G\u00e1bor<\/p><\/blockquote>\n<h2>A napl\u00f3z\u00e1s jelent\u00e9se a digit\u00e1lis t\u00e9rben<\/h2>\n<p>Amikor posztolsz, nem csup\u00e1n inform\u00e1ci\u00f3t teszel k\u00f6zz\u00e9: az identit\u00e1sod egy szelet\u00e9t rendezed narrat\u00edv\u00e1ba. A klasszikus napl\u00f3z\u00e1s l\u00e9nyege a gondolatok rendez\u00e9se \u2013 az, hogy az \u00e9lm\u00e9nyekhez nyelvet rendelsz, \u00e9s ez\u00e1ltal struktur\u00e1lod a bels\u0151 vil\u00e1godat. A Facebook ugyanezt teszi, csak \u00e9pp gyorsabban, r\u00f6videbben \u00e9s k\u00f6z\u00f6ns\u00e9g el\u0151tt. A gyorsas\u00e1g el\u0151nye a spont\u00e1n megfigyel\u00e9s \u00e9s a k\u00f6nny\u0171 visszakereshet\u0151s\u00e9g; h\u00e1tr\u00e1nya a hi\u00e1nyz\u00f3 elm\u00e9ly\u00fcl\u00e9s \u00e9s az, hogy a publikuss\u00e1g sz\u0171ri, mit \u00e9s hogyan fogalmazol meg. A digit\u00e1lis id\u0151vonal \u2013 ha j\u00f3l haszn\u00e1lod \u2013 retrospekt\u00edv t\u00e9rk\u00e9p: l\u00e1thatod, mi foglalkoztatott tavaly ilyenkor, milyen mint\u00e1kat ism\u00e9telsz, \u00e9s hol l\u00e9pt\u00e9l el\u0151re. A kulcs a sz\u00e1nd\u00e9k. Ha \u00f6nigazol\u00e1s\u00e9rt posztolsz, az id\u0151vonal optikai csal\u00f3d\u00e1ss\u00e1 v\u00e1lik; ha \u00f6nreflexi\u00f3\u00e9rt, akkor tanul\u00e1si fel\u00fclett\u00e9. Dajka G\u00e1bor tapasztalata szerint a magyar felhaszn\u00e1l\u00f3k jelent\u0151s r\u00e9sze \u00e9ppen itt cs\u00faszik meg: \u00f6sszekeveri a szem\u00e9lyes feldolgoz\u00e1st a k\u00f6z\u00f6ns\u00e9gnek sz\u00e1nt teljes\u00edt\u00e9ssel. A megold\u00e1s nem az, hogy let\u00f6rl\u00f6d a profilod; hanem az, hogy vil\u00e1gos szab\u00e1lyokat adsz a saj\u00e1t online napl\u00f3z\u00e1sodnak \u2013 \u00e9s betartod \u0151ket akkor is, amikor \u00e9pp zaklatott vagy.<\/p>\n<h2>Mi t\u00f6rt\u00e9nik benned, amikor le\u00edrod \u00e9s k\u00f6zz\u00e9teszed?<\/h2>\n<p>A le\u00edr\u00e1s aktusa \u00f6nmag\u00e1ban regul\u00e1l\u00f3 folyamat: amikor szavakat keresel a z\u0171rzavarra, m\u00e1ris rendez\u0151dik valami a fejedben. Az \u201eexpressz\u00edv \u00edr\u00e1s\u201d kutat\u00e1sai r\u00e9g\u00f3ta jelzik, hogy a megfogalmaz\u00e1s cs\u00f6kkentheti a bels\u0151 fesz\u00fclts\u00e9get, jav\u00edthatja a koherencia\u00e9rz\u00e9st, \u00e9s el\u0151seg\u00edtheti a probl\u00e9m\u00e1k \u00fajrakeretez\u00e9s\u00e9t. A Facebook ezt a folyamatot felgyors\u00edtja, de k\u00f6zben \u00faj v\u00e1ltoz\u00f3kat is beemel: a l\u00e1that\u00f3s\u00e1got \u00e9s a reakci\u00f3kat. E k\u00e9t t\u00e9nyez\u0151 egyszerre hasznos \u00e9s kock\u00e1zatos. Hasznos, mert a m\u00e1s perspekt\u00edv\u00e1ib\u00f3l val\u00f3 visszajelz\u00e9s val\u00f3di korrekci\u00f3t hozhat: r\u00e1mutat torz\u00edt\u00e1sokra, vakfoltokra, \u00e9s b\u00e1tor\u00edt, amikor kell. Kock\u00e1zatos, mert a publikum jelenl\u00e9te \u00f6ncenz\u00far\u00e1t sz\u00fclhet, a reakci\u00f3k pedig a bels\u0151 motiv\u00e1ci\u00f3dr\u00f3l a k\u00fcls\u0151 meger\u0151s\u00edt\u00e9sre tolhatj\u00e1k a f\u00f3kuszt. Ha \u00e9rzelmileg felkavart \u00e1llapotban posztolsz, a publikum hatv\u00e1nyozza a kitetts\u00e9get: k\u00f6nnyen t\u00fal sokat mondasz, rossz id\u0151ben, rossz k\u00f6z\u00f6ns\u00e9gnek. Ez\u00e9rt dolgozunk k\u00e9s\u0151bb egy d\u00f6nt\u00e9si protokollt: el\u0151bb le\u00edrsz mindent priv\u00e1tban, azt\u00e1n \u2013 higgadt fejjel \u2013 eld\u00f6nt\u00f6d, mi val\u00f3 a nyilv\u00e1nos fel\u00fcletre. \u00cdgy a le\u00edr\u00e1s gy\u00f3gy\u00edt\u00f3 ereje megmarad, de a nyilv\u00e1noss\u00e1g \u00e1ra kezelhet\u0151 marad.<\/p>\n<h2>Visszajelz\u00e9sek, \u00f6sszehasonl\u00edt\u00e1sok, k\u00f6z\u00e9rzet<\/h2>\n<p>A k\u00f6z\u00f6ss\u00e9gi m\u00e9dia nagy \u00edg\u00e9rete a kapcsol\u00f3d\u00e1s. A rejtett \u00e1ra az \u00f6sszehasonl\u00edt\u00e1s. Ha a h\u00edrfolyamot passz\u00edvan fogyasztod, mik\u00f6zben a saj\u00e1t posztjaidat is a k\u00fcls\u0151 visszajelz\u00e9sek sz\u0171r\u0151j\u00e9n \u00e9rt\u00e9keled, a k\u00f6z\u00e9rzeted k\u00f6nnyen romlik. Ennek pszichol\u00f3gi\u00e1ja egyszer\u0171: a m\u00e1sok gondosan szerkesztett pillanataihoz m\u00e9red a saj\u00e1t val\u00f3s\u00e1godat. A \u201enyilv\u00e1nos napl\u00f3\u201d ekkor elvesz\u00edti \u00f6nreflex\u00edv funkci\u00f3j\u00e1t, \u00e9s visszacsatol\u00e1si hurokk\u00e1 v\u00e1lik, amelyben a l\u00e1jkok sz\u00e1ma hat\u00e1rozza meg, mennyire \u00e9rzed \u00e9rt\u00e9kesnek, amit le\u00edrt\u00e1l. Ezen a ponton kell visszavenni az ir\u00e1ny\u00edt\u00e1st. Dajka G\u00e1bor szerint a gyakorlat kulcsa az \u201eakt\u00edv, c\u00e9lzott haszn\u00e1lat\u201d: a h\u00edrfolyam idej\u00e9nek limit\u00e1l\u00e1sa, a saj\u00e1t posztok c\u00e9lj\u00e1nak tudatos\u00edt\u00e1sa (mit tanulok ebb\u0151l?), \u00e9s a visszajelz\u00e9sek ritu\u00e1l\u00e9ja (naponta egyszer \u00e1tfutni, nem \u00f3r\u00e1nk\u00e9nt). Ha \u00edgy teszel, a Facebook nem a hangulatod kapcsol\u00f3j\u00e1v\u00e1, hanem a tanul\u00e1si folyamatod egyik csatorn\u00e1j\u00e1v\u00e1 v\u00e1lik. A c\u00e9l nem az, hogy elz\u00e1rk\u00f3zz a visszajelz\u00e9st\u0151l, hanem az, hogy a visszajelz\u00e9st adatk\u00e9nt kezeld \u2013 \u00e9s ne \u00edt\u00e9letk\u00e9nt.<\/p>\n<h2>Hat\u00e1rok, mag\u00e1nszf\u00e9ra \u00e9s etika<\/h2>\n<p>A napl\u00f3 l\u00e9nyege a biztons\u00e1g. A Facebook l\u00e9nyege a megoszthat\u00f3s\u00e1g. A kett\u0151 k\u00f6z\u00f6tt csak akkor lesz eg\u00e9szs\u00e9ges h\u00edd, ha hat\u00e1rokat h\u00fazol. Els\u0151: tartalmi hat\u00e1r. Nem minden intim felismer\u00e9s val\u00f3 a nyilv\u00e1noss\u00e1g el\u00e9 \u2013 k\u00fcl\u00f6n\u00f6sen nem azonnal. M\u00e1sodik: id\u0151beli hat\u00e1r. \u00c9rzelmi cs\u00facson ne posztolj; aludj r\u00e1 egyet, \u00e9s m\u00e1snap higgadtan d\u00f6ntsd el, van-e hozz\u00e1adott \u00e9rt\u00e9ke a megoszt\u00e1snak. Harmadik: k\u00f6z\u00f6ns\u00e9ghat\u00e1r. Haszn\u00e1ld a l\u00e1that\u00f3s\u00e1gi be\u00e1ll\u00edt\u00e1sokat (sz\u0171k\u00edtett lista, z\u00e1rt csoport) \u00e9s k\u00e9rdezd meg magadt\u00f3l: kinek sz\u00f3l ez a bejegyz\u00e9s, \u00e9s milyen kock\u00e1zatokat hordoz? Negyedik: \u00e9rintettek hat\u00e1ra. M\u00e1sok t\u00f6rt\u00e9nete nem a te publik\u00e1ci\u00f3s jogod. Ha m\u00e1s szerepl\u0151 is felismerhet\u0151, neves\u00edts enged\u00e9llyel, vagy anonimiz\u00e1lj. Etikai minimum, hogy ne okozz k\u00e1rt. \u00d6t\u00f6dik: digit\u00e1lis l\u00e1bnyom. Ami egyszer kint van, az kint maradhat. A k\u00e9perny\u0151fot\u00f3 a modern \u201ekiv\u00e1g\u00e1s a napl\u00f3b\u00f3l\u201d: soha nem n\u00e1lad landol. E hat\u00e1rok kijel\u00f6l\u00e9se nem \u201eparanoia\u201d, hanem az \u00f6nv\u00e9delem \u00e9rett form\u00e1ja. Ellenkez\u0151 ir\u00e1nyban is igaz: t\u00falzott titkol\u00f3z\u00e1s mellett a nyilv\u00e1nos napl\u00f3 elvesz\u00edti \u00e9rtelm\u00e9t. Egyens\u00faly kell: annyi \u0151szintes\u00e9g, hogy tanulj magadr\u00f3l, \u00e9s annyi v\u00e9delem, hogy ne s\u00e9rtsd \u00f6nmagad \u00e9s m\u00e1sokat.<\/p>\n<h2>Akci\u00f3terv: tudatos Facebook\u2011napl\u00f3z\u00e1s 7 l\u00e9p\u00e9sben<\/h2>\n<p>Az al\u00e1bbi protokollt akkor is tartsd k\u00e9zn\u00e9l, ha ritk\u00e1n posztolsz. Struktur\u00e1l, temp\u00f3t ad, \u00e9s meg\u00f3v a leggyakoribb hib\u00e1kt\u00f3l.<\/p>\n<ul>\n<li><b>1. Sz\u00e1nd\u00e9k kijel\u00f6l\u00e9se:<\/b> egy mondatban fogalmazd meg, mi\u00e9rt \u00edrod ezt (pl. \u201etanuls\u00e1g r\u00f6gz\u00edt\u00e9se\u201d, \u201etapasztalat megoszt\u00e1sa\u201d, \u201ek\u00e9rd\u00e9s felvet\u00e9se\u201d).<\/li>\n<li><b>2. Priv\u00e1t v\u00e1zlat:<\/b> el\u0151sz\u00f6r z\u00e1rt jegyzetben \u00edrj ki mindent nyersen. Itt nincs k\u00f6z\u00f6ns\u00e9g, csak a gondolataid.<\/li>\n<li><b>3. Lehiggad\u00e1s:<\/b> tarts minimum 30 perc sz\u00fcnetet. Ha \u00e9rzelmileg tel\u00edtett a t\u00e9ma, 24 \u00f3ra.<\/li>\n<li><b>4. Etikai\/hat\u00e1r\u2011ellen\u0151rz\u0151 lista:<\/b> \u00e9rint-e m\u00e1sokat? Azonos\u00edthat\u00f3-e b\u00e1rki? S\u00e9r\u00fclhet-e valaki? Ha igen, m\u00f3dos\u00edts.<\/li>\n<li><b>5. C\u00e9lzott megoszt\u00e1s:<\/b> v\u00e1laszd ki a k\u00f6z\u00f6ns\u00e9get (bar\u00e1tok, sz\u0171k k\u00f6r, csoport). Ne automatikusan \u201enyilv\u00e1nos\u201d.<\/li>\n<li><b>6. Reakci\u00f3kezel\u00e9s:<\/b> a visszajelz\u00e9seket naponta max. egyszer n\u00e9zd meg; v\u00e1laszolj nyugodtan, ne azonnal.<\/li>\n<li><b>7. Lez\u00e1r\u00e1s \u00e9s tanuls\u00e1g:<\/b> 1\u20132 mondatban foglald \u00f6ssze, mit tanult\u00e1l \u2013 magadnak, ak\u00e1r kommentben is.<\/li>\n<\/ul>\n<h2>\u00d6sszehasonl\u00edt\u00e1s: klasszikus napl\u00f3 \u00e9s Facebook<\/h2>\n<p>A k\u00fcl\u00f6nbs\u00e9gek tudatos\u00edt\u00e1sa seg\u00edt abban, hogy mindkett\u0151t a saj\u00e1t er\u0151ss\u00e9gei szerint haszn\u00e1ld.<\/p>\n<table border=\"1\">\n<thead>\n<tr>\n<th>Szempont<\/th>\n<th>Hagyom\u00e1nyos napl\u00f3<\/th>\n<th>Facebook \/ k\u00f6z\u00f6ss\u00e9gi m\u00e9dia<\/th>\n<\/tr>\n<\/thead>\n<tbody>\n<tr>\n<td>Intimit\u00e1s<\/td>\n<td>Teljesen priv\u00e1t; biztons\u00e1gos t\u00e9r a nyers \u0151szintes\u00e9ghez.<\/td>\n<td>R\u00e9szben nyilv\u00e1nos; be\u00e1ll\u00edt\u00e1sokkal sz\u0171k\u00edthet\u0151, de mindig marad kock\u00e1zat.<\/td>\n<\/tr>\n<tr>\n<td>Visszajelz\u00e9s<\/td>\n<td>Nincs azonnali reakci\u00f3; m\u00e9ly elm\u00e9ly\u00fcl\u00e9st t\u00e1mogat.<\/td>\n<td>Azonnali reakci\u00f3k; tanul\u00e1st \u00e9s torz\u00edt\u00e1st is hozhatnak.<\/td>\n<\/tr>\n<tr>\n<td>Id\u0151kezel\u00e9s<\/td>\n<td>Lass\u00fa, reflekt\u00edv ritmus.<\/td>\n<td>Gyors, impulz\u00edv; fegyelmet ig\u00e9nyel.<\/td>\n<\/tr>\n<tr>\n<td>T\u00f6rt\u00e9netis\u00e9g<\/td>\n<td>Koherens, r\u00e9szletes narrat\u00edva.<\/td>\n<td>Kronologikus, k\u00f6nnyen visszakereshet\u0151, de t\u00f6redezett.<\/td>\n<\/tr>\n<tr>\n<td>Kock\u00e1zat<\/td>\n<td>Alacsony.<\/td>\n<td>K\u00f6zepes\u2013magas (l\u00e1that\u00f3s\u00e1g, f\u00e9lre\u00e9rt\u00e9s, k\u00e9perny\u0151fot\u00f3).<\/td>\n<\/tr>\n<\/tbody>\n<\/table>\n<h2>Tipikus csapd\u00e1k \u00e9s kiegyens\u00falyoz\u00f3 megold\u00e1sok<\/h2>\n<p>H\u00e1rom csapda ism\u00e9tl\u0151dik a leggyakrabban. <i>Els\u0151:<\/i> a \u201el\u00e1jk\u2011m\u00e9rgez\u00e9s\u201d. Ilyenkor a poszt \u00e9rt\u00e9k\u00e9t a reakci\u00f3k sz\u00e1ma hat\u00e1rozza meg. Ellenszer: el\u0151re r\u00f6gz\u00edtett c\u00e9l (mit tanulok ebb\u0151l?) \u00e9s visszajelz\u00e9s\u2011ritmus (naponta egy ellen\u0151rz\u00e9s). <i>M\u00e1sodik:<\/i> a \u201eforr\u00f3 poszt\u201d. Er\u0151s \u00e9rzelmi \u00e1llapotban \u00edrsz, \u00e9s azonnal k\u00f6zz\u00e9teszed. Ellenszer: k\u00f6telez\u0151 v\u00e1rakoz\u00e1si id\u0151 \u00e9s priv\u00e1t v\u00e1zlat. <i>Harmadik:<\/i> a \u201em\u00e1s t\u00f6rt\u00e9nete\u201d. M\u00e1sok \u00e9lm\u00e9ny\u00e9t mes\u00e9led el enged\u00e9ly n\u00e9lk\u00fcl, j\u00f3 sz\u00e1nd\u00e9kkal is. Ellenszer: anonimiz\u00e1l\u00e1s, enged\u00e9lyk\u00e9r\u00e9s, vagy a t\u00e9ma \u00e1tkeretez\u00e9se saj\u00e1t tanuls\u00e1gokra. E h\u00e1rom csapda m\u00f6g\u00f6tt ugyanaz az ig\u00e9ny \u00e1ll: kapcsol\u00f3dni \u00e9s \u00e9rtelmet adni. Ezzel nincs baj. A vesz\u00e9ly az eszk\u00f6zkezel\u00e9sben rejlik. Ha a posztol\u00e1st nem tekinted \u00f6nreflexi\u00f3s gyakorlatnak, az algoritmus \u00e1tveszi az ir\u00e1ny\u00edt\u00e1st. Ha gyakorlatt\u00e1 emeled \u2013 szab\u00e1lyokkal, ritmussal, hat\u00e1rokkal \u2013, akkor a Facebook nem gyeng\u00edt, hanem edz: \u00edr\u00e1sban, \u00f6nazonoss\u00e1gban \u00e9s m\u00e9lt\u00e1nyos vit\u00e1ban.<\/p>\n<h2>Online\u2013offline h\u00edd: \u00edgy eg\u00e9sz\u00edtsd ki egym\u00e1st<\/h2>\n<p>A leghat\u00e9konyabb rendszer hibrid. <b>Els\u0151 pill\u00e9r:<\/b> priv\u00e1t napl\u00f3 (digit\u00e1lis vagy pap\u00edr), amely a m\u00e9ly feldolgoz\u00e1s terepe. Itt nincsen k\u00f6z\u00f6ns\u00e9g, t\u00e9t, kompromisszum. Ide ker\u00fcl minden, ami nyers, neh\u00e9z, \u00e1tmenetileg rendezetlen. <b>M\u00e1sodik pill\u00e9r:<\/b> nyilv\u00e1nos fel\u00fclet (Facebook\/Instagram\/csoport), amelyen megosztod a m\u00e1r meg\u00e9rlelt, tanuls\u00e1gg\u00e1 form\u00e1lt gondolatokat. Itt a c\u00e9l a p\u00e1rbesz\u00e9d, a h\u00e1l\u00f3zati tanul\u00e1s, az inspir\u00e1ci\u00f3. <b>Harmadik pill\u00e9r:<\/b> sz\u0171k, bizalmi k\u00f6zeg (messenger\u2011sz\u00e1l, z\u00e1rt csoport, mesterelme\u2011k\u00f6r), ahol c\u00e9lzott visszajelz\u00e9st k\u00e9rsz, \u00e9s nem kitetts\u00e9get. E h\u00e1rom szint szerepe k\u00fcl\u00f6nb\u00f6z\u0151, \u00e9s \u00e9pp ez\u00e9rt nem helyettes\u00edtik, hanem er\u0151s\u00edtik egym\u00e1st. A hibrid rendszer egyik mell\u00e9khat\u00e1sa, hogy cs\u00f6kken a \u201eposztb\u00e1nat\u201d: ritk\u00e1bban \u00e9rzed azt, hogy \u201ek\u00e1r volt kiraknom\u201d. A m\u00e1sik mell\u00e9khat\u00e1s, hogy n\u0151 az \u00f6nazonoss\u00e1g: a nyilv\u00e1nos fel\u00fcleten nem a pillanat \u00e9rzelmeit, hanem az \u00e1tgondolt tanuls\u00e1gaidat k\u00e9pviseled. Ez m\u00e1r nem kirakat; ez hiteless\u00e9g.<\/p>\n<h2>D\u00f6nt\u00e9si protokoll \u00e9rz\u00e9keny t\u00e9m\u00e1kra<\/h2>\n<p>Ha k\u00e9nyes, \u00e9rzelmileg terhelt, vagy m\u00e1sokat is \u00e9rint\u0151 t\u00e9m\u00e1t fogalmazol, alkalmazd a k\u00f6vetkez\u0151 r\u00f6vid protokollt.<\/p>\n<ol>\n<li><b>\u00cdrj mindent ki priv\u00e1tban.<\/b> Ne fogd vissza magad \u2013 itt a \u201enyersanyag\u201d k\u00e9sz\u00fcl.<\/li>\n<li><b>Parkoltasd a sz\u00f6veget 24 \u00f3r\u00e1t.<\/b> Az \u00e9rzelem lecseng, a tartalom tisztul.<\/li>\n<li><b>K\u00e9sz\u00edts k\u00e9t verzi\u00f3t.<\/b> A\u2011verzi\u00f3: nyilv\u00e1nos poszt; B\u2011verzi\u00f3: sz\u0171k k\u00f6r\/semmi. V\u00e1lassz tudatosan.<\/li>\n<li><b>V\u00e9gezz kock\u00e1zat\u2011sz\u0171r\u00e9st.<\/b> Mit vesz\u00edthetsz ezzel a poszttal? Mi a legrosszabb kimenet?<\/li>\n<li><b>Deleg\u00e1ld a vit\u00e1t j\u00f3 t\u00e9rbe.<\/b> Ha v\u00e1rhat\u00f3 vit\u00e1s komment\u00e1radat, tereld z\u00e1rt besz\u00e9lget\u00e9sbe.<\/li>\n<li><b>Z\u00e1rj tanuls\u00e1ggal.<\/b> Egy mondat: \u201eAmi ebb\u0151l nekem fontos: \u2026\u201d \u2013 ez keretez \u00e9s v\u00e9d.<\/li>\n<\/ol>\n<h2>Dajka G\u00e1bor business coach szerint<\/h2>\n<p>Nem a technol\u00f3gia d\u00f6nt a j\u00f3ll\u00e9tedr\u0151l, hanem a szok\u00e1said. A Facebook lehet a figyelmed rabl\u00f3ja, vagy lehet a gondolataid tornaterme. Az \u00e1tmenet \u00fatja a fegyelem: el\u0151bb \u00edrsz, azt\u00e1n higgadsz, \u00e9s csak a v\u00e9g\u00e9n d\u00f6ntesz a nyilv\u00e1noss\u00e1gr\u00f3l. Aki ma a saj\u00e1t t\u00f6rt\u00e9net\u00e9t \u00edrni \u00e9s alak\u00edtani akarja, annak meg kell tanulnia k\u00fcl\u00f6nbs\u00e9get tenni a felszabad\u00edt\u00f3 \u00f6nkifejez\u00e9s \u00e9s a kock\u00e1zatos kit\u00e1rulkoz\u00e1s k\u00f6z\u00f6tt. Az els\u0151 \u00e9p\u00edt, a m\u00e1sodik sebez. A k\u00f6z\u00f6ss\u00e9gi m\u00e9dia nem az ellens\u00e9ged, ha nem adod oda neki az ir\u00e1ny\u00edt\u00e1st. \u00c9n azt vallom: a digit\u00e1lis napl\u00f3 akkor szolg\u00e1l, ha minden posztra jut egy bels\u0151 k\u00e9rd\u00e9sed \u2013 \u201emit tanultam ebb\u0151l?\u201d \u2013 \u00e9s minden bels\u0151 k\u00e9rd\u00e9sre jut egy k\u00fcls\u0151 hat\u00e1r \u2013 \u201ekinek val\u00f3 ez?\u201d. E kett\u0151 egy\u00fctt nemcsak meg\u00f3v, hanem el\u0151re is visz. A c\u00e9l nem a t\u00f6k\u00e9letess\u00e9g; a c\u00e9l a tudatoss\u00e1g. \u00c9s ez el\u00e9rhet\u0151.<\/p>\n<h2>Szak\u00e9rt\u0151 v\u00e1laszol \u2013 GYIK<\/h2>\n<h3>\u00c9rdemes\u2011e \u201eminden nap posztolni\u201d, ha \u00f6nreflexi\u00f3b\u00f3l napl\u00f3zok a Facebookon?<\/h3>\n<p>Az \u00f6nreflexi\u00f3 nem mennyis\u00e9gi sport. Ha a napi posztk\u00e9nyszer fesz\u00fclts\u00e9get kelt, ellenkez\u0151 hat\u00e1st \u00e9r el. Jobb ritk\u00e1bban, de \u00e1tgondoltan \u00edrni, \u00e9s k\u00f6zben priv\u00e1tban fenntartani a r\u00e9szletes napl\u00f3t. A nyilv\u00e1nos fel\u00fclet a tanuls\u00e1gok szelekt\u00e1lt kirakata legyen, ne a gondolatfolyam teljes m\u00e1solata.<\/p>\n<h3>Mi a helyzet a magyar munkaer\u0151piaccal: n\u00e9zik\u2011e a HR\u2011esek a k\u00f6z\u00f6ss\u00e9gi fel\u00fcleteimet?<\/h3>\n<p>A gyakorlatban sok c\u00e9g \u00e1tfutja a jel\u00f6ltek nyilv\u00e1nos profilj\u00e1t. Ez nem hivatalos \u201esz\u0171r\u00e9s\u201d, ink\u00e1bb benyom\u00e1s. Emiatt \u00e9rdemes vil\u00e1gos hat\u00e1rokat tartani: a priv\u00e1t tartalom maradjon sz\u0171k k\u00f6rben, a nyilv\u00e1nos fel\u00fcleten pedig v\u00e1llalhat\u00f3, k\u00f6vetkezetes narrat\u00edva jelenjen meg. Ha k\u00e9nyes t\u00e9ma ker\u00fcl el\u0151, dolgozz a \u201emit tanultam bel\u0151le\u201d kerettel.<\/p>\n<h3>Seg\u00edt\u2011e a k\u00f6z\u00f6ss\u00e9gi visszajelz\u00e9s a lelki folyamatokban, vagy ink\u00e1bb \u00e1rt?<\/h3>\n<p>Mindkett\u0151 lehets\u00e9ges. A j\u00f3l keretezett, konkr\u00e9t k\u00e9rd\u00e9sekre k\u00e9rt visszajelz\u00e9s \u00e9p\u00edthet. A kontroll\u00e1latlan, mennyis\u00e9gi reakci\u00f3hajh\u00e1sz\u00e1s viszont rontja a k\u00f6z\u00e9rzetet. A megold\u00e1s az akt\u00edv, c\u00e9lzott haszn\u00e1lat: pontos k\u00e9rd\u00e9s, korl\u00e1tozott id\u0151 a reakci\u00f3kra, \u00e9s a visszajelz\u00e9sek sz\u0171r\u00e9se (kikre hallgatsz, kikre nem).<\/p>\n<h3>Hogyan kezeljem, ha egy posztom \u201erosszul s\u00fcl el\u201d \u00e9s megb\u00e1nom?<\/h3>\n<p>T\u00f6r\u00f6lheted vagy m\u00f3dos\u00edthatod, de a l\u00e9nyeg a tanuls\u00e1g. \u00cdrj priv\u00e1tban egy z\u00e1r\u00f3 jegyzetet: mit \u00e9rezt\u00e9l, mi v\u00e1ltotta ki, mit csin\u00e1lsz legk\u00f6zelebb m\u00e1sk\u00e9pp. Ha m\u00e1sokat is \u00e9rintett, k\u00e9rj bocs\u00e1natot c\u00e9lzottan. \u00c1ll\u00edts be saj\u00e1t protokollt (v\u00e1rakoz\u00e1si id\u0151, sz\u0171k k\u00f6z\u00f6ns\u00e9g), hogy cs\u00f6kkenjen a hasonl\u00f3 esetek es\u00e9lye.<\/p>\n<h3>K\u00f6z\u00f6s csal\u00e1di t\u00f6rt\u00e9netekr\u0151l \u00edrhatok\u2011e, ha az \u00e9rintettek nem akt\u00edvak a Facebookon?<\/h3>\n<p>A tisztelet itt is ir\u00e1nyt\u0171. Ha felismerhet\u0151k, k\u00e9rj enged\u00e9lyt, vagy anonimiz\u00e1lj. A t\u00f6rt\u00e9net lehet a ti\u00e9d, de a szerepl\u0151k mag\u00e1n\u00e9lete nem a te jogosults\u00e1god. A hossz\u00fa t\u00e1v\u00fa kapcsolat fontosabb, mint egy j\u00f3l siker\u00fclt poszt.<\/p>\n<h2>Aj\u00e1nlott magyar vide\u00f3k\/podcastok<\/h2>\n<p>Egy ad\u00e1s, amely k\u00f6z\u00e9rthet\u0151en besz\u00e9l a k\u00f6z\u00f6ss\u00e9gi m\u00e9dia lelki hat\u00e1sair\u00f3l:<\/p>\n<p><iframe title=\"K\u00f6sz, j\u00f3l: A gyerek az\u00e9rt eszik sokat, mert szereti az \u00edzeket, vagy hogy lek\u00fczdje a szorong\u00e1s\u00e1t?\" width=\"640\" height=\"360\" data-src=\"https:\/\/www.youtube.com\/embed\/mwh3DAsSC6w?feature=oembed\" frameborder=\"0\" allow=\"accelerometer; autoplay; clipboard-write; encrypted-media; gyroscope; picture-in-picture; web-share\" referrerpolicy=\"strict-origin-when-cross-origin\" allowfullscreen src=\"data:image\/svg+xml;base64,PHN2ZyB3aWR0aD0iMSIgaGVpZ2h0PSIxIiB4bWxucz0iaHR0cDovL3d3dy53My5vcmcvMjAwMC9zdmciPjwvc3ZnPg==\" class=\"lazyload\" data-load-mode=\"1\"><\/iframe><\/p>\n<h2>Forr\u00e1sok<\/h2>\n<ul>\n<li><a href=\"https:\/\/journals.plos.org\/plosone\/article?id=10.1371\/journal.pone.0069841\">Kross, E. et al. (2013). Facebook Use Predicts Declines in Subjective Well-Being in Young Adults. PLOS ONE.<\/a><\/li>\n<li><a href=\"https:\/\/journals.sagepub.com\/doi\/full\/10.1177\/09637214211053637\">Verduyn, P. &amp; colleagues (2022). Do Social Networking Sites Influence Well-Being? The Role of Active and Passive Use. Current Directions in Psychological Science.<\/a><\/li>\n<li><a href=\"https:\/\/www.cambridge.org\/core\/journals\/the-cognitive-behaviour-therapist\/article\/emotional-and-physical-health-benefits-of-expressive-writing\/57A2F004BFD3E6E8D08C95AC894BF841\">Baikie, K. A., &amp; Wilhelm, K. (2005). Emotional and physical health benefits of expressive writing. Cambridge University Press.<\/a><\/li>\n<\/ul>\n","protected":false},"excerpt":{"rendered":"<p>A k\u00f6z\u00f6ss\u00e9gi m\u00e9dia egyszerre napl\u00f3 \u00e9s kirakat. A kett\u0151ss\u00e9g ereje abban rejlik, hogy mik\u00f6zben ki\u00edrhatod magadb\u00f3l a gondolataidat, azonnali k\u00f6z\u00f6ns\u00e9get is kapsz hozz\u00e1. A k\u00e9rd\u00e9s nem az, hogy ez \u201ej\u00f3\u201d vagy \u201erossz\u201d \u2013 hanem az, hogyan haszn\u00e1lod. A hagyom\u00e1nyos napl\u00f3intimit\u00e1s \u00e9s a Facebook nyilv\u00e1noss\u00e1ga k\u00f6z\u00f6tt h\u00faz\u00f3d\u00f3 hat\u00e1rvonal ma minden kor\u00e1bbin\u00e1l fontosabb. Ha tudatosan l\u00e9psz, a&#8230;<\/p>\n","protected":false},"author":1,"featured_media":46,"comment_status":"closed","ping_status":"open","sticky":false,"template":"","format":"standard","meta":{"footnotes":""},"categories":[3],"tags":[],"class_list":["post-45","post","type-post","status-publish","format-standard","has-post-thumbnail","hentry","category-coaching-es-pszichologia-egerben"],"yoast_head":"<!-- This site is optimized with the Yoast SEO plugin v27.5 - https:\/\/yoast.com\/product\/yoast-seo-wordpress\/ -->\n<title>A Facebook, modern napl\u00f3 - \u00cdgy seg\u00edti a szem\u00e9lyis\u00e9gfejl\u0151d\u00e9st<\/title>\n<meta name=\"description\" content=\"A tudatos \u00e9s m\u00e9rt\u00e9kletes Facebook haszn\u00e1lat hasznos eszk\u00f6ze lehet az \u00f6nreflexi\u00f3nak \u00e9s a szem\u00e9lyis\u00e9gfejl\u0151d\u00e9snek.\" \/>\n<meta name=\"robots\" content=\"index, follow, max-snippet:-1, max-image-preview:large, max-video-preview:-1\" \/>\n<link rel=\"canonical\" href=\"https:\/\/egercoach.hu\/blog\/a-facebook-mint-modern-naplo-hogyan-segitheti-az-onreflexiot-es-szemelyisegfejlodest-a-posztolas\/\" \/>\n<meta property=\"og:locale\" content=\"hu_HU\" \/>\n<meta property=\"og:type\" content=\"article\" \/>\n<meta property=\"og:title\" content=\"A Facebook, modern napl\u00f3 - \u00cdgy seg\u00edti a szem\u00e9lyis\u00e9gfejl\u0151d\u00e9st\" \/>\n<meta property=\"og:description\" content=\"A tudatos \u00e9s m\u00e9rt\u00e9kletes Facebook haszn\u00e1lat hasznos eszk\u00f6ze lehet az \u00f6nreflexi\u00f3nak \u00e9s a szem\u00e9lyis\u00e9gfejl\u0151d\u00e9snek.\" \/>\n<meta property=\"og:url\" content=\"https:\/\/egercoach.hu\/blog\/a-facebook-mint-modern-naplo-hogyan-segitheti-az-onreflexiot-es-szemelyisegfejlodest-a-posztolas\/\" \/>\n<meta property=\"og:site_name\" content=\"Az Egri Coach Blogja\" \/>\n<meta property=\"article:publisher\" content=\"https:\/\/www.facebook.com\/eger.coach\" \/>\n<meta property=\"article:published_time\" content=\"2024-08-04T04:13:30+00:00\" \/>\n<meta property=\"article:modified_time\" content=\"2025-10-11T10:02:59+00:00\" \/>\n<meta property=\"og:image\" content=\"https:\/\/egercoach.hu\/blog\/wp-content\/uploads\/2024\/08\/new-blog-post-.jpg\" \/>\n\t<meta property=\"og:image:width\" content=\"1500\" \/>\n\t<meta property=\"og:image:height\" content=\"1001\" \/>\n\t<meta property=\"og:image:type\" content=\"image\/jpeg\" \/>\n<meta name=\"author\" content=\"Dajka G\u00e1bor\" \/>\n<meta name=\"twitter:card\" content=\"summary_large_image\" \/>\n<meta name=\"twitter:label1\" content=\"Szerz\u0151:\" \/>\n\t<meta name=\"twitter:data1\" content=\"Dajka G\u00e1bor\" \/>\n\t<meta name=\"twitter:label2\" content=\"Becs\u00fclt olvas\u00e1si id\u0151\" \/>\n\t<meta name=\"twitter:data2\" content=\"10 perc\" \/>\n<script type=\"application\/ld+json\" class=\"yoast-schema-graph\">{\"@context\":\"https:\\\/\\\/schema.org\",\"@graph\":[{\"@type\":\"Article\",\"@id\":\"https:\\\/\\\/egercoach.hu\\\/blog\\\/a-facebook-mint-modern-naplo-hogyan-segitheti-az-onreflexiot-es-szemelyisegfejlodest-a-posztolas\\\/#article\",\"isPartOf\":{\"@id\":\"https:\\\/\\\/egercoach.hu\\\/blog\\\/a-facebook-mint-modern-naplo-hogyan-segitheti-az-onreflexiot-es-szemelyisegfejlodest-a-posztolas\\\/\"},\"author\":{\"name\":\"Dajka G\u00e1bor\",\"@id\":\"https:\\\/\\\/egercoach.hu\\\/blog\\\/#\\\/schema\\\/person\\\/afc73367aa314ca33a9c8d3b88dce6e7\"},\"headline\":\"A Facebook mint modern napl\u00f3: \u00f6nreflexi\u00f3 \u00e9s fejl\u0151d\u00e9s\",\"datePublished\":\"2024-08-04T04:13:30+00:00\",\"dateModified\":\"2025-10-11T10:02:59+00:00\",\"mainEntityOfPage\":{\"@id\":\"https:\\\/\\\/egercoach.hu\\\/blog\\\/a-facebook-mint-modern-naplo-hogyan-segitheti-az-onreflexiot-es-szemelyisegfejlodest-a-posztolas\\\/\"},\"wordCount\":2798,\"publisher\":{\"@id\":\"https:\\\/\\\/egercoach.hu\\\/blog\\\/#organization\"},\"image\":{\"@id\":\"https:\\\/\\\/egercoach.hu\\\/blog\\\/a-facebook-mint-modern-naplo-hogyan-segitheti-az-onreflexiot-es-szemelyisegfejlodest-a-posztolas\\\/#primaryimage\"},\"thumbnailUrl\":\"https:\\\/\\\/egercoach.hu\\\/blog\\\/wp-content\\\/uploads\\\/2024\\\/08\\\/new-blog-post-.jpg\",\"articleSection\":[\"Life coaching Egerben\"],\"inLanguage\":\"hu\"},{\"@type\":\"WebPage\",\"@id\":\"https:\\\/\\\/egercoach.hu\\\/blog\\\/a-facebook-mint-modern-naplo-hogyan-segitheti-az-onreflexiot-es-szemelyisegfejlodest-a-posztolas\\\/\",\"url\":\"https:\\\/\\\/egercoach.hu\\\/blog\\\/a-facebook-mint-modern-naplo-hogyan-segitheti-az-onreflexiot-es-szemelyisegfejlodest-a-posztolas\\\/\",\"name\":\"A Facebook, modern napl\u00f3 - \u00cdgy seg\u00edti a szem\u00e9lyis\u00e9gfejl\u0151d\u00e9st\",\"isPartOf\":{\"@id\":\"https:\\\/\\\/egercoach.hu\\\/blog\\\/#website\"},\"primaryImageOfPage\":{\"@id\":\"https:\\\/\\\/egercoach.hu\\\/blog\\\/a-facebook-mint-modern-naplo-hogyan-segitheti-az-onreflexiot-es-szemelyisegfejlodest-a-posztolas\\\/#primaryimage\"},\"image\":{\"@id\":\"https:\\\/\\\/egercoach.hu\\\/blog\\\/a-facebook-mint-modern-naplo-hogyan-segitheti-az-onreflexiot-es-szemelyisegfejlodest-a-posztolas\\\/#primaryimage\"},\"thumbnailUrl\":\"https:\\\/\\\/egercoach.hu\\\/blog\\\/wp-content\\\/uploads\\\/2024\\\/08\\\/new-blog-post-.jpg\",\"datePublished\":\"2024-08-04T04:13:30+00:00\",\"dateModified\":\"2025-10-11T10:02:59+00:00\",\"description\":\"A tudatos \u00e9s m\u00e9rt\u00e9kletes Facebook haszn\u00e1lat hasznos eszk\u00f6ze lehet az \u00f6nreflexi\u00f3nak \u00e9s a szem\u00e9lyis\u00e9gfejl\u0151d\u00e9snek.\",\"breadcrumb\":{\"@id\":\"https:\\\/\\\/egercoach.hu\\\/blog\\\/a-facebook-mint-modern-naplo-hogyan-segitheti-az-onreflexiot-es-szemelyisegfejlodest-a-posztolas\\\/#breadcrumb\"},\"inLanguage\":\"hu\",\"potentialAction\":[{\"@type\":\"ReadAction\",\"target\":[\"https:\\\/\\\/egercoach.hu\\\/blog\\\/a-facebook-mint-modern-naplo-hogyan-segitheti-az-onreflexiot-es-szemelyisegfejlodest-a-posztolas\\\/\"]}]},{\"@type\":\"ImageObject\",\"inLanguage\":\"hu\",\"@id\":\"https:\\\/\\\/egercoach.hu\\\/blog\\\/a-facebook-mint-modern-naplo-hogyan-segitheti-az-onreflexiot-es-szemelyisegfejlodest-a-posztolas\\\/#primaryimage\",\"url\":\"https:\\\/\\\/egercoach.hu\\\/blog\\\/wp-content\\\/uploads\\\/2024\\\/08\\\/new-blog-post-.jpg\",\"contentUrl\":\"https:\\\/\\\/egercoach.hu\\\/blog\\\/wp-content\\\/uploads\\\/2024\\\/08\\\/new-blog-post-.jpg\",\"width\":1500,\"height\":1001,\"caption\":\"New blog post.\"},{\"@type\":\"BreadcrumbList\",\"@id\":\"https:\\\/\\\/egercoach.hu\\\/blog\\\/a-facebook-mint-modern-naplo-hogyan-segitheti-az-onreflexiot-es-szemelyisegfejlodest-a-posztolas\\\/#breadcrumb\",\"itemListElement\":[{\"@type\":\"ListItem\",\"position\":1,\"name\":\"Kezd\u0151lap\",\"item\":\"https:\\\/\\\/egercoach.hu\\\/blog\\\/\"},{\"@type\":\"ListItem\",\"position\":2,\"name\":\"A Facebook mint modern napl\u00f3: \u00f6nreflexi\u00f3 \u00e9s fejl\u0151d\u00e9s\"}]},{\"@type\":\"WebSite\",\"@id\":\"https:\\\/\\\/egercoach.hu\\\/blog\\\/#website\",\"url\":\"https:\\\/\\\/egercoach.hu\\\/blog\\\/\",\"name\":\"Eger Coach Blog\",\"description\":\"\",\"publisher\":{\"@id\":\"https:\\\/\\\/egercoach.hu\\\/blog\\\/#organization\"},\"potentialAction\":[{\"@type\":\"SearchAction\",\"target\":{\"@type\":\"EntryPoint\",\"urlTemplate\":\"https:\\\/\\\/egercoach.hu\\\/blog\\\/?s={search_term_string}\"},\"query-input\":{\"@type\":\"PropertyValueSpecification\",\"valueRequired\":true,\"valueName\":\"search_term_string\"}}],\"inLanguage\":\"hu\"},{\"@type\":\"Organization\",\"@id\":\"https:\\\/\\\/egercoach.hu\\\/blog\\\/#organization\",\"name\":\"Eger Coach Blog\",\"url\":\"https:\\\/\\\/egercoach.hu\\\/blog\\\/\",\"logo\":{\"@type\":\"ImageObject\",\"inLanguage\":\"hu\",\"@id\":\"https:\\\/\\\/egercoach.hu\\\/blog\\\/#\\\/schema\\\/logo\\\/image\\\/\",\"url\":\"https:\\\/\\\/egercoach.hu\\\/blog\\\/wp-content\\\/uploads\\\/2025\\\/05\\\/cropped-Eger.png\",\"contentUrl\":\"https:\\\/\\\/egercoach.hu\\\/blog\\\/wp-content\\\/uploads\\\/2025\\\/05\\\/cropped-Eger.png\",\"width\":500,\"height\":169,\"caption\":\"Eger Coach Blog\"},\"image\":{\"@id\":\"https:\\\/\\\/egercoach.hu\\\/blog\\\/#\\\/schema\\\/logo\\\/image\\\/\"},\"sameAs\":[\"https:\\\/\\\/www.facebook.com\\\/eger.coach\"]},{\"@type\":\"Person\",\"@id\":\"https:\\\/\\\/egercoach.hu\\\/blog\\\/#\\\/schema\\\/person\\\/afc73367aa314ca33a9c8d3b88dce6e7\",\"name\":\"Dajka G\u00e1bor\",\"image\":{\"@type\":\"ImageObject\",\"inLanguage\":\"hu\",\"@id\":\"https:\\\/\\\/secure.gravatar.com\\\/avatar\\\/81566ea1e2b3466baa03e9bdcdaa835f58564d8be90057a45f3e61711dc8a063?s=96&d=mm&r=g\",\"url\":\"https:\\\/\\\/secure.gravatar.com\\\/avatar\\\/81566ea1e2b3466baa03e9bdcdaa835f58564d8be90057a45f3e61711dc8a063?s=96&d=mm&r=g\",\"contentUrl\":\"https:\\\/\\\/secure.gravatar.com\\\/avatar\\\/81566ea1e2b3466baa03e9bdcdaa835f58564d8be90057a45f3e61711dc8a063?s=96&d=mm&r=g\",\"caption\":\"Dajka G\u00e1bor\"},\"sameAs\":[\"https:\\\/\\\/egercoach.hu\\\/blog\"],\"url\":\"https:\\\/\\\/egercoach.hu\\\/blog\\\/author\\\/adminka\\\/\"}]}<\/script>\n<!-- \/ Yoast SEO plugin. -->","yoast_head_json":{"title":"A Facebook, modern napl\u00f3 - \u00cdgy seg\u00edti a szem\u00e9lyis\u00e9gfejl\u0151d\u00e9st","description":"A tudatos \u00e9s m\u00e9rt\u00e9kletes Facebook haszn\u00e1lat hasznos eszk\u00f6ze lehet az \u00f6nreflexi\u00f3nak \u00e9s a szem\u00e9lyis\u00e9gfejl\u0151d\u00e9snek.","robots":{"index":"index","follow":"follow","max-snippet":"max-snippet:-1","max-image-preview":"max-image-preview:large","max-video-preview":"max-video-preview:-1"},"canonical":"https:\/\/egercoach.hu\/blog\/a-facebook-mint-modern-naplo-hogyan-segitheti-az-onreflexiot-es-szemelyisegfejlodest-a-posztolas\/","og_locale":"hu_HU","og_type":"article","og_title":"A Facebook, modern napl\u00f3 - \u00cdgy seg\u00edti a szem\u00e9lyis\u00e9gfejl\u0151d\u00e9st","og_description":"A tudatos \u00e9s m\u00e9rt\u00e9kletes Facebook haszn\u00e1lat hasznos eszk\u00f6ze lehet az \u00f6nreflexi\u00f3nak \u00e9s a szem\u00e9lyis\u00e9gfejl\u0151d\u00e9snek.","og_url":"https:\/\/egercoach.hu\/blog\/a-facebook-mint-modern-naplo-hogyan-segitheti-az-onreflexiot-es-szemelyisegfejlodest-a-posztolas\/","og_site_name":"Az Egri Coach Blogja","article_publisher":"https:\/\/www.facebook.com\/eger.coach","article_published_time":"2024-08-04T04:13:30+00:00","article_modified_time":"2025-10-11T10:02:59+00:00","og_image":[{"width":1500,"height":1001,"url":"https:\/\/egercoach.hu\/blog\/wp-content\/uploads\/2024\/08\/new-blog-post-.jpg","type":"image\/jpeg"}],"author":"Dajka G\u00e1bor","twitter_card":"summary_large_image","twitter_misc":{"Szerz\u0151:":"Dajka G\u00e1bor","Becs\u00fclt olvas\u00e1si id\u0151":"10 perc"},"schema":{"@context":"https:\/\/schema.org","@graph":[{"@type":"Article","@id":"https:\/\/egercoach.hu\/blog\/a-facebook-mint-modern-naplo-hogyan-segitheti-az-onreflexiot-es-szemelyisegfejlodest-a-posztolas\/#article","isPartOf":{"@id":"https:\/\/egercoach.hu\/blog\/a-facebook-mint-modern-naplo-hogyan-segitheti-az-onreflexiot-es-szemelyisegfejlodest-a-posztolas\/"},"author":{"name":"Dajka G\u00e1bor","@id":"https:\/\/egercoach.hu\/blog\/#\/schema\/person\/afc73367aa314ca33a9c8d3b88dce6e7"},"headline":"A Facebook mint modern napl\u00f3: \u00f6nreflexi\u00f3 \u00e9s fejl\u0151d\u00e9s","datePublished":"2024-08-04T04:13:30+00:00","dateModified":"2025-10-11T10:02:59+00:00","mainEntityOfPage":{"@id":"https:\/\/egercoach.hu\/blog\/a-facebook-mint-modern-naplo-hogyan-segitheti-az-onreflexiot-es-szemelyisegfejlodest-a-posztolas\/"},"wordCount":2798,"publisher":{"@id":"https:\/\/egercoach.hu\/blog\/#organization"},"image":{"@id":"https:\/\/egercoach.hu\/blog\/a-facebook-mint-modern-naplo-hogyan-segitheti-az-onreflexiot-es-szemelyisegfejlodest-a-posztolas\/#primaryimage"},"thumbnailUrl":"https:\/\/egercoach.hu\/blog\/wp-content\/uploads\/2024\/08\/new-blog-post-.jpg","articleSection":["Life coaching Egerben"],"inLanguage":"hu"},{"@type":"WebPage","@id":"https:\/\/egercoach.hu\/blog\/a-facebook-mint-modern-naplo-hogyan-segitheti-az-onreflexiot-es-szemelyisegfejlodest-a-posztolas\/","url":"https:\/\/egercoach.hu\/blog\/a-facebook-mint-modern-naplo-hogyan-segitheti-az-onreflexiot-es-szemelyisegfejlodest-a-posztolas\/","name":"A Facebook, modern napl\u00f3 - \u00cdgy seg\u00edti a szem\u00e9lyis\u00e9gfejl\u0151d\u00e9st","isPartOf":{"@id":"https:\/\/egercoach.hu\/blog\/#website"},"primaryImageOfPage":{"@id":"https:\/\/egercoach.hu\/blog\/a-facebook-mint-modern-naplo-hogyan-segitheti-az-onreflexiot-es-szemelyisegfejlodest-a-posztolas\/#primaryimage"},"image":{"@id":"https:\/\/egercoach.hu\/blog\/a-facebook-mint-modern-naplo-hogyan-segitheti-az-onreflexiot-es-szemelyisegfejlodest-a-posztolas\/#primaryimage"},"thumbnailUrl":"https:\/\/egercoach.hu\/blog\/wp-content\/uploads\/2024\/08\/new-blog-post-.jpg","datePublished":"2024-08-04T04:13:30+00:00","dateModified":"2025-10-11T10:02:59+00:00","description":"A tudatos \u00e9s m\u00e9rt\u00e9kletes Facebook haszn\u00e1lat hasznos eszk\u00f6ze lehet az \u00f6nreflexi\u00f3nak \u00e9s a szem\u00e9lyis\u00e9gfejl\u0151d\u00e9snek.","breadcrumb":{"@id":"https:\/\/egercoach.hu\/blog\/a-facebook-mint-modern-naplo-hogyan-segitheti-az-onreflexiot-es-szemelyisegfejlodest-a-posztolas\/#breadcrumb"},"inLanguage":"hu","potentialAction":[{"@type":"ReadAction","target":["https:\/\/egercoach.hu\/blog\/a-facebook-mint-modern-naplo-hogyan-segitheti-az-onreflexiot-es-szemelyisegfejlodest-a-posztolas\/"]}]},{"@type":"ImageObject","inLanguage":"hu","@id":"https:\/\/egercoach.hu\/blog\/a-facebook-mint-modern-naplo-hogyan-segitheti-az-onreflexiot-es-szemelyisegfejlodest-a-posztolas\/#primaryimage","url":"https:\/\/egercoach.hu\/blog\/wp-content\/uploads\/2024\/08\/new-blog-post-.jpg","contentUrl":"https:\/\/egercoach.hu\/blog\/wp-content\/uploads\/2024\/08\/new-blog-post-.jpg","width":1500,"height":1001,"caption":"New blog post."},{"@type":"BreadcrumbList","@id":"https:\/\/egercoach.hu\/blog\/a-facebook-mint-modern-naplo-hogyan-segitheti-az-onreflexiot-es-szemelyisegfejlodest-a-posztolas\/#breadcrumb","itemListElement":[{"@type":"ListItem","position":1,"name":"Kezd\u0151lap","item":"https:\/\/egercoach.hu\/blog\/"},{"@type":"ListItem","position":2,"name":"A Facebook mint modern napl\u00f3: \u00f6nreflexi\u00f3 \u00e9s fejl\u0151d\u00e9s"}]},{"@type":"WebSite","@id":"https:\/\/egercoach.hu\/blog\/#website","url":"https:\/\/egercoach.hu\/blog\/","name":"Eger Coach Blog","description":"","publisher":{"@id":"https:\/\/egercoach.hu\/blog\/#organization"},"potentialAction":[{"@type":"SearchAction","target":{"@type":"EntryPoint","urlTemplate":"https:\/\/egercoach.hu\/blog\/?s={search_term_string}"},"query-input":{"@type":"PropertyValueSpecification","valueRequired":true,"valueName":"search_term_string"}}],"inLanguage":"hu"},{"@type":"Organization","@id":"https:\/\/egercoach.hu\/blog\/#organization","name":"Eger Coach Blog","url":"https:\/\/egercoach.hu\/blog\/","logo":{"@type":"ImageObject","inLanguage":"hu","@id":"https:\/\/egercoach.hu\/blog\/#\/schema\/logo\/image\/","url":"https:\/\/egercoach.hu\/blog\/wp-content\/uploads\/2025\/05\/cropped-Eger.png","contentUrl":"https:\/\/egercoach.hu\/blog\/wp-content\/uploads\/2025\/05\/cropped-Eger.png","width":500,"height":169,"caption":"Eger Coach Blog"},"image":{"@id":"https:\/\/egercoach.hu\/blog\/#\/schema\/logo\/image\/"},"sameAs":["https:\/\/www.facebook.com\/eger.coach"]},{"@type":"Person","@id":"https:\/\/egercoach.hu\/blog\/#\/schema\/person\/afc73367aa314ca33a9c8d3b88dce6e7","name":"Dajka G\u00e1bor","image":{"@type":"ImageObject","inLanguage":"hu","@id":"https:\/\/secure.gravatar.com\/avatar\/81566ea1e2b3466baa03e9bdcdaa835f58564d8be90057a45f3e61711dc8a063?s=96&d=mm&r=g","url":"https:\/\/secure.gravatar.com\/avatar\/81566ea1e2b3466baa03e9bdcdaa835f58564d8be90057a45f3e61711dc8a063?s=96&d=mm&r=g","contentUrl":"https:\/\/secure.gravatar.com\/avatar\/81566ea1e2b3466baa03e9bdcdaa835f58564d8be90057a45f3e61711dc8a063?s=96&d=mm&r=g","caption":"Dajka G\u00e1bor"},"sameAs":["https:\/\/egercoach.hu\/blog"],"url":"https:\/\/egercoach.hu\/blog\/author\/adminka\/"}]}},"_links":{"self":[{"href":"https:\/\/egercoach.hu\/blog\/wp-json\/wp\/v2\/posts\/45","targetHints":{"allow":["GET"]}}],"collection":[{"href":"https:\/\/egercoach.hu\/blog\/wp-json\/wp\/v2\/posts"}],"about":[{"href":"https:\/\/egercoach.hu\/blog\/wp-json\/wp\/v2\/types\/post"}],"author":[{"embeddable":true,"href":"https:\/\/egercoach.hu\/blog\/wp-json\/wp\/v2\/users\/1"}],"replies":[{"embeddable":true,"href":"https:\/\/egercoach.hu\/blog\/wp-json\/wp\/v2\/comments?post=45"}],"version-history":[{"count":0,"href":"https:\/\/egercoach.hu\/blog\/wp-json\/wp\/v2\/posts\/45\/revisions"}],"wp:featuredmedia":[{"embeddable":true,"href":"https:\/\/egercoach.hu\/blog\/wp-json\/wp\/v2\/media\/46"}],"wp:attachment":[{"href":"https:\/\/egercoach.hu\/blog\/wp-json\/wp\/v2\/media?parent=45"}],"wp:term":[{"taxonomy":"category","embeddable":true,"href":"https:\/\/egercoach.hu\/blog\/wp-json\/wp\/v2\/categories?post=45"},{"taxonomy":"post_tag","embeddable":true,"href":"https:\/\/egercoach.hu\/blog\/wp-json\/wp\/v2\/tags?post=45"}],"curies":[{"name":"wp","href":"https:\/\/api.w.org\/{rel}","templated":true}]}}