{"id":48,"date":"2024-08-04T06:16:05","date_gmt":"2024-08-04T04:16:05","guid":{"rendered":"https:\/\/egercoach.hu\/blog\/?p=48"},"modified":"2025-10-11T12:25:07","modified_gmt":"2025-10-11T10:25:07","slug":"pozitiv-pszichologia-a-facebookon-mikent-hasznalhatjuk-a-platformot-mentalis-jolletunk-novelesere-peldaul-a-hala-kifejezesere-vagy-a-pozitiv-elmenyek-megosztasara","status":"publish","type":"post","link":"https:\/\/egercoach.hu\/blog\/pozitiv-pszichologia-a-facebookon-mikent-hasznalhatjuk-a-platformot-mentalis-jolletunk-novelesere-peldaul-a-hala-kifejezesere-vagy-a-pozitiv-elmenyek-megosztasara\/","title":{"rendered":"Pozit\u00edv pszichol\u00f3gia a Facebookon: h\u00e1la, pozit\u00edv \u00e9lm\u00e9nyek"},"content":{"rendered":"<p>A k\u00f6z\u00f6ss\u00e9gi m\u00e9dia m\u00e1ra nemcsak h\u00edrek \u00e9s k\u00e9pek gyors cserehelye, hanem egy olyan t\u00e9r, ahol nap mint nap r\u00f6gz\u00edthetj\u00fck a saj\u00e1t t\u00f6rt\u00e9net\u00fcnket is. A Facebook ezen a t\u00e9ren k\u00fcl\u00f6n\u00f6s szerepet t\u00f6lt be: id\u0151vonalad val\u00f3j\u00e1ban egy kronologikus, digit\u00e1lis napl\u00f3. Ha tudatosan haszn\u00e1lod, a pozit\u00edv <a href=\"https:\/\/egercoach.hu\/blog\/mi-a-pszichologia-a-lelek-es-elme-tudomanyanak-atfogo-bemutatasa\/\">pszichol\u00f3gia<\/a> gyakorlataival \u00f6sszekapcsolva \u00e9szrevehet\u0151en jav\u00edthatja a k\u00f6z\u00e9rzeted, az \u00f6nismereted \u00e9s a kapcsolataid min\u0151s\u00e9g\u00e9t. A f\u00e9lrecs\u00fasz\u00e1s persze k\u00f6nny\u0171: \u00f6sszehasonl\u00edt\u00e1s, figyelem\u00e9hs\u00e9g, t\u00falzott id\u0151t\u00f6lt\u00e9s, felsz\u00ednes interakci\u00f3k. \u00c9ppen ez\u00e9rt c\u00e9lzott szeml\u00e9letet javaslok: ne csak fogyaszd, hanem form\u00e1ld is a saj\u00e1t k\u00f6zeged, \u00e9s alak\u00edtsd a Facebookot olyan helly\u00e9, ahol a h\u00e1la, az \u00f6r\u00f6m, a kapcsol\u00f3d\u00e1s \u00e9s a fejl\u0151d\u00e9s kap teret. \u00cdr\u00e1s k\u00f6zben megfogalmaz\u00f3dik, mit gondolsz; megoszt\u00e1skor megmutatod magad; a visszajelz\u00e9sekb\u0151l pedig tanulsz \u2013 mindezek egy\u00fctt val\u00f3di \u00f6nreflexi\u00f3s folyamatot ind\u00edthatnak el. A k\u00f6vetkez\u0151kben l\u00e9p\u00e9sr\u0151l l\u00e9p\u00e9sre v\u00e9gigvezetlek azon, mik\u00e9nt lehet a Facebook egy h\u00e9tk\u00f6znapi \u201edigit\u00e1lis napl\u00f3\u201d, amely a pozit\u00edv pszichol\u00f3gia eszk\u00f6zt\u00e1r\u00e1t felhaszn\u00e1lva t\u00e1mogatja a ment\u00e1lis j\u00f3ll\u00e9tedet \u2013 mik\u00f6zben nem t\u00e9veszti szem el\u0151l a kock\u00e1zatokat, az etikai hat\u00e1rokat \u00e9s a hazai k\u00f6zeg saj\u00e1toss\u00e1gait.<\/p>\n<h2>Pozit\u00edv pszichol\u00f3gia r\u00f6viden<\/h2>\n<p>A pozit\u00edv pszichol\u00f3gia a j\u00f3ll\u00e9t, az er\u0151ss\u00e9gek \u00e9s az optim\u00e1lisan m\u0171k\u00f6d\u0151 \u00e9let felt\u00e9teleinek tudom\u00e1nyos vizsg\u00e1lata. Nem r\u00f3zsasz\u00edn szem\u00fcveget k\u00edn\u00e1l, \u00e9s nem tagadja a neh\u00e9z \u00e9rzelmek l\u00e9tjogosults\u00e1g\u00e1t. A f\u00f3kusz azon van, ami \u00e9p\u00edt: a h\u00e1la, a rem\u00e9ny, a kapcsolatok min\u0151s\u00e9ge, a c\u00e9ltudatoss\u00e1g \u00e9s a mindennapi \u00f6r\u00f6m\u00f6k \u00e9szrev\u00e9tele. E szeml\u00e9letben az \u00e9rzelmeket nem \u201ej\u00f3\u201d \u00e9s \u201erossz\u201d c\u00edmk\u00e9kkel l\u00e1tjuk el: mindegyik jelz\u00e9s. A k\u00e9rd\u00e9s az, hogyan b\u00e1nunk vel\u00fck. A modern kutat\u00e1sok szerint a pozit\u00edv \u00e9rzelmek nemcsak pillanatnyi felhangolts\u00e1got adnak, hanem b\u0151v\u00edtik a gondolkod\u00e1st \u00e9s a cselekv\u00e9si reperto\u00e1rt, ami hosszabb t\u00e1von rugalmass\u00e1ghoz \u00e9s jobb megk\u00fczd\u00e9shez vezet. Ha ezt \u00e1t\u00fclteted a k\u00f6z\u00f6ss\u00e9gi terekre, a Facebook m\u00e1r nem puszt\u00e1n g\u00f6rgetnival\u00f3, hanem gyakorl\u00f3t\u00e9r: a h\u00e1l\u00e1t megfogalmazhatod, a sikert dokument\u00e1lhatod, a tanuls\u00e1gokat le\u00edrhatod, a kapcsolatokat \u00e1polhatod. A kulcs a c\u00e9lir\u00e1nyoss\u00e1g: tudnod kell, mi\u00e9rt posztolsz, kinek \u00e9s milyen hat\u00e1st szeretn\u00e9l el\u0151id\u00e9zni \u2013 magadban \u00e9s m\u00e1sokban.<\/p>\n<h2>A Facebook mint digit\u00e1lis napl\u00f3<\/h2>\n<p>Ha r\u00e1n\u00e9zel az id\u0151vonaladra, egy t\u00f6rt\u00e9netet l\u00e1tsz: d\u00f6nt\u00e9seket, fordul\u00f3pontokat, hangulatokat, kapcsol\u00f3d\u00e1sokat. Ez a \u201edigit\u00e1lis napl\u00f3\u201d elt\u00e9r a klasszikus, z\u00e1rt f\u00fczet intimit\u00e1s\u00e1t\u00f3l, mert nyilv\u00e1nosabb \u00e9s interakt\u00edv. El\u0151nye, hogy a bejegyz\u00e9sek visszakereshet\u0151k, \u00edgy k\u00e9pet adnak arr\u00f3l, hogyan v\u00e1ltozol. Az \u00edr\u00e1s aktusa \u00f6nmag\u00e1ban rendez: amikor mondatba foglalod a bels\u0151 t\u00f6rt\u00e9n\u00e9st, k\u00f6zelebb ker\u00fclsz a meg\u00e9rt\u00e9s\u00e9hez. A megoszt\u00e1s pedig visszajelz\u00e9st h\u00edv be \u2013 t\u00fck\u00f6rk\u00e9nt m\u0171k\u00f6dik. A vesz\u00e9lyek sem elhanyagolhat\u00f3k: ha a napl\u00f3z\u00e1st \u00f6sszekevered a folyamatos teljes\u00edtm\u00e9nnyel, k\u00f6nnyen a l\u00e1jkokt\u00f3l teszed f\u00fcgg\u0151v\u00e9 az \u00f6n\u00e9rt\u00e9kel\u00e9st; ha impulz\u00edvan posztolsz, k\u00e9s\u0151bb megb\u00e1nhatod; ha minden intim r\u00e9szletet k\u00f6zz\u00e9teszel, s\u00e9r\u00fclhet a hat\u00e1raid \u00e9rzete \u00e9s a kapcsolati bizalom. Ez\u00e9rt javaslom a \u201ekett\u0151s rendszer\u201d gyakorlat\u00e1t: tarts fenn egy priv\u00e1t, \u0151szinte napl\u00f3t a m\u00e9lyre men\u0151 feldolgoz\u00e1shoz, \u00e9s emellett haszn\u00e1lj Facebookot tudatos megoszt\u00e1sokra. A kett\u0151 egy\u00fctt ad stabilit\u00e1st: a priv\u00e1t t\u00e9rben szabadon rendezel, a k\u00f6z\u00f6ss\u00e9gi t\u00e9rben c\u00e9lzottan kapcsol\u00f3dsz \u00e9s tanulsz.<\/p>\n<h2>H\u00e1la \u00e9s meger\u0151s\u00edt\u0151 posztok<\/h2>\n<p>A h\u00e1la rendszeres gyakorl\u00e1sa az egyik legegyszer\u0171bb, m\u00e9gis leghat\u00e9konyabb m\u00f3dszer a j\u00f3ll\u00e9t n\u00f6vel\u00e9s\u00e9re. A Facebookon ezt k\u00e9tf\u00e9lek\u00e9ppen \u00e9rdemes csin\u00e1lni. Az els\u0151 a \u201eh\u00e1la-bejegyz\u00e9s\u201d: r\u00f6viden le\u00edrod, mi\u00e9rt k\u00f6sz\u00f6nsz meg valamit valakinek vagy az adott napb\u00f3l mit viszel magaddal. A m\u00e1sodik a c\u00e9lzott k\u00f6sz\u00f6net: n\u00e9vvel, helyzettel egy\u00fctt ismered el m\u00e1sok hozz\u00e1j\u00e1rul\u00e1s\u00e1t. Fontos, hogy az \u00fczenet \u0151szinte legyen, \u00e9s ne az elismer\u00e9s hajszol\u00e1sa vezessen. Ha rendszeresen megfogalmazod, mi m\u0171k\u00f6d\u00f6tt j\u00f3l, az nem takarja el a neh\u00e9zs\u00e9geket, de \u00e1thangolja a figyelmed f\u00f3kusz\u00e1t. A visszajelz\u00e9sek is hasznosak: sokszor meger\u0151s\u00edtik a kapcsolatot, \u00e9s olyan sz\u00e1lakat is l\u00e1that\u00f3v\u00e1 tesznek, amelyekr\u0151l megfeledkezt\u00e9l. Ha viszont azt l\u00e1tod, hogy a h\u00e1la-posztokb\u00f3l verseny lesz (\u201eki mennyire boldog\u201d), l\u00e9pj h\u00e1tra: tarts sz\u00fcnetet, \u00e9s folytasd ink\u00e1bb z\u00e1rt k\u00f6rben, priv\u00e1t napl\u00f3ban. A gyakorlat \u00e9rtelme a szem\u00e9lyes integr\u00e1ci\u00f3 \u00e9s a kapcsolati min\u0151s\u00e9g jav\u00edt\u00e1sa; ha ez s\u00e9r\u00fcl, a forma \u00fcress\u00e9 v\u00e1lik.<\/p>\n<h2>K\u00f6z\u00f6ss\u00e9gi t\u00e1mogat\u00e1s \u00e9s kapcsolat\u00e9p\u00edt\u00e9s<\/h2>\n<p>A Facebook egyik val\u00f3di ereje a csoportokban \u00e9s a k\u00f6z\u00f6ss\u00e9gekben rejlik. T\u00e9macsoportokban k\u00f6nny\u0171 tapasztalatot cser\u00e9lni, t\u00e1mogat\u00e1st k\u00e9rni \u00e9s adni. A pozit\u00edv pszichol\u00f3giai szeml\u00e9let itt is \u00e9rv\u00e9nyes: konstrukt\u00edv visszajelz\u00e9s, tiszteletteljes vita, egym\u00e1s eredm\u00e9nyeinek elismer\u00e9se. A t\u00e1rsas t\u00e1mogat\u00e1s nemcsak \u201ej\u00f3 \u00e9rz\u00e9s\u201d; v\u00e9d\u0151faktor kr\u00edzisek idej\u00e9n. Ha a h\u00edrfolyamod olyan emberekb\u0151l \u00e9s oldalakb\u00f3l \u00e1ll, akik \u00e9p\u00edtenek, a platform kev\u00e9sb\u00e9 lesz megterhel\u0151. Ugyanakkor az online kapcsol\u00f3d\u00e1s nem helyettes\u00edti a szem\u00e9lyes tal\u00e1lkoz\u00e1sokat. A c\u00e9l az, hogy a Facebook fenntartsa a folytonoss\u00e1got a tal\u00e1lkoz\u00e1sok k\u00f6z\u00f6tt, \u00e9s ne kiszor\u00edtsa \u0151ket. Ne ossz meg t\u00f6bbet ann\u00e1l, mint ami mellett nyugodtan \u00e1llsz, ha k\u00e9s\u0151bb is el\u0151ker\u00fcl. Tartsd tiszteletben m\u00e1sok hat\u00e1rait, \u00e9s k\u00e9rj enged\u00e9lyt, ha k\u00f6z\u00f6s t\u00f6rt\u00e9netet vagy k\u00e9pet tenn\u00e9l k\u00f6zz\u00e9. \u00cdgy a kapcsolataid a bizalmon \u00e9p\u00fclnek, nem a pillanatnyi figyelemre. A j\u00f3 gyakorlat felismerhet\u0151: kevesebb zaj, t\u00f6bb l\u00e9nyeg; kevesebb inger\u00fclts\u00e9g, t\u00f6bb k\u00edv\u00e1ncsis\u00e1g; kevesebb \u00f6sszehasonl\u00edt\u00e1s, t\u00f6bb \u00f6nazonoss\u00e1g.<\/p>\n<h2>\u00d6sszehasonl\u00edt\u00e1s: priv\u00e1t napl\u00f3 \u00e9s Facebook<\/h2>\n<table border=\"1\">\n<thead>\n<tr>\n<th>Szempont<\/th>\n<th>Priv\u00e1t napl\u00f3<\/th>\n<th>Facebook-bejegyz\u00e9s<\/th>\n<\/tr>\n<\/thead>\n<tbody>\n<tr>\n<td>Intimit\u00e1s<\/td>\n<td>Teljesen z\u00e1rt, kock\u00e1zatmentes \u00f6nkifejez\u00e9s<\/td>\n<td>R\u00e9szben nyilv\u00e1nos, megoszt\u00e1si be\u00e1ll\u00edt\u00e1sokt\u00f3l f\u00fcgg<\/td>\n<\/tr>\n<tr>\n<td>Visszajelz\u00e9s<\/td>\n<td>Nincs azonnali visszacsatol\u00e1s<\/td>\n<td>Azonnali kommentek, reakci\u00f3k \u2013 hasznosak lehetnek<\/td>\n<\/tr>\n<tr>\n<td>Reflexi\u00f3 m\u00e9lys\u00e9ge<\/td>\n<td>M\u00e9lyebb elemz\u00e9s, hosszabb sz\u00f6veg<\/td>\n<td>R\u00f6videbb, f\u00f3kusz\u00e1lt \u00fczenetek<\/td>\n<\/tr>\n<tr>\n<td>Tart\u00f3ss\u00e1g, nyom<\/td>\n<td>Fi\u00f3kban marad, te kezeled<\/td>\n<td>Digit\u00e1lis lenyomat, k\u00e9perny\u0151ment\u00e9sek kock\u00e1zata<\/td>\n<\/tr>\n<tr>\n<td>C\u00e9l<\/td>\n<td>\u00d6nfeldolgoz\u00e1s<\/td>\n<td><a href=\"https:\/\/egercoach.hu\/blog\/hogyan-irjunk-hatekony-onreflexiot-utmutato-az-onismeret-fejlesztesehez\/\">\u00d6nreflexi\u00f3<\/a> + kapcsol\u00f3d\u00e1s<\/td>\n<\/tr>\n<\/tbody>\n<\/table>\n<p>A k\u00e9t forma nem riv\u00e1lis: kieg\u00e9sz\u00edtik egym\u00e1st. A priv\u00e1t napl\u00f3 biztos\u00edtja a m\u00e9ly, \u0151szinte feldolgoz\u00e1st, ahol b\u00e1tran megfogalmazhatod a neh\u00e9z \u00e9rzelmeket, ambivalenci\u00e1kat, k\u00e9ts\u00e9geket. A Facebook ezzel szemben a k\u00f6z\u00f6ss\u00e9gi tanul\u00e1s tere: itt f\u00f3kusz\u00e1lt, felel\u0151s megoszt\u00e1sokat \u00e9rdemes k\u00f6zz\u00e9tenni, amelyek \u00e9p\u00edtik a saj\u00e1t \u00e9s m\u00e1sok j\u00f3ll\u00e9t\u00e9t. J\u00f3 gyakorlat, ha a m\u00e9lyebb meg\u00e9rt\u00e9s a f\u00fczetben sz\u00fcletik meg, a \u201ekivonat\u201d pedig a k\u00f6z\u00f6ss\u00e9gi t\u00e9rben kap helyet \u2013 sz\u00e1nd\u00e9kkal, m\u00e9rt\u00e9kkel, tisztelettel.<\/p>\n<h2>Tudatos haszn\u00e1lat \u00e9s kock\u00e1zatkezel\u00e9s<\/h2>\n<p>H\u00e1rom ter\u00fcletet \u00e9rdemes k\u00e9zben tartanod. Az els\u0151 az id\u0151keret. \u00c1ll\u00edts be napi plafont, \u00e9s tartsd. A c\u00e9l nem az, hogy \u201eleszokj a Facebookr\u00f3l\u201d, hanem hogy te ir\u00e1ny\u00edtsd, ne a h\u00edrfolyam t\u00e9ged. A m\u00e1sodik a tartalomdi\u00e9ta. K\u00f6vesd azokat, akik hozz\u00e1adnak: szakmai oldalak, inspir\u00e1l\u00f3 szem\u00e9lyek, t\u00e1mogat\u00f3 csoportok. Rejt\u00e9s, n\u00e9m\u00edt\u00e1s, leiratkoz\u00e1s: mind legitim eszk\u00f6z a ment\u00e1lis zaj cs\u00f6kkent\u00e9s\u00e9re. A harmadik a posztol\u00e1si higi\u00e9nia. K\u00e9rdezd meg magadt\u00f3l: mi\u00e9rt osztom meg ezt? Ki fogja l\u00e1tni? V\u00e1llalhat\u00f3 egy \u00e9v m\u00falva is? \u00c9r-e b\u00e1rmit hozz\u00e1 m\u00e1sok \u00e9let\u00e9hez? Ha a v\u00e1laszok tiszt\u00e1k, posztolj. Ha d\u00fch\u00f6s vagy, \u00edrj el\u0151bb a priv\u00e1t napl\u00f3dba, tarts 24 \u00f3r\u00e1s szab\u00e1lyt, \u00e9s csak k\u00e9s\u0151bb t\u00e9rj vissza a megoszt\u00e1shoz. A \u201et\u00f6bb reakci\u00f3 = t\u00f6bb \u00e9rt\u00e9k\u201d t\u00e9vhit: a k\u00f6z\u00f6ns\u00e9g sz\u00e1ma nem m\u00e9r\u0151sz\u00e1m a tartalom min\u0151s\u00e9g\u00e9re. A c\u00e9lzott, tiszteletteljes, val\u00f3di \u00e9rt\u00e9ket ad\u00f3 jelenl\u00e9t hossz\u00fa t\u00e1von stabilabb \u00f6nk\u00e9pet \u00e9s nyugodtabb online jelenl\u00e9tet ad.<\/p>\n<h2>Gyakorlati program: 14 napos, Facebook-kompatibilis mini-protokoll<\/h2>\n<p>Az al\u00e1bbi akci\u00f3terv c\u00e9lja, hogy kis l\u00e9p\u00e9sekben \u00e9p\u00fclj\u00f6n be a pozit\u00edv pszichol\u00f3gia a Facebook-haszn\u00e1latodba. Egyszerre csak egy pontot val\u00f3s\u00edts meg, naponta 10\u201315 percben.<\/p>\n<ul>\n<li>1. nap: Tiszt\u00edtsd a h\u00edrfolyamot. N\u00e9m\u00edtsd a zajos, inger\u00fclts\u00e9get kelt\u0151 forr\u00e1sokat.<\/li>\n<li>2. nap: \u00cdrj priv\u00e1t napl\u00f3ba 10 sort arr\u00f3l, mit tanult\u00e1l az elm\u00falt h\u00e9tr\u0151l.<\/li>\n<li>3. nap: Tegy\u00e9l k\u00f6zz\u00e9 egy r\u00f6vid h\u00e1la-bejegyz\u00e9st (konkr\u00e9t helyzet, konkr\u00e9t ember).<\/li>\n<li>4. nap: Csatlakozz egy t\u00e1mogat\u00f3, min\u0151s\u00e9gi csoporthoz a sz\u00e1modra fontos t\u00e9m\u00e1ban.<\/li>\n<li>5. nap: Kommentelj \u00e9rt\u00e9kn\u00f6vel\u0151 m\u00f3don: k\u00e9rdezz, pontos\u00edts, dics\u00e9rj konkr\u00e9tumot.<\/li>\n<li>6. nap: 24 \u00f3r\u00e1s szab\u00e1ly: minden indulatos posztot el\u0151bb priv\u00e1t napl\u00f3ba \u00edrj.<\/li>\n<li>7. nap: H\u00e9tz\u00e1r\u00e1s: \u00edrj h\u00e1rom r\u00f6vid tanuls\u00e1got a h\u00e9tb\u0151l \u00e9s tedd el priv\u00e1tban.<\/li>\n<li>8. nap: \u00c1ll\u00edts be napi id\u0151plafont a Facebookra (pl. 30\u201345 perc).<\/li>\n<li>9. nap: Ossz meg egy \u201eapr\u00f3 siker\u201d posztot \u00e9s \u00edrd le, miben volt tanuls\u00e1gos.<\/li>\n<li>10. nap: K\u00e9rj visszajelz\u00e9st egy konstrukt\u00edv k\u00e9rd\u00e9ssel egy sz\u00e1modra fontos t\u00e9m\u00e1ban.<\/li>\n<li>11. nap: Tarts \u201en\u00e9m\u00edtott \u00f3r\u00e1t\u201d: \u00e9rtes\u00edt\u00e9sek n\u00e9lk\u00fcl, teljesen offline 60 perc.<\/li>\n<li>12. nap: Aj\u00e1nlj tov\u00e1bb egy \u00e9rt\u00e9kes cikket vagy kezdem\u00e9nyez\u00e9st, r\u00f6vid saj\u00e1t gondolattal.<\/li>\n<li>13. nap: K\u00f6sz\u00f6nd meg valakinek priv\u00e1t \u00fczenetben a seg\u00edts\u00e9g\u00e9t.<\/li>\n<li>14. nap: Z\u00e1r\u00f3 bejegyz\u00e9s: h\u00e1rom dolog, ami\u00e9rt h\u00e1l\u00e1s vagy, \u00e9s egy k\u00f6vetkez\u0151 heti sz\u00e1nd\u00e9k.<\/li>\n<\/ul>\n<h2>Etikai \u00e9s szociol\u00f3giai n\u00e9z\u0151pont<\/h2>\n<p>A nyilv\u00e1nos \u00f6nkifejez\u00e9s mindig \u00e9rinti a hat\u00e1rok k\u00e9rd\u00e9s\u00e9t. Tiszteld a saj\u00e1t \u00e9s m\u00e1sok mag\u00e1nszf\u00e9r\u00e1j\u00e1t: ne ossz meg r\u00e9szleteket, amelyekben m\u00e1sok beazonos\u00edthat\u00f3k enged\u00e9ly n\u00e9lk\u00fcl. L\u00e9gy k\u00f6vetkezetes a be\u00e1ll\u00edt\u00e1sokkal: ki l\u00e1that, mit l\u00e1that, meddig l\u00e1that. A platformok algoritmusai a figyelmedre \u00e9p\u00edtenek, ez\u00e9rt torz\u00edthatj\u00e1k a val\u00f3s\u00e1g\u00e9rz\u00e9kel\u00e9st: a h\u00edrfolyam nem vil\u00e1gk\u00e9p, hanem sz\u0171rt v\u00e1logat\u00e1s. Magyar kontextusban k\u00fcl\u00f6n figyelmet ig\u00e9nyel a munkahelyi \u00e9s csal\u00e1di k\u00f6r\u00f6k \u00e1tfed\u00e9se: k\u00f6nnyen \u00f6sszecs\u00fasznak szerepek, elv\u00e1r\u00e1sok, reput\u00e1ci\u00f3s kock\u00e1zatok. Hasznos, ha vil\u00e1gos szab\u00e1lyokat \u00e1ll\u00edtasz fel: mit posztolsz publikusra, mit csak sz\u0171k k\u00f6rnek, \u00e9s mit tartasz meg a priv\u00e1t napl\u00f3ban. A pozit\u00edv pszichol\u00f3giai gyakorlat c\u00e9lja nem a \u201et\u00f6k\u00e9letes k\u00e9p\u201d \u00e9p\u00edt\u00e9se, hanem a val\u00f3s, v\u00e1llalhat\u00f3 jelenl\u00e9t. A jutalom: \u00e1tl\u00e1that\u00f3bb kapcsolatok, kevesebb f\u00e9lre\u00e9rt\u00e9s, t\u00f6bb bizalom \u2013 \u00e9s ez m\u00e1r k\u00e9zzelfoghat\u00f3an jav\u00edtja a mindennapokat online \u00e9s offline egyar\u00e1nt.<\/p>\n<h2>Szem\u00e9lyes \u00fczenet<\/h2>\n<blockquote><p>\u201eA Facebook nem ellens\u00e9g, ha te ir\u00e1ny\u00edtod: alak\u00edtsd olyan helly\u00e9, ahol a h\u00e1l\u00e1nak, a j\u00f3 szok\u00e1soknak \u00e9s a tiszteletteljes p\u00e1rbesz\u00e9dnek van tere. A k\u00f6z\u00f6ss\u00e9gi t\u00e9r akkor \u00e9p\u00edt, ha nem a figyelmet hajszolod, hanem \u00e9rt\u00e9ket adsz \u2013 magadnak \u00e9s m\u00e1soknak.\u201d \u2014 Dajka G\u00e1bor<\/p><\/blockquote>\n<h2>Dajka G\u00e1bor business coach szerint<\/h2>\n<p>Ha a Facebookot modern, r\u00e9szben nyilv\u00e1nos napl\u00f3k\u00e9nt haszn\u00e1lod, a hangs\u00falyt tedd a szerz\u0151i felel\u0151ss\u00e9gre \u00e9s a gyakorlati hasznoss\u00e1gra. A j\u00f3 poszt nem hangos, hanem tiszta: egy gondolat, egy helyzet, egy tanuls\u00e1g. A j\u00f3 jelenl\u00e9t nem id\u0151rabl\u00f3, hanem beosztott: tudod, mikor m\u00e9sz fel \u00e9s mi\u00e9rt. A j\u00f3 kapcsol\u00f3d\u00e1s nem \u00edt\u00e9lkezik, hanem k\u00e9rdez \u00e9s visszajelez. \u00dczleti \u00e9s mag\u00e1n\u00e9leti k\u00f6zegben is azt tapasztalom, hogy a tudatos, h\u00e1laalap\u00fa \u00e9s reflekt\u00e1lt online jelenl\u00e9t m\u00e9rhet\u0151en cs\u00f6kkenti a fesz\u00fclts\u00e9get, \u00e9s n\u00f6veli a kooper\u00e1ci\u00f3t. Nem var\u00e1zslat: a priv\u00e1t napl\u00f3 \u00e9s a felel\u0151s megoszt\u00e1s egy\u00fcttese teremti meg azt a ritmust, amelyben a k\u00f6z\u00f6ss\u00e9gi m\u00e9dia nem elsodor, hanem al\u00e1t\u00e1maszt. Ha \u00edgy tekintesz a platformra, a Facebook nem \u201eid\u0151zab\u00e1l\u00f3\u201d lesz, hanem egy olyan eszk\u00f6z, amely t\u00e1mogatja a fejl\u0151d\u00e9st, egyszer\u0171s\u00edti a kapcsolattart\u00e1st, \u00e9s \u2013 ami a legfontosabb \u2013 seg\u00edt k\u00f6vetkezetesnek maradni \u00f6nmagaddal.<\/p>\n<h2>Szak\u00e9rt\u0151 v\u00e1laszol \u2013 GYIK<\/h2>\n<h3>Hogyan \u00e1ll\u00edtsak be re\u00e1lis napi id\u0151keretet a Facebookra?<\/h3>\n<p>A legt\u00f6bb felhaszn\u00e1l\u00f3n\u00e1l a 30\u201345 perc j\u00f3l m\u0171k\u00f6dik. \u00c9rdemes k\u00e9t blokkra osztani (pl. reggel 15, este 20\u201330 perc), \u00e9s kikapcsolni a push \u00e9rtes\u00edt\u00e9seket. A c\u00e9l, hogy ne a h\u00edrfolyam dikt\u00e1lja a napod ritmus\u00e1t, hanem te d\u00f6ntsd el, mikor \u00e9s mi\u00e9rt m\u00e9sz fel.<\/p>\n<h3>Mik a \u201ej\u00f3\u201d h\u00e1la-poszt jellemz\u0151i?<\/h3>\n<p>Konkr\u00e9t, r\u00f6vid, \u00e9s nem a saj\u00e1t im\u00e1zs \u00e9p\u00edt\u00e9s\u00e9re szolg\u00e1l. Ne \u00e1ltal\u00e1noss\u00e1gban \u00edrj, hanem egy-egy helyzetet emelj ki, \u00e9s nevezd meg, mi volt tanuls\u00e1gos. Ha k\u00e9nyes a t\u00e9ma, tartsd sz\u0171k k\u00f6rben vagy priv\u00e1t napl\u00f3ban.<\/p>\n<h3>Hogyan v\u00e1lasszak csoportokat, hogy ne fulladjak zajba?<\/h3>\n<p>H\u00e1rom sz\u0171r\u0151 aj\u00e1nlott: t\u00e9ma relevanci\u00e1ja, moder\u00e1ci\u00f3 min\u0151s\u00e9ge, tagok kommunik\u00e1ci\u00f3s kult\u00far\u00e1ja. L\u00e9pj ki b\u00e1tran, ha a csoport inger\u00fclt, szem\u00e9lyesked\u0151, vagy folyamatos \u00f6nprom\u00f3 zajlik. A min\u0151s\u00e9g itt is t\u00f6bbet \u00e9r a mennyis\u00e9gn\u00e9l.<\/p>\n<h3>Mi a k\u00fcl\u00f6nbs\u00e9g a \u201epozit\u00edv pszichol\u00f3gia\u201d \u00e9s a \u201epozit\u00edv gondolkod\u00e1s\u201d k\u00f6z\u00f6tt?<\/h3>\n<p>A pozit\u00edv pszichol\u00f3gia kutat\u00e1sokon alapul\u00f3 megk\u00f6zel\u00edt\u00e9s, nem tagadja a negat\u00edv \u00e9rzelmeket. Gyakorlatokat ad (pl. h\u00e1la, er\u0151ss\u00e9gek azonos\u00edt\u00e1sa, kapcsolat\u00e1pol\u00e1s), \u00e9s nem k\u00e9ri, hogy mindig \u201ej\u00f3kedv\u0171\u201d l\u00e9gy. A pozit\u00edv gondolkod\u00e1s \u2013 leegyszer\u0171s\u00edtve \u2013 sokszor a neh\u00e9zs\u00e9gek elken\u00e9s\u00e9t sugallja.<\/p>\n<h3>Van-e b\u00e1rmilyen saj\u00e1toss\u00e1ga a magyar k\u00f6zegnek a k\u00f6z\u00f6ss\u00e9gi m\u00e9di\u00e1ban?<\/h3>\n<p>Igen. Gyakori az ismerets\u00e9gi k\u00f6r\u00f6k \u00e1tfed\u00e9se (munka\u2013csal\u00e1d\u2013bar\u00e1tok), ez\u00e9rt fontosabb a megoszt\u00e1si be\u00e1ll\u00edt\u00e1sok tudatos kezel\u00e9se. A k\u00f6z\u00e9leti tartalmak er\u0151s \u00e9rzelmi reakci\u00f3kat v\u00e1lthatnak ki; hasznos a \u201en\u00e9m\u00edtott kulcsszavak\u201d \u00e9s a c\u00e9lzott leiratkoz\u00e1s haszn\u00e1lata, hogy meg\u0151rizd a ment\u00e1lis mozg\u00e1stered.<\/p>\n<h2>Forr\u00e1sok<\/h2>\n<p><a href=\"https:\/\/doi.org\/10.1037\/0022-3514.84.2.377\" rel=\"nofollow\">Emmons, R. A., &amp; McCullough, M. E. (2003). Counting blessings versus burdens: An experimental investigation of gratitude and subjective well-being. Journal of Personality and Social Psychology.<\/a><\/p>\n<p><a href=\"https:\/\/doi.org\/10.1037\/0003-066X.56.3.218\" rel=\"nofollow\">Fredrickson, B. L. (2001). The broaden-and-build theory of positive emotions. American Psychologist.<\/a><\/p>\n<p><a href=\"https:\/\/doi.org\/10.1371\/journal.pone.0069841\" rel=\"nofollow\">Kross, E., et al. (2013). Facebook Use Predicts Declines in Subjective Well-Being in Young Adults. PLOS ONE.<\/a><\/p>\n","protected":false},"excerpt":{"rendered":"<p>A k\u00f6z\u00f6ss\u00e9gi m\u00e9dia m\u00e1ra nemcsak h\u00edrek \u00e9s k\u00e9pek gyors cserehelye, hanem egy olyan t\u00e9r, ahol nap mint nap r\u00f6gz\u00edthetj\u00fck a saj\u00e1t t\u00f6rt\u00e9net\u00fcnket is. A Facebook ezen a t\u00e9ren k\u00fcl\u00f6n\u00f6s szerepet t\u00f6lt be: id\u0151vonalad val\u00f3j\u00e1ban egy kronologikus, digit\u00e1lis napl\u00f3. Ha tudatosan haszn\u00e1lod, a pozit\u00edv pszichol\u00f3gia gyakorlataival \u00f6sszekapcsolva \u00e9szrevehet\u0151en jav\u00edthatja a k\u00f6z\u00e9rzeted, az \u00f6nismereted \u00e9s a kapcsolataid&#8230;<\/p>\n","protected":false},"author":1,"featured_media":50,"comment_status":"closed","ping_status":"open","sticky":false,"template":"","format":"standard","meta":{"footnotes":""},"categories":[3],"tags":[],"class_list":["post-48","post","type-post","status-publish","format-standard","has-post-thumbnail","hentry","category-coaching-es-pszichologia-egerben"],"yoast_head":"<!-- This site is optimized with the Yoast SEO plugin v27.5 - https:\/\/yoast.com\/product\/yoast-seo-wordpress\/ -->\n<title>Pozit\u00edv pszichol\u00f3gia a Facebookon<\/title>\n<meta name=\"robots\" content=\"index, follow, max-snippet:-1, max-image-preview:large, max-video-preview:-1\" \/>\n<link rel=\"canonical\" href=\"https:\/\/egercoach.hu\/blog\/pozitiv-pszichologia-a-facebookon-mikent-hasznalhatjuk-a-platformot-mentalis-jolletunk-novelesere-peldaul-a-hala-kifejezesere-vagy-a-pozitiv-elmenyek-megosztasara\/\" \/>\n<meta property=\"og:locale\" content=\"hu_HU\" \/>\n<meta property=\"og:type\" content=\"article\" \/>\n<meta property=\"og:title\" content=\"Pozit\u00edv pszichol\u00f3gia a Facebookon\" \/>\n<meta property=\"og:description\" content=\"A k\u00f6z\u00f6ss\u00e9gi m\u00e9dia m\u00e1ra nemcsak h\u00edrek \u00e9s k\u00e9pek gyors cserehelye, hanem egy olyan t\u00e9r, ahol nap mint nap r\u00f6gz\u00edthetj\u00fck a saj\u00e1t t\u00f6rt\u00e9net\u00fcnket is. A Facebook ezen a t\u00e9ren k\u00fcl\u00f6n\u00f6s szerepet t\u00f6lt be: id\u0151vonalad val\u00f3j\u00e1ban egy kronologikus, digit\u00e1lis napl\u00f3. Ha tudatosan haszn\u00e1lod, a pozit\u00edv pszichol\u00f3gia gyakorlataival \u00f6sszekapcsolva \u00e9szrevehet\u0151en jav\u00edthatja a k\u00f6z\u00e9rzeted, az \u00f6nismereted \u00e9s a kapcsolataid...\" \/>\n<meta property=\"og:url\" content=\"https:\/\/egercoach.hu\/blog\/pozitiv-pszichologia-a-facebookon-mikent-hasznalhatjuk-a-platformot-mentalis-jolletunk-novelesere-peldaul-a-hala-kifejezesere-vagy-a-pozitiv-elmenyek-megosztasara\/\" \/>\n<meta property=\"og:site_name\" content=\"Az Egri Coach Blogja\" \/>\n<meta property=\"article:publisher\" content=\"https:\/\/www.facebook.com\/eger.coach\" \/>\n<meta property=\"article:published_time\" content=\"2024-08-04T04:16:05+00:00\" \/>\n<meta property=\"article:modified_time\" content=\"2025-10-11T10:25:07+00:00\" \/>\n<meta property=\"og:image\" content=\"https:\/\/egercoach.hu\/blog\/wp-content\/uploads\/2024\/08\/blonde-plays-pc-games-.jpg\" \/>\n\t<meta property=\"og:image:width\" content=\"1500\" \/>\n\t<meta property=\"og:image:height\" content=\"1000\" \/>\n\t<meta property=\"og:image:type\" content=\"image\/jpeg\" \/>\n<meta name=\"author\" content=\"Dajka G\u00e1bor\" \/>\n<meta name=\"twitter:card\" content=\"summary_large_image\" \/>\n<meta name=\"twitter:label1\" content=\"Szerz\u0151:\" \/>\n\t<meta name=\"twitter:data1\" content=\"Dajka G\u00e1bor\" \/>\n\t<meta name=\"twitter:label2\" content=\"Becs\u00fclt olvas\u00e1si id\u0151\" \/>\n\t<meta name=\"twitter:data2\" content=\"10 perc\" \/>\n<script type=\"application\/ld+json\" class=\"yoast-schema-graph\">{\"@context\":\"https:\\\/\\\/schema.org\",\"@graph\":[{\"@type\":\"Article\",\"@id\":\"https:\\\/\\\/egercoach.hu\\\/blog\\\/pozitiv-pszichologia-a-facebookon-mikent-hasznalhatjuk-a-platformot-mentalis-jolletunk-novelesere-peldaul-a-hala-kifejezesere-vagy-a-pozitiv-elmenyek-megosztasara\\\/#article\",\"isPartOf\":{\"@id\":\"https:\\\/\\\/egercoach.hu\\\/blog\\\/pozitiv-pszichologia-a-facebookon-mikent-hasznalhatjuk-a-platformot-mentalis-jolletunk-novelesere-peldaul-a-hala-kifejezesere-vagy-a-pozitiv-elmenyek-megosztasara\\\/\"},\"author\":{\"name\":\"Dajka G\u00e1bor\",\"@id\":\"https:\\\/\\\/egercoach.hu\\\/blog\\\/#\\\/schema\\\/person\\\/afc73367aa314ca33a9c8d3b88dce6e7\"},\"headline\":\"Pozit\u00edv pszichol\u00f3gia a Facebookon: h\u00e1la, pozit\u00edv \u00e9lm\u00e9nyek\",\"datePublished\":\"2024-08-04T04:16:05+00:00\",\"dateModified\":\"2025-10-11T10:25:07+00:00\",\"mainEntityOfPage\":{\"@id\":\"https:\\\/\\\/egercoach.hu\\\/blog\\\/pozitiv-pszichologia-a-facebookon-mikent-hasznalhatjuk-a-platformot-mentalis-jolletunk-novelesere-peldaul-a-hala-kifejezesere-vagy-a-pozitiv-elmenyek-megosztasara\\\/\"},\"wordCount\":2697,\"publisher\":{\"@id\":\"https:\\\/\\\/egercoach.hu\\\/blog\\\/#organization\"},\"image\":{\"@id\":\"https:\\\/\\\/egercoach.hu\\\/blog\\\/pozitiv-pszichologia-a-facebookon-mikent-hasznalhatjuk-a-platformot-mentalis-jolletunk-novelesere-peldaul-a-hala-kifejezesere-vagy-a-pozitiv-elmenyek-megosztasara\\\/#primaryimage\"},\"thumbnailUrl\":\"https:\\\/\\\/egercoach.hu\\\/blog\\\/wp-content\\\/uploads\\\/2024\\\/08\\\/blonde-plays-pc-games-.jpg\",\"articleSection\":[\"Life coaching Egerben\"],\"inLanguage\":\"hu\"},{\"@type\":\"WebPage\",\"@id\":\"https:\\\/\\\/egercoach.hu\\\/blog\\\/pozitiv-pszichologia-a-facebookon-mikent-hasznalhatjuk-a-platformot-mentalis-jolletunk-novelesere-peldaul-a-hala-kifejezesere-vagy-a-pozitiv-elmenyek-megosztasara\\\/\",\"url\":\"https:\\\/\\\/egercoach.hu\\\/blog\\\/pozitiv-pszichologia-a-facebookon-mikent-hasznalhatjuk-a-platformot-mentalis-jolletunk-novelesere-peldaul-a-hala-kifejezesere-vagy-a-pozitiv-elmenyek-megosztasara\\\/\",\"name\":\"Pozit\u00edv pszichol\u00f3gia a Facebookon\",\"isPartOf\":{\"@id\":\"https:\\\/\\\/egercoach.hu\\\/blog\\\/#website\"},\"primaryImageOfPage\":{\"@id\":\"https:\\\/\\\/egercoach.hu\\\/blog\\\/pozitiv-pszichologia-a-facebookon-mikent-hasznalhatjuk-a-platformot-mentalis-jolletunk-novelesere-peldaul-a-hala-kifejezesere-vagy-a-pozitiv-elmenyek-megosztasara\\\/#primaryimage\"},\"image\":{\"@id\":\"https:\\\/\\\/egercoach.hu\\\/blog\\\/pozitiv-pszichologia-a-facebookon-mikent-hasznalhatjuk-a-platformot-mentalis-jolletunk-novelesere-peldaul-a-hala-kifejezesere-vagy-a-pozitiv-elmenyek-megosztasara\\\/#primaryimage\"},\"thumbnailUrl\":\"https:\\\/\\\/egercoach.hu\\\/blog\\\/wp-content\\\/uploads\\\/2024\\\/08\\\/blonde-plays-pc-games-.jpg\",\"datePublished\":\"2024-08-04T04:16:05+00:00\",\"dateModified\":\"2025-10-11T10:25:07+00:00\",\"breadcrumb\":{\"@id\":\"https:\\\/\\\/egercoach.hu\\\/blog\\\/pozitiv-pszichologia-a-facebookon-mikent-hasznalhatjuk-a-platformot-mentalis-jolletunk-novelesere-peldaul-a-hala-kifejezesere-vagy-a-pozitiv-elmenyek-megosztasara\\\/#breadcrumb\"},\"inLanguage\":\"hu\",\"potentialAction\":[{\"@type\":\"ReadAction\",\"target\":[\"https:\\\/\\\/egercoach.hu\\\/blog\\\/pozitiv-pszichologia-a-facebookon-mikent-hasznalhatjuk-a-platformot-mentalis-jolletunk-novelesere-peldaul-a-hala-kifejezesere-vagy-a-pozitiv-elmenyek-megosztasara\\\/\"]}]},{\"@type\":\"ImageObject\",\"inLanguage\":\"hu\",\"@id\":\"https:\\\/\\\/egercoach.hu\\\/blog\\\/pozitiv-pszichologia-a-facebookon-mikent-hasznalhatjuk-a-platformot-mentalis-jolletunk-novelesere-peldaul-a-hala-kifejezesere-vagy-a-pozitiv-elmenyek-megosztasara\\\/#primaryimage\",\"url\":\"https:\\\/\\\/egercoach.hu\\\/blog\\\/wp-content\\\/uploads\\\/2024\\\/08\\\/blonde-plays-pc-games-.jpg\",\"contentUrl\":\"https:\\\/\\\/egercoach.hu\\\/blog\\\/wp-content\\\/uploads\\\/2024\\\/08\\\/blonde-plays-pc-games-.jpg\",\"width\":1500,\"height\":1000,\"caption\":\"Blonde plays PC games.\"},{\"@type\":\"BreadcrumbList\",\"@id\":\"https:\\\/\\\/egercoach.hu\\\/blog\\\/pozitiv-pszichologia-a-facebookon-mikent-hasznalhatjuk-a-platformot-mentalis-jolletunk-novelesere-peldaul-a-hala-kifejezesere-vagy-a-pozitiv-elmenyek-megosztasara\\\/#breadcrumb\",\"itemListElement\":[{\"@type\":\"ListItem\",\"position\":1,\"name\":\"Kezd\u0151lap\",\"item\":\"https:\\\/\\\/egercoach.hu\\\/blog\\\/\"},{\"@type\":\"ListItem\",\"position\":2,\"name\":\"Pozit\u00edv pszichol\u00f3gia a Facebookon: h\u00e1la, pozit\u00edv \u00e9lm\u00e9nyek\"}]},{\"@type\":\"WebSite\",\"@id\":\"https:\\\/\\\/egercoach.hu\\\/blog\\\/#website\",\"url\":\"https:\\\/\\\/egercoach.hu\\\/blog\\\/\",\"name\":\"Eger Coach Blog\",\"description\":\"\",\"publisher\":{\"@id\":\"https:\\\/\\\/egercoach.hu\\\/blog\\\/#organization\"},\"potentialAction\":[{\"@type\":\"SearchAction\",\"target\":{\"@type\":\"EntryPoint\",\"urlTemplate\":\"https:\\\/\\\/egercoach.hu\\\/blog\\\/?s={search_term_string}\"},\"query-input\":{\"@type\":\"PropertyValueSpecification\",\"valueRequired\":true,\"valueName\":\"search_term_string\"}}],\"inLanguage\":\"hu\"},{\"@type\":\"Organization\",\"@id\":\"https:\\\/\\\/egercoach.hu\\\/blog\\\/#organization\",\"name\":\"Eger Coach Blog\",\"url\":\"https:\\\/\\\/egercoach.hu\\\/blog\\\/\",\"logo\":{\"@type\":\"ImageObject\",\"inLanguage\":\"hu\",\"@id\":\"https:\\\/\\\/egercoach.hu\\\/blog\\\/#\\\/schema\\\/logo\\\/image\\\/\",\"url\":\"https:\\\/\\\/egercoach.hu\\\/blog\\\/wp-content\\\/uploads\\\/2025\\\/05\\\/cropped-Eger.png\",\"contentUrl\":\"https:\\\/\\\/egercoach.hu\\\/blog\\\/wp-content\\\/uploads\\\/2025\\\/05\\\/cropped-Eger.png\",\"width\":500,\"height\":169,\"caption\":\"Eger Coach Blog\"},\"image\":{\"@id\":\"https:\\\/\\\/egercoach.hu\\\/blog\\\/#\\\/schema\\\/logo\\\/image\\\/\"},\"sameAs\":[\"https:\\\/\\\/www.facebook.com\\\/eger.coach\"]},{\"@type\":\"Person\",\"@id\":\"https:\\\/\\\/egercoach.hu\\\/blog\\\/#\\\/schema\\\/person\\\/afc73367aa314ca33a9c8d3b88dce6e7\",\"name\":\"Dajka G\u00e1bor\",\"image\":{\"@type\":\"ImageObject\",\"inLanguage\":\"hu\",\"@id\":\"https:\\\/\\\/secure.gravatar.com\\\/avatar\\\/81566ea1e2b3466baa03e9bdcdaa835f58564d8be90057a45f3e61711dc8a063?s=96&d=mm&r=g\",\"url\":\"https:\\\/\\\/secure.gravatar.com\\\/avatar\\\/81566ea1e2b3466baa03e9bdcdaa835f58564d8be90057a45f3e61711dc8a063?s=96&d=mm&r=g\",\"contentUrl\":\"https:\\\/\\\/secure.gravatar.com\\\/avatar\\\/81566ea1e2b3466baa03e9bdcdaa835f58564d8be90057a45f3e61711dc8a063?s=96&d=mm&r=g\",\"caption\":\"Dajka G\u00e1bor\"},\"sameAs\":[\"https:\\\/\\\/egercoach.hu\\\/blog\"],\"url\":\"https:\\\/\\\/egercoach.hu\\\/blog\\\/author\\\/adminka\\\/\"}]}<\/script>\n<!-- \/ Yoast SEO plugin. -->","yoast_head_json":{"title":"Pozit\u00edv pszichol\u00f3gia a Facebookon","robots":{"index":"index","follow":"follow","max-snippet":"max-snippet:-1","max-image-preview":"max-image-preview:large","max-video-preview":"max-video-preview:-1"},"canonical":"https:\/\/egercoach.hu\/blog\/pozitiv-pszichologia-a-facebookon-mikent-hasznalhatjuk-a-platformot-mentalis-jolletunk-novelesere-peldaul-a-hala-kifejezesere-vagy-a-pozitiv-elmenyek-megosztasara\/","og_locale":"hu_HU","og_type":"article","og_title":"Pozit\u00edv pszichol\u00f3gia a Facebookon","og_description":"A k\u00f6z\u00f6ss\u00e9gi m\u00e9dia m\u00e1ra nemcsak h\u00edrek \u00e9s k\u00e9pek gyors cserehelye, hanem egy olyan t\u00e9r, ahol nap mint nap r\u00f6gz\u00edthetj\u00fck a saj\u00e1t t\u00f6rt\u00e9net\u00fcnket is. A Facebook ezen a t\u00e9ren k\u00fcl\u00f6n\u00f6s szerepet t\u00f6lt be: id\u0151vonalad val\u00f3j\u00e1ban egy kronologikus, digit\u00e1lis napl\u00f3. Ha tudatosan haszn\u00e1lod, a pozit\u00edv pszichol\u00f3gia gyakorlataival \u00f6sszekapcsolva \u00e9szrevehet\u0151en jav\u00edthatja a k\u00f6z\u00e9rzeted, az \u00f6nismereted \u00e9s a kapcsolataid...","og_url":"https:\/\/egercoach.hu\/blog\/pozitiv-pszichologia-a-facebookon-mikent-hasznalhatjuk-a-platformot-mentalis-jolletunk-novelesere-peldaul-a-hala-kifejezesere-vagy-a-pozitiv-elmenyek-megosztasara\/","og_site_name":"Az Egri Coach Blogja","article_publisher":"https:\/\/www.facebook.com\/eger.coach","article_published_time":"2024-08-04T04:16:05+00:00","article_modified_time":"2025-10-11T10:25:07+00:00","og_image":[{"width":1500,"height":1000,"url":"https:\/\/egercoach.hu\/blog\/wp-content\/uploads\/2024\/08\/blonde-plays-pc-games-.jpg","type":"image\/jpeg"}],"author":"Dajka G\u00e1bor","twitter_card":"summary_large_image","twitter_misc":{"Szerz\u0151:":"Dajka G\u00e1bor","Becs\u00fclt olvas\u00e1si id\u0151":"10 perc"},"schema":{"@context":"https:\/\/schema.org","@graph":[{"@type":"Article","@id":"https:\/\/egercoach.hu\/blog\/pozitiv-pszichologia-a-facebookon-mikent-hasznalhatjuk-a-platformot-mentalis-jolletunk-novelesere-peldaul-a-hala-kifejezesere-vagy-a-pozitiv-elmenyek-megosztasara\/#article","isPartOf":{"@id":"https:\/\/egercoach.hu\/blog\/pozitiv-pszichologia-a-facebookon-mikent-hasznalhatjuk-a-platformot-mentalis-jolletunk-novelesere-peldaul-a-hala-kifejezesere-vagy-a-pozitiv-elmenyek-megosztasara\/"},"author":{"name":"Dajka G\u00e1bor","@id":"https:\/\/egercoach.hu\/blog\/#\/schema\/person\/afc73367aa314ca33a9c8d3b88dce6e7"},"headline":"Pozit\u00edv pszichol\u00f3gia a Facebookon: h\u00e1la, pozit\u00edv \u00e9lm\u00e9nyek","datePublished":"2024-08-04T04:16:05+00:00","dateModified":"2025-10-11T10:25:07+00:00","mainEntityOfPage":{"@id":"https:\/\/egercoach.hu\/blog\/pozitiv-pszichologia-a-facebookon-mikent-hasznalhatjuk-a-platformot-mentalis-jolletunk-novelesere-peldaul-a-hala-kifejezesere-vagy-a-pozitiv-elmenyek-megosztasara\/"},"wordCount":2697,"publisher":{"@id":"https:\/\/egercoach.hu\/blog\/#organization"},"image":{"@id":"https:\/\/egercoach.hu\/blog\/pozitiv-pszichologia-a-facebookon-mikent-hasznalhatjuk-a-platformot-mentalis-jolletunk-novelesere-peldaul-a-hala-kifejezesere-vagy-a-pozitiv-elmenyek-megosztasara\/#primaryimage"},"thumbnailUrl":"https:\/\/egercoach.hu\/blog\/wp-content\/uploads\/2024\/08\/blonde-plays-pc-games-.jpg","articleSection":["Life coaching Egerben"],"inLanguage":"hu"},{"@type":"WebPage","@id":"https:\/\/egercoach.hu\/blog\/pozitiv-pszichologia-a-facebookon-mikent-hasznalhatjuk-a-platformot-mentalis-jolletunk-novelesere-peldaul-a-hala-kifejezesere-vagy-a-pozitiv-elmenyek-megosztasara\/","url":"https:\/\/egercoach.hu\/blog\/pozitiv-pszichologia-a-facebookon-mikent-hasznalhatjuk-a-platformot-mentalis-jolletunk-novelesere-peldaul-a-hala-kifejezesere-vagy-a-pozitiv-elmenyek-megosztasara\/","name":"Pozit\u00edv pszichol\u00f3gia a Facebookon","isPartOf":{"@id":"https:\/\/egercoach.hu\/blog\/#website"},"primaryImageOfPage":{"@id":"https:\/\/egercoach.hu\/blog\/pozitiv-pszichologia-a-facebookon-mikent-hasznalhatjuk-a-platformot-mentalis-jolletunk-novelesere-peldaul-a-hala-kifejezesere-vagy-a-pozitiv-elmenyek-megosztasara\/#primaryimage"},"image":{"@id":"https:\/\/egercoach.hu\/blog\/pozitiv-pszichologia-a-facebookon-mikent-hasznalhatjuk-a-platformot-mentalis-jolletunk-novelesere-peldaul-a-hala-kifejezesere-vagy-a-pozitiv-elmenyek-megosztasara\/#primaryimage"},"thumbnailUrl":"https:\/\/egercoach.hu\/blog\/wp-content\/uploads\/2024\/08\/blonde-plays-pc-games-.jpg","datePublished":"2024-08-04T04:16:05+00:00","dateModified":"2025-10-11T10:25:07+00:00","breadcrumb":{"@id":"https:\/\/egercoach.hu\/blog\/pozitiv-pszichologia-a-facebookon-mikent-hasznalhatjuk-a-platformot-mentalis-jolletunk-novelesere-peldaul-a-hala-kifejezesere-vagy-a-pozitiv-elmenyek-megosztasara\/#breadcrumb"},"inLanguage":"hu","potentialAction":[{"@type":"ReadAction","target":["https:\/\/egercoach.hu\/blog\/pozitiv-pszichologia-a-facebookon-mikent-hasznalhatjuk-a-platformot-mentalis-jolletunk-novelesere-peldaul-a-hala-kifejezesere-vagy-a-pozitiv-elmenyek-megosztasara\/"]}]},{"@type":"ImageObject","inLanguage":"hu","@id":"https:\/\/egercoach.hu\/blog\/pozitiv-pszichologia-a-facebookon-mikent-hasznalhatjuk-a-platformot-mentalis-jolletunk-novelesere-peldaul-a-hala-kifejezesere-vagy-a-pozitiv-elmenyek-megosztasara\/#primaryimage","url":"https:\/\/egercoach.hu\/blog\/wp-content\/uploads\/2024\/08\/blonde-plays-pc-games-.jpg","contentUrl":"https:\/\/egercoach.hu\/blog\/wp-content\/uploads\/2024\/08\/blonde-plays-pc-games-.jpg","width":1500,"height":1000,"caption":"Blonde plays PC games."},{"@type":"BreadcrumbList","@id":"https:\/\/egercoach.hu\/blog\/pozitiv-pszichologia-a-facebookon-mikent-hasznalhatjuk-a-platformot-mentalis-jolletunk-novelesere-peldaul-a-hala-kifejezesere-vagy-a-pozitiv-elmenyek-megosztasara\/#breadcrumb","itemListElement":[{"@type":"ListItem","position":1,"name":"Kezd\u0151lap","item":"https:\/\/egercoach.hu\/blog\/"},{"@type":"ListItem","position":2,"name":"Pozit\u00edv pszichol\u00f3gia a Facebookon: h\u00e1la, pozit\u00edv \u00e9lm\u00e9nyek"}]},{"@type":"WebSite","@id":"https:\/\/egercoach.hu\/blog\/#website","url":"https:\/\/egercoach.hu\/blog\/","name":"Eger Coach Blog","description":"","publisher":{"@id":"https:\/\/egercoach.hu\/blog\/#organization"},"potentialAction":[{"@type":"SearchAction","target":{"@type":"EntryPoint","urlTemplate":"https:\/\/egercoach.hu\/blog\/?s={search_term_string}"},"query-input":{"@type":"PropertyValueSpecification","valueRequired":true,"valueName":"search_term_string"}}],"inLanguage":"hu"},{"@type":"Organization","@id":"https:\/\/egercoach.hu\/blog\/#organization","name":"Eger Coach Blog","url":"https:\/\/egercoach.hu\/blog\/","logo":{"@type":"ImageObject","inLanguage":"hu","@id":"https:\/\/egercoach.hu\/blog\/#\/schema\/logo\/image\/","url":"https:\/\/egercoach.hu\/blog\/wp-content\/uploads\/2025\/05\/cropped-Eger.png","contentUrl":"https:\/\/egercoach.hu\/blog\/wp-content\/uploads\/2025\/05\/cropped-Eger.png","width":500,"height":169,"caption":"Eger Coach Blog"},"image":{"@id":"https:\/\/egercoach.hu\/blog\/#\/schema\/logo\/image\/"},"sameAs":["https:\/\/www.facebook.com\/eger.coach"]},{"@type":"Person","@id":"https:\/\/egercoach.hu\/blog\/#\/schema\/person\/afc73367aa314ca33a9c8d3b88dce6e7","name":"Dajka G\u00e1bor","image":{"@type":"ImageObject","inLanguage":"hu","@id":"https:\/\/secure.gravatar.com\/avatar\/81566ea1e2b3466baa03e9bdcdaa835f58564d8be90057a45f3e61711dc8a063?s=96&d=mm&r=g","url":"https:\/\/secure.gravatar.com\/avatar\/81566ea1e2b3466baa03e9bdcdaa835f58564d8be90057a45f3e61711dc8a063?s=96&d=mm&r=g","contentUrl":"https:\/\/secure.gravatar.com\/avatar\/81566ea1e2b3466baa03e9bdcdaa835f58564d8be90057a45f3e61711dc8a063?s=96&d=mm&r=g","caption":"Dajka G\u00e1bor"},"sameAs":["https:\/\/egercoach.hu\/blog"],"url":"https:\/\/egercoach.hu\/blog\/author\/adminka\/"}]}},"_links":{"self":[{"href":"https:\/\/egercoach.hu\/blog\/wp-json\/wp\/v2\/posts\/48","targetHints":{"allow":["GET"]}}],"collection":[{"href":"https:\/\/egercoach.hu\/blog\/wp-json\/wp\/v2\/posts"}],"about":[{"href":"https:\/\/egercoach.hu\/blog\/wp-json\/wp\/v2\/types\/post"}],"author":[{"embeddable":true,"href":"https:\/\/egercoach.hu\/blog\/wp-json\/wp\/v2\/users\/1"}],"replies":[{"embeddable":true,"href":"https:\/\/egercoach.hu\/blog\/wp-json\/wp\/v2\/comments?post=48"}],"version-history":[{"count":0,"href":"https:\/\/egercoach.hu\/blog\/wp-json\/wp\/v2\/posts\/48\/revisions"}],"wp:featuredmedia":[{"embeddable":true,"href":"https:\/\/egercoach.hu\/blog\/wp-json\/wp\/v2\/media\/50"}],"wp:attachment":[{"href":"https:\/\/egercoach.hu\/blog\/wp-json\/wp\/v2\/media?parent=48"}],"wp:term":[{"taxonomy":"category","embeddable":true,"href":"https:\/\/egercoach.hu\/blog\/wp-json\/wp\/v2\/categories?post=48"},{"taxonomy":"post_tag","embeddable":true,"href":"https:\/\/egercoach.hu\/blog\/wp-json\/wp\/v2\/tags?post=48"}],"curies":[{"name":"wp","href":"https:\/\/api.w.org\/{rel}","templated":true}]}}