{"id":504,"date":"2024-10-21T10:57:08","date_gmt":"2024-10-21T08:57:08","guid":{"rendered":"https:\/\/egercoach.hu\/blog\/?p=504"},"modified":"2025-04-12T21:39:15","modified_gmt":"2025-04-12T19:39:15","slug":"anna-freud-ellentmondasai","status":"publish","type":"post","link":"https:\/\/egercoach.hu\/blog\/anna-freud-ellentmondasai\/","title":{"rendered":"Anna Freud ellentmond\u00e1sai: \u00fajragondolt pszichoanal\u00edzis"},"content":{"rendered":"<p>Anna Freud, a pszichoanal\u00edzis egyik meghat\u00e1roz\u00f3 alakja, \u00e9desapja, Sigmund Freud \u00f6r\u00f6ks\u00e9g\u00e9t \u00e9s m\u00f3dszereit k\u00f6vetve v\u00e1lt h\u00edress\u00e9 els\u0151sorban a gyermekpszichol\u00f3gia \u00e9s az ego <a href=\"https:\/\/egercoach.hu\/blog\/mi-a-pszichologia-a-lelek-es-elme-tudomanyanak-atfogo-bemutatasa\/\">pszichol\u00f3gia<\/a> ter\u00fclet\u00e9n. Munk\u00e1ss\u00e1ga sor\u00e1n azonban sz\u00e1mos olyan ellentmond\u00e1s \u00e9s kritika mer\u00fclt fel, amelyek nemcsak a szakmai k\u00f6z\u00f6ss\u00e9gben, hanem a k\u00e9s\u0151bbi kutat\u00e1sokban is \u00e9l\u00e9nk vit\u00e1kat gener\u00e1ltak. M\u00edg Anna Freud kimagasl\u00f3 eredm\u00e9nyeket \u00e9rt el a gyermekpszichoter\u00e1pia gyakorlati m\u00f3dszereinek kialak\u00edt\u00e1s\u00e1ban, egyesek szerint kev\u00e9ss\u00e9 t\u00f6rekedett arra, hogy radik\u00e1lis \u00fajdons\u00e1gokat vezessen be, \u00e9s ink\u00e1bb megmaradt \u00e9desapja tan\u00edt\u00e1sainak v\u00e9delmez\u0151jek\u00e9nt. Ebben a cikkben \u00e1ttekintj\u00fck a legfontosabb ellentmond\u00e1sokat, amelyek Anna Freud tev\u00e9kenys\u00e9g\u00e9vel kapcsolatban felmer\u00fcltek, valamint kit\u00e9r\u00fcnk arra is, mik\u00e9nt hatottak ezek a modern gyermekpszichol\u00f3gia \u00e9s a pszichoanalitikus elm\u00e9letek alakul\u00e1s\u00e1ra.<\/p>\n<h2>A Sigmund Freud-i \u00f6r\u00f6ks\u00e9g \u00e1rny\u00e9k\u00e1ban<\/h2>\n<p>Anna Freud p\u00e1ly\u00e1ja elej\u00e9n sok kritik\u00e1t kapott amiatt, hogy nem k\u00eds\u00e9relt meg \u00f6n\u00e1ll\u00f3bb elm\u00e9leti ir\u00e1nyt kialak\u00edtani, ink\u00e1bb h\u0171s\u00e9gesen k\u00f6vette apja, Sigmund Freud gondolkod\u00e1sm\u00f3dj\u00e1t. Egyes pszichoanalitikusok \u00fagy v\u00e9lekedtek, hogy Anna innovat\u00edv k\u00e9pess\u00e9gei h\u00e1tt\u00e9rbe szorultak a freudi hagyom\u00e1ny v\u00e9delme miatt. Noha a gyermekek lelki folyamataira specializ\u00e1l\u00f3dott elm\u00e9leti \u00e9s gyakorlati megk\u00f6zel\u00edt\u00e9sei hatalmas el\u0151rel\u00e9p\u00e9st jelentettek a gyermekpszichol\u00f3gia ter\u00fclet\u00e9n, t\u00f6bben kifog\u00e1solt\u00e1k, hogy nem rugaszkodott el el\u00e9gg\u00e9 a klasszikus freudi koncepci\u00f3kt\u00f3l. A \u201e<i>Journal of Psychoanalytic Studies<\/i>\u201d 2022-es sz\u00e1m\u00e1ban (Smith \u00e9s mtsai, 2022) k\u00f6z\u00f6lt tanulm\u00e1ny meg\u00e1llap\u00edtja, hogy a freudi alapelvek szigor\u00fa megtart\u00e1sa sokszor megnehez\u00edtette Anna Freud sz\u00e1m\u00e1ra \u00faj, sz\u00e9lesebb spektrum\u00fa pszichol\u00f3giai perspekt\u00edv\u00e1k be\u00e9p\u00edt\u00e9s\u00e9t a gyakorlatba.<\/p>\n<h2>Az ego pszichol\u00f3gia \u00e9s a tudattalan szerepe<\/h2>\n<p>Sigmund Freud a tudattalan \u00e9s az \u00f6szt\u00f6n\u00e9n (id) m\u0171k\u00f6d\u00e9s\u00e9t helyezte a pszichoanal\u00edzis k\u00f6z\u00e9ppontj\u00e1ba, m\u00edg Anna Freud els\u0151sorban az ego, vagyis az \u00e9n m\u0171k\u00f6d\u00e9s\u00e9re f\u00f3kusz\u00e1lt. E megk\u00f6zel\u00edt\u00e9s nagyban gazdag\u00edtotta az analitikus gondolkod\u00e1st, hiszen r\u00e9szletesen felt\u00e1rta a v\u00e9dekez\u0151 mechanizmusokat, amelyekkel az egy\u00e9n alkalmazkodik a k\u00f6rnyezeti \u00e9s bels\u0151 fesz\u00fclts\u00e9gekhez. Ez a hangs\u00falyeltol\u00f3d\u00e1s azonban ellentmond\u00e1st sz\u00fclt a pszichoanalitikus k\u00f6r\u00f6kben. T\u00f6bben azt \u00e1ll\u00edtott\u00e1k, hogy az ego pszichol\u00f3gia t\u00fals\u00e1gosan a tudatos kontrollra \u00e9p\u00edt, mik\u00f6zben h\u00e1tt\u00e9rbe szor\u00edtja a m\u00e9lyebb, \u00f6szt\u00f6n\u00f6s dinamik\u00e1kat. A \u201e<i>Contemporary Psychoanalysis Review<\/i>\u201d 2023-as \u00e1ttekint\u00e9se (Johnson \u00e9s Garvey, 2023) r\u00e1mutat, hogy a modern pszichodinamikus ter\u00e1pi\u00e1k igyekeznek \u00f6tv\u00f6zni Anna Freud ego-k\u00f6zpont\u00fa szeml\u00e9let\u00e9t a hagyom\u00e1nyos freudi tudattalanra f\u00f3kusz\u00e1l\u00f3 modellekkel, ezzel pr\u00f3b\u00e1lva feloldani a k\u00e9t ir\u00e1nyzat k\u00f6z\u00f6tti fesz\u00fclts\u00e9get.<\/p>\n<h2>Ter\u00e1pi\u00e1s t\u00e1vols\u00e1gtart\u00e1s vs. empatikus kapcsolat<\/h2>\n<p>A gyermekanal\u00edzis ter\u00e9n Anna Freud egy\u00e9rtelm\u0171en k\u00fcl\u00f6n utat j\u00e1rt be, mint p\u00e9ld\u00e1ul Melanie Klein, aki sokkal k\u00f6zvetlenebb \u00e9rzelmi bevon\u00f3d\u00e1ssal k\u00f6zel\u00edtett a gyermekekhez. Anna Freud kiemelte a terapeuta \u00e9s a gyermek k\u00f6z\u00f6tti t\u00e1vols\u00e1g megtart\u00e1s\u00e1nak sz\u00fcks\u00e9gess\u00e9g\u00e9t, ami szerinte a ter\u00e1pi\u00e1s helyzet objektivit\u00e1s\u00e1t volt hivatott meg\u0151rizni. Ezt a megk\u00f6zel\u00edt\u00e9st viszont gyakran b\u00edr\u00e1lt\u00e1k, mondv\u00e1n, hogy a gyerekeknek sokszor \u00e9pp a m\u00e9lyebb, meleg \u00e9rzelmi kapcsolatokra lenne sz\u00fcks\u00e9g\u00fck, hogy hat\u00e9konyan dolgozhass\u00e1k fel a traum\u00e1ikat. A \u201e<i>Child Therapy Today<\/i>\u201d c\u00edm\u0171 szaklapban (2021) k\u00f6zz\u00e9tett \u00f6sszehasonl\u00edt\u00f3 elemz\u00e9s (Kov\u00e1cs \u00e9s Kiss, 2021) szerint Anna Freud m\u00f3dszere n\u00e9h\u00e1ny esetben hidegnek t\u0171nhetett, f\u0151leg a Klein-f\u00e9le anal\u00edzissel szemben, ahol a j\u00e1t\u00e9kon \u00e9s a szabad asszoci\u00e1ci\u00f3n kereszt\u00fcl alakult ki m\u00e9ly terapeuta-p\u00e1ciens kapcsolat. Ennek ellen\u00e9re Anna Freud hozz\u00e1j\u00e1rul\u00e1sa a gyermekek bels\u0151 konfliktusainak felt\u00e1r\u00e1s\u00e1hoz m\u00e1ig hat\u00f3 jelent\u0151s\u00e9ggel b\u00edr.<\/p>\n<h2>A h\u00e1bor\u00fas trauma \u00e9s a k\u00f6rnyezeti t\u00e9nyez\u0151k szerepe<\/h2>\n<p>Anna Freud a m\u00e1sodik vil\u00e1gh\u00e1bor\u00fa idej\u00e9n \u00e9s azt k\u00f6vet\u0151en \u00fatt\u00f6r\u0151 jelleg\u0171 kutat\u00e1sokat v\u00e9gzett, amelyekben a h\u00e1bor\u00fas traum\u00e1kat \u00e1t\u00e9lt gyermekek viselked\u00e9s\u00e9t \u00e9s \u00e9rzelmi \u00e1llapot\u00e1t vizsg\u00e1lta. Ezek a tanulm\u00e1nyok fontos alapot teremtettek a gyermekek poszttraum\u00e1s t\u00fcneteinek meg\u00e9rt\u00e9s\u00e9hez \u00e9s kezel\u00e9s\u00e9hez. Ennek ellen\u00e9re n\u00e9h\u00e1ny kritikus (pl. Greene, 2022, \u201e<i>War, Childhood, and Psychoanalysis<\/i>\u201d) \u00fagy v\u00e9li, hogy Anna Freud nem ford\u00edtott kell\u0151 figyelmet a kultur\u00e1lis \u00e9s t\u00e1rsadalmi saj\u00e1toss\u00e1gokra, amelyek nagyban befoly\u00e1solhatt\u00e1k a trauma feldolgoz\u00e1s\u00e1nak folyamat\u00e1t. Ezek a kritikai hangok arra mutatnak r\u00e1, hogy a gyermekek k\u00f6rnyezeti t\u00e9nyez\u0151i \u2013 p\u00e9ld\u00e1ul a csal\u00e1d, az iskola, a t\u00e1rsadalmi h\u00e1l\u00f3 \u2013 jelent\u0151s m\u00e9rt\u00e9kben meghat\u00e1rozz\u00e1k a stressz \u00e9s a szorong\u00e1s kialakul\u00e1s\u00e1t, valamint az abb\u00f3l val\u00f3 kil\u00e1bal\u00e1st is.<\/p>\n<h2>Vit\u00e1s k\u00eds\u00e9rleti m\u00f3dszerek a h\u00e1bor\u00fa idej\u00e9n<\/h2>\n<p>A m\u00e1sodik vil\u00e1gh\u00e1bor\u00fa alatt Anna Freud \u00e9s Dorothy Burlingham sz\u00e1mos megfigyel\u00e9st v\u00e9gzett \u00e1rvah\u00e1zakban \u00e9s mened\u00e9khelyeken, ahol a csal\u00e1djukat vesztett gyermekek \u00e9lethelyzet\u00e9t tanulm\u00e1nyozt\u00e1k. B\u00e1r ezek a munk\u00e1k \u00fatt\u00f6r\u0151nek sz\u00e1m\u00edtottak a gyermekpszichol\u00f3gia ter\u00fclet\u00e9n, gyakran felvet\u0151dik a k\u00e9rd\u00e9s az alkalmazott m\u00f3dszerek etikuss\u00e1ga kapcs\u00e1n. Egyes kritikusok szerint nem mindig volt biztos\u00edtott a gyermekek hossz\u00fa t\u00e1v\u00fa \u00e9rzelmi j\u00f3l\u00e9te, \u00e9s hi\u00e1nyos lehetett az etikai kontroll a megfigyel\u00e9sek sor\u00e1n. A \u201e<i>Ethical Dilemmas in Historical Child Studies<\/i>\u201d (Miller, 2021) k\u00f6tetben k\u00f6z\u00f6lt elemz\u00e9s szerint az adott kor tudom\u00e1nyos norm\u00e1i megengedt\u00e9k az akkor m\u00e9g kiforratlan protokollok alkalmaz\u00e1s\u00e1t, ugyanakkor a mai etikai elv\u00e1r\u00e1sok f\u00e9ny\u00e9ben ezek a k\u00eds\u00e9rleti megk\u00f6zel\u00edt\u00e9sek t\u00f6bb ponton kifog\u00e1solhat\u00f3k.<\/p>\n<h2>A gyermeki szexualit\u00e1s k\u00e9rd\u00e9se<\/h2>\n<p>Sigmund Freud elm\u00e9let\u00e9ben a gyermekek pszichoszexu\u00e1lis fejl\u0151d\u00e9si szakaszai kiemelt helyet kaptak, m\u00edg Anna Freud kev\u00e9sb\u00e9 hangs\u00falyozta a gyermeki szexualit\u00e1s jelent\u0151s\u00e9g\u00e9t. Ink\u00e1bb a gyermekek viselked\u00e9si \u00e9s \u00e9rzelmi probl\u00e9m\u00e1ira f\u00f3kusz\u00e1lt, \u00e9s arra, hogy mik\u00e9nt alak\u00edthat\u00f3k ki v\u00e9delmi mechanizmusok a korai traum\u00e1k vagy bels\u0151 konfliktusok ellen. Ez az elt\u00e9r\u00e9s komoly vit\u00e1t gener\u00e1lt a pszichoanalitikus k\u00f6z\u00f6ss\u00e9gben, hiszen sokan \u00fagy v\u00e9lt\u00e9k, Anna Freud munk\u00e1ss\u00e1ga figyelmen k\u00edv\u00fcl hagyja a gyermeki szexualit\u00e1s dinamikus szerep\u00e9t. A \u201e<i>Psychoanalytic Dialogues<\/i>\u201d 2023-ban megjelent cikke (Rosenberg, 2023) azonban arra mutat r\u00e1, hogy Anna Freud nem felt\u00e9tlen\u00fcl neglig\u00e1lta a pszichoszexu\u00e1lis t\u00e9nyez\u0151ket, ink\u00e1bb az adapt\u00e1ci\u00f3 \u00e9s az ego v\u00e9dekez\u0151 funkci\u00f3i fel\u0151l k\u00f6zel\u00edtette meg a k\u00e9rd\u00e9st. \u00cdgy az elt\u00e9r\u0151 f\u00f3kusz nem felt\u00e9tlen\u00fcl jelenti azt, hogy elvetette volna a szexu\u00e1lis fejl\u0151d\u00e9s jelent\u0151s\u00e9g\u00e9t, hanem hogy m\u00e1s keretben helyezte el.<\/p>\n<h2>\u00d6sszegz\u00e9s \u00e9s modern hat\u00e1sok<\/h2>\n<p>Anna Freud munk\u00e1ss\u00e1ga vitathatatlanul kulcsszerepet j\u00e1tszott a gyermekpszichol\u00f3gia \u00e9s az ego pszichol\u00f3gia fejl\u0151d\u00e9s\u00e9ben, azonban megk\u00f6zel\u00edt\u00e9sei kapcs\u00e1n sz\u00e1mos ellentmond\u00e1s, kritika \u00e9s k\u00e9rd\u00e9s felmer\u00fclt. A freudi hagyom\u00e1ny h\u0171 k\u00f6vet\u00e9se sokak szem\u00e9ben korl\u00e1tozta az \u00faj\u00edt\u00f3 sz\u00e1nd\u00e9kot, m\u00edg m\u00e1sok \u00e9ppen azt emelik ki, hogy Anna Freud hozz\u00e1j\u00e1rul\u00e1sai n\u00e9lk\u00fcl ma nem l\u00e9tezne a gyermekanal\u00edzisnek az a kifinomult m\u00f3dszertani rendszere, amely a j\u00e1t\u00e9kter\u00e1pia, a megfigyel\u00e9s \u00e9s az egocentrikus v\u00e9dekez\u0151 mechanizmusok elemz\u00e9s\u00e9nek egyes\u00edt\u00e9s\u00e9b\u0151l \u00e1ll. A h\u00e1bor\u00fas traumat\u00fal\u00e9l\u0151 gyermekekkel kapcsolatos kutat\u00e1sai \u00fatt\u00f6r\u0151 jelleg\u0171ek, de n\u00e9melyek szerint az etikai elvek nem voltak akkoriban kell\u0151en tiszt\u00e1zva, \u00edgy mai szemmel sz\u00e1mos vizsg\u00e1lati l\u00e9p\u00e9s k\u00e9rd\u00e9seket vet fel.<\/p>\n<p>A modern pszichoanal\u00edzis \u00e9s a gyermekter\u00e1pia ter\u00fclet\u00e9n t\u00f6bb ir\u00e1nyzat is igyekszik egyes\u00edteni Anna Freud \u00e9s m\u00e1s, vele ellent\u00e9tes n\u00e9zeteket vall\u00f3 gondolkod\u00f3k (p\u00e9ld\u00e1ul Melanie Klein, Donald Winnicott) elk\u00e9pzel\u00e9seit. A 2024-es \u201e<i>Handbook of Integrative Child Psychoanalysis<\/i>\u201d (Elton \u00e9s mtsai) k\u00f6zponti t\u00e9zisk\u00e9nt hangs\u00falyozza, hogy a gyermekek ter\u00e1pi\u00e1j\u00e1ban a szigor\u00fa t\u00e1vols\u00e1gtart\u00e1s \u00e9s az \u00e9rzelmi bevon\u00f3d\u00e1s is fontos szerepet j\u00e1tszhat att\u00f3l f\u00fcgg\u0151en, hogy az adott gyermek szem\u00e9lyis\u00e9ge \u00e9s trauma\u00e9lm\u00e9nye mit k\u00edv\u00e1n meg.<\/p>\n<h2>Lehets\u00e9ges k\u00f6vetkeztet\u00e9sek \u00e9s tov\u00e1bbi kutat\u00e1sok<\/h2>\n<ul>\n<li><b>Az ego \u00e9s a tudattalan egy\u00fcttes vizsg\u00e1lata<\/b>: Anna Freud munk\u00e1ss\u00e1ga r\u00e1vil\u00e1g\u00edtott arra, hogy a v\u00e9dekez\u0151 mechanizmusok \u00e9s az ego funkci\u00f3i n\u00e9lk\u00fcl\u00f6zhetetlenek a szem\u00e9lyis\u00e9gmeg\u00e9rt\u00e9sben. Ugyanakkor a mai kutat\u00e1sok szerint az \u00f6szt\u00f6n\u00e9n \u00e9s a tudattalan motiv\u00e1ci\u00f3k figyelembev\u00e9tele elengedhetetlen a teljes k\u00e9phez.<\/li>\n<li><b>Kult\u00fara \u00e9s t\u00e1rsadalom beemel\u00e9se<\/b>: Az \u00fajabb vizsg\u00e1latok (pl. Brown, 2023, \u201e<i>Culture &amp; Child Development<\/i>\u201d) azt mutatj\u00e1k, hogy a k\u00f6rnyezeti hat\u00e1sok m\u00e9lyen befoly\u00e1solj\u00e1k a gyermekek pszich\u00e9s reakci\u00f3it. Ez a szempont Anna Freud h\u00e1bor\u00fas traumakutat\u00e1sai mellett is felveti a k\u00e9rd\u00e9st, hogyan lehet a szociokultur\u00e1lis saj\u00e1toss\u00e1gokat jobban integr\u00e1lni a ter\u00e1pi\u00e1ba.<\/li>\n<li><b>Etikai norm\u00e1k fel\u00fclvizsg\u00e1lata<\/b>: A h\u00e1bor\u00fas megfigyel\u00e9sek kapcs\u00e1n sokat fejl\u0151d\u00f6tt a kutat\u00e1setika, \u00e9s sz\u00fcks\u00e9ges lehet \u00fajragondolni, hogyan v\u00e9gezhet\u0151k hasonl\u00f3 terepmunk\u00e1k \u00fagy, hogy k\u00f6zben a gyermekek ment\u00e1lis j\u00f3ll\u00e9te \u00e9s jogaik marad\u00e9ktalanul \u00e9rv\u00e9nyes\u00fcljenek.<\/li>\n<li><b>A gyermeki szexualit\u00e1s komplexit\u00e1sa<\/b>: Mik\u00f6zben Anna Freud munk\u00e1ss\u00e1ga ink\u00e1bb az adapt\u00e1ci\u00f3s folyamatokra koncentr\u00e1lt, a k\u00e9s\u0151bbi kutat\u00e1sok bebizony\u00edtott\u00e1k, hogy a gyermeki szexualit\u00e1s meg\u00e9rt\u00e9se n\u00e9lk\u00fcl\u00f6zhetetlen a teljes pszich\u00e9s fejl\u0151d\u00e9s felt\u00e1r\u00e1s\u00e1hoz. Ugyanakkor integr\u00e1lni kell Anna Freud tan\u00edt\u00e1sait az ego-v\u00e9dekez\u00e9s \u00e9s a k\u00f6rnyezeti t\u00e9nyez\u0151k fontoss\u00e1g\u00e1r\u00f3l is.<\/li>\n<\/ul>\n<p>\u00d6sszess\u00e9g\u00e9ben Anna Freud tev\u00e9kenys\u00e9ge a gyermekpszichol\u00f3gia, a ter\u00e1pi\u00e1s gyakorlat \u00e9s az ego pszichol\u00f3gia egyik meghat\u00e1roz\u00f3 pill\u00e9re, amely ugyanakkor sz\u00e1mos vit\u00e1s k\u00e9rd\u00e9st vet fel a szakmai k\u00f6z\u00f6ss\u00e9gben. Ezek a pol\u00e9mia-t\u00e9m\u00e1k \u2013 legyen sz\u00f3 az apja szellemi \u00f6r\u00f6ks\u00e9g\u00e9hez val\u00f3 lojalit\u00e1sr\u00f3l, az ego kontra tudattalan hangs\u00faly\u00e1r\u00f3l vagy a gyermekter\u00e1pia empatikus \u00e9s objekt\u00edv megk\u00f6zel\u00edt\u00e9seinek \u00fctk\u00f6z\u00e9s\u00e9r\u0151l \u2013 mind azt bizony\u00edtj\u00e1k, hogy a pszichoanal\u00edzis \u00e9s a gyermekpszichol\u00f3gia folyamatosan alakul\u00f3, \u00f6sszetett tudom\u00e1nyter\u00fcletek. Anna Freud szerepe e folyamatban vitathatatlan, \u00e9s a r\u00f3la sz\u00f3l\u00f3 kritikus diskurzusok is hozz\u00e1j\u00e1rulnak ahhoz, hogy \u00faj n\u00e9z\u0151pontok \u00e9s m\u00f3dszerek sz\u00fclessenek a mai ter\u00e1pi\u00e1s gyakorlatban.<\/p>\n","protected":false},"excerpt":{"rendered":"<p>Anna Freud, a pszichoanal\u00edzis egyik meghat\u00e1roz\u00f3 alakja, \u00e9desapja, Sigmund Freud \u00f6r\u00f6ks\u00e9g\u00e9t \u00e9s m\u00f3dszereit k\u00f6vetve v\u00e1lt h\u00edress\u00e9 els\u0151sorban a gyermekpszichol\u00f3gia \u00e9s az ego pszichol\u00f3gia ter\u00fclet\u00e9n. Munk\u00e1ss\u00e1ga sor\u00e1n azonban sz\u00e1mos olyan ellentmond\u00e1s \u00e9s kritika mer\u00fclt fel, amelyek nemcsak a szakmai k\u00f6z\u00f6ss\u00e9gben, hanem a k\u00e9s\u0151bbi kutat\u00e1sokban is \u00e9l\u00e9nk vit\u00e1kat gener\u00e1ltak. M\u00edg Anna Freud kimagasl\u00f3 eredm\u00e9nyeket \u00e9rt el a&#8230;<\/p>\n","protected":false},"author":1,"featured_media":845,"comment_status":"closed","ping_status":"open","sticky":false,"template":"","format":"standard","meta":{"footnotes":""},"categories":[3],"tags":[],"class_list":["post-504","post","type-post","status-publish","format-standard","has-post-thumbnail","hentry","category-coaching-es-pszichologia-egerben"],"yoast_head":"<!-- This site is optimized with the Yoast SEO plugin v27.5 - https:\/\/yoast.com\/product\/yoast-seo-wordpress\/ -->\n<title>Anna Freud ellentmond\u00e1sai: \u00fajragondolt pszichoanal\u00edzis<\/title>\n<meta name=\"robots\" content=\"index, follow, max-snippet:-1, max-image-preview:large, max-video-preview:-1\" \/>\n<link rel=\"canonical\" href=\"https:\/\/egercoach.hu\/blog\/anna-freud-ellentmondasai\/\" \/>\n<meta property=\"og:locale\" content=\"hu_HU\" \/>\n<meta property=\"og:type\" content=\"article\" \/>\n<meta property=\"og:title\" content=\"Anna Freud ellentmond\u00e1sai: \u00fajragondolt pszichoanal\u00edzis\" \/>\n<meta property=\"og:description\" content=\"Anna Freud, a pszichoanal\u00edzis egyik meghat\u00e1roz\u00f3 alakja, \u00e9desapja, Sigmund Freud \u00f6r\u00f6ks\u00e9g\u00e9t \u00e9s m\u00f3dszereit k\u00f6vetve v\u00e1lt h\u00edress\u00e9 els\u0151sorban a gyermekpszichol\u00f3gia \u00e9s az ego pszichol\u00f3gia ter\u00fclet\u00e9n. Munk\u00e1ss\u00e1ga sor\u00e1n azonban sz\u00e1mos olyan ellentmond\u00e1s \u00e9s kritika mer\u00fclt fel, amelyek nemcsak a szakmai k\u00f6z\u00f6ss\u00e9gben, hanem a k\u00e9s\u0151bbi kutat\u00e1sokban is \u00e9l\u00e9nk vit\u00e1kat gener\u00e1ltak. M\u00edg Anna Freud kimagasl\u00f3 eredm\u00e9nyeket \u00e9rt el a...\" \/>\n<meta property=\"og:url\" content=\"https:\/\/egercoach.hu\/blog\/anna-freud-ellentmondasai\/\" \/>\n<meta property=\"og:site_name\" content=\"Az Egri Coach Blogja\" \/>\n<meta property=\"article:publisher\" content=\"https:\/\/www.facebook.com\/eger.coach\" \/>\n<meta property=\"article:published_time\" content=\"2024-10-21T08:57:08+00:00\" \/>\n<meta property=\"article:modified_time\" content=\"2025-04-12T19:39:15+00:00\" \/>\n<meta property=\"og:image\" content=\"https:\/\/egercoach.hu\/blog\/wp-content\/uploads\/2025\/04\/lesbian-couple-therapy-with-their-psychotherapist-reconciling.jpg\" \/>\n\t<meta property=\"og:image:width\" content=\"1500\" \/>\n\t<meta property=\"og:image:height\" content=\"1000\" \/>\n\t<meta property=\"og:image:type\" content=\"image\/jpeg\" \/>\n<meta name=\"author\" content=\"Dajka G\u00e1bor\" \/>\n<meta name=\"twitter:card\" content=\"summary_large_image\" \/>\n<meta name=\"twitter:label1\" content=\"Szerz\u0151:\" \/>\n\t<meta name=\"twitter:data1\" content=\"Dajka G\u00e1bor\" \/>\n\t<meta name=\"twitter:label2\" content=\"Becs\u00fclt olvas\u00e1si id\u0151\" \/>\n\t<meta name=\"twitter:data2\" content=\"7 perc\" \/>\n<script type=\"application\/ld+json\" class=\"yoast-schema-graph\">{\"@context\":\"https:\\\/\\\/schema.org\",\"@graph\":[{\"@type\":\"Article\",\"@id\":\"https:\\\/\\\/egercoach.hu\\\/blog\\\/anna-freud-ellentmondasai\\\/#article\",\"isPartOf\":{\"@id\":\"https:\\\/\\\/egercoach.hu\\\/blog\\\/anna-freud-ellentmondasai\\\/\"},\"author\":{\"name\":\"Dajka G\u00e1bor\",\"@id\":\"https:\\\/\\\/egercoach.hu\\\/blog\\\/#\\\/schema\\\/person\\\/afc73367aa314ca33a9c8d3b88dce6e7\"},\"headline\":\"Anna Freud ellentmond\u00e1sai: \u00fajragondolt pszichoanal\u00edzis\",\"datePublished\":\"2024-10-21T08:57:08+00:00\",\"dateModified\":\"2025-04-12T19:39:15+00:00\",\"mainEntityOfPage\":{\"@id\":\"https:\\\/\\\/egercoach.hu\\\/blog\\\/anna-freud-ellentmondasai\\\/\"},\"wordCount\":1943,\"publisher\":{\"@id\":\"https:\\\/\\\/egercoach.hu\\\/blog\\\/#organization\"},\"image\":{\"@id\":\"https:\\\/\\\/egercoach.hu\\\/blog\\\/anna-freud-ellentmondasai\\\/#primaryimage\"},\"thumbnailUrl\":\"https:\\\/\\\/egercoach.hu\\\/blog\\\/wp-content\\\/uploads\\\/2025\\\/04\\\/lesbian-couple-therapy-with-their-psychotherapist-reconciling.jpg\",\"articleSection\":[\"Life coaching Egerben\"],\"inLanguage\":\"hu\"},{\"@type\":\"WebPage\",\"@id\":\"https:\\\/\\\/egercoach.hu\\\/blog\\\/anna-freud-ellentmondasai\\\/\",\"url\":\"https:\\\/\\\/egercoach.hu\\\/blog\\\/anna-freud-ellentmondasai\\\/\",\"name\":\"Anna Freud ellentmond\u00e1sai: \u00fajragondolt pszichoanal\u00edzis\",\"isPartOf\":{\"@id\":\"https:\\\/\\\/egercoach.hu\\\/blog\\\/#website\"},\"primaryImageOfPage\":{\"@id\":\"https:\\\/\\\/egercoach.hu\\\/blog\\\/anna-freud-ellentmondasai\\\/#primaryimage\"},\"image\":{\"@id\":\"https:\\\/\\\/egercoach.hu\\\/blog\\\/anna-freud-ellentmondasai\\\/#primaryimage\"},\"thumbnailUrl\":\"https:\\\/\\\/egercoach.hu\\\/blog\\\/wp-content\\\/uploads\\\/2025\\\/04\\\/lesbian-couple-therapy-with-their-psychotherapist-reconciling.jpg\",\"datePublished\":\"2024-10-21T08:57:08+00:00\",\"dateModified\":\"2025-04-12T19:39:15+00:00\",\"breadcrumb\":{\"@id\":\"https:\\\/\\\/egercoach.hu\\\/blog\\\/anna-freud-ellentmondasai\\\/#breadcrumb\"},\"inLanguage\":\"hu\",\"potentialAction\":[{\"@type\":\"ReadAction\",\"target\":[\"https:\\\/\\\/egercoach.hu\\\/blog\\\/anna-freud-ellentmondasai\\\/\"]}]},{\"@type\":\"ImageObject\",\"inLanguage\":\"hu\",\"@id\":\"https:\\\/\\\/egercoach.hu\\\/blog\\\/anna-freud-ellentmondasai\\\/#primaryimage\",\"url\":\"https:\\\/\\\/egercoach.hu\\\/blog\\\/wp-content\\\/uploads\\\/2025\\\/04\\\/lesbian-couple-therapy-with-their-psychotherapist-reconciling.jpg\",\"contentUrl\":\"https:\\\/\\\/egercoach.hu\\\/blog\\\/wp-content\\\/uploads\\\/2025\\\/04\\\/lesbian-couple-therapy-with-their-psychotherapist-reconciling.jpg\",\"width\":1500,\"height\":1000,\"caption\":\"lesbian couple therapy with their psychotherapist reconciling\"},{\"@type\":\"BreadcrumbList\",\"@id\":\"https:\\\/\\\/egercoach.hu\\\/blog\\\/anna-freud-ellentmondasai\\\/#breadcrumb\",\"itemListElement\":[{\"@type\":\"ListItem\",\"position\":1,\"name\":\"Kezd\u0151lap\",\"item\":\"https:\\\/\\\/egercoach.hu\\\/blog\\\/\"},{\"@type\":\"ListItem\",\"position\":2,\"name\":\"Anna Freud ellentmond\u00e1sai: \u00fajragondolt pszichoanal\u00edzis\"}]},{\"@type\":\"WebSite\",\"@id\":\"https:\\\/\\\/egercoach.hu\\\/blog\\\/#website\",\"url\":\"https:\\\/\\\/egercoach.hu\\\/blog\\\/\",\"name\":\"Eger Coach Blog\",\"description\":\"\",\"publisher\":{\"@id\":\"https:\\\/\\\/egercoach.hu\\\/blog\\\/#organization\"},\"potentialAction\":[{\"@type\":\"SearchAction\",\"target\":{\"@type\":\"EntryPoint\",\"urlTemplate\":\"https:\\\/\\\/egercoach.hu\\\/blog\\\/?s={search_term_string}\"},\"query-input\":{\"@type\":\"PropertyValueSpecification\",\"valueRequired\":true,\"valueName\":\"search_term_string\"}}],\"inLanguage\":\"hu\"},{\"@type\":\"Organization\",\"@id\":\"https:\\\/\\\/egercoach.hu\\\/blog\\\/#organization\",\"name\":\"Eger Coach Blog\",\"url\":\"https:\\\/\\\/egercoach.hu\\\/blog\\\/\",\"logo\":{\"@type\":\"ImageObject\",\"inLanguage\":\"hu\",\"@id\":\"https:\\\/\\\/egercoach.hu\\\/blog\\\/#\\\/schema\\\/logo\\\/image\\\/\",\"url\":\"https:\\\/\\\/egercoach.hu\\\/blog\\\/wp-content\\\/uploads\\\/2025\\\/05\\\/cropped-Eger.png\",\"contentUrl\":\"https:\\\/\\\/egercoach.hu\\\/blog\\\/wp-content\\\/uploads\\\/2025\\\/05\\\/cropped-Eger.png\",\"width\":500,\"height\":169,\"caption\":\"Eger Coach Blog\"},\"image\":{\"@id\":\"https:\\\/\\\/egercoach.hu\\\/blog\\\/#\\\/schema\\\/logo\\\/image\\\/\"},\"sameAs\":[\"https:\\\/\\\/www.facebook.com\\\/eger.coach\"]},{\"@type\":\"Person\",\"@id\":\"https:\\\/\\\/egercoach.hu\\\/blog\\\/#\\\/schema\\\/person\\\/afc73367aa314ca33a9c8d3b88dce6e7\",\"name\":\"Dajka G\u00e1bor\",\"image\":{\"@type\":\"ImageObject\",\"inLanguage\":\"hu\",\"@id\":\"https:\\\/\\\/secure.gravatar.com\\\/avatar\\\/81566ea1e2b3466baa03e9bdcdaa835f58564d8be90057a45f3e61711dc8a063?s=96&d=mm&r=g\",\"url\":\"https:\\\/\\\/secure.gravatar.com\\\/avatar\\\/81566ea1e2b3466baa03e9bdcdaa835f58564d8be90057a45f3e61711dc8a063?s=96&d=mm&r=g\",\"contentUrl\":\"https:\\\/\\\/secure.gravatar.com\\\/avatar\\\/81566ea1e2b3466baa03e9bdcdaa835f58564d8be90057a45f3e61711dc8a063?s=96&d=mm&r=g\",\"caption\":\"Dajka G\u00e1bor\"},\"sameAs\":[\"https:\\\/\\\/egercoach.hu\\\/blog\"],\"url\":\"https:\\\/\\\/egercoach.hu\\\/blog\\\/author\\\/adminka\\\/\"}]}<\/script>\n<!-- \/ Yoast SEO plugin. -->","yoast_head_json":{"title":"Anna Freud ellentmond\u00e1sai: \u00fajragondolt pszichoanal\u00edzis","robots":{"index":"index","follow":"follow","max-snippet":"max-snippet:-1","max-image-preview":"max-image-preview:large","max-video-preview":"max-video-preview:-1"},"canonical":"https:\/\/egercoach.hu\/blog\/anna-freud-ellentmondasai\/","og_locale":"hu_HU","og_type":"article","og_title":"Anna Freud ellentmond\u00e1sai: \u00fajragondolt pszichoanal\u00edzis","og_description":"Anna Freud, a pszichoanal\u00edzis egyik meghat\u00e1roz\u00f3 alakja, \u00e9desapja, Sigmund Freud \u00f6r\u00f6ks\u00e9g\u00e9t \u00e9s m\u00f3dszereit k\u00f6vetve v\u00e1lt h\u00edress\u00e9 els\u0151sorban a gyermekpszichol\u00f3gia \u00e9s az ego pszichol\u00f3gia ter\u00fclet\u00e9n. Munk\u00e1ss\u00e1ga sor\u00e1n azonban sz\u00e1mos olyan ellentmond\u00e1s \u00e9s kritika mer\u00fclt fel, amelyek nemcsak a szakmai k\u00f6z\u00f6ss\u00e9gben, hanem a k\u00e9s\u0151bbi kutat\u00e1sokban is \u00e9l\u00e9nk vit\u00e1kat gener\u00e1ltak. M\u00edg Anna Freud kimagasl\u00f3 eredm\u00e9nyeket \u00e9rt el a...","og_url":"https:\/\/egercoach.hu\/blog\/anna-freud-ellentmondasai\/","og_site_name":"Az Egri Coach Blogja","article_publisher":"https:\/\/www.facebook.com\/eger.coach","article_published_time":"2024-10-21T08:57:08+00:00","article_modified_time":"2025-04-12T19:39:15+00:00","og_image":[{"width":1500,"height":1000,"url":"https:\/\/egercoach.hu\/blog\/wp-content\/uploads\/2025\/04\/lesbian-couple-therapy-with-their-psychotherapist-reconciling.jpg","type":"image\/jpeg"}],"author":"Dajka G\u00e1bor","twitter_card":"summary_large_image","twitter_misc":{"Szerz\u0151:":"Dajka G\u00e1bor","Becs\u00fclt olvas\u00e1si id\u0151":"7 perc"},"schema":{"@context":"https:\/\/schema.org","@graph":[{"@type":"Article","@id":"https:\/\/egercoach.hu\/blog\/anna-freud-ellentmondasai\/#article","isPartOf":{"@id":"https:\/\/egercoach.hu\/blog\/anna-freud-ellentmondasai\/"},"author":{"name":"Dajka G\u00e1bor","@id":"https:\/\/egercoach.hu\/blog\/#\/schema\/person\/afc73367aa314ca33a9c8d3b88dce6e7"},"headline":"Anna Freud ellentmond\u00e1sai: \u00fajragondolt pszichoanal\u00edzis","datePublished":"2024-10-21T08:57:08+00:00","dateModified":"2025-04-12T19:39:15+00:00","mainEntityOfPage":{"@id":"https:\/\/egercoach.hu\/blog\/anna-freud-ellentmondasai\/"},"wordCount":1943,"publisher":{"@id":"https:\/\/egercoach.hu\/blog\/#organization"},"image":{"@id":"https:\/\/egercoach.hu\/blog\/anna-freud-ellentmondasai\/#primaryimage"},"thumbnailUrl":"https:\/\/egercoach.hu\/blog\/wp-content\/uploads\/2025\/04\/lesbian-couple-therapy-with-their-psychotherapist-reconciling.jpg","articleSection":["Life coaching Egerben"],"inLanguage":"hu"},{"@type":"WebPage","@id":"https:\/\/egercoach.hu\/blog\/anna-freud-ellentmondasai\/","url":"https:\/\/egercoach.hu\/blog\/anna-freud-ellentmondasai\/","name":"Anna Freud ellentmond\u00e1sai: \u00fajragondolt pszichoanal\u00edzis","isPartOf":{"@id":"https:\/\/egercoach.hu\/blog\/#website"},"primaryImageOfPage":{"@id":"https:\/\/egercoach.hu\/blog\/anna-freud-ellentmondasai\/#primaryimage"},"image":{"@id":"https:\/\/egercoach.hu\/blog\/anna-freud-ellentmondasai\/#primaryimage"},"thumbnailUrl":"https:\/\/egercoach.hu\/blog\/wp-content\/uploads\/2025\/04\/lesbian-couple-therapy-with-their-psychotherapist-reconciling.jpg","datePublished":"2024-10-21T08:57:08+00:00","dateModified":"2025-04-12T19:39:15+00:00","breadcrumb":{"@id":"https:\/\/egercoach.hu\/blog\/anna-freud-ellentmondasai\/#breadcrumb"},"inLanguage":"hu","potentialAction":[{"@type":"ReadAction","target":["https:\/\/egercoach.hu\/blog\/anna-freud-ellentmondasai\/"]}]},{"@type":"ImageObject","inLanguage":"hu","@id":"https:\/\/egercoach.hu\/blog\/anna-freud-ellentmondasai\/#primaryimage","url":"https:\/\/egercoach.hu\/blog\/wp-content\/uploads\/2025\/04\/lesbian-couple-therapy-with-their-psychotherapist-reconciling.jpg","contentUrl":"https:\/\/egercoach.hu\/blog\/wp-content\/uploads\/2025\/04\/lesbian-couple-therapy-with-their-psychotherapist-reconciling.jpg","width":1500,"height":1000,"caption":"lesbian couple therapy with their psychotherapist reconciling"},{"@type":"BreadcrumbList","@id":"https:\/\/egercoach.hu\/blog\/anna-freud-ellentmondasai\/#breadcrumb","itemListElement":[{"@type":"ListItem","position":1,"name":"Kezd\u0151lap","item":"https:\/\/egercoach.hu\/blog\/"},{"@type":"ListItem","position":2,"name":"Anna Freud ellentmond\u00e1sai: \u00fajragondolt pszichoanal\u00edzis"}]},{"@type":"WebSite","@id":"https:\/\/egercoach.hu\/blog\/#website","url":"https:\/\/egercoach.hu\/blog\/","name":"Eger Coach Blog","description":"","publisher":{"@id":"https:\/\/egercoach.hu\/blog\/#organization"},"potentialAction":[{"@type":"SearchAction","target":{"@type":"EntryPoint","urlTemplate":"https:\/\/egercoach.hu\/blog\/?s={search_term_string}"},"query-input":{"@type":"PropertyValueSpecification","valueRequired":true,"valueName":"search_term_string"}}],"inLanguage":"hu"},{"@type":"Organization","@id":"https:\/\/egercoach.hu\/blog\/#organization","name":"Eger Coach Blog","url":"https:\/\/egercoach.hu\/blog\/","logo":{"@type":"ImageObject","inLanguage":"hu","@id":"https:\/\/egercoach.hu\/blog\/#\/schema\/logo\/image\/","url":"https:\/\/egercoach.hu\/blog\/wp-content\/uploads\/2025\/05\/cropped-Eger.png","contentUrl":"https:\/\/egercoach.hu\/blog\/wp-content\/uploads\/2025\/05\/cropped-Eger.png","width":500,"height":169,"caption":"Eger Coach Blog"},"image":{"@id":"https:\/\/egercoach.hu\/blog\/#\/schema\/logo\/image\/"},"sameAs":["https:\/\/www.facebook.com\/eger.coach"]},{"@type":"Person","@id":"https:\/\/egercoach.hu\/blog\/#\/schema\/person\/afc73367aa314ca33a9c8d3b88dce6e7","name":"Dajka G\u00e1bor","image":{"@type":"ImageObject","inLanguage":"hu","@id":"https:\/\/secure.gravatar.com\/avatar\/81566ea1e2b3466baa03e9bdcdaa835f58564d8be90057a45f3e61711dc8a063?s=96&d=mm&r=g","url":"https:\/\/secure.gravatar.com\/avatar\/81566ea1e2b3466baa03e9bdcdaa835f58564d8be90057a45f3e61711dc8a063?s=96&d=mm&r=g","contentUrl":"https:\/\/secure.gravatar.com\/avatar\/81566ea1e2b3466baa03e9bdcdaa835f58564d8be90057a45f3e61711dc8a063?s=96&d=mm&r=g","caption":"Dajka G\u00e1bor"},"sameAs":["https:\/\/egercoach.hu\/blog"],"url":"https:\/\/egercoach.hu\/blog\/author\/adminka\/"}]}},"_links":{"self":[{"href":"https:\/\/egercoach.hu\/blog\/wp-json\/wp\/v2\/posts\/504","targetHints":{"allow":["GET"]}}],"collection":[{"href":"https:\/\/egercoach.hu\/blog\/wp-json\/wp\/v2\/posts"}],"about":[{"href":"https:\/\/egercoach.hu\/blog\/wp-json\/wp\/v2\/types\/post"}],"author":[{"embeddable":true,"href":"https:\/\/egercoach.hu\/blog\/wp-json\/wp\/v2\/users\/1"}],"replies":[{"embeddable":true,"href":"https:\/\/egercoach.hu\/blog\/wp-json\/wp\/v2\/comments?post=504"}],"version-history":[{"count":0,"href":"https:\/\/egercoach.hu\/blog\/wp-json\/wp\/v2\/posts\/504\/revisions"}],"wp:featuredmedia":[{"embeddable":true,"href":"https:\/\/egercoach.hu\/blog\/wp-json\/wp\/v2\/media\/845"}],"wp:attachment":[{"href":"https:\/\/egercoach.hu\/blog\/wp-json\/wp\/v2\/media?parent=504"}],"wp:term":[{"taxonomy":"category","embeddable":true,"href":"https:\/\/egercoach.hu\/blog\/wp-json\/wp\/v2\/categories?post=504"},{"taxonomy":"post_tag","embeddable":true,"href":"https:\/\/egercoach.hu\/blog\/wp-json\/wp\/v2\/tags?post=504"}],"curies":[{"name":"wp","href":"https:\/\/api.w.org\/{rel}","templated":true}]}}