{"id":521,"date":"2025-02-19T08:34:49","date_gmt":"2025-02-19T07:34:49","guid":{"rendered":"https:\/\/egercoach.hu\/blog\/?p=521"},"modified":"2025-03-25T10:26:54","modified_gmt":"2025-03-25T09:26:54","slug":"a-2025-os-pszichologiai-trendek-a-psychology-today-alapjan","status":"publish","type":"post","link":"https:\/\/egercoach.hu\/blog\/a-2025-os-pszichologiai-trendek-a-psychology-today-alapjan\/","title":{"rendered":"A 2025-\u00f6s pszichol\u00f3giai trendek a Psychology Today alapj\u00e1n"},"content":{"rendered":"\r\n<h2><strong>N\u00e9pszer\u0171 pszichol\u00f3giai \u00e9s ment\u00e1lhigi\u00e9n\u00e9s t\u00e9m\u00e1k<\/strong><\/h2>\r\n\r\n\r\n\r\n<p>\u2022 <strong>Ment\u00e1lis eg\u00e9szs\u00e9g tudatoss\u00e1g \u00e9s cs\u00f6kken\u0151 stigma:<\/strong> A ment\u00e1lis probl\u00e9m\u00e1kr\u00f3l sz\u00f3l\u00f3 p\u00e1rbesz\u00e9d az ut\u00f3bbi \u00e9vekben <strong>f\u0151\u00e1ram\u00fav\u00e1 v\u00e1lt<\/strong>. H\u00edres sportol\u00f3k \u00e9s el\u0151ad\u00f3k (pl. Simone Biles, Selena Gomez) ny\u00edltan besz\u00e9lnek lelki k\u00fczdelmeikr\u0151l, ami seg\u00edt <strong>led\u00f6nteni a tabukat<\/strong>. Ennek k\u00f6sz\u00f6nhet\u0151en sok fiatal ma m\u00e1r <strong>ny\u00edltan v\u00e1llalja<\/strong> saj\u00e1t ment\u00e1lis neh\u00e9zs\u00e9geit, b\u00e1trabban k\u00e9r seg\u00edts\u00e9get, \u00e9s kev\u00e9sb\u00e9 b\u00e9lyegzik meg egym\u00e1st. A ment\u00e1lis eg\u00e9szs\u00e9g kor\u00e1bban sz\u00e9gyellt t\u00e9m\u00e1ja m\u00e1ra <em>az er\u0151 \u00e9s \u00f6ntudatoss\u00e1g jel\u00e9v\u00e9 v\u00e1lt<\/em>. Ez a pozit\u00edv fordulat rengeteg ember \u00e9let\u00e9t jobb\u00e1 tette \u00e9s \u00e9leteket mentett meg.<\/p>\r\n\r\n\r\n\r\n<p>\u2022 <strong>A ment\u00e1lis eg\u00e9szs\u00e9g \u201et\u00faltudatos\u00edt\u00e1sa\u201d:<\/strong> \u00c9rdekes m\u00f3don az <strong>\u00e1ltal\u00e1nos tudatoss\u00e1g n\u00f6veked\u00e9s\u00e9vel a diagnosztiz\u00e1lt esetek sz\u00e1ma is emelkedni l\u00e1tszik<\/strong>. Ma m\u00e1r szinte mindenkinek van ismer\u0151se, aki szorong\u00e1ssal, depresszi\u00f3val vagy m\u00e1s ment\u00e1lis gonddal k\u00fczd. Felmer\u00fclt a k\u00e9rd\u00e9s, hogy <strong>nem v\u00e1lik-e t\u00falzott\u00e1<\/strong> a ment\u00e1lis eg\u00e9szs\u00e9g k\u00f6r\u00fcli figyelem, \u00e9s ez nem j\u00e1rul-e hozz\u00e1 a probl\u00e9m\u00e1k l\u00e1tsz\u00f3lagos terjed\u00e9s\u00e9hez. Kutat\u00f3k az \u201e\u00faj \u00f6tletek a pszichol\u00f3gi\u00e1ban\u201d c\u00edm\u0171 foly\u00f3iratban arra figyelmeztetnek, hogy a fokozott figyelem egyfajta <strong>\u201ehiper-\u00e9rz\u00e9kenys\u00e9get\u201d<\/strong> sz\u00fclt: a <em>norm\u00e1lis emberi \u00e9rzelmeket<\/em> sokan m\u00e1r k\u00f3ros t\u00fcnetk\u00e9nt \u00e9rtelmezik. P\u00e9ld\u00e1ul a mindennapos stresszt vagy szomor\u00fas\u00e1got t\u00e9vesen szorong\u00e1sos zavarnak hihetj\u00fck, ami tov\u00e1bbi szorong\u00e1st \u00e9s elker\u00fcl\u00e9st sz\u00fclhet \u2013 egyfajta <strong>\u00f6ner\u0151s\u00edt\u0151 spir\u00e1lt<\/strong> ind\u00edtva be.<\/p>\r\n\r\n\r\n\r\n<p>\u2022 <strong>K\u00f6z\u00f6ss\u00e9gi m\u00e9dia \u00e9s \u00f6ndiagn\u00f3zis:<\/strong> A TikTok \u00e9s m\u00e1s platformok n\u00e9pszer\u0171 ment\u00e1lhigi\u00e9n\u00e9s tartalmak forr\u00e1s\u00e1v\u00e1 v\u00e1ltak, k\u00fcl\u00f6n\u00f6sen a tin\u00e9dzserek k\u00f6r\u00e9ben. Ennek <em>el\u0151nye<\/em>, hogy <strong>k\u00f6z\u00f6ss\u00e9gi t\u00e1mogat\u00e1st<\/strong> \u00e9s inform\u00e1ci\u00f3t ny\u00fajtanak azoknak, akik lelki probl\u00e9m\u00e1kat tapasztalnak. Ugyanakkor komoly <em>kock\u00e1zat<\/em>, hogy sok fiatal <strong>szakember n\u00e9lk\u00fcl, \u00f6nmag\u00e1t diagnosztiz\u00e1lja<\/strong> a neten l\u00e1tottak alapj\u00e1n. Egy friss felm\u00e9r\u00e9s szerint a k\u00f6z\u00e9piskol\u00e1sok <strong>55%-a pr\u00f3b\u00e1lta k\u00f6z\u00f6ss\u00e9gi m\u00e9di\u00e1s tartalmak alapj\u00e1n meghat\u00e1rozni saj\u00e1t ment\u00e1lis bajait<\/strong>. A leggyakoribb \u201e\u00f6ntesztek\u201d az ADHD-val, autizmus spektrummal, szorong\u00e1ssal kapcsolatosak. A pszichol\u00f3gusok figyelmeztetnek, hogy az ilyen <em>\u00f6ntudor diagn\u00f3zisok<\/em> gyakran f\u00e9lrevezet\u0151k, \u00e9s <strong>megnehez\u00edthetik a val\u00f3di seg\u00edts\u00e9g keres\u00e9s\u00e9t<\/strong>. A k\u00f6z\u00f6ss\u00e9gi m\u00e9dia ment\u00e1lis eg\u00e9szs\u00e9gre gyakorolt hat\u00e1sa teh\u00e1t kett\u0151s: egyszerre seg\u00edthet normaliz\u00e1lni a probl\u00e9m\u00e1kat, de <strong>f\u00e9lret\u00e1j\u00e9koztat\u00e1st \u00e9s t\u00falzott aggodalmat is kelthet<\/strong>.<\/p>\r\n\r\n\r\n\r\n<p>\u2022 <strong>Kapcsolati vissza\u00e9l\u00e9sek \u00e9s szem\u00e9lyis\u00e9gzavarok a k\u00f6zbesz\u00e9dben:<\/strong> Az ut\u00f3bbi id\u0151ben <strong>felkapott\u00e1 v\u00e1ltak bizonyos pszichol\u00f3giai fogalmak<\/strong> a mindennapi besz\u00e9dben. Gyakran hallani a <em>\u201cn\u00e1rcizmus\u201d<\/em>, <em>\u201cm\u00e9rgez\u0151\u201d kapcsolatok<\/em> vagy <em>\u201cgaslighting\u201d<\/em> (g\u00e1zl\u00e1ngoz\u00e1s) kifejez\u00e9seket, ahogy az emberek megpr\u00f3b\u00e1lj\u00e1k le\u00edrni rossz tapasztalataikat. A <em>Psychology Today<\/em> is kiemeli ezeket, hiszen a <strong>trending topicjai k\u00f6z\u00f6tt<\/strong> szerepel p\u00e9ld\u00e1ul az <em>\u00e9rzelmi intelligencia<\/em>, a <em>n\u00e1rcizmus<\/em> \u00e9s a <em>gaslighting<\/em>. Ez azt mutatja, hogy a sz\u00e9lesebb k\u00f6z\u00f6ns\u00e9get is foglalkoztatj\u00e1k az <strong>\u00f6nismerettel, manipul\u00e1ci\u00f3val \u00e9s szem\u00e9lyis\u00e9gzavarokkal<\/strong> kapcsolatos t\u00e9m\u00e1k. Az ilyen fogalmak n\u00e9pszer\u0171s\u00f6d\u00e9se seg\u00edthet jobban meg\u00e9rteni \u00e9s felismerni a b\u00e1ntalmaz\u00f3 viselked\u00e9st a kapcsolatokban, ugyanakkor a szakemberek \u00f3vatoss\u00e1gra intenek a pszichol\u00f3giai c\u00edmk\u00e9k <strong>t\u00fal k\u00f6nnyelm\u0171 haszn\u00e1lata<\/strong> ellen.<\/p>\r\n\r\n\r\n\r\n<p>\u2022 <strong>Munkahelyi stressz \u00e9s ki\u00e9g\u00e9s:<\/strong> A pand\u00e9mia ut\u00e1ni id\u0151szakban a <strong>munka-mag\u00e1n\u00e9let egyens\u00faly<\/strong> \u00e9s a <em>ki\u00e9g\u00e9s<\/em> (burnout) ker\u00fclt a figyelem k\u00f6z\u00e9ppontj\u00e1ba. Sokan r\u00e1eszm\u00e9ltek, hogy a folyamatos t\u00fal\u00f3r\u00e1z\u00e1s \u00e9s <em>t\u00falhajszolts\u00e1g<\/em> nem fenntarthat\u00f3. Kutat\u00e1sok igazolj\u00e1k, hogy a <strong>t\u00falmunka ki\u00e9g\u00e9shez vezet<\/strong>, rontja a termel\u00e9kenys\u00e9get \u00e9s n\u00f6veli a fluktu\u00e1ci\u00f3t, ami <em>a dolgoz\u00f3knak \u00e9s a munkaad\u00f3knak is \u00e1rt<\/em>. Ezzel szemben a <strong>rugalmasabb munkav\u00e9gz\u00e9s<\/strong> \u2013 p\u00e9ld\u00e1ul a home office vagy a hibrid munka \u2013 <strong>cs\u00f6kkenti a stresszt<\/strong> \u00e9s n\u00f6veli a munkav\u00e1llal\u00f3i el\u00e9gedetts\u00e9get. A munkahelyi ment\u00e1lhigi\u00e9n\u00e9 teh\u00e1t fontos trendd\u00e9 v\u00e1lt: egyre t\u00f6bb c\u00e9g \u00e9s vezet\u0151 \u00f6szt\u00f6nzi a <strong>munkaid\u0151 ut\u00e1ni pihen\u00e9st<\/strong>, a szabads\u00e1gok kiv\u00e9tel\u00e9t \u00e9s a ment\u00e1lis j\u00f3ll\u00e9t t\u00e1mogat\u00e1s\u00e1t. A c\u00e9l, hogy a dolgoz\u00f3k ne \u00e9gjenek ki, hanem kiegyens\u00falyozottabbak \u00e9s motiv\u00e1ltabbak legyenek hossz\u00fa t\u00e1von.<\/p>\r\n\r\n\r\n\r\n<h2><strong>\u00daj vagy egyre elterjedtebb ter\u00e1pi\u00e1s m\u00f3dszerek<\/strong><\/h2>\r\n\r\n\r\n\r\n<p>\u2022 <strong>Online ter\u00e1pia \u00e9s telepszichol\u00f3gia:<\/strong> A pszichoter\u00e1pia <strong>digit\u00e1lis forradalmon<\/strong> ment kereszt\u00fcl. A j\u00e1rv\u00e1ny hat\u00e1s\u00e1ra az <strong>online ter\u00e1pi\u00e1s platformok, vide\u00f3h\u00edv\u00e1sos tan\u00e1csad\u00e1sok \u00e9s mobilalkalmaz\u00e1sok<\/strong> sz\u00e9les k\u00f6rben elterjedtek. Ma m\u00e1r rutinszer\u0171, hogy valaki interneten keressen terapeut\u00e1t vagy <em>csetel\u00e9sen\/vide\u00f3n<\/em> kapjon tan\u00e1csad\u00e1st. Ez a v\u00e1lt\u00e1s <strong>led\u00f6nt\u00f6tte a f\u00f6ldrajzi korl\u00e1tokat<\/strong> \u00e9s megk\u00f6nny\u00edtette a seg\u00edts\u00e9gk\u00e9r\u00e9st azoknak is, akik kor\u00e1bban a t\u00e1vols\u00e1g, az id\u0151beoszt\u00e1s vagy a <strong>stigmatiz\u00e1lts\u00e1g \u00e9rz\u00e9se<\/strong> miatt nem jutottak ter\u00e1pi\u00e1hoz. A <em>Psychology Today<\/em> szerint a teleter\u00e1pia ma m\u00e1r lehet\u0151v\u00e9 teszi, hogy <strong>k\u00e9nyelmesen, otthonr\u00f3l<\/strong> vegy\u00fcnk r\u00e9szt olyan bev\u00e1lt m\u00f3dszerekben, mint a kognit\u00edv viselked\u00e9ster\u00e1pia vagy a mindfulness-alap\u00fa ter\u00e1pi\u00e1k. Fontos trend tov\u00e1bb\u00e1 az <strong>online coaching<\/strong> t\u00e9rnyer\u00e9se is, ami a szem\u00e9lyes fejl\u0151d\u00e9st seg\u00edti digit\u00e1lis eszk\u00f6z\u00f6kkel. Ugyanakkor a szak\u00e9rt\u0151k figyelmeztetnek a <strong>min\u0151s\u00e9gbiztos\u00edt\u00e1s<\/strong> \u00e9s az <strong>adatv\u00e9delem<\/strong> fontoss\u00e1g\u00e1ra \u2013 az \u00faj technol\u00f3gia rengeteg el\u0151nyt ad, de <strong>\u00faj kock\u00e1zatokat is teremt<\/strong>, amelyeket kezelni kell.<\/p>\r\n\r\n\r\n\r\n<p>\u2022 <strong>Mesters\u00e9ges intelligencia a ter\u00e1pi\u00e1ban:<\/strong> 2025-ben az MI szerepe a ment\u00e1lis eg\u00e9szs\u00e9g ter\u00e9n robban\u00e1sszer\u0171en n\u0151. A <em>Psychology Today<\/em> cikkei szerint a <strong>mesters\u00e9ges intelligencia<\/strong> egyre t\u00f6bb m\u00f3don pr\u00f3b\u00e1l seg\u00edteni a ment\u00e1lhigi\u00e9n\u00e9s ell\u00e1t\u00e1sban. P\u00e9ld\u00e1ul <em>AI-algoritmusok<\/em> t\u00e1mogatj\u00e1k a diagnosztik\u00e1t \u00e9s a <strong>kezel\u00e9stervez\u00e9st<\/strong>, valamint megjelennek az <strong>MI-vez\u00e9relt cseveg\u0151botok<\/strong> (chatbotok), amelyek azonnali t\u00e1mogat\u00e1st ny\u00fajthatnak. Biztat\u00f3 eredm\u00e9nyek vannak abban is, hogy a mesters\u00e9ges intelligencia kieg\u00e9sz\u00edtheti a <em>virtu\u00e1lis val\u00f3s\u00e1g ter\u00e1pi\u00e1kat<\/em> \u2013 \u00edgy p\u00e9ld\u00e1ul f\u00f3bi\u00e1k vagy PTSD kezel\u00e9s\u00e9ben kombin\u00e1lt technol\u00f3giak\u00e9nt alkalmazhat\u00f3. Egy 2025-\u00f6s esettanulm\u00e1ny-sorozat konkr\u00e9tan megvizsg\u00e1lta a <strong>ChatGPT<\/strong> lehets\u00e9ges alkalmaz\u00e1s\u00e1t a pszichoter\u00e1pi\u00e1ban. Az eredm\u00e9nyek szerint a ChatGPT <strong>k\u00f6nnyen el\u00e9rhet\u0151 t\u00e1maszt<\/strong> tud ny\u00fajtani \u00e9s empatikus hangnemben ad \u00f6nseg\u00edt\u0151 \u00f6tleteket, de a v\u00e1laszai <strong>felsz\u00ednesek \u00e9s egyoldal\u00faak<\/strong> voltak \u2013 jellemz\u0151en a kognit\u00edv viselked\u00e9ster\u00e1pi\u00e1ra f\u00f3kusz\u00e1ltak, m\u00e1s megk\u00f6zel\u00edt\u00e9seket alig alkalmazva. \u00d6sszess\u00e9g\u00e9ben az MI-alap\u00fa eszk\u00f6z\u00f6k <strong>\u00edg\u00e9retes kieg\u00e9sz\u00edt\u0151nek<\/strong> t\u0171nnek (pl. k\u00e9t ter\u00e1pia k\u00f6z\u00f6tt t\u00e1mogatj\u00e1k a klienst vagy \u00f6tletet adnak a terapeut\u00e1nak), de <strong>nem helyettes\u00edtik az emberi terapeut\u00e1t<\/strong>. A szakemberek hangs\u00falyozz\u00e1k, hogy az MI integr\u00e1ci\u00f3j\u00e1val kapcsolatos <strong>etikai k\u00e9rd\u00e9seket<\/strong> (pl. adatv\u00e9delem, elfogulatlans\u00e1g) s\u00fcrg\u0151sen meg kell oldani a biztons\u00e1gos alkalmaz\u00e1s \u00e9rdek\u00e9ben.<\/p>\r\n\r\n\r\n\r\n<p>\u2022 <strong>Virtu\u00e1lis val\u00f3s\u00e1g (VR) \u00e9s kiterjesztett val\u00f3s\u00e1g (AR) ter\u00e1pi\u00e1k:<\/strong> A technol\u00f3gia fejl\u0151d\u00e9s\u00e9vel egyre gyakoribb a <strong>VR haszn\u00e1lata a pszichoter\u00e1pi\u00e1ban<\/strong> is. M\u00e1r most is l\u00e9teznek olyan VR-szimul\u00e1ci\u00f3k, amelyek seg\u00edtenek p\u00e9ld\u00e1ul a f\u00f3bi\u00e1k kezel\u00e9s\u00e9ben (biztons\u00e1gos virtu\u00e1lis k\u00f6rnyezetben szembes\u00edtve a p\u00e1cienst f\u00e9lelme t\u00e1rgy\u00e1val) vagy a <strong>szoci\u00e1lis k\u00e9szs\u00e9gek gyakorl\u00e1s\u00e1ban<\/strong>. A VR \u00e9s AR a szak\u00e9rt\u0151k szerint az egyik <strong>legt\u00f6bbet emlegetett \u00faj technol\u00f3gia<\/strong> a ment\u00e1lis eg\u00e9szs\u00e9g kapcs\u00e1n. A <em>Psychology Today<\/em> besz\u00e1mol arr\u00f3l, hogy a VR-rel kombin\u00e1lt ter\u00e1pi\u00e1k m\u00e1r <em>jelenleg is l\u00e9teznek<\/em>, \u00e9s a <strong>mozg\u00e1s\u00e9rz\u00e9kel\u0151k<\/strong> vagy viselhet\u0151 szenzorok r\u00e9v\u00e9n a terapeut\u00e1k <em>online<\/em> is jobban nyomon tudj\u00e1k k\u00f6vetni a p\u00e1ciens nemverb\u00e1lis jeleit. Ez r\u00e9szben orvosolja azt a kih\u00edv\u00e1st, hogy a vide\u00f3ter\u00e1pi\u00e1ban nehezebb \u00e9szrevenni a testbesz\u00e9det vagy a nyugtalans\u00e1g jeleit. V\u00e1rhat\u00f3, hogy a <strong>VR-ter\u00e1pi\u00e1k<\/strong> m\u00e9g tov\u00e1bb fognak terjedni, k\u00fcl\u00f6n\u00f6sen a fiatalabb gener\u00e1ci\u00f3k k\u00f6r\u00e9ben, akik nyitottak az ilyen innov\u00e1ci\u00f3kra.<\/p>\r\n\r\n\r\n\r\n<p>\u2022 <strong>Pszichedelikus ter\u00e1pi\u00e1k t\u00e9rnyer\u00e9se:<\/strong> A pszichedelikus szerek \u00e9s a ter\u00e1pia <strong>h\u00e1zas\u00edt\u00e1sa<\/strong> az egyik legizgalmasabb \u00faj ter\u00fclet. R\u00e9g\u00f3ta folynak kutat\u00e1sok p\u00e9ld\u00e1ul az <strong>MDMA-assziszt\u00e1lt ter\u00e1pia<\/strong> alkalmaz\u00e1s\u00e1r\u00f3l poszttraum\u00e1s stressz zavar (PTSD) eset\u00e9n. A Multidiszciplin\u00e1ris Pszichedelikus Kutat\u00e1sok Sz\u00f6vets\u00e9ge (MAPS) el\u0151rejelz\u00e9se szerint az USA-ban az FDA <strong>2024-ben enged\u00e9lyezheti<\/strong> az MDMA ter\u00e1pi\u00e1s haszn\u00e1lat\u00e1t, \u00edgy 2025 folyam\u00e1n m\u00e1r a gyakorlatban is megjelenhet ez a m\u00f3dszer. Hasonl\u00f3k\u00e9ppen, a pszilocibin (a \u201cvar\u00e1zsgomba\u201d hat\u00f3anyaga) klinikai vizsg\u00e1latai is el\u0151rehaladott st\u00e1diumban vannak a major depresszi\u00f3 kezel\u00e9s\u00e9re. A <em>Psychology Today<\/em> arr\u00f3l sz\u00e1mol be, hogy a pszichedelikus ter\u00e1pia ir\u00e1nti <strong>optimista v\u00e1rakoz\u00e1s<\/strong> nagy \u2013 sokan <em>ment\u00e1lhigi\u00e9n\u00e9s forradalmat<\/em> rem\u00e9lnek t\u0151le \u2013, de a bevezet\u00e9s\u00e9t lass\u00edtja a <strong>jogi \u00e9s szab\u00e1lyoz\u00e1si folyamatok<\/strong> hosszadalmass\u00e1ga. Ez a lass\u00fas\u00e1g egy \u00e9rdekes jelens\u00e9get is sz\u00fclt: am\u00edg a teljes legaliz\u00e1ci\u00f3ra v\u00e1runk, addig vir\u00e1gzik az <strong>\u201eunderground\u201d (f\u00f6ldalatti) pszichedelikus ter\u00e1pia<\/strong>. Egyes p\u00e1ciensek illeg\u00e1lis keretek k\u00f6z\u00f6tt keresnek gy\u00f3gyul\u00e1st, mivel csal\u00f3dottak a hagyom\u00e1nyos m\u00f3dszerekben \u00e9s nem akarnak \u00e9veket v\u00e1rni az \u00faj kezel\u00e9sekre. A trend teh\u00e1t az, hogy a <a href=\"https:\/\/egercoach.hu\/blog\/mi-a-pszichologia-a-lelek-es-elme-tudomanyanak-atfogo-bemutatasa\/\">pszichol\u00f3gia<\/a> f\u0151\u00e1ram\u00e1ba <em>visszat\u00e9r\u0151ben vannak<\/em> a t\u00f6bb \u00e9vtizede mell\u0151z\u00f6tt <strong>pszichedelikus szerek<\/strong>, \u00e9s a szakemberek igyekeznek felk\u00e9sz\u00fclni (k\u00e9pz\u00e9sekkel, ir\u00e1nyelvekkel) a felel\u0151s \u00e9s biztons\u00e1gos alkalmaz\u00e1sukra.<\/p>\r\n\r\n\r\n\r\n<h2><strong>Figyelmet kapott friss kutat\u00e1sok \u00e9s eredm\u00e9nyek<\/strong><\/h2>\r\n\r\n\r\n\r\n<p>\u2022 <strong>Ment\u00e1lis zavarok gyakoris\u00e1ga \u00e9s j\u00e1rv\u00e1ny ut\u00e1ni trendek:<\/strong> A pand\u00e9mia \u00e9veiben rengeteg sz\u00f3 esett a ment\u00e1lis eg\u00e9szs\u00e9g roml\u00e1s\u00e1r\u00f3l. A legfrissebb <strong>j\u00e1rv\u00e1nyt k\u00f6vet\u0151 adatok<\/strong> azonban \u00e1rnyalt k\u00e9pet mutatnak. Egy amerikai felm\u00e9r\u00e9s szerint <strong>t\u00edzb\u0151l kett\u0151<\/strong> ember k\u00fczd valamilyen diagnosztiz\u00e1lt ment\u00e1lis probl\u00e9m\u00e1val \u2013 teh\u00e1t a lakoss\u00e1g <strong>20% \u00e9rintett<\/strong> \u2013, \u00e9s ez az ar\u00e1ny m\u00e1r a COVID el\u0151tt is fokozatosan n\u0151tt. Ugyanakkor az egyetemi hallgat\u00f3k k\u00f6r\u00e9ben p\u00e9ld\u00e1ul <strong>2021-2022-ben tet\u0151z\u00f6tt<\/strong> a szorong\u00e1sos \u00e9s depresszi\u00f3s t\u00fcnetek el\u0151fordul\u00e1sa, \u00e9s a 2023-as adatok <strong>m\u00e1r javul\u00e1st mutatnak<\/strong>: a mutat\u00f3k visszak\u00f6zel\u00edtenek a 2019 el\u0151tti szinthez. Ez biztat\u00f3 trend, ami arra utal, hogy a pand\u00e9mia okozta extra terhel\u00e9s <em>enyh\u00fcl<\/em>, \u00e9s a fiatalok ment\u00e1lis \u00e1llapota lassan normaliz\u00e1l\u00f3dik. Em\u00f6g\u00f6tt az is \u00e1llhat, hogy <strong>t\u00f6bben k\u00e9rnek seg\u00edts\u00e9get mint valaha<\/strong> \u2013 a 2010-es \u00e9vek k\u00f6zep\u00e9hez viszony\u00edtva ma m\u00e1r sokkal t\u00f6bb depresszi\u00f3s\/szorong\u00f3 di\u00e1k jut el ter\u00e1pi\u00e1ra vagy pszichi\u00e1triai kezel\u00e9sre. A stigma cs\u00f6kken\u00e9s\u00e9t jelzi, hogy m\u00edg 2015 k\u00f6r\u00fcl a hallgat\u00f3k ~9%-a len\u00e9zte volna azt, aki kezel\u00e9sre j\u00e1r, ez az ar\u00e1ny m\u00e1ra ~7%-ra m\u00e9rs\u00e9kl\u0151d\u00f6tt. <strong>\u00d6sszess\u00e9g\u00e9ben<\/strong> a kutat\u00e1sok arra h\u00edvj\u00e1k fel a figyelmet, hogy a ment\u00e1lis eg\u00e9szs\u00e9g\u00fcgyi v\u00e1ls\u00e1g nem puszt\u00e1n a COVID \u201emell\u00e9kterm\u00e9ke\u201d \u2013 a mutat\u00f3k m\u00e1r el\u0151tte is romlottak \u2013, de a <em>fokozott figyelem \u00e9s seg\u00edts\u00e9gk\u00e9r\u00e9s<\/em> r\u00e9v\u00e9n most tal\u00e1n siker\u00fcl megford\u00edtani n\u00e9h\u00e1ny negat\u00edv trendet.<\/p>\r\n\r\n\r\n\r\n<p>\u2022 <strong>ChatGPT \u00e9s MI a kutat\u00e1sok f\u00f3kusz\u00e1ban:<\/strong> Az MI t\u00e9rnyer\u00e9s\u00e9vel p\u00e1rhuzamosan a tudom\u00e1nyos \u00e9let is vizsg\u00e1lja, hogyan hat ez az emberek gondolkod\u00e1s\u00e1ra \u00e9s \u00e9rz\u00e9seire. 2025-ben publik\u00e1ltak egy <em>\u00faj tanulm\u00e1nyt<\/em> arr\u00f3l, milyen szerepet t\u00f6lthet be a <strong>ChatGPT a pszichoter\u00e1pi\u00e1ban<\/strong>. A kutat\u00f3k h\u00e1rom helyzetben pr\u00f3b\u00e1lt\u00e1k ki: (1) seg\u00edt-e \u00f6tleteket adni terapeut\u00e1knak a kezel\u00e9sekhez, (2) t\u00e1maszt ny\u00fajthat-e a p\u00e1cienseknek k\u00e9t \u00fcl\u00e9s k\u00f6z\u00f6tt, illetve (3) alternat\u00edv\u00e1t jelenthet-e azoknak, akik nem f\u00e9rnek hozz\u00e1 ter\u00e1pi\u00e1hoz. Az eredm\u00e9nyek szerint a ChatGPT <strong>meglep\u0151en empatikus v\u00e1laszokra<\/strong> k\u00e9pes \u00e9s hasznos javaslatokat ad p\u00e9ld\u00e1ul <em>\u00f6nseg\u00edt\u0151 technik\u00e1kra<\/em> (mint a mindfulness, feladatok kisebb l\u00e9p\u00e9sekre bont\u00e1sa, \u00f6n Compasszi\u00f3 gyakorl\u00e1sa). Ugyanakkor mark\u00e1nsan kit\u0171nt, hogy az MI <strong>er\u0151sen a kognit\u00edv-viselked\u00e9ster\u00e1pia s\u00e9m\u00e1ira t\u00e1maszkodik<\/strong>, m\u00e1s ter\u00e1pi\u00e1s iskol\u00e1k szeml\u00e9let\u00e9t kev\u00e9sb\u00e9 \u201eismeri\u201d. Tov\u00e1bb\u00e1 <em>nem tud egy\u00e9ni \u00e9lett\u00f6rt\u00e9neti kontextust k\u00e9rdezni<\/em>, \u00edgy hi\u00e1nyzik bel\u0151le az igazi szem\u00e9lyre szabotts\u00e1g. A kutat\u00f3k konkl\u00fazi\u00f3ja: a ChatGPT <strong>j\u00f3 kieg\u00e9sz\u00edt\u0151 eszk\u00f6z<\/strong> lehet (pl. \u00f6tletel\u00e9sre vagy egy \u00faj n\u00e9z\u0151pont felvet\u00e9s\u00e9re), de <strong>nem helyettes\u00edti a k\u00e9pzett terapeut\u00e1t<\/strong>, \u00e9s haszn\u00e1lat\u00e1t szab\u00e1lyozni, ellen\u0151rizni kell. Ez a tanulm\u00e1ny nagy visszhangot kapott, mert r\u00e1vil\u00e1g\u00edt az MI ny\u00fajtotta <em>lehet\u0151s\u00e9gekre \u00e9s korl\u00e1tokra<\/em> a ment\u00e1lis eg\u00e9szs\u00e9g ter\u00e9n.<\/p>\r\n\r\n\r\n\r\n<p>\u2022 <strong>Pszichi\u00e1triai szerek \u2013 \u00faj modellek, vegyes eredm\u00e9nyek:<\/strong> A <em>Psychology Today<\/em> besz\u00e1molt n\u00e9h\u00e1ny izgalmas kutat\u00e1si ir\u00e1nyr\u00f3l a ment\u00e1lis zavarok biol\u00f3giai kezel\u00e9s\u00e9ben. Az egyik cikk szerint egyre t\u00f6bb adat utal arra, hogy a <strong>hagyom\u00e1nyos antidepressz\u00e1nsok hossz\u00fa t\u00e1v\u00fa hat\u00e9konys\u00e1ga k\u00e9rd\u00e9ses lehet<\/strong>. Egy friss elemz\u00e9s nem tal\u00e1lt szignifik\u00e1ns k\u00fcl\u00f6nbs\u00e9get a depresszi\u00f3s emberek \u00e9letmin\u0151s\u00e9g\u00e9ben att\u00f3l f\u00fcgg\u0151en, hogy \u00e9veken \u00e1t szedtek-e antidepressz\u00e1nst vagy sem. Felmer\u00fclt, hogy a javul\u00e1s sokszor ink\u00e1bb a <strong>placebohat\u00e1snak<\/strong> k\u00f6sz\u00f6nhet\u0151, semmint a gy\u00f3gyszer k\u00e9miai hat\u00e1s\u00e1nak. Ez nem azt jelenti, hogy az antidepressz\u00e1nsok haszontalanok, hanem hogy a szakma nyitott szemmel figyeli, <em>val\u00f3ban a legjobb megold\u00e1st ny\u00fajtj\u00e1k-e<\/em> a kr\u00f3nikus depresszi\u00f3ban \u2013 \u00e9s p\u00e1rhuzamosan <strong>\u00faj alternat\u00edv\u00e1k<\/strong> ut\u00e1n n\u00e9z. Itt j\u00f6nnek k\u00e9pbe a <strong>pszichedelikus szerek<\/strong>, amelyek eg\u00e9szen m\u00e1s m\u00f3don hathatnak az agyra. Az <strong>MDMA \u00e9s a pszilocibin klinikai k\u00eds\u00e9rletei<\/strong> m\u00e9rf\u00f6ldk\u0151h\u00f6z \u00e9rtek (ld. el\u0151z\u0151 szekci\u00f3), \u00e9s sok szakember szerint ezek a kutat\u00e1sok egy <em>\u00faj ter\u00e1pi\u00e1s modellt<\/em> v\u00e1zolnak fel trauma \u00e9s depresszi\u00f3 kezel\u00e9s\u00e9re. A 2020-as \u00e9vek k\u00f6zep\u00e9re teh\u00e1t k\u00e9t p\u00e1rhuzamos folyamat l\u00e1tszik: egyr\u00e9szt <em>kritikus \u00fajravizsg\u00e1lata<\/em> a bevett gy\u00f3gyszeres ter\u00e1pi\u00e1knak, m\u00e1sr\u00e9szt <em>nyit\u00e1s<\/em> az innovat\u00edv biol\u00f3giai kezel\u00e9sek (pszichedelikumok, ketamin, stb.) fel\u00e9. Mindezt kieg\u00e9sz\u00edti a <strong>biopszichoszoci\u00e1lis szeml\u00e9let<\/strong> er\u0151s\u00f6d\u00e9se, azaz hogy a ment\u00e1lis zavarokat az agy, a test \u00e9s a k\u00f6rnyezet komplex k\u00f6lcs\u00f6nhat\u00e1sak\u00e9nt kutatj\u00e1k.<\/p>\r\n\r\n\r\n\r\n<p>\u2022 <strong>Az agy-gut kapcsolat \u00e9s holisztikus kutat\u00e1sok:<\/strong> \u00daj tudom\u00e1nyos eredm\u00e9nyek vil\u00e1ga ny\u00edlik a <strong>mikrobiom<\/strong> \u00e9s a ment\u00e1lis eg\u00e9szs\u00e9g \u00f6sszef\u00fcgg\u00e9seinek felt\u00e1r\u00e1s\u00e1val. Egyre t\u00f6bb vizsg\u00e1lat igazolja, hogy a <strong>b\u00e9lfl\u00f3ra \u00f6sszet\u00e9tele hat\u00e1ssal van a hangulatunkra \u00e9s szorong\u00e1sszint\u00fcnkre<\/strong>. P\u00e9ld\u00e1ul kimutatt\u00e1k, hogy a <strong>feldolgozott \u00e9telekben gazdag \u00e9trend<\/strong> cs\u00f6kkenti a b\u00e9lbakt\u00e9riumok sokf\u00e9les\u00e9g\u00e9t, \u00e9s ez <strong>megn\u00f6veli bizonyos ment\u00e1lis zavarok kock\u00e1zat\u00e1t<\/strong>. 2024-ben megjelent egy \u00e1tfog\u00f3 szisztematikus \u00e1ttekint\u00e9s a <em>mitokondriumok, vitaminok \u00e9s a mikrobiom<\/em> szerep\u00e9r\u0151l a depresszi\u00f3ban. Ez r\u00e1vil\u00e1g\u00edt, hogy a depresszi\u00f3 nem puszt\u00e1n <em>\u201caz agy betegs\u00e9ge\u201d<\/em>, hanem az <strong>eg\u00e9sz testet \u00e9rint\u0151 \u00e1llapot<\/strong>, amelyben k\u00f6zrej\u00e1tszhat az anyagcsere, az immunrendszer \u00e9s a b\u00e9lfl\u00f3ra egyens\u00falya. Ezek a kutat\u00e1sok nagy figyelmet kaptak, mert rem\u00e9lhet\u0151leg <strong>\u00faj kezel\u00e9si strat\u00e9gi\u00e1k<\/strong>hoz vezethetnek \u2013 p\u00e9ld\u00e1ul probiotikumokkal, \u00e9trendi beavatkoz\u00e1sokkal vagy anyagcsere-c\u00e9lzott ter\u00e1pi\u00e1kkal eg\u00e9sz\u00edthetik ki a hagyom\u00e1nyos pszichoter\u00e1pi\u00e1t. A pszichol\u00f3gia \u00e9s az orvostudom\u00e1ny teh\u00e1t egyre ink\u00e1bb <strong>\u00f6sszefon\u00f3dik<\/strong>, holisztikus megk\u00f6zel\u00edt\u00e9st alkalmazva a ment\u00e1lis eg\u00e9szs\u00e9gre.<\/p>\r\n\r\n\r\n\r\n<h2><strong>A pszichol\u00f3giai k\u00f6z\u00f6ss\u00e9g diskurzus\u00e1nak f\u0151 ir\u00e1nyai<\/strong><\/h2>\r\n\r\n\r\n\r\n<p>\u2022 <strong>Normalit\u00e1s vs. patol\u00f3gia \u2013 hol a hat\u00e1r?<\/strong> A szakmai vit\u00e1k egyik k\u00f6zponti t\u00e9m\u00e1ja, hogy <strong>mit tekints\u00fcnk norm\u00e1lis l\u00e9lektani jelens\u00e9gnek \u00e9s mi sz\u00e1m\u00edt zavar\u00f3nak<\/strong>. Mivel a ment\u00e1lis eg\u00e9szs\u00e9g tudatoss\u00e1ga n\u0151tt, a pszichol\u00f3gusok \u00f3vatosak, nehogy minden emberi neh\u00e9zs\u00e9gre <em>klinikai c\u00edmk\u00e9t<\/em> ragasszunk. T\u00f6bben besz\u00e9lnek a <strong>\u201cdiagn\u00f3ziskult\u00fara\u201d<\/strong> vesz\u00e9ly\u00e9r\u0151l: arr\u00f3l, hogy a t\u00fal k\u00f6nnyelm\u0171 diagnosztiz\u00e1l\u00e1s \u00e9s \u00f6ndiagn\u00f3zis <strong>stigmatiz\u00e1lhatja a mindennapi \u00e9rzelmeket<\/strong>, \u00e9s t\u00falkezel\u00e9shez vezethet. Ugyanakkor a m\u00e1sik oldal hangs\u00falyozza, hogy az <strong>\u00e9szrev\u00e9tlen ment\u00e1lis probl\u00e9m\u00e1k azonos\u00edt\u00e1sa<\/strong> nagyon is fontos \u2013 vagyis ne bagatelliz\u00e1ljuk el a szenved\u00e9st azzal, hogy \u201cez m\u00e9g norm\u00e1lis\u201d. A pszichol\u00f3gus k\u00f6z\u00f6ss\u00e9g teh\u00e1t egyfajta <em>finom egyens\u00falyt<\/em> keres: <strong>fel kell ismerni \u00e9s kezelni kell<\/strong> a val\u00f3di zavarokat, de <strong>nem szabad patologiz\u00e1lni<\/strong> az \u00e9let term\u00e9szetes hull\u00e1mv\u00f6lgyeit. Ide kapcsol\u00f3dik a diskurzus a <strong>ment\u00e1lis eg\u00e9szs\u00e9g nyelvezet\u00e9nek helyes haszn\u00e1lat\u00e1r\u00f3l<\/strong> is \u2013 p\u00e9ld\u00e1ul ne dob\u00e1l\u00f3zzunk klinikai kifejez\u00e9sekkel (mint <em>\u201cdepresszi\u00f3s\u201d<\/em>, <em>\u201cOCD-s\u201d<\/em> vagy <em>\u201cbipol\u00e1ris\u201d<\/em>) h\u00e9tk\u00f6znapi kontextusban, mert ez torz\u00edthatja a fogalmak jelent\u00e9s\u00e9t \u00e9s trivializ\u00e1lhatja a val\u00f3di betegs\u00e9geket.<\/p>\r\n\r\n\r\n\r\n<p>\u2022 <strong>Etika \u00e9s felel\u0151ss\u00e9g az \u00faj technol\u00f3gi\u00e1k alkalmaz\u00e1s\u00e1ban:<\/strong> Mivel az MI \u00e9s a digit\u00e1lis eszk\u00f6z\u00f6k bel\u00e9ptek a ter\u00e1pi\u00e1s t\u00e9rbe, a pszichol\u00f3gusok k\u00f6z\u00f6tt \u00e9l\u00e9nk vita folyik <strong>ezek etikus haszn\u00e1lat\u00e1r\u00f3l<\/strong>. Fontos k\u00e9rd\u00e9sek: <em>Hogyan v\u00e9dj\u00fck a p\u00e1ciensek adatait \u00e9s mag\u00e1n\u00e9let\u00e9t az online ter\u00e1pi\u00e1ban?<\/em> Milyen <strong>felel\u0151ss\u00e9get<\/strong> v\u00e1llaljanak a chatbotok k\u00e9sz\u00edt\u0151i a tan\u00e1csaik\u00e9rt? Ki a hib\u00e1s, ha egy MI rossz javaslatot ad egy s\u00e9r\u00fcl\u00e9keny szem\u00e9lynek? A szakma egyet\u00e9rt abban, hogy az <strong>emberi fel\u00fcgyelet \u00e9s kontroll<\/strong> n\u00e9lk\u00fcl\u00f6zhetetlen \u2013 az MI legyen <em>seg\u00edt\u0151 eszk\u00f6z<\/em>, ne \u00f6n\u00e1ll\u00f3 terapeuta. Ugyanakkor sokan \u00fcdv\u00f6zlik az \u00faj technol\u00f3gi\u00e1kat, mert \u00e1ltaluk <strong>sz\u00e9lesebb r\u00e9tegekhez juthat el<\/strong> a ment\u00e1lis t\u00e1mogat\u00e1s. A diskurzus teh\u00e1t arr\u00f3l sz\u00f3l, hogyan lehet <strong>integr\u00e1lni a technol\u00f3gi\u00e1t felel\u0151sen<\/strong>: kidolgozni a protokollokat, k\u00e9pz\u00e9seket tartani a szakembereknek az MI haszn\u00e1lat\u00e1r\u00f3l, \u00e9s <em>etikai ir\u00e1nyelveket<\/em> lefektetni (pl. transzparencia, min\u0151s\u00e9gbiztos\u00edt\u00e1s). Emellett sz\u00f3 van arr\u00f3l is, hogy az MI rendszerekben <strong>tudatos\u00edtani kell az emberi elfogults\u00e1gokat<\/strong>, hogy ne er\u0151s\u00edts\u00e9k a megl\u00e9v\u0151 torz\u00edt\u00e1sokat (pl. ne tanuljanak r\u00e1 k\u00e1ros sztereot\u00edpi\u00e1kra). A pszichol\u00f3giai k\u00f6z\u00f6ss\u00e9g teh\u00e1t <em>lelkes, de \u00f3vatos<\/em> ezen a t\u00e9ren.<\/p>\r\n\r\n\r\n\r\n<p>\u2022 <strong>Holista szeml\u00e9let \u00e9s megel\u0151z\u00e9s el\u0151t\u00e9rbe helyez\u00e9se:<\/strong> Egy m\u00e1sik fontos szakmai ir\u00e1ny a <strong>gy\u00f6k\u00e9rokok felt\u00e1r\u00e1sa<\/strong> a t\u00fcneti kezel\u00e9s helyett. Egyre t\u00f6bb pszichol\u00f3gus \u00e9s pszichi\u00e1ter vallja, hogy nem el\u00e9g csak besz\u00e9lget\u00e9ssel \u00e9s gy\u00f3gyszerekkel pr\u00f3b\u00e1lni enyh\u00edteni a t\u00fcneteket \u2013 <strong>komplexebb megk\u00f6zel\u00edt\u00e9sre<\/strong> van sz\u00fcks\u00e9g. Felmer\u00fclt p\u00e9ld\u00e1ul, hogy a ment\u00e1lis zavarok magas gyakoris\u00e1g\u00e1\u00e9rt r\u00e9szben a <strong>modern \u00e9letm\u00f3d<\/strong> (mozg\u00e1shi\u00e1ny, rossz t\u00e1pl\u00e1lkoz\u00e1s, alv\u00e1szavarok) \u00e9s <strong>k\u00f6rnyezeti t\u00e9nyez\u0151k<\/strong> (pl. kr\u00f3nikus stressz, toxinok) is felel\u0151sek lehetnek. A <em>Psychology Today<\/em> egyik szak\u00e9rt\u0151je szerint paradigmav\u00e1lt\u00e1sra van sz\u00fcks\u00e9g: a jelenlegi rendszer a t\u00fcnetek cs\u00f6kkent\u00e9s\u00e9re koncentr\u00e1l, de <strong>\u00e1t kellene t\u00e9rni a megel\u0151z\u00e9sre \u00e9s az okok orvosl\u00e1s\u00e1ra<\/strong>. Ez azt jelenti, hogy a ment\u00e1lis eg\u00e9szs\u00e9get <strong>teljes testi-lelki j\u00f3l\u00e9tk\u00e9nt<\/strong> fogjuk fel, ahol a pszichoter\u00e1pia mellett helye van a <em>mozg\u00e1ster\u00e1pi\u00e1nak, \u00e9trendi tan\u00e1csad\u00e1snak, stresszkezel\u00e9snek<\/em> \u00e9s m\u00e1s \u00e9letm\u00f3dbeli intervenci\u00f3knak. A szakmai diskurzusban \u00edgy egyre hangs\u00falyosabb az <strong>\u00f6sszehangolt, t\u00f6bbfrontos kezel\u00e9s<\/strong>: pl. egy depresszi\u00f3s beteg eset\u00e9ben a ter\u00e1pia kieg\u00e9sz\u00fclhet dietetikussal val\u00f3 konzult\u00e1ci\u00f3val vagy alv\u00e1shigi\u00e9n\u00e9s tan\u00e1csad\u00e1ssal. Ez az ir\u00e1ny t\u00fckr\u00f6zi azt a felismer\u00e9st, hogy a ment\u00e1lis betegs\u00e9gek sokszor <strong>sziszt\u00e9m\u00e1s eredet\u0171ek<\/strong>, \u00e9s a tart\u00f3s javul\u00e1s kulcsa a <em>komplex beavatkoz\u00e1s<\/em>.<\/p>\r\n\r\n\r\n\r\n<p>\u2022 <strong>Soksz\u00edn\u0171s\u00e9g, egyenl\u0151s\u00e9g \u00e9s kult\u00fara<\/strong>: A pszichol\u00f3gus t\u00e1rsadalom f\u00f3kusz\u00e1ban van a <strong>ment\u00e1lhigi\u00e9n\u00e9s ell\u00e1t\u00e1shoz val\u00f3 hozz\u00e1f\u00e9r\u00e9s egyenl\u0151tlens\u00e9ge<\/strong> \u00e9s a k\u00fcl\u00f6nb\u00f6z\u0151 csoportok saj\u00e1tos ig\u00e9nyei is. Gyakran sz\u00f3 esik arr\u00f3l, hogy a hagyom\u00e1nyos pszichol\u00f3gia f\u0151leg nyugati, feh\u00e9r k\u00f6z\u00e9poszt\u00e1lybeli tapasztalatokra \u00e9p\u00fclt, \u00e9s <strong>nem vette kell\u0151en figyelembe<\/strong> a kultur\u00e1lis k\u00fcl\u00f6nbs\u00e9geket. Ma m\u00e1r egyre t\u00f6bben h\u00edvj\u00e1k fel a figyelmet a <strong>faji \u00e9s kisebbs\u00e9gi stressz<\/strong> hat\u00e1s\u00e1ra: p\u00e9ld\u00e1ul hogy a mindennapi rasszizmus <strong>kr\u00f3nikus stresszforr\u00e1s<\/strong>, ami rontja a marginaliz\u00e1lt csoportok ment\u00e1lis (\u00e9s fizikai) eg\u00e9szs\u00e9g\u00e9t. A <em>Psychology Today<\/em> cikkei k\u00f6zt tal\u00e1lunk olyat, ami bemutatja, hogyan vezethet a <strong>rendszerszint\u0171 diszkrimin\u00e1ci\u00f3 traumatiz\u00e1ci\u00f3hoz<\/strong>, vagy hogy a fekete amerikaiakn\u00e1l sokszor <strong>f\u00e9lrediagnosztiz\u00e1lj\u00e1k<\/strong> a rasszizmus talaj\u00e1n kialakult pszich\u00e9s t\u00fcneteket (pl. pszich\u00f3zisnak n\u00e9zik a val\u00f3j\u00e1ban poszttraum\u00e1s reakci\u00f3t). A szakmai diskurzus egyik ir\u00e1nya teh\u00e1t a <strong>ter\u00e1pi\u00e1s m\u00f3dszerek kultur\u00e1lis adapt\u00e1ci\u00f3ja<\/strong> \u00e9s a terapeut\u00e1k k\u00e9pz\u00e9se a <em>kult\u00farkompetenci\u00e1ra<\/em>. Fontos t\u00e9ma az is, hogyan lehet t\u00f6bb <strong>m\u00e1ss\u00e1ghoz tartoz\u00f3 szakembert<\/strong> bevonzani a pszichol\u00f3gusi p\u00e1ly\u00e1ra, illetve hogyan tegy\u00fck a ter\u00e1pi\u00e1t <em>inkluz\u00edvabb\u00e1<\/em> (pl. LMBTQ-bar\u00e1t, fogyat\u00e9kkal \u00e9l\u0151k sz\u00e1m\u00e1ra hozz\u00e1f\u00e9rhet\u0151 stb.). Emellett napirenden van a <strong>ment\u00e1lis ell\u00e1t\u00f3rendszer igazs\u00e1gosabb\u00e1 t\u00e9tele<\/strong> is, hogy anyagi helyzett\u0151l \u00e9s sz\u00e1rmaz\u00e1st\u00f3l f\u00fcggetlen\u00fcl mindenki r\u00e9szes\u00fclhessen megfelel\u0151 seg\u00edts\u00e9gben. \u00d6sszess\u00e9g\u00e9ben a pszichol\u00f3gus t\u00e1rsadalom igyekszik <strong>\u00f6nvizsg\u00e1latot tartani<\/strong> \u00e9s korrig\u00e1lni azokat a vakfoltokat, amelyek eddig bizonyos csoportok h\u00e1tr\u00e1ny\u00e1t okozt\u00e1k a ment\u00e1lhigi\u00e9n\u00e9s ell\u00e1t\u00e1sban.<\/p>\r\n\r\n\r\n\r\n<h2><strong>Egy\u00e9b \u00e9szrevehet\u0151 trendek \u00e9s mint\u00e1zatok<\/strong><\/h2>\r\n\r\n\r\n\r\n<p>\u2022 <strong>Gener\u00e1ci\u00f3s v\u00e1ltoz\u00e1sok \u00e9s az \u201c\u00faj feln\u0151ttkor\u201d:<\/strong> A fiatalabb gener\u00e1ci\u00f3k \u00e9let\u00fatja jelent\u0151sen elt\u00e9r a kor\u00e1bbiakt\u00f3l, \u00e9s ez \u00faj l\u00e9lektani mint\u00e1zatokat hoz. A <em>Psychology Today<\/em> 2025 janu\u00e1ri lapsz\u00e1ma <em>\u201cThe New Grown-Up\u201d<\/em> c\u00edmmel azt taglalja, hogy <strong>gy\u00f6keresen \u00e1talakul\u00f3ban van a feln\u0151tt\u00e9 v\u00e1l\u00e1s fogalma \u00e9s \u00fcteme<\/strong>. A hagyom\u00e1nyos m\u00e9rf\u00f6ldk\u00f6vek \u2013 mint a csal\u00e1dalap\u00edt\u00e1s vagy a stabil karrier \u2013 sokakn\u00e1l k\u00e9s\u0151bbre tol\u00f3dnak, illetve <em>nem line\u00e1ris sorrendben<\/em> k\u00f6vetkeznek be. Egyes fiatalok tov\u00e1bb tanulnak, k\u00e9s\u0151bb k\u00f6lt\u00f6znek el otthonr\u00f3l, vagy gyakrabban v\u00e1ltanak p\u00e1ly\u00e1t. Ez a v\u00e1ltoz\u00e1s egyr\u00e9szt <strong>megingatja a r\u00e9gi norm\u00e1kat<\/strong>, m\u00e1sr\u00e9szt \u00faj <strong>ment\u00e1lhigi\u00e9n\u00e9s kih\u00edv\u00e1sokat<\/strong> teremt. A szakemberek szerint fontos meg\u00e9rteni, mit jelent ez az egy\u00e9nek pszich\u00e9s j\u00f3ll\u00e9te szempontj\u00e1b\u00f3l: p\u00e9ld\u00e1ul hogyan hat a <strong>hosszabbra ny\u00falt serd\u00fcl\u0151kor<\/strong> az identit\u00e1sra, \u00f6n\u00e1ll\u00f3s\u00e1gra, vagy \u00e9pp a szorong\u00e1sszintre. Pozit\u00edvum, hogy a mai fiatal feln\u0151ttek <strong>tudatosabban keresik \u00f6nmagukat<\/strong>, nem sietnek bele olyan szerepekbe, amikre nem \u00e9rzik k\u00e9sznek magukat \u2013 ez <strong>n\u00f6velheti a ment\u00e1lis rugalmass\u00e1got<\/strong>. Ugyanakkor a hosszan elny\u00fal\u00f3 \u00fatkeres\u00e9s okozhat <strong>bizonytalans\u00e1got \u00e9s stresszt<\/strong> is, hiszen kitol\u00f3dnak azok az \u00e9letszakaszok, amiket kor\u00e1bban stabilnak hitt\u00fcnk. A trend mindenesetre egy\u00e9rtelm\u0171: a pszichol\u00f3gia tudom\u00e1nya kiemelt figyelemmel k\u00f6veti a gener\u00e1ci\u00f3s mint\u00e1zatokat, hogy az \u00faj \u201cfeln\u0151ttkori\u201d \u00e9lethelyzetekhez megfelel\u0151 t\u00e1mogat\u00e1st tudjon ny\u00fajtani.<\/p>\r\n\r\n\r\n\r\n<p>\u2022 <strong>Kl\u00edmaszorong\u00e1s \u00e9s \u00f6ko-pszichol\u00f3gia:<\/strong> A glob\u00e1lis k\u00f6rnyezeti v\u00e1ls\u00e1g a lelki eg\u00e9szs\u00e9g ter\u00e9n is megjelenik. Az \u00e9ghajlatv\u00e1ltoz\u00e1ssal kapcsolatos <strong>szorong\u00e1s (eco-anxiety)<\/strong> kifejezetten a fiatalok k\u00f6r\u00e9ben <strong>ugr\u00f3\u00e1sszer\u0171en terjed\u0151 jelens\u00e9g<\/strong>. Egyre t\u00f6bb cikk \u00e9s tanulm\u00e1ny foglalkozik azzal, hogy a folyamatos kl\u00edmah\u00edrek, \u00f6kol\u00f3giai f\u00e9lelmek mik\u00e9nt hatnak a ment\u00e1lis \u00e1llapotunkra. A <em>Psychology Today<\/em> egyik \u00edr\u00e1sa szerint a <strong>kl\u00edmaszorong\u00e1s imm\u00e1r komoly ment\u00e1lis eg\u00e9szs\u00e9g\u00fcgyi aggodalom<\/strong>, k\u00fcl\u00f6n\u00f6sen a gyerekek \u00e9s fiatal feln\u0151ttek k\u00f6z\u00f6tt. Sokan <em>tehetetlens\u00e9get \u00e9s b\u00e9n\u00edt\u00f3 aggodalmat<\/em> \u00e9lnek \u00e1t a j\u00f6v\u0151vel kapcsolatban. Ugyanakkor megjelent az <strong>\u00f6ko-pszichol\u00f3gia<\/strong> megk\u00f6zel\u00edt\u00e9se, amely azt hangs\u00falyozza, hogy a term\u00e9szettel val\u00f3 kapcsolat er\u0151s\u00edt\u00e9se \u00e9s a k\u00f6z\u00f6ss\u00e9gi cselekv\u00e9s <strong>v\u00e9d\u0151faktork\u00e9nt<\/strong> szolg\u00e1lhat. Pszichol\u00f3gusok azt javasolj\u00e1k, hogy a szorong\u00e1st <strong>akt\u00edv cselekv\u00e9sbe<\/strong> ford\u00edtsuk \u00e1t: p\u00e9ld\u00e1ul vegy\u00fcnk r\u00e9szt k\u00f6rnyezetv\u00e9delmi kezdem\u00e9nyez\u00e9sekben, mert a cselekv\u0151 hozz\u00e1\u00e1ll\u00e1s cs\u00f6kkentheti a tehetetlens\u00e9g \u00e9rz\u00e9s\u00e9t. A kl\u00edmaszorong\u00e1s trendje val\u00f3sz\u00edn\u0171leg tov\u00e1bb er\u0151s\u00f6dik, ahogy a kl\u00edmav\u00e1ltoz\u00e1s hat\u00e1sai fokoz\u00f3dnak, ez\u00e9rt a ment\u00e1lhigi\u00e9n\u00e9s szakemberek is egyre ink\u00e1bb <strong>be\u00e9p\u00edtik praxisukba<\/strong> e probl\u00e9mak\u00f6r saj\u00e1toss\u00e1gait (pl. a gy\u00e1sz \u00e9s szorong\u00e1s kezel\u00e9se \u00f6kol\u00f3giai vesztes\u00e9gek kapcs\u00e1n, reziliencia \u00e9p\u00edt\u00e9se a v\u00e1ltoz\u00f3 vil\u00e1gban).<\/p>\r\n\r\n\r\n\r\n<p>\u2022 <strong>Wellness \u00e9s ment\u00e1lis eg\u00e9szs\u00e9g integr\u00e1ci\u00f3ja:<\/strong> A 2025-\u00f6s \u00e9v egy m\u00e1sik jellemz\u0151 tendenci\u00e1ja, hogy a <strong>ment\u00e1lis eg\u00e9szs\u00e9get a teljes j\u00f3l\u00e9ti k\u00e9p r\u00e9szek\u00e9nt<\/strong> kezelj\u00fck. A <em>wellness<\/em> mozgalom \u2013 amely a testi eg\u00e9szs\u00e9g, t\u00e1pl\u00e1lkoz\u00e1s, alv\u00e1s, stresszkezel\u00e9s fontoss\u00e1g\u00e1t hirdeti \u2013 egyre ink\u00e1bb \u00f6sszeforr a ment\u00e1lhigi\u00e9n\u00e9vel. Ma m\u00e1r nem vonhatunk \u00e9les hat\u00e1rt a \u201ctesti\u201d \u00e9s \u201clelki\u201d eg\u00e9szs\u00e9g k\u00f6z\u00e9: az emberek <strong>holisztikus szeml\u00e9letben<\/strong> keresik a boldogul\u00e1st. Ennek jegy\u00e9ben n\u00e9pszer\u0171 t\u00e9m\u00e1k p\u00e9ld\u00e1ul a <strong>mindfulness \u00e9s medit\u00e1ci\u00f3<\/strong>, a <strong>j\u00f3ga \u00e9s egy\u00e9b mozg\u00e1ster\u00e1pi\u00e1k<\/strong>, a <strong>munkamentes \u201c<a href=\"https:\/\/egercoach.hu\/blog\/digitalis-detox-miert-es-hogyan-szukseges-kikapcsolodni-a-digitalis-vilagbol\/\">digit\u00e1lis detox<\/a>\u201d id\u0151szakok<\/strong> beiktat\u00e1sa a ment\u00e1lis kimer\u00fclts\u00e9g ellen, stb. A <em>Psychology Today<\/em> egy \u00e9v v\u00e9gi \u00f6sszefoglal\u00f3ja szerint 2025-ben a legfontosabb eg\u00e9szs\u00e9g\u00fcgyi priorit\u00e1sok k\u00f6z\u00e9 tartozik a <strong>tests\u00faly karbantart\u00e1sa<\/strong>, az <strong>\u201deg\u00e9szs\u00e9ges \u00f6reged\u00e9s\u201d<\/strong> \u00e9s az <strong>immunrendszer er\u0151s\u00edt\u00e9se<\/strong> \u2013 de mindezek m\u00f6g\u00f6tt ott a felismer\u00e9s, hogy a <strong>testi gondoskod\u00e1s a lelki egyens\u00falyhoz is hozz\u00e1j\u00e1rul<\/strong>. A fiatalabb gener\u00e1ci\u00f3k (k\u00fcl\u00f6n\u00f6sen a milleni\u00e1lok \u00e9s a Z gener\u00e1ci\u00f3) \u00e9s a n\u0151k j\u00e1rnak \u00e9len abban, hogy <strong>tudom\u00e1nyosan megalapozott, szem\u00e9lyre szabott wellness-megold\u00e1sokat<\/strong> keressenek. A ment\u00e1lis eg\u00e9szs\u00e9g \u00edgy egyre kev\u00e9sb\u00e9 csak a klinikai zavarok hi\u00e1ny\u00e1t jelenti, hanem a mindennapi <strong>j\u00f3ll\u00e9t \u00e9s kiteljesed\u00e9s<\/strong> szerves r\u00e9sz\u00e9v\u00e9 v\u00e1lik. Ez a trend arra \u00f6szt\u00f6nzi a pszichol\u00f3gusokat is, hogy nyissanak m\u00e1s szakter\u00fcletek (orvosl\u00e1s, dietetika, fitness) fel\u00e9 egy\u00fcttm\u0171k\u00f6d\u00e9sben, \u00e9s t\u00e1mogass\u00e1k klienseiket az <strong>\u00e9letm\u00f3djuk optimaliz\u00e1l\u00e1s\u00e1ban<\/strong> is, nem csak a sz\u0171ken vett pszich\u00e9s t\u00fcnetek kezel\u00e9s\u00e9ben.<\/p>\r\n\r\n\r\n\r\n<p><strong>Forr\u00e1sok:<\/strong> A fenti \u00f6sszefoglal\u00f3 a <em>Psychology Today<\/em> 2024 v\u00e9g\u00e9n \u00e9s 2025 elej\u00e9n megjelent cikkei alapj\u00e1n k\u00e9sz\u00fclt, amelyek a pszichol\u00f3gia \u00e9s ment\u00e1lhigi\u00e9n\u00e9 aktu\u00e1lis trendjeit mutatj\u00e1k be. A konkr\u00e9t \u00e1ll\u00edt\u00e1sok melletti sorsz\u00e1mok a hivatkozott cikkek soraira utalnak a <em>Psychology Today<\/em> weboldal\u00e1n, p\u00e9ld\u00e1ul:. Ezen hivatkoz\u00e1sok seg\u00edts\u00e9g\u00e9vel az olvas\u00f3 az eredeti angol nyelv\u0171 cikkek relev\u00e1ns r\u00e9szleteit is megtal\u00e1lhatja a weben. Megjegyz\u00e9s: az \u00f6sszefoglal\u00f3 a legfontosabb t\u00e9m\u00e1kat emelte ki, de a pszichol\u00f3gia vil\u00e1ga folyamatosan fejl\u0151dik, \u00edgy \u00e9rdemes figyelemmel k\u00f6vetni az \u00faj publik\u00e1ci\u00f3kat is a <em>Psychology Today<\/em> \u00e9s m\u00e1s szaklapok has\u00e1bjain.<\/p>\r\n","protected":false},"excerpt":{"rendered":"<p>N\u00e9pszer\u0171 pszichol\u00f3giai \u00e9s ment\u00e1lhigi\u00e9n\u00e9s t\u00e9m\u00e1k \u2022 Ment\u00e1lis eg\u00e9szs\u00e9g tudatoss\u00e1g \u00e9s cs\u00f6kken\u0151 stigma: A ment\u00e1lis probl\u00e9m\u00e1kr\u00f3l sz\u00f3l\u00f3 p\u00e1rbesz\u00e9d az ut\u00f3bbi \u00e9vekben f\u0151\u00e1ram\u00fav\u00e1 v\u00e1lt. H\u00edres sportol\u00f3k \u00e9s el\u0151ad\u00f3k (pl. Simone Biles, Selena Gomez) ny\u00edltan besz\u00e9lnek lelki k\u00fczdelmeikr\u0151l, ami seg\u00edt led\u00f6nteni a tabukat. Ennek k\u00f6sz\u00f6nhet\u0151en sok fiatal ma m\u00e1r ny\u00edltan v\u00e1llalja saj\u00e1t ment\u00e1lis neh\u00e9zs\u00e9geit, b\u00e1trabban k\u00e9r seg\u00edts\u00e9get, \u00e9s&#8230;<\/p>\n","protected":false},"author":1,"featured_media":810,"comment_status":"closed","ping_status":"open","sticky":false,"template":"","format":"standard","meta":{"footnotes":""},"categories":[3],"tags":[],"class_list":["post-521","post","type-post","status-publish","format-standard","has-post-thumbnail","hentry","category-coaching-es-pszichologia-egerben"],"yoast_head":"<!-- This site is optimized with the Yoast SEO plugin v27.5 - https:\/\/yoast.com\/product\/yoast-seo-wordpress\/ -->\n<title>A 2025-\u00f6s pszichol\u00f3giai trendek a Psychology Today alapj\u00e1n<\/title>\n<meta name=\"robots\" content=\"index, follow, max-snippet:-1, max-image-preview:large, max-video-preview:-1\" \/>\n<link rel=\"canonical\" href=\"https:\/\/egercoach.hu\/blog\/a-2025-os-pszichologiai-trendek-a-psychology-today-alapjan\/\" \/>\n<meta property=\"og:locale\" content=\"hu_HU\" \/>\n<meta property=\"og:type\" content=\"article\" \/>\n<meta property=\"og:title\" content=\"A 2025-\u00f6s pszichol\u00f3giai trendek a Psychology Today alapj\u00e1n\" \/>\n<meta property=\"og:description\" content=\"N\u00e9pszer\u0171 pszichol\u00f3giai \u00e9s ment\u00e1lhigi\u00e9n\u00e9s t\u00e9m\u00e1k \u2022 Ment\u00e1lis eg\u00e9szs\u00e9g tudatoss\u00e1g \u00e9s cs\u00f6kken\u0151 stigma: A ment\u00e1lis probl\u00e9m\u00e1kr\u00f3l sz\u00f3l\u00f3 p\u00e1rbesz\u00e9d az ut\u00f3bbi \u00e9vekben f\u0151\u00e1ram\u00fav\u00e1 v\u00e1lt. H\u00edres sportol\u00f3k \u00e9s el\u0151ad\u00f3k (pl. Simone Biles, Selena Gomez) ny\u00edltan besz\u00e9lnek lelki k\u00fczdelmeikr\u0151l, ami seg\u00edt led\u00f6nteni a tabukat. Ennek k\u00f6sz\u00f6nhet\u0151en sok fiatal ma m\u00e1r ny\u00edltan v\u00e1llalja saj\u00e1t ment\u00e1lis neh\u00e9zs\u00e9geit, b\u00e1trabban k\u00e9r seg\u00edts\u00e9get, \u00e9s...\" \/>\n<meta property=\"og:url\" content=\"https:\/\/egercoach.hu\/blog\/a-2025-os-pszichologiai-trendek-a-psychology-today-alapjan\/\" \/>\n<meta property=\"og:site_name\" content=\"Az Egri Coach Blogja\" \/>\n<meta property=\"article:publisher\" content=\"https:\/\/www.facebook.com\/eger.coach\" \/>\n<meta property=\"article:published_time\" content=\"2025-02-19T07:34:49+00:00\" \/>\n<meta property=\"article:modified_time\" content=\"2025-03-25T09:26:54+00:00\" \/>\n<meta property=\"og:image\" content=\"https:\/\/egercoach.hu\/blog\/wp-content\/uploads\/2025\/03\/blank-notepad-mockup-and-golden-numbers-2025-wish-list-and-goals-for-2025.jpg\" \/>\n\t<meta property=\"og:image:width\" content=\"1500\" \/>\n\t<meta property=\"og:image:height\" content=\"1000\" \/>\n\t<meta property=\"og:image:type\" content=\"image\/jpeg\" \/>\n<meta name=\"author\" content=\"Dajka G\u00e1bor\" \/>\n<meta name=\"twitter:card\" content=\"summary_large_image\" \/>\n<meta name=\"twitter:label1\" content=\"Szerz\u0151:\" \/>\n\t<meta name=\"twitter:data1\" content=\"Dajka G\u00e1bor\" \/>\n\t<meta name=\"twitter:label2\" content=\"Becs\u00fclt olvas\u00e1si id\u0151\" \/>\n\t<meta name=\"twitter:data2\" content=\"18 perc\" \/>\n<script type=\"application\/ld+json\" class=\"yoast-schema-graph\">{\"@context\":\"https:\\\/\\\/schema.org\",\"@graph\":[{\"@type\":\"Article\",\"@id\":\"https:\\\/\\\/egercoach.hu\\\/blog\\\/a-2025-os-pszichologiai-trendek-a-psychology-today-alapjan\\\/#article\",\"isPartOf\":{\"@id\":\"https:\\\/\\\/egercoach.hu\\\/blog\\\/a-2025-os-pszichologiai-trendek-a-psychology-today-alapjan\\\/\"},\"author\":{\"name\":\"Dajka G\u00e1bor\",\"@id\":\"https:\\\/\\\/egercoach.hu\\\/blog\\\/#\\\/schema\\\/person\\\/afc73367aa314ca33a9c8d3b88dce6e7\"},\"headline\":\"A 2025-\u00f6s pszichol\u00f3giai trendek a Psychology Today alapj\u00e1n\",\"datePublished\":\"2025-02-19T07:34:49+00:00\",\"dateModified\":\"2025-03-25T09:26:54+00:00\",\"mainEntityOfPage\":{\"@id\":\"https:\\\/\\\/egercoach.hu\\\/blog\\\/a-2025-os-pszichologiai-trendek-a-psychology-today-alapjan\\\/\"},\"wordCount\":4988,\"publisher\":{\"@id\":\"https:\\\/\\\/egercoach.hu\\\/blog\\\/#organization\"},\"image\":{\"@id\":\"https:\\\/\\\/egercoach.hu\\\/blog\\\/a-2025-os-pszichologiai-trendek-a-psychology-today-alapjan\\\/#primaryimage\"},\"thumbnailUrl\":\"https:\\\/\\\/egercoach.hu\\\/blog\\\/wp-content\\\/uploads\\\/2025\\\/03\\\/blank-notepad-mockup-and-golden-numbers-2025-wish-list-and-goals-for-2025.jpg\",\"articleSection\":[\"Life coaching Egerben\"],\"inLanguage\":\"hu\"},{\"@type\":\"WebPage\",\"@id\":\"https:\\\/\\\/egercoach.hu\\\/blog\\\/a-2025-os-pszichologiai-trendek-a-psychology-today-alapjan\\\/\",\"url\":\"https:\\\/\\\/egercoach.hu\\\/blog\\\/a-2025-os-pszichologiai-trendek-a-psychology-today-alapjan\\\/\",\"name\":\"A 2025-\u00f6s pszichol\u00f3giai trendek a Psychology Today alapj\u00e1n\",\"isPartOf\":{\"@id\":\"https:\\\/\\\/egercoach.hu\\\/blog\\\/#website\"},\"primaryImageOfPage\":{\"@id\":\"https:\\\/\\\/egercoach.hu\\\/blog\\\/a-2025-os-pszichologiai-trendek-a-psychology-today-alapjan\\\/#primaryimage\"},\"image\":{\"@id\":\"https:\\\/\\\/egercoach.hu\\\/blog\\\/a-2025-os-pszichologiai-trendek-a-psychology-today-alapjan\\\/#primaryimage\"},\"thumbnailUrl\":\"https:\\\/\\\/egercoach.hu\\\/blog\\\/wp-content\\\/uploads\\\/2025\\\/03\\\/blank-notepad-mockup-and-golden-numbers-2025-wish-list-and-goals-for-2025.jpg\",\"datePublished\":\"2025-02-19T07:34:49+00:00\",\"dateModified\":\"2025-03-25T09:26:54+00:00\",\"breadcrumb\":{\"@id\":\"https:\\\/\\\/egercoach.hu\\\/blog\\\/a-2025-os-pszichologiai-trendek-a-psychology-today-alapjan\\\/#breadcrumb\"},\"inLanguage\":\"hu\",\"potentialAction\":[{\"@type\":\"ReadAction\",\"target\":[\"https:\\\/\\\/egercoach.hu\\\/blog\\\/a-2025-os-pszichologiai-trendek-a-psychology-today-alapjan\\\/\"]}]},{\"@type\":\"ImageObject\",\"inLanguage\":\"hu\",\"@id\":\"https:\\\/\\\/egercoach.hu\\\/blog\\\/a-2025-os-pszichologiai-trendek-a-psychology-today-alapjan\\\/#primaryimage\",\"url\":\"https:\\\/\\\/egercoach.hu\\\/blog\\\/wp-content\\\/uploads\\\/2025\\\/03\\\/blank-notepad-mockup-and-golden-numbers-2025-wish-list-and-goals-for-2025.jpg\",\"contentUrl\":\"https:\\\/\\\/egercoach.hu\\\/blog\\\/wp-content\\\/uploads\\\/2025\\\/03\\\/blank-notepad-mockup-and-golden-numbers-2025-wish-list-and-goals-for-2025.jpg\",\"width\":1500,\"height\":1000,\"caption\":\"Blank notepad mockup and golden numbers 2025. Wish list and goals for 2025\"},{\"@type\":\"BreadcrumbList\",\"@id\":\"https:\\\/\\\/egercoach.hu\\\/blog\\\/a-2025-os-pszichologiai-trendek-a-psychology-today-alapjan\\\/#breadcrumb\",\"itemListElement\":[{\"@type\":\"ListItem\",\"position\":1,\"name\":\"Kezd\u0151lap\",\"item\":\"https:\\\/\\\/egercoach.hu\\\/blog\\\/\"},{\"@type\":\"ListItem\",\"position\":2,\"name\":\"A 2025-\u00f6s pszichol\u00f3giai trendek a Psychology Today alapj\u00e1n\"}]},{\"@type\":\"WebSite\",\"@id\":\"https:\\\/\\\/egercoach.hu\\\/blog\\\/#website\",\"url\":\"https:\\\/\\\/egercoach.hu\\\/blog\\\/\",\"name\":\"Eger Coach Blog\",\"description\":\"\",\"publisher\":{\"@id\":\"https:\\\/\\\/egercoach.hu\\\/blog\\\/#organization\"},\"potentialAction\":[{\"@type\":\"SearchAction\",\"target\":{\"@type\":\"EntryPoint\",\"urlTemplate\":\"https:\\\/\\\/egercoach.hu\\\/blog\\\/?s={search_term_string}\"},\"query-input\":{\"@type\":\"PropertyValueSpecification\",\"valueRequired\":true,\"valueName\":\"search_term_string\"}}],\"inLanguage\":\"hu\"},{\"@type\":\"Organization\",\"@id\":\"https:\\\/\\\/egercoach.hu\\\/blog\\\/#organization\",\"name\":\"Eger Coach Blog\",\"url\":\"https:\\\/\\\/egercoach.hu\\\/blog\\\/\",\"logo\":{\"@type\":\"ImageObject\",\"inLanguage\":\"hu\",\"@id\":\"https:\\\/\\\/egercoach.hu\\\/blog\\\/#\\\/schema\\\/logo\\\/image\\\/\",\"url\":\"https:\\\/\\\/egercoach.hu\\\/blog\\\/wp-content\\\/uploads\\\/2025\\\/05\\\/cropped-Eger.png\",\"contentUrl\":\"https:\\\/\\\/egercoach.hu\\\/blog\\\/wp-content\\\/uploads\\\/2025\\\/05\\\/cropped-Eger.png\",\"width\":500,\"height\":169,\"caption\":\"Eger Coach Blog\"},\"image\":{\"@id\":\"https:\\\/\\\/egercoach.hu\\\/blog\\\/#\\\/schema\\\/logo\\\/image\\\/\"},\"sameAs\":[\"https:\\\/\\\/www.facebook.com\\\/eger.coach\"]},{\"@type\":\"Person\",\"@id\":\"https:\\\/\\\/egercoach.hu\\\/blog\\\/#\\\/schema\\\/person\\\/afc73367aa314ca33a9c8d3b88dce6e7\",\"name\":\"Dajka G\u00e1bor\",\"image\":{\"@type\":\"ImageObject\",\"inLanguage\":\"hu\",\"@id\":\"https:\\\/\\\/secure.gravatar.com\\\/avatar\\\/81566ea1e2b3466baa03e9bdcdaa835f58564d8be90057a45f3e61711dc8a063?s=96&d=mm&r=g\",\"url\":\"https:\\\/\\\/secure.gravatar.com\\\/avatar\\\/81566ea1e2b3466baa03e9bdcdaa835f58564d8be90057a45f3e61711dc8a063?s=96&d=mm&r=g\",\"contentUrl\":\"https:\\\/\\\/secure.gravatar.com\\\/avatar\\\/81566ea1e2b3466baa03e9bdcdaa835f58564d8be90057a45f3e61711dc8a063?s=96&d=mm&r=g\",\"caption\":\"Dajka G\u00e1bor\"},\"sameAs\":[\"https:\\\/\\\/egercoach.hu\\\/blog\"],\"url\":\"https:\\\/\\\/egercoach.hu\\\/blog\\\/author\\\/adminka\\\/\"}]}<\/script>\n<!-- \/ Yoast SEO plugin. -->","yoast_head_json":{"title":"A 2025-\u00f6s pszichol\u00f3giai trendek a Psychology Today alapj\u00e1n","robots":{"index":"index","follow":"follow","max-snippet":"max-snippet:-1","max-image-preview":"max-image-preview:large","max-video-preview":"max-video-preview:-1"},"canonical":"https:\/\/egercoach.hu\/blog\/a-2025-os-pszichologiai-trendek-a-psychology-today-alapjan\/","og_locale":"hu_HU","og_type":"article","og_title":"A 2025-\u00f6s pszichol\u00f3giai trendek a Psychology Today alapj\u00e1n","og_description":"N\u00e9pszer\u0171 pszichol\u00f3giai \u00e9s ment\u00e1lhigi\u00e9n\u00e9s t\u00e9m\u00e1k \u2022 Ment\u00e1lis eg\u00e9szs\u00e9g tudatoss\u00e1g \u00e9s cs\u00f6kken\u0151 stigma: A ment\u00e1lis probl\u00e9m\u00e1kr\u00f3l sz\u00f3l\u00f3 p\u00e1rbesz\u00e9d az ut\u00f3bbi \u00e9vekben f\u0151\u00e1ram\u00fav\u00e1 v\u00e1lt. H\u00edres sportol\u00f3k \u00e9s el\u0151ad\u00f3k (pl. Simone Biles, Selena Gomez) ny\u00edltan besz\u00e9lnek lelki k\u00fczdelmeikr\u0151l, ami seg\u00edt led\u00f6nteni a tabukat. Ennek k\u00f6sz\u00f6nhet\u0151en sok fiatal ma m\u00e1r ny\u00edltan v\u00e1llalja saj\u00e1t ment\u00e1lis neh\u00e9zs\u00e9geit, b\u00e1trabban k\u00e9r seg\u00edts\u00e9get, \u00e9s...","og_url":"https:\/\/egercoach.hu\/blog\/a-2025-os-pszichologiai-trendek-a-psychology-today-alapjan\/","og_site_name":"Az Egri Coach Blogja","article_publisher":"https:\/\/www.facebook.com\/eger.coach","article_published_time":"2025-02-19T07:34:49+00:00","article_modified_time":"2025-03-25T09:26:54+00:00","og_image":[{"width":1500,"height":1000,"url":"https:\/\/egercoach.hu\/blog\/wp-content\/uploads\/2025\/03\/blank-notepad-mockup-and-golden-numbers-2025-wish-list-and-goals-for-2025.jpg","type":"image\/jpeg"}],"author":"Dajka G\u00e1bor","twitter_card":"summary_large_image","twitter_misc":{"Szerz\u0151:":"Dajka G\u00e1bor","Becs\u00fclt olvas\u00e1si id\u0151":"18 perc"},"schema":{"@context":"https:\/\/schema.org","@graph":[{"@type":"Article","@id":"https:\/\/egercoach.hu\/blog\/a-2025-os-pszichologiai-trendek-a-psychology-today-alapjan\/#article","isPartOf":{"@id":"https:\/\/egercoach.hu\/blog\/a-2025-os-pszichologiai-trendek-a-psychology-today-alapjan\/"},"author":{"name":"Dajka G\u00e1bor","@id":"https:\/\/egercoach.hu\/blog\/#\/schema\/person\/afc73367aa314ca33a9c8d3b88dce6e7"},"headline":"A 2025-\u00f6s pszichol\u00f3giai trendek a Psychology Today alapj\u00e1n","datePublished":"2025-02-19T07:34:49+00:00","dateModified":"2025-03-25T09:26:54+00:00","mainEntityOfPage":{"@id":"https:\/\/egercoach.hu\/blog\/a-2025-os-pszichologiai-trendek-a-psychology-today-alapjan\/"},"wordCount":4988,"publisher":{"@id":"https:\/\/egercoach.hu\/blog\/#organization"},"image":{"@id":"https:\/\/egercoach.hu\/blog\/a-2025-os-pszichologiai-trendek-a-psychology-today-alapjan\/#primaryimage"},"thumbnailUrl":"https:\/\/egercoach.hu\/blog\/wp-content\/uploads\/2025\/03\/blank-notepad-mockup-and-golden-numbers-2025-wish-list-and-goals-for-2025.jpg","articleSection":["Life coaching Egerben"],"inLanguage":"hu"},{"@type":"WebPage","@id":"https:\/\/egercoach.hu\/blog\/a-2025-os-pszichologiai-trendek-a-psychology-today-alapjan\/","url":"https:\/\/egercoach.hu\/blog\/a-2025-os-pszichologiai-trendek-a-psychology-today-alapjan\/","name":"A 2025-\u00f6s pszichol\u00f3giai trendek a Psychology Today alapj\u00e1n","isPartOf":{"@id":"https:\/\/egercoach.hu\/blog\/#website"},"primaryImageOfPage":{"@id":"https:\/\/egercoach.hu\/blog\/a-2025-os-pszichologiai-trendek-a-psychology-today-alapjan\/#primaryimage"},"image":{"@id":"https:\/\/egercoach.hu\/blog\/a-2025-os-pszichologiai-trendek-a-psychology-today-alapjan\/#primaryimage"},"thumbnailUrl":"https:\/\/egercoach.hu\/blog\/wp-content\/uploads\/2025\/03\/blank-notepad-mockup-and-golden-numbers-2025-wish-list-and-goals-for-2025.jpg","datePublished":"2025-02-19T07:34:49+00:00","dateModified":"2025-03-25T09:26:54+00:00","breadcrumb":{"@id":"https:\/\/egercoach.hu\/blog\/a-2025-os-pszichologiai-trendek-a-psychology-today-alapjan\/#breadcrumb"},"inLanguage":"hu","potentialAction":[{"@type":"ReadAction","target":["https:\/\/egercoach.hu\/blog\/a-2025-os-pszichologiai-trendek-a-psychology-today-alapjan\/"]}]},{"@type":"ImageObject","inLanguage":"hu","@id":"https:\/\/egercoach.hu\/blog\/a-2025-os-pszichologiai-trendek-a-psychology-today-alapjan\/#primaryimage","url":"https:\/\/egercoach.hu\/blog\/wp-content\/uploads\/2025\/03\/blank-notepad-mockup-and-golden-numbers-2025-wish-list-and-goals-for-2025.jpg","contentUrl":"https:\/\/egercoach.hu\/blog\/wp-content\/uploads\/2025\/03\/blank-notepad-mockup-and-golden-numbers-2025-wish-list-and-goals-for-2025.jpg","width":1500,"height":1000,"caption":"Blank notepad mockup and golden numbers 2025. Wish list and goals for 2025"},{"@type":"BreadcrumbList","@id":"https:\/\/egercoach.hu\/blog\/a-2025-os-pszichologiai-trendek-a-psychology-today-alapjan\/#breadcrumb","itemListElement":[{"@type":"ListItem","position":1,"name":"Kezd\u0151lap","item":"https:\/\/egercoach.hu\/blog\/"},{"@type":"ListItem","position":2,"name":"A 2025-\u00f6s pszichol\u00f3giai trendek a Psychology Today alapj\u00e1n"}]},{"@type":"WebSite","@id":"https:\/\/egercoach.hu\/blog\/#website","url":"https:\/\/egercoach.hu\/blog\/","name":"Eger Coach Blog","description":"","publisher":{"@id":"https:\/\/egercoach.hu\/blog\/#organization"},"potentialAction":[{"@type":"SearchAction","target":{"@type":"EntryPoint","urlTemplate":"https:\/\/egercoach.hu\/blog\/?s={search_term_string}"},"query-input":{"@type":"PropertyValueSpecification","valueRequired":true,"valueName":"search_term_string"}}],"inLanguage":"hu"},{"@type":"Organization","@id":"https:\/\/egercoach.hu\/blog\/#organization","name":"Eger Coach Blog","url":"https:\/\/egercoach.hu\/blog\/","logo":{"@type":"ImageObject","inLanguage":"hu","@id":"https:\/\/egercoach.hu\/blog\/#\/schema\/logo\/image\/","url":"https:\/\/egercoach.hu\/blog\/wp-content\/uploads\/2025\/05\/cropped-Eger.png","contentUrl":"https:\/\/egercoach.hu\/blog\/wp-content\/uploads\/2025\/05\/cropped-Eger.png","width":500,"height":169,"caption":"Eger Coach Blog"},"image":{"@id":"https:\/\/egercoach.hu\/blog\/#\/schema\/logo\/image\/"},"sameAs":["https:\/\/www.facebook.com\/eger.coach"]},{"@type":"Person","@id":"https:\/\/egercoach.hu\/blog\/#\/schema\/person\/afc73367aa314ca33a9c8d3b88dce6e7","name":"Dajka G\u00e1bor","image":{"@type":"ImageObject","inLanguage":"hu","@id":"https:\/\/secure.gravatar.com\/avatar\/81566ea1e2b3466baa03e9bdcdaa835f58564d8be90057a45f3e61711dc8a063?s=96&d=mm&r=g","url":"https:\/\/secure.gravatar.com\/avatar\/81566ea1e2b3466baa03e9bdcdaa835f58564d8be90057a45f3e61711dc8a063?s=96&d=mm&r=g","contentUrl":"https:\/\/secure.gravatar.com\/avatar\/81566ea1e2b3466baa03e9bdcdaa835f58564d8be90057a45f3e61711dc8a063?s=96&d=mm&r=g","caption":"Dajka G\u00e1bor"},"sameAs":["https:\/\/egercoach.hu\/blog"],"url":"https:\/\/egercoach.hu\/blog\/author\/adminka\/"}]}},"_links":{"self":[{"href":"https:\/\/egercoach.hu\/blog\/wp-json\/wp\/v2\/posts\/521","targetHints":{"allow":["GET"]}}],"collection":[{"href":"https:\/\/egercoach.hu\/blog\/wp-json\/wp\/v2\/posts"}],"about":[{"href":"https:\/\/egercoach.hu\/blog\/wp-json\/wp\/v2\/types\/post"}],"author":[{"embeddable":true,"href":"https:\/\/egercoach.hu\/blog\/wp-json\/wp\/v2\/users\/1"}],"replies":[{"embeddable":true,"href":"https:\/\/egercoach.hu\/blog\/wp-json\/wp\/v2\/comments?post=521"}],"version-history":[{"count":0,"href":"https:\/\/egercoach.hu\/blog\/wp-json\/wp\/v2\/posts\/521\/revisions"}],"wp:featuredmedia":[{"embeddable":true,"href":"https:\/\/egercoach.hu\/blog\/wp-json\/wp\/v2\/media\/810"}],"wp:attachment":[{"href":"https:\/\/egercoach.hu\/blog\/wp-json\/wp\/v2\/media?parent=521"}],"wp:term":[{"taxonomy":"category","embeddable":true,"href":"https:\/\/egercoach.hu\/blog\/wp-json\/wp\/v2\/categories?post=521"},{"taxonomy":"post_tag","embeddable":true,"href":"https:\/\/egercoach.hu\/blog\/wp-json\/wp\/v2\/tags?post=521"}],"curies":[{"name":"wp","href":"https:\/\/api.w.org\/{rel}","templated":true}]}}