{"id":64,"date":"2024-08-04T11:34:03","date_gmt":"2024-08-04T09:34:03","guid":{"rendered":"https:\/\/egercoach.hu\/blog\/?p=64"},"modified":"2025-10-12T07:40:37","modified_gmt":"2025-10-12T05:40:37","slug":"gyogyulas-a-gyaszbol-utak-a-vesztesegek-feldolgozasahoz-egerben","status":"publish","type":"post","link":"https:\/\/egercoach.hu\/blog\/gyogyulas-a-gyaszbol-utak-a-vesztesegek-feldolgozasahoz-egerben\/","title":{"rendered":"Gy\u00f3gyul\u00e1s gy\u00e1szb\u00f3l: utak a feldolgoz\u00e1shoz Egerben"},"content":{"rendered":"<p>A gy\u00e1sz mindannyiunk \u00e9let\u00e9ben megker\u00fclhetetlen tapasztalat: nemcsak a hal\u00e1l miatti vesztes\u00e9g form\u00e1j\u00e1ban jelenhet meg, hanem v\u00e1l\u00e1s, k\u00f6lt\u00f6z\u00e9s, munkahelyv\u00e1lt\u00e1s, eg\u00e9szs\u00e9groml\u00e1s vagy r\u00e9gi szerepek elenged\u00e9se kapcs\u00e1n is. A mindennapi \u00e9let ilyenkor gyakran sz\u00e9tesik: az alv\u00e1s felborul, a figyelem sz\u00e9tsz\u00f3rtt\u00e1 v\u00e1lik, \u00e9s olyan ellentmond\u00e1sos \u00e9rz\u00e9sek ker\u00fclnek felsz\u00ednre, amelyekkel ritk\u00e1n tudunk egyed\u00fcl mit kezdeni. Ezt a helyzetet fogalmazza meg tal\u00e1l\u00f3an J. W. James \u00e9s R. Friedman szeml\u00e9lete is: \u201eazt megtanultuk, hogyan szerezz\u00fcnk meg valamit, de azt nem, hogy mit tegy\u00fcnk, ha elvesz\u00edtj\u00fck azt\u201d. Egerben \u00e9s Heves megy\u00e9ben az elm\u00falt \u00e9vekben egyre t\u00f6bb szakember v\u00e1llal szerepet a vesztes\u00e9gek felold\u00e1s\u00e1ban: a Gy\u00e1szfeldolgoz\u00e1s M\u00f3dszer\u00ae hazai, egri specialist\u00e1i olyan, l\u00e9p\u00e9sr\u0151l l\u00e9p\u00e9sre halad\u00f3 keretrendszerrel dolgoznak, amely seg\u00edt nevet adni a kusza \u00e9rz\u00e9seknek, \u00e9s biztons\u00e1gosan k\u00eds\u00e9ri v\u00e9gig a gy\u00e1szol\u00f3t a saj\u00e1t fel\u00e9p\u00fcl\u00e9s\u00e9n. Ebben a cikkben rendszerezem, mit adhat a m\u00f3dszer, hogyan \u00e9p\u00fcl fel a folyamat, kinek \u00e9s mikor aj\u00e1nlott, mi az, ami nem v\u00e1rhat\u00f3 el t\u0151le, \u00e9s hogyan kapcsol\u00f3dik mindez az Egerben el\u00e9rhet\u0151 t\u00e1mogat\u00e1si h\u00e1l\u00f3hoz. A c\u00e9lom praktikus, t\u00f6m\u00f6r \u00e9s megb\u00edzhat\u00f3 k\u00e9pet adni olyan nyelven, amely \u00e9rthet\u0151 a gy\u00e1sz k\u00f6zep\u00e9n \u00e1ll\u00f3knak is, mik\u00f6zben szakmailag felel\u0151sen \u00e9s egy\u00e9rtelm\u0171en fogalmaz.<\/p>\n<h2>Mi a Gy\u00e1szfeldolgoz\u00e1s M\u00f3dszer\u00ae?<\/h2>\n<p>A Gy\u00e1szfeldolgoz\u00e1s M\u00f3dszer\u00ae egy struktur\u00e1lt, edukat\u00edv keretrendszer a vesztes\u00e9gek kezel\u00e9s\u00e9re. L\u00e9nyege, hogy a gy\u00e1szol\u00f3t nem \u201ediagn\u00f3zisk\u00e9nt\u201d, hanem \u00e9rthet\u0151 \u00e9s term\u00e9szetes reakci\u00f3kkal k\u00fczd\u0151 emberk\u00e9nt tekinti; az \u00e9rz\u00e9sek elfogad\u00e1s\u00e1b\u00f3l, a viszonyok rendez\u00e9s\u00e9b\u0151l \u00e9s a lez\u00e1ratlan kommunik\u00e1ci\u00f3s sz\u00e1lak \u00e1ttekint\u00e9s\u00e9b\u0151l indul ki. A folyamat r\u00e9sze az \u00e9rzelmek pontos megnevez\u00e9se, a vesztes\u00e9gt\u00f6rt\u00e9net t\u00e9nyszer\u0171 \u00e9s \u00e9rzelmi feldolgoz\u00e1sa, majd a kapcsolat \u201ebefejezetlens\u00e9g\u00e9nek\u201d \u00e9rett rendez\u00e9se. A m\u00f3dszer nem pszichoter\u00e1pia, nem helyettes\u00edti az orvosi, pszichi\u00e1triai ell\u00e1t\u00e1st \u00e9s nem \u00edg\u00e9r gyors var\u00e1zsmegold\u00e1st; ehelyett k\u00f6vetkezetes, felel\u0151s \u00e9s gyakorlati l\u00e9p\u00e9sekre \u00e9p\u00fcl. A szakember feladata a biztons\u00e1gos, \u00edt\u00e9lkez\u00e9smentes t\u00e9r megteremt\u00e9se, a pontos instrukci\u00f3k ad\u00e1sa, a ritmus \u00e9s a hat\u00e1rok tart\u00e1sa. Egerben a specialist\u00e1k egy\u00e9ni \u00e9s kiscsoportos form\u00e1ban is dolgoznak: ez lehet\u0151v\u00e9 teszi, hogy az egy\u00e9ni saj\u00e1toss\u00e1gokhoz illeszkedjen a temp\u00f3, mik\u00f6zben a k\u00f6z\u00f6ss\u00e9gi tanul\u00e1s ereje is \u00e9rv\u00e9nyes\u00fcl. A hangs\u00faly v\u00e9gig azon van, hogy a gy\u00e1szol\u00f3 a saj\u00e1t \u00e9let\u00e9be, saj\u00e1t \u00e9rt\u00e9keihez m\u00e9rten tudjon visszat\u00e9rni\u2014nem \u201eelfelejteni\u201d, hanem integr\u00e1lni \u00e9s \u00f6nazonosan tov\u00e1bbmenni.<\/p>\n<h2>Hogyan seg\u00edt a m\u00f3dszer a mindennapok szintj\u00e9n?<\/h2>\n<p>A gy\u00e1sz gyakorlati szinten sokszor abban neh\u00e9z, hogy a h\u00e9tk\u00f6znapi m\u0171k\u00f6d\u00e9s sz\u00e9tesik: romlik az alv\u00e1s \u00e9s az \u00e9tv\u00e1gy, hull\u00e1mz\u00f3v\u00e1 v\u00e1lik a koncentr\u00e1ci\u00f3, a t\u00e1rsas helyzetek egyszerre terhesek \u00e9s hi\u00e1nyoznak. A Gy\u00e1szfeldolgoz\u00e1s M\u00f3dszer\u00ae ebben a helyzetben nem elvont fogalmakkal, hanem konkr\u00e9t tennival\u00f3kkal dolgozik. El\u0151sz\u00f6r felt\u00e9rk\u00e9pezi a vesztes\u00e9gek \u201et\u00e9rk\u00e9p\u00e9t\u201d, vagyis nemcsak az aktu\u00e1lis trag\u00e9di\u00e1t, hanem a kor\u00e1bbi, el nem gy\u00e1szolt t\u00f6rt\u00e9neteket is. Ezt k\u00f6vetik az \u00e9rzelmi lez\u00e1ratlans\u00e1gok azonos\u00edt\u00e1s\u00e1t seg\u00edt\u0151 gyakorlatok, majd a kapcsolatokat lez\u00e1r\u00f3, prec\u00edz kommunik\u00e1ci\u00f3s l\u00e9p\u00e9sek. Mindez cs\u00f6kkenti a nyomaszt\u00f3 \u201emi lett volna, ha\u201d k\u00e9rd\u00e9sek erej\u00e9t, tiszt\u00e1zza az \u00f6nv\u00e1dat \u00e9s a haragot, \u00e9s teret nyit a h\u00e1l\u00e1nak, a szeretet-\u00e9lm\u00e9ny meg\u0151rz\u00e9s\u00e9nek is. Az egri specialist\u00e1k munk\u00e1j\u00e1ban fontos helyet kap a napirend vissza\u00e9p\u00edt\u00e9se, az alapszint\u0171 \u00f6nmenedzsment (pihen\u00e9s, mozg\u00e1s, t\u00e1pl\u00e1lkoz\u00e1s) \u00e9s a kapcsol\u00f3d\u00e1sok \u00fajraszervez\u00e9se. A c\u00e9l nem a \u201er\u00e9gi \u00e9let\u201d visszaszerz\u00e9se, hanem egy olyan \u00faj egyens\u00faly, amelyben a vesztes\u00e9g eml\u00e9ke nem elt\u0171nik, hanem m\u00e9lt\u00f3 helyet kap az \u00e9letedben\u2014\u00fagy, hogy k\u00f6zben k\u00e9pes maradsz dolgozni, kapcsol\u00f3dni \u00e9s \u00f6r\u00f6m\u00f6ket befogadni.<\/p>\n<h2>Eger \u00e9s a helyi specialist\u00e1k szerepe<\/h2>\n<p>Egerben a Gy\u00e1szfeldolgoz\u00e1s M\u00f3dszer\u00ae Specialist\u00e1k el\u00e9rhet\u0151, emberk\u00f6zeli t\u00e1mogat\u00e1st adnak: r\u00f6vid v\u00e1rakoz\u00e1si id\u0151, szem\u00e9lyes vagy online alkalmak, egy\u00e9ni \u00e9s kiscsoportos form\u00e1k. A helyi jelenl\u00e9t nemcsak logisztikai el\u0151ny: kultur\u00e1lis \u00e9s t\u00e1rsas szempontb\u00f3l is sz\u00e1m\u00edt. A gy\u00e1szol\u00f3k gyakran azt \u00e9rzik, hogy \u201enincs kivel besz\u00e9lni\u201d, mert a k\u00f6rnyezet j\u00f3t akar, de tan\u00e1csokat oszt vagy bagatelliz\u00e1l. A specialista ezzel szemben tudatosan tart\u00f3zkodik a megold\u00e1soszt\u00e1st\u00f3l, \u00e9s a gy\u00e1szol\u00f3 temp\u00f3j\u00e1hoz igaz\u00edtja a folyamatot. A v\u00e1ros \u00e9s a megye int\u00e9zm\u00e9nyi h\u00e1l\u00f3zat\u00e1val (h\u00e1ziorvosok, pszichol\u00f3gusok, lelkigondoz\u00f3k, szoci\u00e1lis szolg\u00e1ltat\u00f3k) olyan egy\u00fcttm\u0171k\u00f6d\u00e9s alakult ki, amely megk\u00f6nny\u00edti a tov\u00e1bbir\u00e1ny\u00edt\u00e1st, ha arra sz\u00fcks\u00e9g van. Az elm\u00falt \u00e9vekben k\u00fcl\u00f6n hangs\u00falyt kapott az Ukrajn\u00e1b\u00f3l \u00e9rkezett csal\u00e1dok t\u00e1mogat\u00e1sa: tolm\u00e1csol\u00e1sra \u00e9s kult\u00farak\u00f6zi \u00e9rz\u00e9kenys\u00e9gre t\u00e1maszkod\u00f3 munkamenetek, traumainform\u00e1lt m\u0171k\u00f6d\u00e9s, illetve a vall\u00e1si-szok\u00e1sbeli saj\u00e1toss\u00e1gok tisztelete. A gy\u00e1sz univerz\u00e1lis, de a kifejez\u00e9se kult\u00faraspecifikus lehet; az egri gyakorlat ezt tudatosan kezeli, \u00edgy val\u00f3ban szem\u00e9lyre szabott t\u00e1masz val\u00f3sul meg.<\/p>\n<blockquote><p>\u201eA gy\u00e1sz nem betegs\u00e9g, hanem megterhel\u0151 \u00e1llapot. A c\u00e9l nem az, hogy valamit v\u00e9gleg magad m\u00f6g\u00e9 z\u00e1rj, hanem az, hogy m\u00e9lt\u00f3 m\u00f3don helyet adj neki az \u00e9letedben, \u00e9s k\u00f6zben visszanyerd a cselekv\u0151k\u00e9pess\u00e9ged.\u201d \u2013 Dajka G\u00e1bor<\/p><\/blockquote>\n<h2>A folyamat f\u0151 l\u00e9p\u00e9sei (gyakorlati k\u00f6rvonal)<\/h2>\n<p>Az al\u00e1bbi \u00e1ttekint\u00e9s a tal\u00e1lkoz\u00f3k jellemz\u0151 logik\u00e1j\u00e1t mutatja. A konkr\u00e9t l\u00e9p\u00e9sek mindig a gy\u00e1szol\u00f3 t\u00f6rt\u00e9net\u00e9hez igazodnak, de a keret \u00e1tl\u00e1that\u00f3 \u00e9s k\u00f6vethet\u0151:<\/p>\n<ul>\n<li>Kiindul\u00f3 t\u00e1j\u00e9koz\u00f3d\u00e1s: a vesztes\u00e9g r\u00f6vid felt\u00e9rk\u00e9pez\u00e9se, egy\u00fcttm\u0171k\u00f6d\u00e9si keretek, c\u00e9lkit\u0171z\u00e9s.<\/li>\n<li>Vesztes\u00e9gt\u00e9rk\u00e9p: kor\u00e1bbi, el nem gy\u00e1szolt esem\u00e9nyek azonos\u00edt\u00e1sa, hat\u00e1suk meg\u00e9rt\u00e9se.<\/li>\n<li>\u00c9rzelemneves\u00edt\u00e9s: b\u0171ntudat, harag, hi\u00e1ny, f\u00e9lelem, ambivalencia megk\u00fcl\u00f6nb\u00f6ztet\u00e9se.<\/li>\n<li>Kommunik\u00e1ci\u00f3s lez\u00e1r\u00e1s el\u0151k\u00e9sz\u00edt\u00e9se: a kimondatlan tartalmak rendez\u00e9se biztons\u00e1gos keretben.<\/li>\n<li>Befejez\u0151 gyakorlat: kapcsolat-rendez\u0151, m\u00e9lt\u00f3, szem\u00e9lyre szabott l\u00e9p\u00e9s.<\/li>\n<li>Fenntart\u00f3 t\u00e1mogat\u00e1s: napirend, alv\u00e1s, mozg\u00e1s, t\u00e1rsas kapcsol\u00f3d\u00e1sok vissza\u00e9p\u00edt\u00e9se.<\/li>\n<\/ul>\n<h2>Mit nem v\u00e1rhatsz el a m\u00f3dszert\u0151l?<\/h2>\n<p>Fontos, hogy tiszt\u00e1n l\u00e1ss: a Gy\u00e1szfeldolgoz\u00e1s M\u00f3dszer\u00ae nem \u201egyorsseg\u00e9ly\u201d \u00e9s nem helyettes\u00edti a pszichoter\u00e1pi\u00e1t, a pszichi\u00e1triai kezel\u00e9st vagy a s\u00fcrg\u0151ss\u00e9gi beavatkoz\u00e1st. Nem c\u00e9lja \u201ekiverni a fejedb\u0151l\u201d a f\u00e1jdalmat, \u00e9s nem tekinti probl\u00e9m\u00e1nak, ha s\u00edrsz, ha hi\u00e1nyzik az elhunyt, ha id\u0151nk\u00e9nt hull\u00e1mz\u00f3 a k\u00f6z\u00e9rzeted. A m\u00f3dszer azzal seg\u00edt, hogy sz\u00e9tv\u00e1lasztja a kevered\u0151 \u00e9rz\u00e9seket, felel\u0151sen rendezi a befejezetlens\u00e9geket \u00e9s visszaadja a cselekv\u0151k\u00e9pess\u00e9g-\u00e9lm\u00e9nyt. Vannak helyzetek, amikor orvosi, pszichi\u00e1triai vagy pszichoter\u00e1pi\u00e1s ell\u00e1t\u00e1s els\u0151bbs\u00e9get \u00e9lvez (\u00f6ngyilkoss\u00e1gi gondolatok, s\u00falyos alv\u00e1s- \u00e9s \u00e9tv\u00e1gyzavar, szerhaszn\u00e1lat, trauma ut\u00e1ni testi-lelki t\u00fcnetek, b\u00e1ntalmaz\u00e1s). Az egri specialist\u00e1k ilyen esetben egy\u00fcttm\u0171k\u00f6dnek a megfelel\u0151 szakemberekkel \u00e9s sz\u00fcks\u00e9g eset\u00e9n tov\u00e1bbir\u00e1ny\u00edtanak. Ez nem kudarc, hanem felel\u0151s gondolkod\u00e1s: a j\u00f3 ell\u00e1t\u00e1s nem egy m\u00f3dszer kiz\u00e1r\u00f3lagos alkalmaz\u00e1s\u00e1r\u00f3l sz\u00f3l, hanem arr\u00f3l, hogy a megfelel\u0151 seg\u00edts\u00e9g a megfelel\u0151 id\u0151ben \u00e9rkezzen.<\/p>\n<h2>Gyakori t\u00e9vhitek \u00e9s akad\u00e1lyok<\/h2>\n<p>H\u00e1rom elterjedt hiedelmet \u00e9rdemes id\u0151ben tiszt\u00e1zni. Az els\u0151: \u201eaz id\u0151 mindent megold\u201d. Tapasztalat szerint az id\u0151 \u00f6nmag\u00e1ban nem dolgozik helyett\u00fcnk; ha a f\u00e1jdalomhoz b\u0171ntudat, kimondatlans\u00e1g, rendezetlen harag t\u00e1rsul, ezek \u00e9vek m\u00falt\u00e1n is v\u00e1llra \u00fclnek. A m\u00e1sodik: \u201eer\u0151snek kell maradni\u201d. Az \u201eer\u0151\u201d nem az \u00e9rzelmek elnyom\u00e1s\u00e1t jelenti, hanem azt, hogy k\u00e9pes vagy r\u00e1n\u00e9zni, megnevezni \u00e9s m\u00e9lt\u00f3n kifejezni mindazt, ami benned zajlik. A harmadik: \u201enem szeretek panaszkodni, \u00edgy legal\u00e1bb nem b\u00e1ntok senkit\u201d. A visszatartott f\u00e1jdalom nem t\u0171nik el, csak m\u00e1s csatorn\u00e1kon jelentkezik: alv\u00e1szavar, ingerl\u00e9kenys\u00e9g, testi t\u00fcnetek, konfliktusker\u00fcl\u00e9s vagy \u00e9pp t\u00falterhel\u00e9s. Ezek helyett a struktur\u00e1lt, b\u00e1tor, de k\u00edm\u00e9letes kommunik\u00e1ci\u00f3 a c\u00e9l. A gyakorlatban ez azt jelenti, hogy nem kell \u201edr\u00e1mai\u201d t\u00f6rt\u00e9netmes\u00e9l\u0151v\u00e9 v\u00e1lnod; el\u00e9g, ha pontosan, a saj\u00e1t szavaiddal mondod ki, mire v\u00e1gysz, mi f\u00e1j, \u00e9s mit k\u00f6sz\u00f6nsz annak, akit elvesztett\u00e9l. Ezzel nem gyeng\u00e9bb leszel, hanem rendezettebb \u00e9s szabadabb.<\/p>\n<h2>Kinek \u00e9s mikor aj\u00e1nlott k\u00fcl\u00f6n\u00f6sen?<\/h2>\n<p>Az egri Gy\u00e1szfeldolgoz\u00e1s M\u00f3dszer\u00ae Specialist\u00e1khoz \u00e1ltal\u00e1ban h\u00e1rom nagy csoport fordul. Az els\u0151 a friss vesztes\u00e9ggel \u00e9l\u0151k k\u00f6re, akik n\u00e9h\u00e1ny h\u00e9ten-h\u00f3napon bel\u00fcl szeretn\u00e9k meg\u00e9rteni a test\u00fck \u00e9s lelk\u00fck jelz\u00e9seit, \u00e9s szeretn\u00e9nek biztons\u00e1gos keretet a mindennapok \u00fajraszervez\u00e9s\u00e9hez. A m\u00e1sodik csoport a \u201er\u00e9gi gy\u00e1sz\u201d hordoz\u00f3i, akikn\u00e9l ugyan eltelt id\u0151, de vannak visszat\u00e9r\u0151, el nem rendezett \u00e9rz\u00e9sek vagy olyan \u00e9lethelyzetek (sz\u00fclet\u00e9snapok, \u00e9vfordul\u00f3k), amelyekn\u00e9l rendszeresen \u201ekifordul a vil\u00e1g\u201d. A harmadik csoport a m\u00e1s t\u00edpus\u00fa vesztes\u00e9geket meg\u00e9l\u0151k: v\u00e1l\u00e1s, medd\u0151s\u00e9gi neh\u00e9zs\u00e9gek, eg\u00e9szs\u00e9groml\u00e1s, munkahely elveszt\u00e9se, k\u00f6lt\u00f6z\u00e9s vagy a h\u00e1bor\u00fa miatti elszakad\u00e1s. K\u00fcl\u00f6n\u00f6sen indokolt seg\u00edts\u00e9get k\u00e9rni, ha tart\u00f3s alv\u00e1sprobl\u00e9m\u00e1d van, elmag\u00e1nyosodsz, ha a mindennapi feladatok ell\u00e1t\u00e1sa is neh\u00e9zz\u00e9 v\u00e1lik, vagy ha k\u00f6rnyezeted visszajelz\u00e9sei szerint \u201em\u00e1r nem te vagy\u201d. Ez nem c\u00edmke \u00e9s nem b\u00e9lyeg; egyszer\u0171, b\u00e1tor d\u00f6nt\u00e9s arr\u00f3l, hogy nem egyed\u00fcl viszed tov\u00e1bb a terhet.<\/p>\n<h2>Etikai \u00e9s kultur\u00e1lis szempontok\u2014helyi gyakorlat Egerben<\/h2>\n<p>A gy\u00e1sz kifejez\u00e9s\u00e9nek form\u00e1i csal\u00e1donk\u00e9nt \u00e9s kult\u00far\u00e1nk\u00e9nt is k\u00fcl\u00f6nb\u00f6zhetnek. Egerben a gyakorlat r\u00e9sze a kultur\u00e1lis \u00e9rz\u00e9kenys\u00e9g: a vall\u00e1si szok\u00e1sok, a ritu\u00e1l\u00e9k tisztelete, a csal\u00e1di szerepek saj\u00e1toss\u00e1gainak meg\u00e9rt\u00e9se. Az Ukrajn\u00e1b\u00f3l \u00e9rkezett csal\u00e1dokkal v\u00e9gzett munka k\u00fcl\u00f6n odafigyel\u00e9st ig\u00e9nyel: tolm\u00e1csol\u00e1s, traumatudatos m\u0171k\u00f6d\u00e9s, a h\u00e1bor\u00fas vesztes\u00e9gekhez t\u00e1rsul\u00f3 sz\u00e9gyen \u00e9s tehetetlens\u00e9g elfogad\u00f3 kezel\u00e9se. A szem\u00e9lyes adatok v\u00e9delme, a titoktart\u00e1s \u00e9s a beleegyez\u00e9s elvei nem \u201eadminisztrat\u00edv ny\u0171g\u00f6k\u201d, hanem biztons\u00e1gi keretek; ezek tart\u00e1sa seg\u00edt abban, hogy a gy\u00e1szol\u00f3 val\u00f3ban merjen besz\u00e9lni arr\u00f3l, amit a legink\u00e1bb f\u00e9l kimondani. Az egri specialist\u00e1k munk\u00e1j\u00e1nak fontos r\u00e9sze a m\u00e1s szakm\u00e1kkal val\u00f3 egy\u00fcttm\u0171k\u00f6d\u00e9s \u00e9s az etikai hat\u00e1rok tisztelete: soha nem \u201ediagnosztiz\u00e1lnak\u201d, nem \u00edg\u00e9rnek t\u00f6bbet, mint ami megalapozottan adhat\u00f3, \u00e9s sz\u00fcks\u00e9g eset\u00e9n kapcsolatot teremtenek a megfelel\u0151 eg\u00e9szs\u00e9g\u00fcgyi vagy szoci\u00e1lis ell\u00e1t\u00e1ssal. Ez az egy\u00fcttm\u0171k\u00f6d\u00e9s nem csup\u00e1n szakmai k\u00f6vetelm\u00e9ny, hanem embers\u00e9g is: a gy\u00e1sz \u201ecsapatmunka\u201d, amelyben a gy\u00e1szol\u00f3 marad a f\u0151szerepl\u0151, a seg\u00edt\u0151k pedig felel\u0151sen k\u00eds\u00e9rnek.<\/p>\n<h2>Akci\u00f3terv\u2014mit tegy\u00e9l a k\u00f6vetkez\u0151 30 napban?<\/h2>\n<p>Az al\u00e1bbi akci\u00f3terv nem helyettes\u00edt semmilyen szakmai folyamatot, de seg\u00edt elindulni \u00e9s tartani a ritmust a legnehezebb hetekben.<\/p>\n<table border=\"1\">\n<thead>\n<tr>\n<th>H\u00e9t<\/th>\n<th>F\u00f3kusz<\/th>\n<th>Konkr\u00e9t l\u00e9p\u00e9s<\/th>\n<\/tr>\n<\/thead>\n<tbody>\n<tr>\n<td>1. h\u00e9t<\/td>\n<td>Biztons\u00e1g \u00e9s ritmus<\/td>\n<td>Fix alv\u00e1s-\u00e9brenl\u00e9t rend; napi 2 r\u00f6vid s\u00e9ta; 1\u20132 meleg \u00e9tkez\u00e9s; egy megb\u00edzhat\u00f3 szem\u00e9llyel napi check-in.<\/td>\n<\/tr>\n<tr>\n<td>2. h\u00e9t<\/td>\n<td>\u00c9rzelemneves\u00edt\u00e9s<\/td>\n<td>Napi 10\u201315 perc \u00edr\u00e1s: \u201eMa mire volt er\u0151m?\u201d, \u201eMi f\u00e1jt a legjobban?\u201d\u2014\u00e9rt\u00e9kel\u00e9s n\u00e9lk\u00fcl, \u0151szint\u00e9n.<\/td>\n<\/tr>\n<tr>\n<td>3. h\u00e9t<\/td>\n<td>Kapcsol\u00f3d\u00e1s<\/td>\n<td>K\u00e9t t\u00e1mogat\u00f3 besz\u00e9lget\u00e9s megszervez\u00e9se; r\u00f6vid k\u00f6z\u00f6s s\u00e9ta vagy k\u00e1v\u00e9; ker\u00fclni a \u201etartsd magad\u201d mantr\u00e1t.<\/td>\n<\/tr>\n<tr>\n<td>4. h\u00e9t<\/td>\n<td>Rendez\u00e9s<\/td>\n<td>Lez\u00e1ratlan mondatok beazonos\u00edt\u00e1sa; id\u0151pontfoglal\u00e1s egri specialist\u00e1hoz vagy csoporthoz; napi 15 perc csend id\u0151s\u00e1vban.<\/td>\n<\/tr>\n<\/tbody>\n<\/table>\n<h2>Ellen\u0151rz\u0151 lista\u2014mikor k\u00e9rj azonnali seg\u00edts\u00e9get?<\/h2>\n<ul>\n<li>\u00d6ngyilkoss\u00e1ggal kapcsolatos gondolatok, tervek jelennek meg.<\/li>\n<li>Az alv\u00e1s \u00e9s \u00e9tkez\u00e9s tart\u00f3san felborul, vagy gyorsan romlik.<\/li>\n<li>Szerhaszn\u00e1lat, \u00f6nk\u00e1ros\u00edt\u00f3 viselked\u00e9sek er\u0151s\u00f6dnek.<\/li>\n<li>\u201eMintha nem lenn\u00e9k itt\u201d \u00e9rz\u00e9s hetek \u00f3ta, a mindennapi feladatok is ellehetetlen\u00fclnek.<\/li>\n<li>Er\u0151szak, b\u00e1ntalmaz\u00e1s, fenyegetetts\u00e9g k\u00f6rvonalaz\u00f3dik.<\/li>\n<\/ul>\n<p>Ha a fenti pontok b\u00e1rmelyike igaz, els\u0151dleges a h\u00e1ziorvos, s\u00fcrg\u0151ss\u00e9gi ell\u00e1t\u00e1s vagy pszichi\u00e1triai seg\u00edts\u00e9g. A gy\u00e1szfeldolgoz\u00e1s csak biztons\u00e1gos alapokon hat.<\/p>\n<h2>Szak\u00e9rt\u0151 v\u00e1laszol \u2013 GYIK<\/h2>\n<h3>Meddig \u201enorm\u00e1lis\u201d, ha f\u00e1j?<\/h3>\n<p>Az, hogy \u201emikor m\u00falik el\u201d, rossz k\u00e9rd\u00e9s; az a hasznos, hogy mikor v\u00e1lik kezelhet\u0151v\u00e9. Ha a f\u00e1jdalom nem b\u00e9n\u00edtja tart\u00f3san a mindennapokat, ha tudsz enni, aludni, kapcsol\u00f3dni, dolgozni\u2014akkor term\u00e9szetes hull\u00e1mz\u00e1sr\u00f3l besz\u00e9l\u00fcnk. Ha h\u00f3napokkal a vesztes\u00e9g ut\u00e1n is \u00f6sszeomlaszt mindent, \u00e9rdemes seg\u00edts\u00e9get k\u00e9rni, mert a gy\u00e1szban nem a szenved\u00e9s hossza, hanem a cselekv\u0151k\u00e9pess\u00e9ged a l\u00e9nyeg.<\/p>\n<h3>Mi a k\u00fcl\u00f6nbs\u00e9g a gy\u00e1szfeldolgoz\u00e1s \u00e9s a pszichoter\u00e1pia k\u00f6z\u00f6tt?<\/h3>\n<p>A gy\u00e1szfeldolgoz\u00e1s edukat\u00edv, struktur\u00e1lt folyamat, amely konkr\u00e9t, kommunik\u00e1ci\u00f3s \u00e9s rendez\u0151 l\u00e9p\u00e9sekre \u00e9p\u00edt. A pszichoter\u00e1pia m\u00e9lyebb mint\u00e1zatokkal, szem\u00e9lyis\u00e9gdinamik\u00e1val dolgozik, hosszabb t\u00e1von. Sokszor nem \u201evagy-vagy\u201d, hanem \u201eis-is\u201d: ha sz\u00fcks\u00e9ges, a m\u00f3dszer mellett ter\u00e1pi\u00e1s ell\u00e1t\u00e1s is aj\u00e1nlott.<\/p>\n<h3>Mi t\u00f6rt\u00e9nik, ha nem akarok besz\u00e9lni a r\u00e9szletekr\u0151l?<\/h3>\n<p>A r\u00e9szletek sosem \u201ek\u00f6telez\u0151k\u201d. A f\u00f3kusz azon van, hogy te biztons\u00e1gban \u00e9rezd magad, \u00e9s pontosan annyit mondj ki, amennyi seg\u00edt rendezni a lez\u00e1ratlans\u00e1got. A specialista keretei nem er\u0151ltetnek, hanem k\u00eds\u00e9rnek.<\/p>\n<h3>Hogyan l\u00e1tod a magyar piac helyzet\u00e9t?<\/h3>\n<p>Egyre t\u00f6bben k\u00e9rnek seg\u00edts\u00e9get, ami j\u00f3 h\u00edr: cs\u00f6kken a sz\u00e9gyen \u00e9s a hallgat\u00e1s nyom\u00e1sa. Ugyanakkor m\u00e9g mindig sok a \u201etartsd magad\u201d \u00e9s \u201eaz id\u0151 majd megoldja\u201d narrat\u00edva. A j\u00f3 gyakorlat szerintem egy\u00fcttm\u0171k\u00f6d\u00e9sre \u00e9p\u00fcl: h\u00e1ziorvosok, pszichol\u00f3gusok, lelkigondoz\u00f3k \u00e9s gy\u00e1szfeldolgoz\u00e1s-specialist\u00e1k k\u00f6z\u00f6sen tudnak hat\u00e9konyan seg\u00edteni.<\/p>\n<h2>Dajka G\u00e1bor business coach szerint<\/h2>\n<p>A gy\u00e1szban nem az a legnehezebb, hogy f\u00e1j, hanem hogy k\u00f6zben is d\u00f6nteni kell, \u00e9lni kell, felelni kell azokra a k\u00e9rd\u00e9sekre, amelyek nem v\u00e1rnak. A j\u00f3 t\u00e1mogat\u00e1s abban seg\u00edt, hogy a f\u00e1jdalom ne nyelje el az \u00e9leted t\u00f6bbi r\u00e9sz\u00e9t. A gy\u00e1sz nem tesz \u201ek\u00e9sz\u201d emberr\u00e9, de megmutathatja, mire \u00e9p\u00edthetsz. Ha Egerben seg\u00edts\u00e9get k\u00e9rsz, azt nem gyenges\u00e9gb\u0151l teszed, hanem felel\u0151ss\u00e9gb\u0151l: \u00f6nmagad\u00e9rt, a kapcsolataid\u00e9rt, az\u00e9rt, hogy a vesztes\u00e9g eml\u00e9k\u00e9vel egy\u00fctt is tiszt\u00e1n l\u00e1ss \u00e9s el\u0151re tudj l\u00e9pni. A gy\u00f3gyul\u00e1s ebben az \u00e9rtelemben nem felejt\u00e9s, hanem \u00e9rett d\u00f6nt\u00e9s a folytat\u00e1sr\u00f3l. Amikor ezt kimondod, a gy\u00e1sz nem kevesebb lesz\u2014te leszel rendezettebb.<\/p>\n<h2>Forr\u00e1sok<\/h2>\n<p><a href=\"https:\/\/journals.sagepub.com\/doi\/10.2190\/OM.61.4.a\">Stroebe, M., &amp; Schut, H. (2010). The Dual Process Model of Coping with Bereavement: A Decade On.<\/a><\/p>\n<p><a href=\"https:\/\/pubmed.ncbi.nlm.nih.gov\/24846039\/\">Shear, M. K., Frank, E., et al. (2014). Treatment of Complicated Grief in Elderly Persons: A Randomized Clinical Trial.<\/a><\/p>\n<p>Gy\u00e1szfeldolgoz\u00e1s M\u00f3dszer\u00ae Magyarorsz\u00e1gon \u2013 t\u00e1j\u00e9koztat\u00f3 oldal<\/p>\n","protected":false},"excerpt":{"rendered":"<p>A gy\u00e1sz mindannyiunk \u00e9let\u00e9ben megker\u00fclhetetlen tapasztalat: nemcsak a hal\u00e1l miatti vesztes\u00e9g form\u00e1j\u00e1ban jelenhet meg, hanem v\u00e1l\u00e1s, k\u00f6lt\u00f6z\u00e9s, munkahelyv\u00e1lt\u00e1s, eg\u00e9szs\u00e9groml\u00e1s vagy r\u00e9gi szerepek elenged\u00e9se kapcs\u00e1n is. A mindennapi \u00e9let ilyenkor gyakran sz\u00e9tesik: az alv\u00e1s felborul, a figyelem sz\u00e9tsz\u00f3rtt\u00e1 v\u00e1lik, \u00e9s olyan ellentmond\u00e1sos \u00e9rz\u00e9sek ker\u00fclnek felsz\u00ednre, amelyekkel ritk\u00e1n tudunk egyed\u00fcl mit kezdeni. Ezt a helyzetet fogalmazza meg&#8230;<\/p>\n","protected":false},"author":1,"featured_media":65,"comment_status":"closed","ping_status":"open","sticky":false,"template":"","format":"standard","meta":{"footnotes":""},"categories":[4],"tags":[],"class_list":["post-64","post","type-post","status-publish","format-standard","has-post-thumbnail","hentry","category-gyaszfeldolgozas-egerben"],"yoast_head":"<!-- This site is optimized with the Yoast SEO plugin v27.5 - https:\/\/yoast.com\/product\/yoast-seo-wordpress\/ -->\n<title>Gy\u00f3gyul\u00e1s gy\u00e1szb\u00f3l: utak a feldolgoz\u00e1shoz Egerben<\/title>\n<meta name=\"robots\" content=\"index, follow, max-snippet:-1, max-image-preview:large, max-video-preview:-1\" \/>\n<link rel=\"canonical\" href=\"https:\/\/egercoach.hu\/blog\/gyogyulas-a-gyaszbol-utak-a-vesztesegek-feldolgozasahoz-egerben\/\" \/>\n<meta property=\"og:locale\" content=\"hu_HU\" \/>\n<meta property=\"og:type\" content=\"article\" \/>\n<meta property=\"og:title\" content=\"Gy\u00f3gyul\u00e1s gy\u00e1szb\u00f3l: utak a feldolgoz\u00e1shoz Egerben\" \/>\n<meta property=\"og:description\" content=\"A gy\u00e1sz mindannyiunk \u00e9let\u00e9ben megker\u00fclhetetlen tapasztalat: nemcsak a hal\u00e1l miatti vesztes\u00e9g form\u00e1j\u00e1ban jelenhet meg, hanem v\u00e1l\u00e1s, k\u00f6lt\u00f6z\u00e9s, munkahelyv\u00e1lt\u00e1s, eg\u00e9szs\u00e9groml\u00e1s vagy r\u00e9gi szerepek elenged\u00e9se kapcs\u00e1n is. A mindennapi \u00e9let ilyenkor gyakran sz\u00e9tesik: az alv\u00e1s felborul, a figyelem sz\u00e9tsz\u00f3rtt\u00e1 v\u00e1lik, \u00e9s olyan ellentmond\u00e1sos \u00e9rz\u00e9sek ker\u00fclnek felsz\u00ednre, amelyekkel ritk\u00e1n tudunk egyed\u00fcl mit kezdeni. Ezt a helyzetet fogalmazza meg...\" \/>\n<meta property=\"og:url\" content=\"https:\/\/egercoach.hu\/blog\/gyogyulas-a-gyaszbol-utak-a-vesztesegek-feldolgozasahoz-egerben\/\" \/>\n<meta property=\"og:site_name\" content=\"Az Egri Coach Blogja\" \/>\n<meta property=\"article:publisher\" content=\"https:\/\/www.facebook.com\/eger.coach\" \/>\n<meta property=\"article:published_time\" content=\"2024-08-04T09:34:03+00:00\" \/>\n<meta property=\"article:modified_time\" content=\"2025-10-12T05:40:37+00:00\" \/>\n<meta property=\"og:image\" content=\"https:\/\/egercoach.hu\/blog\/wp-content\/uploads\/2024\/08\/woman-in-grief.jpg\" \/>\n\t<meta property=\"og:image:width\" content=\"1500\" \/>\n\t<meta property=\"og:image:height\" content=\"1000\" \/>\n\t<meta property=\"og:image:type\" content=\"image\/jpeg\" \/>\n<meta name=\"author\" content=\"Dajka G\u00e1bor\" \/>\n<meta name=\"twitter:card\" content=\"summary_large_image\" \/>\n<meta name=\"twitter:label1\" content=\"Szerz\u0151:\" \/>\n\t<meta name=\"twitter:data1\" content=\"Dajka G\u00e1bor\" \/>\n\t<meta name=\"twitter:label2\" content=\"Becs\u00fclt olvas\u00e1si id\u0151\" \/>\n\t<meta name=\"twitter:data2\" content=\"10 perc\" \/>\n<script type=\"application\/ld+json\" class=\"yoast-schema-graph\">{\"@context\":\"https:\\\/\\\/schema.org\",\"@graph\":[{\"@type\":\"Article\",\"@id\":\"https:\\\/\\\/egercoach.hu\\\/blog\\\/gyogyulas-a-gyaszbol-utak-a-vesztesegek-feldolgozasahoz-egerben\\\/#article\",\"isPartOf\":{\"@id\":\"https:\\\/\\\/egercoach.hu\\\/blog\\\/gyogyulas-a-gyaszbol-utak-a-vesztesegek-feldolgozasahoz-egerben\\\/\"},\"author\":{\"name\":\"Dajka G\u00e1bor\",\"@id\":\"https:\\\/\\\/egercoach.hu\\\/blog\\\/#\\\/schema\\\/person\\\/afc73367aa314ca33a9c8d3b88dce6e7\"},\"headline\":\"Gy\u00f3gyul\u00e1s gy\u00e1szb\u00f3l: utak a feldolgoz\u00e1shoz Egerben\",\"datePublished\":\"2024-08-04T09:34:03+00:00\",\"dateModified\":\"2025-10-12T05:40:37+00:00\",\"mainEntityOfPage\":{\"@id\":\"https:\\\/\\\/egercoach.hu\\\/blog\\\/gyogyulas-a-gyaszbol-utak-a-vesztesegek-feldolgozasahoz-egerben\\\/\"},\"wordCount\":2823,\"publisher\":{\"@id\":\"https:\\\/\\\/egercoach.hu\\\/blog\\\/#organization\"},\"image\":{\"@id\":\"https:\\\/\\\/egercoach.hu\\\/blog\\\/gyogyulas-a-gyaszbol-utak-a-vesztesegek-feldolgozasahoz-egerben\\\/#primaryimage\"},\"thumbnailUrl\":\"https:\\\/\\\/egercoach.hu\\\/blog\\\/wp-content\\\/uploads\\\/2024\\\/08\\\/woman-in-grief.jpg\",\"articleSection\":[\"Gy\u00e1szfeldolgoz\u00e1s Egerben\"],\"inLanguage\":\"hu\"},{\"@type\":\"WebPage\",\"@id\":\"https:\\\/\\\/egercoach.hu\\\/blog\\\/gyogyulas-a-gyaszbol-utak-a-vesztesegek-feldolgozasahoz-egerben\\\/\",\"url\":\"https:\\\/\\\/egercoach.hu\\\/blog\\\/gyogyulas-a-gyaszbol-utak-a-vesztesegek-feldolgozasahoz-egerben\\\/\",\"name\":\"Gy\u00f3gyul\u00e1s gy\u00e1szb\u00f3l: utak a feldolgoz\u00e1shoz Egerben\",\"isPartOf\":{\"@id\":\"https:\\\/\\\/egercoach.hu\\\/blog\\\/#website\"},\"primaryImageOfPage\":{\"@id\":\"https:\\\/\\\/egercoach.hu\\\/blog\\\/gyogyulas-a-gyaszbol-utak-a-vesztesegek-feldolgozasahoz-egerben\\\/#primaryimage\"},\"image\":{\"@id\":\"https:\\\/\\\/egercoach.hu\\\/blog\\\/gyogyulas-a-gyaszbol-utak-a-vesztesegek-feldolgozasahoz-egerben\\\/#primaryimage\"},\"thumbnailUrl\":\"https:\\\/\\\/egercoach.hu\\\/blog\\\/wp-content\\\/uploads\\\/2024\\\/08\\\/woman-in-grief.jpg\",\"datePublished\":\"2024-08-04T09:34:03+00:00\",\"dateModified\":\"2025-10-12T05:40:37+00:00\",\"breadcrumb\":{\"@id\":\"https:\\\/\\\/egercoach.hu\\\/blog\\\/gyogyulas-a-gyaszbol-utak-a-vesztesegek-feldolgozasahoz-egerben\\\/#breadcrumb\"},\"inLanguage\":\"hu\",\"potentialAction\":[{\"@type\":\"ReadAction\",\"target\":[\"https:\\\/\\\/egercoach.hu\\\/blog\\\/gyogyulas-a-gyaszbol-utak-a-vesztesegek-feldolgozasahoz-egerben\\\/\"]}]},{\"@type\":\"ImageObject\",\"inLanguage\":\"hu\",\"@id\":\"https:\\\/\\\/egercoach.hu\\\/blog\\\/gyogyulas-a-gyaszbol-utak-a-vesztesegek-feldolgozasahoz-egerben\\\/#primaryimage\",\"url\":\"https:\\\/\\\/egercoach.hu\\\/blog\\\/wp-content\\\/uploads\\\/2024\\\/08\\\/woman-in-grief.jpg\",\"contentUrl\":\"https:\\\/\\\/egercoach.hu\\\/blog\\\/wp-content\\\/uploads\\\/2024\\\/08\\\/woman-in-grief.jpg\",\"width\":1500,\"height\":1000,\"caption\":\"Woman in grief\"},{\"@type\":\"BreadcrumbList\",\"@id\":\"https:\\\/\\\/egercoach.hu\\\/blog\\\/gyogyulas-a-gyaszbol-utak-a-vesztesegek-feldolgozasahoz-egerben\\\/#breadcrumb\",\"itemListElement\":[{\"@type\":\"ListItem\",\"position\":1,\"name\":\"Kezd\u0151lap\",\"item\":\"https:\\\/\\\/egercoach.hu\\\/blog\\\/\"},{\"@type\":\"ListItem\",\"position\":2,\"name\":\"Gy\u00f3gyul\u00e1s gy\u00e1szb\u00f3l: utak a feldolgoz\u00e1shoz Egerben\"}]},{\"@type\":\"WebSite\",\"@id\":\"https:\\\/\\\/egercoach.hu\\\/blog\\\/#website\",\"url\":\"https:\\\/\\\/egercoach.hu\\\/blog\\\/\",\"name\":\"Eger Coach Blog\",\"description\":\"\",\"publisher\":{\"@id\":\"https:\\\/\\\/egercoach.hu\\\/blog\\\/#organization\"},\"potentialAction\":[{\"@type\":\"SearchAction\",\"target\":{\"@type\":\"EntryPoint\",\"urlTemplate\":\"https:\\\/\\\/egercoach.hu\\\/blog\\\/?s={search_term_string}\"},\"query-input\":{\"@type\":\"PropertyValueSpecification\",\"valueRequired\":true,\"valueName\":\"search_term_string\"}}],\"inLanguage\":\"hu\"},{\"@type\":\"Organization\",\"@id\":\"https:\\\/\\\/egercoach.hu\\\/blog\\\/#organization\",\"name\":\"Eger Coach Blog\",\"url\":\"https:\\\/\\\/egercoach.hu\\\/blog\\\/\",\"logo\":{\"@type\":\"ImageObject\",\"inLanguage\":\"hu\",\"@id\":\"https:\\\/\\\/egercoach.hu\\\/blog\\\/#\\\/schema\\\/logo\\\/image\\\/\",\"url\":\"https:\\\/\\\/egercoach.hu\\\/blog\\\/wp-content\\\/uploads\\\/2025\\\/05\\\/cropped-Eger.png\",\"contentUrl\":\"https:\\\/\\\/egercoach.hu\\\/blog\\\/wp-content\\\/uploads\\\/2025\\\/05\\\/cropped-Eger.png\",\"width\":500,\"height\":169,\"caption\":\"Eger Coach Blog\"},\"image\":{\"@id\":\"https:\\\/\\\/egercoach.hu\\\/blog\\\/#\\\/schema\\\/logo\\\/image\\\/\"},\"sameAs\":[\"https:\\\/\\\/www.facebook.com\\\/eger.coach\"]},{\"@type\":\"Person\",\"@id\":\"https:\\\/\\\/egercoach.hu\\\/blog\\\/#\\\/schema\\\/person\\\/afc73367aa314ca33a9c8d3b88dce6e7\",\"name\":\"Dajka G\u00e1bor\",\"image\":{\"@type\":\"ImageObject\",\"inLanguage\":\"hu\",\"@id\":\"https:\\\/\\\/secure.gravatar.com\\\/avatar\\\/81566ea1e2b3466baa03e9bdcdaa835f58564d8be90057a45f3e61711dc8a063?s=96&d=mm&r=g\",\"url\":\"https:\\\/\\\/secure.gravatar.com\\\/avatar\\\/81566ea1e2b3466baa03e9bdcdaa835f58564d8be90057a45f3e61711dc8a063?s=96&d=mm&r=g\",\"contentUrl\":\"https:\\\/\\\/secure.gravatar.com\\\/avatar\\\/81566ea1e2b3466baa03e9bdcdaa835f58564d8be90057a45f3e61711dc8a063?s=96&d=mm&r=g\",\"caption\":\"Dajka G\u00e1bor\"},\"sameAs\":[\"https:\\\/\\\/egercoach.hu\\\/blog\"],\"url\":\"https:\\\/\\\/egercoach.hu\\\/blog\\\/author\\\/adminka\\\/\"}]}<\/script>\n<!-- \/ Yoast SEO plugin. -->","yoast_head_json":{"title":"Gy\u00f3gyul\u00e1s gy\u00e1szb\u00f3l: utak a feldolgoz\u00e1shoz Egerben","robots":{"index":"index","follow":"follow","max-snippet":"max-snippet:-1","max-image-preview":"max-image-preview:large","max-video-preview":"max-video-preview:-1"},"canonical":"https:\/\/egercoach.hu\/blog\/gyogyulas-a-gyaszbol-utak-a-vesztesegek-feldolgozasahoz-egerben\/","og_locale":"hu_HU","og_type":"article","og_title":"Gy\u00f3gyul\u00e1s gy\u00e1szb\u00f3l: utak a feldolgoz\u00e1shoz Egerben","og_description":"A gy\u00e1sz mindannyiunk \u00e9let\u00e9ben megker\u00fclhetetlen tapasztalat: nemcsak a hal\u00e1l miatti vesztes\u00e9g form\u00e1j\u00e1ban jelenhet meg, hanem v\u00e1l\u00e1s, k\u00f6lt\u00f6z\u00e9s, munkahelyv\u00e1lt\u00e1s, eg\u00e9szs\u00e9groml\u00e1s vagy r\u00e9gi szerepek elenged\u00e9se kapcs\u00e1n is. A mindennapi \u00e9let ilyenkor gyakran sz\u00e9tesik: az alv\u00e1s felborul, a figyelem sz\u00e9tsz\u00f3rtt\u00e1 v\u00e1lik, \u00e9s olyan ellentmond\u00e1sos \u00e9rz\u00e9sek ker\u00fclnek felsz\u00ednre, amelyekkel ritk\u00e1n tudunk egyed\u00fcl mit kezdeni. Ezt a helyzetet fogalmazza meg...","og_url":"https:\/\/egercoach.hu\/blog\/gyogyulas-a-gyaszbol-utak-a-vesztesegek-feldolgozasahoz-egerben\/","og_site_name":"Az Egri Coach Blogja","article_publisher":"https:\/\/www.facebook.com\/eger.coach","article_published_time":"2024-08-04T09:34:03+00:00","article_modified_time":"2025-10-12T05:40:37+00:00","og_image":[{"width":1500,"height":1000,"url":"https:\/\/egercoach.hu\/blog\/wp-content\/uploads\/2024\/08\/woman-in-grief.jpg","type":"image\/jpeg"}],"author":"Dajka G\u00e1bor","twitter_card":"summary_large_image","twitter_misc":{"Szerz\u0151:":"Dajka G\u00e1bor","Becs\u00fclt olvas\u00e1si id\u0151":"10 perc"},"schema":{"@context":"https:\/\/schema.org","@graph":[{"@type":"Article","@id":"https:\/\/egercoach.hu\/blog\/gyogyulas-a-gyaszbol-utak-a-vesztesegek-feldolgozasahoz-egerben\/#article","isPartOf":{"@id":"https:\/\/egercoach.hu\/blog\/gyogyulas-a-gyaszbol-utak-a-vesztesegek-feldolgozasahoz-egerben\/"},"author":{"name":"Dajka G\u00e1bor","@id":"https:\/\/egercoach.hu\/blog\/#\/schema\/person\/afc73367aa314ca33a9c8d3b88dce6e7"},"headline":"Gy\u00f3gyul\u00e1s gy\u00e1szb\u00f3l: utak a feldolgoz\u00e1shoz Egerben","datePublished":"2024-08-04T09:34:03+00:00","dateModified":"2025-10-12T05:40:37+00:00","mainEntityOfPage":{"@id":"https:\/\/egercoach.hu\/blog\/gyogyulas-a-gyaszbol-utak-a-vesztesegek-feldolgozasahoz-egerben\/"},"wordCount":2823,"publisher":{"@id":"https:\/\/egercoach.hu\/blog\/#organization"},"image":{"@id":"https:\/\/egercoach.hu\/blog\/gyogyulas-a-gyaszbol-utak-a-vesztesegek-feldolgozasahoz-egerben\/#primaryimage"},"thumbnailUrl":"https:\/\/egercoach.hu\/blog\/wp-content\/uploads\/2024\/08\/woman-in-grief.jpg","articleSection":["Gy\u00e1szfeldolgoz\u00e1s Egerben"],"inLanguage":"hu"},{"@type":"WebPage","@id":"https:\/\/egercoach.hu\/blog\/gyogyulas-a-gyaszbol-utak-a-vesztesegek-feldolgozasahoz-egerben\/","url":"https:\/\/egercoach.hu\/blog\/gyogyulas-a-gyaszbol-utak-a-vesztesegek-feldolgozasahoz-egerben\/","name":"Gy\u00f3gyul\u00e1s gy\u00e1szb\u00f3l: utak a feldolgoz\u00e1shoz Egerben","isPartOf":{"@id":"https:\/\/egercoach.hu\/blog\/#website"},"primaryImageOfPage":{"@id":"https:\/\/egercoach.hu\/blog\/gyogyulas-a-gyaszbol-utak-a-vesztesegek-feldolgozasahoz-egerben\/#primaryimage"},"image":{"@id":"https:\/\/egercoach.hu\/blog\/gyogyulas-a-gyaszbol-utak-a-vesztesegek-feldolgozasahoz-egerben\/#primaryimage"},"thumbnailUrl":"https:\/\/egercoach.hu\/blog\/wp-content\/uploads\/2024\/08\/woman-in-grief.jpg","datePublished":"2024-08-04T09:34:03+00:00","dateModified":"2025-10-12T05:40:37+00:00","breadcrumb":{"@id":"https:\/\/egercoach.hu\/blog\/gyogyulas-a-gyaszbol-utak-a-vesztesegek-feldolgozasahoz-egerben\/#breadcrumb"},"inLanguage":"hu","potentialAction":[{"@type":"ReadAction","target":["https:\/\/egercoach.hu\/blog\/gyogyulas-a-gyaszbol-utak-a-vesztesegek-feldolgozasahoz-egerben\/"]}]},{"@type":"ImageObject","inLanguage":"hu","@id":"https:\/\/egercoach.hu\/blog\/gyogyulas-a-gyaszbol-utak-a-vesztesegek-feldolgozasahoz-egerben\/#primaryimage","url":"https:\/\/egercoach.hu\/blog\/wp-content\/uploads\/2024\/08\/woman-in-grief.jpg","contentUrl":"https:\/\/egercoach.hu\/blog\/wp-content\/uploads\/2024\/08\/woman-in-grief.jpg","width":1500,"height":1000,"caption":"Woman in grief"},{"@type":"BreadcrumbList","@id":"https:\/\/egercoach.hu\/blog\/gyogyulas-a-gyaszbol-utak-a-vesztesegek-feldolgozasahoz-egerben\/#breadcrumb","itemListElement":[{"@type":"ListItem","position":1,"name":"Kezd\u0151lap","item":"https:\/\/egercoach.hu\/blog\/"},{"@type":"ListItem","position":2,"name":"Gy\u00f3gyul\u00e1s gy\u00e1szb\u00f3l: utak a feldolgoz\u00e1shoz Egerben"}]},{"@type":"WebSite","@id":"https:\/\/egercoach.hu\/blog\/#website","url":"https:\/\/egercoach.hu\/blog\/","name":"Eger Coach Blog","description":"","publisher":{"@id":"https:\/\/egercoach.hu\/blog\/#organization"},"potentialAction":[{"@type":"SearchAction","target":{"@type":"EntryPoint","urlTemplate":"https:\/\/egercoach.hu\/blog\/?s={search_term_string}"},"query-input":{"@type":"PropertyValueSpecification","valueRequired":true,"valueName":"search_term_string"}}],"inLanguage":"hu"},{"@type":"Organization","@id":"https:\/\/egercoach.hu\/blog\/#organization","name":"Eger Coach Blog","url":"https:\/\/egercoach.hu\/blog\/","logo":{"@type":"ImageObject","inLanguage":"hu","@id":"https:\/\/egercoach.hu\/blog\/#\/schema\/logo\/image\/","url":"https:\/\/egercoach.hu\/blog\/wp-content\/uploads\/2025\/05\/cropped-Eger.png","contentUrl":"https:\/\/egercoach.hu\/blog\/wp-content\/uploads\/2025\/05\/cropped-Eger.png","width":500,"height":169,"caption":"Eger Coach Blog"},"image":{"@id":"https:\/\/egercoach.hu\/blog\/#\/schema\/logo\/image\/"},"sameAs":["https:\/\/www.facebook.com\/eger.coach"]},{"@type":"Person","@id":"https:\/\/egercoach.hu\/blog\/#\/schema\/person\/afc73367aa314ca33a9c8d3b88dce6e7","name":"Dajka G\u00e1bor","image":{"@type":"ImageObject","inLanguage":"hu","@id":"https:\/\/secure.gravatar.com\/avatar\/81566ea1e2b3466baa03e9bdcdaa835f58564d8be90057a45f3e61711dc8a063?s=96&d=mm&r=g","url":"https:\/\/secure.gravatar.com\/avatar\/81566ea1e2b3466baa03e9bdcdaa835f58564d8be90057a45f3e61711dc8a063?s=96&d=mm&r=g","contentUrl":"https:\/\/secure.gravatar.com\/avatar\/81566ea1e2b3466baa03e9bdcdaa835f58564d8be90057a45f3e61711dc8a063?s=96&d=mm&r=g","caption":"Dajka G\u00e1bor"},"sameAs":["https:\/\/egercoach.hu\/blog"],"url":"https:\/\/egercoach.hu\/blog\/author\/adminka\/"}]}},"_links":{"self":[{"href":"https:\/\/egercoach.hu\/blog\/wp-json\/wp\/v2\/posts\/64","targetHints":{"allow":["GET"]}}],"collection":[{"href":"https:\/\/egercoach.hu\/blog\/wp-json\/wp\/v2\/posts"}],"about":[{"href":"https:\/\/egercoach.hu\/blog\/wp-json\/wp\/v2\/types\/post"}],"author":[{"embeddable":true,"href":"https:\/\/egercoach.hu\/blog\/wp-json\/wp\/v2\/users\/1"}],"replies":[{"embeddable":true,"href":"https:\/\/egercoach.hu\/blog\/wp-json\/wp\/v2\/comments?post=64"}],"version-history":[{"count":0,"href":"https:\/\/egercoach.hu\/blog\/wp-json\/wp\/v2\/posts\/64\/revisions"}],"wp:featuredmedia":[{"embeddable":true,"href":"https:\/\/egercoach.hu\/blog\/wp-json\/wp\/v2\/media\/65"}],"wp:attachment":[{"href":"https:\/\/egercoach.hu\/blog\/wp-json\/wp\/v2\/media?parent=64"}],"wp:term":[{"taxonomy":"category","embeddable":true,"href":"https:\/\/egercoach.hu\/blog\/wp-json\/wp\/v2\/categories?post=64"},{"taxonomy":"post_tag","embeddable":true,"href":"https:\/\/egercoach.hu\/blog\/wp-json\/wp\/v2\/tags?post=64"}],"curies":[{"name":"wp","href":"https:\/\/api.w.org\/{rel}","templated":true}]}}